{"id":15226751,"date":"2018-10-03T15:14:41","date_gmt":"2018-10-03T13:14:41","guid":{"rendered":"https:\/\/myallmeeting.com\/article\/top-8-des-plus-belles-vues-de-nos-adresses-accor-a-moins-de-4-heures-de-vol-de-paris\/"},"modified":"2024-11-25T17:15:13","modified_gmt":"2024-11-25T16:15:13","slug":"top-8-des-plus-belles-vues-de-nos-adresses-accor-a-moins-de-4-heures-de-vol-de-paris","status":"publish","type":"article","link":"https:\/\/www.myallmeeting.com\/fr\/article\/top-8-des-plus-belles-vues-de-nos-adresses-accor-a-moins-de-4-heures-de-vol-de-paris\/","title":{"rendered":"Top 8 des plus belles vues de nos adresses Accor \u00e0 moins de 4 heures de vol de Paris"},"content":{"rendered":"<!-- START OF : Composant : block-periscope-theme-section-composant-25-texte-cta-2-images.php -->\n<div class=\"tcta2ia bg-white fs-wysiwyg mb-lg-12\" data-component=\"25-texte-cta-2-images\">\n\t<div class=\"tcta2ia__top\">\n\t\t<div class=\"container-fluid\" style=\"--bs-gutter-x: 0\">\n\t\t\t<div class=\"row\" style=\"--bs-gutter-x: 0\">\n\t\t\t\t<div class=\"col-lg-8\">\n\t\t\t\t\t\t\t\t\t\t<div class=\"bloc-mise-en-avant__top__left\">\n\t\t\t\t\t\t<img decoding=\"async\" src=\"https:\/\/www.myallmeeting.com\/wp-content\/uploads\/2018\/10\/aja_p_3865-05__original-1268x846.jpeg\" class=\"pe-2 pe-lg-0\" width=\"1268\" height=\"846\" alt=\"\" loading=\"lazy\" \/>\n\t\t\t\t\t<\/div>\n\t\t\t\t\t\t\t\t\t\t<div class=\"tcta2ia__bottom d-none d-lg-block pb-12 pt-lg-9 pb-lg-0 pe-lg-10\">\n\t\t\t\t\t\t\t\t\t\t\t\t<h2 class=\"fs-20 fs-lg-32 fw-semibold\">Tarcin Forest Resort &amp; Spa Sarajevo \u2013 MGallery by Sofitel<\/h2>\n\t\t\t\t\t\t\t\t\t\t\t\t\t\t\t\t\t\t<div class=\"fs-wysiwyg\"><p><span style=\"font-weight: 400;\">\u00c0 mi-chemin entre la capitale bosniaque et ses montagnes r\u00e9put\u00e9es parmi les meilleures au monde pour la pratique du ski depuis les JO d\u2019hiver de 1984 \u00e0 Sarajevo, <a href=\"https:\/\/myallmeeting.com\/fr\/hotel\/b0l6-tarcin-forest-resort-and-spa-sarajevo-mgallery\/\" target=\"_blank\" rel=\"noopener\">ce\u00a0<\/a><\/span><i><span style=\"font-weight: 400;\">resort<\/span><\/i><span style=\"font-weight: 400;\">\u00a0offre une\u00a0<\/span><b>vue splendide sur la montagne, la for\u00eat et toute la r\u00e9gion<\/b><span style=\"font-weight: 400;\">.<\/span><span style=\"font-weight: 400;\"><br \/>\n<\/span><span style=\"font-weight: 400;\">Un cadre relaxant dans un d\u00e9cor exceptionnel pour un \u00e9v\u00e9nement professionnel pouvant aller\u00a0<\/span><b>jusqu\u2019\u00e0 pr\u00e8s de 600 personnes<\/b><span style=\"font-weight: 400;\">\u00a0\u00e0 3 h de Paris.<\/span><\/p>\n<\/div>\n\t\t\t\t\t\t\t\t\t\t\t\t<div class=\"d-flex flex-column flex-lg-row align-items-center gap-5 gap-lg-8 justify-content-between\">\n\t\t\t\t\t\t\t<div class=\"fs-20 fs-lg-26 fw-semibold lh-xs\"><\/div>\n\t\t\t\t\t\t\t\t\t\t\t\t\t<\/div>\n\t\t\t\t\t<\/div>\n\t\t\t\t<\/div>\n\t\t\t\t<div class=\"col-lg-4\">\n\t\t\t\t\t<div class=\"tcta2ia__top__right t-0 r-0 bg-primary text-white pt-4 pb-4 px-2 pt-lg-8 pb-lg-16 px-lg-11 pb-xl-30\">\n\t\t\t\t\t\t\t\t\t\t\t\t\t\t\t\t\t\t<h2 class=\"unna fs-36 fs-lg-51 fs-xl-75 fs-italic fw-normal text-secondary\">Top 8 des plus belles vues de nos adresses Accor \u00e0 moins de 4 heures de vol de Paris<\/h2>\n\t\t\t\t\t\t\t\t\t\t\t\t\t\t\t\t\t\t<h3 class=\"text-white fs-18 fs-lg-20 fs-xl-28 text-original-case\">Sofitel Tamuda Bay Beach &amp; Spa Hotel<\/h3>\n\t\t\t\t\t\t\t\t\t\t\t\t\t\t\t\t\t\t<div class=\"fs-wysiwyg mb-4 fs-lg-16 fs-xl-20\"><p><span style=\"font-weight: 400;\">Que diriez-vous de prolonger l\u2019\u00e9t\u00e9 indien et d\u2019organiser votre prochain s\u00e9minaire dans un\u00a0<\/span><a href=\"https:\/\/myallmeeting.com\/fr\/hotel\/8216-sofitel-tamuda-bay-beach-and-spa\/\" target=\"_blank\" rel=\"noopener\"><b><i>beach resort<\/i><\/b><b>\u00a05 \u00e9toiles<\/b><\/a><span style=\"font-weight: 400;\">\u00a0avec\u00a0<\/span><b>vue sur la M\u00e9diterran\u00e9e<\/b><span style=\"font-weight: 400;\">\u00a0?<\/span><\/p>\n<p><span style=\"font-weight: 400;\">C\u2019est ce que propose cet h\u00f4tel haut de gamme sur la c\u00f4te de T\u00e9touan \u2013 \u00e0 quelques kilom\u00e8tres de l\u2019a\u00e9roport de Tanger \u2013 \u00e0 seulement 3h de vol de Paris.<\/span><\/p>\n<p><b>D\u00e9paysement<\/b><span style=\"font-weight: 400;\">\u00a0et\u00a0<\/span><b>grand luxe garanti<\/b><span style=\"font-weight: 400;\">\u00a0pour une r\u00e9union sous le soleil marocain\u00a0!<\/span><\/p>\n<\/div>\n\t\t\t\t\t\t\t\t\t\t\t\t\t\t\t\t\t\t\t\t\t\t\t\t<p class=\"m-0\"><img decoding=\"async\" src=\"https:\/\/www.myallmeeting.com\/wp-content\/uploads\/2018\/10\/aja_p_4455-68__original-633x398.jpeg\" class=\"position-relative l-0\" width=\"633\" height=\"398\" alt=\"\" loading=\"lazy\" \/><\/p>\n\t\t\t\t\t\t\t\t\t\t\t<\/div>\n\t\t\t\t<\/div>\n\t\t\t<\/div>\n\t\t<\/div>\n\t<\/div>\n\t<div class=\"tcta2ia__bottom d-lg-none pb-12 py-lg-9 pe-lg-10\">\n\t\t\t\t<div class=\"h2 fs-20 fs-lg-32 fw-semibold\">Tarcin Forest Resort &amp; Spa Sarajevo \u2013 MGallery by Sofitel<\/div>\n\t\t\t\t\t\t<div class=\"fs-wysiwyg\"><p><span style=\"font-weight: 400;\">\u00c0 mi-chemin entre la capitale bosniaque et ses montagnes r\u00e9put\u00e9es parmi les meilleures au monde pour la pratique du ski depuis les JO d\u2019hiver de 1984 \u00e0 Sarajevo, <a href=\"https:\/\/myallmeeting.com\/fr\/hotel\/b0l6-tarcin-forest-resort-and-spa-sarajevo-mgallery\/\" target=\"_blank\" rel=\"noopener\">ce\u00a0<\/a><\/span><i><span style=\"font-weight: 400;\">resort<\/span><\/i><span style=\"font-weight: 400;\">\u00a0offre une\u00a0<\/span><b>vue splendide sur la montagne, la for\u00eat et toute la r\u00e9gion<\/b><span style=\"font-weight: 400;\">.<\/span><span style=\"font-weight: 400;\"><br \/>\n<\/span><span style=\"font-weight: 400;\">Un cadre relaxant dans un d\u00e9cor exceptionnel pour un \u00e9v\u00e9nement professionnel pouvant aller\u00a0<\/span><b>jusqu\u2019\u00e0 pr\u00e8s de 600 personnes<\/b><span style=\"font-weight: 400;\">\u00a0\u00e0 3 h de Paris.<\/span><\/p>\n<\/div>\n\t\t\t\t<div class=\"d-flex flex-column flex-lg-row align-items-center gap-5 gap-lg-8 justify-content-between\">\n\t\t\t<div class=\"fs-20 fs-lg-26 fw-semibold lh-xs\"><\/div>\n\t\t\t\t\t<\/div>\n\t<\/div>\n<\/div>\n<!-- END OF : Composant : block-periscope-theme-section-composant-25-texte-cta-2-images.php -->\n\n\n<!-- START OF : Composant : block-periscope-theme-section-composant-26-textes-slider-cta.php -->\n<div class=\"t3icta bg-white pb-12 mb-9 fs-wysiwyg\" data-component=\"26-textes-3-images-cta\">\n\t<div class=\"t3icta__top position-relative\">\n\t\t<div class=\"container-fluid\" style=\"--bs-gutter-x: 0\">\n\t\t\t<div class=\"row\" style=\"--bs-gutter-x: 0\">\n\t\t\t\t\t\t\t\t<div class=\"col-lg-6\">\n\t\t\t\t\t<div class=\"t3icta__slider\">\n\t\t\t\t\t\t<div class=\"splide\">\n\t\t\t\t\t\t\t<div class=\"splide__track\">\n\t\t\t\t\t\t\t\t<div class=\"splide__list\">\n\t\t\t\t\t\t\t\t\t\t\t\t\t\t\t\t\t\t\t<div class=\"splide__slide\">\n\t\t\t\t\t\t\t\t\t\t\t<img decoding=\"async\" src=\"https:\/\/www.myallmeeting.com\/wp-content\/uploads\/2018\/10\/2909_ro_00_p_2048x1536-953x600.jpg\" width=\"953\" height=\"600\" alt=\"\" loading=\"lazy\" \/>\n\t\t\t\t\t\t\t\t\t\t<\/div>\n\t\t\t\t\t\t\t\t\t\t\t\t\t\t\t\t\t\n\t\t\t\t\t\t\t\t<\/div>\n\t\t\t\t\t\t\t<\/div>\n\t\t\t\t\t\t\t<div class=\"splide__arrows d-none d-lg-block\">\n\t\t\t\t\t\t\t\t<button class=\"splide__arrow splide__arrow--prev px-lg-3 py-lg-4 px-xl-4 py-xl-5 px-xxl-5 py-xxl-7 position-absolute l-0 bg-white border-0\">\n\t\t\t\t\t\t\t\t\t<svg width=\"14\" height=\"27\" aria-hidden=\"true\">\n\t\t\t\t\t\t\t\t\t\t<use xlink:href=\"https:\/\/www.myallmeeting.com\/wp-content\/themes\/accor\/assets\/images\/sprite.svg#slider-prev\"><\/use>\n\t\t\t\t\t\t\t\t\t<\/svg>\n\t\t\t\t\t\t\t\t<\/button>\n\t\t\t\t\t\t\t\t<button class=\"splide__arrow splide__arrow--next px-lg-3 py-lg-4 px-xl-4 py-xl-5 px-xxl-5 py-xxl-7 position-absolute r-0 bg-white border-0\">\n\t\t\t\t\t\t\t\t\t<svg width=\"14\" height=\"27\" aria-hidden=\"true\">\n\t\t\t\t\t\t\t\t\t\t<use xlink:href=\"https:\/\/www.myallmeeting.com\/wp-content\/themes\/accor\/assets\/images\/sprite.svg#slider-prev\"><\/use>\n\t\t\t\t\t\t\t\t\t<\/svg>\n\t\t\t\t\t\t\t\t<\/button>\n\t\t\t\t\t\t\t<\/div>\n\t\t\t\t\t\t<\/div>\n\t\t\t\t\t<\/div>\n\t\t\t\t<\/div>\n\t\t\t\t\t\t\t\t<div class=\"col-lg-6\">\n\t\t\t\t\t<div class=\"t3icta__top_right mb-lg-14 px-2 py-9 px-lg-11 py-lg-0\">\n\t\t\t\t\t\t\t\n\t\t\t\t\t\t<h2 class=\"fs-20 fs-lg-23 fs-xl-27 fs-xxl-30 fw-semibold\">Mercure Rome Centre Colis\u00e9e<\/h2>\n\t\t\t\t\t\t\t\t\t\t\t\t\t\n\t\t\t\t\t\t<div class=\"fs-wysiwyg\">\n\t\t\t\t\t\t\t<p><span style=\"font-weight: 400;\">Situ\u00e9 en plein c\u0153ur de la Ville \u00c9ternelle, ce\u00a0<\/span><a href=\"https:\/\/www.myallmeeting.com\/fr\/hotel\/2909-mercure-rome-centre-colisee\/\" target=\"_blank\" rel=\"noopener\"><b>Mercure 4 \u00e9toiles<\/b><\/a><span style=\"font-weight: 400;\">\u00a0offre une\u00a0<\/span><b>vue imprenable sur le Colis\u00e9e<\/b><span style=\"font-weight: 400;\">, le\u00a0<\/span><b>Forum romain<\/b><span style=\"font-weight: 400;\">\u00a0et la\u00a0<\/span><b>basilique Saint-Jean-de-Latran<\/b><span style=\"font-weight: 400;\">. Un site exceptionnel dans l\u2019une des plus belles villes du monde qui donnera un cadre historique et culturel unique \u00e0 votre prochaine r\u00e9union le temps d\u2019un\u00a0<\/span><b>week-end\u00a0<\/b><b><i>bleisure<\/i><\/b><span style=\"font-weight: 400;\">\u00a0\u00e0 Rome. Le tout \u00e0 moins de 2 h de vol de Paris.<\/span><\/p>\n\t\t\t\t\t\t<\/div>\n\t\t\t\t\t\t\t\t\t\t\t<\/div>\n\t\t\t\t<\/div>\n\t\t\t<\/div>\n\t\t<\/div>\n\t<\/div>\n\t<div class=\"t3icta__bottom bg-beige\">\n\t\t<div class=\"container-fluid\" style=\"--bs-gutter-x: 0\">\n\t\t\t<div class=\"row\" style=\"--bs-gutter-x: 0\">\n\t\t\t\t<div class=\"col-lg-5 offset-lg-1\">\n\t\t\t\t\t<div class=\"t3icta__bottom__left\">\n\t\t\t\t\t\t\t\t\t\t\t\t<img decoding=\"async\" src=\"https:\/\/www.myallmeeting.com\/wp-content\/uploads\/2018\/10\/aja_p_6944-27__original-633x398.jpeg\" class=\"w-100 d-lg-none\" width=\"633\" height=\"398\" alt=\"\" loading=\"lazy\" \/> <!-- Ce sont les 2 m\u00eames images : ID 0 -->\n\t\t\t\t\t\t\t\t\t\t\t\t<div class=\"px-2 py-9 px-lg-0 py-lg-0\">\n\t\t\t\t\t\t\t\t\n\t\t\t\t\t\t\t<h2 class=\"fs-20 fs-lg-23 fs-xl-27 fs-xxl-30 fw-semibold\">Sofitel Barcelona Skipper<\/h2>\n\t\t\t\t\t\t\t\t\t\t\t\t\t\t\t\n\t\t\t\t\t\t\t<div class=\"fs-wysiwyg mb-lg-15\">\n\t\t\t\t\t\t\t\t<p><span style=\"font-weight: 400;\">Comme le nom de la rue o\u00f9 il se trouve le laisse esp\u00e9rer &#8211; \u00ab\u00a0<\/span><i><span style=\"font-weight: 400;\">Avenida del litoral<\/span><\/i><span style=\"font-weight: 400;\">\u00a0\u00bb -, ce magnifique\u00a0<\/span><a href=\"https:\/\/myallmeeting.com\/fr\/hotel\/7341-pullman-barcelona-skipper\/\" target=\"_blank\" rel=\"noopener\"><b>Sofitel 5 \u00e9toiles<\/b><\/a><span style=\"font-weight: 400;\">\u00a0offre lui aussi une\u00a0<\/span><b>vue exceptionnelle sur la M\u00e9diterran\u00e9e<\/b><span style=\"font-weight: 400;\">. Dot\u00e9 de\u00a0<\/span><b>12 salles de r\u00e9union<\/b><span style=\"font-weight: 400;\">\u00a0d\u2019une\u00a0<\/span><b>capacit\u00e9 totale de 530 personnes<\/b><span style=\"font-weight: 400;\">, vous pourrez profiter du rythme de vie espagnol et de son soleil permanent le temps de votre prochain congr\u00e8s. Une parenth\u00e8se professionnelle dans un cadre d\u00e9contract\u00e9 et festif \u00e0 seulement 1 h 40 de Paris.<\/span><\/p>\n\t\t\t\t\t\t\t<\/div>\n\t\t\t\t\t\t\t\t\t\t\t\t\t<\/div>\n\t\t\t\t\t\t\t\t\t\t\t\t<div class=\"t3icta__bottom__img1 d-none d-lg-block text-end ms-lg-auto\">\n\t\t\t\t\t\t\t<img decoding=\"async\" src=\"https:\/\/www.myallmeeting.com\/wp-content\/uploads\/2018\/10\/aja_p_6944-27__original-633x398.jpeg\" width=\"633\" height=\"398\" alt=\"\" loading=\"lazy\" \/> <!-- Ce sont les 2 m\u00eames images : ID 1 -->\n\t\t\t\t\t\t<\/div>\n\t\t\t\t\t\t\t\t\t\t\t<\/div>\n\t\t\t\t<\/div>\n\t\t\t\t<div class=\"col-lg-5\">\n\t\t\t\t\t<div class=\"ps-lg-10\">\n\t\t\t\t\t\t\t\t\t\t\t\t<img decoding=\"async\" src=\"https:\/\/www.myallmeeting.com\/wp-content\/uploads\/2018\/10\/HCM_P_0000424__original-633x398.jpeg\" class=\"t3icta__bottom__img0 position-relative d-none d-lg-block mb-15\" width=\"633\" height=\"398\" alt=\"\" loading=\"lazy\" \/> <!-- Ce sont les 2 m\u00eames images : ID 0 -->\n\t\t\t\t\t\t\t\t\t\t\t\t<div class=\"px-2 px-lg-0 mb-9\">\n\t\t\t\t\t\t\t\t\n\t\t\t\t\t\t\t<h2 class=\"fs-20 fs-lg-23 fs-xl-27 fs-xxl-30 fw-semibold\">Novotel Praha Wenceslas Square<\/h2>\n\t\t\t\t\t\t\t\t\t\t\t\t\t\t\t\t\t\t\t\t\t<div class=\"fs-wysiwyg\">\n\t\t\t\t\t\t\t\t<p><span style=\"font-weight: 400;\">En\u00a0<\/span><b>plein c\u0153ur de Prague<\/b><span style=\"font-weight: 400;\">, \u00e0 5 minutes \u00e0 pied de la place Wenceslas et du Centre des conventions, cet\u00a0<\/span><a href=\"https:\/\/myallmeeting.com\/fr\/hotel\/3194-novotel-praha-wenceslas-square\/\" target=\"_blank\" rel=\"noopener\"><b>h\u00f4tel 4 \u00e9toiles<\/b><\/a><span style=\"font-weight: 400;\">\u00a0b\u00e9n\u00e9ficie d\u2019un\u00a0<\/span><b>toit terrasse<\/b><span style=\"font-weight: 400;\">\u00a0qui offre l\u2019<\/span><b>une des plus belles vues sur les toits du quartier historique de la ville<\/b><span style=\"font-weight: 400;\">, ses monuments baroques et ses \u00e9glises gothiques.<\/span><span style=\"font-weight: 400;\"><br \/>\n<\/span><span style=\"font-weight: 400;\">Pour d\u00e9couvrir \u00ab\u00a0la ville aux mille tours et mille clochers\u00a0\u00bb lors de votre prochaine r\u00e9union, 1 h 40 de vol suffira.<\/span><\/p>\n\t\t\t\t\t\t\t<\/div>\n\t\t\t\t\t\t\t\t\t\t\t\t\t<\/div>\n\t\t\t\t\t\t\t\t\t\t\t\t<div class=\"t3icta__bottom__img1 d-lg-none mx-auto\">\n\t\t\t\t\t\t\t<img decoding=\"async\" src=\"https:\/\/www.myallmeeting.com\/wp-content\/uploads\/2018\/10\/HCM_P_0000424__original-633x398.jpeg\" width=\"633\" height=\"398\" alt=\"\" loading=\"lazy\" \/> <!-- Ce sont les 2 m\u00eames images : ID 1 -->\n\t\t\t\t\t\t<\/div>\n\t\t\t\t\t\t\t\t\t\t\t<\/div>\n\t\t\t\t<\/div>\n\t\t\t<\/div>\n\t\t<\/div>\n\t<\/div>\n\t<\/div>\n<!-- END OF : Composant : block-periscope-theme-section-composant-26-textes-slider-cta.php -->\n\n\n<!-- START OF : Composant : block-periscope-theme-section-composant-33-texte-image.php -->\n<!-- INVERSE -->\n<div class=\"text-image fs-wysiwyg mb-8 mb-lg-12\" data-component=\"33-texte-image\" data-reverse=\"oui\">\n\t<div class=\"container-fluid\" style=\"--bs-gutter-x: 0\">\n\t\t<div class=\"row\" style=\"--bs-gutter-x: 0\">\n\t\t\t<div class=\"col-lg-6\">\n\t\t\t\t<div class=\"text-image__content\">\n\t\t\t\t\t\t\t\t\t\t<div class=\"fw-semibold lh-xs fs-20 fs-lg-32 ls--25 mb-5\">So\/Vienna<\/div>\n\t\t\t\t\t\t\t\t\t\t\t\t\t\t\t<div class=\"fs-wysiwyg\">\n\t\t\t\t\t\t<p><span style=\"font-weight: 400;\">V\u00e9ritable \u00ab\u00a0archisculpture\u00a0\u00bb con\u00e7ue par Jean Nouvel, <a href=\"https:\/\/myallmeeting.com\/fr\/hotel\/6599-so-vienna\/\" target=\"_blank\" rel=\"noopener\">ce chef-d\u2019\u0153uvre<\/a> du XXIe si\u00e8cle s\u2019inspire de la cath\u00e9drale Saint-Etienne toute proche.<\/span><\/p>\n<p><span style=\"font-weight: 400;\">Du haut de son restaurant \u00ab\u00a0<\/span><i><span style=\"font-weight: 400;\">Das Loft<\/span><\/i><span style=\"font-weight: 400;\">\u00a0\u00bb, tout en baies vitr\u00e9es du sol au plafond, votre d\u00e9jeuner d\u2019affaire affiche au menu une\u00a0<\/span><b>vue panoramique \u00e9poustouflante sur la capitale autrichienne<\/b><span style=\"font-weight: 400;\">.<\/span><\/p>\n<p><span style=\"font-weight: 400;\">Un spectacle by Sofitel \u00e0 port\u00e9e de main \u00e0 seulement 1 h 55 de vol de Paris.<\/span><\/p>\n\t\t\t\t\t<\/div>\n\t\t\t\t\t\t\t\t\t<\/div>\n\t\t\t<\/div>    \n\t\t\t    \n\t\t\t<div class=\"col-lg-6 order-first order-lg-last mb-7 mb-lg-0\">\n\t\t\t\t<img decoding=\"async\" src=\"https:\/\/www.myallmeeting.com\/wp-content\/uploads\/2018\/10\/6599_ho_00_p_2048x1536-953x600.jpg\" width=\"953\" height=\"600\" alt=\"\" loading=\"lazy\" class=\"w-100\" \/>\n\t\t\t<\/div>\n\t\t\t\t\t<\/div>\n\t<\/div>\n<\/div>\n<!-- END OF : Composant : block-periscope-theme-section-composant-33-texte-image.php -->\n\n\n<!-- START OF : Composant : block-periscope-theme-section-composant-33-texte-image.php -->\n<div class=\"text-image fs-wysiwyg mb-8 mb-lg-12\" data-component=\"33-texte-image\">\n\t<div class=\"container-fluid\" style=\"--bs-gutter-x: 0\">\n\t\t<div class=\"row\" style=\"--bs-gutter-x: 0\">\n\t\t\t\t\t\t<div class=\"col-lg-6 mb-7 mb-lg-0\">\n\t\t\t\t<img decoding=\"async\" src=\"https:\/\/www.myallmeeting.com\/wp-content\/uploads\/2018\/10\/a5a4_sm_01_p_2048x1536-953x600.jpg\" width=\"953\" height=\"600\" alt=\"\" loading=\"lazy\" class=\"w-100\" \/>\n\t\t\t<\/div>\n\t\t\t\t\t\t<div class=\"col-lg-6\">\n\t\t\t\t<div class=\"text-image__content\">\n\t\t\t\t\t\t\t\t\t\t<div class=\"fw-semibold lh-xs fs-20 fs-lg-32 ls--25 mb-5\">Fairmont Le Montreux Palace<\/div>\n\t\t\t\t\t\t\t\t\t\t\t\t\t\t\t<div class=\"fs-wysiwyg\">\n\t\t\t\t\t\t<p><span style=\"font-weight: 400;\">Situ\u00e9 sur le lac de Gen\u00e8ve avec une\u00a0<\/span><b>magnifique vue sur les Alpes<\/b><span style=\"font-weight: 400;\">, ce bijou\u00a0<\/span><b>5 \u00e9toiles<\/b><span style=\"font-weight: 400;\">\u00a0de la Belle-\u00c9poque est l\u2019un des h\u00f4tels de luxe les plus prestigieux de Suisse.<\/span><\/p>\n<p><span style=\"font-weight: 400;\">Un th\u00e9\u00e2tre d\u2019exception pour un \u00e9v\u00e9nement professionnel haut de gamme et pourquoi pas un bal de gala.<\/span><\/p>\n<p><span style=\"font-weight: 400;\">Une vie de palais \u00e0 seulement 2 h de Paris.<\/span><\/p>\n\t\t\t\t\t<\/div>\n\t\t\t\t\t\t\t\t\t<\/div>\n\t\t\t<\/div>        \n\t\t<\/div>\n\t<\/div>\n<\/div>\n<!-- END OF : Composant : block-periscope-theme-section-composant-33-texte-image.php -->\n","protected":false},"excerpt":{"rendered":"<p>D\u00e9couvrez la s\u00e9lection d\u2019h\u00f4tels aux vues plus belles les unes que les autres \u00e0 moins de 4 heures de vol de Paris, en Europe et au Maghreb.  <\/p>\n","protected":false},"featured_media":16674278,"menu_order":0,"template":"","periscope_categorie_tax":[1648],"class_list":["post-15226751","article","type-article","status-publish","has-post-thumbnail","hentry","periscope_categorie_tax-tous-nos-tops-selections"],"acf":[],"yoast_head":"<title>Top 8 des plus belles vues de nos adresses Accor \u00e0 moins de 4 heures de vol de Paris - Accor MyAllMeeting.com<\/title>\n<meta name=\"robots\" content=\"index, follow, max-snippet:-1, max-image-preview:large, max-video-preview:-1\" \/>\n<link rel=\"canonical\" href=\"https:\/\/www.myallmeeting.com\/fr\/wp-json\/wp\/v2\/article\/15226751\" \/>\n<meta property=\"og:locale\" content=\"fr_FR\" \/>\n<meta property=\"og:type\" content=\"article\" \/>\n<meta property=\"og:title\" content=\"Top 8 des plus belles vues de nos adresses Accor \u00e0 moins de 4 heures de vol de Paris - Accor MyAllMeeting.com\" \/>\n<meta property=\"og:description\" content=\"D\u00e9couvrez la s\u00e9lection d\u2019h\u00f4tels aux vues plus belles les unes que les autres \u00e0 moins de 4 heures de vol de Paris, en Europe et au Maghreb.\" \/>\n<meta property=\"og:url\" content=\"https:\/\/www.myallmeeting.com\/fr\/article\/top-8-des-plus-belles-vues-de-nos-adresses-accor-a-moins-de-4-heures-de-vol-de-paris\/\" \/>\n<meta property=\"og:site_name\" content=\"Accor MyAllMeeting.com\" \/>\n<meta property=\"article:modified_time\" content=\"2024-11-25T16:15:13+00:00\" \/>\n<meta property=\"og:image\" content=\"http:\/\/myallmeeting.com\/wp-content\/uploads\/2018\/11\/MAM-baner-1920x570-42.png\" \/>\n\t<meta property=\"og:image:width\" content=\"1920\" \/>\n\t<meta property=\"og:image:height\" content=\"570\" \/>\n\t<meta property=\"og:image:type\" content=\"image\/png\" \/>\n<meta name=\"twitter:card\" content=\"summary_large_image\" \/>\n<meta name=\"twitter:label1\" content=\"Dur\u00e9e de lecture estim\u00e9e\" \/>\n\t<meta name=\"twitter:data1\" content=\"5 minutes\" \/>\n<script type=\"application\/ld+json\" class=\"yoast-schema-graph\">{\"@context\":\"https:\/\/schema.org\",\"@graph\":[{\"@type\":\"WebPage\",\"@id\":\"https:\/\/www.myallmeeting.com\/fr\/article\/top-8-des-plus-belles-vues-de-nos-adresses-accor-a-moins-de-4-heures-de-vol-de-paris\/\",\"url\":\"https:\/\/www.myallmeeting.com\/fr\/article\/top-8-des-plus-belles-vues-de-nos-adresses-accor-a-moins-de-4-heures-de-vol-de-paris\/\",\"name\":\"Top 8 des plus belles vues de nos adresses Accor \u00e0 moins de 4 heures de vol de Paris - Accor MyAllMeeting.com\",\"isPartOf\":{\"@id\":\"https:\/\/www.myallmeeting.com\/fr\/#website\"},\"primaryImageOfPage\":{\"@id\":\"https:\/\/www.myallmeeting.com\/fr\/article\/top-8-des-plus-belles-vues-de-nos-adresses-accor-a-moins-de-4-heures-de-vol-de-paris\/#primaryimage\"},\"image\":{\"@id\":\"https:\/\/www.myallmeeting.com\/fr\/article\/top-8-des-plus-belles-vues-de-nos-adresses-accor-a-moins-de-4-heures-de-vol-de-paris\/#primaryimage\"},\"thumbnailUrl\":\"https:\/\/www.myallmeeting.com\/wp-content\/uploads\/2018\/11\/MAM-baner-1920x570-42.png\",\"datePublished\":\"2018-10-03T13:14:41+00:00\",\"dateModified\":\"2024-11-25T16:15:13+00:00\",\"breadcrumb\":{\"@id\":\"https:\/\/www.myallmeeting.com\/fr\/article\/top-8-des-plus-belles-vues-de-nos-adresses-accor-a-moins-de-4-heures-de-vol-de-paris\/#breadcrumb\"},\"inLanguage\":\"fr-FR\",\"potentialAction\":[{\"@type\":\"ReadAction\",\"target\":[\"https:\/\/www.myallmeeting.com\/fr\/article\/top-8-des-plus-belles-vues-de-nos-adresses-accor-a-moins-de-4-heures-de-vol-de-paris\/\"]}]},{\"@type\":\"ImageObject\",\"inLanguage\":\"fr-FR\",\"@id\":\"https:\/\/www.myallmeeting.com\/fr\/article\/top-8-des-plus-belles-vues-de-nos-adresses-accor-a-moins-de-4-heures-de-vol-de-paris\/#primaryimage\",\"url\":\"https:\/\/www.myallmeeting.com\/wp-content\/uploads\/2018\/11\/MAM-baner-1920x570-42.png\",\"contentUrl\":\"https:\/\/www.myallmeeting.com\/wp-content\/uploads\/2018\/11\/MAM-baner-1920x570-42.png\",\"width\":1920,\"height\":570},{\"@type\":\"BreadcrumbList\",\"@id\":\"https:\/\/www.myallmeeting.com\/fr\/article\/top-8-des-plus-belles-vues-de-nos-adresses-accor-a-moins-de-4-heures-de-vol-de-paris\/#breadcrumb\",\"itemListElement\":[{\"@type\":\"ListItem\",\"position\":1,\"name\":\"Accueil\",\"item\":\"https:\/\/myallmeeting.com\/fr\/\"},{\"@type\":\"ListItem\",\"position\":2,\"name\":\"Actualit\u00e9s\",\"item\":\"https:\/\/www.myallmeeting.com\/fr\/actualite\/\"},{\"@type\":\"ListItem\",\"position\":3,\"name\":\"Top 8 des plus belles vues de nos adresses Accor \u00e0 moins de 4 heures de vol de Paris\"}]},{\"@type\":\"WebSite\",\"@id\":\"https:\/\/www.myallmeeting.com\/fr\/#website\",\"url\":\"https:\/\/www.myallmeeting.com\/fr\/\",\"name\":\"Accor MyAllMeeting.com\",\"description\":\"Les Meilleurs lieux pour vos Ev\u00e9nements Professionnels\",\"publisher\":{\"@id\":\"https:\/\/www.myallmeeting.com\/fr\/#organization\"},\"potentialAction\":[{\"@type\":\"SearchAction\",\"target\":{\"@type\":\"EntryPoint\",\"urlTemplate\":\"https:\/\/www.myallmeeting.com\/fr\/?s={search_term_string}\"},\"query-input\":{\"@type\":\"PropertyValueSpecification\",\"valueRequired\":true,\"valueName\":\"search_term_string\"}}],\"inLanguage\":\"fr-FR\"},{\"@type\":\"Organization\",\"@id\":\"https:\/\/www.myallmeeting.com\/fr\/#organization\",\"name\":\"ACCOR\",\"url\":\"https:\/\/www.myallmeeting.com\/fr\/\",\"logo\":{\"@type\":\"ImageObject\",\"inLanguage\":\"fr-FR\",\"@id\":\"https:\/\/www.myallmeeting.com\/fr\/#\/schema\/logo\/image\/\",\"url\":\"\",\"contentUrl\":\"\",\"caption\":\"ACCOR\"},\"image\":{\"@id\":\"https:\/\/www.myallmeeting.com\/fr\/#\/schema\/logo\/image\/\"}}]}<\/script>","yoast_head_json":{"title":"Top 8 des plus belles vues de nos adresses Accor \u00e0 moins de 4 heures de vol de Paris - Accor MyAllMeeting.com","robots":{"index":"index","follow":"follow","max-snippet":"max-snippet:-1","max-image-preview":"max-image-preview:large","max-video-preview":"max-video-preview:-1"},"canonical":"https:\/\/www.myallmeeting.com\/fr\/wp-json\/wp\/v2\/article\/15226751","og_locale":"fr_FR","og_type":"article","og_title":"Top 8 des plus belles vues de nos adresses Accor \u00e0 moins de 4 heures de vol de Paris - Accor MyAllMeeting.com","og_description":"D\u00e9couvrez la s\u00e9lection d\u2019h\u00f4tels aux vues plus belles les unes que les autres \u00e0 moins de 4 heures de vol de Paris, en Europe et au Maghreb.","og_url":"https:\/\/www.myallmeeting.com\/fr\/article\/top-8-des-plus-belles-vues-de-nos-adresses-accor-a-moins-de-4-heures-de-vol-de-paris\/","og_site_name":"Accor MyAllMeeting.com","article_modified_time":"2024-11-25T16:15:13+00:00","og_image":[{"width":1920,"height":570,"url":"http:\/\/myallmeeting.com\/wp-content\/uploads\/2018\/11\/MAM-baner-1920x570-42.png","type":"image\/png"}],"twitter_card":"summary_large_image","twitter_misc":{"Dur\u00e9e de lecture estim\u00e9e":"5 minutes"},"schema":{"@context":"https:\/\/schema.org","@graph":[{"@type":"WebPage","@id":"https:\/\/www.myallmeeting.com\/fr\/article\/top-8-des-plus-belles-vues-de-nos-adresses-accor-a-moins-de-4-heures-de-vol-de-paris\/","url":"https:\/\/www.myallmeeting.com\/fr\/article\/top-8-des-plus-belles-vues-de-nos-adresses-accor-a-moins-de-4-heures-de-vol-de-paris\/","name":"Top 8 des plus belles vues de nos adresses Accor \u00e0 moins de 4 heures de vol de Paris - Accor MyAllMeeting.com","isPartOf":{"@id":"https:\/\/www.myallmeeting.com\/fr\/#website"},"primaryImageOfPage":{"@id":"https:\/\/www.myallmeeting.com\/fr\/article\/top-8-des-plus-belles-vues-de-nos-adresses-accor-a-moins-de-4-heures-de-vol-de-paris\/#primaryimage"},"image":{"@id":"https:\/\/www.myallmeeting.com\/fr\/article\/top-8-des-plus-belles-vues-de-nos-adresses-accor-a-moins-de-4-heures-de-vol-de-paris\/#primaryimage"},"thumbnailUrl":"https:\/\/www.myallmeeting.com\/wp-content\/uploads\/2018\/11\/MAM-baner-1920x570-42.png","datePublished":"2018-10-03T13:14:41+00:00","dateModified":"2024-11-25T16:15:13+00:00","breadcrumb":{"@id":"https:\/\/www.myallmeeting.com\/fr\/article\/top-8-des-plus-belles-vues-de-nos-adresses-accor-a-moins-de-4-heures-de-vol-de-paris\/#breadcrumb"},"inLanguage":"fr-FR","potentialAction":[{"@type":"ReadAction","target":["https:\/\/www.myallmeeting.com\/fr\/article\/top-8-des-plus-belles-vues-de-nos-adresses-accor-a-moins-de-4-heures-de-vol-de-paris\/"]}]},{"@type":"ImageObject","inLanguage":"fr-FR","@id":"https:\/\/www.myallmeeting.com\/fr\/article\/top-8-des-plus-belles-vues-de-nos-adresses-accor-a-moins-de-4-heures-de-vol-de-paris\/#primaryimage","url":"https:\/\/www.myallmeeting.com\/wp-content\/uploads\/2018\/11\/MAM-baner-1920x570-42.png","contentUrl":"https:\/\/www.myallmeeting.com\/wp-content\/uploads\/2018\/11\/MAM-baner-1920x570-42.png","width":1920,"height":570},{"@type":"BreadcrumbList","@id":"https:\/\/www.myallmeeting.com\/fr\/article\/top-8-des-plus-belles-vues-de-nos-adresses-accor-a-moins-de-4-heures-de-vol-de-paris\/#breadcrumb","itemListElement":[{"@type":"ListItem","position":1,"name":"Accueil","item":"https:\/\/myallmeeting.com\/fr\/"},{"@type":"ListItem","position":2,"name":"Actualit\u00e9s","item":"https:\/\/www.myallmeeting.com\/fr\/actualite\/"},{"@type":"ListItem","position":3,"name":"Top 8 des plus belles vues de nos adresses Accor \u00e0 moins de 4 heures de vol de Paris"}]},{"@type":"WebSite","@id":"https:\/\/www.myallmeeting.com\/fr\/#website","url":"https:\/\/www.myallmeeting.com\/fr\/","name":"Accor MyAllMeeting.com","description":"Les Meilleurs lieux pour vos Ev\u00e9nements Professionnels","publisher":{"@id":"https:\/\/www.myallmeeting.com\/fr\/#organization"},"potentialAction":[{"@type":"SearchAction","target":{"@type":"EntryPoint","urlTemplate":"https:\/\/www.myallmeeting.com\/fr\/?s={search_term_string}"},"query-input":{"@type":"PropertyValueSpecification","valueRequired":true,"valueName":"search_term_string"}}],"inLanguage":"fr-FR"},{"@type":"Organization","@id":"https:\/\/www.myallmeeting.com\/fr\/#organization","name":"ACCOR","url":"https:\/\/www.myallmeeting.com\/fr\/","logo":{"@type":"ImageObject","inLanguage":"fr-FR","@id":"https:\/\/www.myallmeeting.com\/fr\/#\/schema\/logo\/image\/","url":"","contentUrl":"","caption":"ACCOR"},"image":{"@id":"https:\/\/www.myallmeeting.com\/fr\/#\/schema\/logo\/image\/"}}]}},"_links":{"self":[{"href":"https:\/\/www.myallmeeting.com\/fr\/wp-json\/wp\/v2\/article\/15226751","targetHints":{"allow":["GET"]}}],"collection":[{"href":"https:\/\/www.myallmeeting.com\/fr\/wp-json\/wp\/v2\/article"}],"about":[{"href":"https:\/\/www.myallmeeting.com\/fr\/wp-json\/wp\/v2\/types\/article"}],"wp:featuredmedia":[{"embeddable":true,"href":"https:\/\/www.myallmeeting.com\/fr\/wp-json\/wp\/v2\/media\/16674278"}],"wp:attachment":[{"href":"https:\/\/www.myallmeeting.com\/fr\/wp-json\/wp\/v2\/media?parent=15226751"}],"wp:term":[{"taxonomy":"periscope_categorie_tax","embeddable":true,"href":"https:\/\/www.myallmeeting.com\/fr\/wp-json\/wp\/v2\/periscope_categorie_tax?post=15226751"}],"curies":[{"name":"wp","href":"https:\/\/api.w.org\/{rel}","templated":true}]}}