{"id":15226749,"date":"2018-10-11T10:08:00","date_gmt":"2018-10-11T08:08:00","guid":{"rendered":"https:\/\/myallmeeting.com\/article\/6-adresses-signees-potel-chabot-pour-un-seminaire-dexception\/"},"modified":"2024-07-09T14:53:31","modified_gmt":"2024-07-09T12:53:31","slug":"6-adresses-signees-potel-chabot-pour-un-seminaire-dexception","status":"publish","type":"article","link":"https:\/\/www.myallmeeting.com\/fr\/article\/6-adresses-signees-potel-chabot-pour-un-seminaire-dexception\/","title":{"rendered":"4 adresses sign\u00e9es Potel &amp; Chabot pour un s\u00e9minaire d\u2019exception"},"content":{"rendered":"<!-- START OF : Composant : block-periscope-theme-section-composant-25-texte-cta-2-images.php -->\n<div class=\"tcta2ia bg-white fs-wysiwyg mb-lg-12\" data-component=\"25-texte-cta-2-images\">\n\t<div class=\"tcta2ia__top\">\n\t\t<div class=\"container-fluid\" style=\"--bs-gutter-x: 0\">\n\t\t\t<div class=\"row\" style=\"--bs-gutter-x: 0\">\n\t\t\t\t<div class=\"col-lg-8\">\n\t\t\t\t\t\t\t\t\t\t<div class=\"bloc-mise-en-avant__top__left\">\n\t\t\t\t\t\t<img decoding=\"async\" src=\"https:\/\/www.myallmeeting.com\/wp-content\/uploads\/2018\/10\/Pavillon-Gabriel_Alcazar_4.jpg\" class=\"pe-2 pe-lg-0\" width=\"1268\" height=\"846\" alt=\"s\u00e9minaire atypique potel chabot pavillon gabriel alcazar\" loading=\"lazy\" \/>\n\t\t\t\t\t<\/div>\n\t\t\t\t\t\t\t\t\t\t<div class=\"tcta2ia__bottom d-none d-lg-block pb-12 pt-lg-9 pb-lg-0 pe-lg-10\">\n\t\t\t\t\t\t\t\t\t\t\t\t<h2 class=\"fs-20 fs-lg-32 fw-semibold\">L\u2019H\u00f4tel d\u2019\u00c9vreux, un monument d\u2019histoire<\/h2>\n\t\t\t\t\t\t\t\t\t\t\t\t\t\t\t\t\t\t<div class=\"fs-wysiwyg\"><p>\u00c9difi\u00e9 au XVIIe si\u00e8cle, l\u2019<a href=\"https:\/\/myallmeeting.com\/fr\/hotel\/pc01-hotel-devreux\/\"><strong>H\u00f4tel d\u2019\u00c9vreux<\/strong><\/a>\u00a0est un mod\u00e8le de l\u2019architecture de l\u2019\u00e9poque. Avec ses\u00a0<strong>salons de styles XVIIIe,\u00a0Directoire<\/strong>\u00a0et\u00a0<strong>Napol\u00e9on III<\/strong>, c\u2019est un\u00a0<strong>joyau du patrimoine historique et immobilier<\/strong>\u00a0de Paris qui accueillera votre prochain s\u00e9minaire. C\u00f4t\u00e9 Place Vend\u00f4me, l\u2019H\u00f4tel d\u2019\u00c9vreux offre\u00a0quatre salons d\u2019exception.<br \/>\nAvec ses\u00a0<strong>hautes fen\u00eatres<\/strong>\u00a0ouvrant une\u00a0<strong>perspective unique<\/strong>\u00a0sur la place \u00e9ponyme, l\u2019enfilade de salons jouit d\u2019une<strong>\u00a0luminosit\u00e9 exceptionnelle<\/strong>. C\u00f4t\u00e9 cour, le\u00a0<strong>Salon Napol\u00e9on III\u00a0<\/strong>est id\u00e9al pour des r\u00e9ceptions intimes. La\u00a0<strong>Salle des Billards<\/strong>, quant \u00e0 elle, offre de nombreuses configurations. Et la\u00a0<strong>Salle des Tirages<\/strong>, qui abrite encore les sph\u00e8res qui servaient dans les ann\u00e9es 1900 \u00e0 l\u2019anc\u00eatre du loto, propose un\u00a0<strong>cadre atypique<\/strong>\u00a0pour une pr\u00e9sentation de collection, un lancement de produit ou un d\u00eener.<\/p>\n<\/div>\n\t\t\t\t\t\t\t\t\t\t\t\t<div class=\"d-flex flex-column flex-lg-row align-items-center gap-5 gap-lg-8 justify-content-between\">\n\t\t\t\t\t\t\t<div class=\"fs-20 fs-lg-26 fw-semibold lh-xs\"><\/div>\n\t\t\t\t\t\t\t\t\t\t\t\t\t<\/div>\n\t\t\t\t\t<\/div>\n\t\t\t\t<\/div>\n\t\t\t\t<div class=\"col-lg-4\">\n\t\t\t\t\t<div class=\"tcta2ia__top__right t-0 r-0 bg-primary text-white pt-4 pb-4 px-2 pt-lg-8 pb-lg-16 px-lg-11 pb-xl-30\">\n\t\t\t\t\t\t\t\t\t\t\t\t\t\t\t\t\t\t<h2 class=\"unna fs-36 fs-lg-51 fs-xl-75 fs-italic fw-normal text-secondary\">4 adresses sign\u00e9es Potel &amp; Chabot pour un s\u00e9minaire d\u2019exception<\/h2>\n\t\t\t\t\t\t\t\t\t\t\t\t\t\t\t\t\t\t<h3 class=\"text-white fs-18 fs-lg-20 fs-xl-28 text-original-case\">Ambassadeur de l\u2019art de vivre \u00e0 la fran\u00e7aise depuis 1820, la maison de traiteur Potel &amp; Chabot cr\u00e9e des \u00e9v\u00e9nements sur mesure de 2 \u00e0 5 000 personnes aux quatre coins du monde.<\/h3>\n\t\t\t\t\t\t\t\t\t\t\t\t\t\t\t\t\t\t<div class=\"fs-wysiwyg mb-4 fs-lg-16 fs-xl-20\"><p>Voici une s\u00e9lection des plus beaux Pavillons Potel &amp; Chabot \u00e0 Paris. S\u00e9minaire atypique garanti.<\/p>\n<\/div>\n\t\t\t\t\t\t\t\t\t\t\t\t\t\t\t\t\t\t\t\t\t\t\t\t<p class=\"m-0\"><img decoding=\"async\" src=\"https:\/\/www.myallmeeting.com\/wp-content\/uploads\/2018\/10\/Hotel-dEvreux-633x398.jpg\" class=\"position-relative l-0\" width=\"633\" height=\"398\" alt=\"s\u00e9minaire atypique potel chabot hotel evreux\" loading=\"lazy\" \/><\/p>\n\t\t\t\t\t\t\t\t\t\t\t<\/div>\n\t\t\t\t<\/div>\n\t\t\t<\/div>\n\t\t<\/div>\n\t<\/div>\n\t<div class=\"tcta2ia__bottom d-lg-none pb-12 py-lg-9 pe-lg-10\">\n\t\t\t\t<div class=\"h2 fs-20 fs-lg-32 fw-semibold\">L\u2019H\u00f4tel d\u2019\u00c9vreux, un monument d\u2019histoire<\/div>\n\t\t\t\t\t\t<div class=\"fs-wysiwyg\"><p>\u00c9difi\u00e9 au XVIIe si\u00e8cle, l\u2019<a href=\"https:\/\/myallmeeting.com\/fr\/hotel\/pc01-hotel-devreux\/\"><strong>H\u00f4tel d\u2019\u00c9vreux<\/strong><\/a>\u00a0est un mod\u00e8le de l\u2019architecture de l\u2019\u00e9poque. Avec ses\u00a0<strong>salons de styles XVIIIe,\u00a0Directoire<\/strong>\u00a0et\u00a0<strong>Napol\u00e9on III<\/strong>, c\u2019est un\u00a0<strong>joyau du patrimoine historique et immobilier<\/strong>\u00a0de Paris qui accueillera votre prochain s\u00e9minaire. C\u00f4t\u00e9 Place Vend\u00f4me, l\u2019H\u00f4tel d\u2019\u00c9vreux offre\u00a0quatre salons d\u2019exception.<br \/>\nAvec ses\u00a0<strong>hautes fen\u00eatres<\/strong>\u00a0ouvrant une\u00a0<strong>perspective unique<\/strong>\u00a0sur la place \u00e9ponyme, l\u2019enfilade de salons jouit d\u2019une<strong>\u00a0luminosit\u00e9 exceptionnelle<\/strong>. C\u00f4t\u00e9 cour, le\u00a0<strong>Salon Napol\u00e9on III\u00a0<\/strong>est id\u00e9al pour des r\u00e9ceptions intimes. La\u00a0<strong>Salle des Billards<\/strong>, quant \u00e0 elle, offre de nombreuses configurations. Et la\u00a0<strong>Salle des Tirages<\/strong>, qui abrite encore les sph\u00e8res qui servaient dans les ann\u00e9es 1900 \u00e0 l\u2019anc\u00eatre du loto, propose un\u00a0<strong>cadre atypique<\/strong>\u00a0pour une pr\u00e9sentation de collection, un lancement de produit ou un d\u00eener.<\/p>\n<\/div>\n\t\t\t\t<div class=\"d-flex flex-column flex-lg-row align-items-center gap-5 gap-lg-8 justify-content-between\">\n\t\t\t<div class=\"fs-20 fs-lg-26 fw-semibold lh-xs\"><\/div>\n\t\t\t\t\t<\/div>\n\t<\/div>\n<\/div>\n<!-- END OF : Composant : block-periscope-theme-section-composant-25-texte-cta-2-images.php -->\n\n\n<!-- START OF : Composant : block-periscope-theme-section-composant-33-texte-image.php -->\n<div class=\"text-image fs-wysiwyg mb-8 mb-lg-12\" data-component=\"33-texte-image\">\n\t<div class=\"container-fluid\" style=\"--bs-gutter-x: 0\">\n\t\t<div class=\"row\" style=\"--bs-gutter-x: 0\">\n\t\t\t\t\t\t<div class=\"col-lg-6 mb-7 mb-lg-0\">\n\t\t\t\t<img decoding=\"async\" src=\"https:\/\/www.myallmeeting.com\/wp-content\/uploads\/2018\/10\/Pavillon-Vendome-VF-953x600.jpg\" width=\"953\" height=\"600\" alt=\"s\u00e9minaire atypique potel chabot pavillon vendome\" loading=\"lazy\" class=\"w-100\" \/>\n\t\t\t<\/div>\n\t\t\t\t\t\t<div class=\"col-lg-6\">\n\t\t\t\t<div class=\"text-image__content\">\n\t\t\t\t\t\t\t\t\t\t<div class=\"fw-semibold lh-xs fs-20 fs-lg-32 ls--25 mb-5\">Le Pavillon Vend\u00f4me vous ouvre la Salle des Coffres\u2026<\/div>\n\t\t\t\t\t\t\t\t\t\t\t\t\t\t\t<div class=\"fs-wysiwyg\">\n\t\t\t\t\t\t<p>Construit en 1930 sur la prestigieuse place \u00e9ponyme, le b\u00e2timent a \u00e9t\u00e9\u00a0<strong>restaur\u00e9 en 2015<\/strong>\u00a0afin de cr\u00e9er un nouveau lieu de r\u00e9ception, le\u00a0<a href=\"https:\/\/myallmeeting.com\/fr\/hotel\/pc06-pavillon-vendome\/\"><strong>Pavillon Vend\u00f4me<\/strong><\/a>, dont l\u2019impressionnant volume\u00a0peut accueillir\u00a0<strong>tous types de r\u00e9ceptions\u00a0jusqu\u2019\u00e0 850 personnes en cocktail et 550 pour un d\u00eener.<\/strong><\/p>\n<p>Le rez-de-chauss\u00e9e du Pavillon Vend\u00f4me propose\u00a0<strong>660 m\u00b2 d\u2019espaces privatisables\u00a0et\u00a0personnalisables\u00a0<\/strong>tandis que la\u00a0<strong>Salle des Coffres<\/strong>,\u00a0et ses deux monumentales portes de coffre, est id\u00e9ale pour des instants plus confidentiels dans ses trois petits salons.<\/p>\n\t\t\t\t\t<\/div>\n\t\t\t\t\t\t\t\t\t<\/div>\n\t\t\t<\/div>        \n\t\t<\/div>\n\t<\/div>\n<\/div>\n<!-- END OF : Composant : block-periscope-theme-section-composant-33-texte-image.php -->\n\n\n<!-- START OF : Composant : block-periscope-theme-section-composant-33-texte-image.php -->\n<!-- INVERSE -->\n<div class=\"text-image fs-wysiwyg mb-8 mb-lg-12\" data-component=\"33-texte-image\" data-reverse=\"oui\">\n\t<div class=\"container-fluid\" style=\"--bs-gutter-x: 0\">\n\t\t<div class=\"row\" style=\"--bs-gutter-x: 0\">\n\t\t\t<div class=\"col-lg-6\">\n\t\t\t\t<div class=\"text-image__content\">\n\t\t\t\t\t\t\t\t\t\t<div class=\"fw-semibold lh-xs fs-20 fs-lg-32 ls--25 mb-5\">Le Pavillon Gabriel comme vous ne l\u2019avez jamais vu <\/div>\n\t\t\t\t\t\t\t\t\t\t\t\t\t\t\t<div class=\"fs-wysiwyg\">\n\t\t\t\t\t\t<p><strong>Enti\u00e8rement r\u00e9nov\u00e9, le\u00a0<a href=\"https:\/\/myallmeeting.com\/fr\/hotel\/pc03-pavillon-gabriel\/\">Pavillon Gabriel<\/a><\/strong>\u00a0a rouvert ses portes en 2018.<br \/>\nPlus grand et plus lumineux gr\u00e2ce \u00e0 de\u00a0<strong>larges baies vitr\u00e9es<\/strong>, il dispose de\u00a0<strong>4 salons modulables somptueux<\/strong> et d\u2019une\u00a0<strong>capacit\u00e9 totale de 1\u00a0800 m2<\/strong>.<br \/>\nInscrit dans une\u00a0<strong>triple vision architecturale<\/strong>\u00a0: verre et transparence dans l\u2019esprit des serres, v\u00e9g\u00e9talisation s\u2019int\u00e9grant aux espaces verts des jardins des Champs-Elys\u00e9es et \u00e9l\u00e9ments patrimoniaux historiques remis en valeur.<\/p>\n<p>Un tout nouveau Pavillon donc, sur la plus belle avenue du monde pour un\u00a0<strong>\u00e9v\u00e9nement inoubliable<\/strong>.<\/p>\n\t\t\t\t\t<\/div>\n\t\t\t\t\t\t\t\t\t<\/div>\n\t\t\t<\/div>    \n\t\t\t    \n\t\t\t<div class=\"col-lg-6 order-first order-lg-last mb-7 mb-lg-0\">\n\t\t\t\t<img decoding=\"async\" src=\"https:\/\/www.myallmeeting.com\/wp-content\/uploads\/2018\/10\/Pavillon-Gabriel-953x500.jpg\" width=\"953\" height=\"600\" alt=\"s\u00e9minaire atypique potel chabot pavillon gabriel\" loading=\"lazy\" class=\"w-100\" \/>\n\t\t\t<\/div>\n\t\t\t\t\t<\/div>\n\t<\/div>\n<\/div>\n<!-- END OF : Composant : block-periscope-theme-section-composant-33-texte-image.php -->\n\n\n<!-- START OF : Composant : block-periscope-theme-section-composant-33-texte-image.php -->\n<div class=\"text-image fs-wysiwyg mb-8 mb-lg-12\" data-component=\"33-texte-image\">\n\t<div class=\"container-fluid\" style=\"--bs-gutter-x: 0\">\n\t\t<div class=\"row\" style=\"--bs-gutter-x: 0\">\n\t\t\t\t\t\t<div class=\"col-lg-6 mb-7 mb-lg-0\">\n\t\t\t\t<img decoding=\"async\" src=\"https:\/\/www.myallmeeting.com\/wp-content\/uploads\/2018\/10\/Cambon-Capucine-VF-953x600.jpg\" width=\"953\" height=\"600\" alt=\"s\u00e9minaire atypique potel chabot pavillon cambon capucines\" loading=\"lazy\" class=\"w-100\" \/>\n\t\t\t<\/div>\n\t\t\t\t\t\t<div class=\"col-lg-6\">\n\t\t\t\t<div class=\"text-image__content\">\n\t\t\t\t\t\t\t\t\t\t<div class=\"fw-semibold lh-xs fs-20 fs-lg-32 ls--25 mb-5\">Le Pavillon Cambon Capucines pour une soir\u00e9e de gala sous sa verri\u00e8re<\/div>\n\t\t\t\t\t\t\t\t\t\t\t\t\t\t\t<div class=\"fs-wysiwyg\">\n\t\t\t\t\t\t<p>Ancien si\u00e8ge du Cr\u00e9dit Foncier de France, au c\u0153ur du triangle form\u00e9 par les places de l\u2019Op\u00e9ra, de la Madeleine et Vend\u00f4me, le\u00a0<a href=\"https:\/\/myallmeeting.com\/fr\/hotel\/pc02-pavillon-cambon-capucines\/\"><strong>Pavillon Cambon Capucines<\/strong><\/a>\u00a0offre sous sa verri\u00e8re et ses colonnes de marbre un\u00a0<strong>volume incomparable<\/strong>.<\/p>\n<p>Polyvalents, ses\u00a0<strong>4 salons\u00a0<\/strong>permettent des configurations infinies sur\u00a0<strong>pr\u00e8s de 1\u00a0600 m2<\/strong>, \u00e0 l\u2019image du\u00a0<strong>Salon Rossini\u00a0<\/strong>pouvant accueillir une conf\u00e9rence ou une r\u00e9ception ou de se transformer en auditorium de\u00a0<strong>375 places<\/strong>\u00a0pour une avant-premi\u00e8re.<\/p>\n\t\t\t\t\t<\/div>\n\t\t\t\t\t\t\t\t\t<\/div>\n\t\t\t<\/div>        \n\t\t<\/div>\n\t<\/div>\n<\/div>\n<!-- END OF : Composant : block-periscope-theme-section-composant-33-texte-image.php -->\n","protected":false},"excerpt":{"rendered":"<p>D\u00e9couvrez les Pavillons Potel &#038; Chabot pour des s\u00e9minaires uniques.<\/p>\n","protected":false},"featured_media":0,"menu_order":0,"template":"","periscope_categorie_tax":[1648],"class_list":["post-15226749","article","type-article","status-publish","hentry","periscope_categorie_tax-tous-nos-tops-selections"],"acf":[],"yoast_head":"<title>4 adresses sign\u00e9es Potel &amp; Chabot pour un s\u00e9minaire d\u2019exception - Accor MyAllMeeting.com<\/title>\n<meta name=\"robots\" content=\"index, follow, max-snippet:-1, max-image-preview:large, max-video-preview:-1\" \/>\n<link rel=\"canonical\" href=\"https:\/\/www.myallmeeting.com\/fr\/wp-json\/wp\/v2\/article\/15226749\" \/>\n<meta property=\"og:locale\" content=\"fr_FR\" \/>\n<meta property=\"og:type\" content=\"article\" \/>\n<meta property=\"og:title\" content=\"4 adresses sign\u00e9es Potel &amp; Chabot pour un s\u00e9minaire d\u2019exception - Accor MyAllMeeting.com\" \/>\n<meta property=\"og:description\" content=\"D\u00e9couvrez les Pavillons Potel &amp; Chabot pour des s\u00e9minaires uniques.\" \/>\n<meta property=\"og:url\" content=\"https:\/\/www.myallmeeting.com\/fr\/article\/6-adresses-signees-potel-chabot-pour-un-seminaire-dexception\/\" \/>\n<meta property=\"og:site_name\" content=\"Accor MyAllMeeting.com\" \/>\n<meta property=\"article:modified_time\" content=\"2024-07-09T12:53:31+00:00\" \/>\n<meta property=\"og:image\" content=\"http:\/\/myallmeeting.com\/wp-content\/uploads\/2018\/10\/Hotel-dEvreux-VF-1.jpg\" \/>\n\t<meta property=\"og:image:width\" content=\"2000\" \/>\n\t<meta property=\"og:image:height\" content=\"725\" \/>\n\t<meta property=\"og:image:type\" content=\"image\/jpeg\" \/>\n<meta name=\"twitter:card\" content=\"summary_large_image\" \/>\n<meta name=\"twitter:label1\" content=\"Dur\u00e9e de lecture estim\u00e9e\" \/>\n\t<meta name=\"twitter:data1\" content=\"4 minutes\" \/>\n<script type=\"application\/ld+json\" class=\"yoast-schema-graph\">{\"@context\":\"https:\/\/schema.org\",\"@graph\":[{\"@type\":\"WebPage\",\"@id\":\"https:\/\/www.myallmeeting.com\/fr\/article\/6-adresses-signees-potel-chabot-pour-un-seminaire-dexception\/\",\"url\":\"https:\/\/www.myallmeeting.com\/fr\/article\/6-adresses-signees-potel-chabot-pour-un-seminaire-dexception\/\",\"name\":\"4 adresses sign\u00e9es Potel &amp; Chabot pour un s\u00e9minaire d\u2019exception - Accor MyAllMeeting.com\",\"isPartOf\":{\"@id\":\"https:\/\/www.myallmeeting.com\/fr\/#website\"},\"datePublished\":\"2018-10-11T08:08:00+00:00\",\"dateModified\":\"2024-07-09T12:53:31+00:00\",\"breadcrumb\":{\"@id\":\"https:\/\/www.myallmeeting.com\/fr\/article\/6-adresses-signees-potel-chabot-pour-un-seminaire-dexception\/#breadcrumb\"},\"inLanguage\":\"fr-FR\",\"potentialAction\":[{\"@type\":\"ReadAction\",\"target\":[\"https:\/\/www.myallmeeting.com\/fr\/article\/6-adresses-signees-potel-chabot-pour-un-seminaire-dexception\/\"]}]},{\"@type\":\"BreadcrumbList\",\"@id\":\"https:\/\/www.myallmeeting.com\/fr\/article\/6-adresses-signees-potel-chabot-pour-un-seminaire-dexception\/#breadcrumb\",\"itemListElement\":[{\"@type\":\"ListItem\",\"position\":1,\"name\":\"Accueil\",\"item\":\"https:\/\/myallmeeting.com\/fr\/\"},{\"@type\":\"ListItem\",\"position\":2,\"name\":\"Actualit\u00e9s\",\"item\":\"https:\/\/www.myallmeeting.com\/fr\/actualite\/\"},{\"@type\":\"ListItem\",\"position\":3,\"name\":\"4 adresses sign\u00e9es Potel &amp; Chabot pour un s\u00e9minaire d\u2019exception\"}]},{\"@type\":\"WebSite\",\"@id\":\"https:\/\/www.myallmeeting.com\/fr\/#website\",\"url\":\"https:\/\/www.myallmeeting.com\/fr\/\",\"name\":\"Accor MyAllMeeting.com\",\"description\":\"Les Meilleurs lieux pour vos Ev\u00e9nements Professionnels\",\"publisher\":{\"@id\":\"https:\/\/www.myallmeeting.com\/fr\/#organization\"},\"potentialAction\":[{\"@type\":\"SearchAction\",\"target\":{\"@type\":\"EntryPoint\",\"urlTemplate\":\"https:\/\/www.myallmeeting.com\/fr\/?s={search_term_string}\"},\"query-input\":{\"@type\":\"PropertyValueSpecification\",\"valueRequired\":true,\"valueName\":\"search_term_string\"}}],\"inLanguage\":\"fr-FR\"},{\"@type\":\"Organization\",\"@id\":\"https:\/\/www.myallmeeting.com\/fr\/#organization\",\"name\":\"ACCOR\",\"url\":\"https:\/\/www.myallmeeting.com\/fr\/\",\"logo\":{\"@type\":\"ImageObject\",\"inLanguage\":\"fr-FR\",\"@id\":\"https:\/\/www.myallmeeting.com\/fr\/#\/schema\/logo\/image\/\",\"url\":\"\",\"contentUrl\":\"\",\"caption\":\"ACCOR\"},\"image\":{\"@id\":\"https:\/\/www.myallmeeting.com\/fr\/#\/schema\/logo\/image\/\"}}]}<\/script>","yoast_head_json":{"title":"4 adresses sign\u00e9es Potel &amp; Chabot pour un s\u00e9minaire d\u2019exception - Accor MyAllMeeting.com","robots":{"index":"index","follow":"follow","max-snippet":"max-snippet:-1","max-image-preview":"max-image-preview:large","max-video-preview":"max-video-preview:-1"},"canonical":"https:\/\/www.myallmeeting.com\/fr\/wp-json\/wp\/v2\/article\/15226749","og_locale":"fr_FR","og_type":"article","og_title":"4 adresses sign\u00e9es Potel &amp; Chabot pour un s\u00e9minaire d\u2019exception - Accor MyAllMeeting.com","og_description":"D\u00e9couvrez les Pavillons Potel & Chabot pour des s\u00e9minaires uniques.","og_url":"https:\/\/www.myallmeeting.com\/fr\/article\/6-adresses-signees-potel-chabot-pour-un-seminaire-dexception\/","og_site_name":"Accor MyAllMeeting.com","article_modified_time":"2024-07-09T12:53:31+00:00","og_image":[{"width":2000,"height":725,"url":"http:\/\/myallmeeting.com\/wp-content\/uploads\/2018\/10\/Hotel-dEvreux-VF-1.jpg","type":"image\/jpeg"}],"twitter_card":"summary_large_image","twitter_misc":{"Dur\u00e9e de lecture estim\u00e9e":"4 minutes"},"schema":{"@context":"https:\/\/schema.org","@graph":[{"@type":"WebPage","@id":"https:\/\/www.myallmeeting.com\/fr\/article\/6-adresses-signees-potel-chabot-pour-un-seminaire-dexception\/","url":"https:\/\/www.myallmeeting.com\/fr\/article\/6-adresses-signees-potel-chabot-pour-un-seminaire-dexception\/","name":"4 adresses sign\u00e9es Potel &amp; Chabot pour un s\u00e9minaire d\u2019exception - Accor MyAllMeeting.com","isPartOf":{"@id":"https:\/\/www.myallmeeting.com\/fr\/#website"},"datePublished":"2018-10-11T08:08:00+00:00","dateModified":"2024-07-09T12:53:31+00:00","breadcrumb":{"@id":"https:\/\/www.myallmeeting.com\/fr\/article\/6-adresses-signees-potel-chabot-pour-un-seminaire-dexception\/#breadcrumb"},"inLanguage":"fr-FR","potentialAction":[{"@type":"ReadAction","target":["https:\/\/www.myallmeeting.com\/fr\/article\/6-adresses-signees-potel-chabot-pour-un-seminaire-dexception\/"]}]},{"@type":"BreadcrumbList","@id":"https:\/\/www.myallmeeting.com\/fr\/article\/6-adresses-signees-potel-chabot-pour-un-seminaire-dexception\/#breadcrumb","itemListElement":[{"@type":"ListItem","position":1,"name":"Accueil","item":"https:\/\/myallmeeting.com\/fr\/"},{"@type":"ListItem","position":2,"name":"Actualit\u00e9s","item":"https:\/\/www.myallmeeting.com\/fr\/actualite\/"},{"@type":"ListItem","position":3,"name":"4 adresses sign\u00e9es Potel &amp; Chabot pour un s\u00e9minaire d\u2019exception"}]},{"@type":"WebSite","@id":"https:\/\/www.myallmeeting.com\/fr\/#website","url":"https:\/\/www.myallmeeting.com\/fr\/","name":"Accor MyAllMeeting.com","description":"Les Meilleurs lieux pour vos Ev\u00e9nements Professionnels","publisher":{"@id":"https:\/\/www.myallmeeting.com\/fr\/#organization"},"potentialAction":[{"@type":"SearchAction","target":{"@type":"EntryPoint","urlTemplate":"https:\/\/www.myallmeeting.com\/fr\/?s={search_term_string}"},"query-input":{"@type":"PropertyValueSpecification","valueRequired":true,"valueName":"search_term_string"}}],"inLanguage":"fr-FR"},{"@type":"Organization","@id":"https:\/\/www.myallmeeting.com\/fr\/#organization","name":"ACCOR","url":"https:\/\/www.myallmeeting.com\/fr\/","logo":{"@type":"ImageObject","inLanguage":"fr-FR","@id":"https:\/\/www.myallmeeting.com\/fr\/#\/schema\/logo\/image\/","url":"","contentUrl":"","caption":"ACCOR"},"image":{"@id":"https:\/\/www.myallmeeting.com\/fr\/#\/schema\/logo\/image\/"}}]}},"_links":{"self":[{"href":"https:\/\/www.myallmeeting.com\/fr\/wp-json\/wp\/v2\/article\/15226749","targetHints":{"allow":["GET"]}}],"collection":[{"href":"https:\/\/www.myallmeeting.com\/fr\/wp-json\/wp\/v2\/article"}],"about":[{"href":"https:\/\/www.myallmeeting.com\/fr\/wp-json\/wp\/v2\/types\/article"}],"wp:attachment":[{"href":"https:\/\/www.myallmeeting.com\/fr\/wp-json\/wp\/v2\/media?parent=15226749"}],"wp:term":[{"taxonomy":"periscope_categorie_tax","embeddable":true,"href":"https:\/\/www.myallmeeting.com\/fr\/wp-json\/wp\/v2\/periscope_categorie_tax?post=15226749"}],"curies":[{"name":"wp","href":"https:\/\/api.w.org\/{rel}","templated":true}]}}