{"id":15226746,"date":"2018-10-30T15:51:57","date_gmt":"2018-10-30T14:51:57","guid":{"rendered":"https:\/\/myallmeeting.com\/article\/top-10-de-nos-adresses-accor-au-coeur-des-plus-belles-montagnes-francaises\/"},"modified":"2024-07-11T12:58:25","modified_gmt":"2024-07-11T10:58:25","slug":"top-10-de-nos-adresses-accor-au-coeur-des-plus-belles-montagnes-francaises","status":"publish","type":"article","link":"https:\/\/www.myallmeeting.com\/fr\/article\/top-10-de-nos-adresses-accor-au-coeur-des-plus-belles-montagnes-francaises\/","title":{"rendered":"Top 10 de nos adresses Accor au c\u0153ur des plus belles montagnes fran\u00e7aises"},"content":{"rendered":"<!-- START OF : Composant : block-periscope-theme-section-composant-25-texte-cta-2-images.php -->\n<div class=\"tcta2ia bg-white fs-wysiwyg mb-lg-12\" data-component=\"25-texte-cta-2-images\">\n\t<div class=\"tcta2ia__top\">\n\t\t<div class=\"container-fluid\" style=\"--bs-gutter-x: 0\">\n\t\t\t<div class=\"row\" style=\"--bs-gutter-x: 0\">\n\t\t\t\t<div class=\"col-lg-8\">\n\t\t\t\t\t\t\t\t\t\t<div class=\"bloc-mise-en-avant__top__left\">\n\t\t\t\t\t\t<img decoding=\"async\" src=\"https:\/\/www.myallmeeting.com\/wp-content\/uploads\/2018\/10\/6488-50-1268x846.jpg\" class=\"pe-2 pe-lg-0\" width=\"1268\" height=\"846\" alt=\"s\u00e9minaire original\" loading=\"lazy\" \/>\n\t\t\t\t\t<\/div>\n\t\t\t\t\t\t\t\t\t\t<div class=\"tcta2ia__bottom d-none d-lg-block pb-12 pt-lg-9 pb-lg-0 pe-lg-10\">\n\t\t\t\t\t\t\t\t\t\t\t\t<h2 class=\"fs-20 fs-lg-32 fw-semibold\">Mercure Saint-Lary Sensoria<\/h2>\n\t\t\t\t\t\t\t\t\t\t\t\t\t\t\t\t\t\t<div class=\"fs-wysiwyg\"><p style=\"text-align: center;\"><i><span style=\"font-weight: 400;\">Un village des Pyr\u00e9n\u00e9es ouvert sur le Sud-Ouest fran\u00e7ais et l\u2019Espagne<\/span><\/i><\/p>\n<p><span style=\"font-weight: 400;\">Au\u00a0<\/span><b>c\u0153ur des Pyr\u00e9n\u00e9es,<\/b><span style=\"font-weight: 400;\">\u00a0non loin de Lourdes et accessible depuis la gare de Lannemezan et des a\u00e9roports de Tarbes, Toulouse et Pau, Saint-Lary est \u00e9galement proche de l\u2019Espagne, via le tunnel de Bielsa.<\/span><\/p>\n<p><span style=\"font-weight: 400;\"><a href=\"https:\/\/myallmeeting.com\/fr\/hotel\/2904-hotel-mercure-de-saint-lary\/\">Cet h\u00f4tel<\/a> de\u00a0<\/span><b>65 chambres avec balcon<\/b><span style=\"font-weight: 400;\">\u00a0place vos\u00a0<\/span><b>\u00e9v\u00e9nements professionnels<\/b><span style=\"font-weight: 400;\">\u00a0dans un cadre exceptionnel, face aux majestueux\u00a0<\/span><b>massifs pyr\u00e9n\u00e9ens<\/b><span style=\"font-weight: 400;\">.\u00a0Ses\u00a0<\/span><b>5 salles de r\u00e9union<\/b><span style=\"font-weight: 400;\">, d\u2019une capacit\u00e9 de\u00a0<\/span><b>7 \u00e0 120 personnes,<\/b><span style=\"font-weight: 400;\">\u00a0sont modulables et b\u00e9n\u00e9ficient d\u2019une\u00a0<\/span><b>vue panoramique<\/b><span style=\"font-weight: 400;\">\u00a0sur les montagnes. Un cadre id\u00e9al pour un <\/span><b>s\u00e9minaire Accor original<\/b><span style=\"font-weight: 400;\">.<\/span><\/p>\n<p><span style=\"font-weight: 400;\">Afin de prolonger l\u2019exp\u00e9rience professionnelle par de vrais temps de\u00a0<\/span><b>relaxation<\/b><span style=\"font-weight: 400;\">, l\u2019h\u00f4tel dispose d\u2019un\u00a0<\/span><b>espace thermal et Spa Nuxe<\/b><span style=\"font-weight: 400;\">. Et au-dehors, une large gamme d\u2019activit\u00e9s s\u2019offre \u00e0 vous : ski de fond ou alpin \u2013 l\u2019h\u00f4tel se situe \u00e0 50 m\u00e8tres des t\u00e9l\u00e9cabines les plus proches \u2013, aquagym et fitness. Mini-golf, rafting ou encore\u00a0patinoire sont \u00e9galement \u00e0 proximit\u00e9 !<\/span><\/p>\n<\/div>\n\t\t\t\t\t\t\t\t\t\t\t\t<div class=\"d-flex flex-column flex-lg-row align-items-center gap-5 gap-lg-8 justify-content-between\">\n\t\t\t\t\t\t\t<div class=\"fs-20 fs-lg-26 fw-semibold lh-xs\"><\/div>\n\t\t\t\t\t\t\t\t\t\t\t\t\t<\/div>\n\t\t\t\t\t<\/div>\n\t\t\t\t<\/div>\n\t\t\t\t<div class=\"col-lg-4\">\n\t\t\t\t\t<div class=\"tcta2ia__top__right t-0 r-0 bg-primary text-white pt-4 pb-4 px-2 pt-lg-8 pb-lg-16 px-lg-11 pb-xl-30\">\n\t\t\t\t\t\t\t\t\t\t\t\t\t\t\t\t\t\t<h2 class=\"unna fs-36 fs-lg-51 fs-xl-75 fs-italic fw-normal text-secondary\">Top 10 de nos adresses Accor au c\u0153ur des plus belles montagnes fran\u00e7aises<\/h2>\n\t\t\t\t\t\t\t\t\t\t\t\t\t\t\t\t\t\t\t\t\t\t\t\t<div class=\"fs-wysiwyg mb-4 fs-lg-16 fs-xl-20\"><p>Dans les Alpes ou les Pyr\u00e9n\u00e9es, Accor vous ouvre les portes de 10 sites exceptionnels pour l\u2019organisation de vos s\u00e9minaires, r\u00e9unions ou conventions dans un cadre \u00e9poustouflant.<\/p>\n<\/div>\n\t\t\t\t\t\t\t\t\t\t\t\t\t\t\t\t\t\t\t\t\t\t\t\t<p class=\"m-0\"><img decoding=\"async\" src=\"https:\/\/www.myallmeeting.com\/wp-content\/uploads\/2018\/10\/2167-38-633x398.jpg\" class=\"position-relative l-0\" width=\"633\" height=\"398\" alt=\"s\u00e9minaire original salle\" loading=\"lazy\" \/><\/p>\n\t\t\t\t\t\t\t\t\t\t\t<\/div>\n\t\t\t\t<\/div>\n\t\t\t<\/div>\n\t\t<\/div>\n\t<\/div>\n\t<div class=\"tcta2ia__bottom d-lg-none pb-12 py-lg-9 pe-lg-10\">\n\t\t\t\t<div class=\"h2 fs-20 fs-lg-32 fw-semibold\">Mercure Saint-Lary Sensoria<\/div>\n\t\t\t\t\t\t<div class=\"fs-wysiwyg\"><p style=\"text-align: center;\"><i><span style=\"font-weight: 400;\">Un village des Pyr\u00e9n\u00e9es ouvert sur le Sud-Ouest fran\u00e7ais et l\u2019Espagne<\/span><\/i><\/p>\n<p><span style=\"font-weight: 400;\">Au\u00a0<\/span><b>c\u0153ur des Pyr\u00e9n\u00e9es,<\/b><span style=\"font-weight: 400;\">\u00a0non loin de Lourdes et accessible depuis la gare de Lannemezan et des a\u00e9roports de Tarbes, Toulouse et Pau, Saint-Lary est \u00e9galement proche de l\u2019Espagne, via le tunnel de Bielsa.<\/span><\/p>\n<p><span style=\"font-weight: 400;\"><a href=\"https:\/\/myallmeeting.com\/fr\/hotel\/2904-hotel-mercure-de-saint-lary\/\">Cet h\u00f4tel<\/a> de\u00a0<\/span><b>65 chambres avec balcon<\/b><span style=\"font-weight: 400;\">\u00a0place vos\u00a0<\/span><b>\u00e9v\u00e9nements professionnels<\/b><span style=\"font-weight: 400;\">\u00a0dans un cadre exceptionnel, face aux majestueux\u00a0<\/span><b>massifs pyr\u00e9n\u00e9ens<\/b><span style=\"font-weight: 400;\">.\u00a0Ses\u00a0<\/span><b>5 salles de r\u00e9union<\/b><span style=\"font-weight: 400;\">, d\u2019une capacit\u00e9 de\u00a0<\/span><b>7 \u00e0 120 personnes,<\/b><span style=\"font-weight: 400;\">\u00a0sont modulables et b\u00e9n\u00e9ficient d\u2019une\u00a0<\/span><b>vue panoramique<\/b><span style=\"font-weight: 400;\">\u00a0sur les montagnes. Un cadre id\u00e9al pour un <\/span><b>s\u00e9minaire Accor original<\/b><span style=\"font-weight: 400;\">.<\/span><\/p>\n<p><span style=\"font-weight: 400;\">Afin de prolonger l\u2019exp\u00e9rience professionnelle par de vrais temps de\u00a0<\/span><b>relaxation<\/b><span style=\"font-weight: 400;\">, l\u2019h\u00f4tel dispose d\u2019un\u00a0<\/span><b>espace thermal et Spa Nuxe<\/b><span style=\"font-weight: 400;\">. Et au-dehors, une large gamme d\u2019activit\u00e9s s\u2019offre \u00e0 vous : ski de fond ou alpin \u2013 l\u2019h\u00f4tel se situe \u00e0 50 m\u00e8tres des t\u00e9l\u00e9cabines les plus proches \u2013, aquagym et fitness. Mini-golf, rafting ou encore\u00a0patinoire sont \u00e9galement \u00e0 proximit\u00e9 !<\/span><\/p>\n<\/div>\n\t\t\t\t<div class=\"d-flex flex-column flex-lg-row align-items-center gap-5 gap-lg-8 justify-content-between\">\n\t\t\t<div class=\"fs-20 fs-lg-26 fw-semibold lh-xs\"><\/div>\n\t\t\t\t\t<\/div>\n\t<\/div>\n<\/div>\n<!-- END OF : Composant : block-periscope-theme-section-composant-25-texte-cta-2-images.php -->\n\n\n<!-- START OF : Composant : block-periscope-theme-section-composant-33-texte-image.php -->\n<div class=\"text-image fs-wysiwyg mb-8 mb-lg-12\" data-component=\"33-texte-image\">\n\t<div class=\"container-fluid\" style=\"--bs-gutter-x: 0\">\n\t\t<div class=\"row\" style=\"--bs-gutter-x: 0\">\n\t\t\t\t\t\t<div class=\"col-lg-6 mb-7 mb-lg-0\">\n\t\t\t\t<img decoding=\"async\" src=\"https:\/\/www.myallmeeting.com\/wp-content\/uploads\/2018\/10\/Mercure-Loudenvielle-Pyrenees-Peyragudes-4-953x600.jpg\" width=\"953\" height=\"600\" alt=\"s\u00e9minaire original\" loading=\"lazy\" class=\"w-100\" \/>\n\t\t\t<\/div>\n\t\t\t\t\t\t<div class=\"col-lg-6\">\n\t\t\t\t<div class=\"text-image__content\">\n\t\t\t\t\t\t\t\t\t\t<div class=\"fw-semibold lh-xs fs-20 fs-lg-32 ls--25 mb-5\">Mercure Peyragudes Loudenvielle Pyr\u00e9n\u00e9es <\/div>\n\t\t\t\t\t\t\t\t\t\t\t\t\t\t\t<div class=\"fs-wysiwyg\">\n\t\t\t\t\t\t<p style=\"text-align: center;\"><em>Le charme des lacs et montagnes des Pyr\u00e9n\u00e9es<\/em><\/p>\n<p><span style=\"font-weight: 400;\">Le joli village de Loudenvielle se perche \u00e0 900 m, au c\u0153ur de la vall\u00e9e du Louron. Vous l\u2019atteindrez par les a\u00e9roports de Pau (1 h) ou de Toulouse (1 h 30).<\/span><\/p>\n<p><span style=\"font-weight: 400;\">En son c\u0153ur, l<a href=\"https:\/\/myallmeeting.com\/fr\/hotel\/b803-mercure-peyragudes-loudenvielle-pyrenees\/\">\u2019h\u00f4tel<\/a> de\u00a0<\/span><b>62 chambres<\/b><span style=\"font-weight: 400;\">\u00a0s\u2019abrite dans une belle b\u00e2tisse, m\u00e9lange de pierres de la r\u00e9gion, de bois et d\u2019ardoise, dans l\u2019esprit d<\/span><b>es chalets pyr\u00e9n\u00e9ens.<\/b><span style=\"font-weight: 400;\">\u00a0Il est la base id\u00e9ale pour un\u00a0<\/span><b>s\u00e9minaire original r\u00e9sidentiel,<\/b><span style=\"font-weight: 400;\">\u00a0avec\u00a0<\/span><b>4 salles de r\u00e9union<\/b><span style=\"font-weight: 400;\">\u00a0pouvant accueillir\u00a0<\/span><b>jusqu\u2019\u00e0 85 participants<\/b><span style=\"font-weight: 400;\">\u00a0et le centre de convention\u00a0<\/span><b>Valgora<\/b><span style=\"font-weight: 400;\">\u00a0\u00e0 proximit\u00e9, pouvant accueillir lui jusqu\u2019\u00e0 500 personnes.<\/span><\/p>\n<p><span style=\"font-weight: 400;\">Le\u00a0<\/span><b>spa Nuxe<\/b><span style=\"font-weight: 400;\">\u00a0de l\u2019h\u00f4tel ou\u00a0<\/span><b>l\u2019espace Baln\u00e9o (sauna, bains \u00e0 bulle)<\/b><span style=\"font-weight: 400;\">\u00a0procureront bien-\u00eatre et d\u00e9tente \u00e0 vos \u00e9quipes, surtout apr\u00e8s qu\u2019elles auront d\u00e9val\u00e9 les pistes de\u00a0<\/span><b>la station Peyragudes,<\/b><span style=\"font-weight: 400;\">\u00a0atteignable par la t\u00e9l\u00e9cabine Skyvall, en face de l\u2019h\u00f4tel.<\/span><\/p>\n\t\t\t\t\t<\/div>\n\t\t\t\t\t\t\t\t\t<\/div>\n\t\t\t<\/div>        \n\t\t<\/div>\n\t<\/div>\n<\/div>\n<!-- END OF : Composant : block-periscope-theme-section-composant-33-texte-image.php -->\n\n\n<!-- START OF : Composant : block-periscope-theme-section-composant-33-texte-image.php -->\n<!-- INVERSE -->\n<div class=\"text-image fs-wysiwyg mb-8 mb-lg-12\" data-component=\"33-texte-image\" data-reverse=\"oui\">\n\t<div class=\"container-fluid\" style=\"--bs-gutter-x: 0\">\n\t\t<div class=\"row\" style=\"--bs-gutter-x: 0\">\n\t\t\t<div class=\"col-lg-6\">\n\t\t\t\t<div class=\"text-image__content\">\n\t\t\t\t\t\t\t\t\t\t<div class=\"fw-semibold lh-xs fs-20 fs-lg-32 ls--25 mb-5\">Novotel Meg\u00e8ve Mont-Blanc <\/div>\n\t\t\t\t\t\t\t\t\t\t\t\t\t\t\t<div class=\"fs-wysiwyg\">\n\t\t\t\t\t\t<p style=\"text-align: center;\"><em>Savourez le cadre grandiose de la Mer de Glace et de l\u2019aiguille du Midi<\/em><\/p>\n<p><a href=\"https:\/\/myallmeeting.com\/fr\/hotel\/b5i0-novotel-megeve-mont-blanc\/\"><span style=\"font-weight: 400;\">Joli\u00a0<\/span><b>chalet<\/b><\/a><span style=\"font-weight: 400;\">\u00a0au c\u0153ur de la chiquissime Meg\u00e8ve, l\u2019une des plus prestigieuses stations\u00a0<\/span><b>de Haute-Savoie,<\/b><span style=\"font-weight: 400;\">\u00a0au pied du\u00a0<\/span><b>Mont-Blanc<\/b><span style=\"font-weight: 400;\">, l\u2019h\u00f4tel, de\u00a0<\/span><b>92 chambres<\/b><span style=\"font-weight: 400;\">, est accessible par les a\u00e9roports de Gen\u00e8ve et de Lyon-Saint-Exup\u00e9ry ou la gare de Sallanches.<\/span><\/p>\n<p><span style=\"font-weight: 400;\">Ses\u00a0<\/span><b>4 salles de r\u00e9union<\/b><span style=\"font-weight: 400;\">, la plus grande de\u00a0<\/span><b>200 m\u00b2<\/b><span style=\"font-weight: 400;\">, b\u00e9n\u00e9ficient de la lumi\u00e8re naturelle et d\u2019un acc\u00e8s \u00e0 une belle terrasse, o\u00f9 vous pouvez contempler le magnifique d\u00e9cor environnant.<\/span><\/p>\n<p><span style=\"font-weight: 400;\">Entre deux s\u00e9ances de travail,\u00a0<\/span><b>la navette<\/b><span style=\"font-weight: 400;\">, gratuite pour les clients de l\u2019h\u00f4tel, vous emm\u00e8ne en moins de 3 min profiter\u00a0<\/span><b>du domaine skiable (400 km de piste\u00a0!)<\/b><span style=\"font-weight: 400;\">. Et pour vous remettre de journ\u00e9es aussi denses, rendez-vous\u00a0<\/span><b>au Palais Meg\u00e8ve (acc\u00e8s gratuit pour les clients de l\u2019h\u00f4tel)<\/b><span style=\"font-weight: 400;\">, tout proche, o\u00f9 vous attendent\u00a0<\/span><b>baln\u00e9oth\u00e9rapie, sauna, hammam, fitness<\/b><span style=\"font-weight: 400;\">\u2026 et autres moments de bien-\u00eatre.<\/span><\/p>\n\t\t\t\t\t<\/div>\n\t\t\t\t\t\t\t\t\t<\/div>\n\t\t\t<\/div>    \n\t\t\t    \n\t\t\t<div class=\"col-lg-6 order-first order-lg-last mb-7 mb-lg-0\">\n\t\t\t\t<img decoding=\"async\" src=\"https:\/\/www.myallmeeting.com\/wp-content\/uploads\/2018\/10\/Novotel-Megeve-Mont-Blanc-2-953x600.jpg\" width=\"953\" height=\"600\" alt=\"s\u00e9minaire original\" loading=\"lazy\" class=\"w-100\" \/>\n\t\t\t<\/div>\n\t\t\t\t\t<\/div>\n\t<\/div>\n<\/div>\n<!-- END OF : Composant : block-periscope-theme-section-composant-33-texte-image.php -->\n\n\n<!-- START OF : Composant : block-periscope-theme-section-composant-33-texte-image.php -->\n<div class=\"text-image fs-wysiwyg mb-8 mb-lg-12\" data-component=\"33-texte-image\">\n\t<div class=\"container-fluid\" style=\"--bs-gutter-x: 0\">\n\t\t<div class=\"row\" style=\"--bs-gutter-x: 0\">\n\t\t\t\t\t\t<div class=\"col-lg-6 mb-7 mb-lg-0\">\n\t\t\t\t<img decoding=\"async\" src=\"https:\/\/www.myallmeeting.com\/wp-content\/uploads\/2018\/10\/Ibis-Styles-Les-Houches-Chamonix-1-953x600.jpg\" width=\"953\" height=\"600\" alt=\"s\u00e9minaire original\" loading=\"lazy\" class=\"w-100\" \/>\n\t\t\t<\/div>\n\t\t\t\t\t\t<div class=\"col-lg-6\">\n\t\t\t\t<div class=\"text-image__content\">\n\t\t\t\t\t\t\t\t\t\t<div class=\"fw-semibold lh-xs fs-20 fs-lg-32 ls--25 mb-5\">Ibis styles Les Houches Chamonix<\/div>\n\t\t\t\t\t\t\t\t\t\t\t\t\t\t\t<div class=\"fs-wysiwyg\">\n\t\t\t\t\t\t<p style=\"text-align: center;\"><em>La convivialit\u00e9 au c\u0153ur de la vall\u00e9e du Mont-Blanc<\/em><\/p>\n<p><span style=\"font-weight: 400;\">\u00c0 deux pas de\u00a0<\/span><b>Chamonix<\/b><span style=\"font-weight: 400;\">\u00a0et de\u00a0<\/span><b>l\u2019Aiguille du Midi<\/b><span style=\"font-weight: 400;\">, vous pourrez vous rendre dans cet h\u00f4tel de\u00a0<\/span><b>48\u00a0chambres<\/b><span style=\"font-weight: 400;\">\u00a0par l\u2019a\u00e9roport de Gen\u00e8ve ou la gare de Saint-Gervais-les-Bains \u2013 Le Fayet.<\/span><\/p>\n<p><span style=\"font-weight: 400;\">Dans un d\u00e9cor chaleureux et design, <a href=\"https:\/\/myallmeeting.com\/fr\/hotel\/b9p8-ibis-styles-les-houches-chamonix\/\">l\u2019h\u00f4tel<\/a> vous propose 1<\/span><b>\u00a0salle de r\u00e9union de 40 m\u00b2<\/b><span style=\"font-weight: 400;\">\u00a0pour des s\u00e9minaires ou team building en petit comit\u00e9, pour un budget \u00e9conomique.<\/span><\/p>\n<p><span style=\"font-weight: 400;\">Sans oublier l\u2019appel du grand bol d\u2019air avec toutes les possibilit\u00e9s alentour : le ski en hiver, gr\u00e2ce \u00e0 la proximit\u00e9 du\u00a0<\/span><b>t\u00e9l\u00e9ph\u00e9rique de Bellevue (300 m)<\/b><span style=\"font-weight: 400;\">\u00a0pour rejoindre les pistes des Houches et, en \u00e9t\u00e9, les multiples attractions de la montagne, comme la randonn\u00e9e, le rafting\u2026 ou encore\u00a0<\/span><b>le tramway du Mont-Blanc<\/b><span style=\"font-weight: 400;\">, ce petit train \u00e0 cr\u00e9maill\u00e8re, le plus haut de France, qui relie Saint-Gervais au glacier de Bionnassay : une balade dans un d\u00e9cor \u00e0 couper le souffle.<\/span><\/p>\n\t\t\t\t\t<\/div>\n\t\t\t\t\t\t\t\t\t<\/div>\n\t\t\t<\/div>        \n\t\t<\/div>\n\t<\/div>\n<\/div>\n<!-- END OF : Composant : block-periscope-theme-section-composant-33-texte-image.php -->\n\n\n<!-- START OF : Composant : block-periscope-theme-section-composant-33-texte-image.php -->\n<!-- INVERSE -->\n<div class=\"text-image fs-wysiwyg mb-8 mb-lg-12\" data-component=\"33-texte-image\" data-reverse=\"oui\">\n\t<div class=\"container-fluid\" style=\"--bs-gutter-x: 0\">\n\t\t<div class=\"row\" style=\"--bs-gutter-x: 0\">\n\t\t\t<div class=\"col-lg-6\">\n\t\t\t\t<div class=\"text-image__content\">\n\t\t\t\t\t\t\t\t\t\t<div class=\"fw-semibold lh-xs fs-20 fs-lg-32 ls--25 mb-5\">Le Saint-Gervais H\u00f4tel &amp; Spa \u2013 Handwritten Collection<\/div>\n\t\t\t\t\t\t\t\t\t\t\t\t\t\t\t<div class=\"fs-wysiwyg\">\n\t\t\t\t\t\t<p style=\"text-align: center;\"><em>L\u2019\u00e9l\u00e9gance aux pieds du Mont-Blanc<\/em><\/p>\n<p><span style=\"font-weight: 400;\">\u00c0 Saint-Gervais-les-Bains,\u00a0<\/span><b>village thermal,<\/b><span style=\"font-weight: 400;\">\u00a0vous avez rendez-vous avec l<\/span><b>e Mont-Blanc<\/b><span style=\"font-weight: 400;\">,<\/span><b>\u00a0la plus haute montagne d\u2019Europe<\/b><span style=\"font-weight: 400;\">, apr\u00e8s une arriv\u00e9e en train \u00e0 la gare de Saint-Gervais-les-Bains \u2013 Le\u00a0Fayet ou via l\u2019a\u00e9roport de Gen\u00e8ve (1 h).<\/span><\/p>\n<p><span style=\"font-weight: 400;\"><a href=\"https:\/\/myallmeeting.com\/fr\/hotel\/b9f3-le-saint-gervais-hotel-spa\/\">Le premier h\u00f4tel de la collection Handwritten<\/a>\u00a0vous y attend, dans son \u00e9crin du d\u00e9but du XX<\/span><span style=\"font-weight: 400;\">e<\/span><span style=\"font-weight: 400;\">\u00a0si\u00e8cle. Cet h\u00f4tel de\u00a0<\/span><b>75 chambres et suites<\/b><span style=\"font-weight: 400;\">, avec balcon, d\u00e9gage une personnalit\u00e9 singuli\u00e8re. Il abrite\u00a0<\/span><b>2 piscines (int\u00e9rieure et ext\u00e9rieure)<\/b><span style=\"font-weight: 400;\">\u00a0et un\u00a0<\/span><b>espace bien-\u00eatre<\/b><span style=\"font-weight: 400;\">\u00a0(sauna, jacuzzi). Votre s\u00e9minaire pourra se tenir gr\u00e2ce\u00a0<\/span><b>aux 5 salles de r\u00e9union<\/b><span style=\"font-weight: 400;\">, modulables, pouvant accueillir\u00a0<\/span><b>jusqu\u2019\u00e0 110 personnes.<\/b><\/p>\n<p><span style=\"font-weight: 400;\">\u00c9t\u00e9 comme hiver, l\u2019endroit regorge d\u2019activit\u00e9s, entre randonn\u00e9es (\u00e0 ski ou \u00e0 pied\u00a0!) et tout sport en <\/span><i><span style=\"font-weight: 400;\">outdoor<\/span><\/i><span style=\"font-weight: 400;\">, en passant par une balade en chiens de tra\u00eeneau\u2026\u00a0<\/span><b>Le tout dans un d\u00e9cor exceptionnel\u00a0!<\/b><\/p>\n\t\t\t\t\t<\/div>\n\t\t\t\t\t\t\t\t\t<\/div>\n\t\t\t<\/div>    \n\t\t\t    \n\t\t\t<div class=\"col-lg-6 order-first order-lg-last mb-7 mb-lg-0\">\n\t\t\t\t<img decoding=\"async\" src=\"https:\/\/www.myallmeeting.com\/wp-content\/uploads\/2018\/10\/Saint-Gervais-Hotel-Spa-Handwritten-Collection-3-953x600.jpg\" width=\"953\" height=\"600\" alt=\"s\u00e9minaire original\" loading=\"lazy\" class=\"w-100\" \/>\n\t\t\t<\/div>\n\t\t\t\t\t<\/div>\n\t<\/div>\n<\/div>\n<!-- END OF : Composant : block-periscope-theme-section-composant-33-texte-image.php -->\n\n\n<!-- START OF : Composant : block-periscope-theme-section-composant-33-texte-image.php -->\n<div class=\"text-image fs-wysiwyg mb-8 mb-lg-12\" data-component=\"33-texte-image\">\n\t<div class=\"container-fluid\" style=\"--bs-gutter-x: 0\">\n\t\t<div class=\"row\" style=\"--bs-gutter-x: 0\">\n\t\t\t\t\t\t<div class=\"col-lg-6 mb-7 mb-lg-0\">\n\t\t\t\t<img decoding=\"async\" src=\"https:\/\/www.myallmeeting.com\/wp-content\/uploads\/2018\/10\/6641-08-953x600.jpg\" width=\"953\" height=\"600\" alt=\"s\u00e9minaire original\" loading=\"lazy\" class=\"w-100\" \/>\n\t\t\t<\/div>\n\t\t\t\t\t\t<div class=\"col-lg-6\">\n\t\t\t\t<div class=\"text-image__content\">\n\t\t\t\t\t\t\t\t\t\t<div class=\"fw-semibold lh-xs fs-20 fs-lg-32 ls--25 mb-5\">Ibis Styles Albertville<\/div>\n\t\t\t\t\t\t\t\t\t\t\t\t\t\t\t<div class=\"fs-wysiwyg\">\n\t\t\t\t\t\t<p style=\"text-align: center;\"><em>Au carrefour de deux vall\u00e9es des Alpes<\/em><\/p>\n<p><span style=\"font-weight: 400;\"><a href=\"https:\/\/myallmeeting.com\/fr\/hotel\/b808-ibis-styles-albertville-opening-july-2021\/\">Cet h\u00f4tel<\/a> de\u00a0<\/span><b>68 chambres<\/b><b><i>\u00a0<\/i><\/b><span style=\"font-weight: 400;\">est au carrefour\u00a0<\/span><b>des vall\u00e9es de la Tarentaise et du Beaufortain<\/b><b><i>, <\/i><\/b><span style=\"font-weight: 400;\">\u00e0 moins de 2 km de la gare d\u2019Albertville, et proche du point de d\u00e9part de\u00a0<\/span><b>nombreuses stations alpines<\/b><i><span style=\"font-weight: 400;\">.<\/span><\/i><\/p>\n<p><i><span style=\"font-weight: 400;\">Une <\/span><\/i><b>salle de r\u00e9union de 47 m\u00b2<\/b><i><span style=\"font-weight: 400;\">,<\/span><\/i><span style=\"font-weight: 400;\">\u00a0qui peut accueillir jusqu\u2019\u00e0 20 personnes, parfaitement \u00e9quip\u00e9e, stimulera les moments studieux de vos \u00e9quipes.<\/span><\/p>\n<p><span style=\"font-weight: 400;\">Pour la d\u00e9tente, vous profiterez des activit\u00e9s culturelles programm\u00e9es \u00e0<\/span><b>\u00a0la Halle Olympique d\u2019Albertville<\/b><b><i>, <\/i><\/b><span style=\"font-weight: 400;\">toute proche, organiserez une d\u00e9gustation de\u00a0<\/span><b>Beaufort<\/b><b><i>, <\/i><\/b><span style=\"font-weight: 400;\">le d\u00e9licieux<\/span><b><i>\u00a0<\/i><\/b><b>fromage local<\/b><b><i>, <\/i><\/b><span style=\"font-weight: 400;\">ou explorerez les multiples activit\u00e9s offertes par les montagnes environnantes. Ski (sous toutes ses formes !) ? Patinoire ? Randonn\u00e9e ? Visite de\u00a0<\/span><b>la cit\u00e9 m\u00e9di\u00e9vale de Conflans<\/b><span style=\"font-weight: 400;\">\u00a0?<\/span> <span style=\"font-weight: 400;\">Vous avez l\u2019embarras du choix\u2026<\/span><\/p>\n\t\t\t\t\t<\/div>\n\t\t\t\t\t\t\t\t\t<\/div>\n\t\t\t<\/div>        \n\t\t<\/div>\n\t<\/div>\n<\/div>\n<!-- END OF : Composant : block-periscope-theme-section-composant-33-texte-image.php -->\n\n\n<!-- START OF : Composant : block-periscope-theme-section-composant-33-texte-image.php -->\n<!-- INVERSE -->\n<div class=\"text-image fs-wysiwyg mb-8 mb-lg-12\" data-component=\"33-texte-image\" data-reverse=\"oui\">\n\t<div class=\"container-fluid\" style=\"--bs-gutter-x: 0\">\n\t\t<div class=\"row\" style=\"--bs-gutter-x: 0\">\n\t\t\t<div class=\"col-lg-6\">\n\t\t\t\t<div class=\"text-image__content\">\n\t\t\t\t\t\t\t\t\t\t<div class=\"fw-semibold lh-xs fs-20 fs-lg-32 ls--25 mb-5\">Mercure Domaine de Marlioz-Aix-les-Bains &#8211; h\u00f4tel &amp; spa<\/div>\n\t\t\t\t\t\t\t\t\t\t\t\t\t\t\t<div class=\"fs-wysiwyg\">\n\t\t\t\t\t\t<p style=\"text-align: center;\"><em> Entre culture et nature <\/em><\/p>\n<p><span style=\"font-weight: 400;\">Entre lac, verdure et montagne, <\/span><b>quoi de mieux que la nature pour animer et stimuler un vivier d\u2019id\u00e9es<\/b><span style=\"font-weight: 400;\"> ?\u00a0 <a href=\"https:\/\/myallmeeting.com\/fr\/hotel\/2945-mercure-aix-les-bains-domaine-de-marlioz-hotel-spa\/\">Cet \u00e9tablissement<\/a> propose un cadre superbe, id\u00e9al\u00a0 pour vos \u00e9v\u00e9nements professionnels type s\u00e9minaire.\u00a0 Ce sont pas moins de <\/span><b>15 salons de diverses tailles qui sont \u00e0 votre disposition<\/b><span style=\"font-weight: 400;\">. D\u2019un espace de 330 m\u00b2 pouvant accueillir jusqu\u2019\u00e0 320 personnes (modulable en 6 salons de 32 m\u00b2 \u00e0 65 m\u00b2) \u00e0 d\u2019autres plus r\u00e9duits (jusqu\u2019\u00e0 16, 20\u00a0 ou 25 collaborateurs), <\/span><b>vous trouverez une salle adapt\u00e9e \u00e0 vos besoins<\/b><span style=\"font-weight: 400;\">.\u00a0<\/span><\/p>\n<p><b>Cet h\u00f4tel &amp; spa constitue aussi le lieu parfait pour un s\u00e9jour ressour\u00e7ant et de d\u00e9tente<\/b><span style=\"font-weight: 400;\">. Des activit\u00e9s touristiques, culturelles (Abbaye de Hautecombe, le casino d\u2019Aix-les-Bains\u2026) et sportives (le grand parc de l\u2019h\u00f4tel, les activit\u00e9s nautiques du lac du Bourget, les stations de ski du Grand Revard\u2026) sont \u00e0 votre disposition toute l\u2019ann\u00e9e.<\/span><\/p>\n\t\t\t\t\t<\/div>\n\t\t\t\t\t\t\t\t\t<\/div>\n\t\t\t<\/div>    \n\t\t\t    \n\t\t\t<div class=\"col-lg-6 order-first order-lg-last mb-7 mb-lg-0\">\n\t\t\t\t<img decoding=\"async\" src=\"https:\/\/www.myallmeeting.com\/wp-content\/uploads\/2018\/10\/Mercure-Aix-les-Bains-Domaine-de-Marlioz-1-953x600.jpg\" width=\"953\" height=\"600\" alt=\"s\u00e9minaire original\" loading=\"lazy\" class=\"w-100\" \/>\n\t\t\t<\/div>\n\t\t\t\t\t<\/div>\n\t<\/div>\n<\/div>\n<!-- END OF : Composant : block-periscope-theme-section-composant-33-texte-image.php -->\n\n\n<!-- START OF : Composant : block-periscope-theme-section-composant-33-texte-image.php -->\n<div class=\"text-image fs-wysiwyg mb-8 mb-lg-12\" data-component=\"33-texte-image\">\n\t<div class=\"container-fluid\" style=\"--bs-gutter-x: 0\">\n\t\t<div class=\"row\" style=\"--bs-gutter-x: 0\">\n\t\t\t\t\t\t<div class=\"col-lg-6 mb-7 mb-lg-0\">\n\t\t\t\t<img decoding=\"async\" src=\"https:\/\/www.myallmeeting.com\/wp-content\/uploads\/2018\/10\/Mercure-Annemasse-Porte-de-Geneve-2-953x600.jpg\" width=\"953\" height=\"600\" alt=\"s\u00e9minaire original\" loading=\"lazy\" class=\"w-100\" \/>\n\t\t\t<\/div>\n\t\t\t\t\t\t<div class=\"col-lg-6\">\n\t\t\t\t<div class=\"text-image__content\">\n\t\t\t\t\t\t\t\t\t\t<div class=\"fw-semibold lh-xs fs-20 fs-lg-32 ls--25 mb-5\"> H\u00f4tel Mercure Annemasse Porte de Gen\u00e8ve <\/div>\n\t\t\t\t\t\t\t\t\t\t\t\t\t\t\t<div class=\"fs-wysiwyg\">\n\t\t\t\t\t\t<p style=\"text-align: center;\"><em>Se ressourcer pr\u00e8s du lac L\u00e9man<\/em><\/p>\n<p><span style=\"font-weight: 400;\">Dans un cadre entour\u00e9 de nature, <\/span><b><a href=\"https:\/\/myallmeeting.com\/fr\/hotel\/0343-hotel-mercure-annemasse-porte-de-geneve\/\">l\u2019h\u00f4tel<\/a> et ses 79 chambres vous accueillent avec leur style scandinave<\/b><span style=\"font-weight: 400;\">. Vous organisez un s\u00e9minaire professionnel ? <\/span><b>Cet \u00e9tablissement vous propose quatre salles de r\u00e9unions et un grand parking<\/b><span style=\"font-weight: 400;\">.\u00a0<\/span><\/p>\n<p><span style=\"font-weight: 400;\">Pour vos moments de d\u00e9tente, cet h\u00f4tel Mercure n\u2019est pas en reste : piscine ext\u00e9rieure, terrasse, brasserie maison qui propose des vins locaux\u2026 D\u2019autres activit\u00e9s sont possibles, avec \u00e0 proximit\u00e9 le lac L\u00e9man et les villes de Chamonix, Annecy\u00a0 ou des spots thermaux tels que Thonon ou \u00c9vian.<\/span><\/p>\n\t\t\t\t\t<\/div>\n\t\t\t\t\t\t\t\t\t<\/div>\n\t\t\t<\/div>        \n\t\t<\/div>\n\t<\/div>\n<\/div>\n<!-- END OF : Composant : block-periscope-theme-section-composant-33-texte-image.php -->\n\n\n<!-- START OF : Composant : block-periscope-theme-section-composant-33-texte-image.php -->\n<!-- INVERSE -->\n<div class=\"text-image fs-wysiwyg mb-8 mb-lg-12\" data-component=\"33-texte-image\" data-reverse=\"oui\">\n\t<div class=\"container-fluid\" style=\"--bs-gutter-x: 0\">\n\t\t<div class=\"row\" style=\"--bs-gutter-x: 0\">\n\t\t\t<div class=\"col-lg-6\">\n\t\t\t\t<div class=\"text-image__content\">\n\t\t\t\t\t\t\t\t\t\t<div class=\"fw-semibold lh-xs fs-20 fs-lg-32 ls--25 mb-5\">H\u00f4tel Mercure Grenoble Centre Alpotel <\/div>\n\t\t\t\t\t\t\t\t\t\t\t\t\t\t\t<div class=\"fs-wysiwyg\">\n\t\t\t\t\t\t<p style=\"text-align: center;\"><em>Au c\u0153ur de la capitale des Alpes<\/em><\/p>\n<p><span style=\"font-weight: 400;\">Avec son style \u00e9l\u00e9gant et art-d\u00e9co, <\/span><b><a href=\"https:\/\/myallmeeting.com\/fr\/hotel\/0652-hotel-mercure-grenoble-centre-alpotel\/\">cet \u00e9tablissement<\/a> et ses \u00e9quipes mettent \u00e0 votre disposition trois salles de r\u00e9union et un accompagnement sur mesure en vue de l\u2019organisation de vos \u00e9v\u00e9nements professionnels<\/b><span style=\"font-weight: 400;\"> : s\u00e9minaires, comit\u00e9s de direction, formations, etc. D\u2019autres services sont propos\u00e9s : une biblioth\u00e8que, un cin\u00e9-lounge, un parking priv\u00e9\u2026<\/span><\/p>\n<p><span style=\"font-weight: 400;\">Un \u00e9crin id\u00e9al, au sein de la \u201ccapitale des Alpes\u201d, <\/span><b>pour partager et faire \u00e9merger des id\u00e9es<\/b><span style=\"font-weight: 400;\">, situ\u00e9 en centre-ville, \u00e0 quelques m\u00e8tres de la mairie de Grenoble, du Palais des Sports, du stade des Alpes, du centre des congr\u00e8s et des stations de ski.<\/span><\/p>\n<p>&nbsp;<\/p>\n\t\t\t\t\t<\/div>\n\t\t\t\t\t\t\t\t\t<\/div>\n\t\t\t<\/div>    \n\t\t\t    \n\t\t\t<div class=\"col-lg-6 order-first order-lg-last mb-7 mb-lg-0\">\n\t\t\t\t<img decoding=\"async\" src=\"https:\/\/www.myallmeeting.com\/wp-content\/uploads\/2018\/10\/Mercure-Grenoble-Centre-Alpotel-953x600.jpg\" width=\"953\" height=\"600\" alt=\"s\u00e9minaire original\" loading=\"lazy\" class=\"w-100\" \/>\n\t\t\t<\/div>\n\t\t\t\t\t<\/div>\n\t<\/div>\n<\/div>\n<!-- END OF : Composant : block-periscope-theme-section-composant-33-texte-image.php -->\n\n\n<!-- START OF : Composant : block-periscope-theme-section-composant-33-texte-image.php -->\n<div class=\"text-image fs-wysiwyg mb-8 mb-lg-12\" data-component=\"33-texte-image\">\n\t<div class=\"container-fluid\" style=\"--bs-gutter-x: 0\">\n\t\t<div class=\"row\" style=\"--bs-gutter-x: 0\">\n\t\t\t\t\t\t<div class=\"col-lg-6 mb-7 mb-lg-0\">\n\t\t\t\t<img decoding=\"async\" src=\"https:\/\/www.myallmeeting.com\/wp-content\/uploads\/2018\/10\/2047-28-953x600.jpg\" width=\"953\" height=\"600\" alt=\"s\u00e9minaire original\" loading=\"lazy\" class=\"w-100\" \/>\n\t\t\t<\/div>\n\t\t\t\t\t\t<div class=\"col-lg-6\">\n\t\t\t\t<div class=\"text-image__content\">\n\t\t\t\t\t\t\t\t\t\t<div class=\"fw-semibold lh-xs fs-20 fs-lg-32 ls--25 mb-5\">Novotel Grenoble Nord Voreppe<\/div>\n\t\t\t\t\t\t\t\t\t\t\t\t\t\t\t<div class=\"fs-wysiwyg\">\n\t\t\t\t\t\t<p style=\"text-align: center;\"><em> Respirer un grand bol d\u2019air frais<\/em><\/p>\n<p><b><a href=\"https:\/\/myallmeeting.com\/fr\/hotel\/0423-novotel-grenoble-nord-voreppe\/\">Ce 4 \u00e9toiles<\/a> labellis\u00e9 <\/b><b><i>Green Key<\/i><\/b><b> &#8211; pour son engagement RSE &#8211;\u00a0 est le lieu parfait pour un s\u00e9jour familial ou d\u2019affaires revigorant<\/b><span style=\"font-weight: 400;\">. Situ\u00e9 dans un vaste domaine verdoyant \u00e0 proximit\u00e9 des montagnes, le Novotel propose<\/span><b> sept salles de r\u00e9union pour accueillir vos s\u00e9minaires, formations et autres \u00e9v\u00e9nements professionnels<\/b><span style=\"font-weight: 400;\">.<\/span><\/p>\n<p><span style=\"font-weight: 400;\">Besoin de vous d\u00e9tendre entre deux r\u00e9unions ou apr\u00e8s une journ\u00e9e de s\u00e9minaire ? Laissez-vous tenter par les multiples activit\u00e9s propos\u00e9es (piscine ext\u00e9rieure, p\u00e9tanque, ping-pong\u2026) ou par une promenade en montagne.\u00a0<\/span><\/p>\n\t\t\t\t\t<\/div>\n\t\t\t\t\t\t\t\t\t<\/div>\n\t\t\t<\/div>        \n\t\t<\/div>\n\t<\/div>\n<\/div>\n<!-- END OF : Composant : block-periscope-theme-section-composant-33-texte-image.php -->\n","protected":false},"excerpt":{"rendered":"<p>D\u00e9couvrez les cha\u00eenes de montagnes fran\u00e7aises gr\u00e2ce \u00e0 nos h\u00f4tels aux Alpes et Pyr\u00e9n\u00e9es.<\/p>\n","protected":false},"featured_media":16021650,"menu_order":0,"template":"","periscope_categorie_tax":[1648],"class_list":["post-15226746","article","type-article","status-publish","has-post-thumbnail","hentry","periscope_categorie_tax-tous-nos-tops-selections"],"acf":[],"yoast_head":"<title>Top 10 de nos adresses Accor au c\u0153ur des plus belles montagnes fran\u00e7aises - Accor MyAllMeeting.com<\/title>\n<meta name=\"robots\" content=\"index, follow, max-snippet:-1, max-image-preview:large, max-video-preview:-1\" \/>\n<link rel=\"canonical\" href=\"https:\/\/www.myallmeeting.com\/fr\/wp-json\/wp\/v2\/article\/15226746\" \/>\n<meta property=\"og:locale\" content=\"fr_FR\" \/>\n<meta property=\"og:type\" content=\"article\" \/>\n<meta property=\"og:title\" content=\"Top 10 de nos adresses Accor au c\u0153ur des plus belles montagnes fran\u00e7aises - Accor MyAllMeeting.com\" \/>\n<meta property=\"og:description\" content=\"D\u00e9couvrez les cha\u00eenes de montagnes fran\u00e7aises gr\u00e2ce \u00e0 nos h\u00f4tels aux Alpes et Pyr\u00e9n\u00e9es.\" \/>\n<meta property=\"og:url\" content=\"https:\/\/www.myallmeeting.com\/fr\/article\/top-10-de-nos-adresses-accor-au-coeur-des-plus-belles-montagnes-francaises\/\" \/>\n<meta property=\"og:site_name\" content=\"Accor MyAllMeeting.com\" \/>\n<meta property=\"article:modified_time\" content=\"2024-07-11T10:58:25+00:00\" \/>\n<meta property=\"og:image\" content=\"https:\/\/myallmeeting.com\/wp-content\/uploads\/2018\/10\/Destination-montagne-1024x304.png\" \/>\n\t<meta property=\"og:image:width\" content=\"1024\" \/>\n\t<meta property=\"og:image:height\" content=\"304\" \/>\n\t<meta property=\"og:image:type\" content=\"image\/png\" \/>\n<meta name=\"twitter:card\" content=\"summary_large_image\" \/>\n<meta name=\"twitter:label1\" content=\"Dur\u00e9e de lecture estim\u00e9e\" \/>\n\t<meta name=\"twitter:data1\" content=\"10 minutes\" \/>\n<script type=\"application\/ld+json\" class=\"yoast-schema-graph\">{\"@context\":\"https:\/\/schema.org\",\"@graph\":[{\"@type\":\"WebPage\",\"@id\":\"https:\/\/www.myallmeeting.com\/fr\/article\/top-10-de-nos-adresses-accor-au-coeur-des-plus-belles-montagnes-francaises\/\",\"url\":\"https:\/\/www.myallmeeting.com\/fr\/article\/top-10-de-nos-adresses-accor-au-coeur-des-plus-belles-montagnes-francaises\/\",\"name\":\"Top 10 de nos adresses Accor au c\u0153ur des plus belles montagnes fran\u00e7aises - Accor MyAllMeeting.com\",\"isPartOf\":{\"@id\":\"https:\/\/www.myallmeeting.com\/fr\/#website\"},\"primaryImageOfPage\":{\"@id\":\"https:\/\/www.myallmeeting.com\/fr\/article\/top-10-de-nos-adresses-accor-au-coeur-des-plus-belles-montagnes-francaises\/#primaryimage\"},\"image\":{\"@id\":\"https:\/\/www.myallmeeting.com\/fr\/article\/top-10-de-nos-adresses-accor-au-coeur-des-plus-belles-montagnes-francaises\/#primaryimage\"},\"thumbnailUrl\":\"https:\/\/www.myallmeeting.com\/wp-content\/uploads\/2018\/10\/Destination-montagne.png\",\"datePublished\":\"2018-10-30T14:51:57+00:00\",\"dateModified\":\"2024-07-11T10:58:25+00:00\",\"breadcrumb\":{\"@id\":\"https:\/\/www.myallmeeting.com\/fr\/article\/top-10-de-nos-adresses-accor-au-coeur-des-plus-belles-montagnes-francaises\/#breadcrumb\"},\"inLanguage\":\"fr-FR\",\"potentialAction\":[{\"@type\":\"ReadAction\",\"target\":[\"https:\/\/www.myallmeeting.com\/fr\/article\/top-10-de-nos-adresses-accor-au-coeur-des-plus-belles-montagnes-francaises\/\"]}]},{\"@type\":\"ImageObject\",\"inLanguage\":\"fr-FR\",\"@id\":\"https:\/\/www.myallmeeting.com\/fr\/article\/top-10-de-nos-adresses-accor-au-coeur-des-plus-belles-montagnes-francaises\/#primaryimage\",\"url\":\"https:\/\/www.myallmeeting.com\/wp-content\/uploads\/2018\/10\/Destination-montagne.png\",\"contentUrl\":\"https:\/\/www.myallmeeting.com\/wp-content\/uploads\/2018\/10\/Destination-montagne.png\",\"width\":1920,\"height\":570},{\"@type\":\"BreadcrumbList\",\"@id\":\"https:\/\/www.myallmeeting.com\/fr\/article\/top-10-de-nos-adresses-accor-au-coeur-des-plus-belles-montagnes-francaises\/#breadcrumb\",\"itemListElement\":[{\"@type\":\"ListItem\",\"position\":1,\"name\":\"Accueil\",\"item\":\"https:\/\/myallmeeting.com\/fr\/\"},{\"@type\":\"ListItem\",\"position\":2,\"name\":\"Actualit\u00e9s\",\"item\":\"https:\/\/www.myallmeeting.com\/fr\/actualite\/\"},{\"@type\":\"ListItem\",\"position\":3,\"name\":\"Top 10 de nos adresses Accor au c\u0153ur des plus belles montagnes fran\u00e7aises\"}]},{\"@type\":\"WebSite\",\"@id\":\"https:\/\/www.myallmeeting.com\/fr\/#website\",\"url\":\"https:\/\/www.myallmeeting.com\/fr\/\",\"name\":\"Accor MyAllMeeting.com\",\"description\":\"Les Meilleurs lieux pour vos Ev\u00e9nements Professionnels\",\"publisher\":{\"@id\":\"https:\/\/www.myallmeeting.com\/fr\/#organization\"},\"potentialAction\":[{\"@type\":\"SearchAction\",\"target\":{\"@type\":\"EntryPoint\",\"urlTemplate\":\"https:\/\/www.myallmeeting.com\/fr\/?s={search_term_string}\"},\"query-input\":{\"@type\":\"PropertyValueSpecification\",\"valueRequired\":true,\"valueName\":\"search_term_string\"}}],\"inLanguage\":\"fr-FR\"},{\"@type\":\"Organization\",\"@id\":\"https:\/\/www.myallmeeting.com\/fr\/#organization\",\"name\":\"ACCOR\",\"url\":\"https:\/\/www.myallmeeting.com\/fr\/\",\"logo\":{\"@type\":\"ImageObject\",\"inLanguage\":\"fr-FR\",\"@id\":\"https:\/\/www.myallmeeting.com\/fr\/#\/schema\/logo\/image\/\",\"url\":\"\",\"contentUrl\":\"\",\"caption\":\"ACCOR\"},\"image\":{\"@id\":\"https:\/\/www.myallmeeting.com\/fr\/#\/schema\/logo\/image\/\"}}]}<\/script>","yoast_head_json":{"title":"Top 10 de nos adresses Accor au c\u0153ur des plus belles montagnes fran\u00e7aises - Accor MyAllMeeting.com","robots":{"index":"index","follow":"follow","max-snippet":"max-snippet:-1","max-image-preview":"max-image-preview:large","max-video-preview":"max-video-preview:-1"},"canonical":"https:\/\/www.myallmeeting.com\/fr\/wp-json\/wp\/v2\/article\/15226746","og_locale":"fr_FR","og_type":"article","og_title":"Top 10 de nos adresses Accor au c\u0153ur des plus belles montagnes fran\u00e7aises - Accor MyAllMeeting.com","og_description":"D\u00e9couvrez les cha\u00eenes de montagnes fran\u00e7aises gr\u00e2ce \u00e0 nos h\u00f4tels aux Alpes et Pyr\u00e9n\u00e9es.","og_url":"https:\/\/www.myallmeeting.com\/fr\/article\/top-10-de-nos-adresses-accor-au-coeur-des-plus-belles-montagnes-francaises\/","og_site_name":"Accor MyAllMeeting.com","article_modified_time":"2024-07-11T10:58:25+00:00","og_image":[{"width":1024,"height":304,"url":"https:\/\/myallmeeting.com\/wp-content\/uploads\/2018\/10\/Destination-montagne-1024x304.png","type":"image\/png"}],"twitter_card":"summary_large_image","twitter_misc":{"Dur\u00e9e de lecture estim\u00e9e":"10 minutes"},"schema":{"@context":"https:\/\/schema.org","@graph":[{"@type":"WebPage","@id":"https:\/\/www.myallmeeting.com\/fr\/article\/top-10-de-nos-adresses-accor-au-coeur-des-plus-belles-montagnes-francaises\/","url":"https:\/\/www.myallmeeting.com\/fr\/article\/top-10-de-nos-adresses-accor-au-coeur-des-plus-belles-montagnes-francaises\/","name":"Top 10 de nos adresses Accor au c\u0153ur des plus belles montagnes fran\u00e7aises - Accor MyAllMeeting.com","isPartOf":{"@id":"https:\/\/www.myallmeeting.com\/fr\/#website"},"primaryImageOfPage":{"@id":"https:\/\/www.myallmeeting.com\/fr\/article\/top-10-de-nos-adresses-accor-au-coeur-des-plus-belles-montagnes-francaises\/#primaryimage"},"image":{"@id":"https:\/\/www.myallmeeting.com\/fr\/article\/top-10-de-nos-adresses-accor-au-coeur-des-plus-belles-montagnes-francaises\/#primaryimage"},"thumbnailUrl":"https:\/\/www.myallmeeting.com\/wp-content\/uploads\/2018\/10\/Destination-montagne.png","datePublished":"2018-10-30T14:51:57+00:00","dateModified":"2024-07-11T10:58:25+00:00","breadcrumb":{"@id":"https:\/\/www.myallmeeting.com\/fr\/article\/top-10-de-nos-adresses-accor-au-coeur-des-plus-belles-montagnes-francaises\/#breadcrumb"},"inLanguage":"fr-FR","potentialAction":[{"@type":"ReadAction","target":["https:\/\/www.myallmeeting.com\/fr\/article\/top-10-de-nos-adresses-accor-au-coeur-des-plus-belles-montagnes-francaises\/"]}]},{"@type":"ImageObject","inLanguage":"fr-FR","@id":"https:\/\/www.myallmeeting.com\/fr\/article\/top-10-de-nos-adresses-accor-au-coeur-des-plus-belles-montagnes-francaises\/#primaryimage","url":"https:\/\/www.myallmeeting.com\/wp-content\/uploads\/2018\/10\/Destination-montagne.png","contentUrl":"https:\/\/www.myallmeeting.com\/wp-content\/uploads\/2018\/10\/Destination-montagne.png","width":1920,"height":570},{"@type":"BreadcrumbList","@id":"https:\/\/www.myallmeeting.com\/fr\/article\/top-10-de-nos-adresses-accor-au-coeur-des-plus-belles-montagnes-francaises\/#breadcrumb","itemListElement":[{"@type":"ListItem","position":1,"name":"Accueil","item":"https:\/\/myallmeeting.com\/fr\/"},{"@type":"ListItem","position":2,"name":"Actualit\u00e9s","item":"https:\/\/www.myallmeeting.com\/fr\/actualite\/"},{"@type":"ListItem","position":3,"name":"Top 10 de nos adresses Accor au c\u0153ur des plus belles montagnes fran\u00e7aises"}]},{"@type":"WebSite","@id":"https:\/\/www.myallmeeting.com\/fr\/#website","url":"https:\/\/www.myallmeeting.com\/fr\/","name":"Accor MyAllMeeting.com","description":"Les Meilleurs lieux pour vos Ev\u00e9nements Professionnels","publisher":{"@id":"https:\/\/www.myallmeeting.com\/fr\/#organization"},"potentialAction":[{"@type":"SearchAction","target":{"@type":"EntryPoint","urlTemplate":"https:\/\/www.myallmeeting.com\/fr\/?s={search_term_string}"},"query-input":{"@type":"PropertyValueSpecification","valueRequired":true,"valueName":"search_term_string"}}],"inLanguage":"fr-FR"},{"@type":"Organization","@id":"https:\/\/www.myallmeeting.com\/fr\/#organization","name":"ACCOR","url":"https:\/\/www.myallmeeting.com\/fr\/","logo":{"@type":"ImageObject","inLanguage":"fr-FR","@id":"https:\/\/www.myallmeeting.com\/fr\/#\/schema\/logo\/image\/","url":"","contentUrl":"","caption":"ACCOR"},"image":{"@id":"https:\/\/www.myallmeeting.com\/fr\/#\/schema\/logo\/image\/"}}]}},"_links":{"self":[{"href":"https:\/\/www.myallmeeting.com\/fr\/wp-json\/wp\/v2\/article\/15226746","targetHints":{"allow":["GET"]}}],"collection":[{"href":"https:\/\/www.myallmeeting.com\/fr\/wp-json\/wp\/v2\/article"}],"about":[{"href":"https:\/\/www.myallmeeting.com\/fr\/wp-json\/wp\/v2\/types\/article"}],"wp:featuredmedia":[{"embeddable":true,"href":"https:\/\/www.myallmeeting.com\/fr\/wp-json\/wp\/v2\/media\/16021650"}],"wp:attachment":[{"href":"https:\/\/www.myallmeeting.com\/fr\/wp-json\/wp\/v2\/media?parent=15226746"}],"wp:term":[{"taxonomy":"periscope_categorie_tax","embeddable":true,"href":"https:\/\/www.myallmeeting.com\/fr\/wp-json\/wp\/v2\/periscope_categorie_tax?post=15226746"}],"curies":[{"name":"wp","href":"https:\/\/api.w.org\/{rel}","templated":true}]}}