{"id":15226742,"date":"2018-11-02T11:53:22","date_gmt":"2018-11-02T10:53:22","guid":{"rendered":"https:\/\/myallmeeting.com\/article\/movenpick-le-choix-du-haut-de-gamme-pour-votre-reunion\/"},"modified":"2024-12-02T15:42:16","modified_gmt":"2024-12-02T14:42:16","slug":"movenpick-le-choix-du-haut-de-gamme-pour-votre-reunion","status":"publish","type":"article","link":"https:\/\/www.myallmeeting.com\/fr\/article\/movenpick-le-choix-du-haut-de-gamme-pour-votre-reunion\/","title":{"rendered":"M\u00f6venpick, le choix du haut-de-gamme pour votre r\u00e9union"},"content":{"rendered":"<!-- START OF : Composant : block-periscope-theme-section-composant-25-texte-cta-2-images.php -->\n<div class=\"tcta2ia bg-white fs-wysiwyg mb-lg-12\" data-component=\"25-texte-cta-2-images\">\n\t<div class=\"tcta2ia__top\">\n\t\t<div class=\"container-fluid\" style=\"--bs-gutter-x: 0\">\n\t\t\t<div class=\"row\" style=\"--bs-gutter-x: 0\">\n\t\t\t\t<div class=\"col-lg-8\">\n\t\t\t\t\t\t\t\t\t\t<div class=\"bloc-mise-en-avant__top__left\">\n\t\t\t\t\t\t<img decoding=\"async\" src=\"https:\/\/www.myallmeeting.com\/wp-content\/uploads\/2018\/11\/aja_p_5272-56__original-1268x846.jpeg\" class=\"pe-2 pe-lg-0\" width=\"1268\" height=\"846\" alt=\"\" loading=\"lazy\" \/>\n\t\t\t\t\t<\/div>\n\t\t\t\t\t\t\t\t\t\t<div class=\"tcta2ia__bottom d-none d-lg-block pb-12 pt-lg-9 pb-lg-0 pe-lg-10\">\n\t\t\t\t\t\t\t\t\t\t\t\t<h2 class=\"fs-20 fs-lg-32 fw-semibold\">L\u2019origine de la marque <\/h2>\n\t\t\t\t\t\t\t\t\t\t\t\t\t\t\t\t\t\t<div class=\"fs-wysiwyg\"><p><strong>M\u00f6venpick Hotels &amp; Resorts<\/strong> a vu le jour en 1973 et fait aujourd\u2019hui partie des <strong>grandes r\u00e9f\u00e9rences de l\u2019h\u00f4tellerie dans le monde<\/strong>.<\/p>\n<p>Sp\u00e9cialis\u00e9e dans les <strong>s\u00e9jours d\u2019affaires<\/strong> et les <strong>conf\u00e9rences haut de gamme<\/strong>, la marque est r\u00e9put\u00e9e pour ses <strong>valeurs traditionnelles suisses<\/strong>, telles que la <strong>qualit\u00e9<\/strong>, la <strong>fiabilit\u00e9<\/strong> et le souci d\u2019apporter une <strong>touche personnelle<\/strong> \u00e0 chacun de ses h\u00f4tes.<\/p>\n<p>Un <strong>point de diff\u00e9renciation<\/strong> pour l\u2019entreprise, qui r\u00e9pond \u00e0 sa promesse de \u00ab <strong><em>cr\u00e9er des moments<\/em><\/strong> \u00bb.<\/p>\n<p>Elle a compris que les <strong>petits gestes<\/strong>, <strong>l\u2019attention aux d\u00e9tails<\/strong>, une <strong>touche personnelle<\/strong> et une <strong>chaleur humaine authentique<\/strong> subliment l\u2019exp\u00e9rience du client.<\/p>\n<\/div>\n\t\t\t\t\t\t\t\t\t\t\t\t<div class=\"d-flex flex-column flex-lg-row align-items-center gap-5 gap-lg-8 justify-content-between\">\n\t\t\t\t\t\t\t<div class=\"fs-20 fs-lg-26 fw-semibold lh-xs\"><\/div>\n\t\t\t\t\t\t\t\t\t\t\t\t\t<\/div>\n\t\t\t\t\t<\/div>\n\t\t\t\t<\/div>\n\t\t\t\t<div class=\"col-lg-4\">\n\t\t\t\t\t<div class=\"tcta2ia__top__right t-0 r-0 bg-primary text-white pt-4 pb-4 px-2 pt-lg-8 pb-lg-16 px-lg-11 pb-xl-30\">\n\t\t\t\t\t\t\t\t\t\t\t\t\t\t\t\t\t\t<h2 class=\"unna fs-36 fs-lg-51 fs-xl-75 fs-italic fw-normal text-secondary\">M\u00f6venpick, le choix du haut-de-gamme pour votre r\u00e9union<\/h2>\n\t\t\t\t\t\t\t\t\t\t\t\t\t\t\t\t\t\t<h3 class=\"text-white fs-18 fs-lg-20 fs-xl-28 text-original-case\">Comment se distingue le r\u00e9seau M\u00f6venpick ? D\u00e9couvrez son histoire, qui fait de cette marque un choix unique pour votre prochain \u00e9v\u00e9nement.<\/h3>\n\t\t\t\t\t\t\t\t\t\t\t\t\t\t\t\t\t\t<div class=\"fs-wysiwyg mb-4 fs-lg-16 fs-xl-20\"><p><strong>Accor<\/strong> a conclu l\u2019acquisition de <strong>M\u00f6venpick Hotels &amp; Resorts<\/strong> en avril 2018. Une tr\u00e8s belle op\u00e9ration qui renforce la pr\u00e9sence d\u2019Accor dans le monde, et notamment en <strong>Europe<\/strong> ainsi qu\u2019en <strong>Afrique<\/strong> et au <strong>Moyen-Orient<\/strong>.<\/p>\n<p>Le <strong>M\u00f6venpick<\/strong> met ainsi \u00e0 votre disposition <strong>35 \u00e9tablissements<\/strong> sur la plateforme MyAllMeeting, pour l\u2019organisation de votre <strong>\u00e9v\u00e9nement professionnel<\/strong>. Le r\u00e9seau h\u00f4telier a compl\u00e8tement <strong>r\u00e9volutionn\u00e9 le secteur europ\u00e9en de la restauration<\/strong> et a lanc\u00e9 un <strong>nouveau style d\u2019h\u00f4tellerie en avance sur son temps<\/strong>.<\/p>\n<\/div>\n\t\t\t\t\t\t\t\t\t\t\t\t\t\t\t\t\t\t\t\t\t\t\t\t<p class=\"m-0\"><img decoding=\"async\" src=\"https:\/\/www.myallmeeting.com\/wp-content\/uploads\/2018\/11\/aja_p_5169-48__original-633x398.jpeg\" class=\"position-relative l-0\" width=\"633\" height=\"398\" alt=\"\" loading=\"lazy\" \/><\/p>\n\t\t\t\t\t\t\t\t\t\t\t<\/div>\n\t\t\t\t<\/div>\n\t\t\t<\/div>\n\t\t<\/div>\n\t<\/div>\n\t<div class=\"tcta2ia__bottom d-lg-none pb-12 py-lg-9 pe-lg-10\">\n\t\t\t\t<div class=\"h2 fs-20 fs-lg-32 fw-semibold\">L\u2019origine de la marque <\/div>\n\t\t\t\t\t\t<div class=\"fs-wysiwyg\"><p><strong>M\u00f6venpick Hotels &amp; Resorts<\/strong> a vu le jour en 1973 et fait aujourd\u2019hui partie des <strong>grandes r\u00e9f\u00e9rences de l\u2019h\u00f4tellerie dans le monde<\/strong>.<\/p>\n<p>Sp\u00e9cialis\u00e9e dans les <strong>s\u00e9jours d\u2019affaires<\/strong> et les <strong>conf\u00e9rences haut de gamme<\/strong>, la marque est r\u00e9put\u00e9e pour ses <strong>valeurs traditionnelles suisses<\/strong>, telles que la <strong>qualit\u00e9<\/strong>, la <strong>fiabilit\u00e9<\/strong> et le souci d\u2019apporter une <strong>touche personnelle<\/strong> \u00e0 chacun de ses h\u00f4tes.<\/p>\n<p>Un <strong>point de diff\u00e9renciation<\/strong> pour l\u2019entreprise, qui r\u00e9pond \u00e0 sa promesse de \u00ab <strong><em>cr\u00e9er des moments<\/em><\/strong> \u00bb.<\/p>\n<p>Elle a compris que les <strong>petits gestes<\/strong>, <strong>l\u2019attention aux d\u00e9tails<\/strong>, une <strong>touche personnelle<\/strong> et une <strong>chaleur humaine authentique<\/strong> subliment l\u2019exp\u00e9rience du client.<\/p>\n<\/div>\n\t\t\t\t<div class=\"d-flex flex-column flex-lg-row align-items-center gap-5 gap-lg-8 justify-content-between\">\n\t\t\t<div class=\"fs-20 fs-lg-26 fw-semibold lh-xs\"><\/div>\n\t\t\t\t\t<\/div>\n\t<\/div>\n<\/div>\n<!-- END OF : Composant : block-periscope-theme-section-composant-25-texte-cta-2-images.php -->\n\n\n<!-- START OF : Composant : block-periscope-theme-section-composant-33-texte-image.php -->\n<div class=\"text-image fs-wysiwyg mb-8 mb-lg-12\" data-component=\"33-texte-image\">\n\t<div class=\"container-fluid\" style=\"--bs-gutter-x: 0\">\n\t\t<div class=\"row\" style=\"--bs-gutter-x: 0\">\n\t\t\t\t\t\t<div class=\"col-lg-6 mb-7 mb-lg-0\">\n\t\t\t\t<img decoding=\"async\" src=\"https:\/\/www.myallmeeting.com\/wp-content\/uploads\/2018\/11\/aja_p_5460-12__original-953x600.jpeg\" width=\"953\" height=\"600\" alt=\"\" loading=\"lazy\" class=\"w-100\" \/>\n\t\t\t<\/div>\n\t\t\t\t\t\t<div class=\"col-lg-6\">\n\t\t\t\t<div class=\"text-image__content\">\n\t\t\t\t\t\t\t\t\t\t<div class=\"fw-semibold lh-xs fs-20 fs-lg-32 ls--25 mb-5\">Un homme et sa vision<\/div>\n\t\t\t\t\t\t\t\t\t\t\t\t\t\t\t<div class=\"fs-wysiwyg\">\n\t\t\t\t\t\t<p><strong>Ueli Prager<\/strong>, le fondateur de l\u2019entreprise, expliquait : \u00ab <em>Nous ne faisons rien d\u2019extraordinaire. Nous parvenons au succ\u00e8s simplement parce que nous faisons des choses tout \u00e0 fait normales mais <strong>d\u2019une fa\u00e7on extraordinaire<\/strong><\/em><strong>.<\/strong> \u00bb.<\/p>\n<p>La vision du service de la marque est toujours la m\u00eame depuis. Celui-ci doit \u00eatre <strong>chaleureux, intuitif, personnel et unique<\/strong>.<\/p>\n\t\t\t\t\t<\/div>\n\t\t\t\t\t\t\t\t\t<\/div>\n\t\t\t<\/div>        \n\t\t<\/div>\n\t<\/div>\n<\/div>\n<!-- END OF : Composant : block-periscope-theme-section-composant-33-texte-image.php -->\n\n\n<!-- START OF : Composant : block-periscope-theme-section-composant-33-texte-image.php -->\n<!-- INVERSE -->\n<div class=\"text-image fs-wysiwyg mb-8 mb-lg-12\" data-component=\"33-texte-image\" data-reverse=\"oui\">\n\t<div class=\"container-fluid\" style=\"--bs-gutter-x: 0\">\n\t\t<div class=\"row\" style=\"--bs-gutter-x: 0\">\n\t\t\t<div class=\"col-lg-6\">\n\t\t\t\t<div class=\"text-image__content\">\n\t\t\t\t\t\t\t\t\t\t<div class=\"fw-semibold lh-xs fs-20 fs-lg-32 ls--25 mb-5\">Une marque innovante<\/div>\n\t\t\t\t\t\t\t\t\t\t\t\t\t\t\t<div class=\"fs-wysiwyg\">\n\t\t\t\t\t\t<p>L\u2019enseigne est \u00e9galement connue pour sa capacit\u00e9 \u00e0 innover, qu\u2019elle porte en elle depuis sa cr\u00e9ation.<\/p>\n<p>\u00c0 cette \u00e9poque, Ueli Prager cr\u00e9e un concept de restaurant bas\u00e9 sur la <strong>simplicit\u00e9<\/strong>, la <strong>passion<\/strong> <strong>pour l\u2019excellence<\/strong> <strong>culinaire et h\u00f4teli\u00e8re<\/strong>, l\u2019engagement pour le <strong>service<\/strong> et <strong>l\u2019innovation<\/strong>.<\/p>\n<p>Consciente de la force d\u2019une marque, l\u2019entreprise la d\u00e9cline d\u00e8s les ann\u00e9es 1960 dans une <strong>gamme compl\u00e8te de biens et services<\/strong> allant des bars \u00e0 vins \u00e0 une <strong>marque de caf\u00e9<\/strong> en passant par les d\u00e9sormais <strong>c\u00e9l\u00e8bres glaces M\u00f6venpick<\/strong>.<\/p>\n\t\t\t\t\t<\/div>\n\t\t\t\t\t\t\t\t\t<\/div>\n\t\t\t<\/div>    \n\t\t\t    \n\t\t\t<div class=\"col-lg-6 order-first order-lg-last mb-7 mb-lg-0\">\n\t\t\t\t<img decoding=\"async\" src=\"https:\/\/www.myallmeeting.com\/wp-content\/uploads\/2018\/11\/aja_p_4346-70__original-953x600.jpeg\" width=\"953\" height=\"600\" alt=\"\" loading=\"lazy\" class=\"w-100\" \/>\n\t\t\t<\/div>\n\t\t\t\t\t<\/div>\n\t<\/div>\n<\/div>\n<!-- END OF : Composant : block-periscope-theme-section-composant-33-texte-image.php -->\n\n\n<!-- START OF : Composant : block-periscope-theme-section-composant-33-texte-image.php -->\n<div class=\"text-image fs-wysiwyg mb-8 mb-lg-12\" data-component=\"33-texte-image\">\n\t<div class=\"container-fluid\" style=\"--bs-gutter-x: 0\">\n\t\t<div class=\"row\" style=\"--bs-gutter-x: 0\">\n\t\t\t\t\t\t<div class=\"col-lg-6 mb-7 mb-lg-0\">\n\t\t\t\t<img decoding=\"async\" src=\"https:\/\/www.myallmeeting.com\/wp-content\/uploads\/2018\/11\/aja_p_5165-56__original-953x600.jpeg\" width=\"953\" height=\"600\" alt=\"\" loading=\"lazy\" class=\"w-100\" \/>\n\t\t\t<\/div>\n\t\t\t\t\t\t<div class=\"col-lg-6\">\n\t\t\t\t<div class=\"text-image__content\">\n\t\t\t\t\t\t\t\t\t\t<div class=\"fw-semibold lh-xs fs-20 fs-lg-32 ls--25 mb-5\">L\u2019exigence d\u2019une mouette<\/div>\n\t\t\t\t\t\t\t\t\t\t\t\t\t\t\t<div class=\"fs-wysiwyg\">\n\t\t\t\t\t\t<p>Un\u00a0<strong>savoir-faire innovant<\/strong>\u00a0qui perdure aujourd\u2019hui dans la qu\u00eate permanente de la marque \u00e0 r\u00e9pondre aux besoins en constante \u00e9volution des clients et \u00e0 perp\u00e9tuer son\u00a0<strong>riche patrimoine culinaire<\/strong>\u00a0en\u00a0<strong>cr\u00e9ant des tendances,<\/strong>\u00a0mais sans jamais compromettre la\u00a0<strong>qualit\u00e9<\/strong>\u00a0et <strong>l\u2019authenticit\u00e9<\/strong>.<\/p>\n<p>Une approche reprenant l\u2019id\u00e9e qui a inspir\u00e9 le nom de la marque \u00e0 son cr\u00e9ateur\u2026 Alors qu\u2019Ueli Prager se promenait au bord du lac de Zurich, il observe les \u00e9l\u00e9gants mouvements d\u2019une mouette (\u00ab\u00a0<em>M\u00f6we<\/em>\u00a0\u00bb en allemand) qui s\u00e9lectionne sa nourriture (\u00ab\u00a0<em>Pick<\/em>\u00a0\u00bb en anglais) dans les eaux du lac.<\/p>\n<p>M\u00f6venpick et son\u00a0<strong>image s\u00e9lecte<\/strong>\u00a0\u00e9tait n\u00e9e !<\/p>\n\t\t\t\t\t<\/div>\n\t\t\t\t\t\t\t\t\t<\/div>\n\t\t\t<\/div>        \n\t\t<\/div>\n\t<\/div>\n<\/div>\n<!-- END OF : Composant : block-periscope-theme-section-composant-33-texte-image.php -->\n\n\n<!-- START OF : Composant : block-periscope-theme-section-composant-33-texte-image.php -->\n<!-- INVERSE -->\n<div class=\"text-image fs-wysiwyg mb-8 mb-lg-12\" data-component=\"33-texte-image\" data-reverse=\"oui\">\n\t<div class=\"container-fluid\" style=\"--bs-gutter-x: 0\">\n\t\t<div class=\"row\" style=\"--bs-gutter-x: 0\">\n\t\t\t<div class=\"col-lg-6\">\n\t\t\t\t<div class=\"text-image__content\">\n\t\t\t\t\t\t\t\t\t\t<div class=\"fw-semibold lh-xs fs-20 fs-lg-32 ls--25 mb-5\">Une marque \u00e9coresponsable<\/div>\n\t\t\t\t\t\t\t\t\t\t\t\t\t\t\t<div class=\"fs-wysiwyg\">\n\t\t\t\t\t\t<p>En tant <strong>qu\u2019entreprise internationale<\/strong> \u00e0 <strong>l\u2019empreinte croissante<\/strong>, M\u00f6venpick adopte une <strong>approche durable et responsable<\/strong> de ses activit\u00e9s pour <strong>prot\u00e9ger l\u2019environnement et les populations locales<\/strong> dans chacune de ses implantations.<\/p>\n<p>En 2017, M\u00f6venpick devient la <strong>premi\u00e8re cha\u00eene h\u00f4teli\u00e8re au monde certifi\u00e9e Green Globe<\/strong>.<\/p>\n<p>Un label qui r\u00e9compense et accompagne les organisations touristiques ayant opt\u00e9 pour une <strong>d\u00e9marche d\u2019am\u00e9lioration<\/strong> de la gestion environnementale et sociale de leurs activit\u00e9s.<\/p>\n\t\t\t\t\t<\/div>\n\t\t\t\t\t\t\t\t\t<\/div>\n\t\t\t<\/div>    \n\t\t\t    \n\t\t\t<div class=\"col-lg-6 order-first order-lg-last mb-7 mb-lg-0\">\n\t\t\t\t<img decoding=\"async\" src=\"https:\/\/www.myallmeeting.com\/wp-content\/uploads\/2018\/11\/aja_p_5177-52__original-953x600.jpeg\" width=\"953\" height=\"600\" alt=\"\" loading=\"lazy\" class=\"w-100\" \/>\n\t\t\t<\/div>\n\t\t\t\t\t<\/div>\n\t<\/div>\n<\/div>\n<!-- END OF : Composant : block-periscope-theme-section-composant-33-texte-image.php -->\n","protected":false},"excerpt":{"rendered":"<p>Comment se distingue le r\u00e9seau M\u00f6venpick ? D\u00e9couvrez son histoire, qui fait de cette marque un choix unique pour votre prochain \u00e9v\u00e9nement.<\/p>\n","protected":false},"featured_media":16836165,"menu_order":0,"template":"","periscope_categorie_tax":[1649],"class_list":["post-15226742","article","type-article","status-publish","has-post-thumbnail","hentry","periscope_categorie_tax-organiser-votre-reunion"],"acf":[],"yoast_head":"<title>M\u00f6venpick, le choix du haut-de-gamme pour votre r\u00e9union - Accor MyAllMeeting.com<\/title>\n<meta name=\"robots\" content=\"index, follow, max-snippet:-1, max-image-preview:large, max-video-preview:-1\" \/>\n<link rel=\"canonical\" href=\"https:\/\/www.myallmeeting.com\/fr\/wp-json\/wp\/v2\/article\/15226742\" \/>\n<meta property=\"og:locale\" content=\"fr_FR\" \/>\n<meta property=\"og:type\" content=\"article\" \/>\n<meta property=\"og:title\" content=\"M\u00f6venpick, le choix du haut-de-gamme pour votre r\u00e9union - Accor MyAllMeeting.com\" \/>\n<meta property=\"og:description\" content=\"Comment se distingue le r\u00e9seau M\u00f6venpick ? D\u00e9couvrez son histoire, qui fait de cette marque un choix unique pour votre prochain \u00e9v\u00e9nement.\" \/>\n<meta property=\"og:url\" content=\"https:\/\/www.myallmeeting.com\/fr\/article\/movenpick-le-choix-du-haut-de-gamme-pour-votre-reunion\/\" \/>\n<meta property=\"og:site_name\" content=\"Accor MyAllMeeting.com\" \/>\n<meta property=\"article:modified_time\" content=\"2024-12-02T14:42:16+00:00\" \/>\n<meta property=\"og:image\" content=\"https:\/\/myallmeeting.com\/wp-content\/uploads\/2018\/11\/MAM-baner-1920x570-68.png\" \/>\n\t<meta property=\"og:image:width\" content=\"1920\" \/>\n\t<meta property=\"og:image:height\" content=\"570\" \/>\n\t<meta property=\"og:image:type\" content=\"image\/png\" \/>\n<meta name=\"twitter:card\" content=\"summary_large_image\" \/>\n<meta name=\"twitter:label1\" content=\"Dur\u00e9e de lecture estim\u00e9e\" \/>\n\t<meta name=\"twitter:data1\" content=\"5 minutes\" \/>\n<script type=\"application\/ld+json\" class=\"yoast-schema-graph\">{\"@context\":\"https:\/\/schema.org\",\"@graph\":[{\"@type\":\"WebPage\",\"@id\":\"https:\/\/www.myallmeeting.com\/fr\/article\/movenpick-le-choix-du-haut-de-gamme-pour-votre-reunion\/\",\"url\":\"https:\/\/www.myallmeeting.com\/fr\/article\/movenpick-le-choix-du-haut-de-gamme-pour-votre-reunion\/\",\"name\":\"M\u00f6venpick, le choix du haut-de-gamme pour votre r\u00e9union - Accor MyAllMeeting.com\",\"isPartOf\":{\"@id\":\"https:\/\/www.myallmeeting.com\/fr\/#website\"},\"primaryImageOfPage\":{\"@id\":\"https:\/\/www.myallmeeting.com\/fr\/article\/movenpick-le-choix-du-haut-de-gamme-pour-votre-reunion\/#primaryimage\"},\"image\":{\"@id\":\"https:\/\/www.myallmeeting.com\/fr\/article\/movenpick-le-choix-du-haut-de-gamme-pour-votre-reunion\/#primaryimage\"},\"thumbnailUrl\":\"https:\/\/www.myallmeeting.com\/wp-content\/uploads\/2018\/11\/MAM-baner-1920x570-68.png\",\"datePublished\":\"2018-11-02T10:53:22+00:00\",\"dateModified\":\"2024-12-02T14:42:16+00:00\",\"breadcrumb\":{\"@id\":\"https:\/\/www.myallmeeting.com\/fr\/article\/movenpick-le-choix-du-haut-de-gamme-pour-votre-reunion\/#breadcrumb\"},\"inLanguage\":\"fr-FR\",\"potentialAction\":[{\"@type\":\"ReadAction\",\"target\":[\"https:\/\/www.myallmeeting.com\/fr\/article\/movenpick-le-choix-du-haut-de-gamme-pour-votre-reunion\/\"]}]},{\"@type\":\"ImageObject\",\"inLanguage\":\"fr-FR\",\"@id\":\"https:\/\/www.myallmeeting.com\/fr\/article\/movenpick-le-choix-du-haut-de-gamme-pour-votre-reunion\/#primaryimage\",\"url\":\"https:\/\/www.myallmeeting.com\/wp-content\/uploads\/2018\/11\/MAM-baner-1920x570-68.png\",\"contentUrl\":\"https:\/\/www.myallmeeting.com\/wp-content\/uploads\/2018\/11\/MAM-baner-1920x570-68.png\",\"width\":1920,\"height\":570},{\"@type\":\"BreadcrumbList\",\"@id\":\"https:\/\/www.myallmeeting.com\/fr\/article\/movenpick-le-choix-du-haut-de-gamme-pour-votre-reunion\/#breadcrumb\",\"itemListElement\":[{\"@type\":\"ListItem\",\"position\":1,\"name\":\"Accueil\",\"item\":\"https:\/\/myallmeeting.com\/fr\/\"},{\"@type\":\"ListItem\",\"position\":2,\"name\":\"Actualit\u00e9s\",\"item\":\"https:\/\/www.myallmeeting.com\/fr\/actualite\/\"},{\"@type\":\"ListItem\",\"position\":3,\"name\":\"M\u00f6venpick, le choix du haut-de-gamme pour votre r\u00e9union\"}]},{\"@type\":\"WebSite\",\"@id\":\"https:\/\/www.myallmeeting.com\/fr\/#website\",\"url\":\"https:\/\/www.myallmeeting.com\/fr\/\",\"name\":\"Accor MyAllMeeting.com\",\"description\":\"Les Meilleurs lieux pour vos Ev\u00e9nements Professionnels\",\"publisher\":{\"@id\":\"https:\/\/www.myallmeeting.com\/fr\/#organization\"},\"potentialAction\":[{\"@type\":\"SearchAction\",\"target\":{\"@type\":\"EntryPoint\",\"urlTemplate\":\"https:\/\/www.myallmeeting.com\/fr\/?s={search_term_string}\"},\"query-input\":{\"@type\":\"PropertyValueSpecification\",\"valueRequired\":true,\"valueName\":\"search_term_string\"}}],\"inLanguage\":\"fr-FR\"},{\"@type\":\"Organization\",\"@id\":\"https:\/\/www.myallmeeting.com\/fr\/#organization\",\"name\":\"ACCOR\",\"url\":\"https:\/\/www.myallmeeting.com\/fr\/\",\"logo\":{\"@type\":\"ImageObject\",\"inLanguage\":\"fr-FR\",\"@id\":\"https:\/\/www.myallmeeting.com\/fr\/#\/schema\/logo\/image\/\",\"url\":\"\",\"contentUrl\":\"\",\"caption\":\"ACCOR\"},\"image\":{\"@id\":\"https:\/\/www.myallmeeting.com\/fr\/#\/schema\/logo\/image\/\"}}]}<\/script>","yoast_head_json":{"title":"M\u00f6venpick, le choix du haut-de-gamme pour votre r\u00e9union - Accor MyAllMeeting.com","robots":{"index":"index","follow":"follow","max-snippet":"max-snippet:-1","max-image-preview":"max-image-preview:large","max-video-preview":"max-video-preview:-1"},"canonical":"https:\/\/www.myallmeeting.com\/fr\/wp-json\/wp\/v2\/article\/15226742","og_locale":"fr_FR","og_type":"article","og_title":"M\u00f6venpick, le choix du haut-de-gamme pour votre r\u00e9union - Accor MyAllMeeting.com","og_description":"Comment se distingue le r\u00e9seau M\u00f6venpick ? D\u00e9couvrez son histoire, qui fait de cette marque un choix unique pour votre prochain \u00e9v\u00e9nement.","og_url":"https:\/\/www.myallmeeting.com\/fr\/article\/movenpick-le-choix-du-haut-de-gamme-pour-votre-reunion\/","og_site_name":"Accor MyAllMeeting.com","article_modified_time":"2024-12-02T14:42:16+00:00","og_image":[{"width":1920,"height":570,"url":"https:\/\/myallmeeting.com\/wp-content\/uploads\/2018\/11\/MAM-baner-1920x570-68.png","type":"image\/png"}],"twitter_card":"summary_large_image","twitter_misc":{"Dur\u00e9e de lecture estim\u00e9e":"5 minutes"},"schema":{"@context":"https:\/\/schema.org","@graph":[{"@type":"WebPage","@id":"https:\/\/www.myallmeeting.com\/fr\/article\/movenpick-le-choix-du-haut-de-gamme-pour-votre-reunion\/","url":"https:\/\/www.myallmeeting.com\/fr\/article\/movenpick-le-choix-du-haut-de-gamme-pour-votre-reunion\/","name":"M\u00f6venpick, le choix du haut-de-gamme pour votre r\u00e9union - Accor MyAllMeeting.com","isPartOf":{"@id":"https:\/\/www.myallmeeting.com\/fr\/#website"},"primaryImageOfPage":{"@id":"https:\/\/www.myallmeeting.com\/fr\/article\/movenpick-le-choix-du-haut-de-gamme-pour-votre-reunion\/#primaryimage"},"image":{"@id":"https:\/\/www.myallmeeting.com\/fr\/article\/movenpick-le-choix-du-haut-de-gamme-pour-votre-reunion\/#primaryimage"},"thumbnailUrl":"https:\/\/www.myallmeeting.com\/wp-content\/uploads\/2018\/11\/MAM-baner-1920x570-68.png","datePublished":"2018-11-02T10:53:22+00:00","dateModified":"2024-12-02T14:42:16+00:00","breadcrumb":{"@id":"https:\/\/www.myallmeeting.com\/fr\/article\/movenpick-le-choix-du-haut-de-gamme-pour-votre-reunion\/#breadcrumb"},"inLanguage":"fr-FR","potentialAction":[{"@type":"ReadAction","target":["https:\/\/www.myallmeeting.com\/fr\/article\/movenpick-le-choix-du-haut-de-gamme-pour-votre-reunion\/"]}]},{"@type":"ImageObject","inLanguage":"fr-FR","@id":"https:\/\/www.myallmeeting.com\/fr\/article\/movenpick-le-choix-du-haut-de-gamme-pour-votre-reunion\/#primaryimage","url":"https:\/\/www.myallmeeting.com\/wp-content\/uploads\/2018\/11\/MAM-baner-1920x570-68.png","contentUrl":"https:\/\/www.myallmeeting.com\/wp-content\/uploads\/2018\/11\/MAM-baner-1920x570-68.png","width":1920,"height":570},{"@type":"BreadcrumbList","@id":"https:\/\/www.myallmeeting.com\/fr\/article\/movenpick-le-choix-du-haut-de-gamme-pour-votre-reunion\/#breadcrumb","itemListElement":[{"@type":"ListItem","position":1,"name":"Accueil","item":"https:\/\/myallmeeting.com\/fr\/"},{"@type":"ListItem","position":2,"name":"Actualit\u00e9s","item":"https:\/\/www.myallmeeting.com\/fr\/actualite\/"},{"@type":"ListItem","position":3,"name":"M\u00f6venpick, le choix du haut-de-gamme pour votre r\u00e9union"}]},{"@type":"WebSite","@id":"https:\/\/www.myallmeeting.com\/fr\/#website","url":"https:\/\/www.myallmeeting.com\/fr\/","name":"Accor MyAllMeeting.com","description":"Les Meilleurs lieux pour vos Ev\u00e9nements Professionnels","publisher":{"@id":"https:\/\/www.myallmeeting.com\/fr\/#organization"},"potentialAction":[{"@type":"SearchAction","target":{"@type":"EntryPoint","urlTemplate":"https:\/\/www.myallmeeting.com\/fr\/?s={search_term_string}"},"query-input":{"@type":"PropertyValueSpecification","valueRequired":true,"valueName":"search_term_string"}}],"inLanguage":"fr-FR"},{"@type":"Organization","@id":"https:\/\/www.myallmeeting.com\/fr\/#organization","name":"ACCOR","url":"https:\/\/www.myallmeeting.com\/fr\/","logo":{"@type":"ImageObject","inLanguage":"fr-FR","@id":"https:\/\/www.myallmeeting.com\/fr\/#\/schema\/logo\/image\/","url":"","contentUrl":"","caption":"ACCOR"},"image":{"@id":"https:\/\/www.myallmeeting.com\/fr\/#\/schema\/logo\/image\/"}}]}},"_links":{"self":[{"href":"https:\/\/www.myallmeeting.com\/fr\/wp-json\/wp\/v2\/article\/15226742","targetHints":{"allow":["GET"]}}],"collection":[{"href":"https:\/\/www.myallmeeting.com\/fr\/wp-json\/wp\/v2\/article"}],"about":[{"href":"https:\/\/www.myallmeeting.com\/fr\/wp-json\/wp\/v2\/types\/article"}],"wp:featuredmedia":[{"embeddable":true,"href":"https:\/\/www.myallmeeting.com\/fr\/wp-json\/wp\/v2\/media\/16836165"}],"wp:attachment":[{"href":"https:\/\/www.myallmeeting.com\/fr\/wp-json\/wp\/v2\/media?parent=15226742"}],"wp:term":[{"taxonomy":"periscope_categorie_tax","embeddable":true,"href":"https:\/\/www.myallmeeting.com\/fr\/wp-json\/wp\/v2\/periscope_categorie_tax?post=15226742"}],"curies":[{"name":"wp","href":"https:\/\/api.w.org\/{rel}","templated":true}]}}