{"id":15226737,"date":"2018-11-14T15:51:22","date_gmt":"2018-11-14T14:51:22","guid":{"rendered":"https:\/\/myallmeeting.com\/article\/top-8-de-nos-hotels-avec-spa-a-moins-de-4h-de-vol-de-paris\/"},"modified":"2024-11-25T16:39:41","modified_gmt":"2024-11-25T15:39:41","slug":"top-8-de-nos-hotels-avec-spa-a-moins-de-4h-de-vol-de-paris","status":"publish","type":"article","link":"https:\/\/www.myallmeeting.com\/fr\/article\/top-8-de-nos-hotels-avec-spa-a-moins-de-4h-de-vol-de-paris\/","title":{"rendered":"Top 6 de nos h\u00f4tels avec spa \u00e0 moins de 4h de vol de Paris"},"content":{"rendered":"<!-- START OF : Composant : block-periscope-theme-section-composant-25-texte-cta-2-images.php -->\n<div class=\"tcta2ia bg-white fs-wysiwyg mb-lg-12\" data-component=\"25-texte-cta-2-images\">\n\t<div class=\"tcta2ia__top\">\n\t\t<div class=\"container-fluid\" style=\"--bs-gutter-x: 0\">\n\t\t\t<div class=\"row\" style=\"--bs-gutter-x: 0\">\n\t\t\t\t<div class=\"col-lg-8\">\n\t\t\t\t\t\t\t\t\t\t<div class=\"bloc-mise-en-avant__top__left\">\n\t\t\t\t\t\t<img decoding=\"async\" src=\"https:\/\/www.myallmeeting.com\/wp-content\/uploads\/2018\/11\/quando-as-linhas-aereas-voltam-a-operar-normalmente-2024-2__original-1268x846.jpeg\" class=\"pe-2 pe-lg-0\" width=\"1268\" height=\"846\" alt=\"\" loading=\"lazy\" \/>\n\t\t\t\t\t<\/div>\n\t\t\t\t\t\t\t\t\t\t<div class=\"tcta2ia__bottom d-none d-lg-block pb-12 pt-lg-9 pb-lg-0 pe-lg-10\">\n\t\t\t\t\t\t\t\t\t\t\t\t<h2 class=\"fs-20 fs-lg-32 fw-semibold\">Sofitel London St James :<\/h2>\n\t\t\t\t\t\t\t\t\t\t\t\t\t\t\t\t\t\t<div class=\"fs-wysiwyg\"><p><span style=\"font-weight: 400;\">Au c\u0153ur de l\u2019Ouest londonien, <\/span><a href=\"https:\/\/myallmeeting.com\/fr\/hotel\/3144-sofitel-londres-st-james\/\" target=\"_blank\" rel=\"noopener\"><span style=\"font-weight: 400;\">cet h\u00f4tel 5 \u00e9toiles<\/span><\/a><span style=\"font-weight: 400;\"> m\u00eale le design traditionnel britannique \u00e0 un style contemporain tr\u00e8s fran\u00e7ais.<\/span><\/p>\n<p><b>Un cadre somptueux pour un \u00e9v\u00e9nement professionnel de grand standing<\/b><span style=\"font-weight: 400;\">\u00a0avec <\/span><b>14 salles de r\u00e9union d\u2019une capacit\u00e9 maximale de 200 personnes<\/b><span style=\"font-weight: 400;\">, dont une salle de conseil d\u2019administration et une salle de r\u00e9ception privative.<\/span><\/p>\n<p><span style=\"font-weight: 400;\">Une exp\u00e9rience grand luxe que vient compl\u00e9ter un SoSpa Sofitel, sur trois \u00e9tages.<\/span><\/p>\n<\/div>\n\t\t\t\t\t\t\t\t\t\t\t\t<div class=\"d-flex flex-column flex-lg-row align-items-center gap-5 gap-lg-8 justify-content-between\">\n\t\t\t\t\t\t\t<div class=\"fs-20 fs-lg-26 fw-semibold lh-xs\"><\/div>\n\t\t\t\t\t\t\t\t\t\t\t\t\t<\/div>\n\t\t\t\t\t<\/div>\n\t\t\t\t<\/div>\n\t\t\t\t<div class=\"col-lg-4\">\n\t\t\t\t\t<div class=\"tcta2ia__top__right t-0 r-0 bg-primary text-white pt-4 pb-4 px-2 pt-lg-8 pb-lg-16 px-lg-11 pb-xl-30\">\n\t\t\t\t\t\t\t\t\t\t\t\t\t\t\t\t\t\t<h2 class=\"unna fs-36 fs-lg-51 fs-xl-75 fs-italic fw-normal text-secondary\">Top 6 de nos h\u00f4tels avec spa \u00e0 moins de 4h de vol de Paris<\/h2>\n\t\t\t\t\t\t\t\t\t\t\t\t\t\t\t\t\t\t<h3 class=\"text-white fs-18 fs-lg-20 fs-xl-28 text-original-case\">D\u00e9couvrez 6 h\u00f4tels Accor \u00e0 moins de 4h de vol de la capitale fran\u00e7aise<\/h3>\n\t\t\t\t\t\t\t\t\t\t\t\t\t\t\t\t\t\t<div class=\"fs-wysiwyg mb-4 fs-lg-16 fs-xl-20\"><p><b>Tallin<\/b><span style=\"font-weight: 400;\">,\u00a0<\/span><b>Sousse<\/b><span style=\"font-weight: 400;\">,\u00a0<\/span><b>Londres<\/b><span style=\"font-weight: 400;\">\u00a0ou encore\u00a0<\/span><b>Istanbul<\/b><span style=\"font-weight: 400;\">, voici notre s\u00e9lection des\u00a0<\/span><b>plus belles adresses Accor avec spa,<\/b><span style=\"font-weight: 400;\">\u00a0\u00e0 quelques heures de vol de Paris, pour une\u00a0<\/span><b>r\u00e9union d\u00e9paysante<\/b><span style=\"font-weight: 400;\">\u00a0et\u00a0<\/span><b>haut de gamme<\/b><span style=\"font-weight: 400;\">.<\/span><\/p>\n<\/div>\n\t\t\t\t\t\t\t\t\t\t\t\t\t\t\t\t\t\t\t\t\t\t\t\t<p class=\"m-0\"><img decoding=\"async\" src=\"https:\/\/www.myallmeeting.com\/wp-content\/uploads\/2018\/11\/HCM_P_0011767__original-633x398.jpeg\" class=\"position-relative l-0\" width=\"633\" height=\"398\" alt=\"\" loading=\"lazy\" \/><\/p>\n\t\t\t\t\t\t\t\t\t\t\t<\/div>\n\t\t\t\t<\/div>\n\t\t\t<\/div>\n\t\t<\/div>\n\t<\/div>\n\t<div class=\"tcta2ia__bottom d-lg-none pb-12 py-lg-9 pe-lg-10\">\n\t\t\t\t<div class=\"h2 fs-20 fs-lg-32 fw-semibold\">Sofitel London St James :<\/div>\n\t\t\t\t\t\t<div class=\"fs-wysiwyg\"><p><span style=\"font-weight: 400;\">Au c\u0153ur de l\u2019Ouest londonien, <\/span><a href=\"https:\/\/myallmeeting.com\/fr\/hotel\/3144-sofitel-londres-st-james\/\" target=\"_blank\" rel=\"noopener\"><span style=\"font-weight: 400;\">cet h\u00f4tel 5 \u00e9toiles<\/span><\/a><span style=\"font-weight: 400;\"> m\u00eale le design traditionnel britannique \u00e0 un style contemporain tr\u00e8s fran\u00e7ais.<\/span><\/p>\n<p><b>Un cadre somptueux pour un \u00e9v\u00e9nement professionnel de grand standing<\/b><span style=\"font-weight: 400;\">\u00a0avec <\/span><b>14 salles de r\u00e9union d\u2019une capacit\u00e9 maximale de 200 personnes<\/b><span style=\"font-weight: 400;\">, dont une salle de conseil d\u2019administration et une salle de r\u00e9ception privative.<\/span><\/p>\n<p><span style=\"font-weight: 400;\">Une exp\u00e9rience grand luxe que vient compl\u00e9ter un SoSpa Sofitel, sur trois \u00e9tages.<\/span><\/p>\n<\/div>\n\t\t\t\t<div class=\"d-flex flex-column flex-lg-row align-items-center gap-5 gap-lg-8 justify-content-between\">\n\t\t\t<div class=\"fs-20 fs-lg-26 fw-semibold lh-xs\"><\/div>\n\t\t\t\t\t<\/div>\n\t<\/div>\n<\/div>\n<!-- END OF : Composant : block-periscope-theme-section-composant-25-texte-cta-2-images.php -->\n\n\n<!-- START OF : Composant : block-periscope-theme-section-composant-26-textes-slider-cta.php -->\n<div class=\"t3icta bg-white pb-12 mb-9 fs-wysiwyg\" data-component=\"26-textes-3-images-cta\">\n\t<div class=\"t3icta__top position-relative\">\n\t\t<div class=\"container-fluid\" style=\"--bs-gutter-x: 0\">\n\t\t\t<div class=\"row\" style=\"--bs-gutter-x: 0\">\n\t\t\t\t\t\t\t\t<div class=\"col-lg-6\">\n\t\t\t\t\t<div class=\"t3icta__slider\">\n\t\t\t\t\t\t<div class=\"splide\">\n\t\t\t\t\t\t\t<div class=\"splide__track\">\n\t\t\t\t\t\t\t\t<div class=\"splide__list\">\n\t\t\t\t\t\t\t\t\t\t\t\t\t\t\t\t\t\t\t<div class=\"splide__slide\">\n\t\t\t\t\t\t\t\t\t\t\t<img decoding=\"async\" src=\"https:\/\/www.myallmeeting.com\/wp-content\/uploads\/2018\/11\/aja_p_5137-89__original-953x600.jpeg\" width=\"953\" height=\"600\" alt=\"\" loading=\"lazy\" \/>\n\t\t\t\t\t\t\t\t\t\t<\/div>\n\t\t\t\t\t\t\t\t\t\t\t\t\t\t\t\t\t\n\t\t\t\t\t\t\t\t<\/div>\n\t\t\t\t\t\t\t<\/div>\n\t\t\t\t\t\t\t<div class=\"splide__arrows d-none d-lg-block\">\n\t\t\t\t\t\t\t\t<button class=\"splide__arrow splide__arrow--prev px-lg-3 py-lg-4 px-xl-4 py-xl-5 px-xxl-5 py-xxl-7 position-absolute l-0 bg-white border-0\">\n\t\t\t\t\t\t\t\t\t<svg width=\"14\" height=\"27\" aria-hidden=\"true\">\n\t\t\t\t\t\t\t\t\t\t<use xlink:href=\"https:\/\/www.myallmeeting.com\/wp-content\/themes\/accor\/assets\/images\/sprite.svg#slider-prev\"><\/use>\n\t\t\t\t\t\t\t\t\t<\/svg>\n\t\t\t\t\t\t\t\t<\/button>\n\t\t\t\t\t\t\t\t<button class=\"splide__arrow splide__arrow--next px-lg-3 py-lg-4 px-xl-4 py-xl-5 px-xxl-5 py-xxl-7 position-absolute r-0 bg-white border-0\">\n\t\t\t\t\t\t\t\t\t<svg width=\"14\" height=\"27\" aria-hidden=\"true\">\n\t\t\t\t\t\t\t\t\t\t<use xlink:href=\"https:\/\/www.myallmeeting.com\/wp-content\/themes\/accor\/assets\/images\/sprite.svg#slider-prev\"><\/use>\n\t\t\t\t\t\t\t\t\t<\/svg>\n\t\t\t\t\t\t\t\t<\/button>\n\t\t\t\t\t\t\t<\/div>\n\t\t\t\t\t\t<\/div>\n\t\t\t\t\t<\/div>\n\t\t\t\t<\/div>\n\t\t\t\t\t\t\t\t<div class=\"col-lg-6\">\n\t\t\t\t\t<div class=\"t3icta__top_right mb-lg-14 px-2 py-9 px-lg-11 py-lg-0\">\n\t\t\t\t\t\t\t\n\t\t\t\t\t\t<h2 class=\"fs-20 fs-lg-23 fs-xl-27 fs-xxl-30 fw-semibold\">M\u00f6venpick Resort &amp; Marine Spa Sousse :<\/h2>\n\t\t\t\t\t\t\t\t\t\t\t\t\t\n\t\t\t\t\t\t<div class=\"fs-wysiwyg\">\n\t\t\t\t\t\t\t<p><span style=\"font-weight: 400;\">Cadre de carte postale pour ce magnifique <\/span><i><span style=\"font-weight: 400;\">resort<\/span><\/i><span style=\"font-weight: 400;\"> qui offre une vue panoramique sur la plage de Sousse, en Tunisie.<\/span><\/p>\n<p><span style=\"font-weight: 400;\">Pour une r\u00e9union au soleil, <\/span><b><a href=\"https:\/\/myallmeeting.com\/fr\/hotel\/b4i8-movenpick-sousse\/\" target=\"_blank\" rel=\"noopener\">l\u2019h\u00f4tel<\/a> dispose de 4 salles<\/b><span style=\"font-weight: 400;\">, toutes \u00e0 la lumi\u00e8re du jour, et d\u2019une <\/span><b>salle de bal de 630 m<\/b><b>2<\/b><span style=\"font-weight: 400;\">,\u00a0<\/span><b>id\u00e9ale pour un d\u00eener de gala ou tout autre \u00e9v\u00e9nement professionnel XXL.<\/b><\/p>\n<p><span style=\"font-weight: 400;\">C\u00f4t\u00e9 relaxation, ce\u00a0<\/span><span style=\"font-weight: 400;\">M\u00f6venpick<\/span><span style=\"font-weight: 400;\"> \u00a0vous ouvre les portes du tout premier spa marin du pays, avec sa piscine d\u2019eau de mer et son concept unique combinant le meilleur de la thalassoth\u00e9rapie et du spa.<\/span><\/p>\n\t\t\t\t\t\t<\/div>\n\t\t\t\t\t\t\t\t\t\t\t<\/div>\n\t\t\t\t<\/div>\n\t\t\t<\/div>\n\t\t<\/div>\n\t<\/div>\n\t<div class=\"t3icta__bottom bg-beige\">\n\t\t<div class=\"container-fluid\" style=\"--bs-gutter-x: 0\">\n\t\t\t<div class=\"row\" style=\"--bs-gutter-x: 0\">\n\t\t\t\t<div class=\"col-lg-5 offset-lg-1\">\n\t\t\t\t\t<div class=\"t3icta__bottom__left\">\n\t\t\t\t\t\t\t\t\t\t\t\t<img decoding=\"async\" src=\"https:\/\/www.myallmeeting.com\/wp-content\/uploads\/2018\/11\/aja_p_6645-56__original-633x398.jpeg\" class=\"w-100 d-lg-none\" width=\"633\" height=\"398\" alt=\"\" loading=\"lazy\" \/> <!-- Ce sont les 2 m\u00eames images : ID 0 -->\n\t\t\t\t\t\t\t\t\t\t\t\t<div class=\"px-2 py-9 px-lg-0 py-lg-0\">\n\t\t\t\t\t\t\t\t\n\t\t\t\t\t\t\t<h2 class=\"fs-20 fs-lg-23 fs-xl-27 fs-xxl-30 fw-semibold\">Sofitel Legend The Grand Amsterdam <\/h2>\n\t\t\t\t\t\t\t\t\t\t\t\t\t\t\t\n\t\t\t\t\t\t\t<div class=\"fs-wysiwyg mb-lg-15\">\n\t\t\t\t\t\t\t\t<p><span style=\"font-weight: 400;\">Avant d\u2019\u00eatre <\/span><a href=\"https:\/\/myallmeeting.com\/fr\/hotel\/2783-sofitel-legend-the-grand-amsterdam\/\" target=\"_blank\" rel=\"noopener\"><span style=\"font-weight: 400;\">l\u2019un des plus beaux h\u00f4tels de luxe de la capitale batave<\/span><\/a><span style=\"font-weight: 400;\">, cet h\u00f4tel 5 \u00e9toiles situ\u00e9 en centre-ville, entre deux canaux, <\/span><b>fut d\u2019abord un couvent au XVe si\u00e8cle, puis un logis royal de l\u2019Amiraut\u00e9 n\u00e9erlandaise et, enfin, l\u2019h\u00f4tel de ville.<\/b><\/p>\n<p><span style=\"font-weight: 400;\">Il compte <\/span><b>19 salles de r\u00e9union et de banquet<\/b><span style=\"font-weight: 400;\">, dont cinq class\u00e9es monuments historiques, souvenir de l\u2019\u00e9poque o\u00f9 la propri\u00e9t\u00e9 \u00e9tait l\u2019h\u00f4tel de ville.<\/span><\/p>\n<p><span style=\"font-weight: 400;\">Pour se ressourcer, le SoSpa offre de nombreux services haut de gamme\u00a0!<\/span><span style=\"font-weight: 400;\"><br \/>\n<\/span><b>Salles de soin, piscine int\u00e9rieure chauff\u00e9e avec hammam, sauna et centre de remise en forme<\/b><span style=\"font-weight: 400;\">\u00a0sont \u00e0 votre enti\u00e8re disposition pour vous relaxer pleinement.<\/span><\/p>\n\t\t\t\t\t\t\t<\/div>\n\t\t\t\t\t\t\t\t\t\t\t\t\t<\/div>\n\t\t\t\t\t\t\t\t\t\t\t\t<div class=\"t3icta__bottom__img1 d-none d-lg-block text-end ms-lg-auto\">\n\t\t\t\t\t\t\t<img decoding=\"async\" src=\"https:\/\/www.myallmeeting.com\/wp-content\/uploads\/2018\/11\/aja_p_6645-56__original-633x398.jpeg\" width=\"633\" height=\"398\" alt=\"\" loading=\"lazy\" \/> <!-- Ce sont les 2 m\u00eames images : ID 1 -->\n\t\t\t\t\t\t<\/div>\n\t\t\t\t\t\t\t\t\t\t\t<\/div>\n\t\t\t\t<\/div>\n\t\t\t\t<div class=\"col-lg-5\">\n\t\t\t\t\t<div class=\"ps-lg-10\">\n\t\t\t\t\t\t\t\t\t\t\t\t<img decoding=\"async\" src=\"https:\/\/www.myallmeeting.com\/wp-content\/uploads\/2018\/11\/HCM_P_3500571__original-2-633x398.png\" class=\"t3icta__bottom__img0 position-relative d-none d-lg-block mb-15\" width=\"633\" height=\"398\" alt=\"\" loading=\"lazy\" \/> <!-- Ce sont les 2 m\u00eames images : ID 0 -->\n\t\t\t\t\t\t\t\t\t\t\t\t<div class=\"px-2 px-lg-0 mb-9\">\n\t\t\t\t\t\t\t\t\n\t\t\t\t\t\t\t<h2 class=\"fs-20 fs-lg-23 fs-xl-27 fs-xxl-30 fw-semibold\">Pullman Mazagan Royal Golf &amp; Spa <\/h2>\n\t\t\t\t\t\t\t\t\t\t\t\t\t\t\t\t\t\t\t\t\t<div class=\"fs-wysiwyg\">\n\t\t\t\t\t\t\t\t<p><b>\u00c0 15 minutes d\u2019El Jadida, ancienne cit\u00e9 portugaise sur la route de Casablanca,\u00a0<\/b><span style=\"font-weight: 400;\">cet h\u00f4tel 5 \u00e9toiles offre une vue magnifique sur la mer d\u2019un c\u00f4t\u00e9 et sur son golf 18 trous de l\u2019autre.<\/span><\/p>\n<p><span style=\"font-weight: 400;\">Il met \u00e0 votre disposition<\/span> <a href=\"https:\/\/myallmeeting.com\/fr\/hotel\/2960-pullman-mazagan-royal-golf-spa\/\" target=\"_blank\" rel=\"noopener\"><b>9 salles de r\u00e9union et un centre d\u2019affaires<\/b><\/a><b> pour un s\u00e9minaire au soleil, en terre marocaine.<\/b><\/p>\n<p><span style=\"font-weight: 400;\">Pour une s\u00e9ance de relaxation, un spa d\u2019inspiration marocaine haut de gamme, une salle de fitness et une piscine vous attendent.<\/span><\/p>\n\t\t\t\t\t\t\t<\/div>\n\t\t\t\t\t\t\t\t\t\t\t\t\t<\/div>\n\t\t\t\t\t\t\t\t\t\t\t\t<div class=\"t3icta__bottom__img1 d-lg-none mx-auto\">\n\t\t\t\t\t\t\t<img decoding=\"async\" src=\"https:\/\/www.myallmeeting.com\/wp-content\/uploads\/2018\/11\/HCM_P_3500571__original-2-633x398.png\" width=\"633\" height=\"398\" alt=\"\" loading=\"lazy\" \/> <!-- Ce sont les 2 m\u00eames images : ID 1 -->\n\t\t\t\t\t\t<\/div>\n\t\t\t\t\t\t\t\t\t\t\t<\/div>\n\t\t\t\t<\/div>\n\t\t\t<\/div>\n\t\t<\/div>\n\t<\/div>\n\t<\/div>\n<!-- END OF : Composant : block-periscope-theme-section-composant-26-textes-slider-cta.php -->\n\n\n<!-- START OF : Composant : block-periscope-theme-section-composant-33-texte-image.php -->\n<!-- INVERSE -->\n<div class=\"text-image fs-wysiwyg mb-8 mb-lg-12\" data-component=\"33-texte-image\" data-reverse=\"oui\">\n\t<div class=\"container-fluid\" style=\"--bs-gutter-x: 0\">\n\t\t<div class=\"row\" style=\"--bs-gutter-x: 0\">\n\t\t\t<div class=\"col-lg-6\">\n\t\t\t\t<div class=\"text-image__content\">\n\t\t\t\t\t\t\t\t\t\t<div class=\"fw-semibold lh-xs fs-20 fs-lg-32 ls--25 mb-5\">Swiss\u00f4tel Tallin <\/div>\n\t\t\t\t\t\t\t\t\t\t\t\t\t\t\t<div class=\"fs-wysiwyg\">\n\t\t\t\t\t\t<p><b>\u00c0 seulement 15 minutes de l\u2019a\u00e9roport, cet h\u00f4tel 5 \u00e9toiles, qui occupe la plus haute tour de la capitale estonienne,\u00a0<\/b><span style=\"font-weight: 400;\">offre une vue imprenable sur la ville class\u00e9e au patrimoine mondial de l\u2019Unesco.<\/span><\/p>\n<p><a href=\"https:\/\/myallmeeting.com\/fr\/hotel\/a5d1-swissotel-tallinn\/\" target=\"_blank\" rel=\"noopener\"><b>Dot\u00e9 de 8 salles de r\u00e9union<\/b><\/a><span style=\"font-weight: 400;\">, toutes \u00e0 la lumi\u00e8re du jour, et de la plus grande salle de bal du pays, il peut accueillir jusqu\u2019\u00e0 500 invit\u00e9s pour une conf\u00e9rence internationale.<\/span><\/p>\n<p><span style=\"font-weight: 400;\">L\u2019h\u00f4tel dispose <\/span><b>d\u2019un spa avec piscine int\u00e9rieure, hammam, ainsi que d\u2019une salle de sport.<\/b><\/p>\n\t\t\t\t\t<\/div>\n\t\t\t\t\t\t\t\t\t<\/div>\n\t\t\t<\/div>    \n\t\t\t    \n\t\t\t<div class=\"col-lg-6 order-first order-lg-last mb-7 mb-lg-0\">\n\t\t\t\t<img decoding=\"async\" src=\"https:\/\/www.myallmeeting.com\/wp-content\/uploads\/2018\/11\/aja_p_6017-55__original-953x600.jpeg\" width=\"953\" height=\"600\" alt=\"\" loading=\"lazy\" class=\"w-100\" \/>\n\t\t\t<\/div>\n\t\t\t\t\t<\/div>\n\t<\/div>\n<\/div>\n<!-- END OF : Composant : block-periscope-theme-section-composant-33-texte-image.php -->\n\n\n<!-- START OF : Composant : block-periscope-theme-section-composant-33-texte-image.php -->\n<div class=\"text-image fs-wysiwyg mb-8 mb-lg-12\" data-component=\"33-texte-image\">\n\t<div class=\"container-fluid\" style=\"--bs-gutter-x: 0\">\n\t\t<div class=\"row\" style=\"--bs-gutter-x: 0\">\n\t\t\t\t\t\t<div class=\"col-lg-6 mb-7 mb-lg-0\">\n\t\t\t\t<img decoding=\"async\" src=\"https:\/\/www.myallmeeting.com\/wp-content\/uploads\/2018\/11\/aja_p_5336-31__original-953x600.jpeg\" width=\"953\" height=\"600\" alt=\"\" loading=\"lazy\" class=\"w-100\" \/>\n\t\t\t<\/div>\n\t\t\t\t\t\t<div class=\"col-lg-6\">\n\t\t\t\t<div class=\"text-image__content\">\n\t\t\t\t\t\t\t\t\t\t<div class=\"fw-semibold lh-xs fs-20 fs-lg-32 ls--25 mb-5\">SO\/ Berlin Das Stue <\/div>\n\t\t\t\t\t\t\t\t\t\t\t\t\t\t\t<div class=\"fs-wysiwyg\">\n\t\t\t\t\t\t<p><span style=\"font-weight: 400;\">Situ\u00e9 dans le quartier des ambassades, cet \u00e9difice n\u00e9oclassique accueillait autrefois l\u2019ambassade royale du Danemark construite \u00e0 la fin des ann\u00e9es 1930.<\/span><\/p>\n<p><span style=\"font-weight: 400;\">Le <\/span><a href=\"https:\/\/myallmeeting.com\/fr\/hotel\/b1y6-so-berlin-das-stue\/\" target=\"_blank\" rel=\"noopener\"><span style=\"font-weight: 400;\">SO\/Berlin Das Stue affiche un style \u00e9l\u00e9gant et contemporain<\/span><\/a><span style=\"font-weight: 400;\"> avec vue sur le parc de Tiergarten.<\/span><b>\u00a0Un cadre calme et chaleureux pour un \u00e9v\u00e9nement professionnel haut de gamme et exclusif dans l\u2019une de ses deux salles pouvant accueillir entre 25 et 40 personnes.<\/b><\/p>\n<p><span style=\"font-weight: 400;\">Son spa intimiste vous accueille avec sa piscine de 14\u00a0 m et ses trois cabines de soins.<\/span><\/p>\n\t\t\t\t\t<\/div>\n\t\t\t\t\t\t\t\t\t<\/div>\n\t\t\t<\/div>        \n\t\t<\/div>\n\t<\/div>\n<\/div>\n<!-- END OF : Composant : block-periscope-theme-section-composant-33-texte-image.php -->\n","protected":false},"excerpt":{"rendered":"<p>Tallin, Sousse, Londres ou encore Istanbul, voici notre s\u00e9lection des plus belles adresses Accor avec spa, \u00e0 quelques heures de vol de Paris, pour une r\u00e9union d\u00e9paysante et haut de gamme.<\/p>\n","protected":false},"featured_media":16674278,"menu_order":0,"template":"","periscope_categorie_tax":[1648],"class_list":["post-15226737","article","type-article","status-publish","has-post-thumbnail","hentry","periscope_categorie_tax-tous-nos-tops-selections"],"acf":[],"yoast_head":"<title>Top 6 de nos h\u00f4tels avec spa \u00e0 moins de 4h de vol de Paris - Accor MyAllMeeting.com<\/title>\n<meta name=\"robots\" content=\"index, follow, max-snippet:-1, max-image-preview:large, max-video-preview:-1\" \/>\n<link rel=\"canonical\" href=\"https:\/\/www.myallmeeting.com\/fr\/wp-json\/wp\/v2\/article\/15226737\" \/>\n<meta property=\"og:locale\" content=\"fr_FR\" \/>\n<meta property=\"og:type\" content=\"article\" \/>\n<meta property=\"og:title\" content=\"Top 6 de nos h\u00f4tels avec spa \u00e0 moins de 4h de vol de Paris - Accor MyAllMeeting.com\" \/>\n<meta property=\"og:description\" content=\"Tallin, Sousse, Londres ou encore Istanbul, voici notre s\u00e9lection des plus belles adresses Accor avec spa, \u00e0 quelques heures de vol de Paris, pour une r\u00e9union d\u00e9paysante et haut de gamme.\" \/>\n<meta property=\"og:url\" content=\"https:\/\/www.myallmeeting.com\/fr\/article\/top-8-de-nos-hotels-avec-spa-a-moins-de-4h-de-vol-de-paris\/\" \/>\n<meta property=\"og:site_name\" content=\"Accor MyAllMeeting.com\" \/>\n<meta property=\"article:modified_time\" content=\"2024-11-25T15:39:41+00:00\" \/>\n<meta property=\"og:image\" content=\"http:\/\/myallmeeting.com\/wp-content\/uploads\/2018\/11\/MAM-baner-1920x570-42.png\" \/>\n\t<meta property=\"og:image:width\" content=\"1920\" \/>\n\t<meta property=\"og:image:height\" content=\"570\" \/>\n\t<meta property=\"og:image:type\" content=\"image\/png\" \/>\n<meta name=\"twitter:card\" content=\"summary_large_image\" \/>\n<meta name=\"twitter:label1\" content=\"Dur\u00e9e de lecture estim\u00e9e\" \/>\n\t<meta name=\"twitter:data1\" content=\"5 minutes\" \/>\n<script type=\"application\/ld+json\" class=\"yoast-schema-graph\">{\"@context\":\"https:\/\/schema.org\",\"@graph\":[{\"@type\":\"WebPage\",\"@id\":\"https:\/\/www.myallmeeting.com\/fr\/article\/top-8-de-nos-hotels-avec-spa-a-moins-de-4h-de-vol-de-paris\/\",\"url\":\"https:\/\/www.myallmeeting.com\/fr\/article\/top-8-de-nos-hotels-avec-spa-a-moins-de-4h-de-vol-de-paris\/\",\"name\":\"Top 6 de nos h\u00f4tels avec spa \u00e0 moins de 4h de vol de Paris - Accor MyAllMeeting.com\",\"isPartOf\":{\"@id\":\"https:\/\/www.myallmeeting.com\/fr\/#website\"},\"primaryImageOfPage\":{\"@id\":\"https:\/\/www.myallmeeting.com\/fr\/article\/top-8-de-nos-hotels-avec-spa-a-moins-de-4h-de-vol-de-paris\/#primaryimage\"},\"image\":{\"@id\":\"https:\/\/www.myallmeeting.com\/fr\/article\/top-8-de-nos-hotels-avec-spa-a-moins-de-4h-de-vol-de-paris\/#primaryimage\"},\"thumbnailUrl\":\"https:\/\/www.myallmeeting.com\/wp-content\/uploads\/2018\/11\/MAM-baner-1920x570-42.png\",\"datePublished\":\"2018-11-14T14:51:22+00:00\",\"dateModified\":\"2024-11-25T15:39:41+00:00\",\"breadcrumb\":{\"@id\":\"https:\/\/www.myallmeeting.com\/fr\/article\/top-8-de-nos-hotels-avec-spa-a-moins-de-4h-de-vol-de-paris\/#breadcrumb\"},\"inLanguage\":\"fr-FR\",\"potentialAction\":[{\"@type\":\"ReadAction\",\"target\":[\"https:\/\/www.myallmeeting.com\/fr\/article\/top-8-de-nos-hotels-avec-spa-a-moins-de-4h-de-vol-de-paris\/\"]}]},{\"@type\":\"ImageObject\",\"inLanguage\":\"fr-FR\",\"@id\":\"https:\/\/www.myallmeeting.com\/fr\/article\/top-8-de-nos-hotels-avec-spa-a-moins-de-4h-de-vol-de-paris\/#primaryimage\",\"url\":\"https:\/\/www.myallmeeting.com\/wp-content\/uploads\/2018\/11\/MAM-baner-1920x570-42.png\",\"contentUrl\":\"https:\/\/www.myallmeeting.com\/wp-content\/uploads\/2018\/11\/MAM-baner-1920x570-42.png\",\"width\":1920,\"height\":570},{\"@type\":\"BreadcrumbList\",\"@id\":\"https:\/\/www.myallmeeting.com\/fr\/article\/top-8-de-nos-hotels-avec-spa-a-moins-de-4h-de-vol-de-paris\/#breadcrumb\",\"itemListElement\":[{\"@type\":\"ListItem\",\"position\":1,\"name\":\"Accueil\",\"item\":\"https:\/\/myallmeeting.com\/fr\/\"},{\"@type\":\"ListItem\",\"position\":2,\"name\":\"Actualit\u00e9s\",\"item\":\"https:\/\/www.myallmeeting.com\/fr\/actualite\/\"},{\"@type\":\"ListItem\",\"position\":3,\"name\":\"Top 6 de nos h\u00f4tels avec spa \u00e0 moins de 4h de vol de Paris\"}]},{\"@type\":\"WebSite\",\"@id\":\"https:\/\/www.myallmeeting.com\/fr\/#website\",\"url\":\"https:\/\/www.myallmeeting.com\/fr\/\",\"name\":\"Accor MyAllMeeting.com\",\"description\":\"Les Meilleurs lieux pour vos Ev\u00e9nements Professionnels\",\"publisher\":{\"@id\":\"https:\/\/www.myallmeeting.com\/fr\/#organization\"},\"potentialAction\":[{\"@type\":\"SearchAction\",\"target\":{\"@type\":\"EntryPoint\",\"urlTemplate\":\"https:\/\/www.myallmeeting.com\/fr\/?s={search_term_string}\"},\"query-input\":{\"@type\":\"PropertyValueSpecification\",\"valueRequired\":true,\"valueName\":\"search_term_string\"}}],\"inLanguage\":\"fr-FR\"},{\"@type\":\"Organization\",\"@id\":\"https:\/\/www.myallmeeting.com\/fr\/#organization\",\"name\":\"ACCOR\",\"url\":\"https:\/\/www.myallmeeting.com\/fr\/\",\"logo\":{\"@type\":\"ImageObject\",\"inLanguage\":\"fr-FR\",\"@id\":\"https:\/\/www.myallmeeting.com\/fr\/#\/schema\/logo\/image\/\",\"url\":\"\",\"contentUrl\":\"\",\"caption\":\"ACCOR\"},\"image\":{\"@id\":\"https:\/\/www.myallmeeting.com\/fr\/#\/schema\/logo\/image\/\"}}]}<\/script>","yoast_head_json":{"title":"Top 6 de nos h\u00f4tels avec spa \u00e0 moins de 4h de vol de Paris - Accor MyAllMeeting.com","robots":{"index":"index","follow":"follow","max-snippet":"max-snippet:-1","max-image-preview":"max-image-preview:large","max-video-preview":"max-video-preview:-1"},"canonical":"https:\/\/www.myallmeeting.com\/fr\/wp-json\/wp\/v2\/article\/15226737","og_locale":"fr_FR","og_type":"article","og_title":"Top 6 de nos h\u00f4tels avec spa \u00e0 moins de 4h de vol de Paris - Accor MyAllMeeting.com","og_description":"Tallin, Sousse, Londres ou encore Istanbul, voici notre s\u00e9lection des plus belles adresses Accor avec spa, \u00e0 quelques heures de vol de Paris, pour une r\u00e9union d\u00e9paysante et haut de gamme.","og_url":"https:\/\/www.myallmeeting.com\/fr\/article\/top-8-de-nos-hotels-avec-spa-a-moins-de-4h-de-vol-de-paris\/","og_site_name":"Accor MyAllMeeting.com","article_modified_time":"2024-11-25T15:39:41+00:00","og_image":[{"width":1920,"height":570,"url":"http:\/\/myallmeeting.com\/wp-content\/uploads\/2018\/11\/MAM-baner-1920x570-42.png","type":"image\/png"}],"twitter_card":"summary_large_image","twitter_misc":{"Dur\u00e9e de lecture estim\u00e9e":"5 minutes"},"schema":{"@context":"https:\/\/schema.org","@graph":[{"@type":"WebPage","@id":"https:\/\/www.myallmeeting.com\/fr\/article\/top-8-de-nos-hotels-avec-spa-a-moins-de-4h-de-vol-de-paris\/","url":"https:\/\/www.myallmeeting.com\/fr\/article\/top-8-de-nos-hotels-avec-spa-a-moins-de-4h-de-vol-de-paris\/","name":"Top 6 de nos h\u00f4tels avec spa \u00e0 moins de 4h de vol de Paris - Accor MyAllMeeting.com","isPartOf":{"@id":"https:\/\/www.myallmeeting.com\/fr\/#website"},"primaryImageOfPage":{"@id":"https:\/\/www.myallmeeting.com\/fr\/article\/top-8-de-nos-hotels-avec-spa-a-moins-de-4h-de-vol-de-paris\/#primaryimage"},"image":{"@id":"https:\/\/www.myallmeeting.com\/fr\/article\/top-8-de-nos-hotels-avec-spa-a-moins-de-4h-de-vol-de-paris\/#primaryimage"},"thumbnailUrl":"https:\/\/www.myallmeeting.com\/wp-content\/uploads\/2018\/11\/MAM-baner-1920x570-42.png","datePublished":"2018-11-14T14:51:22+00:00","dateModified":"2024-11-25T15:39:41+00:00","breadcrumb":{"@id":"https:\/\/www.myallmeeting.com\/fr\/article\/top-8-de-nos-hotels-avec-spa-a-moins-de-4h-de-vol-de-paris\/#breadcrumb"},"inLanguage":"fr-FR","potentialAction":[{"@type":"ReadAction","target":["https:\/\/www.myallmeeting.com\/fr\/article\/top-8-de-nos-hotels-avec-spa-a-moins-de-4h-de-vol-de-paris\/"]}]},{"@type":"ImageObject","inLanguage":"fr-FR","@id":"https:\/\/www.myallmeeting.com\/fr\/article\/top-8-de-nos-hotels-avec-spa-a-moins-de-4h-de-vol-de-paris\/#primaryimage","url":"https:\/\/www.myallmeeting.com\/wp-content\/uploads\/2018\/11\/MAM-baner-1920x570-42.png","contentUrl":"https:\/\/www.myallmeeting.com\/wp-content\/uploads\/2018\/11\/MAM-baner-1920x570-42.png","width":1920,"height":570},{"@type":"BreadcrumbList","@id":"https:\/\/www.myallmeeting.com\/fr\/article\/top-8-de-nos-hotels-avec-spa-a-moins-de-4h-de-vol-de-paris\/#breadcrumb","itemListElement":[{"@type":"ListItem","position":1,"name":"Accueil","item":"https:\/\/myallmeeting.com\/fr\/"},{"@type":"ListItem","position":2,"name":"Actualit\u00e9s","item":"https:\/\/www.myallmeeting.com\/fr\/actualite\/"},{"@type":"ListItem","position":3,"name":"Top 6 de nos h\u00f4tels avec spa \u00e0 moins de 4h de vol de Paris"}]},{"@type":"WebSite","@id":"https:\/\/www.myallmeeting.com\/fr\/#website","url":"https:\/\/www.myallmeeting.com\/fr\/","name":"Accor MyAllMeeting.com","description":"Les Meilleurs lieux pour vos Ev\u00e9nements Professionnels","publisher":{"@id":"https:\/\/www.myallmeeting.com\/fr\/#organization"},"potentialAction":[{"@type":"SearchAction","target":{"@type":"EntryPoint","urlTemplate":"https:\/\/www.myallmeeting.com\/fr\/?s={search_term_string}"},"query-input":{"@type":"PropertyValueSpecification","valueRequired":true,"valueName":"search_term_string"}}],"inLanguage":"fr-FR"},{"@type":"Organization","@id":"https:\/\/www.myallmeeting.com\/fr\/#organization","name":"ACCOR","url":"https:\/\/www.myallmeeting.com\/fr\/","logo":{"@type":"ImageObject","inLanguage":"fr-FR","@id":"https:\/\/www.myallmeeting.com\/fr\/#\/schema\/logo\/image\/","url":"","contentUrl":"","caption":"ACCOR"},"image":{"@id":"https:\/\/www.myallmeeting.com\/fr\/#\/schema\/logo\/image\/"}}]}},"_links":{"self":[{"href":"https:\/\/www.myallmeeting.com\/fr\/wp-json\/wp\/v2\/article\/15226737","targetHints":{"allow":["GET"]}}],"collection":[{"href":"https:\/\/www.myallmeeting.com\/fr\/wp-json\/wp\/v2\/article"}],"about":[{"href":"https:\/\/www.myallmeeting.com\/fr\/wp-json\/wp\/v2\/types\/article"}],"wp:featuredmedia":[{"embeddable":true,"href":"https:\/\/www.myallmeeting.com\/fr\/wp-json\/wp\/v2\/media\/16674278"}],"wp:attachment":[{"href":"https:\/\/www.myallmeeting.com\/fr\/wp-json\/wp\/v2\/media?parent=15226737"}],"wp:term":[{"taxonomy":"periscope_categorie_tax","embeddable":true,"href":"https:\/\/www.myallmeeting.com\/fr\/wp-json\/wp\/v2\/periscope_categorie_tax?post=15226737"}],"curies":[{"name":"wp","href":"https:\/\/api.w.org\/{rel}","templated":true}]}}