{"id":15226736,"date":"2018-11-22T15:41:54","date_gmt":"2018-11-22T14:41:54","guid":{"rendered":"https:\/\/myallmeeting.com\/article\/esprit-industriel-chic-pour-vos-meetings-au-mercure-paris-gennevilliers\/"},"modified":"2024-11-13T12:25:30","modified_gmt":"2024-11-13T11:25:30","slug":"esprit-industriel-chic-pour-vos-meetings-au-mercure-paris-gennevilliers","status":"publish","type":"article","link":"https:\/\/www.myallmeeting.com\/fr\/article\/esprit-industriel-chic-pour-vos-meetings-au-mercure-paris-gennevilliers\/","title":{"rendered":"Esprit industriel chic pour vos meetings au Mercure Paris Gennevilliers"},"content":{"rendered":"<!-- START OF : Composant : block-periscope-theme-section-composant-25-texte-cta-2-images.php -->\n<div class=\"tcta2ia bg-white fs-wysiwyg mb-lg-12\" data-component=\"25-texte-cta-2-images\">\n\t<div class=\"tcta2ia__top\">\n\t\t<div class=\"container-fluid\" style=\"--bs-gutter-x: 0\">\n\t\t\t<div class=\"row\" style=\"--bs-gutter-x: 0\">\n\t\t\t\t<div class=\"col-lg-8\">\n\t\t\t\t\t\t\t\t\t\t<div class=\"bloc-mise-en-avant__top__left\">\n\t\t\t\t\t\t<img decoding=\"async\" src=\"https:\/\/www.myallmeeting.com\/wp-content\/uploads\/2018\/11\/aja_p_4909-42__original-1268x846.jpeg\" class=\"pe-2 pe-lg-0\" width=\"1268\" height=\"846\" alt=\"\" loading=\"lazy\" \/>\n\t\t\t\t\t<\/div>\n\t\t\t\t\t\t\t\t\t\t<div class=\"tcta2ia__bottom d-none d-lg-block pb-12 pt-lg-9 pb-lg-0 pe-lg-10\">\n\t\t\t\t\t\t\t\t\t\t\t\t<h2 class=\"fs-20 fs-lg-32 fw-semibold\">Des prestations pr\u00e9cieuses<\/h2>\n\t\t\t\t\t\t\t\t\t\t\t\t\t\t\t\t\t\t<div class=\"fs-wysiwyg\"><p><span data-contrast=\"auto\" xml:lang=\"FR-FR\" lang=\"FR-FR\" class=\"TextRun SCXW201566190 BCX8\"><span class=\"NormalTextRun SCXW201566190 BCX8\">L\u2019\u00e9tablissement offre les <\/span><\/span><span data-contrast=\"auto\" xml:lang=\"FR-FR\" lang=\"FR-FR\" class=\"TextRun SCXW201566190 BCX8\"><span class=\"NormalTextRun SCXW201566190 BCX8\"><strong>meilleures<\/strong> <strong>prestations<\/strong><\/span><\/span><span data-contrast=\"auto\" xml:lang=\"FR-FR\" lang=\"FR-FR\" class=\"TextRun SCXW201566190 BCX8\"><span class=\"NormalTextRun SCXW201566190 BCX8\"> pour l\u2019organisation d\u2019une <\/span><\/span><strong><span data-contrast=\"auto\" xml:lang=\"FR-FR\" lang=\"FR-FR\" class=\"TextRun SCXW201566190 BCX8\"><span class=\"NormalTextRun SCXW201566190 BCX8\">r\u00e9union ou de n\u2019importe quel type d\u2019\u00e9v\u00e9nement professionnel<\/span><\/span><\/strong><span data-contrast=\"auto\" xml:lang=\"FR-FR\" lang=\"FR-FR\" class=\"TextRun SCXW201566190 BCX8\"><span class=\"NormalTextRun SCXW201566190 BCX8\"> h\u00e9berg\u00e9 ou non. Il dispose en effet de <\/span><\/span><strong><span data-contrast=\"auto\" xml:lang=\"FR-FR\" lang=\"FR-FR\" class=\"TextRun SCXW201566190 BCX8\"><span class=\"NormalTextRun SCXW201566190 BCX8\">144 chambres spacieuses<\/span><\/span><\/strong><span data-contrast=\"auto\" xml:lang=\"FR-FR\" lang=\"FR-FR\" class=\"TextRun SCXW201566190 BCX8\"><span class=\"NormalTextRun SCXW201566190 BCX8\"> au <\/span><\/span><strong><span data-contrast=\"auto\" xml:lang=\"FR-FR\" lang=\"FR-FR\" class=\"TextRun SCXW201566190 BCX8\"><span class=\"NormalTextRun SCXW201566190 BCX8\">design contemporain<\/span><\/span><\/strong><span data-contrast=\"auto\" xml:lang=\"FR-FR\" lang=\"FR-FR\" class=\"TextRun SCXW201566190 BCX8\"><span class=\"NormalTextRun SCXW201566190 BCX8\">, de la <\/span><\/span><span data-contrast=\"auto\" xml:lang=\"FR-FR\" lang=\"FR-FR\" class=\"TextRun SCXW201566190 BCX8\"><span class=\"NormalTextRun SCXW201566190 BCX8\">chambre standard<\/span><\/span><span data-contrast=\"auto\" xml:lang=\"FR-FR\" lang=\"FR-FR\" class=\"TextRun SCXW201566190 BCX8\"><span class=\"NormalTextRun SCXW201566190 BCX8\"> \u00e0 la <\/span><\/span><strong><span data-contrast=\"auto\" xml:lang=\"FR-FR\" lang=\"FR-FR\" class=\"TextRun SCXW201566190 BCX8\"><span class=\"NormalTextRun SCXW201566190 BCX8\">suite junior<\/span><\/span><\/strong><span data-contrast=\"auto\" xml:lang=\"FR-FR\" lang=\"FR-FR\" class=\"TextRun SCXW201566190 BCX8\"><span class=\"NormalTextRun SCXW201566190 BCX8\">. Malgr\u00e9 l\u2019effervescence \u00e9conomique adjacente, l\u2019h\u00f4tel est situ\u00e9 dans une <\/span><\/span><strong><span data-contrast=\"auto\" xml:lang=\"FR-FR\" lang=\"FR-FR\" class=\"TextRun SCXW201566190 BCX8\"><span class=\"NormalTextRun SCXW201566190 BCX8\">zone tr\u00e8s calme<\/span><\/span><\/strong><span data-contrast=\"auto\" xml:lang=\"FR-FR\" lang=\"FR-FR\" class=\"TextRun SCXW201566190 BCX8\"><span class=\"NormalTextRun SCXW201566190 BCX8\">. Une sensation renforc\u00e9e par la <\/span><\/span><strong><span data-contrast=\"auto\" xml:lang=\"FR-FR\" lang=\"FR-FR\" class=\"TextRun SCXW201566190 BCX8\"><span class=\"NormalTextRun SCXW201566190 BCX8\">parfaite insonorisation<\/span><\/span><\/strong><span data-contrast=\"auto\" xml:lang=\"FR-FR\" lang=\"FR-FR\" class=\"TextRun SCXW201566190 BCX8\"><span class=\"NormalTextRun SCXW201566190 BCX8\"> du b\u00e2timent, pens\u00e9e d\u00e8s sa conception par l\u2019architecte. Un <\/span><\/span><strong><span data-contrast=\"auto\" xml:lang=\"FR-FR\" lang=\"FR-FR\" class=\"TextRun SCXW201566190 BCX8\"><span class=\"NormalTextRun SCXW201566190 BCX8\">confort tr\u00e8s appr\u00e9ciable<\/span><\/span><\/strong><span data-contrast=\"auto\" xml:lang=\"FR-FR\" lang=\"FR-FR\" class=\"TextRun SCXW201566190 BCX8\"><span class=\"NormalTextRun SCXW201566190 BCX8\"> pour la tenue d\u2019une <\/span><\/span><strong><span data-contrast=\"auto\" xml:lang=\"FR-FR\" lang=\"FR-FR\" class=\"TextRun SCXW201566190 BCX8\"><span class=\"NormalTextRun SCXW201566190 BCX8\">r\u00e9union<\/span><\/span><\/strong><span data-contrast=\"auto\" xml:lang=\"FR-FR\" lang=\"FR-FR\" class=\"TextRun SCXW201566190 BCX8\"><span class=\"NormalTextRun SCXW201566190 BCX8\"> !<\/span><\/span><span class=\"EOP SCXW201566190 BCX8\" data-ccp-props=\"{}\">\u00a0<\/span><\/p>\n<\/div>\n\t\t\t\t\t\t\t\t\t\t\t\t<div class=\"d-flex flex-column flex-lg-row align-items-center gap-5 gap-lg-8 justify-content-between\">\n\t\t\t\t\t\t\t<div class=\"fs-20 fs-lg-26 fw-semibold lh-xs\"><\/div>\n\t\t\t\t\t\t\t\t\t\t\t\t\t<\/div>\n\t\t\t\t\t<\/div>\n\t\t\t\t<\/div>\n\t\t\t\t<div class=\"col-lg-4\">\n\t\t\t\t\t<div class=\"tcta2ia__top__right t-0 r-0 bg-primary text-white pt-4 pb-4 px-2 pt-lg-8 pb-lg-16 px-lg-11 pb-xl-30\">\n\t\t\t\t\t\t\t\t\t\t\t\t\t\t\t\t\t\t<h2 class=\"unna fs-36 fs-lg-51 fs-xl-75 fs-italic fw-normal text-secondary\">Esprit industriel chic pour vos meetings au Mercure Paris Gennevilliers<\/h2>\n\t\t\t\t\t\t\t\t\t\t\t\t\t\t\t\t\t\t<h3 class=\"text-white fs-18 fs-lg-20 fs-xl-28 text-original-case\">En plein c\u0153ur d\u2019un p\u00f4le d\u2019activit\u00e9s dynamique dans les Hauts-de-Seine <\/h3>\n\t\t\t\t\t\t\t\t\t\t\t\t\t\t\t\t\t\t<div class=\"fs-wysiwyg mb-4 fs-lg-16 fs-xl-20\"><p><span data-contrast=\"auto\">Le <\/span><a href=\"https:\/\/myallmeeting.com\/fr\/hotel\/a5t2-hotel-mercure-paris-gennevilliers\/\" target=\"_blank\" rel=\"noopener\"><span data-contrast=\"none\">Mercure Paris Gennevilliers<\/span><\/a><span data-contrast=\"auto\"> offre des <\/span><b><span data-contrast=\"auto\">prestations haut de gamme pour l\u2019organisation de tous types d\u2019\u00e9v\u00e9nements professionnels<\/span><\/b><span data-contrast=\"auto\">. Un cadre au d\u00e9cor contemporain inspir\u00e9 de la grande \u00e9poque industrielle de la ville et de son port fluvial.<\/span><span data-ccp-props=\"{}\">\u00a0<\/span><\/p>\n<p><span data-contrast=\"auto\">\u00c0 seulement <\/span><b><span data-contrast=\"auto\">10 minutes des portes de Paris<\/span><\/b><span data-contrast=\"auto\"> dans le 92, cet <\/span><b><span data-contrast=\"auto\">h\u00f4tel quatre \u00e9toiles<\/span><\/b><span data-contrast=\"auto\"> propose une d\u00e9coration au <\/span><b><span data-contrast=\"auto\">style industriel chic <\/span><\/b><span data-contrast=\"auto\">et <\/span><b><span data-contrast=\"auto\">chaleureux<\/span><\/b><span data-contrast=\"auto\">, faite de m\u00e9tal et de cuivre, qui est un <\/span><b><span data-contrast=\"auto\">hommage aux c\u00e9l\u00e8bres gazom\u00e8tres de Gennevilliers<\/span><\/b><span data-contrast=\"auto\"> et au plus grand port fluvial fran\u00e7ais tout proche. <\/span><b><span data-contrast=\"auto\">Accessible en voiture <\/span><\/b><span data-contrast=\"auto\">ou en <\/span><b><span data-contrast=\"auto\">transports<\/span><\/b><span data-contrast=\"auto\">, le <\/span><b><span data-contrast=\"auto\">Mercure Paris Gennevilliers<\/span><\/b><span data-contrast=\"auto\"> est au c\u0153ur d\u2019un <\/span><b><span data-contrast=\"auto\">cluster<\/span><\/b> <b><span data-contrast=\"auto\">en plein d\u00e9veloppement<\/span><\/b><span data-contrast=\"auto\"> de <\/span><b><span data-contrast=\"auto\">plus de 150 entreprises<\/span><\/b><span data-contrast=\"auto\"> telles que <\/span><b><span data-contrast=\"auto\">Thal\u00e8s, Safran, Engie<\/span><\/b><span data-contrast=\"auto\"> ou encore <\/span><b><span data-contrast=\"auto\">UP<\/span><\/b><span data-contrast=\"auto\">.<\/span><span data-ccp-props=\"{}\">\u00a0<\/span><\/p>\n<\/div>\n\t\t\t\t\t\t\t\t\t\t\t\t\t\t\t\t\t\t\t\t\t\t\t\t<p class=\"m-0\"><img decoding=\"async\" src=\"https:\/\/www.myallmeeting.com\/wp-content\/uploads\/2018\/11\/aja_p_4839-25__original-633x398.jpeg\" class=\"position-relative l-0\" width=\"633\" height=\"398\" alt=\"\" loading=\"lazy\" \/><\/p>\n\t\t\t\t\t\t\t\t\t\t\t<\/div>\n\t\t\t\t<\/div>\n\t\t\t<\/div>\n\t\t<\/div>\n\t<\/div>\n\t<div class=\"tcta2ia__bottom d-lg-none pb-12 py-lg-9 pe-lg-10\">\n\t\t\t\t<div class=\"h2 fs-20 fs-lg-32 fw-semibold\">Des prestations pr\u00e9cieuses<\/div>\n\t\t\t\t\t\t<div class=\"fs-wysiwyg\"><p><span data-contrast=\"auto\" xml:lang=\"FR-FR\" lang=\"FR-FR\" class=\"TextRun SCXW201566190 BCX8\"><span class=\"NormalTextRun SCXW201566190 BCX8\">L\u2019\u00e9tablissement offre les <\/span><\/span><span data-contrast=\"auto\" xml:lang=\"FR-FR\" lang=\"FR-FR\" class=\"TextRun SCXW201566190 BCX8\"><span class=\"NormalTextRun SCXW201566190 BCX8\"><strong>meilleures<\/strong> <strong>prestations<\/strong><\/span><\/span><span data-contrast=\"auto\" xml:lang=\"FR-FR\" lang=\"FR-FR\" class=\"TextRun SCXW201566190 BCX8\"><span class=\"NormalTextRun SCXW201566190 BCX8\"> pour l\u2019organisation d\u2019une <\/span><\/span><strong><span data-contrast=\"auto\" xml:lang=\"FR-FR\" lang=\"FR-FR\" class=\"TextRun SCXW201566190 BCX8\"><span class=\"NormalTextRun SCXW201566190 BCX8\">r\u00e9union ou de n\u2019importe quel type d\u2019\u00e9v\u00e9nement professionnel<\/span><\/span><\/strong><span data-contrast=\"auto\" xml:lang=\"FR-FR\" lang=\"FR-FR\" class=\"TextRun SCXW201566190 BCX8\"><span class=\"NormalTextRun SCXW201566190 BCX8\"> h\u00e9berg\u00e9 ou non. Il dispose en effet de <\/span><\/span><strong><span data-contrast=\"auto\" xml:lang=\"FR-FR\" lang=\"FR-FR\" class=\"TextRun SCXW201566190 BCX8\"><span class=\"NormalTextRun SCXW201566190 BCX8\">144 chambres spacieuses<\/span><\/span><\/strong><span data-contrast=\"auto\" xml:lang=\"FR-FR\" lang=\"FR-FR\" class=\"TextRun SCXW201566190 BCX8\"><span class=\"NormalTextRun SCXW201566190 BCX8\"> au <\/span><\/span><strong><span data-contrast=\"auto\" xml:lang=\"FR-FR\" lang=\"FR-FR\" class=\"TextRun SCXW201566190 BCX8\"><span class=\"NormalTextRun SCXW201566190 BCX8\">design contemporain<\/span><\/span><\/strong><span data-contrast=\"auto\" xml:lang=\"FR-FR\" lang=\"FR-FR\" class=\"TextRun SCXW201566190 BCX8\"><span class=\"NormalTextRun SCXW201566190 BCX8\">, de la <\/span><\/span><span data-contrast=\"auto\" xml:lang=\"FR-FR\" lang=\"FR-FR\" class=\"TextRun SCXW201566190 BCX8\"><span class=\"NormalTextRun SCXW201566190 BCX8\">chambre standard<\/span><\/span><span data-contrast=\"auto\" xml:lang=\"FR-FR\" lang=\"FR-FR\" class=\"TextRun SCXW201566190 BCX8\"><span class=\"NormalTextRun SCXW201566190 BCX8\"> \u00e0 la <\/span><\/span><strong><span data-contrast=\"auto\" xml:lang=\"FR-FR\" lang=\"FR-FR\" class=\"TextRun SCXW201566190 BCX8\"><span class=\"NormalTextRun SCXW201566190 BCX8\">suite junior<\/span><\/span><\/strong><span data-contrast=\"auto\" xml:lang=\"FR-FR\" lang=\"FR-FR\" class=\"TextRun SCXW201566190 BCX8\"><span class=\"NormalTextRun SCXW201566190 BCX8\">. Malgr\u00e9 l\u2019effervescence \u00e9conomique adjacente, l\u2019h\u00f4tel est situ\u00e9 dans une <\/span><\/span><strong><span data-contrast=\"auto\" xml:lang=\"FR-FR\" lang=\"FR-FR\" class=\"TextRun SCXW201566190 BCX8\"><span class=\"NormalTextRun SCXW201566190 BCX8\">zone tr\u00e8s calme<\/span><\/span><\/strong><span data-contrast=\"auto\" xml:lang=\"FR-FR\" lang=\"FR-FR\" class=\"TextRun SCXW201566190 BCX8\"><span class=\"NormalTextRun SCXW201566190 BCX8\">. Une sensation renforc\u00e9e par la <\/span><\/span><strong><span data-contrast=\"auto\" xml:lang=\"FR-FR\" lang=\"FR-FR\" class=\"TextRun SCXW201566190 BCX8\"><span class=\"NormalTextRun SCXW201566190 BCX8\">parfaite insonorisation<\/span><\/span><\/strong><span data-contrast=\"auto\" xml:lang=\"FR-FR\" lang=\"FR-FR\" class=\"TextRun SCXW201566190 BCX8\"><span class=\"NormalTextRun SCXW201566190 BCX8\"> du b\u00e2timent, pens\u00e9e d\u00e8s sa conception par l\u2019architecte. Un <\/span><\/span><strong><span data-contrast=\"auto\" xml:lang=\"FR-FR\" lang=\"FR-FR\" class=\"TextRun SCXW201566190 BCX8\"><span class=\"NormalTextRun SCXW201566190 BCX8\">confort tr\u00e8s appr\u00e9ciable<\/span><\/span><\/strong><span data-contrast=\"auto\" xml:lang=\"FR-FR\" lang=\"FR-FR\" class=\"TextRun SCXW201566190 BCX8\"><span class=\"NormalTextRun SCXW201566190 BCX8\"> pour la tenue d\u2019une <\/span><\/span><strong><span data-contrast=\"auto\" xml:lang=\"FR-FR\" lang=\"FR-FR\" class=\"TextRun SCXW201566190 BCX8\"><span class=\"NormalTextRun SCXW201566190 BCX8\">r\u00e9union<\/span><\/span><\/strong><span data-contrast=\"auto\" xml:lang=\"FR-FR\" lang=\"FR-FR\" class=\"TextRun SCXW201566190 BCX8\"><span class=\"NormalTextRun SCXW201566190 BCX8\"> !<\/span><\/span><span class=\"EOP SCXW201566190 BCX8\" data-ccp-props=\"{}\">\u00a0<\/span><\/p>\n<\/div>\n\t\t\t\t<div class=\"d-flex flex-column flex-lg-row align-items-center gap-5 gap-lg-8 justify-content-between\">\n\t\t\t<div class=\"fs-20 fs-lg-26 fw-semibold lh-xs\"><\/div>\n\t\t\t\t\t<\/div>\n\t<\/div>\n<\/div>\n<!-- END OF : Composant : block-periscope-theme-section-composant-25-texte-cta-2-images.php -->\n\n\n<!-- START OF : Composant : block-periscope-theme-section-composant-26-textes-slider-cta.php -->\n<div class=\"t3icta bg-white pb-12 mb-9 fs-wysiwyg\" data-component=\"26-textes-3-images-cta\">\n\t<div class=\"t3icta__top position-relative\">\n\t\t<div class=\"container-fluid\" style=\"--bs-gutter-x: 0\">\n\t\t\t<div class=\"row\" style=\"--bs-gutter-x: 0\">\n\t\t\t\t\t\t\t\t<div class=\"col-lg-6\">\n\t\t\t\t\t<div class=\"t3icta__slider\">\n\t\t\t\t\t\t<div class=\"splide\">\n\t\t\t\t\t\t\t<div class=\"splide__track\">\n\t\t\t\t\t\t\t\t<div class=\"splide__list\">\n\t\t\t\t\t\t\t\t\t\t\t\t\t\t\t\t\t\t\t<div class=\"splide__slide\">\n\t\t\t\t\t\t\t\t\t\t\t<img decoding=\"async\" src=\"https:\/\/www.myallmeeting.com\/wp-content\/uploads\/2018\/11\/aja_p_4909-46__original-953x600.jpeg\" width=\"953\" height=\"600\" alt=\"\" loading=\"lazy\" \/>\n\t\t\t\t\t\t\t\t\t\t<\/div>\n\t\t\t\t\t\t\t\t\t\t\t\t\t\t\t\t\t\n\t\t\t\t\t\t\t\t<\/div>\n\t\t\t\t\t\t\t<\/div>\n\t\t\t\t\t\t\t<div class=\"splide__arrows d-none d-lg-block\">\n\t\t\t\t\t\t\t\t<button class=\"splide__arrow splide__arrow--prev px-lg-3 py-lg-4 px-xl-4 py-xl-5 px-xxl-5 py-xxl-7 position-absolute l-0 bg-white border-0\">\n\t\t\t\t\t\t\t\t\t<svg width=\"14\" height=\"27\" aria-hidden=\"true\">\n\t\t\t\t\t\t\t\t\t\t<use xlink:href=\"https:\/\/www.myallmeeting.com\/wp-content\/themes\/accor\/assets\/images\/sprite.svg#slider-prev\"><\/use>\n\t\t\t\t\t\t\t\t\t<\/svg>\n\t\t\t\t\t\t\t\t<\/button>\n\t\t\t\t\t\t\t\t<button class=\"splide__arrow splide__arrow--next px-lg-3 py-lg-4 px-xl-4 py-xl-5 px-xxl-5 py-xxl-7 position-absolute r-0 bg-white border-0\">\n\t\t\t\t\t\t\t\t\t<svg width=\"14\" height=\"27\" aria-hidden=\"true\">\n\t\t\t\t\t\t\t\t\t\t<use xlink:href=\"https:\/\/www.myallmeeting.com\/wp-content\/themes\/accor\/assets\/images\/sprite.svg#slider-prev\"><\/use>\n\t\t\t\t\t\t\t\t\t<\/svg>\n\t\t\t\t\t\t\t\t<\/button>\n\t\t\t\t\t\t\t<\/div>\n\t\t\t\t\t\t<\/div>\n\t\t\t\t\t<\/div>\n\t\t\t\t<\/div>\n\t\t\t\t\t\t\t\t<div class=\"col-lg-6\">\n\t\t\t\t\t<div class=\"t3icta__top_right mb-lg-14 px-2 py-9 px-lg-11 py-lg-0\">\n\t\t\t\t\t\t\t\n\t\t\t\t\t\t<h2 class=\"fs-20 fs-lg-23 fs-xl-27 fs-xxl-30 fw-semibold\">\u00ab\u202fIl n\u2019aura jamais \u00e9t\u00e9 aussi agr\u00e9able d\u2019aller\u202fau Charbon\u202f\u00bb <\/h2>\n\t\t\t\t\t\t\t\t\t\t\t\t\t\n\t\t\t\t\t\t<div class=\"fs-wysiwyg\">\n\t\t\t\t\t\t\t<p><span data-contrast=\"auto\" xml:lang=\"FR-FR\" lang=\"FR-FR\" class=\"TextRun SCXW92809669 BCX8\"><span class=\"NormalTextRun SCXW92809669 BCX8\">Telle est la devise du restaurant de l\u2019h\u00f4tel, baptis\u00e9\u202f<\/span><\/span><strong><span data-contrast=\"auto\" xml:lang=\"FR-FR\" lang=\"FR-FR\" class=\"TextRun SCXW92809669 BCX8\"><span class=\"NormalTextRun SCXW92809669 BCX8\">Le Charbon<\/span><\/span><\/strong><span data-contrast=\"auto\" xml:lang=\"FR-FR\" lang=\"FR-FR\" class=\"TextRun SCXW92809669 BCX8\"><span class=\"NormalTextRun SCXW92809669 BCX8\">\u202fen r\u00e9f\u00e9rence au port de Gennevilliers qui \u00e9tait le plus grand importateur de charbon d\u2019\u00cele-de-France. On y sert une\u202f<\/span><\/span><strong><span data-contrast=\"auto\" xml:lang=\"FR-FR\" lang=\"FR-FR\" class=\"TextRun SCXW92809669 BCX8\"><span class=\"NormalTextRun SCXW92809669 BCX8\">cuisine fran\u00e7aise<\/span><\/span><\/strong><span data-contrast=\"auto\" xml:lang=\"FR-FR\" lang=\"FR-FR\" class=\"TextRun SCXW92809669 BCX8\"><span class=\"NormalTextRun SCXW92809669 BCX8\">\u202fexclusivement \u00e0 base de\u202f<\/span><\/span><strong><span data-contrast=\"auto\" xml:lang=\"FR-FR\" lang=\"FR-FR\" class=\"TextRun SCXW92809669 BCX8\"><span class=\"NormalTextRun SCXW92809669 BCX8\">produits frais et de saison<\/span><\/span><\/strong><span data-contrast=\"auto\" xml:lang=\"FR-FR\" lang=\"FR-FR\" class=\"TextRun SCXW92809669 BCX8\"><span class=\"NormalTextRun SCXW92809669 BCX8\">, avec une\u202fcarte simple renouvel\u00e9e tous les jours. Des prestations qui font de ce restaurant un<strong>\u202f<\/strong><\/span><\/span><span data-contrast=\"auto\" xml:lang=\"FR-FR\" lang=\"FR-FR\" class=\"TextRun SCXW92809669 BCX8\"><span class=\"NormalTextRun SCXW92809669 BCX8\"><strong>lieu id\u00e9al pour un d\u00e9jeuner d\u2019affaires<\/strong>.<\/span><\/span><span data-contrast=\"auto\" xml:lang=\"FR-FR\" lang=\"FR-FR\" class=\"TextRun SCXW92809669 BCX8\"><span class=\"NormalTextRun SCXW92809669 BCX8\"> Et pour accompagner votre prochain\u202f\u00e9v\u00e9nement professionnel, l\u2019h\u00f4tel peut \u00e9galement vous proposer une\u202foffre sur mesure de type buffet th\u00e9matique,\u202fplateau en salle,\u202frepas de f\u00eate\u2026<\/span><\/span><span class=\"EOP SCXW92809669 BCX8\" data-ccp-props=\"{}\">\u00a0<\/span><\/p>\n\t\t\t\t\t\t<\/div>\n\t\t\t\t\t\t\t\t\t\t\t<\/div>\n\t\t\t\t<\/div>\n\t\t\t<\/div>\n\t\t<\/div>\n\t<\/div>\n\t<div class=\"t3icta__bottom bg-beige\">\n\t\t<div class=\"container-fluid\" style=\"--bs-gutter-x: 0\">\n\t\t\t<div class=\"row\" style=\"--bs-gutter-x: 0\">\n\t\t\t\t<div class=\"col-lg-5 offset-lg-1\">\n\t\t\t\t\t<div class=\"t3icta__bottom__left\">\n\t\t\t\t\t\t\t\t\t\t\t\t<img decoding=\"async\" src=\"https:\/\/www.myallmeeting.com\/wp-content\/uploads\/2018\/11\/aja_p_4909-41__original-633x398.jpeg\" class=\"w-100 d-lg-none\" width=\"633\" height=\"398\" alt=\"\" loading=\"lazy\" \/> <!-- Ce sont les 2 m\u00eames images : ID 0 -->\n\t\t\t\t\t\t\t\t\t\t\t\t<div class=\"px-2 py-9 px-lg-0 py-lg-0\">\n\t\t\t\t\t\t\t\t\n\t\t\t\t\t\t\t<h2 class=\"fs-20 fs-lg-23 fs-xl-27 fs-xxl-30 fw-semibold\">4 salles de r\u00e9unions pour vos \u00e9v\u00e9nements  <\/h2>\n\t\t\t\t\t\t\t\t\t\t\t\t\t\t\t\n\t\t\t\t\t\t\t<div class=\"fs-wysiwyg mb-lg-15\">\n\t\t\t\t\t\t\t\t<p><span data-contrast=\"auto\" xml:lang=\"FR-FR\" lang=\"FR-FR\" class=\"TextRun SCXW98385937 BCX8\"><span class=\"NormalTextRun SCXW98385937 BCX8\">En termes d\u2019espaces, l\u2019h\u00f4tel dispose de <\/span><\/span><strong><span data-contrast=\"auto\" xml:lang=\"FR-FR\" lang=\"FR-FR\" class=\"TextRun SCXW98385937 BCX8\"><span class=\"NormalTextRun SCXW98385937 BCX8\">quatre salles au design contemporain et chaleureux, toutes \u00e0 la lumi\u00e8re du jour,<\/span><\/span><\/strong><span data-contrast=\"auto\" xml:lang=\"FR-FR\" lang=\"FR-FR\" class=\"TextRun SCXW98385937 BCX8\"><span class=\"NormalTextRun SCXW98385937 BCX8\"> offrant un <\/span><\/span><strong><span data-contrast=\"auto\" xml:lang=\"FR-FR\" lang=\"FR-FR\" class=\"TextRun SCXW98385937 BCX8\"><span class=\"NormalTextRun SCXW98385937 BCX8\">cadre de travail agr\u00e9able et productif.<\/span><\/span><\/strong><span data-contrast=\"auto\" xml:lang=\"FR-FR\" lang=\"FR-FR\" class=\"TextRun SCXW98385937 BCX8\"><span class=\"NormalTextRun SCXW98385937 BCX8\"> Parmi elles, la salle \u00ab <\/span><\/span><strong><span data-contrast=\"auto\" xml:lang=\"FR-FR\" lang=\"FR-FR\" class=\"TextRun SCXW98385937 BCX8\"><span class=\"NormalTextRun SpellingErrorV2Themed SCXW98385937 BCX8\">Cosywork<\/span><\/span><\/strong><span data-contrast=\"auto\" xml:lang=\"FR-FR\" lang=\"FR-FR\" class=\"TextRun SCXW98385937 BCX8\"><span class=\"NormalTextRun SCXW98385937 BCX8\"> \u00bb, \u00e9quip\u00e9e d\u2019un canap\u00e9 et d\u2019un t\u00e9l\u00e9viseur, offre un <\/span><\/span><strong><span data-contrast=\"auto\" xml:lang=\"FR-FR\" lang=\"FR-FR\" class=\"TextRun SCXW98385937 BCX8\"><span class=\"NormalTextRun SCXW98385937 BCX8\">cadre plus d\u00e9tendu<\/span><\/span><\/strong><span data-contrast=\"auto\" xml:lang=\"FR-FR\" lang=\"FR-FR\" class=\"TextRun SCXW98385937 BCX8\"><span class=\"NormalTextRun SCXW98385937 BCX8\"> pour une r\u00e9union en petit comit\u00e9 de type brainstorming. D\u2019une <\/span><\/span><strong><span data-contrast=\"auto\" xml:lang=\"FR-FR\" lang=\"FR-FR\" class=\"TextRun SCXW98385937 BCX8\"><span class=\"NormalTextRun SCXW98385937 BCX8\">superficie totale de 180 m<\/span><\/span><span data-contrast=\"auto\" xml:lang=\"FR-FR\" lang=\"FR-FR\" class=\"TextRun SCXW98385937 BCX8\"><span class=\"NormalTextRun Superscript SCXW98385937 BCX8\" data-fontsize=\"12\">2<\/span><\/span><\/strong><span data-contrast=\"auto\" xml:lang=\"FR-FR\" lang=\"FR-FR\" class=\"TextRun SCXW98385937 BCX8\"><span class=\"NormalTextRun SCXW98385937 BCX8\">, ces salles peuvent accueillir de 6 \u00e0 50 personnes pour un s\u00e9minaire, une journ\u00e9e de r\u00e9union, ou encore un lancement de produits, \u00e0 l\u2019image d\u2019une marque automobile de prestige qui a pr\u00e9sent\u00e9 ses derniers v\u00e9hicules sur le parking de l\u2019h\u00f4tel. Pour travailler dans les meilleures conditions, toutes les salles sont <\/span><\/span><strong><span data-contrast=\"auto\" xml:lang=\"FR-FR\" lang=\"FR-FR\" class=\"TextRun SCXW98385937 BCX8\"><span class=\"NormalTextRun SCXW98385937 BCX8\">\u00e9quip\u00e9es des derni\u00e8res technologies de pointe<\/span><\/span><\/strong><span data-contrast=\"auto\" xml:lang=\"FR-FR\" lang=\"FR-FR\" class=\"TextRun SCXW98385937 BCX8\"><span class=\"NormalTextRun SCXW98385937 BCX8\"> : son Bose, image, connexion VGA HDMI, Wireless, wifi fibre\u2026 Et pour garantir le succ\u00e8s de votre s\u00e9minaire, une <\/span><\/span><strong><span data-contrast=\"auto\" xml:lang=\"FR-FR\" lang=\"FR-FR\" class=\"TextRun SCXW98385937 BCX8\"><span class=\"NormalTextRun SCXW98385937 BCX8\">\u00e9quipe d\u00e9di\u00e9e<\/span><\/span><\/strong><span data-contrast=\"auto\" xml:lang=\"FR-FR\" lang=\"FR-FR\" class=\"TextRun SCXW98385937 BCX8\"><span class=\"NormalTextRun SCXW98385937 BCX8\"> est \u00e0 votre \u00e9coute afin de r\u00e9pondre \u00e0 toutes vos envies !<\/span><\/span><span class=\"EOP SCXW98385937 BCX8\" data-ccp-props=\"{}\">\u00a0<\/span><\/p>\n\t\t\t\t\t\t\t<\/div>\n\t\t\t\t\t\t\t\t\t\t\t\t\t<\/div>\n\t\t\t\t\t\t\t\t\t\t\t\t<div class=\"t3icta__bottom__img1 d-none d-lg-block text-end ms-lg-auto\">\n\t\t\t\t\t\t\t<img decoding=\"async\" src=\"https:\/\/www.myallmeeting.com\/wp-content\/uploads\/2018\/11\/aja_p_4909-41__original-633x398.jpeg\" width=\"633\" height=\"398\" alt=\"\" loading=\"lazy\" \/> <!-- Ce sont les 2 m\u00eames images : ID 1 -->\n\t\t\t\t\t\t<\/div>\n\t\t\t\t\t\t\t\t\t\t\t<\/div>\n\t\t\t\t<\/div>\n\t\t\t\t<div class=\"col-lg-5\">\n\t\t\t\t\t<div class=\"ps-lg-10\">\n\t\t\t\t\t\t\t\t\t\t\t\t<img decoding=\"async\" src=\"https:\/\/www.myallmeeting.com\/wp-content\/uploads\/2018\/11\/aja_p_5099-06__original-633x398.jpeg\" class=\"t3icta__bottom__img0 position-relative d-none d-lg-block mb-15\" width=\"633\" height=\"398\" alt=\"\" loading=\"lazy\" \/> <!-- Ce sont les 2 m\u00eames images : ID 0 -->\n\t\t\t\t\t\t\t\t\t\t\t\t<div class=\"px-2 px-lg-0 mb-9\">\n\t\t\t\t\t\t\t\t\n\t\t\t\t\t\t\t<h2 class=\"fs-20 fs-lg-23 fs-xl-27 fs-xxl-30 fw-semibold\">Des incentives \u00e0 port\u00e9e de main<\/h2>\n\t\t\t\t\t\t\t\t\t\t\t\t\t\t\t\t\t\t\t\t\t<div class=\"fs-wysiwyg\">\n\t\t\t\t\t\t\t\t<p><span data-contrast=\"auto\" xml:lang=\"FR-FR\" lang=\"FR-FR\" class=\"TextRun SCXW1531567 BCX8\"><span class=\"NormalTextRun SCXW1531567 BCX8\">Le\u202fMercure Paris Gennevilliers\u202foffre \u00e9galement un\u202f<\/span><\/span><strong><span data-contrast=\"auto\" xml:lang=\"FR-FR\" lang=\"FR-FR\" class=\"TextRun SCXW1531567 BCX8\"><span class=\"NormalTextRun SCXW1531567 BCX8\">excellent point de d\u00e9part pour de nombreux <\/span><\/span><em><span data-contrast=\"auto\" xml:lang=\"FR-FR\" lang=\"FR-FR\" class=\"TextRun SCXW1531567 BCX8\"><span class=\"NormalTextRun SpellingErrorV2Themed SCXW1531567 BCX8\">incentives<\/span><\/span><\/em><\/strong><span data-contrast=\"auto\" xml:lang=\"FR-FR\" lang=\"FR-FR\" class=\"TextRun SCXW1531567 BCX8\"><span class=\"NormalTextRun SCXW1531567 BCX8\">. Un\u202fmatch de foot\u202fou un\u202fconcert au Stade de France, un\u202fspectacle \u00e0 La D\u00e9fense Arena voisine, ou encore le c\u00e9l\u00e8bre\u202fbal d\u2019avions de chasse du Salon du Bourget. Et si vous travaillez \u00e0 proximit\u00e9, l\u2019h\u00f4tel organise des\u202f<\/span><\/span><strong><em><span data-contrast=\"auto\" xml:lang=\"FR-FR\" lang=\"FR-FR\" class=\"TextRun SCXW1531567 BCX8\"><span class=\"NormalTextRun SpellingErrorV2Themed SCXW1531567 BCX8\">afterworks<\/span><\/span><\/em><span data-contrast=\"auto\" xml:lang=\"FR-FR\" lang=\"FR-FR\" class=\"TextRun SCXW1531567 BCX8\"><span class=\"NormalTextRun SCXW1531567 BCX8\">\u202fsur mesure<\/span><\/span><\/strong><span data-contrast=\"auto\" xml:lang=\"FR-FR\" lang=\"FR-FR\" class=\"TextRun SCXW1531567 BCX8\"><span class=\"NormalTextRun SCXW1531567 BCX8\">\u202fdans l\u2019une de ses\u202fsalles privatis\u00e9es avec terrasse,\u202fplanches\u202fet\u202ftapas. Une\u202foffre compl\u00e8te\u202fqui devrait changer le regard sur Gennevilliers !<\/span><\/span><span class=\"EOP SCXW1531567 BCX8\" data-ccp-props=\"{}\">\u00a0<\/span><\/p>\n\t\t\t\t\t\t\t<\/div>\n\t\t\t\t\t\t\t\t\t\t\t\t\t<\/div>\n\t\t\t\t\t\t\t\t\t\t\t\t<div class=\"t3icta__bottom__img1 d-lg-none mx-auto\">\n\t\t\t\t\t\t\t<img decoding=\"async\" src=\"https:\/\/www.myallmeeting.com\/wp-content\/uploads\/2018\/11\/aja_p_5099-06__original-633x398.jpeg\" width=\"633\" height=\"398\" alt=\"\" loading=\"lazy\" \/> <!-- Ce sont les 2 m\u00eames images : ID 1 -->\n\t\t\t\t\t\t<\/div>\n\t\t\t\t\t\t\t\t\t\t\t<\/div>\n\t\t\t\t<\/div>\n\t\t\t<\/div>\n\t\t<\/div>\n\t<\/div>\n\t<\/div>\n<!-- END OF : Composant : block-periscope-theme-section-composant-26-textes-slider-cta.php -->\n","protected":false},"excerpt":{"rendered":"<p>Pour votre prochain \u00e9v\u00e8nement, venez d\u00e9couvrir cet h\u00f4tel au c\u0153ur d\u2019un p\u00f4le d\u2019activit\u00e9s dynamiques<\/p>\n","protected":false},"featured_media":30815,"menu_order":0,"template":"","periscope_categorie_tax":[1651],"class_list":["post-15226736","article","type-article","status-publish","has-post-thumbnail","hentry","periscope_categorie_tax-reportage-du-mois"],"acf":[],"yoast_head":"<title>Esprit industriel chic pour vos meetings au Mercure Paris Gennevilliers - Accor MyAllMeeting.com<\/title>\n<meta name=\"robots\" content=\"index, follow, max-snippet:-1, max-image-preview:large, max-video-preview:-1\" \/>\n<link rel=\"canonical\" href=\"https:\/\/www.myallmeeting.com\/fr\/wp-json\/wp\/v2\/article\/15226736\" \/>\n<meta property=\"og:locale\" content=\"fr_FR\" \/>\n<meta property=\"og:type\" content=\"article\" \/>\n<meta property=\"og:title\" content=\"Esprit industriel chic pour vos meetings au Mercure Paris Gennevilliers - Accor MyAllMeeting.com\" \/>\n<meta property=\"og:description\" content=\"Pour votre prochain \u00e9v\u00e8nement, venez d\u00e9couvrir cet h\u00f4tel au c\u0153ur d\u2019un p\u00f4le d\u2019activit\u00e9s dynamiques\" \/>\n<meta property=\"og:url\" content=\"https:\/\/www.myallmeeting.com\/fr\/article\/esprit-industriel-chic-pour-vos-meetings-au-mercure-paris-gennevilliers\/\" \/>\n<meta property=\"og:site_name\" content=\"Accor MyAllMeeting.com\" \/>\n<meta property=\"article:modified_time\" content=\"2024-11-13T11:25:30+00:00\" \/>\n<meta property=\"og:image\" content=\"http:\/\/myallmeeting.com\/wp-content\/uploads\/2018\/11\/f95722384-HDR.jpg\" \/>\n\t<meta property=\"og:image:width\" content=\"1200\" \/>\n\t<meta property=\"og:image:height\" content=\"800\" \/>\n\t<meta property=\"og:image:type\" content=\"image\/jpeg\" \/>\n<meta name=\"twitter:card\" content=\"summary_large_image\" \/>\n<meta name=\"twitter:label1\" content=\"Dur\u00e9e de lecture estim\u00e9e\" \/>\n\t<meta name=\"twitter:data1\" content=\"5 minutes\" \/>\n<script type=\"application\/ld+json\" class=\"yoast-schema-graph\">{\"@context\":\"https:\/\/schema.org\",\"@graph\":[{\"@type\":\"WebPage\",\"@id\":\"https:\/\/www.myallmeeting.com\/fr\/article\/esprit-industriel-chic-pour-vos-meetings-au-mercure-paris-gennevilliers\/\",\"url\":\"https:\/\/www.myallmeeting.com\/fr\/article\/esprit-industriel-chic-pour-vos-meetings-au-mercure-paris-gennevilliers\/\",\"name\":\"Esprit industriel chic pour vos meetings au Mercure Paris Gennevilliers - Accor MyAllMeeting.com\",\"isPartOf\":{\"@id\":\"https:\/\/www.myallmeeting.com\/fr\/#website\"},\"primaryImageOfPage\":{\"@id\":\"https:\/\/www.myallmeeting.com\/fr\/article\/esprit-industriel-chic-pour-vos-meetings-au-mercure-paris-gennevilliers\/#primaryimage\"},\"image\":{\"@id\":\"https:\/\/www.myallmeeting.com\/fr\/article\/esprit-industriel-chic-pour-vos-meetings-au-mercure-paris-gennevilliers\/#primaryimage\"},\"thumbnailUrl\":\"https:\/\/www.myallmeeting.com\/wp-content\/uploads\/2018\/11\/f95722384-HDR.jpg\",\"datePublished\":\"2018-11-22T14:41:54+00:00\",\"dateModified\":\"2024-11-13T11:25:30+00:00\",\"breadcrumb\":{\"@id\":\"https:\/\/www.myallmeeting.com\/fr\/article\/esprit-industriel-chic-pour-vos-meetings-au-mercure-paris-gennevilliers\/#breadcrumb\"},\"inLanguage\":\"fr-FR\",\"potentialAction\":[{\"@type\":\"ReadAction\",\"target\":[\"https:\/\/www.myallmeeting.com\/fr\/article\/esprit-industriel-chic-pour-vos-meetings-au-mercure-paris-gennevilliers\/\"]}]},{\"@type\":\"ImageObject\",\"inLanguage\":\"fr-FR\",\"@id\":\"https:\/\/www.myallmeeting.com\/fr\/article\/esprit-industriel-chic-pour-vos-meetings-au-mercure-paris-gennevilliers\/#primaryimage\",\"url\":\"https:\/\/www.myallmeeting.com\/wp-content\/uploads\/2018\/11\/f95722384-HDR.jpg\",\"contentUrl\":\"https:\/\/www.myallmeeting.com\/wp-content\/uploads\/2018\/11\/f95722384-HDR.jpg\",\"width\":1200,\"height\":800,\"caption\":\"ESPRIT INDUSTRIEL CHIC POUR VOS MEETINGS AU MERCURE PARIS GENNEVILLIERS\"},{\"@type\":\"BreadcrumbList\",\"@id\":\"https:\/\/www.myallmeeting.com\/fr\/article\/esprit-industriel-chic-pour-vos-meetings-au-mercure-paris-gennevilliers\/#breadcrumb\",\"itemListElement\":[{\"@type\":\"ListItem\",\"position\":1,\"name\":\"Accueil\",\"item\":\"https:\/\/myallmeeting.com\/fr\/\"},{\"@type\":\"ListItem\",\"position\":2,\"name\":\"Actualit\u00e9s\",\"item\":\"https:\/\/www.myallmeeting.com\/fr\/actualite\/\"},{\"@type\":\"ListItem\",\"position\":3,\"name\":\"Esprit industriel chic pour vos meetings au Mercure Paris Gennevilliers\"}]},{\"@type\":\"WebSite\",\"@id\":\"https:\/\/www.myallmeeting.com\/fr\/#website\",\"url\":\"https:\/\/www.myallmeeting.com\/fr\/\",\"name\":\"Accor MyAllMeeting.com\",\"description\":\"Les Meilleurs lieux pour vos Ev\u00e9nements Professionnels\",\"publisher\":{\"@id\":\"https:\/\/www.myallmeeting.com\/fr\/#organization\"},\"potentialAction\":[{\"@type\":\"SearchAction\",\"target\":{\"@type\":\"EntryPoint\",\"urlTemplate\":\"https:\/\/www.myallmeeting.com\/fr\/?s={search_term_string}\"},\"query-input\":{\"@type\":\"PropertyValueSpecification\",\"valueRequired\":true,\"valueName\":\"search_term_string\"}}],\"inLanguage\":\"fr-FR\"},{\"@type\":\"Organization\",\"@id\":\"https:\/\/www.myallmeeting.com\/fr\/#organization\",\"name\":\"ACCOR\",\"url\":\"https:\/\/www.myallmeeting.com\/fr\/\",\"logo\":{\"@type\":\"ImageObject\",\"inLanguage\":\"fr-FR\",\"@id\":\"https:\/\/www.myallmeeting.com\/fr\/#\/schema\/logo\/image\/\",\"url\":\"\",\"contentUrl\":\"\",\"caption\":\"ACCOR\"},\"image\":{\"@id\":\"https:\/\/www.myallmeeting.com\/fr\/#\/schema\/logo\/image\/\"}}]}<\/script>","yoast_head_json":{"title":"Esprit industriel chic pour vos meetings au Mercure Paris Gennevilliers - Accor MyAllMeeting.com","robots":{"index":"index","follow":"follow","max-snippet":"max-snippet:-1","max-image-preview":"max-image-preview:large","max-video-preview":"max-video-preview:-1"},"canonical":"https:\/\/www.myallmeeting.com\/fr\/wp-json\/wp\/v2\/article\/15226736","og_locale":"fr_FR","og_type":"article","og_title":"Esprit industriel chic pour vos meetings au Mercure Paris Gennevilliers - Accor MyAllMeeting.com","og_description":"Pour votre prochain \u00e9v\u00e8nement, venez d\u00e9couvrir cet h\u00f4tel au c\u0153ur d\u2019un p\u00f4le d\u2019activit\u00e9s dynamiques","og_url":"https:\/\/www.myallmeeting.com\/fr\/article\/esprit-industriel-chic-pour-vos-meetings-au-mercure-paris-gennevilliers\/","og_site_name":"Accor MyAllMeeting.com","article_modified_time":"2024-11-13T11:25:30+00:00","og_image":[{"width":1200,"height":800,"url":"http:\/\/myallmeeting.com\/wp-content\/uploads\/2018\/11\/f95722384-HDR.jpg","type":"image\/jpeg"}],"twitter_card":"summary_large_image","twitter_misc":{"Dur\u00e9e de lecture estim\u00e9e":"5 minutes"},"schema":{"@context":"https:\/\/schema.org","@graph":[{"@type":"WebPage","@id":"https:\/\/www.myallmeeting.com\/fr\/article\/esprit-industriel-chic-pour-vos-meetings-au-mercure-paris-gennevilliers\/","url":"https:\/\/www.myallmeeting.com\/fr\/article\/esprit-industriel-chic-pour-vos-meetings-au-mercure-paris-gennevilliers\/","name":"Esprit industriel chic pour vos meetings au Mercure Paris Gennevilliers - Accor MyAllMeeting.com","isPartOf":{"@id":"https:\/\/www.myallmeeting.com\/fr\/#website"},"primaryImageOfPage":{"@id":"https:\/\/www.myallmeeting.com\/fr\/article\/esprit-industriel-chic-pour-vos-meetings-au-mercure-paris-gennevilliers\/#primaryimage"},"image":{"@id":"https:\/\/www.myallmeeting.com\/fr\/article\/esprit-industriel-chic-pour-vos-meetings-au-mercure-paris-gennevilliers\/#primaryimage"},"thumbnailUrl":"https:\/\/www.myallmeeting.com\/wp-content\/uploads\/2018\/11\/f95722384-HDR.jpg","datePublished":"2018-11-22T14:41:54+00:00","dateModified":"2024-11-13T11:25:30+00:00","breadcrumb":{"@id":"https:\/\/www.myallmeeting.com\/fr\/article\/esprit-industriel-chic-pour-vos-meetings-au-mercure-paris-gennevilliers\/#breadcrumb"},"inLanguage":"fr-FR","potentialAction":[{"@type":"ReadAction","target":["https:\/\/www.myallmeeting.com\/fr\/article\/esprit-industriel-chic-pour-vos-meetings-au-mercure-paris-gennevilliers\/"]}]},{"@type":"ImageObject","inLanguage":"fr-FR","@id":"https:\/\/www.myallmeeting.com\/fr\/article\/esprit-industriel-chic-pour-vos-meetings-au-mercure-paris-gennevilliers\/#primaryimage","url":"https:\/\/www.myallmeeting.com\/wp-content\/uploads\/2018\/11\/f95722384-HDR.jpg","contentUrl":"https:\/\/www.myallmeeting.com\/wp-content\/uploads\/2018\/11\/f95722384-HDR.jpg","width":1200,"height":800,"caption":"ESPRIT INDUSTRIEL CHIC POUR VOS MEETINGS AU MERCURE PARIS GENNEVILLIERS"},{"@type":"BreadcrumbList","@id":"https:\/\/www.myallmeeting.com\/fr\/article\/esprit-industriel-chic-pour-vos-meetings-au-mercure-paris-gennevilliers\/#breadcrumb","itemListElement":[{"@type":"ListItem","position":1,"name":"Accueil","item":"https:\/\/myallmeeting.com\/fr\/"},{"@type":"ListItem","position":2,"name":"Actualit\u00e9s","item":"https:\/\/www.myallmeeting.com\/fr\/actualite\/"},{"@type":"ListItem","position":3,"name":"Esprit industriel chic pour vos meetings au Mercure Paris Gennevilliers"}]},{"@type":"WebSite","@id":"https:\/\/www.myallmeeting.com\/fr\/#website","url":"https:\/\/www.myallmeeting.com\/fr\/","name":"Accor MyAllMeeting.com","description":"Les Meilleurs lieux pour vos Ev\u00e9nements Professionnels","publisher":{"@id":"https:\/\/www.myallmeeting.com\/fr\/#organization"},"potentialAction":[{"@type":"SearchAction","target":{"@type":"EntryPoint","urlTemplate":"https:\/\/www.myallmeeting.com\/fr\/?s={search_term_string}"},"query-input":{"@type":"PropertyValueSpecification","valueRequired":true,"valueName":"search_term_string"}}],"inLanguage":"fr-FR"},{"@type":"Organization","@id":"https:\/\/www.myallmeeting.com\/fr\/#organization","name":"ACCOR","url":"https:\/\/www.myallmeeting.com\/fr\/","logo":{"@type":"ImageObject","inLanguage":"fr-FR","@id":"https:\/\/www.myallmeeting.com\/fr\/#\/schema\/logo\/image\/","url":"","contentUrl":"","caption":"ACCOR"},"image":{"@id":"https:\/\/www.myallmeeting.com\/fr\/#\/schema\/logo\/image\/"}}]}},"_links":{"self":[{"href":"https:\/\/www.myallmeeting.com\/fr\/wp-json\/wp\/v2\/article\/15226736","targetHints":{"allow":["GET"]}}],"collection":[{"href":"https:\/\/www.myallmeeting.com\/fr\/wp-json\/wp\/v2\/article"}],"about":[{"href":"https:\/\/www.myallmeeting.com\/fr\/wp-json\/wp\/v2\/types\/article"}],"wp:featuredmedia":[{"embeddable":true,"href":"https:\/\/www.myallmeeting.com\/fr\/wp-json\/wp\/v2\/media\/30815"}],"wp:attachment":[{"href":"https:\/\/www.myallmeeting.com\/fr\/wp-json\/wp\/v2\/media?parent=15226736"}],"wp:term":[{"taxonomy":"periscope_categorie_tax","embeddable":true,"href":"https:\/\/www.myallmeeting.com\/fr\/wp-json\/wp\/v2\/periscope_categorie_tax?post=15226736"}],"curies":[{"name":"wp","href":"https:\/\/api.w.org\/{rel}","templated":true}]}}