{"id":15226735,"date":"2018-11-26T11:11:27","date_gmt":"2018-11-26T10:11:27","guid":{"rendered":"https:\/\/myallmeeting.com\/article\/retards-en-reunion-comment-les-eviter\/"},"modified":"2024-07-10T12:53:58","modified_gmt":"2024-07-10T10:53:58","slug":"retards-en-reunion-comment-les-eviter","status":"publish","type":"article","link":"https:\/\/www.myallmeeting.com\/fr\/article\/retards-en-reunion-comment-les-eviter\/","title":{"rendered":"Retards en r\u00e9union : comment les \u00e9viter ?"},"content":{"rendered":"<!-- START OF : Composant : block-periscope-theme-section-composant-25-texte-cta-2-images.php -->\n<div class=\"tcta2ia bg-white fs-wysiwyg mb-lg-12\" data-component=\"25-texte-cta-2-images\">\n\t<div class=\"tcta2ia__top\">\n\t\t<div class=\"container-fluid\" style=\"--bs-gutter-x: 0\">\n\t\t\t<div class=\"row\" style=\"--bs-gutter-x: 0\">\n\t\t\t\t<div class=\"col-lg-8\">\n\t\t\t\t\t\t\t\t\t\t<div class=\"bloc-mise-en-avant__top__left\">\n\t\t\t\t\t\t<img decoding=\"async\" src=\"https:\/\/www.myallmeeting.com\/wp-content\/uploads\/2018\/11\/iStock-1681636461-1231x846.jpg\" class=\"pe-2 pe-lg-0\" width=\"1268\" height=\"846\" alt=\"\u00e9viter retard r\u00e9union\" loading=\"lazy\" \/>\n\t\t\t\t\t<\/div>\n\t\t\t\t\t\t\t\t\t\t<div class=\"tcta2ia__bottom d-none d-lg-block pb-12 pt-lg-9 pb-lg-0 pe-lg-10\">\n\t\t\t\t\t\t\t\t\t\t\t\t<h2 class=\"fs-20 fs-lg-32 fw-semibold\">\u00c0 la bonne heure <\/h2>\n\t\t\t\t\t\t\t\t\t\t\t\t\t\t\t\t\t\t<div class=\"fs-wysiwyg\"><p><span style=\"font-weight: 400;\">Afin de mobiliser vos collaborateurs de fa\u00e7on optimale, <\/span><b>mieux vaut mettre toutes les chances de vos c\u00f4t\u00e9s<\/b><span style=\"font-weight: 400;\">.<\/span><\/p>\n<p><span style=\"font-weight: 400;\">Premi\u00e8re r\u00e8gle\u00a0: <\/span><b>fixer un horaire physiologiquement raisonnable et adapt\u00e9 \u00e0 l\u2019emploi du temps de la majorit\u00e9 des participants<\/b><span style=\"font-weight: 400;\">.<\/span><\/p>\n<p><span style=\"font-weight: 400;\">Une solution qui limite les excuses du style \u00ab\u00a0embouteillages\u00a0\u00bb ou \u00ab\u00a0panne de r\u00e9veil\u00a0\u00bb\u00a0: id\u00e9alement 9h30\/10h le matin, 14h\/14h30 l\u2019apr\u00e8s-midi. Les cr\u00e9neaux conseill\u00e9s pour une cr\u00e9ativit\u00e9 au top\u00a0!<\/span><\/p>\n<\/div>\n\t\t\t\t\t\t\t\t\t\t\t\t<div class=\"d-flex flex-column flex-lg-row align-items-center gap-5 gap-lg-8 justify-content-between\">\n\t\t\t\t\t\t\t<div class=\"fs-20 fs-lg-26 fw-semibold lh-xs\"><\/div>\n\t\t\t\t\t\t\t\t\t\t\t\t\t<\/div>\n\t\t\t\t\t<\/div>\n\t\t\t\t<\/div>\n\t\t\t\t<div class=\"col-lg-4\">\n\t\t\t\t\t<div class=\"tcta2ia__top__right t-0 r-0 bg-primary text-white pt-4 pb-4 px-2 pt-lg-8 pb-lg-16 px-lg-11 pb-xl-30\">\n\t\t\t\t\t\t\t\t\t\t\t\t\t\t\t\t\t\t<h2 class=\"unna fs-36 fs-lg-51 fs-xl-75 fs-italic fw-normal text-secondary\">Comment \u00e9viter les retards en r\u00e9union ?<\/h2>\n\t\t\t\t\t\t\t\t\t\t\t\t\t\t\t\t\t\t<h3 class=\"text-white fs-18 fs-lg-20 fs-xl-28 text-original-case\">Si l\u2019exactitude \u00e9tait pour Louis XVIII \u00ab la politesse des rois \u00bb, ce n\u2019est pas toujours vrai pour les participants aux r\u00e9unions.<\/h3>\n\t\t\t\t\t\t\t\t\t\t\t\t\t\t\t\t\t\t<div class=\"fs-wysiwyg mb-4 fs-lg-16 fs-xl-20\"><p><b>Les entorses \u00e0 l\u2019horaire sont monnaie courante, nuisent \u00e0 l\u2019organisation de chacun et \u00e0 l\u2019efficacit\u00e9 du travail de tous.<\/b><\/p>\n<p><b>Des collaborateurs r\u00e9calcitrants ou des distraits chroniques dans vos rangs ?<\/b> <b>Pour que vos futures r\u00e9unions d\u00e9butent sous le signe de la ponctualit\u00e9, les experts Accor proposent ces m\u00e9thodes qui ont fait leurs preuves. Car, finalement, la ponctualit\u00e9 est aussi la politesse des rois. <\/b><\/p>\n<\/div>\n\t\t\t\t\t\t\t\t\t\t\t\t\t\t\t\t\t\t\t\t\t\t\t\t<p class=\"m-0\"><img decoding=\"async\" src=\"https:\/\/www.myallmeeting.com\/wp-content\/uploads\/2017\/03\/4166-50-633x398.png\" class=\"position-relative l-0\" width=\"633\" height=\"398\" alt=\"En r\u00e9union on \u00e9vite de\" loading=\"lazy\" \/><\/p>\n\t\t\t\t\t\t\t\t\t\t\t<\/div>\n\t\t\t\t<\/div>\n\t\t\t<\/div>\n\t\t<\/div>\n\t<\/div>\n\t<div class=\"tcta2ia__bottom d-lg-none pb-12 py-lg-9 pe-lg-10\">\n\t\t\t\t<div class=\"h2 fs-20 fs-lg-32 fw-semibold\">\u00c0 la bonne heure <\/div>\n\t\t\t\t\t\t<div class=\"fs-wysiwyg\"><p><span style=\"font-weight: 400;\">Afin de mobiliser vos collaborateurs de fa\u00e7on optimale, <\/span><b>mieux vaut mettre toutes les chances de vos c\u00f4t\u00e9s<\/b><span style=\"font-weight: 400;\">.<\/span><\/p>\n<p><span style=\"font-weight: 400;\">Premi\u00e8re r\u00e8gle\u00a0: <\/span><b>fixer un horaire physiologiquement raisonnable et adapt\u00e9 \u00e0 l\u2019emploi du temps de la majorit\u00e9 des participants<\/b><span style=\"font-weight: 400;\">.<\/span><\/p>\n<p><span style=\"font-weight: 400;\">Une solution qui limite les excuses du style \u00ab\u00a0embouteillages\u00a0\u00bb ou \u00ab\u00a0panne de r\u00e9veil\u00a0\u00bb\u00a0: id\u00e9alement 9h30\/10h le matin, 14h\/14h30 l\u2019apr\u00e8s-midi. Les cr\u00e9neaux conseill\u00e9s pour une cr\u00e9ativit\u00e9 au top\u00a0!<\/span><\/p>\n<\/div>\n\t\t\t\t<div class=\"d-flex flex-column flex-lg-row align-items-center gap-5 gap-lg-8 justify-content-between\">\n\t\t\t<div class=\"fs-20 fs-lg-26 fw-semibold lh-xs\"><\/div>\n\t\t\t\t\t<\/div>\n\t<\/div>\n<\/div>\n<!-- END OF : Composant : block-periscope-theme-section-composant-25-texte-cta-2-images.php -->\n\n\n<!-- START OF : Composant : block-periscope-theme-section-composant-33-texte-image.php -->\n<!-- INVERSE -->\n<div class=\"text-image fs-wysiwyg mb-8 mb-lg-12\" data-component=\"33-texte-image\" data-reverse=\"oui\">\n\t<div class=\"container-fluid\" style=\"--bs-gutter-x: 0\">\n\t\t<div class=\"row\" style=\"--bs-gutter-x: 0\">\n\t\t\t<div class=\"col-lg-6\">\n\t\t\t\t<div class=\"text-image__content\">\n\t\t\t\t\t\t\t\t\t\t<div class=\"fw-semibold lh-xs fs-20 fs-lg-32 ls--25 mb-5\">Communiquer sur le jour J<\/div>\n\t\t\t\t\t\t\t\t\t\t\t\t\t\t\t<div class=\"fs-wysiwyg\">\n\t\t\t\t\t\t<p><span style=\"font-weight: 400;\">Indiquer les objectifs et les enjeux de votre r\u00e9union est essentiel\u00a0<\/span><b>pour motiver vos collaborateurs<\/b><span style=\"font-weight: 400;\">. Ils se sentiront <\/span><b>plus impliqu\u00e9s et seront plus enclins \u00e0 faire un effort de ponctualit\u00e9<\/b><span style=\"font-weight: 400;\">.<\/span><\/p>\n<p><span style=\"font-weight: 400;\">Pensez \u00e9galement \u00e0 annoncer <\/span><b>date et heure bien \u00e0 l\u2019avance<\/b><span style=\"font-weight: 400;\">. Les participants auront tout le loisir de s\u2019organiser pour \u00eatre pr\u00e9sents le jour J et \u00e0 l\u2019heure dite, m\u00eame s\u2019ils viennent de loin.\u00a0<\/span><\/p>\n<p><span style=\"font-weight: 400;\">Pourquoi ne pas en profiter pour mentionner aussi que la r\u00e9union d\u00e9bute pr\u00e9cis\u00e9ment \u00e0 l\u2019horaire indiqu\u00e9\u00a0? \u00c0 bon entendeur\u2026 Une petite piq\u00fbre de rappel par mail la veille est aussi b\u00e9n\u00e9fique.<\/span><\/p>\n\t\t\t\t\t<\/div>\n\t\t\t\t\t\t\t\t\t<\/div>\n\t\t\t<\/div>    \n\t\t\t\t\t<\/div>\n\t<\/div>\n<\/div>\n<!-- END OF : Composant : block-periscope-theme-section-composant-33-texte-image.php -->\n\n\n<!-- START OF : Composant : block-periscope-theme-section-composant-33-texte-image.php -->\n<!-- INVERSE -->\n<div class=\"text-image fs-wysiwyg mb-8 mb-lg-12\" data-component=\"33-texte-image\" data-reverse=\"oui\">\n\t<div class=\"container-fluid\" style=\"--bs-gutter-x: 0\">\n\t\t<div class=\"row\" style=\"--bs-gutter-x: 0\">\n\t\t\t<div class=\"col-lg-6\">\n\t\t\t\t<div class=\"text-image__content\">\n\t\t\t\t\t\t\t\t\t\t<div class=\"fw-semibold lh-xs fs-20 fs-lg-32 ls--25 mb-5\">L\u2019heure, c\u2019est l\u2019heure !<\/div>\n\t\t\t\t\t\t\t\t\t\t\t\t\t\t\t<div class=\"fs-wysiwyg\">\n\t\t\t\t\t\t<p><span style=\"font-weight: 400;\">Aucun \u00ab\u00a0ma\u00eetre de c\u00e9r\u00e9monie\u00a0\u00bb n\u2019est \u00e0 l\u2019abri des impond\u00e9rables (une technologie d\u00e9faillante, un appel \u00e0 passer en urgence\u2026) et n\u2019a une totale ma\u00eetrise des horloges.<\/span><\/p>\n<p><b>Il doit cependant montrer l\u2019exemple en lan\u00e7ant la r\u00e9union \u00e0 l\u2019heure<\/b><span style=\"font-weight: 400;\">, ne serait-ce que par respect envers les collaborateurs qui ont fait l\u2019effort d\u2019\u00eatre ponctuels (ou le sont naturellement).\u00a0<\/span><\/p>\n<p><span style=\"font-weight: 400;\">La r\u00e8gle du jeu fix\u00e9e, il a toute l\u00e9gitimit\u00e9 pour la faire respecter par la suite et faire preuve de fermet\u00e9 vis-\u00e0-vis des retardataires.<\/span><\/p>\n\t\t\t\t\t<\/div>\n\t\t\t\t\t\t\t\t\t<\/div>\n\t\t\t<\/div>    \n\t\t\t\t\t<\/div>\n\t<\/div>\n<\/div>\n<!-- END OF : Composant : block-periscope-theme-section-composant-33-texte-image.php -->\n\n\n<!-- START OF : Composant : block-periscope-theme-section-composant-33-texte-image.php -->\n<!-- INVERSE -->\n<div class=\"text-image fs-wysiwyg mb-8 mb-lg-12\" data-component=\"33-texte-image\" data-reverse=\"oui\">\n\t<div class=\"container-fluid\" style=\"--bs-gutter-x: 0\">\n\t\t<div class=\"row\" style=\"--bs-gutter-x: 0\">\n\t\t\t<div class=\"col-lg-6\">\n\t\t\t\t<div class=\"text-image__content\">\n\t\t\t\t\t\t\t\t\t\t<div class=\"fw-semibold lh-xs fs-20 fs-lg-32 ls--25 mb-5\">Remettre les pendules \u00e0 l\u2019heure<\/div>\n\t\t\t\t\t\t\t\t\t\t\t\t\t\t\t<div class=\"fs-wysiwyg\">\n\t\t\t\t\t\t<p><span style=\"font-weight: 400;\">Que le retardataire agisse par n\u00e9gligence, manque de motivation ou un soup\u00e7on de provocation, plusieurs r\u00e9actions sont possibles, \u00e0 vous d\u2019opter pour celle qui convient le mieux selon le contexte, sa personnalit\u00e9 et la v\u00f4tre\u00a0:<\/span><\/p>\n<p><span style=\"font-weight: 400;\">&#8211; Souligner son entr\u00e9e forc\u00e9ment remarqu\u00e9e avec un mot teint\u00e9 d\u2019humour (ou d\u2019ironie),<\/span><\/p>\n<p><span style=\"font-weight: 400;\">&#8211; Faire preuve de la plus grande indiff\u00e9rence,<\/span><\/p>\n<p><span style=\"font-weight: 400;\">Autre astuce efficace\u00a0: confier syst\u00e9matiquement aux retardataires une t\u00e2che,\u00a0<\/span><a href=\"https:\/\/myallmeeting.com\/mes-conseils\/faire-compte-rendu-original\/\"><b>la r\u00e9daction du compte-rendu<\/b><\/a><span style=\"font-weight: 400;\">\u00a0par exemple. Cela se saura\u2026 Pour les collaborateurs ponctuels \u00e0 l\u2019inverse, un caf\u00e9 et quelques douceurs en tout d\u00e9but de s\u00e9ance sont de mise.<\/span><\/p>\n<p><b>\u00a0<\/b><\/p>\n\t\t\t\t\t<\/div>\n\t\t\t\t\t\t\t\t\t<\/div>\n\t\t\t<\/div>    \n\t\t\t\t\t<\/div>\n\t<\/div>\n<\/div>\n<!-- END OF : Composant : block-periscope-theme-section-composant-33-texte-image.php -->\n\n\n<!-- START OF : Composant : block-periscope-theme-section-composant-33-texte-image.php -->\n<!-- INVERSE -->\n<div class=\"text-image fs-wysiwyg mb-8 mb-lg-12\" data-component=\"33-texte-image\" data-reverse=\"oui\">\n\t<div class=\"container-fluid\" style=\"--bs-gutter-x: 0\">\n\t\t<div class=\"row\" style=\"--bs-gutter-x: 0\">\n\t\t\t<div class=\"col-lg-6\">\n\t\t\t\t<div class=\"text-image__content\">\n\t\t\t\t\t\t\t\t\t\t<div class=\"fw-semibold lh-xs fs-20 fs-lg-32 ls--25 mb-5\">Il n\u2019est jamais trop tard\u2026<\/div>\n\t\t\t\t\t\t\t\t\t\t\t\t\t\t\t<div class=\"fs-wysiwyg\">\n\t\t\t\t\t\t<p><b>Les situations exceptionnelles et les cas de force majeure, \u00e7a existe. <\/b><span style=\"font-weight: 400;\">S\u2019agissant des retards chroniques, n\u2019h\u00e9sitez pas \u00e0 en discuter directement avec votre collaborateur.<\/span><\/p>\n<p><span style=\"font-weight: 400;\">Cela vous permettra sans doute d\u2019identifier la difficult\u00e9 et de trouver avec lui une solution pour am\u00e9liorer sa ponctualit\u00e9. Ce dernier doit cependant prendre conscience du d\u00e9sagr\u00e9ment occasionn\u00e9 !<\/span><\/p>\n<p>&nbsp;<\/p>\n<h3 style=\"text-align: center;\"><span style=\"font-weight: 400;\">En r\u00e9union, comme en entreprise en g\u00e9n\u00e9ral, savoir-vivre et respect des r\u00e8gles sont indispensables.<\/span><span style=\"font-weight: 400;\"><br \/>\n<\/span><span style=\"font-weight: 400;\">On la \u00ab\u00a0joue collectif\u00a0\u00bb\u00a0!<\/span><\/h3>\n\t\t\t\t\t<\/div>\n\t\t\t\t\t\t\t\t\t<\/div>\n\t\t\t<\/div>    \n\t\t\t\t\t<\/div>\n\t<\/div>\n<\/div>\n<!-- END OF : Composant : block-periscope-theme-section-composant-33-texte-image.php -->\n","protected":false},"excerpt":{"rendered":"<p>D\u00e9couvrez comment g\u00e9rer votre temps efficacement lors des r\u00e9unions afin d\u2019\u00e9viter tout retard.<\/p>\n","protected":false},"featured_media":16021637,"menu_order":0,"template":"","periscope_categorie_tax":[1649],"class_list":["post-15226735","article","type-article","status-publish","has-post-thumbnail","hentry","periscope_categorie_tax-organiser-votre-reunion"],"acf":[],"yoast_head":"<title>Retards en r\u00e9union : comment les \u00e9viter ? - Accor MyAllMeeting.com<\/title>\n<meta name=\"robots\" content=\"index, follow, max-snippet:-1, max-image-preview:large, max-video-preview:-1\" \/>\n<link rel=\"canonical\" href=\"https:\/\/www.myallmeeting.com\/fr\/wp-json\/wp\/v2\/article\/15226735\" \/>\n<meta property=\"og:locale\" content=\"fr_FR\" \/>\n<meta property=\"og:type\" content=\"article\" \/>\n<meta property=\"og:title\" content=\"Retards en r\u00e9union : comment les \u00e9viter ? - Accor MyAllMeeting.com\" \/>\n<meta property=\"og:description\" content=\"D\u00e9couvrez comment g\u00e9rer votre temps efficacement lors des r\u00e9unions afin d\u2019\u00e9viter tout retard.\" \/>\n<meta property=\"og:url\" content=\"https:\/\/www.myallmeeting.com\/fr\/article\/retards-en-reunion-comment-les-eviter\/\" \/>\n<meta property=\"og:site_name\" content=\"Accor MyAllMeeting.com\" \/>\n<meta property=\"article:modified_time\" content=\"2024-07-10T10:53:58+00:00\" \/>\n<meta property=\"og:image\" content=\"http:\/\/myallmeeting.com\/wp-content\/uploads\/2018\/11\/retard-reunion.png\" \/>\n\t<meta property=\"og:image:width\" content=\"1920\" \/>\n\t<meta property=\"og:image:height\" content=\"570\" \/>\n\t<meta property=\"og:image:type\" content=\"image\/png\" \/>\n<meta name=\"twitter:card\" content=\"summary_large_image\" \/>\n<meta name=\"twitter:label1\" content=\"Dur\u00e9e de lecture estim\u00e9e\" \/>\n\t<meta name=\"twitter:data1\" content=\"4 minutes\" \/>\n<script type=\"application\/ld+json\" class=\"yoast-schema-graph\">{\"@context\":\"https:\/\/schema.org\",\"@graph\":[{\"@type\":\"WebPage\",\"@id\":\"https:\/\/www.myallmeeting.com\/fr\/article\/retards-en-reunion-comment-les-eviter\/\",\"url\":\"https:\/\/www.myallmeeting.com\/fr\/article\/retards-en-reunion-comment-les-eviter\/\",\"name\":\"Retards en r\u00e9union : comment les \u00e9viter ? - Accor MyAllMeeting.com\",\"isPartOf\":{\"@id\":\"https:\/\/www.myallmeeting.com\/fr\/#website\"},\"primaryImageOfPage\":{\"@id\":\"https:\/\/www.myallmeeting.com\/fr\/article\/retards-en-reunion-comment-les-eviter\/#primaryimage\"},\"image\":{\"@id\":\"https:\/\/www.myallmeeting.com\/fr\/article\/retards-en-reunion-comment-les-eviter\/#primaryimage\"},\"thumbnailUrl\":\"https:\/\/www.myallmeeting.com\/wp-content\/uploads\/2018\/11\/retard-reunion.png\",\"datePublished\":\"2018-11-26T10:11:27+00:00\",\"dateModified\":\"2024-07-10T10:53:58+00:00\",\"breadcrumb\":{\"@id\":\"https:\/\/www.myallmeeting.com\/fr\/article\/retards-en-reunion-comment-les-eviter\/#breadcrumb\"},\"inLanguage\":\"fr-FR\",\"potentialAction\":[{\"@type\":\"ReadAction\",\"target\":[\"https:\/\/www.myallmeeting.com\/fr\/article\/retards-en-reunion-comment-les-eviter\/\"]}]},{\"@type\":\"ImageObject\",\"inLanguage\":\"fr-FR\",\"@id\":\"https:\/\/www.myallmeeting.com\/fr\/article\/retards-en-reunion-comment-les-eviter\/#primaryimage\",\"url\":\"https:\/\/www.myallmeeting.com\/wp-content\/uploads\/2018\/11\/retard-reunion.png\",\"contentUrl\":\"https:\/\/www.myallmeeting.com\/wp-content\/uploads\/2018\/11\/retard-reunion.png\",\"width\":1920,\"height\":570},{\"@type\":\"BreadcrumbList\",\"@id\":\"https:\/\/www.myallmeeting.com\/fr\/article\/retards-en-reunion-comment-les-eviter\/#breadcrumb\",\"itemListElement\":[{\"@type\":\"ListItem\",\"position\":1,\"name\":\"Accueil\",\"item\":\"https:\/\/myallmeeting.com\/fr\/\"},{\"@type\":\"ListItem\",\"position\":2,\"name\":\"Actualit\u00e9s\",\"item\":\"https:\/\/www.myallmeeting.com\/fr\/actualite\/\"},{\"@type\":\"ListItem\",\"position\":3,\"name\":\"Retards en r\u00e9union : comment les \u00e9viter ?\"}]},{\"@type\":\"WebSite\",\"@id\":\"https:\/\/www.myallmeeting.com\/fr\/#website\",\"url\":\"https:\/\/www.myallmeeting.com\/fr\/\",\"name\":\"Accor MyAllMeeting.com\",\"description\":\"Les Meilleurs lieux pour vos Ev\u00e9nements Professionnels\",\"publisher\":{\"@id\":\"https:\/\/www.myallmeeting.com\/fr\/#organization\"},\"potentialAction\":[{\"@type\":\"SearchAction\",\"target\":{\"@type\":\"EntryPoint\",\"urlTemplate\":\"https:\/\/www.myallmeeting.com\/fr\/?s={search_term_string}\"},\"query-input\":{\"@type\":\"PropertyValueSpecification\",\"valueRequired\":true,\"valueName\":\"search_term_string\"}}],\"inLanguage\":\"fr-FR\"},{\"@type\":\"Organization\",\"@id\":\"https:\/\/www.myallmeeting.com\/fr\/#organization\",\"name\":\"ACCOR\",\"url\":\"https:\/\/www.myallmeeting.com\/fr\/\",\"logo\":{\"@type\":\"ImageObject\",\"inLanguage\":\"fr-FR\",\"@id\":\"https:\/\/www.myallmeeting.com\/fr\/#\/schema\/logo\/image\/\",\"url\":\"\",\"contentUrl\":\"\",\"caption\":\"ACCOR\"},\"image\":{\"@id\":\"https:\/\/www.myallmeeting.com\/fr\/#\/schema\/logo\/image\/\"}}]}<\/script>","yoast_head_json":{"title":"Retards en r\u00e9union : comment les \u00e9viter ? - Accor MyAllMeeting.com","robots":{"index":"index","follow":"follow","max-snippet":"max-snippet:-1","max-image-preview":"max-image-preview:large","max-video-preview":"max-video-preview:-1"},"canonical":"https:\/\/www.myallmeeting.com\/fr\/wp-json\/wp\/v2\/article\/15226735","og_locale":"fr_FR","og_type":"article","og_title":"Retards en r\u00e9union : comment les \u00e9viter ? - Accor MyAllMeeting.com","og_description":"D\u00e9couvrez comment g\u00e9rer votre temps efficacement lors des r\u00e9unions afin d\u2019\u00e9viter tout retard.","og_url":"https:\/\/www.myallmeeting.com\/fr\/article\/retards-en-reunion-comment-les-eviter\/","og_site_name":"Accor MyAllMeeting.com","article_modified_time":"2024-07-10T10:53:58+00:00","og_image":[{"width":1920,"height":570,"url":"http:\/\/myallmeeting.com\/wp-content\/uploads\/2018\/11\/retard-reunion.png","type":"image\/png"}],"twitter_card":"summary_large_image","twitter_misc":{"Dur\u00e9e de lecture estim\u00e9e":"4 minutes"},"schema":{"@context":"https:\/\/schema.org","@graph":[{"@type":"WebPage","@id":"https:\/\/www.myallmeeting.com\/fr\/article\/retards-en-reunion-comment-les-eviter\/","url":"https:\/\/www.myallmeeting.com\/fr\/article\/retards-en-reunion-comment-les-eviter\/","name":"Retards en r\u00e9union : comment les \u00e9viter ? - Accor MyAllMeeting.com","isPartOf":{"@id":"https:\/\/www.myallmeeting.com\/fr\/#website"},"primaryImageOfPage":{"@id":"https:\/\/www.myallmeeting.com\/fr\/article\/retards-en-reunion-comment-les-eviter\/#primaryimage"},"image":{"@id":"https:\/\/www.myallmeeting.com\/fr\/article\/retards-en-reunion-comment-les-eviter\/#primaryimage"},"thumbnailUrl":"https:\/\/www.myallmeeting.com\/wp-content\/uploads\/2018\/11\/retard-reunion.png","datePublished":"2018-11-26T10:11:27+00:00","dateModified":"2024-07-10T10:53:58+00:00","breadcrumb":{"@id":"https:\/\/www.myallmeeting.com\/fr\/article\/retards-en-reunion-comment-les-eviter\/#breadcrumb"},"inLanguage":"fr-FR","potentialAction":[{"@type":"ReadAction","target":["https:\/\/www.myallmeeting.com\/fr\/article\/retards-en-reunion-comment-les-eviter\/"]}]},{"@type":"ImageObject","inLanguage":"fr-FR","@id":"https:\/\/www.myallmeeting.com\/fr\/article\/retards-en-reunion-comment-les-eviter\/#primaryimage","url":"https:\/\/www.myallmeeting.com\/wp-content\/uploads\/2018\/11\/retard-reunion.png","contentUrl":"https:\/\/www.myallmeeting.com\/wp-content\/uploads\/2018\/11\/retard-reunion.png","width":1920,"height":570},{"@type":"BreadcrumbList","@id":"https:\/\/www.myallmeeting.com\/fr\/article\/retards-en-reunion-comment-les-eviter\/#breadcrumb","itemListElement":[{"@type":"ListItem","position":1,"name":"Accueil","item":"https:\/\/myallmeeting.com\/fr\/"},{"@type":"ListItem","position":2,"name":"Actualit\u00e9s","item":"https:\/\/www.myallmeeting.com\/fr\/actualite\/"},{"@type":"ListItem","position":3,"name":"Retards en r\u00e9union : comment les \u00e9viter ?"}]},{"@type":"WebSite","@id":"https:\/\/www.myallmeeting.com\/fr\/#website","url":"https:\/\/www.myallmeeting.com\/fr\/","name":"Accor MyAllMeeting.com","description":"Les Meilleurs lieux pour vos Ev\u00e9nements Professionnels","publisher":{"@id":"https:\/\/www.myallmeeting.com\/fr\/#organization"},"potentialAction":[{"@type":"SearchAction","target":{"@type":"EntryPoint","urlTemplate":"https:\/\/www.myallmeeting.com\/fr\/?s={search_term_string}"},"query-input":{"@type":"PropertyValueSpecification","valueRequired":true,"valueName":"search_term_string"}}],"inLanguage":"fr-FR"},{"@type":"Organization","@id":"https:\/\/www.myallmeeting.com\/fr\/#organization","name":"ACCOR","url":"https:\/\/www.myallmeeting.com\/fr\/","logo":{"@type":"ImageObject","inLanguage":"fr-FR","@id":"https:\/\/www.myallmeeting.com\/fr\/#\/schema\/logo\/image\/","url":"","contentUrl":"","caption":"ACCOR"},"image":{"@id":"https:\/\/www.myallmeeting.com\/fr\/#\/schema\/logo\/image\/"}}]}},"_links":{"self":[{"href":"https:\/\/www.myallmeeting.com\/fr\/wp-json\/wp\/v2\/article\/15226735","targetHints":{"allow":["GET"]}}],"collection":[{"href":"https:\/\/www.myallmeeting.com\/fr\/wp-json\/wp\/v2\/article"}],"about":[{"href":"https:\/\/www.myallmeeting.com\/fr\/wp-json\/wp\/v2\/types\/article"}],"wp:featuredmedia":[{"embeddable":true,"href":"https:\/\/www.myallmeeting.com\/fr\/wp-json\/wp\/v2\/media\/16021637"}],"wp:attachment":[{"href":"https:\/\/www.myallmeeting.com\/fr\/wp-json\/wp\/v2\/media?parent=15226735"}],"wp:term":[{"taxonomy":"periscope_categorie_tax","embeddable":true,"href":"https:\/\/www.myallmeeting.com\/fr\/wp-json\/wp\/v2\/periscope_categorie_tax?post=15226735"}],"curies":[{"name":"wp","href":"https:\/\/api.w.org\/{rel}","templated":true}]}}