{"id":15226733,"date":"2018-12-03T10:24:17","date_gmt":"2018-12-03T09:24:17","guid":{"rendered":"https:\/\/myallmeeting.com\/article\/les-6-erreurs-a-eviter-pour-reussir-votre-seminaire\/"},"modified":"2024-07-11T12:18:18","modified_gmt":"2024-07-11T10:18:18","slug":"les-6-erreurs-a-eviter-pour-reussir-votre-seminaire","status":"publish","type":"article","link":"https:\/\/www.myallmeeting.com\/fr\/article\/les-6-erreurs-a-eviter-pour-reussir-votre-seminaire\/","title":{"rendered":"Les 6 erreurs \u00e0 \u00e9viter pour r\u00e9ussir votre s\u00e9minaire"},"content":{"rendered":"<!-- START OF : Composant : block-periscope-theme-section-composant-25-texte-cta-2-images.php -->\n<div class=\"tcta2ia bg-white fs-wysiwyg mb-lg-12\" data-component=\"25-texte-cta-2-images\">\n\t<div class=\"tcta2ia__top\">\n\t\t<div class=\"container-fluid\" style=\"--bs-gutter-x: 0\">\n\t\t\t<div class=\"row\" style=\"--bs-gutter-x: 0\">\n\t\t\t\t<div class=\"col-lg-8\">\n\t\t\t\t\t\t\t\t\t\t<div class=\"bloc-mise-en-avant__top__left\">\n\t\t\t\t\t\t<img decoding=\"async\" src=\"https:\/\/www.myallmeeting.com\/wp-content\/uploads\/2018\/12\/iStock-1141462780-1268x794.jpg\" class=\"pe-2 pe-lg-0\" width=\"1268\" height=\"846\" alt=\"r\u00e9ussir s\u00e9minaire\" loading=\"lazy\" \/>\n\t\t\t\t\t<\/div>\n\t\t\t\t\t\t\t\t\t\t<div class=\"tcta2ia__bottom d-none d-lg-block pb-12 pt-lg-9 pb-lg-0 pe-lg-10\">\n\t\t\t\t\t\t\t\t\t\t\t\t<h2 class=\"fs-20 fs-lg-32 fw-semibold\">Ne pas avoir de th\u00e9matique pr\u00e9cise<\/h2>\n\t\t\t\t\t\t\t\t\t\t\t\t\t\t\t\t\t\t<div class=\"fs-wysiwyg\"><p><span style=\"font-weight: 400;\">Ne pas donner de th\u00e8me \u00e0 votre s\u00e9minaire d\u2019entreprise, c\u2019est prendre le risque que vos collaborateurs se disent qu\u2019il s\u2019agit d\u2019un \u00e9v\u00e9nement professionnel parmi tant d\u2019autres. Un manque d\u2019int\u00e9r\u00eat qui se r\u00e9percute forc\u00e9ment sur le taux de participation.<\/span><\/p>\n<p><span style=\"font-weight: 400;\">Un s\u00e9minaire r\u00e9ussi exige donc, en premier lieu, de <\/span><b>stimuler la curiosit\u00e9 de vos \u00e9quipes<\/b><span style=\"font-weight: 400;\">. Ville d\u2019Andalousie, gastronomie japonaise, r\u00e9gate en catamaran\u2026 Les th\u00e8mes possibles sont infinis. Pour arr\u00eater votre choix, autre conseil\u00a0: <\/span><b>impliquez vos collaborateurs en organisant un vote ou en mettant en place une bo\u00eete \u00e0 id\u00e9es<\/b><span style=\"font-weight: 400;\">. Succ\u00e8s garanti.<\/span><\/p>\n<p><span style=\"font-weight: 400;\">Pr\u00e9cision : <\/span><b>indiquez bien que l\u2019\u00e9v\u00e9nement est un s\u00e9minaire, et non une conf\u00e9rence<\/b><span style=\"font-weight: 400;\">. La diff\u00e9rence entre un s\u00e9minaire et une conf\u00e9rence ? Dans les deux cas, il s\u2019agit de<\/span><b> r\u00e9unions de groupes de personnes<\/b><span style=\"font-weight: 400;\">, mais avec quelques nuances.\u00a0<\/span><\/p>\n<p><span style=\"font-weight: 400;\">Un s\u00e9minaire s\u2019appuie sur l<\/span><b>\u2019\u00e9change, le d\u00e9bat d\u2019id\u00e9es entre participants, en vue de motiver, f\u00e9d\u00e9rer les collaborateurs ou de leur pr\u00e9senter un projet<\/b><span style=\"font-weight: 400;\">.\u00a0<\/span><\/p>\n<p><span style=\"font-weight: 400;\">La conf\u00e9rence, elle, est davantage <\/span><b>formelle <\/b><span style=\"font-weight: 400;\">: <\/span><b>un auditoire \u00e9coute un ou des intervenants sur un sujet pr\u00e9cis<\/b><span style=\"font-weight: 400;\">.<\/span><\/p>\n<\/div>\n\t\t\t\t\t\t\t\t\t\t\t\t<div class=\"d-flex flex-column flex-lg-row align-items-center gap-5 gap-lg-8 justify-content-between\">\n\t\t\t\t\t\t\t<div class=\"fs-20 fs-lg-26 fw-semibold lh-xs\"><\/div>\n\t\t\t\t\t\t\t\t\t\t\t\t\t<\/div>\n\t\t\t\t\t<\/div>\n\t\t\t\t<\/div>\n\t\t\t\t<div class=\"col-lg-4\">\n\t\t\t\t\t<div class=\"tcta2ia__top__right t-0 r-0 bg-primary text-white pt-4 pb-4 px-2 pt-lg-8 pb-lg-16 px-lg-11 pb-xl-30\">\n\t\t\t\t\t\t\t\t\t\t\t\t\t\t\t\t\t\t<h2 class=\"unna fs-36 fs-lg-51 fs-xl-75 fs-italic fw-normal text-secondary\">Les 6 erreurs \u00e0 \u00e9viter pour r\u00e9ussir votre s\u00e9minaire<\/h2>\n\t\t\t\t\t\t\t\t\t\t\t\t\t\t\t\t\t\t<h3 class=\"text-white fs-18 fs-lg-20 fs-xl-28 text-original-case\">Les s\u00e9minaires sont un moyen parmi d\u2019autres de d\u00e9velopper la coh\u00e9sion de vos \u00e9quipes, doper la fiert\u00e9 d\u2019appartenance et passer un bon moment dans un cadre diff\u00e9rent. <\/h3>\n\t\t\t\t\t\t\t\t\t\t\t\t\t\t\t\t\t\t<div class=\"fs-wysiwyg mb-4 fs-lg-16 fs-xl-20\"><p><span style=\"font-weight: 400;\">Apr\u00e8s vous avoir pr\u00e9sent\u00e9\u00a0<\/span><a href=\"https:\/\/myallmeeting.com\/mes-conseils\/reunion-reussie-6-erreurs-a-ne-commettre\/\"><span style=\"font-weight: 400;\">les 6 erreurs \u00e0 \u00e9viter en r\u00e9union<\/span><\/a><span style=\"font-weight: 400;\">, les experts r\u00e9union d\u2019Accor dressent la liste des faux pas les plus fr\u00e9quents \u00e0 ne pas commettre lors de l\u2019organisation de votre s\u00e9minaire.<\/span><\/p>\n<\/div>\n\t\t\t\t\t\t\t\t\t\t\t\t\t\t\t\t\t\t\t\t\t\t\t\t<p class=\"m-0\"><img decoding=\"async\" src=\"https:\/\/www.myallmeeting.com\/wp-content\/uploads\/2024\/07\/7148-16-633x398.jpg\" class=\"position-relative l-0\" width=\"633\" height=\"398\" alt=\"\" loading=\"lazy\" \/><\/p>\n\t\t\t\t\t\t\t\t\t\t\t<\/div>\n\t\t\t\t<\/div>\n\t\t\t<\/div>\n\t\t<\/div>\n\t<\/div>\n\t<div class=\"tcta2ia__bottom d-lg-none pb-12 py-lg-9 pe-lg-10\">\n\t\t\t\t<div class=\"h2 fs-20 fs-lg-32 fw-semibold\">Ne pas avoir de th\u00e9matique pr\u00e9cise<\/div>\n\t\t\t\t\t\t<div class=\"fs-wysiwyg\"><p><span style=\"font-weight: 400;\">Ne pas donner de th\u00e8me \u00e0 votre s\u00e9minaire d\u2019entreprise, c\u2019est prendre le risque que vos collaborateurs se disent qu\u2019il s\u2019agit d\u2019un \u00e9v\u00e9nement professionnel parmi tant d\u2019autres. Un manque d\u2019int\u00e9r\u00eat qui se r\u00e9percute forc\u00e9ment sur le taux de participation.<\/span><\/p>\n<p><span style=\"font-weight: 400;\">Un s\u00e9minaire r\u00e9ussi exige donc, en premier lieu, de <\/span><b>stimuler la curiosit\u00e9 de vos \u00e9quipes<\/b><span style=\"font-weight: 400;\">. Ville d\u2019Andalousie, gastronomie japonaise, r\u00e9gate en catamaran\u2026 Les th\u00e8mes possibles sont infinis. Pour arr\u00eater votre choix, autre conseil\u00a0: <\/span><b>impliquez vos collaborateurs en organisant un vote ou en mettant en place une bo\u00eete \u00e0 id\u00e9es<\/b><span style=\"font-weight: 400;\">. Succ\u00e8s garanti.<\/span><\/p>\n<p><span style=\"font-weight: 400;\">Pr\u00e9cision : <\/span><b>indiquez bien que l\u2019\u00e9v\u00e9nement est un s\u00e9minaire, et non une conf\u00e9rence<\/b><span style=\"font-weight: 400;\">. La diff\u00e9rence entre un s\u00e9minaire et une conf\u00e9rence ? Dans les deux cas, il s\u2019agit de<\/span><b> r\u00e9unions de groupes de personnes<\/b><span style=\"font-weight: 400;\">, mais avec quelques nuances.\u00a0<\/span><\/p>\n<p><span style=\"font-weight: 400;\">Un s\u00e9minaire s\u2019appuie sur l<\/span><b>\u2019\u00e9change, le d\u00e9bat d\u2019id\u00e9es entre participants, en vue de motiver, f\u00e9d\u00e9rer les collaborateurs ou de leur pr\u00e9senter un projet<\/b><span style=\"font-weight: 400;\">.\u00a0<\/span><\/p>\n<p><span style=\"font-weight: 400;\">La conf\u00e9rence, elle, est davantage <\/span><b>formelle <\/b><span style=\"font-weight: 400;\">: <\/span><b>un auditoire \u00e9coute un ou des intervenants sur un sujet pr\u00e9cis<\/b><span style=\"font-weight: 400;\">.<\/span><\/p>\n<\/div>\n\t\t\t\t<div class=\"d-flex flex-column flex-lg-row align-items-center gap-5 gap-lg-8 justify-content-between\">\n\t\t\t<div class=\"fs-20 fs-lg-26 fw-semibold lh-xs\"><\/div>\n\t\t\t\t\t<\/div>\n\t<\/div>\n<\/div>\n<!-- END OF : Composant : block-periscope-theme-section-composant-25-texte-cta-2-images.php -->\n\n\n<!-- START OF : Composant : block-periscope-theme-section-composant-33-texte-image.php -->\n<!-- INVERSE -->\n<div class=\"text-image fs-wysiwyg mb-8 mb-lg-12\" data-component=\"33-texte-image\" data-reverse=\"oui\">\n\t<div class=\"container-fluid\" style=\"--bs-gutter-x: 0\">\n\t\t<div class=\"row\" style=\"--bs-gutter-x: 0\">\n\t\t\t<div class=\"col-lg-6\">\n\t\t\t\t<div class=\"text-image__content\">\n\t\t\t\t\t\t\t\t\t\t<div class=\"fw-semibold lh-xs fs-20 fs-lg-32 ls--25 mb-5\">Choisir une date inappropri\u00e9e<\/div>\n\t\t\t\t\t\t\t\t\t\t\t\t\t\t\t<div class=\"fs-wysiwyg\">\n\t\t\t\t\t\t<p><span style=\"font-weight: 400;\">Cela peut para\u00eetre \u00e9vident\u2026 Pourtant, les professionnels de l\u2019\u00e9v\u00e9nementiel remarquent que le choix d\u2019une mauvaise date est fr\u00e9quent. <\/span><b>\u00c9vitez les p\u00e9riodes de vacances scolaires, les ponts et les jours f\u00e9ri\u00e9s<\/b><span style=\"font-weight: 400;\">.<\/span><\/p>\n<p><span style=\"font-weight: 400;\">Pour ne pas vous tromper, <\/span><b>le mieux est d\u2019acter une date un an \u00e0 l\u2019avance<\/b><span style=\"font-weight: 400;\">, en consultant au pr\u00e9alable vos \u00e9quipes, ou tout simplement en organisant votre \u00e9v\u00e9nement \u00e0 la m\u00eame date chaque ann\u00e9e, pour en faire un rituel heureux que chacun attend avec impatience.<\/span><\/p>\n\t\t\t\t\t<\/div>\n\t\t\t\t\t\t\t\t\t<\/div>\n\t\t\t<\/div>    \n\t\t\t\t\t<\/div>\n\t<\/div>\n<\/div>\n<!-- END OF : Composant : block-periscope-theme-section-composant-33-texte-image.php -->\n\n\n<!-- START OF : Composant : block-periscope-theme-section-composant-33-texte-image.php -->\n<!-- INVERSE -->\n<div class=\"text-image fs-wysiwyg mb-8 mb-lg-12\" data-component=\"33-texte-image\" data-reverse=\"oui\">\n\t<div class=\"container-fluid\" style=\"--bs-gutter-x: 0\">\n\t\t<div class=\"row\" style=\"--bs-gutter-x: 0\">\n\t\t\t<div class=\"col-lg-6\">\n\t\t\t\t<div class=\"text-image__content\">\n\t\t\t\t\t\t\t\t\t\t<div class=\"fw-semibold lh-xs fs-20 fs-lg-32 ls--25 mb-5\">Ne pas anticiper les soucis logistiques<\/div>\n\t\t\t\t\t\t\t\t\t\t\t\t\t\t\t<div class=\"fs-wysiwyg\">\n\t\t\t\t\t\t<p><span style=\"font-weight: 400;\">Choix et rep\u00e9rage du lieu, tests mat\u00e9riels, planification des repas et des pauses\u2026 L\u00e0 aussi, cela peut para\u00eetre \u00e9vident, mais <\/span><b>il est essentiel de planifier tous ces param\u00e8tres bien \u00e0 l\u2019avance<\/b><span style=\"font-weight: 400;\">.<\/span><\/p>\n<p><span style=\"font-weight: 400;\">Prendre le temps de le faire en amont vous d\u00e9gage de ces soucis, et vous pouvez ainsi vous consacrer pleinement et sereinement \u00e0 l\u2019animation de votre s\u00e9minaire le jour J<\/span><\/p>\n\t\t\t\t\t<\/div>\n\t\t\t\t\t\t\t\t\t<\/div>\n\t\t\t<\/div>    \n\t\t\t    \n\t\t\t<div class=\"col-lg-6 order-first order-lg-last mb-7 mb-lg-0\">\n\t\t\t\t<img decoding=\"async\" src=\"https:\/\/www.myallmeeting.com\/wp-content\/uploads\/2024\/07\/6982-42-953x600.jpg\" width=\"953\" height=\"600\" alt=\"\" loading=\"lazy\" class=\"w-100\" \/>\n\t\t\t<\/div>\n\t\t\t\t\t<\/div>\n\t<\/div>\n<\/div>\n<!-- END OF : Composant : block-periscope-theme-section-composant-33-texte-image.php -->\n\n\n<!-- START OF : Composant : block-periscope-theme-section-composant-33-texte-image.php -->\n<!-- INVERSE -->\n<div class=\"text-image fs-wysiwyg mb-8 mb-lg-12\" data-component=\"33-texte-image\" data-reverse=\"oui\">\n\t<div class=\"container-fluid\" style=\"--bs-gutter-x: 0\">\n\t\t<div class=\"row\" style=\"--bs-gutter-x: 0\">\n\t\t\t<div class=\"col-lg-6\">\n\t\t\t\t<div class=\"text-image__content\">\n\t\t\t\t\t\t\t\t\t\t<div class=\"fw-semibold lh-xs fs-20 fs-lg-32 ls--25 mb-5\">N\u00e9gliger la communication<\/div>\n\t\t\t\t\t\t\t\t\t\t\t\t\t\t\t<div class=\"fs-wysiwyg\">\n\t\t\t\t\t\t<p><span style=\"font-weight: 400;\">Choix de la destination ou du restaurant, nom de l\u2019h\u00f4tel, r\u00e9partition des chambres, activit\u00e9s propos\u00e9es\u2026 Bien communiquer sur tous ces \u00e9l\u00e9ments en amont est essentiel. <\/span><b>Cela permet de clarifier les choses pour tout le monde et \u00e0 chacun de se projeter<\/b><span style=\"font-weight: 400;\">.<\/span><\/p>\n<p><b>Une perspective agr\u00e9able qui cr\u00e9e une bonne ambiance<\/b><span style=\"font-weight: 400;\"> parmi vos \u00e9quipes des semaines, voire des mois avant l\u2019\u00e9v\u00e9nement.<\/span><\/p>\n\t\t\t\t\t<\/div>\n\t\t\t\t\t\t\t\t\t<\/div>\n\t\t\t<\/div>    \n\t\t\t\t\t<\/div>\n\t<\/div>\n<\/div>\n<!-- END OF : Composant : block-periscope-theme-section-composant-33-texte-image.php -->\n\n\n<!-- START OF : Composant : block-periscope-theme-section-composant-33-texte-image.php -->\n<!-- INVERSE -->\n<div class=\"text-image fs-wysiwyg mb-8 mb-lg-12\" data-component=\"33-texte-image\" data-reverse=\"oui\">\n\t<div class=\"container-fluid\" style=\"--bs-gutter-x: 0\">\n\t\t<div class=\"row\" style=\"--bs-gutter-x: 0\">\n\t\t\t<div class=\"col-lg-6\">\n\t\t\t\t<div class=\"text-image__content\">\n\t\t\t\t\t\t\t\t\t\t<div class=\"fw-semibold lh-xs fs-20 fs-lg-32 ls--25 mb-5\">Ne pas inclure vos \u00e9quipes dans l\u2019organisation<\/div>\n\t\t\t\t\t\t\t\t\t\t\t\t\t\t\t<div class=\"fs-wysiwyg\">\n\t\t\t\t\t\t<p><span style=\"font-weight: 400;\">L\u2019organisation d\u2019un s\u00e9minaire h\u00e9berg\u00e9 sur 2 ou 3 jours, en province ou \u00e0 l\u2019\u00e9tranger n\u2019est pas une mince affaire. <\/span><b>Profitez donc de cette occasion pour vous faire assister d\u2019un ou de plusieurs collaborateurs<\/b><span style=\"font-weight: 400;\">.<\/span><\/p>\n<p><span style=\"font-weight: 400;\">Un bon moyen de <\/span><b>d\u00e9velopper leur sentiment d\u2019appartenance \u00e0 l\u2019entreprise et de faire remonter des id\u00e9es et propositions de l\u2019ensemble de vos collaborateurs<\/b><span style=\"font-weight: 400;\">.<\/span><\/p>\n\t\t\t\t\t<\/div>\n\t\t\t\t\t\t\t\t\t<\/div>\n\t\t\t<\/div>    \n\t\t\t\t\t<\/div>\n\t<\/div>\n<\/div>\n<!-- END OF : Composant : block-periscope-theme-section-composant-33-texte-image.php -->\n\n\n<!-- START OF : Composant : block-periscope-theme-section-composant-33-texte-image.php -->\n<!-- INVERSE -->\n<div class=\"text-image fs-wysiwyg mb-8 mb-lg-12\" data-component=\"33-texte-image\" data-reverse=\"oui\">\n\t<div class=\"container-fluid\" style=\"--bs-gutter-x: 0\">\n\t\t<div class=\"row\" style=\"--bs-gutter-x: 0\">\n\t\t\t<div class=\"col-lg-6\">\n\t\t\t\t<div class=\"text-image__content\">\n\t\t\t\t\t\t\t\t\t\t<div class=\"fw-semibold lh-xs fs-20 fs-lg-32 ls--25 mb-5\">Surcharger l\u2019agenda<\/div>\n\t\t\t\t\t\t\t\t\t\t\t\t\t\t\t<div class=\"fs-wysiwyg\">\n\t\t\t\t\t\t<p><span style=\"font-weight: 400;\">Le jour J, de nombreux organisateurs de s\u00e9minaires cherchent encore \u00e0 remplir le planning au maximum, en esp\u00e9rant gagner en efficacit\u00e9. Seul souci, cela se fait, en g\u00e9n\u00e9ral, au d\u00e9triment des pauses et du d\u00e9jeuner.<\/span><\/p>\n<p><span style=\"font-weight: 400;\">Or<\/span><b>, ces temps de repos sont indispensables \u00e0 la concentration des \u00e9quipes et permettent de cr\u00e9er de vrais moments de partage et de coh\u00e9sion<\/b><span style=\"font-weight: 400;\">, qui font toute la diff\u00e9rence entre un s\u00e9minaire r\u00e9ussi, agr\u00e9able et constructif, et un s\u00e9minaire ennuyeux et trop exigeant.<\/span><\/p>\n<p><b>Veillez donc \u00e0 maintenir un bon \u00e9quilibre !<\/b><\/p>\n\t\t\t\t\t<\/div>\n\t\t\t\t\t\t\t\t\t<\/div>\n\t\t\t<\/div>    \n\t\t\t\t\t<\/div>\n\t<\/div>\n<\/div>\n<!-- END OF : Composant : block-periscope-theme-section-composant-33-texte-image.php -->\n","protected":false},"excerpt":{"rendered":"<p>Identifiez les 6 points cl\u00e9s \u00e0 \u00e9viter afin d\u2019exceller lors de vos s\u00e9minaires.<\/p>\n","protected":false},"featured_media":16021495,"menu_order":0,"template":"","periscope_categorie_tax":[1649],"class_list":["post-15226733","article","type-article","status-publish","has-post-thumbnail","hentry","periscope_categorie_tax-organiser-votre-reunion"],"acf":[],"yoast_head":"<title>Les 6 erreurs \u00e0 \u00e9viter pour r\u00e9ussir votre s\u00e9minaire - Accor MyAllMeeting.com<\/title>\n<meta name=\"robots\" content=\"index, follow, max-snippet:-1, max-image-preview:large, max-video-preview:-1\" \/>\n<link rel=\"canonical\" href=\"https:\/\/www.myallmeeting.com\/fr\/wp-json\/wp\/v2\/article\/15226733\" \/>\n<meta property=\"og:locale\" content=\"fr_FR\" \/>\n<meta property=\"og:type\" content=\"article\" \/>\n<meta property=\"og:title\" content=\"Les 6 erreurs \u00e0 \u00e9viter pour r\u00e9ussir votre s\u00e9minaire - Accor MyAllMeeting.com\" \/>\n<meta property=\"og:description\" content=\"Identifiez les 6 points cl\u00e9s \u00e0 \u00e9viter afin d\u2019exceller lors de vos s\u00e9minaires.\" \/>\n<meta property=\"og:url\" content=\"https:\/\/www.myallmeeting.com\/fr\/article\/les-6-erreurs-a-eviter-pour-reussir-votre-seminaire\/\" \/>\n<meta property=\"og:site_name\" content=\"Accor MyAllMeeting.com\" \/>\n<meta property=\"article:modified_time\" content=\"2024-07-11T10:18:18+00:00\" \/>\n<meta property=\"og:image\" content=\"http:\/\/myallmeeting.com\/wp-content\/uploads\/2017\/10\/Seminar-Accor.png\" \/>\n\t<meta property=\"og:image:width\" content=\"1920\" \/>\n\t<meta property=\"og:image:height\" content=\"570\" \/>\n\t<meta property=\"og:image:type\" content=\"image\/png\" \/>\n<meta name=\"twitter:card\" content=\"summary_large_image\" \/>\n<meta name=\"twitter:label1\" content=\"Dur\u00e9e de lecture estim\u00e9e\" \/>\n\t<meta name=\"twitter:data1\" content=\"4 minutes\" \/>\n<script type=\"application\/ld+json\" class=\"yoast-schema-graph\">{\"@context\":\"https:\/\/schema.org\",\"@graph\":[{\"@type\":\"WebPage\",\"@id\":\"https:\/\/www.myallmeeting.com\/fr\/article\/les-6-erreurs-a-eviter-pour-reussir-votre-seminaire\/\",\"url\":\"https:\/\/www.myallmeeting.com\/fr\/article\/les-6-erreurs-a-eviter-pour-reussir-votre-seminaire\/\",\"name\":\"Les 6 erreurs \u00e0 \u00e9viter pour r\u00e9ussir votre s\u00e9minaire - Accor MyAllMeeting.com\",\"isPartOf\":{\"@id\":\"https:\/\/www.myallmeeting.com\/fr\/#website\"},\"primaryImageOfPage\":{\"@id\":\"https:\/\/www.myallmeeting.com\/fr\/article\/les-6-erreurs-a-eviter-pour-reussir-votre-seminaire\/#primaryimage\"},\"image\":{\"@id\":\"https:\/\/www.myallmeeting.com\/fr\/article\/les-6-erreurs-a-eviter-pour-reussir-votre-seminaire\/#primaryimage\"},\"thumbnailUrl\":\"https:\/\/www.myallmeeting.com\/wp-content\/uploads\/2017\/10\/Seminar-Accor.png\",\"datePublished\":\"2018-12-03T09:24:17+00:00\",\"dateModified\":\"2024-07-11T10:18:18+00:00\",\"breadcrumb\":{\"@id\":\"https:\/\/www.myallmeeting.com\/fr\/article\/les-6-erreurs-a-eviter-pour-reussir-votre-seminaire\/#breadcrumb\"},\"inLanguage\":\"fr-FR\",\"potentialAction\":[{\"@type\":\"ReadAction\",\"target\":[\"https:\/\/www.myallmeeting.com\/fr\/article\/les-6-erreurs-a-eviter-pour-reussir-votre-seminaire\/\"]}]},{\"@type\":\"ImageObject\",\"inLanguage\":\"fr-FR\",\"@id\":\"https:\/\/www.myallmeeting.com\/fr\/article\/les-6-erreurs-a-eviter-pour-reussir-votre-seminaire\/#primaryimage\",\"url\":\"https:\/\/www.myallmeeting.com\/wp-content\/uploads\/2017\/10\/Seminar-Accor.png\",\"contentUrl\":\"https:\/\/www.myallmeeting.com\/wp-content\/uploads\/2017\/10\/Seminar-Accor.png\",\"width\":1920,\"height\":570},{\"@type\":\"BreadcrumbList\",\"@id\":\"https:\/\/www.myallmeeting.com\/fr\/article\/les-6-erreurs-a-eviter-pour-reussir-votre-seminaire\/#breadcrumb\",\"itemListElement\":[{\"@type\":\"ListItem\",\"position\":1,\"name\":\"Accueil\",\"item\":\"https:\/\/myallmeeting.com\/fr\/\"},{\"@type\":\"ListItem\",\"position\":2,\"name\":\"Actualit\u00e9s\",\"item\":\"https:\/\/www.myallmeeting.com\/fr\/actualite\/\"},{\"@type\":\"ListItem\",\"position\":3,\"name\":\"Les 6 erreurs \u00e0 \u00e9viter pour r\u00e9ussir votre s\u00e9minaire\"}]},{\"@type\":\"WebSite\",\"@id\":\"https:\/\/www.myallmeeting.com\/fr\/#website\",\"url\":\"https:\/\/www.myallmeeting.com\/fr\/\",\"name\":\"Accor MyAllMeeting.com\",\"description\":\"Les Meilleurs lieux pour vos Ev\u00e9nements Professionnels\",\"publisher\":{\"@id\":\"https:\/\/www.myallmeeting.com\/fr\/#organization\"},\"potentialAction\":[{\"@type\":\"SearchAction\",\"target\":{\"@type\":\"EntryPoint\",\"urlTemplate\":\"https:\/\/www.myallmeeting.com\/fr\/?s={search_term_string}\"},\"query-input\":{\"@type\":\"PropertyValueSpecification\",\"valueRequired\":true,\"valueName\":\"search_term_string\"}}],\"inLanguage\":\"fr-FR\"},{\"@type\":\"Organization\",\"@id\":\"https:\/\/www.myallmeeting.com\/fr\/#organization\",\"name\":\"ACCOR\",\"url\":\"https:\/\/www.myallmeeting.com\/fr\/\",\"logo\":{\"@type\":\"ImageObject\",\"inLanguage\":\"fr-FR\",\"@id\":\"https:\/\/www.myallmeeting.com\/fr\/#\/schema\/logo\/image\/\",\"url\":\"\",\"contentUrl\":\"\",\"caption\":\"ACCOR\"},\"image\":{\"@id\":\"https:\/\/www.myallmeeting.com\/fr\/#\/schema\/logo\/image\/\"}}]}<\/script>","yoast_head_json":{"title":"Les 6 erreurs \u00e0 \u00e9viter pour r\u00e9ussir votre s\u00e9minaire - Accor MyAllMeeting.com","robots":{"index":"index","follow":"follow","max-snippet":"max-snippet:-1","max-image-preview":"max-image-preview:large","max-video-preview":"max-video-preview:-1"},"canonical":"https:\/\/www.myallmeeting.com\/fr\/wp-json\/wp\/v2\/article\/15226733","og_locale":"fr_FR","og_type":"article","og_title":"Les 6 erreurs \u00e0 \u00e9viter pour r\u00e9ussir votre s\u00e9minaire - Accor MyAllMeeting.com","og_description":"Identifiez les 6 points cl\u00e9s \u00e0 \u00e9viter afin d\u2019exceller lors de vos s\u00e9minaires.","og_url":"https:\/\/www.myallmeeting.com\/fr\/article\/les-6-erreurs-a-eviter-pour-reussir-votre-seminaire\/","og_site_name":"Accor MyAllMeeting.com","article_modified_time":"2024-07-11T10:18:18+00:00","og_image":[{"width":1920,"height":570,"url":"http:\/\/myallmeeting.com\/wp-content\/uploads\/2017\/10\/Seminar-Accor.png","type":"image\/png"}],"twitter_card":"summary_large_image","twitter_misc":{"Dur\u00e9e de lecture estim\u00e9e":"4 minutes"},"schema":{"@context":"https:\/\/schema.org","@graph":[{"@type":"WebPage","@id":"https:\/\/www.myallmeeting.com\/fr\/article\/les-6-erreurs-a-eviter-pour-reussir-votre-seminaire\/","url":"https:\/\/www.myallmeeting.com\/fr\/article\/les-6-erreurs-a-eviter-pour-reussir-votre-seminaire\/","name":"Les 6 erreurs \u00e0 \u00e9viter pour r\u00e9ussir votre s\u00e9minaire - Accor MyAllMeeting.com","isPartOf":{"@id":"https:\/\/www.myallmeeting.com\/fr\/#website"},"primaryImageOfPage":{"@id":"https:\/\/www.myallmeeting.com\/fr\/article\/les-6-erreurs-a-eviter-pour-reussir-votre-seminaire\/#primaryimage"},"image":{"@id":"https:\/\/www.myallmeeting.com\/fr\/article\/les-6-erreurs-a-eviter-pour-reussir-votre-seminaire\/#primaryimage"},"thumbnailUrl":"https:\/\/www.myallmeeting.com\/wp-content\/uploads\/2017\/10\/Seminar-Accor.png","datePublished":"2018-12-03T09:24:17+00:00","dateModified":"2024-07-11T10:18:18+00:00","breadcrumb":{"@id":"https:\/\/www.myallmeeting.com\/fr\/article\/les-6-erreurs-a-eviter-pour-reussir-votre-seminaire\/#breadcrumb"},"inLanguage":"fr-FR","potentialAction":[{"@type":"ReadAction","target":["https:\/\/www.myallmeeting.com\/fr\/article\/les-6-erreurs-a-eviter-pour-reussir-votre-seminaire\/"]}]},{"@type":"ImageObject","inLanguage":"fr-FR","@id":"https:\/\/www.myallmeeting.com\/fr\/article\/les-6-erreurs-a-eviter-pour-reussir-votre-seminaire\/#primaryimage","url":"https:\/\/www.myallmeeting.com\/wp-content\/uploads\/2017\/10\/Seminar-Accor.png","contentUrl":"https:\/\/www.myallmeeting.com\/wp-content\/uploads\/2017\/10\/Seminar-Accor.png","width":1920,"height":570},{"@type":"BreadcrumbList","@id":"https:\/\/www.myallmeeting.com\/fr\/article\/les-6-erreurs-a-eviter-pour-reussir-votre-seminaire\/#breadcrumb","itemListElement":[{"@type":"ListItem","position":1,"name":"Accueil","item":"https:\/\/myallmeeting.com\/fr\/"},{"@type":"ListItem","position":2,"name":"Actualit\u00e9s","item":"https:\/\/www.myallmeeting.com\/fr\/actualite\/"},{"@type":"ListItem","position":3,"name":"Les 6 erreurs \u00e0 \u00e9viter pour r\u00e9ussir votre s\u00e9minaire"}]},{"@type":"WebSite","@id":"https:\/\/www.myallmeeting.com\/fr\/#website","url":"https:\/\/www.myallmeeting.com\/fr\/","name":"Accor MyAllMeeting.com","description":"Les Meilleurs lieux pour vos Ev\u00e9nements Professionnels","publisher":{"@id":"https:\/\/www.myallmeeting.com\/fr\/#organization"},"potentialAction":[{"@type":"SearchAction","target":{"@type":"EntryPoint","urlTemplate":"https:\/\/www.myallmeeting.com\/fr\/?s={search_term_string}"},"query-input":{"@type":"PropertyValueSpecification","valueRequired":true,"valueName":"search_term_string"}}],"inLanguage":"fr-FR"},{"@type":"Organization","@id":"https:\/\/www.myallmeeting.com\/fr\/#organization","name":"ACCOR","url":"https:\/\/www.myallmeeting.com\/fr\/","logo":{"@type":"ImageObject","inLanguage":"fr-FR","@id":"https:\/\/www.myallmeeting.com\/fr\/#\/schema\/logo\/image\/","url":"","contentUrl":"","caption":"ACCOR"},"image":{"@id":"https:\/\/www.myallmeeting.com\/fr\/#\/schema\/logo\/image\/"}}]}},"_links":{"self":[{"href":"https:\/\/www.myallmeeting.com\/fr\/wp-json\/wp\/v2\/article\/15226733","targetHints":{"allow":["GET"]}}],"collection":[{"href":"https:\/\/www.myallmeeting.com\/fr\/wp-json\/wp\/v2\/article"}],"about":[{"href":"https:\/\/www.myallmeeting.com\/fr\/wp-json\/wp\/v2\/types\/article"}],"wp:featuredmedia":[{"embeddable":true,"href":"https:\/\/www.myallmeeting.com\/fr\/wp-json\/wp\/v2\/media\/16021495"}],"wp:attachment":[{"href":"https:\/\/www.myallmeeting.com\/fr\/wp-json\/wp\/v2\/media?parent=15226733"}],"wp:term":[{"taxonomy":"periscope_categorie_tax","embeddable":true,"href":"https:\/\/www.myallmeeting.com\/fr\/wp-json\/wp\/v2\/periscope_categorie_tax?post=15226733"}],"curies":[{"name":"wp","href":"https:\/\/api.w.org\/{rel}","templated":true}]}}