{"id":15226729,"date":"2019-01-09T09:43:38","date_gmt":"2019-01-09T08:43:38","guid":{"rendered":"https:\/\/myallmeeting.com\/article\/la-grande-terrasse-hotel-spa-la-rochelle-mgallery-by-sofitel\/"},"modified":"2024-11-12T16:52:27","modified_gmt":"2024-11-12T15:52:27","slug":"la-grande-terrasse-hotel-spa-la-rochelle-mgallery-by-sofitel","status":"publish","type":"article","link":"https:\/\/www.myallmeeting.com\/fr\/article\/la-grande-terrasse-hotel-spa-la-rochelle-mgallery-by-sofitel\/","title":{"rendered":"La Grande Terrasse H\u00f4tel &#038; Spa La Rochelle MGallery by Sofitel"},"content":{"rendered":"<!-- START OF : Composant : block-periscope-theme-section-composant-25-texte-cta-2-images.php -->\n<div class=\"tcta2ia bg-white fs-wysiwyg mb-lg-12\" data-component=\"25-texte-cta-2-images\">\n\t<div class=\"tcta2ia__top\">\n\t\t<div class=\"container-fluid\" style=\"--bs-gutter-x: 0\">\n\t\t\t<div class=\"row\" style=\"--bs-gutter-x: 0\">\n\t\t\t\t<div class=\"col-lg-8\">\n\t\t\t\t\t\t\t\t\t\t<div class=\"bloc-mise-en-avant__top__left\">\n\t\t\t\t\t\t<img decoding=\"async\" src=\"https:\/\/www.myallmeeting.com\/wp-content\/uploads\/2019\/01\/aja_p_4349-56__original-1268x846.jpeg\" class=\"pe-2 pe-lg-0\" width=\"1268\" height=\"846\" alt=\"\" loading=\"lazy\" \/>\n\t\t\t\t\t<\/div>\n\t\t\t\t\t\t\t\t\t\t<div class=\"tcta2ia__bottom d-none d-lg-block pb-12 pt-lg-9 pb-lg-0 pe-lg-10\">\n\t\t\t\t\t\t\t\t\t\t\t\t<h2 class=\"fs-20 fs-lg-32 fw-semibold\">Un lieu impressionnant<\/h2>\n\t\t\t\t\t\t\t\t\t\t\t\t\t\t\t\t\t\t<div class=\"fs-wysiwyg\"><p><span data-contrast=\"auto\">Un h\u00f4tel \u00e0 l\u2019architecture peu commune, en terrasse, qui offre habilement une vue splendide sur l\u2019oc\u00e9an Atlantique \u00e0 tous les niveaux. Au large, Fort Boyard, l\u2019\u00eele de R\u00e9, l\u2019\u00eele d\u2019Ol\u00e9ron et l\u2019\u00eele d\u2019Aix invitent \u00e0 prendre la mer et intensifient encore le sentiment d\u2019\u00e9vasion qu\u2019inspire l\u2019h\u00f4tel.<\/span><span data-ccp-props=\"{}\">\u00a0<\/span><\/p>\n<p><span data-contrast=\"auto\">Pour rejoindre ce coin de paradis, 15 minutes de voiture suffisent depuis La Rochelle, 20 minutes depuis l\u2019a\u00e9roport et 2h30 depuis Paris en TGV.<\/span><span data-ccp-props=\"{}\">\u00a0<\/span><\/p>\n<\/div>\n\t\t\t\t\t\t\t\t\t\t\t\t<div class=\"d-flex flex-column flex-lg-row align-items-center gap-5 gap-lg-8 justify-content-between\">\n\t\t\t\t\t\t\t<div class=\"fs-20 fs-lg-26 fw-semibold lh-xs\"><\/div>\n\t\t\t\t\t\t\t\t\t\t\t\t\t<\/div>\n\t\t\t\t\t<\/div>\n\t\t\t\t<\/div>\n\t\t\t\t<div class=\"col-lg-4\">\n\t\t\t\t\t<div class=\"tcta2ia__top__right t-0 r-0 bg-primary text-white pt-4 pb-4 px-2 pt-lg-8 pb-lg-16 px-lg-11 pb-xl-30\">\n\t\t\t\t\t\t\t\t\t\t\t\t\t\t\t\t\t\t<h2 class=\"unna fs-36 fs-lg-51 fs-xl-75 fs-italic fw-normal text-secondary\">La Grande Terrasse H\u00f4tel &amp; Spa La Rochelle MGallery by Sofitel<\/h2>\n\t\t\t\t\t\t\t\t\t\t\t\t\t\t\t\t\t\t<h3 class=\"text-white fs-18 fs-lg-20 fs-xl-28 text-original-case\">Site exceptionnel sur la plage de Ch\u00e2telaillon, restaurant sign\u00e9 Pierre Gagnaire, un spa Nuxe\u2026<\/h3>\n\t\t\t\t\t\t\t\t\t\t\t\t\t\t\t\t\t\t<div class=\"fs-wysiwyg mb-4 fs-lg-16 fs-xl-20\"><p><span data-contrast=\"auto\">Pas besoin d\u2019en rajouter. <\/span><a href=\"https:\/\/myallmeeting.com\/fr\/hotel\/7479-la-grande-terrasse-hotel-spa-la-rochelle-mgallery\/\" target=\"_blank\" rel=\"noopener\"><span data-contrast=\"none\">La Grande Terrasse H\u00f4tel &amp; Spa La Rochelle MGallery<\/span><\/a><span data-contrast=\"auto\"> by Sofitel offre <\/span><b><span data-contrast=\"auto\">des prestations uniques pour l\u2019organisation d\u2019un \u00e9v\u00e9nement professionnel<\/span><\/b><span data-contrast=\"auto\">.<\/span><span data-ccp-props=\"{}\">\u00a0<\/span><\/p>\n<p><span data-contrast=\"auto\">\u00ab Un lieu unique, vue plein ciel, plein oc\u00e9an, plein horizon\u2026 \u00bb. <\/span><b><span data-contrast=\"auto\">Un credo qui illustre bien le sentiment de bout du monde qui se d\u00e9gage de ce magnifique h\u00f4tel 4 \u00e9toiles b\u00e2ti sur la plage de Ch\u00e2telaillon.<\/span><\/b><\/p>\n<\/div>\n\t\t\t\t\t\t\t\t\t\t\t\t\t\t\t\t\t\t\t\t\t\t\t\t<p class=\"m-0\"><img decoding=\"async\" src=\"https:\/\/www.myallmeeting.com\/wp-content\/uploads\/2019\/01\/aja_p_4677-42__original-633x398.jpeg\" class=\"position-relative l-0\" width=\"633\" height=\"398\" alt=\"\" loading=\"lazy\" \/><\/p>\n\t\t\t\t\t\t\t\t\t\t\t<\/div>\n\t\t\t\t<\/div>\n\t\t\t<\/div>\n\t\t<\/div>\n\t<\/div>\n\t<div class=\"tcta2ia__bottom d-lg-none pb-12 py-lg-9 pe-lg-10\">\n\t\t\t\t<div class=\"h2 fs-20 fs-lg-32 fw-semibold\">Un lieu impressionnant<\/div>\n\t\t\t\t\t\t<div class=\"fs-wysiwyg\"><p><span data-contrast=\"auto\">Un h\u00f4tel \u00e0 l\u2019architecture peu commune, en terrasse, qui offre habilement une vue splendide sur l\u2019oc\u00e9an Atlantique \u00e0 tous les niveaux. Au large, Fort Boyard, l\u2019\u00eele de R\u00e9, l\u2019\u00eele d\u2019Ol\u00e9ron et l\u2019\u00eele d\u2019Aix invitent \u00e0 prendre la mer et intensifient encore le sentiment d\u2019\u00e9vasion qu\u2019inspire l\u2019h\u00f4tel.<\/span><span data-ccp-props=\"{}\">\u00a0<\/span><\/p>\n<p><span data-contrast=\"auto\">Pour rejoindre ce coin de paradis, 15 minutes de voiture suffisent depuis La Rochelle, 20 minutes depuis l\u2019a\u00e9roport et 2h30 depuis Paris en TGV.<\/span><span data-ccp-props=\"{}\">\u00a0<\/span><\/p>\n<\/div>\n\t\t\t\t<div class=\"d-flex flex-column flex-lg-row align-items-center gap-5 gap-lg-8 justify-content-between\">\n\t\t\t<div class=\"fs-20 fs-lg-26 fw-semibold lh-xs\"><\/div>\n\t\t\t\t\t<\/div>\n\t<\/div>\n<\/div>\n<!-- END OF : Composant : block-periscope-theme-section-composant-25-texte-cta-2-images.php -->\n\n\n<!-- START OF : Composant : block-periscope-theme-section-composant-26-textes-slider-cta.php -->\n<div class=\"t3icta bg-white pb-12 mb-9 fs-wysiwyg\" data-component=\"26-textes-3-images-cta\">\n\t<div class=\"t3icta__top position-relative\">\n\t\t<div class=\"container-fluid\" style=\"--bs-gutter-x: 0\">\n\t\t\t<div class=\"row\" style=\"--bs-gutter-x: 0\">\n\t\t\t\t\t\t\t\t<div class=\"col-lg-6\">\n\t\t\t\t\t<div class=\"t3icta__slider\">\n\t\t\t\t\t\t<div class=\"splide\">\n\t\t\t\t\t\t\t<div class=\"splide__track\">\n\t\t\t\t\t\t\t\t<div class=\"splide__list\">\n\t\t\t\t\t\t\t\t\t\t\t\t\t\t\t\t\t\t\t<div class=\"splide__slide\">\n\t\t\t\t\t\t\t\t\t\t\t<img decoding=\"async\" src=\"https:\/\/www.myallmeeting.com\/wp-content\/uploads\/2019\/01\/aja_p_4576-32__original-953x600.jpeg\" width=\"953\" height=\"600\" alt=\"\" loading=\"lazy\" \/>\n\t\t\t\t\t\t\t\t\t\t<\/div>\n\t\t\t\t\t\t\t\t\t\t\t\t\t\t\t\t\t\n\t\t\t\t\t\t\t\t<\/div>\n\t\t\t\t\t\t\t<\/div>\n\t\t\t\t\t\t\t<div class=\"splide__arrows d-none d-lg-block\">\n\t\t\t\t\t\t\t\t<button class=\"splide__arrow splide__arrow--prev px-lg-3 py-lg-4 px-xl-4 py-xl-5 px-xxl-5 py-xxl-7 position-absolute l-0 bg-white border-0\">\n\t\t\t\t\t\t\t\t\t<svg width=\"14\" height=\"27\" aria-hidden=\"true\">\n\t\t\t\t\t\t\t\t\t\t<use xlink:href=\"https:\/\/www.myallmeeting.com\/wp-content\/themes\/accor\/assets\/images\/sprite.svg#slider-prev\"><\/use>\n\t\t\t\t\t\t\t\t\t<\/svg>\n\t\t\t\t\t\t\t\t<\/button>\n\t\t\t\t\t\t\t\t<button class=\"splide__arrow splide__arrow--next px-lg-3 py-lg-4 px-xl-4 py-xl-5 px-xxl-5 py-xxl-7 position-absolute r-0 bg-white border-0\">\n\t\t\t\t\t\t\t\t\t<svg width=\"14\" height=\"27\" aria-hidden=\"true\">\n\t\t\t\t\t\t\t\t\t\t<use xlink:href=\"https:\/\/www.myallmeeting.com\/wp-content\/themes\/accor\/assets\/images\/sprite.svg#slider-prev\"><\/use>\n\t\t\t\t\t\t\t\t\t<\/svg>\n\t\t\t\t\t\t\t\t<\/button>\n\t\t\t\t\t\t\t<\/div>\n\t\t\t\t\t\t<\/div>\n\t\t\t\t\t<\/div>\n\t\t\t\t<\/div>\n\t\t\t\t\t\t\t\t<div class=\"col-lg-6\">\n\t\t\t\t\t<div class=\"t3icta__top_right mb-lg-14 px-2 py-9 px-lg-11 py-lg-0\">\n\t\t\t\t\t\t\t\n\t\t\t\t\t\t<h2 class=\"fs-20 fs-lg-23 fs-xl-27 fs-xxl-30 fw-semibold\">\u00c0 la table du plus grand chef \u00e9toil\u00e9 du monde\u202f: Pierre Gagnaire <\/h2>\n\t\t\t\t\t\t\t\t\t\t\t\t\t\n\t\t\t\t\t\t<div class=\"fs-wysiwyg\">\n\t\t\t\t\t\t\t<p><span data-contrast=\"auto\">Un go\u00fbt de paradis que l\u2019on retrouve \u00e9galement dans les assiettes du restaurant Gaya Cuisine de Bords de Mer du po\u00e8te des fourneaux, Pierre Gagnaire.\u202f\u202fLe chef aux 12 \u00e9toiles propose une cuisine rythm\u00e9e par les p\u00eaches de c\u00f4te, les arrivages du jour et des saisons avec quatre cartes diff\u00e9rentes chaque ann\u00e9e.<\/span><span data-ccp-props=\"{}\">\u00a0<\/span><\/p>\n<p><span data-contrast=\"auto\">Au menu : d\u00e9jeuners gourmands, snacking de qualit\u00e9 et repas gastronomiques sur la terrasse du restaurant et du bar avec vue sur l\u2019oc\u00e9an.\u202fUn choix d\u2019exception pour un cocktail d\u2019entreprise ou un d\u00eener de gala !<\/span><span data-ccp-props=\"{}\">\u00a0<\/span><\/p>\n\t\t\t\t\t\t<\/div>\n\t\t\t\t\t\t\t\t\t\t\t<\/div>\n\t\t\t\t<\/div>\n\t\t\t<\/div>\n\t\t<\/div>\n\t<\/div>\n\t<div class=\"t3icta__bottom bg-beige\">\n\t\t<div class=\"container-fluid\" style=\"--bs-gutter-x: 0\">\n\t\t\t<div class=\"row\" style=\"--bs-gutter-x: 0\">\n\t\t\t\t<div class=\"col-lg-5 offset-lg-1\">\n\t\t\t\t\t<div class=\"t3icta__bottom__left\">\n\t\t\t\t\t\t\t\t\t\t\t\t<img decoding=\"async\" src=\"https:\/\/www.myallmeeting.com\/wp-content\/uploads\/2019\/01\/aja_p_4576-53__original-633x398.jpeg\" class=\"w-100 d-lg-none\" width=\"633\" height=\"398\" alt=\"\" loading=\"lazy\" \/> <!-- Ce sont les 2 m\u00eames images : ID 0 -->\n\t\t\t\t\t\t\t\t\t\t\t\t<div class=\"px-2 py-9 px-lg-0 py-lg-0\">\n\t\t\t\t\t\t\t\t\n\t\t\t\t\t\t\t<h2 class=\"fs-20 fs-lg-23 fs-xl-27 fs-xxl-30 fw-semibold\">Mais la d\u00e9lectation ne s\u2019arr\u00eate pas l\u00e0\u2026 <\/h2>\n\t\t\t\t\t\t\t\t\t\t\t\t\t\t\t\n\t\t\t\t\t\t\t<div class=\"fs-wysiwyg mb-lg-15\">\n\t\t\t\t\t\t\t\t<p><span data-contrast=\"auto\">Ce MGallery by Sofitel dispose \u00e9galement d\u2019un spa Nuxe avec quatre cabines individuelles, deux suites privatives face \u00e0 l\u2019oc\u00e9an \u00e9quip\u00e9es d\u2019un jacuzzi, d\u2019un hammam et d\u2019une douche sensorielle.<\/span><span data-ccp-props=\"{}\">\u00a0<\/span><\/p>\n<p><span data-contrast=\"auto\">Un couloir de nage, un parcours aquatique \u00e0 31\u00b0C et un irr\u00e9sistible jacuzzi ext\u00e9rieur face \u00e0 la mer\u2026<\/span><span data-ccp-props=\"{}\">\u00a0<\/span><\/p>\n<p><span data-contrast=\"auto\">Une salle de cardio-training avec vue sur la mer et une coach sportive sont \u00e9galement \u00e0 votre disposition pour une s\u00e9ance de remise en forme !<\/span><span data-ccp-props=\"{}\">\u00a0<\/span><\/p>\n\t\t\t\t\t\t\t<\/div>\n\t\t\t\t\t\t\t\t\t\t\t\t\t<\/div>\n\t\t\t\t\t\t\t\t\t\t\t\t<div class=\"t3icta__bottom__img1 d-none d-lg-block text-end ms-lg-auto\">\n\t\t\t\t\t\t\t<img decoding=\"async\" src=\"https:\/\/www.myallmeeting.com\/wp-content\/uploads\/2019\/01\/aja_p_4576-53__original-633x398.jpeg\" width=\"633\" height=\"398\" alt=\"\" loading=\"lazy\" \/> <!-- Ce sont les 2 m\u00eames images : ID 1 -->\n\t\t\t\t\t\t<\/div>\n\t\t\t\t\t\t\t\t\t\t\t<\/div>\n\t\t\t\t<\/div>\n\t\t\t\t<div class=\"col-lg-5\">\n\t\t\t\t\t<div class=\"ps-lg-10\">\n\t\t\t\t\t\t\t\t\t\t\t\t<img decoding=\"async\" src=\"https:\/\/www.myallmeeting.com\/wp-content\/uploads\/2019\/01\/aja_p_4576-44__original-633x398.jpeg\" class=\"t3icta__bottom__img0 position-relative d-none d-lg-block mb-15\" width=\"633\" height=\"398\" alt=\"\" loading=\"lazy\" \/> <!-- Ce sont les 2 m\u00eames images : ID 0 -->\n\t\t\t\t\t\t\t\t\t\t\t\t<div class=\"px-2 px-lg-0 mb-9\">\n\t\t\t\t\t\t\t\t\n\t\t\t\t\t\t\t<h2 class=\"fs-20 fs-lg-23 fs-xl-27 fs-xxl-30 fw-semibold\">5 salons modulables et un salon exclusif avec vue sur la mer <\/h2>\n\t\t\t\t\t\t\t\t\t\t\t\t\t\t\t\t\t\t\t\t\t<div class=\"fs-wysiwyg\">\n\t\t\t\t\t\t\t\t<p><span data-contrast=\"auto\">Un cadre et des prestations exceptionnelles pour vos r\u00e9unions, journ\u00e9es de travail et r\u00e9ceptions sur mesure.\u202fUn espace modulable de 300 m<\/span><span data-contrast=\"auto\">2<\/span><span data-contrast=\"auto\">, pouvant accueillir de 2 \u00e0 110 personnes, vous attend dans ses salons baign\u00e9s de la lumi\u00e8re du jour.\u202fSi vous \u00eates plut\u00f4t \u00e0 la recherche d\u2019un espace intime et haut de gamme pour vous r\u00e9unir en toute confidentialit\u00e9, l\u2019h\u00f4tel vous propose une salle avec vue panoramique sur mer avec terrasse et cuisine privatives.\u202fEt si vous souhaitez organiser une projection, l\u2019h\u00f4tel peut vous r\u00e9server une salle de cin\u00e9ma dans le centre de La Rochelle.\u202f\u202f<\/span><span data-ccp-props=\"{}\">\u00a0<\/span><\/p>\n<p><span data-contrast=\"auto\">\u202f<\/span><span data-ccp-props=\"{}\">\u00a0<\/span><\/p>\n<p><span data-contrast=\"auto\">Enfin, un\u202f<\/span><b><span data-contrast=\"auto\">ibis Styles<\/span><\/b><span data-contrast=\"auto\"> se situe juste en face avec ses propres salles de r\u00e9union et sa propre\u202f<\/span><b><span data-contrast=\"auto\">thalasso marine<\/span><\/b><span data-contrast=\"auto\">\u202fpour l\u2019organisation d\u2019\u00e9v\u00e9nements professionnels d\u2019encore plus grande capacit\u00e9. Cerise sur le g\u00e2teau, les clients du MGallery peuvent acc\u00e9der gratuitement au parcours marin de la thalasso\u2026<\/span><span data-ccp-props=\"{}\">\u00a0<\/span><\/p>\n\t\t\t\t\t\t\t<\/div>\n\t\t\t\t\t\t\t\t\t\t\t\t\t<\/div>\n\t\t\t\t\t\t\t\t\t\t\t\t<div class=\"t3icta__bottom__img1 d-lg-none mx-auto\">\n\t\t\t\t\t\t\t<img decoding=\"async\" src=\"https:\/\/www.myallmeeting.com\/wp-content\/uploads\/2019\/01\/aja_p_4576-44__original-633x398.jpeg\" width=\"633\" height=\"398\" alt=\"\" loading=\"lazy\" \/> <!-- Ce sont les 2 m\u00eames images : ID 1 -->\n\t\t\t\t\t\t<\/div>\n\t\t\t\t\t\t\t\t\t\t\t<\/div>\n\t\t\t\t<\/div>\n\t\t\t<\/div>\n\t\t<\/div>\n\t<\/div>\n\t<\/div>\n<!-- END OF : Composant : block-periscope-theme-section-composant-26-textes-slider-cta.php -->\n\n\n<!-- START OF : Composant : block-periscope-theme-section-composant-33-texte-image.php -->\n<!-- INVERSE -->\n<div class=\"text-image fs-wysiwyg mb-8 mb-lg-12\" data-component=\"33-texte-image\" data-reverse=\"oui\">\n\t<div class=\"container-fluid\" style=\"--bs-gutter-x: 0\">\n\t\t<div class=\"row\" style=\"--bs-gutter-x: 0\">\n\t\t\t<div class=\"col-lg-6\">\n\t\t\t\t<div class=\"text-image__content\">\n\t\t\t\t\t\t\t\t\t\t<div class=\"fw-semibold lh-xs fs-20 fs-lg-32 ls--25 mb-5\">Soir\u00e9e\u202fafterbeach\u202favec bar sur la plage et DJ <\/div>\n\t\t\t\t\t\t\t\t\t\t\t\t\t\t\t<div class=\"fs-wysiwyg\">\n\t\t\t\t\t\t<p><span data-contrast=\"auto\" xml:lang=\"FR-FR\" lang=\"FR-FR\" class=\"TextRun SCXW255324622 BCX8\"><span class=\"NormalTextRun SCXW255324622 BCX8\">C\u00f4t\u00e9 <\/span><\/span><span data-contrast=\"auto\" xml:lang=\"FR-FR\" lang=\"FR-FR\" class=\"TextRun SCXW255324622 BCX8\"><span class=\"NormalTextRun SpellingErrorV2Themed SCXW255324622 BCX8\">incentives<\/span><\/span><span data-contrast=\"auto\" xml:lang=\"FR-FR\" lang=\"FR-FR\" class=\"TextRun SCXW255324622 BCX8\"><span class=\"NormalTextRun SCXW255324622 BCX8\">,\u202fl\u2019h\u00f4tel propose de nombreuses activit\u00e9s\u202ftoutes plus agr\u00e9ables les unes que les autres. Des balades en mer au d\u00e9part de La Rochelle, d<\/span><span class=\"NormalTextRun SCXW255324622 BCX8\">es soir\u00e9es\u202f<\/span><\/span><span data-contrast=\"auto\" xml:lang=\"FR-FR\" lang=\"FR-FR\" class=\"TextRun SCXW255324622 BCX8\"><span class=\"NormalTextRun SpellingErrorV2Themed SCXW255324622 BCX8\">afterbeach<\/span><\/span><span data-contrast=\"auto\" xml:lang=\"FR-FR\" lang=\"FR-FR\" class=\"TextRun SCXW255324622 BCX8\"><span class=\"NormalTextRun SCXW255324622 BCX8\">\u202favec bar sur la plage et DJ (en saison), des d\u00e9gustations d\u2019hu\u00eetres dans une cabane ostr\u00e9icole ou encore des jeux de\u202f<\/span><\/span><a class=\"Hyperlink HyperlinkGateOff SCXW255324622 BCX8\" href=\"https:\/\/myallmeeting.commes-conseils\/top-5-activites-incentive-outdoor\/%22%20\/t%20%22_blank\" target=\"_blank\" rel=\"noreferrer noopener\"><span class=\"FieldRange SCXW255324622 BCX8\"><span data-contrast=\"none\" xml:lang=\"FR-FR\" lang=\"FR-FR\" class=\"TextRun Underlined UnderlinedGateOff SCXW255324622 BCX8\"><span class=\"NormalTextRun CommentStart CommentHighlightPipeRest CommentHighlightRest SCXW255324622 BCX8\" data-ccp-charstyle=\"Hyperlink\">teambuilding<\/span><\/span><\/span><\/a><span data-contrast=\"auto\" xml:lang=\"FR-FR\" lang=\"FR-FR\" class=\"TextRun SCXW255324622 BCX8\"><span class=\"NormalTextRun CommentHighlightPipeRest SCXW255324622 BCX8\">\u202ftels qu\u2019un Koh Lanta, une\u202f<\/span><\/span><span data-contrast=\"auto\" xml:lang=\"FR-FR\" lang=\"FR-FR\" class=\"TextRun SCXW255324622 BCX8\"><span class=\"NormalTextRun SpellingErrorV2Themed SCXW255324622 BCX8\">murder<\/span><span class=\"NormalTextRun SCXW255324622 BCX8\"> party<\/span><\/span><span data-contrast=\"auto\" xml:lang=\"FR-FR\" lang=\"FR-FR\" class=\"TextRun SCXW255324622 BCX8\"><span class=\"NormalTextRun SCXW255324622 BCX8\">\u202fou <\/span><span class=\"NormalTextRun ContextualSpellingAndGrammarErrorV2Themed SCXW255324622 BCX8\">un\u202f<\/span><\/span><span data-contrast=\"auto\" xml:lang=\"FR-FR\" lang=\"FR-FR\" class=\"TextRun SCXW255324622 BCX8\"><span class=\"NormalTextRun ContextualSpellingAndGrammarErrorV2Themed SCXW255324622 BCX8\">escape<\/span><\/span><span data-contrast=\"auto\" xml:lang=\"FR-FR\" lang=\"FR-FR\" class=\"TextRun SCXW255324622 BCX8\"><span class=\"NormalTextRun SCXW255324622 BCX8\">\u202f<\/span><\/span><span data-contrast=\"auto\" xml:lang=\"FR-FR\" lang=\"FR-FR\" class=\"TextRun SCXW255324622 BCX8\"><span class=\"NormalTextRun SpellingErrorV2Themed SCXW255324622 BCX8\">game<\/span><\/span><span data-contrast=\"auto\" xml:lang=\"FR-FR\" lang=\"FR-FR\" class=\"TextRun SCXW255324622 BCX8\"><span class=\"NormalTextRun SCXW255324622 BCX8\">\u2026<\/span><\/span><span class=\"EOP SCXW255324622 BCX8\" data-ccp-props=\"{}\">\u00a0<\/span><\/p>\n\t\t\t\t\t<\/div>\n\t\t\t\t\t\t\t\t\t<\/div>\n\t\t\t<\/div>    \n\t\t\t    \n\t\t\t<div class=\"col-lg-6 order-first order-lg-last mb-7 mb-lg-0\">\n\t\t\t\t<img decoding=\"async\" src=\"https:\/\/www.myallmeeting.com\/wp-content\/uploads\/2019\/01\/aja_p_4677-43__original-953x600.jpeg\" width=\"953\" height=\"600\" alt=\"\" loading=\"lazy\" class=\"w-100\" \/>\n\t\t\t<\/div>\n\t\t\t\t\t<\/div>\n\t<\/div>\n<\/div>\n<!-- END OF : Composant : block-periscope-theme-section-composant-33-texte-image.php -->\n","protected":false},"excerpt":{"rendered":"<p>Venez d\u00e9couvrir sur la plage cet \u00e9tablissement Accor, avec restaurant sign\u00e9 Pierre Gagnaire et spa Nuxe pour votre prochain \u00e9v\u00e8nement  <\/p>\n","protected":false},"featured_media":16556015,"menu_order":0,"template":"","periscope_categorie_tax":[1651],"class_list":["post-15226729","article","type-article","status-publish","has-post-thumbnail","hentry","periscope_categorie_tax-reportage-du-mois"],"acf":[],"yoast_head":"<title>La Grande Terrasse H\u00f4tel &#038; Spa La Rochelle MGallery by Sofitel - Accor MyAllMeeting.com<\/title>\n<meta name=\"robots\" content=\"index, follow, max-snippet:-1, max-image-preview:large, max-video-preview:-1\" \/>\n<link rel=\"canonical\" href=\"https:\/\/www.myallmeeting.com\/fr\/wp-json\/wp\/v2\/article\/15226729\" \/>\n<meta property=\"og:locale\" content=\"fr_FR\" \/>\n<meta property=\"og:type\" content=\"article\" \/>\n<meta property=\"og:title\" content=\"La Grande Terrasse H\u00f4tel &#038; Spa La Rochelle MGallery by Sofitel - Accor MyAllMeeting.com\" \/>\n<meta property=\"og:description\" content=\"Venez d\u00e9couvrir sur la plage cet \u00e9tablissement Accor, avec restaurant sign\u00e9 Pierre Gagnaire et spa Nuxe pour votre prochain \u00e9v\u00e8nement\" \/>\n<meta property=\"og:url\" content=\"https:\/\/www.myallmeeting.com\/fr\/article\/la-grande-terrasse-hotel-spa-la-rochelle-mgallery-by-sofitel\/\" \/>\n<meta property=\"og:site_name\" content=\"Accor MyAllMeeting.com\" \/>\n<meta property=\"article:modified_time\" content=\"2024-11-12T15:52:27+00:00\" \/>\n<meta property=\"og:image\" content=\"http:\/\/myallmeeting.com\/wp-content\/uploads\/2019\/01\/MAM-baner-1920x570-12.png\" \/>\n\t<meta property=\"og:image:width\" content=\"1920\" \/>\n\t<meta property=\"og:image:height\" content=\"570\" \/>\n\t<meta property=\"og:image:type\" content=\"image\/png\" \/>\n<meta name=\"twitter:card\" content=\"summary_large_image\" \/>\n<meta name=\"twitter:label1\" content=\"Dur\u00e9e de lecture estim\u00e9e\" \/>\n\t<meta name=\"twitter:data1\" content=\"5 minutes\" \/>\n<script type=\"application\/ld+json\" class=\"yoast-schema-graph\">{\"@context\":\"https:\/\/schema.org\",\"@graph\":[{\"@type\":\"WebPage\",\"@id\":\"https:\/\/www.myallmeeting.com\/fr\/article\/la-grande-terrasse-hotel-spa-la-rochelle-mgallery-by-sofitel\/\",\"url\":\"https:\/\/www.myallmeeting.com\/fr\/article\/la-grande-terrasse-hotel-spa-la-rochelle-mgallery-by-sofitel\/\",\"name\":\"La Grande Terrasse H\u00f4tel &#038; Spa La Rochelle MGallery by Sofitel - Accor MyAllMeeting.com\",\"isPartOf\":{\"@id\":\"https:\/\/www.myallmeeting.com\/fr\/#website\"},\"primaryImageOfPage\":{\"@id\":\"https:\/\/www.myallmeeting.com\/fr\/article\/la-grande-terrasse-hotel-spa-la-rochelle-mgallery-by-sofitel\/#primaryimage\"},\"image\":{\"@id\":\"https:\/\/www.myallmeeting.com\/fr\/article\/la-grande-terrasse-hotel-spa-la-rochelle-mgallery-by-sofitel\/#primaryimage\"},\"thumbnailUrl\":\"https:\/\/www.myallmeeting.com\/wp-content\/uploads\/2019\/01\/MAM-baner-1920x570-12.png\",\"datePublished\":\"2019-01-09T08:43:38+00:00\",\"dateModified\":\"2024-11-12T15:52:27+00:00\",\"breadcrumb\":{\"@id\":\"https:\/\/www.myallmeeting.com\/fr\/article\/la-grande-terrasse-hotel-spa-la-rochelle-mgallery-by-sofitel\/#breadcrumb\"},\"inLanguage\":\"fr-FR\",\"potentialAction\":[{\"@type\":\"ReadAction\",\"target\":[\"https:\/\/www.myallmeeting.com\/fr\/article\/la-grande-terrasse-hotel-spa-la-rochelle-mgallery-by-sofitel\/\"]}]},{\"@type\":\"ImageObject\",\"inLanguage\":\"fr-FR\",\"@id\":\"https:\/\/www.myallmeeting.com\/fr\/article\/la-grande-terrasse-hotel-spa-la-rochelle-mgallery-by-sofitel\/#primaryimage\",\"url\":\"https:\/\/www.myallmeeting.com\/wp-content\/uploads\/2019\/01\/MAM-baner-1920x570-12.png\",\"contentUrl\":\"https:\/\/www.myallmeeting.com\/wp-content\/uploads\/2019\/01\/MAM-baner-1920x570-12.png\",\"width\":1920,\"height\":570},{\"@type\":\"BreadcrumbList\",\"@id\":\"https:\/\/www.myallmeeting.com\/fr\/article\/la-grande-terrasse-hotel-spa-la-rochelle-mgallery-by-sofitel\/#breadcrumb\",\"itemListElement\":[{\"@type\":\"ListItem\",\"position\":1,\"name\":\"Accueil\",\"item\":\"https:\/\/myallmeeting.com\/fr\/\"},{\"@type\":\"ListItem\",\"position\":2,\"name\":\"Actualit\u00e9s\",\"item\":\"https:\/\/www.myallmeeting.com\/fr\/actualite\/\"},{\"@type\":\"ListItem\",\"position\":3,\"name\":\"La Grande Terrasse H\u00f4tel &#038; Spa La Rochelle MGallery by Sofitel\"}]},{\"@type\":\"WebSite\",\"@id\":\"https:\/\/www.myallmeeting.com\/fr\/#website\",\"url\":\"https:\/\/www.myallmeeting.com\/fr\/\",\"name\":\"Accor MyAllMeeting.com\",\"description\":\"Les Meilleurs lieux pour vos Ev\u00e9nements Professionnels\",\"publisher\":{\"@id\":\"https:\/\/www.myallmeeting.com\/fr\/#organization\"},\"potentialAction\":[{\"@type\":\"SearchAction\",\"target\":{\"@type\":\"EntryPoint\",\"urlTemplate\":\"https:\/\/www.myallmeeting.com\/fr\/?s={search_term_string}\"},\"query-input\":{\"@type\":\"PropertyValueSpecification\",\"valueRequired\":true,\"valueName\":\"search_term_string\"}}],\"inLanguage\":\"fr-FR\"},{\"@type\":\"Organization\",\"@id\":\"https:\/\/www.myallmeeting.com\/fr\/#organization\",\"name\":\"ACCOR\",\"url\":\"https:\/\/www.myallmeeting.com\/fr\/\",\"logo\":{\"@type\":\"ImageObject\",\"inLanguage\":\"fr-FR\",\"@id\":\"https:\/\/www.myallmeeting.com\/fr\/#\/schema\/logo\/image\/\",\"url\":\"\",\"contentUrl\":\"\",\"caption\":\"ACCOR\"},\"image\":{\"@id\":\"https:\/\/www.myallmeeting.com\/fr\/#\/schema\/logo\/image\/\"}}]}<\/script>","yoast_head_json":{"title":"La Grande Terrasse H\u00f4tel &#038; Spa La Rochelle MGallery by Sofitel - Accor MyAllMeeting.com","robots":{"index":"index","follow":"follow","max-snippet":"max-snippet:-1","max-image-preview":"max-image-preview:large","max-video-preview":"max-video-preview:-1"},"canonical":"https:\/\/www.myallmeeting.com\/fr\/wp-json\/wp\/v2\/article\/15226729","og_locale":"fr_FR","og_type":"article","og_title":"La Grande Terrasse H\u00f4tel &#038; Spa La Rochelle MGallery by Sofitel - Accor MyAllMeeting.com","og_description":"Venez d\u00e9couvrir sur la plage cet \u00e9tablissement Accor, avec restaurant sign\u00e9 Pierre Gagnaire et spa Nuxe pour votre prochain \u00e9v\u00e8nement","og_url":"https:\/\/www.myallmeeting.com\/fr\/article\/la-grande-terrasse-hotel-spa-la-rochelle-mgallery-by-sofitel\/","og_site_name":"Accor MyAllMeeting.com","article_modified_time":"2024-11-12T15:52:27+00:00","og_image":[{"width":1920,"height":570,"url":"http:\/\/myallmeeting.com\/wp-content\/uploads\/2019\/01\/MAM-baner-1920x570-12.png","type":"image\/png"}],"twitter_card":"summary_large_image","twitter_misc":{"Dur\u00e9e de lecture estim\u00e9e":"5 minutes"},"schema":{"@context":"https:\/\/schema.org","@graph":[{"@type":"WebPage","@id":"https:\/\/www.myallmeeting.com\/fr\/article\/la-grande-terrasse-hotel-spa-la-rochelle-mgallery-by-sofitel\/","url":"https:\/\/www.myallmeeting.com\/fr\/article\/la-grande-terrasse-hotel-spa-la-rochelle-mgallery-by-sofitel\/","name":"La Grande Terrasse H\u00f4tel &#038; Spa La Rochelle MGallery by Sofitel - Accor MyAllMeeting.com","isPartOf":{"@id":"https:\/\/www.myallmeeting.com\/fr\/#website"},"primaryImageOfPage":{"@id":"https:\/\/www.myallmeeting.com\/fr\/article\/la-grande-terrasse-hotel-spa-la-rochelle-mgallery-by-sofitel\/#primaryimage"},"image":{"@id":"https:\/\/www.myallmeeting.com\/fr\/article\/la-grande-terrasse-hotel-spa-la-rochelle-mgallery-by-sofitel\/#primaryimage"},"thumbnailUrl":"https:\/\/www.myallmeeting.com\/wp-content\/uploads\/2019\/01\/MAM-baner-1920x570-12.png","datePublished":"2019-01-09T08:43:38+00:00","dateModified":"2024-11-12T15:52:27+00:00","breadcrumb":{"@id":"https:\/\/www.myallmeeting.com\/fr\/article\/la-grande-terrasse-hotel-spa-la-rochelle-mgallery-by-sofitel\/#breadcrumb"},"inLanguage":"fr-FR","potentialAction":[{"@type":"ReadAction","target":["https:\/\/www.myallmeeting.com\/fr\/article\/la-grande-terrasse-hotel-spa-la-rochelle-mgallery-by-sofitel\/"]}]},{"@type":"ImageObject","inLanguage":"fr-FR","@id":"https:\/\/www.myallmeeting.com\/fr\/article\/la-grande-terrasse-hotel-spa-la-rochelle-mgallery-by-sofitel\/#primaryimage","url":"https:\/\/www.myallmeeting.com\/wp-content\/uploads\/2019\/01\/MAM-baner-1920x570-12.png","contentUrl":"https:\/\/www.myallmeeting.com\/wp-content\/uploads\/2019\/01\/MAM-baner-1920x570-12.png","width":1920,"height":570},{"@type":"BreadcrumbList","@id":"https:\/\/www.myallmeeting.com\/fr\/article\/la-grande-terrasse-hotel-spa-la-rochelle-mgallery-by-sofitel\/#breadcrumb","itemListElement":[{"@type":"ListItem","position":1,"name":"Accueil","item":"https:\/\/myallmeeting.com\/fr\/"},{"@type":"ListItem","position":2,"name":"Actualit\u00e9s","item":"https:\/\/www.myallmeeting.com\/fr\/actualite\/"},{"@type":"ListItem","position":3,"name":"La Grande Terrasse H\u00f4tel &#038; Spa La Rochelle MGallery by Sofitel"}]},{"@type":"WebSite","@id":"https:\/\/www.myallmeeting.com\/fr\/#website","url":"https:\/\/www.myallmeeting.com\/fr\/","name":"Accor MyAllMeeting.com","description":"Les Meilleurs lieux pour vos Ev\u00e9nements Professionnels","publisher":{"@id":"https:\/\/www.myallmeeting.com\/fr\/#organization"},"potentialAction":[{"@type":"SearchAction","target":{"@type":"EntryPoint","urlTemplate":"https:\/\/www.myallmeeting.com\/fr\/?s={search_term_string}"},"query-input":{"@type":"PropertyValueSpecification","valueRequired":true,"valueName":"search_term_string"}}],"inLanguage":"fr-FR"},{"@type":"Organization","@id":"https:\/\/www.myallmeeting.com\/fr\/#organization","name":"ACCOR","url":"https:\/\/www.myallmeeting.com\/fr\/","logo":{"@type":"ImageObject","inLanguage":"fr-FR","@id":"https:\/\/www.myallmeeting.com\/fr\/#\/schema\/logo\/image\/","url":"","contentUrl":"","caption":"ACCOR"},"image":{"@id":"https:\/\/www.myallmeeting.com\/fr\/#\/schema\/logo\/image\/"}}]}},"_links":{"self":[{"href":"https:\/\/www.myallmeeting.com\/fr\/wp-json\/wp\/v2\/article\/15226729","targetHints":{"allow":["GET"]}}],"collection":[{"href":"https:\/\/www.myallmeeting.com\/fr\/wp-json\/wp\/v2\/article"}],"about":[{"href":"https:\/\/www.myallmeeting.com\/fr\/wp-json\/wp\/v2\/types\/article"}],"wp:featuredmedia":[{"embeddable":true,"href":"https:\/\/www.myallmeeting.com\/fr\/wp-json\/wp\/v2\/media\/16556015"}],"wp:attachment":[{"href":"https:\/\/www.myallmeeting.com\/fr\/wp-json\/wp\/v2\/media?parent=15226729"}],"wp:term":[{"taxonomy":"periscope_categorie_tax","embeddable":true,"href":"https:\/\/www.myallmeeting.com\/fr\/wp-json\/wp\/v2\/periscope_categorie_tax?post=15226729"}],"curies":[{"name":"wp","href":"https:\/\/api.w.org\/{rel}","templated":true}]}}