{"id":15226726,"date":"2019-04-04T15:23:25","date_gmt":"2019-04-04T13:23:25","guid":{"rendered":"https:\/\/myallmeeting.com\/article\/un-seminaire-en-alsace-le-long-de-la-route-des-vins\/"},"modified":"2024-11-25T15:51:04","modified_gmt":"2024-11-25T14:51:04","slug":"un-seminaire-en-alsace-le-long-de-la-route-des-vins","status":"publish","type":"article","link":"https:\/\/www.myallmeeting.com\/fr\/article\/un-seminaire-en-alsace-le-long-de-la-route-des-vins\/","title":{"rendered":"Un s\u00e9minaire en Alsace le long de la Route des Vins"},"content":{"rendered":"<!-- START OF : Composant : block-periscope-theme-section-composant-25-texte-cta-2-images.php -->\n<div class=\"tcta2ia bg-white fs-wysiwyg mb-lg-12\" data-component=\"25-texte-cta-2-images\">\n\t<div class=\"tcta2ia__top\">\n\t\t<div class=\"container-fluid\" style=\"--bs-gutter-x: 0\">\n\t\t\t<div class=\"row\" style=\"--bs-gutter-x: 0\">\n\t\t\t\t<div class=\"col-lg-8\">\n\t\t\t\t\t\t\t\t\t\t<div class=\"bloc-mise-en-avant__top__left\">\n\t\t\t\t\t\t<img decoding=\"async\" src=\"https:\/\/www.myallmeeting.com\/wp-content\/uploads\/2019\/04\/aja_p_6930-92__original-1268x846.jpeg\" class=\"pe-2 pe-lg-0\" width=\"1268\" height=\"846\" alt=\"\" loading=\"lazy\" \/>\n\t\t\t\t\t<\/div>\n\t\t\t\t\t\t\t\t\t\t<div class=\"tcta2ia__bottom d-none d-lg-block pb-12 pt-lg-9 pb-lg-0 pe-lg-10\">\n\t\t\t\t\t\t\t\t\t\t\t\t<h2 class=\"fs-20 fs-lg-32 fw-semibold\">Sofitel Strasbourg Grande-\u00cele<\/h2>\n\t\t\t\t\t\t\t\t\t\t\t\t\t\t\t\t\t\t<div class=\"fs-wysiwyg\"><p><span style=\"font-weight: 400;\">Cet h\u00f4tel cinq \u00e9toiles en plein c\u0153ur de la capitale alsacienne vous accueille dans un cadre luxueux et \u00e9l\u00e9gant pour une r\u00e9union haut de gamme. Le\u00a0<\/span><a href=\"https:\/\/myallmeeting.com\/fr\/hotel\/0568-sofitel-strasbourg-grande-ile\/\" target=\"_blank\" rel=\"noopener\"><b>Sofitel Strasbourg Grande-\u00cele<\/b><\/a><span style=\"font-weight: 400;\">\u00a0est \u00e9galement le plus grand h\u00f4tel pour les voyages d\u2019affaires et l\u2019organisation d\u2019\u00e9v\u00e9nements professionnels.\u00a0<\/span><\/p>\n<p><span style=\"font-weight: 400;\">Il dispose de <\/span><b>11 salles de r\u00e9union au d\u00e9cor contemporain et \u00e0 la lumi\u00e8re du jour pouvant accueillir jusqu\u2019\u00e0 180 personnes<\/b><span style=\"font-weight: 400;\"> pour un congr\u00e8s ou un s\u00e9minaire h\u00e9berg\u00e9.<\/span><\/p>\n<p><b>La petite anecdote\u00a0<\/b><span style=\"font-weight: 400;\">: en bon ambassadeur du vignoble alsacien, l\u2019h\u00f4tel dispose de ses propres vignes. Id\u00e9al pour go\u00fbter les meilleurs c\u00e9pages d\u2019Alsace autour d\u2019un ap\u00e9ritif \u00e0 la fin de votre s\u00e9minaire.<\/span><\/p>\n<\/div>\n\t\t\t\t\t\t\t\t\t\t\t\t<div class=\"d-flex flex-column flex-lg-row align-items-center gap-5 gap-lg-8 justify-content-between\">\n\t\t\t\t\t\t\t<div class=\"fs-20 fs-lg-26 fw-semibold lh-xs\"><\/div>\n\t\t\t\t\t\t\t\t\t\t\t\t\t<\/div>\n\t\t\t\t\t<\/div>\n\t\t\t\t<\/div>\n\t\t\t\t<div class=\"col-lg-4\">\n\t\t\t\t\t<div class=\"tcta2ia__top__right t-0 r-0 bg-primary text-white pt-4 pb-4 px-2 pt-lg-8 pb-lg-16 px-lg-11 pb-xl-30\">\n\t\t\t\t\t\t\t\t\t\t\t\t\t\t\t\t\t\t<h2 class=\"unna fs-36 fs-lg-51 fs-xl-75 fs-italic fw-normal text-secondary\">Un s\u00e9minaire en Alsace le long de la Route des Vins<\/h2>\n\t\t\t\t\t\t\t\t\t\t\t\t\t\t\t\t\t\t<h3 class=\"text-white fs-18 fs-lg-20 fs-xl-28 text-original-case\">L\u2019Alsace est la plus petite des r\u00e9gions fran\u00e7aises, mais elle pr\u00e9sente un fort int\u00e9r\u00eat touristique et une grande richesse culturelle<\/h3>\n\t\t\t\t\t\t\t\t\t\t\t\t\t\t\t\t\t\t<div class=\"fs-wysiwyg mb-4 fs-lg-16 fs-xl-20\"><p>Ses petits villages pittoresques, cach\u00e9s dans les vignes et les for\u00eats de la r\u00e9gion, ont su pr\u00e9server leur charme et raviront les amateurs d\u2019histoire. Ses villes et villages fleuris remportent \u00e9galement chaque ann\u00e9e les grands prix du fleurissement national. Et si vous \u00eates amateur de vins alsaciens*, voici quatre adresses Accor pour organiser votre s\u00e9minaire en terre alsacienne, quel que soit votre budget.<\/p>\n<\/div>\n\t\t\t\t\t\t\t\t\t\t\t\t\t\t\t\t\t\t\t\t\t\t\t\t<p class=\"m-0\"><img decoding=\"async\" src=\"https:\/\/www.myallmeeting.com\/wp-content\/uploads\/2019\/04\/0568_ho_07_p_2048x1536-633x398.jpg\" class=\"position-relative l-0\" width=\"633\" height=\"398\" alt=\"\" loading=\"lazy\" \/><\/p>\n\t\t\t\t\t\t\t\t\t\t\t<\/div>\n\t\t\t\t<\/div>\n\t\t\t<\/div>\n\t\t<\/div>\n\t<\/div>\n\t<div class=\"tcta2ia__bottom d-lg-none pb-12 py-lg-9 pe-lg-10\">\n\t\t\t\t<div class=\"h2 fs-20 fs-lg-32 fw-semibold\">Sofitel Strasbourg Grande-\u00cele<\/div>\n\t\t\t\t\t\t<div class=\"fs-wysiwyg\"><p><span style=\"font-weight: 400;\">Cet h\u00f4tel cinq \u00e9toiles en plein c\u0153ur de la capitale alsacienne vous accueille dans un cadre luxueux et \u00e9l\u00e9gant pour une r\u00e9union haut de gamme. Le\u00a0<\/span><a href=\"https:\/\/myallmeeting.com\/fr\/hotel\/0568-sofitel-strasbourg-grande-ile\/\" target=\"_blank\" rel=\"noopener\"><b>Sofitel Strasbourg Grande-\u00cele<\/b><\/a><span style=\"font-weight: 400;\">\u00a0est \u00e9galement le plus grand h\u00f4tel pour les voyages d\u2019affaires et l\u2019organisation d\u2019\u00e9v\u00e9nements professionnels.\u00a0<\/span><\/p>\n<p><span style=\"font-weight: 400;\">Il dispose de <\/span><b>11 salles de r\u00e9union au d\u00e9cor contemporain et \u00e0 la lumi\u00e8re du jour pouvant accueillir jusqu\u2019\u00e0 180 personnes<\/b><span style=\"font-weight: 400;\"> pour un congr\u00e8s ou un s\u00e9minaire h\u00e9berg\u00e9.<\/span><\/p>\n<p><b>La petite anecdote\u00a0<\/b><span style=\"font-weight: 400;\">: en bon ambassadeur du vignoble alsacien, l\u2019h\u00f4tel dispose de ses propres vignes. Id\u00e9al pour go\u00fbter les meilleurs c\u00e9pages d\u2019Alsace autour d\u2019un ap\u00e9ritif \u00e0 la fin de votre s\u00e9minaire.<\/span><\/p>\n<\/div>\n\t\t\t\t<div class=\"d-flex flex-column flex-lg-row align-items-center gap-5 gap-lg-8 justify-content-between\">\n\t\t\t<div class=\"fs-20 fs-lg-26 fw-semibold lh-xs\"><\/div>\n\t\t\t\t\t<\/div>\n\t<\/div>\n<\/div>\n<!-- END OF : Composant : block-periscope-theme-section-composant-25-texte-cta-2-images.php -->\n\n\n<!-- START OF : Composant : block-periscope-theme-section-composant-26-textes-slider-cta.php -->\n<div class=\"t3icta bg-white pb-12 mb-9 fs-wysiwyg\" data-component=\"26-textes-3-images-cta\">\n\t<div class=\"t3icta__top position-relative\">\n\t\t<div class=\"container-fluid\" style=\"--bs-gutter-x: 0\">\n\t\t\t<div class=\"row\" style=\"--bs-gutter-x: 0\">\n\t\t\t\t\t\t\t\t<div class=\"col-lg-6\">\n\t\t\t\t\t<div class=\"t3icta__slider\">\n\t\t\t\t\t\t<div class=\"splide\">\n\t\t\t\t\t\t\t<div class=\"splide__track\">\n\t\t\t\t\t\t\t\t<div class=\"splide__list\">\n\t\t\t\t\t\t\t\t\t\t\t\t\t\t\t\t\t\t\t<div class=\"splide__slide\">\n\t\t\t\t\t\t\t\t\t\t\t<img decoding=\"async\" src=\"https:\/\/www.myallmeeting.com\/wp-content\/uploads\/2019\/04\/aja_p_4173-39__original-953x600.jpeg\" width=\"953\" height=\"600\" alt=\"\" loading=\"lazy\" \/>\n\t\t\t\t\t\t\t\t\t\t<\/div>\n\t\t\t\t\t\t\t\t\t\t\t\t\t\t\t\t\t\n\t\t\t\t\t\t\t\t<\/div>\n\t\t\t\t\t\t\t<\/div>\n\t\t\t\t\t\t\t<div class=\"splide__arrows d-none d-lg-block\">\n\t\t\t\t\t\t\t\t<button class=\"splide__arrow splide__arrow--prev px-lg-3 py-lg-4 px-xl-4 py-xl-5 px-xxl-5 py-xxl-7 position-absolute l-0 bg-white border-0\">\n\t\t\t\t\t\t\t\t\t<svg width=\"14\" height=\"27\" aria-hidden=\"true\">\n\t\t\t\t\t\t\t\t\t\t<use xlink:href=\"https:\/\/www.myallmeeting.com\/wp-content\/themes\/accor\/assets\/images\/sprite.svg#slider-prev\"><\/use>\n\t\t\t\t\t\t\t\t\t<\/svg>\n\t\t\t\t\t\t\t\t<\/button>\n\t\t\t\t\t\t\t\t<button class=\"splide__arrow splide__arrow--next px-lg-3 py-lg-4 px-xl-4 py-xl-5 px-xxl-5 py-xxl-7 position-absolute r-0 bg-white border-0\">\n\t\t\t\t\t\t\t\t\t<svg width=\"14\" height=\"27\" aria-hidden=\"true\">\n\t\t\t\t\t\t\t\t\t\t<use xlink:href=\"https:\/\/www.myallmeeting.com\/wp-content\/themes\/accor\/assets\/images\/sprite.svg#slider-prev\"><\/use>\n\t\t\t\t\t\t\t\t\t<\/svg>\n\t\t\t\t\t\t\t\t<\/button>\n\t\t\t\t\t\t\t<\/div>\n\t\t\t\t\t\t<\/div>\n\t\t\t\t\t<\/div>\n\t\t\t\t<\/div>\n\t\t\t\t\t\t\t\t<div class=\"col-lg-6\">\n\t\t\t\t\t<div class=\"t3icta__top_right mb-lg-14 px-2 py-9 px-lg-11 py-lg-0\">\n\t\t\t\t\t\t\t\n\t\t\t\t\t\t<h2 class=\"fs-20 fs-lg-23 fs-xl-27 fs-xxl-30 fw-semibold\">5 Terres H\u00f4tel &amp; Spa Barr \u2013 MGallery <\/h2>\n\t\t\t\t\t\t\t\t\t\t\t\t\t\n\t\t\t\t\t\t<div class=\"fs-wysiwyg\">\n\t\t\t\t\t\t\t<p><span style=\"font-weight: 400;\">Si vous \u00eates \u00e0 la recherche d\u2019un lieu de caract\u00e8re brut et moderne, \u00e0 l\u2019identit\u00e9 affirm\u00e9e, le\u00a0<\/span><a href=\"https:\/\/myallmeeting.com\/fr\/hotel\/a7f3-5-terres-hotel-spa-mgallery-by-sofitel-opening-november2016\/\" target=\"_blank\" rel=\"noopener\"><b>5 Terres H\u00f4tel &amp; Spa Barr \u2013\u00a0MGallery<\/b><\/a><b>\u00a0<\/b><span style=\"font-weight: 400;\">est l\u2019endroit r\u00eav\u00e9. Sur la Route des Vins, \u00e0 Barr, capitale viticole du Bas-Rhin au cachet et \u00e0 l\u2019authenticit\u00e9 pr\u00e9serv\u00e9s, l\u2019h\u00f4tel offre une vue imprenable\u00a0sur le vignoble alsacien. Un lieu d\u2019exception, loin de l\u2019agitation des grandes villes, id\u00e9al pour une r\u00e9union de type conseil d\u2019administration ou comex, de 5 \u00e0 30 personnes. <\/span><b>Avec ses 27 chambres calmes et cosy<\/b><span style=\"font-weight: 400;\">, l\u2019h\u00f4tel accueille \u00e9galement des s\u00e9minaires r\u00e9sidentiels avec acc\u00e8s au spa pour se relaxer en fin de r\u00e9union.<\/span><\/p>\n<p><b>La petite<\/b><span style=\"font-weight: 400;\">\u00a0<\/span><b>anecdote<\/b><span style=\"font-weight: 400;\">\u00a0: l\u2019h\u00f4tel est un ancien B\u00fcrgerstube (maison communale) de l\u2019\u00e9poque Renaissance, situ\u00e9 au sein m\u00eame du vignoble alsacien. Un lieu embl\u00e9matique de l\u2019histoire barroise et de sa fusion avec la viticulture, construit au XVI<\/span><span style=\"font-weight: 400;\">e<\/span><span style=\"font-weight: 400;\">\u00a0si\u00e8cle.<\/span><\/p>\n\t\t\t\t\t\t<\/div>\n\t\t\t\t\t\t\t\t\t\t\t<\/div>\n\t\t\t\t<\/div>\n\t\t\t<\/div>\n\t\t<\/div>\n\t<\/div>\n\t<div class=\"t3icta__bottom bg-beige\">\n\t\t<div class=\"container-fluid\" style=\"--bs-gutter-x: 0\">\n\t\t\t<div class=\"row\" style=\"--bs-gutter-x: 0\">\n\t\t\t\t<div class=\"col-lg-5 offset-lg-1\">\n\t\t\t\t\t<div class=\"t3icta__bottom__left\">\n\t\t\t\t\t\t\t\t\t\t\t\t<img decoding=\"async\" src=\"https:\/\/www.myallmeeting.com\/wp-content\/uploads\/2019\/04\/1264_sm_01_p_2048x1536-633x398.jpg\" class=\"w-100 d-lg-none\" width=\"633\" height=\"398\" alt=\"\" loading=\"lazy\" \/> <!-- Ce sont les 2 m\u00eames images : ID 0 -->\n\t\t\t\t\t\t\t\t\t\t\t\t<div class=\"px-2 py-9 px-lg-0 py-lg-0\">\n\t\t\t\t\t\t\t\t\n\t\t\t\t\t\t\t<h2 class=\"fs-20 fs-lg-23 fs-xl-27 fs-xxl-30 fw-semibold\">Ibis Colmar Horbourg-Wihr<\/h2>\n\t\t\t\t\t\t\t\t\t\t\t\t\t\t\t\n\t\t\t\t\t\t\t<div class=\"fs-wysiwyg mb-lg-15\">\n\t\t\t\t\t\t\t\t<p><span style=\"font-weight: 400;\">Nich\u00e9 entre les Vosges et la For\u00eat noire,\u00a0<\/span><b>l<a href=\"https:\/\/myallmeeting.com\/fr\/hotel\/1034-ibis-colmar-horbourg-wihr\/\" target=\"_blank\" rel=\"noopener\">\u2019Ibis Colmar Horbourg-Wihr<\/a><\/b><span style=\"font-weight: 400;\">\u00a0est \u00e0 seulement 5 kilom\u00e8tres de la Route des Vins. Il dispose de <\/span><b>3 salles de r\u00e9union de 2 \u00e0 80 personnes pour un s\u00e9minaire \u00e0 prix \u00e9conomique<\/b><span style=\"font-weight: 400;\">, de <\/span><b>86 chambres avec wifi<\/b><span style=\"font-weight: 400;\">, d\u2019une brasserie alsacienne*, d\u2019une terrasse et d\u2019un parking.\u00a0<\/span><\/p>\n<p><span style=\"font-weight: 400;\">\u00c0 quelques minutes du centre-ville, vous pourrez d\u00e9couvrir cette charmante \u00ab\u00a0petite Venise du Nord\u00a0\u00bb, son mus\u00e9e du jouet et admirer le c\u00e9l\u00e8bre retable d\u2019Issenheim au mus\u00e9e Unterlinden.<\/span><\/p>\n\t\t\t\t\t\t\t<\/div>\n\t\t\t\t\t\t\t\t\t\t\t\t\t<\/div>\n\t\t\t\t\t\t\t\t\t\t\t\t<div class=\"t3icta__bottom__img1 d-none d-lg-block text-end ms-lg-auto\">\n\t\t\t\t\t\t\t<img decoding=\"async\" src=\"https:\/\/www.myallmeeting.com\/wp-content\/uploads\/2019\/04\/1264_sm_01_p_2048x1536-633x398.jpg\" width=\"633\" height=\"398\" alt=\"\" loading=\"lazy\" \/> <!-- Ce sont les 2 m\u00eames images : ID 1 -->\n\t\t\t\t\t\t<\/div>\n\t\t\t\t\t\t\t\t\t\t\t<\/div>\n\t\t\t\t<\/div>\n\t\t\t\t<div class=\"col-lg-5\">\n\t\t\t\t\t<div class=\"ps-lg-10\">\n\t\t\t\t\t\t\t\t\t\t\t\t<img decoding=\"async\" src=\"https:\/\/www.myallmeeting.com\/wp-content\/uploads\/2019\/04\/hotel-visuel-997-633x398.jpg\" class=\"t3icta__bottom__img0 position-relative d-none d-lg-block mb-15\" width=\"633\" height=\"398\" alt=\"\" loading=\"lazy\" \/> <!-- Ce sont les 2 m\u00eames images : ID 0 -->\n\t\t\t\t\t\t\t\t\t\t\t\t<div class=\"px-2 px-lg-0 mb-9\">\n\t\t\t\t\t\t\t\t\n\t\t\t\t\t\t\t<h2 class=\"fs-20 fs-lg-23 fs-xl-27 fs-xxl-30 fw-semibold\">Mercure Mulhouse Centre<\/h2>\n\t\t\t\t\t\t\t\t\t\t\t\t\t\t\t\t\t\t\t\t\t<div class=\"fs-wysiwyg\">\n\t\t\t\t\t\t\t\t<p><span style=\"font-weight: 400;\">Au bout de la Route des Vins, le Mercure Mulhouse Centre &#8211; h\u00f4tel quatre \u00e9toiles &#8211; vous attend en plein centre-ville, \u00e0 proximit\u00e9 imm\u00e9diate de la gare TGV, id\u00e9al pour un s\u00e9jour d\u2019affaires.\u00a0<\/span><\/p>\n<p><b>Enti\u00e8rement r\u00e9nov\u00e9, il dispose de 5 salles de r\u00e9union modulables et \u00e0 la lumi\u00e8re du jour, pouvant accueillir tous types d\u2019\u00e9v\u00e9nement de 2 \u00e0 200 personnes<\/b><span style=\"font-weight: 400;\">. De par sa localisation hyper centrale, il est \u00e9galement un excellent point de d\u00e9part pour d\u00e9couvrir Mulhouse et la fameuse collection de voitures de Fritz Schlumpf \u00e0 la Cit\u00e9 de l\u2019automobile.<\/span><\/p>\n\t\t\t\t\t\t\t<\/div>\n\t\t\t\t\t\t\t\t\t\t\t\t\t<\/div>\n\t\t\t\t\t\t\t\t\t\t\t\t<div class=\"t3icta__bottom__img1 d-lg-none mx-auto\">\n\t\t\t\t\t\t\t<img decoding=\"async\" src=\"https:\/\/www.myallmeeting.com\/wp-content\/uploads\/2019\/04\/hotel-visuel-997-633x398.jpg\" width=\"633\" height=\"398\" alt=\"\" loading=\"lazy\" \/> <!-- Ce sont les 2 m\u00eames images : ID 1 -->\n\t\t\t\t\t\t<\/div>\n\t\t\t\t\t\t\t\t\t\t\t<\/div>\n\t\t\t\t<\/div>\n\t\t\t<\/div>\n\t\t<\/div>\n\t<\/div>\n\t<\/div>\n<!-- END OF : Composant : block-periscope-theme-section-composant-26-textes-slider-cta.php -->\n","protected":false},"excerpt":{"rendered":"<p>L\u2019Alsace est la plus petite des r\u00e9gions fran\u00e7aises, mais elle pr\u00e9sente un fort int\u00e9r\u00eat touristique et une grande richesse culturelle. <\/p>\n","protected":false},"featured_media":16674079,"menu_order":0,"template":"","periscope_categorie_tax":[1648],"class_list":["post-15226726","article","type-article","status-publish","has-post-thumbnail","hentry","periscope_categorie_tax-tous-nos-tops-selections"],"acf":[],"yoast_head":"<title>Un s\u00e9minaire en Alsace le long de la Route des Vins - Accor MyAllMeeting.com<\/title>\n<meta name=\"robots\" content=\"index, follow, max-snippet:-1, max-image-preview:large, max-video-preview:-1\" \/>\n<link rel=\"canonical\" href=\"https:\/\/www.myallmeeting.com\/fr\/wp-json\/wp\/v2\/article\/15226726\" \/>\n<meta property=\"og:locale\" content=\"fr_FR\" \/>\n<meta property=\"og:type\" content=\"article\" \/>\n<meta property=\"og:title\" content=\"Un s\u00e9minaire en Alsace le long de la Route des Vins - Accor MyAllMeeting.com\" \/>\n<meta property=\"og:description\" content=\"L\u2019Alsace est la plus petite des r\u00e9gions fran\u00e7aises, mais elle pr\u00e9sente un fort int\u00e9r\u00eat touristique et une grande richesse culturelle.\" \/>\n<meta property=\"og:url\" content=\"https:\/\/www.myallmeeting.com\/fr\/article\/un-seminaire-en-alsace-le-long-de-la-route-des-vins\/\" \/>\n<meta property=\"og:site_name\" content=\"Accor MyAllMeeting.com\" \/>\n<meta property=\"article:modified_time\" content=\"2024-11-25T14:51:04+00:00\" \/>\n<meta property=\"og:image\" content=\"http:\/\/myallmeeting.com\/wp-content\/uploads\/2019\/04\/MAM-baner-1920x570-41.png\" \/>\n\t<meta property=\"og:image:width\" content=\"1920\" \/>\n\t<meta property=\"og:image:height\" content=\"570\" \/>\n\t<meta property=\"og:image:type\" content=\"image\/png\" \/>\n<meta name=\"twitter:card\" content=\"summary_large_image\" \/>\n<meta name=\"twitter:label1\" content=\"Dur\u00e9e de lecture estim\u00e9e\" \/>\n\t<meta name=\"twitter:data1\" content=\"4 minutes\" \/>\n<script type=\"application\/ld+json\" class=\"yoast-schema-graph\">{\"@context\":\"https:\/\/schema.org\",\"@graph\":[{\"@type\":\"WebPage\",\"@id\":\"https:\/\/www.myallmeeting.com\/fr\/article\/un-seminaire-en-alsace-le-long-de-la-route-des-vins\/\",\"url\":\"https:\/\/www.myallmeeting.com\/fr\/article\/un-seminaire-en-alsace-le-long-de-la-route-des-vins\/\",\"name\":\"Un s\u00e9minaire en Alsace le long de la Route des Vins - Accor MyAllMeeting.com\",\"isPartOf\":{\"@id\":\"https:\/\/www.myallmeeting.com\/fr\/#website\"},\"primaryImageOfPage\":{\"@id\":\"https:\/\/www.myallmeeting.com\/fr\/article\/un-seminaire-en-alsace-le-long-de-la-route-des-vins\/#primaryimage\"},\"image\":{\"@id\":\"https:\/\/www.myallmeeting.com\/fr\/article\/un-seminaire-en-alsace-le-long-de-la-route-des-vins\/#primaryimage\"},\"thumbnailUrl\":\"https:\/\/www.myallmeeting.com\/wp-content\/uploads\/2019\/04\/MAM-baner-1920x570-41.png\",\"datePublished\":\"2019-04-04T13:23:25+00:00\",\"dateModified\":\"2024-11-25T14:51:04+00:00\",\"breadcrumb\":{\"@id\":\"https:\/\/www.myallmeeting.com\/fr\/article\/un-seminaire-en-alsace-le-long-de-la-route-des-vins\/#breadcrumb\"},\"inLanguage\":\"fr-FR\",\"potentialAction\":[{\"@type\":\"ReadAction\",\"target\":[\"https:\/\/www.myallmeeting.com\/fr\/article\/un-seminaire-en-alsace-le-long-de-la-route-des-vins\/\"]}]},{\"@type\":\"ImageObject\",\"inLanguage\":\"fr-FR\",\"@id\":\"https:\/\/www.myallmeeting.com\/fr\/article\/un-seminaire-en-alsace-le-long-de-la-route-des-vins\/#primaryimage\",\"url\":\"https:\/\/www.myallmeeting.com\/wp-content\/uploads\/2019\/04\/MAM-baner-1920x570-41.png\",\"contentUrl\":\"https:\/\/www.myallmeeting.com\/wp-content\/uploads\/2019\/04\/MAM-baner-1920x570-41.png\",\"width\":1920,\"height\":570},{\"@type\":\"BreadcrumbList\",\"@id\":\"https:\/\/www.myallmeeting.com\/fr\/article\/un-seminaire-en-alsace-le-long-de-la-route-des-vins\/#breadcrumb\",\"itemListElement\":[{\"@type\":\"ListItem\",\"position\":1,\"name\":\"Accueil\",\"item\":\"https:\/\/myallmeeting.com\/fr\/\"},{\"@type\":\"ListItem\",\"position\":2,\"name\":\"Actualit\u00e9s\",\"item\":\"https:\/\/www.myallmeeting.com\/fr\/actualite\/\"},{\"@type\":\"ListItem\",\"position\":3,\"name\":\"Un s\u00e9minaire en Alsace le long de la Route des Vins\"}]},{\"@type\":\"WebSite\",\"@id\":\"https:\/\/www.myallmeeting.com\/fr\/#website\",\"url\":\"https:\/\/www.myallmeeting.com\/fr\/\",\"name\":\"Accor MyAllMeeting.com\",\"description\":\"Les Meilleurs lieux pour vos Ev\u00e9nements Professionnels\",\"publisher\":{\"@id\":\"https:\/\/www.myallmeeting.com\/fr\/#organization\"},\"potentialAction\":[{\"@type\":\"SearchAction\",\"target\":{\"@type\":\"EntryPoint\",\"urlTemplate\":\"https:\/\/www.myallmeeting.com\/fr\/?s={search_term_string}\"},\"query-input\":{\"@type\":\"PropertyValueSpecification\",\"valueRequired\":true,\"valueName\":\"search_term_string\"}}],\"inLanguage\":\"fr-FR\"},{\"@type\":\"Organization\",\"@id\":\"https:\/\/www.myallmeeting.com\/fr\/#organization\",\"name\":\"ACCOR\",\"url\":\"https:\/\/www.myallmeeting.com\/fr\/\",\"logo\":{\"@type\":\"ImageObject\",\"inLanguage\":\"fr-FR\",\"@id\":\"https:\/\/www.myallmeeting.com\/fr\/#\/schema\/logo\/image\/\",\"url\":\"\",\"contentUrl\":\"\",\"caption\":\"ACCOR\"},\"image\":{\"@id\":\"https:\/\/www.myallmeeting.com\/fr\/#\/schema\/logo\/image\/\"}}]}<\/script>","yoast_head_json":{"title":"Un s\u00e9minaire en Alsace le long de la Route des Vins - Accor MyAllMeeting.com","robots":{"index":"index","follow":"follow","max-snippet":"max-snippet:-1","max-image-preview":"max-image-preview:large","max-video-preview":"max-video-preview:-1"},"canonical":"https:\/\/www.myallmeeting.com\/fr\/wp-json\/wp\/v2\/article\/15226726","og_locale":"fr_FR","og_type":"article","og_title":"Un s\u00e9minaire en Alsace le long de la Route des Vins - Accor MyAllMeeting.com","og_description":"L\u2019Alsace est la plus petite des r\u00e9gions fran\u00e7aises, mais elle pr\u00e9sente un fort int\u00e9r\u00eat touristique et une grande richesse culturelle.","og_url":"https:\/\/www.myallmeeting.com\/fr\/article\/un-seminaire-en-alsace-le-long-de-la-route-des-vins\/","og_site_name":"Accor MyAllMeeting.com","article_modified_time":"2024-11-25T14:51:04+00:00","og_image":[{"width":1920,"height":570,"url":"http:\/\/myallmeeting.com\/wp-content\/uploads\/2019\/04\/MAM-baner-1920x570-41.png","type":"image\/png"}],"twitter_card":"summary_large_image","twitter_misc":{"Dur\u00e9e de lecture estim\u00e9e":"4 minutes"},"schema":{"@context":"https:\/\/schema.org","@graph":[{"@type":"WebPage","@id":"https:\/\/www.myallmeeting.com\/fr\/article\/un-seminaire-en-alsace-le-long-de-la-route-des-vins\/","url":"https:\/\/www.myallmeeting.com\/fr\/article\/un-seminaire-en-alsace-le-long-de-la-route-des-vins\/","name":"Un s\u00e9minaire en Alsace le long de la Route des Vins - Accor MyAllMeeting.com","isPartOf":{"@id":"https:\/\/www.myallmeeting.com\/fr\/#website"},"primaryImageOfPage":{"@id":"https:\/\/www.myallmeeting.com\/fr\/article\/un-seminaire-en-alsace-le-long-de-la-route-des-vins\/#primaryimage"},"image":{"@id":"https:\/\/www.myallmeeting.com\/fr\/article\/un-seminaire-en-alsace-le-long-de-la-route-des-vins\/#primaryimage"},"thumbnailUrl":"https:\/\/www.myallmeeting.com\/wp-content\/uploads\/2019\/04\/MAM-baner-1920x570-41.png","datePublished":"2019-04-04T13:23:25+00:00","dateModified":"2024-11-25T14:51:04+00:00","breadcrumb":{"@id":"https:\/\/www.myallmeeting.com\/fr\/article\/un-seminaire-en-alsace-le-long-de-la-route-des-vins\/#breadcrumb"},"inLanguage":"fr-FR","potentialAction":[{"@type":"ReadAction","target":["https:\/\/www.myallmeeting.com\/fr\/article\/un-seminaire-en-alsace-le-long-de-la-route-des-vins\/"]}]},{"@type":"ImageObject","inLanguage":"fr-FR","@id":"https:\/\/www.myallmeeting.com\/fr\/article\/un-seminaire-en-alsace-le-long-de-la-route-des-vins\/#primaryimage","url":"https:\/\/www.myallmeeting.com\/wp-content\/uploads\/2019\/04\/MAM-baner-1920x570-41.png","contentUrl":"https:\/\/www.myallmeeting.com\/wp-content\/uploads\/2019\/04\/MAM-baner-1920x570-41.png","width":1920,"height":570},{"@type":"BreadcrumbList","@id":"https:\/\/www.myallmeeting.com\/fr\/article\/un-seminaire-en-alsace-le-long-de-la-route-des-vins\/#breadcrumb","itemListElement":[{"@type":"ListItem","position":1,"name":"Accueil","item":"https:\/\/myallmeeting.com\/fr\/"},{"@type":"ListItem","position":2,"name":"Actualit\u00e9s","item":"https:\/\/www.myallmeeting.com\/fr\/actualite\/"},{"@type":"ListItem","position":3,"name":"Un s\u00e9minaire en Alsace le long de la Route des Vins"}]},{"@type":"WebSite","@id":"https:\/\/www.myallmeeting.com\/fr\/#website","url":"https:\/\/www.myallmeeting.com\/fr\/","name":"Accor MyAllMeeting.com","description":"Les Meilleurs lieux pour vos Ev\u00e9nements Professionnels","publisher":{"@id":"https:\/\/www.myallmeeting.com\/fr\/#organization"},"potentialAction":[{"@type":"SearchAction","target":{"@type":"EntryPoint","urlTemplate":"https:\/\/www.myallmeeting.com\/fr\/?s={search_term_string}"},"query-input":{"@type":"PropertyValueSpecification","valueRequired":true,"valueName":"search_term_string"}}],"inLanguage":"fr-FR"},{"@type":"Organization","@id":"https:\/\/www.myallmeeting.com\/fr\/#organization","name":"ACCOR","url":"https:\/\/www.myallmeeting.com\/fr\/","logo":{"@type":"ImageObject","inLanguage":"fr-FR","@id":"https:\/\/www.myallmeeting.com\/fr\/#\/schema\/logo\/image\/","url":"","contentUrl":"","caption":"ACCOR"},"image":{"@id":"https:\/\/www.myallmeeting.com\/fr\/#\/schema\/logo\/image\/"}}]}},"_links":{"self":[{"href":"https:\/\/www.myallmeeting.com\/fr\/wp-json\/wp\/v2\/article\/15226726","targetHints":{"allow":["GET"]}}],"collection":[{"href":"https:\/\/www.myallmeeting.com\/fr\/wp-json\/wp\/v2\/article"}],"about":[{"href":"https:\/\/www.myallmeeting.com\/fr\/wp-json\/wp\/v2\/types\/article"}],"wp:featuredmedia":[{"embeddable":true,"href":"https:\/\/www.myallmeeting.com\/fr\/wp-json\/wp\/v2\/media\/16674079"}],"wp:attachment":[{"href":"https:\/\/www.myallmeeting.com\/fr\/wp-json\/wp\/v2\/media?parent=15226726"}],"wp:term":[{"taxonomy":"periscope_categorie_tax","embeddable":true,"href":"https:\/\/www.myallmeeting.com\/fr\/wp-json\/wp\/v2\/periscope_categorie_tax?post=15226726"}],"curies":[{"name":"wp","href":"https:\/\/api.w.org\/{rel}","templated":true}]}}