{"id":15226723,"date":"2019-04-26T09:58:22","date_gmt":"2019-04-26T07:58:22","guid":{"rendered":"https:\/\/myallmeeting.com\/article\/un-seminaire-au-coeur-des-chateaux-de-la-loire\/"},"modified":"2024-11-25T14:43:50","modified_gmt":"2024-11-25T13:43:50","slug":"un-seminaire-au-coeur-des-chateaux-de-la-loire","status":"publish","type":"article","link":"https:\/\/www.myallmeeting.com\/fr\/article\/un-seminaire-au-coeur-des-chateaux-de-la-loire\/","title":{"rendered":"Un s\u00e9minaire au c\u0153ur des ch\u00e2teaux de la Loire"},"content":{"rendered":"<!-- START OF : Composant : block-periscope-theme-section-composant-25-texte-cta-2-images.php -->\n<div class=\"tcta2ia bg-white fs-wysiwyg mb-lg-12\" data-component=\"25-texte-cta-2-images\">\n\t<div class=\"tcta2ia__top\">\n\t\t<div class=\"container-fluid\" style=\"--bs-gutter-x: 0\">\n\t\t\t<div class=\"row\" style=\"--bs-gutter-x: 0\">\n\t\t\t\t<div class=\"col-lg-8\">\n\t\t\t\t\t\t\t\t\t\t<div class=\"bloc-mise-en-avant__top__left\">\n\t\t\t\t\t\t<img decoding=\"async\" src=\"https:\/\/www.myallmeeting.com\/wp-content\/uploads\/2019\/04\/aja_p_2619-56__original-1268x846.jpeg\" class=\"pe-2 pe-lg-0\" width=\"1268\" height=\"846\" alt=\"\" loading=\"lazy\" \/>\n\t\t\t\t\t<\/div>\n\t\t\t\t\t\t\t\t\t\t<div class=\"tcta2ia__bottom d-none d-lg-block pb-12 pt-lg-9 pb-lg-0 pe-lg-10\">\n\t\t\t\t\t\t\t\t\t\t\t\t<h2 class=\"fs-20 fs-lg-32 fw-semibold\">Mercure Blois Centre<\/h2>\n\t\t\t\t\t\t\t\t\t\t\t\t\t\t\t\t\t\t<div class=\"fs-wysiwyg\"><p><span style=\"font-weight: 400;\"><a href=\"https:\/\/myallmeeting.com\/fr\/hotel\/1621-hotel-mercure-blois-centre\/\" target=\"_blank\" rel=\"noopener\">Cet h\u00f4tel quatre \u00e9toiles<\/a> est situ\u00e9 en plein c\u0153ur du pays des ch\u00e2teaux de la Loire, et donc \u00e0 proximit\u00e9 de plusieurs sites d\u2019exception\u00a0: Blois bien entendu, mais aussi Beauregard, Cheverny et surtout Chambord\u00a0! Avec son <\/span><b>style chic et audacieux<\/b><span style=\"font-weight: 400;\">, il rec\u00e8le de <\/span><b>multiples clins d\u2019\u0153il \u00e0 la riche histoire de la r\u00e9gion<\/b><span style=\"font-weight: 400;\">. Outre son espace d\u00e9tente comprenant une piscine, un hammam et un spa, <\/span><b>il compte 9 salles de r\u00e9union et peut accueillir jusqu\u2019\u00e0 300 personnes en conf\u00e9rence<\/b><span style=\"font-weight: 400;\">.<\/span><\/p>\n<\/div>\n\t\t\t\t\t\t\t\t\t\t\t\t<div class=\"d-flex flex-column flex-lg-row align-items-center gap-5 gap-lg-8 justify-content-between\">\n\t\t\t\t\t\t\t<div class=\"fs-20 fs-lg-26 fw-semibold lh-xs\"><\/div>\n\t\t\t\t\t\t\t\t\t\t\t\t\t<\/div>\n\t\t\t\t\t<\/div>\n\t\t\t\t<\/div>\n\t\t\t\t<div class=\"col-lg-4\">\n\t\t\t\t\t<div class=\"tcta2ia__top__right t-0 r-0 bg-primary text-white pt-4 pb-4 px-2 pt-lg-8 pb-lg-16 px-lg-11 pb-xl-30\">\n\t\t\t\t\t\t\t\t\t\t\t\t\t\t\t\t\t\t<h2 class=\"unna fs-36 fs-lg-51 fs-xl-75 fs-italic fw-normal text-secondary\">Un s\u00e9minaire au c\u0153ur des ch\u00e2teaux de la Loire<\/h2>\n\t\t\t\t\t\t\t\t\t\t\t\t\t\t\t\t\t\t<h3 class=\"text-white fs-18 fs-lg-20 fs-xl-28 text-original-case\">Ils resplendissent d\u2019Angers aux confins d\u2019Orl\u00e9ans\u2026 Les ch\u00e2teaux de la Loire constituent sans conteste des joyaux de notre patrimoine. <\/h3>\n\t\t\t\t\t\t\t\t\t\t\t\t\t\t\t\t\t\t<div class=\"fs-wysiwyg mb-4 fs-lg-16 fs-xl-20\"><p>Ces \u00e9difices majestueux, dont certains ont servi de r\u00e9sidence aux rois de France durant la Renaissance, attirent chaque ann\u00e9e des millions de visiteurs.<\/p>\n<p>Mais ces lieux f\u00e9eriques ne sont pas seulement propices aux touristes. La r\u00e9gion qui les a vu na\u00eetre, c\u00e9l\u00e8bre pour sa douceur de vivre, se pr\u00eate aussi \u00e0 l\u2019organisation de s\u00e9minaires, quel que soit votre budget. Zoom sur quatre destinations de choix propos\u00e9es par Accor.<\/p>\n<\/div>\n\t\t\t\t\t\t\t\t\t\t\t\t\t\t\t\t\t\t\t\t\t\t\t\t<p class=\"m-0\"><img decoding=\"async\" src=\"https:\/\/www.myallmeeting.com\/wp-content\/uploads\/2019\/04\/hotel-visuel-15978282-633x398.jpg\" class=\"position-relative l-0\" width=\"633\" height=\"398\" alt=\"\" loading=\"lazy\" \/><\/p>\n\t\t\t\t\t\t\t\t\t\t\t<\/div>\n\t\t\t\t<\/div>\n\t\t\t<\/div>\n\t\t<\/div>\n\t<\/div>\n\t<div class=\"tcta2ia__bottom d-lg-none pb-12 py-lg-9 pe-lg-10\">\n\t\t\t\t<div class=\"h2 fs-20 fs-lg-32 fw-semibold\">Mercure Blois Centre<\/div>\n\t\t\t\t\t\t<div class=\"fs-wysiwyg\"><p><span style=\"font-weight: 400;\"><a href=\"https:\/\/myallmeeting.com\/fr\/hotel\/1621-hotel-mercure-blois-centre\/\" target=\"_blank\" rel=\"noopener\">Cet h\u00f4tel quatre \u00e9toiles<\/a> est situ\u00e9 en plein c\u0153ur du pays des ch\u00e2teaux de la Loire, et donc \u00e0 proximit\u00e9 de plusieurs sites d\u2019exception\u00a0: Blois bien entendu, mais aussi Beauregard, Cheverny et surtout Chambord\u00a0! Avec son <\/span><b>style chic et audacieux<\/b><span style=\"font-weight: 400;\">, il rec\u00e8le de <\/span><b>multiples clins d\u2019\u0153il \u00e0 la riche histoire de la r\u00e9gion<\/b><span style=\"font-weight: 400;\">. Outre son espace d\u00e9tente comprenant une piscine, un hammam et un spa, <\/span><b>il compte 9 salles de r\u00e9union et peut accueillir jusqu\u2019\u00e0 300 personnes en conf\u00e9rence<\/b><span style=\"font-weight: 400;\">.<\/span><\/p>\n<\/div>\n\t\t\t\t<div class=\"d-flex flex-column flex-lg-row align-items-center gap-5 gap-lg-8 justify-content-between\">\n\t\t\t<div class=\"fs-20 fs-lg-26 fw-semibold lh-xs\"><\/div>\n\t\t\t\t\t<\/div>\n\t<\/div>\n<\/div>\n<!-- END OF : Composant : block-periscope-theme-section-composant-25-texte-cta-2-images.php -->\n\n\n<!-- START OF : Composant : block-periscope-theme-section-composant-26-textes-slider-cta.php -->\n<div class=\"t3icta bg-white pb-12 mb-9 fs-wysiwyg\" data-component=\"26-textes-3-images-cta\">\n\t<div class=\"t3icta__top position-relative\">\n\t\t<div class=\"container-fluid\" style=\"--bs-gutter-x: 0\">\n\t\t\t<div class=\"row\" style=\"--bs-gutter-x: 0\">\n\t\t\t\t\t\t\t\t<div class=\"col-lg-6\">\n\t\t\t\t\t<div class=\"t3icta__slider\">\n\t\t\t\t\t\t<div class=\"splide\">\n\t\t\t\t\t\t\t<div class=\"splide__track\">\n\t\t\t\t\t\t\t\t<div class=\"splide__list\">\n\t\t\t\t\t\t\t\t\t\t\t\t\t\t\t\t\t\t\t<div class=\"splide__slide\">\n\t\t\t\t\t\t\t\t\t\t\t<img decoding=\"async\" src=\"https:\/\/www.myallmeeting.com\/wp-content\/uploads\/2019\/04\/0395_ro_00_p_2048x1536-953x600.jpg\" width=\"953\" height=\"600\" alt=\"\" loading=\"lazy\" \/>\n\t\t\t\t\t\t\t\t\t\t<\/div>\n\t\t\t\t\t\t\t\t\t\t\t\t\t\t\t\t\t\n\t\t\t\t\t\t\t\t<\/div>\n\t\t\t\t\t\t\t<\/div>\n\t\t\t\t\t\t\t<div class=\"splide__arrows d-none d-lg-block\">\n\t\t\t\t\t\t\t\t<button class=\"splide__arrow splide__arrow--prev px-lg-3 py-lg-4 px-xl-4 py-xl-5 px-xxl-5 py-xxl-7 position-absolute l-0 bg-white border-0\">\n\t\t\t\t\t\t\t\t\t<svg width=\"14\" height=\"27\" aria-hidden=\"true\">\n\t\t\t\t\t\t\t\t\t\t<use xlink:href=\"https:\/\/www.myallmeeting.com\/wp-content\/themes\/accor\/assets\/images\/sprite.svg#slider-prev\"><\/use>\n\t\t\t\t\t\t\t\t\t<\/svg>\n\t\t\t\t\t\t\t\t<\/button>\n\t\t\t\t\t\t\t\t<button class=\"splide__arrow splide__arrow--next px-lg-3 py-lg-4 px-xl-4 py-xl-5 px-xxl-5 py-xxl-7 position-absolute r-0 bg-white border-0\">\n\t\t\t\t\t\t\t\t\t<svg width=\"14\" height=\"27\" aria-hidden=\"true\">\n\t\t\t\t\t\t\t\t\t\t<use xlink:href=\"https:\/\/www.myallmeeting.com\/wp-content\/themes\/accor\/assets\/images\/sprite.svg#slider-prev\"><\/use>\n\t\t\t\t\t\t\t\t\t<\/svg>\n\t\t\t\t\t\t\t\t<\/button>\n\t\t\t\t\t\t\t<\/div>\n\t\t\t\t\t\t<\/div>\n\t\t\t\t\t<\/div>\n\t\t\t\t<\/div>\n\t\t\t\t\t\t\t\t<div class=\"col-lg-6\">\n\t\t\t\t\t<div class=\"t3icta__top_right mb-lg-14 px-2 py-9 px-lg-11 py-lg-0\">\n\t\t\t\t\t\t\t\n\t\t\t\t\t\t<h2 class=\"fs-20 fs-lg-23 fs-xl-27 fs-xxl-30 fw-semibold\">Novotel Amboise<\/h2>\n\t\t\t\t\t\t\t\t\t\t\t\t\t\n\t\t\t\t\t\t<div class=\"fs-wysiwyg\">\n\t\t\t\t\t\t\t<p><span style=\"font-weight: 400;\">Perch\u00e9 sur les hauteurs de la ville, le\u00a0<\/span><a href=\"https:\/\/myallmeeting.com\/fr\/hotel\/0395-novotel-amboise\/\" target=\"_blank\" rel=\"noopener\"><b>Novotel Amboise<\/b><\/a><span style=\"font-weight: 400;\">\u00a0allie calme, convivialit\u00e9 et efficacit\u00e9\u2026 Si le ch\u00e2teau du Clos Luc\u00e9 est un incontournable, les environs pr\u00e9sentent bien d\u2019autres tr\u00e9sors. Vous pourrez ainsi vous d\u00e9lecter d\u2019un vin raffin\u00e9 produit autour d\u2019Amboise et dont Louis XI raffolait en son temps\u00a0! L\u2019h\u00f4tel dispose lui aussi d\u2019une tr\u00e8s belle capacit\u00e9 d\u2019accueil\u00a0avec six salles de travail et la possibilit\u00e9 de recevoir jusqu\u2019\u00e0 150 personnes en r\u00e9union.<\/span><\/p>\n\t\t\t\t\t\t<\/div>\n\t\t\t\t\t\t\t\t\t\t\t<\/div>\n\t\t\t\t<\/div>\n\t\t\t<\/div>\n\t\t<\/div>\n\t<\/div>\n\t<div class=\"t3icta__bottom bg-beige\">\n\t\t<div class=\"container-fluid\" style=\"--bs-gutter-x: 0\">\n\t\t\t<div class=\"row\" style=\"--bs-gutter-x: 0\">\n\t\t\t\t<div class=\"col-lg-5 offset-lg-1\">\n\t\t\t\t\t<div class=\"t3icta__bottom__left\">\n\t\t\t\t\t\t\t\t\t\t\t\t<img decoding=\"async\" src=\"https:\/\/www.myallmeeting.com\/wp-content\/uploads\/2019\/04\/aja_p_5495-50__original-633x398.jpeg\" class=\"w-100 d-lg-none\" width=\"633\" height=\"398\" alt=\"\" loading=\"lazy\" \/> <!-- Ce sont les 2 m\u00eames images : ID 0 -->\n\t\t\t\t\t\t\t\t\t\t\t\t<div class=\"px-2 py-9 px-lg-0 py-lg-0\">\n\t\t\t\t\t\t\t\t\n\t\t\t\t\t\t\t<h2 class=\"fs-20 fs-lg-23 fs-xl-27 fs-xxl-30 fw-semibold\">Ibis Styles Tours Sud<\/h2>\n\t\t\t\t\t\t\t\t\t\t\t\t\t\t\t\n\t\t\t\t\t\t\t<div class=\"fs-wysiwyg mb-lg-15\">\n\t\t\t\t\t\t\t\t<p><span style=\"font-weight: 400;\">4000 m\u00b2 de jardin, 470 m\u00b2 de salons modulables\u2026 \u00c0 l<a href=\"https:\/\/myallmeeting.com\/fr\/hotel\/0453-ibis-styles-tours-sud\/\" target=\"_blank\" rel=\"noopener\">\u2019<\/a><\/span><b>Ibis Styles Tours Sud<\/b><span style=\"font-weight: 400;\">, la place ne manque\u00a0pas\u00a0! Cet h\u00f4tel trois \u00e9toiles, <\/span><b>id\u00e9al pour un s\u00e9jour d\u2019affaires \u00e0 prix \u00e9conomique<\/b><span style=\"font-weight: 400;\">, est situ\u00e9 \u00e0 20 minutes seulement en voiture du ch\u00e2teau de Villandry et de ses magnifiques jardins. Les plus courageux pourront m\u00eame s\u2019y rendre \u00e0 bicyclette\u2026 L\u2019h\u00f4tel est situ\u00e9 sur les circuits de la Loire \u00e0 v\u00e9lo\u00a0!<\/span><\/p>\n<p><b>L\u2019anecdote<\/b><span style=\"font-weight: 400;\">\u00a0: \u00e0 l\u2019abandon au d\u00e9but du XX<\/span><span style=\"font-weight: 400;\">e<\/span><span style=\"font-weight: 400;\">\u00a0si\u00e8cle, les jardins du ch\u00e2teau de Villandry font aujourd\u2019hui sa renomm\u00e9e. R\u00e9partis sur six hectares, ils pr\u00e9sentent la particularit\u00e9 d\u2019accueillir de nombreuses plantes potag\u00e8res.<\/span><\/p>\n\t\t\t\t\t\t\t<\/div>\n\t\t\t\t\t\t\t\t\t\t\t\t\t<\/div>\n\t\t\t\t\t\t\t\t\t\t\t\t<div class=\"t3icta__bottom__img1 d-none d-lg-block text-end ms-lg-auto\">\n\t\t\t\t\t\t\t<img decoding=\"async\" src=\"https:\/\/www.myallmeeting.com\/wp-content\/uploads\/2019\/04\/aja_p_5495-50__original-633x398.jpeg\" width=\"633\" height=\"398\" alt=\"\" loading=\"lazy\" \/> <!-- Ce sont les 2 m\u00eames images : ID 1 -->\n\t\t\t\t\t\t<\/div>\n\t\t\t\t\t\t\t\t\t\t\t<\/div>\n\t\t\t\t<\/div>\n\t\t\t\t<div class=\"col-lg-5\">\n\t\t\t\t\t<div class=\"ps-lg-10\">\n\t\t\t\t\t\t\t\t\t\t\t\t<img decoding=\"async\" src=\"https:\/\/www.myallmeeting.com\/wp-content\/uploads\/2019\/04\/0453_sm_00_p_2048x1536-633x398.jpg\" class=\"t3icta__bottom__img0 position-relative d-none d-lg-block mb-15\" width=\"633\" height=\"398\" alt=\"\" loading=\"lazy\" \/> <!-- Ce sont les 2 m\u00eames images : ID 0 -->\n\t\t\t\t\t\t\t\t\t\t\t\t<div class=\"px-2 px-lg-0 mb-9\">\n\t\t\t\t\t\t\t\t\n\t\t\t\t\t\t\t<h2 class=\"fs-20 fs-lg-23 fs-xl-27 fs-xxl-30 fw-semibold\">H\u00f4tel Mercure Bords de Loire Saumur<\/h2>\n\t\t\t\t\t\t\t\t\t\t\t\t\t\t\t\t\t\t\t\t\t<div class=\"fs-wysiwyg\">\n\t\t\t\t\t\t\t\t<p><span style=\"font-weight: 400;\">Nich\u00e9 sur l\u2019\u00eele d\u2019Offard, le\u00a0<\/span><a href=\"https:\/\/myallmeeting.com\/fr\/hotel\/6648-hotel-mercure-bords-de-loire-saumur\/\" target=\"_blank\" rel=\"noopener\"><b>Mercure Bords de Loire Saumur<\/b><\/a><span style=\"font-weight: 400;\">\u00a0offre une vue panoramique splendide sur toute la ville\u00a0: ch\u00e2teau, th\u00e9\u00e2tre, pont Cessart\u2026 <\/span><b>Avec ses 45 chambres et ses deux tr\u00e8s belles salles de r\u00e9union<\/b><span style=\"font-weight: 400;\">, <\/span><b>l\u2019h\u00f4tel est id\u00e9al pour abriter des s\u00e9minaires r\u00e9sidentiels<\/b><span style=\"font-weight: 400;\">.<\/span><\/p>\n<p><b>L\u2019anecdote<\/b><b>\u00a0<\/b><span style=\"font-weight: 400;\">: le ch\u00e2teau de Saumur n\u2019a pas toujours eu vocation \u00e0 abriter des princes. Durant quelques ann\u00e9es sous Napol\u00e9on I<\/span><span style=\"font-weight: 400;\">er<\/span><span style=\"font-weight: 400;\">, il servit de prison. Un changement drastique dont l\u2019\u00e9difice porte encore les traces.<\/span><\/p>\n\t\t\t\t\t\t\t<\/div>\n\t\t\t\t\t\t\t\t\t\t\t\t\t<\/div>\n\t\t\t\t\t\t\t\t\t\t\t\t<div class=\"t3icta__bottom__img1 d-lg-none mx-auto\">\n\t\t\t\t\t\t\t<img decoding=\"async\" src=\"https:\/\/www.myallmeeting.com\/wp-content\/uploads\/2019\/04\/0453_sm_00_p_2048x1536-633x398.jpg\" width=\"633\" height=\"398\" alt=\"\" loading=\"lazy\" \/> <!-- Ce sont les 2 m\u00eames images : ID 1 -->\n\t\t\t\t\t\t<\/div>\n\t\t\t\t\t\t\t\t\t\t\t<\/div>\n\t\t\t\t<\/div>\n\t\t\t<\/div>\n\t\t<\/div>\n\t<\/div>\n\t<\/div>\n<!-- END OF : Composant : block-periscope-theme-section-composant-26-textes-slider-cta.php -->\n","protected":false},"excerpt":{"rendered":"<p>Ils resplendissent d\u2019Angers aux confins d\u2019Orl\u00e9ans\u2026 Les ch\u00e2teaux de la Loire constituent sans conteste des joyaux de notre patrimoine. <\/p>\n","protected":false},"featured_media":16673253,"menu_order":0,"template":"","periscope_categorie_tax":[1648],"class_list":["post-15226723","article","type-article","status-publish","has-post-thumbnail","hentry","periscope_categorie_tax-tous-nos-tops-selections"],"acf":[],"yoast_head":"<title>Un s\u00e9minaire au c\u0153ur des ch\u00e2teaux de la Loire - Accor MyAllMeeting.com<\/title>\n<meta name=\"robots\" content=\"index, follow, max-snippet:-1, max-image-preview:large, max-video-preview:-1\" \/>\n<link rel=\"canonical\" href=\"https:\/\/www.myallmeeting.com\/fr\/wp-json\/wp\/v2\/article\/15226723\" \/>\n<meta property=\"og:locale\" content=\"fr_FR\" \/>\n<meta property=\"og:type\" content=\"article\" \/>\n<meta property=\"og:title\" content=\"Un s\u00e9minaire au c\u0153ur des ch\u00e2teaux de la Loire - Accor MyAllMeeting.com\" \/>\n<meta property=\"og:description\" content=\"Ils resplendissent d\u2019Angers aux confins d\u2019Orl\u00e9ans\u2026 Les ch\u00e2teaux de la Loire constituent sans conteste des joyaux de notre patrimoine.\" \/>\n<meta property=\"og:url\" content=\"https:\/\/www.myallmeeting.com\/fr\/article\/un-seminaire-au-coeur-des-chateaux-de-la-loire\/\" \/>\n<meta property=\"og:site_name\" content=\"Accor MyAllMeeting.com\" \/>\n<meta property=\"article:modified_time\" content=\"2024-11-25T13:43:50+00:00\" \/>\n<meta property=\"og:image\" content=\"http:\/\/myallmeeting.com\/wp-content\/uploads\/2019\/04\/MAM-baner-1920x570-39.png\" \/>\n\t<meta property=\"og:image:width\" content=\"1920\" \/>\n\t<meta property=\"og:image:height\" content=\"570\" \/>\n\t<meta property=\"og:image:type\" content=\"image\/png\" \/>\n<meta name=\"twitter:card\" content=\"summary_large_image\" \/>\n<meta name=\"twitter:label1\" content=\"Dur\u00e9e de lecture estim\u00e9e\" \/>\n\t<meta name=\"twitter:data1\" content=\"4 minutes\" \/>\n<script type=\"application\/ld+json\" class=\"yoast-schema-graph\">{\"@context\":\"https:\/\/schema.org\",\"@graph\":[{\"@type\":\"WebPage\",\"@id\":\"https:\/\/www.myallmeeting.com\/fr\/article\/un-seminaire-au-coeur-des-chateaux-de-la-loire\/\",\"url\":\"https:\/\/www.myallmeeting.com\/fr\/article\/un-seminaire-au-coeur-des-chateaux-de-la-loire\/\",\"name\":\"Un s\u00e9minaire au c\u0153ur des ch\u00e2teaux de la Loire - Accor MyAllMeeting.com\",\"isPartOf\":{\"@id\":\"https:\/\/www.myallmeeting.com\/fr\/#website\"},\"primaryImageOfPage\":{\"@id\":\"https:\/\/www.myallmeeting.com\/fr\/article\/un-seminaire-au-coeur-des-chateaux-de-la-loire\/#primaryimage\"},\"image\":{\"@id\":\"https:\/\/www.myallmeeting.com\/fr\/article\/un-seminaire-au-coeur-des-chateaux-de-la-loire\/#primaryimage\"},\"thumbnailUrl\":\"https:\/\/www.myallmeeting.com\/wp-content\/uploads\/2019\/04\/MAM-baner-1920x570-39.png\",\"datePublished\":\"2019-04-26T07:58:22+00:00\",\"dateModified\":\"2024-11-25T13:43:50+00:00\",\"breadcrumb\":{\"@id\":\"https:\/\/www.myallmeeting.com\/fr\/article\/un-seminaire-au-coeur-des-chateaux-de-la-loire\/#breadcrumb\"},\"inLanguage\":\"fr-FR\",\"potentialAction\":[{\"@type\":\"ReadAction\",\"target\":[\"https:\/\/www.myallmeeting.com\/fr\/article\/un-seminaire-au-coeur-des-chateaux-de-la-loire\/\"]}]},{\"@type\":\"ImageObject\",\"inLanguage\":\"fr-FR\",\"@id\":\"https:\/\/www.myallmeeting.com\/fr\/article\/un-seminaire-au-coeur-des-chateaux-de-la-loire\/#primaryimage\",\"url\":\"https:\/\/www.myallmeeting.com\/wp-content\/uploads\/2019\/04\/MAM-baner-1920x570-39.png\",\"contentUrl\":\"https:\/\/www.myallmeeting.com\/wp-content\/uploads\/2019\/04\/MAM-baner-1920x570-39.png\",\"width\":1920,\"height\":570},{\"@type\":\"BreadcrumbList\",\"@id\":\"https:\/\/www.myallmeeting.com\/fr\/article\/un-seminaire-au-coeur-des-chateaux-de-la-loire\/#breadcrumb\",\"itemListElement\":[{\"@type\":\"ListItem\",\"position\":1,\"name\":\"Accueil\",\"item\":\"https:\/\/myallmeeting.com\/fr\/\"},{\"@type\":\"ListItem\",\"position\":2,\"name\":\"Actualit\u00e9s\",\"item\":\"https:\/\/www.myallmeeting.com\/fr\/actualite\/\"},{\"@type\":\"ListItem\",\"position\":3,\"name\":\"Un s\u00e9minaire au c\u0153ur des ch\u00e2teaux de la Loire\"}]},{\"@type\":\"WebSite\",\"@id\":\"https:\/\/www.myallmeeting.com\/fr\/#website\",\"url\":\"https:\/\/www.myallmeeting.com\/fr\/\",\"name\":\"Accor MyAllMeeting.com\",\"description\":\"Les Meilleurs lieux pour vos Ev\u00e9nements Professionnels\",\"publisher\":{\"@id\":\"https:\/\/www.myallmeeting.com\/fr\/#organization\"},\"potentialAction\":[{\"@type\":\"SearchAction\",\"target\":{\"@type\":\"EntryPoint\",\"urlTemplate\":\"https:\/\/www.myallmeeting.com\/fr\/?s={search_term_string}\"},\"query-input\":{\"@type\":\"PropertyValueSpecification\",\"valueRequired\":true,\"valueName\":\"search_term_string\"}}],\"inLanguage\":\"fr-FR\"},{\"@type\":\"Organization\",\"@id\":\"https:\/\/www.myallmeeting.com\/fr\/#organization\",\"name\":\"ACCOR\",\"url\":\"https:\/\/www.myallmeeting.com\/fr\/\",\"logo\":{\"@type\":\"ImageObject\",\"inLanguage\":\"fr-FR\",\"@id\":\"https:\/\/www.myallmeeting.com\/fr\/#\/schema\/logo\/image\/\",\"url\":\"\",\"contentUrl\":\"\",\"caption\":\"ACCOR\"},\"image\":{\"@id\":\"https:\/\/www.myallmeeting.com\/fr\/#\/schema\/logo\/image\/\"}}]}<\/script>","yoast_head_json":{"title":"Un s\u00e9minaire au c\u0153ur des ch\u00e2teaux de la Loire - Accor MyAllMeeting.com","robots":{"index":"index","follow":"follow","max-snippet":"max-snippet:-1","max-image-preview":"max-image-preview:large","max-video-preview":"max-video-preview:-1"},"canonical":"https:\/\/www.myallmeeting.com\/fr\/wp-json\/wp\/v2\/article\/15226723","og_locale":"fr_FR","og_type":"article","og_title":"Un s\u00e9minaire au c\u0153ur des ch\u00e2teaux de la Loire - Accor MyAllMeeting.com","og_description":"Ils resplendissent d\u2019Angers aux confins d\u2019Orl\u00e9ans\u2026 Les ch\u00e2teaux de la Loire constituent sans conteste des joyaux de notre patrimoine.","og_url":"https:\/\/www.myallmeeting.com\/fr\/article\/un-seminaire-au-coeur-des-chateaux-de-la-loire\/","og_site_name":"Accor MyAllMeeting.com","article_modified_time":"2024-11-25T13:43:50+00:00","og_image":[{"width":1920,"height":570,"url":"http:\/\/myallmeeting.com\/wp-content\/uploads\/2019\/04\/MAM-baner-1920x570-39.png","type":"image\/png"}],"twitter_card":"summary_large_image","twitter_misc":{"Dur\u00e9e de lecture estim\u00e9e":"4 minutes"},"schema":{"@context":"https:\/\/schema.org","@graph":[{"@type":"WebPage","@id":"https:\/\/www.myallmeeting.com\/fr\/article\/un-seminaire-au-coeur-des-chateaux-de-la-loire\/","url":"https:\/\/www.myallmeeting.com\/fr\/article\/un-seminaire-au-coeur-des-chateaux-de-la-loire\/","name":"Un s\u00e9minaire au c\u0153ur des ch\u00e2teaux de la Loire - Accor MyAllMeeting.com","isPartOf":{"@id":"https:\/\/www.myallmeeting.com\/fr\/#website"},"primaryImageOfPage":{"@id":"https:\/\/www.myallmeeting.com\/fr\/article\/un-seminaire-au-coeur-des-chateaux-de-la-loire\/#primaryimage"},"image":{"@id":"https:\/\/www.myallmeeting.com\/fr\/article\/un-seminaire-au-coeur-des-chateaux-de-la-loire\/#primaryimage"},"thumbnailUrl":"https:\/\/www.myallmeeting.com\/wp-content\/uploads\/2019\/04\/MAM-baner-1920x570-39.png","datePublished":"2019-04-26T07:58:22+00:00","dateModified":"2024-11-25T13:43:50+00:00","breadcrumb":{"@id":"https:\/\/www.myallmeeting.com\/fr\/article\/un-seminaire-au-coeur-des-chateaux-de-la-loire\/#breadcrumb"},"inLanguage":"fr-FR","potentialAction":[{"@type":"ReadAction","target":["https:\/\/www.myallmeeting.com\/fr\/article\/un-seminaire-au-coeur-des-chateaux-de-la-loire\/"]}]},{"@type":"ImageObject","inLanguage":"fr-FR","@id":"https:\/\/www.myallmeeting.com\/fr\/article\/un-seminaire-au-coeur-des-chateaux-de-la-loire\/#primaryimage","url":"https:\/\/www.myallmeeting.com\/wp-content\/uploads\/2019\/04\/MAM-baner-1920x570-39.png","contentUrl":"https:\/\/www.myallmeeting.com\/wp-content\/uploads\/2019\/04\/MAM-baner-1920x570-39.png","width":1920,"height":570},{"@type":"BreadcrumbList","@id":"https:\/\/www.myallmeeting.com\/fr\/article\/un-seminaire-au-coeur-des-chateaux-de-la-loire\/#breadcrumb","itemListElement":[{"@type":"ListItem","position":1,"name":"Accueil","item":"https:\/\/myallmeeting.com\/fr\/"},{"@type":"ListItem","position":2,"name":"Actualit\u00e9s","item":"https:\/\/www.myallmeeting.com\/fr\/actualite\/"},{"@type":"ListItem","position":3,"name":"Un s\u00e9minaire au c\u0153ur des ch\u00e2teaux de la Loire"}]},{"@type":"WebSite","@id":"https:\/\/www.myallmeeting.com\/fr\/#website","url":"https:\/\/www.myallmeeting.com\/fr\/","name":"Accor MyAllMeeting.com","description":"Les Meilleurs lieux pour vos Ev\u00e9nements Professionnels","publisher":{"@id":"https:\/\/www.myallmeeting.com\/fr\/#organization"},"potentialAction":[{"@type":"SearchAction","target":{"@type":"EntryPoint","urlTemplate":"https:\/\/www.myallmeeting.com\/fr\/?s={search_term_string}"},"query-input":{"@type":"PropertyValueSpecification","valueRequired":true,"valueName":"search_term_string"}}],"inLanguage":"fr-FR"},{"@type":"Organization","@id":"https:\/\/www.myallmeeting.com\/fr\/#organization","name":"ACCOR","url":"https:\/\/www.myallmeeting.com\/fr\/","logo":{"@type":"ImageObject","inLanguage":"fr-FR","@id":"https:\/\/www.myallmeeting.com\/fr\/#\/schema\/logo\/image\/","url":"","contentUrl":"","caption":"ACCOR"},"image":{"@id":"https:\/\/www.myallmeeting.com\/fr\/#\/schema\/logo\/image\/"}}]}},"_links":{"self":[{"href":"https:\/\/www.myallmeeting.com\/fr\/wp-json\/wp\/v2\/article\/15226723","targetHints":{"allow":["GET"]}}],"collection":[{"href":"https:\/\/www.myallmeeting.com\/fr\/wp-json\/wp\/v2\/article"}],"about":[{"href":"https:\/\/www.myallmeeting.com\/fr\/wp-json\/wp\/v2\/types\/article"}],"wp:featuredmedia":[{"embeddable":true,"href":"https:\/\/www.myallmeeting.com\/fr\/wp-json\/wp\/v2\/media\/16673253"}],"wp:attachment":[{"href":"https:\/\/www.myallmeeting.com\/fr\/wp-json\/wp\/v2\/media?parent=15226723"}],"wp:term":[{"taxonomy":"periscope_categorie_tax","embeddable":true,"href":"https:\/\/www.myallmeeting.com\/fr\/wp-json\/wp\/v2\/periscope_categorie_tax?post=15226723"}],"curies":[{"name":"wp","href":"https:\/\/api.w.org\/{rel}","templated":true}]}}