{"id":15226721,"date":"2019-05-29T15:54:46","date_gmt":"2019-05-29T13:54:46","guid":{"rendered":"https:\/\/myallmeeting.com\/article\/un-seminaire-le-long-du-rhone\/"},"modified":"2024-11-25T12:54:11","modified_gmt":"2024-11-25T11:54:11","slug":"un-seminaire-le-long-du-rhone","status":"publish","type":"article","link":"https:\/\/www.myallmeeting.com\/fr\/article\/un-seminaire-le-long-du-rhone\/","title":{"rendered":"Un s\u00e9minaire le long du Rh\u00f4ne"},"content":{"rendered":"<!-- START OF : Composant : block-periscope-theme-section-composant-25-texte-cta-2-images.php -->\n<div class=\"tcta2ia bg-white fs-wysiwyg mb-lg-12\" data-component=\"25-texte-cta-2-images\">\n\t<div class=\"tcta2ia__top\">\n\t\t<div class=\"container-fluid\" style=\"--bs-gutter-x: 0\">\n\t\t\t<div class=\"row\" style=\"--bs-gutter-x: 0\">\n\t\t\t\t<div class=\"col-lg-8\">\n\t\t\t\t\t\t\t\t\t\t<div class=\"bloc-mise-en-avant__top__left\">\n\t\t\t\t\t\t<img decoding=\"async\" src=\"https:\/\/www.myallmeeting.com\/wp-content\/uploads\/2019\/05\/aja_p_7011-24__original-1268x846.jpeg\" class=\"pe-2 pe-lg-0\" width=\"1268\" height=\"846\" alt=\"\" loading=\"lazy\" \/>\n\t\t\t\t\t<\/div>\n\t\t\t\t\t\t\t\t\t\t<div class=\"tcta2ia__bottom d-none d-lg-block pb-12 pt-lg-9 pb-lg-0 pe-lg-10\">\n\t\t\t\t\t\t\t\t\t\t\t\t<h2 class=\"fs-20 fs-lg-32 fw-semibold\">H\u00f4tel Mercure Orange Centre<\/h2>\n\t\t\t\t\t\t\t\t\t\t\t\t\t\t\t\t\t\t<div class=\"fs-wysiwyg\"><p><span style=\"font-weight: 400;\">Situ\u00e9 l\u00e0 o\u00f9 le Rh\u00f4ne rencontre la Provence, l&rsquo;<a href=\"https:\/\/myallmeeting.com\/fr\/hotel\/9703-hotel-mercure-orange-centre\/\" target=\"_blank\" rel=\"noopener\"><strong>H\u00f4tel<\/strong> <\/a><\/span><b>Mercure Orange Centre<\/b><span style=\"font-weight: 400;\">\u00a0constitue le point de d\u00e9part parfait pour visiter la r\u00e9gion. Pour l\u2019organisation d\u2019un \u00e9v\u00e9nement professionnel, <\/span><b>l\u2019h\u00f4tel dispose de cinq salles de r\u00e9union d\u2019une capacit\u00e9 totale de 160 personnes<\/b><span style=\"font-weight: 400;\"> (130 en banquet). Les jours de beau temps, une terrasse accueillera vos pauses, d\u00e9jeuners ou d\u00eeners, ou m\u00eame un cocktail au bord de la piscine.<\/span><\/p>\n<p><span style=\"font-weight: 400;\">Monument historique \u00e0 visiter<\/span><span style=\"font-weight: 400;\">\u00a0: le th\u00e9\u00e2tre antique d\u2019Orange, inscrit au patrimoine mondial de l\u2019Unesco, et son c\u00e9l\u00e8bre mur de sc\u00e8ne, unique dans le monde occidental.<\/span><\/p>\n<\/div>\n\t\t\t\t\t\t\t\t\t\t\t\t<div class=\"d-flex flex-column flex-lg-row align-items-center gap-5 gap-lg-8 justify-content-between\">\n\t\t\t\t\t\t\t<div class=\"fs-20 fs-lg-26 fw-semibold lh-xs\"><\/div>\n\t\t\t\t\t\t\t\t\t\t\t\t\t<\/div>\n\t\t\t\t\t<\/div>\n\t\t\t\t<\/div>\n\t\t\t\t<div class=\"col-lg-4\">\n\t\t\t\t\t<div class=\"tcta2ia__top__right t-0 r-0 bg-primary text-white pt-4 pb-4 px-2 pt-lg-8 pb-lg-16 px-lg-11 pb-xl-30\">\n\t\t\t\t\t\t\t\t\t\t\t\t\t\t\t\t\t\t<h2 class=\"unna fs-36 fs-lg-51 fs-xl-75 fs-italic fw-normal text-secondary\">Un s\u00e9minaire le long du Rh\u00f4ne<\/h2>\n\t\t\t\t\t\t\t\t\t\t\t\t\t\t\t\t\t\t<h3 class=\"text-white fs-18 fs-lg-20 fs-xl-28 text-original-case\">D\u2019Orange \u00e0 Arles, en passant par Avignon et N\u00eemes, nous vous invitons \u00e0 d\u00e9couvrir ou red\u00e9couvrir le sud de la France, la Provence, le Lub\u00e9ron et ses magnifiques villes au riche patrimoine historique et culturel.<\/h3>\n\t\t\t\t\t\t\t\t\t\t\t\t\t\t\t\t\t\t<div class=\"fs-wysiwyg mb-4 fs-lg-16 fs-xl-20\"><p>Un cadre ensoleill\u00e9 id\u00e9al pour un \u00e9v\u00e9nement professionnel \u00e0 l\u2019accent chaud, quel que soit votre budget. Tour d\u2019horizon de cinq adresses d\u2019exception au sein du r\u00e9seau Accor.<\/p>\n<\/div>\n\t\t\t\t\t\t\t\t\t\t\t\t\t\t\t\t\t\t\t\t\t\t\t\t<p class=\"m-0\"><img decoding=\"async\" src=\"https:\/\/www.myallmeeting.com\/wp-content\/uploads\/2019\/05\/9703_sm_00_p_2048x1536-633x398.jpg\" class=\"position-relative l-0\" width=\"633\" height=\"398\" alt=\"\" loading=\"lazy\" \/><\/p>\n\t\t\t\t\t\t\t\t\t\t\t<\/div>\n\t\t\t\t<\/div>\n\t\t\t<\/div>\n\t\t<\/div>\n\t<\/div>\n\t<div class=\"tcta2ia__bottom d-lg-none pb-12 py-lg-9 pe-lg-10\">\n\t\t\t\t<div class=\"h2 fs-20 fs-lg-32 fw-semibold\">H\u00f4tel Mercure Orange Centre<\/div>\n\t\t\t\t\t\t<div class=\"fs-wysiwyg\"><p><span style=\"font-weight: 400;\">Situ\u00e9 l\u00e0 o\u00f9 le Rh\u00f4ne rencontre la Provence, l&rsquo;<a href=\"https:\/\/myallmeeting.com\/fr\/hotel\/9703-hotel-mercure-orange-centre\/\" target=\"_blank\" rel=\"noopener\"><strong>H\u00f4tel<\/strong> <\/a><\/span><b>Mercure Orange Centre<\/b><span style=\"font-weight: 400;\">\u00a0constitue le point de d\u00e9part parfait pour visiter la r\u00e9gion. Pour l\u2019organisation d\u2019un \u00e9v\u00e9nement professionnel, <\/span><b>l\u2019h\u00f4tel dispose de cinq salles de r\u00e9union d\u2019une capacit\u00e9 totale de 160 personnes<\/b><span style=\"font-weight: 400;\"> (130 en banquet). Les jours de beau temps, une terrasse accueillera vos pauses, d\u00e9jeuners ou d\u00eeners, ou m\u00eame un cocktail au bord de la piscine.<\/span><\/p>\n<p><span style=\"font-weight: 400;\">Monument historique \u00e0 visiter<\/span><span style=\"font-weight: 400;\">\u00a0: le th\u00e9\u00e2tre antique d\u2019Orange, inscrit au patrimoine mondial de l\u2019Unesco, et son c\u00e9l\u00e8bre mur de sc\u00e8ne, unique dans le monde occidental.<\/span><\/p>\n<\/div>\n\t\t\t\t<div class=\"d-flex flex-column flex-lg-row align-items-center gap-5 gap-lg-8 justify-content-between\">\n\t\t\t<div class=\"fs-20 fs-lg-26 fw-semibold lh-xs\"><\/div>\n\t\t\t\t\t<\/div>\n\t<\/div>\n<\/div>\n<!-- END OF : Composant : block-periscope-theme-section-composant-25-texte-cta-2-images.php -->\n\n\n<!-- START OF : Composant : block-periscope-theme-section-composant-26-textes-slider-cta.php -->\n<div class=\"t3icta bg-white pb-12 mb-9 fs-wysiwyg\" data-component=\"26-textes-3-images-cta\">\n\t<div class=\"t3icta__top position-relative\">\n\t\t<div class=\"container-fluid\" style=\"--bs-gutter-x: 0\">\n\t\t\t<div class=\"row\" style=\"--bs-gutter-x: 0\">\n\t\t\t\t\t\t\t\t<div class=\"col-lg-6\">\n\t\t\t\t\t<div class=\"t3icta__slider\">\n\t\t\t\t\t\t<div class=\"splide\">\n\t\t\t\t\t\t\t<div class=\"splide__track\">\n\t\t\t\t\t\t\t\t<div class=\"splide__list\">\n\t\t\t\t\t\t\t\t\t\t\t\t\t\t\t\t\t\t\t<div class=\"splide__slide\">\n\t\t\t\t\t\t\t\t\t\t\t<img decoding=\"async\" src=\"https:\/\/www.myallmeeting.com\/wp-content\/uploads\/2019\/05\/aja_p_5248-61__original-953x600.jpeg\" width=\"953\" height=\"600\" alt=\"\" loading=\"lazy\" \/>\n\t\t\t\t\t\t\t\t\t\t<\/div>\n\t\t\t\t\t\t\t\t\t\t\t\t\t\t\t\t\t\n\t\t\t\t\t\t\t\t<\/div>\n\t\t\t\t\t\t\t<\/div>\n\t\t\t\t\t\t\t<div class=\"splide__arrows d-none d-lg-block\">\n\t\t\t\t\t\t\t\t<button class=\"splide__arrow splide__arrow--prev px-lg-3 py-lg-4 px-xl-4 py-xl-5 px-xxl-5 py-xxl-7 position-absolute l-0 bg-white border-0\">\n\t\t\t\t\t\t\t\t\t<svg width=\"14\" height=\"27\" aria-hidden=\"true\">\n\t\t\t\t\t\t\t\t\t\t<use xlink:href=\"https:\/\/www.myallmeeting.com\/wp-content\/themes\/accor\/assets\/images\/sprite.svg#slider-prev\"><\/use>\n\t\t\t\t\t\t\t\t\t<\/svg>\n\t\t\t\t\t\t\t\t<\/button>\n\t\t\t\t\t\t\t\t<button class=\"splide__arrow splide__arrow--next px-lg-3 py-lg-4 px-xl-4 py-xl-5 px-xxl-5 py-xxl-7 position-absolute r-0 bg-white border-0\">\n\t\t\t\t\t\t\t\t\t<svg width=\"14\" height=\"27\" aria-hidden=\"true\">\n\t\t\t\t\t\t\t\t\t\t<use xlink:href=\"https:\/\/www.myallmeeting.com\/wp-content\/themes\/accor\/assets\/images\/sprite.svg#slider-prev\"><\/use>\n\t\t\t\t\t\t\t\t\t<\/svg>\n\t\t\t\t\t\t\t\t<\/button>\n\t\t\t\t\t\t\t<\/div>\n\t\t\t\t\t\t<\/div>\n\t\t\t\t\t<\/div>\n\t\t\t\t<\/div>\n\t\t\t\t\t\t\t\t<div class=\"col-lg-6\">\n\t\t\t\t\t<div class=\"t3icta__top_right mb-lg-14 px-2 py-9 px-lg-11 py-lg-0\">\n\t\t\t\t\t\t\t\n\t\t\t\t\t\t<h2 class=\"fs-20 fs-lg-23 fs-xl-27 fs-xxl-30 fw-semibold\">Ibis Styles Avignon Sud<\/h2>\n\t\t\t\t\t\t\t\t\t\t\t\t\t\n\t\t\t\t\t\t<div class=\"fs-wysiwyg\">\n\t\t\t\t\t\t\t<p><span style=\"font-weight: 400;\">Simplicit\u00e9 et convivialit\u00e9 sont les ma\u00eetres-mots de <a href=\"https:\/\/myallmeeting.com\/fr\/hotel\/0399-ibis-styles-avignon-sud\/\" target=\"_blank\" rel=\"noopener\">cet h\u00f4tel<\/a> situ\u00e9 entre le Lub\u00e9ron, les Alpilles et les C\u00e9vennes. Un <\/span><b>centre de conf\u00e9rences de 390 m<\/b><b>2<\/b><span style=\"font-weight: 400;\"> qui, compos\u00e9 de <\/span><b>neuf salles de r\u00e9union toutes \u00e0 la lumi\u00e8re du jour et d\u2019une capacit\u00e9 de 140 personnes et 150 en banquet<\/b><span style=\"font-weight: 400;\">, vous accueille pour tous types d\u2019\u00e9v\u00e9nements. Autre point fort de l\u2019h\u00f4tel, sa proximit\u00e9 avec l\u2019Agroparc\u2013Technopole d\u2019Avignon et le Parc des expositions pour un voyage d\u2019affaires.<\/span><\/p>\n<p><span style=\"font-weight: 400;\">Monument historique \u00e0 visiter<\/span><span style=\"font-weight: 400;\">\u00a0: le Palais des Papes et ses impressionnantes murailles flanqu\u00e9es de quatre tours gigantesques. Un ensemble architectural class\u00e9 au patrimoine mondial de l\u2019Unesco.<\/span><\/p>\n\t\t\t\t\t\t<\/div>\n\t\t\t\t\t\t\t\t\t\t\t<\/div>\n\t\t\t\t<\/div>\n\t\t\t<\/div>\n\t\t<\/div>\n\t<\/div>\n\t<div class=\"t3icta__bottom bg-beige\">\n\t\t<div class=\"container-fluid\" style=\"--bs-gutter-x: 0\">\n\t\t\t<div class=\"row\" style=\"--bs-gutter-x: 0\">\n\t\t\t\t<div class=\"col-lg-5 offset-lg-1\">\n\t\t\t\t\t<div class=\"t3icta__bottom__left\">\n\t\t\t\t\t\t\t\t\t\t\t\t<img decoding=\"async\" src=\"https:\/\/www.myallmeeting.com\/wp-content\/uploads\/2019\/05\/aja_p_3327-40__original-633x398.jpeg\" class=\"w-100 d-lg-none\" width=\"633\" height=\"398\" alt=\"\" loading=\"lazy\" \/> <!-- Ce sont les 2 m\u00eames images : ID 0 -->\n\t\t\t\t\t\t\t\t\t\t\t\t<div class=\"px-2 py-9 px-lg-0 py-lg-0\">\n\t\t\t\t\t\t\t\t\n\t\t\t\t\t\t\t<h2 class=\"fs-20 fs-lg-23 fs-xl-27 fs-xxl-30 fw-semibold\">Novotel Atria N\u00eemes Centre<\/h2>\n\t\t\t\t\t\t\t\t\t\t\t\t\t\t\t\n\t\t\t\t\t\t\t<div class=\"fs-wysiwyg mb-lg-15\">\n\t\t\t\t\t\t\t\t<p><span style=\"font-weight: 400;\">Bienvenue dans la Rome fran\u00e7aise\u00a0! C\u00e9l\u00e8bre pour ses ar\u00e8nes, l\u2019immense pont du Gard, class\u00e9 au patrimoine de l\u2019Unesco, la tour Magne ou encore la Maison carr\u00e9e, N\u00eemes est un mus\u00e9e \u00e0 ciel ouvert. Situ\u00e9 en plein centre de la ville, <\/span><b><a href=\"https:\/\/myallmeeting.com\/fr\/hotel\/0985-novotel-atria-nimes-centre\/\" target=\"_blank\" rel=\"noopener\">l\u2019h\u00f4tel<\/a>, \u00e0 l\u2019architecture contemporaine, dispose d\u2019un centre de conf\u00e9rence flambant neuf de treize salles de r\u00e9union<\/b><span style=\"font-weight: 400;\">, dont neuf \u00e0 la lumi\u00e8re du jour, et d\u2019un auditorium de 410 places pour des \u00e9v\u00e9nements XXL de type convention ou congr\u00e8s.<\/span><\/p>\n<p><span style=\"font-weight: 400;\">Monument historique \u00e0 visiter<\/span><span style=\"font-weight: 400;\">\u00a0: les c\u00e9l\u00e8bres ar\u00e8nes romaines, les mieux conserv\u00e9es du monde romain. Parfaitement sym\u00e9triques, elles sont l\u2019illustration du degr\u00e9 de perfectionnement des ing\u00e9nieurs romains.<\/span><\/p>\n\t\t\t\t\t\t\t<\/div>\n\t\t\t\t\t\t\t\t\t\t\t\t\t<\/div>\n\t\t\t\t\t\t\t\t\t\t\t\t<div class=\"t3icta__bottom__img1 d-none d-lg-block text-end ms-lg-auto\">\n\t\t\t\t\t\t\t<img decoding=\"async\" src=\"https:\/\/www.myallmeeting.com\/wp-content\/uploads\/2019\/05\/aja_p_3327-40__original-633x398.jpeg\" width=\"633\" height=\"398\" alt=\"\" loading=\"lazy\" \/> <!-- Ce sont les 2 m\u00eames images : ID 1 -->\n\t\t\t\t\t\t<\/div>\n\t\t\t\t\t\t\t\t\t\t\t<\/div>\n\t\t\t\t<\/div>\n\t\t\t\t<div class=\"col-lg-5\">\n\t\t\t\t\t<div class=\"ps-lg-10\">\n\t\t\t\t\t\t\t\t\t\t\t\t<img decoding=\"async\" src=\"https:\/\/www.myallmeeting.com\/wp-content\/uploads\/2019\/05\/aja_p_6752-49__original-633x398.jpeg\" class=\"t3icta__bottom__img0 position-relative d-none d-lg-block mb-15\" width=\"633\" height=\"398\" alt=\"\" loading=\"lazy\" \/> <!-- Ce sont les 2 m\u00eames images : ID 0 -->\n\t\t\t\t\t\t\t\t\t\t\t\t<div class=\"px-2 px-lg-0 mb-9\">\n\t\t\t\t\t\t\t\t\n\t\t\t\t\t\t\t<h2 class=\"fs-20 fs-lg-23 fs-xl-27 fs-xxl-30 fw-semibold\">H\u00f4tel &amp; Spa Jules C\u00e9sar Arles, MGallery<\/h2>\n\t\t\t\t\t\t\t\t\t\t\t\t\t\t\t\t\t\t\t\t\t<div class=\"fs-wysiwyg\">\n\t\t\t\t\t\t\t\t<p><span style=\"font-weight: 400;\">Cet ancien couvent des Carm\u00e9lites du XVIIe si\u00e8cle est devenu un <\/span><b><a href=\"https:\/\/myallmeeting.com\/fr\/hotel\/9736-hotel-jules-cesar\/\" target=\"_blank\" rel=\"noopener\">magnifique h\u00f4tel cinq \u00e9toiles<\/a> enti\u00e8rement d\u00e9cor\u00e9 par Christian Lacroix<\/b><span style=\"font-weight: 400;\">. Il vous ouvre ses portes en plein c\u0153ur du centre historique d\u2019Arles pour une exp\u00e9rience inoubliable. Ses <\/span><b>cinq salles de r\u00e9union, \u00e0 la lumi\u00e8re du jour, donnent sur le clo\u00eetre et offrent une capacit\u00e9 maximum de 100 personnes<\/b><span style=\"font-weight: 400;\">.\u00a0<\/span><\/p>\n<p><span style=\"font-weight: 400;\">Gr\u00e2ce \u00e0 son architecture parfaitement conserv\u00e9e et remise au go\u00fbt du jour, vos \u00e9v\u00e9nements professionnels allieront saveur de Rome antique et calme n\u00e9cessaire \u00e0 la concentration.<\/span><\/p>\n<p><span style=\"font-weight: 400;\">Monument historique \u00e0 visiter<\/span><span style=\"font-weight: 400;\">\u00a0: le c\u0153ur de ville class\u00e9 au patrimoine mondial de l\u2019Unesco avec notamment son amphith\u00e9\u00e2tre romain.<\/span><\/p>\n\t\t\t\t\t\t\t<\/div>\n\t\t\t\t\t\t\t\t\t\t\t\t\t<\/div>\n\t\t\t\t\t\t\t\t\t\t\t\t<div class=\"t3icta__bottom__img1 d-lg-none mx-auto\">\n\t\t\t\t\t\t\t<img decoding=\"async\" src=\"https:\/\/www.myallmeeting.com\/wp-content\/uploads\/2019\/05\/aja_p_6752-49__original-633x398.jpeg\" width=\"633\" height=\"398\" alt=\"\" loading=\"lazy\" \/> <!-- Ce sont les 2 m\u00eames images : ID 1 -->\n\t\t\t\t\t\t<\/div>\n\t\t\t\t\t\t\t\t\t\t\t<\/div>\n\t\t\t\t<\/div>\n\t\t\t<\/div>\n\t\t<\/div>\n\t<\/div>\n\t<\/div>\n<!-- END OF : Composant : block-periscope-theme-section-composant-26-textes-slider-cta.php -->\n\n\n<!-- START OF : Composant : block-periscope-theme-section-composant-33-texte-image.php -->\n<!-- INVERSE -->\n<div class=\"text-image fs-wysiwyg mb-8 mb-lg-12\" data-component=\"33-texte-image\" data-reverse=\"oui\">\n\t<div class=\"container-fluid\" style=\"--bs-gutter-x: 0\">\n\t\t<div class=\"row\" style=\"--bs-gutter-x: 0\">\n\t\t\t<div class=\"col-lg-6\">\n\t\t\t\t<div class=\"text-image__content\">\n\t\t\t\t\t\t\t\t\t\t<div class=\"fw-semibold lh-xs fs-20 fs-lg-32 ls--25 mb-5\">Novotel Valence Sud<\/div>\n\t\t\t\t\t\t\t\t\t\t\t\t\t\t\t<div class=\"fs-wysiwyg\">\n\t\t\t\t\t\t<p><span style=\"font-weight: 400;\">Cet \u00e9tablissement est bien servi en infrastructures<\/span><b> de transports\u00a0 avec deux gares TGV<\/b><span style=\"font-weight: 400;\">, auxquelles s\u2019ajoutent les autoroutes A7 et A49. <a href=\"https:\/\/myallmeeting.com\/fr\/hotel\/0455-novotel-valence-sud\/\" target=\"_blank\" rel=\"noopener\">L\u2019h\u00f4tel<\/a> est aussi bien accessible de Lyon et Grenoble que du sud de la France, parfait pour un s\u00e9minaire. L\u2019extension de l\u2019h\u00f4tel permet de proposer <\/span><b>400 m\u00b2 &#8211; dont 190 m\u00b2 modulables<\/b><span style=\"font-weight: 400;\"> &#8211; d\u00e9di\u00e9s aux \u00e9v\u00e9nements d\u2019entreprise, <\/span><b>r\u00e9partis en dix salles de r\u00e9union.<\/b><span style=\"font-weight: 400;\">\u00a0<\/span><\/p>\n<p><span style=\"font-weight: 400;\">Pour les moments de d\u00e9tente, l\u2019h\u00f4tel n\u2019est pas en reste, avec son restaurant Le Mathuzar &#8211;\u00a0 au bord de la rivi\u00e8re l\u2019\u00c9pervi\u00e8re &#8211; et son espace lounge, mais aussi sa piscine ext\u00e9rieure, sa terrasse ombrag\u00e9e en bord de rivi\u00e8re et un espace fitness avec sauna.<\/span><\/p>\n<p><span style=\"font-weight: 400;\">\u00a0La localisation de l\u2019h\u00f4tel en fait le point de d\u00e9part id\u00e9al pour partir \u00e0 la d\u00e9couverte de la \u201cporte du Midi\u201d, entre le Vercors et la Provence.\u00a0<\/span><\/p>\n<p><span style=\"font-weight: 400;\">Monument historique \u00e0 visiter :<\/span><span style=\"font-weight: 400;\"> Valence dispose d\u2019un riche patrimoine, notamment architectural, tels que l\u2019ancien Palais consulaire, la Cath\u00e9drale Saint-Apollinaire, les Ch\u00e2teaux d\u2019eau du parc Jean Perdrix ou la Fontaine monumentale\u2026<\/span><\/p>\n\t\t\t\t\t<\/div>\n\t\t\t\t\t\t\t\t\t<\/div>\n\t\t\t<\/div>    \n\t\t\t    \n\t\t\t<div class=\"col-lg-6 order-first order-lg-last mb-7 mb-lg-0\">\n\t\t\t\t<img decoding=\"async\" src=\"https:\/\/www.myallmeeting.com\/wp-content\/uploads\/2019\/05\/aja_p_6052-49__original-953x600.jpeg\" width=\"953\" height=\"600\" alt=\"\" loading=\"lazy\" class=\"w-100\" \/>\n\t\t\t<\/div>\n\t\t\t\t\t<\/div>\n\t<\/div>\n<\/div>\n<!-- END OF : Composant : block-periscope-theme-section-composant-33-texte-image.php -->\n","protected":false},"excerpt":{"rendered":"<p>D\u2019Orange \u00e0 Arles, en passant par Avignon et N\u00eemes, nous vous invitons \u00e0 d\u00e9couvrir ou red\u00e9couvrir le sud de la France, la Provence, le Lub\u00e9ron et ses magnifiques villes au riche patrimoine historique et culturel.<\/p>\n","protected":false},"featured_media":16671839,"menu_order":0,"template":"","periscope_categorie_tax":[1648],"class_list":["post-15226721","article","type-article","status-publish","has-post-thumbnail","hentry","periscope_categorie_tax-tous-nos-tops-selections"],"acf":[],"yoast_head":"<title>Un s\u00e9minaire le long du Rh\u00f4ne - Accor MyAllMeeting.com<\/title>\n<meta name=\"robots\" content=\"index, follow, max-snippet:-1, max-image-preview:large, max-video-preview:-1\" \/>\n<link rel=\"canonical\" href=\"https:\/\/www.myallmeeting.com\/fr\/wp-json\/wp\/v2\/article\/15226721\" \/>\n<meta property=\"og:locale\" content=\"fr_FR\" \/>\n<meta property=\"og:type\" content=\"article\" \/>\n<meta property=\"og:title\" content=\"Un s\u00e9minaire le long du Rh\u00f4ne - Accor MyAllMeeting.com\" \/>\n<meta property=\"og:description\" content=\"D\u2019Orange \u00e0 Arles, en passant par Avignon et N\u00eemes, nous vous invitons \u00e0 d\u00e9couvrir ou red\u00e9couvrir le sud de la France, la Provence, le Lub\u00e9ron et ses magnifiques villes au riche patrimoine historique et culturel.\" \/>\n<meta property=\"og:url\" content=\"https:\/\/www.myallmeeting.com\/fr\/article\/un-seminaire-le-long-du-rhone\/\" \/>\n<meta property=\"og:site_name\" content=\"Accor MyAllMeeting.com\" \/>\n<meta property=\"article:modified_time\" content=\"2024-11-25T11:54:11+00:00\" \/>\n<meta property=\"og:image\" content=\"http:\/\/myallmeeting.com\/wp-content\/uploads\/2019\/05\/MAM-baner-1920x570-38-1024x304.png\" \/>\n\t<meta property=\"og:image:width\" content=\"1024\" \/>\n\t<meta property=\"og:image:height\" content=\"304\" \/>\n\t<meta property=\"og:image:type\" content=\"image\/png\" \/>\n<meta name=\"twitter:card\" content=\"summary_large_image\" \/>\n<meta name=\"twitter:label1\" content=\"Dur\u00e9e de lecture estim\u00e9e\" \/>\n\t<meta name=\"twitter:data1\" content=\"5 minutes\" \/>\n<script type=\"application\/ld+json\" class=\"yoast-schema-graph\">{\"@context\":\"https:\/\/schema.org\",\"@graph\":[{\"@type\":\"WebPage\",\"@id\":\"https:\/\/www.myallmeeting.com\/fr\/article\/un-seminaire-le-long-du-rhone\/\",\"url\":\"https:\/\/www.myallmeeting.com\/fr\/article\/un-seminaire-le-long-du-rhone\/\",\"name\":\"Un s\u00e9minaire le long du Rh\u00f4ne - Accor MyAllMeeting.com\",\"isPartOf\":{\"@id\":\"https:\/\/www.myallmeeting.com\/fr\/#website\"},\"primaryImageOfPage\":{\"@id\":\"https:\/\/www.myallmeeting.com\/fr\/article\/un-seminaire-le-long-du-rhone\/#primaryimage\"},\"image\":{\"@id\":\"https:\/\/www.myallmeeting.com\/fr\/article\/un-seminaire-le-long-du-rhone\/#primaryimage\"},\"thumbnailUrl\":\"https:\/\/www.myallmeeting.com\/wp-content\/uploads\/2019\/05\/MAM-baner-1920x570-38.png\",\"datePublished\":\"2019-05-29T13:54:46+00:00\",\"dateModified\":\"2024-11-25T11:54:11+00:00\",\"breadcrumb\":{\"@id\":\"https:\/\/www.myallmeeting.com\/fr\/article\/un-seminaire-le-long-du-rhone\/#breadcrumb\"},\"inLanguage\":\"fr-FR\",\"potentialAction\":[{\"@type\":\"ReadAction\",\"target\":[\"https:\/\/www.myallmeeting.com\/fr\/article\/un-seminaire-le-long-du-rhone\/\"]}]},{\"@type\":\"ImageObject\",\"inLanguage\":\"fr-FR\",\"@id\":\"https:\/\/www.myallmeeting.com\/fr\/article\/un-seminaire-le-long-du-rhone\/#primaryimage\",\"url\":\"https:\/\/www.myallmeeting.com\/wp-content\/uploads\/2019\/05\/MAM-baner-1920x570-38.png\",\"contentUrl\":\"https:\/\/www.myallmeeting.com\/wp-content\/uploads\/2019\/05\/MAM-baner-1920x570-38.png\",\"width\":1920,\"height\":570},{\"@type\":\"BreadcrumbList\",\"@id\":\"https:\/\/www.myallmeeting.com\/fr\/article\/un-seminaire-le-long-du-rhone\/#breadcrumb\",\"itemListElement\":[{\"@type\":\"ListItem\",\"position\":1,\"name\":\"Accueil\",\"item\":\"https:\/\/myallmeeting.com\/fr\/\"},{\"@type\":\"ListItem\",\"position\":2,\"name\":\"Actualit\u00e9s\",\"item\":\"https:\/\/www.myallmeeting.com\/fr\/actualite\/\"},{\"@type\":\"ListItem\",\"position\":3,\"name\":\"Un s\u00e9minaire le long du Rh\u00f4ne\"}]},{\"@type\":\"WebSite\",\"@id\":\"https:\/\/www.myallmeeting.com\/fr\/#website\",\"url\":\"https:\/\/www.myallmeeting.com\/fr\/\",\"name\":\"Accor MyAllMeeting.com\",\"description\":\"Les Meilleurs lieux pour vos Ev\u00e9nements Professionnels\",\"publisher\":{\"@id\":\"https:\/\/www.myallmeeting.com\/fr\/#organization\"},\"potentialAction\":[{\"@type\":\"SearchAction\",\"target\":{\"@type\":\"EntryPoint\",\"urlTemplate\":\"https:\/\/www.myallmeeting.com\/fr\/?s={search_term_string}\"},\"query-input\":{\"@type\":\"PropertyValueSpecification\",\"valueRequired\":true,\"valueName\":\"search_term_string\"}}],\"inLanguage\":\"fr-FR\"},{\"@type\":\"Organization\",\"@id\":\"https:\/\/www.myallmeeting.com\/fr\/#organization\",\"name\":\"ACCOR\",\"url\":\"https:\/\/www.myallmeeting.com\/fr\/\",\"logo\":{\"@type\":\"ImageObject\",\"inLanguage\":\"fr-FR\",\"@id\":\"https:\/\/www.myallmeeting.com\/fr\/#\/schema\/logo\/image\/\",\"url\":\"\",\"contentUrl\":\"\",\"caption\":\"ACCOR\"},\"image\":{\"@id\":\"https:\/\/www.myallmeeting.com\/fr\/#\/schema\/logo\/image\/\"}}]}<\/script>","yoast_head_json":{"title":"Un s\u00e9minaire le long du Rh\u00f4ne - Accor MyAllMeeting.com","robots":{"index":"index","follow":"follow","max-snippet":"max-snippet:-1","max-image-preview":"max-image-preview:large","max-video-preview":"max-video-preview:-1"},"canonical":"https:\/\/www.myallmeeting.com\/fr\/wp-json\/wp\/v2\/article\/15226721","og_locale":"fr_FR","og_type":"article","og_title":"Un s\u00e9minaire le long du Rh\u00f4ne - Accor MyAllMeeting.com","og_description":"D\u2019Orange \u00e0 Arles, en passant par Avignon et N\u00eemes, nous vous invitons \u00e0 d\u00e9couvrir ou red\u00e9couvrir le sud de la France, la Provence, le Lub\u00e9ron et ses magnifiques villes au riche patrimoine historique et culturel.","og_url":"https:\/\/www.myallmeeting.com\/fr\/article\/un-seminaire-le-long-du-rhone\/","og_site_name":"Accor MyAllMeeting.com","article_modified_time":"2024-11-25T11:54:11+00:00","og_image":[{"width":1024,"height":304,"url":"http:\/\/myallmeeting.com\/wp-content\/uploads\/2019\/05\/MAM-baner-1920x570-38-1024x304.png","type":"image\/png"}],"twitter_card":"summary_large_image","twitter_misc":{"Dur\u00e9e de lecture estim\u00e9e":"5 minutes"},"schema":{"@context":"https:\/\/schema.org","@graph":[{"@type":"WebPage","@id":"https:\/\/www.myallmeeting.com\/fr\/article\/un-seminaire-le-long-du-rhone\/","url":"https:\/\/www.myallmeeting.com\/fr\/article\/un-seminaire-le-long-du-rhone\/","name":"Un s\u00e9minaire le long du Rh\u00f4ne - Accor MyAllMeeting.com","isPartOf":{"@id":"https:\/\/www.myallmeeting.com\/fr\/#website"},"primaryImageOfPage":{"@id":"https:\/\/www.myallmeeting.com\/fr\/article\/un-seminaire-le-long-du-rhone\/#primaryimage"},"image":{"@id":"https:\/\/www.myallmeeting.com\/fr\/article\/un-seminaire-le-long-du-rhone\/#primaryimage"},"thumbnailUrl":"https:\/\/www.myallmeeting.com\/wp-content\/uploads\/2019\/05\/MAM-baner-1920x570-38.png","datePublished":"2019-05-29T13:54:46+00:00","dateModified":"2024-11-25T11:54:11+00:00","breadcrumb":{"@id":"https:\/\/www.myallmeeting.com\/fr\/article\/un-seminaire-le-long-du-rhone\/#breadcrumb"},"inLanguage":"fr-FR","potentialAction":[{"@type":"ReadAction","target":["https:\/\/www.myallmeeting.com\/fr\/article\/un-seminaire-le-long-du-rhone\/"]}]},{"@type":"ImageObject","inLanguage":"fr-FR","@id":"https:\/\/www.myallmeeting.com\/fr\/article\/un-seminaire-le-long-du-rhone\/#primaryimage","url":"https:\/\/www.myallmeeting.com\/wp-content\/uploads\/2019\/05\/MAM-baner-1920x570-38.png","contentUrl":"https:\/\/www.myallmeeting.com\/wp-content\/uploads\/2019\/05\/MAM-baner-1920x570-38.png","width":1920,"height":570},{"@type":"BreadcrumbList","@id":"https:\/\/www.myallmeeting.com\/fr\/article\/un-seminaire-le-long-du-rhone\/#breadcrumb","itemListElement":[{"@type":"ListItem","position":1,"name":"Accueil","item":"https:\/\/myallmeeting.com\/fr\/"},{"@type":"ListItem","position":2,"name":"Actualit\u00e9s","item":"https:\/\/www.myallmeeting.com\/fr\/actualite\/"},{"@type":"ListItem","position":3,"name":"Un s\u00e9minaire le long du Rh\u00f4ne"}]},{"@type":"WebSite","@id":"https:\/\/www.myallmeeting.com\/fr\/#website","url":"https:\/\/www.myallmeeting.com\/fr\/","name":"Accor MyAllMeeting.com","description":"Les Meilleurs lieux pour vos Ev\u00e9nements Professionnels","publisher":{"@id":"https:\/\/www.myallmeeting.com\/fr\/#organization"},"potentialAction":[{"@type":"SearchAction","target":{"@type":"EntryPoint","urlTemplate":"https:\/\/www.myallmeeting.com\/fr\/?s={search_term_string}"},"query-input":{"@type":"PropertyValueSpecification","valueRequired":true,"valueName":"search_term_string"}}],"inLanguage":"fr-FR"},{"@type":"Organization","@id":"https:\/\/www.myallmeeting.com\/fr\/#organization","name":"ACCOR","url":"https:\/\/www.myallmeeting.com\/fr\/","logo":{"@type":"ImageObject","inLanguage":"fr-FR","@id":"https:\/\/www.myallmeeting.com\/fr\/#\/schema\/logo\/image\/","url":"","contentUrl":"","caption":"ACCOR"},"image":{"@id":"https:\/\/www.myallmeeting.com\/fr\/#\/schema\/logo\/image\/"}}]}},"_links":{"self":[{"href":"https:\/\/www.myallmeeting.com\/fr\/wp-json\/wp\/v2\/article\/15226721","targetHints":{"allow":["GET"]}}],"collection":[{"href":"https:\/\/www.myallmeeting.com\/fr\/wp-json\/wp\/v2\/article"}],"about":[{"href":"https:\/\/www.myallmeeting.com\/fr\/wp-json\/wp\/v2\/types\/article"}],"wp:featuredmedia":[{"embeddable":true,"href":"https:\/\/www.myallmeeting.com\/fr\/wp-json\/wp\/v2\/media\/16671839"}],"wp:attachment":[{"href":"https:\/\/www.myallmeeting.com\/fr\/wp-json\/wp\/v2\/media?parent=15226721"}],"wp:term":[{"taxonomy":"periscope_categorie_tax","embeddable":true,"href":"https:\/\/www.myallmeeting.com\/fr\/wp-json\/wp\/v2\/periscope_categorie_tax?post=15226721"}],"curies":[{"name":"wp","href":"https:\/\/api.w.org\/{rel}","templated":true}]}}