{"id":15226717,"date":"2019-06-20T18:07:17","date_gmt":"2019-06-20T16:07:17","guid":{"rendered":"https:\/\/myallmeeting.com\/article\/notre-selection-de-rooftops-accor-pour-vos-soirees-estivales\/"},"modified":"2024-07-16T14:55:27","modified_gmt":"2024-07-16T12:55:27","slug":"notre-selection-de-rooftops-accor-pour-vos-soirees-estivales","status":"publish","type":"article","link":"https:\/\/www.myallmeeting.com\/fr\/article\/notre-selection-de-rooftops-accor-pour-vos-soirees-estivales\/","title":{"rendered":"Notre s\u00e9lection de rooftops Accor pour vos soir\u00e9es estivales"},"content":{"rendered":"<!-- START OF : Composant : block-periscope-theme-section-composant-25-texte-cta-2-images.php -->\n<div class=\"tcta2ia bg-white fs-wysiwyg mb-lg-12\" data-component=\"25-texte-cta-2-images\">\n\t<div class=\"tcta2ia__top\">\n\t\t<div class=\"container-fluid\" style=\"--bs-gutter-x: 0\">\n\t\t\t<div class=\"row\" style=\"--bs-gutter-x: 0\">\n\t\t\t\t<div class=\"col-lg-8\">\n\t\t\t\t\t\t\t\t\t\t<div class=\"bloc-mise-en-avant__top__left\">\n\t\t\t\t\t\t<img decoding=\"async\" src=\"https:\/\/www.myallmeeting.com\/wp-content\/uploads\/2019\/06\/Mercure-Villeneuve-Loubet-Plage-4-1268x846.jpg\" class=\"pe-2 pe-lg-0\" width=\"1268\" height=\"846\" alt=\"\" loading=\"lazy\" \/>\n\t\t\t\t\t<\/div>\n\t\t\t\t\t\t\t\t\t\t<div class=\"tcta2ia__bottom d-none d-lg-block pb-12 pt-lg-9 pb-lg-0 pe-lg-10\">\n\t\t\t\t\t\t\t\t\t\t\t\t<h2 class=\"fs-20 fs-lg-32 fw-semibold\">Sainte-Barbe H\u00f4tel &amp; Spa Le Conquet \u2013 MGallery ****<\/h2>\n\t\t\t\t\t\t\t\t\t\t\t\t\t\t\t\t\t\t<div class=\"fs-wysiwyg\"><p><span style=\"font-weight: 400;\">\u00c0 trente minutes de l\u2019a\u00e9roport de Brest, le rooftop &#8211; suspendu entre ciel et mer &#8211; de ce <\/span><a href=\"https:\/\/myallmeeting.com\/fr\/hotel\/b1k8-sainte-barbe-hotel-spa-le-conquet-mgalleryopening-may-2019\/\"><b>MGallery quatre \u00e9toiles<\/b><\/a><span style=\"font-weight: 400;\"> propose une belle carte de cocktails dans <\/span><b>un lieu magique aux couchers de soleil exceptionnels<\/b><span style=\"font-weight: 400;\">.\u00a0<\/span><\/p>\n<p><span style=\"font-weight: 400;\">Quant \u00e0 son restaurant panoramique de fruits de mer \u2013 dirig\u00e9 par un chef ayant fait ses classes aupr\u00e8s des plus grands de la gastronomie fran\u00e7aise -, il c\u00e9l\u00e8bre la richesse des c\u00f4tes bretonnes dans un cadre feutr\u00e9 et haut de gamme.<\/span><\/p>\n<\/div>\n\t\t\t\t\t\t\t\t\t\t\t\t<div class=\"d-flex flex-column flex-lg-row align-items-center gap-5 gap-lg-8 justify-content-between\">\n\t\t\t\t\t\t\t<div class=\"fs-20 fs-lg-26 fw-semibold lh-xs\"><\/div>\n\t\t\t\t\t\t\t\t\t\t\t\t\t<\/div>\n\t\t\t\t\t<\/div>\n\t\t\t\t<\/div>\n\t\t\t\t<div class=\"col-lg-4\">\n\t\t\t\t\t<div class=\"tcta2ia__top__right t-0 r-0 bg-primary text-white pt-4 pb-4 px-2 pt-lg-8 pb-lg-16 px-lg-11 pb-xl-30\">\n\t\t\t\t\t\t\t\t\t\t\t\t\t\t\t\t\t\t<h2 class=\"unna fs-36 fs-lg-51 fs-xl-75 fs-italic fw-normal text-secondary\">Notre s\u00e9lection de rooftops Accor pour vos soir\u00e9es estivales<\/h2>\n\t\t\t\t\t\t\t\t\t\t\t\t\t\t\t\t\t\t<h3 class=\"text-white fs-18 fs-lg-20 fs-xl-28 text-original-case\">Mercure Villeneuve-Loubet Plage ****<\/h3>\n\t\t\t\t\t\t\t\t\t\t\t\t\t\t\t\t\t\t<div class=\"fs-wysiwyg mb-4 fs-lg-16 fs-xl-20\"><p><span style=\"font-weight: 400;\">En plein c\u0153ur de la prestigieuse Baie des Anges, entre Nice et Antibes, <a href=\"https:\/\/myallmeeting.com\/fr\/hotel\/mercure-villeneuve-loubet-plage\/\">cet h\u00f4tel<\/a> quatre \u00e9toiles au style californien dispose d\u2019un rooftop terrasse avec piscine qui offre une vue panoramique exceptionnelle sur la M\u00e9diterran\u00e9e.\u00a0<\/span><\/p>\n<p><span style=\"font-weight: 400;\">Son restaurant en plein air,\u00a0<\/span><b>Les Terrasses de Syracuse<\/b><span style=\"font-weight: 400;\">, propose des plats aux saveurs m\u00e9diterran\u00e9ennes\u00a0pour un d\u00eener ou un cocktail avec vue inoubliable.\u00a0Prenez de la hauteur sur la terrasse, autour de la piscine, pour admirer la vue exceptionnelle sur la mer.<\/span><\/p>\n<\/div>\n\t\t\t\t\t\t\t\t\t\t\t\t\t\t\t\t\t\t\t\t\t\t\t\t<p class=\"m-0\"><img decoding=\"async\" src=\"https:\/\/www.myallmeeting.com\/wp-content\/uploads\/2019\/06\/5117-03-633x398.jpg\" class=\"position-relative l-0\" width=\"633\" height=\"398\" alt=\"\" loading=\"lazy\" \/><\/p>\n\t\t\t\t\t\t\t\t\t\t\t<\/div>\n\t\t\t\t<\/div>\n\t\t\t<\/div>\n\t\t<\/div>\n\t<\/div>\n\t<div class=\"tcta2ia__bottom d-lg-none pb-12 py-lg-9 pe-lg-10\">\n\t\t\t\t<div class=\"h2 fs-20 fs-lg-32 fw-semibold\">Sainte-Barbe H\u00f4tel &amp; Spa Le Conquet \u2013 MGallery ****<\/div>\n\t\t\t\t\t\t<div class=\"fs-wysiwyg\"><p><span style=\"font-weight: 400;\">\u00c0 trente minutes de l\u2019a\u00e9roport de Brest, le rooftop &#8211; suspendu entre ciel et mer &#8211; de ce <\/span><a href=\"https:\/\/myallmeeting.com\/fr\/hotel\/b1k8-sainte-barbe-hotel-spa-le-conquet-mgalleryopening-may-2019\/\"><b>MGallery quatre \u00e9toiles<\/b><\/a><span style=\"font-weight: 400;\"> propose une belle carte de cocktails dans <\/span><b>un lieu magique aux couchers de soleil exceptionnels<\/b><span style=\"font-weight: 400;\">.\u00a0<\/span><\/p>\n<p><span style=\"font-weight: 400;\">Quant \u00e0 son restaurant panoramique de fruits de mer \u2013 dirig\u00e9 par un chef ayant fait ses classes aupr\u00e8s des plus grands de la gastronomie fran\u00e7aise -, il c\u00e9l\u00e8bre la richesse des c\u00f4tes bretonnes dans un cadre feutr\u00e9 et haut de gamme.<\/span><\/p>\n<\/div>\n\t\t\t\t<div class=\"d-flex flex-column flex-lg-row align-items-center gap-5 gap-lg-8 justify-content-between\">\n\t\t\t<div class=\"fs-20 fs-lg-26 fw-semibold lh-xs\"><\/div>\n\t\t\t\t\t<\/div>\n\t<\/div>\n<\/div>\n<!-- END OF : Composant : block-periscope-theme-section-composant-25-texte-cta-2-images.php -->\n\n\n<!-- START OF : Composant : block-periscope-theme-section-composant-33-texte-image.php -->\n<div class=\"text-image fs-wysiwyg mb-8 mb-lg-12\" data-component=\"33-texte-image\">\n\t<div class=\"container-fluid\" style=\"--bs-gutter-x: 0\">\n\t\t<div class=\"row\" style=\"--bs-gutter-x: 0\">\n\t\t\t\t\t\t<div class=\"col-lg-6 mb-7 mb-lg-0\">\n\t\t\t\t<img decoding=\"async\" src=\"https:\/\/www.myallmeeting.com\/wp-content\/uploads\/2019\/06\/Novotel-Nice-Centre-Vieux-Nice-1-953x600.jpg\" width=\"953\" height=\"600\" alt=\"\" loading=\"lazy\" class=\"w-100\" \/>\n\t\t\t<\/div>\n\t\t\t\t\t\t<div class=\"col-lg-6\">\n\t\t\t\t<div class=\"text-image__content\">\n\t\t\t\t\t\t\t\t\t\t<div class=\"fw-semibold lh-xs fs-20 fs-lg-32 ls--25 mb-5\">Novotel Nice Centre Vieux-Nice ****<\/div>\n\t\t\t\t\t\t\t\t\t\t\t\t\t\t\t<div class=\"fs-wysiwyg\">\n\t\t\t\t\t\t<p><span style=\"font-weight: 400;\">\u00c0 5 minutes du centre-ville et de la promenade des Anglais,\u00a0<\/span><a href=\"https:\/\/myallmeeting.com\/fr\/hotel\/1103-novotel-nice-centre-vieux-nice\/\"><span style=\"font-weight: 400;\">le Novotel Nice Centre Vieux-Nice<\/span><\/a><span style=\"font-weight: 400;\">\u00a0offre une <\/span><b>vue panoramique sur la ville depuis son rooftop<\/b><span style=\"font-weight: 400;\">. Un espace dot\u00e9 d\u2019une piscine et d\u2019un bar, id\u00e9al pour accueillir une soir\u00e9e cocktail estivale.\u00a0<\/span><\/p>\n<p><span style=\"font-weight: 400;\">C\u00f4t\u00e9 restauration, l\u2019\u00e9tablissement Le Pois Chiche vous propose une cuisine ni\u00e7oise savoureuse, <\/span><b>labellis\u00e9e \u201cCuisine Nissarde\u201d<\/b><span style=\"font-weight: 400;\"> pour son engagement en faveur de la cuisine locale et de l\u2019utilisation de produits locaux.<\/span><\/p>\n\t\t\t\t\t<\/div>\n\t\t\t\t\t\t\t\t\t<\/div>\n\t\t\t<\/div>        \n\t\t<\/div>\n\t<\/div>\n<\/div>\n<!-- END OF : Composant : block-periscope-theme-section-composant-33-texte-image.php -->\n\n\n<!-- START OF : Composant : block-periscope-theme-section-composant-33-texte-image.php -->\n<!-- INVERSE -->\n<div class=\"text-image fs-wysiwyg mb-8 mb-lg-12\" data-component=\"33-texte-image\" data-reverse=\"oui\">\n\t<div class=\"container-fluid\" style=\"--bs-gutter-x: 0\">\n\t\t<div class=\"row\" style=\"--bs-gutter-x: 0\">\n\t\t\t<div class=\"col-lg-6\">\n\t\t\t\t<div class=\"text-image__content\">\n\t\t\t\t\t\t\t\t\t\t<div class=\"fw-semibold lh-xs fs-20 fs-lg-32 ls--25 mb-5\">Pullman Montpellier Centre ****<\/div>\n\t\t\t\t\t\t\t\t\t\t\t\t\t\t\t<div class=\"fs-wysiwyg\">\n\t\t\t\t\t\t<p><span style=\"font-weight: 400;\">Situ\u00e9 au c\u0153ur du centre historique de Montpellier, proche de la place de la Com\u00e9die et des quartiers d\u2019affaires du \u00ab\u00a0Polygone\u00a0\u00bb, <a href=\"https:\/\/myallmeeting.com\/fr\/hotel\/1294-pullman-la-pleiade-montpellier-centre\/\">l\u2019h\u00f4tel<\/a> domine la ville depuis son toit terrasse.\u00a0<\/span><\/p>\n<p><span style=\"font-weight: 400;\">D\u2019un <\/span><b>style chic et contemporain<\/b><span style=\"font-weight: 400;\">, il dispose d\u2019une piscine et d\u2019un restaurant avec vue panoramique, le\u00a0<\/span><b>Vertigo.\u00a0<\/b><span style=\"font-weight: 400;\">Vous pouvez y d\u00e9guster une cuisine raffin\u00e9e aux saveurs m\u00e9diterran\u00e9ennes ou siroter de savoureux cocktails.<\/span><\/p>\n\t\t\t\t\t<\/div>\n\t\t\t\t\t\t\t\t\t<\/div>\n\t\t\t<\/div>    \n\t\t\t    \n\t\t\t<div class=\"col-lg-6 order-first order-lg-last mb-7 mb-lg-0\">\n\t\t\t\t<img decoding=\"async\" src=\"https:\/\/www.myallmeeting.com\/wp-content\/uploads\/2019\/06\/6757-44-953x600.jpg\" width=\"953\" height=\"600\" alt=\"\" loading=\"lazy\" class=\"w-100\" \/>\n\t\t\t<\/div>\n\t\t\t\t\t<\/div>\n\t<\/div>\n<\/div>\n<!-- END OF : Composant : block-periscope-theme-section-composant-33-texte-image.php -->\n\n\n<!-- START OF : Composant : block-periscope-theme-section-composant-33-texte-image.php -->\n<div class=\"text-image fs-wysiwyg mb-8 mb-lg-12\" data-component=\"33-texte-image\">\n\t<div class=\"container-fluid\" style=\"--bs-gutter-x: 0\">\n\t\t<div class=\"row\" style=\"--bs-gutter-x: 0\">\n\t\t\t\t\t\t<div class=\"col-lg-6 mb-7 mb-lg-0\">\n\t\t\t\t<img decoding=\"async\" src=\"https:\/\/www.myallmeeting.com\/wp-content\/uploads\/2019\/06\/Mama-Shelter-Toulouse-1-953x600.jpg\" width=\"953\" height=\"600\" alt=\"\" loading=\"lazy\" class=\"w-100\" \/>\n\t\t\t<\/div>\n\t\t\t\t\t\t<div class=\"col-lg-6\">\n\t\t\t\t<div class=\"text-image__content\">\n\t\t\t\t\t\t\t\t\t\t<div class=\"fw-semibold lh-xs fs-20 fs-lg-32 ls--25 mb-5\">Mama Shelter Toulouse<\/div>\n\t\t\t\t\t\t\t\t\t\t\t\t\t\t\t<div class=\"fs-wysiwyg\">\n\t\t\t\t\t\t<p><span style=\"font-weight: 400;\">En plein centre de la Ville rose, \u00e0 l\u2019abri derri\u00e8re la fa\u00e7ade d\u2019une vieille salle de cin\u00e9ma du\u00a0<\/span><b>boulevard Lazare-Carnot<\/b><span style=\"font-weight: 400;\">, se cache le <a href=\"https:\/\/myallmeeting.com\/fr\/hotel\/b395-mama-shelter-toulouse-opening-october-2018\/\">Mama Shelter<\/a>. Depuis son c\u00e9l\u00e8bre\u00a0<\/span><b>rooftop<\/b><span style=\"font-weight: 400;\">\u00a0au style \u00ab\u00a0tropicool\u00a0\u00bb, vous pouvez admirer le panorama tout en d\u00e9gustant un vin local ou une pizza tout juste sortie du four.<\/span><\/p>\n\t\t\t\t\t<\/div>\n\t\t\t\t\t\t\t\t\t<\/div>\n\t\t\t<\/div>        \n\t\t<\/div>\n\t<\/div>\n<\/div>\n<!-- END OF : Composant : block-periscope-theme-section-composant-33-texte-image.php -->\n\n\n<!-- START OF : Composant : block-periscope-theme-section-composant-33-texte-image.php -->\n<!-- INVERSE -->\n<div class=\"text-image fs-wysiwyg mb-8 mb-lg-12\" data-component=\"33-texte-image\" data-reverse=\"oui\">\n\t<div class=\"container-fluid\" style=\"--bs-gutter-x: 0\">\n\t\t<div class=\"row\" style=\"--bs-gutter-x: 0\">\n\t\t\t<div class=\"col-lg-6\">\n\t\t\t\t<div class=\"text-image__content\">\n\t\t\t\t\t\t\t\t\t\t<div class=\"fw-semibold lh-xs fs-20 fs-lg-32 ls--25 mb-5\">Sofitel Marseille Vieux Port *****<\/div>\n\t\t\t\t\t\t\t\t\t\t\t\t\t\t\t<div class=\"fs-wysiwyg\">\n\t\t\t\t\t\t<p><span style=\"font-weight: 400;\">Depuis son bar <\/span><i><span style=\"font-weight: 400;\">skylounge <\/span><\/i><span style=\"font-weight: 400;\">Dant\u00e8s, le\u00a0<\/span><a href=\"https:\/\/myallmeeting.com\/fr\/hotel\/0542-sofitel-marseille-vieux-port\/\"><span style=\"font-weight: 400;\">Sofitel Marseille Vieux-Port<\/span><\/a><span style=\"font-weight: 400;\">\u00a0offre le plus beau panorama de la ville, avec les voiliers en contrebas et le Mucem. <\/span><b>Un rooftop o\u00f9 vous pourrez profiter de la douceur de l\u2019air marin<\/b><span style=\"font-weight: 400;\">, confortablement install\u00e9 dans des fauteuils cosy tout en d\u00e9gustant un d\u00e9licieux cocktail.<\/span><\/p>\n<p>&nbsp;<\/p>\n<p><span style=\"font-weight: 400;\">Parmi tous ces rooftop, le plus dur ne sera certainement pas de r\u00e9server sur MonMeeting.com mais de choisir lequel accueillera votre prochaine soir\u00e9e d\u2019\u00e9t\u00e9 en plein air.\u00a0<\/span><\/p>\n\t\t\t\t\t<\/div>\n\t\t\t\t\t\t\t\t\t<\/div>\n\t\t\t<\/div>    \n\t\t\t    \n\t\t\t<div class=\"col-lg-6 order-first order-lg-last mb-7 mb-lg-0\">\n\t\t\t\t<img decoding=\"async\" src=\"https:\/\/www.myallmeeting.com\/wp-content\/uploads\/2019\/06\/Sofitel-Marseille-Vieux-Port-6-953x600.jpg\" width=\"953\" height=\"600\" alt=\"\" loading=\"lazy\" class=\"w-100\" \/>\n\t\t\t<\/div>\n\t\t\t\t\t<\/div>\n\t<\/div>\n<\/div>\n<!-- END OF : Composant : block-periscope-theme-section-composant-33-texte-image.php -->\n","protected":false},"excerpt":{"rendered":"<p>Soir\u00e9es estivales et rooftops vont de pair, d\u00e9couvrez notre s\u00e9lection<\/p>\n","protected":false},"featured_media":15964878,"menu_order":0,"template":"","periscope_categorie_tax":[1648],"class_list":["post-15226717","article","type-article","status-publish","has-post-thumbnail","hentry","periscope_categorie_tax-tous-nos-tops-selections"],"acf":[],"yoast_head":"<title>Notre s\u00e9lection de rooftops Accor pour vos soir\u00e9es estivales - Accor MyAllMeeting.com<\/title>\n<meta name=\"robots\" content=\"index, follow, max-snippet:-1, max-image-preview:large, max-video-preview:-1\" \/>\n<link rel=\"canonical\" href=\"https:\/\/www.myallmeeting.com\/fr\/wp-json\/wp\/v2\/article\/15226717\" \/>\n<meta property=\"og:locale\" content=\"fr_FR\" \/>\n<meta property=\"og:type\" content=\"article\" \/>\n<meta property=\"og:title\" content=\"Notre s\u00e9lection de rooftops Accor pour vos soir\u00e9es estivales - Accor MyAllMeeting.com\" \/>\n<meta property=\"og:description\" content=\"Soir\u00e9es estivales et rooftops vont de pair, d\u00e9couvrez notre s\u00e9lection\" \/>\n<meta property=\"og:url\" content=\"https:\/\/www.myallmeeting.com\/fr\/article\/notre-selection-de-rooftops-accor-pour-vos-soirees-estivales\/\" \/>\n<meta property=\"og:site_name\" content=\"Accor MyAllMeeting.com\" \/>\n<meta property=\"article:modified_time\" content=\"2024-07-16T12:55:27+00:00\" \/>\n<meta property=\"og:image\" content=\"http:\/\/myallmeeting.com\/wp-content\/uploads\/2019\/06\/Sofitel-Marseille-Vieux-Port-1024x304.png\" \/>\n\t<meta property=\"og:image:width\" content=\"1024\" \/>\n\t<meta property=\"og:image:height\" content=\"304\" \/>\n\t<meta property=\"og:image:type\" content=\"image\/png\" \/>\n<meta name=\"twitter:card\" content=\"summary_large_image\" \/>\n<meta name=\"twitter:label1\" content=\"Dur\u00e9e de lecture estim\u00e9e\" \/>\n\t<meta name=\"twitter:data1\" content=\"4 minutes\" \/>\n<script type=\"application\/ld+json\" class=\"yoast-schema-graph\">{\"@context\":\"https:\/\/schema.org\",\"@graph\":[{\"@type\":\"WebPage\",\"@id\":\"https:\/\/www.myallmeeting.com\/fr\/article\/notre-selection-de-rooftops-accor-pour-vos-soirees-estivales\/\",\"url\":\"https:\/\/www.myallmeeting.com\/fr\/article\/notre-selection-de-rooftops-accor-pour-vos-soirees-estivales\/\",\"name\":\"Notre s\u00e9lection de rooftops Accor pour vos soir\u00e9es estivales - Accor MyAllMeeting.com\",\"isPartOf\":{\"@id\":\"https:\/\/www.myallmeeting.com\/fr\/#website\"},\"primaryImageOfPage\":{\"@id\":\"https:\/\/www.myallmeeting.com\/fr\/article\/notre-selection-de-rooftops-accor-pour-vos-soirees-estivales\/#primaryimage\"},\"image\":{\"@id\":\"https:\/\/www.myallmeeting.com\/fr\/article\/notre-selection-de-rooftops-accor-pour-vos-soirees-estivales\/#primaryimage\"},\"thumbnailUrl\":\"https:\/\/www.myallmeeting.com\/wp-content\/uploads\/2019\/06\/Sofitel-Marseille-Vieux-Port.png\",\"datePublished\":\"2019-06-20T16:07:17+00:00\",\"dateModified\":\"2024-07-16T12:55:27+00:00\",\"breadcrumb\":{\"@id\":\"https:\/\/www.myallmeeting.com\/fr\/article\/notre-selection-de-rooftops-accor-pour-vos-soirees-estivales\/#breadcrumb\"},\"inLanguage\":\"fr-FR\",\"potentialAction\":[{\"@type\":\"ReadAction\",\"target\":[\"https:\/\/www.myallmeeting.com\/fr\/article\/notre-selection-de-rooftops-accor-pour-vos-soirees-estivales\/\"]}]},{\"@type\":\"ImageObject\",\"inLanguage\":\"fr-FR\",\"@id\":\"https:\/\/www.myallmeeting.com\/fr\/article\/notre-selection-de-rooftops-accor-pour-vos-soirees-estivales\/#primaryimage\",\"url\":\"https:\/\/www.myallmeeting.com\/wp-content\/uploads\/2019\/06\/Sofitel-Marseille-Vieux-Port.png\",\"contentUrl\":\"https:\/\/www.myallmeeting.com\/wp-content\/uploads\/2019\/06\/Sofitel-Marseille-Vieux-Port.png\",\"width\":1920,\"height\":570},{\"@type\":\"BreadcrumbList\",\"@id\":\"https:\/\/www.myallmeeting.com\/fr\/article\/notre-selection-de-rooftops-accor-pour-vos-soirees-estivales\/#breadcrumb\",\"itemListElement\":[{\"@type\":\"ListItem\",\"position\":1,\"name\":\"Accueil\",\"item\":\"https:\/\/myallmeeting.com\/fr\/\"},{\"@type\":\"ListItem\",\"position\":2,\"name\":\"Actualit\u00e9s\",\"item\":\"https:\/\/www.myallmeeting.com\/fr\/actualite\/\"},{\"@type\":\"ListItem\",\"position\":3,\"name\":\"Notre s\u00e9lection de rooftops Accor pour vos soir\u00e9es estivales\"}]},{\"@type\":\"WebSite\",\"@id\":\"https:\/\/www.myallmeeting.com\/fr\/#website\",\"url\":\"https:\/\/www.myallmeeting.com\/fr\/\",\"name\":\"Accor MyAllMeeting.com\",\"description\":\"Les Meilleurs lieux pour vos Ev\u00e9nements Professionnels\",\"publisher\":{\"@id\":\"https:\/\/www.myallmeeting.com\/fr\/#organization\"},\"potentialAction\":[{\"@type\":\"SearchAction\",\"target\":{\"@type\":\"EntryPoint\",\"urlTemplate\":\"https:\/\/www.myallmeeting.com\/fr\/?s={search_term_string}\"},\"query-input\":{\"@type\":\"PropertyValueSpecification\",\"valueRequired\":true,\"valueName\":\"search_term_string\"}}],\"inLanguage\":\"fr-FR\"},{\"@type\":\"Organization\",\"@id\":\"https:\/\/www.myallmeeting.com\/fr\/#organization\",\"name\":\"ACCOR\",\"url\":\"https:\/\/www.myallmeeting.com\/fr\/\",\"logo\":{\"@type\":\"ImageObject\",\"inLanguage\":\"fr-FR\",\"@id\":\"https:\/\/www.myallmeeting.com\/fr\/#\/schema\/logo\/image\/\",\"url\":\"\",\"contentUrl\":\"\",\"caption\":\"ACCOR\"},\"image\":{\"@id\":\"https:\/\/www.myallmeeting.com\/fr\/#\/schema\/logo\/image\/\"}}]}<\/script>","yoast_head_json":{"title":"Notre s\u00e9lection de rooftops Accor pour vos soir\u00e9es estivales - Accor MyAllMeeting.com","robots":{"index":"index","follow":"follow","max-snippet":"max-snippet:-1","max-image-preview":"max-image-preview:large","max-video-preview":"max-video-preview:-1"},"canonical":"https:\/\/www.myallmeeting.com\/fr\/wp-json\/wp\/v2\/article\/15226717","og_locale":"fr_FR","og_type":"article","og_title":"Notre s\u00e9lection de rooftops Accor pour vos soir\u00e9es estivales - Accor MyAllMeeting.com","og_description":"Soir\u00e9es estivales et rooftops vont de pair, d\u00e9couvrez notre s\u00e9lection","og_url":"https:\/\/www.myallmeeting.com\/fr\/article\/notre-selection-de-rooftops-accor-pour-vos-soirees-estivales\/","og_site_name":"Accor MyAllMeeting.com","article_modified_time":"2024-07-16T12:55:27+00:00","og_image":[{"width":1024,"height":304,"url":"http:\/\/myallmeeting.com\/wp-content\/uploads\/2019\/06\/Sofitel-Marseille-Vieux-Port-1024x304.png","type":"image\/png"}],"twitter_card":"summary_large_image","twitter_misc":{"Dur\u00e9e de lecture estim\u00e9e":"4 minutes"},"schema":{"@context":"https:\/\/schema.org","@graph":[{"@type":"WebPage","@id":"https:\/\/www.myallmeeting.com\/fr\/article\/notre-selection-de-rooftops-accor-pour-vos-soirees-estivales\/","url":"https:\/\/www.myallmeeting.com\/fr\/article\/notre-selection-de-rooftops-accor-pour-vos-soirees-estivales\/","name":"Notre s\u00e9lection de rooftops Accor pour vos soir\u00e9es estivales - Accor MyAllMeeting.com","isPartOf":{"@id":"https:\/\/www.myallmeeting.com\/fr\/#website"},"primaryImageOfPage":{"@id":"https:\/\/www.myallmeeting.com\/fr\/article\/notre-selection-de-rooftops-accor-pour-vos-soirees-estivales\/#primaryimage"},"image":{"@id":"https:\/\/www.myallmeeting.com\/fr\/article\/notre-selection-de-rooftops-accor-pour-vos-soirees-estivales\/#primaryimage"},"thumbnailUrl":"https:\/\/www.myallmeeting.com\/wp-content\/uploads\/2019\/06\/Sofitel-Marseille-Vieux-Port.png","datePublished":"2019-06-20T16:07:17+00:00","dateModified":"2024-07-16T12:55:27+00:00","breadcrumb":{"@id":"https:\/\/www.myallmeeting.com\/fr\/article\/notre-selection-de-rooftops-accor-pour-vos-soirees-estivales\/#breadcrumb"},"inLanguage":"fr-FR","potentialAction":[{"@type":"ReadAction","target":["https:\/\/www.myallmeeting.com\/fr\/article\/notre-selection-de-rooftops-accor-pour-vos-soirees-estivales\/"]}]},{"@type":"ImageObject","inLanguage":"fr-FR","@id":"https:\/\/www.myallmeeting.com\/fr\/article\/notre-selection-de-rooftops-accor-pour-vos-soirees-estivales\/#primaryimage","url":"https:\/\/www.myallmeeting.com\/wp-content\/uploads\/2019\/06\/Sofitel-Marseille-Vieux-Port.png","contentUrl":"https:\/\/www.myallmeeting.com\/wp-content\/uploads\/2019\/06\/Sofitel-Marseille-Vieux-Port.png","width":1920,"height":570},{"@type":"BreadcrumbList","@id":"https:\/\/www.myallmeeting.com\/fr\/article\/notre-selection-de-rooftops-accor-pour-vos-soirees-estivales\/#breadcrumb","itemListElement":[{"@type":"ListItem","position":1,"name":"Accueil","item":"https:\/\/myallmeeting.com\/fr\/"},{"@type":"ListItem","position":2,"name":"Actualit\u00e9s","item":"https:\/\/www.myallmeeting.com\/fr\/actualite\/"},{"@type":"ListItem","position":3,"name":"Notre s\u00e9lection de rooftops Accor pour vos soir\u00e9es estivales"}]},{"@type":"WebSite","@id":"https:\/\/www.myallmeeting.com\/fr\/#website","url":"https:\/\/www.myallmeeting.com\/fr\/","name":"Accor MyAllMeeting.com","description":"Les Meilleurs lieux pour vos Ev\u00e9nements Professionnels","publisher":{"@id":"https:\/\/www.myallmeeting.com\/fr\/#organization"},"potentialAction":[{"@type":"SearchAction","target":{"@type":"EntryPoint","urlTemplate":"https:\/\/www.myallmeeting.com\/fr\/?s={search_term_string}"},"query-input":{"@type":"PropertyValueSpecification","valueRequired":true,"valueName":"search_term_string"}}],"inLanguage":"fr-FR"},{"@type":"Organization","@id":"https:\/\/www.myallmeeting.com\/fr\/#organization","name":"ACCOR","url":"https:\/\/www.myallmeeting.com\/fr\/","logo":{"@type":"ImageObject","inLanguage":"fr-FR","@id":"https:\/\/www.myallmeeting.com\/fr\/#\/schema\/logo\/image\/","url":"","contentUrl":"","caption":"ACCOR"},"image":{"@id":"https:\/\/www.myallmeeting.com\/fr\/#\/schema\/logo\/image\/"}}]}},"_links":{"self":[{"href":"https:\/\/www.myallmeeting.com\/fr\/wp-json\/wp\/v2\/article\/15226717","targetHints":{"allow":["GET"]}}],"collection":[{"href":"https:\/\/www.myallmeeting.com\/fr\/wp-json\/wp\/v2\/article"}],"about":[{"href":"https:\/\/www.myallmeeting.com\/fr\/wp-json\/wp\/v2\/types\/article"}],"wp:featuredmedia":[{"embeddable":true,"href":"https:\/\/www.myallmeeting.com\/fr\/wp-json\/wp\/v2\/media\/15964878"}],"wp:attachment":[{"href":"https:\/\/www.myallmeeting.com\/fr\/wp-json\/wp\/v2\/media?parent=15226717"}],"wp:term":[{"taxonomy":"periscope_categorie_tax","embeddable":true,"href":"https:\/\/www.myallmeeting.com\/fr\/wp-json\/wp\/v2\/periscope_categorie_tax?post=15226717"}],"curies":[{"name":"wp","href":"https:\/\/api.w.org\/{rel}","templated":true}]}}