{"id":15226715,"date":"2019-09-11T15:23:43","date_gmt":"2019-09-11T13:23:43","guid":{"rendered":"https:\/\/myallmeeting.com\/article\/un-seminaire-au-pied-des-alpes\/"},"modified":"2024-11-25T12:21:22","modified_gmt":"2024-11-25T11:21:22","slug":"un-seminaire-au-pied-des-alpes","status":"publish","type":"article","link":"https:\/\/www.myallmeeting.com\/fr\/article\/un-seminaire-au-pied-des-alpes\/","title":{"rendered":"Un s\u00e9minaire au pied des Alpes"},"content":{"rendered":"<!-- START OF : Composant : block-periscope-theme-section-composant-25-texte-cta-2-images.php -->\n<div class=\"tcta2ia bg-white fs-wysiwyg mb-lg-12\" data-component=\"25-texte-cta-2-images\">\n\t<div class=\"tcta2ia__top\">\n\t\t<div class=\"container-fluid\" style=\"--bs-gutter-x: 0\">\n\t\t\t<div class=\"row\" style=\"--bs-gutter-x: 0\">\n\t\t\t\t<div class=\"col-lg-8\">\n\t\t\t\t\t\t\t\t\t\t<div class=\"bloc-mise-en-avant__top__left\">\n\t\t\t\t\t\t<img decoding=\"async\" src=\"https:\/\/www.myallmeeting.com\/wp-content\/uploads\/2019\/09\/aja_p_6168-87__original-1268x846.jpeg\" class=\"pe-2 pe-lg-0\" width=\"1268\" height=\"846\" alt=\"\" loading=\"lazy\" \/>\n\t\t\t\t\t<\/div>\n\t\t\t\t\t\t\t\t\t\t<div class=\"tcta2ia__bottom d-none d-lg-block pb-12 pt-lg-9 pb-lg-0 pe-lg-10\">\n\t\t\t\t\t\t\t\t\t\t\t\t<h2 class=\"fs-20 fs-lg-32 fw-semibold\">Mercure Aix-les-Bains Domaine de Marlioz****<\/h2>\n\t\t\t\t\t\t\t\t\t\t\t\t\t\t\t\t\t\t<div class=\"fs-wysiwyg\"><p><span style=\"font-weight: 400;\">Au c\u0153ur de la Savoie, tout pr\u00e8s du lac du Bourget, le plus grand lac naturel de France, <a href=\"https:\/\/myallmeeting.com\/fr\/hotel\/2945-mercure-aix-les-bains-domaine-de-marlioz-hotel-spa\/\" target=\"_blank\" rel=\"noopener\">le domaine<\/a> est situ\u00e9 dans un parc de 10 hectares aux arbres centenaires. <\/span><b>Il comprend deux h\u00f4tels, un restaurant, un bar, un institut &amp; spa, des thermes et un grand\u00a0<\/b><b><i>meeting center<\/i><\/b><b>\u00a0pouvant accueillir tous vos \u00e9v\u00e8nements professionnels<\/b><span style=\"font-weight: 400;\">\u00a0: \u00ab\u00a0codir\u00a0\u00bb, formation, r\u00e9union, convention\u2026\u00a0<\/span><\/p>\n<p><span style=\"font-weight: 400;\">Il dispose de <\/span><b>14 salons, de 21\u00a0m\u00b2 \u00e0 330\u00a0m\u00b2<\/b><span style=\"font-weight: 400;\">, tous profitant de la lumi\u00e8re du jour et de la vue sur la piscine, qui s\u2019adaptent \u00e0 tous vos besoins. Une destination id\u00e9ale pour un \u00e9v\u00e9nement professionnel m\u00ealant travail et remise en forme.<\/span><\/p>\n<\/div>\n\t\t\t\t\t\t\t\t\t\t\t\t<div class=\"d-flex flex-column flex-lg-row align-items-center gap-5 gap-lg-8 justify-content-between\">\n\t\t\t\t\t\t\t<div class=\"fs-20 fs-lg-26 fw-semibold lh-xs\"><\/div>\n\t\t\t\t\t\t\t\t\t\t\t\t\t<\/div>\n\t\t\t\t\t<\/div>\n\t\t\t\t<\/div>\n\t\t\t\t<div class=\"col-lg-4\">\n\t\t\t\t\t<div class=\"tcta2ia__top__right t-0 r-0 bg-primary text-white pt-4 pb-4 px-2 pt-lg-8 pb-lg-16 px-lg-11 pb-xl-30\">\n\t\t\t\t\t\t\t\t\t\t\t\t\t\t\t\t\t\t<h2 class=\"unna fs-36 fs-lg-51 fs-xl-75 fs-italic fw-normal text-secondary\">Un s\u00e9minaire au pied des Alpes<\/h2>\n\t\t\t\t\t\t\t\t\t\t\t\t\t\t\t\t\t\t<h3 class=\"text-white fs-18 fs-lg-20 fs-xl-28 text-original-case\">Novotel Annecy Centre****<\/h3>\n\t\t\t\t\t\t\t\t\t\t\t\t\t\t\t\t\t\t<div class=\"fs-wysiwyg mb-4 fs-lg-16 fs-xl-20\"><p>S<span style=\"font-weight: 400;\">itu\u00e9 entre le c\u00e9l\u00e8bre lac aux eaux cristallines et les montagnes, <\/span><b><a href=\"https:\/\/myallmeeting.com\/fr\/hotel\/1357-atria-novotel-annecy-centre\/\" target=\"_blank\" rel=\"noopener\">cet h\u00f4tel<\/a> offre un bel esprit \u00ab\u00a0plein air\u00a0\u00bb<\/b><span style=\"font-weight: 400;\">. Un emplacement privil\u00e9gi\u00e9 pour d\u00e9couvrir le centre historique de la Venise des Alpes ou profiter tout simplement de la qui\u00e9tude de son lac.\u00a0<\/span><\/p>\n<p><span style=\"font-weight: 400;\">Pour vos s\u00e9minaires, vous disposez de <\/span><b>10 salles de r\u00e9union, b\u00e9n\u00e9ficiant toutes de la lumi\u00e8re du jour, et d\u2019un amphith\u00e9\u00e2tre de 150 places<\/b><span style=\"font-weight: 400;\">. C\u00f4t\u00e9 restauration, vous aurez \u00e9galement le plaisir de d\u00e9couvrir le nouveau restaurant au concept de refuge gourmand,\u00a0<\/span><b>The Craic<\/b><span style=\"font-weight: 400;\">, dirig\u00e9 par un jeune chef talentueux, Mathieu Laville.<\/span><\/p>\n<\/div>\n\t\t\t\t\t\t\t\t\t\t\t\t\t\t\t\t\t\t\t\t\t\t\t\t<p class=\"m-0\"><img decoding=\"async\" src=\"https:\/\/www.myallmeeting.com\/wp-content\/uploads\/2019\/09\/aja_p_5481-46__original-633x398.jpeg\" class=\"position-relative l-0\" width=\"633\" height=\"398\" alt=\"\" loading=\"lazy\" \/><\/p>\n\t\t\t\t\t\t\t\t\t\t\t<\/div>\n\t\t\t\t<\/div>\n\t\t\t<\/div>\n\t\t<\/div>\n\t<\/div>\n\t<div class=\"tcta2ia__bottom d-lg-none pb-12 py-lg-9 pe-lg-10\">\n\t\t\t\t<div class=\"h2 fs-20 fs-lg-32 fw-semibold\">Mercure Aix-les-Bains Domaine de Marlioz****<\/div>\n\t\t\t\t\t\t<div class=\"fs-wysiwyg\"><p><span style=\"font-weight: 400;\">Au c\u0153ur de la Savoie, tout pr\u00e8s du lac du Bourget, le plus grand lac naturel de France, <a href=\"https:\/\/myallmeeting.com\/fr\/hotel\/2945-mercure-aix-les-bains-domaine-de-marlioz-hotel-spa\/\" target=\"_blank\" rel=\"noopener\">le domaine<\/a> est situ\u00e9 dans un parc de 10 hectares aux arbres centenaires. <\/span><b>Il comprend deux h\u00f4tels, un restaurant, un bar, un institut &amp; spa, des thermes et un grand\u00a0<\/b><b><i>meeting center<\/i><\/b><b>\u00a0pouvant accueillir tous vos \u00e9v\u00e8nements professionnels<\/b><span style=\"font-weight: 400;\">\u00a0: \u00ab\u00a0codir\u00a0\u00bb, formation, r\u00e9union, convention\u2026\u00a0<\/span><\/p>\n<p><span style=\"font-weight: 400;\">Il dispose de <\/span><b>14 salons, de 21\u00a0m\u00b2 \u00e0 330\u00a0m\u00b2<\/b><span style=\"font-weight: 400;\">, tous profitant de la lumi\u00e8re du jour et de la vue sur la piscine, qui s\u2019adaptent \u00e0 tous vos besoins. Une destination id\u00e9ale pour un \u00e9v\u00e9nement professionnel m\u00ealant travail et remise en forme.<\/span><\/p>\n<\/div>\n\t\t\t\t<div class=\"d-flex flex-column flex-lg-row align-items-center gap-5 gap-lg-8 justify-content-between\">\n\t\t\t<div class=\"fs-20 fs-lg-26 fw-semibold lh-xs\"><\/div>\n\t\t\t\t\t<\/div>\n\t<\/div>\n<\/div>\n<!-- END OF : Composant : block-periscope-theme-section-composant-25-texte-cta-2-images.php -->\n\n\n<!-- START OF : Composant : block-periscope-theme-section-composant-33-texte-image.php -->\n<div class=\"text-image fs-wysiwyg mb-8 mb-lg-12\" data-component=\"33-texte-image\">\n\t<div class=\"container-fluid\" style=\"--bs-gutter-x: 0\">\n\t\t<div class=\"row\" style=\"--bs-gutter-x: 0\">\n\t\t\t\t\t\t<div class=\"col-lg-6 mb-7 mb-lg-0\">\n\t\t\t\t<img decoding=\"async\" src=\"https:\/\/www.myallmeeting.com\/wp-content\/uploads\/2019\/09\/aja_p_3498-48__original-953x600.jpeg\" width=\"953\" height=\"600\" alt=\"\" loading=\"lazy\" class=\"w-100\" \/>\n\t\t\t<\/div>\n\t\t\t\t\t\t<div class=\"col-lg-6\">\n\t\t\t\t<div class=\"text-image__content\">\n\t\t\t\t\t\t\t\t\t\t<div class=\"fw-semibold lh-xs fs-20 fs-lg-32 ls--25 mb-5\">Park H\u00f4tel Grenoble \u2013 MGallery****<\/div>\n\t\t\t\t\t\t\t\t\t\t\t\t\t\t\t<div class=\"fs-wysiwyg\">\n\t\t\t\t\t\t<p><span style=\"font-weight: 400;\">Con\u00e7u dans un esprit contemporain, sign\u00e9 des d\u00e9corateurs \u201cLes H\u00e9ritiers\u201d, <a href=\"https:\/\/myallmeeting.com\/fr\/hotel\/9350-park-hotel-grenoble-mgallery\/\" target=\"_blank\" rel=\"noopener\">l\u2019h\u00f4tel<\/a> est situ\u00e9 en plein centre de Grenoble. Il offre une vue imprenable sur le parc Paul Mistral avec ses 21 hectares de pelouse et de for\u00eat. Un cadre verdoyant tr\u00e8s agr\u00e9able pour vos s\u00e9jours touristiques ou professionnels dans la capitale des Alpes. Pour une r\u00e9union haut de gamme ou un repas d\u2019affaires, <\/span><b>l\u2019h\u00f4tel dispose d\u2019un salon climatis\u00e9 \u00e9l\u00e9gant au chic intemporel<\/b><span style=\"font-weight: 400;\">.<\/span><\/p>\n\t\t\t\t\t<\/div>\n\t\t\t\t\t\t\t\t\t<\/div>\n\t\t\t<\/div>        \n\t\t<\/div>\n\t<\/div>\n<\/div>\n<!-- END OF : Composant : block-periscope-theme-section-composant-33-texte-image.php -->\n\n\n<!-- START OF : Composant : block-periscope-theme-section-composant-33-texte-image.php -->\n<!-- INVERSE -->\n<div class=\"text-image fs-wysiwyg mb-8 mb-lg-12\" data-component=\"33-texte-image\" data-reverse=\"oui\">\n\t<div class=\"container-fluid\" style=\"--bs-gutter-x: 0\">\n\t\t<div class=\"row\" style=\"--bs-gutter-x: 0\">\n\t\t\t<div class=\"col-lg-6\">\n\t\t\t\t<div class=\"text-image__content\">\n\t\t\t\t\t\t\t\t\t\t<div class=\"fw-semibold lh-xs fs-20 fs-lg-32 ls--25 mb-5\">Ibis Styles Saint-Julien-en-Genevois Vitam***<\/div>\n\t\t\t\t\t\t\t\t\t\t\t\t\t\t\t<div class=\"fs-wysiwyg\">\n\t\t\t\t\t\t<p><span style=\"font-weight: 400;\">Entre lacs et montagnes, <a href=\"https:\/\/myallmeeting.com\/fr\/hotel\/7430-ibis-styles-saint-julien-en-genevois-vitam\/\" target=\"_blank\" rel=\"noopener\">cet h\u00f4tel<\/a> est \u00e0 moins de 30 minutes d\u2019Annecy ou de l\u2019a\u00e9roport international de Gen\u00e8ve. Situ\u00e9 au c\u0153ur du centre de loisirs et de bien-\u00eatre Vitam, il offre un cadre parfait pour un s\u00e9minaire ponctu\u00e9 d\u2019une pointe de fun gr\u00e2ce au parc aquatique attenant.\u00a0<\/span><\/p>\n<p><span style=\"font-weight: 400;\">C\u00f4t\u00e9 r\u00e9union, <\/span><b>l\u2019h\u00f4tel dispose de 6 salles pouvant accueillir tous types d\u2019\u00e9v\u00e9nements jusqu\u2019\u00e0 140 personnes<\/b><span style=\"font-weight: 400;\">.<\/span><span style=\"font-weight: 400;\"><br \/>\n<\/span><\/p>\n\t\t\t\t\t<\/div>\n\t\t\t\t\t\t\t\t\t<\/div>\n\t\t\t<\/div>    \n\t\t\t    \n\t\t\t<div class=\"col-lg-6 order-first order-lg-last mb-7 mb-lg-0\">\n\t\t\t\t<img decoding=\"async\" src=\"https:\/\/www.myallmeeting.com\/wp-content\/uploads\/2019\/09\/aja_p_4982-17__original-953x600.jpeg\" width=\"953\" height=\"600\" alt=\"\" loading=\"lazy\" class=\"w-100\" \/>\n\t\t\t<\/div>\n\t\t\t\t\t<\/div>\n\t<\/div>\n<\/div>\n<!-- END OF : Composant : block-periscope-theme-section-composant-33-texte-image.php -->\n\n\n<!-- START OF : Composant : block-periscope-theme-section-composant-33-texte-image.php -->\n<div class=\"text-image fs-wysiwyg mb-8 mb-lg-12\" data-component=\"33-texte-image\">\n\t<div class=\"container-fluid\" style=\"--bs-gutter-x: 0\">\n\t\t<div class=\"row\" style=\"--bs-gutter-x: 0\">\n\t\t\t\t\t\t<div class=\"col-lg-6 mb-7 mb-lg-0\">\n\t\t\t\t<img decoding=\"async\" src=\"https:\/\/www.myallmeeting.com\/wp-content\/uploads\/2019\/09\/HCM_P_0012436__original-953x600.jpeg\" width=\"953\" height=\"600\" alt=\"\" loading=\"lazy\" class=\"w-100\" \/>\n\t\t\t<\/div>\n\t\t\t\t\t\t<div class=\"col-lg-6\">\n\t\t\t\t<div class=\"text-image__content\">\n\t\t\t\t\t\t\t\t\t\t<div class=\"fw-semibold lh-xs fs-20 fs-lg-32 ls--25 mb-5\">H\u00f4tel ibis Styles Aix-les-Bains Domaine de Marlioz****<\/div>\n\t\t\t\t\t\t\t\t\t\t\t\t\t\t\t<div class=\"fs-wysiwyg\">\n\t\t\t\t\t\t<p><span style=\"font-weight: 400;\">Lac, verdure, montagne\u2026 <a href=\"https:\/\/www.myallmeeting.com\/fr\/hotel\/2944-hotel-ibis-styles-aix-les-bains-domaine-de-marlioz\/\" target=\"_blank\" rel=\"noopener\">Cet Ibis Style<\/a> vous accueille dans un paradis de nature, le lieu id\u00e9al pour se d\u00e9tendre \u00e0 l\u2019occasion d\u2019un s\u00e9jour loisirs ou famille. Ou pour vos \u00e9v\u00e9nements professionnels : dans\u00a0 le Domaine de Marlioz &#8211; qui inclut le Mercure Aix-les-Bains-, <\/span><b>\u00a0ce sont quinze salles de r\u00e9union qui sont r\u00e9servables, de tailles variables, en fonction de vos besoins<\/b><span style=\"font-weight: 400;\">. Le cadre id\u00e9al pour faire \u00e9merger les meilleures id\u00e9es. Pour les moments de d\u00e9tente, piscine ext\u00e9rieure et spa Nux sont \u00e0 votre disposition.\u00a0<\/span><\/p>\n\t\t\t\t\t<\/div>\n\t\t\t\t\t\t\t\t\t<\/div>\n\t\t\t<\/div>        \n\t\t<\/div>\n\t<\/div>\n<\/div>\n<!-- END OF : Composant : block-periscope-theme-section-composant-33-texte-image.php -->\n\n\n<!-- START OF : Composant : block-periscope-theme-section-composant-33-texte-image.php -->\n<!-- INVERSE -->\n<div class=\"text-image fs-wysiwyg mb-8 mb-lg-12\" data-component=\"33-texte-image\" data-reverse=\"oui\">\n\t<div class=\"container-fluid\" style=\"--bs-gutter-x: 0\">\n\t\t<div class=\"row\" style=\"--bs-gutter-x: 0\">\n\t\t\t<div class=\"col-lg-6\">\n\t\t\t\t<div class=\"text-image__content\">\n\t\t\t\t\t\t\t\t\t\t<div class=\"fw-semibold lh-xs fs-20 fs-lg-32 ls--25 mb-5\">H\u00f4tel Mercure Annemasse Porte de Gen\u00e8ve****<\/div>\n\t\t\t\t\t\t\t\t\t\t\t\t\t\t\t<div class=\"fs-wysiwyg\">\n\t\t\t\t\t\t<p><span style=\"font-weight: 400;\">De style scandinave, proche du lac L\u00e9man, <a href=\"https:\/\/myallmeeting.com\/fr\/hotel\/0343-hotel-mercure-annemasse-porte-de-geneve\/\" target=\"_blank\" rel=\"noopener\">cet \u00e9tablissement<\/a> offre un un environnement id\u00e9al pour se ressourcer\u2026 et travailler : <\/span><b>quatre salles de r\u00e9union et un grand parking peuvent accueillir vos s\u00e9minaires<\/b><span style=\"font-weight: 400;\">. Apr\u00e8s les r\u00e9unions, n\u2019h\u00e9sitez pas \u00e0 vous d\u00e9tendre dans la piscine ext\u00e9rieure, \u00e0 bronzer sur la terrasse ou \u00e0 d\u00e9guster un verre de vin local ou une autre sp\u00e9cialit\u00e9 dans notre brasserie La Yourte.\u00a0\u00a0<\/span><\/p>\n\t\t\t\t\t<\/div>\n\t\t\t\t\t\t\t\t\t<\/div>\n\t\t\t<\/div>    \n\t\t\t    \n\t\t\t<div class=\"col-lg-6 order-first order-lg-last mb-7 mb-lg-0\">\n\t\t\t\t<img decoding=\"async\" src=\"https:\/\/www.myallmeeting.com\/wp-content\/uploads\/2019\/09\/aja_p_4964-55__original-953x600.jpeg\" width=\"953\" height=\"600\" alt=\"\" loading=\"lazy\" class=\"w-100\" \/>\n\t\t\t<\/div>\n\t\t\t\t\t<\/div>\n\t<\/div>\n<\/div>\n<!-- END OF : Composant : block-periscope-theme-section-composant-33-texte-image.php -->\n\n\n<!-- START OF : Composant : block-periscope-theme-section-composant-33-texte-image.php -->\n<div class=\"text-image fs-wysiwyg mb-8 mb-lg-12\" data-component=\"33-texte-image\">\n\t<div class=\"container-fluid\" style=\"--bs-gutter-x: 0\">\n\t\t<div class=\"row\" style=\"--bs-gutter-x: 0\">\n\t\t\t\t\t\t<div class=\"col-lg-6 mb-7 mb-lg-0\">\n\t\t\t\t<img decoding=\"async\" src=\"https:\/\/www.myallmeeting.com\/wp-content\/uploads\/2019\/09\/aja_p_6754-12__original-953x600.jpeg\" width=\"953\" height=\"600\" alt=\"\" loading=\"lazy\" class=\"w-100\" \/>\n\t\t\t<\/div>\n\t\t\t\t\t\t<div class=\"col-lg-6\">\n\t\t\t\t<div class=\"text-image__content\">\n\t\t\t\t\t\t\t\t\t\t<div class=\"fw-semibold lh-xs fs-20 fs-lg-32 ls--25 mb-5\">Novotel Annemasse Centre &#8211; Porte de Gen\u00e8ve****<\/div>\n\t\t\t\t\t\t\t\t\t\t\t\t\t\t\t<div class=\"fs-wysiwyg\">\n\t\t\t\t\t\t<p><b>Trois salles de r\u00e9union modulables, un espace de fitness, 102 chambres, un bar lounge, un restaurant, un rooftop, des salles de s\u00e9minaire<\/b><span style=\"font-weight: 400;\">\u2026 <a href=\"https:\/\/myallmeeting.com\/fr\/hotel\/b442-novotel-annemasse-centre-porte-de-geneve\/\" target=\"_blank\" rel=\"noopener\">Le Novotel Annemasse Centre<\/a> ne manque pas d\u2019atouts pour accueillir vos \u00e9v\u00e9nements professionnels. C\u00f4t\u00e9 transports, l\u2019\u00e9tablissement n\u2019est pas en reste : il est situ\u00e9 face \u00e0 la gare d\u2019Annemasse, \u00e0 20 min de la gare de Gen\u00e8ve Cornavin et de l\u2019a\u00e9roport de Gen\u00e8ve. C\u2019est \u00e9galement le point de d\u00e9part parfait pour les amateurs de sommets : les massifs de Sal\u00e8ve, Voirons et Vuache.\u00a0<\/span><\/p>\n\t\t\t\t\t<\/div>\n\t\t\t\t\t\t\t\t\t<\/div>\n\t\t\t<\/div>        \n\t\t<\/div>\n\t<\/div>\n<\/div>\n<!-- END OF : Composant : block-periscope-theme-section-composant-33-texte-image.php -->\n\n\n<!-- START OF : Composant : block-periscope-theme-section-composant-33-texte-image.php -->\n<!-- INVERSE -->\n<div class=\"text-image fs-wysiwyg mb-8 mb-lg-12\" data-component=\"33-texte-image\" data-reverse=\"oui\">\n\t<div class=\"container-fluid\" style=\"--bs-gutter-x: 0\">\n\t\t<div class=\"row\" style=\"--bs-gutter-x: 0\">\n\t\t\t<div class=\"col-lg-6\">\n\t\t\t\t<div class=\"text-image__content\">\n\t\t\t\t\t\t\t\t\t\t<div class=\"fw-semibold lh-xs fs-20 fs-lg-32 ls--25 mb-5\">H\u00f4tel Mercure Grenoble Centre Alpotel****<\/div>\n\t\t\t\t\t\t\t\t\t\t\t\t\t\t\t<div class=\"fs-wysiwyg\">\n\t\t\t\t\t\t<p><span style=\"font-weight: 400;\">Avec son<\/span><b> style \u00e9l\u00e9gant, authentique, chaleureux et art d\u00e9co<\/b><span style=\"font-weight: 400;\">, <a href=\"https:\/\/myallmeeting.com\/fr\/hotel\/0652-hotel-mercure-grenoble-centre-alpotel\/\" target=\"_blank\" rel=\"noopener\">l\u2019h\u00f4tel<\/a> constitue l\u2019\u00e9crin parfait pour vos \u00e9v\u00e9nements professionnels. Ses arguments ? Sa localisation tout d\u2019abord, en centre-ville, qui le place \u00e0 quelques pas de la mairie, du Palais des Sports, du stade des Alpes, du centre des congr\u00e8s, des mus\u00e9es et des stations de sport d\u2019hiver. Les services propos\u00e9s ensuite : l\u2019h\u00f4tel propose<\/span><b> trois salles de r\u00e9union<\/b><span style=\"font-weight: 400;\">,<\/span><b> une biblioth\u00e8que, un cin\u00e9-lounge, un parking priv\u00e9<\/b><span style=\"font-weight: 400;\"> ; sans oublier son restaurant qui propose une cuisine de terroir,<\/span><b> \u00c0 l&rsquo;\u00c9picerie<\/b><span style=\"font-weight: 400;\">.<\/span><\/p>\n\t\t\t\t\t<\/div>\n\t\t\t\t\t\t\t\t\t<\/div>\n\t\t\t<\/div>    \n\t\t\t    \n\t\t\t<div class=\"col-lg-6 order-first order-lg-last mb-7 mb-lg-0\">\n\t\t\t\t<img decoding=\"async\" src=\"https:\/\/www.myallmeeting.com\/wp-content\/uploads\/2019\/09\/aja_p_6585-15__original-953x600.jpeg\" width=\"953\" height=\"600\" alt=\"\" loading=\"lazy\" class=\"w-100\" \/>\n\t\t\t<\/div>\n\t\t\t\t\t<\/div>\n\t<\/div>\n<\/div>\n<!-- END OF : Composant : block-periscope-theme-section-composant-33-texte-image.php -->\n\n\n<!-- START OF : Composant : block-periscope-theme-section-composant-33-texte-image.php -->\n<div class=\"text-image fs-wysiwyg mb-8 mb-lg-12\" data-component=\"33-texte-image\">\n\t<div class=\"container-fluid\" style=\"--bs-gutter-x: 0\">\n\t\t<div class=\"row\" style=\"--bs-gutter-x: 0\">\n\t\t\t\t\t\t<div class=\"col-lg-6 mb-7 mb-lg-0\">\n\t\t\t\t<img decoding=\"async\" src=\"https:\/\/www.myallmeeting.com\/wp-content\/uploads\/2019\/09\/aja_p_6548-66__original-953x600.jpeg\" width=\"953\" height=\"600\" alt=\"\" loading=\"lazy\" class=\"w-100\" \/>\n\t\t\t<\/div>\n\t\t\t\t\t\t<div class=\"col-lg-6\">\n\t\t\t\t<div class=\"text-image__content\">\n\t\t\t\t\t\t\t\t\t\t<div class=\"fw-semibold lh-xs fs-20 fs-lg-32 ls--25 mb-5\">Mercure Grenoble Meylan****<\/div>\n\t\t\t\t\t\t\t\t\t\t\t\t\t\t\t<div class=\"fs-wysiwyg\">\n\t\t\t\t\t\t<p><span style=\"font-weight: 400;\">Pourquoi ne pas profiter d\u2019un cadre verdoyant pour booster les id\u00e9es de vos collaborateurs ? C\u2019est ce que propose <a href=\"https:\/\/myallmeeting.com\/fr\/hotel\/2948-hotel-mercure-grenoble-meylan\/\" target=\"_blank\" rel=\"noopener\">cet h\u00f4tel<\/a> situ\u00e9 entre ville et nature, \u00e0 6 km du centre-ville de Grenoble, avec<\/span><b> ses 60 chambres contemporaines et ses cinq salles de r\u00e9union<\/b><span style=\"font-weight: 400;\">. Sa terrasse et son restaurant-bar<\/span><i><span style=\"font-weight: 400;\"> \u00c0 l\u2019\u00c9picerie<\/span><\/i><span style=\"font-weight: 400;\"> assureront la partie d\u00e9tente. Un restaurant qui propose une <\/span><b>cuisine respectueuse de la nature et s\u2019appuyant sur un terroir riche<\/b><span style=\"font-weight: 400;\">. Le Mercure Grenoble Meylan s\u2019affirme comme un excellent pied-\u00e0-terre pour d\u00e9couvrir la ville de Grenoble et ses montagnes.<\/span><\/p>\n\t\t\t\t\t<\/div>\n\t\t\t\t\t\t\t\t\t<\/div>\n\t\t\t<\/div>        \n\t\t<\/div>\n\t<\/div>\n<\/div>\n<!-- END OF : Composant : block-periscope-theme-section-composant-33-texte-image.php -->\n\n\n<!-- START OF : Composant : block-periscope-theme-section-composant-33-texte-image.php -->\n<!-- INVERSE -->\n<div class=\"text-image fs-wysiwyg mb-8 mb-lg-12\" data-component=\"33-texte-image\" data-reverse=\"oui\">\n\t<div class=\"container-fluid\" style=\"--bs-gutter-x: 0\">\n\t\t<div class=\"row\" style=\"--bs-gutter-x: 0\">\n\t\t\t<div class=\"col-lg-6\">\n\t\t\t\t<div class=\"text-image__content\">\n\t\t\t\t\t\t\t\t\t\t<div class=\"fw-semibold lh-xs fs-20 fs-lg-32 ls--25 mb-5\">Novotel Grenoble Nord Voreppe****<\/div>\n\t\t\t\t\t\t\t\t\t\t\t\t\t\t\t<div class=\"fs-wysiwyg\">\n\t\t\t\t\t\t<p><span style=\"font-weight: 400;\">Situ\u00e9 dans un domaine proche des montagnes, <a href=\"https:\/\/myallmeeting.com\/fr\/hotel\/0423-novotel-grenoble-nord-voreppe\/\" target=\"_blank\" rel=\"noopener\">cet \u00e9tablissement<\/a> &#8211; labellis\u00e9 <\/span><i><span style=\"font-weight: 400;\">Green Key<\/span><\/i><span style=\"font-weight: 400;\"> pour son engagement RSE &#8211; propose une vue imparable sur les Alpes. <\/span><b>Un d\u00e9cor magnifique pour un s\u00e9jour familial, de loisirs ou d\u2019affaires<\/b><span style=\"font-weight: 400;\">. Ce sont de fait<\/span><b> sept salles de r\u00e9unions qui peuvent accueillir vos s\u00e9minaires ou comit\u00e9s d\u2019entreprise<\/b><span style=\"font-weight: 400;\">. Pour les moments de d\u00e9tente, vos collaborateurs pourront profiter de nombreuses activit\u00e9s : piscine ext\u00e9rieure en saison, p\u00e9tanque, ping-pong\u2026 Sans oublier la montagne toute proche, avec de belles balades en perspective ! \u00c0 noter que cet h\u00f4tel entrera en r\u00e9novation en fin d\u2019ann\u00e9e.<\/span><\/p>\n\t\t\t\t\t<\/div>\n\t\t\t\t\t\t\t\t\t<\/div>\n\t\t\t<\/div>    \n\t\t\t    \n\t\t\t<div class=\"col-lg-6 order-first order-lg-last mb-7 mb-lg-0\">\n\t\t\t\t<img decoding=\"async\" src=\"https:\/\/www.myallmeeting.com\/wp-content\/uploads\/2019\/09\/met_p_a043-74__original-1-953x600.jpeg\" width=\"953\" height=\"600\" alt=\"\" loading=\"lazy\" class=\"w-100\" \/>\n\t\t\t<\/div>\n\t\t\t\t\t<\/div>\n\t<\/div>\n<\/div>\n<!-- END OF : Composant : block-periscope-theme-section-composant-33-texte-image.php -->\n","protected":false},"excerpt":{"rendered":"<p>D\u00e9couvrez nos plus belles adresses au pied des Alpes pour un s\u00e9minaire au grand air entre lacs, montagnes et for\u00eats<\/p>\n","protected":false},"featured_media":16671059,"menu_order":0,"template":"","periscope_categorie_tax":[1648],"class_list":["post-15226715","article","type-article","status-publish","has-post-thumbnail","hentry","periscope_categorie_tax-tous-nos-tops-selections"],"acf":[],"yoast_head":"<title>Un s\u00e9minaire au pied des Alpes - Accor MyAllMeeting.com<\/title>\n<meta name=\"robots\" content=\"index, follow, max-snippet:-1, max-image-preview:large, max-video-preview:-1\" \/>\n<link rel=\"canonical\" href=\"https:\/\/www.myallmeeting.com\/fr\/wp-json\/wp\/v2\/article\/15226715\" \/>\n<meta property=\"og:locale\" content=\"fr_FR\" \/>\n<meta property=\"og:type\" content=\"article\" \/>\n<meta property=\"og:title\" content=\"Un s\u00e9minaire au pied des Alpes - Accor MyAllMeeting.com\" \/>\n<meta property=\"og:description\" content=\"D\u00e9couvrez nos plus belles adresses au pied des Alpes pour un s\u00e9minaire au grand air entre lacs, montagnes et for\u00eats\" \/>\n<meta property=\"og:url\" content=\"https:\/\/www.myallmeeting.com\/fr\/article\/un-seminaire-au-pied-des-alpes\/\" \/>\n<meta property=\"og:site_name\" content=\"Accor MyAllMeeting.com\" \/>\n<meta property=\"article:modified_time\" content=\"2024-11-25T11:21:22+00:00\" \/>\n<meta property=\"og:image\" content=\"http:\/\/myallmeeting.com\/wp-content\/uploads\/2019\/09\/MAM-baner-1920x570-37.png\" \/>\n\t<meta property=\"og:image:width\" content=\"1920\" \/>\n\t<meta property=\"og:image:height\" content=\"570\" \/>\n\t<meta property=\"og:image:type\" content=\"image\/png\" \/>\n<meta name=\"twitter:card\" content=\"summary_large_image\" \/>\n<meta name=\"twitter:label1\" content=\"Dur\u00e9e de lecture estim\u00e9e\" \/>\n\t<meta name=\"twitter:data1\" content=\"7 minutes\" \/>\n<script type=\"application\/ld+json\" class=\"yoast-schema-graph\">{\"@context\":\"https:\/\/schema.org\",\"@graph\":[{\"@type\":\"WebPage\",\"@id\":\"https:\/\/www.myallmeeting.com\/fr\/article\/un-seminaire-au-pied-des-alpes\/\",\"url\":\"https:\/\/www.myallmeeting.com\/fr\/article\/un-seminaire-au-pied-des-alpes\/\",\"name\":\"Un s\u00e9minaire au pied des Alpes - Accor MyAllMeeting.com\",\"isPartOf\":{\"@id\":\"https:\/\/www.myallmeeting.com\/fr\/#website\"},\"primaryImageOfPage\":{\"@id\":\"https:\/\/www.myallmeeting.com\/fr\/article\/un-seminaire-au-pied-des-alpes\/#primaryimage\"},\"image\":{\"@id\":\"https:\/\/www.myallmeeting.com\/fr\/article\/un-seminaire-au-pied-des-alpes\/#primaryimage\"},\"thumbnailUrl\":\"https:\/\/www.myallmeeting.com\/wp-content\/uploads\/2019\/09\/MAM-baner-1920x570-37.png\",\"datePublished\":\"2019-09-11T13:23:43+00:00\",\"dateModified\":\"2024-11-25T11:21:22+00:00\",\"breadcrumb\":{\"@id\":\"https:\/\/www.myallmeeting.com\/fr\/article\/un-seminaire-au-pied-des-alpes\/#breadcrumb\"},\"inLanguage\":\"fr-FR\",\"potentialAction\":[{\"@type\":\"ReadAction\",\"target\":[\"https:\/\/www.myallmeeting.com\/fr\/article\/un-seminaire-au-pied-des-alpes\/\"]}]},{\"@type\":\"ImageObject\",\"inLanguage\":\"fr-FR\",\"@id\":\"https:\/\/www.myallmeeting.com\/fr\/article\/un-seminaire-au-pied-des-alpes\/#primaryimage\",\"url\":\"https:\/\/www.myallmeeting.com\/wp-content\/uploads\/2019\/09\/MAM-baner-1920x570-37.png\",\"contentUrl\":\"https:\/\/www.myallmeeting.com\/wp-content\/uploads\/2019\/09\/MAM-baner-1920x570-37.png\",\"width\":1920,\"height\":570},{\"@type\":\"BreadcrumbList\",\"@id\":\"https:\/\/www.myallmeeting.com\/fr\/article\/un-seminaire-au-pied-des-alpes\/#breadcrumb\",\"itemListElement\":[{\"@type\":\"ListItem\",\"position\":1,\"name\":\"Accueil\",\"item\":\"https:\/\/myallmeeting.com\/fr\/\"},{\"@type\":\"ListItem\",\"position\":2,\"name\":\"Actualit\u00e9s\",\"item\":\"https:\/\/www.myallmeeting.com\/fr\/actualite\/\"},{\"@type\":\"ListItem\",\"position\":3,\"name\":\"Un s\u00e9minaire au pied des Alpes\"}]},{\"@type\":\"WebSite\",\"@id\":\"https:\/\/www.myallmeeting.com\/fr\/#website\",\"url\":\"https:\/\/www.myallmeeting.com\/fr\/\",\"name\":\"Accor MyAllMeeting.com\",\"description\":\"Les Meilleurs lieux pour vos Ev\u00e9nements Professionnels\",\"publisher\":{\"@id\":\"https:\/\/www.myallmeeting.com\/fr\/#organization\"},\"potentialAction\":[{\"@type\":\"SearchAction\",\"target\":{\"@type\":\"EntryPoint\",\"urlTemplate\":\"https:\/\/www.myallmeeting.com\/fr\/?s={search_term_string}\"},\"query-input\":{\"@type\":\"PropertyValueSpecification\",\"valueRequired\":true,\"valueName\":\"search_term_string\"}}],\"inLanguage\":\"fr-FR\"},{\"@type\":\"Organization\",\"@id\":\"https:\/\/www.myallmeeting.com\/fr\/#organization\",\"name\":\"ACCOR\",\"url\":\"https:\/\/www.myallmeeting.com\/fr\/\",\"logo\":{\"@type\":\"ImageObject\",\"inLanguage\":\"fr-FR\",\"@id\":\"https:\/\/www.myallmeeting.com\/fr\/#\/schema\/logo\/image\/\",\"url\":\"\",\"contentUrl\":\"\",\"caption\":\"ACCOR\"},\"image\":{\"@id\":\"https:\/\/www.myallmeeting.com\/fr\/#\/schema\/logo\/image\/\"}}]}<\/script>","yoast_head_json":{"title":"Un s\u00e9minaire au pied des Alpes - Accor MyAllMeeting.com","robots":{"index":"index","follow":"follow","max-snippet":"max-snippet:-1","max-image-preview":"max-image-preview:large","max-video-preview":"max-video-preview:-1"},"canonical":"https:\/\/www.myallmeeting.com\/fr\/wp-json\/wp\/v2\/article\/15226715","og_locale":"fr_FR","og_type":"article","og_title":"Un s\u00e9minaire au pied des Alpes - Accor MyAllMeeting.com","og_description":"D\u00e9couvrez nos plus belles adresses au pied des Alpes pour un s\u00e9minaire au grand air entre lacs, montagnes et for\u00eats","og_url":"https:\/\/www.myallmeeting.com\/fr\/article\/un-seminaire-au-pied-des-alpes\/","og_site_name":"Accor MyAllMeeting.com","article_modified_time":"2024-11-25T11:21:22+00:00","og_image":[{"width":1920,"height":570,"url":"http:\/\/myallmeeting.com\/wp-content\/uploads\/2019\/09\/MAM-baner-1920x570-37.png","type":"image\/png"}],"twitter_card":"summary_large_image","twitter_misc":{"Dur\u00e9e de lecture estim\u00e9e":"7 minutes"},"schema":{"@context":"https:\/\/schema.org","@graph":[{"@type":"WebPage","@id":"https:\/\/www.myallmeeting.com\/fr\/article\/un-seminaire-au-pied-des-alpes\/","url":"https:\/\/www.myallmeeting.com\/fr\/article\/un-seminaire-au-pied-des-alpes\/","name":"Un s\u00e9minaire au pied des Alpes - Accor MyAllMeeting.com","isPartOf":{"@id":"https:\/\/www.myallmeeting.com\/fr\/#website"},"primaryImageOfPage":{"@id":"https:\/\/www.myallmeeting.com\/fr\/article\/un-seminaire-au-pied-des-alpes\/#primaryimage"},"image":{"@id":"https:\/\/www.myallmeeting.com\/fr\/article\/un-seminaire-au-pied-des-alpes\/#primaryimage"},"thumbnailUrl":"https:\/\/www.myallmeeting.com\/wp-content\/uploads\/2019\/09\/MAM-baner-1920x570-37.png","datePublished":"2019-09-11T13:23:43+00:00","dateModified":"2024-11-25T11:21:22+00:00","breadcrumb":{"@id":"https:\/\/www.myallmeeting.com\/fr\/article\/un-seminaire-au-pied-des-alpes\/#breadcrumb"},"inLanguage":"fr-FR","potentialAction":[{"@type":"ReadAction","target":["https:\/\/www.myallmeeting.com\/fr\/article\/un-seminaire-au-pied-des-alpes\/"]}]},{"@type":"ImageObject","inLanguage":"fr-FR","@id":"https:\/\/www.myallmeeting.com\/fr\/article\/un-seminaire-au-pied-des-alpes\/#primaryimage","url":"https:\/\/www.myallmeeting.com\/wp-content\/uploads\/2019\/09\/MAM-baner-1920x570-37.png","contentUrl":"https:\/\/www.myallmeeting.com\/wp-content\/uploads\/2019\/09\/MAM-baner-1920x570-37.png","width":1920,"height":570},{"@type":"BreadcrumbList","@id":"https:\/\/www.myallmeeting.com\/fr\/article\/un-seminaire-au-pied-des-alpes\/#breadcrumb","itemListElement":[{"@type":"ListItem","position":1,"name":"Accueil","item":"https:\/\/myallmeeting.com\/fr\/"},{"@type":"ListItem","position":2,"name":"Actualit\u00e9s","item":"https:\/\/www.myallmeeting.com\/fr\/actualite\/"},{"@type":"ListItem","position":3,"name":"Un s\u00e9minaire au pied des Alpes"}]},{"@type":"WebSite","@id":"https:\/\/www.myallmeeting.com\/fr\/#website","url":"https:\/\/www.myallmeeting.com\/fr\/","name":"Accor MyAllMeeting.com","description":"Les Meilleurs lieux pour vos Ev\u00e9nements Professionnels","publisher":{"@id":"https:\/\/www.myallmeeting.com\/fr\/#organization"},"potentialAction":[{"@type":"SearchAction","target":{"@type":"EntryPoint","urlTemplate":"https:\/\/www.myallmeeting.com\/fr\/?s={search_term_string}"},"query-input":{"@type":"PropertyValueSpecification","valueRequired":true,"valueName":"search_term_string"}}],"inLanguage":"fr-FR"},{"@type":"Organization","@id":"https:\/\/www.myallmeeting.com\/fr\/#organization","name":"ACCOR","url":"https:\/\/www.myallmeeting.com\/fr\/","logo":{"@type":"ImageObject","inLanguage":"fr-FR","@id":"https:\/\/www.myallmeeting.com\/fr\/#\/schema\/logo\/image\/","url":"","contentUrl":"","caption":"ACCOR"},"image":{"@id":"https:\/\/www.myallmeeting.com\/fr\/#\/schema\/logo\/image\/"}}]}},"_links":{"self":[{"href":"https:\/\/www.myallmeeting.com\/fr\/wp-json\/wp\/v2\/article\/15226715","targetHints":{"allow":["GET"]}}],"collection":[{"href":"https:\/\/www.myallmeeting.com\/fr\/wp-json\/wp\/v2\/article"}],"about":[{"href":"https:\/\/www.myallmeeting.com\/fr\/wp-json\/wp\/v2\/types\/article"}],"wp:featuredmedia":[{"embeddable":true,"href":"https:\/\/www.myallmeeting.com\/fr\/wp-json\/wp\/v2\/media\/16671059"}],"wp:attachment":[{"href":"https:\/\/www.myallmeeting.com\/fr\/wp-json\/wp\/v2\/media?parent=15226715"}],"wp:term":[{"taxonomy":"periscope_categorie_tax","embeddable":true,"href":"https:\/\/www.myallmeeting.com\/fr\/wp-json\/wp\/v2\/periscope_categorie_tax?post=15226715"}],"curies":[{"name":"wp","href":"https:\/\/api.w.org\/{rel}","templated":true}]}}