{"id":15226712,"date":"2019-10-08T15:49:41","date_gmt":"2019-10-08T13:49:41","guid":{"rendered":"https:\/\/myallmeeting.com\/article\/avec-wojo-le-coworking-sinvite-dans-les-hotels-accor\/"},"modified":"2024-07-10T18:34:23","modified_gmt":"2024-07-10T16:34:23","slug":"avec-wojo-le-coworking-sinvite-dans-les-hotels-accor","status":"publish","type":"article","link":"https:\/\/www.myallmeeting.com\/fr\/article\/avec-wojo-le-coworking-sinvite-dans-les-hotels-accor\/","title":{"rendered":"Avec Wojo, le coworking s\u2019invite dans les h\u00f4tels Accor"},"content":{"rendered":"<!-- START OF : Composant : block-periscope-theme-section-composant-25-texte-cta-2-images.php -->\n<div class=\"tcta2ia bg-white fs-wysiwyg mb-lg-12\" data-component=\"25-texte-cta-2-images\">\n\t<div class=\"tcta2ia__top\">\n\t\t<div class=\"container-fluid\" style=\"--bs-gutter-x: 0\">\n\t\t\t<div class=\"row\" style=\"--bs-gutter-x: 0\">\n\t\t\t\t<div class=\"col-lg-8\">\n\t\t\t\t\t\t\t\t\t\t<div class=\"bloc-mise-en-avant__top__left\">\n\t\t\t\t\t\t<img decoding=\"async\" src=\"https:\/\/www.myallmeeting.com\/wp-content\/uploads\/2019\/10\/5418-12-1268x846.jpg\" class=\"pe-2 pe-lg-0\" width=\"1268\" height=\"846\" alt=\"coworking hotel wojo\" loading=\"lazy\" \/>\n\t\t\t\t\t<\/div>\n\t\t\t\t\t\t\t\t\t\t<div class=\"tcta2ia__bottom d-none d-lg-block pb-12 pt-lg-9 pb-lg-0 pe-lg-10\">\n\t\t\t\t\t\t\t\t\t\t\t\t<h2 class=\"fs-20 fs-lg-32 fw-semibold\">Wojo, k\u00e9zako ?<\/h2>\n\t\t\t\t\t\t\t\t\t\t\t\t\t\t\t\t\t\t<div class=\"fs-wysiwyg\"><p><span style=\"font-weight: 400;\">Lanc\u00e9 en 2015, Wojo est un <\/span><b>op\u00e9rateur sp\u00e9cialiste des nouveaux usages au travail<\/b><span style=\"font-weight: 400;\"> &#8211; t\u00e9l\u00e9travail, d\u00e9centralisation, bureaux privatifs nomadisme\u2026 &#8211; et des espaces de travail qui en d\u00e9coulent.\u00a0 En d\u2019autres mots,\u00a0 il propose des solutions sur mesure en termes <\/span><b>de bureaux,\u00a0 d\u2019espaces de travail partag\u00e9s et de salles de r\u00e9union \u00e0 des entreprises de toutes tailles.\u00a0<\/b><\/p>\n<p><span style=\"font-weight: 400;\">Pourquoi ce nom, Wojo ? Il s\u2019agit d\u2019un mot-valise, association de <\/span><i><span style=\"font-weight: 400;\">work <\/span><\/i><span style=\"font-weight: 400;\">(travail en anglais) et <\/span><i><span style=\"font-weight: 400;\">mojo<\/span><\/i><span style=\"font-weight: 400;\">, cet \u00e9tat de gr\u00e2ce qui permet d\u2019accomplir de grandes choses. Le nom parfait donc pour exprimer la volont\u00e9 de la marque d\u2019appr\u00e9hender le travail de fa\u00e7on positive en alliant\u00a0<\/span><b>envie, plaisir, partage et r\u00e9ussite.<\/b><span style=\"font-weight: 400;\">\u00a0<\/span><\/p>\n<p><span style=\"font-weight: 400;\">Comme le souligne\u00a0<\/span><b>le CEO\u00a0de Wojo, St\u00e9phane Bensimon<\/b><span style=\"font-weight: 400;\">\u00a0:\u00a0<\/span><i><span style=\"font-weight: 400;\">\u00ab\u00a0Notre ambition est d\u2019\u00eatre l\u2019acteur r\u00e9f\u00e9rent de la \u201c<\/span><\/i><b><i>workspitality\u201d<\/i><\/b><i><span style=\"font-weight: 400;\">\u00a0en d\u00e9veloppant, \u00e0 travers le monde, un important r\u00e9seau de lieux, cr\u00e9ateurs d\u2019exp\u00e9riences de travail uniques, enrichis de services, pens\u00e9s pour le plaisir, la performance et la connexion des talents.\u00a0\u00bb\u00a0<\/span><\/i><\/p>\n<p><span style=\"font-weight: 400;\">Un objectif que l\u2019entreprise r\u00e9sume en trois mots, comme une devise : <\/span><i><span style=\"font-weight: 400;\">work, share, live<\/span><\/i><span style=\"font-weight: 400;\">.<\/span><\/p>\n<\/div>\n\t\t\t\t\t\t\t\t\t\t\t\t<div class=\"d-flex flex-column flex-lg-row align-items-center gap-5 gap-lg-8 justify-content-between\">\n\t\t\t\t\t\t\t<div class=\"fs-20 fs-lg-26 fw-semibold lh-xs\"><\/div>\n\t\t\t\t\t\t\t\t\t\t\t\t\t<\/div>\n\t\t\t\t\t<\/div>\n\t\t\t\t<\/div>\n\t\t\t\t<div class=\"col-lg-4\">\n\t\t\t\t\t<div class=\"tcta2ia__top__right t-0 r-0 bg-primary text-white pt-4 pb-4 px-2 pt-lg-8 pb-lg-16 px-lg-11 pb-xl-30\">\n\t\t\t\t\t\t\t\t\t\t\t\t\t\t\t\t\t\t<h2 class=\"unna fs-36 fs-lg-51 fs-xl-75 fs-italic fw-normal text-secondary\">Avec Wojo, le coworking s\u2019invite dans les h\u00f4tels Accor<\/h2>\n\t\t\t\t\t\t\t\t\t\t\t\t\t\t\t\t\t\t<h3 class=\"text-white fs-18 fs-lg-20 fs-xl-28 text-original-case\">Espaces partag\u00e9s, bureaux d\u00e9di\u00e9s, salles de r\u00e9union\u2026 <\/h3>\n\t\t\t\t\t\t\t\t\t\t\t\t\t\t\t\t\t\t<div class=\"fs-wysiwyg mb-4 fs-lg-16 fs-xl-20\"><p><b>Pour r\u00e9pondre aux besoins des travailleurs nomades, mais aussi des TPE-PME et grandes entreprises en qu\u00eate d\u2019espaces de travail compl\u00e9mentaires<\/b><span style=\"font-weight: 400;\">, Accor et le sp\u00e9cialiste du coworking Wojo ont uni leurs forces. Mais qui est Wojo ? Pr\u00e9sentation.\u00a0<\/span><\/p>\n<\/div>\n\t\t\t\t\t\t\t\t\t\t\t\t\t\t\t\t\t\t\t\t\t\t\t\t<p class=\"m-0\"><img decoding=\"async\" src=\"https:\/\/www.myallmeeting.com\/wp-content\/uploads\/2019\/10\/6331-84-633x398.jpg\" class=\"position-relative l-0\" width=\"633\" height=\"398\" alt=\"coworking hotel wojo\" loading=\"lazy\" \/><\/p>\n\t\t\t\t\t\t\t\t\t\t\t<\/div>\n\t\t\t\t<\/div>\n\t\t\t<\/div>\n\t\t<\/div>\n\t<\/div>\n\t<div class=\"tcta2ia__bottom d-lg-none pb-12 py-lg-9 pe-lg-10\">\n\t\t\t\t<div class=\"h2 fs-20 fs-lg-32 fw-semibold\">Wojo, k\u00e9zako ?<\/div>\n\t\t\t\t\t\t<div class=\"fs-wysiwyg\"><p><span style=\"font-weight: 400;\">Lanc\u00e9 en 2015, Wojo est un <\/span><b>op\u00e9rateur sp\u00e9cialiste des nouveaux usages au travail<\/b><span style=\"font-weight: 400;\"> &#8211; t\u00e9l\u00e9travail, d\u00e9centralisation, bureaux privatifs nomadisme\u2026 &#8211; et des espaces de travail qui en d\u00e9coulent.\u00a0 En d\u2019autres mots,\u00a0 il propose des solutions sur mesure en termes <\/span><b>de bureaux,\u00a0 d\u2019espaces de travail partag\u00e9s et de salles de r\u00e9union \u00e0 des entreprises de toutes tailles.\u00a0<\/b><\/p>\n<p><span style=\"font-weight: 400;\">Pourquoi ce nom, Wojo ? Il s\u2019agit d\u2019un mot-valise, association de <\/span><i><span style=\"font-weight: 400;\">work <\/span><\/i><span style=\"font-weight: 400;\">(travail en anglais) et <\/span><i><span style=\"font-weight: 400;\">mojo<\/span><\/i><span style=\"font-weight: 400;\">, cet \u00e9tat de gr\u00e2ce qui permet d\u2019accomplir de grandes choses. Le nom parfait donc pour exprimer la volont\u00e9 de la marque d\u2019appr\u00e9hender le travail de fa\u00e7on positive en alliant\u00a0<\/span><b>envie, plaisir, partage et r\u00e9ussite.<\/b><span style=\"font-weight: 400;\">\u00a0<\/span><\/p>\n<p><span style=\"font-weight: 400;\">Comme le souligne\u00a0<\/span><b>le CEO\u00a0de Wojo, St\u00e9phane Bensimon<\/b><span style=\"font-weight: 400;\">\u00a0:\u00a0<\/span><i><span style=\"font-weight: 400;\">\u00ab\u00a0Notre ambition est d\u2019\u00eatre l\u2019acteur r\u00e9f\u00e9rent de la \u201c<\/span><\/i><b><i>workspitality\u201d<\/i><\/b><i><span style=\"font-weight: 400;\">\u00a0en d\u00e9veloppant, \u00e0 travers le monde, un important r\u00e9seau de lieux, cr\u00e9ateurs d\u2019exp\u00e9riences de travail uniques, enrichis de services, pens\u00e9s pour le plaisir, la performance et la connexion des talents.\u00a0\u00bb\u00a0<\/span><\/i><\/p>\n<p><span style=\"font-weight: 400;\">Un objectif que l\u2019entreprise r\u00e9sume en trois mots, comme une devise : <\/span><i><span style=\"font-weight: 400;\">work, share, live<\/span><\/i><span style=\"font-weight: 400;\">.<\/span><\/p>\n<\/div>\n\t\t\t\t<div class=\"d-flex flex-column flex-lg-row align-items-center gap-5 gap-lg-8 justify-content-between\">\n\t\t\t<div class=\"fs-20 fs-lg-26 fw-semibold lh-xs\"><\/div>\n\t\t\t\t\t<\/div>\n\t<\/div>\n<\/div>\n<!-- END OF : Composant : block-periscope-theme-section-composant-25-texte-cta-2-images.php -->\n\n\n<!-- START OF : Composant : block-periscope-theme-section-composant-33-texte-image.php -->\n<div class=\"text-image fs-wysiwyg mb-8 mb-lg-12\" data-component=\"33-texte-image\">\n\t<div class=\"container-fluid\" style=\"--bs-gutter-x: 0\">\n\t\t<div class=\"row\" style=\"--bs-gutter-x: 0\">\n\t\t\t\t\t\t<div class=\"col-lg-6 mb-7 mb-lg-0\">\n\t\t\t\t<img decoding=\"async\" src=\"https:\/\/www.myallmeeting.com\/wp-content\/uploads\/2019\/10\/7091-29-953x600.jpg\" width=\"953\" height=\"600\" alt=\"coworking hotel wojo\" loading=\"lazy\" class=\"w-100\" \/>\n\t\t\t<\/div>\n\t\t\t\t\t\t<div class=\"col-lg-6\">\n\t\t\t\t<div class=\"text-image__content\">\n\t\t\t\t\t\t\t\t\t\t<div class=\"fw-semibold lh-xs fs-20 fs-lg-32 ls--25 mb-5\">Et si vous adoptiez le flex office ?<\/div>\n\t\t\t\t\t\t\t\t\t\t\t\t\t\t\t<div class=\"fs-wysiwyg\">\n\t\t\t\t\t\t<p><span style=\"font-weight: 400;\">Le d\u00e9veloppement du t\u00e9l\u00e9travail am\u00e8ne les entreprises \u00e0 se poser des questions en termes d\u2019usages et de strat\u00e9gie immobili\u00e8re :\u00a0 \u201c<\/span><i><span style=\"font-weight: 400;\">Nos locaux sont-ils adapt\u00e9s ?<\/span><\/i><span style=\"font-weight: 400;\">\u201d \u201c<\/span><i><span style=\"font-weight: 400;\">Quelle formule adopter ?<\/span><\/i><span style=\"font-weight: 400;\">\u201d \u201c<\/span><i><span style=\"font-weight: 400;\">Comment r\u00e9unir les salari\u00e9s \u00e0 distance et en pr\u00e9sentiel ?<\/span><\/i><span style=\"font-weight: 400;\">\u201d \u201c<\/span><i><span style=\"font-weight: 400;\">Doit-on rompre le bail commercial ? Et comment ?<\/span><\/i><span style=\"font-weight: 400;\">\u201d<\/span><\/p>\n<p><span style=\"font-weight: 400;\">Les r\u00e9ponses \u00e0 ces questions tiennent en deux mots : <\/span><b><i>flex office<\/i><\/b><span style=\"font-weight: 400;\">.<\/span><\/p>\n<p><span style=\"font-weight: 400;\">Et c\u2019est l\u00e0 qu\u2019intervient Wojo, en proposant des <\/span><b>solutions flexibles et adapt\u00e9es en termes d\u2019espaces<\/b><span style=\"font-weight: 400;\">. Cette transformation vous fait peur ? <\/span><b>C\u2019est normal, mais les experts Wojo sont pr\u00e9cis\u00e9ment l\u00e0 pour vous aider<\/b><span style=\"font-weight: 400;\">.\u00a0<\/span><\/p>\n\t\t\t\t\t<\/div>\n\t\t\t\t\t\t\t\t\t<\/div>\n\t\t\t<\/div>        \n\t\t<\/div>\n\t<\/div>\n<\/div>\n<!-- END OF : Composant : block-periscope-theme-section-composant-33-texte-image.php -->\n\n\n<!-- START OF : Composant : block-periscope-theme-section-composant-33-texte-image.php -->\n<!-- INVERSE -->\n<div class=\"text-image fs-wysiwyg mb-8 mb-lg-12\" data-component=\"33-texte-image\" data-reverse=\"oui\">\n\t<div class=\"container-fluid\" style=\"--bs-gutter-x: 0\">\n\t\t<div class=\"row\" style=\"--bs-gutter-x: 0\">\n\t\t\t<div class=\"col-lg-6\">\n\t\t\t\t<div class=\"text-image__content\">\n\t\t\t\t\t\t\t\t\t\t<div class=\"fw-semibold lh-xs fs-20 fs-lg-32 ls--25 mb-5\">Quels avantages d\u2019adopter le flex office ? <\/div>\n\t\t\t\t\t\t\t\t\t\t\t\t\t\t\t<div class=\"fs-wysiwyg\">\n\t\t\t\t\t\t<p><span style=\"font-weight: 400;\">En premier lieu, ils sont <\/span><b>financiers <\/b><span style=\"font-weight: 400;\">bien s\u00fbr. Vous effectuez des <\/span><b>\u00e9conomies sur les charges immobili\u00e8res<\/b><span style=\"font-weight: 400;\"> : pas de bail, vous ne payez que la location de l\u2019espace et le nombre de postes dont vous avez besoin.\u00a0<\/span><\/p>\n<p><span style=\"font-weight: 400;\">Mais les avantages ne sont pas qu\u2019\u00e9conomiques. Il tiennent aussi \u00e0 la <\/span><b>productivit\u00e9<\/b><span style=\"font-weight: 400;\">, au <\/span><b>bien-\u00eatre des collaborateurs<\/b><span style=\"font-weight: 400;\"> et \u00e0 la <\/span><b>responsabilit\u00e9 soci\u00e9tale des entreprises (RSE)<\/b><span style=\"font-weight: 400;\"> : gain de temps au niveau du temps de transport, diminution de l\u2019empreinte carbone, r\u00e9duction du gaspillage en mutualisant les espaces de travail\u2026<\/span><\/p>\n\t\t\t\t\t<\/div>\n\t\t\t\t\t\t\t\t\t<\/div>\n\t\t\t<\/div>    \n\t\t\t    \n\t\t\t<div class=\"col-lg-6 order-first order-lg-last mb-7 mb-lg-0\">\n\t\t\t\t<img decoding=\"async\" src=\"https:\/\/www.myallmeeting.com\/wp-content\/uploads\/2019\/10\/6873-14-953x600.jpg\" width=\"953\" height=\"600\" alt=\"coworking hotel wojo\" loading=\"lazy\" class=\"w-100\" \/>\n\t\t\t<\/div>\n\t\t\t\t\t<\/div>\n\t<\/div>\n<\/div>\n<!-- END OF : Composant : block-periscope-theme-section-composant-33-texte-image.php -->\n\n\n<!-- START OF : Composant : block-periscope-theme-section-composant-33-texte-image.php -->\n<div class=\"text-image fs-wysiwyg mb-8 mb-lg-12\" data-component=\"33-texte-image\">\n\t<div class=\"container-fluid\" style=\"--bs-gutter-x: 0\">\n\t\t<div class=\"row\" style=\"--bs-gutter-x: 0\">\n\t\t\t\t\t\t<div class=\"col-lg-6 mb-7 mb-lg-0\">\n\t\t\t\t<img decoding=\"async\" src=\"https:\/\/www.myallmeeting.com\/wp-content\/uploads\/2019\/10\/6736-60-953x600.jpg\" width=\"953\" height=\"600\" alt=\"coworking hotel wojo\" loading=\"lazy\" class=\"w-100\" \/>\n\t\t\t<\/div>\n\t\t\t\t\t\t<div class=\"col-lg-6\">\n\t\t\t\t<div class=\"text-image__content\">\n\t\t\t\t\t\t\t\t\t\t<div class=\"fw-semibold lh-xs fs-20 fs-lg-32 ls--25 mb-5\">Pourquoi une alliance Wojo\/Accor ?<\/div>\n\t\t\t\t\t\t\t\t\t\t\t\t\t\t\t<div class=\"fs-wysiwyg\">\n\t\t\t\t\t\t<p><span style=\"font-weight: 400;\">En r\u00e9unissant leurs expertises respectives en<\/span> <b><i>coworking<\/i><\/b><b> et h\u00f4tellerie<\/b><span style=\"font-weight: 400;\">, Wojo et Accor proposent aux professionnels <\/span><b>une offre compl\u00e8te<\/b><span style=\"font-weight: 400;\">\u00a0 r\u00e9pondant \u00e0 leurs besoins en termes :\u00a0<\/span><\/p>\n<ul>\n<li style=\"font-weight: 400;\" aria-level=\"1\"><b>D\u2019espaces de travail<\/b><span style=\"font-weight: 400;\">, personnalis\u00e9s en fonction de vos besoins. <\/span><i><span style=\"font-weight: 400;\">Coworking<\/span><\/i><span style=\"font-weight: 400;\">, salle de r\u00e9union, bureaux privatifs. R\u00e9servation rapide en quelques clics ;<\/span><\/li>\n<li style=\"font-weight: 400;\" aria-level=\"1\"><b>D\u2019accompagnement<\/b><span style=\"font-weight: 400;\">. Les experts Wojo vous aident \u00e9tape par \u00e9tape dans votre transition vers une structure en<\/span><i><span style=\"font-weight: 400;\"> flex office<\/span><\/i><span style=\"font-weight: 400;\"> ;<\/span><\/li>\n<li style=\"font-weight: 400;\" aria-level=\"1\"><b>De partage<\/b><span style=\"font-weight: 400;\">. Vous rencontrerez des structures de tailles et d\u2019horizons divers. Id\u00e9al pour \u00e9changer sur des bonnes pratiques, r\u00e9seauter, d\u00e9velopper des partenariats ;<\/span><\/li>\n<li style=\"font-weight: 400;\" aria-level=\"1\"><b>De services.<\/b><span style=\"font-weight: 400;\"> Bien-\u00eatre est le ma\u00eetre-mot ici : relaxation, sport ou restauration\u2026 Autant de services et d\u2019activit\u00e9s propos\u00e9s pour que vous vous sentiez bien.\u00a0<\/span><\/li>\n<\/ul>\n<p><span style=\"font-weight: 400;\">Cette alliance met \u00e0 votre disposition <\/span><b>800 adresses, r\u00e9parties en France et \u00e0 l&rsquo;international <\/b><span style=\"font-weight: 400;\">(Paris, \u00cele-de-France, Annecy, Lyon, Barcelone\u2026).\u00a0 N\u2019h\u00e9sitez pas \u00e0 contacter nos experts pour vous aider \u00e0 faire votre choix. <\/span><\/p>\n\t\t\t\t\t<\/div>\n\t\t\t\t\t\t\t\t\t<\/div>\n\t\t\t<\/div>        \n\t\t<\/div>\n\t<\/div>\n<\/div>\n<!-- END OF : Composant : block-periscope-theme-section-composant-33-texte-image.php -->\n","protected":false},"excerpt":{"rendered":"<p>Invitez vos \u00e9quipes \u00e0 travailler dans des espaces agr\u00e9ables avec Wojo.<\/p>\n","protected":false},"featured_media":15971110,"menu_order":0,"template":"","periscope_categorie_tax":[1649],"class_list":["post-15226712","article","type-article","status-publish","has-post-thumbnail","hentry","periscope_categorie_tax-organiser-votre-reunion"],"acf":[],"yoast_head":"<title>Avec Wojo, le coworking s\u2019invite dans les h\u00f4tels Accor - Accor MyAllMeeting.com<\/title>\n<meta name=\"robots\" content=\"index, follow, max-snippet:-1, max-image-preview:large, max-video-preview:-1\" \/>\n<link rel=\"canonical\" href=\"https:\/\/www.myallmeeting.com\/fr\/wp-json\/wp\/v2\/article\/15226712\" \/>\n<meta property=\"og:locale\" content=\"fr_FR\" \/>\n<meta property=\"og:type\" content=\"article\" \/>\n<meta property=\"og:title\" content=\"Avec Wojo, le coworking s\u2019invite dans les h\u00f4tels Accor - Accor MyAllMeeting.com\" \/>\n<meta property=\"og:description\" content=\"Invitez vos \u00e9quipes \u00e0 travailler dans des espaces agr\u00e9ables avec Wojo.\" \/>\n<meta property=\"og:url\" content=\"https:\/\/www.myallmeeting.com\/fr\/article\/avec-wojo-le-coworking-sinvite-dans-les-hotels-accor\/\" \/>\n<meta property=\"og:site_name\" content=\"Accor MyAllMeeting.com\" \/>\n<meta property=\"article:modified_time\" content=\"2024-07-10T16:34:23+00:00\" \/>\n<meta property=\"og:image\" content=\"http:\/\/myallmeeting.com\/wp-content\/uploads\/2019\/10\/Coworking.png\" \/>\n\t<meta property=\"og:image:width\" content=\"1920\" \/>\n\t<meta property=\"og:image:height\" content=\"570\" \/>\n\t<meta property=\"og:image:type\" content=\"image\/png\" \/>\n<meta name=\"twitter:card\" content=\"summary_large_image\" \/>\n<meta name=\"twitter:label1\" content=\"Dur\u00e9e de lecture estim\u00e9e\" \/>\n\t<meta name=\"twitter:data1\" content=\"4 minutes\" \/>\n<script type=\"application\/ld+json\" class=\"yoast-schema-graph\">{\"@context\":\"https:\/\/schema.org\",\"@graph\":[{\"@type\":\"WebPage\",\"@id\":\"https:\/\/www.myallmeeting.com\/fr\/article\/avec-wojo-le-coworking-sinvite-dans-les-hotels-accor\/\",\"url\":\"https:\/\/www.myallmeeting.com\/fr\/article\/avec-wojo-le-coworking-sinvite-dans-les-hotels-accor\/\",\"name\":\"Avec Wojo, le coworking s\u2019invite dans les h\u00f4tels Accor - Accor MyAllMeeting.com\",\"isPartOf\":{\"@id\":\"https:\/\/www.myallmeeting.com\/fr\/#website\"},\"primaryImageOfPage\":{\"@id\":\"https:\/\/www.myallmeeting.com\/fr\/article\/avec-wojo-le-coworking-sinvite-dans-les-hotels-accor\/#primaryimage\"},\"image\":{\"@id\":\"https:\/\/www.myallmeeting.com\/fr\/article\/avec-wojo-le-coworking-sinvite-dans-les-hotels-accor\/#primaryimage\"},\"thumbnailUrl\":\"https:\/\/www.myallmeeting.com\/wp-content\/uploads\/2019\/10\/Coworking.png\",\"datePublished\":\"2019-10-08T13:49:41+00:00\",\"dateModified\":\"2024-07-10T16:34:23+00:00\",\"breadcrumb\":{\"@id\":\"https:\/\/www.myallmeeting.com\/fr\/article\/avec-wojo-le-coworking-sinvite-dans-les-hotels-accor\/#breadcrumb\"},\"inLanguage\":\"fr-FR\",\"potentialAction\":[{\"@type\":\"ReadAction\",\"target\":[\"https:\/\/www.myallmeeting.com\/fr\/article\/avec-wojo-le-coworking-sinvite-dans-les-hotels-accor\/\"]}]},{\"@type\":\"ImageObject\",\"inLanguage\":\"fr-FR\",\"@id\":\"https:\/\/www.myallmeeting.com\/fr\/article\/avec-wojo-le-coworking-sinvite-dans-les-hotels-accor\/#primaryimage\",\"url\":\"https:\/\/www.myallmeeting.com\/wp-content\/uploads\/2019\/10\/Coworking.png\",\"contentUrl\":\"https:\/\/www.myallmeeting.com\/wp-content\/uploads\/2019\/10\/Coworking.png\",\"width\":1920,\"height\":570},{\"@type\":\"BreadcrumbList\",\"@id\":\"https:\/\/www.myallmeeting.com\/fr\/article\/avec-wojo-le-coworking-sinvite-dans-les-hotels-accor\/#breadcrumb\",\"itemListElement\":[{\"@type\":\"ListItem\",\"position\":1,\"name\":\"Accueil\",\"item\":\"https:\/\/myallmeeting.com\/fr\/\"},{\"@type\":\"ListItem\",\"position\":2,\"name\":\"Actualit\u00e9s\",\"item\":\"https:\/\/www.myallmeeting.com\/fr\/actualite\/\"},{\"@type\":\"ListItem\",\"position\":3,\"name\":\"Avec Wojo, le coworking s\u2019invite dans les h\u00f4tels Accor\"}]},{\"@type\":\"WebSite\",\"@id\":\"https:\/\/www.myallmeeting.com\/fr\/#website\",\"url\":\"https:\/\/www.myallmeeting.com\/fr\/\",\"name\":\"Accor MyAllMeeting.com\",\"description\":\"Les Meilleurs lieux pour vos Ev\u00e9nements Professionnels\",\"publisher\":{\"@id\":\"https:\/\/www.myallmeeting.com\/fr\/#organization\"},\"potentialAction\":[{\"@type\":\"SearchAction\",\"target\":{\"@type\":\"EntryPoint\",\"urlTemplate\":\"https:\/\/www.myallmeeting.com\/fr\/?s={search_term_string}\"},\"query-input\":{\"@type\":\"PropertyValueSpecification\",\"valueRequired\":true,\"valueName\":\"search_term_string\"}}],\"inLanguage\":\"fr-FR\"},{\"@type\":\"Organization\",\"@id\":\"https:\/\/www.myallmeeting.com\/fr\/#organization\",\"name\":\"ACCOR\",\"url\":\"https:\/\/www.myallmeeting.com\/fr\/\",\"logo\":{\"@type\":\"ImageObject\",\"inLanguage\":\"fr-FR\",\"@id\":\"https:\/\/www.myallmeeting.com\/fr\/#\/schema\/logo\/image\/\",\"url\":\"\",\"contentUrl\":\"\",\"caption\":\"ACCOR\"},\"image\":{\"@id\":\"https:\/\/www.myallmeeting.com\/fr\/#\/schema\/logo\/image\/\"}}]}<\/script>","yoast_head_json":{"title":"Avec Wojo, le coworking s\u2019invite dans les h\u00f4tels Accor - Accor MyAllMeeting.com","robots":{"index":"index","follow":"follow","max-snippet":"max-snippet:-1","max-image-preview":"max-image-preview:large","max-video-preview":"max-video-preview:-1"},"canonical":"https:\/\/www.myallmeeting.com\/fr\/wp-json\/wp\/v2\/article\/15226712","og_locale":"fr_FR","og_type":"article","og_title":"Avec Wojo, le coworking s\u2019invite dans les h\u00f4tels Accor - Accor MyAllMeeting.com","og_description":"Invitez vos \u00e9quipes \u00e0 travailler dans des espaces agr\u00e9ables avec Wojo.","og_url":"https:\/\/www.myallmeeting.com\/fr\/article\/avec-wojo-le-coworking-sinvite-dans-les-hotels-accor\/","og_site_name":"Accor MyAllMeeting.com","article_modified_time":"2024-07-10T16:34:23+00:00","og_image":[{"width":1920,"height":570,"url":"http:\/\/myallmeeting.com\/wp-content\/uploads\/2019\/10\/Coworking.png","type":"image\/png"}],"twitter_card":"summary_large_image","twitter_misc":{"Dur\u00e9e de lecture estim\u00e9e":"4 minutes"},"schema":{"@context":"https:\/\/schema.org","@graph":[{"@type":"WebPage","@id":"https:\/\/www.myallmeeting.com\/fr\/article\/avec-wojo-le-coworking-sinvite-dans-les-hotels-accor\/","url":"https:\/\/www.myallmeeting.com\/fr\/article\/avec-wojo-le-coworking-sinvite-dans-les-hotels-accor\/","name":"Avec Wojo, le coworking s\u2019invite dans les h\u00f4tels Accor - Accor MyAllMeeting.com","isPartOf":{"@id":"https:\/\/www.myallmeeting.com\/fr\/#website"},"primaryImageOfPage":{"@id":"https:\/\/www.myallmeeting.com\/fr\/article\/avec-wojo-le-coworking-sinvite-dans-les-hotels-accor\/#primaryimage"},"image":{"@id":"https:\/\/www.myallmeeting.com\/fr\/article\/avec-wojo-le-coworking-sinvite-dans-les-hotels-accor\/#primaryimage"},"thumbnailUrl":"https:\/\/www.myallmeeting.com\/wp-content\/uploads\/2019\/10\/Coworking.png","datePublished":"2019-10-08T13:49:41+00:00","dateModified":"2024-07-10T16:34:23+00:00","breadcrumb":{"@id":"https:\/\/www.myallmeeting.com\/fr\/article\/avec-wojo-le-coworking-sinvite-dans-les-hotels-accor\/#breadcrumb"},"inLanguage":"fr-FR","potentialAction":[{"@type":"ReadAction","target":["https:\/\/www.myallmeeting.com\/fr\/article\/avec-wojo-le-coworking-sinvite-dans-les-hotels-accor\/"]}]},{"@type":"ImageObject","inLanguage":"fr-FR","@id":"https:\/\/www.myallmeeting.com\/fr\/article\/avec-wojo-le-coworking-sinvite-dans-les-hotels-accor\/#primaryimage","url":"https:\/\/www.myallmeeting.com\/wp-content\/uploads\/2019\/10\/Coworking.png","contentUrl":"https:\/\/www.myallmeeting.com\/wp-content\/uploads\/2019\/10\/Coworking.png","width":1920,"height":570},{"@type":"BreadcrumbList","@id":"https:\/\/www.myallmeeting.com\/fr\/article\/avec-wojo-le-coworking-sinvite-dans-les-hotels-accor\/#breadcrumb","itemListElement":[{"@type":"ListItem","position":1,"name":"Accueil","item":"https:\/\/myallmeeting.com\/fr\/"},{"@type":"ListItem","position":2,"name":"Actualit\u00e9s","item":"https:\/\/www.myallmeeting.com\/fr\/actualite\/"},{"@type":"ListItem","position":3,"name":"Avec Wojo, le coworking s\u2019invite dans les h\u00f4tels Accor"}]},{"@type":"WebSite","@id":"https:\/\/www.myallmeeting.com\/fr\/#website","url":"https:\/\/www.myallmeeting.com\/fr\/","name":"Accor MyAllMeeting.com","description":"Les Meilleurs lieux pour vos Ev\u00e9nements Professionnels","publisher":{"@id":"https:\/\/www.myallmeeting.com\/fr\/#organization"},"potentialAction":[{"@type":"SearchAction","target":{"@type":"EntryPoint","urlTemplate":"https:\/\/www.myallmeeting.com\/fr\/?s={search_term_string}"},"query-input":{"@type":"PropertyValueSpecification","valueRequired":true,"valueName":"search_term_string"}}],"inLanguage":"fr-FR"},{"@type":"Organization","@id":"https:\/\/www.myallmeeting.com\/fr\/#organization","name":"ACCOR","url":"https:\/\/www.myallmeeting.com\/fr\/","logo":{"@type":"ImageObject","inLanguage":"fr-FR","@id":"https:\/\/www.myallmeeting.com\/fr\/#\/schema\/logo\/image\/","url":"","contentUrl":"","caption":"ACCOR"},"image":{"@id":"https:\/\/www.myallmeeting.com\/fr\/#\/schema\/logo\/image\/"}}]}},"_links":{"self":[{"href":"https:\/\/www.myallmeeting.com\/fr\/wp-json\/wp\/v2\/article\/15226712","targetHints":{"allow":["GET"]}}],"collection":[{"href":"https:\/\/www.myallmeeting.com\/fr\/wp-json\/wp\/v2\/article"}],"about":[{"href":"https:\/\/www.myallmeeting.com\/fr\/wp-json\/wp\/v2\/types\/article"}],"wp:featuredmedia":[{"embeddable":true,"href":"https:\/\/www.myallmeeting.com\/fr\/wp-json\/wp\/v2\/media\/15971110"}],"wp:attachment":[{"href":"https:\/\/www.myallmeeting.com\/fr\/wp-json\/wp\/v2\/media?parent=15226712"}],"wp:term":[{"taxonomy":"periscope_categorie_tax","embeddable":true,"href":"https:\/\/www.myallmeeting.com\/fr\/wp-json\/wp\/v2\/periscope_categorie_tax?post=15226712"}],"curies":[{"name":"wp","href":"https:\/\/api.w.org\/{rel}","templated":true}]}}