{"id":15226711,"date":"2019-10-22T14:55:25","date_gmt":"2019-10-22T12:55:25","guid":{"rendered":"https:\/\/myallmeeting.com\/article\/apres-leffort-le-reconfort-au-spa\/"},"modified":"2024-07-15T10:20:46","modified_gmt":"2024-07-15T08:20:46","slug":"apres-leffort-le-reconfort-au-spa","status":"publish","type":"article","link":"https:\/\/www.myallmeeting.com\/fr\/article\/apres-leffort-le-reconfort-au-spa\/","title":{"rendered":"Apr\u00e8s l&rsquo;effort, le r\u00e9confort&#8230; Au Spa !"},"content":{"rendered":"<!-- START OF : Composant : block-periscope-theme-section-composant-25-texte-cta-2-images.php -->\n<div class=\"tcta2ia bg-white fs-wysiwyg mb-lg-12\" data-component=\"25-texte-cta-2-images\">\n\t<div class=\"tcta2ia__top\">\n\t\t<div class=\"container-fluid\" style=\"--bs-gutter-x: 0\">\n\t\t\t<div class=\"row\" style=\"--bs-gutter-x: 0\">\n\t\t\t\t<div class=\"col-lg-8\">\n\t\t\t\t\t\t\t\t\t\t<div class=\"bloc-mise-en-avant__top__left\">\n\t\t\t\t\t\t<img decoding=\"async\" src=\"https:\/\/www.myallmeeting.com\/wp-content\/uploads\/2019\/10\/2661-31-1268x846.jpg\" class=\"pe-2 pe-lg-0\" width=\"1268\" height=\"846\" alt=\"\" loading=\"lazy\" \/>\n\t\t\t\t\t<\/div>\n\t\t\t\t\t\t\t\t\t\t<div class=\"tcta2ia__bottom d-none d-lg-block pb-12 pt-lg-9 pb-lg-0 pe-lg-10\">\n\t\t\t\t\t\t\t\t\t\t\t\t<h2 class=\"fs-20 fs-lg-32 fw-semibold\">Sofitel Golfe d\u2019Ajaccio Thalassa Sea &amp; Spa<\/h2>\n\t\t\t\t\t\t\t\t\t\t\t\t\t\t\t\t\t\t<div class=\"fs-wysiwyg\"><p>Au c\u0153ur de la M\u00e9diterran\u00e9e, dans l\u2019un des plus fabuleux golfes de l\u2019\u00eele de Beaut\u00e9, l\u2019h\u00f4tel 5 \u00e9toiles <a href=\"https:\/\/myallmeeting.com\/fr\/hotel\/0587-sofitel-golfe-ajaccio-thalassa\/\">Sofitel Golfe d\u2019Ajaccio Thalassa Sea &amp; Spa<\/a> a tout du paradis terrestre !<\/p>\n<p>Entre mer et montagne, nich\u00e9 sur la falaise, ce havre de paix combine saveurs et senteurs exceptionnelles avec des espaces de travail ouverts sur une nature somptueuse.<\/p>\n<p>Apr\u00e8s le travail, profitez des bienfaits de la thalasso et, pour une d\u00e9tox compl\u00e8te, finissez votre journ\u00e9e devant le coucher de soleil sur les \u00eeles Sanguinaires\u2026<\/p>\n<\/div>\n\t\t\t\t\t\t\t\t\t\t\t\t<div class=\"d-flex flex-column flex-lg-row align-items-center gap-5 gap-lg-8 justify-content-between\">\n\t\t\t\t\t\t\t<div class=\"fs-20 fs-lg-26 fw-semibold lh-xs\"><\/div>\n\t\t\t\t\t\t\t\t\t\t\t\t\t<\/div>\n\t\t\t\t\t<\/div>\n\t\t\t\t<\/div>\n\t\t\t\t<div class=\"col-lg-4\">\n\t\t\t\t\t<div class=\"tcta2ia__top__right t-0 r-0 bg-primary text-white pt-4 pb-4 px-2 pt-lg-8 pb-lg-16 px-lg-11 pb-xl-30\">\n\t\t\t\t\t\t\t\t\t\t\t\t\t\t\t\t\t\t<h2 class=\"unna fs-36 fs-lg-51 fs-xl-75 fs-italic fw-normal text-secondary\">Apr\u00e8s l\u2019effort, le r\u00e9confort\u2026 Au spa !<\/h2>\n\t\t\t\t\t\t\t\t\t\t\t\t\t\t\t\t\t\t<h3 class=\"text-white fs-18 fs-lg-20 fs-xl-28 text-original-case\">Apr\u00e8s une journ\u00e9e de s\u00e9minaire intense, qui ne r\u00eave pas d\u2019un moment de l\u00e2cher-prise o\u00f9 le seul objectif est de prendre soin de soi ? <\/h3>\n\t\t\t\t\t\t\t\t\t\t\t\t\t\t\t\t\t\t<div class=\"fs-wysiwyg mb-4 fs-lg-16 fs-xl-20\"><p>D\u00e9couvrez 4 de nos adresses Thalassa Sea &amp; Spa partout en France pour vous offrir le luxe d\u2019allier travail et bien-\u00eatre.<\/p>\n<\/div>\n\t\t\t\t\t\t\t\t\t\t\t\t\t\t\t\t\t\t\t\t\t\t\t\t<p class=\"m-0\"><img decoding=\"async\" src=\"https:\/\/www.myallmeeting.com\/wp-content\/uploads\/2019\/10\/6053-59-633x398.jpg\" class=\"position-relative l-0\" width=\"633\" height=\"398\" alt=\"\" loading=\"lazy\" \/><\/p>\n\t\t\t\t\t\t\t\t\t\t\t<\/div>\n\t\t\t\t<\/div>\n\t\t\t<\/div>\n\t\t<\/div>\n\t<\/div>\n\t<div class=\"tcta2ia__bottom d-lg-none pb-12 py-lg-9 pe-lg-10\">\n\t\t\t\t<div class=\"h2 fs-20 fs-lg-32 fw-semibold\">Sofitel Golfe d\u2019Ajaccio Thalassa Sea &amp; Spa<\/div>\n\t\t\t\t\t\t<div class=\"fs-wysiwyg\"><p>Au c\u0153ur de la M\u00e9diterran\u00e9e, dans l\u2019un des plus fabuleux golfes de l\u2019\u00eele de Beaut\u00e9, l\u2019h\u00f4tel 5 \u00e9toiles <a href=\"https:\/\/myallmeeting.com\/fr\/hotel\/0587-sofitel-golfe-ajaccio-thalassa\/\">Sofitel Golfe d\u2019Ajaccio Thalassa Sea &amp; Spa<\/a> a tout du paradis terrestre !<\/p>\n<p>Entre mer et montagne, nich\u00e9 sur la falaise, ce havre de paix combine saveurs et senteurs exceptionnelles avec des espaces de travail ouverts sur une nature somptueuse.<\/p>\n<p>Apr\u00e8s le travail, profitez des bienfaits de la thalasso et, pour une d\u00e9tox compl\u00e8te, finissez votre journ\u00e9e devant le coucher de soleil sur les \u00eeles Sanguinaires\u2026<\/p>\n<\/div>\n\t\t\t\t<div class=\"d-flex flex-column flex-lg-row align-items-center gap-5 gap-lg-8 justify-content-between\">\n\t\t\t<div class=\"fs-20 fs-lg-26 fw-semibold lh-xs\"><\/div>\n\t\t\t\t\t<\/div>\n\t<\/div>\n<\/div>\n<!-- END OF : Composant : block-periscope-theme-section-composant-25-texte-cta-2-images.php -->\n\n\n<!-- START OF : Composant : block-periscope-theme-section-composant-33-texte-image.php -->\n<div class=\"text-image fs-wysiwyg mb-8 mb-lg-12\" data-component=\"33-texte-image\">\n\t<div class=\"container-fluid\" style=\"--bs-gutter-x: 0\">\n\t\t<div class=\"row\" style=\"--bs-gutter-x: 0\">\n\t\t\t\t\t\t<div class=\"col-lg-6 mb-7 mb-lg-0\">\n\t\t\t\t<img decoding=\"async\" src=\"https:\/\/www.myallmeeting.com\/wp-content\/uploads\/2019\/10\/7032-76-953x600.jpg\" width=\"953\" height=\"600\" alt=\"\" loading=\"lazy\" class=\"w-100\" \/>\n\t\t\t<\/div>\n\t\t\t\t\t\t<div class=\"col-lg-6\">\n\t\t\t\t<div class=\"text-image__content\">\n\t\t\t\t\t\t\t\t\t\t<div class=\"fw-semibold lh-xs fs-20 fs-lg-32 ls--25 mb-5\">Cures Marines Trouville H\u00f4tel Thalasso &amp; Spa \u2013 MGallery<\/div>\n\t\t\t\t\t\t\t\t\t\t\t\t\t\t\t<div class=\"fs-wysiwyg\">\n\t\t\t\t\t\t<p>Revivez le charme des Palaces du d\u00e9but du XX<sup>e<\/sup>\u00a0si\u00e8cle et de leurs c\u00e9l\u00e8bres bains de mer aux vertus vivifiantes, cela au c\u0153ur de l\u2019une des plus belles stations baln\u00e9aires normandes.<\/p>\n<p>R\u00e9g\u00e9n\u00e9rez-vous et retrouvez harmonie et \u00e9nergie\u00a0<a href=\"https:\/\/myallmeeting.com\/fr\/hotel\/8232-cures-marines-trouville\/\">dans cet h\u00f4tel 5*<\/a>\u00a0o\u00f9 tout n\u2019est que luxe, \u00e9l\u00e9gance et volupt\u00e9.<\/p>\n<p>Que vous choisissiez de r\u00e9veiller vos papilles avec la cuisine de notre chef \u00e9toil\u00e9 Johan Thyriot ou de profiter d\u2019un moment de relaxation intense au spa, vous garderez de ce s\u00e9minaire le souvenir d\u2019un s\u00e9jour inoubliable.<\/p>\n\t\t\t\t\t<\/div>\n\t\t\t\t\t\t\t\t\t<\/div>\n\t\t\t<\/div>        \n\t\t<\/div>\n\t<\/div>\n<\/div>\n<!-- END OF : Composant : block-periscope-theme-section-composant-33-texte-image.php -->\n\n\n<!-- START OF : Composant : block-periscope-theme-section-composant-33-texte-image.php -->\n<!-- INVERSE -->\n<div class=\"text-image fs-wysiwyg mb-8 mb-lg-12\" data-component=\"33-texte-image\" data-reverse=\"oui\">\n\t<div class=\"container-fluid\" style=\"--bs-gutter-x: 0\">\n\t\t<div class=\"row\" style=\"--bs-gutter-x: 0\">\n\t\t\t<div class=\"col-lg-6\">\n\t\t\t\t<div class=\"text-image__content\">\n\t\t\t\t\t\t\t\t\t\t<div class=\"fw-semibold lh-xs fs-20 fs-lg-32 ls--25 mb-5\">Novotel Thalassa Le Touquet<\/div>\n\t\t\t\t\t\t\t\t\t\t\t\t\t\t\t<div class=\"fs-wysiwyg\">\n\t\t\t\t\t\t<p>Situ\u00e9 sur la grande plage du Touquet, le <a href=\"https:\/\/myallmeeting.com\/fr\/hotel\/0449-novotel-thalassa-le-touquet\/\">Novotel Thalassa<\/a>, 4 \u00e9toiles, vous ouvre grand les portes de cette station baln\u00e9aire mythique. Inspirez, soufflez respirez\u2026 l\u2019air subtilement iod\u00e9, les chaleureux ar\u00f4mes des pins maritimes et le doux bruit des vagues vous feront oublier en un instant la fatigue du travail de la journ\u00e9e.<\/p>\n<p>Dans cet h\u00f4tel au design contemporain, go\u00fbtez aux vertus des soins du spa avant de savourer la cuisine des chefs qui sublime les produits de la mer.<\/p>\n\t\t\t\t\t<\/div>\n\t\t\t\t\t\t\t\t\t<\/div>\n\t\t\t<\/div>    \n\t\t\t    \n\t\t\t<div class=\"col-lg-6 order-first order-lg-last mb-7 mb-lg-0\">\n\t\t\t\t<img decoding=\"async\" src=\"https:\/\/www.myallmeeting.com\/wp-content\/uploads\/2019\/10\/5155-17-1-953x600.jpg\" width=\"953\" height=\"600\" alt=\"\" loading=\"lazy\" class=\"w-100\" \/>\n\t\t\t<\/div>\n\t\t\t\t\t<\/div>\n\t<\/div>\n<\/div>\n<!-- END OF : Composant : block-periscope-theme-section-composant-33-texte-image.php -->\n\n\n<!-- START OF : Composant : block-periscope-theme-section-composant-33-texte-image.php -->\n<div class=\"text-image fs-wysiwyg mb-8 mb-lg-12\" data-component=\"33-texte-image\">\n\t<div class=\"container-fluid\" style=\"--bs-gutter-x: 0\">\n\t\t<div class=\"row\" style=\"--bs-gutter-x: 0\">\n\t\t\t\t\t\t<div class=\"col-lg-6 mb-7 mb-lg-0\">\n\t\t\t\t<img decoding=\"async\" src=\"https:\/\/www.myallmeeting.com\/wp-content\/uploads\/2019\/10\/5891-35-953x600.jpg\" width=\"953\" height=\"600\" alt=\"\" loading=\"lazy\" class=\"w-100\" \/>\n\t\t\t<\/div>\n\t\t\t\t\t\t<div class=\"col-lg-6\">\n\t\t\t\t<div class=\"text-image__content\">\n\t\t\t\t\t\t\t\t\t\t<div class=\"fw-semibold lh-xs fs-20 fs-lg-32 ls--25 mb-5\">Ibis Hy\u00e8res Plage Thalassa<\/div>\n\t\t\t\t\t\t\t\t\t\t\t\t\t\t\t<div class=\"fs-wysiwyg\">\n\t\t\t\t\t\t<p>Si vous recherchez calme et douceur de vivre, vous avez trouv\u00e9 la bonne adresse. Des espaces de travail lumineux, un bar agr\u00e9able et un jardin aux ar\u00f4mes m\u00e9diterran\u00e9ens donnent un cachet unique \u00e0 cet h\u00f4tel lov\u00e9 dans la presqu\u2019\u00eele de Giens, juste au pied du massif des Maures.<\/p>\n<p>Le spa <a href=\"https:\/\/myallmeeting.com\/fr\/hotel\/1559-ibis-hyeres-plage-thalassa\/\">Hy\u00e8res-Ibis<\/a>, trois \u00e9toiles, met \u00e0 l\u2019honneur les couleurs de la Provence. Piscine d\u2019eau de mer chauff\u00e9e et hammam conjugueront leurs bienfaits pour vous offrir une parenth\u00e8se chaleureuse et revigorante.<\/p>\n\t\t\t\t\t<\/div>\n\t\t\t\t\t\t\t\t\t<\/div>\n\t\t\t<\/div>        \n\t\t<\/div>\n\t<\/div>\n<\/div>\n<!-- END OF : Composant : block-periscope-theme-section-composant-33-texte-image.php -->\n","protected":false},"excerpt":{"rendered":"<p>R\u00e9servez ces h\u00f4tels spas uniques pour allier travail et d\u00e9tente lors de vos s\u00e9minaires. <\/p>\n","protected":false},"featured_media":15962864,"menu_order":0,"template":"","periscope_categorie_tax":[1648],"class_list":["post-15226711","article","type-article","status-publish","has-post-thumbnail","hentry","periscope_categorie_tax-tous-nos-tops-selections"],"acf":[],"yoast_head":"<title>Apr\u00e8s l&rsquo;effort, le r\u00e9confort&#8230; Au Spa ! - Accor MyAllMeeting.com<\/title>\n<meta name=\"robots\" content=\"index, follow, max-snippet:-1, max-image-preview:large, max-video-preview:-1\" \/>\n<link rel=\"canonical\" href=\"https:\/\/www.myallmeeting.com\/fr\/wp-json\/wp\/v2\/article\/15226711\" \/>\n<meta property=\"og:locale\" content=\"fr_FR\" \/>\n<meta property=\"og:type\" content=\"article\" \/>\n<meta property=\"og:title\" content=\"Apr\u00e8s l&rsquo;effort, le r\u00e9confort&#8230; Au Spa ! - Accor MyAllMeeting.com\" \/>\n<meta property=\"og:description\" content=\"R\u00e9servez ces h\u00f4tels spas uniques pour allier travail et d\u00e9tente lors de vos s\u00e9minaires.\" \/>\n<meta property=\"og:url\" content=\"https:\/\/www.myallmeeting.com\/fr\/article\/apres-leffort-le-reconfort-au-spa\/\" \/>\n<meta property=\"og:site_name\" content=\"Accor MyAllMeeting.com\" \/>\n<meta property=\"article:modified_time\" content=\"2024-07-15T08:20:46+00:00\" \/>\n<meta property=\"og:image\" content=\"http:\/\/myallmeeting.com\/wp-content\/uploads\/2019\/10\/Spa-view.png\" \/>\n\t<meta property=\"og:image:width\" content=\"1920\" \/>\n\t<meta property=\"og:image:height\" content=\"570\" \/>\n\t<meta property=\"og:image:type\" content=\"image\/png\" \/>\n<meta name=\"twitter:card\" content=\"summary_large_image\" \/>\n<meta name=\"twitter:label1\" content=\"Dur\u00e9e de lecture estim\u00e9e\" \/>\n\t<meta name=\"twitter:data1\" content=\"4 minutes\" \/>\n<script type=\"application\/ld+json\" class=\"yoast-schema-graph\">{\"@context\":\"https:\/\/schema.org\",\"@graph\":[{\"@type\":\"WebPage\",\"@id\":\"https:\/\/www.myallmeeting.com\/fr\/article\/apres-leffort-le-reconfort-au-spa\/\",\"url\":\"https:\/\/www.myallmeeting.com\/fr\/article\/apres-leffort-le-reconfort-au-spa\/\",\"name\":\"Apr\u00e8s l&rsquo;effort, le r\u00e9confort&#8230; Au Spa ! - Accor MyAllMeeting.com\",\"isPartOf\":{\"@id\":\"https:\/\/www.myallmeeting.com\/fr\/#website\"},\"primaryImageOfPage\":{\"@id\":\"https:\/\/www.myallmeeting.com\/fr\/article\/apres-leffort-le-reconfort-au-spa\/#primaryimage\"},\"image\":{\"@id\":\"https:\/\/www.myallmeeting.com\/fr\/article\/apres-leffort-le-reconfort-au-spa\/#primaryimage\"},\"thumbnailUrl\":\"https:\/\/www.myallmeeting.com\/wp-content\/uploads\/2019\/10\/Spa-view.png\",\"datePublished\":\"2019-10-22T12:55:25+00:00\",\"dateModified\":\"2024-07-15T08:20:46+00:00\",\"breadcrumb\":{\"@id\":\"https:\/\/www.myallmeeting.com\/fr\/article\/apres-leffort-le-reconfort-au-spa\/#breadcrumb\"},\"inLanguage\":\"fr-FR\",\"potentialAction\":[{\"@type\":\"ReadAction\",\"target\":[\"https:\/\/www.myallmeeting.com\/fr\/article\/apres-leffort-le-reconfort-au-spa\/\"]}]},{\"@type\":\"ImageObject\",\"inLanguage\":\"fr-FR\",\"@id\":\"https:\/\/www.myallmeeting.com\/fr\/article\/apres-leffort-le-reconfort-au-spa\/#primaryimage\",\"url\":\"https:\/\/www.myallmeeting.com\/wp-content\/uploads\/2019\/10\/Spa-view.png\",\"contentUrl\":\"https:\/\/www.myallmeeting.com\/wp-content\/uploads\/2019\/10\/Spa-view.png\",\"width\":1920,\"height\":570},{\"@type\":\"BreadcrumbList\",\"@id\":\"https:\/\/www.myallmeeting.com\/fr\/article\/apres-leffort-le-reconfort-au-spa\/#breadcrumb\",\"itemListElement\":[{\"@type\":\"ListItem\",\"position\":1,\"name\":\"Accueil\",\"item\":\"https:\/\/myallmeeting.com\/fr\/\"},{\"@type\":\"ListItem\",\"position\":2,\"name\":\"Actualit\u00e9s\",\"item\":\"https:\/\/www.myallmeeting.com\/fr\/actualite\/\"},{\"@type\":\"ListItem\",\"position\":3,\"name\":\"Apr\u00e8s l&rsquo;effort, le r\u00e9confort&#8230; Au Spa !\"}]},{\"@type\":\"WebSite\",\"@id\":\"https:\/\/www.myallmeeting.com\/fr\/#website\",\"url\":\"https:\/\/www.myallmeeting.com\/fr\/\",\"name\":\"Accor MyAllMeeting.com\",\"description\":\"Les Meilleurs lieux pour vos Ev\u00e9nements Professionnels\",\"publisher\":{\"@id\":\"https:\/\/www.myallmeeting.com\/fr\/#organization\"},\"potentialAction\":[{\"@type\":\"SearchAction\",\"target\":{\"@type\":\"EntryPoint\",\"urlTemplate\":\"https:\/\/www.myallmeeting.com\/fr\/?s={search_term_string}\"},\"query-input\":{\"@type\":\"PropertyValueSpecification\",\"valueRequired\":true,\"valueName\":\"search_term_string\"}}],\"inLanguage\":\"fr-FR\"},{\"@type\":\"Organization\",\"@id\":\"https:\/\/www.myallmeeting.com\/fr\/#organization\",\"name\":\"ACCOR\",\"url\":\"https:\/\/www.myallmeeting.com\/fr\/\",\"logo\":{\"@type\":\"ImageObject\",\"inLanguage\":\"fr-FR\",\"@id\":\"https:\/\/www.myallmeeting.com\/fr\/#\/schema\/logo\/image\/\",\"url\":\"\",\"contentUrl\":\"\",\"caption\":\"ACCOR\"},\"image\":{\"@id\":\"https:\/\/www.myallmeeting.com\/fr\/#\/schema\/logo\/image\/\"}}]}<\/script>","yoast_head_json":{"title":"Apr\u00e8s l&rsquo;effort, le r\u00e9confort&#8230; Au Spa ! - Accor MyAllMeeting.com","robots":{"index":"index","follow":"follow","max-snippet":"max-snippet:-1","max-image-preview":"max-image-preview:large","max-video-preview":"max-video-preview:-1"},"canonical":"https:\/\/www.myallmeeting.com\/fr\/wp-json\/wp\/v2\/article\/15226711","og_locale":"fr_FR","og_type":"article","og_title":"Apr\u00e8s l&rsquo;effort, le r\u00e9confort&#8230; Au Spa ! - Accor MyAllMeeting.com","og_description":"R\u00e9servez ces h\u00f4tels spas uniques pour allier travail et d\u00e9tente lors de vos s\u00e9minaires.","og_url":"https:\/\/www.myallmeeting.com\/fr\/article\/apres-leffort-le-reconfort-au-spa\/","og_site_name":"Accor MyAllMeeting.com","article_modified_time":"2024-07-15T08:20:46+00:00","og_image":[{"width":1920,"height":570,"url":"http:\/\/myallmeeting.com\/wp-content\/uploads\/2019\/10\/Spa-view.png","type":"image\/png"}],"twitter_card":"summary_large_image","twitter_misc":{"Dur\u00e9e de lecture estim\u00e9e":"4 minutes"},"schema":{"@context":"https:\/\/schema.org","@graph":[{"@type":"WebPage","@id":"https:\/\/www.myallmeeting.com\/fr\/article\/apres-leffort-le-reconfort-au-spa\/","url":"https:\/\/www.myallmeeting.com\/fr\/article\/apres-leffort-le-reconfort-au-spa\/","name":"Apr\u00e8s l&rsquo;effort, le r\u00e9confort&#8230; Au Spa ! - Accor MyAllMeeting.com","isPartOf":{"@id":"https:\/\/www.myallmeeting.com\/fr\/#website"},"primaryImageOfPage":{"@id":"https:\/\/www.myallmeeting.com\/fr\/article\/apres-leffort-le-reconfort-au-spa\/#primaryimage"},"image":{"@id":"https:\/\/www.myallmeeting.com\/fr\/article\/apres-leffort-le-reconfort-au-spa\/#primaryimage"},"thumbnailUrl":"https:\/\/www.myallmeeting.com\/wp-content\/uploads\/2019\/10\/Spa-view.png","datePublished":"2019-10-22T12:55:25+00:00","dateModified":"2024-07-15T08:20:46+00:00","breadcrumb":{"@id":"https:\/\/www.myallmeeting.com\/fr\/article\/apres-leffort-le-reconfort-au-spa\/#breadcrumb"},"inLanguage":"fr-FR","potentialAction":[{"@type":"ReadAction","target":["https:\/\/www.myallmeeting.com\/fr\/article\/apres-leffort-le-reconfort-au-spa\/"]}]},{"@type":"ImageObject","inLanguage":"fr-FR","@id":"https:\/\/www.myallmeeting.com\/fr\/article\/apres-leffort-le-reconfort-au-spa\/#primaryimage","url":"https:\/\/www.myallmeeting.com\/wp-content\/uploads\/2019\/10\/Spa-view.png","contentUrl":"https:\/\/www.myallmeeting.com\/wp-content\/uploads\/2019\/10\/Spa-view.png","width":1920,"height":570},{"@type":"BreadcrumbList","@id":"https:\/\/www.myallmeeting.com\/fr\/article\/apres-leffort-le-reconfort-au-spa\/#breadcrumb","itemListElement":[{"@type":"ListItem","position":1,"name":"Accueil","item":"https:\/\/myallmeeting.com\/fr\/"},{"@type":"ListItem","position":2,"name":"Actualit\u00e9s","item":"https:\/\/www.myallmeeting.com\/fr\/actualite\/"},{"@type":"ListItem","position":3,"name":"Apr\u00e8s l&rsquo;effort, le r\u00e9confort&#8230; Au Spa !"}]},{"@type":"WebSite","@id":"https:\/\/www.myallmeeting.com\/fr\/#website","url":"https:\/\/www.myallmeeting.com\/fr\/","name":"Accor MyAllMeeting.com","description":"Les Meilleurs lieux pour vos Ev\u00e9nements Professionnels","publisher":{"@id":"https:\/\/www.myallmeeting.com\/fr\/#organization"},"potentialAction":[{"@type":"SearchAction","target":{"@type":"EntryPoint","urlTemplate":"https:\/\/www.myallmeeting.com\/fr\/?s={search_term_string}"},"query-input":{"@type":"PropertyValueSpecification","valueRequired":true,"valueName":"search_term_string"}}],"inLanguage":"fr-FR"},{"@type":"Organization","@id":"https:\/\/www.myallmeeting.com\/fr\/#organization","name":"ACCOR","url":"https:\/\/www.myallmeeting.com\/fr\/","logo":{"@type":"ImageObject","inLanguage":"fr-FR","@id":"https:\/\/www.myallmeeting.com\/fr\/#\/schema\/logo\/image\/","url":"","contentUrl":"","caption":"ACCOR"},"image":{"@id":"https:\/\/www.myallmeeting.com\/fr\/#\/schema\/logo\/image\/"}}]}},"_links":{"self":[{"href":"https:\/\/www.myallmeeting.com\/fr\/wp-json\/wp\/v2\/article\/15226711","targetHints":{"allow":["GET"]}}],"collection":[{"href":"https:\/\/www.myallmeeting.com\/fr\/wp-json\/wp\/v2\/article"}],"about":[{"href":"https:\/\/www.myallmeeting.com\/fr\/wp-json\/wp\/v2\/types\/article"}],"wp:featuredmedia":[{"embeddable":true,"href":"https:\/\/www.myallmeeting.com\/fr\/wp-json\/wp\/v2\/media\/15962864"}],"wp:attachment":[{"href":"https:\/\/www.myallmeeting.com\/fr\/wp-json\/wp\/v2\/media?parent=15226711"}],"wp:term":[{"taxonomy":"periscope_categorie_tax","embeddable":true,"href":"https:\/\/www.myallmeeting.com\/fr\/wp-json\/wp\/v2\/periscope_categorie_tax?post=15226711"}],"curies":[{"name":"wp","href":"https:\/\/api.w.org\/{rel}","templated":true}]}}