{"id":15226710,"date":"2019-10-23T17:51:36","date_gmt":"2019-10-23T15:51:36","guid":{"rendered":"https:\/\/myallmeeting.com\/article\/choisissez-les-hauts-de-france-pour-un-evenement-memorable\/"},"modified":"2024-07-09T16:07:43","modified_gmt":"2024-07-09T14:07:43","slug":"choisissez-les-hauts-de-france-pour-un-evenement-memorable","status":"publish","type":"article","link":"https:\/\/www.myallmeeting.com\/fr\/article\/choisissez-les-hauts-de-france-pour-un-evenement-memorable\/","title":{"rendered":"Choisissez les Hauts-de-France pour un \u00e9v\u00e9nement m\u00e9morable"},"content":{"rendered":"<!-- START OF : Composant : block-periscope-theme-section-composant-25-texte-cta-2-images.php -->\n<div class=\"tcta2ia bg-white fs-wysiwyg mb-lg-12\" data-component=\"25-texte-cta-2-images\">\n\t<div class=\"tcta2ia__top\">\n\t\t<div class=\"container-fluid\" style=\"--bs-gutter-x: 0\">\n\t\t\t<div class=\"row\" style=\"--bs-gutter-x: 0\">\n\t\t\t\t<div class=\"col-lg-8\">\n\t\t\t\t\t\t\t\t\t\t<div class=\"bloc-mise-en-avant__top__left\">\n\t\t\t\t\t\t<img decoding=\"async\" src=\"https:\/\/www.myallmeeting.com\/wp-content\/uploads\/2019\/10\/3086-49-1268x846.jpg\" class=\"pe-2 pe-lg-0\" width=\"1268\" height=\"846\" alt=\"\" loading=\"lazy\" \/>\n\t\t\t\t\t<\/div>\n\t\t\t\t\t\t\t\t\t\t<div class=\"tcta2ia__bottom d-none d-lg-block pb-12 pt-lg-9 pb-lg-0 pe-lg-10\">\n\t\t\t\t\t\t\t\t\t\t\t\t<h2 class=\"fs-20 fs-lg-32 fw-semibold\">Mercure Arras Centre Gare<\/h2>\n\t\t\t\t\t\t\t\t\t\t\t\t\t\t\t\t\t\t<div class=\"fs-wysiwyg\"><p><span style=\"font-weight: 400;\">C\u00e9l\u00e8bre pour ses places d\u2019une <\/span><b>incroyable richesse architecturale<\/b><span style=\"font-weight: 400;\">, la ville surprend par <\/span><b>sa douceur de vivre<\/b><span style=\"font-weight: 400;\">. Face \u00e0 la gare TGV et \u00e0 deux pas du centre historique, <a href=\"https:\/\/myallmeeting.com\/fr\/hotel\/1560-mercure-arras-centre-gare\/\">l\u2019h\u00f4tel Mercure Arras Centre Gare<\/a> vous accueille dans une <\/span><b>d\u00e9coration moderne aux tons chauds<\/b><span style=\"font-weight: 400;\">.<\/span><\/p>\n<p><span style=\"font-weight: 400;\">Son restaurant, le 58, vous propose une cuisine traditionnelle gourmande et g\u00e9n\u00e9reuse. \u00c0 55 minutes de Paris, cet h\u00f4tel 4 \u00e9toiles est le lieu id\u00e9al pour organiser un \u00e9v\u00e8nement quelle que soit sa taille.<\/span><\/p>\n<p><span style=\"font-weight: 400;\">Avec son <\/span><b>auditorium de 300 places<\/b><span style=\"font-weight: 400;\">, son hall d\u2019exposition de 1200 m\u00b2, vous pouvez ais\u00e9ment y orchestrer une convention ou un congr\u00e8s. Et, dans ses 13 salles de r\u00e9union, vous trouverez certainement celle qui convient \u00e0 l\u2019organisation de votre s\u00e9minaire.<\/span><\/p>\n<\/div>\n\t\t\t\t\t\t\t\t\t\t\t\t<div class=\"d-flex flex-column flex-lg-row align-items-center gap-5 gap-lg-8 justify-content-between\">\n\t\t\t\t\t\t\t<div class=\"fs-20 fs-lg-26 fw-semibold lh-xs\"><\/div>\n\t\t\t\t\t\t\t\t\t\t\t\t\t<\/div>\n\t\t\t\t\t<\/div>\n\t\t\t\t<\/div>\n\t\t\t\t<div class=\"col-lg-4\">\n\t\t\t\t\t<div class=\"tcta2ia__top__right t-0 r-0 bg-primary text-white pt-4 pb-4 px-2 pt-lg-8 pb-lg-16 px-lg-11 pb-xl-30\">\n\t\t\t\t\t\t\t\t\t\t\t\t\t\t\t\t\t\t<h2 class=\"unna fs-36 fs-lg-51 fs-xl-75 fs-italic fw-normal text-secondary\">Choisissez les Hauts-de-France pour un \u00e9v\u00e9nement m\u00e9morable<\/h2>\n\t\t\t\t\t\t\t\t\t\t\t\t\t\t\t\t\t\t<h3 class=\"text-white fs-18 fs-lg-20 fs-xl-28 text-original-case\">Cap sur quatre destinations \u00e0 d\u00e9couvrir de toute urgence !<\/h3>\n\t\t\t\t\t\t\t\t\t\t\t\t\t\t\t\t\t\t<div class=\"fs-wysiwyg mb-4 fs-lg-16 fs-xl-20\"><p>Avec ses falaises de craie immacul\u00e9es, ses immenses plages de sable fin charg\u00e9es d\u2019embruns, la C\u00f4te d\u2019Opale n\u2019en finira pas de vous \u00e9tonner et d\u2019\u00e9veiller vos sens. Sit\u00f4t quitt\u00e9 le rivage, le Nord, la Picardie et le Pas-de-Calais vous d\u00e9voilent une terre d\u2019art et d\u2019histoire avec ses beffrois, ses ch\u00e2teaux, ses cath\u00e9drales et ses nombreux villages pittoresques et authentiques o\u00f9 vous go\u00fbterez la chaleur d\u2019un accueil incomparable.<\/p>\n<\/div>\n\t\t\t\t\t\t\t\t\t\t\t\t\t\t\t\t\t\t\t\t\t\t\t\t<p class=\"m-0\"><img decoding=\"async\" src=\"https:\/\/www.myallmeeting.com\/wp-content\/uploads\/2019\/10\/Mercure-Arras-Centre-Gare-633x398.jpg\" class=\"position-relative l-0\" width=\"633\" height=\"398\" alt=\"\" loading=\"lazy\" \/><\/p>\n\t\t\t\t\t\t\t\t\t\t\t<\/div>\n\t\t\t\t<\/div>\n\t\t\t<\/div>\n\t\t<\/div>\n\t<\/div>\n\t<div class=\"tcta2ia__bottom d-lg-none pb-12 py-lg-9 pe-lg-10\">\n\t\t\t\t<div class=\"h2 fs-20 fs-lg-32 fw-semibold\">Mercure Arras Centre Gare<\/div>\n\t\t\t\t\t\t<div class=\"fs-wysiwyg\"><p><span style=\"font-weight: 400;\">C\u00e9l\u00e8bre pour ses places d\u2019une <\/span><b>incroyable richesse architecturale<\/b><span style=\"font-weight: 400;\">, la ville surprend par <\/span><b>sa douceur de vivre<\/b><span style=\"font-weight: 400;\">. Face \u00e0 la gare TGV et \u00e0 deux pas du centre historique, <a href=\"https:\/\/myallmeeting.com\/fr\/hotel\/1560-mercure-arras-centre-gare\/\">l\u2019h\u00f4tel Mercure Arras Centre Gare<\/a> vous accueille dans une <\/span><b>d\u00e9coration moderne aux tons chauds<\/b><span style=\"font-weight: 400;\">.<\/span><\/p>\n<p><span style=\"font-weight: 400;\">Son restaurant, le 58, vous propose une cuisine traditionnelle gourmande et g\u00e9n\u00e9reuse. \u00c0 55 minutes de Paris, cet h\u00f4tel 4 \u00e9toiles est le lieu id\u00e9al pour organiser un \u00e9v\u00e8nement quelle que soit sa taille.<\/span><\/p>\n<p><span style=\"font-weight: 400;\">Avec son <\/span><b>auditorium de 300 places<\/b><span style=\"font-weight: 400;\">, son hall d\u2019exposition de 1200 m\u00b2, vous pouvez ais\u00e9ment y orchestrer une convention ou un congr\u00e8s. Et, dans ses 13 salles de r\u00e9union, vous trouverez certainement celle qui convient \u00e0 l\u2019organisation de votre s\u00e9minaire.<\/span><\/p>\n<\/div>\n\t\t\t\t<div class=\"d-flex flex-column flex-lg-row align-items-center gap-5 gap-lg-8 justify-content-between\">\n\t\t\t<div class=\"fs-20 fs-lg-26 fw-semibold lh-xs\"><\/div>\n\t\t\t\t\t<\/div>\n\t<\/div>\n<\/div>\n<!-- END OF : Composant : block-periscope-theme-section-composant-25-texte-cta-2-images.php -->\n\n\n<!-- START OF : Composant : block-periscope-theme-section-composant-33-texte-image.php -->\n<div class=\"text-image fs-wysiwyg mb-8 mb-lg-12\" data-component=\"33-texte-image\">\n\t<div class=\"container-fluid\" style=\"--bs-gutter-x: 0\">\n\t\t<div class=\"row\" style=\"--bs-gutter-x: 0\">\n\t\t\t\t\t\t<div class=\"col-lg-6 mb-7 mb-lg-0\">\n\t\t\t\t<img decoding=\"async\" src=\"https:\/\/www.myallmeeting.com\/wp-content\/uploads\/2019\/10\/Novotel-Lens-Noyelles-953x600.jpg\" width=\"953\" height=\"600\" alt=\"\" loading=\"lazy\" class=\"w-100\" \/>\n\t\t\t<\/div>\n\t\t\t\t\t\t<div class=\"col-lg-6\">\n\t\t\t\t<div class=\"text-image__content\">\n\t\t\t\t\t\t\t\t\t\t<div class=\"fw-semibold lh-xs fs-20 fs-lg-32 ls--25 mb-5\">Novotel Lens Noyelles<\/div>\n\t\t\t\t\t\t\t\t\t\t\t\t\t\t\t<div class=\"fs-wysiwyg\">\n\t\t\t\t\t\t<p><span style=\"font-weight: 400;\">Au c\u0153ur d\u2019un magnifique parc, le <a href=\"https:\/\/myallmeeting.com\/fr\/hotel\/0426-novotel-lens-noyelles\/\">Novotel Lens Noyelles<\/a> est implant\u00e9 au centre du triangle Lens-Arras-Douai avec un acc\u00e8s facile \u00e0 l\u2019autoroute, \u00e0 quelque 20 minutes du centre historique de Lille. Ce 4 \u00e9toiles offre <\/span><b>un design classique et contemporain<\/b><span style=\"font-weight: 400;\">.<\/span><\/p>\n<p><span style=\"font-weight: 400;\">Avec <\/span><b>200 m\u00b2 d\u2019espaces de r\u00e9union<\/b><span style=\"font-weight: 400;\">, il propose une palette de salles, toutes modulables et ouvertes sur l\u2019ext\u00e9rieur pour profiter de la lumi\u00e8re du jour. <\/span><b>Parfaitement \u00e9quip\u00e9es, elles offrent un r\u00e9el confort de travail<\/b><span style=\"font-weight: 400;\">.<\/span><\/p>\n<p><span style=\"font-weight: 400;\">L\u2019afterwork vous r\u00e9serve \u00e9galement son lot de r\u00e9jouissances\u00a0: un bar chaleureux o\u00f9 se d\u00e9tendre en jouant au babyfoot, \u00e0 moins que vous ne pr\u00e9f\u00e9riez une excursion pour d\u00e9couvrir les mus\u00e9es et tr\u00e9sors architecturaux de la r\u00e9gion lensoise.<\/span><\/p>\n\t\t\t\t\t<\/div>\n\t\t\t\t\t\t\t\t\t<\/div>\n\t\t\t<\/div>        \n\t\t<\/div>\n\t<\/div>\n<\/div>\n<!-- END OF : Composant : block-periscope-theme-section-composant-33-texte-image.php -->\n\n\n<!-- START OF : Composant : block-periscope-theme-section-composant-33-texte-image.php -->\n<!-- INVERSE -->\n<div class=\"text-image fs-wysiwyg mb-8 mb-lg-12\" data-component=\"33-texte-image\" data-reverse=\"oui\">\n\t<div class=\"container-fluid\" style=\"--bs-gutter-x: 0\">\n\t\t<div class=\"row\" style=\"--bs-gutter-x: 0\">\n\t\t\t<div class=\"col-lg-6\">\n\t\t\t\t<div class=\"text-image__content\">\n\t\t\t\t\t\t\t\t\t\t<div class=\"fw-semibold lh-xs fs-20 fs-lg-32 ls--25 mb-5\">Ibis Styles Amiens Centre<\/div>\n\t\t\t\t\t\t\t\t\t\t\t\t\t\t\t<div class=\"fs-wysiwyg\">\n\t\t\t\t\t\t<p><span style=\"font-weight: 400;\"><a href=\"https:\/\/myallmeeting.com\/fr\/hotel\/a3p0-ibis-budget-amiens-centre-gare\/\">L\u2019Ibis Styles<\/a> vous accueille dans le centre historique d\u2019Amiens, \u00e0 c\u00f4t\u00e9 de la gare\u00a0! Avec <\/span><b>un espace de cr\u00e9ation et deux salles de r\u00e9union pouvant recevoir chacune 14 personnes<\/b><span style=\"font-weight: 400;\">, c\u2019est l\u2019endroit r\u00eav\u00e9 pour un s\u00e9minaire en petit groupe.<\/span><\/p>\n<p><span style=\"font-weight: 400;\">Pour vous d\u00e9tendre de vos sessions de travail, vous pourrez plonger dans le c\u0153ur de ville et vous perdre dans ses ruelles et ses c\u00e9l\u00e8bres canaux qui entourent la majestueuse cath\u00e9drale gothique.<\/span><\/p>\n<p><span style=\"font-weight: 400;\">Apr\u00e8s cette promenade dans la Venise du Nord, vous pourrez d\u00e9guster les d\u00e9lices de l\u2019Italie dans le restaurant de l\u2019h\u00f4tel qui propose une cuisine savoureuse, ou finir la soir\u00e9e autour d\u2019un cocktail au bar.<\/span><\/p>\n\t\t\t\t\t<\/div>\n\t\t\t\t\t\t\t\t\t<\/div>\n\t\t\t<\/div>    \n\t\t\t    \n\t\t\t<div class=\"col-lg-6 order-first order-lg-last mb-7 mb-lg-0\">\n\t\t\t\t<img decoding=\"async\" src=\"https:\/\/www.myallmeeting.com\/wp-content\/uploads\/2019\/10\/Ibis-Styles-Amiens-Centre-4-953x600.jpg\" width=\"953\" height=\"600\" alt=\"\" loading=\"lazy\" class=\"w-100\" \/>\n\t\t\t<\/div>\n\t\t\t\t\t<\/div>\n\t<\/div>\n<\/div>\n<!-- END OF : Composant : block-periscope-theme-section-composant-33-texte-image.php -->\n\n\n<!-- START OF : Composant : block-periscope-theme-section-composant-33-texte-image.php -->\n<div class=\"text-image fs-wysiwyg mb-8 mb-lg-12\" data-component=\"33-texte-image\">\n\t<div class=\"container-fluid\" style=\"--bs-gutter-x: 0\">\n\t\t<div class=\"row\" style=\"--bs-gutter-x: 0\">\n\t\t\t\t\t\t<div class=\"col-lg-6 mb-7 mb-lg-0\">\n\t\t\t\t<img decoding=\"async\" src=\"https:\/\/www.myallmeeting.com\/wp-content\/uploads\/2019\/10\/Ibis-Styles-Boulogne-sur-Mer-Centre-Cathedrale-953x600.jpg\" width=\"953\" height=\"600\" alt=\"\" loading=\"lazy\" class=\"w-100\" \/>\n\t\t\t<\/div>\n\t\t\t\t\t\t<div class=\"col-lg-6\">\n\t\t\t\t<div class=\"text-image__content\">\n\t\t\t\t\t\t\t\t\t\t<div class=\"fw-semibold lh-xs fs-20 fs-lg-32 ls--25 mb-5\">Ibis Styles Boulogne-sur-Mer Centre Cath\u00e9drale<\/div>\n\t\t\t\t\t\t\t\t\t\t\t\t\t\t\t<div class=\"fs-wysiwyg\">\n\t\t\t\t\t\t<p><span style=\"font-weight: 400;\">Ici, tout a \u00e9t\u00e9 pens\u00e9 pour rendre le s\u00e9jour <\/span><i><span style=\"font-weight: 400;\">incentive<\/span><\/i><span style=\"font-weight: 400;\"> de vos \u00e9quipes <\/span><b>inoubliable et f\u00e9d\u00e9rateur<\/b><span style=\"font-weight: 400;\"> ! Situ\u00e9 face aux remparts de la vieille ville et de la cath\u00e9drale, <a href=\"https:\/\/myallmeeting.com\/fr\/hotel\/1367-ibis-boulogne-sur-mer\/\">cet h\u00f4tel<\/a> de <\/span><b>51 chambres chaleureuses et modernes<\/b><span style=\"font-weight: 400;\">, est la base r\u00eav\u00e9e pour partir \u00e0 la d\u00e9couverte de la C\u00f4te d\u2019Opale, de ses immenses plages et des tr\u00e9sors qu\u2019elle rec\u00e8le\u2026<\/span><\/p>\n<p><span style=\"font-weight: 400;\">Plonger dans le plus grand aquarium d\u2019Europe, Nausicaa, situ\u00e9 \u00e0 seulement 10\u00a0minutes de l\u2019h\u00f4tel\u00a0? Foncer \u00e0 bord d\u2019un char \u00e0 voile\u00a0? D\u00e9ambuler dans la vieille ville aux rues pi\u00e9tonnes\u00a0? Il ne vous reste plus qu\u2019\u00e0 choisir\u2026\u00a0Pour le reste, les prestations de l\u2019h\u00f4tel \u2013 parking ext\u00e9rieur gratuit, wifi, bar qui sert des en-cas 24h\/24\u2026 \u2013 vous procurent toute la souplesse n\u00e9cessaire pour une organisation \u00ab\u00a0aux petits oignons\u00a0\u00bb\u00a0!<\/span><\/p>\n\t\t\t\t\t<\/div>\n\t\t\t\t\t\t\t\t\t<\/div>\n\t\t\t<\/div>        \n\t\t<\/div>\n\t<\/div>\n<\/div>\n<!-- END OF : Composant : block-periscope-theme-section-composant-33-texte-image.php -->\n","protected":false},"excerpt":{"rendered":"<p>R\u00e9servez l\u2019un de ces fabuleux h\u00f4tels dans un lieu authentique pour votre \u00e9v\u00e9nement.<\/p>\n","protected":false},"featured_media":16028881,"menu_order":0,"template":"","periscope_categorie_tax":[1648],"class_list":["post-15226710","article","type-article","status-publish","has-post-thumbnail","hentry","periscope_categorie_tax-tous-nos-tops-selections"],"acf":[],"yoast_head":"<title>Choisissez les Hauts-de-France pour un \u00e9v\u00e9nement m\u00e9morable - Accor MyAllMeeting.com<\/title>\n<meta name=\"robots\" content=\"index, follow, max-snippet:-1, max-image-preview:large, max-video-preview:-1\" \/>\n<link rel=\"canonical\" href=\"https:\/\/www.myallmeeting.com\/fr\/wp-json\/wp\/v2\/article\/15226710\" \/>\n<meta property=\"og:locale\" content=\"fr_FR\" \/>\n<meta property=\"og:type\" content=\"article\" \/>\n<meta property=\"og:title\" content=\"Choisissez les Hauts-de-France pour un \u00e9v\u00e9nement m\u00e9morable - Accor MyAllMeeting.com\" \/>\n<meta property=\"og:description\" content=\"R\u00e9servez l\u2019un de ces fabuleux h\u00f4tels dans un lieu authentique pour votre \u00e9v\u00e9nement.\" \/>\n<meta property=\"og:url\" content=\"https:\/\/www.myallmeeting.com\/fr\/article\/choisissez-les-hauts-de-france-pour-un-evenement-memorable\/\" \/>\n<meta property=\"og:site_name\" content=\"Accor MyAllMeeting.com\" \/>\n<meta property=\"article:modified_time\" content=\"2024-07-09T14:07:43+00:00\" \/>\n<meta property=\"og:image\" content=\"http:\/\/myallmeeting.com\/wp-content\/uploads\/2019\/10\/MAM-imagery-portrait.png\" \/>\n\t<meta property=\"og:image:width\" content=\"1920\" \/>\n\t<meta property=\"og:image:height\" content=\"570\" \/>\n\t<meta property=\"og:image:type\" content=\"image\/png\" \/>\n<meta name=\"twitter:card\" content=\"summary_large_image\" \/>\n<meta name=\"twitter:label1\" content=\"Dur\u00e9e de lecture estim\u00e9e\" \/>\n\t<meta name=\"twitter:data1\" content=\"5 minutes\" \/>\n<script type=\"application\/ld+json\" class=\"yoast-schema-graph\">{\"@context\":\"https:\/\/schema.org\",\"@graph\":[{\"@type\":\"WebPage\",\"@id\":\"https:\/\/www.myallmeeting.com\/fr\/article\/choisissez-les-hauts-de-france-pour-un-evenement-memorable\/\",\"url\":\"https:\/\/www.myallmeeting.com\/fr\/article\/choisissez-les-hauts-de-france-pour-un-evenement-memorable\/\",\"name\":\"Choisissez les Hauts-de-France pour un \u00e9v\u00e9nement m\u00e9morable - Accor MyAllMeeting.com\",\"isPartOf\":{\"@id\":\"https:\/\/www.myallmeeting.com\/fr\/#website\"},\"primaryImageOfPage\":{\"@id\":\"https:\/\/www.myallmeeting.com\/fr\/article\/choisissez-les-hauts-de-france-pour-un-evenement-memorable\/#primaryimage\"},\"image\":{\"@id\":\"https:\/\/www.myallmeeting.com\/fr\/article\/choisissez-les-hauts-de-france-pour-un-evenement-memorable\/#primaryimage\"},\"thumbnailUrl\":\"https:\/\/www.myallmeeting.com\/wp-content\/uploads\/2019\/10\/MAM-imagery-portrait.png\",\"datePublished\":\"2019-10-23T15:51:36+00:00\",\"dateModified\":\"2024-07-09T14:07:43+00:00\",\"breadcrumb\":{\"@id\":\"https:\/\/www.myallmeeting.com\/fr\/article\/choisissez-les-hauts-de-france-pour-un-evenement-memorable\/#breadcrumb\"},\"inLanguage\":\"fr-FR\",\"potentialAction\":[{\"@type\":\"ReadAction\",\"target\":[\"https:\/\/www.myallmeeting.com\/fr\/article\/choisissez-les-hauts-de-france-pour-un-evenement-memorable\/\"]}]},{\"@type\":\"ImageObject\",\"inLanguage\":\"fr-FR\",\"@id\":\"https:\/\/www.myallmeeting.com\/fr\/article\/choisissez-les-hauts-de-france-pour-un-evenement-memorable\/#primaryimage\",\"url\":\"https:\/\/www.myallmeeting.com\/wp-content\/uploads\/2019\/10\/MAM-imagery-portrait.png\",\"contentUrl\":\"https:\/\/www.myallmeeting.com\/wp-content\/uploads\/2019\/10\/MAM-imagery-portrait.png\",\"width\":1920,\"height\":570},{\"@type\":\"BreadcrumbList\",\"@id\":\"https:\/\/www.myallmeeting.com\/fr\/article\/choisissez-les-hauts-de-france-pour-un-evenement-memorable\/#breadcrumb\",\"itemListElement\":[{\"@type\":\"ListItem\",\"position\":1,\"name\":\"Accueil\",\"item\":\"https:\/\/myallmeeting.com\/fr\/\"},{\"@type\":\"ListItem\",\"position\":2,\"name\":\"Actualit\u00e9s\",\"item\":\"https:\/\/www.myallmeeting.com\/fr\/actualite\/\"},{\"@type\":\"ListItem\",\"position\":3,\"name\":\"Choisissez les Hauts-de-France pour un \u00e9v\u00e9nement m\u00e9morable\"}]},{\"@type\":\"WebSite\",\"@id\":\"https:\/\/www.myallmeeting.com\/fr\/#website\",\"url\":\"https:\/\/www.myallmeeting.com\/fr\/\",\"name\":\"Accor MyAllMeeting.com\",\"description\":\"Les Meilleurs lieux pour vos Ev\u00e9nements Professionnels\",\"publisher\":{\"@id\":\"https:\/\/www.myallmeeting.com\/fr\/#organization\"},\"potentialAction\":[{\"@type\":\"SearchAction\",\"target\":{\"@type\":\"EntryPoint\",\"urlTemplate\":\"https:\/\/www.myallmeeting.com\/fr\/?s={search_term_string}\"},\"query-input\":{\"@type\":\"PropertyValueSpecification\",\"valueRequired\":true,\"valueName\":\"search_term_string\"}}],\"inLanguage\":\"fr-FR\"},{\"@type\":\"Organization\",\"@id\":\"https:\/\/www.myallmeeting.com\/fr\/#organization\",\"name\":\"ACCOR\",\"url\":\"https:\/\/www.myallmeeting.com\/fr\/\",\"logo\":{\"@type\":\"ImageObject\",\"inLanguage\":\"fr-FR\",\"@id\":\"https:\/\/www.myallmeeting.com\/fr\/#\/schema\/logo\/image\/\",\"url\":\"\",\"contentUrl\":\"\",\"caption\":\"ACCOR\"},\"image\":{\"@id\":\"https:\/\/www.myallmeeting.com\/fr\/#\/schema\/logo\/image\/\"}}]}<\/script>","yoast_head_json":{"title":"Choisissez les Hauts-de-France pour un \u00e9v\u00e9nement m\u00e9morable - Accor MyAllMeeting.com","robots":{"index":"index","follow":"follow","max-snippet":"max-snippet:-1","max-image-preview":"max-image-preview:large","max-video-preview":"max-video-preview:-1"},"canonical":"https:\/\/www.myallmeeting.com\/fr\/wp-json\/wp\/v2\/article\/15226710","og_locale":"fr_FR","og_type":"article","og_title":"Choisissez les Hauts-de-France pour un \u00e9v\u00e9nement m\u00e9morable - Accor MyAllMeeting.com","og_description":"R\u00e9servez l\u2019un de ces fabuleux h\u00f4tels dans un lieu authentique pour votre \u00e9v\u00e9nement.","og_url":"https:\/\/www.myallmeeting.com\/fr\/article\/choisissez-les-hauts-de-france-pour-un-evenement-memorable\/","og_site_name":"Accor MyAllMeeting.com","article_modified_time":"2024-07-09T14:07:43+00:00","og_image":[{"width":1920,"height":570,"url":"http:\/\/myallmeeting.com\/wp-content\/uploads\/2019\/10\/MAM-imagery-portrait.png","type":"image\/png"}],"twitter_card":"summary_large_image","twitter_misc":{"Dur\u00e9e de lecture estim\u00e9e":"5 minutes"},"schema":{"@context":"https:\/\/schema.org","@graph":[{"@type":"WebPage","@id":"https:\/\/www.myallmeeting.com\/fr\/article\/choisissez-les-hauts-de-france-pour-un-evenement-memorable\/","url":"https:\/\/www.myallmeeting.com\/fr\/article\/choisissez-les-hauts-de-france-pour-un-evenement-memorable\/","name":"Choisissez les Hauts-de-France pour un \u00e9v\u00e9nement m\u00e9morable - Accor MyAllMeeting.com","isPartOf":{"@id":"https:\/\/www.myallmeeting.com\/fr\/#website"},"primaryImageOfPage":{"@id":"https:\/\/www.myallmeeting.com\/fr\/article\/choisissez-les-hauts-de-france-pour-un-evenement-memorable\/#primaryimage"},"image":{"@id":"https:\/\/www.myallmeeting.com\/fr\/article\/choisissez-les-hauts-de-france-pour-un-evenement-memorable\/#primaryimage"},"thumbnailUrl":"https:\/\/www.myallmeeting.com\/wp-content\/uploads\/2019\/10\/MAM-imagery-portrait.png","datePublished":"2019-10-23T15:51:36+00:00","dateModified":"2024-07-09T14:07:43+00:00","breadcrumb":{"@id":"https:\/\/www.myallmeeting.com\/fr\/article\/choisissez-les-hauts-de-france-pour-un-evenement-memorable\/#breadcrumb"},"inLanguage":"fr-FR","potentialAction":[{"@type":"ReadAction","target":["https:\/\/www.myallmeeting.com\/fr\/article\/choisissez-les-hauts-de-france-pour-un-evenement-memorable\/"]}]},{"@type":"ImageObject","inLanguage":"fr-FR","@id":"https:\/\/www.myallmeeting.com\/fr\/article\/choisissez-les-hauts-de-france-pour-un-evenement-memorable\/#primaryimage","url":"https:\/\/www.myallmeeting.com\/wp-content\/uploads\/2019\/10\/MAM-imagery-portrait.png","contentUrl":"https:\/\/www.myallmeeting.com\/wp-content\/uploads\/2019\/10\/MAM-imagery-portrait.png","width":1920,"height":570},{"@type":"BreadcrumbList","@id":"https:\/\/www.myallmeeting.com\/fr\/article\/choisissez-les-hauts-de-france-pour-un-evenement-memorable\/#breadcrumb","itemListElement":[{"@type":"ListItem","position":1,"name":"Accueil","item":"https:\/\/myallmeeting.com\/fr\/"},{"@type":"ListItem","position":2,"name":"Actualit\u00e9s","item":"https:\/\/www.myallmeeting.com\/fr\/actualite\/"},{"@type":"ListItem","position":3,"name":"Choisissez les Hauts-de-France pour un \u00e9v\u00e9nement m\u00e9morable"}]},{"@type":"WebSite","@id":"https:\/\/www.myallmeeting.com\/fr\/#website","url":"https:\/\/www.myallmeeting.com\/fr\/","name":"Accor MyAllMeeting.com","description":"Les Meilleurs lieux pour vos Ev\u00e9nements Professionnels","publisher":{"@id":"https:\/\/www.myallmeeting.com\/fr\/#organization"},"potentialAction":[{"@type":"SearchAction","target":{"@type":"EntryPoint","urlTemplate":"https:\/\/www.myallmeeting.com\/fr\/?s={search_term_string}"},"query-input":{"@type":"PropertyValueSpecification","valueRequired":true,"valueName":"search_term_string"}}],"inLanguage":"fr-FR"},{"@type":"Organization","@id":"https:\/\/www.myallmeeting.com\/fr\/#organization","name":"ACCOR","url":"https:\/\/www.myallmeeting.com\/fr\/","logo":{"@type":"ImageObject","inLanguage":"fr-FR","@id":"https:\/\/www.myallmeeting.com\/fr\/#\/schema\/logo\/image\/","url":"","contentUrl":"","caption":"ACCOR"},"image":{"@id":"https:\/\/www.myallmeeting.com\/fr\/#\/schema\/logo\/image\/"}}]}},"_links":{"self":[{"href":"https:\/\/www.myallmeeting.com\/fr\/wp-json\/wp\/v2\/article\/15226710","targetHints":{"allow":["GET"]}}],"collection":[{"href":"https:\/\/www.myallmeeting.com\/fr\/wp-json\/wp\/v2\/article"}],"about":[{"href":"https:\/\/www.myallmeeting.com\/fr\/wp-json\/wp\/v2\/types\/article"}],"wp:featuredmedia":[{"embeddable":true,"href":"https:\/\/www.myallmeeting.com\/fr\/wp-json\/wp\/v2\/media\/16028881"}],"wp:attachment":[{"href":"https:\/\/www.myallmeeting.com\/fr\/wp-json\/wp\/v2\/media?parent=15226710"}],"wp:term":[{"taxonomy":"periscope_categorie_tax","embeddable":true,"href":"https:\/\/www.myallmeeting.com\/fr\/wp-json\/wp\/v2\/periscope_categorie_tax?post=15226710"}],"curies":[{"name":"wp","href":"https:\/\/api.w.org\/{rel}","templated":true}]}}