{"id":15226707,"date":"2019-11-25T12:11:02","date_gmt":"2019-11-25T11:11:02","guid":{"rendered":"https:\/\/myallmeeting.com\/article\/prenez-un-bol-dair-frais-lors-de-votre-seminaire-en-charente-maritime\/"},"modified":"2024-07-09T18:35:21","modified_gmt":"2024-07-09T16:35:21","slug":"prenez-un-bol-dair-frais-lors-de-votre-seminaire-en-charente-maritime","status":"publish","type":"article","link":"https:\/\/www.myallmeeting.com\/fr\/article\/prenez-un-bol-dair-frais-lors-de-votre-seminaire-en-charente-maritime\/","title":{"rendered":"Prenez un bol d\u2019air frais lors de votre s\u00e9minaire en Charente-Maritime !"},"content":{"rendered":"<!-- START OF : Composant : block-periscope-theme-section-composant-25-texte-cta-2-images.php -->\n<div class=\"tcta2ia bg-white fs-wysiwyg mb-lg-12\" data-component=\"25-texte-cta-2-images\">\n\t<div class=\"tcta2ia__top\">\n\t\t<div class=\"container-fluid\" style=\"--bs-gutter-x: 0\">\n\t\t\t<div class=\"row\" style=\"--bs-gutter-x: 0\">\n\t\t\t\t<div class=\"col-lg-8\">\n\t\t\t\t\t\t\t\t\t\t<div class=\"bloc-mise-en-avant__top__left\">\n\t\t\t\t\t\t<img decoding=\"async\" src=\"https:\/\/www.myallmeeting.com\/wp-content\/uploads\/2019\/11\/4677-41-2-1268x846.jpg\" class=\"pe-2 pe-lg-0\" width=\"1268\" height=\"846\" alt=\"\" loading=\"lazy\" \/>\n\t\t\t\t\t<\/div>\n\t\t\t\t\t\t\t\t\t\t<div class=\"tcta2ia__bottom d-none d-lg-block pb-12 pt-lg-9 pb-lg-0 pe-lg-10\">\n\t\t\t\t\t\t\t\t\t\t\t\t<h2 class=\"fs-20 fs-lg-32 fw-semibold\">La Grande Terrasse H\u00f4tel &amp; Spa La Rochelle \u2013 MGallery<\/h2>\n\t\t\t\t\t\t\t\t\t\t\t\t\t\t\t\t\t\t<div class=\"fs-wysiwyg\"><p><span style=\"font-weight: 400;\">Si vous pr\u00e9f\u00e9rez la majest\u00e9 de la mer au bouillonnement de la ville, cap sur le <\/span><a href=\"https:\/\/myallmeeting.com\/fr\/hotel\/7479-la-grande-terrasse-hotel-spa-la-rochelle-mgallery\/\"><b>MGallery La Terrasse La\u00a0Rochelle<\/b><\/a><span style=\"font-weight: 400;\">. Spa dernier cri, terrasse naturelle ou encore cuisine savoureuse\u2026 Vous trouverez dans cet h\u00f4tel-boutique <\/span><b>un oc\u00e9an de qui\u00e9tude\u00a0et de bien-\u00eatre<\/b><span style=\"font-weight: 400;\"> !<\/span><\/p>\n<p><span style=\"font-weight: 400;\">Une exp\u00e9rience relaxante que vous pourrez prolonger lors de vos s\u00e9ances de travail. Pouvant recevoir <\/span><b>jusqu\u2019\u00e0 120 personnes<\/b><span style=\"font-weight: 400;\">, les six salles modulables b\u00e9n\u00e9ficient toutes de lumi\u00e8re naturelle et certaines offrent m\u00eame une vue imprenable sur les \u00eeles d\u2019Aix et d\u2019Ol\u00e9ron.<\/span><\/p>\n<p><span style=\"font-weight: 400;\">\u00c0 ce propos, ne manquez sous aucun pr\u00e9texte de vous aventurer en dehors du continent. Pour d\u00e9couvrir ces bijoux de la nature, optez, selon vos go\u00fbts, pour une excursion \u00e0 pied, \u00e0 v\u00e9lo ou en bateau\u00a0!<\/span><\/p>\n<\/div>\n\t\t\t\t\t\t\t\t\t\t\t\t<div class=\"d-flex flex-column flex-lg-row align-items-center gap-5 gap-lg-8 justify-content-between\">\n\t\t\t\t\t\t\t<div class=\"fs-20 fs-lg-26 fw-semibold lh-xs\"><\/div>\n\t\t\t\t\t\t\t\t\t\t\t\t\t<\/div>\n\t\t\t\t\t<\/div>\n\t\t\t\t<\/div>\n\t\t\t\t<div class=\"col-lg-4\">\n\t\t\t\t\t<div class=\"tcta2ia__top__right t-0 r-0 bg-primary text-white pt-4 pb-4 px-2 pt-lg-8 pb-lg-16 px-lg-11 pb-xl-30\">\n\t\t\t\t\t\t\t\t\t\t\t\t\t\t\t\t\t\t<h2 class=\"unna fs-36 fs-lg-51 fs-xl-75 fs-italic fw-normal text-secondary\">Prenez un bol d\u2019air frais lors de votre s\u00e9minaire en Charente-Maritime !<\/h2>\n\t\t\t\t\t\t\t\t\t\t\t\t\t\t\t\t\t\t<h3 class=\"text-white fs-18 fs-lg-20 fs-xl-28 text-original-case\">Voici quatre destinations d\u2019exception pour \u00eatre aux premi\u00e8res loges\u00a0!<\/h3>\n\t\t\t\t\t\t\t\t\t\t\t\t\t\t\t\t\t\t<div class=\"fs-wysiwyg mb-4 fs-lg-16 fs-xl-20\"><p>Pour votre prochain s\u00e9jour professionnel, nous vous proposons de poser vos valises dans l\u2019un de nos plus beaux d\u00e9partements\u2026 Avec ses \u00eeles iconiques, ses carrelets haut perch\u00e9s et ses impressionnants marais salants, la Charente-Maritime offre \u00e0 ses visiteurs un spectacle inoubliable.<\/p>\n<\/div>\n\t\t\t\t\t\t\t\t\t\t\t\t\t\t\t\t\t\t\t\t\t\t\t\t<p class=\"m-0\"><img decoding=\"async\" src=\"https:\/\/www.myallmeeting.com\/wp-content\/uploads\/2019\/11\/4576-44-633x398.jpg\" class=\"position-relative l-0\" width=\"633\" height=\"398\" alt=\"\" loading=\"lazy\" \/><\/p>\n\t\t\t\t\t\t\t\t\t\t\t<\/div>\n\t\t\t\t<\/div>\n\t\t\t<\/div>\n\t\t<\/div>\n\t<\/div>\n\t<div class=\"tcta2ia__bottom d-lg-none pb-12 py-lg-9 pe-lg-10\">\n\t\t\t\t<div class=\"h2 fs-20 fs-lg-32 fw-semibold\">La Grande Terrasse H\u00f4tel &amp; Spa La Rochelle \u2013 MGallery<\/div>\n\t\t\t\t\t\t<div class=\"fs-wysiwyg\"><p><span style=\"font-weight: 400;\">Si vous pr\u00e9f\u00e9rez la majest\u00e9 de la mer au bouillonnement de la ville, cap sur le <\/span><a href=\"https:\/\/myallmeeting.com\/fr\/hotel\/7479-la-grande-terrasse-hotel-spa-la-rochelle-mgallery\/\"><b>MGallery La Terrasse La\u00a0Rochelle<\/b><\/a><span style=\"font-weight: 400;\">. Spa dernier cri, terrasse naturelle ou encore cuisine savoureuse\u2026 Vous trouverez dans cet h\u00f4tel-boutique <\/span><b>un oc\u00e9an de qui\u00e9tude\u00a0et de bien-\u00eatre<\/b><span style=\"font-weight: 400;\"> !<\/span><\/p>\n<p><span style=\"font-weight: 400;\">Une exp\u00e9rience relaxante que vous pourrez prolonger lors de vos s\u00e9ances de travail. Pouvant recevoir <\/span><b>jusqu\u2019\u00e0 120 personnes<\/b><span style=\"font-weight: 400;\">, les six salles modulables b\u00e9n\u00e9ficient toutes de lumi\u00e8re naturelle et certaines offrent m\u00eame une vue imprenable sur les \u00eeles d\u2019Aix et d\u2019Ol\u00e9ron.<\/span><\/p>\n<p><span style=\"font-weight: 400;\">\u00c0 ce propos, ne manquez sous aucun pr\u00e9texte de vous aventurer en dehors du continent. Pour d\u00e9couvrir ces bijoux de la nature, optez, selon vos go\u00fbts, pour une excursion \u00e0 pied, \u00e0 v\u00e9lo ou en bateau\u00a0!<\/span><\/p>\n<\/div>\n\t\t\t\t<div class=\"d-flex flex-column flex-lg-row align-items-center gap-5 gap-lg-8 justify-content-between\">\n\t\t\t<div class=\"fs-20 fs-lg-26 fw-semibold lh-xs\"><\/div>\n\t\t\t\t\t<\/div>\n\t<\/div>\n<\/div>\n<!-- END OF : Composant : block-periscope-theme-section-composant-25-texte-cta-2-images.php -->\n\n\n<!-- START OF : Composant : block-periscope-theme-section-composant-33-texte-image.php -->\n<div class=\"text-image fs-wysiwyg mb-8 mb-lg-12\" data-component=\"33-texte-image\">\n\t<div class=\"container-fluid\" style=\"--bs-gutter-x: 0\">\n\t\t<div class=\"row\" style=\"--bs-gutter-x: 0\">\n\t\t\t\t\t\t<div class=\"col-lg-6 mb-7 mb-lg-0\">\n\t\t\t\t<img decoding=\"async\" src=\"https:\/\/www.myallmeeting.com\/wp-content\/uploads\/2019\/11\/4686-37-953x600.jpg\" width=\"953\" height=\"600\" alt=\"\" loading=\"lazy\" class=\"w-100\" \/>\n\t\t\t<\/div>\n\t\t\t\t\t\t<div class=\"col-lg-6\">\n\t\t\t\t<div class=\"text-image__content\">\n\t\t\t\t\t\t\t\t\t\t<div class=\"fw-semibold lh-xs fs-20 fs-lg-32 ls--25 mb-5\">Novotel Thalassa Ol\u00e9ron Saint-Trojan<\/div>\n\t\t\t\t\t\t\t\t\t\t\t\t\t\t\t<div class=\"fs-wysiwyg\">\n\t\t\t\t\t\t<p><span style=\"font-weight: 400;\">Pour se ressourcer sur la magnifique \u00eele d\u2019Ol\u00e9ron, rendez-vous au <\/span><a href=\"https:\/\/myallmeeting.com\/fr\/hotel\/0417-novotel-thalassa-oleron-saint-trojan\/\"><b>Novotel Thalassa Ol\u00e9ron Saint-Trojan<\/b><\/a><span style=\"font-weight: 400;\">. <\/span><b>Ici, c\u2019est la relaxation qui prime !<\/b><\/p>\n<p><span style=\"font-weight: 400;\">Cet h\u00f4tel 4 \u00e9toiles dispose d\u2019un acc\u00e8s direct \u00e0 la plage, d\u2019une piscine couverte avec vue sur l\u2019oc\u00e9an, d\u2019un restaurant sp\u00e9cialis\u00e9 dans les produits de la mer et surtout d\u2019un institut de thalassoth\u00e9rapie exceptionnel.\u00a0<\/span><b>Trois salles de r\u00e9union d\u2019environ 50 m\u00b2<\/b><span style=\"font-weight: 400;\"> vous permettront aussi de travailler en toute s\u00e9r\u00e9nit\u00e9. <\/span><b>Parfaitement \u00e9quip\u00e9es, elles sauront contribuer \u00e0 la r\u00e9ussite de votre \u00e9v\u00e9nement et au bien-\u00eatre de vos participants<\/b><span style=\"font-weight: 400;\">.<\/span><\/p>\n<p><span style=\"font-weight: 400;\">Alors, si l\u2019\u00eele d\u2019Ol\u00e9ron, sa route des hu\u00eetres, ses maisons color\u00e9es et son magnifique ch\u00e2teau vous tentent, n\u2019h\u00e9sitez pas\u00a0! Vous savez o\u00f9 y demeurer. On vous y attend !<\/span><\/p>\n\t\t\t\t\t<\/div>\n\t\t\t\t\t\t\t\t\t<\/div>\n\t\t\t<\/div>        \n\t\t<\/div>\n\t<\/div>\n<\/div>\n<!-- END OF : Composant : block-periscope-theme-section-composant-33-texte-image.php -->\n\n\n<!-- START OF : Composant : block-periscope-theme-section-composant-33-texte-image.php -->\n<!-- INVERSE -->\n<div class=\"text-image fs-wysiwyg mb-8 mb-lg-12\" data-component=\"33-texte-image\" data-reverse=\"oui\">\n\t<div class=\"container-fluid\" style=\"--bs-gutter-x: 0\">\n\t\t<div class=\"row\" style=\"--bs-gutter-x: 0\">\n\t\t\t<div class=\"col-lg-6\">\n\t\t\t\t<div class=\"text-image__content\">\n\t\t\t\t\t\t\t\t\t\t<div class=\"fw-semibold lh-xs fs-20 fs-lg-32 ls--25 mb-5\">Mercure Rochefort La Corderie Royale<\/div>\n\t\t\t\t\t\t\t\t\t\t\t\t\t\t\t<div class=\"fs-wysiwyg\">\n\t\t\t\t\t\t<p><span style=\"font-weight: 400;\">T\u00e9moin d\u2019un \u00e2ge d\u2019or de la Charente-Maritime, la <a href=\"https:\/\/myallmeeting.com\/fr\/hotel\/b2q7-hotel-mercure-rochefort-la-corderie-royale-opening-april-2018\/\">Corderie Royale<\/a>, \u00e0 Rochefort, est une institution. Jusqu\u2019au XIX<\/span><span style=\"font-weight: 400;\">e<\/span><span style=\"font-weight: 400;\">\u00a0si\u00e8cle, on y fabriquait les cordages des bateaux de la marine de guerre. Aujourd\u2019hui, cette grande manufacture est devenue un mus\u00e9e. Mais il est aussi possible d\u2019y loger\u00a0!<\/span><\/p>\n<p><span style=\"font-weight: 400;\">L\u2019h\u00f4tel respecte l\u2019esprit du lieu. <\/span><b>Avec 370 m\u00b2 de surface, 5 salles lumineuses, un jardin int\u00e9rieur arbor\u00e9 sans oublier ses chambres modernes et spacieuses<\/b><span style=\"font-weight: 400;\">, ce prestigieux \u00e9crin s\u2019av\u00e8re tr\u00e8s agr\u00e9able pour travailler, notamment dans le cadre de conventions et d\u2019autres \u00e9v\u00e9nements d\u2019importance.<\/span><\/p>\n\t\t\t\t\t<\/div>\n\t\t\t\t\t\t\t\t\t<\/div>\n\t\t\t<\/div>    \n\t\t\t    \n\t\t\t<div class=\"col-lg-6 order-first order-lg-last mb-7 mb-lg-0\">\n\t\t\t\t<img decoding=\"async\" src=\"https:\/\/www.myallmeeting.com\/wp-content\/uploads\/2019\/11\/5332-93-953x600.jpg\" width=\"953\" height=\"600\" alt=\"\" loading=\"lazy\" class=\"w-100\" \/>\n\t\t\t<\/div>\n\t\t\t\t\t<\/div>\n\t<\/div>\n<\/div>\n<!-- END OF : Composant : block-periscope-theme-section-composant-33-texte-image.php -->\n\n\n<!-- START OF : Composant : block-periscope-theme-section-composant-33-texte-image.php -->\n<div class=\"text-image fs-wysiwyg mb-8 mb-lg-12\" data-component=\"33-texte-image\">\n\t<div class=\"container-fluid\" style=\"--bs-gutter-x: 0\">\n\t\t<div class=\"row\" style=\"--bs-gutter-x: 0\">\n\t\t\t\t\t\t<div class=\"col-lg-6 mb-7 mb-lg-0\">\n\t\t\t\t<img decoding=\"async\" src=\"https:\/\/www.myallmeeting.com\/wp-content\/uploads\/2019\/11\/3598-69-953x600.jpg\" width=\"953\" height=\"600\" alt=\"\" loading=\"lazy\" class=\"w-100\" \/>\n\t\t\t<\/div>\n\t\t\t\t\t\t<div class=\"col-lg-6\">\n\t\t\t\t<div class=\"text-image__content\">\n\t\t\t\t\t\t\t\t\t\t<div class=\"fw-semibold lh-xs fs-20 fs-lg-32 ls--25 mb-5\">Ibis Styles La Rochelle Centre<\/div>\n\t\t\t\t\t\t\t\t\t\t\t\t\t\t\t<div class=\"fs-wysiwyg\">\n\t\t\t\t\t\t<p><span style=\"font-weight: 400;\">\u00c0 deux pas de la somptueuse tour de l\u2019Horloge et des embarcad\u00e8res, l\u2019<a href=\"https:\/\/myallmeeting.com\/fr\/hotel\/0914-ibis-styles-la-rochelle-centre\/\">Ibis Styles La\u00a0Rochelle<\/a> ne saurait \u00eatre mieux plac\u00e9. Vous pourrez fl\u00e2ner comme bon vous semble dans le charmant port de plaisance et profiter de l\u2019art de vivre charentais.<\/span><\/p>\n<p><span style=\"font-weight: 400;\">C\u00f4t\u00e9 travail, cet h\u00f4tel calme et chaleureux ne vous d\u00e9cevra pas. Il met \u00e0 votre disposition <\/span><b>une salle MICE de 30 m\u00b2 pouvant accueillir 25 personnes assises ou 40 en th\u00e9\u00e2tre<\/b><span style=\"font-weight: 400;\">. Avec son baby-foot et son espace d\u00e9tente int\u00e9gr\u00e9, ce salon, \u00e9l\u00e9gamment d\u00e9cor\u00e9, est une invitation au jeu. Car c\u2019est prouv\u00e9\u2026 pour bien travailler, il faut aussi stimuler sa cr\u00e9ativit\u00e9\u00a0!<\/span><\/p>\n\t\t\t\t\t<\/div>\n\t\t\t\t\t\t\t\t\t<\/div>\n\t\t\t<\/div>        \n\t\t<\/div>\n\t<\/div>\n<\/div>\n<!-- END OF : Composant : block-periscope-theme-section-composant-33-texte-image.php -->\n","protected":false},"excerpt":{"rendered":"<p>D\u00e9couvrez la r\u00e9gion de Charente-Maritime lors de vos s\u00e9minaires gr\u00e2ce \u00e0 nos h\u00f4tels.<\/p>\n","protected":false},"featured_media":45019,"menu_order":0,"template":"","periscope_categorie_tax":[1648],"class_list":["post-15226707","article","type-article","status-publish","has-post-thumbnail","hentry","periscope_categorie_tax-tous-nos-tops-selections"],"acf":[],"yoast_head":"<title>Prenez un bol d\u2019air frais lors de votre s\u00e9minaire en Charente-Maritime ! - Accor MyAllMeeting.com<\/title>\n<meta name=\"robots\" content=\"index, follow, max-snippet:-1, max-image-preview:large, max-video-preview:-1\" \/>\n<link rel=\"canonical\" href=\"https:\/\/www.myallmeeting.com\/fr\/wp-json\/wp\/v2\/article\/15226707\" \/>\n<meta property=\"og:locale\" content=\"fr_FR\" \/>\n<meta property=\"og:type\" content=\"article\" \/>\n<meta property=\"og:title\" content=\"Prenez un bol d\u2019air frais lors de votre s\u00e9minaire en Charente-Maritime ! - Accor MyAllMeeting.com\" \/>\n<meta property=\"og:description\" content=\"D\u00e9couvrez la r\u00e9gion de Charente-Maritime lors de vos s\u00e9minaires gr\u00e2ce \u00e0 nos h\u00f4tels.\" \/>\n<meta property=\"og:url\" content=\"https:\/\/www.myallmeeting.com\/fr\/article\/prenez-un-bol-dair-frais-lors-de-votre-seminaire-en-charente-maritime\/\" \/>\n<meta property=\"og:site_name\" content=\"Accor MyAllMeeting.com\" \/>\n<meta property=\"article:modified_time\" content=\"2024-07-09T16:35:21+00:00\" \/>\n<meta property=\"og:image\" content=\"http:\/\/myallmeeting.com\/wp-content\/uploads\/2019\/11\/4671-26.jpg\" \/>\n\t<meta property=\"og:image:width\" content=\"1024\" \/>\n\t<meta property=\"og:image:height\" content=\"683\" \/>\n\t<meta property=\"og:image:type\" content=\"image\/jpeg\" \/>\n<meta name=\"twitter:card\" content=\"summary_large_image\" \/>\n<meta name=\"twitter:label1\" content=\"Dur\u00e9e de lecture estim\u00e9e\" \/>\n\t<meta name=\"twitter:data1\" content=\"5 minutes\" \/>\n<script type=\"application\/ld+json\" class=\"yoast-schema-graph\">{\"@context\":\"https:\/\/schema.org\",\"@graph\":[{\"@type\":\"WebPage\",\"@id\":\"https:\/\/www.myallmeeting.com\/fr\/article\/prenez-un-bol-dair-frais-lors-de-votre-seminaire-en-charente-maritime\/\",\"url\":\"https:\/\/www.myallmeeting.com\/fr\/article\/prenez-un-bol-dair-frais-lors-de-votre-seminaire-en-charente-maritime\/\",\"name\":\"Prenez un bol d\u2019air frais lors de votre s\u00e9minaire en Charente-Maritime ! - Accor MyAllMeeting.com\",\"isPartOf\":{\"@id\":\"https:\/\/www.myallmeeting.com\/fr\/#website\"},\"primaryImageOfPage\":{\"@id\":\"https:\/\/www.myallmeeting.com\/fr\/article\/prenez-un-bol-dair-frais-lors-de-votre-seminaire-en-charente-maritime\/#primaryimage\"},\"image\":{\"@id\":\"https:\/\/www.myallmeeting.com\/fr\/article\/prenez-un-bol-dair-frais-lors-de-votre-seminaire-en-charente-maritime\/#primaryimage\"},\"thumbnailUrl\":\"https:\/\/www.myallmeeting.com\/wp-content\/uploads\/2019\/11\/4671-26.jpg\",\"datePublished\":\"2019-11-25T11:11:02+00:00\",\"dateModified\":\"2024-07-09T16:35:21+00:00\",\"breadcrumb\":{\"@id\":\"https:\/\/www.myallmeeting.com\/fr\/article\/prenez-un-bol-dair-frais-lors-de-votre-seminaire-en-charente-maritime\/#breadcrumb\"},\"inLanguage\":\"fr-FR\",\"potentialAction\":[{\"@type\":\"ReadAction\",\"target\":[\"https:\/\/www.myallmeeting.com\/fr\/article\/prenez-un-bol-dair-frais-lors-de-votre-seminaire-en-charente-maritime\/\"]}]},{\"@type\":\"ImageObject\",\"inLanguage\":\"fr-FR\",\"@id\":\"https:\/\/www.myallmeeting.com\/fr\/article\/prenez-un-bol-dair-frais-lors-de-votre-seminaire-en-charente-maritime\/#primaryimage\",\"url\":\"https:\/\/www.myallmeeting.com\/wp-content\/uploads\/2019\/11\/4671-26.jpg\",\"contentUrl\":\"https:\/\/www.myallmeeting.com\/wp-content\/uploads\/2019\/11\/4671-26.jpg\",\"width\":1024,\"height\":683,\"caption\":\"Longe-c\u00f4te\"},{\"@type\":\"BreadcrumbList\",\"@id\":\"https:\/\/www.myallmeeting.com\/fr\/article\/prenez-un-bol-dair-frais-lors-de-votre-seminaire-en-charente-maritime\/#breadcrumb\",\"itemListElement\":[{\"@type\":\"ListItem\",\"position\":1,\"name\":\"Accueil\",\"item\":\"https:\/\/myallmeeting.com\/fr\/\"},{\"@type\":\"ListItem\",\"position\":2,\"name\":\"Actualit\u00e9s\",\"item\":\"https:\/\/www.myallmeeting.com\/fr\/actualite\/\"},{\"@type\":\"ListItem\",\"position\":3,\"name\":\"Prenez un bol d\u2019air frais lors de votre s\u00e9minaire en Charente-Maritime !\"}]},{\"@type\":\"WebSite\",\"@id\":\"https:\/\/www.myallmeeting.com\/fr\/#website\",\"url\":\"https:\/\/www.myallmeeting.com\/fr\/\",\"name\":\"Accor MyAllMeeting.com\",\"description\":\"Les Meilleurs lieux pour vos Ev\u00e9nements Professionnels\",\"publisher\":{\"@id\":\"https:\/\/www.myallmeeting.com\/fr\/#organization\"},\"potentialAction\":[{\"@type\":\"SearchAction\",\"target\":{\"@type\":\"EntryPoint\",\"urlTemplate\":\"https:\/\/www.myallmeeting.com\/fr\/?s={search_term_string}\"},\"query-input\":{\"@type\":\"PropertyValueSpecification\",\"valueRequired\":true,\"valueName\":\"search_term_string\"}}],\"inLanguage\":\"fr-FR\"},{\"@type\":\"Organization\",\"@id\":\"https:\/\/www.myallmeeting.com\/fr\/#organization\",\"name\":\"ACCOR\",\"url\":\"https:\/\/www.myallmeeting.com\/fr\/\",\"logo\":{\"@type\":\"ImageObject\",\"inLanguage\":\"fr-FR\",\"@id\":\"https:\/\/www.myallmeeting.com\/fr\/#\/schema\/logo\/image\/\",\"url\":\"\",\"contentUrl\":\"\",\"caption\":\"ACCOR\"},\"image\":{\"@id\":\"https:\/\/www.myallmeeting.com\/fr\/#\/schema\/logo\/image\/\"}}]}<\/script>","yoast_head_json":{"title":"Prenez un bol d\u2019air frais lors de votre s\u00e9minaire en Charente-Maritime ! - Accor MyAllMeeting.com","robots":{"index":"index","follow":"follow","max-snippet":"max-snippet:-1","max-image-preview":"max-image-preview:large","max-video-preview":"max-video-preview:-1"},"canonical":"https:\/\/www.myallmeeting.com\/fr\/wp-json\/wp\/v2\/article\/15226707","og_locale":"fr_FR","og_type":"article","og_title":"Prenez un bol d\u2019air frais lors de votre s\u00e9minaire en Charente-Maritime ! - Accor MyAllMeeting.com","og_description":"D\u00e9couvrez la r\u00e9gion de Charente-Maritime lors de vos s\u00e9minaires gr\u00e2ce \u00e0 nos h\u00f4tels.","og_url":"https:\/\/www.myallmeeting.com\/fr\/article\/prenez-un-bol-dair-frais-lors-de-votre-seminaire-en-charente-maritime\/","og_site_name":"Accor MyAllMeeting.com","article_modified_time":"2024-07-09T16:35:21+00:00","og_image":[{"width":1024,"height":683,"url":"http:\/\/myallmeeting.com\/wp-content\/uploads\/2019\/11\/4671-26.jpg","type":"image\/jpeg"}],"twitter_card":"summary_large_image","twitter_misc":{"Dur\u00e9e de lecture estim\u00e9e":"5 minutes"},"schema":{"@context":"https:\/\/schema.org","@graph":[{"@type":"WebPage","@id":"https:\/\/www.myallmeeting.com\/fr\/article\/prenez-un-bol-dair-frais-lors-de-votre-seminaire-en-charente-maritime\/","url":"https:\/\/www.myallmeeting.com\/fr\/article\/prenez-un-bol-dair-frais-lors-de-votre-seminaire-en-charente-maritime\/","name":"Prenez un bol d\u2019air frais lors de votre s\u00e9minaire en Charente-Maritime ! - Accor MyAllMeeting.com","isPartOf":{"@id":"https:\/\/www.myallmeeting.com\/fr\/#website"},"primaryImageOfPage":{"@id":"https:\/\/www.myallmeeting.com\/fr\/article\/prenez-un-bol-dair-frais-lors-de-votre-seminaire-en-charente-maritime\/#primaryimage"},"image":{"@id":"https:\/\/www.myallmeeting.com\/fr\/article\/prenez-un-bol-dair-frais-lors-de-votre-seminaire-en-charente-maritime\/#primaryimage"},"thumbnailUrl":"https:\/\/www.myallmeeting.com\/wp-content\/uploads\/2019\/11\/4671-26.jpg","datePublished":"2019-11-25T11:11:02+00:00","dateModified":"2024-07-09T16:35:21+00:00","breadcrumb":{"@id":"https:\/\/www.myallmeeting.com\/fr\/article\/prenez-un-bol-dair-frais-lors-de-votre-seminaire-en-charente-maritime\/#breadcrumb"},"inLanguage":"fr-FR","potentialAction":[{"@type":"ReadAction","target":["https:\/\/www.myallmeeting.com\/fr\/article\/prenez-un-bol-dair-frais-lors-de-votre-seminaire-en-charente-maritime\/"]}]},{"@type":"ImageObject","inLanguage":"fr-FR","@id":"https:\/\/www.myallmeeting.com\/fr\/article\/prenez-un-bol-dair-frais-lors-de-votre-seminaire-en-charente-maritime\/#primaryimage","url":"https:\/\/www.myallmeeting.com\/wp-content\/uploads\/2019\/11\/4671-26.jpg","contentUrl":"https:\/\/www.myallmeeting.com\/wp-content\/uploads\/2019\/11\/4671-26.jpg","width":1024,"height":683,"caption":"Longe-c\u00f4te"},{"@type":"BreadcrumbList","@id":"https:\/\/www.myallmeeting.com\/fr\/article\/prenez-un-bol-dair-frais-lors-de-votre-seminaire-en-charente-maritime\/#breadcrumb","itemListElement":[{"@type":"ListItem","position":1,"name":"Accueil","item":"https:\/\/myallmeeting.com\/fr\/"},{"@type":"ListItem","position":2,"name":"Actualit\u00e9s","item":"https:\/\/www.myallmeeting.com\/fr\/actualite\/"},{"@type":"ListItem","position":3,"name":"Prenez un bol d\u2019air frais lors de votre s\u00e9minaire en Charente-Maritime !"}]},{"@type":"WebSite","@id":"https:\/\/www.myallmeeting.com\/fr\/#website","url":"https:\/\/www.myallmeeting.com\/fr\/","name":"Accor MyAllMeeting.com","description":"Les Meilleurs lieux pour vos Ev\u00e9nements Professionnels","publisher":{"@id":"https:\/\/www.myallmeeting.com\/fr\/#organization"},"potentialAction":[{"@type":"SearchAction","target":{"@type":"EntryPoint","urlTemplate":"https:\/\/www.myallmeeting.com\/fr\/?s={search_term_string}"},"query-input":{"@type":"PropertyValueSpecification","valueRequired":true,"valueName":"search_term_string"}}],"inLanguage":"fr-FR"},{"@type":"Organization","@id":"https:\/\/www.myallmeeting.com\/fr\/#organization","name":"ACCOR","url":"https:\/\/www.myallmeeting.com\/fr\/","logo":{"@type":"ImageObject","inLanguage":"fr-FR","@id":"https:\/\/www.myallmeeting.com\/fr\/#\/schema\/logo\/image\/","url":"","contentUrl":"","caption":"ACCOR"},"image":{"@id":"https:\/\/www.myallmeeting.com\/fr\/#\/schema\/logo\/image\/"}}]}},"_links":{"self":[{"href":"https:\/\/www.myallmeeting.com\/fr\/wp-json\/wp\/v2\/article\/15226707","targetHints":{"allow":["GET"]}}],"collection":[{"href":"https:\/\/www.myallmeeting.com\/fr\/wp-json\/wp\/v2\/article"}],"about":[{"href":"https:\/\/www.myallmeeting.com\/fr\/wp-json\/wp\/v2\/types\/article"}],"wp:featuredmedia":[{"embeddable":true,"href":"https:\/\/www.myallmeeting.com\/fr\/wp-json\/wp\/v2\/media\/45019"}],"wp:attachment":[{"href":"https:\/\/www.myallmeeting.com\/fr\/wp-json\/wp\/v2\/media?parent=15226707"}],"wp:term":[{"taxonomy":"periscope_categorie_tax","embeddable":true,"href":"https:\/\/www.myallmeeting.com\/fr\/wp-json\/wp\/v2\/periscope_categorie_tax?post=15226707"}],"curies":[{"name":"wp","href":"https:\/\/api.w.org\/{rel}","templated":true}]}}