{"id":15226701,"date":"2020-02-13T15:31:46","date_gmt":"2020-02-13T14:31:46","guid":{"rendered":"https:\/\/myallmeeting.com\/article\/offrez-a-vos-seminaires-le-charme-dune-normandie-accueillante-et-genereuse\/"},"modified":"2024-07-09T18:29:26","modified_gmt":"2024-07-09T16:29:26","slug":"offrez-a-vos-seminaires-le-charme-dune-normandie-accueillante-et-genereuse","status":"publish","type":"article","link":"https:\/\/www.myallmeeting.com\/fr\/article\/offrez-a-vos-seminaires-le-charme-dune-normandie-accueillante-et-genereuse\/","title":{"rendered":"Offrez \u00e0 vos s\u00e9minaires le charme d\u2019une Normandie accueillante et g\u00e9n\u00e9reuse"},"content":{"rendered":"<!-- START OF : Composant : block-periscope-theme-section-composant-25-texte-cta-2-images.php -->\n<div class=\"tcta2ia bg-white fs-wysiwyg mb-lg-12\" data-component=\"25-texte-cta-2-images\">\n\t<div class=\"tcta2ia__top\">\n\t\t<div class=\"container-fluid\" style=\"--bs-gutter-x: 0\">\n\t\t\t<div class=\"row\" style=\"--bs-gutter-x: 0\">\n\t\t\t\t<div class=\"col-lg-8\">\n\t\t\t\t\t\t\t\t\t\t<div class=\"bloc-mise-en-avant__top__left\">\n\t\t\t\t\t\t<img decoding=\"async\" src=\"https:\/\/www.myallmeeting.com\/wp-content\/uploads\/2020\/02\/Le-Grand-Hotel-Cabourg-MGallery-2-1268x846.jpg\" class=\"pe-2 pe-lg-0\" width=\"1268\" height=\"846\" alt=\"\" loading=\"lazy\" \/>\n\t\t\t\t\t<\/div>\n\t\t\t\t\t\t\t\t\t\t<div class=\"tcta2ia__bottom d-none d-lg-block pb-12 pt-lg-9 pb-lg-0 pe-lg-10\">\n\t\t\t\t\t\t\t\t\t\t\t\t<h2 class=\"fs-20 fs-lg-32 fw-semibold\">Mercure Le Havre Centre Bassin du Commerce<\/h2>\n\t\t\t\t\t\t\t\t\t\t\t\t\t\t\t\t\t\t<div class=\"fs-wysiwyg\"><h4><span style=\"font-weight: 400;\">En choisissant l\u2019h\u00f4tel <a href=\"https:\/\/myallmeeting.com\/fr\/hotel\/0341-hotel-mercure-le-havre-centre-bassin-du-commerce\/\">Mercure Le Havre Centre Bassin du Commerce<\/a>, vous serez immerg\u00e9 dans une <\/span><b>d\u00e9co ultra-moderne et industrielle<\/b><span style=\"font-weight: 400;\">, inspir\u00e9e des conteneurs du port. En plein c\u0153ur du centre-ville du Havre, vous \u00eates ici face au Bassin du Commerce et \u00e0 800 m\u00e8tres de la cath\u00e9drale Notre-Dame.\u00a0<\/span><\/h4>\n<h4><span style=\"font-weight: 400;\">La situation id\u00e9ale de ce 4 \u00e9toiles vous permet de <\/span><b>planifier votre s\u00e9jour sous le signe de la s\u00e9r\u00e9nit\u00e9 et de la proximit\u00e9<\/b><span style=\"font-weight: 400;\">. Six salles de r\u00e9union, un centre d&rsquo;affaires libre-service\u2026 profitez de tous les services dont vous pourriez avoir besoin.<\/span><\/h4>\n<\/div>\n\t\t\t\t\t\t\t\t\t\t\t\t<div class=\"d-flex flex-column flex-lg-row align-items-center gap-5 gap-lg-8 justify-content-between\">\n\t\t\t\t\t\t\t<div class=\"fs-20 fs-lg-26 fw-semibold lh-xs\"><\/div>\n\t\t\t\t\t\t\t\t\t\t\t\t\t<\/div>\n\t\t\t\t\t<\/div>\n\t\t\t\t<\/div>\n\t\t\t\t<div class=\"col-lg-4\">\n\t\t\t\t\t<div class=\"tcta2ia__top__right t-0 r-0 bg-primary text-white pt-4 pb-4 px-2 pt-lg-8 pb-lg-16 px-lg-11 pb-xl-30\">\n\t\t\t\t\t\t\t\t\t\t\t\t\t\t\t\t\t\t<h2 class=\"unna fs-36 fs-lg-51 fs-xl-75 fs-italic fw-normal text-secondary\">Offrez \u00e0 vos s\u00e9minaires le charme d\u2019une Normandie accueillante et g\u00e9n\u00e9reuse<\/h2>\n\t\t\t\t\t\t\t\t\t\t\t\t\t\t\t\t\t\t<h3 class=\"text-white fs-18 fs-lg-20 fs-xl-28 text-original-case\">La c\u00f4te normande fait parler d\u2019elle depuis toujours\u2026 Elle a attir\u00e9 de nombreux artistes, po\u00e8tes ou peintres, qui ont su d\u00e9crire la s\u00e9r\u00e9nit\u00e9 qui se d\u00e9gage de cette r\u00e9gion si inspirante.<\/h3>\n\t\t\t\t\t\t\t\t\t\t\t\t\t\t\t\t\t\t<div class=\"fs-wysiwyg mb-4 fs-lg-16 fs-xl-20\"><p>En Normandie, tous les crit\u00e8res sont r\u00e9unis pour y organiser vos prochains s\u00e9minaires ou conf\u00e9rences. D\u00e9couvrez quatre h\u00f4tels qui ne manqueront pas de r\u00e9pondre \u00e0 vos besoins et envies.<\/p>\n<\/div>\n\t\t\t\t\t\t\t\t\t\t\t\t\t\t\t\t\t\t\t\t\t\t\t\t<p class=\"m-0\"><img decoding=\"async\" src=\"https:\/\/www.myallmeeting.com\/wp-content\/uploads\/2020\/02\/Mercure-Le-Havre-Centre-Bassin-du-Commerce-3-633x398.jpg\" class=\"position-relative l-0\" width=\"633\" height=\"398\" alt=\"\" loading=\"lazy\" \/><\/p>\n\t\t\t\t\t\t\t\t\t\t\t<\/div>\n\t\t\t\t<\/div>\n\t\t\t<\/div>\n\t\t<\/div>\n\t<\/div>\n\t<div class=\"tcta2ia__bottom d-lg-none pb-12 py-lg-9 pe-lg-10\">\n\t\t\t\t<div class=\"h2 fs-20 fs-lg-32 fw-semibold\">Mercure Le Havre Centre Bassin du Commerce<\/div>\n\t\t\t\t\t\t<div class=\"fs-wysiwyg\"><h4><span style=\"font-weight: 400;\">En choisissant l\u2019h\u00f4tel <a href=\"https:\/\/myallmeeting.com\/fr\/hotel\/0341-hotel-mercure-le-havre-centre-bassin-du-commerce\/\">Mercure Le Havre Centre Bassin du Commerce<\/a>, vous serez immerg\u00e9 dans une <\/span><b>d\u00e9co ultra-moderne et industrielle<\/b><span style=\"font-weight: 400;\">, inspir\u00e9e des conteneurs du port. En plein c\u0153ur du centre-ville du Havre, vous \u00eates ici face au Bassin du Commerce et \u00e0 800 m\u00e8tres de la cath\u00e9drale Notre-Dame.\u00a0<\/span><\/h4>\n<h4><span style=\"font-weight: 400;\">La situation id\u00e9ale de ce 4 \u00e9toiles vous permet de <\/span><b>planifier votre s\u00e9jour sous le signe de la s\u00e9r\u00e9nit\u00e9 et de la proximit\u00e9<\/b><span style=\"font-weight: 400;\">. Six salles de r\u00e9union, un centre d&rsquo;affaires libre-service\u2026 profitez de tous les services dont vous pourriez avoir besoin.<\/span><\/h4>\n<\/div>\n\t\t\t\t<div class=\"d-flex flex-column flex-lg-row align-items-center gap-5 gap-lg-8 justify-content-between\">\n\t\t\t<div class=\"fs-20 fs-lg-26 fw-semibold lh-xs\"><\/div>\n\t\t\t\t\t<\/div>\n\t<\/div>\n<\/div>\n<!-- END OF : Composant : block-periscope-theme-section-composant-25-texte-cta-2-images.php -->\n\n\n<!-- START OF : Composant : block-periscope-theme-section-composant-33-texte-image.php -->\n<div class=\"text-image fs-wysiwyg mb-8 mb-lg-12\" data-component=\"33-texte-image\">\n\t<div class=\"container-fluid\" style=\"--bs-gutter-x: 0\">\n\t\t<div class=\"row\" style=\"--bs-gutter-x: 0\">\n\t\t\t\t\t\t<div class=\"col-lg-6 mb-7 mb-lg-0\">\n\t\t\t\t<img decoding=\"async\" src=\"https:\/\/www.myallmeeting.com\/wp-content\/uploads\/2020\/02\/5304-55-1-953x600.jpg\" width=\"953\" height=\"600\" alt=\"\" loading=\"lazy\" class=\"w-100\" \/>\n\t\t\t<\/div>\n\t\t\t\t\t\t<div class=\"col-lg-6\">\n\t\t\t\t<div class=\"text-image__content\">\n\t\t\t\t\t\t\t\t\t\t<div class=\"fw-semibold lh-xs fs-20 fs-lg-32 ls--25 mb-5\">Novotel Deauville Plage<\/div>\n\t\t\t\t\t\t\t\t\t\t\t\t\t\t\t<div class=\"fs-wysiwyg\">\n\t\t\t\t\t\t<h4><span style=\"font-weight: 400;\">Si vous souhaitez <\/span><b>allier travail et d\u00e9tente en toute efficacit\u00e9<\/b><span style=\"font-weight: 400;\">, le <a href=\"https:\/\/myallmeeting.com\/fr\/hotel\/b4q8-novotel-deauville-plage-opening-august-2019\/\">Novotel Deauville Plage<\/a> est tout trouv\u00e9\u00a0! 100 chambres, 8 suites haut de gamme, piscine, salle de fitness\u2026\u00a0<\/span><\/h4>\n<p><span style=\"font-weight: 400;\">Ce <\/span><b>4 \u00e9toiles dispose d\u2019un grand espace de conf\u00e9rence et trois salles de r\u00e9union avec tout le confort n\u00e9cessaire<\/b><span style=\"font-weight: 400;\">. Ici, vous profitez de la qui\u00e9tude du charme anglo-normand c\u00f4t\u00e9 plage, et \u00e0 deux pas des c\u00e9l\u00e8bres planches de Deauville. Sans oublier son restaurant avec vue mer panoramique au dernier \u00e9tage pour vos d\u00eeners d&rsquo;affaires.<\/span><\/p>\n\t\t\t\t\t<\/div>\n\t\t\t\t\t\t\t\t\t<\/div>\n\t\t\t<\/div>        \n\t\t<\/div>\n\t<\/div>\n<\/div>\n<!-- END OF : Composant : block-periscope-theme-section-composant-33-texte-image.php -->\n\n\n<!-- START OF : Composant : block-periscope-theme-section-composant-33-texte-image.php -->\n<!-- INVERSE -->\n<div class=\"text-image fs-wysiwyg mb-8 mb-lg-12\" data-component=\"33-texte-image\" data-reverse=\"oui\">\n\t<div class=\"container-fluid\" style=\"--bs-gutter-x: 0\">\n\t\t<div class=\"row\" style=\"--bs-gutter-x: 0\">\n\t\t\t<div class=\"col-lg-6\">\n\t\t\t\t<div class=\"text-image__content\">\n\t\t\t\t\t\t\t\t\t\t<div class=\"fw-semibold lh-xs fs-20 fs-lg-32 ls--25 mb-5\">Le Grand H\u00f4tel Cabourg MGallery<\/div>\n\t\t\t\t\t\t\t\t\t\t\t\t\t\t\t<div class=\"fs-wysiwyg\">\n\t\t\t\t\t\t<h4><span style=\"font-weight: 400;\">Plongez dans le d\u00e9cor Belle \u00c9poque d\u2019un <a href=\"https:\/\/myallmeeting.com\/fr\/hotel\/1282-gh-cabourg-mgallery\/\">h\u00f4tel de prestige<\/a>\u00a0! Chambres avec vue sur mer ou sur les jardins du Casino, vous appr\u00e9cierez votre s\u00e9jour \u00e0 Cabourg, charmante station baln\u00e9aire au bord de la Manche. Vos r\u00e9unions de travail ne seront pas en reste\u2026 <\/span><b>le cadre des salles de r\u00e9unions et de conf\u00e9rences y est absolument magnifique<\/b><span style=\"font-weight: 400;\">\u00a0!\u00a0<\/span><\/h4>\n<h4><span style=\"font-weight: 400;\">Sans compter les \u00e9quipements n\u00e9cessaires au bon d\u00e9roulement des conf\u00e9rences mis \u00e0 disposition. Rien de tel pour <\/span><b>allier travail et convivialit\u00e9<\/b><span style=\"font-weight: 400;\">. C\u00f4t\u00e9 papilles, r\u00e9galez-vous au restaurant gastronomique Le Balbec face \u00e0 la mer. Un lieu \u00e0 d\u00e9couvrir\u00a0!<\/span><\/h4>\n\t\t\t\t\t<\/div>\n\t\t\t\t\t\t\t\t\t<\/div>\n\t\t\t<\/div>    \n\t\t\t    \n\t\t\t<div class=\"col-lg-6 order-first order-lg-last mb-7 mb-lg-0\">\n\t\t\t\t<img decoding=\"async\" src=\"https:\/\/www.myallmeeting.com\/wp-content\/uploads\/2020\/02\/1763-28-953x600.jpg\" width=\"953\" height=\"600\" alt=\"\" loading=\"lazy\" class=\"w-100\" \/>\n\t\t\t<\/div>\n\t\t\t\t\t<\/div>\n\t<\/div>\n<\/div>\n<!-- END OF : Composant : block-periscope-theme-section-composant-33-texte-image.php -->\n\n\n<!-- START OF : Composant : block-periscope-theme-section-composant-33-texte-image.php -->\n<div class=\"text-image fs-wysiwyg mb-8 mb-lg-12\" data-component=\"33-texte-image\">\n\t<div class=\"container-fluid\" style=\"--bs-gutter-x: 0\">\n\t\t<div class=\"row\" style=\"--bs-gutter-x: 0\">\n\t\t\t\t\t\t<div class=\"col-lg-6 mb-7 mb-lg-0\">\n\t\t\t\t<img decoding=\"async\" src=\"https:\/\/www.myallmeeting.com\/wp-content\/uploads\/2020\/02\/Ibis-Styles-Ouistreham-1-953x600.jpg\" width=\"953\" height=\"600\" alt=\"\" loading=\"lazy\" class=\"w-100\" \/>\n\t\t\t<\/div>\n\t\t\t\t\t\t<div class=\"col-lg-6\">\n\t\t\t\t<div class=\"text-image__content\">\n\t\t\t\t\t\t\t\t\t\t<div class=\"fw-semibold lh-xs fs-20 fs-lg-32 ls--25 mb-5\">Ibis Styles Ouistreham<\/div>\n\t\t\t\t\t\t\t\t\t\t\t\t\t\t\t<div class=\"fs-wysiwyg\">\n\t\t\t\t\t\t<h4><span style=\"font-weight: 400;\">\u00c0 20 minutes de Cabourg, l\u2019h\u00f4tel <a href=\"https:\/\/myallmeeting.com\/fr\/hotel\/1967-ibis-styles-ouistreham\/\">Ibis Styles Ouistreham<\/a> se situe non loin de la plage, tout pr\u00e8s du port de p\u00eache. <\/span><b>Le cadre de travail qu\u2019il procure est baign\u00e9 de cette tranquillit\u00e9 qui \u00e9mane de ce lieu calme et reposant<\/b><span style=\"font-weight: 400;\">. Profitez de la piscine priv\u00e9e de cet h\u00f4tel 3 \u00e9toiles, de son restaurant ouvert 24h\/24 et de ses lieux de d\u00e9tente tels que l\u2019espace billard ou encore la terrasse.\u00a0<\/span><\/h4>\n<h4><span style=\"font-weight: 400;\">C\u00f4t\u00e9 praticit\u00e9, l\u2019a\u00e9roport de Caen n\u2019est qu\u2019\u00e0 une vingtaine de kilom\u00e8tres, alors si votre vol de retour vous laisse un peu de temps, vous pourrez profiter des environs d&rsquo;Ouistreham et de la beaut\u00e9 des immenses plages de cette c\u00f4te normande.<\/span><\/h4>\n\t\t\t\t\t<\/div>\n\t\t\t\t\t\t\t\t\t<\/div>\n\t\t\t<\/div>        \n\t\t<\/div>\n\t<\/div>\n<\/div>\n<!-- END OF : Composant : block-periscope-theme-section-composant-33-texte-image.php -->\n","protected":false},"excerpt":{"rendered":"<p>D\u00e9couvrez la r\u00e9gion de la Normandie lors de vos s\u00e9minaires gr\u00e2ce au charme de nos h\u00f4tels.<\/p>\n","protected":false},"featured_media":15966290,"menu_order":0,"template":"","periscope_categorie_tax":[1648],"class_list":["post-15226701","article","type-article","status-publish","has-post-thumbnail","hentry","periscope_categorie_tax-tous-nos-tops-selections"],"acf":[],"yoast_head":"<title>Offrez \u00e0 vos s\u00e9minaires le charme d\u2019une Normandie accueillante et g\u00e9n\u00e9reuse - Accor MyAllMeeting.com<\/title>\n<meta name=\"robots\" content=\"index, follow, max-snippet:-1, max-image-preview:large, max-video-preview:-1\" \/>\n<link rel=\"canonical\" href=\"https:\/\/www.myallmeeting.com\/fr\/wp-json\/wp\/v2\/article\/15226701\" \/>\n<meta property=\"og:locale\" content=\"fr_FR\" \/>\n<meta property=\"og:type\" content=\"article\" \/>\n<meta property=\"og:title\" content=\"Offrez \u00e0 vos s\u00e9minaires le charme d\u2019une Normandie accueillante et g\u00e9n\u00e9reuse - Accor MyAllMeeting.com\" \/>\n<meta property=\"og:description\" content=\"D\u00e9couvrez la r\u00e9gion de la Normandie lors de vos s\u00e9minaires gr\u00e2ce au charme de nos h\u00f4tels.\" \/>\n<meta property=\"og:url\" content=\"https:\/\/www.myallmeeting.com\/fr\/article\/offrez-a-vos-seminaires-le-charme-dune-normandie-accueillante-et-genereuse\/\" \/>\n<meta property=\"og:site_name\" content=\"Accor MyAllMeeting.com\" \/>\n<meta property=\"article:modified_time\" content=\"2024-07-09T16:29:26+00:00\" \/>\n<meta property=\"og:image\" content=\"http:\/\/myallmeeting.com\/wp-content\/uploads\/2020\/02\/Deauville.png\" \/>\n\t<meta property=\"og:image:width\" content=\"1920\" \/>\n\t<meta property=\"og:image:height\" content=\"570\" \/>\n\t<meta property=\"og:image:type\" content=\"image\/png\" \/>\n<meta name=\"twitter:card\" content=\"summary_large_image\" \/>\n<meta name=\"twitter:label1\" content=\"Dur\u00e9e de lecture estim\u00e9e\" \/>\n\t<meta name=\"twitter:data1\" content=\"4 minutes\" \/>\n<script type=\"application\/ld+json\" class=\"yoast-schema-graph\">{\"@context\":\"https:\/\/schema.org\",\"@graph\":[{\"@type\":\"WebPage\",\"@id\":\"https:\/\/www.myallmeeting.com\/fr\/article\/offrez-a-vos-seminaires-le-charme-dune-normandie-accueillante-et-genereuse\/\",\"url\":\"https:\/\/www.myallmeeting.com\/fr\/article\/offrez-a-vos-seminaires-le-charme-dune-normandie-accueillante-et-genereuse\/\",\"name\":\"Offrez \u00e0 vos s\u00e9minaires le charme d\u2019une Normandie accueillante et g\u00e9n\u00e9reuse - Accor MyAllMeeting.com\",\"isPartOf\":{\"@id\":\"https:\/\/www.myallmeeting.com\/fr\/#website\"},\"primaryImageOfPage\":{\"@id\":\"https:\/\/www.myallmeeting.com\/fr\/article\/offrez-a-vos-seminaires-le-charme-dune-normandie-accueillante-et-genereuse\/#primaryimage\"},\"image\":{\"@id\":\"https:\/\/www.myallmeeting.com\/fr\/article\/offrez-a-vos-seminaires-le-charme-dune-normandie-accueillante-et-genereuse\/#primaryimage\"},\"thumbnailUrl\":\"https:\/\/www.myallmeeting.com\/wp-content\/uploads\/2020\/02\/Deauville.png\",\"datePublished\":\"2020-02-13T14:31:46+00:00\",\"dateModified\":\"2024-07-09T16:29:26+00:00\",\"breadcrumb\":{\"@id\":\"https:\/\/www.myallmeeting.com\/fr\/article\/offrez-a-vos-seminaires-le-charme-dune-normandie-accueillante-et-genereuse\/#breadcrumb\"},\"inLanguage\":\"fr-FR\",\"potentialAction\":[{\"@type\":\"ReadAction\",\"target\":[\"https:\/\/www.myallmeeting.com\/fr\/article\/offrez-a-vos-seminaires-le-charme-dune-normandie-accueillante-et-genereuse\/\"]}]},{\"@type\":\"ImageObject\",\"inLanguage\":\"fr-FR\",\"@id\":\"https:\/\/www.myallmeeting.com\/fr\/article\/offrez-a-vos-seminaires-le-charme-dune-normandie-accueillante-et-genereuse\/#primaryimage\",\"url\":\"https:\/\/www.myallmeeting.com\/wp-content\/uploads\/2020\/02\/Deauville.png\",\"contentUrl\":\"https:\/\/www.myallmeeting.com\/wp-content\/uploads\/2020\/02\/Deauville.png\",\"width\":1920,\"height\":570},{\"@type\":\"BreadcrumbList\",\"@id\":\"https:\/\/www.myallmeeting.com\/fr\/article\/offrez-a-vos-seminaires-le-charme-dune-normandie-accueillante-et-genereuse\/#breadcrumb\",\"itemListElement\":[{\"@type\":\"ListItem\",\"position\":1,\"name\":\"Accueil\",\"item\":\"https:\/\/myallmeeting.com\/fr\/\"},{\"@type\":\"ListItem\",\"position\":2,\"name\":\"Actualit\u00e9s\",\"item\":\"https:\/\/www.myallmeeting.com\/fr\/actualite\/\"},{\"@type\":\"ListItem\",\"position\":3,\"name\":\"Offrez \u00e0 vos s\u00e9minaires le charme d\u2019une Normandie accueillante et g\u00e9n\u00e9reuse\"}]},{\"@type\":\"WebSite\",\"@id\":\"https:\/\/www.myallmeeting.com\/fr\/#website\",\"url\":\"https:\/\/www.myallmeeting.com\/fr\/\",\"name\":\"Accor MyAllMeeting.com\",\"description\":\"Les Meilleurs lieux pour vos Ev\u00e9nements Professionnels\",\"publisher\":{\"@id\":\"https:\/\/www.myallmeeting.com\/fr\/#organization\"},\"potentialAction\":[{\"@type\":\"SearchAction\",\"target\":{\"@type\":\"EntryPoint\",\"urlTemplate\":\"https:\/\/www.myallmeeting.com\/fr\/?s={search_term_string}\"},\"query-input\":{\"@type\":\"PropertyValueSpecification\",\"valueRequired\":true,\"valueName\":\"search_term_string\"}}],\"inLanguage\":\"fr-FR\"},{\"@type\":\"Organization\",\"@id\":\"https:\/\/www.myallmeeting.com\/fr\/#organization\",\"name\":\"ACCOR\",\"url\":\"https:\/\/www.myallmeeting.com\/fr\/\",\"logo\":{\"@type\":\"ImageObject\",\"inLanguage\":\"fr-FR\",\"@id\":\"https:\/\/www.myallmeeting.com\/fr\/#\/schema\/logo\/image\/\",\"url\":\"\",\"contentUrl\":\"\",\"caption\":\"ACCOR\"},\"image\":{\"@id\":\"https:\/\/www.myallmeeting.com\/fr\/#\/schema\/logo\/image\/\"}}]}<\/script>","yoast_head_json":{"title":"Offrez \u00e0 vos s\u00e9minaires le charme d\u2019une Normandie accueillante et g\u00e9n\u00e9reuse - Accor MyAllMeeting.com","robots":{"index":"index","follow":"follow","max-snippet":"max-snippet:-1","max-image-preview":"max-image-preview:large","max-video-preview":"max-video-preview:-1"},"canonical":"https:\/\/www.myallmeeting.com\/fr\/wp-json\/wp\/v2\/article\/15226701","og_locale":"fr_FR","og_type":"article","og_title":"Offrez \u00e0 vos s\u00e9minaires le charme d\u2019une Normandie accueillante et g\u00e9n\u00e9reuse - Accor MyAllMeeting.com","og_description":"D\u00e9couvrez la r\u00e9gion de la Normandie lors de vos s\u00e9minaires gr\u00e2ce au charme de nos h\u00f4tels.","og_url":"https:\/\/www.myallmeeting.com\/fr\/article\/offrez-a-vos-seminaires-le-charme-dune-normandie-accueillante-et-genereuse\/","og_site_name":"Accor MyAllMeeting.com","article_modified_time":"2024-07-09T16:29:26+00:00","og_image":[{"width":1920,"height":570,"url":"http:\/\/myallmeeting.com\/wp-content\/uploads\/2020\/02\/Deauville.png","type":"image\/png"}],"twitter_card":"summary_large_image","twitter_misc":{"Dur\u00e9e de lecture estim\u00e9e":"4 minutes"},"schema":{"@context":"https:\/\/schema.org","@graph":[{"@type":"WebPage","@id":"https:\/\/www.myallmeeting.com\/fr\/article\/offrez-a-vos-seminaires-le-charme-dune-normandie-accueillante-et-genereuse\/","url":"https:\/\/www.myallmeeting.com\/fr\/article\/offrez-a-vos-seminaires-le-charme-dune-normandie-accueillante-et-genereuse\/","name":"Offrez \u00e0 vos s\u00e9minaires le charme d\u2019une Normandie accueillante et g\u00e9n\u00e9reuse - Accor MyAllMeeting.com","isPartOf":{"@id":"https:\/\/www.myallmeeting.com\/fr\/#website"},"primaryImageOfPage":{"@id":"https:\/\/www.myallmeeting.com\/fr\/article\/offrez-a-vos-seminaires-le-charme-dune-normandie-accueillante-et-genereuse\/#primaryimage"},"image":{"@id":"https:\/\/www.myallmeeting.com\/fr\/article\/offrez-a-vos-seminaires-le-charme-dune-normandie-accueillante-et-genereuse\/#primaryimage"},"thumbnailUrl":"https:\/\/www.myallmeeting.com\/wp-content\/uploads\/2020\/02\/Deauville.png","datePublished":"2020-02-13T14:31:46+00:00","dateModified":"2024-07-09T16:29:26+00:00","breadcrumb":{"@id":"https:\/\/www.myallmeeting.com\/fr\/article\/offrez-a-vos-seminaires-le-charme-dune-normandie-accueillante-et-genereuse\/#breadcrumb"},"inLanguage":"fr-FR","potentialAction":[{"@type":"ReadAction","target":["https:\/\/www.myallmeeting.com\/fr\/article\/offrez-a-vos-seminaires-le-charme-dune-normandie-accueillante-et-genereuse\/"]}]},{"@type":"ImageObject","inLanguage":"fr-FR","@id":"https:\/\/www.myallmeeting.com\/fr\/article\/offrez-a-vos-seminaires-le-charme-dune-normandie-accueillante-et-genereuse\/#primaryimage","url":"https:\/\/www.myallmeeting.com\/wp-content\/uploads\/2020\/02\/Deauville.png","contentUrl":"https:\/\/www.myallmeeting.com\/wp-content\/uploads\/2020\/02\/Deauville.png","width":1920,"height":570},{"@type":"BreadcrumbList","@id":"https:\/\/www.myallmeeting.com\/fr\/article\/offrez-a-vos-seminaires-le-charme-dune-normandie-accueillante-et-genereuse\/#breadcrumb","itemListElement":[{"@type":"ListItem","position":1,"name":"Accueil","item":"https:\/\/myallmeeting.com\/fr\/"},{"@type":"ListItem","position":2,"name":"Actualit\u00e9s","item":"https:\/\/www.myallmeeting.com\/fr\/actualite\/"},{"@type":"ListItem","position":3,"name":"Offrez \u00e0 vos s\u00e9minaires le charme d\u2019une Normandie accueillante et g\u00e9n\u00e9reuse"}]},{"@type":"WebSite","@id":"https:\/\/www.myallmeeting.com\/fr\/#website","url":"https:\/\/www.myallmeeting.com\/fr\/","name":"Accor MyAllMeeting.com","description":"Les Meilleurs lieux pour vos Ev\u00e9nements Professionnels","publisher":{"@id":"https:\/\/www.myallmeeting.com\/fr\/#organization"},"potentialAction":[{"@type":"SearchAction","target":{"@type":"EntryPoint","urlTemplate":"https:\/\/www.myallmeeting.com\/fr\/?s={search_term_string}"},"query-input":{"@type":"PropertyValueSpecification","valueRequired":true,"valueName":"search_term_string"}}],"inLanguage":"fr-FR"},{"@type":"Organization","@id":"https:\/\/www.myallmeeting.com\/fr\/#organization","name":"ACCOR","url":"https:\/\/www.myallmeeting.com\/fr\/","logo":{"@type":"ImageObject","inLanguage":"fr-FR","@id":"https:\/\/www.myallmeeting.com\/fr\/#\/schema\/logo\/image\/","url":"","contentUrl":"","caption":"ACCOR"},"image":{"@id":"https:\/\/www.myallmeeting.com\/fr\/#\/schema\/logo\/image\/"}}]}},"_links":{"self":[{"href":"https:\/\/www.myallmeeting.com\/fr\/wp-json\/wp\/v2\/article\/15226701","targetHints":{"allow":["GET"]}}],"collection":[{"href":"https:\/\/www.myallmeeting.com\/fr\/wp-json\/wp\/v2\/article"}],"about":[{"href":"https:\/\/www.myallmeeting.com\/fr\/wp-json\/wp\/v2\/types\/article"}],"wp:featuredmedia":[{"embeddable":true,"href":"https:\/\/www.myallmeeting.com\/fr\/wp-json\/wp\/v2\/media\/15966290"}],"wp:attachment":[{"href":"https:\/\/www.myallmeeting.com\/fr\/wp-json\/wp\/v2\/media?parent=15226701"}],"wp:term":[{"taxonomy":"periscope_categorie_tax","embeddable":true,"href":"https:\/\/www.myallmeeting.com\/fr\/wp-json\/wp\/v2\/periscope_categorie_tax?post=15226701"}],"curies":[{"name":"wp","href":"https:\/\/api.w.org\/{rel}","templated":true}]}}