{"id":15226700,"date":"2020-02-13T15:39:37","date_gmt":"2020-02-13T14:39:37","guid":{"rendered":"https:\/\/myallmeeting.com\/article\/un-seminaire-avec-vue-sur-la-mediterranee\/"},"modified":"2024-07-22T15:31:53","modified_gmt":"2024-07-22T13:31:53","slug":"un-seminaire-avec-vue-sur-la-mediterranee","status":"publish","type":"article","link":"https:\/\/www.myallmeeting.com\/fr\/article\/un-seminaire-avec-vue-sur-la-mediterranee\/","title":{"rendered":"Un s\u00e9minaire avec vue sur la M\u00e9diterran\u00e9e"},"content":{"rendered":"<!-- START OF : Composant : block-periscope-theme-section-composant-25-texte-cta-2-images.php -->\n<div class=\"tcta2ia bg-white fs-wysiwyg mb-lg-12\" data-component=\"25-texte-cta-2-images\">\n\t<div class=\"tcta2ia__top\">\n\t\t<div class=\"container-fluid\" style=\"--bs-gutter-x: 0\">\n\t\t\t<div class=\"row\" style=\"--bs-gutter-x: 0\">\n\t\t\t\t<div class=\"col-lg-8\">\n\t\t\t\t\t\t\t\t\t\t<div class=\"bloc-mise-en-avant__top__left\">\n\t\t\t\t\t\t<img decoding=\"async\" src=\"https:\/\/www.myallmeeting.com\/wp-content\/uploads\/2020\/02\/6901-16-1-1268x846.jpg\" class=\"pe-2 pe-lg-0\" width=\"1268\" height=\"846\" alt=\"\" loading=\"lazy\" \/>\n\t\t\t\t\t<\/div>\n\t\t\t\t\t\t\t\t\t\t<div class=\"tcta2ia__bottom d-none d-lg-block pb-12 pt-lg-9 pb-lg-0 pe-lg-10\">\n\t\t\t\t\t\t\t\t\t\t\t\t<h2 class=\"fs-20 fs-lg-32 fw-semibold\">Mercure Toulon La Seyne-sur-Mer<\/h2>\n\t\t\t\t\t\t\t\t\t\t\t\t\t\t\t\t\t\t<div class=\"fs-wysiwyg\"><p><span style=\"font-weight: 400;\">Rien de tel que le cliquetis chantant des bateaux \u00e0 quai pour avoir l\u2019impression de s\u2019embarquer\u00a0! C\u2019est ce que vous offre <\/span><a href=\"https:\/\/myallmeeting.com\/fr\/hotel\/b3f9-hotel-mercure-toulon-la-seyne-sur-mer-opening-juillet-2019\/\"><b>cet h\u00f4tel 4 \u00e9toiles<\/b><\/a><span style=\"font-weight: 400;\"> situ\u00e9 sur le port de plaisance de la Seyne-sur-Mer.\u00a0<\/span><\/p>\n<p><span style=\"font-weight: 400;\">Chacune de ses <\/span><b>96 chambres \u00e0 la d\u00e9co \u00e9pur\u00e9e<\/b><span style=\"font-weight: 400;\"> ont vue sur mer\u00a0! Apr\u00e8s une journ\u00e9e studieuse \u2013 ses 3 salles de r\u00e9union peuvent accueillir jusqu\u2019\u00e0 70 personnes \u2013 le moment de d\u00e9compression est assur\u00e9, entre la piscine ext\u00e9rieure chauff\u00e9e, l\u2019espace bien-\u00eatre ou encore le restaurant de \u00ab\u00a0bistronomie\u00a0\u00bb italienne. Une destination facile d\u2019acc\u00e8s puisque la gare de Toulon TGV n\u2019est qu\u2019\u00e0 quelques kilom\u00e8tres.<\/span><\/p>\n<\/div>\n\t\t\t\t\t\t\t\t\t\t\t\t<div class=\"d-flex flex-column flex-lg-row align-items-center gap-5 gap-lg-8 justify-content-between\">\n\t\t\t\t\t\t\t<div class=\"fs-20 fs-lg-26 fw-semibold lh-xs\"><\/div>\n\t\t\t\t\t\t\t\t\t\t\t\t\t<\/div>\n\t\t\t\t\t<\/div>\n\t\t\t\t<\/div>\n\t\t\t\t<div class=\"col-lg-4\">\n\t\t\t\t\t<div class=\"tcta2ia__top__right t-0 r-0 bg-primary text-white pt-4 pb-4 px-2 pt-lg-8 pb-lg-16 px-lg-11 pb-xl-30\">\n\t\t\t\t\t\t\t\t\t\t\t\t\t\t\t\t\t\t<h2 class=\"unna fs-36 fs-lg-51 fs-xl-75 fs-italic fw-normal text-secondary\">Un s\u00e9minaire avec vue sur la M\u00e9diterran\u00e9e<\/h2>\n\t\t\t\t\t\t\t\t\t\t\t\t\t\t\t\t\t\t<h3 class=\"text-white fs-18 fs-lg-20 fs-xl-28 text-original-case\">Envie d\u2019offrir \u00e0 vos collaborateurs une parenth\u00e8se entre travail et glamour dans des sites \u00e9poustouflants ? <\/h3>\n\t\t\t\t\t\t\t\t\t\t\t\t\t\t\t\t\t\t<div class=\"fs-wysiwyg mb-4 fs-lg-16 fs-xl-20\"><p><span style=\"font-weight: 400;\">Pour ponctuer votre s\u00e9jour de grands bols d\u2019air ensoleill\u00e9s et iod\u00e9s, rendez-vous sur la <\/span><i><span style=\"font-weight: 400;\">French Riviera<\/span><\/i><span style=\"font-weight: 400;\">, sa c\u00f4te d\u00e9coup\u00e9e sur la Grande Bleue et sa cuisine parfum\u00e9e. Que ce soit pour\u00a0<\/span><b>une r\u00e9union intime ou un s\u00e9minaire <\/b><b><i>corporate<\/i><\/b><span style=\"font-weight: 400;\">, vous y trouverez\u00a0<\/span><b>votre solution sur mesure<\/b><span style=\"font-weight: 400;\">. La preuve par quatre.<\/span><\/p>\n<\/div>\n\t\t\t\t\t\t\t\t\t\t\t\t\t\t\t\t\t\t\t\t\t\t\t\t<p class=\"m-0\"><img decoding=\"async\" src=\"https:\/\/www.myallmeeting.com\/wp-content\/uploads\/2020\/02\/5064-24-633x398.jpg\" class=\"position-relative l-0\" width=\"633\" height=\"398\" alt=\"\" loading=\"lazy\" \/><\/p>\n\t\t\t\t\t\t\t\t\t\t\t<\/div>\n\t\t\t\t<\/div>\n\t\t\t<\/div>\n\t\t<\/div>\n\t<\/div>\n\t<div class=\"tcta2ia__bottom d-lg-none pb-12 py-lg-9 pe-lg-10\">\n\t\t\t\t<div class=\"h2 fs-20 fs-lg-32 fw-semibold\">Mercure Toulon La Seyne-sur-Mer<\/div>\n\t\t\t\t\t\t<div class=\"fs-wysiwyg\"><p><span style=\"font-weight: 400;\">Rien de tel que le cliquetis chantant des bateaux \u00e0 quai pour avoir l\u2019impression de s\u2019embarquer\u00a0! C\u2019est ce que vous offre <\/span><a href=\"https:\/\/myallmeeting.com\/fr\/hotel\/b3f9-hotel-mercure-toulon-la-seyne-sur-mer-opening-juillet-2019\/\"><b>cet h\u00f4tel 4 \u00e9toiles<\/b><\/a><span style=\"font-weight: 400;\"> situ\u00e9 sur le port de plaisance de la Seyne-sur-Mer.\u00a0<\/span><\/p>\n<p><span style=\"font-weight: 400;\">Chacune de ses <\/span><b>96 chambres \u00e0 la d\u00e9co \u00e9pur\u00e9e<\/b><span style=\"font-weight: 400;\"> ont vue sur mer\u00a0! Apr\u00e8s une journ\u00e9e studieuse \u2013 ses 3 salles de r\u00e9union peuvent accueillir jusqu\u2019\u00e0 70 personnes \u2013 le moment de d\u00e9compression est assur\u00e9, entre la piscine ext\u00e9rieure chauff\u00e9e, l\u2019espace bien-\u00eatre ou encore le restaurant de \u00ab\u00a0bistronomie\u00a0\u00bb italienne. Une destination facile d\u2019acc\u00e8s puisque la gare de Toulon TGV n\u2019est qu\u2019\u00e0 quelques kilom\u00e8tres.<\/span><\/p>\n<\/div>\n\t\t\t\t<div class=\"d-flex flex-column flex-lg-row align-items-center gap-5 gap-lg-8 justify-content-between\">\n\t\t\t<div class=\"fs-20 fs-lg-26 fw-semibold lh-xs\"><\/div>\n\t\t\t\t\t<\/div>\n\t<\/div>\n<\/div>\n<!-- END OF : Composant : block-periscope-theme-section-composant-25-texte-cta-2-images.php -->\n\n\n<!-- START OF : Composant : block-periscope-theme-section-composant-33-texte-image.php -->\n<div class=\"text-image fs-wysiwyg mb-8 mb-lg-12\" data-component=\"33-texte-image\">\n\t<div class=\"container-fluid\" style=\"--bs-gutter-x: 0\">\n\t\t<div class=\"row\" style=\"--bs-gutter-x: 0\">\n\t\t\t\t\t\t<div class=\"col-lg-6 mb-7 mb-lg-0\">\n\t\t\t\t<img decoding=\"async\" src=\"https:\/\/www.myallmeeting.com\/wp-content\/uploads\/2020\/02\/3911-10-953x600.jpg\" width=\"953\" height=\"600\" alt=\"\" loading=\"lazy\" class=\"w-100\" \/>\n\t\t\t<\/div>\n\t\t\t\t\t\t<div class=\"col-lg-6\">\n\t\t\t\t<div class=\"text-image__content\">\n\t\t\t\t\t\t\t\t\t\t<div class=\"fw-semibold lh-xs fs-20 fs-lg-32 ls--25 mb-5\">Ibis Styles Hy\u00e8res Rooftop &amp; Spa<\/div>\n\t\t\t\t\t\t\t\t\t\t\t\t\t\t\t<div class=\"fs-wysiwyg\">\n\t\t\t\t\t\t<p><span style=\"font-weight: 400;\">Proche de la gare (\u00e0 une cinquantaine de m\u00e8tres), <\/span><b><a href=\"https:\/\/myallmeeting.com\/fr\/hotel\/a0a9-ibis-styles-hyeres-rooftop-spa\/\">cet Ibis Styles<\/a> est le lieu id\u00e9al si vous s\u00e9journez \u00e0 Hy\u00e8res<\/b><span style=\"font-weight: 400;\">. Calme, confortable, l\u2019\u00e9tablissement est dot\u00e9 de<\/span><b> 41 chambres climatis\u00e9es<\/b><span style=\"font-weight: 400;\">, <\/span><b>avec comme design le th\u00e8me du voyage<\/b><span style=\"font-weight: 400;\">. Son bar, sa terrasse panoramique, sa salle de r\u00e9union, son spa jacuzzi et sauna sont autant d\u2019atouts qui rendront votre s\u00e9jour inoubliable.\u00a0<\/span><\/p>\n<p><span style=\"font-weight: 400;\">Vous pr\u00e9f\u00e9rez les promenades ? N\u2019h\u00e9sitez pas \u00e0 profiter de la mer, des palmiers et des 300 jours de soleil par an. Pourquoi ne pas non plus visiter le Mus\u00e9e de la banque ? Ou \u00e0 vous rendre sur la plage de l\u2019Almanarre, paradis des aficionados de sports de voile ? Dans tous les cas, d\u00e9tente garantie ! <\/span><\/p>\n\t\t\t\t\t<\/div>\n\t\t\t\t\t\t\t\t\t<\/div>\n\t\t\t<\/div>        \n\t\t<\/div>\n\t<\/div>\n<\/div>\n<!-- END OF : Composant : block-periscope-theme-section-composant-33-texte-image.php -->\n\n\n<!-- START OF : Composant : block-periscope-theme-section-composant-33-texte-image.php -->\n<!-- INVERSE -->\n<div class=\"text-image fs-wysiwyg mb-8 mb-lg-12\" data-component=\"33-texte-image\" data-reverse=\"oui\">\n\t<div class=\"container-fluid\" style=\"--bs-gutter-x: 0\">\n\t\t<div class=\"row\" style=\"--bs-gutter-x: 0\">\n\t\t\t<div class=\"col-lg-6\">\n\t\t\t\t<div class=\"text-image__content\">\n\t\t\t\t\t\t\t\t\t\t<div class=\"fw-semibold lh-xs fs-20 fs-lg-32 ls--25 mb-5\">Pullman Cannes Mandelieu Royal Casino<\/div>\n\t\t\t\t\t\t\t\t\t\t\t\t\t\t\t<div class=\"fs-wysiwyg\">\n\t\t\t\t\t\t<p><span style=\"font-weight: 400;\">Croisette et paillettes, sport et cuisine raffin\u00e9e sont les promesses que vous offre <a href=\"https:\/\/myallmeeting.com\/fr\/hotel\/1168-pullman-cannes-mandelieu-royal-casino\/\">cet h\u00f4tel 4 \u00e9toiles<\/a>, \u00e0 seulement 20 km de l\u2019a\u00e9roport Nice-C\u00f4te d\u2019Azur. Face \u00e0 la baie de\u00a0<\/span><b>Cannes<\/b><span style=\"font-weight: 400;\">, <\/span><b>les 213 chambres profitent toutes d\u2019une vue magnifique sur la mer<\/b><span style=\"font-weight: 400;\">, <\/span><b>sur le golf ou l\u2019arri\u00e8re-pays<\/b><span style=\"font-weight: 400;\">.\u00a0<\/span><\/p>\n<p><span style=\"font-weight: 400;\">Piscine en plein air, court de tennis, restaurant, bars, casino, discoth\u00e8que, terrasse surplomblant la mer\u2026 Sans compter les 19 salles de r\u00e9union pouvant accueillir plus de 600 personnes et dont l\u2019utilisation vous est facilit\u00e9e par un <\/span><i><span style=\"font-weight: 400;\">event manager<\/span><\/i><span style=\"font-weight: 400;\"> et un <\/span><i><span style=\"font-weight: 400;\">IT solutions manager<\/span><\/i><span style=\"font-weight: 400;\">\u00a0: le lieu id\u00e9al pour un <\/span><b>\u00e9v\u00e9nement d\u2019envergure<\/b><span style=\"font-weight: 400;\">.<\/span><\/p>\n\t\t\t\t\t<\/div>\n\t\t\t\t\t\t\t\t\t<\/div>\n\t\t\t<\/div>    \n\t\t\t    \n\t\t\t<div class=\"col-lg-6 order-first order-lg-last mb-7 mb-lg-0\">\n\t\t\t\t<img decoding=\"async\" src=\"https:\/\/www.myallmeeting.com\/wp-content\/uploads\/2020\/02\/6883-48-953x600.jpg\" width=\"953\" height=\"600\" alt=\"\" loading=\"lazy\" class=\"w-100\" \/>\n\t\t\t<\/div>\n\t\t\t\t\t<\/div>\n\t<\/div>\n<\/div>\n<!-- END OF : Composant : block-periscope-theme-section-composant-33-texte-image.php -->\n\n\n<!-- START OF : Composant : block-periscope-theme-section-composant-33-texte-image.php -->\n<div class=\"text-image fs-wysiwyg mb-8 mb-lg-12\" data-component=\"33-texte-image\">\n\t<div class=\"container-fluid\" style=\"--bs-gutter-x: 0\">\n\t\t<div class=\"row\" style=\"--bs-gutter-x: 0\">\n\t\t\t\t\t\t<div class=\"col-lg-6 mb-7 mb-lg-0\">\n\t\t\t\t<img decoding=\"async\" src=\"https:\/\/www.myallmeeting.com\/wp-content\/uploads\/2020\/02\/6751-33-953x600.jpg\" width=\"953\" height=\"600\" alt=\"\" loading=\"lazy\" class=\"w-100\" \/>\n\t\t\t<\/div>\n\t\t\t\t\t\t<div class=\"col-lg-6\">\n\t\t\t\t<div class=\"text-image__content\">\n\t\t\t\t\t\t\t\t\t\t<div class=\"fw-semibold lh-xs fs-20 fs-lg-32 ls--25 mb-5\">Novotel Antibes Sophia Antipolis<\/div>\n\t\t\t\t\t\t\t\t\t\t\t\t\t\t\t<div class=\"fs-wysiwyg\">\n\t\t\t\t\t\t<p><span style=\"font-weight: 400;\">Dans <a href=\"https:\/\/myallmeeting.com\/fr\/hotel\/0398-novotel-antibes-sophia-antipolis\/\">cet h\u00f4tel 4 \u00e9toiles<\/a>, vous pouvez r\u00e9unir <\/span><b>jusqu\u2019\u00e0 230 personnes<\/b><span style=\"font-weight: 400;\">, en profitant des multiples configurations que vous offrent <\/span><b>les 9 salles de r\u00e9union<\/b><span style=\"font-weight: 400;\">, toutes baign\u00e9es de la lumi\u00e8re du jour. D\u2019autant plus attractif que vous serez dans le calme d\u2019un oc\u00e9an de verdure, <\/span><b>au c\u0153ur de la technopole Sophia Antipolis<\/b><span style=\"font-weight: 400;\">, \u00e0 seulement 20 km de l\u2019a\u00e9roport Nice-C\u00f4te d\u2019Azur.\u00a0<\/span><\/p>\n<p><span style=\"font-weight: 400;\">Spacieuses et d\u00e9cor\u00e9es dans un esprit contemporain sobre et chic, <\/span><b>les 97 chambres forment un \u00e9crin discret et raffin\u00e9<\/b><span style=\"font-weight: 400;\">, compl\u00e9t\u00e9 par une piscine en plein air et, bien s\u00fbr, un restaurant et un bar.<\/span><\/p>\n\t\t\t\t\t<\/div>\n\t\t\t\t\t\t\t\t\t<\/div>\n\t\t\t<\/div>        \n\t\t<\/div>\n\t<\/div>\n<\/div>\n<!-- END OF : Composant : block-periscope-theme-section-composant-33-texte-image.php -->\n","protected":false},"excerpt":{"rendered":"<p>D\u00e9couvrez nos h\u00f4tels face \u00e0 la M\u00e9diterran\u00e9e pour un s\u00e9minaire sal\u00e9.<\/p>\n","protected":false},"featured_media":16004690,"menu_order":0,"template":"","periscope_categorie_tax":[1648],"class_list":["post-15226700","article","type-article","status-publish","has-post-thumbnail","hentry","periscope_categorie_tax-tous-nos-tops-selections"],"acf":[],"yoast_head":"<title>Un s\u00e9minaire avec vue sur la M\u00e9diterran\u00e9e - Accor MyAllMeeting.com<\/title>\n<meta name=\"robots\" content=\"index, follow, max-snippet:-1, max-image-preview:large, max-video-preview:-1\" \/>\n<link rel=\"canonical\" href=\"https:\/\/www.myallmeeting.com\/fr\/wp-json\/wp\/v2\/article\/15226700\" \/>\n<meta property=\"og:locale\" content=\"fr_FR\" \/>\n<meta property=\"og:type\" content=\"article\" \/>\n<meta property=\"og:title\" content=\"Un s\u00e9minaire avec vue sur la M\u00e9diterran\u00e9e - Accor MyAllMeeting.com\" \/>\n<meta property=\"og:description\" content=\"D\u00e9couvrez nos h\u00f4tels face \u00e0 la M\u00e9diterran\u00e9e pour un s\u00e9minaire sal\u00e9.\" \/>\n<meta property=\"og:url\" content=\"https:\/\/www.myallmeeting.com\/fr\/article\/un-seminaire-avec-vue-sur-la-mediterranee\/\" \/>\n<meta property=\"og:site_name\" content=\"Accor MyAllMeeting.com\" \/>\n<meta property=\"article:modified_time\" content=\"2024-07-22T13:31:53+00:00\" \/>\n<meta property=\"og:image\" content=\"https:\/\/www.myallmeeting.com\/wp-content\/uploads\/2020\/02\/Antibes-1024x304.png\" \/>\n\t<meta property=\"og:image:width\" content=\"1024\" \/>\n\t<meta property=\"og:image:height\" content=\"304\" \/>\n\t<meta property=\"og:image:type\" content=\"image\/png\" \/>\n<meta name=\"twitter:card\" content=\"summary_large_image\" \/>\n<meta name=\"twitter:label1\" content=\"Dur\u00e9e de lecture estim\u00e9e\" \/>\n\t<meta name=\"twitter:data1\" content=\"5 minutes\" \/>\n<script type=\"application\/ld+json\" class=\"yoast-schema-graph\">{\"@context\":\"https:\/\/schema.org\",\"@graph\":[{\"@type\":\"WebPage\",\"@id\":\"https:\/\/www.myallmeeting.com\/fr\/article\/un-seminaire-avec-vue-sur-la-mediterranee\/\",\"url\":\"https:\/\/www.myallmeeting.com\/fr\/article\/un-seminaire-avec-vue-sur-la-mediterranee\/\",\"name\":\"Un s\u00e9minaire avec vue sur la M\u00e9diterran\u00e9e - Accor MyAllMeeting.com\",\"isPartOf\":{\"@id\":\"https:\/\/www.myallmeeting.com\/fr\/#website\"},\"primaryImageOfPage\":{\"@id\":\"https:\/\/www.myallmeeting.com\/fr\/article\/un-seminaire-avec-vue-sur-la-mediterranee\/#primaryimage\"},\"image\":{\"@id\":\"https:\/\/www.myallmeeting.com\/fr\/article\/un-seminaire-avec-vue-sur-la-mediterranee\/#primaryimage\"},\"thumbnailUrl\":\"https:\/\/www.myallmeeting.com\/wp-content\/uploads\/2020\/02\/Antibes.png\",\"datePublished\":\"2020-02-13T14:39:37+00:00\",\"dateModified\":\"2024-07-22T13:31:53+00:00\",\"breadcrumb\":{\"@id\":\"https:\/\/www.myallmeeting.com\/fr\/article\/un-seminaire-avec-vue-sur-la-mediterranee\/#breadcrumb\"},\"inLanguage\":\"fr-FR\",\"potentialAction\":[{\"@type\":\"ReadAction\",\"target\":[\"https:\/\/www.myallmeeting.com\/fr\/article\/un-seminaire-avec-vue-sur-la-mediterranee\/\"]}]},{\"@type\":\"ImageObject\",\"inLanguage\":\"fr-FR\",\"@id\":\"https:\/\/www.myallmeeting.com\/fr\/article\/un-seminaire-avec-vue-sur-la-mediterranee\/#primaryimage\",\"url\":\"https:\/\/www.myallmeeting.com\/wp-content\/uploads\/2020\/02\/Antibes.png\",\"contentUrl\":\"https:\/\/www.myallmeeting.com\/wp-content\/uploads\/2020\/02\/Antibes.png\",\"width\":1920,\"height\":570},{\"@type\":\"BreadcrumbList\",\"@id\":\"https:\/\/www.myallmeeting.com\/fr\/article\/un-seminaire-avec-vue-sur-la-mediterranee\/#breadcrumb\",\"itemListElement\":[{\"@type\":\"ListItem\",\"position\":1,\"name\":\"Accueil\",\"item\":\"https:\/\/myallmeeting.com\/fr\/\"},{\"@type\":\"ListItem\",\"position\":2,\"name\":\"Actualit\u00e9s\",\"item\":\"https:\/\/www.myallmeeting.com\/fr\/actualite\/\"},{\"@type\":\"ListItem\",\"position\":3,\"name\":\"Un s\u00e9minaire avec vue sur la M\u00e9diterran\u00e9e\"}]},{\"@type\":\"WebSite\",\"@id\":\"https:\/\/www.myallmeeting.com\/fr\/#website\",\"url\":\"https:\/\/www.myallmeeting.com\/fr\/\",\"name\":\"Accor MyAllMeeting.com\",\"description\":\"Les Meilleurs lieux pour vos Ev\u00e9nements Professionnels\",\"publisher\":{\"@id\":\"https:\/\/www.myallmeeting.com\/fr\/#organization\"},\"potentialAction\":[{\"@type\":\"SearchAction\",\"target\":{\"@type\":\"EntryPoint\",\"urlTemplate\":\"https:\/\/www.myallmeeting.com\/fr\/?s={search_term_string}\"},\"query-input\":{\"@type\":\"PropertyValueSpecification\",\"valueRequired\":true,\"valueName\":\"search_term_string\"}}],\"inLanguage\":\"fr-FR\"},{\"@type\":\"Organization\",\"@id\":\"https:\/\/www.myallmeeting.com\/fr\/#organization\",\"name\":\"ACCOR\",\"url\":\"https:\/\/www.myallmeeting.com\/fr\/\",\"logo\":{\"@type\":\"ImageObject\",\"inLanguage\":\"fr-FR\",\"@id\":\"https:\/\/www.myallmeeting.com\/fr\/#\/schema\/logo\/image\/\",\"url\":\"\",\"contentUrl\":\"\",\"caption\":\"ACCOR\"},\"image\":{\"@id\":\"https:\/\/www.myallmeeting.com\/fr\/#\/schema\/logo\/image\/\"}}]}<\/script>","yoast_head_json":{"title":"Un s\u00e9minaire avec vue sur la M\u00e9diterran\u00e9e - Accor MyAllMeeting.com","robots":{"index":"index","follow":"follow","max-snippet":"max-snippet:-1","max-image-preview":"max-image-preview:large","max-video-preview":"max-video-preview:-1"},"canonical":"https:\/\/www.myallmeeting.com\/fr\/wp-json\/wp\/v2\/article\/15226700","og_locale":"fr_FR","og_type":"article","og_title":"Un s\u00e9minaire avec vue sur la M\u00e9diterran\u00e9e - Accor MyAllMeeting.com","og_description":"D\u00e9couvrez nos h\u00f4tels face \u00e0 la M\u00e9diterran\u00e9e pour un s\u00e9minaire sal\u00e9.","og_url":"https:\/\/www.myallmeeting.com\/fr\/article\/un-seminaire-avec-vue-sur-la-mediterranee\/","og_site_name":"Accor MyAllMeeting.com","article_modified_time":"2024-07-22T13:31:53+00:00","og_image":[{"width":1024,"height":304,"url":"https:\/\/www.myallmeeting.com\/wp-content\/uploads\/2020\/02\/Antibes-1024x304.png","type":"image\/png"}],"twitter_card":"summary_large_image","twitter_misc":{"Dur\u00e9e de lecture estim\u00e9e":"5 minutes"},"schema":{"@context":"https:\/\/schema.org","@graph":[{"@type":"WebPage","@id":"https:\/\/www.myallmeeting.com\/fr\/article\/un-seminaire-avec-vue-sur-la-mediterranee\/","url":"https:\/\/www.myallmeeting.com\/fr\/article\/un-seminaire-avec-vue-sur-la-mediterranee\/","name":"Un s\u00e9minaire avec vue sur la M\u00e9diterran\u00e9e - Accor MyAllMeeting.com","isPartOf":{"@id":"https:\/\/www.myallmeeting.com\/fr\/#website"},"primaryImageOfPage":{"@id":"https:\/\/www.myallmeeting.com\/fr\/article\/un-seminaire-avec-vue-sur-la-mediterranee\/#primaryimage"},"image":{"@id":"https:\/\/www.myallmeeting.com\/fr\/article\/un-seminaire-avec-vue-sur-la-mediterranee\/#primaryimage"},"thumbnailUrl":"https:\/\/www.myallmeeting.com\/wp-content\/uploads\/2020\/02\/Antibes.png","datePublished":"2020-02-13T14:39:37+00:00","dateModified":"2024-07-22T13:31:53+00:00","breadcrumb":{"@id":"https:\/\/www.myallmeeting.com\/fr\/article\/un-seminaire-avec-vue-sur-la-mediterranee\/#breadcrumb"},"inLanguage":"fr-FR","potentialAction":[{"@type":"ReadAction","target":["https:\/\/www.myallmeeting.com\/fr\/article\/un-seminaire-avec-vue-sur-la-mediterranee\/"]}]},{"@type":"ImageObject","inLanguage":"fr-FR","@id":"https:\/\/www.myallmeeting.com\/fr\/article\/un-seminaire-avec-vue-sur-la-mediterranee\/#primaryimage","url":"https:\/\/www.myallmeeting.com\/wp-content\/uploads\/2020\/02\/Antibes.png","contentUrl":"https:\/\/www.myallmeeting.com\/wp-content\/uploads\/2020\/02\/Antibes.png","width":1920,"height":570},{"@type":"BreadcrumbList","@id":"https:\/\/www.myallmeeting.com\/fr\/article\/un-seminaire-avec-vue-sur-la-mediterranee\/#breadcrumb","itemListElement":[{"@type":"ListItem","position":1,"name":"Accueil","item":"https:\/\/myallmeeting.com\/fr\/"},{"@type":"ListItem","position":2,"name":"Actualit\u00e9s","item":"https:\/\/www.myallmeeting.com\/fr\/actualite\/"},{"@type":"ListItem","position":3,"name":"Un s\u00e9minaire avec vue sur la M\u00e9diterran\u00e9e"}]},{"@type":"WebSite","@id":"https:\/\/www.myallmeeting.com\/fr\/#website","url":"https:\/\/www.myallmeeting.com\/fr\/","name":"Accor MyAllMeeting.com","description":"Les Meilleurs lieux pour vos Ev\u00e9nements Professionnels","publisher":{"@id":"https:\/\/www.myallmeeting.com\/fr\/#organization"},"potentialAction":[{"@type":"SearchAction","target":{"@type":"EntryPoint","urlTemplate":"https:\/\/www.myallmeeting.com\/fr\/?s={search_term_string}"},"query-input":{"@type":"PropertyValueSpecification","valueRequired":true,"valueName":"search_term_string"}}],"inLanguage":"fr-FR"},{"@type":"Organization","@id":"https:\/\/www.myallmeeting.com\/fr\/#organization","name":"ACCOR","url":"https:\/\/www.myallmeeting.com\/fr\/","logo":{"@type":"ImageObject","inLanguage":"fr-FR","@id":"https:\/\/www.myallmeeting.com\/fr\/#\/schema\/logo\/image\/","url":"","contentUrl":"","caption":"ACCOR"},"image":{"@id":"https:\/\/www.myallmeeting.com\/fr\/#\/schema\/logo\/image\/"}}]}},"_links":{"self":[{"href":"https:\/\/www.myallmeeting.com\/fr\/wp-json\/wp\/v2\/article\/15226700","targetHints":{"allow":["GET"]}}],"collection":[{"href":"https:\/\/www.myallmeeting.com\/fr\/wp-json\/wp\/v2\/article"}],"about":[{"href":"https:\/\/www.myallmeeting.com\/fr\/wp-json\/wp\/v2\/types\/article"}],"wp:featuredmedia":[{"embeddable":true,"href":"https:\/\/www.myallmeeting.com\/fr\/wp-json\/wp\/v2\/media\/16004690"}],"wp:attachment":[{"href":"https:\/\/www.myallmeeting.com\/fr\/wp-json\/wp\/v2\/media?parent=15226700"}],"wp:term":[{"taxonomy":"periscope_categorie_tax","embeddable":true,"href":"https:\/\/www.myallmeeting.com\/fr\/wp-json\/wp\/v2\/periscope_categorie_tax?post=15226700"}],"curies":[{"name":"wp","href":"https:\/\/api.w.org\/{rel}","templated":true}]}}