{"id":15226699,"date":"2020-02-26T14:06:18","date_gmt":"2020-02-26T13:06:18","guid":{"rendered":"https:\/\/myallmeeting.com\/article\/un-seminaire-face-aux-embruns-au-pays-basque\/"},"modified":"2024-07-10T11:09:13","modified_gmt":"2024-07-10T09:09:13","slug":"un-seminaire-face-aux-embruns-au-pays-basque","status":"publish","type":"article","link":"https:\/\/www.myallmeeting.com\/fr\/article\/un-seminaire-face-aux-embruns-au-pays-basque\/","title":{"rendered":"Un s\u00e9minaire face aux embruns au Pays basque"},"content":{"rendered":"<!-- START OF : Composant : block-periscope-theme-section-composant-25-texte-cta-2-images.php -->\n<div class=\"tcta2ia bg-white fs-wysiwyg mb-lg-12\" data-component=\"25-texte-cta-2-images\">\n\t<div class=\"tcta2ia__top\">\n\t\t<div class=\"container-fluid\" style=\"--bs-gutter-x: 0\">\n\t\t\t<div class=\"row\" style=\"--bs-gutter-x: 0\">\n\t\t\t\t<div class=\"col-lg-8\">\n\t\t\t\t\t\t\t\t\t\t<div class=\"bloc-mise-en-avant__top__left\">\n\t\t\t\t\t\t<img decoding=\"async\" src=\"https:\/\/www.myallmeeting.com\/wp-content\/uploads\/2020\/02\/5541-34-1268x846.jpg\" class=\"pe-2 pe-lg-0\" width=\"1268\" height=\"846\" alt=\"\" loading=\"lazy\" \/>\n\t\t\t\t\t<\/div>\n\t\t\t\t\t\t\t\t\t\t<div class=\"tcta2ia__bottom d-none d-lg-block pb-12 pt-lg-9 pb-lg-0 pe-lg-10\">\n\t\t\t\t\t\t\t\t\t\t\t\t<h2 class=\"fs-20 fs-lg-32 fw-semibold\">Novotel Resort &amp; Spa Biarritz Anglet<\/h2>\n\t\t\t\t\t\t\t\t\t\t\t\t\t\t\t\t\t\t<div class=\"fs-wysiwyg\"><p><span style=\"font-weight: 400;\"><a href=\"https:\/\/myallmeeting.com\/fr\/hotel\/0994-novotel-resort-spa-biarritz-anglet\/\">Cet h\u00f4tel<\/a> 4 \u00e9toiles de\u00a0<\/span><b>104 chambres<\/b><span style=\"font-weight: 400;\">, avec restaurant, est situ\u00e9 dans une petite cit\u00e9 baln\u00e9aire tr\u00e8s pris\u00e9e, qui jouxte Biarritz. Entre\u00a0<\/span><b>le sauna, la salle de sport, les cabines de soins et la piscine chauff\u00e9e d\u2019avril \u00e0 octobre<\/b><span style=\"font-weight: 400;\">, vous \u00eates assur\u00e9(e) de ponctuer vos journ\u00e9es de travail de moments bien-\u00eatre et d\u00e9tente, si l\u2019oc\u00e9an atlantique et ses spots de surf ne vous ont pas attir\u00e9(e) avant\u00a0!\u00a0<\/span><\/p>\n<p><span style=\"font-weight: 400;\">D\u2019autant qu\u2019avec\u00a0<\/span><b>ses six salles de r\u00e9union<\/b><span style=\"font-weight: 400;\">, toutes baign\u00e9es par la lumi\u00e8re du jour, d\u2019<\/span><b>une surface maximum de 250 m\u00b2 et pouvant accueillir jusqu\u2019\u00e0 230 personnes<\/b><span style=\"font-weight: 400;\">, selon la configuration choisie, l\u2019h\u00f4tel est le lieu id\u00e9al pour l\u2019organisation d\u2019un s\u00e9minaire d\u2019envergure.<\/span><\/p>\n<\/div>\n\t\t\t\t\t\t\t\t\t\t\t\t<div class=\"d-flex flex-column flex-lg-row align-items-center gap-5 gap-lg-8 justify-content-between\">\n\t\t\t\t\t\t\t<div class=\"fs-20 fs-lg-26 fw-semibold lh-xs\"><\/div>\n\t\t\t\t\t\t\t\t\t\t\t\t\t<\/div>\n\t\t\t\t\t<\/div>\n\t\t\t\t<\/div>\n\t\t\t\t<div class=\"col-lg-4\">\n\t\t\t\t\t<div class=\"tcta2ia__top__right t-0 r-0 bg-primary text-white pt-4 pb-4 px-2 pt-lg-8 pb-lg-16 px-lg-11 pb-xl-30\">\n\t\t\t\t\t\t\t\t\t\t\t\t\t\t\t\t\t\t<h2 class=\"unna fs-36 fs-lg-51 fs-xl-75 fs-italic fw-normal text-secondary\">Un s\u00e9minaire face aux embruns au Pays basque<\/h2>\n\t\t\t\t\t\t\t\t\t\t\t\t\t\t\t\t\t\t<h3 class=\"text-white fs-18 fs-lg-20 fs-xl-28 text-original-case\">Voici notre s\u00e9lection d\u2019h\u00f4tels o\u00f9 tant l\u2019accueil que les services propos\u00e9s facilitent votre organisation.<\/h3>\n\t\t\t\t\t\t\t\t\t\t\t\t\t\t\t\t\t\t<div class=\"fs-wysiwyg mb-4 fs-lg-16 fs-xl-20\"><p>Avec ses immenses plages de sable fin, la c\u00f4te atlantique est majestueuse ! Juste avant l\u2019Espagne, elle se finit au Pays basque, une r\u00e9gion au caract\u00e8re bien tremp\u00e9, fi\u00e8re de son histoire et de sa beaut\u00e9. Facilement accessible gr\u00e2ce \u00e0 l\u2019a\u00e9roport de Biarritz et aux gares de Biarritz et Bayonne, c\u2019est l\u2019endroit id\u00e9al pour y vivre des s\u00e9minaires dynamiques, aussi relev\u00e9s que le piment d\u2019Espelette !<\/p>\n<\/div>\n\t\t\t\t\t\t\t\t\t\t\t\t\t\t\t\t\t\t\t\t\t\t\t\t<p class=\"m-0\"><img decoding=\"async\" src=\"https:\/\/www.myallmeeting.com\/wp-content\/uploads\/2020\/02\/4158-73-633x398.jpg\" class=\"position-relative l-0\" width=\"633\" height=\"398\" alt=\"\" loading=\"lazy\" \/><\/p>\n\t\t\t\t\t\t\t\t\t\t\t<\/div>\n\t\t\t\t<\/div>\n\t\t\t<\/div>\n\t\t<\/div>\n\t<\/div>\n\t<div class=\"tcta2ia__bottom d-lg-none pb-12 py-lg-9 pe-lg-10\">\n\t\t\t\t<div class=\"h2 fs-20 fs-lg-32 fw-semibold\">Novotel Resort &amp; Spa Biarritz Anglet<\/div>\n\t\t\t\t\t\t<div class=\"fs-wysiwyg\"><p><span style=\"font-weight: 400;\"><a href=\"https:\/\/myallmeeting.com\/fr\/hotel\/0994-novotel-resort-spa-biarritz-anglet\/\">Cet h\u00f4tel<\/a> 4 \u00e9toiles de\u00a0<\/span><b>104 chambres<\/b><span style=\"font-weight: 400;\">, avec restaurant, est situ\u00e9 dans une petite cit\u00e9 baln\u00e9aire tr\u00e8s pris\u00e9e, qui jouxte Biarritz. Entre\u00a0<\/span><b>le sauna, la salle de sport, les cabines de soins et la piscine chauff\u00e9e d\u2019avril \u00e0 octobre<\/b><span style=\"font-weight: 400;\">, vous \u00eates assur\u00e9(e) de ponctuer vos journ\u00e9es de travail de moments bien-\u00eatre et d\u00e9tente, si l\u2019oc\u00e9an atlantique et ses spots de surf ne vous ont pas attir\u00e9(e) avant\u00a0!\u00a0<\/span><\/p>\n<p><span style=\"font-weight: 400;\">D\u2019autant qu\u2019avec\u00a0<\/span><b>ses six salles de r\u00e9union<\/b><span style=\"font-weight: 400;\">, toutes baign\u00e9es par la lumi\u00e8re du jour, d\u2019<\/span><b>une surface maximum de 250 m\u00b2 et pouvant accueillir jusqu\u2019\u00e0 230 personnes<\/b><span style=\"font-weight: 400;\">, selon la configuration choisie, l\u2019h\u00f4tel est le lieu id\u00e9al pour l\u2019organisation d\u2019un s\u00e9minaire d\u2019envergure.<\/span><\/p>\n<\/div>\n\t\t\t\t<div class=\"d-flex flex-column flex-lg-row align-items-center gap-5 gap-lg-8 justify-content-between\">\n\t\t\t<div class=\"fs-20 fs-lg-26 fw-semibold lh-xs\"><\/div>\n\t\t\t\t\t<\/div>\n\t<\/div>\n<\/div>\n<!-- END OF : Composant : block-periscope-theme-section-composant-25-texte-cta-2-images.php -->\n\n\n<!-- START OF : Composant : block-periscope-theme-section-composant-33-texte-image.php -->\n<div class=\"text-image fs-wysiwyg mb-8 mb-lg-12\" data-component=\"33-texte-image\">\n\t<div class=\"container-fluid\" style=\"--bs-gutter-x: 0\">\n\t\t<div class=\"row\" style=\"--bs-gutter-x: 0\">\n\t\t\t\t\t\t<div class=\"col-lg-6 mb-7 mb-lg-0\">\n\t\t\t\t<img decoding=\"async\" src=\"https:\/\/www.myallmeeting.com\/wp-content\/uploads\/2020\/02\/3118-22-953x600.jpg\" width=\"953\" height=\"600\" alt=\"\" loading=\"lazy\" class=\"w-100\" \/>\n\t\t\t<\/div>\n\t\t\t\t\t\t<div class=\"col-lg-6\">\n\t\t\t\t<div class=\"text-image__content\">\n\t\t\t\t\t\t\t\t\t\t<div class=\"fw-semibold lh-xs fs-20 fs-lg-32 ls--25 mb-5\">Ibis Bayonne Centre<\/div>\n\t\t\t\t\t\t\t\t\t\t\t\t\t\t\t<div class=\"fs-wysiwyg\">\n\t\t\t\t\t\t<p><span style=\"font-weight: 400;\">Bayonne est une ville charg\u00e9e d\u2019histoire, dans laquelle d\u00e9ambuler est un plaisir pour les yeux\u00a0: au d\u00e9tour des rues, on y d\u00e9couvre des remparts, construits par Vauban au XVIIe, une cath\u00e9drale du XIVe, les fameuses ar\u00e8nes, l\u2019Adour\u2026 Au bord de laquelle les\u00a0<\/span><b>87 chambres<\/b><span style=\"font-weight: 400;\">\u00a0de l\u2019<a href=\"https:\/\/myallmeeting.com\/fr\/hotel\/1639-ibis-bayonne-centre\/\">Ibis Bayonne Centre<\/a> vous accueillent, en plein c\u0153ur de la ville.\u00a0<\/span><\/p>\n<p><span style=\"font-weight: 400;\">Un cadre porteur pour organiser\u00a0<\/span><b>un s\u00e9jour <\/b><b><i>incentive<\/i><\/b><b> \u00e0 taille humaine<\/b><span style=\"font-weight: 400;\">, entre travail et d\u00e9couverte.\u00a0<\/span><b>Deux salles de r\u00e9union, de 55 m\u00b2 chacune<\/b><span style=\"font-weight: 400;\">, sont mises \u00e0 votre disposition et vous pourrez prendre des forces, un cocktail \u00e0 la main,\u00a0<\/span><b>sur la terrasse paysag\u00e9e<\/b><span style=\"font-weight: 400;\">, ou au restaurant de l\u2019h\u00f4tel, avant de vous lancer en ville.<\/span><\/p>\n\t\t\t\t\t<\/div>\n\t\t\t\t\t\t\t\t\t<\/div>\n\t\t\t<\/div>        \n\t\t<\/div>\n\t<\/div>\n<\/div>\n<!-- END OF : Composant : block-periscope-theme-section-composant-33-texte-image.php -->\n\n\n<!-- START OF : Composant : block-periscope-theme-section-composant-33-texte-image.php -->\n<!-- INVERSE -->\n<div class=\"text-image fs-wysiwyg mb-8 mb-lg-12\" data-component=\"33-texte-image\" data-reverse=\"oui\">\n\t<div class=\"container-fluid\" style=\"--bs-gutter-x: 0\">\n\t\t<div class=\"row\" style=\"--bs-gutter-x: 0\">\n\t\t\t<div class=\"col-lg-6\">\n\t\t\t\t<div class=\"text-image__content\">\n\t\t\t\t\t\t\t\t\t\t<div class=\"fw-semibold lh-xs fs-20 fs-lg-32 ls--25 mb-5\">Sofitel Biarritz Le Miramar Thalassa sea &amp; spa<\/div>\n\t\t\t\t\t\t\t\t\t\t\t\t\t\t\t<div class=\"fs-wysiwyg\">\n\t\t\t\t\t\t<p><span style=\"font-weight: 400;\">Vue sur la mer, centre-ville de Biarritz et casino \u00e0 quelques pas, terrasse privative, piscine ext\u00e9rieure panoramique d\u2019eau de mer, institut de thalassoth\u00e9rapie, proximit\u00e9 de de San Sebastian et du Golf de Biarritz Le Phare \u2026 Ce cinq \u00e9toiles r\u00e9unit toutes les conditions pour un s\u00e9jour &#8211; familial ou d\u2019affaires &#8211; sur la c\u00f4te atlantique\u00a0 qui restera grav\u00e9 dans votre m\u00e9moire.\u00a0<\/span><\/p>\n<p><span style=\"font-weight: 400;\"><a href=\"https:\/\/myallmeeting.com\/fr\/hotel\/2049-sofitel-biarritz-le-miramar-thalassa-sea-spa\/\">Le Sofitel Biarritz<\/a> est le point de d\u00e9part id\u00e9al pour <\/span><b>d\u00e9couvrir, profiter, s\u2019impr\u00e9gner de l\u2019ambiance, de l\u2019histoire et de la culture basques<\/b><span style=\"font-weight: 400;\">. Pourquoi ne pas commencer par le restaurant de l\u2019h\u00f4tel ? Ses chefs se feront un plaisir de vous faire go\u00fbter aux sp\u00e9cialit\u00e9s locales.<\/span><\/p>\n\t\t\t\t\t<\/div>\n\t\t\t\t\t\t\t\t\t<\/div>\n\t\t\t<\/div>    \n\t\t\t    \n\t\t\t<div class=\"col-lg-6 order-first order-lg-last mb-7 mb-lg-0\">\n\t\t\t\t<img decoding=\"async\" src=\"https:\/\/www.myallmeeting.com\/wp-content\/uploads\/2020\/02\/1067-39-953x600.jpg\" width=\"953\" height=\"600\" alt=\"\" loading=\"lazy\" class=\"w-100\" \/>\n\t\t\t<\/div>\n\t\t\t\t\t<\/div>\n\t<\/div>\n<\/div>\n<!-- END OF : Composant : block-periscope-theme-section-composant-33-texte-image.php -->\n\n\n<!-- START OF : Composant : block-periscope-theme-section-composant-33-texte-image.php -->\n<div class=\"text-image fs-wysiwyg mb-8 mb-lg-12\" data-component=\"33-texte-image\">\n\t<div class=\"container-fluid\" style=\"--bs-gutter-x: 0\">\n\t\t<div class=\"row\" style=\"--bs-gutter-x: 0\">\n\t\t\t\t\t\t<div class=\"col-lg-6 mb-7 mb-lg-0\">\n\t\t\t\t<img decoding=\"async\" src=\"https:\/\/www.myallmeeting.com\/wp-content\/uploads\/2020\/02\/7194-77-953x600.jpg\" width=\"953\" height=\"600\" alt=\"\" loading=\"lazy\" class=\"w-100\" \/>\n\t\t\t<\/div>\n\t\t\t\t\t\t<div class=\"col-lg-6\">\n\t\t\t\t<div class=\"text-image__content\">\n\t\t\t\t\t\t\t\t\t\t<div class=\"fw-semibold lh-xs fs-20 fs-lg-32 ls--25 mb-5\">Jo &amp; Joe Hossegor<\/div>\n\t\t\t\t\t\t\t\t\t\t\t\t\t\t\t<div class=\"fs-wysiwyg\">\n\t\t\t\t\t\t<p><span style=\"font-weight: 400;\">Depuis deux ans, les\u00a0<\/span><span style=\"font-weight: 400;\">h\u00f4tels Jo &amp; Joe<\/span><span style=\"font-weight: 400;\">\u00a0proposent un nouveau concept qui\u00a0<\/span><b>r\u00e9volutionne l\u2019hospitalit\u00e9<\/b><span style=\"font-weight: 400;\">. On s\u2019y retrouve comme chez soi, et ici aussi les s\u00e9minaires peuvent s\u2019y organiser, en \u00ab\u00a0mode start-up\u00a0\u00bb, pour\u00a0<\/span><b>des \u00e9changes effervescents, bouillonnants, cr\u00e9atifs<\/b><span style=\"font-weight: 400;\">\u2026\u00a0<\/span><\/p>\n<p><span style=\"font-weight: 400;\">On peut y vivre des r\u00e9unions de travail constructives ou m\u00eame des s\u00e9ances <\/span><i><span style=\"font-weight: 400;\">team building<\/span><\/i><span style=\"font-weight: 400;\">, pourquoi pas autour de\u00a0<\/span><b>la cuisine\u00a0<\/b><span style=\"font-weight: 400;\">puisqu\u2019elle peut y \u00eatre\u00a0<\/span><b>collaborative<\/b><span style=\"font-weight: 400;\">\u00a0! \u00c0\u00a0<\/span><b>30 minutes au nord de Bayonne<\/b><span style=\"font-weight: 400;\">, le\u00a0<\/span><a href=\"https:\/\/myallmeeting.com\/fr\/hotel\/b0r3-jojoe-hossegor\/\"><span style=\"font-weight: 400;\">Jo &amp; Joe Hossegor<\/span><\/a><span style=\"font-weight: 400;\">, un vaste ensemble de style basco-landais, met \u00e0 votre disposition\u00a0<\/span><b>une salle de r\u00e9union de 40 m\u00b2<\/b><span style=\"font-weight: 400;\">.\u00a0Situ\u00e9 \u00e0 deux pas de la plage, il dispose \u00e9galement d\u2019u<\/span><b>n jardin de 1 000 m\u00b2<\/b><span style=\"font-weight: 400;\">\u00a0o\u00f9 se reposer loin des vagues tumultueuses de l\u2019Atlantique.<\/span><\/p>\n\t\t\t\t\t<\/div>\n\t\t\t\t\t\t\t\t\t<\/div>\n\t\t\t<\/div>        \n\t\t<\/div>\n\t<\/div>\n<\/div>\n<!-- END OF : Composant : block-periscope-theme-section-composant-33-texte-image.php -->\n","protected":false},"excerpt":{"rendered":"<p>Profitez des paysages et de la culture basque pour vos s\u00e9minaires gr\u00e2ce \u00e0 nos h\u00f4tels.<\/p>\n","protected":false},"featured_media":16034090,"menu_order":0,"template":"","periscope_categorie_tax":[1648],"class_list":["post-15226699","article","type-article","status-publish","has-post-thumbnail","hentry","periscope_categorie_tax-tous-nos-tops-selections"],"acf":[],"yoast_head":"<title>Un s\u00e9minaire face aux embruns au Pays basque - Accor MyAllMeeting.com<\/title>\n<meta name=\"robots\" content=\"index, follow, max-snippet:-1, max-image-preview:large, max-video-preview:-1\" \/>\n<link rel=\"canonical\" href=\"https:\/\/www.myallmeeting.com\/fr\/wp-json\/wp\/v2\/article\/15226699\" \/>\n<meta property=\"og:locale\" content=\"fr_FR\" \/>\n<meta property=\"og:type\" content=\"article\" \/>\n<meta property=\"og:title\" content=\"Un s\u00e9minaire face aux embruns au Pays basque - Accor MyAllMeeting.com\" \/>\n<meta property=\"og:description\" content=\"Profitez des paysages et de la culture basque pour vos s\u00e9minaires gr\u00e2ce \u00e0 nos h\u00f4tels.\" \/>\n<meta property=\"og:url\" content=\"https:\/\/www.myallmeeting.com\/fr\/article\/un-seminaire-face-aux-embruns-au-pays-basque\/\" \/>\n<meta property=\"og:site_name\" content=\"Accor MyAllMeeting.com\" \/>\n<meta property=\"article:modified_time\" content=\"2024-07-10T09:09:13+00:00\" \/>\n<meta property=\"og:image\" content=\"https:\/\/www.myallmeeting.com\/wp-content\/uploads\/2020\/02\/Biarritz.png\" \/>\n\t<meta property=\"og:image:width\" content=\"1920\" \/>\n\t<meta property=\"og:image:height\" content=\"570\" \/>\n\t<meta property=\"og:image:type\" content=\"image\/png\" \/>\n<meta name=\"twitter:card\" content=\"summary_large_image\" \/>\n<meta name=\"twitter:label1\" content=\"Dur\u00e9e de lecture estim\u00e9e\" \/>\n\t<meta name=\"twitter:data1\" content=\"5 minutes\" \/>\n<script type=\"application\/ld+json\" class=\"yoast-schema-graph\">{\"@context\":\"https:\/\/schema.org\",\"@graph\":[{\"@type\":\"WebPage\",\"@id\":\"https:\/\/www.myallmeeting.com\/fr\/article\/un-seminaire-face-aux-embruns-au-pays-basque\/\",\"url\":\"https:\/\/www.myallmeeting.com\/fr\/article\/un-seminaire-face-aux-embruns-au-pays-basque\/\",\"name\":\"Un s\u00e9minaire face aux embruns au Pays basque - Accor MyAllMeeting.com\",\"isPartOf\":{\"@id\":\"https:\/\/www.myallmeeting.com\/fr\/#website\"},\"primaryImageOfPage\":{\"@id\":\"https:\/\/www.myallmeeting.com\/fr\/article\/un-seminaire-face-aux-embruns-au-pays-basque\/#primaryimage\"},\"image\":{\"@id\":\"https:\/\/www.myallmeeting.com\/fr\/article\/un-seminaire-face-aux-embruns-au-pays-basque\/#primaryimage\"},\"thumbnailUrl\":\"https:\/\/www.myallmeeting.com\/wp-content\/uploads\/2020\/02\/Biarritz.png\",\"datePublished\":\"2020-02-26T13:06:18+00:00\",\"dateModified\":\"2024-07-10T09:09:13+00:00\",\"breadcrumb\":{\"@id\":\"https:\/\/www.myallmeeting.com\/fr\/article\/un-seminaire-face-aux-embruns-au-pays-basque\/#breadcrumb\"},\"inLanguage\":\"fr-FR\",\"potentialAction\":[{\"@type\":\"ReadAction\",\"target\":[\"https:\/\/www.myallmeeting.com\/fr\/article\/un-seminaire-face-aux-embruns-au-pays-basque\/\"]}]},{\"@type\":\"ImageObject\",\"inLanguage\":\"fr-FR\",\"@id\":\"https:\/\/www.myallmeeting.com\/fr\/article\/un-seminaire-face-aux-embruns-au-pays-basque\/#primaryimage\",\"url\":\"https:\/\/www.myallmeeting.com\/wp-content\/uploads\/2020\/02\/Biarritz.png\",\"contentUrl\":\"https:\/\/www.myallmeeting.com\/wp-content\/uploads\/2020\/02\/Biarritz.png\",\"width\":1920,\"height\":570},{\"@type\":\"BreadcrumbList\",\"@id\":\"https:\/\/www.myallmeeting.com\/fr\/article\/un-seminaire-face-aux-embruns-au-pays-basque\/#breadcrumb\",\"itemListElement\":[{\"@type\":\"ListItem\",\"position\":1,\"name\":\"Accueil\",\"item\":\"https:\/\/myallmeeting.com\/fr\/\"},{\"@type\":\"ListItem\",\"position\":2,\"name\":\"Actualit\u00e9s\",\"item\":\"https:\/\/www.myallmeeting.com\/fr\/actualite\/\"},{\"@type\":\"ListItem\",\"position\":3,\"name\":\"Un s\u00e9minaire face aux embruns au Pays basque\"}]},{\"@type\":\"WebSite\",\"@id\":\"https:\/\/www.myallmeeting.com\/fr\/#website\",\"url\":\"https:\/\/www.myallmeeting.com\/fr\/\",\"name\":\"Accor MyAllMeeting.com\",\"description\":\"Les Meilleurs lieux pour vos Ev\u00e9nements Professionnels\",\"publisher\":{\"@id\":\"https:\/\/www.myallmeeting.com\/fr\/#organization\"},\"potentialAction\":[{\"@type\":\"SearchAction\",\"target\":{\"@type\":\"EntryPoint\",\"urlTemplate\":\"https:\/\/www.myallmeeting.com\/fr\/?s={search_term_string}\"},\"query-input\":{\"@type\":\"PropertyValueSpecification\",\"valueRequired\":true,\"valueName\":\"search_term_string\"}}],\"inLanguage\":\"fr-FR\"},{\"@type\":\"Organization\",\"@id\":\"https:\/\/www.myallmeeting.com\/fr\/#organization\",\"name\":\"ACCOR\",\"url\":\"https:\/\/www.myallmeeting.com\/fr\/\",\"logo\":{\"@type\":\"ImageObject\",\"inLanguage\":\"fr-FR\",\"@id\":\"https:\/\/www.myallmeeting.com\/fr\/#\/schema\/logo\/image\/\",\"url\":\"\",\"contentUrl\":\"\",\"caption\":\"ACCOR\"},\"image\":{\"@id\":\"https:\/\/www.myallmeeting.com\/fr\/#\/schema\/logo\/image\/\"}}]}<\/script>","yoast_head_json":{"title":"Un s\u00e9minaire face aux embruns au Pays basque - Accor MyAllMeeting.com","robots":{"index":"index","follow":"follow","max-snippet":"max-snippet:-1","max-image-preview":"max-image-preview:large","max-video-preview":"max-video-preview:-1"},"canonical":"https:\/\/www.myallmeeting.com\/fr\/wp-json\/wp\/v2\/article\/15226699","og_locale":"fr_FR","og_type":"article","og_title":"Un s\u00e9minaire face aux embruns au Pays basque - Accor MyAllMeeting.com","og_description":"Profitez des paysages et de la culture basque pour vos s\u00e9minaires gr\u00e2ce \u00e0 nos h\u00f4tels.","og_url":"https:\/\/www.myallmeeting.com\/fr\/article\/un-seminaire-face-aux-embruns-au-pays-basque\/","og_site_name":"Accor MyAllMeeting.com","article_modified_time":"2024-07-10T09:09:13+00:00","og_image":[{"width":1920,"height":570,"url":"https:\/\/www.myallmeeting.com\/wp-content\/uploads\/2020\/02\/Biarritz.png","type":"image\/png"}],"twitter_card":"summary_large_image","twitter_misc":{"Dur\u00e9e de lecture estim\u00e9e":"5 minutes"},"schema":{"@context":"https:\/\/schema.org","@graph":[{"@type":"WebPage","@id":"https:\/\/www.myallmeeting.com\/fr\/article\/un-seminaire-face-aux-embruns-au-pays-basque\/","url":"https:\/\/www.myallmeeting.com\/fr\/article\/un-seminaire-face-aux-embruns-au-pays-basque\/","name":"Un s\u00e9minaire face aux embruns au Pays basque - Accor MyAllMeeting.com","isPartOf":{"@id":"https:\/\/www.myallmeeting.com\/fr\/#website"},"primaryImageOfPage":{"@id":"https:\/\/www.myallmeeting.com\/fr\/article\/un-seminaire-face-aux-embruns-au-pays-basque\/#primaryimage"},"image":{"@id":"https:\/\/www.myallmeeting.com\/fr\/article\/un-seminaire-face-aux-embruns-au-pays-basque\/#primaryimage"},"thumbnailUrl":"https:\/\/www.myallmeeting.com\/wp-content\/uploads\/2020\/02\/Biarritz.png","datePublished":"2020-02-26T13:06:18+00:00","dateModified":"2024-07-10T09:09:13+00:00","breadcrumb":{"@id":"https:\/\/www.myallmeeting.com\/fr\/article\/un-seminaire-face-aux-embruns-au-pays-basque\/#breadcrumb"},"inLanguage":"fr-FR","potentialAction":[{"@type":"ReadAction","target":["https:\/\/www.myallmeeting.com\/fr\/article\/un-seminaire-face-aux-embruns-au-pays-basque\/"]}]},{"@type":"ImageObject","inLanguage":"fr-FR","@id":"https:\/\/www.myallmeeting.com\/fr\/article\/un-seminaire-face-aux-embruns-au-pays-basque\/#primaryimage","url":"https:\/\/www.myallmeeting.com\/wp-content\/uploads\/2020\/02\/Biarritz.png","contentUrl":"https:\/\/www.myallmeeting.com\/wp-content\/uploads\/2020\/02\/Biarritz.png","width":1920,"height":570},{"@type":"BreadcrumbList","@id":"https:\/\/www.myallmeeting.com\/fr\/article\/un-seminaire-face-aux-embruns-au-pays-basque\/#breadcrumb","itemListElement":[{"@type":"ListItem","position":1,"name":"Accueil","item":"https:\/\/myallmeeting.com\/fr\/"},{"@type":"ListItem","position":2,"name":"Actualit\u00e9s","item":"https:\/\/www.myallmeeting.com\/fr\/actualite\/"},{"@type":"ListItem","position":3,"name":"Un s\u00e9minaire face aux embruns au Pays basque"}]},{"@type":"WebSite","@id":"https:\/\/www.myallmeeting.com\/fr\/#website","url":"https:\/\/www.myallmeeting.com\/fr\/","name":"Accor MyAllMeeting.com","description":"Les Meilleurs lieux pour vos Ev\u00e9nements Professionnels","publisher":{"@id":"https:\/\/www.myallmeeting.com\/fr\/#organization"},"potentialAction":[{"@type":"SearchAction","target":{"@type":"EntryPoint","urlTemplate":"https:\/\/www.myallmeeting.com\/fr\/?s={search_term_string}"},"query-input":{"@type":"PropertyValueSpecification","valueRequired":true,"valueName":"search_term_string"}}],"inLanguage":"fr-FR"},{"@type":"Organization","@id":"https:\/\/www.myallmeeting.com\/fr\/#organization","name":"ACCOR","url":"https:\/\/www.myallmeeting.com\/fr\/","logo":{"@type":"ImageObject","inLanguage":"fr-FR","@id":"https:\/\/www.myallmeeting.com\/fr\/#\/schema\/logo\/image\/","url":"","contentUrl":"","caption":"ACCOR"},"image":{"@id":"https:\/\/www.myallmeeting.com\/fr\/#\/schema\/logo\/image\/"}}]}},"_links":{"self":[{"href":"https:\/\/www.myallmeeting.com\/fr\/wp-json\/wp\/v2\/article\/15226699","targetHints":{"allow":["GET"]}}],"collection":[{"href":"https:\/\/www.myallmeeting.com\/fr\/wp-json\/wp\/v2\/article"}],"about":[{"href":"https:\/\/www.myallmeeting.com\/fr\/wp-json\/wp\/v2\/types\/article"}],"wp:featuredmedia":[{"embeddable":true,"href":"https:\/\/www.myallmeeting.com\/fr\/wp-json\/wp\/v2\/media\/16034090"}],"wp:attachment":[{"href":"https:\/\/www.myallmeeting.com\/fr\/wp-json\/wp\/v2\/media?parent=15226699"}],"wp:term":[{"taxonomy":"periscope_categorie_tax","embeddable":true,"href":"https:\/\/www.myallmeeting.com\/fr\/wp-json\/wp\/v2\/periscope_categorie_tax?post=15226699"}],"curies":[{"name":"wp","href":"https:\/\/api.w.org\/{rel}","templated":true}]}}