{"id":15226696,"date":"2020-04-08T11:48:31","date_gmt":"2020-04-08T09:48:31","guid":{"rendered":"https:\/\/myallmeeting.com\/article\/faites-petiller-votre-seminaire-en-champagne\/"},"modified":"2024-07-09T17:29:44","modified_gmt":"2024-07-09T15:29:44","slug":"faites-petiller-votre-seminaire-en-champagne","status":"publish","type":"article","link":"https:\/\/www.myallmeeting.com\/fr\/article\/faites-petiller-votre-seminaire-en-champagne\/","title":{"rendered":"Faites p\u00e9tiller votre s\u00e9minaire en Champagne"},"content":{"rendered":"<!-- START OF : Composant : block-periscope-theme-section-composant-25-texte-cta-2-images.php -->\n<div class=\"tcta2ia bg-white fs-wysiwyg mb-lg-12\" data-component=\"25-texte-cta-2-images\">\n\t<div class=\"tcta2ia__top\">\n\t\t<div class=\"container-fluid\" style=\"--bs-gutter-x: 0\">\n\t\t\t<div class=\"row\" style=\"--bs-gutter-x: 0\">\n\t\t\t\t<div class=\"col-lg-8\">\n\t\t\t\t\t\t\t\t\t\t<div class=\"bloc-mise-en-avant__top__left\">\n\t\t\t\t\t\t<img decoding=\"async\" src=\"https:\/\/www.myallmeeting.com\/wp-content\/uploads\/2020\/04\/6837-97-1268x846.jpg\" class=\"pe-2 pe-lg-0\" width=\"1268\" height=\"846\" alt=\"\" loading=\"lazy\" \/>\n\t\t\t\t\t<\/div>\n\t\t\t\t\t\t\t\t\t\t<div class=\"tcta2ia__bottom d-none d-lg-block pb-12 pt-lg-9 pb-lg-0 pe-lg-10\">\n\t\t\t\t\t\t\t\t\t\t\t\t<h2 class=\"fs-20 fs-lg-32 fw-semibold\">Novotel Reims Tinqueux<\/h2>\n\t\t\t\t\t\t\t\t\t\t\t\t\t\t\t\t\t\t<div class=\"fs-wysiwyg\"><p><span style=\"font-weight: 400;\">Cap sur Reims d\u2019abord. Vous vivez et travaillez en ville et aimeriez un environnement vert et a\u00e9r\u00e9 pour votre s\u00e9minaire\u00a0? Rendez-vous au <a href=\"https:\/\/myallmeeting.com\/fr\/hotel\/0428-novotel-reims-tinqueux\/\">Novotel Reims Tinqueux<\/a>. Tout en b\u00e9n\u00e9ficiant de la proximit\u00e9 de la ville puisqu\u2019il ne se trouve qu\u2019\u00e0\u00a0<\/span><b>10 km du centre de Reims<\/b><span style=\"font-weight: 400;\">, ce 4 \u00e9toiles est\u00a0<\/span><b>environn\u00e9 d\u2019espaces verts et met une piscine ext\u00e9rieure<\/b><span style=\"font-weight: 400;\">\u00a0\u00e0 votre disposition, fort appr\u00e9ciable en \u00e9t\u00e9.\u00a0<\/span><\/p>\n<p><span style=\"font-weight: 400;\">Ses\u00a0<\/span><b>127 chambres au design sobre et clair<\/b><span style=\"font-weight: 400;\">\u00a0offrent un bel espace, de 25 m<\/span><span style=\"font-weight: 400;\">\u00b2<\/span><span style=\"font-weight: 400;\">\u00a0minimum. Un environnement confortable qui, combin\u00e9 aux\u00a0<\/span><b>10 salles de r\u00e9union<\/b><span style=\"font-weight: 400;\">\u00a0<\/span><b>d\u2019une capacit\u00e9 maximum de 150 personnes<\/b><span style=\"font-weight: 400;\">, au bar et au restaurant, font de cet h\u00f4tel le lieu id\u00e9al pour allier travail et d\u00e9tente. Vous irez bien visiter une cave entre deux r\u00e9unions\u00a0?<\/span><\/p>\n<\/div>\n\t\t\t\t\t\t\t\t\t\t\t\t<div class=\"d-flex flex-column flex-lg-row align-items-center gap-5 gap-lg-8 justify-content-between\">\n\t\t\t\t\t\t\t<div class=\"fs-20 fs-lg-26 fw-semibold lh-xs\"><\/div>\n\t\t\t\t\t\t\t\t\t\t\t\t\t<\/div>\n\t\t\t\t\t<\/div>\n\t\t\t\t<\/div>\n\t\t\t\t<div class=\"col-lg-4\">\n\t\t\t\t\t<div class=\"tcta2ia__top__right t-0 r-0 bg-primary text-white pt-4 pb-4 px-2 pt-lg-8 pb-lg-16 px-lg-11 pb-xl-30\">\n\t\t\t\t\t\t\t\t\t\t\t\t\t\t\t\t\t\t<h2 class=\"unna fs-36 fs-lg-51 fs-xl-75 fs-italic fw-normal text-secondary\">Faites p\u00e9tiller votre s\u00e9minaire en Champagne<\/h2>\n\t\t\t\t\t\t\t\t\t\t\t\t\t\t\t\t\t\t<h3 class=\"text-white fs-18 fs-lg-20 fs-xl-28 text-original-case\">N\u2019avez-vous jamais pens\u00e9 \u00e0 buller\u2026 tout en travaillant ? Il n\u2019y a qu\u2019en Champagne que vous pourrez tenir cette promesse \u00e0 vos \u00e9quipes ! Les paysages de cette r\u00e9gion, parsem\u00e9e de vignes, de villes au patrimoine prestigieux et de caves c\u00e9l\u00e8bres, sont class\u00e9s au patrimoine mondial de l\u2019Unesco. <\/h3>\n\t\t\t\t\t\t\t\t\t\t\t\t\t\t\t\t\t\t<div class=\"fs-wysiwyg mb-4 fs-lg-16 fs-xl-20\"><p><span style=\"font-weight: 400;\">C\u2019est dire si la Champagne est dot\u00e9e de tous les attraits pour offrir \u00e0 vos r\u00e9unions\u00a0<\/span><b>un \u00e9crin au luxe discret<\/b><span style=\"font-weight: 400;\">. Nous avons s\u00e9lectionn\u00e9 pour vous quatre h\u00f4tels pour y organiser un \u00e9v\u00e9nement effervescent\u2026<\/span><\/p>\n<\/div>\n\t\t\t\t\t\t\t\t\t\t\t\t\t\t\t\t\t\t\t\t\t\t\t\t<p class=\"m-0\"><img decoding=\"async\" src=\"https:\/\/www.myallmeeting.com\/wp-content\/uploads\/2020\/04\/2983-53-633x398.jpg\" class=\"position-relative l-0\" width=\"633\" height=\"398\" alt=\"\" loading=\"lazy\" \/><\/p>\n\t\t\t\t\t\t\t\t\t\t\t<\/div>\n\t\t\t\t<\/div>\n\t\t\t<\/div>\n\t\t<\/div>\n\t<\/div>\n\t<div class=\"tcta2ia__bottom d-lg-none pb-12 py-lg-9 pe-lg-10\">\n\t\t\t\t<div class=\"h2 fs-20 fs-lg-32 fw-semibold\">Novotel Reims Tinqueux<\/div>\n\t\t\t\t\t\t<div class=\"fs-wysiwyg\"><p><span style=\"font-weight: 400;\">Cap sur Reims d\u2019abord. Vous vivez et travaillez en ville et aimeriez un environnement vert et a\u00e9r\u00e9 pour votre s\u00e9minaire\u00a0? Rendez-vous au <a href=\"https:\/\/myallmeeting.com\/fr\/hotel\/0428-novotel-reims-tinqueux\/\">Novotel Reims Tinqueux<\/a>. Tout en b\u00e9n\u00e9ficiant de la proximit\u00e9 de la ville puisqu\u2019il ne se trouve qu\u2019\u00e0\u00a0<\/span><b>10 km du centre de Reims<\/b><span style=\"font-weight: 400;\">, ce 4 \u00e9toiles est\u00a0<\/span><b>environn\u00e9 d\u2019espaces verts et met une piscine ext\u00e9rieure<\/b><span style=\"font-weight: 400;\">\u00a0\u00e0 votre disposition, fort appr\u00e9ciable en \u00e9t\u00e9.\u00a0<\/span><\/p>\n<p><span style=\"font-weight: 400;\">Ses\u00a0<\/span><b>127 chambres au design sobre et clair<\/b><span style=\"font-weight: 400;\">\u00a0offrent un bel espace, de 25 m<\/span><span style=\"font-weight: 400;\">\u00b2<\/span><span style=\"font-weight: 400;\">\u00a0minimum. Un environnement confortable qui, combin\u00e9 aux\u00a0<\/span><b>10 salles de r\u00e9union<\/b><span style=\"font-weight: 400;\">\u00a0<\/span><b>d\u2019une capacit\u00e9 maximum de 150 personnes<\/b><span style=\"font-weight: 400;\">, au bar et au restaurant, font de cet h\u00f4tel le lieu id\u00e9al pour allier travail et d\u00e9tente. Vous irez bien visiter une cave entre deux r\u00e9unions\u00a0?<\/span><\/p>\n<\/div>\n\t\t\t\t<div class=\"d-flex flex-column flex-lg-row align-items-center gap-5 gap-lg-8 justify-content-between\">\n\t\t\t<div class=\"fs-20 fs-lg-26 fw-semibold lh-xs\"><\/div>\n\t\t\t\t\t<\/div>\n\t<\/div>\n<\/div>\n<!-- END OF : Composant : block-periscope-theme-section-composant-25-texte-cta-2-images.php -->\n\n\n<!-- START OF : Composant : block-periscope-theme-section-composant-33-texte-image.php -->\n<div class=\"text-image fs-wysiwyg mb-8 mb-lg-12\" data-component=\"33-texte-image\">\n\t<div class=\"container-fluid\" style=\"--bs-gutter-x: 0\">\n\t\t<div class=\"row\" style=\"--bs-gutter-x: 0\">\n\t\t\t\t\t\t<div class=\"col-lg-6 mb-7 mb-lg-0\">\n\t\t\t\t<img decoding=\"async\" src=\"https:\/\/www.myallmeeting.com\/wp-content\/uploads\/2020\/04\/Mercure-Reims-Parc-des-Expositions-4-953x600.jpg\" width=\"953\" height=\"600\" alt=\"\" loading=\"lazy\" class=\"w-100\" \/>\n\t\t\t<\/div>\n\t\t\t\t\t\t<div class=\"col-lg-6\">\n\t\t\t\t<div class=\"text-image__content\">\n\t\t\t\t\t\t\t\t\t\t<div class=\"fw-semibold lh-xs fs-20 fs-lg-32 ls--25 mb-5\">Mercure Reims Parc des Expositions<\/div>\n\t\t\t\t\t\t\t\t\t\t\t\t\t\t\t<div class=\"fs-wysiwyg\">\n\t\t\t\t\t\t<p><span style=\"font-weight: 400;\">Un sentiment de bien-\u00eatre, c\u2019est ce que procure\u00a0 cet \u00e9tablissement d\u00e8s son arriv\u00e9e. Avec son style \u201cmaison d\u2019artiste\u201d, <a href=\"https:\/\/myallmeeting.com\/fr\/hotel\/0363-hotel-mercure-reims-parc-des-expositions\/\">l\u2019h\u00f4tel<\/a> expose, en effet, des \u0153uvres d\u2019artistes r\u00e9mois dans ses divers espaces. Mais ce n\u2019est pas son seul atout : <\/span><b>l\u2019h\u00f4tel est au carrefour de la vie et de l\u2019identit\u00e9 r\u00e9moises<\/b><span style=\"font-weight: 400;\">, en \u00e9tant proche du parc des Expositions, des grandes maisons de champagne, des gares TGV, mais aussi du march\u00e9 du Boulingrin et de la cath\u00e9drale.\u00a0<\/span><\/p>\n<p><span style=\"font-weight: 400;\">Un environnement parfait pour y organiser un \u00e9v\u00e9nement professionnel de qualit\u00e9. <\/span><b>Six salons, ainsi que 101 chambres lumineuses, sont pr\u00eats \u00e0 accueillir vos s\u00e9minaires ou comit\u00e9s de direction<\/b><span style=\"font-weight: 400;\">.\u00a0<\/span><\/p>\n<p><span style=\"font-weight: 400;\">Pour les moments de d\u00e9tente, <\/span><b>vos collaborateurs pourront profiter du bar-restaurant avec terrasse L\u2019ArTdoise Brasserie Maison<\/b><span style=\"font-weight: 400;\">, ainsi que d\u2019une piscine et d\u2019un jardin auxquels donne acc\u00e8s l\u2019h\u00f4tel.\u00a0<\/span><\/p>\n\t\t\t\t\t<\/div>\n\t\t\t\t\t\t\t\t\t<\/div>\n\t\t\t<\/div>        \n\t\t<\/div>\n\t<\/div>\n<\/div>\n<!-- END OF : Composant : block-periscope-theme-section-composant-33-texte-image.php -->\n\n\n<!-- START OF : Composant : block-periscope-theme-section-composant-33-texte-image.php -->\n<!-- INVERSE -->\n<div class=\"text-image fs-wysiwyg mb-8 mb-lg-12\" data-component=\"33-texte-image\" data-reverse=\"oui\">\n\t<div class=\"container-fluid\" style=\"--bs-gutter-x: 0\">\n\t\t<div class=\"row\" style=\"--bs-gutter-x: 0\">\n\t\t\t<div class=\"col-lg-6\">\n\t\t\t\t<div class=\"text-image__content\">\n\t\t\t\t\t\t\t\t\t\t<div class=\"fw-semibold lh-xs fs-20 fs-lg-32 ls--25 mb-5\">Ibis Ch\u00e2teau-Thierry<\/div>\n\t\t\t\t\t\t\t\t\t\t\t\t\t\t\t<div class=\"fs-wysiwyg\">\n\t\t\t\t\t\t<p><span style=\"font-weight: 400;\"><a href=\"https:\/\/myallmeeting.com\/fr\/hotel\/1042-ibis-chateau-thierry\/\">L\u2019Ibis Ch\u00e2teau-Thierry<\/a>, 3 \u00e9toiles, est situ\u00e9 l\u00e9g\u00e8rement en dehors de la ville.\u00a0<\/span><b>Ses deux salles de r\u00e9union<\/b><span style=\"font-weight: 400;\">\u00a0qui, ensemble, peuvent offrir\u00a0<\/span><b>une surface totale de 122 m<\/b><b>\u00b2<\/b><span style=\"font-weight: 400;\">, accueilleront vos s\u00e9minaires. Le plus\u00a0? Profiter d\u2019un moment de pause pour partir \u00e0 la d\u00e9couverte des environs qui vous r\u00e9serveront bien des surprises. Saviez-vous que les habitants de Ch\u00e2teau-Thierry se nomment\u2026 les Castelth\u00e9odoriciens\u00a0? Et que le plus c\u00e9l\u00e8bre d\u2019entre eux est le fabuliste Jean de la Fontaine\u00a0? Un lieu id\u00e9al pour imaginer un s\u00e9minaire \u00e0 th\u00e8me dans cette ville aux portes de la Champagne.<\/span><\/p>\n\t\t\t\t\t<\/div>\n\t\t\t\t\t\t\t\t\t<\/div>\n\t\t\t<\/div>    \n\t\t\t    \n\t\t\t<div class=\"col-lg-6 order-first order-lg-last mb-7 mb-lg-0\">\n\t\t\t\t<img decoding=\"async\" src=\"https:\/\/www.myallmeeting.com\/wp-content\/uploads\/2020\/04\/Ibis-Chateau-Thierry-3-953x600.jpg\" width=\"953\" height=\"600\" alt=\"\" loading=\"lazy\" class=\"w-100\" \/>\n\t\t\t<\/div>\n\t\t\t\t\t<\/div>\n\t<\/div>\n<\/div>\n<!-- END OF : Composant : block-periscope-theme-section-composant-33-texte-image.php -->\n\n\n<!-- START OF : Composant : block-periscope-theme-section-composant-33-texte-image.php -->\n<div class=\"text-image fs-wysiwyg mb-8 mb-lg-12\" data-component=\"33-texte-image\">\n\t<div class=\"container-fluid\" style=\"--bs-gutter-x: 0\">\n\t\t<div class=\"row\" style=\"--bs-gutter-x: 0\">\n\t\t\t\t\t\t<div class=\"col-lg-6 mb-7 mb-lg-0\">\n\t\t\t\t<img decoding=\"async\" src=\"https:\/\/www.myallmeeting.com\/wp-content\/uploads\/2020\/04\/Ibis-Styles-Chalons-en-Champagne-3-953x600.jpg\" width=\"953\" height=\"600\" alt=\"\" loading=\"lazy\" class=\"w-100\" \/>\n\t\t\t<\/div>\n\t\t\t\t\t\t<div class=\"col-lg-6\">\n\t\t\t\t<div class=\"text-image__content\">\n\t\t\t\t\t\t\t\t\t\t<div class=\"fw-semibold lh-xs fs-20 fs-lg-32 ls--25 mb-5\">Ibis Styles Ch\u00e2lons-en-Champagne<\/div>\n\t\t\t\t\t\t\t\t\t\t\t\t\t\t\t<div class=\"fs-wysiwyg\">\n\t\t\t\t\t\t<p><i><span style=\"font-weight: 400;\">\u00ab\u00a0Souffrant d\u2019insomnie, j\u2019\u00e9changerais un matelas de plumes contre un sommeil de plomb\u00a0\u00bb\u2026\u00a0<\/span><\/i><span style=\"font-weight: 400;\">Pierre Dac, le c\u00e9l\u00e8bre humoriste natif de la ville, n\u2019aurait peut-\u00eatre pas prononc\u00e9 cette phrase s\u2019il avait test\u00e9 le confort de l\u2019une des<\/span><b>\u00a070 chambres<\/b><span style=\"font-weight: 400;\">\u00a0de l<a href=\"https:\/\/myallmeeting.com\/fr\/hotel\/a212-ibis-styles-chalons-en-champagne-centre-opening-august-2017\/\">\u2019Ibis Styles Ch\u00e2lons-en-Champagne<\/a>\u2026 Ce 3 \u00e9toiles,\u00a0<\/span><b>situ\u00e9 au c\u0153ur de la ville<\/b><span style=\"font-weight: 400;\">, vous propose\u00a0<\/span><b>une salle de r\u00e9union, d\u2019une capacit\u00e9 de 25 personnes maximum<\/b><span style=\"font-weight: 400;\">.\u00a0<\/span><\/p>\n<p><span style=\"font-weight: 400;\">Apr\u00e8s une journ\u00e9e de travail, et une pause bienvenue au bar de l\u2019h\u00f4tel, vous pouvez partir \u00e0 l\u2019assaut des ruelles, dont certaines parcourues de canaux font parfois surnommer la ville la \u00ab\u00a0Venise p\u00e9tillante\u00a0\u00bb.<\/span><\/p>\n<p>&nbsp;<\/p>\n\t\t\t\t\t<\/div>\n\t\t\t\t\t\t\t\t\t<\/div>\n\t\t\t<\/div>        \n\t\t<\/div>\n\t<\/div>\n<\/div>\n<!-- END OF : Composant : block-periscope-theme-section-composant-33-texte-image.php -->\n","protected":false},"excerpt":{"rendered":"<p>D\u00e9couvrez la r\u00e9gion Champagne lors de vos s\u00e9minaires gr\u00e2ce \u00e0 nos h\u00f4tels.<\/p>\n","protected":false},"featured_media":15964706,"menu_order":0,"template":"","periscope_categorie_tax":[1648],"class_list":["post-15226696","article","type-article","status-publish","has-post-thumbnail","hentry","periscope_categorie_tax-tous-nos-tops-selections"],"acf":[],"yoast_head":"<title>Faites p\u00e9tiller votre s\u00e9minaire en Champagne - Accor MyAllMeeting.com<\/title>\n<meta name=\"robots\" content=\"index, follow, max-snippet:-1, max-image-preview:large, max-video-preview:-1\" \/>\n<link rel=\"canonical\" href=\"https:\/\/www.myallmeeting.com\/fr\/wp-json\/wp\/v2\/article\/15226696\" \/>\n<meta property=\"og:locale\" content=\"fr_FR\" \/>\n<meta property=\"og:type\" content=\"article\" \/>\n<meta property=\"og:title\" content=\"Faites p\u00e9tiller votre s\u00e9minaire en Champagne - Accor MyAllMeeting.com\" \/>\n<meta property=\"og:description\" content=\"D\u00e9couvrez la r\u00e9gion Champagne lors de vos s\u00e9minaires gr\u00e2ce \u00e0 nos h\u00f4tels.\" \/>\n<meta property=\"og:url\" content=\"https:\/\/www.myallmeeting.com\/fr\/article\/faites-petiller-votre-seminaire-en-champagne\/\" \/>\n<meta property=\"og:site_name\" content=\"Accor MyAllMeeting.com\" \/>\n<meta property=\"article:modified_time\" content=\"2024-07-09T15:29:44+00:00\" \/>\n<meta property=\"og:image\" content=\"http:\/\/myallmeeting.com\/wp-content\/uploads\/2020\/04\/MAM-imagery-1920-x-570-px-2.png\" \/>\n\t<meta property=\"og:image:width\" content=\"1920\" \/>\n\t<meta property=\"og:image:height\" content=\"570\" \/>\n\t<meta property=\"og:image:type\" content=\"image\/png\" \/>\n<meta name=\"twitter:card\" content=\"summary_large_image\" \/>\n<meta name=\"twitter:label1\" content=\"Dur\u00e9e de lecture estim\u00e9e\" \/>\n\t<meta name=\"twitter:data1\" content=\"5 minutes\" \/>\n<script type=\"application\/ld+json\" class=\"yoast-schema-graph\">{\"@context\":\"https:\/\/schema.org\",\"@graph\":[{\"@type\":\"WebPage\",\"@id\":\"https:\/\/www.myallmeeting.com\/fr\/article\/faites-petiller-votre-seminaire-en-champagne\/\",\"url\":\"https:\/\/www.myallmeeting.com\/fr\/article\/faites-petiller-votre-seminaire-en-champagne\/\",\"name\":\"Faites p\u00e9tiller votre s\u00e9minaire en Champagne - Accor MyAllMeeting.com\",\"isPartOf\":{\"@id\":\"https:\/\/www.myallmeeting.com\/fr\/#website\"},\"primaryImageOfPage\":{\"@id\":\"https:\/\/www.myallmeeting.com\/fr\/article\/faites-petiller-votre-seminaire-en-champagne\/#primaryimage\"},\"image\":{\"@id\":\"https:\/\/www.myallmeeting.com\/fr\/article\/faites-petiller-votre-seminaire-en-champagne\/#primaryimage\"},\"thumbnailUrl\":\"https:\/\/www.myallmeeting.com\/wp-content\/uploads\/2020\/04\/MAM-imagery-1920-x-570-px-2.png\",\"datePublished\":\"2020-04-08T09:48:31+00:00\",\"dateModified\":\"2024-07-09T15:29:44+00:00\",\"breadcrumb\":{\"@id\":\"https:\/\/www.myallmeeting.com\/fr\/article\/faites-petiller-votre-seminaire-en-champagne\/#breadcrumb\"},\"inLanguage\":\"fr-FR\",\"potentialAction\":[{\"@type\":\"ReadAction\",\"target\":[\"https:\/\/www.myallmeeting.com\/fr\/article\/faites-petiller-votre-seminaire-en-champagne\/\"]}]},{\"@type\":\"ImageObject\",\"inLanguage\":\"fr-FR\",\"@id\":\"https:\/\/www.myallmeeting.com\/fr\/article\/faites-petiller-votre-seminaire-en-champagne\/#primaryimage\",\"url\":\"https:\/\/www.myallmeeting.com\/wp-content\/uploads\/2020\/04\/MAM-imagery-1920-x-570-px-2.png\",\"contentUrl\":\"https:\/\/www.myallmeeting.com\/wp-content\/uploads\/2020\/04\/MAM-imagery-1920-x-570-px-2.png\",\"width\":1920,\"height\":570,\"caption\":\"Row vine green grape in champagne vineyards at montagne de reims\"},{\"@type\":\"BreadcrumbList\",\"@id\":\"https:\/\/www.myallmeeting.com\/fr\/article\/faites-petiller-votre-seminaire-en-champagne\/#breadcrumb\",\"itemListElement\":[{\"@type\":\"ListItem\",\"position\":1,\"name\":\"Accueil\",\"item\":\"https:\/\/myallmeeting.com\/fr\/\"},{\"@type\":\"ListItem\",\"position\":2,\"name\":\"Actualit\u00e9s\",\"item\":\"https:\/\/www.myallmeeting.com\/fr\/actualite\/\"},{\"@type\":\"ListItem\",\"position\":3,\"name\":\"Faites p\u00e9tiller votre s\u00e9minaire en Champagne\"}]},{\"@type\":\"WebSite\",\"@id\":\"https:\/\/www.myallmeeting.com\/fr\/#website\",\"url\":\"https:\/\/www.myallmeeting.com\/fr\/\",\"name\":\"Accor MyAllMeeting.com\",\"description\":\"Les Meilleurs lieux pour vos Ev\u00e9nements Professionnels\",\"publisher\":{\"@id\":\"https:\/\/www.myallmeeting.com\/fr\/#organization\"},\"potentialAction\":[{\"@type\":\"SearchAction\",\"target\":{\"@type\":\"EntryPoint\",\"urlTemplate\":\"https:\/\/www.myallmeeting.com\/fr\/?s={search_term_string}\"},\"query-input\":{\"@type\":\"PropertyValueSpecification\",\"valueRequired\":true,\"valueName\":\"search_term_string\"}}],\"inLanguage\":\"fr-FR\"},{\"@type\":\"Organization\",\"@id\":\"https:\/\/www.myallmeeting.com\/fr\/#organization\",\"name\":\"ACCOR\",\"url\":\"https:\/\/www.myallmeeting.com\/fr\/\",\"logo\":{\"@type\":\"ImageObject\",\"inLanguage\":\"fr-FR\",\"@id\":\"https:\/\/www.myallmeeting.com\/fr\/#\/schema\/logo\/image\/\",\"url\":\"\",\"contentUrl\":\"\",\"caption\":\"ACCOR\"},\"image\":{\"@id\":\"https:\/\/www.myallmeeting.com\/fr\/#\/schema\/logo\/image\/\"}}]}<\/script>","yoast_head_json":{"title":"Faites p\u00e9tiller votre s\u00e9minaire en Champagne - Accor MyAllMeeting.com","robots":{"index":"index","follow":"follow","max-snippet":"max-snippet:-1","max-image-preview":"max-image-preview:large","max-video-preview":"max-video-preview:-1"},"canonical":"https:\/\/www.myallmeeting.com\/fr\/wp-json\/wp\/v2\/article\/15226696","og_locale":"fr_FR","og_type":"article","og_title":"Faites p\u00e9tiller votre s\u00e9minaire en Champagne - Accor MyAllMeeting.com","og_description":"D\u00e9couvrez la r\u00e9gion Champagne lors de vos s\u00e9minaires gr\u00e2ce \u00e0 nos h\u00f4tels.","og_url":"https:\/\/www.myallmeeting.com\/fr\/article\/faites-petiller-votre-seminaire-en-champagne\/","og_site_name":"Accor MyAllMeeting.com","article_modified_time":"2024-07-09T15:29:44+00:00","og_image":[{"width":1920,"height":570,"url":"http:\/\/myallmeeting.com\/wp-content\/uploads\/2020\/04\/MAM-imagery-1920-x-570-px-2.png","type":"image\/png"}],"twitter_card":"summary_large_image","twitter_misc":{"Dur\u00e9e de lecture estim\u00e9e":"5 minutes"},"schema":{"@context":"https:\/\/schema.org","@graph":[{"@type":"WebPage","@id":"https:\/\/www.myallmeeting.com\/fr\/article\/faites-petiller-votre-seminaire-en-champagne\/","url":"https:\/\/www.myallmeeting.com\/fr\/article\/faites-petiller-votre-seminaire-en-champagne\/","name":"Faites p\u00e9tiller votre s\u00e9minaire en Champagne - Accor MyAllMeeting.com","isPartOf":{"@id":"https:\/\/www.myallmeeting.com\/fr\/#website"},"primaryImageOfPage":{"@id":"https:\/\/www.myallmeeting.com\/fr\/article\/faites-petiller-votre-seminaire-en-champagne\/#primaryimage"},"image":{"@id":"https:\/\/www.myallmeeting.com\/fr\/article\/faites-petiller-votre-seminaire-en-champagne\/#primaryimage"},"thumbnailUrl":"https:\/\/www.myallmeeting.com\/wp-content\/uploads\/2020\/04\/MAM-imagery-1920-x-570-px-2.png","datePublished":"2020-04-08T09:48:31+00:00","dateModified":"2024-07-09T15:29:44+00:00","breadcrumb":{"@id":"https:\/\/www.myallmeeting.com\/fr\/article\/faites-petiller-votre-seminaire-en-champagne\/#breadcrumb"},"inLanguage":"fr-FR","potentialAction":[{"@type":"ReadAction","target":["https:\/\/www.myallmeeting.com\/fr\/article\/faites-petiller-votre-seminaire-en-champagne\/"]}]},{"@type":"ImageObject","inLanguage":"fr-FR","@id":"https:\/\/www.myallmeeting.com\/fr\/article\/faites-petiller-votre-seminaire-en-champagne\/#primaryimage","url":"https:\/\/www.myallmeeting.com\/wp-content\/uploads\/2020\/04\/MAM-imagery-1920-x-570-px-2.png","contentUrl":"https:\/\/www.myallmeeting.com\/wp-content\/uploads\/2020\/04\/MAM-imagery-1920-x-570-px-2.png","width":1920,"height":570,"caption":"Row vine green grape in champagne vineyards at montagne de reims"},{"@type":"BreadcrumbList","@id":"https:\/\/www.myallmeeting.com\/fr\/article\/faites-petiller-votre-seminaire-en-champagne\/#breadcrumb","itemListElement":[{"@type":"ListItem","position":1,"name":"Accueil","item":"https:\/\/myallmeeting.com\/fr\/"},{"@type":"ListItem","position":2,"name":"Actualit\u00e9s","item":"https:\/\/www.myallmeeting.com\/fr\/actualite\/"},{"@type":"ListItem","position":3,"name":"Faites p\u00e9tiller votre s\u00e9minaire en Champagne"}]},{"@type":"WebSite","@id":"https:\/\/www.myallmeeting.com\/fr\/#website","url":"https:\/\/www.myallmeeting.com\/fr\/","name":"Accor MyAllMeeting.com","description":"Les Meilleurs lieux pour vos Ev\u00e9nements Professionnels","publisher":{"@id":"https:\/\/www.myallmeeting.com\/fr\/#organization"},"potentialAction":[{"@type":"SearchAction","target":{"@type":"EntryPoint","urlTemplate":"https:\/\/www.myallmeeting.com\/fr\/?s={search_term_string}"},"query-input":{"@type":"PropertyValueSpecification","valueRequired":true,"valueName":"search_term_string"}}],"inLanguage":"fr-FR"},{"@type":"Organization","@id":"https:\/\/www.myallmeeting.com\/fr\/#organization","name":"ACCOR","url":"https:\/\/www.myallmeeting.com\/fr\/","logo":{"@type":"ImageObject","inLanguage":"fr-FR","@id":"https:\/\/www.myallmeeting.com\/fr\/#\/schema\/logo\/image\/","url":"","contentUrl":"","caption":"ACCOR"},"image":{"@id":"https:\/\/www.myallmeeting.com\/fr\/#\/schema\/logo\/image\/"}}]}},"_links":{"self":[{"href":"https:\/\/www.myallmeeting.com\/fr\/wp-json\/wp\/v2\/article\/15226696","targetHints":{"allow":["GET"]}}],"collection":[{"href":"https:\/\/www.myallmeeting.com\/fr\/wp-json\/wp\/v2\/article"}],"about":[{"href":"https:\/\/www.myallmeeting.com\/fr\/wp-json\/wp\/v2\/types\/article"}],"wp:featuredmedia":[{"embeddable":true,"href":"https:\/\/www.myallmeeting.com\/fr\/wp-json\/wp\/v2\/media\/15964706"}],"wp:attachment":[{"href":"https:\/\/www.myallmeeting.com\/fr\/wp-json\/wp\/v2\/media?parent=15226696"}],"wp:term":[{"taxonomy":"periscope_categorie_tax","embeddable":true,"href":"https:\/\/www.myallmeeting.com\/fr\/wp-json\/wp\/v2\/periscope_categorie_tax?post=15226696"}],"curies":[{"name":"wp","href":"https:\/\/api.w.org\/{rel}","templated":true}]}}