{"id":15226695,"date":"2020-04-14T10:15:30","date_gmt":"2020-04-14T08:15:30","guid":{"rendered":"https:\/\/myallmeeting.com\/article\/un-seminaire-au-pays-des-cigales\/"},"modified":"2024-07-10T10:13:58","modified_gmt":"2024-07-10T08:13:58","slug":"un-seminaire-au-pays-des-cigales","status":"publish","type":"article","link":"https:\/\/www.myallmeeting.com\/fr\/article\/un-seminaire-au-pays-des-cigales\/","title":{"rendered":"Un s\u00e9minaire au pays des cigales"},"content":{"rendered":"<!-- START OF : Composant : block-periscope-theme-section-composant-25-texte-cta-2-images.php -->\n<div class=\"tcta2ia bg-white fs-wysiwyg mb-lg-12\" data-component=\"25-texte-cta-2-images\">\n\t<div class=\"tcta2ia__top\">\n\t\t<div class=\"container-fluid\" style=\"--bs-gutter-x: 0\">\n\t\t\t<div class=\"row\" style=\"--bs-gutter-x: 0\">\n\t\t\t\t<div class=\"col-lg-8\">\n\t\t\t\t\t\t\t\t\t\t<div class=\"bloc-mise-en-avant__top__left\">\n\t\t\t\t\t\t<img decoding=\"async\" src=\"https:\/\/www.myallmeeting.com\/wp-content\/uploads\/2020\/04\/5790-47-1268x846.jpg\" class=\"pe-2 pe-lg-0\" width=\"1268\" height=\"846\" alt=\"\" loading=\"lazy\" \/>\n\t\t\t\t\t<\/div>\n\t\t\t\t\t\t\t\t\t\t<div class=\"tcta2ia__bottom d-none d-lg-block pb-12 pt-lg-9 pb-lg-0 pe-lg-10\">\n\t\t\t\t\t\t\t\t\t\t\t\t<h2 class=\"fs-20 fs-lg-32 fw-semibold\">Grand H\u00f4tel Roi Ren\u00e9 Aix-en-Provence Centre \u2013 MGallery<\/h2>\n\t\t\t\t\t\t\t\t\t\t\t\t\t\t\t\t\t\t<div class=\"fs-wysiwyg\"><p><span style=\"font-weight: 400;\">Avec sa pierre blonde, ses h\u00f4tels particuliers, ses fontaines\u2026\u00a0<\/span><b>Aix-en-Provence<\/b><span style=\"font-weight: 400;\">\u00a0est une ville o\u00f9 l\u2019on d\u00e9ambule avec d\u00e9lice. L\u2019ancienne capitale de la Provence respire\u00a0<\/span><b>l\u2019opulence discr\u00e8te, l\u2019\u00e9crin id\u00e9al pour un s\u00e9minaire haut de gamme<\/b><span style=\"font-weight: 400;\">.\u00a0<\/span><\/p>\n<p><span style=\"font-weight: 400;\">Au c\u0153ur de la ville, \u00e0 deux pas du cours Mirabeau, <a href=\"https:\/\/myallmeeting.com\/fr\/hotel\/1169-gh-roi-rene-mgallery\/\">le 4 \u00e9toiles MGallery<\/a>, du nom du c\u00e9l\u00e8bre roi Ren\u00e9 (d\u2019Anjou !), a tous les atouts pour l\u2019organiser.\u00a0<\/span><b>Neuf salles de r\u00e9union<\/b><span style=\"font-weight: 400;\">, d\u2019abord, dont la plus grande peut accueillir jusqu\u2019\u00e0 80 personnes, puis\u00a0<\/span><b>134 chambres lumineuses et confortables<\/b><span style=\"font-weight: 400;\">, une piscine ext\u00e9rieure chauff\u00e9e, une salle de fitness et, enfin, La Table du Roi, le restaurant o\u00f9 savourer des sp\u00e9cialit\u00e9s proven\u00e7ales dans son patio ou son jardin d\u2019hiver, en fonction de la saison.<\/span><\/p>\n<\/div>\n\t\t\t\t\t\t\t\t\t\t\t\t<div class=\"d-flex flex-column flex-lg-row align-items-center gap-5 gap-lg-8 justify-content-between\">\n\t\t\t\t\t\t\t<div class=\"fs-20 fs-lg-26 fw-semibold lh-xs\"><\/div>\n\t\t\t\t\t\t\t\t\t\t\t\t\t<\/div>\n\t\t\t\t\t<\/div>\n\t\t\t\t<\/div>\n\t\t\t\t<div class=\"col-lg-4\">\n\t\t\t\t\t<div class=\"tcta2ia__top__right t-0 r-0 bg-primary text-white pt-4 pb-4 px-2 pt-lg-8 pb-lg-16 px-lg-11 pb-xl-30\">\n\t\t\t\t\t\t\t\t\t\t\t\t\t\t\t\t\t\t<h2 class=\"unna fs-36 fs-lg-51 fs-xl-75 fs-italic fw-normal text-secondary\">Un s\u00e9minaire au pays des cigales<\/h2>\n\t\t\t\t\t\t\t\t\t\t\t\t\t\t\t\t\t\t<h3 class=\"text-white fs-18 fs-lg-20 fs-xl-28 text-original-case\">Quand vous pensez \u00e0 la Provence, viennent la mer, le soleil, la lavande, le pastis ou le chant des cigales\u2026<\/h3>\n\t\t\t\t\t\t\t\t\t\t\t\t\t\t\t\t\t\t<div class=\"fs-wysiwyg mb-4 fs-lg-16 fs-xl-20\"><p><span style=\"font-weight: 400;\">Bien au-del\u00e0 des clich\u00e9s, cette r\u00e9gion,<\/span><b>\u00a0facile d\u2019acc\u00e8s<\/b><span style=\"font-weight: 400;\">\u00a0<\/span><b>gr\u00e2ce \u00e0 son a\u00e9roport et ses lignes TGV<\/b><span style=\"font-weight: 400;\">, offre\u00a0<\/span><b>une vie \u00e9conomique et culturelle intense<\/b><span style=\"font-weight: 400;\">, dont l\u2019organisation de nombreux \u00e9v\u00e9nements internationaux est un signe. S\u00e9lection de 4 destinations o\u00f9 poser vos ordinateurs.<\/span><\/p>\n<\/div>\n\t\t\t\t\t\t\t\t\t\t\t\t\t\t\t\t\t\t\t\t\t\t\t\t<p class=\"m-0\"><img decoding=\"async\" src=\"https:\/\/www.myallmeeting.com\/wp-content\/uploads\/2020\/04\/3221-43-633x398.jpg\" class=\"position-relative l-0\" width=\"633\" height=\"398\" alt=\"\" loading=\"lazy\" \/><\/p>\n\t\t\t\t\t\t\t\t\t\t\t<\/div>\n\t\t\t\t<\/div>\n\t\t\t<\/div>\n\t\t<\/div>\n\t<\/div>\n\t<div class=\"tcta2ia__bottom d-lg-none pb-12 py-lg-9 pe-lg-10\">\n\t\t\t\t<div class=\"h2 fs-20 fs-lg-32 fw-semibold\">Grand H\u00f4tel Roi Ren\u00e9 Aix-en-Provence Centre \u2013 MGallery<\/div>\n\t\t\t\t\t\t<div class=\"fs-wysiwyg\"><p><span style=\"font-weight: 400;\">Avec sa pierre blonde, ses h\u00f4tels particuliers, ses fontaines\u2026\u00a0<\/span><b>Aix-en-Provence<\/b><span style=\"font-weight: 400;\">\u00a0est une ville o\u00f9 l\u2019on d\u00e9ambule avec d\u00e9lice. L\u2019ancienne capitale de la Provence respire\u00a0<\/span><b>l\u2019opulence discr\u00e8te, l\u2019\u00e9crin id\u00e9al pour un s\u00e9minaire haut de gamme<\/b><span style=\"font-weight: 400;\">.\u00a0<\/span><\/p>\n<p><span style=\"font-weight: 400;\">Au c\u0153ur de la ville, \u00e0 deux pas du cours Mirabeau, <a href=\"https:\/\/myallmeeting.com\/fr\/hotel\/1169-gh-roi-rene-mgallery\/\">le 4 \u00e9toiles MGallery<\/a>, du nom du c\u00e9l\u00e8bre roi Ren\u00e9 (d\u2019Anjou !), a tous les atouts pour l\u2019organiser.\u00a0<\/span><b>Neuf salles de r\u00e9union<\/b><span style=\"font-weight: 400;\">, d\u2019abord, dont la plus grande peut accueillir jusqu\u2019\u00e0 80 personnes, puis\u00a0<\/span><b>134 chambres lumineuses et confortables<\/b><span style=\"font-weight: 400;\">, une piscine ext\u00e9rieure chauff\u00e9e, une salle de fitness et, enfin, La Table du Roi, le restaurant o\u00f9 savourer des sp\u00e9cialit\u00e9s proven\u00e7ales dans son patio ou son jardin d\u2019hiver, en fonction de la saison.<\/span><\/p>\n<\/div>\n\t\t\t\t<div class=\"d-flex flex-column flex-lg-row align-items-center gap-5 gap-lg-8 justify-content-between\">\n\t\t\t<div class=\"fs-20 fs-lg-26 fw-semibold lh-xs\"><\/div>\n\t\t\t\t\t<\/div>\n\t<\/div>\n<\/div>\n<!-- END OF : Composant : block-periscope-theme-section-composant-25-texte-cta-2-images.php -->\n\n\n<!-- START OF : Composant : block-periscope-theme-section-composant-33-texte-image.php -->\n<div class=\"text-image fs-wysiwyg mb-8 mb-lg-12\" data-component=\"33-texte-image\">\n\t<div class=\"container-fluid\" style=\"--bs-gutter-x: 0\">\n\t\t<div class=\"row\" style=\"--bs-gutter-x: 0\">\n\t\t\t\t\t\t<div class=\"col-lg-6 mb-7 mb-lg-0\">\n\t\t\t\t<img decoding=\"async\" src=\"https:\/\/www.myallmeeting.com\/wp-content\/uploads\/2020\/04\/6096-09-953x600.jpg\" width=\"953\" height=\"600\" alt=\"\" loading=\"lazy\" class=\"w-100\" \/>\n\t\t\t<\/div>\n\t\t\t\t\t\t<div class=\"col-lg-6\">\n\t\t\t\t<div class=\"text-image__content\">\n\t\t\t\t\t\t\t\t\t\t<div class=\"fw-semibold lh-xs fs-20 fs-lg-32 ls--25 mb-5\">Sofitel Marseille Vieux-Port<\/div>\n\t\t\t\t\t\t\t\t\t\t\t\t\t\t\t<div class=\"fs-wysiwyg\">\n\t\t\t\t\t\t<p><span style=\"font-weight: 400;\">Riche de nombreux centres de congr\u00e8s et d\u2019une vie culturelle foisonnante,\u00a0<\/span><b>Marseille<\/b><span style=\"font-weight: 400;\">\u00a0affiche un beau dynamisme. Sa silhouette d\u00e9coup\u00e9e sur la M\u00e9diterran\u00e9e se contemple du haut de la ville, sur le site de Notre-Dame-de-la-Garde. C\u00f4t\u00e9 vue, le\u00a0<\/span><b>5 \u00e9toiles<\/b><span style=\"font-weight: 400;\">\u00a0<\/span><a href=\"https:\/\/myallmeeting.com\/fr\/hotel\/0542-sofitel-marseille-vieux-port\/\"><b>Sofitel Marseille Vieux-Port<\/b><\/a><span style=\"font-weight: 400;\">\u00a0n\u2019est pas en reste ! L\u2019h\u00f4tel, qui surplombe le vieux port, est dot\u00e9 d\u2019<\/span><b>un\u00a0<\/b><b>rooftop<\/b><b>\u00a0de 100 m\u00b2<\/b><span style=\"font-weight: 400;\">\u00a0; son bar s\u2019ouvre sur une terrasse de 150 m\u00b2 et sur ses\u00a0<\/span><b>134 chambres<\/b><span style=\"font-weight: 400;\">, 24 disposent \u00e9galement d\u2019une terrasse !\u00a0<\/span><\/p>\n<p><b>Le restaurant gastronomique, Les Trois Forts<\/b><span style=\"font-weight: 400;\">, est tenu par un ma\u00eetre cuisinier de France. Le cadre parfait pour un s\u00e9minaire de direction, par exemple, avec\u00a0<\/span><b>7 salles de r\u00e9union pouvant accueillir jusqu\u2019\u00e0 220 personnes<\/b><span style=\"font-weight: 400;\">, et\u00a0<\/span><b>un interlocuteur privil\u00e9gi\u00e9<\/b><span style=\"font-weight: 400;\">\u00a0pour l\u2019organiser.<\/span><\/p>\n\t\t\t\t\t<\/div>\n\t\t\t\t\t\t\t\t\t<\/div>\n\t\t\t<\/div>        \n\t\t<\/div>\n\t<\/div>\n<\/div>\n<!-- END OF : Composant : block-periscope-theme-section-composant-33-texte-image.php -->\n\n\n<!-- START OF : Composant : block-periscope-theme-section-composant-33-texte-image.php -->\n<!-- INVERSE -->\n<div class=\"text-image fs-wysiwyg mb-8 mb-lg-12\" data-component=\"33-texte-image\" data-reverse=\"oui\">\n\t<div class=\"container-fluid\" style=\"--bs-gutter-x: 0\">\n\t\t<div class=\"row\" style=\"--bs-gutter-x: 0\">\n\t\t\t<div class=\"col-lg-6\">\n\t\t\t\t<div class=\"text-image__content\">\n\t\t\t\t\t\t\t\t\t\t<div class=\"fw-semibold lh-xs fs-20 fs-lg-32 ls--25 mb-5\">Mercure Brignoles Golf de Barbaroux &amp; Spa<\/div>\n\t\t\t\t\t\t\t\t\t\t\t\t\t\t\t<div class=\"fs-wysiwyg\">\n\t\t\t\t\t\t<p><span style=\"font-weight: 400;\">Vous imaginez\u00a0<\/span><b>un s\u00e9minaire sport et nature<\/b><span style=\"font-weight: 400;\">\u00a0? Rendez-vous au <a href=\"https:\/\/myallmeeting.com\/fr\/hotel\/8770-mercure-brignoles-golf-de-barbaroux-spa\/\">Mercure Brignoles Golf de Barbaroux &amp; Spa<\/a>. Situ\u00e9 aux portes du parc naturel r\u00e9gional de la Sainte-Baume, au c\u0153ur de la for\u00eat, ce 4 \u00e9toiles de\u00a0<\/span><b>52 chambres<\/b><span style=\"font-weight: 400;\">\u00a0vous propose une piscine, un court de tennis, un\u00a0<\/span><a href=\"https:\/\/myallmeeting.com\/mes-conseils\/top-8-des-hotels-sur-golf-chez-accorhotels\/\"><b>golf<\/b><\/a><span style=\"font-weight: 400;\">, un spa\u2026 et bien s\u00fbr, un restaurant et un bar !\u00a0<\/span><\/p>\n<p><span style=\"font-weight: 400;\">Des conditions saines pour\u00a0<\/span><b>booster l\u2019efficacit\u00e9 de vos r\u00e9unions<\/b><span style=\"font-weight: 400;\">, que vous pourrez tenir dans les\u00a0<\/span><b>2 salles mises \u00e0 disposition<\/b><span style=\"font-weight: 400;\">,\u00a0<\/span><b>d\u2019une capacit\u00e9 maximum de 200 personnes<\/b><span style=\"font-weight: 400;\">. Pour finir votre s\u00e9jour, ne manquez pas la visite de<\/span><b>\u00a0l\u2019abbaye du Thoronet<\/b><span style=\"font-weight: 400;\">, \u00e0 20 min en voiture. Cet \u00e9difice roman, achev\u00e9 au XIIIe si\u00e8cle, est un chef-d\u2019\u0153uvre de puret\u00e9 et de d\u00e9pouillement qui a inspir\u00e9 de nombreux architectes c\u00e9l\u00e8bres, comme Le Corbusier.<\/span><\/p>\n\t\t\t\t\t<\/div>\n\t\t\t\t\t\t\t\t\t<\/div>\n\t\t\t<\/div>    \n\t\t\t    \n\t\t\t<div class=\"col-lg-6 order-first order-lg-last mb-7 mb-lg-0\">\n\t\t\t\t<img decoding=\"async\" src=\"https:\/\/www.myallmeeting.com\/wp-content\/uploads\/2018\/08\/4787-65-953x600.jpg\" width=\"953\" height=\"600\" alt=\"hotels golf en france\" loading=\"lazy\" class=\"w-100\" \/>\n\t\t\t<\/div>\n\t\t\t\t\t<\/div>\n\t<\/div>\n<\/div>\n<!-- END OF : Composant : block-periscope-theme-section-composant-33-texte-image.php -->\n\n\n<!-- START OF : Composant : block-periscope-theme-section-composant-33-texte-image.php -->\n<div class=\"text-image fs-wysiwyg mb-8 mb-lg-12\" data-component=\"33-texte-image\">\n\t<div class=\"container-fluid\" style=\"--bs-gutter-x: 0\">\n\t\t<div class=\"row\" style=\"--bs-gutter-x: 0\">\n\t\t\t\t\t\t<div class=\"col-lg-6 mb-7 mb-lg-0\">\n\t\t\t\t<img decoding=\"async\" src=\"https:\/\/www.myallmeeting.com\/wp-content\/uploads\/2020\/04\/4174-71-953x600.jpg\" width=\"953\" height=\"600\" alt=\"\" loading=\"lazy\" class=\"w-100\" \/>\n\t\t\t<\/div>\n\t\t\t\t\t\t<div class=\"col-lg-6\">\n\t\t\t\t<div class=\"text-image__content\">\n\t\t\t\t\t\t\t\t\t\t<div class=\"fw-semibold lh-xs fs-20 fs-lg-32 ls--25 mb-5\">Ibis La Ciotat<\/div>\n\t\t\t\t\t\t\t\t\t\t\t\t\t\t\t<div class=\"fs-wysiwyg\">\n\t\t\t\t\t\t<p><span style=\"font-weight: 400;\"><a href=\"https:\/\/myallmeeting.com\/fr\/hotel\/5484-ibis-la-ciotat\/\">L\u2019Ibis La Ciotat<\/a> vous accueille\u00a0<\/span><b>au c\u0153ur du centre d\u2019affaires Ath\u00e9lia<\/b><span style=\"font-weight: 400;\">\u00a0et ses 300 entreprises. Une proximit\u00e9 qui peut s\u2019av\u00e9rer essentielle pour organiser des r\u00e9unions de travail et d\u00e9velopper votre business dans la r\u00e9gion.\u00a0<\/span><\/p>\n<p><span style=\"font-weight: 400;\">L\u2019h\u00f4tel, de<\/span><b>\u00a086 chambres<\/b><span style=\"font-weight: 400;\">, met \u00e0 votre disposition\u00a0<\/span><b>4 salles de r\u00e9union<\/b><span style=\"font-weight: 400;\">, dont trois peuvent \u00eatre r\u00e9unies pour accueillir jusqu\u2019\u00e0 140 personnes, ainsi qu\u2019un restaurant, un bar\u2026 et une piscine chauff\u00e9e !\u00a0<\/span><\/p>\n<p><span style=\"font-weight: 400;\">Parce qu\u2019apr\u00e8s une journ\u00e9e de travail soutenu, l\u2019heure est \u00e0 la d\u00e9tente ! Vous appr\u00e9cierez pour cela l<\/span><b>a proximit\u00e9 des plages et, surtout celles des Calanques,<\/b><span style=\"font-weight: 400;\">\u00a0qui sculptent les bords de la M\u00e9diterran\u00e9e, un paradis pour les randonneurs. C\u2019est connu, on n\u2019a rien trouv\u00e9 de mieux qu\u2019une bonne marche pour se d\u00e9gourdir les jambes !<\/span><\/p>\n\t\t\t\t\t<\/div>\n\t\t\t\t\t\t\t\t\t<\/div>\n\t\t\t<\/div>        \n\t\t<\/div>\n\t<\/div>\n<\/div>\n<!-- END OF : Composant : block-periscope-theme-section-composant-33-texte-image.php -->\n","protected":false},"excerpt":{"rendered":"<p>D\u00e9couvrez la r\u00e9gion proven\u00e7ale lors de vos s\u00e9minaires gr\u00e2ce \u00e0 nos h\u00f4tels.<\/p>\n","protected":false},"featured_media":16003300,"menu_order":0,"template":"","periscope_categorie_tax":[1648],"class_list":["post-15226695","article","type-article","status-publish","has-post-thumbnail","hentry","periscope_categorie_tax-tous-nos-tops-selections"],"acf":[],"yoast_head":"<title>Un s\u00e9minaire au pays des cigales - Accor MyAllMeeting.com<\/title>\n<meta name=\"robots\" content=\"index, follow, max-snippet:-1, max-image-preview:large, max-video-preview:-1\" \/>\n<link rel=\"canonical\" href=\"https:\/\/www.myallmeeting.com\/fr\/wp-json\/wp\/v2\/article\/15226695\" \/>\n<meta property=\"og:locale\" content=\"fr_FR\" \/>\n<meta property=\"og:type\" content=\"article\" \/>\n<meta property=\"og:title\" content=\"Un s\u00e9minaire au pays des cigales - Accor MyAllMeeting.com\" \/>\n<meta property=\"og:description\" content=\"D\u00e9couvrez la r\u00e9gion proven\u00e7ale lors de vos s\u00e9minaires gr\u00e2ce \u00e0 nos h\u00f4tels.\" \/>\n<meta property=\"og:url\" content=\"https:\/\/www.myallmeeting.com\/fr\/article\/un-seminaire-au-pays-des-cigales\/\" \/>\n<meta property=\"og:site_name\" content=\"Accor MyAllMeeting.com\" \/>\n<meta property=\"article:modified_time\" content=\"2024-07-10T08:13:58+00:00\" \/>\n<meta property=\"og:image\" content=\"http:\/\/myallmeeting.com\/wp-content\/uploads\/2020\/04\/Provence-1024x304.png\" \/>\n\t<meta property=\"og:image:width\" content=\"1024\" \/>\n\t<meta property=\"og:image:height\" content=\"304\" \/>\n\t<meta property=\"og:image:type\" content=\"image\/png\" \/>\n<meta name=\"twitter:card\" content=\"summary_large_image\" \/>\n<meta name=\"twitter:label1\" content=\"Dur\u00e9e de lecture estim\u00e9e\" \/>\n\t<meta name=\"twitter:data1\" content=\"5 minutes\" \/>\n<script type=\"application\/ld+json\" class=\"yoast-schema-graph\">{\"@context\":\"https:\/\/schema.org\",\"@graph\":[{\"@type\":\"WebPage\",\"@id\":\"https:\/\/www.myallmeeting.com\/fr\/article\/un-seminaire-au-pays-des-cigales\/\",\"url\":\"https:\/\/www.myallmeeting.com\/fr\/article\/un-seminaire-au-pays-des-cigales\/\",\"name\":\"Un s\u00e9minaire au pays des cigales - Accor MyAllMeeting.com\",\"isPartOf\":{\"@id\":\"https:\/\/www.myallmeeting.com\/fr\/#website\"},\"primaryImageOfPage\":{\"@id\":\"https:\/\/www.myallmeeting.com\/fr\/article\/un-seminaire-au-pays-des-cigales\/#primaryimage\"},\"image\":{\"@id\":\"https:\/\/www.myallmeeting.com\/fr\/article\/un-seminaire-au-pays-des-cigales\/#primaryimage\"},\"thumbnailUrl\":\"https:\/\/www.myallmeeting.com\/wp-content\/uploads\/2020\/04\/Provence.png\",\"datePublished\":\"2020-04-14T08:15:30+00:00\",\"dateModified\":\"2024-07-10T08:13:58+00:00\",\"breadcrumb\":{\"@id\":\"https:\/\/www.myallmeeting.com\/fr\/article\/un-seminaire-au-pays-des-cigales\/#breadcrumb\"},\"inLanguage\":\"fr-FR\",\"potentialAction\":[{\"@type\":\"ReadAction\",\"target\":[\"https:\/\/www.myallmeeting.com\/fr\/article\/un-seminaire-au-pays-des-cigales\/\"]}]},{\"@type\":\"ImageObject\",\"inLanguage\":\"fr-FR\",\"@id\":\"https:\/\/www.myallmeeting.com\/fr\/article\/un-seminaire-au-pays-des-cigales\/#primaryimage\",\"url\":\"https:\/\/www.myallmeeting.com\/wp-content\/uploads\/2020\/04\/Provence.png\",\"contentUrl\":\"https:\/\/www.myallmeeting.com\/wp-content\/uploads\/2020\/04\/Provence.png\",\"width\":1920,\"height\":570},{\"@type\":\"BreadcrumbList\",\"@id\":\"https:\/\/www.myallmeeting.com\/fr\/article\/un-seminaire-au-pays-des-cigales\/#breadcrumb\",\"itemListElement\":[{\"@type\":\"ListItem\",\"position\":1,\"name\":\"Accueil\",\"item\":\"https:\/\/myallmeeting.com\/fr\/\"},{\"@type\":\"ListItem\",\"position\":2,\"name\":\"Actualit\u00e9s\",\"item\":\"https:\/\/www.myallmeeting.com\/fr\/actualite\/\"},{\"@type\":\"ListItem\",\"position\":3,\"name\":\"Un s\u00e9minaire au pays des cigales\"}]},{\"@type\":\"WebSite\",\"@id\":\"https:\/\/www.myallmeeting.com\/fr\/#website\",\"url\":\"https:\/\/www.myallmeeting.com\/fr\/\",\"name\":\"Accor MyAllMeeting.com\",\"description\":\"Les Meilleurs lieux pour vos Ev\u00e9nements Professionnels\",\"publisher\":{\"@id\":\"https:\/\/www.myallmeeting.com\/fr\/#organization\"},\"potentialAction\":[{\"@type\":\"SearchAction\",\"target\":{\"@type\":\"EntryPoint\",\"urlTemplate\":\"https:\/\/www.myallmeeting.com\/fr\/?s={search_term_string}\"},\"query-input\":{\"@type\":\"PropertyValueSpecification\",\"valueRequired\":true,\"valueName\":\"search_term_string\"}}],\"inLanguage\":\"fr-FR\"},{\"@type\":\"Organization\",\"@id\":\"https:\/\/www.myallmeeting.com\/fr\/#organization\",\"name\":\"ACCOR\",\"url\":\"https:\/\/www.myallmeeting.com\/fr\/\",\"logo\":{\"@type\":\"ImageObject\",\"inLanguage\":\"fr-FR\",\"@id\":\"https:\/\/www.myallmeeting.com\/fr\/#\/schema\/logo\/image\/\",\"url\":\"\",\"contentUrl\":\"\",\"caption\":\"ACCOR\"},\"image\":{\"@id\":\"https:\/\/www.myallmeeting.com\/fr\/#\/schema\/logo\/image\/\"}}]}<\/script>","yoast_head_json":{"title":"Un s\u00e9minaire au pays des cigales - Accor MyAllMeeting.com","robots":{"index":"index","follow":"follow","max-snippet":"max-snippet:-1","max-image-preview":"max-image-preview:large","max-video-preview":"max-video-preview:-1"},"canonical":"https:\/\/www.myallmeeting.com\/fr\/wp-json\/wp\/v2\/article\/15226695","og_locale":"fr_FR","og_type":"article","og_title":"Un s\u00e9minaire au pays des cigales - Accor MyAllMeeting.com","og_description":"D\u00e9couvrez la r\u00e9gion proven\u00e7ale lors de vos s\u00e9minaires gr\u00e2ce \u00e0 nos h\u00f4tels.","og_url":"https:\/\/www.myallmeeting.com\/fr\/article\/un-seminaire-au-pays-des-cigales\/","og_site_name":"Accor MyAllMeeting.com","article_modified_time":"2024-07-10T08:13:58+00:00","og_image":[{"width":1024,"height":304,"url":"http:\/\/myallmeeting.com\/wp-content\/uploads\/2020\/04\/Provence-1024x304.png","type":"image\/png"}],"twitter_card":"summary_large_image","twitter_misc":{"Dur\u00e9e de lecture estim\u00e9e":"5 minutes"},"schema":{"@context":"https:\/\/schema.org","@graph":[{"@type":"WebPage","@id":"https:\/\/www.myallmeeting.com\/fr\/article\/un-seminaire-au-pays-des-cigales\/","url":"https:\/\/www.myallmeeting.com\/fr\/article\/un-seminaire-au-pays-des-cigales\/","name":"Un s\u00e9minaire au pays des cigales - Accor MyAllMeeting.com","isPartOf":{"@id":"https:\/\/www.myallmeeting.com\/fr\/#website"},"primaryImageOfPage":{"@id":"https:\/\/www.myallmeeting.com\/fr\/article\/un-seminaire-au-pays-des-cigales\/#primaryimage"},"image":{"@id":"https:\/\/www.myallmeeting.com\/fr\/article\/un-seminaire-au-pays-des-cigales\/#primaryimage"},"thumbnailUrl":"https:\/\/www.myallmeeting.com\/wp-content\/uploads\/2020\/04\/Provence.png","datePublished":"2020-04-14T08:15:30+00:00","dateModified":"2024-07-10T08:13:58+00:00","breadcrumb":{"@id":"https:\/\/www.myallmeeting.com\/fr\/article\/un-seminaire-au-pays-des-cigales\/#breadcrumb"},"inLanguage":"fr-FR","potentialAction":[{"@type":"ReadAction","target":["https:\/\/www.myallmeeting.com\/fr\/article\/un-seminaire-au-pays-des-cigales\/"]}]},{"@type":"ImageObject","inLanguage":"fr-FR","@id":"https:\/\/www.myallmeeting.com\/fr\/article\/un-seminaire-au-pays-des-cigales\/#primaryimage","url":"https:\/\/www.myallmeeting.com\/wp-content\/uploads\/2020\/04\/Provence.png","contentUrl":"https:\/\/www.myallmeeting.com\/wp-content\/uploads\/2020\/04\/Provence.png","width":1920,"height":570},{"@type":"BreadcrumbList","@id":"https:\/\/www.myallmeeting.com\/fr\/article\/un-seminaire-au-pays-des-cigales\/#breadcrumb","itemListElement":[{"@type":"ListItem","position":1,"name":"Accueil","item":"https:\/\/myallmeeting.com\/fr\/"},{"@type":"ListItem","position":2,"name":"Actualit\u00e9s","item":"https:\/\/www.myallmeeting.com\/fr\/actualite\/"},{"@type":"ListItem","position":3,"name":"Un s\u00e9minaire au pays des cigales"}]},{"@type":"WebSite","@id":"https:\/\/www.myallmeeting.com\/fr\/#website","url":"https:\/\/www.myallmeeting.com\/fr\/","name":"Accor MyAllMeeting.com","description":"Les Meilleurs lieux pour vos Ev\u00e9nements Professionnels","publisher":{"@id":"https:\/\/www.myallmeeting.com\/fr\/#organization"},"potentialAction":[{"@type":"SearchAction","target":{"@type":"EntryPoint","urlTemplate":"https:\/\/www.myallmeeting.com\/fr\/?s={search_term_string}"},"query-input":{"@type":"PropertyValueSpecification","valueRequired":true,"valueName":"search_term_string"}}],"inLanguage":"fr-FR"},{"@type":"Organization","@id":"https:\/\/www.myallmeeting.com\/fr\/#organization","name":"ACCOR","url":"https:\/\/www.myallmeeting.com\/fr\/","logo":{"@type":"ImageObject","inLanguage":"fr-FR","@id":"https:\/\/www.myallmeeting.com\/fr\/#\/schema\/logo\/image\/","url":"","contentUrl":"","caption":"ACCOR"},"image":{"@id":"https:\/\/www.myallmeeting.com\/fr\/#\/schema\/logo\/image\/"}}]}},"_links":{"self":[{"href":"https:\/\/www.myallmeeting.com\/fr\/wp-json\/wp\/v2\/article\/15226695","targetHints":{"allow":["GET"]}}],"collection":[{"href":"https:\/\/www.myallmeeting.com\/fr\/wp-json\/wp\/v2\/article"}],"about":[{"href":"https:\/\/www.myallmeeting.com\/fr\/wp-json\/wp\/v2\/types\/article"}],"wp:featuredmedia":[{"embeddable":true,"href":"https:\/\/www.myallmeeting.com\/fr\/wp-json\/wp\/v2\/media\/16003300"}],"wp:attachment":[{"href":"https:\/\/www.myallmeeting.com\/fr\/wp-json\/wp\/v2\/media?parent=15226695"}],"wp:term":[{"taxonomy":"periscope_categorie_tax","embeddable":true,"href":"https:\/\/www.myallmeeting.com\/fr\/wp-json\/wp\/v2\/periscope_categorie_tax?post=15226695"}],"curies":[{"name":"wp","href":"https:\/\/api.w.org\/{rel}","templated":true}]}}