{"id":15226691,"date":"2021-01-15T11:20:00","date_gmt":"2021-01-15T10:20:00","guid":{"rendered":"https:\/\/myallmeeting.com\/article\/une-reunion-grands-frissons-au-novotel-annecy-centre\/"},"modified":"2024-11-12T14:39:25","modified_gmt":"2024-11-12T13:39:25","slug":"une-reunion-grands-frissons-au-novotel-annecy-centre","status":"publish","type":"article","link":"https:\/\/www.myallmeeting.com\/fr\/article\/une-reunion-grands-frissons-au-novotel-annecy-centre\/","title":{"rendered":"Une r\u00e9union \u00ab\u00a0grands frissons\u00a0\u00bb au Novotel Annecy Centre"},"content":{"rendered":"<!-- START OF : Composant : block-periscope-theme-section-composant-25-texte-cta-2-images.php -->\n<div class=\"tcta2ia bg-white fs-wysiwyg mb-lg-12\" data-component=\"25-texte-cta-2-images\">\n\t<div class=\"tcta2ia__top\">\n\t\t<div class=\"container-fluid\" style=\"--bs-gutter-x: 0\">\n\t\t\t<div class=\"row\" style=\"--bs-gutter-x: 0\">\n\t\t\t\t<div class=\"col-lg-8\">\n\t\t\t\t\t\t\t\t\t\t<div class=\"bloc-mise-en-avant__top__left\">\n\t\t\t\t\t\t<img decoding=\"async\" src=\"https:\/\/www.myallmeeting.com\/wp-content\/uploads\/2021\/01\/aja_p_6771-45__original-1268x846.jpeg\" class=\"pe-2 pe-lg-0\" width=\"1268\" height=\"846\" alt=\"\" loading=\"lazy\" \/>\n\t\t\t\t\t<\/div>\n\t\t\t\t\t\t\t\t\t\t<div class=\"tcta2ia__bottom d-none d-lg-block pb-12 pt-lg-9 pb-lg-0 pe-lg-10\">\n\t\t\t\t\t\t\t\t\t\t\t\t<h2 class=\"fs-20 fs-lg-32 fw-semibold\">Door to door \u00ab\u202fParis-Annecy TGV\u202f\u00bb <\/h2>\n\t\t\t\t\t\t\t\t\t\t\t\t\t\t\t\t\t\t<div class=\"fs-wysiwyg\"><p><span data-contrast=\"auto\">\u00c0\u202f<\/span><b><span data-contrast=\"auto\">deux pas de la gare<\/span><\/b><span data-contrast=\"auto\">, le Novotel Annecy est surtout \u00e0\u202f<\/span><b><span data-contrast=\"auto\">5 minutes\u202f\u00e0 pied\u202fde la\u202fvieille ville<\/span><\/b><span data-contrast=\"auto\">\u202fet de ses ruelles pav\u00e9es au charme insoup\u00e7onn\u00e9. Bord\u00e9e d\u2019exquises b\u00e2tisses color\u00e9es et travers\u00e9e de jolis canaux, cette\u202f<\/span><b><span data-contrast=\"auto\">zone pi\u00e9tonne<\/span><\/b><span data-contrast=\"auto\">\u202fabrite divers bars et restaurants qui pourront pimenter vos soir\u00e9es. Mais nul besoin de se d\u00e9placer pour tester l\u2019une des adresses les plus pris\u00e9es d\u2019Annecy.<\/span><span data-ccp-props=\"{}\">\u00a0<\/span><\/p>\n<p><span data-contrast=\"auto\">Situ\u00e9 dans le prolongement du lobby, le restaurant\u202f\u00ab\u202f<\/span><b><span data-contrast=\"auto\">The Craic<\/span><\/b><span data-contrast=\"auto\">\u202f\u00bb\u202fvous r\u00e9gale d\u2019une\u202f<\/span><b><span data-contrast=\"auto\">cuisine saine plut\u00f4t \u00e9clectique<\/span><\/b><span data-contrast=\"auto\">,\u202finspir\u00e9e des nombreux voyages du chef et des saveurs r\u00e9gionales. \u00c0 l\u2019arriv\u00e9e des beaux jours, son\u202f<\/span><b><span data-contrast=\"auto\">immense terrasse\u202f<\/span><\/b><span data-contrast=\"auto\">est prise d\u2019assaut. Au programme :\u202f<\/span><b><span data-contrast=\"auto\">grillades<\/span><\/b><span data-contrast=\"auto\">\u202fet parties de\u202f<\/span><b><span data-contrast=\"auto\">p\u00e9tanque<\/span><\/b><span data-contrast=\"auto\">\u202fendiabl\u00e9es avec, en toile de fond, de belles cimes qui aimantent le regard.<\/span><span data-ccp-props=\"{}\">\u00a0<\/span><\/p>\n<p><span data-contrast=\"auto\">Les professionnels peuvent en profiter, puisqu\u2019un salon MICE, \u00ab\u202fLe Refuge\u202f\u00bb, s\u2019ouvre sur cet espace ext\u00e9rieur. Votre r\u00e9union se termine ainsi en beaut\u00e9, par un\u202f<\/span><b><span data-contrast=\"auto\">cocktail ensoleill\u00e9<\/span><\/b><span data-contrast=\"auto\">\u202fbien m\u00e9rit\u00e9.<\/span><span data-ccp-props=\"{}\">\u00a0<\/span><\/p>\n<\/div>\n\t\t\t\t\t\t\t\t\t\t\t\t<div class=\"d-flex flex-column flex-lg-row align-items-center gap-5 gap-lg-8 justify-content-between\">\n\t\t\t\t\t\t\t<div class=\"fs-20 fs-lg-26 fw-semibold lh-xs\"><\/div>\n\t\t\t\t\t\t\t\t\t\t\t\t\t<\/div>\n\t\t\t\t\t<\/div>\n\t\t\t\t<\/div>\n\t\t\t\t<div class=\"col-lg-4\">\n\t\t\t\t\t<div class=\"tcta2ia__top__right t-0 r-0 bg-primary text-white pt-4 pb-4 px-2 pt-lg-8 pb-lg-16 px-lg-11 pb-xl-30\">\n\t\t\t\t\t\t\t\t\t\t\t\t\t\t\t\t\t\t<h2 class=\"unna fs-36 fs-lg-51 fs-xl-75 fs-italic fw-normal text-secondary\">Une r\u00e9union \u00ab\u00a0grands frissons\u00a0\u00bb au Novotel Annecy Centre<\/h2>\n\t\t\t\t\t\t\t\t\t\t\t\t\t\t\t\t\t\t<h3 class=\"text-white fs-18 fs-lg-20 fs-xl-28 text-original-case\">Hiver comme \u00e9t\u00e9, Annecy, surnomm\u00e9e la \u00ab Venise des Alpes \u00bb, redouble d\u2019\u00e9nergie<\/h3>\n\t\t\t\t\t\t\t\t\t\t\t\t\t\t\t\t\t\t<div class=\"fs-wysiwyg mb-4 fs-lg-16 fs-xl-20\"><p><span data-contrast=\"auto\" xml:lang=\"FR-FR\" lang=\"FR-FR\" class=\"TextRun SCXW86289421 BCX8\"><span class=\"NormalTextRun SCXW86289421 BCX8\">Le bon air de la montagne et du lac est propice aux activit\u00e9s <\/span><\/span><span data-contrast=\"auto\" xml:lang=\"FR-FR\" lang=\"FR-FR\" class=\"TextRun SCXW86289421 BCX8\"><span class=\"NormalTextRun SpellingErrorV2Themed SCXW86289421 BCX8\">outdoor<\/span><span class=\"NormalTextRun SCXW86289421 BCX8\"> <\/span><\/span><span data-contrast=\"auto\" xml:lang=\"FR-FR\" lang=\"FR-FR\" class=\"TextRun SCXW86289421 BCX8\"><span class=\"NormalTextRun SCXW86289421 BCX8\">en tout genre et le <\/span><\/span><a class=\"Hyperlink HyperlinkGateOff SCXW86289421 BCX8\" href=\"https:\/\/myallmeeting.com\/fr\/hotel\/1357-atria-novotel-annecy-centre\/\" target=\"_blank\" rel=\"noreferrer noopener\"><span data-contrast=\"none\" xml:lang=\"FR-FR\" lang=\"FR-FR\" class=\"TextRun Underlined UnderlinedGateOff SCXW86289421 BCX8\"><span class=\"NormalTextRun SCXW86289421 BCX8\" data-ccp-charstyle=\"Hyperlink\">Novotel Annecy <\/span><span class=\"NormalTextRun SCXW86289421 BCX8\" data-ccp-charstyle=\"Hyperlink\">Centre<\/span><\/span><\/a><span data-contrast=\"auto\" xml:lang=\"FR-FR\" lang=\"FR-FR\" class=\"TextRun SCXW86289421 BCX8\"><span class=\"NormalTextRun SCXW86289421 BCX8\"> <\/span><span class=\"NormalTextRun SCXW86289421 BCX8\">l\u2019a bien compris ! D\u00e9couverte d\u2019un h\u00f4tel qui saura vous concocter un s\u00e9jour professionnel fort en \u00e9motions.<\/span><\/span><span class=\"EOP SCXW86289421 BCX8\" data-ccp-props=\"{}\">\u00a0<\/span><\/p>\n<\/div>\n\t\t\t\t\t\t\t\t\t\t\t\t\t\t\t\t\t\t\t\t\t\t\t\t<p class=\"m-0\"><img decoding=\"async\" src=\"https:\/\/www.myallmeeting.com\/wp-content\/uploads\/2021\/01\/aja_p_5071-16__original-633x398.jpeg\" class=\"position-relative l-0\" width=\"633\" height=\"398\" alt=\"\" loading=\"lazy\" \/><\/p>\n\t\t\t\t\t\t\t\t\t\t\t<\/div>\n\t\t\t\t<\/div>\n\t\t\t<\/div>\n\t\t<\/div>\n\t<\/div>\n\t<div class=\"tcta2ia__bottom d-lg-none pb-12 py-lg-9 pe-lg-10\">\n\t\t\t\t<div class=\"h2 fs-20 fs-lg-32 fw-semibold\">Door to door \u00ab\u202fParis-Annecy TGV\u202f\u00bb <\/div>\n\t\t\t\t\t\t<div class=\"fs-wysiwyg\"><p><span data-contrast=\"auto\">\u00c0\u202f<\/span><b><span data-contrast=\"auto\">deux pas de la gare<\/span><\/b><span data-contrast=\"auto\">, le Novotel Annecy est surtout \u00e0\u202f<\/span><b><span data-contrast=\"auto\">5 minutes\u202f\u00e0 pied\u202fde la\u202fvieille ville<\/span><\/b><span data-contrast=\"auto\">\u202fet de ses ruelles pav\u00e9es au charme insoup\u00e7onn\u00e9. Bord\u00e9e d\u2019exquises b\u00e2tisses color\u00e9es et travers\u00e9e de jolis canaux, cette\u202f<\/span><b><span data-contrast=\"auto\">zone pi\u00e9tonne<\/span><\/b><span data-contrast=\"auto\">\u202fabrite divers bars et restaurants qui pourront pimenter vos soir\u00e9es. Mais nul besoin de se d\u00e9placer pour tester l\u2019une des adresses les plus pris\u00e9es d\u2019Annecy.<\/span><span data-ccp-props=\"{}\">\u00a0<\/span><\/p>\n<p><span data-contrast=\"auto\">Situ\u00e9 dans le prolongement du lobby, le restaurant\u202f\u00ab\u202f<\/span><b><span data-contrast=\"auto\">The Craic<\/span><\/b><span data-contrast=\"auto\">\u202f\u00bb\u202fvous r\u00e9gale d\u2019une\u202f<\/span><b><span data-contrast=\"auto\">cuisine saine plut\u00f4t \u00e9clectique<\/span><\/b><span data-contrast=\"auto\">,\u202finspir\u00e9e des nombreux voyages du chef et des saveurs r\u00e9gionales. \u00c0 l\u2019arriv\u00e9e des beaux jours, son\u202f<\/span><b><span data-contrast=\"auto\">immense terrasse\u202f<\/span><\/b><span data-contrast=\"auto\">est prise d\u2019assaut. Au programme :\u202f<\/span><b><span data-contrast=\"auto\">grillades<\/span><\/b><span data-contrast=\"auto\">\u202fet parties de\u202f<\/span><b><span data-contrast=\"auto\">p\u00e9tanque<\/span><\/b><span data-contrast=\"auto\">\u202fendiabl\u00e9es avec, en toile de fond, de belles cimes qui aimantent le regard.<\/span><span data-ccp-props=\"{}\">\u00a0<\/span><\/p>\n<p><span data-contrast=\"auto\">Les professionnels peuvent en profiter, puisqu\u2019un salon MICE, \u00ab\u202fLe Refuge\u202f\u00bb, s\u2019ouvre sur cet espace ext\u00e9rieur. Votre r\u00e9union se termine ainsi en beaut\u00e9, par un\u202f<\/span><b><span data-contrast=\"auto\">cocktail ensoleill\u00e9<\/span><\/b><span data-contrast=\"auto\">\u202fbien m\u00e9rit\u00e9.<\/span><span data-ccp-props=\"{}\">\u00a0<\/span><\/p>\n<\/div>\n\t\t\t\t<div class=\"d-flex flex-column flex-lg-row align-items-center gap-5 gap-lg-8 justify-content-between\">\n\t\t\t<div class=\"fs-20 fs-lg-26 fw-semibold lh-xs\"><\/div>\n\t\t\t\t\t<\/div>\n\t<\/div>\n<\/div>\n<!-- END OF : Composant : block-periscope-theme-section-composant-25-texte-cta-2-images.php -->\n\n\n<!-- START OF : Composant : block-periscope-theme-section-composant-33-texte-image.php -->\n<div class=\"text-image fs-wysiwyg mb-8 mb-lg-12\" data-component=\"33-texte-image\">\n\t<div class=\"container-fluid\" style=\"--bs-gutter-x: 0\">\n\t\t<div class=\"row\" style=\"--bs-gutter-x: 0\">\n\t\t\t\t\t\t<div class=\"col-lg-6 mb-7 mb-lg-0\">\n\t\t\t\t<img decoding=\"async\" src=\"https:\/\/www.myallmeeting.com\/wp-content\/uploads\/2021\/01\/aja_p_3988-42__original-953x600.jpeg\" width=\"953\" height=\"600\" alt=\"\" loading=\"lazy\" class=\"w-100\" \/>\n\t\t\t<\/div>\n\t\t\t\t\t\t<div class=\"col-lg-6\">\n\t\t\t\t<div class=\"text-image__content\">\n\t\t\t\t\t\t\t\t\t\t<div class=\"fw-semibold lh-xs fs-20 fs-lg-32 ls--25 mb-5\">Adr\u00e9naline, slow life &amp; oxyg\u00e9nation ! <\/div>\n\t\t\t\t\t\t\t\t\t\t\t\t\t\t\t<div class=\"fs-wysiwyg\">\n\t\t\t\t\t\t<p><span data-contrast=\"auto\">Un s\u00e9minaire donne l\u2019occasion de se d\u00e9couvrir autour d\u2019activit\u00e9s insolites. Et \u00e0 Annecy vous serez servi ! Outre les valeurs s\u00fbres que sont le ski, la randonn\u00e9e ou les raquettes, d\u2019innombrables <\/span><b><i><span data-contrast=\"auto\">incentives<\/span><\/i><\/b> <span data-contrast=\"auto\">vous attendent. Se balader \u00e0 l\u2019aide de <\/span><b><span data-contrast=\"auto\">chiens de tra\u00eeneau<\/span><\/b><span data-contrast=\"auto\">, <\/span><b><span data-contrast=\"auto\">construire un igloo<\/span><\/b><span data-contrast=\"auto\"> ou bien un <\/span><b><span data-contrast=\"auto\">radeau<\/span><\/b><span data-contrast=\"auto\"> pour voguer sur le magnifique <\/span><b><span data-contrast=\"auto\">lac d\u2019Annecy<\/span><\/b><span data-contrast=\"auto\">\u2026 Le plus dur consiste \u00e0 choisir parmi ces multiples activit\u00e9s de team building.<\/span><span data-ccp-props=\"{}\">\u00a0<\/span><\/p>\n<p><span data-contrast=\"auto\">Vous ne manquerez pas de retrouver la th\u00e9matique du sport dans tout le Novotel d\u2019Annecy. Via sa <\/span><b><span data-contrast=\"auto\">salle de fitness derni\u00e8re g\u00e9n\u00e9ration<\/span><\/b><span data-contrast=\"auto\"> bien s\u00fbr, mais surtout gr\u00e2ce \u00e0 l\u2019atmosph\u00e8re \u00e9voqu\u00e9e par la <\/span><b><span data-contrast=\"auto\">d\u00e9coration<\/span><\/b><span data-contrast=\"auto\">.\u00a0 Cet h\u00f4tel 4 \u00e9toiles de <\/span><b><span data-contrast=\"auto\">95 chambres<\/span><\/b><span data-contrast=\"auto\"> a \u00e9t\u00e9 enti\u00e8rement r\u00e9nov\u00e9 en 2019 et d\u2019\u00e9l\u00e9gants marqueurs nous rappellent un peu partout qu\u2019Annecy est une destination sportive\u2026<\/span><span data-ccp-props=\"{}\">\u00a0<\/span><\/p>\n<p><span data-contrast=\"auto\">Au fond, c\u2019est <\/span><b><span data-contrast=\"auto\">l\u2019esprit de c\u00e9l\u00e9bration<\/span><\/b><span data-contrast=\"auto\"> que l\u2019\u00e9quipe du Novotel d\u2019Annecy a voulu mettre \u00e0 l\u2019honneur. Toujours pr\u00eate \u00e0 vous faire franchir vos limites, elle saura vous aider \u00e0 cr\u00e9er des souvenirs inoubliables.<\/span><\/p>\n\t\t\t\t\t<\/div>\n\t\t\t\t\t\t\t\t\t<\/div>\n\t\t\t<\/div>        \n\t\t<\/div>\n\t<\/div>\n<\/div>\n<!-- END OF : Composant : block-periscope-theme-section-composant-33-texte-image.php -->\n\n\n<!-- START OF : Composant : block-periscope-theme-section-composant-33-texte-image.php -->\n<!-- INVERSE -->\n<div class=\"text-image fs-wysiwyg mb-8 mb-lg-12\" data-component=\"33-texte-image\" data-reverse=\"oui\">\n\t<div class=\"container-fluid\" style=\"--bs-gutter-x: 0\">\n\t\t<div class=\"row\" style=\"--bs-gutter-x: 0\">\n\t\t\t<div class=\"col-lg-6\">\n\t\t\t\t<div class=\"text-image__content\">\n\t\t\t\t\t\t\t\t\t\t<div class=\"fw-semibold lh-xs fs-20 fs-lg-32 ls--25 mb-5\">Un business camp disruptif<\/div>\n\t\t\t\t\t\t\t\t\t\t\t\t\t\t\t<div class=\"fs-wysiwyg\">\n\t\t\t\t\t\t<p><span data-contrast=\"auto\">Le <\/span><b><span data-contrast=\"auto\">bar<\/span><\/b><span data-contrast=\"auto\">, situ\u00e9 dans le lobby, est devenu l\u2019un des espaces de <\/span><b><span data-contrast=\"auto\">co-working<\/span><\/b><span data-contrast=\"auto\"> les plus courus de la ville. Vous pourrez si besoin vous y isoler. Pour plus de commodit\u00e9, 10 des <\/span><b><span data-contrast=\"auto\">12 salons r\u00e9serv\u00e9s aux professionnels<\/span><\/b><span data-contrast=\"auto\"> (700 m\u00b2 au total) sont regroup\u00e9s au premier \u00e9tage. <\/span><b><span data-contrast=\"auto\">Tous expos\u00e9s \u00e0 la lumi\u00e8re du jour<\/span><\/b><span data-contrast=\"auto\">, ces espaces pr\u00e9sentent une grande diversit\u00e9 dans leur am\u00e9nagement.<\/span><span data-ccp-props=\"{}\">\u00a0<\/span><\/p>\n<p><span data-contrast=\"auto\">Souvent employ\u00e9es comme salles de <\/span><b><span data-contrast=\"auto\">sous-commission<\/span><\/b><span data-contrast=\"auto\">, \u00ab Adr\u00e9naline \u00bb, \u00ab D\u00e9nivel\u00e9e \u00bb et \u00ab Altitude \u00bb peuvent s\u2019ouvrir et se transformer en une seule et m\u00eame <\/span><b><span data-contrast=\"auto\">salle de soir\u00e9e<\/span><\/b><span data-contrast=\"auto\">. Du parquet a m\u00eame \u00e9t\u00e9 pos\u00e9 dans une partie de l\u2019espace, et peut servir de <\/span><b><span data-contrast=\"auto\">dancefloor<\/span><\/b><span data-contrast=\"auto\"> pour vous y accueillir jusqu\u2019au petit matin.<\/span><span data-ccp-props=\"{}\">\u00a0<\/span><\/p>\n<p><span data-contrast=\"auto\">Imagin\u00e9 \u00e0 l\u2019occasion des r\u00e9novations, \u00ab Free style \u00bb ravira les groupes \u00e0 la recherche d\u2019un lieu convivial o\u00f9 <\/span><b><span data-contrast=\"auto\">travail et fun<\/span><\/b><span data-contrast=\"auto\"> vont de pair. Son mobilier s\u2019imbrique comme des Legos et ce <\/span><b><span data-contrast=\"auto\">salon disruptif<\/span><\/b><span data-contrast=\"auto\"> pourra donc \u00eatre r\u00e9invent\u00e9 autant que vous voudrez !<\/span><span data-ccp-props=\"{}\">\u00a0<\/span><\/p>\n<p><span data-contrast=\"auto\">Enfin passons au clou du spectacle : <\/span><b><span data-contrast=\"auto\">l\u2019amphith\u00e9\u00e2tre<\/span><\/b><span data-contrast=\"auto\">. Avec ses <\/span><b><span data-contrast=\"auto\">gradins \u00e9lectriques<\/span><\/b><span data-contrast=\"auto\">, son <\/span><b><span data-contrast=\"auto\">acoustique exceptionnelle<\/span><\/b><span data-contrast=\"auto\">, et ses <\/span><b><span data-contrast=\"auto\">grandes ouvertures<\/span><\/b><span data-contrast=\"auto\"> sur la rue, il constitue l\u2019espace MICE phare de l\u2019h\u00f4tel\u2026 Alors pour vos <\/span><b><span data-contrast=\"auto\">conventions<\/span><\/b><span data-contrast=\"auto\">, <\/span><b><span data-contrast=\"auto\">assembl\u00e9es<\/span><\/b><span data-contrast=\"auto\"> ou autres \u00e9v\u00e8nements<\/span><b><span data-contrast=\"auto\"> \u00e0 grande \u00e9chelle<\/span><\/b><span data-contrast=\"auto\">, n\u2019h\u00e9sitez pas\u2026 \u00ab Podium \u00bb ne vous d\u00e9cevra pas !<\/span><span data-ccp-props=\"{}\">\u00a0<\/span><\/p>\n\t\t\t\t\t<\/div>\n\t\t\t\t\t\t\t\t\t<\/div>\n\t\t\t<\/div>    \n\t\t\t    \n\t\t\t<div class=\"col-lg-6 order-first order-lg-last mb-7 mb-lg-0\">\n\t\t\t\t<img decoding=\"async\" src=\"https:\/\/www.myallmeeting.com\/wp-content\/uploads\/2021\/01\/aja_p_6168-87__original-953x600.jpeg\" width=\"953\" height=\"600\" alt=\"\" loading=\"lazy\" class=\"w-100\" \/>\n\t\t\t<\/div>\n\t\t\t\t\t<\/div>\n\t<\/div>\n<\/div>\n<!-- END OF : Composant : block-periscope-theme-section-composant-33-texte-image.php -->\n","protected":false},"excerpt":{"rendered":"<p>Venez d\u00e9couvrir la Venise des Alpes gr\u00e2ce au Novotel Annecy Centre<\/p>\n","protected":false},"featured_media":16555789,"menu_order":0,"template":"","periscope_categorie_tax":[1651],"class_list":["post-15226691","article","type-article","status-publish","has-post-thumbnail","hentry","periscope_categorie_tax-reportage-du-mois"],"acf":[],"yoast_head":"<title>Une r\u00e9union \u00ab\u00a0grands frissons\u00a0\u00bb au Novotel Annecy Centre - Accor MyAllMeeting.com<\/title>\n<meta name=\"robots\" content=\"index, follow, max-snippet:-1, max-image-preview:large, max-video-preview:-1\" \/>\n<link rel=\"canonical\" href=\"https:\/\/www.myallmeeting.com\/fr\/wp-json\/wp\/v2\/article\/15226691\" \/>\n<meta property=\"og:locale\" content=\"fr_FR\" \/>\n<meta property=\"og:type\" content=\"article\" \/>\n<meta property=\"og:title\" content=\"Une r\u00e9union \u00ab\u00a0grands frissons\u00a0\u00bb au Novotel Annecy Centre - Accor MyAllMeeting.com\" \/>\n<meta property=\"og:description\" content=\"Venez d\u00e9couvrir la Venise des Alpes gr\u00e2ce au Novotel Annecy Centre\" \/>\n<meta property=\"og:url\" content=\"https:\/\/www.myallmeeting.com\/fr\/article\/une-reunion-grands-frissons-au-novotel-annecy-centre\/\" \/>\n<meta property=\"og:site_name\" content=\"Accor MyAllMeeting.com\" \/>\n<meta property=\"article:modified_time\" content=\"2024-11-12T13:39:25+00:00\" \/>\n<meta property=\"og:image\" content=\"https:\/\/myallmeeting.com\/wp-content\/uploads\/2021\/01\/MAM-baner-1920x570-10-1024x304.png\" \/>\n\t<meta property=\"og:image:width\" content=\"1024\" \/>\n\t<meta property=\"og:image:height\" content=\"304\" \/>\n\t<meta property=\"og:image:type\" content=\"image\/png\" \/>\n<meta name=\"twitter:card\" content=\"summary_large_image\" \/>\n<meta name=\"twitter:label1\" content=\"Dur\u00e9e de lecture estim\u00e9e\" \/>\n\t<meta name=\"twitter:data1\" content=\"5 minutes\" \/>\n<script type=\"application\/ld+json\" class=\"yoast-schema-graph\">{\"@context\":\"https:\/\/schema.org\",\"@graph\":[{\"@type\":\"WebPage\",\"@id\":\"https:\/\/www.myallmeeting.com\/fr\/article\/une-reunion-grands-frissons-au-novotel-annecy-centre\/\",\"url\":\"https:\/\/www.myallmeeting.com\/fr\/article\/une-reunion-grands-frissons-au-novotel-annecy-centre\/\",\"name\":\"Une r\u00e9union \u00ab\u00a0grands frissons\u00a0\u00bb au Novotel Annecy Centre - Accor MyAllMeeting.com\",\"isPartOf\":{\"@id\":\"https:\/\/www.myallmeeting.com\/fr\/#website\"},\"primaryImageOfPage\":{\"@id\":\"https:\/\/www.myallmeeting.com\/fr\/article\/une-reunion-grands-frissons-au-novotel-annecy-centre\/#primaryimage\"},\"image\":{\"@id\":\"https:\/\/www.myallmeeting.com\/fr\/article\/une-reunion-grands-frissons-au-novotel-annecy-centre\/#primaryimage\"},\"thumbnailUrl\":\"https:\/\/www.myallmeeting.com\/wp-content\/uploads\/2021\/01\/MAM-baner-1920x570-10.png\",\"datePublished\":\"2021-01-15T10:20:00+00:00\",\"dateModified\":\"2024-11-12T13:39:25+00:00\",\"breadcrumb\":{\"@id\":\"https:\/\/www.myallmeeting.com\/fr\/article\/une-reunion-grands-frissons-au-novotel-annecy-centre\/#breadcrumb\"},\"inLanguage\":\"fr-FR\",\"potentialAction\":[{\"@type\":\"ReadAction\",\"target\":[\"https:\/\/www.myallmeeting.com\/fr\/article\/une-reunion-grands-frissons-au-novotel-annecy-centre\/\"]}]},{\"@type\":\"ImageObject\",\"inLanguage\":\"fr-FR\",\"@id\":\"https:\/\/www.myallmeeting.com\/fr\/article\/une-reunion-grands-frissons-au-novotel-annecy-centre\/#primaryimage\",\"url\":\"https:\/\/www.myallmeeting.com\/wp-content\/uploads\/2021\/01\/MAM-baner-1920x570-10.png\",\"contentUrl\":\"https:\/\/www.myallmeeting.com\/wp-content\/uploads\/2021\/01\/MAM-baner-1920x570-10.png\",\"width\":1920,\"height\":570},{\"@type\":\"BreadcrumbList\",\"@id\":\"https:\/\/www.myallmeeting.com\/fr\/article\/une-reunion-grands-frissons-au-novotel-annecy-centre\/#breadcrumb\",\"itemListElement\":[{\"@type\":\"ListItem\",\"position\":1,\"name\":\"Accueil\",\"item\":\"https:\/\/myallmeeting.com\/fr\/\"},{\"@type\":\"ListItem\",\"position\":2,\"name\":\"Actualit\u00e9s\",\"item\":\"https:\/\/www.myallmeeting.com\/fr\/actualite\/\"},{\"@type\":\"ListItem\",\"position\":3,\"name\":\"Une r\u00e9union \u00ab\u00a0grands frissons\u00a0\u00bb au Novotel Annecy Centre\"}]},{\"@type\":\"WebSite\",\"@id\":\"https:\/\/www.myallmeeting.com\/fr\/#website\",\"url\":\"https:\/\/www.myallmeeting.com\/fr\/\",\"name\":\"Accor MyAllMeeting.com\",\"description\":\"Les Meilleurs lieux pour vos Ev\u00e9nements Professionnels\",\"publisher\":{\"@id\":\"https:\/\/www.myallmeeting.com\/fr\/#organization\"},\"potentialAction\":[{\"@type\":\"SearchAction\",\"target\":{\"@type\":\"EntryPoint\",\"urlTemplate\":\"https:\/\/www.myallmeeting.com\/fr\/?s={search_term_string}\"},\"query-input\":{\"@type\":\"PropertyValueSpecification\",\"valueRequired\":true,\"valueName\":\"search_term_string\"}}],\"inLanguage\":\"fr-FR\"},{\"@type\":\"Organization\",\"@id\":\"https:\/\/www.myallmeeting.com\/fr\/#organization\",\"name\":\"ACCOR\",\"url\":\"https:\/\/www.myallmeeting.com\/fr\/\",\"logo\":{\"@type\":\"ImageObject\",\"inLanguage\":\"fr-FR\",\"@id\":\"https:\/\/www.myallmeeting.com\/fr\/#\/schema\/logo\/image\/\",\"url\":\"\",\"contentUrl\":\"\",\"caption\":\"ACCOR\"},\"image\":{\"@id\":\"https:\/\/www.myallmeeting.com\/fr\/#\/schema\/logo\/image\/\"}}]}<\/script>","yoast_head_json":{"title":"Une r\u00e9union \u00ab\u00a0grands frissons\u00a0\u00bb au Novotel Annecy Centre - Accor MyAllMeeting.com","robots":{"index":"index","follow":"follow","max-snippet":"max-snippet:-1","max-image-preview":"max-image-preview:large","max-video-preview":"max-video-preview:-1"},"canonical":"https:\/\/www.myallmeeting.com\/fr\/wp-json\/wp\/v2\/article\/15226691","og_locale":"fr_FR","og_type":"article","og_title":"Une r\u00e9union \u00ab\u00a0grands frissons\u00a0\u00bb au Novotel Annecy Centre - Accor MyAllMeeting.com","og_description":"Venez d\u00e9couvrir la Venise des Alpes gr\u00e2ce au Novotel Annecy Centre","og_url":"https:\/\/www.myallmeeting.com\/fr\/article\/une-reunion-grands-frissons-au-novotel-annecy-centre\/","og_site_name":"Accor MyAllMeeting.com","article_modified_time":"2024-11-12T13:39:25+00:00","og_image":[{"width":1024,"height":304,"url":"https:\/\/myallmeeting.com\/wp-content\/uploads\/2021\/01\/MAM-baner-1920x570-10-1024x304.png","type":"image\/png"}],"twitter_card":"summary_large_image","twitter_misc":{"Dur\u00e9e de lecture estim\u00e9e":"5 minutes"},"schema":{"@context":"https:\/\/schema.org","@graph":[{"@type":"WebPage","@id":"https:\/\/www.myallmeeting.com\/fr\/article\/une-reunion-grands-frissons-au-novotel-annecy-centre\/","url":"https:\/\/www.myallmeeting.com\/fr\/article\/une-reunion-grands-frissons-au-novotel-annecy-centre\/","name":"Une r\u00e9union \u00ab\u00a0grands frissons\u00a0\u00bb au Novotel Annecy Centre - Accor MyAllMeeting.com","isPartOf":{"@id":"https:\/\/www.myallmeeting.com\/fr\/#website"},"primaryImageOfPage":{"@id":"https:\/\/www.myallmeeting.com\/fr\/article\/une-reunion-grands-frissons-au-novotel-annecy-centre\/#primaryimage"},"image":{"@id":"https:\/\/www.myallmeeting.com\/fr\/article\/une-reunion-grands-frissons-au-novotel-annecy-centre\/#primaryimage"},"thumbnailUrl":"https:\/\/www.myallmeeting.com\/wp-content\/uploads\/2021\/01\/MAM-baner-1920x570-10.png","datePublished":"2021-01-15T10:20:00+00:00","dateModified":"2024-11-12T13:39:25+00:00","breadcrumb":{"@id":"https:\/\/www.myallmeeting.com\/fr\/article\/une-reunion-grands-frissons-au-novotel-annecy-centre\/#breadcrumb"},"inLanguage":"fr-FR","potentialAction":[{"@type":"ReadAction","target":["https:\/\/www.myallmeeting.com\/fr\/article\/une-reunion-grands-frissons-au-novotel-annecy-centre\/"]}]},{"@type":"ImageObject","inLanguage":"fr-FR","@id":"https:\/\/www.myallmeeting.com\/fr\/article\/une-reunion-grands-frissons-au-novotel-annecy-centre\/#primaryimage","url":"https:\/\/www.myallmeeting.com\/wp-content\/uploads\/2021\/01\/MAM-baner-1920x570-10.png","contentUrl":"https:\/\/www.myallmeeting.com\/wp-content\/uploads\/2021\/01\/MAM-baner-1920x570-10.png","width":1920,"height":570},{"@type":"BreadcrumbList","@id":"https:\/\/www.myallmeeting.com\/fr\/article\/une-reunion-grands-frissons-au-novotel-annecy-centre\/#breadcrumb","itemListElement":[{"@type":"ListItem","position":1,"name":"Accueil","item":"https:\/\/myallmeeting.com\/fr\/"},{"@type":"ListItem","position":2,"name":"Actualit\u00e9s","item":"https:\/\/www.myallmeeting.com\/fr\/actualite\/"},{"@type":"ListItem","position":3,"name":"Une r\u00e9union \u00ab\u00a0grands frissons\u00a0\u00bb au Novotel Annecy Centre"}]},{"@type":"WebSite","@id":"https:\/\/www.myallmeeting.com\/fr\/#website","url":"https:\/\/www.myallmeeting.com\/fr\/","name":"Accor MyAllMeeting.com","description":"Les Meilleurs lieux pour vos Ev\u00e9nements Professionnels","publisher":{"@id":"https:\/\/www.myallmeeting.com\/fr\/#organization"},"potentialAction":[{"@type":"SearchAction","target":{"@type":"EntryPoint","urlTemplate":"https:\/\/www.myallmeeting.com\/fr\/?s={search_term_string}"},"query-input":{"@type":"PropertyValueSpecification","valueRequired":true,"valueName":"search_term_string"}}],"inLanguage":"fr-FR"},{"@type":"Organization","@id":"https:\/\/www.myallmeeting.com\/fr\/#organization","name":"ACCOR","url":"https:\/\/www.myallmeeting.com\/fr\/","logo":{"@type":"ImageObject","inLanguage":"fr-FR","@id":"https:\/\/www.myallmeeting.com\/fr\/#\/schema\/logo\/image\/","url":"","contentUrl":"","caption":"ACCOR"},"image":{"@id":"https:\/\/www.myallmeeting.com\/fr\/#\/schema\/logo\/image\/"}}]}},"_links":{"self":[{"href":"https:\/\/www.myallmeeting.com\/fr\/wp-json\/wp\/v2\/article\/15226691","targetHints":{"allow":["GET"]}}],"collection":[{"href":"https:\/\/www.myallmeeting.com\/fr\/wp-json\/wp\/v2\/article"}],"about":[{"href":"https:\/\/www.myallmeeting.com\/fr\/wp-json\/wp\/v2\/types\/article"}],"wp:featuredmedia":[{"embeddable":true,"href":"https:\/\/www.myallmeeting.com\/fr\/wp-json\/wp\/v2\/media\/16555789"}],"wp:attachment":[{"href":"https:\/\/www.myallmeeting.com\/fr\/wp-json\/wp\/v2\/media?parent=15226691"}],"wp:term":[{"taxonomy":"periscope_categorie_tax","embeddable":true,"href":"https:\/\/www.myallmeeting.com\/fr\/wp-json\/wp\/v2\/periscope_categorie_tax?post=15226691"}],"curies":[{"name":"wp","href":"https:\/\/api.w.org\/{rel}","templated":true}]}}