{"id":15226689,"date":"2021-05-18T11:23:22","date_gmt":"2021-05-18T09:23:22","guid":{"rendered":"https:\/\/myallmeeting.com\/article\/nos-adresses-avec-rooftop-a-paris\/"},"modified":"2024-07-09T18:16:55","modified_gmt":"2024-07-09T16:16:55","slug":"nos-adresses-avec-rooftop-a-paris","status":"publish","type":"article","link":"https:\/\/www.myallmeeting.com\/fr\/article\/nos-adresses-avec-rooftop-a-paris\/","title":{"rendered":"Nos adresses avec rooftop \u00e0 Paris !"},"content":{"rendered":"<!-- START OF : Composant : block-periscope-theme-section-composant-25-texte-cta-2-images.php -->\n<div class=\"tcta2ia bg-white fs-wysiwyg mb-lg-12\" data-component=\"25-texte-cta-2-images\">\n\t<div class=\"tcta2ia__top\">\n\t\t<div class=\"container-fluid\" style=\"--bs-gutter-x: 0\">\n\t\t\t<div class=\"row\" style=\"--bs-gutter-x: 0\">\n\t\t\t\t<div class=\"col-lg-8\">\n\t\t\t\t\t\t\t\t\t\t<div class=\"bloc-mise-en-avant__top__left\">\n\t\t\t\t\t\t<img decoding=\"async\" src=\"https:\/\/www.myallmeeting.com\/wp-content\/uploads\/2021\/05\/5806-50-1268x846.jpg\" class=\"pe-2 pe-lg-0\" width=\"1268\" height=\"846\" alt=\"rooftop privatisable paris\" loading=\"lazy\" \/>\n\t\t\t\t\t<\/div>\n\t\t\t\t\t\t\t\t\t\t<div class=\"tcta2ia__bottom d-none d-lg-block pb-12 pt-lg-9 pb-lg-0 pe-lg-10\">\n\t\t\t\t\t\t\t\t\t\t\t\t<h2 class=\"fs-20 fs-lg-32 fw-semibold\">Novotel Paris Porte de Versailles<\/h2>\n\t\t\t\t\t\t\t\t\t\t\t\t\t\t\t\t\t\t<div class=\"fs-wysiwyg\"><p><b>Pleine vue sur la Tour Eiffel<\/b><\/p>\n<p><span style=\"font-weight: 400;\">Le <a href=\"https:\/\/myallmeeting.com\/fr\/hotel\/a7l6-novotel-paris-porte-de-versailles-opening-in-january-2020\/\">Novotel Paris Porte de Versailles<\/a> est une adresse incontournable du quartier de la Porte de Versailles. Situ\u00e9 \u00e0 l\u2019entr\u00e9e du parc Paris Expo, au pied de l\u2019entr\u00e9e B, il dispose d\u2019une entr\u00e9e depuis le Pavillon 6.\u00a0<\/span><b>D\u2019architecture contemporaine et \u00e9pur\u00e9e,<\/b><span style=\"font-weight: 400;\">\u00a0l\u2019\u00e9tablissement a \u00e9galement de quoi s\u00e9duire et surprendre : espaces de vie insolites, salles de r\u00e9union dernier cri, restauration originale aux couleurs de la Provence.\u00a0<\/span><b>Le \u00ab top \u00bb : le Pedzouille, sa \u00ab grange rooftop \u00bb\u2026<\/b><span style=\"font-weight: 400;\">\u00a0Le top pour\u00a0<\/span><b>une restauration conviviale et authentique<\/b><span style=\"font-weight: 400;\">\u00a0cet \u00e9t\u00e9 face \u00e0 la Tour Eiffel !<\/span><\/p>\n<\/div>\n\t\t\t\t\t\t\t\t\t\t\t\t<div class=\"d-flex flex-column flex-lg-row align-items-center gap-5 gap-lg-8 justify-content-between\">\n\t\t\t\t\t\t\t<div class=\"fs-20 fs-lg-26 fw-semibold lh-xs\"><\/div>\n\t\t\t\t\t\t\t\t\t\t\t\t\t<\/div>\n\t\t\t\t\t<\/div>\n\t\t\t\t<\/div>\n\t\t\t\t<div class=\"col-lg-4\">\n\t\t\t\t\t<div class=\"tcta2ia__top__right t-0 r-0 bg-primary text-white pt-4 pb-4 px-2 pt-lg-8 pb-lg-16 px-lg-11 pb-xl-30\">\n\t\t\t\t\t\t\t\t\t\t\t\t\t\t\t\t\t\t<h2 class=\"unna fs-36 fs-lg-51 fs-xl-75 fs-italic fw-normal text-secondary\">Nos adresses avec rooftop \u00e0 Paris !<\/h2>\n\t\t\t\t\t\t\t\t\t\t\t\t\t\t\t\t\t\t<h3 class=\"text-white fs-18 fs-lg-20 fs-xl-28 text-original-case\">Incontournables pour partager un moment de d\u00e9tente et de convivialit\u00e9 entre collaborateurs, les rooftops (terrasses sur les toits) permettent de joindre l\u2019utile \u00e0 l\u2019agr\u00e9able.<\/h3>\n\t\t\t\t\t\t\t\t\t\t\t\t\t\t\t\t\t\t<div class=\"fs-wysiwyg mb-4 fs-lg-16 fs-xl-20\"><p><b><i>Accor vous propose une s\u00e9lection de 6 adresses inspirantes pour d\u00e9guster un caf\u00e9, un cocktail ou d\u00e9jeuner \u00e0 l\u2019air libre, avec le Tout-Paris \u00e0 vos pieds\u00a0! Pour vos \u00e9v\u00e9nements, ces rooftops \u00e0 Paris sont privatisables.<\/i><\/b><\/p>\n<\/div>\n\t\t\t\t\t\t\t\t\t\t\t\t\t\t\t\t\t\t\t\t\t\t\t\t<p class=\"m-0\"><img decoding=\"async\" src=\"https:\/\/www.myallmeeting.com\/wp-content\/uploads\/2021\/05\/5806-51-633x398.jpg\" class=\"position-relative l-0\" width=\"633\" height=\"398\" alt=\"rooftop privatisable paris\" loading=\"lazy\" \/><\/p>\n\t\t\t\t\t\t\t\t\t\t\t<\/div>\n\t\t\t\t<\/div>\n\t\t\t<\/div>\n\t\t<\/div>\n\t<\/div>\n\t<div class=\"tcta2ia__bottom d-lg-none pb-12 py-lg-9 pe-lg-10\">\n\t\t\t\t<div class=\"h2 fs-20 fs-lg-32 fw-semibold\">Novotel Paris Porte de Versailles<\/div>\n\t\t\t\t\t\t<div class=\"fs-wysiwyg\"><p><b>Pleine vue sur la Tour Eiffel<\/b><\/p>\n<p><span style=\"font-weight: 400;\">Le <a href=\"https:\/\/myallmeeting.com\/fr\/hotel\/a7l6-novotel-paris-porte-de-versailles-opening-in-january-2020\/\">Novotel Paris Porte de Versailles<\/a> est une adresse incontournable du quartier de la Porte de Versailles. Situ\u00e9 \u00e0 l\u2019entr\u00e9e du parc Paris Expo, au pied de l\u2019entr\u00e9e B, il dispose d\u2019une entr\u00e9e depuis le Pavillon 6.\u00a0<\/span><b>D\u2019architecture contemporaine et \u00e9pur\u00e9e,<\/b><span style=\"font-weight: 400;\">\u00a0l\u2019\u00e9tablissement a \u00e9galement de quoi s\u00e9duire et surprendre : espaces de vie insolites, salles de r\u00e9union dernier cri, restauration originale aux couleurs de la Provence.\u00a0<\/span><b>Le \u00ab top \u00bb : le Pedzouille, sa \u00ab grange rooftop \u00bb\u2026<\/b><span style=\"font-weight: 400;\">\u00a0Le top pour\u00a0<\/span><b>une restauration conviviale et authentique<\/b><span style=\"font-weight: 400;\">\u00a0cet \u00e9t\u00e9 face \u00e0 la Tour Eiffel !<\/span><\/p>\n<\/div>\n\t\t\t\t<div class=\"d-flex flex-column flex-lg-row align-items-center gap-5 gap-lg-8 justify-content-between\">\n\t\t\t<div class=\"fs-20 fs-lg-26 fw-semibold lh-xs\"><\/div>\n\t\t\t\t\t<\/div>\n\t<\/div>\n<\/div>\n<!-- END OF : Composant : block-periscope-theme-section-composant-25-texte-cta-2-images.php -->\n\n\n<!-- START OF : Composant : block-periscope-theme-section-composant-33-texte-image.php -->\n<div class=\"text-image fs-wysiwyg mb-8 mb-lg-12\" data-component=\"33-texte-image\">\n\t<div class=\"container-fluid\" style=\"--bs-gutter-x: 0\">\n\t\t<div class=\"row\" style=\"--bs-gutter-x: 0\">\n\t\t\t\t\t\t<div class=\"col-lg-6 mb-7 mb-lg-0\">\n\t\t\t\t<img decoding=\"async\" src=\"https:\/\/www.myallmeeting.com\/wp-content\/uploads\/2021\/05\/Ibis-Styles-Paris-Bercy-3-953x600.jpg\" width=\"953\" height=\"600\" alt=\"rooftop privatisable paris\" loading=\"lazy\" class=\"w-100\" \/>\n\t\t\t<\/div>\n\t\t\t\t\t\t<div class=\"col-lg-6\">\n\t\t\t\t<div class=\"text-image__content\">\n\t\t\t\t\t\t\t\t\t\t<div class=\"fw-semibold lh-xs fs-20 fs-lg-32 ls--25 mb-5\">Ibis Styles Paris Bercy<\/div>\n\t\t\t\t\t\t\t\t\t\t\t\t\t\t\t<div class=\"fs-wysiwyg\">\n\t\t\t\t\t\t<p><b>Un rooftop dans le vent<\/b><\/p>\n<p><span style=\"font-weight: 400;\">\u00c0 l\u2019h\u00f4tel <a href=\"https:\/\/myallmeeting.com\/fr\/hotel\/0941-ibis-styles-paris-bercy\/\">Ibis Styles Paris Bercy<\/a>, les ma\u00eetres-mots sont les suivants\u00a0:\u00a0<\/span><b>convivialit\u00e9 et simplicit\u00e9.<\/b><span style=\"font-weight: 400;\">\u00a0Au c\u0153ur de Bercy Village, \u00e0 deux pas de l\u2019Accor Arena et de la gare de Lyon, \u00e0 10 min en m\u00e9tro du centre de la capitale,\u00a0<\/span><b>sa situation est id\u00e9ale.<\/b><span style=\"font-weight: 400;\">\u00a0Mention sp\u00e9ciale pour son design, l\u2019\u0153uvre de plusieurs artistes de <\/span><i><span style=\"font-weight: 400;\">street art<\/span><\/i><span style=\"font-weight: 400;\"> europ\u00e9ens qui booste la cr\u00e9ativit\u00e9 et inspire la bonne humeur !\u00a0<\/span><\/p>\n<p><span style=\"font-weight: 400;\">C\u00f4t\u00e9 d\u00e9tente, le rooftop de l\u2019\u00e9tablissement est unique : un espace de travail et de d\u00e9tente \u00e0 part enti\u00e8re de 1 000 m<\/span><span style=\"font-weight: 400;\">2<\/span><span style=\"font-weight: 400;\">\u00a0qui donne sur le parc de Bercy. Au programme, c<\/span><b>ocktail, d\u00eener \u00ab\u00a0food truck\u00a0\u00bb, afterwork.<\/b><span style=\"font-weight: 400;\">\u00a0L\u2019ambiance est conviviale, cool et branch\u00e9e\u00a0!<\/span><\/p>\n\t\t\t\t\t<\/div>\n\t\t\t\t\t\t\t\t\t<\/div>\n\t\t\t<\/div>        \n\t\t<\/div>\n\t<\/div>\n<\/div>\n<!-- END OF : Composant : block-periscope-theme-section-composant-33-texte-image.php -->\n\n\n<!-- START OF : Composant : block-periscope-theme-section-composant-33-texte-image.php -->\n<!-- INVERSE -->\n<div class=\"text-image fs-wysiwyg mb-8 mb-lg-12\" data-component=\"33-texte-image\" data-reverse=\"oui\">\n\t<div class=\"container-fluid\" style=\"--bs-gutter-x: 0\">\n\t\t<div class=\"row\" style=\"--bs-gutter-x: 0\">\n\t\t\t<div class=\"col-lg-6\">\n\t\t\t\t<div class=\"text-image__content\">\n\t\t\t\t\t\t\t\t\t\t<div class=\"fw-semibold lh-xs fs-20 fs-lg-32 ls--25 mb-5\">Mercure Paris Montmartre Sacr\u00e9-C\u0153ur<\/div>\n\t\t\t\t\t\t\t\t\t\t\t\t\t\t\t<div class=\"fs-wysiwyg\">\n\t\t\t\t\t\t<p><b>Un petit coin de paradis<\/b><\/p>\n<p><b>Situ\u00e9 au c\u0153ur de la vie parisienne la plus intense\u00a0<\/b><span style=\"font-weight: 400;\">(\u00e0 c\u00f4t\u00e9 du Sacr\u00e9-C\u0153ur, tout proche des Grands Magasins, de Pigalle et du Moulin Rouge), l\u2019h\u00f4tel 4 \u00e9toiles <a href=\"https:\/\/myallmeeting.com\/fr\/hotel\/0373-hotel-mercure-paris-montmartre-sacre-coeur\/\">Mercure Paris Montmartre Sacr\u00e9-C\u0153ur<\/a> offre depuis ses chambres\u00a0<\/span><b>une vue imprenable sur la basilique et la Tour Eiffel !<\/b><\/p>\n<p><span style=\"font-weight: 400;\">Mais son charme secret, c\u2019est sa <\/span><b>terrasse en rooftop<\/b> <b>\u00e0 Paris<\/b><span style=\"font-weight: 400;\">\u00a0:\u00a0<\/span><b>un lieu de d\u00e9tente privil\u00e9gi\u00e9<\/b><span style=\"font-weight: 400;\">\u00a0pour profiter, de jour comme de nuit, du calme et de la fra\u00eecheur au milieu du tumulte urbain. Qu\u2019il s\u2019agisse de boire un verre entre coll\u00e8gues ou de se ressourcer,\u00a0<\/span><b>le vrai luxe d\u2019un moment de bien-\u00eatre !<\/b><\/p>\n\t\t\t\t\t<\/div>\n\t\t\t\t\t\t\t\t\t<\/div>\n\t\t\t<\/div>    \n\t\t\t    \n\t\t\t<div class=\"col-lg-6 order-first order-lg-last mb-7 mb-lg-0\">\n\t\t\t\t<img decoding=\"async\" src=\"https:\/\/www.myallmeeting.com\/wp-content\/uploads\/2021\/05\/Mercure-Paris-Montmartre-Sacre-Coeur-3-953x600.jpg\" width=\"953\" height=\"600\" alt=\"rooftop privatisable paris\" loading=\"lazy\" class=\"w-100\" \/>\n\t\t\t<\/div>\n\t\t\t\t\t<\/div>\n\t<\/div>\n<\/div>\n<!-- END OF : Composant : block-periscope-theme-section-composant-33-texte-image.php -->\n\n\n<!-- START OF : Composant : block-periscope-theme-section-composant-33-texte-image.php -->\n<div class=\"text-image fs-wysiwyg mb-8 mb-lg-12\" data-component=\"33-texte-image\">\n\t<div class=\"container-fluid\" style=\"--bs-gutter-x: 0\">\n\t\t<div class=\"row\" style=\"--bs-gutter-x: 0\">\n\t\t\t\t\t\t<div class=\"col-lg-6 mb-7 mb-lg-0\">\n\t\t\t\t<img decoding=\"async\" src=\"https:\/\/www.myallmeeting.com\/wp-content\/uploads\/2021\/05\/Mama-paris-West-953x600.jpg\" width=\"953\" height=\"600\" alt=\"rooftop privatisable paris\" loading=\"lazy\" class=\"w-100\" \/>\n\t\t\t<\/div>\n\t\t\t\t\t\t<div class=\"col-lg-6\">\n\t\t\t\t<div class=\"text-image__content\">\n\t\t\t\t\t\t\t\t\t\t<div class=\"fw-semibold lh-xs fs-20 fs-lg-32 ls--25 mb-5\">Mama Shelter Paris West <\/div>\n\t\t\t\t\t\t\t\t\t\t\t\t\t\t\t<div class=\"fs-wysiwyg\">\n\t\t\t\t\t\t<p><b>Un nid par-dessus les toits<\/b><\/p>\n<p><span style=\"font-weight: 400;\">V<\/span><b>ous \u00eates chez vous, chez Mama.<\/b><span style=\"font-weight: 400;\">\u00a0Dans <a href=\"https:\/\/myallmeeting.com\/fr\/hotel\/b1c3-mama-shelter-paris-west-ouverture-decembre-2019\/\">son h\u00f4tel de la Porte de Versailles<\/a>, des chambres contemporaines et ultraconfortables sign\u00e9es Dion &amp; Arles (les c\u00e9l\u00e8bres d\u00e9corateurs d\u2019int\u00e9rieur), une literie 5 \u00e9toiles, des produits de soin bio,\u00a0<\/span><b>une restauration faite maison et un personnel aux petits soins.<\/b><\/p>\n<p><span style=\"font-weight: 400;\">Cerise sur le g\u00e2teau,\u00a0<\/span><b>ce cocon urbain<\/b><span style=\"font-weight: 400;\">\u00a0comporte aussi un rooftop avec vue panoramique sur les toits de la capitale. Plusieurs espaces ext\u00e9rieurs et int\u00e9rieurs ont \u00e9t\u00e9 pr\u00e9vus pour profiter du moment quelle que soit la m\u00e9t\u00e9o.\u00a0<\/span><b>Au menu\u00a0: pizza, petit-d\u00e9jeuner, cocktail et si le c\u0153ur vous en dit, ping-pong\u00a0!<\/b><\/p>\n\t\t\t\t\t<\/div>\n\t\t\t\t\t\t\t\t\t<\/div>\n\t\t\t<\/div>        \n\t\t<\/div>\n\t<\/div>\n<\/div>\n<!-- END OF : Composant : block-periscope-theme-section-composant-33-texte-image.php -->\n\n\n<!-- START OF : Composant : block-periscope-theme-section-composant-33-texte-image.php -->\n<!-- INVERSE -->\n<div class=\"text-image fs-wysiwyg mb-8 mb-lg-12\" data-component=\"33-texte-image\" data-reverse=\"oui\">\n\t<div class=\"container-fluid\" style=\"--bs-gutter-x: 0\">\n\t\t<div class=\"row\" style=\"--bs-gutter-x: 0\">\n\t\t\t<div class=\"col-lg-6\">\n\t\t\t\t<div class=\"text-image__content\">\n\t\t\t\t\t\t\t\t\t\t<div class=\"fw-semibold lh-xs fs-20 fs-lg-32 ls--25 mb-5\">Pullman Paris Montparnasse<\/div>\n\t\t\t\t\t\t\t\t\t\t\t\t\t\t\t<div class=\"fs-wysiwyg\">\n\t\t\t\t\t\t<p><b>Une exp\u00e9rience panoramique<\/b><\/p>\n<p><span style=\"font-weight: 400;\">A<\/span><b>u c\u0153ur d\u2019un quartier lui-m\u00eame en compl\u00e8te modernisation,<\/b><span style=\"font-weight: 400;\">\u00a0<a href=\"https:\/\/myallmeeting.com\/fr\/hotel\/8189-pullman-paris-montparnasse\/\">ce c\u00e9l\u00e8bre h\u00f4tel<\/a> d\u2019affaires propose derri\u00e8re sa fa\u00e7ade vitr\u00e9e le luxe de 957 chambres r\u00e9nov\u00e9es.\u00a0<\/span><b>5 000 m\u00b2\u00a0d\u2019espaces sont d\u00e9di\u00e9s aux \u00e9v\u00e9nements et aux r\u00e9unions<\/b><span style=\"font-weight: 400;\">\u00a0dont plusieurs de tr\u00e8s grande capacit\u00e9 (une salle pl\u00e9ni\u00e8re de\u00a0<\/span><b>742 m\u00b2,<\/b><span style=\"font-weight: 400;\">\u00a0avec une hauteur sous plafond de 7 m\u00e8tres).<\/span><\/p>\n<p><b>Le rooftop, qui domine Paris du haut de son 32<\/b><b>e<\/b><b>\u00a0et dernier \u00e9tage,<\/b><span style=\"font-weight: 400;\">\u00a0est \u00e0 la mesure de cet immense h\u00f4tel : des vues spectaculaires sur toute la Ville-Lumi\u00e8re ! Pour des d\u00e9jeuners ou d\u00eeners business inspirants\u2026<\/span><\/p>\n\t\t\t\t\t<\/div>\n\t\t\t\t\t\t\t\t\t<\/div>\n\t\t\t<\/div>    \n\t\t\t    \n\t\t\t<div class=\"col-lg-6 order-first order-lg-last mb-7 mb-lg-0\">\n\t\t\t\t<img decoding=\"async\" src=\"https:\/\/www.myallmeeting.com\/wp-content\/uploads\/2021\/05\/6409-72-953x600.jpg\" width=\"953\" height=\"600\" alt=\"rooftop privatisable paris\" loading=\"lazy\" class=\"w-100\" \/>\n\t\t\t<\/div>\n\t\t\t\t\t<\/div>\n\t<\/div>\n<\/div>\n<!-- END OF : Composant : block-periscope-theme-section-composant-33-texte-image.php -->\n\n\n<!-- START OF : Composant : block-periscope-theme-section-composant-33-texte-image.php -->\n<div class=\"text-image fs-wysiwyg mb-8 mb-lg-12\" data-component=\"33-texte-image\">\n\t<div class=\"container-fluid\" style=\"--bs-gutter-x: 0\">\n\t\t<div class=\"row\" style=\"--bs-gutter-x: 0\">\n\t\t\t\t\t\t<div class=\"col-lg-6 mb-7 mb-lg-0\">\n\t\t\t\t<img decoding=\"async\" src=\"https:\/\/www.myallmeeting.com\/wp-content\/uploads\/2021\/05\/Hotel-Molitor-Paris-MGallery-8-953x600.jpg\" width=\"953\" height=\"600\" alt=\"rooftop privatisable paris\" loading=\"lazy\" class=\"w-100\" \/>\n\t\t\t<\/div>\n\t\t\t\t\t\t<div class=\"col-lg-6\">\n\t\t\t\t<div class=\"text-image__content\">\n\t\t\t\t\t\t\t\t\t\t<div class=\"fw-semibold lh-xs fs-20 fs-lg-32 ls--25 mb-5\">H\u00f4tel Molitor Paris MGallery<\/div>\n\t\t\t\t\t\t\t\t\t\t\t\t\t\t\t<div class=\"fs-wysiwyg\">\n\t\t\t\t\t\t<p><b>Point de vue d\u2019exception<\/b><\/p>\n<p><span style=\"font-weight: 400;\">H\u00f4tel 5 \u00e9toiles du 16<\/span><span style=\"font-weight: 400;\">e<\/span><span style=\"font-weight: 400;\">\u00a0arrondissement de Paris, le <a href=\"https:\/\/myallmeeting.com\/fr\/hotel\/7326-molitor-hotel-spa-paris-mgallery-collection\/\">Molitor MGallery<\/a>, c\u2019est d\u2019abord\u00a0<\/span><b>un site parisien exceptionnel<\/b><span style=\"font-weight: 400;\">, celui de la c\u00e9l\u00e8bre piscine des ann\u00e9es 1920, class\u00e9e aux Monuments Historiques.\u00a0<\/span><b>C\u2019est aussi tout le raffinement et le luxe \u00e0 la fran\u00e7aise.<\/b><span style=\"font-weight: 400;\">\u00a0L\u2019\u00e9tablissement, implant\u00e9 autour des deux bassins, propose 117 chambres et 7 suites au design sobre et \u00e9pur\u00e9, l\u2019acc\u00e8s aux deux piscines chauff\u00e9es \u00e0 28\u00b0 tout au long de l\u2019ann\u00e9e, un spa, deux restaurants.<\/span><\/p>\n<p><span style=\"font-weight: 400;\">Si l\u2019on souhaite prendre l\u2019air, le soleil\u2026 et de la hauteur,\u00a0<\/span><b>direction le rooftop privatisable,<\/b><span style=\"font-weight: 400;\">\u00a0qui peut accueillir jusqu\u2019\u00e0 120 personnes.\u00a0<\/span><b>La vue sur les piscines, la Tour Eiffel et les toits de Paris est magique !<\/b><\/p>\n<p>&nbsp;<\/p>\n<p><span style=\"font-weight: 400;\">D\u00e9couvrez \u00e9galement d\u2019incroyables et uniques rooftops en province\u00a0<\/span><a href=\"https:\/\/myallmeeting.com\/fr\/non-classifiee\/selection-rooftops-accor-soirees-estivales\/\"><b>dans ce reportage d\u00e9di\u00e9 !<\/b><\/a><\/p>\n\t\t\t\t\t<\/div>\n\t\t\t\t\t\t\t\t\t<\/div>\n\t\t\t<\/div>        \n\t\t<\/div>\n\t<\/div>\n<\/div>\n<!-- END OF : Composant : block-periscope-theme-section-composant-33-texte-image.php -->\n","protected":false},"excerpt":{"rendered":"<p>D\u00e9couvrez les vues de Paris gr\u00e2ce aux rooftops de nos h\u00f4tels.<\/p>\n","protected":false},"featured_media":15964829,"menu_order":0,"template":"","periscope_categorie_tax":[1648],"class_list":["post-15226689","article","type-article","status-publish","has-post-thumbnail","hentry","periscope_categorie_tax-tous-nos-tops-selections"],"acf":[],"yoast_head":"<title>Nos adresses avec rooftop \u00e0 Paris ! - Accor MyAllMeeting.com<\/title>\n<meta name=\"robots\" content=\"index, follow, max-snippet:-1, max-image-preview:large, max-video-preview:-1\" \/>\n<link rel=\"canonical\" href=\"https:\/\/www.myallmeeting.com\/fr\/wp-json\/wp\/v2\/article\/15226689\" \/>\n<meta property=\"og:locale\" content=\"fr_FR\" \/>\n<meta property=\"og:type\" content=\"article\" \/>\n<meta property=\"og:title\" content=\"Nos adresses avec rooftop \u00e0 Paris ! - Accor MyAllMeeting.com\" \/>\n<meta property=\"og:description\" content=\"D\u00e9couvrez les vues de Paris gr\u00e2ce aux rooftops de nos h\u00f4tels.\" \/>\n<meta property=\"og:url\" content=\"https:\/\/www.myallmeeting.com\/fr\/article\/nos-adresses-avec-rooftop-a-paris\/\" \/>\n<meta property=\"og:site_name\" content=\"Accor MyAllMeeting.com\" \/>\n<meta property=\"article:modified_time\" content=\"2024-07-09T16:16:55+00:00\" \/>\n<meta property=\"og:image\" content=\"https:\/\/www.myallmeeting.com\/wp-content\/uploads\/2021\/05\/Paris-aerial-view.png\" \/>\n\t<meta property=\"og:image:width\" content=\"1920\" \/>\n\t<meta property=\"og:image:height\" content=\"570\" \/>\n\t<meta property=\"og:image:type\" content=\"image\/png\" \/>\n<meta name=\"twitter:card\" content=\"summary_large_image\" \/>\n<meta name=\"twitter:label1\" content=\"Dur\u00e9e de lecture estim\u00e9e\" \/>\n\t<meta name=\"twitter:data1\" content=\"6 minutes\" \/>\n<script type=\"application\/ld+json\" class=\"yoast-schema-graph\">{\"@context\":\"https:\/\/schema.org\",\"@graph\":[{\"@type\":\"WebPage\",\"@id\":\"https:\/\/www.myallmeeting.com\/fr\/article\/nos-adresses-avec-rooftop-a-paris\/\",\"url\":\"https:\/\/www.myallmeeting.com\/fr\/article\/nos-adresses-avec-rooftop-a-paris\/\",\"name\":\"Nos adresses avec rooftop \u00e0 Paris ! - Accor MyAllMeeting.com\",\"isPartOf\":{\"@id\":\"https:\/\/www.myallmeeting.com\/fr\/#website\"},\"primaryImageOfPage\":{\"@id\":\"https:\/\/www.myallmeeting.com\/fr\/article\/nos-adresses-avec-rooftop-a-paris\/#primaryimage\"},\"image\":{\"@id\":\"https:\/\/www.myallmeeting.com\/fr\/article\/nos-adresses-avec-rooftop-a-paris\/#primaryimage\"},\"thumbnailUrl\":\"https:\/\/www.myallmeeting.com\/wp-content\/uploads\/2021\/05\/Paris-aerial-view.png\",\"datePublished\":\"2021-05-18T09:23:22+00:00\",\"dateModified\":\"2024-07-09T16:16:55+00:00\",\"breadcrumb\":{\"@id\":\"https:\/\/www.myallmeeting.com\/fr\/article\/nos-adresses-avec-rooftop-a-paris\/#breadcrumb\"},\"inLanguage\":\"fr-FR\",\"potentialAction\":[{\"@type\":\"ReadAction\",\"target\":[\"https:\/\/www.myallmeeting.com\/fr\/article\/nos-adresses-avec-rooftop-a-paris\/\"]}]},{\"@type\":\"ImageObject\",\"inLanguage\":\"fr-FR\",\"@id\":\"https:\/\/www.myallmeeting.com\/fr\/article\/nos-adresses-avec-rooftop-a-paris\/#primaryimage\",\"url\":\"https:\/\/www.myallmeeting.com\/wp-content\/uploads\/2021\/05\/Paris-aerial-view.png\",\"contentUrl\":\"https:\/\/www.myallmeeting.com\/wp-content\/uploads\/2021\/05\/Paris-aerial-view.png\",\"width\":1920,\"height\":570},{\"@type\":\"BreadcrumbList\",\"@id\":\"https:\/\/www.myallmeeting.com\/fr\/article\/nos-adresses-avec-rooftop-a-paris\/#breadcrumb\",\"itemListElement\":[{\"@type\":\"ListItem\",\"position\":1,\"name\":\"Accueil\",\"item\":\"https:\/\/myallmeeting.com\/fr\/\"},{\"@type\":\"ListItem\",\"position\":2,\"name\":\"Actualit\u00e9s\",\"item\":\"https:\/\/www.myallmeeting.com\/fr\/actualite\/\"},{\"@type\":\"ListItem\",\"position\":3,\"name\":\"Nos adresses avec rooftop \u00e0 Paris !\"}]},{\"@type\":\"WebSite\",\"@id\":\"https:\/\/www.myallmeeting.com\/fr\/#website\",\"url\":\"https:\/\/www.myallmeeting.com\/fr\/\",\"name\":\"Accor MyAllMeeting.com\",\"description\":\"Les Meilleurs lieux pour vos Ev\u00e9nements Professionnels\",\"publisher\":{\"@id\":\"https:\/\/www.myallmeeting.com\/fr\/#organization\"},\"potentialAction\":[{\"@type\":\"SearchAction\",\"target\":{\"@type\":\"EntryPoint\",\"urlTemplate\":\"https:\/\/www.myallmeeting.com\/fr\/?s={search_term_string}\"},\"query-input\":{\"@type\":\"PropertyValueSpecification\",\"valueRequired\":true,\"valueName\":\"search_term_string\"}}],\"inLanguage\":\"fr-FR\"},{\"@type\":\"Organization\",\"@id\":\"https:\/\/www.myallmeeting.com\/fr\/#organization\",\"name\":\"ACCOR\",\"url\":\"https:\/\/www.myallmeeting.com\/fr\/\",\"logo\":{\"@type\":\"ImageObject\",\"inLanguage\":\"fr-FR\",\"@id\":\"https:\/\/www.myallmeeting.com\/fr\/#\/schema\/logo\/image\/\",\"url\":\"\",\"contentUrl\":\"\",\"caption\":\"ACCOR\"},\"image\":{\"@id\":\"https:\/\/www.myallmeeting.com\/fr\/#\/schema\/logo\/image\/\"}}]}<\/script>","yoast_head_json":{"title":"Nos adresses avec rooftop \u00e0 Paris ! - Accor MyAllMeeting.com","robots":{"index":"index","follow":"follow","max-snippet":"max-snippet:-1","max-image-preview":"max-image-preview:large","max-video-preview":"max-video-preview:-1"},"canonical":"https:\/\/www.myallmeeting.com\/fr\/wp-json\/wp\/v2\/article\/15226689","og_locale":"fr_FR","og_type":"article","og_title":"Nos adresses avec rooftop \u00e0 Paris ! - Accor MyAllMeeting.com","og_description":"D\u00e9couvrez les vues de Paris gr\u00e2ce aux rooftops de nos h\u00f4tels.","og_url":"https:\/\/www.myallmeeting.com\/fr\/article\/nos-adresses-avec-rooftop-a-paris\/","og_site_name":"Accor MyAllMeeting.com","article_modified_time":"2024-07-09T16:16:55+00:00","og_image":[{"width":1920,"height":570,"url":"https:\/\/www.myallmeeting.com\/wp-content\/uploads\/2021\/05\/Paris-aerial-view.png","type":"image\/png"}],"twitter_card":"summary_large_image","twitter_misc":{"Dur\u00e9e de lecture estim\u00e9e":"6 minutes"},"schema":{"@context":"https:\/\/schema.org","@graph":[{"@type":"WebPage","@id":"https:\/\/www.myallmeeting.com\/fr\/article\/nos-adresses-avec-rooftop-a-paris\/","url":"https:\/\/www.myallmeeting.com\/fr\/article\/nos-adresses-avec-rooftop-a-paris\/","name":"Nos adresses avec rooftop \u00e0 Paris ! - Accor MyAllMeeting.com","isPartOf":{"@id":"https:\/\/www.myallmeeting.com\/fr\/#website"},"primaryImageOfPage":{"@id":"https:\/\/www.myallmeeting.com\/fr\/article\/nos-adresses-avec-rooftop-a-paris\/#primaryimage"},"image":{"@id":"https:\/\/www.myallmeeting.com\/fr\/article\/nos-adresses-avec-rooftop-a-paris\/#primaryimage"},"thumbnailUrl":"https:\/\/www.myallmeeting.com\/wp-content\/uploads\/2021\/05\/Paris-aerial-view.png","datePublished":"2021-05-18T09:23:22+00:00","dateModified":"2024-07-09T16:16:55+00:00","breadcrumb":{"@id":"https:\/\/www.myallmeeting.com\/fr\/article\/nos-adresses-avec-rooftop-a-paris\/#breadcrumb"},"inLanguage":"fr-FR","potentialAction":[{"@type":"ReadAction","target":["https:\/\/www.myallmeeting.com\/fr\/article\/nos-adresses-avec-rooftop-a-paris\/"]}]},{"@type":"ImageObject","inLanguage":"fr-FR","@id":"https:\/\/www.myallmeeting.com\/fr\/article\/nos-adresses-avec-rooftop-a-paris\/#primaryimage","url":"https:\/\/www.myallmeeting.com\/wp-content\/uploads\/2021\/05\/Paris-aerial-view.png","contentUrl":"https:\/\/www.myallmeeting.com\/wp-content\/uploads\/2021\/05\/Paris-aerial-view.png","width":1920,"height":570},{"@type":"BreadcrumbList","@id":"https:\/\/www.myallmeeting.com\/fr\/article\/nos-adresses-avec-rooftop-a-paris\/#breadcrumb","itemListElement":[{"@type":"ListItem","position":1,"name":"Accueil","item":"https:\/\/myallmeeting.com\/fr\/"},{"@type":"ListItem","position":2,"name":"Actualit\u00e9s","item":"https:\/\/www.myallmeeting.com\/fr\/actualite\/"},{"@type":"ListItem","position":3,"name":"Nos adresses avec rooftop \u00e0 Paris !"}]},{"@type":"WebSite","@id":"https:\/\/www.myallmeeting.com\/fr\/#website","url":"https:\/\/www.myallmeeting.com\/fr\/","name":"Accor MyAllMeeting.com","description":"Les Meilleurs lieux pour vos Ev\u00e9nements Professionnels","publisher":{"@id":"https:\/\/www.myallmeeting.com\/fr\/#organization"},"potentialAction":[{"@type":"SearchAction","target":{"@type":"EntryPoint","urlTemplate":"https:\/\/www.myallmeeting.com\/fr\/?s={search_term_string}"},"query-input":{"@type":"PropertyValueSpecification","valueRequired":true,"valueName":"search_term_string"}}],"inLanguage":"fr-FR"},{"@type":"Organization","@id":"https:\/\/www.myallmeeting.com\/fr\/#organization","name":"ACCOR","url":"https:\/\/www.myallmeeting.com\/fr\/","logo":{"@type":"ImageObject","inLanguage":"fr-FR","@id":"https:\/\/www.myallmeeting.com\/fr\/#\/schema\/logo\/image\/","url":"","contentUrl":"","caption":"ACCOR"},"image":{"@id":"https:\/\/www.myallmeeting.com\/fr\/#\/schema\/logo\/image\/"}}]}},"_links":{"self":[{"href":"https:\/\/www.myallmeeting.com\/fr\/wp-json\/wp\/v2\/article\/15226689","targetHints":{"allow":["GET"]}}],"collection":[{"href":"https:\/\/www.myallmeeting.com\/fr\/wp-json\/wp\/v2\/article"}],"about":[{"href":"https:\/\/www.myallmeeting.com\/fr\/wp-json\/wp\/v2\/types\/article"}],"wp:featuredmedia":[{"embeddable":true,"href":"https:\/\/www.myallmeeting.com\/fr\/wp-json\/wp\/v2\/media\/15964829"}],"wp:attachment":[{"href":"https:\/\/www.myallmeeting.com\/fr\/wp-json\/wp\/v2\/media?parent=15226689"}],"wp:term":[{"taxonomy":"periscope_categorie_tax","embeddable":true,"href":"https:\/\/www.myallmeeting.com\/fr\/wp-json\/wp\/v2\/periscope_categorie_tax?post=15226689"}],"curies":[{"name":"wp","href":"https:\/\/api.w.org\/{rel}","templated":true}]}}