{"id":15226683,"date":"2021-11-12T10:27:57","date_gmt":"2021-11-12T09:27:57","guid":{"rendered":"https:\/\/myallmeeting.com\/article\/loisirs-et-affaires-sur-nos-terrasses-avec-les-plus-belles-vues-en-europe-du-sud\/"},"modified":"2024-07-12T09:59:56","modified_gmt":"2024-07-12T07:59:56","slug":"loisirs-et-affaires-sur-nos-terrasses-avec-les-plus-belles-vues-en-europe-du-sud","status":"publish","type":"article","link":"https:\/\/www.myallmeeting.com\/fr\/article\/loisirs-et-affaires-sur-nos-terrasses-avec-les-plus-belles-vues-en-europe-du-sud\/","title":{"rendered":"Loisirs et affaires sur nos terrasses avec les plus belles vues en Europe du Sud"},"content":{"rendered":"<!-- START OF : Composant : block-periscope-theme-section-composant-25-texte-cta-2-images.php -->\n<div class=\"tcta2ia bg-white fs-wysiwyg mb-lg-12\" data-component=\"25-texte-cta-2-images\">\n\t<div class=\"tcta2ia__top\">\n\t\t<div class=\"container-fluid\" style=\"--bs-gutter-x: 0\">\n\t\t\t<div class=\"row\" style=\"--bs-gutter-x: 0\">\n\t\t\t\t<div class=\"col-lg-8\">\n\t\t\t\t\t\t\t\t\t\t<div class=\"bloc-mise-en-avant__top__left\">\n\t\t\t\t\t\t<img decoding=\"async\" src=\"https:\/\/www.myallmeeting.com\/wp-content\/uploads\/2021\/11\/6579-07-1268x846.jpg\" class=\"pe-2 pe-lg-0\" width=\"1268\" height=\"846\" alt=\"\" loading=\"lazy\" \/>\n\t\t\t\t\t<\/div>\n\t\t\t\t\t\t\t\t\t\t<div class=\"tcta2ia__bottom d-none d-lg-block pb-12 pt-lg-9 pb-lg-0 pe-lg-10\">\n\t\t\t\t\t\t\t\t\t\t\t\t<h2 class=\"fs-20 fs-lg-32 fw-semibold\">Novotel Madrid City Las Ventas <\/h2>\n\t\t\t\t\t\t\t\t\t\t\t\t\t\t\t\t\t\t<div class=\"fs-wysiwyg\"><h3><\/h3>\n<h3>Un balcon sur Madrid<\/h3>\n<p><span data-contrast=\"none\" xml:lang=\"FR-FR\" lang=\"FR-FR\" class=\"TextRun SCXW267022255 BCX0\"><span class=\"NormalTextRun SCXW267022255 BCX0\" data-ccp-parastyle=\"Normal0\" data-ccp-parastyle-defn=\"{&quot;ObjectId&quot;:&quot;0dd0ce05-9842-4548-95bf-11b990d27099|195&quot;,&quot;ClassId&quot;:1073872969,&quot;Properties&quot;:[469775450,&quot;Normal0&quot;,201340122,&quot;2&quot;,134234082,&quot;true&quot;,134233614,&quot;true&quot;,469778129,&quot;Normal0&quot;,335572020,&quot;1&quot;,469777841,&quot;Calibri&quot;,469777842,&quot;Calibri&quot;,469777843,&quot;Calibri&quot;,469777844,&quot;Calibri&quot;,469769226,&quot;Calibri&quot;,268442635,&quot;22&quot;,335559704,&quot;1025&quot;,335559705,&quot;1041&quot;,335551547,&quot;1036&quot;,335559740,&quot;259&quot;,201341983,&quot;0&quot;,335559739,&quot;160&quot;]}\">En plus de ses 8 salles de r\u00e9union modulables pouvant accueillir 150 personnes environ, le\u202f<\/span><\/span><a href=\"https:\/\/myallmeeting.com\/fr\/hotel\/0843-novotel-madrid-city-las-ventas\/\"><strong><span data-contrast=\"none\" xml:lang=\"FR-FR\" lang=\"FR-FR\" class=\"TextRun SCXW267022255 BCX0\"><span class=\"NormalTextRun SCXW267022255 BCX0\" data-ccp-parastyle=\"Normal0\">Novotel Madrid City Las Ventas<\/span><\/span><\/strong><\/a><span data-contrast=\"none\" xml:lang=\"FR-FR\" lang=\"FR-FR\" class=\"TextRun SCXW267022255 BCX0\"><span class=\"NormalTextRun SCXW267022255 BCX0\" data-ccp-parastyle=\"Normal0\">\u202fdispose \u00e9galement d\u2019une terrasse avec jardin et piscine. C\u2019est l\u2019endroit id\u00e9al pour des r\u00e9unions ou des s\u00e9ances networking. Vous pourrez profiter\u202f<\/span><\/span><span data-contrast=\"none\" xml:lang=\"FR-FR\" lang=\"FR-FR\" class=\"TextRun SCXW267022255 BCX0\"><span class=\"NormalTextRun SCXW267022255 BCX0\" data-ccp-parastyle=\"Normal0\">de <strong>sa vue magnifique sur la capitale<\/strong><\/span><\/span><span data-contrast=\"none\" xml:lang=\"FR-FR\" lang=\"FR-FR\" class=\"TextRun SCXW267022255 BCX0\"><span class=\"NormalTextRun SCXW267022255 BCX0\" data-ccp-parastyle=\"Normal0\"><strong>,<\/strong> mais aussi de la gastronomie du restaurant <\/span><span class=\"NormalTextRun SpellingErrorV2Themed SCXW267022255 BCX0\" data-ccp-parastyle=\"Normal0\">Insolito<\/span><span class=\"NormalTextRun SCXW267022255 BCX0\" data-ccp-parastyle=\"Normal0\">* d\u2019inspiration m\u00e9diterran\u00e9enne,\u202f<\/span><\/span><span data-contrast=\"none\" xml:lang=\"FR-FR\" lang=\"FR-FR\" class=\"TextRun SCXW267022255 BCX0\"><span class=\"NormalTextRun SCXW267022255 BCX0\" data-ccp-parastyle=\"Normal0\"><strong>proposant des plats \u00e9quilibr\u00e9s, et sp\u00e9cialis\u00e9e dans la cuisine \u00e0 la braise<\/strong>.<\/span><\/span><span data-contrast=\"none\" xml:lang=\"FR-FR\" lang=\"FR-FR\" class=\"TextRun SCXW267022255 BCX0\"><span class=\"NormalTextRun SCXW267022255 BCX0\" data-ccp-parastyle=\"Normal0\">\u202fLe restaurant est dirig\u00e9 par le chef <\/span><span class=\"NormalTextRun SpellingErrorV2Themed SCXW267022255 BCX0\" data-ccp-parastyle=\"Normal0\">Tyto<\/span><span class=\"NormalTextRun SCXW267022255 BCX0\" data-ccp-parastyle=\"Normal0\"> Blanco.\u00a0<\/span><\/span><span class=\"EOP SCXW267022255 BCX0\" data-ccp-props=\"{&quot;201341983&quot;:0,&quot;335551550&quot;:6,&quot;335551620&quot;:6,&quot;335557856&quot;:16119028,&quot;335559738&quot;:165,&quot;335559739&quot;:165,&quot;335559740&quot;:240}\">\u00a0<\/span><\/p>\n<\/div>\n\t\t\t\t\t\t\t\t\t\t\t\t<div class=\"d-flex flex-column flex-lg-row align-items-center gap-5 gap-lg-8 justify-content-between\">\n\t\t\t\t\t\t\t<div class=\"fs-20 fs-lg-26 fw-semibold lh-xs\"><\/div>\n\t\t\t\t\t\t\t\t\t\t\t\t\t<\/div>\n\t\t\t\t\t<\/div>\n\t\t\t\t<\/div>\n\t\t\t\t<div class=\"col-lg-4\">\n\t\t\t\t\t<div class=\"tcta2ia__top__right t-0 r-0 bg-primary text-white pt-4 pb-4 px-2 pt-lg-8 pb-lg-16 px-lg-11 pb-xl-30\">\n\t\t\t\t\t\t\t\t\t\t\t\t\t\t\t\t\t\t<h2 class=\"unna fs-36 fs-lg-51 fs-xl-75 fs-italic fw-normal text-secondary\">Loisirs et affaires sur nos terrasses avec les plus belles vues en Europe du Sud<\/h2>\n\t\t\t\t\t\t\t\t\t\t\t\t\t\t\t\t\t\t<h3 class=\"text-white fs-18 fs-lg-20 fs-xl-28 text-original-case\">M\u00e9langer le plaisir et les affaires, c\u2019est possible sur ces 6 terrasses avec une vue exceptionnelle,\u202fdes zones\u202fchill out, une carte gastronomique vari\u00e9e, des bars \u00e0 cocktails et des moments pass\u00e9s dans une tr\u00e8s bonne ambiance en \u00e9coutant de la musique en direct.  <\/h3>\n\t\t\t\t\t\t\t\t\t\t\t\t\t\t\t\t\t\t<div class=\"fs-wysiwyg mb-4 fs-lg-16 fs-xl-20\"><p><span data-contrast=\"none\" xml:lang=\"FR-FR\" lang=\"FR-FR\" class=\"TextRun SCXW50549535 BCX0\"><span class=\"NormalTextRun SCXW50549535 BCX0\" data-ccp-parastyle=\"Normal0\" data-ccp-parastyle-defn=\"{&quot;ObjectId&quot;:&quot;0dd0ce05-9842-4548-95bf-11b990d27099|195&quot;,&quot;ClassId&quot;:1073872969,&quot;Properties&quot;:[469775450,&quot;Normal0&quot;,201340122,&quot;2&quot;,134234082,&quot;true&quot;,134233614,&quot;true&quot;,469778129,&quot;Normal0&quot;,335572020,&quot;1&quot;,469777841,&quot;Calibri&quot;,469777842,&quot;Calibri&quot;,469777843,&quot;Calibri&quot;,469777844,&quot;Calibri&quot;,469769226,&quot;Calibri&quot;,268442635,&quot;22&quot;,335559704,&quot;1025&quot;,335559705,&quot;1041&quot;,335551547,&quot;1036&quot;,335559740,&quot;259&quot;,201341983,&quot;0&quot;,335559739,&quot;160&quot;]}\">Qu\u2019y a-t-il de plus agr\u00e9able que\u202f<\/span><\/span><span data-contrast=\"none\" xml:lang=\"FR-FR\" lang=\"FR-FR\" class=\"TextRun SCXW50549535 BCX0\"><span class=\"NormalTextRun SCXW50549535 BCX0\" data-ccp-parastyle=\"Normal0\">d\u2019avoir <strong>Madrid, Barcelone, Saint-S\u00e9bastien ou Rome \u00e0 vos pieds<\/strong><\/span><\/span><span data-contrast=\"none\" xml:lang=\"FR-FR\" lang=\"FR-FR\" class=\"TextRun SCXW50549535 BCX0\"><span class=\"NormalTextRun SCXW50549535 BCX0\" data-ccp-parastyle=\"Normal0\">\u202fen regardant le coucher du soleil, et en profitant de l\u2019air frais pendant cette r\u00e9union, cette s\u00e9ance d\u2019<\/span><span class=\"NormalTextRun SpellingErrorV2Themed SCXW50549535 BCX0\" data-ccp-parastyle=\"Normal0\">afterwork<\/span><span class=\"NormalTextRun SCXW50549535 BCX0\" data-ccp-parastyle=\"Normal0\"> ou celle de networking que vous \u00eates en train de pr\u00e9parer\u202f?\u202f<\/span><\/span><strong><span data-contrast=\"none\" xml:lang=\"FR-FR\" lang=\"FR-FR\" class=\"TextRun SCXW50549535 BCX0\"><span class=\"NormalTextRun SCXW50549535 BCX0\" data-ccp-parastyle=\"Normal0\">Avec une telle vue, vous allez faire des affaires facilement\u202f!<\/span><\/span><span class=\"EOP SCXW50549535 BCX0\" data-ccp-props=\"{&quot;201341983&quot;:0,&quot;335551550&quot;:6,&quot;335551620&quot;:6,&quot;335557856&quot;:16119028,&quot;335559739&quot;:165,&quot;335559740&quot;:240}\">\u00a0<\/span><\/strong><\/p>\n<\/div>\n\t\t\t\t\t\t\t\t\t\t\t\t\t\t\t\t\t\t\t\t\t\t\t\t<p class=\"m-0\"><img decoding=\"async\" src=\"https:\/\/www.myallmeeting.com\/wp-content\/uploads\/2021\/11\/5978-52-633x398.jpg\" class=\"position-relative l-0\" width=\"633\" height=\"398\" alt=\"\" loading=\"lazy\" \/><\/p>\n\t\t\t\t\t\t\t\t\t\t\t<\/div>\n\t\t\t\t<\/div>\n\t\t\t<\/div>\n\t\t<\/div>\n\t<\/div>\n\t<div class=\"tcta2ia__bottom d-lg-none pb-12 py-lg-9 pe-lg-10\">\n\t\t\t\t<div class=\"h2 fs-20 fs-lg-32 fw-semibold\">Novotel Madrid City Las Ventas <\/div>\n\t\t\t\t\t\t<div class=\"fs-wysiwyg\"><h3><\/h3>\n<h3>Un balcon sur Madrid<\/h3>\n<p><span data-contrast=\"none\" xml:lang=\"FR-FR\" lang=\"FR-FR\" class=\"TextRun SCXW267022255 BCX0\"><span class=\"NormalTextRun SCXW267022255 BCX0\" data-ccp-parastyle=\"Normal0\" data-ccp-parastyle-defn=\"{&quot;ObjectId&quot;:&quot;0dd0ce05-9842-4548-95bf-11b990d27099|195&quot;,&quot;ClassId&quot;:1073872969,&quot;Properties&quot;:[469775450,&quot;Normal0&quot;,201340122,&quot;2&quot;,134234082,&quot;true&quot;,134233614,&quot;true&quot;,469778129,&quot;Normal0&quot;,335572020,&quot;1&quot;,469777841,&quot;Calibri&quot;,469777842,&quot;Calibri&quot;,469777843,&quot;Calibri&quot;,469777844,&quot;Calibri&quot;,469769226,&quot;Calibri&quot;,268442635,&quot;22&quot;,335559704,&quot;1025&quot;,335559705,&quot;1041&quot;,335551547,&quot;1036&quot;,335559740,&quot;259&quot;,201341983,&quot;0&quot;,335559739,&quot;160&quot;]}\">En plus de ses 8 salles de r\u00e9union modulables pouvant accueillir 150 personnes environ, le\u202f<\/span><\/span><a href=\"https:\/\/myallmeeting.com\/fr\/hotel\/0843-novotel-madrid-city-las-ventas\/\"><strong><span data-contrast=\"none\" xml:lang=\"FR-FR\" lang=\"FR-FR\" class=\"TextRun SCXW267022255 BCX0\"><span class=\"NormalTextRun SCXW267022255 BCX0\" data-ccp-parastyle=\"Normal0\">Novotel Madrid City Las Ventas<\/span><\/span><\/strong><\/a><span data-contrast=\"none\" xml:lang=\"FR-FR\" lang=\"FR-FR\" class=\"TextRun SCXW267022255 BCX0\"><span class=\"NormalTextRun SCXW267022255 BCX0\" data-ccp-parastyle=\"Normal0\">\u202fdispose \u00e9galement d\u2019une terrasse avec jardin et piscine. C\u2019est l\u2019endroit id\u00e9al pour des r\u00e9unions ou des s\u00e9ances networking. Vous pourrez profiter\u202f<\/span><\/span><span data-contrast=\"none\" xml:lang=\"FR-FR\" lang=\"FR-FR\" class=\"TextRun SCXW267022255 BCX0\"><span class=\"NormalTextRun SCXW267022255 BCX0\" data-ccp-parastyle=\"Normal0\">de <strong>sa vue magnifique sur la capitale<\/strong><\/span><\/span><span data-contrast=\"none\" xml:lang=\"FR-FR\" lang=\"FR-FR\" class=\"TextRun SCXW267022255 BCX0\"><span class=\"NormalTextRun SCXW267022255 BCX0\" data-ccp-parastyle=\"Normal0\"><strong>,<\/strong> mais aussi de la gastronomie du restaurant <\/span><span class=\"NormalTextRun SpellingErrorV2Themed SCXW267022255 BCX0\" data-ccp-parastyle=\"Normal0\">Insolito<\/span><span class=\"NormalTextRun SCXW267022255 BCX0\" data-ccp-parastyle=\"Normal0\">* d\u2019inspiration m\u00e9diterran\u00e9enne,\u202f<\/span><\/span><span data-contrast=\"none\" xml:lang=\"FR-FR\" lang=\"FR-FR\" class=\"TextRun SCXW267022255 BCX0\"><span class=\"NormalTextRun SCXW267022255 BCX0\" data-ccp-parastyle=\"Normal0\"><strong>proposant des plats \u00e9quilibr\u00e9s, et sp\u00e9cialis\u00e9e dans la cuisine \u00e0 la braise<\/strong>.<\/span><\/span><span data-contrast=\"none\" xml:lang=\"FR-FR\" lang=\"FR-FR\" class=\"TextRun SCXW267022255 BCX0\"><span class=\"NormalTextRun SCXW267022255 BCX0\" data-ccp-parastyle=\"Normal0\">\u202fLe restaurant est dirig\u00e9 par le chef <\/span><span class=\"NormalTextRun SpellingErrorV2Themed SCXW267022255 BCX0\" data-ccp-parastyle=\"Normal0\">Tyto<\/span><span class=\"NormalTextRun SCXW267022255 BCX0\" data-ccp-parastyle=\"Normal0\"> Blanco.\u00a0<\/span><\/span><span class=\"EOP SCXW267022255 BCX0\" data-ccp-props=\"{&quot;201341983&quot;:0,&quot;335551550&quot;:6,&quot;335551620&quot;:6,&quot;335557856&quot;:16119028,&quot;335559738&quot;:165,&quot;335559739&quot;:165,&quot;335559740&quot;:240}\">\u00a0<\/span><\/p>\n<\/div>\n\t\t\t\t<div class=\"d-flex flex-column flex-lg-row align-items-center gap-5 gap-lg-8 justify-content-between\">\n\t\t\t<div class=\"fs-20 fs-lg-26 fw-semibold lh-xs\"><\/div>\n\t\t\t\t\t<\/div>\n\t<\/div>\n<\/div>\n<!-- END OF : Composant : block-periscope-theme-section-composant-25-texte-cta-2-images.php -->\n\n\n<!-- START OF : Composant : block-periscope-theme-section-composant-33-texte-image.php -->\n<div class=\"text-image fs-wysiwyg mb-8 mb-lg-12\" data-component=\"33-texte-image\">\n\t<div class=\"container-fluid\" style=\"--bs-gutter-x: 0\">\n\t\t<div class=\"row\" style=\"--bs-gutter-x: 0\">\n\t\t\t\t\t\t<div class=\"col-lg-6 mb-7 mb-lg-0\">\n\t\t\t\t<img decoding=\"async\" src=\"https:\/\/www.myallmeeting.com\/wp-content\/uploads\/2021\/11\/sotogrande-7-953x600.jpg\" width=\"953\" height=\"600\" alt=\"\" loading=\"lazy\" class=\"w-100\" \/>\n\t\t\t<\/div>\n\t\t\t\t\t\t<div class=\"col-lg-6\">\n\t\t\t\t<div class=\"text-image__content\">\n\t\t\t\t\t\t\t\t\t\t<div class=\"fw-semibold lh-xs fs-20 fs-lg-32 ls--25 mb-5\">SO\/ Sotogrande<\/div>\n\t\t\t\t\t\t\t\t\t\t\t\t\t\t\t<div class=\"fs-wysiwyg\">\n\t\t\t\t\t\t<h3 aria-level=\"4\"><\/h3>\n<h3 aria-level=\"4\"><b><span data-contrast=\"none\">Refuge discret \u00e0 Sotogrande<\/span><\/b><span data-ccp-props=\"{&quot;201341983&quot;:0,&quot;335557856&quot;:16119028,&quot;335559738&quot;:165,&quot;335559739&quot;:165,&quot;335559740&quot;:240}\">\u00a0<\/span><\/h3>\n<p aria-level=\"4\"><span data-contrast=\"none\">Vous connaissez les 3 terrasses avec piscine du nouveau\u202f<\/span><a href=\"https:\/\/myallmeeting.com\/fr\/hotel\/b6v6-so-sotogrande-ouverture-juillet-2021\/\"><b><span data-contrast=\"none\">SO\/Sotogrande<\/span><\/b><\/a><span data-contrast=\"none\">, leurs vues panoramiques sur la M\u00e9diterran\u00e9e, et les 70\u202f000 m\u00e8tres carr\u00e9s d\u2019espaces verts qui les entourent\u202f?\u202f<\/span><b><span data-contrast=\"none\">Les spectacles aquatiques sons et lumi\u00e8res des artistes<\/span><\/b><span data-contrast=\"none\">\u202fapporteront un effet de surprise lors de votre \u00e9v\u00e9nement, pendant que les participants d\u00e9gusteront un cocktail ou un d\u00eener sur les canap\u00e9s.\u00a0<\/span><span data-ccp-props=\"{&quot;201341983&quot;:0,&quot;335551550&quot;:6,&quot;335551620&quot;:6,&quot;335557856&quot;:16119028,&quot;335559738&quot;:165,&quot;335559739&quot;:165,&quot;335559740&quot;:240}\">\u00a0<\/span><\/p>\n<p aria-level=\"4\"><span data-contrast=\"none\">Il est possible d\u2019organiser, en jouant avec le mobilier et les montages,\u202f<\/span><b><span data-contrast=\"none\">une pool party \u00e0 l\u2019air libre pour un d\u00e9fil\u00e9<\/span><\/b><span data-contrast=\"none\">\u202fou une pr\u00e9sentation de produit inoubliable. La salle de conf\u00e9rence dispose aussi d&rsquo;une terrasse et\u2026 vous voulez une autre surprise\u202f? Les participants se sentiront comme chez eux\u202f<\/span><b><span data-contrast=\"none\">gr\u00e2ce aux trois \u00e9tages de suites priv\u00e9es r\u00e9serv\u00e9es aux \u00e9v\u00e8nements <\/span><\/b><b><i><span data-contrast=\"none\">chill out<\/span><\/i><\/b><b><span data-contrast=\"none\">,<\/span><\/b><span data-contrast=\"none\">\u202falliant espace int\u00e9rieur et terrasse, sans oublier la pr\u00e9sence d\u2019un DJ qui animera la soir\u00e9e.<\/span><span data-ccp-props=\"{&quot;201341983&quot;:0,&quot;335551550&quot;:6,&quot;335551620&quot;:6,&quot;335557856&quot;:16119028,&quot;335559738&quot;:165,&quot;335559739&quot;:165,&quot;335559740&quot;:240}\">\u00a0<\/span><\/p>\n\t\t\t\t\t<\/div>\n\t\t\t\t\t\t\t\t\t<\/div>\n\t\t\t<\/div>        \n\t\t<\/div>\n\t<\/div>\n<\/div>\n<!-- END OF : Composant : block-periscope-theme-section-composant-33-texte-image.php -->\n\n\n<!-- START OF : Composant : block-periscope-theme-section-composant-33-texte-image.php -->\n<!-- INVERSE -->\n<div class=\"text-image fs-wysiwyg mb-8 mb-lg-12\" data-component=\"33-texte-image\" data-reverse=\"oui\">\n\t<div class=\"container-fluid\" style=\"--bs-gutter-x: 0\">\n\t\t<div class=\"row\" style=\"--bs-gutter-x: 0\">\n\t\t\t<div class=\"col-lg-6\">\n\t\t\t\t<div class=\"text-image__content\">\n\t\t\t\t\t\t\t\t\t\t<div class=\"fw-semibold lh-xs fs-20 fs-lg-32 ls--25 mb-5\">Sofitel Roma Villa Borghese<\/div>\n\t\t\t\t\t\t\t\t\t\t\t\t\t\t\t<div class=\"fs-wysiwyg\">\n\t\t\t\t\t\t<h3><\/h3>\n<h3>Survoler Rome<\/h3>\n<p>Situ\u00e9e au-dessus des palais romains, la terrasse du\u00a0<a href=\"https:\/\/myallmeeting.com\/fr\/hotel\/1312-sofitel-roma-villa-borghese\/\"><strong>Sofitel Roma Villa Borghese<\/strong>\u00a0<\/a>donne\u00a0<strong>la<\/strong> <strong>sensation de survoler Rome<\/strong>\u00a0avec une vue d\u00e9gag\u00e9e jusqu\u2019\u00e0 la basilique Saint-Pierre. Elle nous accueille\u00a0<strong>dans un environnement plein de v\u00e9g\u00e9tation, de couleurs, et dans une ambiance sophistiqu\u00e9e<\/strong>\u00a0gr\u00e2ce au designer fran\u00e7ais Jean-Philippe Nuel qui a r\u00e9nov\u00e9 l\u2019h\u00f4tel.<\/p>\n<p>Les cocktails sont incroyables, et la carte du restaurant Settimo, dirig\u00e9 par le chef Giuseppe D\u2019Alessio, ravira vos participants gr\u00e2ce\u00a0<strong>aux saveurs de la meilleure tradition italienne combin\u00e9e avec le go\u00fbt des techniques modernes<\/strong>.\u00a0\u00c7a donne vraiment envie, n\u2019est-ce pas\u00a0?<\/p>\n\t\t\t\t\t<\/div>\n\t\t\t\t\t\t\t\t\t<\/div>\n\t\t\t<\/div>    \n\t\t\t    \n\t\t\t<div class=\"col-lg-6 order-first order-lg-last mb-7 mb-lg-0\">\n\t\t\t\t<img decoding=\"async\" src=\"https:\/\/www.myallmeeting.com\/wp-content\/uploads\/2021\/11\/Sofitel-Roma-Villa-Borghese-2-953x600.jpg\" width=\"953\" height=\"600\" alt=\"\" loading=\"lazy\" class=\"w-100\" \/>\n\t\t\t<\/div>\n\t\t\t\t\t<\/div>\n\t<\/div>\n<\/div>\n<!-- END OF : Composant : block-periscope-theme-section-composant-33-texte-image.php -->\n\n\n<!-- START OF : Composant : block-periscope-theme-section-composant-33-texte-image.php -->\n<div class=\"text-image fs-wysiwyg mb-8 mb-lg-12\" data-component=\"33-texte-image\">\n\t<div class=\"container-fluid\" style=\"--bs-gutter-x: 0\">\n\t\t<div class=\"row\" style=\"--bs-gutter-x: 0\">\n\t\t\t\t\t\t<div class=\"col-lg-6 mb-7 mb-lg-0\">\n\t\t\t\t<img decoding=\"async\" src=\"https:\/\/www.myallmeeting.com\/wp-content\/uploads\/2021\/11\/Romacolosseo2-953x600.jpg\" width=\"953\" height=\"600\" alt=\"\" loading=\"lazy\" class=\"w-100\" \/>\n\t\t\t<\/div>\n\t\t\t\t\t\t<div class=\"col-lg-6\">\n\t\t\t\t<div class=\"text-image__content\">\n\t\t\t\t\t\t\t\t\t\t<div class=\"fw-semibold lh-xs fs-20 fs-lg-32 ls--25 mb-5\">Mercure Rome Centre Colis\u00e9e<\/div>\n\t\t\t\t\t\t\t\t\t\t\t\t\t\t\t<div class=\"fs-wysiwyg\">\n\t\t\t\t\t\t<h3><\/h3>\n<h3>Presque \u00e0 l\u2019int\u00e9rieur du Colis\u00e9e<\/h3>\n<p>L\u2019\u00e9picentre de l\u2019\u00e9l\u00e9gance \u00e0 Rome est situ\u00e9 sur la terrasse, \u00e9quip\u00e9e \u00e9galement d\u2019une piscine panoramique, de l\u2019h\u00f4tel\u00a0<strong><a href=\"https:\/\/myallmeeting.com\/fr\/hotel\/2909-mercure-rome-centre-colisee\/\">Mercure\u00a0Roma Centro Colosseo<\/a>. Elle est\u00a0extraordinaire,\u00a0et offre\u00a0la meilleure vue sur les principaux sites arch\u00e9ologiques de la ville, dont le majestueux Colis\u00e9e<\/strong>\u00a0juste en face, un spot unique pour des photos magiques. L\u2019\u00e9tablissement, en centre-ville, est \u00e9galement proche d\u2019autres sites historiques : le Forum romain, la basilique Saint-Jean-de-Latran ou les March\u00e9s de Trajan.<\/p>\n<p>L\u2019h\u00f4tel, avec son style moderne et son design contemporain, offre confort \u00e0 ses clients.\u00a0Positionn\u00e9e de mani\u00e8re strat\u00e9gique, sa <strong>terrasse s\u2019adapte parfaitement \u00e0 tout \u00e9v\u00e9nement<\/strong>,\u00a0et son <em>pool bar<\/em> est l\u2019un des plus fr\u00e9quent\u00e9s les week-ends. L\u2019\u00e9crin id\u00e9al pour un s\u00e9jour d\u2019affaires.<\/p>\n\t\t\t\t\t<\/div>\n\t\t\t\t\t\t\t\t\t<\/div>\n\t\t\t<\/div>        \n\t\t<\/div>\n\t<\/div>\n<\/div>\n<!-- END OF : Composant : block-periscope-theme-section-composant-33-texte-image.php -->\n\n\n<!-- START OF : Composant : block-periscope-theme-section-composant-33-texte-image.php -->\n<!-- INVERSE -->\n<div class=\"text-image fs-wysiwyg mb-8 mb-lg-12\" data-component=\"33-texte-image\" data-reverse=\"oui\">\n\t<div class=\"container-fluid\" style=\"--bs-gutter-x: 0\">\n\t\t<div class=\"row\" style=\"--bs-gutter-x: 0\">\n\t\t\t<div class=\"col-lg-6\">\n\t\t\t\t<div class=\"text-image__content\">\n\t\t\t\t\t\t\t\t\t\t<div class=\"fw-semibold lh-xs fs-20 fs-lg-32 ls--25 mb-5\">Mercure San Sebasti\u00e1n Monte Igueldo<\/div>\n\t\t\t\t\t\t\t\t\t\t\t\t\t\t\t<div class=\"fs-wysiwyg\">\n\t\t\t\t\t\t<h3><\/h3>\n<h3>Dans la baie de la Concha<\/h3>\n<p>Sur les hauteurs du mont qui donne son nom \u00e0 l\u2019\u00e9tablissement, et avec la baie de la Concha \u00e0 ses pieds, la terrasse avec piscine de <strong>l\u2019<a href=\"https:\/\/myallmeeting.com\/fr\/hotel\/1987-mercure-san-sebastian-monte-igueldo\/\">H\u00f4tel Mercure San Sebasti\u00e1n Monte Igueldo<\/a><\/strong> est un symbole de Saint-S\u00e9bastien. <strong>Elle est reli\u00e9e \u00e0 la ville gr\u00e2ce \u00e0 un t\u00e9l\u00e9ph\u00e9rique centenaire<\/strong>, l\u2019une des attractions touristiques de cet endroit.<\/p>\n<p><strong>C\u2019est le lieu r\u00eav\u00e9 pour n\u2019importe quelle r\u00e9union, cocktail\u2026<\/strong> mais aussi pour des ateliers, des d\u00e9gustations, des d\u00e9fil\u00e9s, des gymkhanas qui se terminent dans le parc d\u2019attractions \u00e0 c\u00f4t\u00e9 de l\u2019h\u00f4tel. Et pourquoi pas avec un groupe de jazz et un saxophoniste qui joueraient pour les collaborateurs sur la terrasse ?<\/p>\n\t\t\t\t\t<\/div>\n\t\t\t\t\t\t\t\t\t<\/div>\n\t\t\t<\/div>    \n\t\t\t    \n\t\t\t<div class=\"col-lg-6 order-first order-lg-last mb-7 mb-lg-0\">\n\t\t\t\t<img decoding=\"async\" src=\"https:\/\/www.myallmeeting.com\/wp-content\/uploads\/2022\/06\/5728-43-mod-953x600.jpg\" width=\"953\" height=\"600\" alt=\"Mercure San Sebastian Monte Igueldo -Accor Group - My ALL Meeting\" loading=\"lazy\" class=\"w-100\" \/>\n\t\t\t<\/div>\n\t\t\t\t\t<\/div>\n\t<\/div>\n<\/div>\n<!-- END OF : Composant : block-periscope-theme-section-composant-33-texte-image.php -->\n\n\n<!-- START OF : Composant : block-periscope-theme-section-composant-33-texte-image.php -->\n<div class=\"text-image fs-wysiwyg mb-8 mb-lg-12\" data-component=\"33-texte-image\">\n\t<div class=\"container-fluid\" style=\"--bs-gutter-x: 0\">\n\t\t<div class=\"row\" style=\"--bs-gutter-x: 0\">\n\t\t\t\t\t\t<div class=\"col-lg-6 mb-7 mb-lg-0\">\n\t\t\t\t<img decoding=\"async\" src=\"https:\/\/www.myallmeeting.com\/wp-content\/uploads\/2022\/04\/3261-55-953x600.jpg\" width=\"953\" height=\"600\" alt=\"\" loading=\"lazy\" class=\"w-100\" \/>\n\t\t\t<\/div>\n\t\t\t\t\t\t<div class=\"col-lg-6\">\n\t\t\t\t<div class=\"text-image__content\">\n\t\t\t\t\t\t\t\t\t\t<div class=\"fw-semibold lh-xs fs-20 fs-lg-32 ls--25 mb-5\">Novotel Barcelona City<\/div>\n\t\t\t\t\t\t\t\t\t\t\t\t\t\t\t<div class=\"fs-wysiwyg\">\n\t\t\t\t\t\t<h3><\/h3>\n<h3>Vue \u00e0 360 degr\u00e9s de Barcelone<\/h3>\n<p>Au dix-neuvi\u00e8me \u00e9tage du <a href=\"https:\/\/myallmeeting.com\/fr\/hotel\/5560-novotel-barcelona-city\/\"><strong>Novotel Barcelona City<\/strong>,<\/a> vous aurez l\u2019impression de pouvoir toucher l\u2019\u00e9glise de la Sagrada Familia du bout des doigts. <strong>Ce lieu exceptionnel<\/strong> permet de contempler comme nulle part ailleurs la ville de Barcelone <strong>gr\u00e2ce \u00e0 une vue \u00e0 360 degr\u00e9s.<\/strong> C\u2019est un succ\u00e8s garanti \u00e0 n\u2019importe quel moment de la journ\u00e9e. C\u2019est facile de boire un cocktail l\u2019un apr\u00e8s l\u2019autre en se d\u00e9tendant sur les sofas de lounge et en se rafra\u00eechissant dans la piscine.<\/p>\n<p>Mais vous n\u2019aurez pas faim non plus : n\u2019oubliez pas de go\u00fbter les tapas traditionnels, <strong>toujours cuisin\u00e9es avec les meilleurs produits !<\/strong> Ne manquez pas non plus les s\u00e9ances programm\u00e9es de musique en direct ou les classes de yoga <strong>pour un peu de relaxation dans le cadre de votre \u00e9v\u00e9nement ou r\u00e9union.<\/strong><\/p>\n\t\t\t\t\t<\/div>\n\t\t\t\t\t\t\t\t\t<\/div>\n\t\t\t<\/div>        \n\t\t<\/div>\n\t<\/div>\n<\/div>\n<!-- END OF : Composant : block-periscope-theme-section-composant-33-texte-image.php -->\n","protected":false},"excerpt":{"rendered":"<p>Alliez travail et d\u00e9tente gr\u00e2ce aux magnifiques terrasses de nos h\u00f4tels en Europe du Sud.<\/p>\n","protected":false},"featured_media":15964823,"menu_order":0,"template":"","periscope_categorie_tax":[1648],"class_list":["post-15226683","article","type-article","status-publish","has-post-thumbnail","hentry","periscope_categorie_tax-tous-nos-tops-selections"],"acf":[],"yoast_head":"<title>Loisirs et affaires sur nos terrasses avec les plus belles vues en Europe du Sud - Accor MyAllMeeting.com<\/title>\n<meta name=\"robots\" content=\"index, follow, max-snippet:-1, max-image-preview:large, max-video-preview:-1\" \/>\n<link rel=\"canonical\" href=\"https:\/\/www.myallmeeting.com\/fr\/wp-json\/wp\/v2\/article\/15226683\" \/>\n<meta property=\"og:locale\" content=\"fr_FR\" \/>\n<meta property=\"og:type\" content=\"article\" \/>\n<meta property=\"og:title\" content=\"Loisirs et affaires sur nos terrasses avec les plus belles vues en Europe du Sud - Accor MyAllMeeting.com\" \/>\n<meta property=\"og:description\" content=\"Alliez travail et d\u00e9tente gr\u00e2ce aux magnifiques terrasses de nos h\u00f4tels en Europe du Sud.\" \/>\n<meta property=\"og:url\" content=\"https:\/\/www.myallmeeting.com\/fr\/article\/loisirs-et-affaires-sur-nos-terrasses-avec-les-plus-belles-vues-en-europe-du-sud\/\" \/>\n<meta property=\"og:site_name\" content=\"Accor MyAllMeeting.com\" \/>\n<meta property=\"article:modified_time\" content=\"2024-07-12T07:59:56+00:00\" \/>\n<meta property=\"og:image\" content=\"http:\/\/myallmeeting.com\/wp-content\/uploads\/2021\/11\/MAM-imagery-1920-x-570-px-2.png\" \/>\n\t<meta property=\"og:image:width\" content=\"1920\" \/>\n\t<meta property=\"og:image:height\" content=\"570\" \/>\n\t<meta property=\"og:image:type\" content=\"image\/png\" \/>\n<meta name=\"twitter:card\" content=\"summary_large_image\" \/>\n<meta name=\"twitter:label1\" content=\"Dur\u00e9e de lecture estim\u00e9e\" \/>\n\t<meta name=\"twitter:data1\" content=\"6 minutes\" \/>\n<script type=\"application\/ld+json\" class=\"yoast-schema-graph\">{\"@context\":\"https:\/\/schema.org\",\"@graph\":[{\"@type\":\"WebPage\",\"@id\":\"https:\/\/www.myallmeeting.com\/fr\/article\/loisirs-et-affaires-sur-nos-terrasses-avec-les-plus-belles-vues-en-europe-du-sud\/\",\"url\":\"https:\/\/www.myallmeeting.com\/fr\/article\/loisirs-et-affaires-sur-nos-terrasses-avec-les-plus-belles-vues-en-europe-du-sud\/\",\"name\":\"Loisirs et affaires sur nos terrasses avec les plus belles vues en Europe du Sud - Accor MyAllMeeting.com\",\"isPartOf\":{\"@id\":\"https:\/\/www.myallmeeting.com\/fr\/#website\"},\"primaryImageOfPage\":{\"@id\":\"https:\/\/www.myallmeeting.com\/fr\/article\/loisirs-et-affaires-sur-nos-terrasses-avec-les-plus-belles-vues-en-europe-du-sud\/#primaryimage\"},\"image\":{\"@id\":\"https:\/\/www.myallmeeting.com\/fr\/article\/loisirs-et-affaires-sur-nos-terrasses-avec-les-plus-belles-vues-en-europe-du-sud\/#primaryimage\"},\"thumbnailUrl\":\"https:\/\/www.myallmeeting.com\/wp-content\/uploads\/2021\/11\/MAM-imagery-1920-x-570-px-2.png\",\"datePublished\":\"2021-11-12T09:27:57+00:00\",\"dateModified\":\"2024-07-12T07:59:56+00:00\",\"breadcrumb\":{\"@id\":\"https:\/\/www.myallmeeting.com\/fr\/article\/loisirs-et-affaires-sur-nos-terrasses-avec-les-plus-belles-vues-en-europe-du-sud\/#breadcrumb\"},\"inLanguage\":\"fr-FR\",\"potentialAction\":[{\"@type\":\"ReadAction\",\"target\":[\"https:\/\/www.myallmeeting.com\/fr\/article\/loisirs-et-affaires-sur-nos-terrasses-avec-les-plus-belles-vues-en-europe-du-sud\/\"]}]},{\"@type\":\"ImageObject\",\"inLanguage\":\"fr-FR\",\"@id\":\"https:\/\/www.myallmeeting.com\/fr\/article\/loisirs-et-affaires-sur-nos-terrasses-avec-les-plus-belles-vues-en-europe-du-sud\/#primaryimage\",\"url\":\"https:\/\/www.myallmeeting.com\/wp-content\/uploads\/2021\/11\/MAM-imagery-1920-x-570-px-2.png\",\"contentUrl\":\"https:\/\/www.myallmeeting.com\/wp-content\/uploads\/2021\/11\/MAM-imagery-1920-x-570-px-2.png\",\"width\":1920,\"height\":570},{\"@type\":\"BreadcrumbList\",\"@id\":\"https:\/\/www.myallmeeting.com\/fr\/article\/loisirs-et-affaires-sur-nos-terrasses-avec-les-plus-belles-vues-en-europe-du-sud\/#breadcrumb\",\"itemListElement\":[{\"@type\":\"ListItem\",\"position\":1,\"name\":\"Accueil\",\"item\":\"https:\/\/myallmeeting.com\/fr\/\"},{\"@type\":\"ListItem\",\"position\":2,\"name\":\"Actualit\u00e9s\",\"item\":\"https:\/\/www.myallmeeting.com\/fr\/actualite\/\"},{\"@type\":\"ListItem\",\"position\":3,\"name\":\"Loisirs et affaires sur nos terrasses avec les plus belles vues en Europe du Sud\"}]},{\"@type\":\"WebSite\",\"@id\":\"https:\/\/www.myallmeeting.com\/fr\/#website\",\"url\":\"https:\/\/www.myallmeeting.com\/fr\/\",\"name\":\"Accor MyAllMeeting.com\",\"description\":\"Les Meilleurs lieux pour vos Ev\u00e9nements Professionnels\",\"publisher\":{\"@id\":\"https:\/\/www.myallmeeting.com\/fr\/#organization\"},\"potentialAction\":[{\"@type\":\"SearchAction\",\"target\":{\"@type\":\"EntryPoint\",\"urlTemplate\":\"https:\/\/www.myallmeeting.com\/fr\/?s={search_term_string}\"},\"query-input\":{\"@type\":\"PropertyValueSpecification\",\"valueRequired\":true,\"valueName\":\"search_term_string\"}}],\"inLanguage\":\"fr-FR\"},{\"@type\":\"Organization\",\"@id\":\"https:\/\/www.myallmeeting.com\/fr\/#organization\",\"name\":\"ACCOR\",\"url\":\"https:\/\/www.myallmeeting.com\/fr\/\",\"logo\":{\"@type\":\"ImageObject\",\"inLanguage\":\"fr-FR\",\"@id\":\"https:\/\/www.myallmeeting.com\/fr\/#\/schema\/logo\/image\/\",\"url\":\"\",\"contentUrl\":\"\",\"caption\":\"ACCOR\"},\"image\":{\"@id\":\"https:\/\/www.myallmeeting.com\/fr\/#\/schema\/logo\/image\/\"}}]}<\/script>","yoast_head_json":{"title":"Loisirs et affaires sur nos terrasses avec les plus belles vues en Europe du Sud - Accor MyAllMeeting.com","robots":{"index":"index","follow":"follow","max-snippet":"max-snippet:-1","max-image-preview":"max-image-preview:large","max-video-preview":"max-video-preview:-1"},"canonical":"https:\/\/www.myallmeeting.com\/fr\/wp-json\/wp\/v2\/article\/15226683","og_locale":"fr_FR","og_type":"article","og_title":"Loisirs et affaires sur nos terrasses avec les plus belles vues en Europe du Sud - Accor MyAllMeeting.com","og_description":"Alliez travail et d\u00e9tente gr\u00e2ce aux magnifiques terrasses de nos h\u00f4tels en Europe du Sud.","og_url":"https:\/\/www.myallmeeting.com\/fr\/article\/loisirs-et-affaires-sur-nos-terrasses-avec-les-plus-belles-vues-en-europe-du-sud\/","og_site_name":"Accor MyAllMeeting.com","article_modified_time":"2024-07-12T07:59:56+00:00","og_image":[{"width":1920,"height":570,"url":"http:\/\/myallmeeting.com\/wp-content\/uploads\/2021\/11\/MAM-imagery-1920-x-570-px-2.png","type":"image\/png"}],"twitter_card":"summary_large_image","twitter_misc":{"Dur\u00e9e de lecture estim\u00e9e":"6 minutes"},"schema":{"@context":"https:\/\/schema.org","@graph":[{"@type":"WebPage","@id":"https:\/\/www.myallmeeting.com\/fr\/article\/loisirs-et-affaires-sur-nos-terrasses-avec-les-plus-belles-vues-en-europe-du-sud\/","url":"https:\/\/www.myallmeeting.com\/fr\/article\/loisirs-et-affaires-sur-nos-terrasses-avec-les-plus-belles-vues-en-europe-du-sud\/","name":"Loisirs et affaires sur nos terrasses avec les plus belles vues en Europe du Sud - Accor MyAllMeeting.com","isPartOf":{"@id":"https:\/\/www.myallmeeting.com\/fr\/#website"},"primaryImageOfPage":{"@id":"https:\/\/www.myallmeeting.com\/fr\/article\/loisirs-et-affaires-sur-nos-terrasses-avec-les-plus-belles-vues-en-europe-du-sud\/#primaryimage"},"image":{"@id":"https:\/\/www.myallmeeting.com\/fr\/article\/loisirs-et-affaires-sur-nos-terrasses-avec-les-plus-belles-vues-en-europe-du-sud\/#primaryimage"},"thumbnailUrl":"https:\/\/www.myallmeeting.com\/wp-content\/uploads\/2021\/11\/MAM-imagery-1920-x-570-px-2.png","datePublished":"2021-11-12T09:27:57+00:00","dateModified":"2024-07-12T07:59:56+00:00","breadcrumb":{"@id":"https:\/\/www.myallmeeting.com\/fr\/article\/loisirs-et-affaires-sur-nos-terrasses-avec-les-plus-belles-vues-en-europe-du-sud\/#breadcrumb"},"inLanguage":"fr-FR","potentialAction":[{"@type":"ReadAction","target":["https:\/\/www.myallmeeting.com\/fr\/article\/loisirs-et-affaires-sur-nos-terrasses-avec-les-plus-belles-vues-en-europe-du-sud\/"]}]},{"@type":"ImageObject","inLanguage":"fr-FR","@id":"https:\/\/www.myallmeeting.com\/fr\/article\/loisirs-et-affaires-sur-nos-terrasses-avec-les-plus-belles-vues-en-europe-du-sud\/#primaryimage","url":"https:\/\/www.myallmeeting.com\/wp-content\/uploads\/2021\/11\/MAM-imagery-1920-x-570-px-2.png","contentUrl":"https:\/\/www.myallmeeting.com\/wp-content\/uploads\/2021\/11\/MAM-imagery-1920-x-570-px-2.png","width":1920,"height":570},{"@type":"BreadcrumbList","@id":"https:\/\/www.myallmeeting.com\/fr\/article\/loisirs-et-affaires-sur-nos-terrasses-avec-les-plus-belles-vues-en-europe-du-sud\/#breadcrumb","itemListElement":[{"@type":"ListItem","position":1,"name":"Accueil","item":"https:\/\/myallmeeting.com\/fr\/"},{"@type":"ListItem","position":2,"name":"Actualit\u00e9s","item":"https:\/\/www.myallmeeting.com\/fr\/actualite\/"},{"@type":"ListItem","position":3,"name":"Loisirs et affaires sur nos terrasses avec les plus belles vues en Europe du Sud"}]},{"@type":"WebSite","@id":"https:\/\/www.myallmeeting.com\/fr\/#website","url":"https:\/\/www.myallmeeting.com\/fr\/","name":"Accor MyAllMeeting.com","description":"Les Meilleurs lieux pour vos Ev\u00e9nements Professionnels","publisher":{"@id":"https:\/\/www.myallmeeting.com\/fr\/#organization"},"potentialAction":[{"@type":"SearchAction","target":{"@type":"EntryPoint","urlTemplate":"https:\/\/www.myallmeeting.com\/fr\/?s={search_term_string}"},"query-input":{"@type":"PropertyValueSpecification","valueRequired":true,"valueName":"search_term_string"}}],"inLanguage":"fr-FR"},{"@type":"Organization","@id":"https:\/\/www.myallmeeting.com\/fr\/#organization","name":"ACCOR","url":"https:\/\/www.myallmeeting.com\/fr\/","logo":{"@type":"ImageObject","inLanguage":"fr-FR","@id":"https:\/\/www.myallmeeting.com\/fr\/#\/schema\/logo\/image\/","url":"","contentUrl":"","caption":"ACCOR"},"image":{"@id":"https:\/\/www.myallmeeting.com\/fr\/#\/schema\/logo\/image\/"}}]}},"_links":{"self":[{"href":"https:\/\/www.myallmeeting.com\/fr\/wp-json\/wp\/v2\/article\/15226683","targetHints":{"allow":["GET"]}}],"collection":[{"href":"https:\/\/www.myallmeeting.com\/fr\/wp-json\/wp\/v2\/article"}],"about":[{"href":"https:\/\/www.myallmeeting.com\/fr\/wp-json\/wp\/v2\/types\/article"}],"wp:featuredmedia":[{"embeddable":true,"href":"https:\/\/www.myallmeeting.com\/fr\/wp-json\/wp\/v2\/media\/15964823"}],"wp:attachment":[{"href":"https:\/\/www.myallmeeting.com\/fr\/wp-json\/wp\/v2\/media?parent=15226683"}],"wp:term":[{"taxonomy":"periscope_categorie_tax","embeddable":true,"href":"https:\/\/www.myallmeeting.com\/fr\/wp-json\/wp\/v2\/periscope_categorie_tax?post=15226683"}],"curies":[{"name":"wp","href":"https:\/\/api.w.org\/{rel}","templated":true}]}}