{"id":15226680,"date":"2022-01-20T14:31:56","date_gmt":"2022-01-20T13:31:56","guid":{"rendered":"https:\/\/myallmeeting.com\/article\/la-check-list-pour-organiser-des-evenements-durables\/"},"modified":"2024-12-03T15:41:43","modified_gmt":"2024-12-03T14:41:43","slug":"la-check-list-pour-organiser-des-evenements-durables","status":"publish","type":"article","link":"https:\/\/www.myallmeeting.com\/fr\/article\/la-check-list-pour-organiser-des-evenements-durables\/","title":{"rendered":"La Check-list pour organiser des \u00e9v\u00e9nements durables"},"content":{"rendered":"<!-- START OF : Composant : block-periscope-theme-section-composant-25-texte-cta-2-images.php -->\n<div class=\"tcta2ia bg-white fs-wysiwyg mb-lg-12\" data-component=\"25-texte-cta-2-images\">\n\t<div class=\"tcta2ia__top\">\n\t\t<div class=\"container-fluid\" style=\"--bs-gutter-x: 0\">\n\t\t\t<div class=\"row\" style=\"--bs-gutter-x: 0\">\n\t\t\t\t<div class=\"col-lg-8\">\n\t\t\t\t\t\t\t\t\t\t<div class=\"bloc-mise-en-avant__top__left\">\n\t\t\t\t\t\t<img decoding=\"async\" src=\"https:\/\/www.myallmeeting.com\/wp-content\/uploads\/2022\/01\/HCM_P_3257840__original-1268x846.jpeg\" class=\"pe-2 pe-lg-0\" width=\"1268\" height=\"846\" alt=\"\" loading=\"lazy\" \/>\n\t\t\t\t\t<\/div>\n\t\t\t\t\t\t\t\t\t\t<div class=\"tcta2ia__bottom d-none d-lg-block pb-12 pt-lg-9 pb-lg-0 pe-lg-10\">\n\t\t\t\t\t\t\t\t\t\t\t\t<h2 class=\"fs-20 fs-lg-32 fw-semibold\">Les transports, priorit\u00e9 \u00e0 la proximit\u00e9<\/h2>\n\t\t\t\t\t\t\t\t\t\t\t\t\t\t\t\t\t\t<div class=\"fs-wysiwyg\"><p><span style=\"font-weight: 400;\">Dans la mesure du possible, \u00e9vitez \u00e0 vos participants de leur faire prendre l\u2019avion. Limitez les \u00e9v\u00e9nements \u00e0 l\u2019\u00e9tranger, <\/span><b>privil\u00e9giez les transports en train<\/b><span style=\"font-weight: 400;\">, a fortiori pour les distances de moins de trois heures et si vos collaborateurs viennent d\u2019une m\u00eame ville ou d\u2019une m\u00eame r\u00e9gion.\u00a0<\/span><\/p>\n<p><span style=\"font-weight: 400;\">Dans les param\u00e8tres \u00e0 prendre en compte, pensez \u00e0 s\u00e9lectionner une<\/span><b> zone accessible en transports publics<\/b><span style=\"font-weight: 400;\"> et, si possible, des transports \u00e0 z\u00e9ro \u00e9mission. La zone n\u2019est pas desservie en transports en commun ? Tentez d\u2019optimiser les distances de vos collaborateurs en faisant appel \u00e0 un syst\u00e8me de navettes, au covoiturage et au partage de VTC ou taxis. Et bien s\u00fbr, durant l\u2019\u00e9v\u00e9nement, favorisez l\u2019utilisation des transports publics ou de v\u00e9los.<\/span><\/p>\n<p><span style=\"font-weight: 400;\">Certains de vos collaborateurs sont \u00e0 l\u2019\u00e9tranger ? Vous pouvez recourir \u00e0 des <\/span><b>r\u00e9unions en format hybride<\/b><span style=\"font-weight: 400;\">. <\/span><b>L\u2019offre All Connect du groupe Accor permet pr\u00e9cis\u00e9ment ce type d\u2019\u00e9v\u00e9nement<\/b><span style=\"font-weight: 400;\"> via Microsoft Teams.\u00a0\u00a0<\/span><\/p>\n<\/div>\n\t\t\t\t\t\t\t\t\t\t\t\t<div class=\"d-flex flex-column flex-lg-row align-items-center gap-5 gap-lg-8 justify-content-between\">\n\t\t\t\t\t\t\t<div class=\"fs-20 fs-lg-26 fw-semibold lh-xs\"><\/div>\n\t\t\t\t\t\t\t\t\t\t\t\t\t<\/div>\n\t\t\t\t\t<\/div>\n\t\t\t\t<\/div>\n\t\t\t\t<div class=\"col-lg-4\">\n\t\t\t\t\t<div class=\"tcta2ia__top__right t-0 r-0 bg-primary text-white pt-4 pb-4 px-2 pt-lg-8 pb-lg-16 px-lg-11 pb-xl-30\">\n\t\t\t\t\t\t\t\t\t\t\t\t\t\t\t\t\t\t<h2 class=\"unna fs-36 fs-lg-51 fs-xl-75 fs-italic fw-normal text-secondary\">La check-list pour l\u2019organisation d\u2019\u00e9v\u00e9nements durables<\/h2>\n\t\t\t\t\t\t\t\t\t\t\t\t\t\t\t\t\t\t<h3 class=\"text-white fs-18 fs-lg-20 fs-xl-28 text-original-case\">Vous \u00eates charg\u00e9 d\u2019organiser un \u00e9v\u00e9nement professionnel type s\u00e9minaire ? Vous souhaitez proposer un \u00e9v\u00e9nement respectueux en termes de durabilit\u00e9 ?<\/h3>\n\t\t\t\t\t\t\t\t\t\t\t\t\t\t\t\t\t\t<div class=\"fs-wysiwyg mb-4 fs-lg-16 fs-xl-20\"><p><span style=\"font-weight: 400;\">Le Groupe Accor a mis en \u0153uvre des actions au sein de ses \u00e9tablissements pour am\u00e9liorer leurs empreintes sociale et \u00e9cologique. <\/span><b>Ses experts vous conseillent sur les leviers \u00e0 actionner (transports, alimentation, \u00e9nergie\u2026) pour organiser un \u00e9v\u00e9nement plus durable<\/b><span style=\"font-weight: 400;\">.<\/span><\/p>\n<\/div>\n\t\t\t\t\t\t\t\t\t\t\t\t\t\t\t\t\t\t\t\t\t\t\t\t<p class=\"m-0\"><img decoding=\"async\" src=\"https:\/\/www.myallmeeting.com\/wp-content\/uploads\/2022\/01\/aja_p_5578-02__original-633x398.jpeg\" class=\"position-relative l-0\" width=\"633\" height=\"398\" alt=\"\" loading=\"lazy\" \/><\/p>\n\t\t\t\t\t\t\t\t\t\t\t<\/div>\n\t\t\t\t<\/div>\n\t\t\t<\/div>\n\t\t<\/div>\n\t<\/div>\n\t<div class=\"tcta2ia__bottom d-lg-none pb-12 py-lg-9 pe-lg-10\">\n\t\t\t\t<div class=\"h2 fs-20 fs-lg-32 fw-semibold\">Les transports, priorit\u00e9 \u00e0 la proximit\u00e9<\/div>\n\t\t\t\t\t\t<div class=\"fs-wysiwyg\"><p><span style=\"font-weight: 400;\">Dans la mesure du possible, \u00e9vitez \u00e0 vos participants de leur faire prendre l\u2019avion. Limitez les \u00e9v\u00e9nements \u00e0 l\u2019\u00e9tranger, <\/span><b>privil\u00e9giez les transports en train<\/b><span style=\"font-weight: 400;\">, a fortiori pour les distances de moins de trois heures et si vos collaborateurs viennent d\u2019une m\u00eame ville ou d\u2019une m\u00eame r\u00e9gion.\u00a0<\/span><\/p>\n<p><span style=\"font-weight: 400;\">Dans les param\u00e8tres \u00e0 prendre en compte, pensez \u00e0 s\u00e9lectionner une<\/span><b> zone accessible en transports publics<\/b><span style=\"font-weight: 400;\"> et, si possible, des transports \u00e0 z\u00e9ro \u00e9mission. La zone n\u2019est pas desservie en transports en commun ? Tentez d\u2019optimiser les distances de vos collaborateurs en faisant appel \u00e0 un syst\u00e8me de navettes, au covoiturage et au partage de VTC ou taxis. Et bien s\u00fbr, durant l\u2019\u00e9v\u00e9nement, favorisez l\u2019utilisation des transports publics ou de v\u00e9los.<\/span><\/p>\n<p><span style=\"font-weight: 400;\">Certains de vos collaborateurs sont \u00e0 l\u2019\u00e9tranger ? Vous pouvez recourir \u00e0 des <\/span><b>r\u00e9unions en format hybride<\/b><span style=\"font-weight: 400;\">. <\/span><b>L\u2019offre All Connect du groupe Accor permet pr\u00e9cis\u00e9ment ce type d\u2019\u00e9v\u00e9nement<\/b><span style=\"font-weight: 400;\"> via Microsoft Teams.\u00a0\u00a0<\/span><\/p>\n<\/div>\n\t\t\t\t<div class=\"d-flex flex-column flex-lg-row align-items-center gap-5 gap-lg-8 justify-content-between\">\n\t\t\t<div class=\"fs-20 fs-lg-26 fw-semibold lh-xs\"><\/div>\n\t\t\t\t\t<\/div>\n\t<\/div>\n<\/div>\n<!-- END OF : Composant : block-periscope-theme-section-composant-25-texte-cta-2-images.php -->\n\n\n<!-- START OF : Composant : block-periscope-theme-section-composant-33-texte-image.php -->\n<div class=\"text-image fs-wysiwyg mb-8 mb-lg-12\" data-component=\"33-texte-image\">\n\t<div class=\"container-fluid\" style=\"--bs-gutter-x: 0\">\n\t\t<div class=\"row\" style=\"--bs-gutter-x: 0\">\n\t\t\t\t\t\t<div class=\"col-lg-6 mb-7 mb-lg-0\">\n\t\t\t\t<img decoding=\"async\" src=\"https:\/\/www.myallmeeting.com\/wp-content\/uploads\/2022\/01\/aja_p_2370-31__original-953x600.jpeg\" width=\"953\" height=\"600\" alt=\"\" loading=\"lazy\" class=\"w-100\" \/>\n\t\t\t<\/div>\n\t\t\t\t\t\t<div class=\"col-lg-6\">\n\t\t\t\t<div class=\"text-image__content\">\n\t\t\t\t\t\t\t\t\t\t<div class=\"fw-semibold lh-xs fs-20 fs-lg-32 ls--25 mb-5\">Une alimentation \u201cresponsable\u201d<\/div>\n\t\t\t\t\t\t\t\t\t\t\t\t\t\t\t<div class=\"fs-wysiwyg\">\n\t\t\t\t\t\t<p><span style=\"font-weight: 400;\">L\u2019un des enjeux de votre \u00e9v\u00e9nement concerne la ma\u00eetrise du gaspillage alimentaire. <\/span><b>Il est donc pr\u00e9f\u00e9rable de rechercher la qualit\u00e9 plut\u00f4t qu\u2019une quantit\u00e9 importante de produits diff\u00e9rents<\/b> <i><span style=\"font-weight: 400;\">Exit <\/span><\/i><span style=\"font-weight: 400;\">donc les buffets<\/span><b>,<\/b><span style=\"font-weight: 400;\"> privil\u00e9giez plut\u00f4t le service \u00e0 l&rsquo;assiette ou la cuisine en direct.<\/span><\/p>\n<p><span style=\"font-weight: 400;\">Mais une alimentation durable ne se limite pas aux seuls d\u00e9chets alimentaires. Pensez, par exemple,\u00a0 \u00e0 proposer :\u00a0<\/span><\/p>\n<ul>\n<li><span style=\"font-weight: 400;\">Des menus v\u00e9g\u00e9tariens ou des portions de viande r\u00e9duites ;<\/span><span style=\"font-weight: 400;\"><\/span><\/li>\n<li><span style=\"font-weight: 400;\">Des produits locaux et de saison.<\/span><\/li>\n<\/ul>\n<p><span style=\"font-weight: 400;\">Pour conna\u00eetre les quantit\u00e9s et limiter les d\u00e9chets, <\/span><b>n\u2019h\u00e9sitez pas \u00e0 vous informer sur le nombre de participants pr\u00e9sents, ainsi que sur leurs pr\u00e9f\u00e9rences ou restrictions alimentaires<\/b><span style=\"font-weight: 400;\">. Si vous le pouvez, <\/span><b>d<\/b><b>emandez aussi aux participants de confirmer leur pr\u00e9sence<\/b><span style=\"font-weight: 400;\">.\u00a0<\/span><\/p>\n<p><span style=\"font-weight: 400;\">C\u00f4t\u00e9 packaging, <\/span><b>\u00e9vitez les emballages individuels<\/b><span style=\"font-weight: 400;\">. De m\u00eame,<\/span><b> optez pour de la vaisselle r\u00e9utilisable<\/b><span style=\"font-weight: 400;\">, sans plastique jetable.\u00a0<\/span><\/p>\n<p><span style=\"font-weight: 400;\">Il faudra \u00e9galement penser aux surplus. <\/span><span style=\"font-weight: 400;\">Il est tr\u00e8s facile d\u2019organiser le ramassage ou le don des aliments qui n\u2019ont pas \u00e9t\u00e9 consomm\u00e9s en collaborant avec des fondations ou\u00a0<\/span><b>en utilisant des applications comme Too Good To Go, que plus de 1 000 h\u00f4tels d\u2019Accor utilisent d\u00e9j\u00e0 dans le monde pour exploiter les exc\u00e9dents.<\/b><\/p>\n\t\t\t\t\t<\/div>\n\t\t\t\t\t\t\t\t\t<\/div>\n\t\t\t<\/div>        \n\t\t<\/div>\n\t<\/div>\n<\/div>\n<!-- END OF : Composant : block-periscope-theme-section-composant-33-texte-image.php -->\n\n\n<!-- START OF : Composant : block-periscope-theme-section-composant-33-texte-image.php -->\n<!-- INVERSE -->\n<div class=\"text-image fs-wysiwyg mb-8 mb-lg-12\" data-component=\"33-texte-image\" data-reverse=\"oui\">\n\t<div class=\"container-fluid\" style=\"--bs-gutter-x: 0\">\n\t\t<div class=\"row\" style=\"--bs-gutter-x: 0\">\n\t\t\t<div class=\"col-lg-6\">\n\t\t\t\t<div class=\"text-image__content\">\n\t\t\t\t\t\t\t\t\t\t<div class=\"fw-semibold lh-xs fs-20 fs-lg-32 ls--25 mb-5\">Optez pour un h\u00e9bergement \u00e9cocertifi\u00e9<\/div>\n\t\t\t\t\t\t\t\t\t\t\t\t\t\t\t<div class=\"fs-wysiwyg\">\n\t\t\t\t\t\t<p><span style=\"font-weight: 400;\">Le lieu d\u2019accueil est \u00e9videmment un facteur \u00e0 prendre en compte si vous souhaitez organiser un \u00e9v\u00e9nement durable. <\/span><b>Des \u00e9tablissements r\u00e9pondent \u00e0 ce type de besoin en ayant pr\u00e9cis\u00e9ment mis en place des actions de d\u00e9veloppement durable<\/b><span style=\"font-weight: 400;\"> : <\/span><b>\u00e9conomies d\u2019eau, efficacit\u00e9 \u00e9nerg\u00e9tique<\/b><span style=\"font-weight: 400;\"> (avec des mesures d\u2019isolation des b\u00e2timents et d\u2019\u00e9clairage \u00e0 faible consommation), <\/span><b>approvisionnement en \u00e9nergies renouvelables, tri et recyclage des d\u00e9chets<\/b><span style=\"font-weight: 400;\">\u2026\u00a0<\/span><\/p>\n<p><span style=\"font-weight: 400;\">Quid de la climatisation et du chauffage ? Optez pour des h\u00f4tels permettent de les limiter aux espaces concern\u00e9s par votre \u00e9v\u00e9nement.\u00a0<\/span><\/p>\n<p><span style=\"font-weight: 400;\">Le groupe Accor a mis en place ces actions dans ses \u00e9tablissements. Certains d\u2019entre eux ont une conception et une structure bas\u00e9es sur les directives de l\u2019architecture bioclimatique. Par exemple, le SO\/Sotogrande est un h\u00f4tel intelligent disposant d\u2019un outil technologique sp\u00e9cifique qui vous aide \u00e0 mesurer et r\u00e9duire votre empreinte carbone.<\/span><\/p>\n<p><b>N\u2019h\u00e9sitez pas \u00e0 consulter le site MyAllMeeting pour conna\u00eetre la liste des h\u00f4tels \u00e9coresponsables du groupe.<\/b><\/p>\n\t\t\t\t\t<\/div>\n\t\t\t\t\t\t\t\t\t<\/div>\n\t\t\t<\/div>    \n\t\t\t    \n\t\t\t<div class=\"col-lg-6 order-first order-lg-last mb-7 mb-lg-0\">\n\t\t\t\t<img decoding=\"async\" src=\"https:\/\/www.myallmeeting.com\/wp-content\/uploads\/2022\/01\/aja_p_5211-72__original-953x600.jpeg\" width=\"953\" height=\"600\" alt=\"\" loading=\"lazy\" class=\"w-100\" \/>\n\t\t\t<\/div>\n\t\t\t\t\t<\/div>\n\t<\/div>\n<\/div>\n<!-- END OF : Composant : block-periscope-theme-section-composant-33-texte-image.php -->\n\n\n<!-- START OF : Composant : block-periscope-theme-section-composant-33-texte-image.php -->\n<div class=\"text-image fs-wysiwyg mb-8 mb-lg-12\" data-component=\"33-texte-image\">\n\t<div class=\"container-fluid\" style=\"--bs-gutter-x: 0\">\n\t\t<div class=\"row\" style=\"--bs-gutter-x: 0\">\n\t\t\t\t\t\t<div class=\"col-lg-6 mb-7 mb-lg-0\">\n\t\t\t\t<img decoding=\"async\" src=\"https:\/\/www.myallmeeting.com\/wp-content\/uploads\/2022\/01\/o-que-e-sustentabilidade-2024-1__original-953x600.jpeg\" width=\"953\" height=\"600\" alt=\"\" loading=\"lazy\" class=\"w-100\" \/>\n\t\t\t<\/div>\n\t\t\t\t\t\t<div class=\"col-lg-6\">\n\t\t\t\t<div class=\"text-image__content\">\n\t\t\t\t\t\t\t\t\t\t<div class=\"fw-semibold lh-xs fs-20 fs-lg-32 ls--25 mb-5\">Pensez aux bons r\u00e9flexes \u00e9colos<\/div>\n\t\t\t\t\t\t\t\t\t\t\t\t\t\t\t<div class=\"fs-wysiwyg\">\n\t\t\t\t\t\t<p><b>Organiser son \u00e9v\u00e9nement dans un lieu \u00e9cocertifi\u00e9, c\u2019est bien ; adopter les bons r\u00e9flexes \u201cverts\u201d, c\u2019est mieux<\/b><span style=\"font-weight: 400;\">. Sensibilisez vos collaborateurs sur l\u2019importance :\u00a0<\/span><\/p>\n<ul>\n<li style=\"font-weight: 400;\" aria-level=\"1\"><span style=\"font-weight: 400;\">D\u2019\u00e9teindre leurs \u00e9crans et les lumi\u00e8res en quittant les salles ;\u00a0<\/span><\/li>\n<li style=\"font-weight: 400;\" aria-level=\"1\"><span style=\"font-weight: 400;\">De d\u00e9brancher vos ordinateurs et <\/span><i><span style=\"font-weight: 400;\">devices <\/span><\/i><span style=\"font-weight: 400;\">lorsqu\u2019ils sont charg\u00e9s ;\u00a0<\/span><\/li>\n<li style=\"font-weight: 400;\" aria-level=\"1\"><span style=\"font-weight: 400;\">De diminuer la luminosit\u00e9 des \u00e9crans au m\u00eame niveau que celle de votre environnement ;\u00a0<\/span><\/li>\n<li style=\"font-weight: 400;\" aria-level=\"1\"><span style=\"font-weight: 400;\">De diminuer, dans la mesure du possible, l\u2019utilisation simultan\u00e9e de plusieurs \u00e9crans ;<\/span><\/li>\n<li style=\"font-weight: 400;\" aria-level=\"1\"><span style=\"font-weight: 400;\">D\u2019offrir une deuxi\u00e8me vie aux serviettes.<\/span><\/li>\n<\/ul>\n\t\t\t\t\t<\/div>\n\t\t\t\t\t\t\t\t\t<\/div>\n\t\t\t<\/div>        \n\t\t<\/div>\n\t<\/div>\n<\/div>\n<!-- END OF : Composant : block-periscope-theme-section-composant-33-texte-image.php -->\n\n\n<!-- START OF : Composant : block-periscope-theme-section-composant-33-texte-image.php -->\n<!-- INVERSE -->\n<div class=\"text-image fs-wysiwyg mb-8 mb-lg-12\" data-component=\"33-texte-image\" data-reverse=\"oui\">\n\t<div class=\"container-fluid\" style=\"--bs-gutter-x: 0\">\n\t\t<div class=\"row\" style=\"--bs-gutter-x: 0\">\n\t\t\t<div class=\"col-lg-6\">\n\t\t\t\t<div class=\"text-image__content\">\n\t\t\t\t\t\t\t\t\t\t<div class=\"fw-semibold lh-xs fs-20 fs-lg-32 ls--25 mb-5\">De bonnes pratiques num\u00e9riques \u00e0 mettre en place<\/div>\n\t\t\t\t\t\t\t\t\t\t\t\t\t\t\t<div class=\"fs-wysiwyg\">\n\t\t\t\t\t\t<p><span style=\"font-weight: 400;\">Principal point : la communication papier. <\/span><b>Limitez les impressions<\/b><span style=\"font-weight: 400;\">, n\u2019imprimez que si n\u00e9cessaire, en recto-verso, en noir et blanc et de mani\u00e8re \u00e9coresponsable (en utilisant du papier \u00e9colabellis\u00e9 ou recycl\u00e9). Si possible, <\/span><b>privil\u00e9giez les supports num\u00e9riques et les QR codes<\/b><span style=\"font-weight: 400;\">.\u00a0 Pour transmettre les informations et plans li\u00e9s \u00e0 l\u2019\u00e9v\u00e9nement, <\/span><b>vous pouvez passer par des canaux tels que l\u2019e-mail ou le SMS<\/b><span style=\"font-weight: 400;\">.<\/span><\/p>\n<p><span style=\"font-weight: 400;\">Dans le m\u00eame ordre d\u2019id\u00e9es, n\u2019h\u00e9sitez pas \u00e0 encourager l\u2019utilisation de moteurs de recherche \u00e9cologiques tels qu\u2019Ecosia.org ou OceanHero.today. <\/span><\/p>\n\t\t\t\t\t<\/div>\n\t\t\t\t\t\t\t\t\t<\/div>\n\t\t\t<\/div>    \n\t\t\t    \n\t\t\t<div class=\"col-lg-6 order-first order-lg-last mb-7 mb-lg-0\">\n\t\t\t\t<img decoding=\"async\" src=\"https:\/\/www.myallmeeting.com\/wp-content\/uploads\/2022\/01\/HCM_P_0005136__original-953x600.jpeg\" width=\"953\" height=\"600\" alt=\"\" loading=\"lazy\" class=\"w-100\" \/>\n\t\t\t<\/div>\n\t\t\t\t\t<\/div>\n\t<\/div>\n<\/div>\n<!-- END OF : Composant : block-periscope-theme-section-composant-33-texte-image.php -->\n\n\n<!-- START OF : Composant : block-periscope-theme-section-composant-33-texte-image.php -->\n<div class=\"text-image fs-wysiwyg mb-8 mb-lg-12\" data-component=\"33-texte-image\">\n\t<div class=\"container-fluid\" style=\"--bs-gutter-x: 0\">\n\t\t<div class=\"row\" style=\"--bs-gutter-x: 0\">\n\t\t\t\t\t\t<div class=\"col-lg-6 mb-7 mb-lg-0\">\n\t\t\t\t<img decoding=\"async\" src=\"https:\/\/www.myallmeeting.com\/wp-content\/uploads\/2022\/01\/aja_p_4695-85__original-953x600.jpeg\" width=\"953\" height=\"600\" alt=\"\" loading=\"lazy\" class=\"w-100\" \/>\n\t\t\t<\/div>\n\t\t\t\t\t\t<div class=\"col-lg-6\">\n\t\t\t\t<div class=\"text-image__content\">\n\t\t\t\t\t\t\t\t\t\t<div class=\"fw-semibold lh-xs fs-20 fs-lg-32 ls--25 mb-5\">Une dimension sociale \u00e0 prendre en compte <\/div>\n\t\t\t\t\t\t\t\t\t\t\t\t\t\t\t<div class=\"fs-wysiwyg\">\n\t\t\t\t\t\t<p><span style=\"font-weight: 400;\">Cette dimension sociale inclut les conditions de travail et d\u2019int\u00e9gration des collaborateurs, le choix de produits locaux, de saison, \u00e9cologiques ou issus du commerce \u00e9quitable, qui vont toujours de pair avec une alimentation plus saine.\u00a0Par exemple, au moment de votre pause-caf\u00e9, vous pouvez toujours choisir du caf\u00e9 ou du th\u00e9 &#8211; certifi\u00e9s ou produits durablement &#8211; dans les h\u00f4tels Accor.<\/span><\/p>\n<p><span style=\"font-weight: 400;\">C\u00f4t\u00e9 goodies, privil\u00e9giez ceux utiles, r\u00e9utilisables et \u00e9cocon\u00e7us.\u00a0<\/span><\/p>\n<p><span style=\"font-weight: 400;\">Votre \u00e9v\u00e9nement peut aussi se distinguer par un versant solidaire, avec une initiative ayant un impact positif sur n\u2019importe quel groupe ou communaut\u00e9\u2026 \u00a0<\/span><b>Accor a par exemple cr\u00e9\u00e9 plus de 400 projets \u00e0 travers le monde\u00a0:<\/b><span style=\"font-weight: 400;\">\u00a0en Espagne, le projet \u00ab\u00a0Entre femmes\u00a0\u00bb soutient pr\u00e8s de 40 femmes victimes de violences gr\u00e2ce \u00e0 des ateliers de confection et de couture. En France, le programme \u00ab\u00a0Des \u00c9toiles et des Femmes\u00a0\u00bb aide \u00e0 former des femmes de quartiers prioritaires de Marseille, Montpellier ou Bordeaux \u00e0 des m\u00e9tiers de haut niveau. Et en Italie, des jeunes consolident leurs talents culinaires gr\u00e2ce au projet \u00ab\u00a0In presa\u00a0\u00bb qui favorise leur embauche.<\/span><\/p>\n<p>&nbsp;<\/p>\n\t\t\t\t\t<\/div>\n\t\t\t\t\t\t\t\t\t<\/div>\n\t\t\t<\/div>        \n\t\t<\/div>\n\t<\/div>\n<\/div>\n<!-- END OF : Composant : block-periscope-theme-section-composant-33-texte-image.php -->\n","protected":false},"excerpt":{"rendered":"<p>Vous \u00eates charg\u00e9 d\u2019organiser un \u00e9v\u00e9nement professionnel type s\u00e9minaire ? Vous souhaitez proposer un \u00e9v\u00e9nement respectueux en termes de durabilit\u00e9 ?<\/p>\n","protected":false},"featured_media":16858101,"menu_order":0,"template":"","periscope_categorie_tax":[1649],"class_list":["post-15226680","article","type-article","status-publish","has-post-thumbnail","hentry","periscope_categorie_tax-organiser-votre-reunion"],"acf":[],"yoast_head":"<title>La Check-list pour organiser des \u00e9v\u00e9nements durables - Accor MyAllMeeting.com<\/title>\n<meta name=\"robots\" content=\"index, follow, max-snippet:-1, max-image-preview:large, max-video-preview:-1\" \/>\n<link rel=\"canonical\" href=\"https:\/\/www.myallmeeting.com\/fr\/wp-json\/wp\/v2\/article\/15226680\" \/>\n<meta property=\"og:locale\" content=\"fr_FR\" \/>\n<meta property=\"og:type\" content=\"article\" \/>\n<meta property=\"og:title\" content=\"La Check-list pour organiser des \u00e9v\u00e9nements durables - Accor MyAllMeeting.com\" \/>\n<meta property=\"og:description\" content=\"Vous \u00eates charg\u00e9 d\u2019organiser un \u00e9v\u00e9nement professionnel type s\u00e9minaire ? Vous souhaitez proposer un \u00e9v\u00e9nement respectueux en termes de durabilit\u00e9 ?\" \/>\n<meta property=\"og:url\" content=\"https:\/\/www.myallmeeting.com\/fr\/article\/la-check-list-pour-organiser-des-evenements-durables\/\" \/>\n<meta property=\"og:site_name\" content=\"Accor MyAllMeeting.com\" \/>\n<meta property=\"article:modified_time\" content=\"2024-12-03T14:41:43+00:00\" \/>\n<meta property=\"og:image\" content=\"http:\/\/myallmeeting.com\/wp-content\/uploads\/2022\/01\/MAM-baner-1920x570-73.png\" \/>\n\t<meta property=\"og:image:width\" content=\"1920\" \/>\n\t<meta property=\"og:image:height\" content=\"570\" \/>\n\t<meta property=\"og:image:type\" content=\"image\/png\" \/>\n<meta name=\"twitter:card\" content=\"summary_large_image\" \/>\n<meta name=\"twitter:label1\" content=\"Dur\u00e9e de lecture estim\u00e9e\" \/>\n\t<meta name=\"twitter:data1\" content=\"7 minutes\" \/>\n<script type=\"application\/ld+json\" class=\"yoast-schema-graph\">{\"@context\":\"https:\/\/schema.org\",\"@graph\":[{\"@type\":\"WebPage\",\"@id\":\"https:\/\/www.myallmeeting.com\/fr\/article\/la-check-list-pour-organiser-des-evenements-durables\/\",\"url\":\"https:\/\/www.myallmeeting.com\/fr\/article\/la-check-list-pour-organiser-des-evenements-durables\/\",\"name\":\"La Check-list pour organiser des \u00e9v\u00e9nements durables - Accor MyAllMeeting.com\",\"isPartOf\":{\"@id\":\"https:\/\/www.myallmeeting.com\/fr\/#website\"},\"primaryImageOfPage\":{\"@id\":\"https:\/\/www.myallmeeting.com\/fr\/article\/la-check-list-pour-organiser-des-evenements-durables\/#primaryimage\"},\"image\":{\"@id\":\"https:\/\/www.myallmeeting.com\/fr\/article\/la-check-list-pour-organiser-des-evenements-durables\/#primaryimage\"},\"thumbnailUrl\":\"https:\/\/www.myallmeeting.com\/wp-content\/uploads\/2022\/01\/MAM-baner-1920x570-73.png\",\"datePublished\":\"2022-01-20T13:31:56+00:00\",\"dateModified\":\"2024-12-03T14:41:43+00:00\",\"breadcrumb\":{\"@id\":\"https:\/\/www.myallmeeting.com\/fr\/article\/la-check-list-pour-organiser-des-evenements-durables\/#breadcrumb\"},\"inLanguage\":\"fr-FR\",\"potentialAction\":[{\"@type\":\"ReadAction\",\"target\":[\"https:\/\/www.myallmeeting.com\/fr\/article\/la-check-list-pour-organiser-des-evenements-durables\/\"]}]},{\"@type\":\"ImageObject\",\"inLanguage\":\"fr-FR\",\"@id\":\"https:\/\/www.myallmeeting.com\/fr\/article\/la-check-list-pour-organiser-des-evenements-durables\/#primaryimage\",\"url\":\"https:\/\/www.myallmeeting.com\/wp-content\/uploads\/2022\/01\/MAM-baner-1920x570-73.png\",\"contentUrl\":\"https:\/\/www.myallmeeting.com\/wp-content\/uploads\/2022\/01\/MAM-baner-1920x570-73.png\",\"width\":1920,\"height\":570},{\"@type\":\"BreadcrumbList\",\"@id\":\"https:\/\/www.myallmeeting.com\/fr\/article\/la-check-list-pour-organiser-des-evenements-durables\/#breadcrumb\",\"itemListElement\":[{\"@type\":\"ListItem\",\"position\":1,\"name\":\"Accueil\",\"item\":\"https:\/\/myallmeeting.com\/fr\/\"},{\"@type\":\"ListItem\",\"position\":2,\"name\":\"Actualit\u00e9s\",\"item\":\"https:\/\/www.myallmeeting.com\/fr\/actualite\/\"},{\"@type\":\"ListItem\",\"position\":3,\"name\":\"La Check-list pour organiser des \u00e9v\u00e9nements durables\"}]},{\"@type\":\"WebSite\",\"@id\":\"https:\/\/www.myallmeeting.com\/fr\/#website\",\"url\":\"https:\/\/www.myallmeeting.com\/fr\/\",\"name\":\"Accor MyAllMeeting.com\",\"description\":\"Les Meilleurs lieux pour vos Ev\u00e9nements Professionnels\",\"publisher\":{\"@id\":\"https:\/\/www.myallmeeting.com\/fr\/#organization\"},\"potentialAction\":[{\"@type\":\"SearchAction\",\"target\":{\"@type\":\"EntryPoint\",\"urlTemplate\":\"https:\/\/www.myallmeeting.com\/fr\/?s={search_term_string}\"},\"query-input\":{\"@type\":\"PropertyValueSpecification\",\"valueRequired\":true,\"valueName\":\"search_term_string\"}}],\"inLanguage\":\"fr-FR\"},{\"@type\":\"Organization\",\"@id\":\"https:\/\/www.myallmeeting.com\/fr\/#organization\",\"name\":\"ACCOR\",\"url\":\"https:\/\/www.myallmeeting.com\/fr\/\",\"logo\":{\"@type\":\"ImageObject\",\"inLanguage\":\"fr-FR\",\"@id\":\"https:\/\/www.myallmeeting.com\/fr\/#\/schema\/logo\/image\/\",\"url\":\"\",\"contentUrl\":\"\",\"caption\":\"ACCOR\"},\"image\":{\"@id\":\"https:\/\/www.myallmeeting.com\/fr\/#\/schema\/logo\/image\/\"}}]}<\/script>","yoast_head_json":{"title":"La Check-list pour organiser des \u00e9v\u00e9nements durables - Accor MyAllMeeting.com","robots":{"index":"index","follow":"follow","max-snippet":"max-snippet:-1","max-image-preview":"max-image-preview:large","max-video-preview":"max-video-preview:-1"},"canonical":"https:\/\/www.myallmeeting.com\/fr\/wp-json\/wp\/v2\/article\/15226680","og_locale":"fr_FR","og_type":"article","og_title":"La Check-list pour organiser des \u00e9v\u00e9nements durables - Accor MyAllMeeting.com","og_description":"Vous \u00eates charg\u00e9 d\u2019organiser un \u00e9v\u00e9nement professionnel type s\u00e9minaire ? Vous souhaitez proposer un \u00e9v\u00e9nement respectueux en termes de durabilit\u00e9 ?","og_url":"https:\/\/www.myallmeeting.com\/fr\/article\/la-check-list-pour-organiser-des-evenements-durables\/","og_site_name":"Accor MyAllMeeting.com","article_modified_time":"2024-12-03T14:41:43+00:00","og_image":[{"width":1920,"height":570,"url":"http:\/\/myallmeeting.com\/wp-content\/uploads\/2022\/01\/MAM-baner-1920x570-73.png","type":"image\/png"}],"twitter_card":"summary_large_image","twitter_misc":{"Dur\u00e9e de lecture estim\u00e9e":"7 minutes"},"schema":{"@context":"https:\/\/schema.org","@graph":[{"@type":"WebPage","@id":"https:\/\/www.myallmeeting.com\/fr\/article\/la-check-list-pour-organiser-des-evenements-durables\/","url":"https:\/\/www.myallmeeting.com\/fr\/article\/la-check-list-pour-organiser-des-evenements-durables\/","name":"La Check-list pour organiser des \u00e9v\u00e9nements durables - Accor MyAllMeeting.com","isPartOf":{"@id":"https:\/\/www.myallmeeting.com\/fr\/#website"},"primaryImageOfPage":{"@id":"https:\/\/www.myallmeeting.com\/fr\/article\/la-check-list-pour-organiser-des-evenements-durables\/#primaryimage"},"image":{"@id":"https:\/\/www.myallmeeting.com\/fr\/article\/la-check-list-pour-organiser-des-evenements-durables\/#primaryimage"},"thumbnailUrl":"https:\/\/www.myallmeeting.com\/wp-content\/uploads\/2022\/01\/MAM-baner-1920x570-73.png","datePublished":"2022-01-20T13:31:56+00:00","dateModified":"2024-12-03T14:41:43+00:00","breadcrumb":{"@id":"https:\/\/www.myallmeeting.com\/fr\/article\/la-check-list-pour-organiser-des-evenements-durables\/#breadcrumb"},"inLanguage":"fr-FR","potentialAction":[{"@type":"ReadAction","target":["https:\/\/www.myallmeeting.com\/fr\/article\/la-check-list-pour-organiser-des-evenements-durables\/"]}]},{"@type":"ImageObject","inLanguage":"fr-FR","@id":"https:\/\/www.myallmeeting.com\/fr\/article\/la-check-list-pour-organiser-des-evenements-durables\/#primaryimage","url":"https:\/\/www.myallmeeting.com\/wp-content\/uploads\/2022\/01\/MAM-baner-1920x570-73.png","contentUrl":"https:\/\/www.myallmeeting.com\/wp-content\/uploads\/2022\/01\/MAM-baner-1920x570-73.png","width":1920,"height":570},{"@type":"BreadcrumbList","@id":"https:\/\/www.myallmeeting.com\/fr\/article\/la-check-list-pour-organiser-des-evenements-durables\/#breadcrumb","itemListElement":[{"@type":"ListItem","position":1,"name":"Accueil","item":"https:\/\/myallmeeting.com\/fr\/"},{"@type":"ListItem","position":2,"name":"Actualit\u00e9s","item":"https:\/\/www.myallmeeting.com\/fr\/actualite\/"},{"@type":"ListItem","position":3,"name":"La Check-list pour organiser des \u00e9v\u00e9nements durables"}]},{"@type":"WebSite","@id":"https:\/\/www.myallmeeting.com\/fr\/#website","url":"https:\/\/www.myallmeeting.com\/fr\/","name":"Accor MyAllMeeting.com","description":"Les Meilleurs lieux pour vos Ev\u00e9nements Professionnels","publisher":{"@id":"https:\/\/www.myallmeeting.com\/fr\/#organization"},"potentialAction":[{"@type":"SearchAction","target":{"@type":"EntryPoint","urlTemplate":"https:\/\/www.myallmeeting.com\/fr\/?s={search_term_string}"},"query-input":{"@type":"PropertyValueSpecification","valueRequired":true,"valueName":"search_term_string"}}],"inLanguage":"fr-FR"},{"@type":"Organization","@id":"https:\/\/www.myallmeeting.com\/fr\/#organization","name":"ACCOR","url":"https:\/\/www.myallmeeting.com\/fr\/","logo":{"@type":"ImageObject","inLanguage":"fr-FR","@id":"https:\/\/www.myallmeeting.com\/fr\/#\/schema\/logo\/image\/","url":"","contentUrl":"","caption":"ACCOR"},"image":{"@id":"https:\/\/www.myallmeeting.com\/fr\/#\/schema\/logo\/image\/"}}]}},"_links":{"self":[{"href":"https:\/\/www.myallmeeting.com\/fr\/wp-json\/wp\/v2\/article\/15226680","targetHints":{"allow":["GET"]}}],"collection":[{"href":"https:\/\/www.myallmeeting.com\/fr\/wp-json\/wp\/v2\/article"}],"about":[{"href":"https:\/\/www.myallmeeting.com\/fr\/wp-json\/wp\/v2\/types\/article"}],"wp:featuredmedia":[{"embeddable":true,"href":"https:\/\/www.myallmeeting.com\/fr\/wp-json\/wp\/v2\/media\/16858101"}],"wp:attachment":[{"href":"https:\/\/www.myallmeeting.com\/fr\/wp-json\/wp\/v2\/media?parent=15226680"}],"wp:term":[{"taxonomy":"periscope_categorie_tax","embeddable":true,"href":"https:\/\/www.myallmeeting.com\/fr\/wp-json\/wp\/v2\/periscope_categorie_tax?post=15226680"}],"curies":[{"name":"wp","href":"https:\/\/api.w.org\/{rel}","templated":true}]}}