{"id":15226679,"date":"2022-01-24T15:42:55","date_gmt":"2022-01-24T14:42:55","guid":{"rendered":"https:\/\/myallmeeting.com\/article\/un-seminaire-vibrant-au-pullman-paris-centre-bercy\/"},"modified":"2024-12-04T17:17:25","modified_gmt":"2024-12-04T16:17:25","slug":"un-seminaire-vibrant-au-pullman-paris-centre-bercy","status":"publish","type":"article","link":"https:\/\/www.myallmeeting.com\/fr\/article\/un-seminaire-vibrant-au-pullman-paris-centre-bercy\/","title":{"rendered":"Un s\u00e9minaire vibrant au Pullman Paris Centre-Bercy"},"content":{"rendered":"<!-- START OF : Composant : block-periscope-theme-section-composant-25-texte-cta-2-images.php -->\n<div class=\"tcta2ia bg-white fs-wysiwyg mb-lg-12\" data-component=\"25-texte-cta-2-images\">\n\t<div class=\"tcta2ia__top\">\n\t\t<div class=\"container-fluid\" style=\"--bs-gutter-x: 0\">\n\t\t\t<div class=\"row\" style=\"--bs-gutter-x: 0\">\n\t\t\t\t<div class=\"col-lg-8\">\n\t\t\t\t\t\t\t\t\t\t<div class=\"bloc-mise-en-avant__top__left\">\n\t\t\t\t\t\t<img decoding=\"async\" src=\"https:\/\/www.myallmeeting.com\/wp-content\/uploads\/2022\/01\/aja_p_4996-32__original-1268x846.jpeg\" class=\"pe-2 pe-lg-0\" width=\"1268\" height=\"846\" alt=\"\" loading=\"lazy\" \/>\n\t\t\t\t\t<\/div>\n\t\t\t\t\t\t\t\t\t\t<div class=\"tcta2ia__bottom d-none d-lg-block pb-12 pt-lg-9 pb-lg-0 pe-lg-10\">\n\t\t\t\t\t\t\t\t\t\t\t\t<h2 class=\"fs-20 fs-lg-32 fw-semibold\">L\u2019ambiance Pullman<\/h2>\n\t\t\t\t\t\t\t\t\t\t\t\t\t\t\t\t\t\t<div class=\"fs-wysiwyg\"><p>Le Pullman Paris Centre-Bercy n\u2019\u00e9chappe pas \u00e0 cette ambiance foisonnante. D\u00e8s les portes franchies, on est saisi par la luminosit\u00e9 du lobby et l\u2019alliance audacieuse des mat\u00e9riaux qui l\u2019habillent : l\u2019\u00e9clat de <strong>l\u2019aluminium<\/strong> et la chaleur du <strong>li\u00e8ge<\/strong>. <strong>Tom Dixon<\/strong>, le designer britannique qui a imagin\u00e9 l\u2019espace pour sa r\u00e9novation en 2019, ne les a pas choisis par hasard. Le li\u00e8ge rappelle les bouchons des bouteilles de vin. Quant \u00e0 l\u2019aluminium\u2026 Saviez-vous que Pullman \u00e9tait, \u00e0 l\u2019origine, une compagnie de wagons-lits ?<\/p>\n<p>Ce mat\u00e9riau fait \u00e9cho aux wagons, d\u2019autant que les lignes choisies pour les am\u00e9nagements et le mobilier sont douces et arrondies, \u00e0 l\u2019image des nombreux luminaires, signatures du c\u00e9l\u00e8bre designer, qui d\u00e9corent le plafond du <strong>LIVE<\/strong>, le bar et restaurant.<\/p>\n<p>Autre r\u00e9sonance avec la vie branch\u00e9e du quartier, une fresque originale, sign\u00e9e du <strong>street artiste Kelkin<\/strong> : un plan de l\u2019h\u00f4tel dans son style reconnaissable entre tous.<\/p>\n<p>L\u2019ensemble, engageant et chaleureux, est ponctu\u00e9 de nombreux endroits \u00ab cocon \u00bb o\u00f9 se poser\u2026 ou se d\u00e9penser, comme sur ces \u00e9tonnantes <strong>co-tables,<\/strong> situ\u00e9es dans l\u2019espace de co-working cr\u00e9\u00e9 en partenariat avec <strong>Wojo<\/strong>, sur lesquelles on peut aussi bien travailler que jouer au <strong>ping-pong<\/strong> !<\/p>\n<\/div>\n\t\t\t\t\t\t\t\t\t\t\t\t<div class=\"d-flex flex-column flex-lg-row align-items-center gap-5 gap-lg-8 justify-content-between\">\n\t\t\t\t\t\t\t<div class=\"fs-20 fs-lg-26 fw-semibold lh-xs\"><\/div>\n\t\t\t\t\t\t\t\t\t\t\t\t\t<\/div>\n\t\t\t\t\t<\/div>\n\t\t\t\t<\/div>\n\t\t\t\t<div class=\"col-lg-4\">\n\t\t\t\t\t<div class=\"tcta2ia__top__right t-0 r-0 bg-primary text-white pt-4 pb-4 px-2 pt-lg-8 pb-lg-16 px-lg-11 pb-xl-30\">\n\t\t\t\t\t\t\t\t\t\t\t\t\t\t\t\t\t\t<h2 class=\"unna fs-36 fs-lg-51 fs-xl-75 fs-italic fw-normal text-secondary\">Un s\u00e9minaire vibrant au Pullman Paris Centre-Bercy<\/h2>\n\t\t\t\t\t\t\t\t\t\t\t\t\t\t\t\t\t\t<h3 class=\"text-white fs-18 fs-lg-20 fs-xl-28 text-original-case\"> Chap\u00f4 : Design, co-working, street art, modularit\u00e9 des espaces de travail, diversit\u00e9 des activit\u00e9s pour vos collaborateurs&#8230; Bercy est le lieu id\u00e9al pour un \u00e9tablissement hors norme&#8230;<\/h3>\n\t\t\t\t\t\t\t\t\t\t\t\t\t\t\t\t\t\t<div class=\"fs-wysiwyg mb-4 fs-lg-16 fs-xl-20\"><p>Au c\u0153ur de l\u2019un des quartiers les plus tr\u00e9pidants de la capitale, \u00e0 deux pas de l\u2019Accor Arena, le temple des manifestations culturelles et sportives, pas \u00e9tonnant que le <a href=\"https:\/\/myallmeeting.com\/fr\/hotel\/2192-pullman-paris-centre-bercy\/\">Pullman Paris Centre-Bercy<\/a> porte le mouvement dans son ADN ! Cet h\u00f4tel 4 \u00e9toiles de 392 chambres dispose de tous les atouts pour insuffler \u00e0 vos s\u00e9minaires une dynamique vivifiante ! D\u00e9monstration.<\/p>\n<p>Bercy, c\u2019est \u00e0 la fois le s\u00e9rieux de son minist\u00e8re, la qui\u00e9tude de son jardin, le dynamisme de ses lieux de culture et de ses caf\u00e9s branch\u00e9s, l\u2019\u00e9clectisme de son urbanisme, qui fait se c\u00f4toyer les b\u00e2timents les plus modernes avec les chais de Bercy. Ces derniers, qui accueillent aujourd\u2019hui Bercy Village, formaient au XIXe si\u00e8cle le plus grand march\u00e9 viticole du monde.<\/p>\n<\/div>\n\t\t\t\t\t\t\t\t\t\t\t\t\t\t\t\t\t\t\t\t\t\t\t\t<p class=\"m-0\"><img decoding=\"async\" src=\"https:\/\/www.myallmeeting.com\/wp-content\/uploads\/2022\/01\/aja_p_5690-53__original-633x398.jpeg\" class=\"position-relative l-0\" width=\"633\" height=\"398\" alt=\"\" loading=\"lazy\" \/><\/p>\n\t\t\t\t\t\t\t\t\t\t\t<\/div>\n\t\t\t\t<\/div>\n\t\t\t<\/div>\n\t\t<\/div>\n\t<\/div>\n\t<div class=\"tcta2ia__bottom d-lg-none pb-12 py-lg-9 pe-lg-10\">\n\t\t\t\t<div class=\"h2 fs-20 fs-lg-32 fw-semibold\">L\u2019ambiance Pullman<\/div>\n\t\t\t\t\t\t<div class=\"fs-wysiwyg\"><p>Le Pullman Paris Centre-Bercy n\u2019\u00e9chappe pas \u00e0 cette ambiance foisonnante. D\u00e8s les portes franchies, on est saisi par la luminosit\u00e9 du lobby et l\u2019alliance audacieuse des mat\u00e9riaux qui l\u2019habillent : l\u2019\u00e9clat de <strong>l\u2019aluminium<\/strong> et la chaleur du <strong>li\u00e8ge<\/strong>. <strong>Tom Dixon<\/strong>, le designer britannique qui a imagin\u00e9 l\u2019espace pour sa r\u00e9novation en 2019, ne les a pas choisis par hasard. Le li\u00e8ge rappelle les bouchons des bouteilles de vin. Quant \u00e0 l\u2019aluminium\u2026 Saviez-vous que Pullman \u00e9tait, \u00e0 l\u2019origine, une compagnie de wagons-lits ?<\/p>\n<p>Ce mat\u00e9riau fait \u00e9cho aux wagons, d\u2019autant que les lignes choisies pour les am\u00e9nagements et le mobilier sont douces et arrondies, \u00e0 l\u2019image des nombreux luminaires, signatures du c\u00e9l\u00e8bre designer, qui d\u00e9corent le plafond du <strong>LIVE<\/strong>, le bar et restaurant.<\/p>\n<p>Autre r\u00e9sonance avec la vie branch\u00e9e du quartier, une fresque originale, sign\u00e9e du <strong>street artiste Kelkin<\/strong> : un plan de l\u2019h\u00f4tel dans son style reconnaissable entre tous.<\/p>\n<p>L\u2019ensemble, engageant et chaleureux, est ponctu\u00e9 de nombreux endroits \u00ab cocon \u00bb o\u00f9 se poser\u2026 ou se d\u00e9penser, comme sur ces \u00e9tonnantes <strong>co-tables,<\/strong> situ\u00e9es dans l\u2019espace de co-working cr\u00e9\u00e9 en partenariat avec <strong>Wojo<\/strong>, sur lesquelles on peut aussi bien travailler que jouer au <strong>ping-pong<\/strong> !<\/p>\n<\/div>\n\t\t\t\t<div class=\"d-flex flex-column flex-lg-row align-items-center gap-5 gap-lg-8 justify-content-between\">\n\t\t\t<div class=\"fs-20 fs-lg-26 fw-semibold lh-xs\"><\/div>\n\t\t\t\t\t<\/div>\n\t<\/div>\n<\/div>\n<!-- END OF : Composant : block-periscope-theme-section-composant-25-texte-cta-2-images.php -->\n\n\n<!-- START OF : Composant : block-periscope-theme-section-composant-33-texte-image.php -->\n<div class=\"text-image fs-wysiwyg mb-8 mb-lg-12\" data-component=\"33-texte-image\">\n\t<div class=\"container-fluid\" style=\"--bs-gutter-x: 0\">\n\t\t<div class=\"row\" style=\"--bs-gutter-x: 0\">\n\t\t\t\t\t\t<div class=\"col-lg-6 mb-7 mb-lg-0\">\n\t\t\t\t<img decoding=\"async\" src=\"https:\/\/www.myallmeeting.com\/wp-content\/uploads\/2022\/01\/aja_p_4916-29__original-953x600.jpeg\" width=\"953\" height=\"600\" alt=\"\" loading=\"lazy\" class=\"w-100\" \/>\n\t\t\t<\/div>\n\t\t\t\t\t\t<div class=\"col-lg-6\">\n\t\t\t\t<div class=\"text-image__content\">\n\t\t\t\t\t\t\t\t\t\t<div class=\"fw-semibold lh-xs fs-20 fs-lg-32 ls--25 mb-5\">Modularit\u00e9 et personnalit\u00e9<\/div>\n\t\t\t\t\t\t\t\t\t\t\t\t\t\t\t<div class=\"fs-wysiwyg\">\n\t\t\t\t\t\t<p>Des mots qui illustrent <strong>l\u2019exp\u00e9rience MICE<\/strong> que le <strong>Pullman Paris Centre-Bercy<\/strong> se propose de faire vivre \u00e0 vos \u00e9quipes. La capacit\u00e9 d\u2019accueil totale de l\u2019h\u00f4tel \u2013 2200 m\u00b2, incluant 26 salles de r\u00e9union et de nombreux espaces de r\u00e9ception \u2013 vous laisse pr\u00e9sager l\u2019envergure des opportunit\u00e9s qui s\u2019offrent \u00e0 vous.<\/p>\n<p>Tout d\u2019abord, le <strong>Centre de Convention<\/strong>, 1500 m\u00b2, soit un \u00e9tage en <strong>rez-de-jardin<\/strong> enti\u00e8rement privatisable. Avec son <strong>desk d\u2019accueil d\u00e9di\u00e9<\/strong> dans le lobby de l\u2019h\u00f4tel et son patio, agr\u00e9able poumon vert id\u00e9al pour les pauses au grand air, ce lieu vous permet d\u2019imaginer des \u00e9v\u00e9nements XXL personnalis\u00e9s. Une <strong>salle pl\u00e9ni\u00e8re de 507 m\u00b2<\/strong> accueille jusqu\u2019\u00e0 420 personnes. Am\u00e9nageable en amphith\u00e9\u00e2tre (315m\u00b2 &#8211; 300 personnes), elle dispose d\u2019une r\u00e9gie audiovisuelle, de cabines de traduction et peut \u00eatre dot\u00e9e de tous les \u00e9quipements n\u00e9cessaires \u00e0 la cr\u00e9ation de votre \u00e9v\u00e9nement. Pour favoriser la r\u00e9flexion en groupes plus restreints, <strong>six salles de sous-commission<\/strong> sont disponibles, ainsi qu\u2019un d\u00e9licieux <strong>salon VIP,<\/strong> avec canap\u00e9s profonds et \u00e9cran directement reli\u00e9 \u00e0 la salle pl\u00e9ni\u00e8re.<\/p>\n<p>Quant \u00e0 la restauration, vous aurez l\u2019embarras du choix : gala, cocktail et m\u00eame restauration assise (jusqu\u2019\u00e0 350 personnes), toujours au m\u00eame niveau, gr\u00e2ce \u00e0 la modularit\u00e9 de ce bel espace.<\/p>\n\t\t\t\t\t<\/div>\n\t\t\t\t\t\t\t\t\t<\/div>\n\t\t\t<\/div>        \n\t\t<\/div>\n\t<\/div>\n<\/div>\n<!-- END OF : Composant : block-periscope-theme-section-composant-33-texte-image.php -->\n\n\n<!-- START OF : Composant : block-periscope-theme-section-composant-33-texte-image.php -->\n<!-- INVERSE -->\n<div class=\"text-image fs-wysiwyg mb-8 mb-lg-12\" data-component=\"33-texte-image\" data-reverse=\"oui\">\n\t<div class=\"container-fluid\" style=\"--bs-gutter-x: 0\">\n\t\t<div class=\"row\" style=\"--bs-gutter-x: 0\">\n\t\t\t<div class=\"col-lg-6\">\n\t\t\t\t<div class=\"text-image__content\">\n\t\t\t\t\t\t\t\t\t\t<div class=\"fw-semibold lh-xs fs-20 fs-lg-32 ls--25 mb-5\">Originalit\u00e9 et diversit\u00e9<\/div>\n\t\t\t\t\t\t\t\t\t\t\t\t\t\t\t<div class=\"fs-wysiwyg\">\n\t\t\t\t\t\t<p>Autre lieu, autre ambiance : le <strong>Loft<\/strong>, avec sa pi\u00e8ce ma\u00eetresse, <strong>l\u2019Atelier<\/strong>. Au rez-de-chauss\u00e9e de l\u2019h\u00f4tel, cette salle de <strong>190 m<sup>2<\/sup><\/strong>, enti\u00e8rement red\u00e9cor\u00e9e \u00e0 l\u2019hiver 2021, baigne dans la lumi\u00e8re du jour. \u00c9quip\u00e9e de 4 vid\u00e9oprojecteurs, divisible en trois si besoin, elle peut accueillir jusqu\u2019\u00e0 150 personnes selon sa configuration. \u00c0 c\u00f4t\u00e9, pour les pauses, l\u2019<strong>Atrium<\/strong>, un \u00e9tonnant espace d\u2019\u00e9changes informels avec des gradins en li\u00e8ge.<\/p>\n<p>Pour ajouter de la souplesse \u00e0 votre s\u00e9minaire, le Loft propose aussi <strong>7 salles de r\u00e9union <\/strong>\u00e0 l\u2019\u00e9tage. Pouvant chacune accueillir entre 8 et 15 personnes en configuration en U, elles b\u00e9n\u00e9ficient aussi de la lumi\u00e8re du jour, voire d\u2019une terrasse pour certaines, et de syst\u00e8mes de visioconf\u00e9rence derni\u00e8re g\u00e9n\u00e9ration.<\/p>\n<p>Saviez-vous qu\u2019on y trouve \u00e9galement un v\u00e9ritable <strong>Cin\u00e9ma Priv\u00e9 by MK2 ?<\/strong> 19 places, la programmation MK2 \u00e0 l\u2019affiche, utilisable aussi pour vos pr\u00e9sentations VIP, vos s\u00e9ries Netflix, ou en mode jeux vid\u00e9o ou karaok\u00e9 pour des ambiances team building !<\/p>\n<p>Une particularit\u00e9 de l\u2019ensemble du Loft est \u00e0 noter : il est <strong>enti\u00e8rement ind\u00e9pendant du reste de l\u2019h\u00f4tel,<\/strong> s\u00e9par\u00e9 par un \u00e9l\u00e9gant rideau vert olive, avec un acc\u00e8s sur rue et un acc\u00e8s aux chambres d\u00e9di\u00e9s. Un atout appr\u00e9ci\u00e9 des \u00e9quipes sportives c\u00e9l\u00e8bres soucieuses de discr\u00e9tion !<\/p>\n\t\t\t\t\t<\/div>\n\t\t\t\t\t\t\t\t\t<\/div>\n\t\t\t<\/div>    \n\t\t\t    \n\t\t\t<div class=\"col-lg-6 order-first order-lg-last mb-7 mb-lg-0\">\n\t\t\t\t<img decoding=\"async\" src=\"https:\/\/www.myallmeeting.com\/wp-content\/uploads\/2022\/01\/aja_p_4916-23__original-953x600.jpeg\" width=\"953\" height=\"600\" alt=\"\" loading=\"lazy\" class=\"w-100\" \/>\n\t\t\t<\/div>\n\t\t\t\t\t<\/div>\n\t<\/div>\n<\/div>\n<!-- END OF : Composant : block-periscope-theme-section-composant-33-texte-image.php -->\n\n\n<!-- START OF : Composant : block-periscope-theme-section-composant-33-texte-image.php -->\n<div class=\"text-image fs-wysiwyg mb-8 mb-lg-12\" data-component=\"33-texte-image\">\n\t<div class=\"container-fluid\" style=\"--bs-gutter-x: 0\">\n\t\t<div class=\"row\" style=\"--bs-gutter-x: 0\">\n\t\t\t\t\t\t<div class=\"col-lg-6 mb-7 mb-lg-0\">\n\t\t\t\t<img decoding=\"async\" src=\"https:\/\/www.myallmeeting.com\/wp-content\/uploads\/2022\/01\/aja_p_6176-78__original-953x600.jpeg\" width=\"953\" height=\"600\" alt=\"\" loading=\"lazy\" class=\"w-100\" \/>\n\t\t\t<\/div>\n\t\t\t\t\t\t<div class=\"col-lg-6\">\n\t\t\t\t<div class=\"text-image__content\">\n\t\t\t\t\t\t\t\t\t\t<div class=\"fw-semibold lh-xs fs-20 fs-lg-32 ls--25 mb-5\">Toujours avec les meilleurs !<\/div>\n\t\t\t\t\t\t\t\t\t\t\t\t\t\t\t<div class=\"fs-wysiwyg\">\n\t\t\t\t\t\t<p>Le <strong>Pullman Paris Centre-Bercy<\/strong> s\u2019est alli\u00e9 \u00e0 des partenaires de renom pour proposer \u00e0 ses clients une large palette de services. Ainsi, le <strong>Spa by Sothis<\/strong>, cr\u00e9\u00e9 en 2019, b\u00e9n\u00e9ficie de l\u2019expertise de cet institut fran\u00e7ais sp\u00e9cialiste du soin. Du repos et du bien-\u00eatre gr\u00e2ce \u00e0 4 cabines (solo ou duo), une piscine \u00e0 d\u00e9bordement \u00e0 la lumi\u00e8re du jour, un hammam et un sauna.<\/p>\n<p>\u00c0 l\u2019espace Power Fitness, on peut au choix s\u2019y d\u00e9penser tout seul ou suivre les conseils des coachs <strong>Les Mills<\/strong> gr\u00e2ce \u00e0 une large proposition de vid\u00e9os enregistr\u00e9es.<\/p>\n<p>Et pour finir de soigner son apparence, rendez-vous au Pamper Bar o\u00f9 se trouve <strong>La Barbi\u00e8re de Paris !<\/strong><\/p>\n\t\t\t\t\t<\/div>\n\t\t\t\t\t\t\t\t\t<\/div>\n\t\t\t<\/div>        \n\t\t<\/div>\n\t<\/div>\n<\/div>\n<!-- END OF : Composant : block-periscope-theme-section-composant-33-texte-image.php -->\n\n\n<!-- START OF : Composant : block-periscope-theme-section-composant-33-texte-image.php -->\n<!-- INVERSE -->\n<div class=\"text-image fs-wysiwyg mb-8 mb-lg-12\" data-component=\"33-texte-image\" data-reverse=\"oui\">\n\t<div class=\"container-fluid\" style=\"--bs-gutter-x: 0\">\n\t\t<div class=\"row\" style=\"--bs-gutter-x: 0\">\n\t\t\t<div class=\"col-lg-6\">\n\t\t\t\t<div class=\"text-image__content\">\n\t\t\t\t\t\t\t\t\t\t<div class=\"fw-semibold lh-xs fs-20 fs-lg-32 ls--25 mb-5\">Pour sortir<\/div>\n\t\t\t\t\t\t\t\t\t\t\t\t\t\t\t<div class=\"fs-wysiwyg\">\n\t\t\t\t\t\t<p>Dans tout l\u2019h\u00f4tel, des <strong>QR code<\/strong> install\u00e9s sur les tables vous donnent acc\u00e8s aux nombreux services propos\u00e9s. Un encas ? Un cocktail signature ? Swipez, payez\u2026 Vous \u00eates localis\u00e9 et servi en moins de temps qu\u2019il n\u2019en faut pour choisir ! Vous pouvez aussi siroter votre verre sur la terrasse <strong>Palapa<\/strong>, d\u00e9paysement garanti ! Si malgr\u00e9 tout cela, l\u2019envie vous prenait de sortir pour visiter les alentours, le quartier est dot\u00e9 de nombreux attraits.<\/p>\n<p>\u00c0 commencer par <strong>Bercy Village<\/strong>, dont les chais abritent boutiques, restaurants et galeries d\u2019art, ou encore le <strong>mus\u00e9e des Arts forains<\/strong>, un lieu unique en son genre. Au-del\u00e0 du quartier ? Facile, le <strong>Pullman Paris Centre-Bercy<\/strong> est admirablement bien situ\u00e9.<\/p>\n<p>\u00c0 deux pas de la Gare de Lyon et de nombreuses stations de m\u00e9tro, l\u2019h\u00f4tel est d\u00e9sormais \u00e0 15 minutes de l\u2019a\u00e9roport d\u2019Orly gr\u00e2ce au prolongement de la ligne 14. Alors, n\u2019h\u00e9sitez plus pour faire de ce lieu le nouveau QG de vos \u00e9v\u00e9nements d\u2019exception !<\/p>\n\t\t\t\t\t<\/div>\n\t\t\t\t\t\t\t\t\t<\/div>\n\t\t\t<\/div>    \n\t\t\t    \n\t\t\t<div class=\"col-lg-6 order-first order-lg-last mb-7 mb-lg-0\">\n\t\t\t\t<img decoding=\"async\" src=\"https:\/\/www.myallmeeting.com\/wp-content\/uploads\/2022\/01\/aja_p_5986-10__original-953x600.jpeg\" width=\"953\" height=\"600\" alt=\"\" loading=\"lazy\" class=\"w-100\" \/>\n\t\t\t<\/div>\n\t\t\t\t\t<\/div>\n\t<\/div>\n<\/div>\n<!-- END OF : Composant : block-periscope-theme-section-composant-33-texte-image.php -->\n","protected":false},"excerpt":{"rendered":"<p>Venez d\u00e9couvrir les espaces impressionnants de cet \u00e9tablissement pour votre prochain \u00e9v\u00e8nement \u00e0 Paris<\/p>\n","protected":false},"featured_media":16762270,"menu_order":0,"template":"","periscope_categorie_tax":[1651],"class_list":["post-15226679","article","type-article","status-publish","has-post-thumbnail","hentry","periscope_categorie_tax-reportage-du-mois"],"acf":[],"yoast_head":"<title>Un s\u00e9minaire vibrant au Pullman Paris Centre-Bercy - Accor MyAllMeeting.com<\/title>\n<meta name=\"robots\" content=\"index, follow, max-snippet:-1, max-image-preview:large, max-video-preview:-1\" \/>\n<link rel=\"canonical\" href=\"https:\/\/www.myallmeeting.com\/fr\/wp-json\/wp\/v2\/article\/15226679\" \/>\n<meta property=\"og:locale\" content=\"fr_FR\" \/>\n<meta property=\"og:type\" content=\"article\" \/>\n<meta property=\"og:title\" content=\"Un s\u00e9minaire vibrant au Pullman Paris Centre-Bercy - Accor MyAllMeeting.com\" \/>\n<meta property=\"og:description\" content=\"Venez d\u00e9couvrir les espaces impressionnants de cet \u00e9tablissement pour votre prochain \u00e9v\u00e8nement \u00e0 Paris\" \/>\n<meta property=\"og:url\" content=\"https:\/\/www.myallmeeting.com\/fr\/article\/un-seminaire-vibrant-au-pullman-paris-centre-bercy\/\" \/>\n<meta property=\"og:site_name\" content=\"Accor MyAllMeeting.com\" \/>\n<meta property=\"article:modified_time\" content=\"2024-12-04T16:17:25+00:00\" \/>\n<meta property=\"og:image\" content=\"https:\/\/myallmeeting.com\/wp-content\/uploads\/2022\/01\/MAM-baner-1920x570-59.png\" \/>\n\t<meta property=\"og:image:width\" content=\"1920\" \/>\n\t<meta property=\"og:image:height\" content=\"570\" \/>\n\t<meta property=\"og:image:type\" content=\"image\/png\" \/>\n<meta name=\"twitter:card\" content=\"summary_large_image\" \/>\n<meta name=\"twitter:label1\" content=\"Dur\u00e9e de lecture estim\u00e9e\" \/>\n\t<meta name=\"twitter:data1\" content=\"7 minutes\" \/>\n<script type=\"application\/ld+json\" class=\"yoast-schema-graph\">{\"@context\":\"https:\/\/schema.org\",\"@graph\":[{\"@type\":\"WebPage\",\"@id\":\"https:\/\/www.myallmeeting.com\/fr\/article\/un-seminaire-vibrant-au-pullman-paris-centre-bercy\/\",\"url\":\"https:\/\/www.myallmeeting.com\/fr\/article\/un-seminaire-vibrant-au-pullman-paris-centre-bercy\/\",\"name\":\"Un s\u00e9minaire vibrant au Pullman Paris Centre-Bercy - Accor MyAllMeeting.com\",\"isPartOf\":{\"@id\":\"https:\/\/www.myallmeeting.com\/fr\/#website\"},\"primaryImageOfPage\":{\"@id\":\"https:\/\/www.myallmeeting.com\/fr\/article\/un-seminaire-vibrant-au-pullman-paris-centre-bercy\/#primaryimage\"},\"image\":{\"@id\":\"https:\/\/www.myallmeeting.com\/fr\/article\/un-seminaire-vibrant-au-pullman-paris-centre-bercy\/#primaryimage\"},\"thumbnailUrl\":\"https:\/\/www.myallmeeting.com\/wp-content\/uploads\/2022\/01\/MAM-baner-1920x570-59.png\",\"datePublished\":\"2022-01-24T14:42:55+00:00\",\"dateModified\":\"2024-12-04T16:17:25+00:00\",\"breadcrumb\":{\"@id\":\"https:\/\/www.myallmeeting.com\/fr\/article\/un-seminaire-vibrant-au-pullman-paris-centre-bercy\/#breadcrumb\"},\"inLanguage\":\"fr-FR\",\"potentialAction\":[{\"@type\":\"ReadAction\",\"target\":[\"https:\/\/www.myallmeeting.com\/fr\/article\/un-seminaire-vibrant-au-pullman-paris-centre-bercy\/\"]}]},{\"@type\":\"ImageObject\",\"inLanguage\":\"fr-FR\",\"@id\":\"https:\/\/www.myallmeeting.com\/fr\/article\/un-seminaire-vibrant-au-pullman-paris-centre-bercy\/#primaryimage\",\"url\":\"https:\/\/www.myallmeeting.com\/wp-content\/uploads\/2022\/01\/MAM-baner-1920x570-59.png\",\"contentUrl\":\"https:\/\/www.myallmeeting.com\/wp-content\/uploads\/2022\/01\/MAM-baner-1920x570-59.png\",\"width\":1920,\"height\":570},{\"@type\":\"BreadcrumbList\",\"@id\":\"https:\/\/www.myallmeeting.com\/fr\/article\/un-seminaire-vibrant-au-pullman-paris-centre-bercy\/#breadcrumb\",\"itemListElement\":[{\"@type\":\"ListItem\",\"position\":1,\"name\":\"Accueil\",\"item\":\"https:\/\/myallmeeting.com\/fr\/\"},{\"@type\":\"ListItem\",\"position\":2,\"name\":\"Actualit\u00e9s\",\"item\":\"https:\/\/www.myallmeeting.com\/fr\/actualite\/\"},{\"@type\":\"ListItem\",\"position\":3,\"name\":\"Un s\u00e9minaire vibrant au Pullman Paris Centre-Bercy\"}]},{\"@type\":\"WebSite\",\"@id\":\"https:\/\/www.myallmeeting.com\/fr\/#website\",\"url\":\"https:\/\/www.myallmeeting.com\/fr\/\",\"name\":\"Accor MyAllMeeting.com\",\"description\":\"Les Meilleurs lieux pour vos Ev\u00e9nements Professionnels\",\"publisher\":{\"@id\":\"https:\/\/www.myallmeeting.com\/fr\/#organization\"},\"potentialAction\":[{\"@type\":\"SearchAction\",\"target\":{\"@type\":\"EntryPoint\",\"urlTemplate\":\"https:\/\/www.myallmeeting.com\/fr\/?s={search_term_string}\"},\"query-input\":{\"@type\":\"PropertyValueSpecification\",\"valueRequired\":true,\"valueName\":\"search_term_string\"}}],\"inLanguage\":\"fr-FR\"},{\"@type\":\"Organization\",\"@id\":\"https:\/\/www.myallmeeting.com\/fr\/#organization\",\"name\":\"ACCOR\",\"url\":\"https:\/\/www.myallmeeting.com\/fr\/\",\"logo\":{\"@type\":\"ImageObject\",\"inLanguage\":\"fr-FR\",\"@id\":\"https:\/\/www.myallmeeting.com\/fr\/#\/schema\/logo\/image\/\",\"url\":\"\",\"contentUrl\":\"\",\"caption\":\"ACCOR\"},\"image\":{\"@id\":\"https:\/\/www.myallmeeting.com\/fr\/#\/schema\/logo\/image\/\"}}]}<\/script>","yoast_head_json":{"title":"Un s\u00e9minaire vibrant au Pullman Paris Centre-Bercy - Accor MyAllMeeting.com","robots":{"index":"index","follow":"follow","max-snippet":"max-snippet:-1","max-image-preview":"max-image-preview:large","max-video-preview":"max-video-preview:-1"},"canonical":"https:\/\/www.myallmeeting.com\/fr\/wp-json\/wp\/v2\/article\/15226679","og_locale":"fr_FR","og_type":"article","og_title":"Un s\u00e9minaire vibrant au Pullman Paris Centre-Bercy - Accor MyAllMeeting.com","og_description":"Venez d\u00e9couvrir les espaces impressionnants de cet \u00e9tablissement pour votre prochain \u00e9v\u00e8nement \u00e0 Paris","og_url":"https:\/\/www.myallmeeting.com\/fr\/article\/un-seminaire-vibrant-au-pullman-paris-centre-bercy\/","og_site_name":"Accor MyAllMeeting.com","article_modified_time":"2024-12-04T16:17:25+00:00","og_image":[{"width":1920,"height":570,"url":"https:\/\/myallmeeting.com\/wp-content\/uploads\/2022\/01\/MAM-baner-1920x570-59.png","type":"image\/png"}],"twitter_card":"summary_large_image","twitter_misc":{"Dur\u00e9e de lecture estim\u00e9e":"7 minutes"},"schema":{"@context":"https:\/\/schema.org","@graph":[{"@type":"WebPage","@id":"https:\/\/www.myallmeeting.com\/fr\/article\/un-seminaire-vibrant-au-pullman-paris-centre-bercy\/","url":"https:\/\/www.myallmeeting.com\/fr\/article\/un-seminaire-vibrant-au-pullman-paris-centre-bercy\/","name":"Un s\u00e9minaire vibrant au Pullman Paris Centre-Bercy - Accor MyAllMeeting.com","isPartOf":{"@id":"https:\/\/www.myallmeeting.com\/fr\/#website"},"primaryImageOfPage":{"@id":"https:\/\/www.myallmeeting.com\/fr\/article\/un-seminaire-vibrant-au-pullman-paris-centre-bercy\/#primaryimage"},"image":{"@id":"https:\/\/www.myallmeeting.com\/fr\/article\/un-seminaire-vibrant-au-pullman-paris-centre-bercy\/#primaryimage"},"thumbnailUrl":"https:\/\/www.myallmeeting.com\/wp-content\/uploads\/2022\/01\/MAM-baner-1920x570-59.png","datePublished":"2022-01-24T14:42:55+00:00","dateModified":"2024-12-04T16:17:25+00:00","breadcrumb":{"@id":"https:\/\/www.myallmeeting.com\/fr\/article\/un-seminaire-vibrant-au-pullman-paris-centre-bercy\/#breadcrumb"},"inLanguage":"fr-FR","potentialAction":[{"@type":"ReadAction","target":["https:\/\/www.myallmeeting.com\/fr\/article\/un-seminaire-vibrant-au-pullman-paris-centre-bercy\/"]}]},{"@type":"ImageObject","inLanguage":"fr-FR","@id":"https:\/\/www.myallmeeting.com\/fr\/article\/un-seminaire-vibrant-au-pullman-paris-centre-bercy\/#primaryimage","url":"https:\/\/www.myallmeeting.com\/wp-content\/uploads\/2022\/01\/MAM-baner-1920x570-59.png","contentUrl":"https:\/\/www.myallmeeting.com\/wp-content\/uploads\/2022\/01\/MAM-baner-1920x570-59.png","width":1920,"height":570},{"@type":"BreadcrumbList","@id":"https:\/\/www.myallmeeting.com\/fr\/article\/un-seminaire-vibrant-au-pullman-paris-centre-bercy\/#breadcrumb","itemListElement":[{"@type":"ListItem","position":1,"name":"Accueil","item":"https:\/\/myallmeeting.com\/fr\/"},{"@type":"ListItem","position":2,"name":"Actualit\u00e9s","item":"https:\/\/www.myallmeeting.com\/fr\/actualite\/"},{"@type":"ListItem","position":3,"name":"Un s\u00e9minaire vibrant au Pullman Paris Centre-Bercy"}]},{"@type":"WebSite","@id":"https:\/\/www.myallmeeting.com\/fr\/#website","url":"https:\/\/www.myallmeeting.com\/fr\/","name":"Accor MyAllMeeting.com","description":"Les Meilleurs lieux pour vos Ev\u00e9nements Professionnels","publisher":{"@id":"https:\/\/www.myallmeeting.com\/fr\/#organization"},"potentialAction":[{"@type":"SearchAction","target":{"@type":"EntryPoint","urlTemplate":"https:\/\/www.myallmeeting.com\/fr\/?s={search_term_string}"},"query-input":{"@type":"PropertyValueSpecification","valueRequired":true,"valueName":"search_term_string"}}],"inLanguage":"fr-FR"},{"@type":"Organization","@id":"https:\/\/www.myallmeeting.com\/fr\/#organization","name":"ACCOR","url":"https:\/\/www.myallmeeting.com\/fr\/","logo":{"@type":"ImageObject","inLanguage":"fr-FR","@id":"https:\/\/www.myallmeeting.com\/fr\/#\/schema\/logo\/image\/","url":"","contentUrl":"","caption":"ACCOR"},"image":{"@id":"https:\/\/www.myallmeeting.com\/fr\/#\/schema\/logo\/image\/"}}]}},"_links":{"self":[{"href":"https:\/\/www.myallmeeting.com\/fr\/wp-json\/wp\/v2\/article\/15226679","targetHints":{"allow":["GET"]}}],"collection":[{"href":"https:\/\/www.myallmeeting.com\/fr\/wp-json\/wp\/v2\/article"}],"about":[{"href":"https:\/\/www.myallmeeting.com\/fr\/wp-json\/wp\/v2\/types\/article"}],"wp:featuredmedia":[{"embeddable":true,"href":"https:\/\/www.myallmeeting.com\/fr\/wp-json\/wp\/v2\/media\/16762270"}],"wp:attachment":[{"href":"https:\/\/www.myallmeeting.com\/fr\/wp-json\/wp\/v2\/media?parent=15226679"}],"wp:term":[{"taxonomy":"periscope_categorie_tax","embeddable":true,"href":"https:\/\/www.myallmeeting.com\/fr\/wp-json\/wp\/v2\/periscope_categorie_tax?post=15226679"}],"curies":[{"name":"wp","href":"https:\/\/api.w.org\/{rel}","templated":true}]}}