{"id":15226678,"date":"2022-02-03T11:25:56","date_gmt":"2022-02-03T10:25:56","guid":{"rendered":"https:\/\/myallmeeting.com\/article\/des-hotels-pour-organiser-vos-evenements-face-a-la-mer\/"},"modified":"2024-07-09T17:21:46","modified_gmt":"2024-07-09T15:21:46","slug":"des-hotels-pour-organiser-vos-evenements-face-a-la-mer","status":"publish","type":"article","link":"https:\/\/www.myallmeeting.com\/fr\/article\/des-hotels-pour-organiser-vos-evenements-face-a-la-mer\/","title":{"rendered":"Des h\u00f4tels pour organiser vos \u00e9v\u00e9nements face \u00e0 la mer"},"content":{"rendered":"<!-- START OF : Composant : block-periscope-theme-section-composant-25-texte-cta-2-images.php -->\n<div class=\"tcta2ia bg-white fs-wysiwyg mb-lg-12\" data-component=\"25-texte-cta-2-images\">\n\t<div class=\"tcta2ia__top\">\n\t\t<div class=\"container-fluid\" style=\"--bs-gutter-x: 0\">\n\t\t\t<div class=\"row\" style=\"--bs-gutter-x: 0\">\n\t\t\t\t<div class=\"col-lg-8\">\n\t\t\t\t\t\t\t\t\t\t<div class=\"bloc-mise-en-avant__top__left\">\n\t\t\t\t\t\t<img decoding=\"async\" src=\"https:\/\/www.myallmeeting.com\/wp-content\/uploads\/2022\/02\/6830-79-1-1268x846.jpg\" class=\"pe-2 pe-lg-0\" width=\"1268\" height=\"846\" alt=\"\" loading=\"lazy\" \/>\n\t\t\t\t\t<\/div>\n\t\t\t\t\t\t\t\t\t\t<div class=\"tcta2ia__bottom d-none d-lg-block pb-12 pt-lg-9 pb-lg-0 pe-lg-10\">\n\t\t\t\t\t\t\t\t\t\t\t\t<h2 class=\"fs-20 fs-lg-32 fw-semibold\">Un \u00e9v\u00e9nement bien-\u00eatre dans les \u00eeles ioniennes<\/h2>\n\t\t\t\t\t\t\t\t\t\t\t\t\t\t\t\t\t\t<div class=\"fs-wysiwyg\"><p><span style=\"font-weight: 400;\">L\u2019<\/span><a href=\"https:\/\/myallmeeting.com\/fr\/hotel\/b692-angsana-corfu-ouverture-en-2019\/\"><b>Angsana Corfou<\/b><\/a><span style=\"font-weight: 400;\">\u00a0est l\u2019h\u00f4tel id\u00e9al si vous envisagez d\u2019organiser un \u00e9v\u00e9nement li\u00e9 \u00e0 la vie saine et au bien-\u00eatre. Et si son cadre idyllique constitu\u00e9 d\u2019eaux bleues et de collines verdoyantes ne suffisait pas, <\/span><b>il met \u00e0 votre disposition 37 villas luxueuses et son propre spa avec 11 salles de soins, des piscines int\u00e9rieures ou ext\u00e9rieures et une salle de fitness<\/b><span style=\"font-weight: 400;\">. Un cours en groupe choisi parmi un large \u00e9ventail d\u2019activit\u00e9s fitness ou encore une s\u00e9ance de yoga ou de m\u00e9ditation feront la diff\u00e9rence lors de votre \u00e9v\u00e9nement et t\u00e9moigneront de l\u2019attention accord\u00e9e \u00e0 vos participants.<\/span><\/p>\n<p>&nbsp;<\/p>\n<p><span style=\"font-weight: 400;\">Vous pourrez aussi ravir leurs papilles ! Ses sept restaurants aux terrasses pittoresques vous attendent pour d\u00e9guster les saveurs du monde, un espace id\u00e9al pour clore votre \u00e9v\u00e9nement organis\u00e9 dans l\u2019une des salles mises \u00e0 votre disposition, allant de <\/span><b>32 \u00e0 285 m<\/b><b>2<\/b><span style=\"font-weight: 400;\">.<\/span><\/p>\n<p>&nbsp;<\/p>\n<\/div>\n\t\t\t\t\t\t\t\t\t\t\t\t<div class=\"d-flex flex-column flex-lg-row align-items-center gap-5 gap-lg-8 justify-content-between\">\n\t\t\t\t\t\t\t<div class=\"fs-20 fs-lg-26 fw-semibold lh-xs\"><\/div>\n\t\t\t\t\t\t\t\t\t\t\t\t\t<\/div>\n\t\t\t\t\t<\/div>\n\t\t\t\t<\/div>\n\t\t\t\t<div class=\"col-lg-4\">\n\t\t\t\t\t<div class=\"tcta2ia__top__right t-0 r-0 bg-primary text-white pt-4 pb-4 px-2 pt-lg-8 pb-lg-16 px-lg-11 pb-xl-30\">\n\t\t\t\t\t\t\t\t\t\t\t\t\t\t\t\t\t\t<h2 class=\"unna fs-36 fs-lg-51 fs-xl-75 fs-italic fw-normal text-secondary\">Des h\u00f4tels pour organiser vos \u00e9v\u00e9nements face \u00e0 la mer<\/h2>\n\t\t\t\t\t\t\t\t\t\t\t\t\t\t\t\t\t\t<h3 class=\"text-white fs-18 fs-lg-20 fs-xl-28 text-original-case\">Vous recherchez un h\u00f4tel pr\u00e8s de la mer ? En effet, quoi de plus reposant et inspirant que de se reposer en \u00e9coutant le bruit des vagues. Rien de mieux pour s\u2019a\u00e9rer l\u2019esprit. <\/h3>\n\t\t\t\t\t\t\t\t\t\t\t\t\t\t\t\t\t\t<div class=\"fs-wysiwyg mb-4 fs-lg-16 fs-xl-20\"><p><span style=\"font-weight: 400;\">Ce cadre idyllique est \u00e9galement parfait pour un s\u00e9minaire. Il permet d\u2019allier travail et farniente, encourageant bien-\u00eatre et partage d\u2019id\u00e9es.<\/span><\/p>\n<p><span style=\"font-weight: 400;\">Les sp\u00e9cialistes Accor vous proposent une s\u00e9lection d\u2019h\u00f4tels situ\u00e9s en bord de mer, parfaits pour booster la concentration et les id\u00e9es de vos collaborateurs tout en rechargeant leurs batteries. <\/span><\/p>\n<\/div>\n\t\t\t\t\t\t\t\t\t\t\t\t\t\t\t\t\t\t\t\t\t\t\t\t<p class=\"m-0\"><img decoding=\"async\" src=\"https:\/\/www.myallmeeting.com\/wp-content\/uploads\/2022\/02\/7104-09-633x398.jpg\" class=\"position-relative l-0\" width=\"633\" height=\"398\" alt=\"\" loading=\"lazy\" \/><\/p>\n\t\t\t\t\t\t\t\t\t\t\t<\/div>\n\t\t\t\t<\/div>\n\t\t\t<\/div>\n\t\t<\/div>\n\t<\/div>\n\t<div class=\"tcta2ia__bottom d-lg-none pb-12 py-lg-9 pe-lg-10\">\n\t\t\t\t<div class=\"h2 fs-20 fs-lg-32 fw-semibold\">Un \u00e9v\u00e9nement bien-\u00eatre dans les \u00eeles ioniennes<\/div>\n\t\t\t\t\t\t<div class=\"fs-wysiwyg\"><p><span style=\"font-weight: 400;\">L\u2019<\/span><a href=\"https:\/\/myallmeeting.com\/fr\/hotel\/b692-angsana-corfu-ouverture-en-2019\/\"><b>Angsana Corfou<\/b><\/a><span style=\"font-weight: 400;\">\u00a0est l\u2019h\u00f4tel id\u00e9al si vous envisagez d\u2019organiser un \u00e9v\u00e9nement li\u00e9 \u00e0 la vie saine et au bien-\u00eatre. Et si son cadre idyllique constitu\u00e9 d\u2019eaux bleues et de collines verdoyantes ne suffisait pas, <\/span><b>il met \u00e0 votre disposition 37 villas luxueuses et son propre spa avec 11 salles de soins, des piscines int\u00e9rieures ou ext\u00e9rieures et une salle de fitness<\/b><span style=\"font-weight: 400;\">. Un cours en groupe choisi parmi un large \u00e9ventail d\u2019activit\u00e9s fitness ou encore une s\u00e9ance de yoga ou de m\u00e9ditation feront la diff\u00e9rence lors de votre \u00e9v\u00e9nement et t\u00e9moigneront de l\u2019attention accord\u00e9e \u00e0 vos participants.<\/span><\/p>\n<p>&nbsp;<\/p>\n<p><span style=\"font-weight: 400;\">Vous pourrez aussi ravir leurs papilles ! Ses sept restaurants aux terrasses pittoresques vous attendent pour d\u00e9guster les saveurs du monde, un espace id\u00e9al pour clore votre \u00e9v\u00e9nement organis\u00e9 dans l\u2019une des salles mises \u00e0 votre disposition, allant de <\/span><b>32 \u00e0 285 m<\/b><b>2<\/b><span style=\"font-weight: 400;\">.<\/span><\/p>\n<p>&nbsp;<\/p>\n<\/div>\n\t\t\t\t<div class=\"d-flex flex-column flex-lg-row align-items-center gap-5 gap-lg-8 justify-content-between\">\n\t\t\t<div class=\"fs-20 fs-lg-26 fw-semibold lh-xs\"><\/div>\n\t\t\t\t\t<\/div>\n\t<\/div>\n<\/div>\n<!-- END OF : Composant : block-periscope-theme-section-composant-25-texte-cta-2-images.php -->\n\n\n<!-- START OF : Composant : block-periscope-theme-section-composant-33-texte-image.php -->\n<div class=\"text-image fs-wysiwyg mb-8 mb-lg-12\" data-component=\"33-texte-image\">\n\t<div class=\"container-fluid\" style=\"--bs-gutter-x: 0\">\n\t\t<div class=\"row\" style=\"--bs-gutter-x: 0\">\n\t\t\t\t\t\t<div class=\"col-lg-6 mb-7 mb-lg-0\">\n\t\t\t\t<img decoding=\"async\" src=\"https:\/\/www.myallmeeting.com\/wp-content\/uploads\/2022\/02\/Novotel-Deauville-Plage-4-953x600.jpg\" width=\"953\" height=\"600\" alt=\"\" loading=\"lazy\" class=\"w-100\" \/>\n\t\t\t<\/div>\n\t\t\t\t\t\t<div class=\"col-lg-6\">\n\t\t\t\t<div class=\"text-image__content\">\n\t\t\t\t\t\t\t\t\t\t<div class=\"fw-semibold lh-xs fs-20 fs-lg-32 ls--25 mb-5\">En petit comit\u00e9 face \u00e0 la mer<\/div>\n\t\t\t\t\t\t\t\t\t\t\t\t\t\t\t<div class=\"fs-wysiwyg\">\n\t\t\t\t\t\t<p><span style=\"font-weight: 400;\">En Normandie, au c\u0153ur de la vieille ville de Deauville, c\u00e9l\u00e8bre pour son festival de cin\u00e9ma, le\u00a0<\/span><a href=\"https:\/\/myallmeeting.com\/fr\/hotel\/b4q8-novotel-deauville-plage-opening-august-2019\/\"><b>Novotel Deauville Plage<\/b><\/a><span style=\"font-weight: 400;\">\u00a0est vraiment au bord de l\u2019eau. Et pas sur n\u2019importe quelle plage\u00a0! La promenade des Planches (qui s\u2019\u00e9tend sur 700 m, avec des noms d\u2019acteurs et de r\u00e9alisateurs grav\u00e9s \u00e0 l\u2019image d\u2019Hollywood) donnera \u00e0 votre \u00e9v\u00e9nement une touche unique, \u00e9l\u00e9gante et pleine de charme. Les r\u00e9unions en\u00a0petit comit\u00e9 sont \u00e0 la mode et pour les \u00e9v\u00e9nements de 10 \u00e0 50 personnes, l\u2019\u00e9tablissement dispose de <\/span><b>trois salles (deux de 30 m<\/b><b>2<\/b><b>\u00a0et une de 40 m<\/b><b>2<\/b><b>)<\/b><span style=\"font-weight: 400;\"> et d\u2019un restaurant panoramique qui offre un cadre lumineux et \u00e9nerg\u00e9tique le jour et intimiste le soir, sous une lumi\u00e8re tamis\u00e9e.<\/span><\/p>\n<p><span style=\"font-weight: 400;\">Avec sa piscine int\u00e9rieure, son hammam, ainsi que le casino et le golf \u00e0 5 minutes, les participants ne voudront plus rentrer chez eux.<\/span><\/p>\n<p>&nbsp;<\/p>\n\t\t\t\t\t<\/div>\n\t\t\t\t\t\t\t\t\t<\/div>\n\t\t\t<\/div>        \n\t\t<\/div>\n\t<\/div>\n<\/div>\n<!-- END OF : Composant : block-periscope-theme-section-composant-33-texte-image.php -->\n\n\n<!-- START OF : Composant : block-periscope-theme-section-composant-33-texte-image.php -->\n<!-- INVERSE -->\n<div class=\"text-image fs-wysiwyg mb-8 mb-lg-12\" data-component=\"33-texte-image\" data-reverse=\"oui\">\n\t<div class=\"container-fluid\" style=\"--bs-gutter-x: 0\">\n\t\t<div class=\"row\" style=\"--bs-gutter-x: 0\">\n\t\t\t<div class=\"col-lg-6\">\n\t\t\t\t<div class=\"text-image__content\">\n\t\t\t\t\t\t\t\t\t\t<div class=\"fw-semibold lh-xs fs-20 fs-lg-32 ls--25 mb-5\">Dans la Riviera romagnole<\/div>\n\t\t\t\t\t\t\t\t\t\t\t\t\t\t\t<div class=\"fs-wysiwyg\">\n\t\t\t\t\t\t<p><span style=\"font-weight: 400;\">Imaginez un h\u00f4tel \u00e0 proximit\u00e9 de TOUT. C\u2019est le cas du <\/span><a href=\"https:\/\/myallmeeting.com\/fr\/hotel\/8017-mercure-rimini-lungomare\/\"><b>Mercure RImini Lungomare<\/b><\/a><span style=\"font-weight: 400;\">, \u00e9tablissement 4 \u00e9toiles situ\u00e9 \u00e0 RImini. Quartier vivant pr\u00e8s du bord de mer, plages, restaurants, commerces et bars \u00e0 proximit\u00e9, gare de Rimini et centre historique \u00e0 1,3 km, centre des expositions \u00e0 5 km\u2026 <\/span><b>Tout est r\u00e9uni pour un s\u00e9jour familial ou professionnel r\u00e9ussi<\/b><span style=\"font-weight: 400;\">.<\/span><\/p>\n<p><b>Quarante-huit chambres sont disponibles<\/b><span style=\"font-weight: 400;\">, avec leur d\u00e9coration moderne et soign\u00e9e et leur balcon vue sur mer. <\/span><b>Une salle de r\u00e9union est pr\u00e9vue pour les \u00e9v\u00e9nements professionnels<\/b><span style=\"font-weight: 400;\">, ainsi qu\u2019un parking incluant des bornes de recharge. \u00c0 noter que d\u2019avril \u00e0 octobre, une piscine ext\u00e9rieure chauff\u00e9e \u00e0 32\u00b0 est propos\u00e9e.\u00a0<\/span><\/p>\n\t\t\t\t\t<\/div>\n\t\t\t\t\t\t\t\t\t<\/div>\n\t\t\t<\/div>    \n\t\t\t    \n\t\t\t<div class=\"col-lg-6 order-first order-lg-last mb-7 mb-lg-0\">\n\t\t\t\t<img decoding=\"async\" src=\"https:\/\/www.myallmeeting.com\/wp-content\/uploads\/2022\/02\/Mercure-RImini-Lungomare-7-953x600.jpg\" width=\"953\" height=\"600\" alt=\"\" loading=\"lazy\" class=\"w-100\" \/>\n\t\t\t<\/div>\n\t\t\t\t\t<\/div>\n\t<\/div>\n<\/div>\n<!-- END OF : Composant : block-periscope-theme-section-composant-33-texte-image.php -->\n\n\n<!-- START OF : Composant : block-periscope-theme-section-composant-33-texte-image.php -->\n<div class=\"text-image fs-wysiwyg mb-8 mb-lg-12\" data-component=\"33-texte-image\">\n\t<div class=\"container-fluid\" style=\"--bs-gutter-x: 0\">\n\t\t<div class=\"row\" style=\"--bs-gutter-x: 0\">\n\t\t\t\t\t\t<div class=\"col-lg-6 mb-7 mb-lg-0\">\n\t\t\t\t<img decoding=\"async\" src=\"https:\/\/www.myallmeeting.com\/wp-content\/uploads\/2022\/02\/6026-61-953x600.jpg\" width=\"953\" height=\"600\" alt=\"\" loading=\"lazy\" class=\"w-100\" \/>\n\t\t\t<\/div>\n\t\t\t\t\t\t<div class=\"col-lg-6\">\n\t\t\t\t<div class=\"text-image__content\">\n\t\t\t\t\t\t\t\t\t\t<div class=\"fw-semibold lh-xs fs-20 fs-lg-32 ls--25 mb-5\">Plage priv\u00e9e et innombrables activit\u00e9s<\/div>\n\t\t\t\t\t\t\t\t\t\t\t\t\t\t\t<div class=\"fs-wysiwyg\">\n\t\t\t\t\t\t<p><span style=\"font-weight: 400;\">En entrant dans le\u00a0<\/span><a href=\"https:\/\/myallmeeting.com\/fr\/hotel\/3040-pullman-timi-ama-sardegna\/\"><b>Pullman Timi Ama Sardaigne<\/b><\/a><span style=\"font-weight: 400;\">, vous mettez les pieds dans le paradis de la r\u00e9serve naturelle de Capo Carbonara, avec d\u2019innombrables activit\u00e9s pour vos participants : tennis, golf, volley-ball, paddle, yoga, \u00e9quitation\u2026 Personnalisez le programme de l\u2019\u00e9v\u00e9nement et laissez-les choisir ! Un tour de l\u2019\u00eele en voilier ou en Jeep ?\u00a0 Une visite guid\u00e9e de la tour de Porto Giunco ou un soin sensoriel unique dans le spa marin ?<\/span><\/p>\n<p><span style=\"font-weight: 400;\">La mer est toujours \u00e0 proximit\u00e9, m\u00eame dans les <\/span><b>salles de r\u00e9union (50 m\u00b2, 80 m\u00b2, 150 m\u00b2, 210 m\u00b2 et 360 m\u00b2)<\/b><span style=\"font-weight: 400;\"> qui donnent sur la baie et sont \u00e9clair\u00e9es par une lumi\u00e8re naturelle. Le networking aura lieu fluidement dans son restaurant, sur sa terrasse, sa piscine, ses jardins\u2026 ou sa plage priv\u00e9e, un lieu sans aucun doute surprenant pour des expositions de produits, des conf\u00e9rences ou des\u00a0<\/span><i><span style=\"font-weight: 400;\">beach parties<\/span><\/i><span style=\"font-weight: 400;\">\u00a0\u00e0 th\u00e8me avec le bruit des vagues en musique de fond.<\/span><\/p>\n\t\t\t\t\t<\/div>\n\t\t\t\t\t\t\t\t\t<\/div>\n\t\t\t<\/div>        \n\t\t<\/div>\n\t<\/div>\n<\/div>\n<!-- END OF : Composant : block-periscope-theme-section-composant-33-texte-image.php -->\n","protected":false},"excerpt":{"rendered":"<p>Plongez dans notre s\u00e9lection d&rsquo;h\u00f4tels pour vos \u00e9v\u00e9nements vue mer.<\/p>\n","protected":false},"featured_media":15964639,"menu_order":0,"template":"","periscope_categorie_tax":[1648],"class_list":["post-15226678","article","type-article","status-publish","has-post-thumbnail","hentry","periscope_categorie_tax-tous-nos-tops-selections"],"acf":[],"yoast_head":"<title>Des h\u00f4tels pour organiser vos \u00e9v\u00e9nements face \u00e0 la mer - Accor MyAllMeeting.com<\/title>\n<meta name=\"robots\" content=\"index, follow, max-snippet:-1, max-image-preview:large, max-video-preview:-1\" \/>\n<link rel=\"canonical\" href=\"https:\/\/www.myallmeeting.com\/fr\/wp-json\/wp\/v2\/article\/15226678\" \/>\n<meta property=\"og:locale\" content=\"fr_FR\" \/>\n<meta property=\"og:type\" content=\"article\" \/>\n<meta property=\"og:title\" content=\"Des h\u00f4tels pour organiser vos \u00e9v\u00e9nements face \u00e0 la mer - Accor MyAllMeeting.com\" \/>\n<meta property=\"og:description\" content=\"Plongez dans notre s\u00e9lection d&#039;h\u00f4tels pour vos \u00e9v\u00e9nements vue mer.\" \/>\n<meta property=\"og:url\" content=\"https:\/\/www.myallmeeting.com\/fr\/article\/des-hotels-pour-organiser-vos-evenements-face-a-la-mer\/\" \/>\n<meta property=\"og:site_name\" content=\"Accor MyAllMeeting.com\" \/>\n<meta property=\"article:modified_time\" content=\"2024-07-09T15:21:46+00:00\" \/>\n<meta property=\"og:image\" content=\"http:\/\/myallmeeting.com\/wp-content\/uploads\/2022\/02\/6838-28-1024x682.jpg\" \/>\n\t<meta property=\"og:image:width\" content=\"1024\" \/>\n\t<meta property=\"og:image:height\" content=\"682\" \/>\n\t<meta property=\"og:image:type\" content=\"image\/jpeg\" \/>\n<meta name=\"twitter:card\" content=\"summary_large_image\" \/>\n<meta name=\"twitter:label1\" content=\"Dur\u00e9e de lecture estim\u00e9e\" \/>\n\t<meta name=\"twitter:data1\" content=\"5 minutes\" \/>\n<script type=\"application\/ld+json\" class=\"yoast-schema-graph\">{\"@context\":\"https:\/\/schema.org\",\"@graph\":[{\"@type\":\"WebPage\",\"@id\":\"https:\/\/www.myallmeeting.com\/fr\/article\/des-hotels-pour-organiser-vos-evenements-face-a-la-mer\/\",\"url\":\"https:\/\/www.myallmeeting.com\/fr\/article\/des-hotels-pour-organiser-vos-evenements-face-a-la-mer\/\",\"name\":\"Des h\u00f4tels pour organiser vos \u00e9v\u00e9nements face \u00e0 la mer - Accor MyAllMeeting.com\",\"isPartOf\":{\"@id\":\"https:\/\/www.myallmeeting.com\/fr\/#website\"},\"primaryImageOfPage\":{\"@id\":\"https:\/\/www.myallmeeting.com\/fr\/article\/des-hotels-pour-organiser-vos-evenements-face-a-la-mer\/#primaryimage\"},\"image\":{\"@id\":\"https:\/\/www.myallmeeting.com\/fr\/article\/des-hotels-pour-organiser-vos-evenements-face-a-la-mer\/#primaryimage\"},\"thumbnailUrl\":\"https:\/\/www.myallmeeting.com\/wp-content\/uploads\/2022\/02\/6838-28.jpg\",\"datePublished\":\"2022-02-03T10:25:56+00:00\",\"dateModified\":\"2024-07-09T15:21:46+00:00\",\"breadcrumb\":{\"@id\":\"https:\/\/www.myallmeeting.com\/fr\/article\/des-hotels-pour-organiser-vos-evenements-face-a-la-mer\/#breadcrumb\"},\"inLanguage\":\"fr-FR\",\"potentialAction\":[{\"@type\":\"ReadAction\",\"target\":[\"https:\/\/www.myallmeeting.com\/fr\/article\/des-hotels-pour-organiser-vos-evenements-face-a-la-mer\/\"]}]},{\"@type\":\"ImageObject\",\"inLanguage\":\"fr-FR\",\"@id\":\"https:\/\/www.myallmeeting.com\/fr\/article\/des-hotels-pour-organiser-vos-evenements-face-a-la-mer\/#primaryimage\",\"url\":\"https:\/\/www.myallmeeting.com\/wp-content\/uploads\/2022\/02\/6838-28.jpg\",\"contentUrl\":\"https:\/\/www.myallmeeting.com\/wp-content\/uploads\/2022\/02\/6838-28.jpg\",\"width\":2048,\"height\":1364},{\"@type\":\"BreadcrumbList\",\"@id\":\"https:\/\/www.myallmeeting.com\/fr\/article\/des-hotels-pour-organiser-vos-evenements-face-a-la-mer\/#breadcrumb\",\"itemListElement\":[{\"@type\":\"ListItem\",\"position\":1,\"name\":\"Accueil\",\"item\":\"https:\/\/myallmeeting.com\/fr\/\"},{\"@type\":\"ListItem\",\"position\":2,\"name\":\"Actualit\u00e9s\",\"item\":\"https:\/\/www.myallmeeting.com\/fr\/actualite\/\"},{\"@type\":\"ListItem\",\"position\":3,\"name\":\"Des h\u00f4tels pour organiser vos \u00e9v\u00e9nements face \u00e0 la mer\"}]},{\"@type\":\"WebSite\",\"@id\":\"https:\/\/www.myallmeeting.com\/fr\/#website\",\"url\":\"https:\/\/www.myallmeeting.com\/fr\/\",\"name\":\"Accor MyAllMeeting.com\",\"description\":\"Les Meilleurs lieux pour vos Ev\u00e9nements Professionnels\",\"publisher\":{\"@id\":\"https:\/\/www.myallmeeting.com\/fr\/#organization\"},\"potentialAction\":[{\"@type\":\"SearchAction\",\"target\":{\"@type\":\"EntryPoint\",\"urlTemplate\":\"https:\/\/www.myallmeeting.com\/fr\/?s={search_term_string}\"},\"query-input\":{\"@type\":\"PropertyValueSpecification\",\"valueRequired\":true,\"valueName\":\"search_term_string\"}}],\"inLanguage\":\"fr-FR\"},{\"@type\":\"Organization\",\"@id\":\"https:\/\/www.myallmeeting.com\/fr\/#organization\",\"name\":\"ACCOR\",\"url\":\"https:\/\/www.myallmeeting.com\/fr\/\",\"logo\":{\"@type\":\"ImageObject\",\"inLanguage\":\"fr-FR\",\"@id\":\"https:\/\/www.myallmeeting.com\/fr\/#\/schema\/logo\/image\/\",\"url\":\"\",\"contentUrl\":\"\",\"caption\":\"ACCOR\"},\"image\":{\"@id\":\"https:\/\/www.myallmeeting.com\/fr\/#\/schema\/logo\/image\/\"}}]}<\/script>","yoast_head_json":{"title":"Des h\u00f4tels pour organiser vos \u00e9v\u00e9nements face \u00e0 la mer - Accor MyAllMeeting.com","robots":{"index":"index","follow":"follow","max-snippet":"max-snippet:-1","max-image-preview":"max-image-preview:large","max-video-preview":"max-video-preview:-1"},"canonical":"https:\/\/www.myallmeeting.com\/fr\/wp-json\/wp\/v2\/article\/15226678","og_locale":"fr_FR","og_type":"article","og_title":"Des h\u00f4tels pour organiser vos \u00e9v\u00e9nements face \u00e0 la mer - Accor MyAllMeeting.com","og_description":"Plongez dans notre s\u00e9lection d'h\u00f4tels pour vos \u00e9v\u00e9nements vue mer.","og_url":"https:\/\/www.myallmeeting.com\/fr\/article\/des-hotels-pour-organiser-vos-evenements-face-a-la-mer\/","og_site_name":"Accor MyAllMeeting.com","article_modified_time":"2024-07-09T15:21:46+00:00","og_image":[{"width":1024,"height":682,"url":"http:\/\/myallmeeting.com\/wp-content\/uploads\/2022\/02\/6838-28-1024x682.jpg","type":"image\/jpeg"}],"twitter_card":"summary_large_image","twitter_misc":{"Dur\u00e9e de lecture estim\u00e9e":"5 minutes"},"schema":{"@context":"https:\/\/schema.org","@graph":[{"@type":"WebPage","@id":"https:\/\/www.myallmeeting.com\/fr\/article\/des-hotels-pour-organiser-vos-evenements-face-a-la-mer\/","url":"https:\/\/www.myallmeeting.com\/fr\/article\/des-hotels-pour-organiser-vos-evenements-face-a-la-mer\/","name":"Des h\u00f4tels pour organiser vos \u00e9v\u00e9nements face \u00e0 la mer - Accor MyAllMeeting.com","isPartOf":{"@id":"https:\/\/www.myallmeeting.com\/fr\/#website"},"primaryImageOfPage":{"@id":"https:\/\/www.myallmeeting.com\/fr\/article\/des-hotels-pour-organiser-vos-evenements-face-a-la-mer\/#primaryimage"},"image":{"@id":"https:\/\/www.myallmeeting.com\/fr\/article\/des-hotels-pour-organiser-vos-evenements-face-a-la-mer\/#primaryimage"},"thumbnailUrl":"https:\/\/www.myallmeeting.com\/wp-content\/uploads\/2022\/02\/6838-28.jpg","datePublished":"2022-02-03T10:25:56+00:00","dateModified":"2024-07-09T15:21:46+00:00","breadcrumb":{"@id":"https:\/\/www.myallmeeting.com\/fr\/article\/des-hotels-pour-organiser-vos-evenements-face-a-la-mer\/#breadcrumb"},"inLanguage":"fr-FR","potentialAction":[{"@type":"ReadAction","target":["https:\/\/www.myallmeeting.com\/fr\/article\/des-hotels-pour-organiser-vos-evenements-face-a-la-mer\/"]}]},{"@type":"ImageObject","inLanguage":"fr-FR","@id":"https:\/\/www.myallmeeting.com\/fr\/article\/des-hotels-pour-organiser-vos-evenements-face-a-la-mer\/#primaryimage","url":"https:\/\/www.myallmeeting.com\/wp-content\/uploads\/2022\/02\/6838-28.jpg","contentUrl":"https:\/\/www.myallmeeting.com\/wp-content\/uploads\/2022\/02\/6838-28.jpg","width":2048,"height":1364},{"@type":"BreadcrumbList","@id":"https:\/\/www.myallmeeting.com\/fr\/article\/des-hotels-pour-organiser-vos-evenements-face-a-la-mer\/#breadcrumb","itemListElement":[{"@type":"ListItem","position":1,"name":"Accueil","item":"https:\/\/myallmeeting.com\/fr\/"},{"@type":"ListItem","position":2,"name":"Actualit\u00e9s","item":"https:\/\/www.myallmeeting.com\/fr\/actualite\/"},{"@type":"ListItem","position":3,"name":"Des h\u00f4tels pour organiser vos \u00e9v\u00e9nements face \u00e0 la mer"}]},{"@type":"WebSite","@id":"https:\/\/www.myallmeeting.com\/fr\/#website","url":"https:\/\/www.myallmeeting.com\/fr\/","name":"Accor MyAllMeeting.com","description":"Les Meilleurs lieux pour vos Ev\u00e9nements Professionnels","publisher":{"@id":"https:\/\/www.myallmeeting.com\/fr\/#organization"},"potentialAction":[{"@type":"SearchAction","target":{"@type":"EntryPoint","urlTemplate":"https:\/\/www.myallmeeting.com\/fr\/?s={search_term_string}"},"query-input":{"@type":"PropertyValueSpecification","valueRequired":true,"valueName":"search_term_string"}}],"inLanguage":"fr-FR"},{"@type":"Organization","@id":"https:\/\/www.myallmeeting.com\/fr\/#organization","name":"ACCOR","url":"https:\/\/www.myallmeeting.com\/fr\/","logo":{"@type":"ImageObject","inLanguage":"fr-FR","@id":"https:\/\/www.myallmeeting.com\/fr\/#\/schema\/logo\/image\/","url":"","contentUrl":"","caption":"ACCOR"},"image":{"@id":"https:\/\/www.myallmeeting.com\/fr\/#\/schema\/logo\/image\/"}}]}},"_links":{"self":[{"href":"https:\/\/www.myallmeeting.com\/fr\/wp-json\/wp\/v2\/article\/15226678","targetHints":{"allow":["GET"]}}],"collection":[{"href":"https:\/\/www.myallmeeting.com\/fr\/wp-json\/wp\/v2\/article"}],"about":[{"href":"https:\/\/www.myallmeeting.com\/fr\/wp-json\/wp\/v2\/types\/article"}],"wp:featuredmedia":[{"embeddable":true,"href":"https:\/\/www.myallmeeting.com\/fr\/wp-json\/wp\/v2\/media\/15964639"}],"wp:attachment":[{"href":"https:\/\/www.myallmeeting.com\/fr\/wp-json\/wp\/v2\/media?parent=15226678"}],"wp:term":[{"taxonomy":"periscope_categorie_tax","embeddable":true,"href":"https:\/\/www.myallmeeting.com\/fr\/wp-json\/wp\/v2\/periscope_categorie_tax?post=15226678"}],"curies":[{"name":"wp","href":"https:\/\/api.w.org\/{rel}","templated":true}]}}