{"id":15226677,"date":"2022-02-11T16:18:38","date_gmt":"2022-02-11T15:18:38","guid":{"rendered":"https:\/\/myallmeeting.com\/article\/organisez-un-evenement-glamour-en-petit-comite-au-sofitel-roma-villa-borghese\/"},"modified":"2024-12-03T12:02:22","modified_gmt":"2024-12-03T11:02:22","slug":"organisez-un-evenement-glamour-en-petit-comite-au-sofitel-roma-villa-borghese","status":"publish","type":"article","link":"https:\/\/www.myallmeeting.com\/fr\/article\/organisez-un-evenement-glamour-en-petit-comite-au-sofitel-roma-villa-borghese\/","title":{"rendered":"Organisez un \u00e9v\u00e8nement glamour en petit comit\u00e9 au Sofitel Roma Villa Borghese"},"content":{"rendered":"<!-- START OF : Composant : block-periscope-theme-section-composant-25-texte-cta-2-images.php -->\n<div class=\"tcta2ia bg-white fs-wysiwyg mb-lg-12\" data-component=\"25-texte-cta-2-images\">\n\t<div class=\"tcta2ia__top\">\n\t\t<div class=\"container-fluid\" style=\"--bs-gutter-x: 0\">\n\t\t\t<div class=\"row\" style=\"--bs-gutter-x: 0\">\n\t\t\t\t<div class=\"col-lg-8\">\n\t\t\t\t\t\t\t\t\t\t<div class=\"bloc-mise-en-avant__top__left\">\n\t\t\t\t\t\t<img decoding=\"async\" src=\"https:\/\/www.myallmeeting.com\/wp-content\/uploads\/2022\/02\/HCM_P_0004145__original-1268x846.jpeg\" class=\"pe-2 pe-lg-0\" width=\"1268\" height=\"846\" alt=\"\" loading=\"lazy\" \/>\n\t\t\t\t\t<\/div>\n\t\t\t\t\t\t\t\t\t\t<div class=\"tcta2ia__bottom d-none d-lg-block pb-12 pt-lg-9 pb-lg-0 pe-lg-10\">\n\t\t\t\t\t\t\t\t\t\t\t\t<h2 class=\"fs-20 fs-lg-32 fw-semibold\">Le luxe \u00e0 la fran\u00e7aise dans la Ville \u00e9ternelle\u202f <\/h2>\n\t\t\t\t\t\t\t\t\t\t\t\t\t\t\t\t\t\t<div class=\"fs-wysiwyg\"><p><span data-contrast=\"auto\">Le <\/span><a href=\"https:\/\/myallmeeting.com\/fr\/hotel\/1312-sofitel-roma-villa-borghese\/\"><span data-contrast=\"none\">Sofitel Roma Villa Borghese<\/span><\/a><span data-contrast=\"auto\"> est tr\u00e8s bien situ\u00e9 : en plein c\u0153ur de la ville et \u00e0 moins de 15 minutes de la fontaine de Trevi, \u00e0 c\u00f4t\u00e9 des parcs de la Villa Borgh\u00e8se et de la Villa M\u00e9dicis. Il a \u00e9t\u00e9 enti\u00e8rement remis \u00e0 neuf par le designer Jean-Philippe Nuel qui a dot\u00e9 cet h\u00f4tel-boutique d\u2019une \u00ab\u202ffrench touch\u202f\u00bb raffin\u00e9e tout en conservant l\u2019essence de la capitale italienne.<\/span><span data-ccp-props=\"{}\">\u00a0<\/span><\/p>\n<p><span data-contrast=\"auto\">Quant au concept cr\u00e9atif, l\u2019architecte s\u2019est inspir\u00e9 de la nature et a voulu recr\u00e9er une extension des jardins de la Villa M\u00e9dicis. Voil\u00e0 pourquoi les couleurs pr\u00e9dominantes sont le vert et le brun, et l\u2019ensemble culmine en une explosion de couleurs au 7<\/span><span data-contrast=\"auto\">e<\/span><span data-contrast=\"auto\">\u202f\u00e9tage o\u00f9 se trouve le restaurant Settimo, et d\u2019o\u00f9 vous pouvez profiter de la magnifique vue panoramique.<\/span><span data-ccp-props=\"{}\">\u00a0<\/span><\/p>\n<p><span data-contrast=\"auto\">L\u2019h\u00f4tel dispose actuellement de 78 chambres, dont sept suites. Au dernier \u00e9tage se trouvent trois des sept suites avec balcon priv\u00e9, et les quatre autres, qui sont r\u00e9parties sur diff\u00e9rents \u00e9tages, sont plus grandes et pourvues d\u2019un faux balcon. L\u2019\u00e9l\u00e9gance et le glamour caract\u00e9risent toutes les chambres qui se succ\u00e8dent avec la m\u00eame palette de couleurs et se distinguent par l\u2019association judicieuse de bois et de marbre.<\/span><span data-ccp-props=\"{}\">\u00a0<\/span><\/p>\n<\/div>\n\t\t\t\t\t\t\t\t\t\t\t\t<div class=\"d-flex flex-column flex-lg-row align-items-center gap-5 gap-lg-8 justify-content-between\">\n\t\t\t\t\t\t\t<div class=\"fs-20 fs-lg-26 fw-semibold lh-xs\"><\/div>\n\t\t\t\t\t\t\t\t\t\t\t\t\t<\/div>\n\t\t\t\t\t<\/div>\n\t\t\t\t<\/div>\n\t\t\t\t<div class=\"col-lg-4\">\n\t\t\t\t\t<div class=\"tcta2ia__top__right t-0 r-0 bg-primary text-white pt-4 pb-4 px-2 pt-lg-8 pb-lg-16 px-lg-11 pb-xl-30\">\n\t\t\t\t\t\t\t\t\t\t\t\t\t\t\t\t\t\t<h2 class=\"unna fs-36 fs-lg-51 fs-xl-75 fs-italic fw-normal text-secondary\">Organisez un \u00e9v\u00e8nement glamour en petit comit\u00e9 au Sofitel Roma Villa Borghese<\/h2>\n\t\t\t\t\t\t\t\t\t\t\t\t\t\t\t\t\t\t<h3 class=\"text-white fs-18 fs-lg-20 fs-xl-28 text-original-case\">Venez visiter Rome lors de votre prochain \u00e9v\u00e8nement professionnel, gr\u00e2ce au Sofitel Roma Villa Borghese<\/h3>\n\t\t\t\t\t\t\t\t\t\t\t\t\t\t\t\t\t\t<div class=\"fs-wysiwyg mb-4 fs-lg-16 fs-xl-20\"><p><span data-contrast=\"auto\">Rome est l\u2019une des villes les plus magiques d\u2019Europe en raison de son histoire, de sa gastronomie et surtout de ses monuments.\u00a0<\/span><span data-ccp-props=\"{}\">\u00a0<\/span><\/p>\n<p><span data-contrast=\"auto\">Laissez-vous s\u00e9duire par la Ville \u00e9ternelle et faites-le en profitant du Sofitel Roma Villa Borghese, un h\u00f4tel-boutique enti\u00e8rement remis \u00e0 neuf qui allie l\u2019art de vivre \u00e0 la fran\u00e7aise au <\/span><i><span data-contrast=\"auto\">carpe diem<\/span><\/i><span data-contrast=\"auto\"> romain. Des \u00e9v\u00e9nements raffin\u00e9s haut de gamme pour ravir et surprendre vos clients.<\/span><span data-ccp-props=\"{}\">\u00a0<\/span><\/p>\n<\/div>\n\t\t\t\t\t\t\t\t\t\t\t\t\t\t\t\t\t\t\t\t\t\t\t\t<p class=\"m-0\"><img decoding=\"async\" src=\"https:\/\/www.myallmeeting.com\/wp-content\/uploads\/2022\/02\/aja_p_5095-11__original-633x398.jpeg\" class=\"position-relative l-0\" width=\"633\" height=\"398\" alt=\"\" loading=\"lazy\" \/><\/p>\n\t\t\t\t\t\t\t\t\t\t\t<\/div>\n\t\t\t\t<\/div>\n\t\t\t<\/div>\n\t\t<\/div>\n\t<\/div>\n\t<div class=\"tcta2ia__bottom d-lg-none pb-12 py-lg-9 pe-lg-10\">\n\t\t\t\t<div class=\"h2 fs-20 fs-lg-32 fw-semibold\">Le luxe \u00e0 la fran\u00e7aise dans la Ville \u00e9ternelle\u202f <\/div>\n\t\t\t\t\t\t<div class=\"fs-wysiwyg\"><p><span data-contrast=\"auto\">Le <\/span><a href=\"https:\/\/myallmeeting.com\/fr\/hotel\/1312-sofitel-roma-villa-borghese\/\"><span data-contrast=\"none\">Sofitel Roma Villa Borghese<\/span><\/a><span data-contrast=\"auto\"> est tr\u00e8s bien situ\u00e9 : en plein c\u0153ur de la ville et \u00e0 moins de 15 minutes de la fontaine de Trevi, \u00e0 c\u00f4t\u00e9 des parcs de la Villa Borgh\u00e8se et de la Villa M\u00e9dicis. Il a \u00e9t\u00e9 enti\u00e8rement remis \u00e0 neuf par le designer Jean-Philippe Nuel qui a dot\u00e9 cet h\u00f4tel-boutique d\u2019une \u00ab\u202ffrench touch\u202f\u00bb raffin\u00e9e tout en conservant l\u2019essence de la capitale italienne.<\/span><span data-ccp-props=\"{}\">\u00a0<\/span><\/p>\n<p><span data-contrast=\"auto\">Quant au concept cr\u00e9atif, l\u2019architecte s\u2019est inspir\u00e9 de la nature et a voulu recr\u00e9er une extension des jardins de la Villa M\u00e9dicis. Voil\u00e0 pourquoi les couleurs pr\u00e9dominantes sont le vert et le brun, et l\u2019ensemble culmine en une explosion de couleurs au 7<\/span><span data-contrast=\"auto\">e<\/span><span data-contrast=\"auto\">\u202f\u00e9tage o\u00f9 se trouve le restaurant Settimo, et d\u2019o\u00f9 vous pouvez profiter de la magnifique vue panoramique.<\/span><span data-ccp-props=\"{}\">\u00a0<\/span><\/p>\n<p><span data-contrast=\"auto\">L\u2019h\u00f4tel dispose actuellement de 78 chambres, dont sept suites. Au dernier \u00e9tage se trouvent trois des sept suites avec balcon priv\u00e9, et les quatre autres, qui sont r\u00e9parties sur diff\u00e9rents \u00e9tages, sont plus grandes et pourvues d\u2019un faux balcon. L\u2019\u00e9l\u00e9gance et le glamour caract\u00e9risent toutes les chambres qui se succ\u00e8dent avec la m\u00eame palette de couleurs et se distinguent par l\u2019association judicieuse de bois et de marbre.<\/span><span data-ccp-props=\"{}\">\u00a0<\/span><\/p>\n<\/div>\n\t\t\t\t<div class=\"d-flex flex-column flex-lg-row align-items-center gap-5 gap-lg-8 justify-content-between\">\n\t\t\t<div class=\"fs-20 fs-lg-26 fw-semibold lh-xs\"><\/div>\n\t\t\t\t\t<\/div>\n\t<\/div>\n<\/div>\n<!-- END OF : Composant : block-periscope-theme-section-composant-25-texte-cta-2-images.php -->\n\n\n<!-- START OF : Composant : block-periscope-theme-section-composant-33-texte-image.php -->\n<div class=\"text-image fs-wysiwyg mb-8 mb-lg-12\" data-component=\"33-texte-image\">\n\t<div class=\"container-fluid\" style=\"--bs-gutter-x: 0\">\n\t\t<div class=\"row\" style=\"--bs-gutter-x: 0\">\n\t\t\t\t\t\t<div class=\"col-lg-6 mb-7 mb-lg-0\">\n\t\t\t\t<img decoding=\"async\" src=\"https:\/\/www.myallmeeting.com\/wp-content\/uploads\/2022\/02\/HCM_P_0004147__original-953x600.jpeg\" width=\"953\" height=\"600\" alt=\"\" loading=\"lazy\" class=\"w-100\" \/>\n\t\t\t<\/div>\n\t\t\t\t\t\t<div class=\"col-lg-6\">\n\t\t\t\t<div class=\"text-image__content\">\n\t\t\t\t\t\t\t\t\t\t<div class=\"fw-semibold lh-xs fs-20 fs-lg-32 ls--25 mb-5\">Glamour et flexibilit\u00e9 pour vos \u00e9v\u00e8nements<\/div>\n\t\t\t\t\t\t\t\t\t\t\t\t\t\t\t<div class=\"fs-wysiwyg\">\n\t\t\t\t\t\t<p><span data-contrast=\"auto\">Si vous voulez que l\u2019on se souvienne de vos r\u00e9unions ou de vos petits \u00e9v\u00e9nements pour leur bon go\u00fbt et leur bon ton, le Sofitel Roma Villa Borghese est votre h\u00f4tel. Il est id\u00e9al pour de petits groupes qui accordent plus d\u2019importance \u00e0 la qualit\u00e9 qu\u2019\u00e0 la quantit\u00e9, et qui veulent que tout soit parfait. L\u2019h\u00f4tel dispose de trois salons, situ\u00e9s au m\u00eame \u00e9tage, et qui peuvent \u00eatre utilis\u00e9s selon les besoins du client : soit tout en exclusivit\u00e9, soit en louant un seul d\u2019entre eux, ou encore en les combinant. Les salons pr\u00e9sentent des capacit\u00e9s allant de 4 \u00e0 40 personnes et permettent diff\u00e9rents formats (en U, en salle de classe, avec tables, etc.). En outre, ils offrent une zone commune, le comptoir, o\u00f9 on peut prendre des pauses-caf\u00e9s.<\/span><span data-ccp-props=\"{}\">\u00a0<\/span><\/p>\n<p><span data-contrast=\"auto\">Le plus grand salon, le salon Lumi\u00e8re, b\u00e9n\u00e9ficie d\u2019un \u00e9clairage naturel en plus d\u2019un syst\u00e8me audiovisuel complet avec projecteur et \u00e9cran, ainsi que d\u2019un syst\u00e8me d\u2019appel vid\u00e9o pour des \u00e9v\u00e9nements hybrides. Le salon Priv\u00e9 et le salon Chemin\u00e9e sont \u00e9quip\u00e9s de tout le mat\u00e9riel et de tout l\u2019\u00e9quipement dont les utilisateurs les plus exigeants peuvent avoir besoin.<\/span><span data-ccp-props=\"{}\">\u00a0<\/span><\/p>\n<p><span data-contrast=\"auto\">L\u2019h\u00f4tel fournit tout le mat\u00e9riel de base n\u00e9cessaire qui peut \u00eatre personnalis\u00e9 avec le logo de la soci\u00e9t\u00e9. \u00c0 l\u2019entr\u00e9e de chaque salon, il y a un petit \u00e9cran qui peut \u00e9galement \u00eatre personnalis\u00e9 avec le nom du client ou de l\u2019\u00e9v\u00e9nement.<\/span><span data-ccp-props=\"{}\">\u00a0<\/span><\/p>\n\t\t\t\t\t<\/div>\n\t\t\t\t\t\t\t\t\t<\/div>\n\t\t\t<\/div>        \n\t\t<\/div>\n\t<\/div>\n<\/div>\n<!-- END OF : Composant : block-periscope-theme-section-composant-33-texte-image.php -->\n\n\n<!-- START OF : Composant : block-periscope-theme-section-composant-33-texte-image.php -->\n<!-- INVERSE -->\n<div class=\"text-image fs-wysiwyg mb-8 mb-lg-12\" data-component=\"33-texte-image\" data-reverse=\"oui\">\n\t<div class=\"container-fluid\" style=\"--bs-gutter-x: 0\">\n\t\t<div class=\"row\" style=\"--bs-gutter-x: 0\">\n\t\t\t<div class=\"col-lg-6\">\n\t\t\t\t<div class=\"text-image__content\">\n\t\t\t\t\t\t\t\t\t\t<div class=\"fw-semibold lh-xs fs-20 fs-lg-32 ls--25 mb-5\">\u202fLe Settimo ciel au rooftop de l\u2019h\u00f4tel\u202f <\/div>\n\t\t\t\t\t\t\t\t\t\t\t\t\t\t\t<div class=\"fs-wysiwyg\">\n\t\t\t\t\t\t<p><span data-contrast=\"auto\">L\u2019expression \u00ab\u202f\u00eatre au septi\u00e8me ciel\u202f\u00bb devient r\u00e9alit\u00e9 au\u202f<\/span><i><span data-contrast=\"auto\">rooftoop<\/span><\/i><span data-contrast=\"auto\">\u202fde l\u2019h\u00f4tel, o\u00f9 se trouvent le restaurant et la terrasse avec vue panoramique sur la ville. Il peut accueillir 45 personnes et on peut y organiser des \u00e9v\u00e9nements (surtout sociaux tels que des anniversaires, des mariages ou des remises de dipl\u00f4mes).<\/span><span data-ccp-props=\"{}\">\u00a0<\/span><\/p>\n<p><span data-contrast=\"auto\">Profitez de cet espace surtout pendant les mois de printemps et d\u2019\u00e9t\u00e9 \u00e0 partir de 18 h 00 pour contempler les couleurs d\u2019un beau coucher de soleil et profiter de la chaleur qui n\u2019est plus aussi intense. Le restaurant propose un menu sp\u00e9cialis\u00e9 en cuisine romaine traditionnelle, avec des produits de saison et de proximit\u00e9. Si vous d\u00e9cidez d\u2019y prendre le d\u00e9jeuner, vous pouvez profiter de l\u2019offre\u202f<\/span><i><span data-contrast=\"auto\">business lunch<\/span><\/i><span data-contrast=\"auto\">\u202favec un antipasti (entr\u00e9e) et un plat principal.<\/span><span data-ccp-props=\"{}\">\u00a0<\/span><\/p>\n<p><span data-contrast=\"auto\">Mais si vous voulez profiter de toutes les exp\u00e9riences que la ville peut vous offrir, l\u2019h\u00f4tel vous recommande des endroits peu connus ainsi que des activit\u00e9s permettant de d\u00e9couvrir la ville d\u2019une autre fa\u00e7on avec des circuits \u00e0 Vespa, en Fiat 500 ou en profitant d\u2019une d\u00e9gustation de vins de la r\u00e9gion.<\/span><span data-ccp-props=\"{}\">\u00a0<\/span><\/p>\n\t\t\t\t\t<\/div>\n\t\t\t\t\t\t\t\t\t<\/div>\n\t\t\t<\/div>    \n\t\t\t    \n\t\t\t<div class=\"col-lg-6 order-first order-lg-last mb-7 mb-lg-0\">\n\t\t\t\t<img decoding=\"async\" src=\"https:\/\/www.myallmeeting.com\/wp-content\/uploads\/2022\/02\/aja_p_5095-19__original-953x600.jpeg\" width=\"953\" height=\"600\" alt=\"\" loading=\"lazy\" class=\"w-100\" \/>\n\t\t\t<\/div>\n\t\t\t\t\t<\/div>\n\t<\/div>\n<\/div>\n<!-- END OF : Composant : block-periscope-theme-section-composant-33-texte-image.php -->\n","protected":false},"excerpt":{"rendered":"<p>Venez visiter Rome lors de votre prochain \u00e9v\u00e8nement professionnel, gr\u00e2ce au Sofitel Roma Villa Borghese.<\/p>\n","protected":false},"featured_media":16560806,"menu_order":0,"template":"","periscope_categorie_tax":[1651],"class_list":["post-15226677","article","type-article","status-publish","has-post-thumbnail","hentry","periscope_categorie_tax-reportage-du-mois"],"acf":[],"yoast_head":"<title>Organisez un \u00e9v\u00e8nement glamour en petit comit\u00e9 au Sofitel Roma Villa Borghese - Accor MyAllMeeting.com<\/title>\n<meta name=\"robots\" content=\"index, follow, max-snippet:-1, max-image-preview:large, max-video-preview:-1\" \/>\n<link rel=\"canonical\" href=\"https:\/\/www.myallmeeting.com\/fr\/wp-json\/wp\/v2\/article\/15226677\" \/>\n<meta property=\"og:locale\" content=\"fr_FR\" \/>\n<meta property=\"og:type\" content=\"article\" \/>\n<meta property=\"og:title\" content=\"Organisez un \u00e9v\u00e8nement glamour en petit comit\u00e9 au Sofitel Roma Villa Borghese - Accor MyAllMeeting.com\" \/>\n<meta property=\"og:description\" content=\"Venez visiter Rome lors de votre prochain \u00e9v\u00e8nement professionnel, gr\u00e2ce au Sofitel Roma Villa Borghese.\" \/>\n<meta property=\"og:url\" content=\"https:\/\/www.myallmeeting.com\/fr\/article\/organisez-un-evenement-glamour-en-petit-comite-au-sofitel-roma-villa-borghese\/\" \/>\n<meta property=\"og:site_name\" content=\"Accor MyAllMeeting.com\" \/>\n<meta property=\"article:modified_time\" content=\"2024-12-03T11:02:22+00:00\" \/>\n<meta property=\"og:image\" content=\"https:\/\/www.myallmeeting.com\/wp-content\/uploads\/2022\/02\/MAM-baner-1920x570-31-1024x304.png\" \/>\n\t<meta property=\"og:image:width\" content=\"1024\" \/>\n\t<meta property=\"og:image:height\" content=\"304\" \/>\n\t<meta property=\"og:image:type\" content=\"image\/png\" \/>\n<meta name=\"twitter:card\" content=\"summary_large_image\" \/>\n<meta name=\"twitter:label1\" content=\"Dur\u00e9e de lecture estim\u00e9e\" \/>\n\t<meta name=\"twitter:data1\" content=\"5 minutes\" \/>\n<script type=\"application\/ld+json\" class=\"yoast-schema-graph\">{\"@context\":\"https:\/\/schema.org\",\"@graph\":[{\"@type\":\"WebPage\",\"@id\":\"https:\/\/www.myallmeeting.com\/fr\/article\/organisez-un-evenement-glamour-en-petit-comite-au-sofitel-roma-villa-borghese\/\",\"url\":\"https:\/\/www.myallmeeting.com\/fr\/article\/organisez-un-evenement-glamour-en-petit-comite-au-sofitel-roma-villa-borghese\/\",\"name\":\"Organisez un \u00e9v\u00e8nement glamour en petit comit\u00e9 au Sofitel Roma Villa Borghese - Accor MyAllMeeting.com\",\"isPartOf\":{\"@id\":\"https:\/\/www.myallmeeting.com\/fr\/#website\"},\"primaryImageOfPage\":{\"@id\":\"https:\/\/www.myallmeeting.com\/fr\/article\/organisez-un-evenement-glamour-en-petit-comite-au-sofitel-roma-villa-borghese\/#primaryimage\"},\"image\":{\"@id\":\"https:\/\/www.myallmeeting.com\/fr\/article\/organisez-un-evenement-glamour-en-petit-comite-au-sofitel-roma-villa-borghese\/#primaryimage\"},\"thumbnailUrl\":\"https:\/\/www.myallmeeting.com\/wp-content\/uploads\/2022\/02\/MAM-baner-1920x570-31.png\",\"datePublished\":\"2022-02-11T15:18:38+00:00\",\"dateModified\":\"2024-12-03T11:02:22+00:00\",\"breadcrumb\":{\"@id\":\"https:\/\/www.myallmeeting.com\/fr\/article\/organisez-un-evenement-glamour-en-petit-comite-au-sofitel-roma-villa-borghese\/#breadcrumb\"},\"inLanguage\":\"fr-FR\",\"potentialAction\":[{\"@type\":\"ReadAction\",\"target\":[\"https:\/\/www.myallmeeting.com\/fr\/article\/organisez-un-evenement-glamour-en-petit-comite-au-sofitel-roma-villa-borghese\/\"]}]},{\"@type\":\"ImageObject\",\"inLanguage\":\"fr-FR\",\"@id\":\"https:\/\/www.myallmeeting.com\/fr\/article\/organisez-un-evenement-glamour-en-petit-comite-au-sofitel-roma-villa-borghese\/#primaryimage\",\"url\":\"https:\/\/www.myallmeeting.com\/wp-content\/uploads\/2022\/02\/MAM-baner-1920x570-31.png\",\"contentUrl\":\"https:\/\/www.myallmeeting.com\/wp-content\/uploads\/2022\/02\/MAM-baner-1920x570-31.png\",\"width\":1920,\"height\":570},{\"@type\":\"BreadcrumbList\",\"@id\":\"https:\/\/www.myallmeeting.com\/fr\/article\/organisez-un-evenement-glamour-en-petit-comite-au-sofitel-roma-villa-borghese\/#breadcrumb\",\"itemListElement\":[{\"@type\":\"ListItem\",\"position\":1,\"name\":\"Accueil\",\"item\":\"https:\/\/myallmeeting.com\/fr\/\"},{\"@type\":\"ListItem\",\"position\":2,\"name\":\"Actualit\u00e9s\",\"item\":\"https:\/\/www.myallmeeting.com\/fr\/actualite\/\"},{\"@type\":\"ListItem\",\"position\":3,\"name\":\"Organisez un \u00e9v\u00e8nement glamour en petit comit\u00e9 au Sofitel Roma Villa Borghese\"}]},{\"@type\":\"WebSite\",\"@id\":\"https:\/\/www.myallmeeting.com\/fr\/#website\",\"url\":\"https:\/\/www.myallmeeting.com\/fr\/\",\"name\":\"Accor MyAllMeeting.com\",\"description\":\"Les Meilleurs lieux pour vos Ev\u00e9nements Professionnels\",\"publisher\":{\"@id\":\"https:\/\/www.myallmeeting.com\/fr\/#organization\"},\"potentialAction\":[{\"@type\":\"SearchAction\",\"target\":{\"@type\":\"EntryPoint\",\"urlTemplate\":\"https:\/\/www.myallmeeting.com\/fr\/?s={search_term_string}\"},\"query-input\":{\"@type\":\"PropertyValueSpecification\",\"valueRequired\":true,\"valueName\":\"search_term_string\"}}],\"inLanguage\":\"fr-FR\"},{\"@type\":\"Organization\",\"@id\":\"https:\/\/www.myallmeeting.com\/fr\/#organization\",\"name\":\"ACCOR\",\"url\":\"https:\/\/www.myallmeeting.com\/fr\/\",\"logo\":{\"@type\":\"ImageObject\",\"inLanguage\":\"fr-FR\",\"@id\":\"https:\/\/www.myallmeeting.com\/fr\/#\/schema\/logo\/image\/\",\"url\":\"\",\"contentUrl\":\"\",\"caption\":\"ACCOR\"},\"image\":{\"@id\":\"https:\/\/www.myallmeeting.com\/fr\/#\/schema\/logo\/image\/\"}}]}<\/script>","yoast_head_json":{"title":"Organisez un \u00e9v\u00e8nement glamour en petit comit\u00e9 au Sofitel Roma Villa Borghese - Accor MyAllMeeting.com","robots":{"index":"index","follow":"follow","max-snippet":"max-snippet:-1","max-image-preview":"max-image-preview:large","max-video-preview":"max-video-preview:-1"},"canonical":"https:\/\/www.myallmeeting.com\/fr\/wp-json\/wp\/v2\/article\/15226677","og_locale":"fr_FR","og_type":"article","og_title":"Organisez un \u00e9v\u00e8nement glamour en petit comit\u00e9 au Sofitel Roma Villa Borghese - Accor MyAllMeeting.com","og_description":"Venez visiter Rome lors de votre prochain \u00e9v\u00e8nement professionnel, gr\u00e2ce au Sofitel Roma Villa Borghese.","og_url":"https:\/\/www.myallmeeting.com\/fr\/article\/organisez-un-evenement-glamour-en-petit-comite-au-sofitel-roma-villa-borghese\/","og_site_name":"Accor MyAllMeeting.com","article_modified_time":"2024-12-03T11:02:22+00:00","og_image":[{"width":1024,"height":304,"url":"https:\/\/www.myallmeeting.com\/wp-content\/uploads\/2022\/02\/MAM-baner-1920x570-31-1024x304.png","type":"image\/png"}],"twitter_card":"summary_large_image","twitter_misc":{"Dur\u00e9e de lecture estim\u00e9e":"5 minutes"},"schema":{"@context":"https:\/\/schema.org","@graph":[{"@type":"WebPage","@id":"https:\/\/www.myallmeeting.com\/fr\/article\/organisez-un-evenement-glamour-en-petit-comite-au-sofitel-roma-villa-borghese\/","url":"https:\/\/www.myallmeeting.com\/fr\/article\/organisez-un-evenement-glamour-en-petit-comite-au-sofitel-roma-villa-borghese\/","name":"Organisez un \u00e9v\u00e8nement glamour en petit comit\u00e9 au Sofitel Roma Villa Borghese - Accor MyAllMeeting.com","isPartOf":{"@id":"https:\/\/www.myallmeeting.com\/fr\/#website"},"primaryImageOfPage":{"@id":"https:\/\/www.myallmeeting.com\/fr\/article\/organisez-un-evenement-glamour-en-petit-comite-au-sofitel-roma-villa-borghese\/#primaryimage"},"image":{"@id":"https:\/\/www.myallmeeting.com\/fr\/article\/organisez-un-evenement-glamour-en-petit-comite-au-sofitel-roma-villa-borghese\/#primaryimage"},"thumbnailUrl":"https:\/\/www.myallmeeting.com\/wp-content\/uploads\/2022\/02\/MAM-baner-1920x570-31.png","datePublished":"2022-02-11T15:18:38+00:00","dateModified":"2024-12-03T11:02:22+00:00","breadcrumb":{"@id":"https:\/\/www.myallmeeting.com\/fr\/article\/organisez-un-evenement-glamour-en-petit-comite-au-sofitel-roma-villa-borghese\/#breadcrumb"},"inLanguage":"fr-FR","potentialAction":[{"@type":"ReadAction","target":["https:\/\/www.myallmeeting.com\/fr\/article\/organisez-un-evenement-glamour-en-petit-comite-au-sofitel-roma-villa-borghese\/"]}]},{"@type":"ImageObject","inLanguage":"fr-FR","@id":"https:\/\/www.myallmeeting.com\/fr\/article\/organisez-un-evenement-glamour-en-petit-comite-au-sofitel-roma-villa-borghese\/#primaryimage","url":"https:\/\/www.myallmeeting.com\/wp-content\/uploads\/2022\/02\/MAM-baner-1920x570-31.png","contentUrl":"https:\/\/www.myallmeeting.com\/wp-content\/uploads\/2022\/02\/MAM-baner-1920x570-31.png","width":1920,"height":570},{"@type":"BreadcrumbList","@id":"https:\/\/www.myallmeeting.com\/fr\/article\/organisez-un-evenement-glamour-en-petit-comite-au-sofitel-roma-villa-borghese\/#breadcrumb","itemListElement":[{"@type":"ListItem","position":1,"name":"Accueil","item":"https:\/\/myallmeeting.com\/fr\/"},{"@type":"ListItem","position":2,"name":"Actualit\u00e9s","item":"https:\/\/www.myallmeeting.com\/fr\/actualite\/"},{"@type":"ListItem","position":3,"name":"Organisez un \u00e9v\u00e8nement glamour en petit comit\u00e9 au Sofitel Roma Villa Borghese"}]},{"@type":"WebSite","@id":"https:\/\/www.myallmeeting.com\/fr\/#website","url":"https:\/\/www.myallmeeting.com\/fr\/","name":"Accor MyAllMeeting.com","description":"Les Meilleurs lieux pour vos Ev\u00e9nements Professionnels","publisher":{"@id":"https:\/\/www.myallmeeting.com\/fr\/#organization"},"potentialAction":[{"@type":"SearchAction","target":{"@type":"EntryPoint","urlTemplate":"https:\/\/www.myallmeeting.com\/fr\/?s={search_term_string}"},"query-input":{"@type":"PropertyValueSpecification","valueRequired":true,"valueName":"search_term_string"}}],"inLanguage":"fr-FR"},{"@type":"Organization","@id":"https:\/\/www.myallmeeting.com\/fr\/#organization","name":"ACCOR","url":"https:\/\/www.myallmeeting.com\/fr\/","logo":{"@type":"ImageObject","inLanguage":"fr-FR","@id":"https:\/\/www.myallmeeting.com\/fr\/#\/schema\/logo\/image\/","url":"","contentUrl":"","caption":"ACCOR"},"image":{"@id":"https:\/\/www.myallmeeting.com\/fr\/#\/schema\/logo\/image\/"}}]}},"_links":{"self":[{"href":"https:\/\/www.myallmeeting.com\/fr\/wp-json\/wp\/v2\/article\/15226677","targetHints":{"allow":["GET"]}}],"collection":[{"href":"https:\/\/www.myallmeeting.com\/fr\/wp-json\/wp\/v2\/article"}],"about":[{"href":"https:\/\/www.myallmeeting.com\/fr\/wp-json\/wp\/v2\/types\/article"}],"wp:featuredmedia":[{"embeddable":true,"href":"https:\/\/www.myallmeeting.com\/fr\/wp-json\/wp\/v2\/media\/16560806"}],"wp:attachment":[{"href":"https:\/\/www.myallmeeting.com\/fr\/wp-json\/wp\/v2\/media?parent=15226677"}],"wp:term":[{"taxonomy":"periscope_categorie_tax","embeddable":true,"href":"https:\/\/www.myallmeeting.com\/fr\/wp-json\/wp\/v2\/periscope_categorie_tax?post=15226677"}],"curies":[{"name":"wp","href":"https:\/\/api.w.org\/{rel}","templated":true}]}}