{"id":15226675,"date":"2022-02-24T15:36:11","date_gmt":"2022-02-24T14:36:11","guid":{"rendered":"https:\/\/myallmeeting.com\/article\/la-tete-dans-les-nuages-au-pullman-paris-montparnasse\/"},"modified":"2025-12-04T19:11:13","modified_gmt":"2025-12-04T18:11:13","slug":"la-tete-dans-les-nuages-au-pullman-paris-montparnasse","status":"publish","type":"article","link":"https:\/\/www.myallmeeting.com\/fr\/article\/la-tete-dans-les-nuages-au-pullman-paris-montparnasse\/","title":{"rendered":"La t\u00eate dans les nuages au Pullman Paris Montparnasse"},"content":{"rendered":"<!-- START OF : Composant : block-periscope-theme-section-composant-25-texte-cta-2-images.php -->\n<div class=\"tcta2ia bg-white fs-wysiwyg mb-lg-12\" data-component=\"25-texte-cta-2-images\">\n\t<div class=\"tcta2ia__top\">\n\t\t<div class=\"container-fluid\" style=\"--bs-gutter-x: 0\">\n\t\t\t<div class=\"row\" style=\"--bs-gutter-x: 0\">\n\t\t\t\t<div class=\"col-lg-8\">\n\t\t\t\t\t\t\t\t\t\t<div class=\"bloc-mise-en-avant__top__left\">\n\t\t\t\t\t\t<img decoding=\"async\" src=\"https:\/\/www.myallmeeting.com\/wp-content\/uploads\/2022\/02\/6409-72-1268x846.jpg\" class=\"pe-2 pe-lg-0\" width=\"1268\" height=\"846\" alt=\"\" loading=\"lazy\" \/>\n\t\t\t\t\t<\/div>\n\t\t\t\t\t\t\t\t\t\t<div class=\"tcta2ia__bottom d-none d-lg-block pb-12 pt-lg-9 pb-lg-0 pe-lg-10\">\n\t\t\t\t\t\t\t\t\t\t\t\t<h2 class=\"fs-20 fs-lg-32 fw-semibold\">Architecture innovante et design pointu<\/h2>\n\t\t\t\t\t\t\t\t\t\t\t\t\t\t\t\t\t\t<div class=\"fs-wysiwyg\"><p><span style=\"font-weight: 400;\">C\u0153ur battant de cet ensemble, le Pullman Paris Montparnasse ne manquera pas d\u2019\u00e9tonner ses habitu\u00e9s. S\u2019ils reconna\u00eetront sans peine l\u2019ext\u00e9rieur du b\u00e2timent \u2013\u00a0<\/span><b>v\u00e9ritable phare du quartier de 115 m de haut<\/b><span style=\"font-weight: 400;\">\u00a0\u2013, ils seront surpris par l\u2019int\u00e9rieur.<\/span><\/p>\n<p><span style=\"font-weight: 400;\">En entrant dans le lobby, on ne peut qu\u2019\u00eatre saisi par <\/span><b>l\u2019esth\u00e9tique pointue qui r\u00e8gne dans ce lieu de vie moderne et urbain, tourn\u00e9 vers l\u2019innovation<\/b><span style=\"font-weight: 400;\">.\u00a0<\/span><\/p>\n<p><span style=\"font-weight: 400;\">C\u2019est le duo de designers Benjamin Clarens et Yann Martin, fondateurs de CUT Architectures, qui a imagin\u00e9 ces espaces, ouverts, qui alternent <\/span><b>zones de connexion et de respiration<\/b><span style=\"font-weight: 400;\">.\u00a0Des lignes concentriques y accompagnent intelligemment le sens de circulation des visiteurs et malgr\u00e9 des espaces hors du commun, il est difficile de s\u2019\u00e9garer\u00a0: <\/span><b>tout est clair, parfaitement indiqu\u00e9<\/b><span style=\"font-weight: 400;\"> et c\u2019est tout naturellement que le voyageur se dirige vers son espace<\/span><b> de check-in sp\u00e9cifique<\/b><span style=\"font-weight: 400;\">\u00a0(tourisme, affaire, VIP).\u00a0<\/span><\/p>\n<p><span style=\"font-weight: 400;\">Sans compter qu\u2019au moindre doute, les \u00e9quipes de l\u2019h\u00f4tel sont pr\u00e9sentes et toujours tr\u00e8s attentives aux clients.<\/span><\/p>\n<\/div>\n\t\t\t\t\t\t\t\t\t\t\t\t<div class=\"d-flex flex-column flex-lg-row align-items-center gap-5 gap-lg-8 justify-content-between\">\n\t\t\t\t\t\t\t<div class=\"fs-20 fs-lg-26 fw-semibold lh-xs\"><\/div>\n\t\t\t\t\t\t\t\t\t\t\t\t\t<\/div>\n\t\t\t\t\t<\/div>\n\t\t\t\t<\/div>\n\t\t\t\t<div class=\"col-lg-4\">\n\t\t\t\t\t<div class=\"tcta2ia__top__right t-0 r-0 bg-primary text-white pt-4 pb-4 px-2 pt-lg-8 pb-lg-16 px-lg-11 pb-xl-30\">\n\t\t\t\t\t\t\t\t\t\t\t\t\t\t\t\t\t\t<h2 class=\"unna fs-36 fs-lg-51 fs-xl-75 fs-italic fw-normal text-secondary\">La t\u00eate dans les nuages au Pullman Paris Montparnasse<\/h2>\n\t\t\t\t\t\t\t\t\t\t\t\t\t\t\t\t\t\t<h3 class=\"text-white fs-18 fs-lg-20 fs-xl-28 text-original-case\">Apr\u00e8s un ambitieux programme de transformation, le plus grand h\u00f4tel Pullman d\u2019Europe, le Pullman Paris Montparnasse a ouvert ses portes fin 2021. Ce quatre \u00e9toiles hors norme de 957 chambres a \u00e9t\u00e9 enti\u00e8rement remodel\u00e9 et repens\u00e9. \u00ab Flagship \u00bb de la marque Pullman et dot\u00e9 d\u2019une capacit\u00e9 MICE d\u2019exception, le Pullman Paris Montparnasse vous \u00e9blouira.<\/h3>\n\t\t\t\t\t\t\t\t\t\t\t\t\t\t\t\t\t\t<div class=\"fs-wysiwyg mb-4 fs-lg-16 fs-xl-20\"><p><i><span style=\"font-weight: 400;\">Depuis les Ann\u00e9es folles et leur effervescence festive et culturelle, le quartier de Montparnasse n\u2019a jamais cess\u00e9 de vibrer\u00a0! Aujourd\u2019hui encore, il palpite au rythme de ses\u00a0<\/span><\/i><b><i>clubs de jazz<\/i><\/b><i><span style=\"font-weight: 400;\">, de son\u00a0<\/span><\/i><b><i>offre culturelle fournie<\/i><\/b><i><span style=\"font-weight: 400;\">\u00a0ou encore de\u00a0<\/span><\/i><b><i>ses caf\u00e9s de l\u00e9gende<\/i><\/b><i><span style=\"font-weight: 400;\">. Avec l\u2019\u00e9closion des\u00a0<\/span><\/i><b><i>Ateliers Ga\u00eet\u00e9<\/i><\/b><i><span style=\"font-weight: 400;\">, ce quartier iconique de la capitale a pris un nouvel essor.\u00a0<\/span><\/i><\/p>\n<p><i><span style=\"font-weight: 400;\">L\u2019id\u00e9e : <\/span><\/i><b><i>r\u00e9unir en un seul et m\u00eame \u00eelot un centre commercial, des habitations, des bureaux, un gymnase, une biblioth\u00e8que\u2026 et le Pullman Paris Montparnasse<\/i><\/b><i><span style=\"font-weight: 400;\">. Encore plus de tourisme, de voyages d\u2019affaires et une vie de quartier dynamis\u00e9e\u00a0: voil\u00e0 l\u2019ambitieux programme des Ateliers Ga\u00eet\u00e9.<\/span><\/i><\/p>\n<p><a href=\"https:\/\/myallmeeting.com\/fr\/hotel\/8189-pullman-paris-montparnasse\/\"><b>Pour organiser votre prochain s\u00e9minaire au Pullman Paris Montparnasse<\/b><\/a><\/p>\n<p>Vous souhaitez nous contacter ? N&rsquo;h\u00e9sitez plus : <a href=\"mailto:PULLMAN.Meetings.Paris@accor.com\">PULLMAN.Meetings.Paris@accor.com<\/a><\/p>\n<\/div>\n\t\t\t\t\t\t\t\t\t\t\t\t\t\t\t\t\t\t\t\t\t\t\t\t<p class=\"m-0\"><img decoding=\"async\" src=\"https:\/\/www.myallmeeting.com\/wp-content\/uploads\/2022\/02\/6965-63-633x398.jpg\" class=\"position-relative l-0\" width=\"633\" height=\"398\" alt=\"\" loading=\"lazy\" \/><\/p>\n\t\t\t\t\t\t\t\t\t\t\t<\/div>\n\t\t\t\t<\/div>\n\t\t\t<\/div>\n\t\t<\/div>\n\t<\/div>\n\t<div class=\"tcta2ia__bottom d-lg-none pb-12 py-lg-9 pe-lg-10\">\n\t\t\t\t<div class=\"h2 fs-20 fs-lg-32 fw-semibold\">Architecture innovante et design pointu<\/div>\n\t\t\t\t\t\t<div class=\"fs-wysiwyg\"><p><span style=\"font-weight: 400;\">C\u0153ur battant de cet ensemble, le Pullman Paris Montparnasse ne manquera pas d\u2019\u00e9tonner ses habitu\u00e9s. S\u2019ils reconna\u00eetront sans peine l\u2019ext\u00e9rieur du b\u00e2timent \u2013\u00a0<\/span><b>v\u00e9ritable phare du quartier de 115 m de haut<\/b><span style=\"font-weight: 400;\">\u00a0\u2013, ils seront surpris par l\u2019int\u00e9rieur.<\/span><\/p>\n<p><span style=\"font-weight: 400;\">En entrant dans le lobby, on ne peut qu\u2019\u00eatre saisi par <\/span><b>l\u2019esth\u00e9tique pointue qui r\u00e8gne dans ce lieu de vie moderne et urbain, tourn\u00e9 vers l\u2019innovation<\/b><span style=\"font-weight: 400;\">.\u00a0<\/span><\/p>\n<p><span style=\"font-weight: 400;\">C\u2019est le duo de designers Benjamin Clarens et Yann Martin, fondateurs de CUT Architectures, qui a imagin\u00e9 ces espaces, ouverts, qui alternent <\/span><b>zones de connexion et de respiration<\/b><span style=\"font-weight: 400;\">.\u00a0Des lignes concentriques y accompagnent intelligemment le sens de circulation des visiteurs et malgr\u00e9 des espaces hors du commun, il est difficile de s\u2019\u00e9garer\u00a0: <\/span><b>tout est clair, parfaitement indiqu\u00e9<\/b><span style=\"font-weight: 400;\"> et c\u2019est tout naturellement que le voyageur se dirige vers son espace<\/span><b> de check-in sp\u00e9cifique<\/b><span style=\"font-weight: 400;\">\u00a0(tourisme, affaire, VIP).\u00a0<\/span><\/p>\n<p><span style=\"font-weight: 400;\">Sans compter qu\u2019au moindre doute, les \u00e9quipes de l\u2019h\u00f4tel sont pr\u00e9sentes et toujours tr\u00e8s attentives aux clients.<\/span><\/p>\n<\/div>\n\t\t\t\t<div class=\"d-flex flex-column flex-lg-row align-items-center gap-5 gap-lg-8 justify-content-between\">\n\t\t\t<div class=\"fs-20 fs-lg-26 fw-semibold lh-xs\"><\/div>\n\t\t\t\t\t<\/div>\n\t<\/div>\n<\/div>\n<!-- END OF : Composant : block-periscope-theme-section-composant-25-texte-cta-2-images.php -->\n\n\n<!-- START OF : Composant : block-periscope-theme-section-composant-33-texte-image.php -->\n<div class=\"text-image fs-wysiwyg mb-8 mb-lg-12\" data-component=\"33-texte-image\">\n\t<div class=\"container-fluid\" style=\"--bs-gutter-x: 0\">\n\t\t<div class=\"row\" style=\"--bs-gutter-x: 0\">\n\t\t\t\t\t\t<div class=\"col-lg-6 mb-7 mb-lg-0\">\n\t\t\t\t<img decoding=\"async\" src=\"https:\/\/www.myallmeeting.com\/wp-content\/uploads\/2022\/02\/6130-50-953x600.jpg\" width=\"953\" height=\"600\" alt=\"\" loading=\"lazy\" class=\"w-100\" \/>\n\t\t\t<\/div>\n\t\t\t\t\t\t<div class=\"col-lg-6\">\n\t\t\t\t<div class=\"text-image__content\">\n\t\t\t\t\t\t\t\t\t\t<div class=\"fw-semibold lh-xs fs-20 fs-lg-32 ls--25 mb-5\">Des capacit\u00e9s MICE hors du commun \u2026<\/div>\n\t\t\t\t\t\t\t\t\t\t\t\t\t\t\t<div class=\"fs-wysiwyg\">\n\t\t\t\t\t\t<p><span style=\"font-weight: 400;\">Trois \u00e9tages d\u00e9di\u00e9s, 6000 m<\/span><span style=\"font-weight: 400;\">2<\/span><span style=\"font-weight: 400;\">,\u00a0<\/span><b>une cinquantaine de salles de r\u00e9union<\/b><span style=\"font-weight: 400;\">\u00a0enti\u00e8rement \u00e9clair\u00e9es \u00e0 la\u00a0<\/span><b>lumi\u00e8re du jour<\/b><span style=\"font-weight: 400;\">\u2026 Le centre \u00e9v\u00e9nementiel du Pullman Paris Montparnasse est exceptionnel. \u00c0 commencer par sa <\/span><b><i>Grand<\/i><\/b><i><span style=\"font-weight: 400;\">\u00a0<\/span><\/i><b><i>Ballroom<\/i><\/b><span style=\"font-weight: 400;\">\u00a0au style inimitable, aux dimensions impressionnantes, et baign\u00e9e de lumi\u00e8re naturelle. Elle peut, en effet, accueillir jusqu\u2019\u00e0 700<\/span><b>\u00a0personnes dans ses 742 m<\/b><b>2<\/b><span style=\"font-weight: 400;\">. Divisible en quatre parties, elle s\u2019adapte parfaitement \u00e0 la taille de votre \u00e9v\u00e9nement. Repas de gala, conf\u00e9rences de presse, d\u00e9fil\u00e9s, concerts, lancements de produits\u2026 Les possibilit\u00e9s d\u2019usage sont infinies !\u00a0<\/span><\/p>\n<p><span style=\"font-weight: 400;\">Gr\u00e2ce \u00e0 ses cercles lumineux, pilotables, une acoustique millim\u00e9tr\u00e9e et un \u00e9cran de 4 m\u00e8tres sur 8, on peut imaginer une v\u00e9ritable\u00a0<\/span><b>sc\u00e9nographie<\/b><span style=\"font-weight: 400;\">\u00a0et confectionner un\u00a0<\/span><b><i>event<\/i><\/b><b>\u00a0\u00e0 son image<\/b><span style=\"font-weight: 400;\">. Un d\u00e9tail, qui n\u2019en est pas un : un monte-charge a \u00e9t\u00e9 pr\u00e9vu pour acheminer des produits lourds, tels que des voitures.<\/span><\/p>\n\t\t\t\t\t<\/div>\n\t\t\t\t\t\t\t\t\t<\/div>\n\t\t\t<\/div>        \n\t\t<\/div>\n\t<\/div>\n<\/div>\n<!-- END OF : Composant : block-periscope-theme-section-composant-33-texte-image.php -->\n\n\n<!-- START OF : Composant : block-periscope-theme-section-composant-33-texte-image.php -->\n<!-- INVERSE -->\n<div class=\"text-image fs-wysiwyg mb-8 mb-lg-12\" data-component=\"33-texte-image\" data-reverse=\"oui\">\n\t<div class=\"container-fluid\" style=\"--bs-gutter-x: 0\">\n\t\t<div class=\"row\" style=\"--bs-gutter-x: 0\">\n\t\t\t<div class=\"col-lg-6\">\n\t\t\t\t<div class=\"text-image__content\">\n\t\t\t\t\t\t\t\t\t\t<div class=\"fw-semibold lh-xs fs-20 fs-lg-32 ls--25 mb-5\">\u2026 Adapt\u00e9es \u00e0 tous types d\u2019\u00e9v\u00e8nements !<\/div>\n\t\t\t\t\t\t\t\t\t\t\t\t\t\t\t<div class=\"fs-wysiwyg\">\n\t\t\t\t\t\t<p><span style=\"font-weight: 400;\">Autour de la Grand Ballroom, on retrouve\u00a0<\/span><b>le Foyer<\/b><span style=\"font-weight: 400;\">\u00a0et les\u00a0<\/span><b>Grands Studios<\/b><span style=\"font-weight: 400;\">\u00a0o\u00f9 l\u2019on peut \u00e9galement organiser des \u00e9v\u00e9nements grands formats, tels que des\u00a0<\/span><b>cocktails<\/b><span style=\"font-weight: 400;\">. Modulables, les Grands Studios seront aussi adapt\u00e9s \u00e0 des r\u00e9unions plus intimistes, comme des ateliers ou des formations.<\/span><\/p>\n<p><span style=\"font-weight: 400;\">Direction maintenant le\u00a0<\/span><b><i>Green floor\u00a0<\/i><\/b><i><span style=\"font-weight: 400;\">:\u00a0<\/span><\/i><b><i>13 salons<\/i><\/b><b>,<\/b><span style=\"font-weight: 400;\">\u00a0tout proches d\u2019une\u00a0<\/span><b>terrasse v\u00e9g\u00e9talis\u00e9e de 800 m<\/b><b>2<\/b><span style=\"font-weight: 400;\">. Au Pullman Paris Montparnasse, la politique RSE est un pilier fondamental et cet \u00e9tage en est l\u2019illustration, avec en point d\u2019orgue la\u00a0<\/span><b>Green Suite<\/b><span style=\"font-weight: 400;\">, un salon ex\u00e9cutif d\u2019exception dot\u00e9 d\u2019une salle \u00e0 manger et d\u2019une\u00a0<\/span><b>terrasse privatisable<\/b><span style=\"font-weight: 400;\">. Dans ce m\u00eame esprit \u00ab\u00a0cocon\u00a0\u00bb, il est \u00e0 noter que\u00a0<\/span><b>19 chambres sont convertibles en salles de r\u00e9union<\/b><span style=\"font-weight: 400;\">.<\/span><\/p>\n<p><span style=\"font-weight: 400;\">Et si vous souhaitez\u00a0<\/span><b>casser les codes du meeting traditionnel<\/b><span style=\"font-weight: 400;\">\u00a0et b\u00e9n\u00e9ficier d\u2019un\u00a0<\/span><b>cadre interactif<\/b><span style=\"font-weight: 400;\">\u00a0pour cr\u00e9er un\u00a0<\/span><i><span style=\"font-weight: 400;\">event<\/span><\/i><span style=\"font-weight: 400;\">\u00a0qui marque les esprits, rendez-vous \u00e0\u00a0<\/span><b>l\u2019espace immersif C2<\/b><span style=\"font-weight: 400;\">, un incroyable terrain de jeu de\u00a0<\/span><b>1500 m<\/b><b>2<\/b><span style=\"font-weight: 400;\">\u00a0con\u00e7u pour des \u00e9v\u00e9nements d\u2019affaires avant-gardistes, o\u00f9 la cr\u00e9ativit\u00e9 trouve \u00e0 s\u2019exprimer. Dans ce lieu d\u00e9cal\u00e9, on y retrouve\u00a0<\/span><b>Le Garden<\/b><span style=\"font-weight: 400;\">\u00a0pour se d\u00e9tendre, le\u00a0<\/span><b>Hangar<\/b><span style=\"font-weight: 400;\">\u00a0pour cr\u00e9er, un\u00a0<\/span><b>Forum<\/b><span style=\"font-weight: 400;\">\u00a0pour s\u2019amuser\u2026\u00a0<\/span><\/p>\n\t\t\t\t\t<\/div>\n\t\t\t\t\t\t\t\t\t<\/div>\n\t\t\t<\/div>    \n\t\t\t    \n\t\t\t<div class=\"col-lg-6 order-first order-lg-last mb-7 mb-lg-0\">\n\t\t\t\t<img decoding=\"async\" src=\"https:\/\/www.myallmeeting.com\/wp-content\/uploads\/2022\/02\/6130-52-953x600.jpg\" width=\"953\" height=\"600\" alt=\"\" loading=\"lazy\" class=\"w-100\" \/>\n\t\t\t<\/div>\n\t\t\t\t\t<\/div>\n\t<\/div>\n<\/div>\n<!-- END OF : Composant : block-periscope-theme-section-composant-33-texte-image.php -->\n\n\n<!-- START OF : Composant : block-periscope-theme-section-composant-33-texte-image.php -->\n<div class=\"text-image fs-wysiwyg mb-8 mb-lg-12\" data-component=\"33-texte-image\">\n\t<div class=\"container-fluid\" style=\"--bs-gutter-x: 0\">\n\t\t<div class=\"row\" style=\"--bs-gutter-x: 0\">\n\t\t\t\t\t\t<div class=\"col-lg-6 mb-7 mb-lg-0\">\n\t\t\t\t<img decoding=\"async\" src=\"https:\/\/www.myallmeeting.com\/wp-content\/uploads\/2022\/02\/6239-80-953x600.jpg\" width=\"953\" height=\"600\" alt=\"\" loading=\"lazy\" class=\"w-100\" \/>\n\t\t\t<\/div>\n\t\t\t\t\t\t<div class=\"col-lg-6\">\n\t\t\t\t<div class=\"text-image__content\">\n\t\t\t\t\t\t\t\t\t\t<div class=\"fw-semibold lh-xs fs-20 fs-lg-32 ls--25 mb-5\">L\u2019art de vivre \u00e0 son apog\u00e9e ! <\/div>\n\t\t\t\t\t\t\t\t\t\t\t\t\t\t\t<div class=\"fs-wysiwyg\">\n\t\t\t\t\t\t<p><span style=\"font-weight: 400;\">Pour conclure en beaut\u00e9, rendez-vous au sommet, dans ce qui est l\u2019un des bijoux de l\u2019h\u00f4tel\u00a0: le\u00a0<\/span><b>Skybar Paris<\/b><span style=\"font-weight: 400;\">. Deuxi\u00e8me plus haut <\/span><i><span style=\"font-weight: 400;\">rooftop bar<\/span><\/i><span style=\"font-weight: 400;\"> \u00e0 ciel ouvert de Paris, il offre une\u00a0<\/span><b>vue imprenable sur la capitale<\/b><span style=\"font-weight: 400;\">.\u00a0<\/span><b>Branch\u00e9<\/b><span style=\"font-weight: 400;\">\u00a0et\u00a0<\/span><b>intimiste<\/b><span style=\"font-weight: 400;\">, ce lieu constituera, \u00e0 coup s\u00fbr, l\u2019un des temps forts de votre voyage. D\u2019autant que l\u2019on y d\u00e9guste d\u2019excellents plats aux saveurs d\u2019inspiration asiatique, que l\u2019on peut arroser de cocktails signatures avec ou sans alcool. Ce lieu, \u00e0 ne manquer sous aucun pr\u00e9texte, peut \u00eatre\u00a0<\/span><b>privatis\u00e9 pour des groupes<\/b><span style=\"font-weight: 400;\">.<\/span><\/p>\n<p><span style=\"font-weight: 400;\">C\u00f4t\u00e9 restauration, le Pullman Paris Montparnasse est la nouvelle destination des foodies\u00a0! L\u2019h\u00f4tel a mis\u00e9 sur une palette de cuisines internationales, qui offrent une alternative riche et gourmande aux bistrots du quartier. Outre le\u00a0<\/span><b>room service<\/b><span style=\"font-weight: 400;\">, vous trouverez un\u00a0<\/span><b>Umami Burger<\/b><span style=\"font-weight: 400;\">, la premi\u00e8re adresse en Europe de LA marque am\u00e9ricaine de burgers gastronomiques et savoureux, en provenance de Los Angeles. Envie d\u2019un bon restaurant italien\u00a0?\u00a0<\/span><b>Fi\u2019lia\u00a0<\/b><span style=\"font-weight: 400;\">est l\u00e0 pour vous, avec sa cuisine authentique comportant un beau twist contemporain. Enfin, pour ceux qui ont un petit creux avant une r\u00e9union ou un\u00a0<\/span><b><i>incentive<\/i><\/b><span style=\"font-weight: 400;\">, le\u00a0<\/span><b>Grab &amp; Go<\/b><span style=\"font-weight: 400;\">\u00a0est exactement ce qu\u2019il faut.<\/span><\/p>\n<p><span style=\"font-weight: 400;\">\u00a0<\/span><\/p>\n\t\t\t\t\t<\/div>\n\t\t\t\t\t\t\t\t\t<\/div>\n\t\t\t<\/div>        \n\t\t<\/div>\n\t<\/div>\n<\/div>\n<!-- END OF : Composant : block-periscope-theme-section-composant-33-texte-image.php -->\n\n\n<!-- START OF : Composant : block-periscope-theme-section-composant-33-texte-image.php -->\n<!-- INVERSE -->\n<div class=\"text-image fs-wysiwyg mb-8 mb-lg-12\" data-component=\"33-texte-image\" data-reverse=\"oui\">\n\t<div class=\"container-fluid\" style=\"--bs-gutter-x: 0\">\n\t\t<div class=\"row\" style=\"--bs-gutter-x: 0\">\n\t\t\t<div class=\"col-lg-6\">\n\t\t\t\t<div class=\"text-image__content\">\n\t\t\t\t\t\t\t\t\t\t<div class=\"fw-semibold lh-xs fs-20 fs-lg-32 ls--25 mb-5\">\u00c0 vous Paris !<\/div>\n\t\t\t\t\t\t\t\t\t\t\t\t\t\t\t<div class=\"fs-wysiwyg\">\n\t\t\t\t\t\t<p><span style=\"font-weight: 400;\">Situ\u00e9\u00a0<\/span><b>au pied de la gare Montparnasse<\/b><span style=\"font-weight: 400;\">, le Pullman Paris Montparnasse b\u00e9n\u00e9ficie d\u2019une\u00a0<\/span><b>localisation exceptionnelle<\/b><span style=\"font-weight: 400;\">. La station de m\u00e9tro est l\u2019une des<\/span><b>\u00a0mieux desservies<\/b><span style=\"font-weight: 400;\">\u00a0de la capitale et votre \u00e9quipe peut sillonner la ville et ses alentours sans souci.\u00a0<\/span><\/p>\n<p><span style=\"font-weight: 400;\">Pour les amateurs de marche et de fl\u00e2nerie, le quartier est id\u00e9al. Il r\u00e9v\u00e8le ses atours cach\u00e9s au gr\u00e9 de petites rues et impasses plus charmantes les unes que les autres. Vous pouvez aussi d\u00e9couvrir ou red\u00e9couvrir Saint-Germain-des-Pr\u00e9s ou le Quartier latin, situ\u00e9s eux aussi \u00e0 deux pas du Pullman Paris Montparnasse, qui, gr\u00e2ce \u00e0 ses qualit\u00e9s rares, s\u2019inscrit d\u2019embl\u00e9e dans le top des destinations parisiennes.<\/span><\/p>\n\t\t\t\t\t<\/div>\n\t\t\t\t\t\t\t\t\t<\/div>\n\t\t\t<\/div>    \n\t\t\t    \n\t\t\t<div class=\"col-lg-6 order-first order-lg-last mb-7 mb-lg-0\">\n\t\t\t\t<img decoding=\"async\" src=\"https:\/\/www.myallmeeting.com\/wp-content\/uploads\/2022\/02\/6286-84-953x600.jpg\" width=\"953\" height=\"600\" alt=\"\" loading=\"lazy\" class=\"w-100\" \/>\n\t\t\t<\/div>\n\t\t\t\t\t<\/div>\n\t<\/div>\n<\/div>\n<!-- END OF : Composant : block-periscope-theme-section-composant-33-texte-image.php -->\n","protected":false},"excerpt":{"rendered":"<p>R\u00eavez avec des \u00e9v\u00e8nements surplombants Paris au Pullman Paris Montparnasse.<\/p>\n","protected":false},"featured_media":15962870,"menu_order":0,"template":"","periscope_categorie_tax":[1651],"class_list":["post-15226675","article","type-article","status-publish","has-post-thumbnail","hentry","periscope_categorie_tax-reportage-du-mois"],"acf":[],"yoast_head":"<title>La t\u00eate dans les nuages au Pullman Paris Montparnasse - Accor MyAllMeeting.com<\/title>\n<meta name=\"robots\" content=\"index, follow, max-snippet:-1, max-image-preview:large, max-video-preview:-1\" \/>\n<link rel=\"canonical\" href=\"https:\/\/www.myallmeeting.com\/fr\/wp-json\/wp\/v2\/article\/15226675\" \/>\n<meta property=\"og:locale\" content=\"fr_FR\" \/>\n<meta property=\"og:type\" content=\"article\" \/>\n<meta property=\"og:title\" content=\"La t\u00eate dans les nuages au Pullman Paris Montparnasse - Accor MyAllMeeting.com\" \/>\n<meta property=\"og:description\" content=\"R\u00eavez avec des \u00e9v\u00e8nements surplombants Paris au Pullman Paris Montparnasse.\" \/>\n<meta property=\"og:url\" content=\"https:\/\/www.myallmeeting.com\/fr\/article\/la-tete-dans-les-nuages-au-pullman-paris-montparnasse\/\" \/>\n<meta property=\"og:site_name\" content=\"Accor MyAllMeeting.com\" \/>\n<meta property=\"article:modified_time\" content=\"2025-12-04T18:11:13+00:00\" \/>\n<meta property=\"og:image\" content=\"https:\/\/www.myallmeeting.com\/wp-content\/uploads\/2022\/02\/Paris-aerial-view.png\" \/>\n\t<meta property=\"og:image:width\" content=\"1920\" \/>\n\t<meta property=\"og:image:height\" content=\"570\" \/>\n\t<meta property=\"og:image:type\" content=\"image\/png\" \/>\n<meta name=\"twitter:card\" content=\"summary_large_image\" \/>\n<meta name=\"twitter:label1\" content=\"Dur\u00e9e de lecture estim\u00e9e\" \/>\n\t<meta name=\"twitter:data1\" content=\"7 minutes\" \/>\n<script type=\"application\/ld+json\" class=\"yoast-schema-graph\">{\"@context\":\"https:\/\/schema.org\",\"@graph\":[{\"@type\":\"WebPage\",\"@id\":\"https:\/\/www.myallmeeting.com\/fr\/article\/la-tete-dans-les-nuages-au-pullman-paris-montparnasse\/\",\"url\":\"https:\/\/www.myallmeeting.com\/fr\/article\/la-tete-dans-les-nuages-au-pullman-paris-montparnasse\/\",\"name\":\"La t\u00eate dans les nuages au Pullman Paris Montparnasse - Accor MyAllMeeting.com\",\"isPartOf\":{\"@id\":\"https:\/\/www.myallmeeting.com\/fr\/#website\"},\"primaryImageOfPage\":{\"@id\":\"https:\/\/www.myallmeeting.com\/fr\/article\/la-tete-dans-les-nuages-au-pullman-paris-montparnasse\/#primaryimage\"},\"image\":{\"@id\":\"https:\/\/www.myallmeeting.com\/fr\/article\/la-tete-dans-les-nuages-au-pullman-paris-montparnasse\/#primaryimage\"},\"thumbnailUrl\":\"https:\/\/www.myallmeeting.com\/wp-content\/uploads\/2022\/02\/Paris-aerial-view.png\",\"datePublished\":\"2022-02-24T14:36:11+00:00\",\"dateModified\":\"2025-12-04T18:11:13+00:00\",\"breadcrumb\":{\"@id\":\"https:\/\/www.myallmeeting.com\/fr\/article\/la-tete-dans-les-nuages-au-pullman-paris-montparnasse\/#breadcrumb\"},\"inLanguage\":\"fr-FR\",\"potentialAction\":[{\"@type\":\"ReadAction\",\"target\":[\"https:\/\/www.myallmeeting.com\/fr\/article\/la-tete-dans-les-nuages-au-pullman-paris-montparnasse\/\"]}]},{\"@type\":\"ImageObject\",\"inLanguage\":\"fr-FR\",\"@id\":\"https:\/\/www.myallmeeting.com\/fr\/article\/la-tete-dans-les-nuages-au-pullman-paris-montparnasse\/#primaryimage\",\"url\":\"https:\/\/www.myallmeeting.com\/wp-content\/uploads\/2022\/02\/Paris-aerial-view.png\",\"contentUrl\":\"https:\/\/www.myallmeeting.com\/wp-content\/uploads\/2022\/02\/Paris-aerial-view.png\",\"width\":1920,\"height\":570},{\"@type\":\"BreadcrumbList\",\"@id\":\"https:\/\/www.myallmeeting.com\/fr\/article\/la-tete-dans-les-nuages-au-pullman-paris-montparnasse\/#breadcrumb\",\"itemListElement\":[{\"@type\":\"ListItem\",\"position\":1,\"name\":\"Accueil\",\"item\":\"https:\/\/myallmeeting.com\/fr\/\"},{\"@type\":\"ListItem\",\"position\":2,\"name\":\"Actualit\u00e9s\",\"item\":\"https:\/\/www.myallmeeting.com\/fr\/actualite\/\"},{\"@type\":\"ListItem\",\"position\":3,\"name\":\"La t\u00eate dans les nuages au Pullman Paris Montparnasse\"}]},{\"@type\":\"WebSite\",\"@id\":\"https:\/\/www.myallmeeting.com\/fr\/#website\",\"url\":\"https:\/\/www.myallmeeting.com\/fr\/\",\"name\":\"Accor MyAllMeeting.com\",\"description\":\"Les Meilleurs lieux pour vos Ev\u00e9nements Professionnels\",\"publisher\":{\"@id\":\"https:\/\/www.myallmeeting.com\/fr\/#organization\"},\"potentialAction\":[{\"@type\":\"SearchAction\",\"target\":{\"@type\":\"EntryPoint\",\"urlTemplate\":\"https:\/\/www.myallmeeting.com\/fr\/?s={search_term_string}\"},\"query-input\":{\"@type\":\"PropertyValueSpecification\",\"valueRequired\":true,\"valueName\":\"search_term_string\"}}],\"inLanguage\":\"fr-FR\"},{\"@type\":\"Organization\",\"@id\":\"https:\/\/www.myallmeeting.com\/fr\/#organization\",\"name\":\"ACCOR\",\"url\":\"https:\/\/www.myallmeeting.com\/fr\/\",\"logo\":{\"@type\":\"ImageObject\",\"inLanguage\":\"fr-FR\",\"@id\":\"https:\/\/www.myallmeeting.com\/fr\/#\/schema\/logo\/image\/\",\"url\":\"\",\"contentUrl\":\"\",\"caption\":\"ACCOR\"},\"image\":{\"@id\":\"https:\/\/www.myallmeeting.com\/fr\/#\/schema\/logo\/image\/\"}}]}<\/script>","yoast_head_json":{"title":"La t\u00eate dans les nuages au Pullman Paris Montparnasse - Accor MyAllMeeting.com","robots":{"index":"index","follow":"follow","max-snippet":"max-snippet:-1","max-image-preview":"max-image-preview:large","max-video-preview":"max-video-preview:-1"},"canonical":"https:\/\/www.myallmeeting.com\/fr\/wp-json\/wp\/v2\/article\/15226675","og_locale":"fr_FR","og_type":"article","og_title":"La t\u00eate dans les nuages au Pullman Paris Montparnasse - Accor MyAllMeeting.com","og_description":"R\u00eavez avec des \u00e9v\u00e8nements surplombants Paris au Pullman Paris Montparnasse.","og_url":"https:\/\/www.myallmeeting.com\/fr\/article\/la-tete-dans-les-nuages-au-pullman-paris-montparnasse\/","og_site_name":"Accor MyAllMeeting.com","article_modified_time":"2025-12-04T18:11:13+00:00","og_image":[{"width":1920,"height":570,"url":"https:\/\/www.myallmeeting.com\/wp-content\/uploads\/2022\/02\/Paris-aerial-view.png","type":"image\/png"}],"twitter_card":"summary_large_image","twitter_misc":{"Dur\u00e9e de lecture estim\u00e9e":"7 minutes"},"schema":{"@context":"https:\/\/schema.org","@graph":[{"@type":"WebPage","@id":"https:\/\/www.myallmeeting.com\/fr\/article\/la-tete-dans-les-nuages-au-pullman-paris-montparnasse\/","url":"https:\/\/www.myallmeeting.com\/fr\/article\/la-tete-dans-les-nuages-au-pullman-paris-montparnasse\/","name":"La t\u00eate dans les nuages au Pullman Paris Montparnasse - Accor MyAllMeeting.com","isPartOf":{"@id":"https:\/\/www.myallmeeting.com\/fr\/#website"},"primaryImageOfPage":{"@id":"https:\/\/www.myallmeeting.com\/fr\/article\/la-tete-dans-les-nuages-au-pullman-paris-montparnasse\/#primaryimage"},"image":{"@id":"https:\/\/www.myallmeeting.com\/fr\/article\/la-tete-dans-les-nuages-au-pullman-paris-montparnasse\/#primaryimage"},"thumbnailUrl":"https:\/\/www.myallmeeting.com\/wp-content\/uploads\/2022\/02\/Paris-aerial-view.png","datePublished":"2022-02-24T14:36:11+00:00","dateModified":"2025-12-04T18:11:13+00:00","breadcrumb":{"@id":"https:\/\/www.myallmeeting.com\/fr\/article\/la-tete-dans-les-nuages-au-pullman-paris-montparnasse\/#breadcrumb"},"inLanguage":"fr-FR","potentialAction":[{"@type":"ReadAction","target":["https:\/\/www.myallmeeting.com\/fr\/article\/la-tete-dans-les-nuages-au-pullman-paris-montparnasse\/"]}]},{"@type":"ImageObject","inLanguage":"fr-FR","@id":"https:\/\/www.myallmeeting.com\/fr\/article\/la-tete-dans-les-nuages-au-pullman-paris-montparnasse\/#primaryimage","url":"https:\/\/www.myallmeeting.com\/wp-content\/uploads\/2022\/02\/Paris-aerial-view.png","contentUrl":"https:\/\/www.myallmeeting.com\/wp-content\/uploads\/2022\/02\/Paris-aerial-view.png","width":1920,"height":570},{"@type":"BreadcrumbList","@id":"https:\/\/www.myallmeeting.com\/fr\/article\/la-tete-dans-les-nuages-au-pullman-paris-montparnasse\/#breadcrumb","itemListElement":[{"@type":"ListItem","position":1,"name":"Accueil","item":"https:\/\/myallmeeting.com\/fr\/"},{"@type":"ListItem","position":2,"name":"Actualit\u00e9s","item":"https:\/\/www.myallmeeting.com\/fr\/actualite\/"},{"@type":"ListItem","position":3,"name":"La t\u00eate dans les nuages au Pullman Paris Montparnasse"}]},{"@type":"WebSite","@id":"https:\/\/www.myallmeeting.com\/fr\/#website","url":"https:\/\/www.myallmeeting.com\/fr\/","name":"Accor MyAllMeeting.com","description":"Les Meilleurs lieux pour vos Ev\u00e9nements Professionnels","publisher":{"@id":"https:\/\/www.myallmeeting.com\/fr\/#organization"},"potentialAction":[{"@type":"SearchAction","target":{"@type":"EntryPoint","urlTemplate":"https:\/\/www.myallmeeting.com\/fr\/?s={search_term_string}"},"query-input":{"@type":"PropertyValueSpecification","valueRequired":true,"valueName":"search_term_string"}}],"inLanguage":"fr-FR"},{"@type":"Organization","@id":"https:\/\/www.myallmeeting.com\/fr\/#organization","name":"ACCOR","url":"https:\/\/www.myallmeeting.com\/fr\/","logo":{"@type":"ImageObject","inLanguage":"fr-FR","@id":"https:\/\/www.myallmeeting.com\/fr\/#\/schema\/logo\/image\/","url":"","contentUrl":"","caption":"ACCOR"},"image":{"@id":"https:\/\/www.myallmeeting.com\/fr\/#\/schema\/logo\/image\/"}}]}},"_links":{"self":[{"href":"https:\/\/www.myallmeeting.com\/fr\/wp-json\/wp\/v2\/article\/15226675","targetHints":{"allow":["GET"]}}],"collection":[{"href":"https:\/\/www.myallmeeting.com\/fr\/wp-json\/wp\/v2\/article"}],"about":[{"href":"https:\/\/www.myallmeeting.com\/fr\/wp-json\/wp\/v2\/types\/article"}],"wp:featuredmedia":[{"embeddable":true,"href":"https:\/\/www.myallmeeting.com\/fr\/wp-json\/wp\/v2\/media\/15962870"}],"wp:attachment":[{"href":"https:\/\/www.myallmeeting.com\/fr\/wp-json\/wp\/v2\/media?parent=15226675"}],"wp:term":[{"taxonomy":"periscope_categorie_tax","embeddable":true,"href":"https:\/\/www.myallmeeting.com\/fr\/wp-json\/wp\/v2\/periscope_categorie_tax?post=15226675"}],"curies":[{"name":"wp","href":"https:\/\/api.w.org\/{rel}","templated":true}]}}