{"id":15226664,"date":"2022-04-29T15:43:28","date_gmt":"2022-04-29T13:43:28","guid":{"rendered":"https:\/\/myallmeeting.com\/article\/decouvrez-nos-4-meilleurs-hotels-pour-organiser-un-seminaire-au-pays-basque\/"},"modified":"2024-07-09T17:09:38","modified_gmt":"2024-07-09T15:09:38","slug":"decouvrez-nos-4-meilleurs-hotels-pour-organiser-un-seminaire-au-pays-basque","status":"publish","type":"article","link":"https:\/\/www.myallmeeting.com\/fr\/article\/decouvrez-nos-4-meilleurs-hotels-pour-organiser-un-seminaire-au-pays-basque\/","title":{"rendered":"D\u00e9couvrez nos 4 meilleurs h\u00f4tels pour organiser un s\u00e9minaire au Pays basque"},"content":{"rendered":"<!-- START OF : Composant : block-periscope-theme-section-composant-25-texte-cta-2-images.php -->\n<div class=\"tcta2ia bg-white fs-wysiwyg mb-lg-12\" data-component=\"25-texte-cta-2-images\">\n\t<div class=\"tcta2ia__top\">\n\t\t<div class=\"container-fluid\" style=\"--bs-gutter-x: 0\">\n\t\t\t<div class=\"row\" style=\"--bs-gutter-x: 0\">\n\t\t\t\t<div class=\"col-lg-8\">\n\t\t\t\t\t\t\t\t\t\t<div class=\"bloc-mise-en-avant__top__left\">\n\t\t\t\t\t\t<img decoding=\"async\" src=\"https:\/\/www.myallmeeting.com\/wp-content\/uploads\/2022\/04\/Mercure-San-Sebastian-Monte-Igueldo-2-1268x846.jpg\" class=\"pe-2 pe-lg-0\" width=\"1268\" height=\"846\" alt=\"\" loading=\"lazy\" \/>\n\t\t\t\t\t<\/div>\n\t\t\t\t\t\t\t\t\t\t<div class=\"tcta2ia__bottom d-none d-lg-block pb-12 pt-lg-9 pb-lg-0 pe-lg-10\">\n\t\t\t\t\t\t\t\t\t\t\t\t<h2 class=\"fs-20 fs-lg-32 fw-semibold\">Ibis Bilbao Centro<\/h2>\n\t\t\t\t\t\t\t\t\t\t\t\t\t\t\t\t\t\t<div class=\"fs-wysiwyg\"><p><span style=\"font-weight: 400;\">Le mus\u00e9e Guggenheim vous dit quelque chose, n\u2019est-ce pas\u00a0? Situ\u00e9 \u00e0 10 minutes \u00e0 pied seulement de l\u2019<\/span><a href=\"https:\/\/myallmeeting.com\/fr\/hotel\/6141-ibis-bilbao-centro\/\"><b>Ibis Bilbao Centro<\/b><\/a><span style=\"font-weight: 400;\">, le mus\u00e9e a d\u00e9j\u00e0 organis\u00e9 des d\u00eeners de gala avec des projections de vid\u00e9o mapping sur les tables. Une excellente id\u00e9e pour surprendre les participants habitu\u00e9s (ou m\u00eame fatigu\u00e9s) de voir des spectacles de mapping sur les fa\u00e7ades, et qui auront besoin d\u2019une pause apr\u00e8s toutes ces heures de formation\u00a0!<\/span><\/p>\n<p><span style=\"font-weight: 400;\">En r\u00e8gle g\u00e9n\u00e9rale, <\/span><b>Bilbao et ses environs sont tout simplement spectaculaires et<\/b> <b>l\u2019offre gastronomique ne l\u2019est pas moins<\/b><span style=\"font-weight: 400;\">. Nous vous recommandons d\u2019inclure une visite dans le programme de votre \u00e9v\u00e9nement : n\u2019h\u00e9sitez pas \u00e0 vous arr\u00eater sur la Plaza Nueva ou \u00e0 passer sur le Zubizuri, des lieux incontournables du centre-ville situ\u00e9s tout pr\u00e8s de l\u2019h\u00f4tel, et que vos participants n\u2019oublieront s\u00fbrement jamais.<\/span><\/p>\n<p><b>L\u2019h\u00f4tel dispose de deux salles de r\u00e9union<\/b> \u2013 l\u2019une de 90 m\u00b2 et l\u2019autre de 45 m\u00b2\u00a0\u2013 que vous pouvez utiliser s\u00e9par\u00e9ment ou r\u00e9unir pour obtenir une seule salle pouvant accueillir jusqu\u2019\u00e0 95\u00a0participants.<\/p>\n<\/div>\n\t\t\t\t\t\t\t\t\t\t\t\t<div class=\"d-flex flex-column flex-lg-row align-items-center gap-5 gap-lg-8 justify-content-between\">\n\t\t\t\t\t\t\t<div class=\"fs-20 fs-lg-26 fw-semibold lh-xs\"><\/div>\n\t\t\t\t\t\t\t\t\t\t\t\t\t<\/div>\n\t\t\t\t\t<\/div>\n\t\t\t\t<\/div>\n\t\t\t\t<div class=\"col-lg-4\">\n\t\t\t\t\t<div class=\"tcta2ia__top__right t-0 r-0 bg-primary text-white pt-4 pb-4 px-2 pt-lg-8 pb-lg-16 px-lg-11 pb-xl-30\">\n\t\t\t\t\t\t\t\t\t\t\t\t\t\t\t\t\t\t<h2 class=\"unna fs-36 fs-lg-51 fs-xl-75 fs-italic fw-normal text-secondary\">D\u00e9couvrez nos 4 meilleurs h\u00f4tels pour organiser un s\u00e9minaire au Pays basque espagnol<\/h2>\n\t\t\t\t\t\t\t\t\t\t\t\t\t\t\t\t\t\t<h3 class=\"text-white fs-18 fs-lg-20 fs-xl-28 text-original-case\">Vous ne comprenez peut-\u00eatre pas la langue basque mais le mus\u00e9e Guggenheim, la plage de la Concha ou, bien s\u00fbr, les bars \u00e0 pintxos vous disent s\u00fbrement quelque chose. <\/h3>\n\t\t\t\t\t\t\t\t\t\t\t\t\t\t\t\t\t\t<div class=\"fs-wysiwyg mb-4 fs-lg-16 fs-xl-20\"><p><span style=\"font-weight: 400;\">Au-del\u00e0 de ces clich\u00e9s, le Pays basque espagnol a aussi beaucoup \u00e0 offrir pour y organiser des \u00e9v\u00e9nements. D\u00e9couvrez nos 4 meilleurs h\u00f4tels si vous envisagez d\u2019y organiser un s\u00e9minaire.<\/span><\/p>\n<\/div>\n\t\t\t\t\t\t\t\t\t\t\t\t\t\t\t\t\t\t\t\t\t\t\t\t<p class=\"m-0\"><img decoding=\"async\" src=\"https:\/\/www.myallmeeting.com\/wp-content\/uploads\/2022\/04\/Ibis-Bilbao-Centro-2-633x398.jpg\" class=\"position-relative l-0\" width=\"633\" height=\"398\" alt=\"\" loading=\"lazy\" \/><\/p>\n\t\t\t\t\t\t\t\t\t\t\t<\/div>\n\t\t\t\t<\/div>\n\t\t\t<\/div>\n\t\t<\/div>\n\t<\/div>\n\t<div class=\"tcta2ia__bottom d-lg-none pb-12 py-lg-9 pe-lg-10\">\n\t\t\t\t<div class=\"h2 fs-20 fs-lg-32 fw-semibold\">Ibis Bilbao Centro<\/div>\n\t\t\t\t\t\t<div class=\"fs-wysiwyg\"><p><span style=\"font-weight: 400;\">Le mus\u00e9e Guggenheim vous dit quelque chose, n\u2019est-ce pas\u00a0? Situ\u00e9 \u00e0 10 minutes \u00e0 pied seulement de l\u2019<\/span><a href=\"https:\/\/myallmeeting.com\/fr\/hotel\/6141-ibis-bilbao-centro\/\"><b>Ibis Bilbao Centro<\/b><\/a><span style=\"font-weight: 400;\">, le mus\u00e9e a d\u00e9j\u00e0 organis\u00e9 des d\u00eeners de gala avec des projections de vid\u00e9o mapping sur les tables. Une excellente id\u00e9e pour surprendre les participants habitu\u00e9s (ou m\u00eame fatigu\u00e9s) de voir des spectacles de mapping sur les fa\u00e7ades, et qui auront besoin d\u2019une pause apr\u00e8s toutes ces heures de formation\u00a0!<\/span><\/p>\n<p><span style=\"font-weight: 400;\">En r\u00e8gle g\u00e9n\u00e9rale, <\/span><b>Bilbao et ses environs sont tout simplement spectaculaires et<\/b> <b>l\u2019offre gastronomique ne l\u2019est pas moins<\/b><span style=\"font-weight: 400;\">. Nous vous recommandons d\u2019inclure une visite dans le programme de votre \u00e9v\u00e9nement : n\u2019h\u00e9sitez pas \u00e0 vous arr\u00eater sur la Plaza Nueva ou \u00e0 passer sur le Zubizuri, des lieux incontournables du centre-ville situ\u00e9s tout pr\u00e8s de l\u2019h\u00f4tel, et que vos participants n\u2019oublieront s\u00fbrement jamais.<\/span><\/p>\n<p><b>L\u2019h\u00f4tel dispose de deux salles de r\u00e9union<\/b> \u2013 l\u2019une de 90 m\u00b2 et l\u2019autre de 45 m\u00b2\u00a0\u2013 que vous pouvez utiliser s\u00e9par\u00e9ment ou r\u00e9unir pour obtenir une seule salle pouvant accueillir jusqu\u2019\u00e0 95\u00a0participants.<\/p>\n<\/div>\n\t\t\t\t<div class=\"d-flex flex-column flex-lg-row align-items-center gap-5 gap-lg-8 justify-content-between\">\n\t\t\t<div class=\"fs-20 fs-lg-26 fw-semibold lh-xs\"><\/div>\n\t\t\t\t\t<\/div>\n\t<\/div>\n<\/div>\n<!-- END OF : Composant : block-periscope-theme-section-composant-25-texte-cta-2-images.php -->\n\n\n<!-- START OF : Composant : block-periscope-theme-section-composant-33-texte-image.php -->\n<div class=\"text-image fs-wysiwyg mb-8 mb-lg-12\" data-component=\"33-texte-image\">\n\t<div class=\"container-fluid\" style=\"--bs-gutter-x: 0\">\n\t\t<div class=\"row\" style=\"--bs-gutter-x: 0\">\n\t\t\t\t\t\t<div class=\"col-lg-6 mb-7 mb-lg-0\">\n\t\t\t\t<img decoding=\"async\" src=\"https:\/\/www.myallmeeting.com\/wp-content\/uploads\/2022\/04\/Ibis-Styles-Pamplona-2-953x600.jpg\" width=\"953\" height=\"600\" alt=\"\" loading=\"lazy\" class=\"w-100\" \/>\n\t\t\t<\/div>\n\t\t\t\t\t\t<div class=\"col-lg-6\">\n\t\t\t\t<div class=\"text-image__content\">\n\t\t\t\t\t\t\t\t\t\t<div class=\"fw-semibold lh-xs fs-20 fs-lg-32 ls--25 mb-5\">Ibis Styles Pamplona<\/div>\n\t\t\t\t\t\t\t\t\t\t\t\t\t\t\t<div class=\"fs-wysiwyg\">\n\t\t\t\t\t\t<p><span style=\"font-weight: 400;\">Nous savons qu\u2019il est situ\u00e9 en Navarre et non pas au Pays basque, mais <a href=\"https:\/\/myallmeeting.com\/fr\/hotel\/b367-ibis-styles-pamplona-noain\/\">cet h\u00f4tel<\/a> tout juste r\u00e9nov\u00e9 invite \u00e0 s\u2019y installer et travailler. Ses installations et sa d\u00e9coration vous transportent dans les for\u00eats mill\u00e9naires, sur les lacs artificiels, les sentiers et les paysages les plus verts du nord de l\u2019Espagne.<\/span><\/p>\n<p><span style=\"font-weight: 400;\">Situ\u00e9 dans un quartier calme, \u00e0 seulement 1 minute de l\u2019a\u00e9roport de Pampelune, <\/span><b>il propose 60 chambres et une salle de r\u00e9union de 76 m\u00b2 <\/b><span style=\"font-weight: 400;\">(pouvant accueillir jusqu\u2019\u00e0 50 personnes) pour y organiser des s\u00e9minaires en petit groupe et des formations hautement personnalis\u00e9es.\u00a0<\/span><\/p>\n<p><span style=\"font-weight: 400;\">Comme vous aurez besoin de d\u00e9tente et de pauses au cours de vos s\u00e9ances, profitez-en pour inclure au programme une visite du Parque de los Sentidos, un grand jardin botanique et une destination touristique de la r\u00e9gion qui se trouve \u00e0 seulement quelques minutes \u00e0 pied de l\u00e0.\u00a0<\/span><\/p>\n<p><span style=\"font-weight: 400;\">Vous avez \u00e9galement le centre historique \u00e0 5\u00a0km, desservi en permanence par un bus urbain, et un restaurant dans l\u2019h\u00f4tel qui change sa carte \u00e0 chaque saison pour vous faire d\u00e9couvrir le meilleur de la Navarre.<\/span><\/p>\n\t\t\t\t\t<\/div>\n\t\t\t\t\t\t\t\t\t<\/div>\n\t\t\t<\/div>        \n\t\t<\/div>\n\t<\/div>\n<\/div>\n<!-- END OF : Composant : block-periscope-theme-section-composant-33-texte-image.php -->\n\n\n<!-- START OF : Composant : block-periscope-theme-section-composant-33-texte-image.php -->\n<!-- INVERSE -->\n<div class=\"text-image fs-wysiwyg mb-8 mb-lg-12\" data-component=\"33-texte-image\" data-reverse=\"oui\">\n\t<div class=\"container-fluid\" style=\"--bs-gutter-x: 0\">\n\t\t<div class=\"row\" style=\"--bs-gutter-x: 0\">\n\t\t\t<div class=\"col-lg-6\">\n\t\t\t\t<div class=\"text-image__content\">\n\t\t\t\t\t\t\t\t\t\t<div class=\"fw-semibold lh-xs fs-20 fs-lg-32 ls--25 mb-5\">Mercure Jardines de Albia<\/div>\n\t\t\t\t\t\t\t\t\t\t\t\t\t\t\t<div class=\"fs-wysiwyg\">\n\t\t\t\t\t\t<p><span style=\"font-weight: 400;\">Situ\u00e9 entre les jardins d\u2019Albia et la Ria de Bilbao, <a href=\"https:\/\/myallmeeting.com\/fr\/hotel\/a057-mercure-bilbao-jardines-de-albia\/\">cet h\u00f4tel<\/a> est l\u2019endroit id\u00e9al pour stimuler la concentration des participants qui se retrouvent entour\u00e9s de verdure et de mer. <\/span><b>L\u2019h\u00f4tel dispose de 138 chambres, d\u2019un spa pour se d\u00e9tendre<\/b><span style=\"font-weight: 400;\"> (voire plus si n\u00e9cessaire), <\/span><b>d\u2019un restaurant et de quatre salles de r\u00e9union de 115 m\u00b2, 95 m\u00b2, 76 m\u00b2 et 44 m\u00b2 pouvant accueillir jusqu\u2019\u00e0 130\u00a0personnes<\/b><span style=\"font-weight: 400;\">.<\/span><\/p>\n<p><span style=\"font-weight: 400;\">Dans votre programme, entre deux formations, vous pouvez inviter les participants \u00e0 pratiquer certains sports nautiques comme le kayak, \u00e0 se promener le long de la Ria ou \u00e0 d\u00e9couvrir le centre historique et les commerces locaux avec les \u00ab\u00a0d\u00e9couvertes locales\u00a0\u00bb, un bon moyen de s\u2019immerger pleinement dans la culture et la gastronomie.\u00a0<\/span><\/p>\n<p><span style=\"font-weight: 400;\">Gr\u00e2ce \u00e0 des partenariats avec des artisans et des fournisseurs locaux, l\u2019\u00e9quipe de l\u2019h\u00f4tel vous aide \u00e0 organiser des exp\u00e9riences culturelles et gastronomiques\u00a0: l\u2019\u00e9picerie Antonio Mart\u00edn et sa morue s\u00e9ch\u00e9e, la boutique de parapluies Leoz ou la chapellerie Gorostiaga ne sont que quelques-unes des \u00ab\u00a0d\u00e9couvertes locales\u00a0\u00bb qui vous attendent \u00e0 Bilbao.<\/span><\/p>\n\t\t\t\t\t<\/div>\n\t\t\t\t\t\t\t\t\t<\/div>\n\t\t\t<\/div>    \n\t\t\t    \n\t\t\t<div class=\"col-lg-6 order-first order-lg-last mb-7 mb-lg-0\">\n\t\t\t\t<img decoding=\"async\" src=\"https:\/\/www.myallmeeting.com\/wp-content\/uploads\/2022\/04\/Mercure-Jardines-de-Albia-3-953x600.jpg\" width=\"953\" height=\"600\" alt=\"\" loading=\"lazy\" class=\"w-100\" \/>\n\t\t\t<\/div>\n\t\t\t\t\t<\/div>\n\t<\/div>\n<\/div>\n<!-- END OF : Composant : block-periscope-theme-section-composant-33-texte-image.php -->\n\n\n<!-- START OF : Composant : block-periscope-theme-section-composant-33-texte-image.php -->\n<div class=\"text-image fs-wysiwyg mb-8 mb-lg-12\" data-component=\"33-texte-image\">\n\t<div class=\"container-fluid\" style=\"--bs-gutter-x: 0\">\n\t\t<div class=\"row\" style=\"--bs-gutter-x: 0\">\n\t\t\t\t\t\t<div class=\"col-lg-6 mb-7 mb-lg-0\">\n\t\t\t\t<img decoding=\"async\" src=\"https:\/\/www.myallmeeting.com\/wp-content\/uploads\/2022\/04\/Mercure-San-Sebastian-Monte-Igueldo-2-1-953x600.jpg\" width=\"953\" height=\"600\" alt=\"\" loading=\"lazy\" class=\"w-100\" \/>\n\t\t\t<\/div>\n\t\t\t\t\t\t<div class=\"col-lg-6\">\n\t\t\t\t<div class=\"text-image__content\">\n\t\t\t\t\t\t\t\t\t\t<div class=\"fw-semibold lh-xs fs-20 fs-lg-32 ls--25 mb-5\">Mercure San Sebasti\u00e1n Monte Igueldo<\/div>\n\t\t\t\t\t\t\t\t\t\t\t\t\t\t\t<div class=\"fs-wysiwyg\">\n\t\t\t\t\t\t<p><span style=\"font-weight: 400;\">Au sommet de la colline qui lui a donn\u00e9 son nom, avec la baie de la Concha \u00e0 ses pieds, la terrasse avec piscine de l\u2019<a href=\"https:\/\/myallmeeting.com\/fr\/hotel\/1987-mercure-san-sebastian-monte-igueldo\/\">h\u00f4tel Mercure San Sebasti\u00e1n Monte Igueldo<\/a> est reli\u00e9e \u00e0 la ville et donc \u00e0 tous ses lieux de visite, de loisir et de restauration\u2026 <\/span><b>par un funiculaire centenaire<\/b><span style=\"font-weight: 400;\">\u00a0!\u00a0<\/span><\/p>\n<p><span style=\"font-weight: 400;\">Ce funiculaire est l\u2019une des grandes attractions touristiques de la ville et constitue sans aucun doute un moyen de transport original pour vos participants qui, \u00e0 la fin d\u2019une journ\u00e9e de formation, peuvent faire une escapade et partir \u00e0 la d\u00e9couverte de la gastronomie \u00e0 base de\u00a0<\/span><i><span style=\"font-weight: 400;\">pintxos<\/span><\/i><span style=\"font-weight: 400;\">\u00a0et de tout le centre historique\u00a0: le palais Miramar, le mus\u00e9e San Telmo\u2026<\/span><\/p>\n<p><span style=\"font-weight: 400;\">L\u2019h\u00f4tel dispose \u00e9galement d\u2019un restaurant, El Torre\u00f3n, qui offre une vue sur la baie, o\u00f9 vous pourrez <\/span><b>organiser un d\u00e9jeuner ou un d\u00eener pouvant accueillir jusqu\u2019\u00e0 250 personnes<\/b><span style=\"font-weight: 400;\">.\u00a0<\/span><\/p>\n<p><b>Profitez de la terrasse avec piscine et de ses cinq salles de r\u00e9union<\/b><span style=\"font-weight: 400;\"> (387 m\u00b2, 200 m\u00b2, 127 m\u00b2, 93 m\u00b2 et 89 m\u00b2) et planifiez le s\u00e9minaire dans diff\u00e9rentes parties de l\u2019h\u00f4tel pour oxyg\u00e9ner les m\u00e9ninges et favoriser la concentration.<\/span><\/p>\n\t\t\t\t\t<\/div>\n\t\t\t\t\t\t\t\t\t<\/div>\n\t\t\t<\/div>        \n\t\t<\/div>\n\t<\/div>\n<\/div>\n<!-- END OF : Composant : block-periscope-theme-section-composant-33-texte-image.php -->\n","protected":false},"excerpt":{"rendered":"<p>Emmenez vos \u00e9quipes au c\u0153ur du Pays Basque pour votre prochain s\u00e9minaire gr\u00e2ce \u00e0 notre s\u00e9lection d&rsquo;h\u00f4tels.<\/p>\n","protected":false},"featured_media":15963868,"menu_order":0,"template":"","periscope_categorie_tax":[1648],"class_list":["post-15226664","article","type-article","status-publish","has-post-thumbnail","hentry","periscope_categorie_tax-tous-nos-tops-selections"],"acf":[],"yoast_head":"<title>D\u00e9couvrez nos 4 meilleurs h\u00f4tels pour organiser un s\u00e9minaire au Pays basque - Accor MyAllMeeting.com<\/title>\n<meta name=\"robots\" content=\"index, follow, max-snippet:-1, max-image-preview:large, max-video-preview:-1\" \/>\n<link rel=\"canonical\" href=\"https:\/\/www.myallmeeting.com\/fr\/wp-json\/wp\/v2\/article\/15226664\" \/>\n<meta property=\"og:locale\" content=\"fr_FR\" \/>\n<meta property=\"og:type\" content=\"article\" \/>\n<meta property=\"og:title\" content=\"D\u00e9couvrez nos 4 meilleurs h\u00f4tels pour organiser un s\u00e9minaire au Pays basque - Accor MyAllMeeting.com\" \/>\n<meta property=\"og:description\" content=\"Emmenez vos \u00e9quipes au c\u0153ur du Pays Basque pour votre prochain s\u00e9minaire gr\u00e2ce \u00e0 notre s\u00e9lection d&#039;h\u00f4tels.\" \/>\n<meta property=\"og:url\" content=\"https:\/\/www.myallmeeting.com\/fr\/article\/decouvrez-nos-4-meilleurs-hotels-pour-organiser-un-seminaire-au-pays-basque\/\" \/>\n<meta property=\"og:site_name\" content=\"Accor MyAllMeeting.com\" \/>\n<meta property=\"article:modified_time\" content=\"2024-07-09T15:09:38+00:00\" \/>\n<meta property=\"og:image\" content=\"http:\/\/myallmeeting.com\/wp-content\/uploads\/2022\/04\/MAM-imagery-1920-x-570-px-1.png\" \/>\n\t<meta property=\"og:image:width\" content=\"1920\" \/>\n\t<meta property=\"og:image:height\" content=\"570\" \/>\n\t<meta property=\"og:image:type\" content=\"image\/png\" \/>\n<meta name=\"twitter:card\" content=\"summary_large_image\" \/>\n<meta name=\"twitter:label1\" content=\"Dur\u00e9e de lecture estim\u00e9e\" \/>\n\t<meta name=\"twitter:data1\" content=\"6 minutes\" \/>\n<script type=\"application\/ld+json\" class=\"yoast-schema-graph\">{\"@context\":\"https:\/\/schema.org\",\"@graph\":[{\"@type\":\"WebPage\",\"@id\":\"https:\/\/www.myallmeeting.com\/fr\/article\/decouvrez-nos-4-meilleurs-hotels-pour-organiser-un-seminaire-au-pays-basque\/\",\"url\":\"https:\/\/www.myallmeeting.com\/fr\/article\/decouvrez-nos-4-meilleurs-hotels-pour-organiser-un-seminaire-au-pays-basque\/\",\"name\":\"D\u00e9couvrez nos 4 meilleurs h\u00f4tels pour organiser un s\u00e9minaire au Pays basque - Accor MyAllMeeting.com\",\"isPartOf\":{\"@id\":\"https:\/\/www.myallmeeting.com\/fr\/#website\"},\"primaryImageOfPage\":{\"@id\":\"https:\/\/www.myallmeeting.com\/fr\/article\/decouvrez-nos-4-meilleurs-hotels-pour-organiser-un-seminaire-au-pays-basque\/#primaryimage\"},\"image\":{\"@id\":\"https:\/\/www.myallmeeting.com\/fr\/article\/decouvrez-nos-4-meilleurs-hotels-pour-organiser-un-seminaire-au-pays-basque\/#primaryimage\"},\"thumbnailUrl\":\"https:\/\/www.myallmeeting.com\/wp-content\/uploads\/2022\/04\/MAM-imagery-1920-x-570-px-1.png\",\"datePublished\":\"2022-04-29T13:43:28+00:00\",\"dateModified\":\"2024-07-09T15:09:38+00:00\",\"breadcrumb\":{\"@id\":\"https:\/\/www.myallmeeting.com\/fr\/article\/decouvrez-nos-4-meilleurs-hotels-pour-organiser-un-seminaire-au-pays-basque\/#breadcrumb\"},\"inLanguage\":\"fr-FR\",\"potentialAction\":[{\"@type\":\"ReadAction\",\"target\":[\"https:\/\/www.myallmeeting.com\/fr\/article\/decouvrez-nos-4-meilleurs-hotels-pour-organiser-un-seminaire-au-pays-basque\/\"]}]},{\"@type\":\"ImageObject\",\"inLanguage\":\"fr-FR\",\"@id\":\"https:\/\/www.myallmeeting.com\/fr\/article\/decouvrez-nos-4-meilleurs-hotels-pour-organiser-un-seminaire-au-pays-basque\/#primaryimage\",\"url\":\"https:\/\/www.myallmeeting.com\/wp-content\/uploads\/2022\/04\/MAM-imagery-1920-x-570-px-1.png\",\"contentUrl\":\"https:\/\/www.myallmeeting.com\/wp-content\/uploads\/2022\/04\/MAM-imagery-1920-x-570-px-1.png\",\"width\":1920,\"height\":570},{\"@type\":\"BreadcrumbList\",\"@id\":\"https:\/\/www.myallmeeting.com\/fr\/article\/decouvrez-nos-4-meilleurs-hotels-pour-organiser-un-seminaire-au-pays-basque\/#breadcrumb\",\"itemListElement\":[{\"@type\":\"ListItem\",\"position\":1,\"name\":\"Accueil\",\"item\":\"https:\/\/myallmeeting.com\/fr\/\"},{\"@type\":\"ListItem\",\"position\":2,\"name\":\"Actualit\u00e9s\",\"item\":\"https:\/\/www.myallmeeting.com\/fr\/actualite\/\"},{\"@type\":\"ListItem\",\"position\":3,\"name\":\"D\u00e9couvrez nos 4 meilleurs h\u00f4tels pour organiser un s\u00e9minaire au Pays basque\"}]},{\"@type\":\"WebSite\",\"@id\":\"https:\/\/www.myallmeeting.com\/fr\/#website\",\"url\":\"https:\/\/www.myallmeeting.com\/fr\/\",\"name\":\"Accor MyAllMeeting.com\",\"description\":\"Les Meilleurs lieux pour vos Ev\u00e9nements Professionnels\",\"publisher\":{\"@id\":\"https:\/\/www.myallmeeting.com\/fr\/#organization\"},\"potentialAction\":[{\"@type\":\"SearchAction\",\"target\":{\"@type\":\"EntryPoint\",\"urlTemplate\":\"https:\/\/www.myallmeeting.com\/fr\/?s={search_term_string}\"},\"query-input\":{\"@type\":\"PropertyValueSpecification\",\"valueRequired\":true,\"valueName\":\"search_term_string\"}}],\"inLanguage\":\"fr-FR\"},{\"@type\":\"Organization\",\"@id\":\"https:\/\/www.myallmeeting.com\/fr\/#organization\",\"name\":\"ACCOR\",\"url\":\"https:\/\/www.myallmeeting.com\/fr\/\",\"logo\":{\"@type\":\"ImageObject\",\"inLanguage\":\"fr-FR\",\"@id\":\"https:\/\/www.myallmeeting.com\/fr\/#\/schema\/logo\/image\/\",\"url\":\"\",\"contentUrl\":\"\",\"caption\":\"ACCOR\"},\"image\":{\"@id\":\"https:\/\/www.myallmeeting.com\/fr\/#\/schema\/logo\/image\/\"}}]}<\/script>","yoast_head_json":{"title":"D\u00e9couvrez nos 4 meilleurs h\u00f4tels pour organiser un s\u00e9minaire au Pays basque - Accor MyAllMeeting.com","robots":{"index":"index","follow":"follow","max-snippet":"max-snippet:-1","max-image-preview":"max-image-preview:large","max-video-preview":"max-video-preview:-1"},"canonical":"https:\/\/www.myallmeeting.com\/fr\/wp-json\/wp\/v2\/article\/15226664","og_locale":"fr_FR","og_type":"article","og_title":"D\u00e9couvrez nos 4 meilleurs h\u00f4tels pour organiser un s\u00e9minaire au Pays basque - Accor MyAllMeeting.com","og_description":"Emmenez vos \u00e9quipes au c\u0153ur du Pays Basque pour votre prochain s\u00e9minaire gr\u00e2ce \u00e0 notre s\u00e9lection d'h\u00f4tels.","og_url":"https:\/\/www.myallmeeting.com\/fr\/article\/decouvrez-nos-4-meilleurs-hotels-pour-organiser-un-seminaire-au-pays-basque\/","og_site_name":"Accor MyAllMeeting.com","article_modified_time":"2024-07-09T15:09:38+00:00","og_image":[{"width":1920,"height":570,"url":"http:\/\/myallmeeting.com\/wp-content\/uploads\/2022\/04\/MAM-imagery-1920-x-570-px-1.png","type":"image\/png"}],"twitter_card":"summary_large_image","twitter_misc":{"Dur\u00e9e de lecture estim\u00e9e":"6 minutes"},"schema":{"@context":"https:\/\/schema.org","@graph":[{"@type":"WebPage","@id":"https:\/\/www.myallmeeting.com\/fr\/article\/decouvrez-nos-4-meilleurs-hotels-pour-organiser-un-seminaire-au-pays-basque\/","url":"https:\/\/www.myallmeeting.com\/fr\/article\/decouvrez-nos-4-meilleurs-hotels-pour-organiser-un-seminaire-au-pays-basque\/","name":"D\u00e9couvrez nos 4 meilleurs h\u00f4tels pour organiser un s\u00e9minaire au Pays basque - Accor MyAllMeeting.com","isPartOf":{"@id":"https:\/\/www.myallmeeting.com\/fr\/#website"},"primaryImageOfPage":{"@id":"https:\/\/www.myallmeeting.com\/fr\/article\/decouvrez-nos-4-meilleurs-hotels-pour-organiser-un-seminaire-au-pays-basque\/#primaryimage"},"image":{"@id":"https:\/\/www.myallmeeting.com\/fr\/article\/decouvrez-nos-4-meilleurs-hotels-pour-organiser-un-seminaire-au-pays-basque\/#primaryimage"},"thumbnailUrl":"https:\/\/www.myallmeeting.com\/wp-content\/uploads\/2022\/04\/MAM-imagery-1920-x-570-px-1.png","datePublished":"2022-04-29T13:43:28+00:00","dateModified":"2024-07-09T15:09:38+00:00","breadcrumb":{"@id":"https:\/\/www.myallmeeting.com\/fr\/article\/decouvrez-nos-4-meilleurs-hotels-pour-organiser-un-seminaire-au-pays-basque\/#breadcrumb"},"inLanguage":"fr-FR","potentialAction":[{"@type":"ReadAction","target":["https:\/\/www.myallmeeting.com\/fr\/article\/decouvrez-nos-4-meilleurs-hotels-pour-organiser-un-seminaire-au-pays-basque\/"]}]},{"@type":"ImageObject","inLanguage":"fr-FR","@id":"https:\/\/www.myallmeeting.com\/fr\/article\/decouvrez-nos-4-meilleurs-hotels-pour-organiser-un-seminaire-au-pays-basque\/#primaryimage","url":"https:\/\/www.myallmeeting.com\/wp-content\/uploads\/2022\/04\/MAM-imagery-1920-x-570-px-1.png","contentUrl":"https:\/\/www.myallmeeting.com\/wp-content\/uploads\/2022\/04\/MAM-imagery-1920-x-570-px-1.png","width":1920,"height":570},{"@type":"BreadcrumbList","@id":"https:\/\/www.myallmeeting.com\/fr\/article\/decouvrez-nos-4-meilleurs-hotels-pour-organiser-un-seminaire-au-pays-basque\/#breadcrumb","itemListElement":[{"@type":"ListItem","position":1,"name":"Accueil","item":"https:\/\/myallmeeting.com\/fr\/"},{"@type":"ListItem","position":2,"name":"Actualit\u00e9s","item":"https:\/\/www.myallmeeting.com\/fr\/actualite\/"},{"@type":"ListItem","position":3,"name":"D\u00e9couvrez nos 4 meilleurs h\u00f4tels pour organiser un s\u00e9minaire au Pays basque"}]},{"@type":"WebSite","@id":"https:\/\/www.myallmeeting.com\/fr\/#website","url":"https:\/\/www.myallmeeting.com\/fr\/","name":"Accor MyAllMeeting.com","description":"Les Meilleurs lieux pour vos Ev\u00e9nements Professionnels","publisher":{"@id":"https:\/\/www.myallmeeting.com\/fr\/#organization"},"potentialAction":[{"@type":"SearchAction","target":{"@type":"EntryPoint","urlTemplate":"https:\/\/www.myallmeeting.com\/fr\/?s={search_term_string}"},"query-input":{"@type":"PropertyValueSpecification","valueRequired":true,"valueName":"search_term_string"}}],"inLanguage":"fr-FR"},{"@type":"Organization","@id":"https:\/\/www.myallmeeting.com\/fr\/#organization","name":"ACCOR","url":"https:\/\/www.myallmeeting.com\/fr\/","logo":{"@type":"ImageObject","inLanguage":"fr-FR","@id":"https:\/\/www.myallmeeting.com\/fr\/#\/schema\/logo\/image\/","url":"","contentUrl":"","caption":"ACCOR"},"image":{"@id":"https:\/\/www.myallmeeting.com\/fr\/#\/schema\/logo\/image\/"}}]}},"_links":{"self":[{"href":"https:\/\/www.myallmeeting.com\/fr\/wp-json\/wp\/v2\/article\/15226664","targetHints":{"allow":["GET"]}}],"collection":[{"href":"https:\/\/www.myallmeeting.com\/fr\/wp-json\/wp\/v2\/article"}],"about":[{"href":"https:\/\/www.myallmeeting.com\/fr\/wp-json\/wp\/v2\/types\/article"}],"wp:featuredmedia":[{"embeddable":true,"href":"https:\/\/www.myallmeeting.com\/fr\/wp-json\/wp\/v2\/media\/15963868"}],"wp:attachment":[{"href":"https:\/\/www.myallmeeting.com\/fr\/wp-json\/wp\/v2\/media?parent=15226664"}],"wp:term":[{"taxonomy":"periscope_categorie_tax","embeddable":true,"href":"https:\/\/www.myallmeeting.com\/fr\/wp-json\/wp\/v2\/periscope_categorie_tax?post=15226664"}],"curies":[{"name":"wp","href":"https:\/\/api.w.org\/{rel}","templated":true}]}}