{"id":15226658,"date":"2022-07-15T11:17:42","date_gmt":"2022-07-15T09:17:42","guid":{"rendered":"https:\/\/myallmeeting.com\/article\/novotel-milano-linate-aeroporto-un-jardin-secret-pour-vos-evenements\/"},"modified":"2024-11-13T17:26:32","modified_gmt":"2024-11-13T16:26:32","slug":"novotel-milano-linate-aeroporto-un-jardin-secret-pour-vos-evenements","status":"publish","type":"article","link":"https:\/\/www.myallmeeting.com\/fr\/article\/novotel-milano-linate-aeroporto-un-jardin-secret-pour-vos-evenements\/","title":{"rendered":"Novotel Milano Linate Aeroporto : un jardin secret pour vos \u00e9v\u00e9nements !"},"content":{"rendered":"<!-- START OF : Composant : block-periscope-theme-section-composant-25-texte-cta-2-images.php -->\n<div class=\"tcta2ia bg-white fs-wysiwyg mb-lg-12\" data-component=\"25-texte-cta-2-images\">\n\t<div class=\"tcta2ia__top\">\n\t\t<div class=\"container-fluid\" style=\"--bs-gutter-x: 0\">\n\t\t\t<div class=\"row\" style=\"--bs-gutter-x: 0\">\n\t\t\t\t<div class=\"col-lg-8\">\n\t\t\t\t\t\t\t\t\t\t<div class=\"bloc-mise-en-avant__top__left\">\n\t\t\t\t\t\t<img decoding=\"async\" src=\"https:\/\/www.myallmeeting.com\/wp-content\/uploads\/2022\/07\/1137_ho_03_p_2048x1536-1268x846.jpg\" class=\"pe-2 pe-lg-0\" width=\"1268\" height=\"846\" alt=\"\" loading=\"lazy\" \/>\n\t\t\t\t\t<\/div>\n\t\t\t\t\t\t\t\t\t\t<div class=\"tcta2ia__bottom d-none d-lg-block pb-12 pt-lg-9 pb-lg-0 pe-lg-10\">\n\t\t\t\t\t\t\t\t\t\t\t\t<h2 class=\"fs-20 fs-lg-32 fw-semibold\">Un \u00e9tablissement impressionnant <\/h2>\n\t\t\t\t\t\t\t\t\t\t\t\t\t\t\t\t\t\t<div class=\"fs-wysiwyg\"><p><span data-contrast=\"auto\" xml:lang=\"FR-FR\" lang=\"FR-FR\" class=\"TextRun SCXW89860879 BCX8\"><span class=\"NormalTextRun SCXW89860879 BCX8\">Si vous \u00eates s\u00e9duit par l\u2019ext\u00e9rieur de l\u2019h\u00f4tel quatre \u00e9toiles <\/span><\/span><a class=\"Hyperlink HyperlinkGateOff SCXW89860879 BCX8\" href=\"https:\/\/myallmeeting.com\/fr\/hotel\/1137-novotel-milano-linate-aeroporto\/\" target=\"_blank\" rel=\"noreferrer noopener\"><span data-contrast=\"none\" xml:lang=\"FR-FR\" lang=\"FR-FR\" class=\"TextRun Underlined UnderlinedGateOff SCXW89860879 BCX8\"><span class=\"NormalTextRun SCXW89860879 BCX8\" data-ccp-charstyle=\"Hyperlink\">Novotel Milano <\/span><span class=\"NormalTextRun SCXW89860879 BCX8\" data-ccp-charstyle=\"Hyperlink\">Linate<\/span><span class=\"NormalTextRun SCXW89860879 BCX8\" data-ccp-charstyle=\"Hyperlink\"> <\/span><span class=\"NormalTextRun SCXW89860879 BCX8\" data-ccp-charstyle=\"Hyperlink\">Aeroporto<\/span><span class=\"NormalTextRun SCXW89860879 BCX8\" data-ccp-charstyle=\"Hyperlink\">,<\/span><\/span><\/a><span data-contrast=\"auto\" xml:lang=\"FR-FR\" lang=\"FR-FR\" class=\"TextRun SCXW89860879 BCX8\"><span class=\"NormalTextRun SCXW89860879 BCX8\"> attendez de voir ce qui se cache \u00e0 l\u2019int\u00e9rieur. Le design moderne orn\u00e9 d\u2019art graffiti et les neuf salles de conf\u00e9rence avec lumi\u00e8re naturelle offrent plusieurs possibilit\u00e9s de configuration pour vos \u00e9v\u00e9nements. Vous ne perdrez pas de temps \u00e0 faire le trajet aller-retour jusqu\u2019\u00e0 l\u2019a\u00e9roport puisque celui-ci se trouve \u00e0 seulement 4 kilom\u00e8tres. Avec son excellente situation, son jardin, ses salles de conf\u00e9rence (dont certaines peuvent m\u00eame accueillir des v\u00e9hicules) et son bar gastronomique, il sera bient\u00f4t votre espace \u00e9v\u00e9nementiel pr\u00e9f\u00e9r\u00e9 \u00e0 Milan !<\/span><\/span><span class=\"EOP SCXW89860879 BCX8\" data-ccp-props=\"{}\">\u00a0<\/span><\/p>\n<\/div>\n\t\t\t\t\t\t\t\t\t\t\t\t<div class=\"d-flex flex-column flex-lg-row align-items-center gap-5 gap-lg-8 justify-content-between\">\n\t\t\t\t\t\t\t<div class=\"fs-20 fs-lg-26 fw-semibold lh-xs\"><\/div>\n\t\t\t\t\t\t\t\t\t\t\t\t\t<\/div>\n\t\t\t\t\t<\/div>\n\t\t\t\t<\/div>\n\t\t\t\t<div class=\"col-lg-4\">\n\t\t\t\t\t<div class=\"tcta2ia__top__right t-0 r-0 bg-primary text-white pt-4 pb-4 px-2 pt-lg-8 pb-lg-16 px-lg-11 pb-xl-30\">\n\t\t\t\t\t\t\t\t\t\t\t\t\t\t\t\t\t\t<h2 class=\"unna fs-36 fs-lg-51 fs-xl-75 fs-italic fw-normal text-secondary\">Novotel Milano Linate Aeroporto : un jardin secret pour vos \u00e9v\u00e9nements !<\/h2>\n\t\t\t\t\t\t\t\t\t\t\t\t\t\t\t\t\t\t<h3 class=\"text-white fs-18 fs-lg-20 fs-xl-28 text-original-case\">Des atouts cach\u00e9s\u00a0<\/h3>\n\t\t\t\t\t\t\t\t\t\t\t\t\t\t\t\t\t\t<div class=\"fs-wysiwyg mb-4 fs-lg-16 fs-xl-20\"><p><span data-contrast=\"auto\" xml:lang=\"FR-FR\" lang=\"FR-FR\" class=\"TextRun SCXW8813569 BCX8\"><span class=\"NormalTextRun SCXW8813569 BCX8\">Vous vous imaginez organiser une session de <\/span><span class=\"NormalTextRun SpellingErrorV2Themed SCXW8813569 BCX8\">teambuilding<\/span><span class=\"NormalTextRun SCXW8813569 BCX8\"> ou un cocktail en plein air dans ce jardin secret ? S\u2019\u00e9tendant sur 5 000 m\u00e8tres carr\u00e9s, avec une piscine et <\/span><span class=\"NormalTextRun SCXW8813569 BCX8\">une terrasse adjacente<\/span><span class=\"NormalTextRun SCXW8813569 BCX8\">, cette oasis de plaisir se trouve \u00e0 quelques kilom\u00e8tres du centre-ville de Milan.<\/span><\/span><span class=\"EOP SCXW8813569 BCX8\" data-ccp-props=\"{}\">\u00a0<\/span><\/p>\n<\/div>\n\t\t\t\t\t\t\t\t\t\t\t\t\t\t\t\t\t\t\t\t\t\t\t\t<p class=\"m-0\"><img decoding=\"async\" src=\"https:\/\/www.myallmeeting.com\/wp-content\/uploads\/2022\/07\/1137_sl_03_p_2048x1536-633x398.jpg\" class=\"position-relative l-0\" width=\"633\" height=\"398\" alt=\"\" loading=\"lazy\" \/><\/p>\n\t\t\t\t\t\t\t\t\t\t\t<\/div>\n\t\t\t\t<\/div>\n\t\t\t<\/div>\n\t\t<\/div>\n\t<\/div>\n\t<div class=\"tcta2ia__bottom d-lg-none pb-12 py-lg-9 pe-lg-10\">\n\t\t\t\t<div class=\"h2 fs-20 fs-lg-32 fw-semibold\">Un \u00e9tablissement impressionnant <\/div>\n\t\t\t\t\t\t<div class=\"fs-wysiwyg\"><p><span data-contrast=\"auto\" xml:lang=\"FR-FR\" lang=\"FR-FR\" class=\"TextRun SCXW89860879 BCX8\"><span class=\"NormalTextRun SCXW89860879 BCX8\">Si vous \u00eates s\u00e9duit par l\u2019ext\u00e9rieur de l\u2019h\u00f4tel quatre \u00e9toiles <\/span><\/span><a class=\"Hyperlink HyperlinkGateOff SCXW89860879 BCX8\" href=\"https:\/\/myallmeeting.com\/fr\/hotel\/1137-novotel-milano-linate-aeroporto\/\" target=\"_blank\" rel=\"noreferrer noopener\"><span data-contrast=\"none\" xml:lang=\"FR-FR\" lang=\"FR-FR\" class=\"TextRun Underlined UnderlinedGateOff SCXW89860879 BCX8\"><span class=\"NormalTextRun SCXW89860879 BCX8\" data-ccp-charstyle=\"Hyperlink\">Novotel Milano <\/span><span class=\"NormalTextRun SCXW89860879 BCX8\" data-ccp-charstyle=\"Hyperlink\">Linate<\/span><span class=\"NormalTextRun SCXW89860879 BCX8\" data-ccp-charstyle=\"Hyperlink\"> <\/span><span class=\"NormalTextRun SCXW89860879 BCX8\" data-ccp-charstyle=\"Hyperlink\">Aeroporto<\/span><span class=\"NormalTextRun SCXW89860879 BCX8\" data-ccp-charstyle=\"Hyperlink\">,<\/span><\/span><\/a><span data-contrast=\"auto\" xml:lang=\"FR-FR\" lang=\"FR-FR\" class=\"TextRun SCXW89860879 BCX8\"><span class=\"NormalTextRun SCXW89860879 BCX8\"> attendez de voir ce qui se cache \u00e0 l\u2019int\u00e9rieur. Le design moderne orn\u00e9 d\u2019art graffiti et les neuf salles de conf\u00e9rence avec lumi\u00e8re naturelle offrent plusieurs possibilit\u00e9s de configuration pour vos \u00e9v\u00e9nements. Vous ne perdrez pas de temps \u00e0 faire le trajet aller-retour jusqu\u2019\u00e0 l\u2019a\u00e9roport puisque celui-ci se trouve \u00e0 seulement 4 kilom\u00e8tres. Avec son excellente situation, son jardin, ses salles de conf\u00e9rence (dont certaines peuvent m\u00eame accueillir des v\u00e9hicules) et son bar gastronomique, il sera bient\u00f4t votre espace \u00e9v\u00e9nementiel pr\u00e9f\u00e9r\u00e9 \u00e0 Milan !<\/span><\/span><span class=\"EOP SCXW89860879 BCX8\" data-ccp-props=\"{}\">\u00a0<\/span><\/p>\n<\/div>\n\t\t\t\t<div class=\"d-flex flex-column flex-lg-row align-items-center gap-5 gap-lg-8 justify-content-between\">\n\t\t\t<div class=\"fs-20 fs-lg-26 fw-semibold lh-xs\"><\/div>\n\t\t\t\t\t<\/div>\n\t<\/div>\n<\/div>\n<!-- END OF : Composant : block-periscope-theme-section-composant-25-texte-cta-2-images.php -->\n\n\n<!-- START OF : Composant : block-periscope-theme-section-composant-33-texte-image.php -->\n<div class=\"text-image fs-wysiwyg mb-8 mb-lg-12\" data-component=\"33-texte-image\">\n\t<div class=\"container-fluid\" style=\"--bs-gutter-x: 0\">\n\t\t<div class=\"row\" style=\"--bs-gutter-x: 0\">\n\t\t\t\t\t\t<div class=\"col-lg-6 mb-7 mb-lg-0\">\n\t\t\t\t<img decoding=\"async\" src=\"https:\/\/www.myallmeeting.com\/wp-content\/uploads\/2022\/07\/1137_de_08_p_2048x1536-953x600.jpg\" width=\"953\" height=\"600\" alt=\"\" loading=\"lazy\" class=\"w-100\" \/>\n\t\t\t<\/div>\n\t\t\t\t\t\t<div class=\"col-lg-6\">\n\t\t\t\t<div class=\"text-image__content\">\n\t\t\t\t\t\t\t\t\t\t<div class=\"fw-semibold lh-xs fs-20 fs-lg-32 ls--25 mb-5\">Juste \u00e0 c\u00f4t\u00e9 de l\u2019a\u00e9roport de Milan Linate et \u00e0 20 minutes de la cath\u00e9drale <\/div>\n\t\t\t\t\t\t\t\t\t\t\t\t\t\t\t<div class=\"fs-wysiwyg\">\n\t\t\t\t\t\t<p><span data-contrast=\"auto\">L\u2019h\u00f4tel est situ\u00e9 sur la Via Mecenate, l\u2019un des quartiers les plus calmes et les plus verts de la ville, avec un acc\u00e8s direct depuis l\u2019autoroute. Vous pouvez vous d\u00e9placer rapidement et tr\u00e8s facilement ! L\u2019a\u00e9roport de Milan Linate n\u2019est qu\u2019\u00e0 4 kilom\u00e8tres. Ce sera votre h\u00f4tel pr\u00e9f\u00e9r\u00e9 pour les \u00e9v\u00e9nements internationaux ou les s\u00e9minaires avec des participants de diff\u00e9rents pays, ou peut-\u00eatre pour cette r\u00e9union urgente juste avant de vous envoler vers votre prochaine destination. Le tram s\u2019arr\u00eate directement devant l\u2019h\u00f4tel, et vous pouvez rejoindre la Plaza del Duomo en 20 minutes et, de l\u00e0, le Castello Sforzesco et la Scala.<\/span><span data-ccp-props=\"{}\">\u00a0<\/span><\/p>\n<p><span data-contrast=\"auto\">La gare Milano Centrale, l\u2019une des plus grandes gares d\u2019Europe, est tr\u00e8s proche de l\u2019h\u00f4tel, ce qui vous permet de vous d\u00e9placer facilement en Italie pour une tourn\u00e9e de promotion ou un voyage <\/span><i><span data-contrast=\"auto\">incentive<\/span><\/i><span data-contrast=\"auto\">. Pour les \u00e9v\u00e9nements de style de vie, Milan est un\u202f<\/span><i><span data-contrast=\"auto\">must<\/span><\/i><span data-contrast=\"auto\">, et cela se refl\u00e8te dans le design moderne de l\u2019h\u00f4tel. Admirez l\u2019art graffiti dans le hall, le bar gastronomique et plusieurs salles pour \u00e9v\u00e9nements. Cette modernit\u00e9 se retrouve dans les 206 chambres et, bien \u00e9videmment, dans la suite de luxe.<\/span><span data-ccp-props=\"{}\">\u00a0<\/span><\/p>\n\t\t\t\t\t<\/div>\n\t\t\t\t\t\t\t\t\t<\/div>\n\t\t\t<\/div>        \n\t\t<\/div>\n\t<\/div>\n<\/div>\n<!-- END OF : Composant : block-periscope-theme-section-composant-33-texte-image.php -->\n\n\n<!-- START OF : Composant : block-periscope-theme-section-composant-33-texte-image.php -->\n<!-- INVERSE -->\n<div class=\"text-image fs-wysiwyg mb-8 mb-lg-12\" data-component=\"33-texte-image\" data-reverse=\"oui\">\n\t<div class=\"container-fluid\" style=\"--bs-gutter-x: 0\">\n\t\t<div class=\"row\" style=\"--bs-gutter-x: 0\">\n\t\t\t<div class=\"col-lg-6\">\n\t\t\t\t<div class=\"text-image__content\">\n\t\t\t\t\t\t\t\t\t\t<div class=\"fw-semibold lh-xs fs-20 fs-lg-32 ls--25 mb-5\">9 salles de conf\u00e9rence avec lumi\u00e8re naturelle<\/div>\n\t\t\t\t\t\t\t\t\t\t\t\t\t\t\t<div class=\"fs-wysiwyg\">\n\t\t\t\t\t\t<p><span data-contrast=\"auto\">Toutes les salles de r\u00e9union de l\u2019h\u00f4tel offrent une lumi\u00e8re naturelle et ont une hauteur de 4 m\u00e8tres. Elles sont \u00e9quip\u00e9es de mat\u00e9riel audiovisuel, ce qui permet d\u2019organiser des \u00e9v\u00e9nements de type hybride. Il y a deux salles de 50 m\u00b2 et deux salles de 30 m\u00b2 (id\u00e9ales pour les petits \u00e9v\u00e9nements).\u202f Tout pr\u00e8s de la piscine et du jardin, vous disposez de deux autres salles, l\u2019une de 65 m\u00b2 et l\u2019autre de 30 m\u00b2. Ici, vous pouvez admirer la vue et vous laisser envahir par les ar\u00f4mes des plantes et l\u2019atmosph\u00e8re fra\u00eeche du jardin, m\u00eame lorsque vous \u00eates \u00e0 l\u2019int\u00e9rieur. Ce sont des salles parfaites pour l\u2019\u00e9t\u00e9, et elles peuvent m\u00eame \u00eatre r\u00e9unies pour cr\u00e9er une plus grande salle de conf\u00e9rence.<\/span><span data-ccp-props=\"{}\">\u00a0<\/span><\/p>\n<p><span data-contrast=\"auto\">Vous avez besoin de plus d\u2019espace ? Il y a trois autres salles de conf\u00e9rence, chacune faisant 65 m\u00b2. Vous pouvez r\u00e9unir deux de ces salles pour obtenir un espace de 130 m\u00b2, ou les trois pour une longue salle de conf\u00e9rence de 195 m\u00b2. Si vous pr\u00e9voyez un \u00e9v\u00e9nement dans l\u2019industrie automobile ou avec des voitures, pas de probl\u00e8me ! Ces salles sont accessibles aux v\u00e9hicules.<\/span><span data-ccp-props=\"{}\">\u00a0<\/span><\/p>\n\t\t\t\t\t<\/div>\n\t\t\t\t\t\t\t\t\t<\/div>\n\t\t\t<\/div>    \n\t\t\t    \n\t\t\t<div class=\"col-lg-6 order-first order-lg-last mb-7 mb-lg-0\">\n\t\t\t\t<img decoding=\"async\" src=\"https:\/\/www.myallmeeting.com\/wp-content\/uploads\/2022\/07\/1137_sm_02_p_2048x1536-953x600.jpg\" width=\"953\" height=\"600\" alt=\"\" loading=\"lazy\" class=\"w-100\" \/>\n\t\t\t<\/div>\n\t\t\t\t\t<\/div>\n\t<\/div>\n<\/div>\n<!-- END OF : Composant : block-periscope-theme-section-composant-33-texte-image.php -->\n\n\n<!-- START OF : Composant : block-periscope-theme-section-composant-33-texte-image.php -->\n<div class=\"text-image fs-wysiwyg mb-8 mb-lg-12\" data-component=\"33-texte-image\">\n\t<div class=\"container-fluid\" style=\"--bs-gutter-x: 0\">\n\t\t<div class=\"row\" style=\"--bs-gutter-x: 0\">\n\t\t\t\t\t\t<div class=\"col-lg-6 mb-7 mb-lg-0\">\n\t\t\t\t<img decoding=\"async\" src=\"https:\/\/www.myallmeeting.com\/wp-content\/uploads\/2022\/07\/1137_sl_00_p_2048x1536-953x600.jpg\" width=\"953\" height=\"600\" alt=\"\" loading=\"lazy\" class=\"w-100\" \/>\n\t\t\t<\/div>\n\t\t\t\t\t\t<div class=\"col-lg-6\">\n\t\t\t\t<div class=\"text-image__content\">\n\t\t\t\t\t\t\t\t\t\t<div class=\"fw-semibold lh-xs fs-20 fs-lg-32 ls--25 mb-5\">Des salles sur mesure et un jardin de 5000 m\u00b2 avec piscine <\/div>\n\t\t\t\t\t\t\t\t\t\t\t\t\t\t\t<div class=\"fs-wysiwyg\">\n\t\t\t\t\t\t<p><span data-contrast=\"auto\">Vous pourriez \u00e9galement organiser de multiples formats dans les diff\u00e9rentes salles du Novotel Milano Linate : un atelier dans l\u2019une, une r\u00e9union priv\u00e9e dans une autre, une session pl\u00e9ni\u00e8re dans une troisi\u00e8me\u2026 changer l\u2019atmosph\u00e8re et avoir des petits groupes est actuellement tr\u00e8s populaire et donne d\u2019excellents r\u00e9sultats. Plus c\u2019est innovant, mieux c\u2019est ! Un autre lieu envisageable est l\u2019espace de coworking dans le hall, d\u00e9cor\u00e9 d\u2019art graffiti.<\/span><span data-ccp-props=\"{}\">\u00a0<\/span><\/p>\n<p><span data-contrast=\"auto\">Le meilleur atout de cet h\u00f4tel est son espace ext\u00e9rieur, un jardin de 5000 m\u00b2 avec piscine et terrasse. Il a \u00e9t\u00e9 r\u00e9nov\u00e9 pour la nouvelle saison et remis au go\u00fbt du jour, pr\u00eat \u00e0 accueillir vos \u00e9v\u00e9nements en plein air, vos cocktails et vos sessions de team building. L\u2019espace est plus que suffisant ! Apr\u00e8s une journ\u00e9e de formation, le r\u00e9seautage se fera tout naturellement.<\/span><\/p>\n\t\t\t\t\t<\/div>\n\t\t\t\t\t\t\t\t\t<\/div>\n\t\t\t<\/div>        \n\t\t<\/div>\n\t<\/div>\n<\/div>\n<!-- END OF : Composant : block-periscope-theme-section-composant-33-texte-image.php -->\n\n\n<!-- START OF : Composant : block-periscope-theme-section-composant-33-texte-image.php -->\n<!-- INVERSE -->\n<div class=\"text-image fs-wysiwyg mb-8 mb-lg-12\" data-component=\"33-texte-image\" data-reverse=\"oui\">\n\t<div class=\"container-fluid\" style=\"--bs-gutter-x: 0\">\n\t\t<div class=\"row\" style=\"--bs-gutter-x: 0\">\n\t\t\t<div class=\"col-lg-6\">\n\t\t\t\t<div class=\"text-image__content\">\n\t\t\t\t\t\t\t\t\t\t<div class=\"fw-semibold lh-xs fs-20 fs-lg-32 ls--25 mb-5\">Bar gastronomique<\/div>\n\t\t\t\t\t\t\t\t\t\t\t\t\t\t\t<div class=\"fs-wysiwyg\">\n\t\t\t\t\t\t<p><span data-contrast=\"auto\" xml:lang=\"FR-FR\" lang=\"FR-FR\" class=\"TextRun SCXW135045834 BCX8\"><span class=\"NormalTextRun SCXW135045834 BCX8\">Les fins gourmets peuvent appr\u00e9cier le menu original au bar gastronomique ou dans le restaurant de l\u2019h\u00f4tel, qui peut accueillir jusqu\u2019\u00e0 200 couverts. Les options de restauration mettent en valeur les saveurs traditionnelles de Milan ainsi que des plats plus internationaux, en accord avec le design et le d\u00e9cor modernes. Les options de restauration mettent en valeur les saveurs traditionnelles de Milan ainsi que des plats plus internationaux, en accord avec le design et le d\u00e9cor modernes.<\/span><\/span><span class=\"EOP SCXW135045834 BCX8\" data-ccp-props=\"{}\">\u00a0<\/span><\/p>\n\t\t\t\t\t<\/div>\n\t\t\t\t\t\t\t\t\t<\/div>\n\t\t\t<\/div>    \n\t\t\t    \n\t\t\t<div class=\"col-lg-6 order-first order-lg-last mb-7 mb-lg-0\">\n\t\t\t\t<img decoding=\"async\" src=\"https:\/\/www.myallmeeting.com\/wp-content\/uploads\/2022\/07\/1137_rs_04_p_2048x1536-953x600.jpg\" width=\"953\" height=\"600\" alt=\"\" loading=\"lazy\" class=\"w-100\" \/>\n\t\t\t<\/div>\n\t\t\t\t\t<\/div>\n\t<\/div>\n<\/div>\n<!-- END OF : Composant : block-periscope-theme-section-composant-33-texte-image.php -->\n\n\n<!-- START OF : Composant : block-periscope-theme-section-composant-33-texte-image.php -->\n<div class=\"text-image fs-wysiwyg mb-8 mb-lg-12\" data-component=\"33-texte-image\">\n\t<div class=\"container-fluid\" style=\"--bs-gutter-x: 0\">\n\t\t<div class=\"row\" style=\"--bs-gutter-x: 0\">\n\t\t\t\t\t\t<div class=\"col-lg-6 mb-7 mb-lg-0\">\n\t\t\t\t<img decoding=\"async\" src=\"https:\/\/www.myallmeeting.com\/wp-content\/uploads\/2022\/07\/1137_de_01_p_2048x1536-953x600.jpg\" width=\"953\" height=\"600\" alt=\"\" loading=\"lazy\" class=\"w-100\" \/>\n\t\t\t<\/div>\n\t\t\t\t\t\t<div class=\"col-lg-6\">\n\t\t\t\t<div class=\"text-image__content\">\n\t\t\t\t\t\t\t\t\t\t<div class=\"fw-semibold lh-xs fs-20 fs-lg-32 ls--25 mb-5\">Un emplacement id\u00e9al pour des activit\u00e9s vari\u00e9es<\/div>\n\t\t\t\t\t\t\t\t\t\t\t\t\t\t\t<div class=\"fs-wysiwyg\">\n\t\t\t\t\t\t<p><span data-contrast=\"auto\">La cath\u00e9drale de Milan se trouve \u00e0 20 minutes de l\u2019h\u00f4tel en tram, et de l\u00e0, vous \u00eates \u00e0 proximit\u00e9 du Castello Sforzesco, de la Scala et des chefs-d\u2019\u0153uvre de L\u00e9onard de Vinci et du Caravage. D\u2019une mani\u00e8re ou d\u2019une autre, ces artistes ne manqueront pas de figurer au programme de votre \u00e9v\u00e9nement ! L\u2019h\u00f4tel peut organiser des excursions, des activit\u00e9s et des sessions de teambuilding dans le cadre de votre \u00e9v\u00e9nement.<\/span><span data-ccp-props=\"{}\">\u00a0<\/span><\/p>\n<p><span data-contrast=\"auto\">Milan compte plus de 80 mus\u00e9es. Les arts du spectacle et l\u2019op\u00e9ra jouent \u00e9galement un r\u00f4le majeur, la Scala \u00e9tant une r\u00e9f\u00e9rence mondiale en mati\u00e8re d\u2019op\u00e9ra. Le circuit ENI Monza accueille des programmes d\u2019<\/span><i><span data-contrast=\"auto\">incentives <\/span><\/i><span data-contrast=\"auto\">et des \u00e9v\u00e9nements pour l\u2019industrie automobile, o\u00f9 les invit\u00e9s peuvent d\u00e9couvrir ce qu\u2019est la conduite d\u2019une Formule 1, d\u2019une Ferrari et d\u2019une Lamborghini.<\/span><span data-ccp-props=\"{}\">\u00a0<\/span><\/p>\n<p><span data-contrast=\"auto\">Si vous souhaitez clore le programme de votre \u00e9v\u00e9nement par une activit\u00e9 physique, le centre de remise en forme de l\u2019h\u00f4tel est ouvert 24 heures sur 24. \u00c0 quelques minutes en voiture, vous trouverez\u202f<\/span><i><span data-contrast=\"auto\">Idroscolo<\/span><\/i><span data-contrast=\"auto\">, un lac entour\u00e9 d\u2019espaces verts avec de nombreux restaurants et un espace pour s\u2019essayer \u00e0 20 sports diff\u00e9rents : la voile, le ski nautique, le cano\u00eb, le surf, l\u2019\u00e9quitation, le skateboard et bien plus encore.<\/span><span data-ccp-props=\"{}\">\u00a0<\/span><\/p>\n<p><span data-contrast=\"auto\">Et en \u00e9t\u00e9, SPLASH !\u202f<\/span><i><span data-contrast=\"auto\">Piscine, d\u00e9jeuner, incroyable, soleil, bonheur&#8230; <\/span><\/i><span data-contrast=\"auto\">\u202fProfitez de la piscine depuis votre chaise longue, avec de la bonne musique et de d\u00e9licieux plats et boissons au bar et restaurant en plein air.\u202f Vous serez accueilli avec un cadeau de bienvenue sp\u00e9cial \u2013 si vous voulez savoir ce que c\u2019est, vous devrez venir s\u00e9journer parmi nous !<\/span><span data-ccp-props=\"{}\">\u00a0<\/span><\/p>\n\t\t\t\t\t<\/div>\n\t\t\t\t\t\t\t\t\t<\/div>\n\t\t\t<\/div>        \n\t\t<\/div>\n\t<\/div>\n<\/div>\n<!-- END OF : Composant : block-periscope-theme-section-composant-33-texte-image.php -->\n","protected":false},"excerpt":{"rendered":"<p>D\u00e9couvrez, pour votre prochain \u00e9v\u00e8nement, cette oasis de plaisir \u00e0 quelques kilom\u00e8tres du centre de Milan<\/p>\n","protected":false},"featured_media":16556477,"menu_order":0,"template":"","periscope_categorie_tax":[1651],"class_list":["post-15226658","article","type-article","status-publish","has-post-thumbnail","hentry","periscope_categorie_tax-reportage-du-mois"],"acf":[],"yoast_head":"<title>Novotel Milano Linate Aeroporto : un jardin secret pour vos \u00e9v\u00e9nements ! - Accor MyAllMeeting.com<\/title>\n<meta name=\"robots\" content=\"index, follow, max-snippet:-1, max-image-preview:large, max-video-preview:-1\" \/>\n<link rel=\"canonical\" href=\"https:\/\/www.myallmeeting.com\/fr\/wp-json\/wp\/v2\/article\/15226658\" \/>\n<meta property=\"og:locale\" content=\"fr_FR\" \/>\n<meta property=\"og:type\" content=\"article\" \/>\n<meta property=\"og:title\" content=\"Novotel Milano Linate Aeroporto : un jardin secret pour vos \u00e9v\u00e9nements ! - Accor MyAllMeeting.com\" \/>\n<meta property=\"og:description\" content=\"D\u00e9couvrez, pour votre prochain \u00e9v\u00e8nement, cette oasis de plaisir \u00e0 quelques kilom\u00e8tres du centre de Milan\" \/>\n<meta property=\"og:url\" content=\"https:\/\/www.myallmeeting.com\/fr\/article\/novotel-milano-linate-aeroporto-un-jardin-secret-pour-vos-evenements\/\" \/>\n<meta property=\"og:site_name\" content=\"Accor MyAllMeeting.com\" \/>\n<meta property=\"article:modified_time\" content=\"2024-11-13T16:26:32+00:00\" \/>\n<meta property=\"og:image\" content=\"https:\/\/www.myallmeeting.com\/wp-content\/uploads\/2022\/07\/MAM-baner-1920x570-19.png\" \/>\n\t<meta property=\"og:image:width\" content=\"1920\" \/>\n\t<meta property=\"og:image:height\" content=\"570\" \/>\n\t<meta property=\"og:image:type\" content=\"image\/png\" \/>\n<meta name=\"twitter:card\" content=\"summary_large_image\" \/>\n<meta name=\"twitter:label1\" content=\"Dur\u00e9e de lecture estim\u00e9e\" \/>\n\t<meta name=\"twitter:data1\" content=\"7 minutes\" \/>\n<script type=\"application\/ld+json\" class=\"yoast-schema-graph\">{\"@context\":\"https:\/\/schema.org\",\"@graph\":[{\"@type\":\"WebPage\",\"@id\":\"https:\/\/www.myallmeeting.com\/fr\/article\/novotel-milano-linate-aeroporto-un-jardin-secret-pour-vos-evenements\/\",\"url\":\"https:\/\/www.myallmeeting.com\/fr\/article\/novotel-milano-linate-aeroporto-un-jardin-secret-pour-vos-evenements\/\",\"name\":\"Novotel Milano Linate Aeroporto : un jardin secret pour vos \u00e9v\u00e9nements ! - Accor MyAllMeeting.com\",\"isPartOf\":{\"@id\":\"https:\/\/www.myallmeeting.com\/fr\/#website\"},\"primaryImageOfPage\":{\"@id\":\"https:\/\/www.myallmeeting.com\/fr\/article\/novotel-milano-linate-aeroporto-un-jardin-secret-pour-vos-evenements\/#primaryimage\"},\"image\":{\"@id\":\"https:\/\/www.myallmeeting.com\/fr\/article\/novotel-milano-linate-aeroporto-un-jardin-secret-pour-vos-evenements\/#primaryimage\"},\"thumbnailUrl\":\"https:\/\/www.myallmeeting.com\/wp-content\/uploads\/2022\/07\/MAM-baner-1920x570-19.png\",\"datePublished\":\"2022-07-15T09:17:42+00:00\",\"dateModified\":\"2024-11-13T16:26:32+00:00\",\"breadcrumb\":{\"@id\":\"https:\/\/www.myallmeeting.com\/fr\/article\/novotel-milano-linate-aeroporto-un-jardin-secret-pour-vos-evenements\/#breadcrumb\"},\"inLanguage\":\"fr-FR\",\"potentialAction\":[{\"@type\":\"ReadAction\",\"target\":[\"https:\/\/www.myallmeeting.com\/fr\/article\/novotel-milano-linate-aeroporto-un-jardin-secret-pour-vos-evenements\/\"]}]},{\"@type\":\"ImageObject\",\"inLanguage\":\"fr-FR\",\"@id\":\"https:\/\/www.myallmeeting.com\/fr\/article\/novotel-milano-linate-aeroporto-un-jardin-secret-pour-vos-evenements\/#primaryimage\",\"url\":\"https:\/\/www.myallmeeting.com\/wp-content\/uploads\/2022\/07\/MAM-baner-1920x570-19.png\",\"contentUrl\":\"https:\/\/www.myallmeeting.com\/wp-content\/uploads\/2022\/07\/MAM-baner-1920x570-19.png\",\"width\":1920,\"height\":570},{\"@type\":\"BreadcrumbList\",\"@id\":\"https:\/\/www.myallmeeting.com\/fr\/article\/novotel-milano-linate-aeroporto-un-jardin-secret-pour-vos-evenements\/#breadcrumb\",\"itemListElement\":[{\"@type\":\"ListItem\",\"position\":1,\"name\":\"Accueil\",\"item\":\"https:\/\/myallmeeting.com\/fr\/\"},{\"@type\":\"ListItem\",\"position\":2,\"name\":\"Actualit\u00e9s\",\"item\":\"https:\/\/www.myallmeeting.com\/fr\/actualite\/\"},{\"@type\":\"ListItem\",\"position\":3,\"name\":\"Novotel Milano Linate Aeroporto : un jardin secret pour vos \u00e9v\u00e9nements !\"}]},{\"@type\":\"WebSite\",\"@id\":\"https:\/\/www.myallmeeting.com\/fr\/#website\",\"url\":\"https:\/\/www.myallmeeting.com\/fr\/\",\"name\":\"Accor MyAllMeeting.com\",\"description\":\"Les Meilleurs lieux pour vos Ev\u00e9nements Professionnels\",\"publisher\":{\"@id\":\"https:\/\/www.myallmeeting.com\/fr\/#organization\"},\"potentialAction\":[{\"@type\":\"SearchAction\",\"target\":{\"@type\":\"EntryPoint\",\"urlTemplate\":\"https:\/\/www.myallmeeting.com\/fr\/?s={search_term_string}\"},\"query-input\":{\"@type\":\"PropertyValueSpecification\",\"valueRequired\":true,\"valueName\":\"search_term_string\"}}],\"inLanguage\":\"fr-FR\"},{\"@type\":\"Organization\",\"@id\":\"https:\/\/www.myallmeeting.com\/fr\/#organization\",\"name\":\"ACCOR\",\"url\":\"https:\/\/www.myallmeeting.com\/fr\/\",\"logo\":{\"@type\":\"ImageObject\",\"inLanguage\":\"fr-FR\",\"@id\":\"https:\/\/www.myallmeeting.com\/fr\/#\/schema\/logo\/image\/\",\"url\":\"\",\"contentUrl\":\"\",\"caption\":\"ACCOR\"},\"image\":{\"@id\":\"https:\/\/www.myallmeeting.com\/fr\/#\/schema\/logo\/image\/\"}}]}<\/script>","yoast_head_json":{"title":"Novotel Milano Linate Aeroporto : un jardin secret pour vos \u00e9v\u00e9nements ! - Accor MyAllMeeting.com","robots":{"index":"index","follow":"follow","max-snippet":"max-snippet:-1","max-image-preview":"max-image-preview:large","max-video-preview":"max-video-preview:-1"},"canonical":"https:\/\/www.myallmeeting.com\/fr\/wp-json\/wp\/v2\/article\/15226658","og_locale":"fr_FR","og_type":"article","og_title":"Novotel Milano Linate Aeroporto : un jardin secret pour vos \u00e9v\u00e9nements ! - Accor MyAllMeeting.com","og_description":"D\u00e9couvrez, pour votre prochain \u00e9v\u00e8nement, cette oasis de plaisir \u00e0 quelques kilom\u00e8tres du centre de Milan","og_url":"https:\/\/www.myallmeeting.com\/fr\/article\/novotel-milano-linate-aeroporto-un-jardin-secret-pour-vos-evenements\/","og_site_name":"Accor MyAllMeeting.com","article_modified_time":"2024-11-13T16:26:32+00:00","og_image":[{"width":1920,"height":570,"url":"https:\/\/www.myallmeeting.com\/wp-content\/uploads\/2022\/07\/MAM-baner-1920x570-19.png","type":"image\/png"}],"twitter_card":"summary_large_image","twitter_misc":{"Dur\u00e9e de lecture estim\u00e9e":"7 minutes"},"schema":{"@context":"https:\/\/schema.org","@graph":[{"@type":"WebPage","@id":"https:\/\/www.myallmeeting.com\/fr\/article\/novotel-milano-linate-aeroporto-un-jardin-secret-pour-vos-evenements\/","url":"https:\/\/www.myallmeeting.com\/fr\/article\/novotel-milano-linate-aeroporto-un-jardin-secret-pour-vos-evenements\/","name":"Novotel Milano Linate Aeroporto : un jardin secret pour vos \u00e9v\u00e9nements ! - Accor MyAllMeeting.com","isPartOf":{"@id":"https:\/\/www.myallmeeting.com\/fr\/#website"},"primaryImageOfPage":{"@id":"https:\/\/www.myallmeeting.com\/fr\/article\/novotel-milano-linate-aeroporto-un-jardin-secret-pour-vos-evenements\/#primaryimage"},"image":{"@id":"https:\/\/www.myallmeeting.com\/fr\/article\/novotel-milano-linate-aeroporto-un-jardin-secret-pour-vos-evenements\/#primaryimage"},"thumbnailUrl":"https:\/\/www.myallmeeting.com\/wp-content\/uploads\/2022\/07\/MAM-baner-1920x570-19.png","datePublished":"2022-07-15T09:17:42+00:00","dateModified":"2024-11-13T16:26:32+00:00","breadcrumb":{"@id":"https:\/\/www.myallmeeting.com\/fr\/article\/novotel-milano-linate-aeroporto-un-jardin-secret-pour-vos-evenements\/#breadcrumb"},"inLanguage":"fr-FR","potentialAction":[{"@type":"ReadAction","target":["https:\/\/www.myallmeeting.com\/fr\/article\/novotel-milano-linate-aeroporto-un-jardin-secret-pour-vos-evenements\/"]}]},{"@type":"ImageObject","inLanguage":"fr-FR","@id":"https:\/\/www.myallmeeting.com\/fr\/article\/novotel-milano-linate-aeroporto-un-jardin-secret-pour-vos-evenements\/#primaryimage","url":"https:\/\/www.myallmeeting.com\/wp-content\/uploads\/2022\/07\/MAM-baner-1920x570-19.png","contentUrl":"https:\/\/www.myallmeeting.com\/wp-content\/uploads\/2022\/07\/MAM-baner-1920x570-19.png","width":1920,"height":570},{"@type":"BreadcrumbList","@id":"https:\/\/www.myallmeeting.com\/fr\/article\/novotel-milano-linate-aeroporto-un-jardin-secret-pour-vos-evenements\/#breadcrumb","itemListElement":[{"@type":"ListItem","position":1,"name":"Accueil","item":"https:\/\/myallmeeting.com\/fr\/"},{"@type":"ListItem","position":2,"name":"Actualit\u00e9s","item":"https:\/\/www.myallmeeting.com\/fr\/actualite\/"},{"@type":"ListItem","position":3,"name":"Novotel Milano Linate Aeroporto : un jardin secret pour vos \u00e9v\u00e9nements !"}]},{"@type":"WebSite","@id":"https:\/\/www.myallmeeting.com\/fr\/#website","url":"https:\/\/www.myallmeeting.com\/fr\/","name":"Accor MyAllMeeting.com","description":"Les Meilleurs lieux pour vos Ev\u00e9nements Professionnels","publisher":{"@id":"https:\/\/www.myallmeeting.com\/fr\/#organization"},"potentialAction":[{"@type":"SearchAction","target":{"@type":"EntryPoint","urlTemplate":"https:\/\/www.myallmeeting.com\/fr\/?s={search_term_string}"},"query-input":{"@type":"PropertyValueSpecification","valueRequired":true,"valueName":"search_term_string"}}],"inLanguage":"fr-FR"},{"@type":"Organization","@id":"https:\/\/www.myallmeeting.com\/fr\/#organization","name":"ACCOR","url":"https:\/\/www.myallmeeting.com\/fr\/","logo":{"@type":"ImageObject","inLanguage":"fr-FR","@id":"https:\/\/www.myallmeeting.com\/fr\/#\/schema\/logo\/image\/","url":"","contentUrl":"","caption":"ACCOR"},"image":{"@id":"https:\/\/www.myallmeeting.com\/fr\/#\/schema\/logo\/image\/"}}]}},"_links":{"self":[{"href":"https:\/\/www.myallmeeting.com\/fr\/wp-json\/wp\/v2\/article\/15226658","targetHints":{"allow":["GET"]}}],"collection":[{"href":"https:\/\/www.myallmeeting.com\/fr\/wp-json\/wp\/v2\/article"}],"about":[{"href":"https:\/\/www.myallmeeting.com\/fr\/wp-json\/wp\/v2\/types\/article"}],"wp:featuredmedia":[{"embeddable":true,"href":"https:\/\/www.myallmeeting.com\/fr\/wp-json\/wp\/v2\/media\/16556477"}],"wp:attachment":[{"href":"https:\/\/www.myallmeeting.com\/fr\/wp-json\/wp\/v2\/media?parent=15226658"}],"wp:term":[{"taxonomy":"periscope_categorie_tax","embeddable":true,"href":"https:\/\/www.myallmeeting.com\/fr\/wp-json\/wp\/v2\/periscope_categorie_tax?post=15226658"}],"curies":[{"name":"wp","href":"https:\/\/api.w.org\/{rel}","templated":true}]}}