{"id":15226657,"date":"2022-07-18T15:40:14","date_gmt":"2022-07-18T13:40:14","guid":{"rendered":"https:\/\/myallmeeting.com\/article\/un-seminaire-sur-les-toits-de-paris-au-novotel-paris-vaugirard-montparnasse\/"},"modified":"2024-11-15T14:15:30","modified_gmt":"2024-11-15T13:15:30","slug":"un-seminaire-sur-les-toits-de-paris-au-novotel-paris-vaugirard-montparnasse","status":"publish","type":"article","link":"https:\/\/www.myallmeeting.com\/fr\/article\/un-seminaire-sur-les-toits-de-paris-au-novotel-paris-vaugirard-montparnasse\/","title":{"rendered":"Un s\u00e9minaire sur les toits de Paris au Novotel Paris Vaugirard Montparnasse"},"content":{"rendered":"<!-- START OF : Composant : block-periscope-theme-section-composant-25-texte-cta-2-images.php -->\n<div class=\"tcta2ia bg-white fs-wysiwyg mb-lg-12\" data-component=\"25-texte-cta-2-images\">\n\t<div class=\"tcta2ia__top\">\n\t\t<div class=\"container-fluid\" style=\"--bs-gutter-x: 0\">\n\t\t\t<div class=\"row\" style=\"--bs-gutter-x: 0\">\n\t\t\t\t<div class=\"col-lg-8\">\n\t\t\t\t\t\t\t\t\t\t<div class=\"bloc-mise-en-avant__top__left\">\n\t\t\t\t\t\t<img decoding=\"async\" src=\"https:\/\/www.myallmeeting.com\/wp-content\/uploads\/2022\/07\/aja_p_5989-72__original-1268x846.jpeg\" class=\"pe-2 pe-lg-0\" width=\"1268\" height=\"846\" alt=\"\" loading=\"lazy\" \/>\n\t\t\t\t\t<\/div>\n\t\t\t\t\t\t\t\t\t\t<div class=\"tcta2ia__bottom d-none d-lg-block pb-12 pt-lg-9 pb-lg-0 pe-lg-10\">\n\t\t\t\t\t\t\t\t\t\t\t\t<h2 class=\"fs-20 fs-lg-32 fw-semibold\">Une ambiance travaill\u00e9e <\/h2>\n\t\t\t\t\t\t\t\t\t\t\t\t\t\t\t\t\t\t<div class=\"fs-wysiwyg\"><p><span data-contrast=\"auto\" xml:lang=\"FR-FR\" lang=\"FR-FR\" class=\"TextRun SCXW67732942 BCX8\"><span class=\"NormalTextRun SCXW67732942 BCX8\">Un hall spacieux habill\u00e9 de bois, un \u00e9tonnant lustre v\u00e9g\u00e9tal qui plonge vers vous en m\u00eame temps que la lumi\u00e8re plonge d\u2019une grande verri\u00e8re, une senteur d\u00e9licate aux effluves forestiers, une musique d\u2019ambiance originale\u2026 Difficile de ne pas tomber sous le charme de l\u2019atmosph\u00e8re qui se d\u00e9gage une fois les portes franchies du Novotel Paris Vaugirard Montparnasse. Repens\u00e9 et red\u00e9cor\u00e9 de fond en comble sous la houlette de l\u2019architecte <\/span><\/span><span data-contrast=\"auto\" xml:lang=\"FR-FR\" lang=\"FR-FR\" class=\"TextRun SCXW67732942 BCX8\"><span class=\"NormalTextRun SCXW67732942 BCX8\">Jean-Philippe <\/span><span class=\"NormalTextRun SpellingErrorV2Themed SCXW67732942 BCX8\">Nuel<\/span><\/span><span data-contrast=\"auto\" xml:lang=\"FR-FR\" lang=\"FR-FR\" class=\"TextRun SCXW67732942 BCX8\"><span class=\"NormalTextRun SCXW67732942 BCX8\">, cet h\u00f4tel de l\u2019Ouest parisien de <\/span><\/span><span data-contrast=\"auto\" xml:lang=\"FR-FR\" lang=\"FR-FR\" class=\"TextRun SCXW67732942 BCX8\"><span class=\"NormalTextRun SCXW67732942 BCX8\">91 chambres<\/span><\/span><span data-contrast=\"auto\" xml:lang=\"FR-FR\" lang=\"FR-FR\" class=\"TextRun SCXW67732942 BCX8\"><span class=\"NormalTextRun SCXW67732942 BCX8\"> offre un lieu o\u00f9 vos \u00e9quipes se sentiront imm\u00e9diatement \u00e0 l\u2019aise.<\/span><\/span><span class=\"EOP SCXW67732942 BCX8\" data-ccp-props=\"{}\">\u00a0<\/span><\/p>\n<\/div>\n\t\t\t\t\t\t\t\t\t\t\t\t<div class=\"d-flex flex-column flex-lg-row align-items-center gap-5 gap-lg-8 justify-content-between\">\n\t\t\t\t\t\t\t<div class=\"fs-20 fs-lg-26 fw-semibold lh-xs\"><\/div>\n\t\t\t\t\t\t\t\t\t\t\t\t\t<\/div>\n\t\t\t\t\t<\/div>\n\t\t\t\t<\/div>\n\t\t\t\t<div class=\"col-lg-4\">\n\t\t\t\t\t<div class=\"tcta2ia__top__right t-0 r-0 bg-primary text-white pt-4 pb-4 px-2 pt-lg-8 pb-lg-16 px-lg-11 pb-xl-30\">\n\t\t\t\t\t\t\t\t\t\t\t\t\t\t\t\t\t\t<h2 class=\"unna fs-36 fs-lg-51 fs-xl-75 fs-italic fw-normal text-secondary\">Un s\u00e9minaire sur les toits de Paris au Novotel Paris Vaugirard Montparnasse<\/h2>\n\t\t\t\t\t\t\t\t\t\t\t\t\t\t\t\t\t\t<h3 class=\"text-white fs-18 fs-lg-20 fs-xl-28 text-original-case\">10 salles \u00e9v\u00e8nementielles, un rooftop et bien d\u2019autres services pour votre prochain \u00e9v\u00e8nement<\/h3>\n\t\t\t\t\t\t\t\t\t\t\t\t\t\t\t\t\t\t<div class=\"fs-wysiwyg mb-4 fs-lg-16 fs-xl-20\"><p><span data-contrast=\"auto\" xml:lang=\"FR-FR\" lang=\"FR-FR\" class=\"TextRun SCXW228317556 BCX8\"><span class=\"NormalTextRun SCXW228317556 BCX8\">Vous r\u00eavez de proposer \u00e0 vos \u00e9quipes une parenth\u00e8se \u00ab respirante \u00bb ? Rendez-vous dans le XVe arrondissement de Paris, au <\/span><\/span><a class=\"Hyperlink HyperlinkGateOff SCXW228317556 BCX8\" href=\"https:\/\/myallmeeting.com\/fr\/hotel\/1978-novotel-paris-vaugirard-montp\/\" target=\"_blank\" rel=\"noreferrer noopener\"><span data-contrast=\"none\" xml:lang=\"FR-FR\" lang=\"FR-FR\" class=\"TextRun Underlined UnderlinedGateOff SCXW228317556 BCX8\"><span class=\"NormalTextRun SCXW228317556 BCX8\" data-ccp-charstyle=\"Hyperlink\">Novotel Paris Vaugirard Montparnasse<\/span><\/span><\/a><span data-contrast=\"auto\" xml:lang=\"FR-FR\" lang=\"FR-FR\" class=\"TextRun SCXW228317556 BCX8\"><span class=\"NormalTextRun SCXW228317556 BCX8\">. Cinq des salles de r\u00e9union de cet h\u00f4tel 4 \u00e9toiles vous attendent au 7e \u00e9tage, attenantes au <\/span><\/span><span data-contrast=\"auto\" xml:lang=\"FR-FR\" lang=\"FR-FR\" class=\"TextRun SCXW228317556 BCX8\"><span class=\"NormalTextRun SpellingErrorV2Themed SCXW228317556 BCX8\">rooftop<\/span><\/span><span data-contrast=\"auto\" xml:lang=\"FR-FR\" lang=\"FR-FR\" class=\"TextRun SCXW228317556 BCX8\"><span class=\"NormalTextRun SCXW228317556 BCX8\"> o\u00f9 vous pourrez conclure votre s\u00e9minaire en contemplant Paris, tout en d\u00e9gustant les <\/span><\/span><span data-contrast=\"auto\" xml:lang=\"FR-FR\" lang=\"FR-FR\" class=\"TextRun SCXW228317556 BCX8\"><span class=\"NormalTextRun SCXW228317556 BCX8\">cocktails \u00ab exp\u00e9rience \u00bb,<\/span><\/span><span data-contrast=\"auto\" xml:lang=\"FR-FR\" lang=\"FR-FR\" class=\"TextRun SCXW228317556 BCX8\"><span class=\"NormalTextRun SCXW228317556 BCX8\"> sp\u00e9cialit\u00e9s de la maison !<\/span><\/span><span class=\"EOP SCXW228317556 BCX8\" data-ccp-props=\"{}\">\u00a0<\/span><\/p>\n<\/div>\n\t\t\t\t\t\t\t\t\t\t\t\t\t\t\t\t\t\t\t\t\t\t\t\t<p class=\"m-0\"><img decoding=\"async\" src=\"https:\/\/www.myallmeeting.com\/wp-content\/uploads\/2022\/07\/aja_p_5967-83__original-633x398.jpeg\" class=\"position-relative l-0\" width=\"633\" height=\"398\" alt=\"\" loading=\"lazy\" \/><\/p>\n\t\t\t\t\t\t\t\t\t\t\t<\/div>\n\t\t\t\t<\/div>\n\t\t\t<\/div>\n\t\t<\/div>\n\t<\/div>\n\t<div class=\"tcta2ia__bottom d-lg-none pb-12 py-lg-9 pe-lg-10\">\n\t\t\t\t<div class=\"h2 fs-20 fs-lg-32 fw-semibold\">Une ambiance travaill\u00e9e <\/div>\n\t\t\t\t\t\t<div class=\"fs-wysiwyg\"><p><span data-contrast=\"auto\" xml:lang=\"FR-FR\" lang=\"FR-FR\" class=\"TextRun SCXW67732942 BCX8\"><span class=\"NormalTextRun SCXW67732942 BCX8\">Un hall spacieux habill\u00e9 de bois, un \u00e9tonnant lustre v\u00e9g\u00e9tal qui plonge vers vous en m\u00eame temps que la lumi\u00e8re plonge d\u2019une grande verri\u00e8re, une senteur d\u00e9licate aux effluves forestiers, une musique d\u2019ambiance originale\u2026 Difficile de ne pas tomber sous le charme de l\u2019atmosph\u00e8re qui se d\u00e9gage une fois les portes franchies du Novotel Paris Vaugirard Montparnasse. Repens\u00e9 et red\u00e9cor\u00e9 de fond en comble sous la houlette de l\u2019architecte <\/span><\/span><span data-contrast=\"auto\" xml:lang=\"FR-FR\" lang=\"FR-FR\" class=\"TextRun SCXW67732942 BCX8\"><span class=\"NormalTextRun SCXW67732942 BCX8\">Jean-Philippe <\/span><span class=\"NormalTextRun SpellingErrorV2Themed SCXW67732942 BCX8\">Nuel<\/span><\/span><span data-contrast=\"auto\" xml:lang=\"FR-FR\" lang=\"FR-FR\" class=\"TextRun SCXW67732942 BCX8\"><span class=\"NormalTextRun SCXW67732942 BCX8\">, cet h\u00f4tel de l\u2019Ouest parisien de <\/span><\/span><span data-contrast=\"auto\" xml:lang=\"FR-FR\" lang=\"FR-FR\" class=\"TextRun SCXW67732942 BCX8\"><span class=\"NormalTextRun SCXW67732942 BCX8\">91 chambres<\/span><\/span><span data-contrast=\"auto\" xml:lang=\"FR-FR\" lang=\"FR-FR\" class=\"TextRun SCXW67732942 BCX8\"><span class=\"NormalTextRun SCXW67732942 BCX8\"> offre un lieu o\u00f9 vos \u00e9quipes se sentiront imm\u00e9diatement \u00e0 l\u2019aise.<\/span><\/span><span class=\"EOP SCXW67732942 BCX8\" data-ccp-props=\"{}\">\u00a0<\/span><\/p>\n<\/div>\n\t\t\t\t<div class=\"d-flex flex-column flex-lg-row align-items-center gap-5 gap-lg-8 justify-content-between\">\n\t\t\t<div class=\"fs-20 fs-lg-26 fw-semibold lh-xs\"><\/div>\n\t\t\t\t\t<\/div>\n\t<\/div>\n<\/div>\n<!-- END OF : Composant : block-periscope-theme-section-composant-25-texte-cta-2-images.php -->\n\n\n<!-- START OF : Composant : block-periscope-theme-section-composant-33-texte-image.php -->\n<div class=\"text-image fs-wysiwyg mb-8 mb-lg-12\" data-component=\"33-texte-image\">\n\t<div class=\"container-fluid\" style=\"--bs-gutter-x: 0\">\n\t\t<div class=\"row\" style=\"--bs-gutter-x: 0\">\n\t\t\t\t\t\t<div class=\"col-lg-6 mb-7 mb-lg-0\">\n\t\t\t\t<img decoding=\"async\" src=\"https:\/\/www.myallmeeting.com\/wp-content\/uploads\/2022\/07\/aja_p_6177-28__original-953x600.jpeg\" width=\"953\" height=\"600\" alt=\"\" loading=\"lazy\" class=\"w-100\" \/>\n\t\t\t<\/div>\n\t\t\t\t\t\t<div class=\"col-lg-6\">\n\t\t\t\t<div class=\"text-image__content\">\n\t\t\t\t\t\t\t\t\t\t<div class=\"fw-semibold lh-xs fs-20 fs-lg-32 ls--25 mb-5\">Des accents d\u2019Italie<\/div>\n\t\t\t\t\t\t\t\t\t\t\t\t\t\t\t<div class=\"fs-wysiwyg\">\n\t\t\t\t\t\t<p><span data-contrast=\"auto\">Au rez-de-chauss\u00e9e, le restaurant le <\/span><b><span data-contrast=\"auto\">Quindici<\/span><\/b><span data-contrast=\"auto\"> (\u00ab quinze \u00bb en italien) est \u00e0 votre disposition. Vous l\u2019aurez compris, ses <\/span><b><span data-contrast=\"auto\">sp\u00e9cialit\u00e9s<\/span><\/b><span data-contrast=\"auto\"> sont <\/span><b><span data-contrast=\"auto\">italiennes<\/span><\/b><span data-contrast=\"auto\">\u2026 mais VRAIMENT italiennes : c\u2019est le chef calabrais Denny Imbroisi qui a sign\u00e9 la carte et partag\u00e9 quelques-uns de ses \u201ctuyaux\u201d en termes de fournisseurs. R\u00e9sultat ? Une cuisine \u00e0 base de produits d\u2019Italie, frais et de qualit\u00e9, pour un ticket moyen tr\u00e8s avantageux.<\/span><span data-ccp-props=\"{}\">\u00a0<\/span><\/p>\n<p><span data-contrast=\"auto\">Pour vivre un moment de d\u00e9tente en mode bar et antipasti \u00e0 grignoter, outre le coffee-shop du m\u00eame nom juste \u00e0 c\u00f4t\u00e9, prenez l\u2019ascenseur jusqu\u2019au 7e \u00e9tage. Les entrelacs m\u00e9talliques de la structure qui habille cet \u00e9tage font penser \u00e0 un nid et c\u2019est tout naturellement que le bar qui s\u2019y trouve porte un joli nom, qui y fait \u00e9cho : <\/span><b><span data-contrast=\"auto\">Ilvolo<\/span><\/b><span data-contrast=\"auto\"> (\u00ab il vole \u00bb\u2026 en italien !). Et l\u00e0, entre fauteuils profonds, terrasse avec vue sur Paris et <\/span><b><span data-contrast=\"auto\">cocktails ou mocktails \u00ab exp\u00e9rience \u00bb,<\/span><\/b><span data-contrast=\"auto\"> \u00e0 base de fleurs ou de foin fum\u00e9, cr\u00e9\u00e9s par le <\/span><b><span data-contrast=\"auto\">mixologue Matthias Giroud<\/span><\/b><span data-contrast=\"auto\">, vous fr\u00f4lerez le paradis\u2026<\/span><span data-ccp-props=\"{}\">\u00a0<\/span><\/p>\n\t\t\t\t\t<\/div>\n\t\t\t\t\t\t\t\t\t<\/div>\n\t\t\t<\/div>        \n\t\t<\/div>\n\t<\/div>\n<\/div>\n<!-- END OF : Composant : block-periscope-theme-section-composant-33-texte-image.php -->\n\n\n<!-- START OF : Composant : block-periscope-theme-section-composant-33-texte-image.php -->\n<!-- INVERSE -->\n<div class=\"text-image fs-wysiwyg mb-8 mb-lg-12\" data-component=\"33-texte-image\" data-reverse=\"oui\">\n\t<div class=\"container-fluid\" style=\"--bs-gutter-x: 0\">\n\t\t<div class=\"row\" style=\"--bs-gutter-x: 0\">\n\t\t\t<div class=\"col-lg-6\">\n\t\t\t\t<div class=\"text-image__content\">\n\t\t\t\t\t\t\t\t\t\t<div class=\"fw-semibold lh-xs fs-20 fs-lg-32 ls--25 mb-5\">Un s\u00e9minaire \u00e0 taille humaine<\/div>\n\t\t\t\t\t\t\t\t\t\t\t\t\t\t\t<div class=\"fs-wysiwyg\">\n\t\t\t\t\t\t<p><span data-contrast=\"auto\">On dit parfois qu\u2019il se m\u00e9rite, le paradis\u2026 Pas au Novotel Paris Vaugirard Montparnasse ! O\u00f9 la qualit\u00e9 de service, toujours au rendez-vous, donne l\u2019impression \u00e0 vos \u00e9quipes qu\u2019elles ne sont pas l\u00e0 pour travailler !<\/span><span data-ccp-props=\"{}\">\u00a0<\/span><\/p>\n<p><span data-contrast=\"auto\">Au niveau -2, les salles <\/span><b><span data-contrast=\"auto\">Naples, Milan et Rome<\/span><\/b><span data-contrast=\"auto\"> \u2013 respectivement 100, 120 et 135 m\u00b2 \u2013, \u00e9quip\u00e9s audio et son, attendent vos conventions. Quand on les r\u00e9unit, <\/span><b><span data-contrast=\"auto\">355 m\u00b2 <\/span><\/b><span data-contrast=\"auto\">peuvent alors accueillir <\/span><b><span data-contrast=\"auto\">300 personnes <\/span><\/b><span data-contrast=\"auto\">en th\u00e9\u00e2tre, qui pourront se restaurer dans la salle attenante, baign\u00e9e par la lumi\u00e8re du jour. Au 7e \u00e9tage, l\u2019h\u00f4tel propose \u00e9galement 5 salles de r\u00e9union, pouvant accueillir jusqu\u2019\u00e0 40 personnes en th\u00e9\u00e2tre.<\/span><span data-ccp-props=\"{}\">\u00a0<\/span><\/p>\n<p><span data-contrast=\"auto\">Les salles <\/span><b><span data-contrast=\"auto\">Atelier et Loft<\/span><\/b><span data-contrast=\"auto\">, avec terrasse privative, peuvent accueillir jusqu\u2019\u00e0 60 personnes en cocktail. Au m\u00eame \u00e9tage, trois suites (30, 50 et 60 m\u00b2) munies d\u2019un lit escamotable et de tables gigognes permettent d\u2019y tenir des r\u00e9unions hybrides, et m\u00eame des visioconf\u00e9rences, gr\u00e2ce \u00e0 un syst\u00e8me de visio mobile.<\/span><span data-ccp-props=\"{}\">\u00a0<\/span><\/p>\n<p><span data-contrast=\"auto\">Le Novotel Paris Vaugirard Montparnasse ajoute \u00e0 ces atouts une situation id\u00e9ale : en plein Paris, \u00e0 deux pas de la gare Montparnasse et du Parc des expositions de la porte de Versailles. Alors\u2026 Vous reprendrez bien un peu de vue ?<\/span><span data-ccp-props=\"{}\">\u00a0<\/span><\/p>\n\t\t\t\t\t<\/div>\n\t\t\t\t\t\t\t\t\t<\/div>\n\t\t\t<\/div>    \n\t\t\t    \n\t\t\t<div class=\"col-lg-6 order-first order-lg-last mb-7 mb-lg-0\">\n\t\t\t\t<img decoding=\"async\" src=\"https:\/\/www.myallmeeting.com\/wp-content\/uploads\/2022\/07\/aja_p_5967-97__original-953x600.jpeg\" width=\"953\" height=\"600\" alt=\"\" loading=\"lazy\" class=\"w-100\" \/>\n\t\t\t<\/div>\n\t\t\t\t\t<\/div>\n\t<\/div>\n<\/div>\n<!-- END OF : Composant : block-periscope-theme-section-composant-33-texte-image.php -->\n","protected":false},"excerpt":{"rendered":"<p>Les atouts de ce Novotel ne vous laisseront pas indiff\u00e9rent. Pour votre prochain \u00e9v\u00e8nement, venez d\u00e9couvrir un \u00e9tablissement disposant de 10 salles \u00e9v\u00e8nementielles, d\u2019un rooftop, et de bien d\u2019autres services.<\/p>\n","protected":false},"featured_media":16556646,"menu_order":0,"template":"","periscope_categorie_tax":[1651],"class_list":["post-15226657","article","type-article","status-publish","has-post-thumbnail","hentry","periscope_categorie_tax-reportage-du-mois"],"acf":[],"yoast_head":"<title>Un s\u00e9minaire sur les toits de Paris au Novotel Paris Vaugirard Montparnasse - Accor MyAllMeeting.com<\/title>\n<meta name=\"robots\" content=\"index, follow, max-snippet:-1, max-image-preview:large, max-video-preview:-1\" \/>\n<link rel=\"canonical\" href=\"https:\/\/www.myallmeeting.com\/fr\/wp-json\/wp\/v2\/article\/15226657\" \/>\n<meta property=\"og:locale\" content=\"fr_FR\" \/>\n<meta property=\"og:type\" content=\"article\" \/>\n<meta property=\"og:title\" content=\"Un s\u00e9minaire sur les toits de Paris au Novotel Paris Vaugirard Montparnasse - Accor MyAllMeeting.com\" \/>\n<meta property=\"og:description\" content=\"Les atouts de ce Novotel ne vous laisseront pas indiff\u00e9rent. Pour votre prochain \u00e9v\u00e8nement, venez d\u00e9couvrir un \u00e9tablissement disposant de 10 salles \u00e9v\u00e8nementielles, d\u2019un rooftop, et de bien d\u2019autres services.\" \/>\n<meta property=\"og:url\" content=\"https:\/\/www.myallmeeting.com\/fr\/article\/un-seminaire-sur-les-toits-de-paris-au-novotel-paris-vaugirard-montparnasse\/\" \/>\n<meta property=\"og:site_name\" content=\"Accor MyAllMeeting.com\" \/>\n<meta property=\"article:modified_time\" content=\"2024-11-15T13:15:30+00:00\" \/>\n<meta property=\"og:image\" content=\"http:\/\/myallmeeting.com\/wp-content\/uploads\/2022\/07\/MAM-baner-1920x570-20.png\" \/>\n\t<meta property=\"og:image:width\" content=\"1920\" \/>\n\t<meta property=\"og:image:height\" content=\"570\" \/>\n\t<meta property=\"og:image:type\" content=\"image\/png\" \/>\n<meta name=\"twitter:card\" content=\"summary_large_image\" \/>\n<meta name=\"twitter:label1\" content=\"Dur\u00e9e de lecture estim\u00e9e\" \/>\n\t<meta name=\"twitter:data1\" content=\"4 minutes\" \/>\n<script type=\"application\/ld+json\" class=\"yoast-schema-graph\">{\"@context\":\"https:\/\/schema.org\",\"@graph\":[{\"@type\":\"WebPage\",\"@id\":\"https:\/\/www.myallmeeting.com\/fr\/article\/un-seminaire-sur-les-toits-de-paris-au-novotel-paris-vaugirard-montparnasse\/\",\"url\":\"https:\/\/www.myallmeeting.com\/fr\/article\/un-seminaire-sur-les-toits-de-paris-au-novotel-paris-vaugirard-montparnasse\/\",\"name\":\"Un s\u00e9minaire sur les toits de Paris au Novotel Paris Vaugirard Montparnasse - Accor MyAllMeeting.com\",\"isPartOf\":{\"@id\":\"https:\/\/www.myallmeeting.com\/fr\/#website\"},\"primaryImageOfPage\":{\"@id\":\"https:\/\/www.myallmeeting.com\/fr\/article\/un-seminaire-sur-les-toits-de-paris-au-novotel-paris-vaugirard-montparnasse\/#primaryimage\"},\"image\":{\"@id\":\"https:\/\/www.myallmeeting.com\/fr\/article\/un-seminaire-sur-les-toits-de-paris-au-novotel-paris-vaugirard-montparnasse\/#primaryimage\"},\"thumbnailUrl\":\"https:\/\/www.myallmeeting.com\/wp-content\/uploads\/2022\/07\/MAM-baner-1920x570-20.png\",\"datePublished\":\"2022-07-18T13:40:14+00:00\",\"dateModified\":\"2024-11-15T13:15:30+00:00\",\"breadcrumb\":{\"@id\":\"https:\/\/www.myallmeeting.com\/fr\/article\/un-seminaire-sur-les-toits-de-paris-au-novotel-paris-vaugirard-montparnasse\/#breadcrumb\"},\"inLanguage\":\"fr-FR\",\"potentialAction\":[{\"@type\":\"ReadAction\",\"target\":[\"https:\/\/www.myallmeeting.com\/fr\/article\/un-seminaire-sur-les-toits-de-paris-au-novotel-paris-vaugirard-montparnasse\/\"]}]},{\"@type\":\"ImageObject\",\"inLanguage\":\"fr-FR\",\"@id\":\"https:\/\/www.myallmeeting.com\/fr\/article\/un-seminaire-sur-les-toits-de-paris-au-novotel-paris-vaugirard-montparnasse\/#primaryimage\",\"url\":\"https:\/\/www.myallmeeting.com\/wp-content\/uploads\/2022\/07\/MAM-baner-1920x570-20.png\",\"contentUrl\":\"https:\/\/www.myallmeeting.com\/wp-content\/uploads\/2022\/07\/MAM-baner-1920x570-20.png\",\"width\":1920,\"height\":570},{\"@type\":\"BreadcrumbList\",\"@id\":\"https:\/\/www.myallmeeting.com\/fr\/article\/un-seminaire-sur-les-toits-de-paris-au-novotel-paris-vaugirard-montparnasse\/#breadcrumb\",\"itemListElement\":[{\"@type\":\"ListItem\",\"position\":1,\"name\":\"Accueil\",\"item\":\"https:\/\/myallmeeting.com\/fr\/\"},{\"@type\":\"ListItem\",\"position\":2,\"name\":\"Actualit\u00e9s\",\"item\":\"https:\/\/www.myallmeeting.com\/fr\/actualite\/\"},{\"@type\":\"ListItem\",\"position\":3,\"name\":\"Un s\u00e9minaire sur les toits de Paris au Novotel Paris Vaugirard Montparnasse\"}]},{\"@type\":\"WebSite\",\"@id\":\"https:\/\/www.myallmeeting.com\/fr\/#website\",\"url\":\"https:\/\/www.myallmeeting.com\/fr\/\",\"name\":\"Accor MyAllMeeting.com\",\"description\":\"Les Meilleurs lieux pour vos Ev\u00e9nements Professionnels\",\"publisher\":{\"@id\":\"https:\/\/www.myallmeeting.com\/fr\/#organization\"},\"potentialAction\":[{\"@type\":\"SearchAction\",\"target\":{\"@type\":\"EntryPoint\",\"urlTemplate\":\"https:\/\/www.myallmeeting.com\/fr\/?s={search_term_string}\"},\"query-input\":{\"@type\":\"PropertyValueSpecification\",\"valueRequired\":true,\"valueName\":\"search_term_string\"}}],\"inLanguage\":\"fr-FR\"},{\"@type\":\"Organization\",\"@id\":\"https:\/\/www.myallmeeting.com\/fr\/#organization\",\"name\":\"ACCOR\",\"url\":\"https:\/\/www.myallmeeting.com\/fr\/\",\"logo\":{\"@type\":\"ImageObject\",\"inLanguage\":\"fr-FR\",\"@id\":\"https:\/\/www.myallmeeting.com\/fr\/#\/schema\/logo\/image\/\",\"url\":\"\",\"contentUrl\":\"\",\"caption\":\"ACCOR\"},\"image\":{\"@id\":\"https:\/\/www.myallmeeting.com\/fr\/#\/schema\/logo\/image\/\"}}]}<\/script>","yoast_head_json":{"title":"Un s\u00e9minaire sur les toits de Paris au Novotel Paris Vaugirard Montparnasse - Accor MyAllMeeting.com","robots":{"index":"index","follow":"follow","max-snippet":"max-snippet:-1","max-image-preview":"max-image-preview:large","max-video-preview":"max-video-preview:-1"},"canonical":"https:\/\/www.myallmeeting.com\/fr\/wp-json\/wp\/v2\/article\/15226657","og_locale":"fr_FR","og_type":"article","og_title":"Un s\u00e9minaire sur les toits de Paris au Novotel Paris Vaugirard Montparnasse - Accor MyAllMeeting.com","og_description":"Les atouts de ce Novotel ne vous laisseront pas indiff\u00e9rent. Pour votre prochain \u00e9v\u00e8nement, venez d\u00e9couvrir un \u00e9tablissement disposant de 10 salles \u00e9v\u00e8nementielles, d\u2019un rooftop, et de bien d\u2019autres services.","og_url":"https:\/\/www.myallmeeting.com\/fr\/article\/un-seminaire-sur-les-toits-de-paris-au-novotel-paris-vaugirard-montparnasse\/","og_site_name":"Accor MyAllMeeting.com","article_modified_time":"2024-11-15T13:15:30+00:00","og_image":[{"width":1920,"height":570,"url":"http:\/\/myallmeeting.com\/wp-content\/uploads\/2022\/07\/MAM-baner-1920x570-20.png","type":"image\/png"}],"twitter_card":"summary_large_image","twitter_misc":{"Dur\u00e9e de lecture estim\u00e9e":"4 minutes"},"schema":{"@context":"https:\/\/schema.org","@graph":[{"@type":"WebPage","@id":"https:\/\/www.myallmeeting.com\/fr\/article\/un-seminaire-sur-les-toits-de-paris-au-novotel-paris-vaugirard-montparnasse\/","url":"https:\/\/www.myallmeeting.com\/fr\/article\/un-seminaire-sur-les-toits-de-paris-au-novotel-paris-vaugirard-montparnasse\/","name":"Un s\u00e9minaire sur les toits de Paris au Novotel Paris Vaugirard Montparnasse - Accor MyAllMeeting.com","isPartOf":{"@id":"https:\/\/www.myallmeeting.com\/fr\/#website"},"primaryImageOfPage":{"@id":"https:\/\/www.myallmeeting.com\/fr\/article\/un-seminaire-sur-les-toits-de-paris-au-novotel-paris-vaugirard-montparnasse\/#primaryimage"},"image":{"@id":"https:\/\/www.myallmeeting.com\/fr\/article\/un-seminaire-sur-les-toits-de-paris-au-novotel-paris-vaugirard-montparnasse\/#primaryimage"},"thumbnailUrl":"https:\/\/www.myallmeeting.com\/wp-content\/uploads\/2022\/07\/MAM-baner-1920x570-20.png","datePublished":"2022-07-18T13:40:14+00:00","dateModified":"2024-11-15T13:15:30+00:00","breadcrumb":{"@id":"https:\/\/www.myallmeeting.com\/fr\/article\/un-seminaire-sur-les-toits-de-paris-au-novotel-paris-vaugirard-montparnasse\/#breadcrumb"},"inLanguage":"fr-FR","potentialAction":[{"@type":"ReadAction","target":["https:\/\/www.myallmeeting.com\/fr\/article\/un-seminaire-sur-les-toits-de-paris-au-novotel-paris-vaugirard-montparnasse\/"]}]},{"@type":"ImageObject","inLanguage":"fr-FR","@id":"https:\/\/www.myallmeeting.com\/fr\/article\/un-seminaire-sur-les-toits-de-paris-au-novotel-paris-vaugirard-montparnasse\/#primaryimage","url":"https:\/\/www.myallmeeting.com\/wp-content\/uploads\/2022\/07\/MAM-baner-1920x570-20.png","contentUrl":"https:\/\/www.myallmeeting.com\/wp-content\/uploads\/2022\/07\/MAM-baner-1920x570-20.png","width":1920,"height":570},{"@type":"BreadcrumbList","@id":"https:\/\/www.myallmeeting.com\/fr\/article\/un-seminaire-sur-les-toits-de-paris-au-novotel-paris-vaugirard-montparnasse\/#breadcrumb","itemListElement":[{"@type":"ListItem","position":1,"name":"Accueil","item":"https:\/\/myallmeeting.com\/fr\/"},{"@type":"ListItem","position":2,"name":"Actualit\u00e9s","item":"https:\/\/www.myallmeeting.com\/fr\/actualite\/"},{"@type":"ListItem","position":3,"name":"Un s\u00e9minaire sur les toits de Paris au Novotel Paris Vaugirard Montparnasse"}]},{"@type":"WebSite","@id":"https:\/\/www.myallmeeting.com\/fr\/#website","url":"https:\/\/www.myallmeeting.com\/fr\/","name":"Accor MyAllMeeting.com","description":"Les Meilleurs lieux pour vos Ev\u00e9nements Professionnels","publisher":{"@id":"https:\/\/www.myallmeeting.com\/fr\/#organization"},"potentialAction":[{"@type":"SearchAction","target":{"@type":"EntryPoint","urlTemplate":"https:\/\/www.myallmeeting.com\/fr\/?s={search_term_string}"},"query-input":{"@type":"PropertyValueSpecification","valueRequired":true,"valueName":"search_term_string"}}],"inLanguage":"fr-FR"},{"@type":"Organization","@id":"https:\/\/www.myallmeeting.com\/fr\/#organization","name":"ACCOR","url":"https:\/\/www.myallmeeting.com\/fr\/","logo":{"@type":"ImageObject","inLanguage":"fr-FR","@id":"https:\/\/www.myallmeeting.com\/fr\/#\/schema\/logo\/image\/","url":"","contentUrl":"","caption":"ACCOR"},"image":{"@id":"https:\/\/www.myallmeeting.com\/fr\/#\/schema\/logo\/image\/"}}]}},"_links":{"self":[{"href":"https:\/\/www.myallmeeting.com\/fr\/wp-json\/wp\/v2\/article\/15226657","targetHints":{"allow":["GET"]}}],"collection":[{"href":"https:\/\/www.myallmeeting.com\/fr\/wp-json\/wp\/v2\/article"}],"about":[{"href":"https:\/\/www.myallmeeting.com\/fr\/wp-json\/wp\/v2\/types\/article"}],"wp:featuredmedia":[{"embeddable":true,"href":"https:\/\/www.myallmeeting.com\/fr\/wp-json\/wp\/v2\/media\/16556646"}],"wp:attachment":[{"href":"https:\/\/www.myallmeeting.com\/fr\/wp-json\/wp\/v2\/media?parent=15226657"}],"wp:term":[{"taxonomy":"periscope_categorie_tax","embeddable":true,"href":"https:\/\/www.myallmeeting.com\/fr\/wp-json\/wp\/v2\/periscope_categorie_tax?post=15226657"}],"curies":[{"name":"wp","href":"https:\/\/api.w.org\/{rel}","templated":true}]}}