{"id":15226655,"date":"2022-09-19T16:39:15","date_gmt":"2022-09-19T14:39:15","guid":{"rendered":"https:\/\/myallmeeting.com\/article\/mercure-porto-gaia-evenements-et-vins-laccord-parfait\/"},"modified":"2024-12-04T17:09:29","modified_gmt":"2024-12-04T16:09:29","slug":"mercure-porto-gaia-evenements-et-vins-laccord-parfait","status":"publish","type":"article","link":"https:\/\/www.myallmeeting.com\/fr\/article\/mercure-porto-gaia-evenements-et-vins-laccord-parfait\/","title":{"rendered":"Mercure Porto Gaia : \u00e9v\u00e9nements et vins, l&rsquo;accord parfait"},"content":{"rendered":"<!-- START OF : Composant : block-periscope-theme-section-composant-25-texte-cta-2-images.php -->\n<div class=\"tcta2ia bg-white fs-wysiwyg mb-lg-12\" data-component=\"25-texte-cta-2-images\">\n\t<div class=\"tcta2ia__top\">\n\t\t<div class=\"container-fluid\" style=\"--bs-gutter-x: 0\">\n\t\t\t<div class=\"row\" style=\"--bs-gutter-x: 0\">\n\t\t\t\t<div class=\"col-lg-8\">\n\t\t\t\t\t\t\t\t\t\t<div class=\"bloc-mise-en-avant__top__left\">\n\t\t\t\t\t\t<img decoding=\"async\" src=\"https:\/\/www.myallmeeting.com\/wp-content\/uploads\/2022\/09\/aja_p_5818-05__original-1268x846.jpeg\" class=\"pe-2 pe-lg-0\" width=\"1268\" height=\"846\" alt=\"\" loading=\"lazy\" \/>\n\t\t\t\t\t<\/div>\n\t\t\t\t\t\t\t\t\t\t<div class=\"tcta2ia__bottom d-none d-lg-block pb-12 pt-lg-9 pb-lg-0 pe-lg-10\">\n\t\t\t\t\t\t\t\t\t\t\t\t<h2 class=\"fs-20 fs-lg-32 fw-semibold\">Le vin comme fil conducteur<\/h2>\n\t\t\t\t\t\t\t\t\t\t\t\t\t\t\t\t\t\t<div class=\"fs-wysiwyg\"><p>Comme tous les h\u00f4tels de la marque Mercure, le <strong>Mercure Porto Gaia<\/strong> suit aussi un fil conducteur qui est choisi pour unifier sa d\u00e9coration : en l\u2019occurrence, le vin. Peintures, carrelages muraux, pi\u00e8ces de mus\u00e9e (fournies par les caves de la ville) et sculptures : parmi ces derni\u00e8res, la plus remarquable est celle qui est install\u00e9e dans le hall de l\u2019h\u00f4tel, une \u0153uvre de l\u2019artiste Paulo Neves, l\u2019un des sculpteurs locaux contemporains les plus renomm\u00e9s.<\/p>\n<p>La modernit\u00e9 de l\u2019h\u00f4tel se marie parfaitement avec le caract\u00e8re historique de la viticulture, en reprenant des tons chauds qui \u00e9voquent la terre et des verts qui rappellent les vignes.<\/p>\n<\/div>\n\t\t\t\t\t\t\t\t\t\t\t\t<div class=\"d-flex flex-column flex-lg-row align-items-center gap-5 gap-lg-8 justify-content-between\">\n\t\t\t\t\t\t\t<div class=\"fs-20 fs-lg-26 fw-semibold lh-xs\"><\/div>\n\t\t\t\t\t\t\t\t\t\t\t\t\t<\/div>\n\t\t\t\t\t<\/div>\n\t\t\t\t<\/div>\n\t\t\t\t<div class=\"col-lg-4\">\n\t\t\t\t\t<div class=\"tcta2ia__top__right t-0 r-0 bg-primary text-white pt-4 pb-4 px-2 pt-lg-8 pb-lg-16 px-lg-11 pb-xl-30\">\n\t\t\t\t\t\t\t\t\t\t\t\t\t\t\t\t\t\t<h2 class=\"unna fs-36 fs-lg-51 fs-xl-75 fs-italic fw-normal text-secondary\">Mercure Porto Gaia : \u00e9v\u00e9nements et vins, l\u2019accord parfait<\/h2>\n\t\t\t\t\t\t\t\t\t\t\t\t\t\t\t\t\t\t<h3 class=\"text-white fs-18 fs-lg-20 fs-xl-28 text-original-case\">Un \u00e9tablissement dynamique dans un quartier anim\u00e9<\/h3>\n\t\t\t\t\t\t\t\t\t\t\t\t\t\t\t\t\t\t<div class=\"fs-wysiwyg mb-4 fs-lg-16 fs-xl-20\"><p><a href=\"https:\/\/myallmeeting.com\/fr\/hotel\/3347-mercure-porto-gaia-hotel\/\" target=\"_blank\" rel=\"noopener\">L\u2019h\u00f4tel Mercure Porto Gaia<\/a> est situ\u00e9 sur la rive sud du fleuve Douro, pr\u00e8s de l\u2019embouchure de l\u2019Atlantique, dans une r\u00e9gion r\u00e9put\u00e9e pour ses caves \u00e0 vin. Cette tradition viticole transpara\u00eet dans la d\u00e9coration de l\u2019h\u00f4tel, r\u00e9nov\u00e9 en 2021. Ses salles d\u2019\u00e9v\u00e9nements permettent de configurer jusqu\u2019\u00e0 7 options diff\u00e9rentes, avec une capacit\u00e9 maximale de 130 personnes. De plus, il offre un acc\u00e8s gratuit \u00e0 la salle de sport Holmes Place, situ\u00e9e juste \u00e0 c\u00f4t\u00e9 et se trouve \u00e0 proximit\u00e9 du centre commercial Arr\u00e1bida.<\/p>\n<\/div>\n\t\t\t\t\t\t\t\t\t\t\t\t\t\t\t\t\t\t\t\t\t\t\t\t<p class=\"m-0\"><img decoding=\"async\" src=\"https:\/\/www.myallmeeting.com\/wp-content\/uploads\/2022\/09\/aja_p_3508-21__original-633x398.jpeg\" class=\"position-relative l-0\" width=\"633\" height=\"398\" alt=\"\" loading=\"lazy\" \/><\/p>\n\t\t\t\t\t\t\t\t\t\t\t<\/div>\n\t\t\t\t<\/div>\n\t\t\t<\/div>\n\t\t<\/div>\n\t<\/div>\n\t<div class=\"tcta2ia__bottom d-lg-none pb-12 py-lg-9 pe-lg-10\">\n\t\t\t\t<div class=\"h2 fs-20 fs-lg-32 fw-semibold\">Le vin comme fil conducteur<\/div>\n\t\t\t\t\t\t<div class=\"fs-wysiwyg\"><p>Comme tous les h\u00f4tels de la marque Mercure, le <strong>Mercure Porto Gaia<\/strong> suit aussi un fil conducteur qui est choisi pour unifier sa d\u00e9coration : en l\u2019occurrence, le vin. Peintures, carrelages muraux, pi\u00e8ces de mus\u00e9e (fournies par les caves de la ville) et sculptures : parmi ces derni\u00e8res, la plus remarquable est celle qui est install\u00e9e dans le hall de l\u2019h\u00f4tel, une \u0153uvre de l\u2019artiste Paulo Neves, l\u2019un des sculpteurs locaux contemporains les plus renomm\u00e9s.<\/p>\n<p>La modernit\u00e9 de l\u2019h\u00f4tel se marie parfaitement avec le caract\u00e8re historique de la viticulture, en reprenant des tons chauds qui \u00e9voquent la terre et des verts qui rappellent les vignes.<\/p>\n<\/div>\n\t\t\t\t<div class=\"d-flex flex-column flex-lg-row align-items-center gap-5 gap-lg-8 justify-content-between\">\n\t\t\t<div class=\"fs-20 fs-lg-26 fw-semibold lh-xs\"><\/div>\n\t\t\t\t\t<\/div>\n\t<\/div>\n<\/div>\n<!-- END OF : Composant : block-periscope-theme-section-composant-25-texte-cta-2-images.php -->\n\n\n<!-- START OF : Composant : block-periscope-theme-section-composant-26-textes-slider-cta.php -->\n<div class=\"t3icta bg-white pb-12 mb-9 fs-wysiwyg\" data-component=\"26-textes-3-images-cta\">\n\t<div class=\"t3icta__top position-relative\">\n\t\t<div class=\"container-fluid\" style=\"--bs-gutter-x: 0\">\n\t\t\t<div class=\"row\" style=\"--bs-gutter-x: 0\">\n\t\t\t\t\t\t\t\t<div class=\"col-lg-6\">\n\t\t\t\t\t<div class=\"t3icta__slider\">\n\t\t\t\t\t\t<div class=\"splide\">\n\t\t\t\t\t\t\t<div class=\"splide__track\">\n\t\t\t\t\t\t\t\t<div class=\"splide__list\">\n\t\t\t\t\t\t\t\t\t\t\t\t\t\t\t\t\t\t\t<div class=\"splide__slide\">\n\t\t\t\t\t\t\t\t\t\t\t<img decoding=\"async\" src=\"https:\/\/www.myallmeeting.com\/wp-content\/uploads\/2022\/09\/aja_p_5818-10__original-953x600.jpeg\" width=\"953\" height=\"600\" alt=\"\" loading=\"lazy\" \/>\n\t\t\t\t\t\t\t\t\t\t<\/div>\n\t\t\t\t\t\t\t\t\t\t\t\t\t\t\t\t\t\n\t\t\t\t\t\t\t\t<\/div>\n\t\t\t\t\t\t\t<\/div>\n\t\t\t\t\t\t\t<div class=\"splide__arrows d-none d-lg-block\">\n\t\t\t\t\t\t\t\t<button class=\"splide__arrow splide__arrow--prev px-lg-3 py-lg-4 px-xl-4 py-xl-5 px-xxl-5 py-xxl-7 position-absolute l-0 bg-white border-0\">\n\t\t\t\t\t\t\t\t\t<svg width=\"14\" height=\"27\" aria-hidden=\"true\">\n\t\t\t\t\t\t\t\t\t\t<use xlink:href=\"https:\/\/www.myallmeeting.com\/wp-content\/themes\/accor\/assets\/images\/sprite.svg#slider-prev\"><\/use>\n\t\t\t\t\t\t\t\t\t<\/svg>\n\t\t\t\t\t\t\t\t<\/button>\n\t\t\t\t\t\t\t\t<button class=\"splide__arrow splide__arrow--next px-lg-3 py-lg-4 px-xl-4 py-xl-5 px-xxl-5 py-xxl-7 position-absolute r-0 bg-white border-0\">\n\t\t\t\t\t\t\t\t\t<svg width=\"14\" height=\"27\" aria-hidden=\"true\">\n\t\t\t\t\t\t\t\t\t\t<use xlink:href=\"https:\/\/www.myallmeeting.com\/wp-content\/themes\/accor\/assets\/images\/sprite.svg#slider-prev\"><\/use>\n\t\t\t\t\t\t\t\t\t<\/svg>\n\t\t\t\t\t\t\t\t<\/button>\n\t\t\t\t\t\t\t<\/div>\n\t\t\t\t\t\t<\/div>\n\t\t\t\t\t<\/div>\n\t\t\t\t<\/div>\n\t\t\t\t\t\t\t\t<div class=\"col-lg-6\">\n\t\t\t\t\t<div class=\"t3icta__top_right mb-lg-14 px-2 py-9 px-lg-11 py-lg-0\">\n\t\t\t\t\t\t\t\n\t\t\t\t\t\t<h2 class=\"fs-20 fs-lg-23 fs-xl-27 fs-xxl-30 fw-semibold\">Des services pour satisfaire vos \u00e9quipes<\/h2>\n\t\t\t\t\t\t\t\t\t\t\t\t\t\n\t\t\t\t\t\t<div class=\"fs-wysiwyg\">\n\t\t\t\t\t\t\t<p><strong>Class\u00e9 quatre \u00e9toiles<\/strong>, il dispose de <strong>104 chambres<\/strong>, d\u2019un <strong>espace petit-d\u00e9jeuner panoramique et d\u2019un restaurant<\/strong>, le \u00ab Ports &amp; Co \u00bb, qui mise sur une cuisine aux saveurs traditionnelles et \u00e0 l\u2019esth\u00e9tique moderne, et qui accorde une attention toute particuli\u00e8re au jumelage avec les vins afin de proposer une <strong>exp\u00e9rience gastronomique d\u2019exception.<\/strong><\/p>\n<p>L\u2019h\u00f4tel a conclu un accord avec la <strong>salle de sport<\/strong> voisine, ce qui permet \u00e0 ses clients d\u2019utiliser gratuitement ses installations (piscine, sauna, jacuzzi). Autre avantage, le centre commercial Arr\u00e1bida est \u00e0 deux pas de l\u2019h\u00f4tel.<\/p>\n\t\t\t\t\t\t<\/div>\n\t\t\t\t\t\t\t\t\t\t\t<\/div>\n\t\t\t\t<\/div>\n\t\t\t<\/div>\n\t\t<\/div>\n\t<\/div>\n\t<div class=\"t3icta__bottom bg-beige\">\n\t\t<div class=\"container-fluid\" style=\"--bs-gutter-x: 0\">\n\t\t\t<div class=\"row\" style=\"--bs-gutter-x: 0\">\n\t\t\t\t<div class=\"col-lg-5 offset-lg-1\">\n\t\t\t\t\t<div class=\"t3icta__bottom__left\">\n\t\t\t\t\t\t\t\t\t\t\t\t<img decoding=\"async\" src=\"https:\/\/www.myallmeeting.com\/wp-content\/uploads\/2022\/09\/aja_p_5818-06__original-633x398.jpeg\" class=\"w-100 d-lg-none\" width=\"633\" height=\"398\" alt=\"\" loading=\"lazy\" \/> <!-- Ce sont les 2 m\u00eames images : ID 0 -->\n\t\t\t\t\t\t\t\t\t\t\t\t<div class=\"px-2 py-9 px-lg-0 py-lg-0\">\n\t\t\t\t\t\t\t\t\n\t\t\t\t\t\t\t<h2 class=\"fs-20 fs-lg-23 fs-xl-27 fs-xxl-30 fw-semibold\">Salles polyvalentes<\/h2>\n\t\t\t\t\t\t\t\t\t\t\t\t\t\t\t\n\t\t\t\t\t\t\t<div class=\"fs-wysiwyg mb-lg-15\">\n\t\t\t\t\t\t\t\t<p>L\u2019h\u00f4tel a \u00e9t\u00e9 <strong>r\u00e9nov\u00e9 en 2021<\/strong> dans l\u2019id\u00e9e de le doter d\u2019un concept plus ouvert et plus moderne. Dans la zone d\u2019entr\u00e9e se trouvent plusieurs points o\u00f9 vous pouvez effectuer votre check-in et acc\u00e9der directement au restaurant.<\/p>\n<p>Dans cet espace principal, vous trouverez \u00e9galement plusieurs zones o\u00f9 vous installer, avec des compositions de mobiliers con\u00e7ues pour la d\u00e9tente (des canap\u00e9s et des fauteuils) ou pour pouvoir travailler avec un ordinateur portable (tables hautes avec prises).<\/p>\n<p>Au total, vous pouvez configurer jusqu\u2019\u00e0 <strong>7 options de salles diff\u00e9rentes, avec une capacit\u00e9 maximale de 130 personnes.<\/strong><\/p>\n<p>Toutes les salles disposent d\u2019un \u00e9clairage naturel et sont \u00e9quip\u00e9es de tout le mat\u00e9riel n\u00e9cessaire \u00e0 l\u2019organisation de tous types d\u2019\u00e9v\u00e9nements.<\/p>\n<p>De plus, elles proposent diff\u00e9rentes options de mobilier afin de s\u2019adapter aux besoins de chaque client, avec des configurations plus ou moins informelles.<\/p>\n\t\t\t\t\t\t\t<\/div>\n\t\t\t\t\t\t\t\t\t\t\t\t\t<\/div>\n\t\t\t\t\t\t\t\t\t\t\t\t<div class=\"t3icta__bottom__img1 d-none d-lg-block text-end ms-lg-auto\">\n\t\t\t\t\t\t\t<img decoding=\"async\" src=\"https:\/\/www.myallmeeting.com\/wp-content\/uploads\/2022\/09\/aja_p_5818-06__original-633x398.jpeg\" width=\"633\" height=\"398\" alt=\"\" loading=\"lazy\" \/> <!-- Ce sont les 2 m\u00eames images : ID 1 -->\n\t\t\t\t\t\t<\/div>\n\t\t\t\t\t\t\t\t\t\t\t<\/div>\n\t\t\t\t<\/div>\n\t\t\t\t<div class=\"col-lg-5\">\n\t\t\t\t\t<div class=\"ps-lg-10\">\n\t\t\t\t\t\t\t\t\t\t\t\t<img decoding=\"async\" src=\"https:\/\/www.myallmeeting.com\/wp-content\/uploads\/2022\/09\/T1A6279-Editar-633x398.jpg\" class=\"t3icta__bottom__img0 position-relative d-none d-lg-block mb-15\" width=\"633\" height=\"398\" alt=\"\" loading=\"lazy\" \/> <!-- Ce sont les 2 m\u00eames images : ID 0 -->\n\t\t\t\t\t\t\t\t\t\t\t\t<div class=\"px-2 px-lg-0 mb-9\">\n\t\t\t\t\t\t\t\t\n\t\t\t\t\t\t\t<h2 class=\"fs-20 fs-lg-23 fs-xl-27 fs-xxl-30 fw-semibold\">Vila Nova de Gaia<\/h2>\n\t\t\t\t\t\t\t\t\t\t\t\t\t\t\t\t\t\t\t\t\t<div class=\"fs-wysiwyg\">\n\t\t\t\t\t\t\t\t<p>L\u2019h\u00f4tel est tr\u00e8s proche du centre de Porto, joignable \u00e0 pied ou en transports (tramway&#8230;) via notamment le fameux Pont Dom Luis. Il se situe dans <strong>l\u2019une des villes des plus anim\u00e9es du district de Porto : <\/strong><strong>Vila Nova de Gaia<\/strong><strong>,<\/strong> juste en face de la grande ville du nord du Portugal, sur la rive sud du <strong>fleuve Douro<\/strong>, \u00e0 quelques kilom\u00e8tres de l\u2019oc\u00e9an Atlantique.<\/p>\n<p>Elle est surtout connue pour sa tradition viticole et parce qu\u2019on y trouve les caves de certains des vins les plus nobles du pays. On peut d\u2019ailleurs encore voir les enseignes des principales firmes \u00e9tablies depuis le d\u00e9but du XVIIIe si\u00e8cle.<\/p>\n<p>C\u2019est l\u00e0 qu\u2019a \u00e9t\u00e9 cr\u00e9\u00e9 il y a quelques ann\u00e9es le WOW (World of Wine), un quartier entier \u00e0 vocation culturelle et gastronomique offrant une multitude d\u2019exp\u00e9riences : mus\u00e9es, restaurants avec vue panoramique sur le fleuve, multiples boutiques, espace d\u2019expositions, salle d\u00e9di\u00e9e aux \u00e9v\u00e9nements et m\u00eame une \u00e9cole du vin.<\/p>\n<p><strong>N\u2019h\u00e9sitez plus : si vous cherchez un h\u00f4tel qui saura vous connecter \u00e0 la ville, c\u2019est le choix id\u00e9al.<\/strong><\/p>\n\t\t\t\t\t\t\t<\/div>\n\t\t\t\t\t\t\t\t\t\t\t\t\t<\/div>\n\t\t\t\t\t\t\t\t\t\t\t\t<div class=\"t3icta__bottom__img1 d-lg-none mx-auto\">\n\t\t\t\t\t\t\t<img decoding=\"async\" src=\"https:\/\/www.myallmeeting.com\/wp-content\/uploads\/2022\/09\/T1A6279-Editar-633x398.jpg\" width=\"633\" height=\"398\" alt=\"\" loading=\"lazy\" \/> <!-- Ce sont les 2 m\u00eames images : ID 1 -->\n\t\t\t\t\t\t<\/div>\n\t\t\t\t\t\t\t\t\t\t\t<\/div>\n\t\t\t\t<\/div>\n\t\t\t<\/div>\n\t\t<\/div>\n\t<\/div>\n\t<\/div>\n<!-- END OF : Composant : block-periscope-theme-section-composant-26-textes-slider-cta.php -->\n","protected":false},"excerpt":{"rendered":"<p>Un \u00e9tablissement Accor dans un quartier anim\u00e9 pour en d\u00e9couvrir plus sur Porto lors de votre prochain \u00e9v\u00e8nement d\u2019entreprise.<\/p>\n","protected":false},"featured_media":16835433,"menu_order":0,"template":"","periscope_categorie_tax":[1651],"class_list":["post-15226655","article","type-article","status-publish","has-post-thumbnail","hentry","periscope_categorie_tax-reportage-du-mois"],"acf":[],"yoast_head":"<title>Mercure Porto Gaia : \u00e9v\u00e9nements et vins, l&rsquo;accord parfait - Accor MyAllMeeting.com<\/title>\n<meta name=\"robots\" content=\"index, follow, max-snippet:-1, max-image-preview:large, max-video-preview:-1\" \/>\n<link rel=\"canonical\" href=\"https:\/\/www.myallmeeting.com\/fr\/wp-json\/wp\/v2\/article\/15226655\" \/>\n<meta property=\"og:locale\" content=\"fr_FR\" \/>\n<meta property=\"og:type\" content=\"article\" \/>\n<meta property=\"og:title\" content=\"Mercure Porto Gaia : \u00e9v\u00e9nements et vins, l&rsquo;accord parfait - Accor MyAllMeeting.com\" \/>\n<meta property=\"og:description\" content=\"Un \u00e9tablissement Accor dans un quartier anim\u00e9 pour en d\u00e9couvrir plus sur Porto lors de votre prochain \u00e9v\u00e8nement d\u2019entreprise.\" \/>\n<meta property=\"og:url\" content=\"https:\/\/www.myallmeeting.com\/fr\/article\/mercure-porto-gaia-evenements-et-vins-laccord-parfait\/\" \/>\n<meta property=\"og:site_name\" content=\"Accor MyAllMeeting.com\" \/>\n<meta property=\"article:modified_time\" content=\"2024-12-04T16:09:29+00:00\" \/>\n<meta property=\"og:image\" content=\"https:\/\/www.myallmeeting.com\/wp-content\/uploads\/2022\/09\/MAM-baner-1920x570-67.png\" \/>\n\t<meta property=\"og:image:width\" content=\"1920\" \/>\n\t<meta property=\"og:image:height\" content=\"570\" \/>\n\t<meta property=\"og:image:type\" content=\"image\/png\" \/>\n<meta name=\"twitter:card\" content=\"summary_large_image\" \/>\n<meta name=\"twitter:label1\" content=\"Dur\u00e9e de lecture estim\u00e9e\" \/>\n\t<meta name=\"twitter:data1\" content=\"5 minutes\" \/>\n<script type=\"application\/ld+json\" class=\"yoast-schema-graph\">{\"@context\":\"https:\/\/schema.org\",\"@graph\":[{\"@type\":\"WebPage\",\"@id\":\"https:\/\/www.myallmeeting.com\/fr\/article\/mercure-porto-gaia-evenements-et-vins-laccord-parfait\/\",\"url\":\"https:\/\/www.myallmeeting.com\/fr\/article\/mercure-porto-gaia-evenements-et-vins-laccord-parfait\/\",\"name\":\"Mercure Porto Gaia : \u00e9v\u00e9nements et vins, l&rsquo;accord parfait - Accor MyAllMeeting.com\",\"isPartOf\":{\"@id\":\"https:\/\/www.myallmeeting.com\/fr\/#website\"},\"primaryImageOfPage\":{\"@id\":\"https:\/\/www.myallmeeting.com\/fr\/article\/mercure-porto-gaia-evenements-et-vins-laccord-parfait\/#primaryimage\"},\"image\":{\"@id\":\"https:\/\/www.myallmeeting.com\/fr\/article\/mercure-porto-gaia-evenements-et-vins-laccord-parfait\/#primaryimage\"},\"thumbnailUrl\":\"https:\/\/www.myallmeeting.com\/wp-content\/uploads\/2022\/09\/MAM-baner-1920x570-67.png\",\"datePublished\":\"2022-09-19T14:39:15+00:00\",\"dateModified\":\"2024-12-04T16:09:29+00:00\",\"breadcrumb\":{\"@id\":\"https:\/\/www.myallmeeting.com\/fr\/article\/mercure-porto-gaia-evenements-et-vins-laccord-parfait\/#breadcrumb\"},\"inLanguage\":\"fr-FR\",\"potentialAction\":[{\"@type\":\"ReadAction\",\"target\":[\"https:\/\/www.myallmeeting.com\/fr\/article\/mercure-porto-gaia-evenements-et-vins-laccord-parfait\/\"]}]},{\"@type\":\"ImageObject\",\"inLanguage\":\"fr-FR\",\"@id\":\"https:\/\/www.myallmeeting.com\/fr\/article\/mercure-porto-gaia-evenements-et-vins-laccord-parfait\/#primaryimage\",\"url\":\"https:\/\/www.myallmeeting.com\/wp-content\/uploads\/2022\/09\/MAM-baner-1920x570-67.png\",\"contentUrl\":\"https:\/\/www.myallmeeting.com\/wp-content\/uploads\/2022\/09\/MAM-baner-1920x570-67.png\",\"width\":1920,\"height\":570},{\"@type\":\"BreadcrumbList\",\"@id\":\"https:\/\/www.myallmeeting.com\/fr\/article\/mercure-porto-gaia-evenements-et-vins-laccord-parfait\/#breadcrumb\",\"itemListElement\":[{\"@type\":\"ListItem\",\"position\":1,\"name\":\"Accueil\",\"item\":\"https:\/\/myallmeeting.com\/fr\/\"},{\"@type\":\"ListItem\",\"position\":2,\"name\":\"Actualit\u00e9s\",\"item\":\"https:\/\/www.myallmeeting.com\/fr\/actualite\/\"},{\"@type\":\"ListItem\",\"position\":3,\"name\":\"Mercure Porto Gaia : \u00e9v\u00e9nements et vins, l&rsquo;accord parfait\"}]},{\"@type\":\"WebSite\",\"@id\":\"https:\/\/www.myallmeeting.com\/fr\/#website\",\"url\":\"https:\/\/www.myallmeeting.com\/fr\/\",\"name\":\"Accor MyAllMeeting.com\",\"description\":\"Les Meilleurs lieux pour vos Ev\u00e9nements Professionnels\",\"publisher\":{\"@id\":\"https:\/\/www.myallmeeting.com\/fr\/#organization\"},\"potentialAction\":[{\"@type\":\"SearchAction\",\"target\":{\"@type\":\"EntryPoint\",\"urlTemplate\":\"https:\/\/www.myallmeeting.com\/fr\/?s={search_term_string}\"},\"query-input\":{\"@type\":\"PropertyValueSpecification\",\"valueRequired\":true,\"valueName\":\"search_term_string\"}}],\"inLanguage\":\"fr-FR\"},{\"@type\":\"Organization\",\"@id\":\"https:\/\/www.myallmeeting.com\/fr\/#organization\",\"name\":\"ACCOR\",\"url\":\"https:\/\/www.myallmeeting.com\/fr\/\",\"logo\":{\"@type\":\"ImageObject\",\"inLanguage\":\"fr-FR\",\"@id\":\"https:\/\/www.myallmeeting.com\/fr\/#\/schema\/logo\/image\/\",\"url\":\"\",\"contentUrl\":\"\",\"caption\":\"ACCOR\"},\"image\":{\"@id\":\"https:\/\/www.myallmeeting.com\/fr\/#\/schema\/logo\/image\/\"}}]}<\/script>","yoast_head_json":{"title":"Mercure Porto Gaia : \u00e9v\u00e9nements et vins, l&rsquo;accord parfait - Accor MyAllMeeting.com","robots":{"index":"index","follow":"follow","max-snippet":"max-snippet:-1","max-image-preview":"max-image-preview:large","max-video-preview":"max-video-preview:-1"},"canonical":"https:\/\/www.myallmeeting.com\/fr\/wp-json\/wp\/v2\/article\/15226655","og_locale":"fr_FR","og_type":"article","og_title":"Mercure Porto Gaia : \u00e9v\u00e9nements et vins, l&rsquo;accord parfait - Accor MyAllMeeting.com","og_description":"Un \u00e9tablissement Accor dans un quartier anim\u00e9 pour en d\u00e9couvrir plus sur Porto lors de votre prochain \u00e9v\u00e8nement d\u2019entreprise.","og_url":"https:\/\/www.myallmeeting.com\/fr\/article\/mercure-porto-gaia-evenements-et-vins-laccord-parfait\/","og_site_name":"Accor MyAllMeeting.com","article_modified_time":"2024-12-04T16:09:29+00:00","og_image":[{"width":1920,"height":570,"url":"https:\/\/www.myallmeeting.com\/wp-content\/uploads\/2022\/09\/MAM-baner-1920x570-67.png","type":"image\/png"}],"twitter_card":"summary_large_image","twitter_misc":{"Dur\u00e9e de lecture estim\u00e9e":"5 minutes"},"schema":{"@context":"https:\/\/schema.org","@graph":[{"@type":"WebPage","@id":"https:\/\/www.myallmeeting.com\/fr\/article\/mercure-porto-gaia-evenements-et-vins-laccord-parfait\/","url":"https:\/\/www.myallmeeting.com\/fr\/article\/mercure-porto-gaia-evenements-et-vins-laccord-parfait\/","name":"Mercure Porto Gaia : \u00e9v\u00e9nements et vins, l&rsquo;accord parfait - Accor MyAllMeeting.com","isPartOf":{"@id":"https:\/\/www.myallmeeting.com\/fr\/#website"},"primaryImageOfPage":{"@id":"https:\/\/www.myallmeeting.com\/fr\/article\/mercure-porto-gaia-evenements-et-vins-laccord-parfait\/#primaryimage"},"image":{"@id":"https:\/\/www.myallmeeting.com\/fr\/article\/mercure-porto-gaia-evenements-et-vins-laccord-parfait\/#primaryimage"},"thumbnailUrl":"https:\/\/www.myallmeeting.com\/wp-content\/uploads\/2022\/09\/MAM-baner-1920x570-67.png","datePublished":"2022-09-19T14:39:15+00:00","dateModified":"2024-12-04T16:09:29+00:00","breadcrumb":{"@id":"https:\/\/www.myallmeeting.com\/fr\/article\/mercure-porto-gaia-evenements-et-vins-laccord-parfait\/#breadcrumb"},"inLanguage":"fr-FR","potentialAction":[{"@type":"ReadAction","target":["https:\/\/www.myallmeeting.com\/fr\/article\/mercure-porto-gaia-evenements-et-vins-laccord-parfait\/"]}]},{"@type":"ImageObject","inLanguage":"fr-FR","@id":"https:\/\/www.myallmeeting.com\/fr\/article\/mercure-porto-gaia-evenements-et-vins-laccord-parfait\/#primaryimage","url":"https:\/\/www.myallmeeting.com\/wp-content\/uploads\/2022\/09\/MAM-baner-1920x570-67.png","contentUrl":"https:\/\/www.myallmeeting.com\/wp-content\/uploads\/2022\/09\/MAM-baner-1920x570-67.png","width":1920,"height":570},{"@type":"BreadcrumbList","@id":"https:\/\/www.myallmeeting.com\/fr\/article\/mercure-porto-gaia-evenements-et-vins-laccord-parfait\/#breadcrumb","itemListElement":[{"@type":"ListItem","position":1,"name":"Accueil","item":"https:\/\/myallmeeting.com\/fr\/"},{"@type":"ListItem","position":2,"name":"Actualit\u00e9s","item":"https:\/\/www.myallmeeting.com\/fr\/actualite\/"},{"@type":"ListItem","position":3,"name":"Mercure Porto Gaia : \u00e9v\u00e9nements et vins, l&rsquo;accord parfait"}]},{"@type":"WebSite","@id":"https:\/\/www.myallmeeting.com\/fr\/#website","url":"https:\/\/www.myallmeeting.com\/fr\/","name":"Accor MyAllMeeting.com","description":"Les Meilleurs lieux pour vos Ev\u00e9nements Professionnels","publisher":{"@id":"https:\/\/www.myallmeeting.com\/fr\/#organization"},"potentialAction":[{"@type":"SearchAction","target":{"@type":"EntryPoint","urlTemplate":"https:\/\/www.myallmeeting.com\/fr\/?s={search_term_string}"},"query-input":{"@type":"PropertyValueSpecification","valueRequired":true,"valueName":"search_term_string"}}],"inLanguage":"fr-FR"},{"@type":"Organization","@id":"https:\/\/www.myallmeeting.com\/fr\/#organization","name":"ACCOR","url":"https:\/\/www.myallmeeting.com\/fr\/","logo":{"@type":"ImageObject","inLanguage":"fr-FR","@id":"https:\/\/www.myallmeeting.com\/fr\/#\/schema\/logo\/image\/","url":"","contentUrl":"","caption":"ACCOR"},"image":{"@id":"https:\/\/www.myallmeeting.com\/fr\/#\/schema\/logo\/image\/"}}]}},"_links":{"self":[{"href":"https:\/\/www.myallmeeting.com\/fr\/wp-json\/wp\/v2\/article\/15226655","targetHints":{"allow":["GET"]}}],"collection":[{"href":"https:\/\/www.myallmeeting.com\/fr\/wp-json\/wp\/v2\/article"}],"about":[{"href":"https:\/\/www.myallmeeting.com\/fr\/wp-json\/wp\/v2\/types\/article"}],"wp:featuredmedia":[{"embeddable":true,"href":"https:\/\/www.myallmeeting.com\/fr\/wp-json\/wp\/v2\/media\/16835433"}],"wp:attachment":[{"href":"https:\/\/www.myallmeeting.com\/fr\/wp-json\/wp\/v2\/media?parent=15226655"}],"wp:term":[{"taxonomy":"periscope_categorie_tax","embeddable":true,"href":"https:\/\/www.myallmeeting.com\/fr\/wp-json\/wp\/v2\/periscope_categorie_tax?post=15226655"}],"curies":[{"name":"wp","href":"https:\/\/api.w.org\/{rel}","templated":true}]}}