{"id":15226652,"date":"2022-10-26T16:24:00","date_gmt":"2022-10-26T14:24:00","guid":{"rendered":"https:\/\/myallmeeting.com\/article\/au-pullman-bordeaux-lac-2000-m2-rien-que-pour-vos-seminaires\/"},"modified":"2024-11-28T11:47:42","modified_gmt":"2024-11-28T10:47:42","slug":"au-pullman-bordeaux-lac-2000-m2-rien-que-pour-vos-seminaires","status":"publish","type":"article","link":"https:\/\/www.myallmeeting.com\/fr\/article\/au-pullman-bordeaux-lac-2000-m2-rien-que-pour-vos-seminaires\/","title":{"rendered":"Au Pullman Bordeaux Lac : 2000 m2 rien que pour vos s\u00e9minaires !"},"content":{"rendered":"<!-- START OF : Composant : block-periscope-theme-section-composant-25-texte-cta-2-images.php -->\n<div class=\"tcta2ia bg-white fs-wysiwyg mb-lg-12\" data-component=\"25-texte-cta-2-images\">\n\t<div class=\"tcta2ia__top\">\n\t\t<div class=\"container-fluid\" style=\"--bs-gutter-x: 0\">\n\t\t\t<div class=\"row\" style=\"--bs-gutter-x: 0\">\n\t\t\t\t<div class=\"col-lg-8\">\n\t\t\t\t\t\t\t\t\t\t<div class=\"bloc-mise-en-avant__top__left\">\n\t\t\t\t\t\t<img decoding=\"async\" src=\"https:\/\/www.myallmeeting.com\/wp-content\/uploads\/2022\/10\/0669_sm_02_p_1024x768.jpg\" class=\"pe-2 pe-lg-0\" width=\"1268\" height=\"846\" alt=\"\" loading=\"lazy\" \/>\n\t\t\t\t\t<\/div>\n\t\t\t\t\t\t\t\t\t\t<div class=\"tcta2ia__bottom d-none d-lg-block pb-12 pt-lg-9 pb-lg-0 pe-lg-10\">\n\t\t\t\t\t\t\t\t\t\t\t\t<h2 class=\"fs-20 fs-lg-32 fw-semibold\">Lumi\u00e8re du jour et vue sur lac<\/h2>\n\t\t\t\t\t\t\t\t\t\t\t\t\t\t\t\t\t\t<div class=\"fs-wysiwyg\"><p><b>2000 m\u00b2 d&rsquo;espaces d\u00e9di\u00e9s aux r\u00e9unions et aux moments festifs sont pr\u00eats \u00e0 vous accueillir<\/b><span style=\"font-weight: 400;\">. Rendez-vous au premier \u00e9tage, o\u00f9 un accueil sp\u00e9cialement am\u00e9nag\u00e9, agr\u00e9ment\u00e9 d\u2019\u0153uvres d&rsquo;art contemporain, attend les participants. <\/span><b>Quatorze salles de r\u00e9union, dont cinq salles modulables<\/b><span style=\"font-weight: 400;\"> &#8211; les trois espaces Rohan et les deux espaces Montaigne sont adapt\u00e9s \u00e0 vos besoins.<\/span><\/p>\n<p><span style=\"font-weight: 400;\">Vous organisez une convention d&rsquo;envergure ? En combinant les trois salons\u00a0 Rohan, vous pourrez accueillir <\/span><b>jusqu&rsquo;\u00e0 600 personnes<\/b><span style=\"font-weight: 400;\"> en configuration th\u00e9\u00e2tre. Votre s\u00e9minaire implique une collaboration entre plusieurs \u00e9quipes ? Pas de souci, la flexibilit\u00e9 des espaces permet de multiples configurations.\u00a0<\/span><\/p>\n<p><span style=\"font-weight: 400;\">De plus, la technologie facilite l&rsquo;utilisation des lieux, <\/span><b>toutes les salles \u00e9tant connect\u00e9es pour un partage instantan\u00e9 gr\u00e2ce \u00e0 la fonction <\/b><b><i>click and share<\/i><\/b><span style=\"font-weight: 400;\"> : branchez simplement votre ordinateur pour partager le son et les images !<\/span><\/p>\n<p><span style=\"font-weight: 400;\">Au m\u00eame \u00e9tage, l\u2019espace Flore, spacieuse et lumineuse avec vue sur le lac, donne acc\u00e8s \u00e0 <\/span><b>une terrasse avec piscine<\/b><span style=\"font-weight: 400;\"> ! Avec son espace d\u00e9tente adjacent, \u00e9quip\u00e9 de fauteuils confortables, l\u2019espace Flore peut accueillir jusqu&rsquo;\u00e0 250 personnes assises en configuration tables rondes, ou 600 en mode cocktail.<\/span><\/p>\n<\/div>\n\t\t\t\t\t\t\t\t\t\t\t\t<div class=\"d-flex flex-column flex-lg-row align-items-center gap-5 gap-lg-8 justify-content-between\">\n\t\t\t\t\t\t\t<div class=\"fs-20 fs-lg-26 fw-semibold lh-xs\"><\/div>\n\t\t\t\t\t\t\t\t\t\t\t\t\t<\/div>\n\t\t\t\t\t<\/div>\n\t\t\t\t<\/div>\n\t\t\t\t<div class=\"col-lg-4\">\n\t\t\t\t\t<div class=\"tcta2ia__top__right t-0 r-0 bg-primary text-white pt-4 pb-4 px-2 pt-lg-8 pb-lg-16 px-lg-11 pb-xl-30\">\n\t\t\t\t\t\t\t\t\t\t\t\t\t\t\t\t\t\t<h2 class=\"unna fs-36 fs-lg-51 fs-xl-75 fs-italic fw-normal text-secondary\">Au Pullman Bordeaux Lac : 2000 m2 rien que pour vos s\u00e9minaires !<\/h2>\n\t\t\t\t\t\t\t\t\t\t\t\t\t\t\t\t\t\t<h3 class=\"text-white fs-18 fs-lg-20 fs-xl-28 text-original-case\">L\u2019organisation et l\u2019accueil font partie de notre ADN ! <\/h3>\n\t\t\t\t\t\t\t\t\t\t\t\t\t\t\t\t\t\t<div class=\"fs-wysiwyg mb-4 fs-lg-16 fs-xl-20\"><p><span style=\"font-weight: 400;\">\u00c0 l&rsquo;arri\u00e8re du<\/span><b> Pullman Bordeaux Lac<\/b><span style=\"font-weight: 400;\">, vous trouverez le palais des congr\u00e8s, son casino et son th\u00e9\u00e2tre, et un peu plus loin, le palais de l\u2019Atlantique et le parc des expositions. Cette <\/span><b>proximit\u00e9 avec les principaux centres de congr\u00e8s et de convention de la ville<\/b><span style=\"font-weight: 400;\"> \u00e9tablit clairement la vocation de l&rsquo;h\u00f4tel : au Pullman Bordeaux Lac, <\/span><b>les conventions et expositions se succ\u00e8dent, tout comme les s\u00e9minaires, qu&rsquo;ils soient r\u00e9sidentiels ou no<\/b><span style=\"font-weight: 400;\">n.\u00a0<\/span><\/p>\n<p><span style=\"font-weight: 400;\">Cela implique que <\/span><b>les \u00e9quipes de l&rsquo;h\u00f4tel excellent dans cet aspect, transformant ces missions en une sp\u00e9cialit\u00e9 distincte<\/b><span style=\"font-weight: 400;\">. C&rsquo;est un atout suppl\u00e9mentaire \u00e0 consid\u00e9rer lors du choix de cet h\u00f4tel pour un s\u00e9minaire \u00e0 Bordeaux.<\/span><\/p>\n<\/div>\n\t\t\t\t\t\t\t\t\t\t\t\t\t\t\t\t\t\t\t\t\t\t\t\t<p class=\"m-0\"><img decoding=\"async\" src=\"https:\/\/www.myallmeeting.com\/wp-content\/uploads\/2022\/10\/0669_sl_02_p_1024x768-633x398.jpg\" class=\"position-relative l-0\" width=\"633\" height=\"398\" alt=\"\" loading=\"lazy\" \/><\/p>\n\t\t\t\t\t\t\t\t\t\t\t<\/div>\n\t\t\t\t<\/div>\n\t\t\t<\/div>\n\t\t<\/div>\n\t<\/div>\n\t<div class=\"tcta2ia__bottom d-lg-none pb-12 py-lg-9 pe-lg-10\">\n\t\t\t\t<div class=\"h2 fs-20 fs-lg-32 fw-semibold\">Lumi\u00e8re du jour et vue sur lac<\/div>\n\t\t\t\t\t\t<div class=\"fs-wysiwyg\"><p><b>2000 m\u00b2 d&rsquo;espaces d\u00e9di\u00e9s aux r\u00e9unions et aux moments festifs sont pr\u00eats \u00e0 vous accueillir<\/b><span style=\"font-weight: 400;\">. Rendez-vous au premier \u00e9tage, o\u00f9 un accueil sp\u00e9cialement am\u00e9nag\u00e9, agr\u00e9ment\u00e9 d\u2019\u0153uvres d&rsquo;art contemporain, attend les participants. <\/span><b>Quatorze salles de r\u00e9union, dont cinq salles modulables<\/b><span style=\"font-weight: 400;\"> &#8211; les trois espaces Rohan et les deux espaces Montaigne sont adapt\u00e9s \u00e0 vos besoins.<\/span><\/p>\n<p><span style=\"font-weight: 400;\">Vous organisez une convention d&rsquo;envergure ? En combinant les trois salons\u00a0 Rohan, vous pourrez accueillir <\/span><b>jusqu&rsquo;\u00e0 600 personnes<\/b><span style=\"font-weight: 400;\"> en configuration th\u00e9\u00e2tre. Votre s\u00e9minaire implique une collaboration entre plusieurs \u00e9quipes ? Pas de souci, la flexibilit\u00e9 des espaces permet de multiples configurations.\u00a0<\/span><\/p>\n<p><span style=\"font-weight: 400;\">De plus, la technologie facilite l&rsquo;utilisation des lieux, <\/span><b>toutes les salles \u00e9tant connect\u00e9es pour un partage instantan\u00e9 gr\u00e2ce \u00e0 la fonction <\/b><b><i>click and share<\/i><\/b><span style=\"font-weight: 400;\"> : branchez simplement votre ordinateur pour partager le son et les images !<\/span><\/p>\n<p><span style=\"font-weight: 400;\">Au m\u00eame \u00e9tage, l\u2019espace Flore, spacieuse et lumineuse avec vue sur le lac, donne acc\u00e8s \u00e0 <\/span><b>une terrasse avec piscine<\/b><span style=\"font-weight: 400;\"> ! Avec son espace d\u00e9tente adjacent, \u00e9quip\u00e9 de fauteuils confortables, l\u2019espace Flore peut accueillir jusqu&rsquo;\u00e0 250 personnes assises en configuration tables rondes, ou 600 en mode cocktail.<\/span><\/p>\n<\/div>\n\t\t\t\t<div class=\"d-flex flex-column flex-lg-row align-items-center gap-5 gap-lg-8 justify-content-between\">\n\t\t\t<div class=\"fs-20 fs-lg-26 fw-semibold lh-xs\"><\/div>\n\t\t\t\t\t<\/div>\n\t<\/div>\n<\/div>\n<!-- END OF : Composant : block-periscope-theme-section-composant-25-texte-cta-2-images.php -->\n\n\n<!-- START OF : Composant : block-periscope-theme-section-composant-33-texte-image.php -->\n<div class=\"text-image fs-wysiwyg mb-8 mb-lg-12\" data-component=\"33-texte-image\">\n\t<div class=\"container-fluid\" style=\"--bs-gutter-x: 0\">\n\t\t<div class=\"row\" style=\"--bs-gutter-x: 0\">\n\t\t\t\t\t\t<div class=\"col-lg-6 mb-7 mb-lg-0\">\n\t\t\t\t<img decoding=\"async\" src=\"https:\/\/www.myallmeeting.com\/wp-content\/uploads\/2022\/10\/0669_rs_03_p_1024x768-953x600.jpg\" width=\"953\" height=\"600\" alt=\"\" loading=\"lazy\" class=\"w-100\" \/>\n\t\t\t<\/div>\n\t\t\t\t\t\t<div class=\"col-lg-6\">\n\t\t\t\t<div class=\"text-image__content\">\n\t\t\t\t\t\t\t\t\t\t<div class=\"fw-semibold lh-xs fs-20 fs-lg-32 ls--25 mb-5\">Cuisine d\u00e9licate<\/div>\n\t\t\t\t\t\t\t\t\t\t\t\t\t\t\t<div class=\"fs-wysiwyg\">\n\t\t\t\t\t\t<p><span style=\"font-weight: 400;\">Un s\u00e9minaire r\u00e9ussi passe incontestablement par le plaisir des papilles ! Vous \u00eates \u00e0 la bonne adresse ! Au Pullman Bordeaux Lac, <\/span><b>une \u00e9quipe d\u00e9di\u00e9e aux banquets propose et adapte les menus selon vos pr\u00e9f\u00e9rences<\/b><span style=\"font-weight: 400;\">. Si vous envisagez un s\u00e9minaire r\u00e9sidentiel (pouvant accueillir jusqu&rsquo;\u00e0 330 participants, avec toutes les chambres pouvant \u00eatre am\u00e9nag\u00e9es en <\/span><i><span style=\"font-weight: 400;\">twin<\/span><\/i><span style=\"font-weight: 400;\">), vous serez enchant\u00e9(e) par la diversit\u00e9 et la qualit\u00e9 du petit-d\u00e9jeuner.<\/span><\/p>\n<p><span style=\"font-weight: 400;\">Quant au restaurant, l\u2019Aquitania, le chef y concocte des plats raffin\u00e9s \u00e0 partir de <\/span><b>produits de saison<\/b><span style=\"font-weight: 400;\">, sublim\u00e9s par une s\u00e9lection de vins \u00e9labor\u00e9e par la sommeli\u00e8re et sa Vinoteca by Pullman, en respectant les traditions de la r\u00e9gion.<\/span><\/p>\n<p><span style=\"font-weight: 400;\">Et pour ceux qui voient les choses en grand, sachez que le <\/span><b>Pullman Bordeaux Lac<\/b><span style=\"font-weight: 400;\"> fait partie du r\u00e9seau \u00ab\u00a0Les acteurs du lac\u00a0\u00bb, regroupant les h\u00f4tels Accor de la r\u00e9gion, ainsi que le golf, le v\u00e9lodrome, un traiteur, etc. Vous b\u00e9n\u00e9ficierez ainsi d&rsquo;un <\/span><b>interlocuteur unique pour organiser un s\u00e9jour sur mesure<\/b><span style=\"font-weight: 400;\"> en mobilisant les comp\u00e9tences et les atouts de tous les membres du r\u00e9seau.<\/span><\/p>\n\t\t\t\t\t<\/div>\n\t\t\t\t\t\t\t\t\t<\/div>\n\t\t\t<\/div>        \n\t\t<\/div>\n\t<\/div>\n<\/div>\n<!-- END OF : Composant : block-periscope-theme-section-composant-33-texte-image.php -->\n\n\n<!-- START OF : Composant : block-periscope-theme-section-composant-33-texte-image.php -->\n<!-- INVERSE -->\n<div class=\"text-image fs-wysiwyg mb-8 mb-lg-12\" data-component=\"33-texte-image\" data-reverse=\"oui\">\n\t<div class=\"container-fluid\" style=\"--bs-gutter-x: 0\">\n\t\t<div class=\"row\" style=\"--bs-gutter-x: 0\">\n\t\t\t<div class=\"col-lg-6\">\n\t\t\t\t<div class=\"text-image__content\">\n\t\t\t\t\t\t\t\t\t\t<div class=\"fw-semibold lh-xs fs-20 fs-lg-32 ls--25 mb-5\">Facilit\u00e9 et fluidit\u00e9 !<\/div>\n\t\t\t\t\t\t\t\t\t\t\t\t\t\t\t<div class=\"fs-wysiwyg\">\n\t\t\t\t\t\t<p><span style=\"font-weight: 400;\">Pour conclure, notez que le Pullman Bordeaux Lac offre un parking gratuit spacieux et, surtout, que l&rsquo;arr\u00eat du tramway, situ\u00e9 \u00e0 proximit\u00e9 de l&rsquo;h\u00f4tel, vous permettra de rejoindre le centre-ville en moins de 30 minutes.\u00a0<\/span><\/p>\n<p><span style=\"font-weight: 400;\">Ces nombreux avantages faciliteront <\/span><b>l&rsquo;organisation, le d\u00e9roulement et l&rsquo;appr\u00e9ciation de votre s\u00e9jour<\/b><span style=\"font-weight: 400;\">, faisant de cet h\u00f4tel le choix id\u00e9al pour un s\u00e9minaire en Aquitaine.<\/span><\/p>\n<p><span style=\"font-weight: 400;\">Vous vous y sentirez dorlot\u00e9, pleinement en mesure de profiter de l&rsquo;esprit <\/span><i><span style=\"font-weight: 400;\">bleisure\u00a0<\/span><\/i><span style=\"font-weight: 400;\">(contraction de \u00ab\u00a0business\u00a0\u00bb et de \u00ab\u00a0leisure\u00a0\u00bb) cher \u00e0 la marque Pullman, combinant \u00e0 la fois affaires et loisirs.<\/span><\/p>\n\t\t\t\t\t<\/div>\n\t\t\t\t\t\t\t\t\t<\/div>\n\t\t\t<\/div>    \n\t\t\t    \n\t\t\t<div class=\"col-lg-6 order-first order-lg-last mb-7 mb-lg-0\">\n\t\t\t\t<img decoding=\"async\" src=\"https:\/\/www.myallmeeting.com\/wp-content\/uploads\/2022\/10\/0669_ho_08_p_1024x768-953x600.jpg\" width=\"953\" height=\"600\" alt=\"\" loading=\"lazy\" class=\"w-100\" \/>\n\t\t\t<\/div>\n\t\t\t\t\t<\/div>\n\t<\/div>\n<\/div>\n<!-- END OF : Composant : block-periscope-theme-section-composant-33-texte-image.php -->\n","protected":false},"excerpt":{"rendered":"<p>Cet h\u00f4tel 4 \u00e9toiles, compos\u00e9 de 166 chambres, est situ\u00e9 au bord d&rsquo;un grand lac partag\u00e9 par les nageurs et les amateurs d&rsquo;aviron. Avec ses 2000 m\u00b2 d\u00e9di\u00e9s \u00e0 l&rsquo;organisation d&rsquo;\u00e9v\u00e9nements et son personnel aux petits soins, le Pullman Bordeaux Lac est l&rsquo;endroit id\u00e9al pour vos s\u00e9jours professionnels dans la capitale de la Nouvelle-Aquitaine,  Bordeaux.<\/p>\n","protected":false},"featured_media":16758982,"menu_order":0,"template":"","periscope_categorie_tax":[1651],"class_list":["post-15226652","article","type-article","status-publish","has-post-thumbnail","hentry","periscope_categorie_tax-reportage-du-mois"],"acf":[],"yoast_head":"<title>Au Pullman Bordeaux Lac : 2000 m2 rien que pour vos s\u00e9minaires ! - Accor MyAllMeeting.com<\/title>\n<meta name=\"robots\" content=\"index, follow, max-snippet:-1, max-image-preview:large, max-video-preview:-1\" \/>\n<link rel=\"canonical\" href=\"https:\/\/www.myallmeeting.com\/fr\/wp-json\/wp\/v2\/article\/15226652\" \/>\n<meta property=\"og:locale\" content=\"fr_FR\" \/>\n<meta property=\"og:type\" content=\"article\" \/>\n<meta property=\"og:title\" content=\"Au Pullman Bordeaux Lac : 2000 m2 rien que pour vos s\u00e9minaires ! - Accor MyAllMeeting.com\" \/>\n<meta property=\"og:description\" content=\"Cet h\u00f4tel 4 \u00e9toiles, compos\u00e9 de 166 chambres, est situ\u00e9 au bord d&#039;un grand lac partag\u00e9 par les nageurs et les amateurs d&#039;aviron. Avec ses 2000 m\u00b2 d\u00e9di\u00e9s \u00e0 l&#039;organisation d&#039;\u00e9v\u00e9nements et son personnel aux petits soins, le Pullman Bordeaux Lac est l&#039;endroit id\u00e9al pour vos s\u00e9jours professionnels dans la capitale de la Nouvelle-Aquitaine, Bordeaux.\" \/>\n<meta property=\"og:url\" content=\"https:\/\/www.myallmeeting.com\/fr\/article\/au-pullman-bordeaux-lac-2000-m2-rien-que-pour-vos-seminaires\/\" \/>\n<meta property=\"og:site_name\" content=\"Accor MyAllMeeting.com\" \/>\n<meta property=\"article:modified_time\" content=\"2024-11-28T10:47:42+00:00\" \/>\n<meta property=\"og:image\" content=\"https:\/\/www.myallmeeting.com\/wp-content\/uploads\/2022\/10\/MAM-baner-1920x570-56-1024x304.png\" \/>\n\t<meta property=\"og:image:width\" content=\"1024\" \/>\n\t<meta property=\"og:image:height\" content=\"304\" \/>\n\t<meta property=\"og:image:type\" content=\"image\/png\" \/>\n<meta name=\"twitter:card\" content=\"summary_large_image\" \/>\n<meta name=\"twitter:label1\" content=\"Dur\u00e9e de lecture estim\u00e9e\" \/>\n\t<meta name=\"twitter:data1\" content=\"4 minutes\" \/>\n<script type=\"application\/ld+json\" class=\"yoast-schema-graph\">{\"@context\":\"https:\/\/schema.org\",\"@graph\":[{\"@type\":\"WebPage\",\"@id\":\"https:\/\/www.myallmeeting.com\/fr\/article\/au-pullman-bordeaux-lac-2000-m2-rien-que-pour-vos-seminaires\/\",\"url\":\"https:\/\/www.myallmeeting.com\/fr\/article\/au-pullman-bordeaux-lac-2000-m2-rien-que-pour-vos-seminaires\/\",\"name\":\"Au Pullman Bordeaux Lac : 2000 m2 rien que pour vos s\u00e9minaires ! - Accor MyAllMeeting.com\",\"isPartOf\":{\"@id\":\"https:\/\/www.myallmeeting.com\/fr\/#website\"},\"primaryImageOfPage\":{\"@id\":\"https:\/\/www.myallmeeting.com\/fr\/article\/au-pullman-bordeaux-lac-2000-m2-rien-que-pour-vos-seminaires\/#primaryimage\"},\"image\":{\"@id\":\"https:\/\/www.myallmeeting.com\/fr\/article\/au-pullman-bordeaux-lac-2000-m2-rien-que-pour-vos-seminaires\/#primaryimage\"},\"thumbnailUrl\":\"https:\/\/www.myallmeeting.com\/wp-content\/uploads\/2022\/10\/MAM-baner-1920x570-56.png\",\"datePublished\":\"2022-10-26T14:24:00+00:00\",\"dateModified\":\"2024-11-28T10:47:42+00:00\",\"breadcrumb\":{\"@id\":\"https:\/\/www.myallmeeting.com\/fr\/article\/au-pullman-bordeaux-lac-2000-m2-rien-que-pour-vos-seminaires\/#breadcrumb\"},\"inLanguage\":\"fr-FR\",\"potentialAction\":[{\"@type\":\"ReadAction\",\"target\":[\"https:\/\/www.myallmeeting.com\/fr\/article\/au-pullman-bordeaux-lac-2000-m2-rien-que-pour-vos-seminaires\/\"]}]},{\"@type\":\"ImageObject\",\"inLanguage\":\"fr-FR\",\"@id\":\"https:\/\/www.myallmeeting.com\/fr\/article\/au-pullman-bordeaux-lac-2000-m2-rien-que-pour-vos-seminaires\/#primaryimage\",\"url\":\"https:\/\/www.myallmeeting.com\/wp-content\/uploads\/2022\/10\/MAM-baner-1920x570-56.png\",\"contentUrl\":\"https:\/\/www.myallmeeting.com\/wp-content\/uploads\/2022\/10\/MAM-baner-1920x570-56.png\",\"width\":1920,\"height\":570},{\"@type\":\"BreadcrumbList\",\"@id\":\"https:\/\/www.myallmeeting.com\/fr\/article\/au-pullman-bordeaux-lac-2000-m2-rien-que-pour-vos-seminaires\/#breadcrumb\",\"itemListElement\":[{\"@type\":\"ListItem\",\"position\":1,\"name\":\"Accueil\",\"item\":\"https:\/\/myallmeeting.com\/fr\/\"},{\"@type\":\"ListItem\",\"position\":2,\"name\":\"Actualit\u00e9s\",\"item\":\"https:\/\/www.myallmeeting.com\/fr\/actualite\/\"},{\"@type\":\"ListItem\",\"position\":3,\"name\":\"Au Pullman Bordeaux Lac : 2000 m2 rien que pour vos s\u00e9minaires !\"}]},{\"@type\":\"WebSite\",\"@id\":\"https:\/\/www.myallmeeting.com\/fr\/#website\",\"url\":\"https:\/\/www.myallmeeting.com\/fr\/\",\"name\":\"Accor MyAllMeeting.com\",\"description\":\"Les Meilleurs lieux pour vos Ev\u00e9nements Professionnels\",\"publisher\":{\"@id\":\"https:\/\/www.myallmeeting.com\/fr\/#organization\"},\"potentialAction\":[{\"@type\":\"SearchAction\",\"target\":{\"@type\":\"EntryPoint\",\"urlTemplate\":\"https:\/\/www.myallmeeting.com\/fr\/?s={search_term_string}\"},\"query-input\":{\"@type\":\"PropertyValueSpecification\",\"valueRequired\":true,\"valueName\":\"search_term_string\"}}],\"inLanguage\":\"fr-FR\"},{\"@type\":\"Organization\",\"@id\":\"https:\/\/www.myallmeeting.com\/fr\/#organization\",\"name\":\"ACCOR\",\"url\":\"https:\/\/www.myallmeeting.com\/fr\/\",\"logo\":{\"@type\":\"ImageObject\",\"inLanguage\":\"fr-FR\",\"@id\":\"https:\/\/www.myallmeeting.com\/fr\/#\/schema\/logo\/image\/\",\"url\":\"\",\"contentUrl\":\"\",\"caption\":\"ACCOR\"},\"image\":{\"@id\":\"https:\/\/www.myallmeeting.com\/fr\/#\/schema\/logo\/image\/\"}}]}<\/script>","yoast_head_json":{"title":"Au Pullman Bordeaux Lac : 2000 m2 rien que pour vos s\u00e9minaires ! - Accor MyAllMeeting.com","robots":{"index":"index","follow":"follow","max-snippet":"max-snippet:-1","max-image-preview":"max-image-preview:large","max-video-preview":"max-video-preview:-1"},"canonical":"https:\/\/www.myallmeeting.com\/fr\/wp-json\/wp\/v2\/article\/15226652","og_locale":"fr_FR","og_type":"article","og_title":"Au Pullman Bordeaux Lac : 2000 m2 rien que pour vos s\u00e9minaires ! - Accor MyAllMeeting.com","og_description":"Cet h\u00f4tel 4 \u00e9toiles, compos\u00e9 de 166 chambres, est situ\u00e9 au bord d'un grand lac partag\u00e9 par les nageurs et les amateurs d'aviron. Avec ses 2000 m\u00b2 d\u00e9di\u00e9s \u00e0 l'organisation d'\u00e9v\u00e9nements et son personnel aux petits soins, le Pullman Bordeaux Lac est l'endroit id\u00e9al pour vos s\u00e9jours professionnels dans la capitale de la Nouvelle-Aquitaine, Bordeaux.","og_url":"https:\/\/www.myallmeeting.com\/fr\/article\/au-pullman-bordeaux-lac-2000-m2-rien-que-pour-vos-seminaires\/","og_site_name":"Accor MyAllMeeting.com","article_modified_time":"2024-11-28T10:47:42+00:00","og_image":[{"width":1024,"height":304,"url":"https:\/\/www.myallmeeting.com\/wp-content\/uploads\/2022\/10\/MAM-baner-1920x570-56-1024x304.png","type":"image\/png"}],"twitter_card":"summary_large_image","twitter_misc":{"Dur\u00e9e de lecture estim\u00e9e":"4 minutes"},"schema":{"@context":"https:\/\/schema.org","@graph":[{"@type":"WebPage","@id":"https:\/\/www.myallmeeting.com\/fr\/article\/au-pullman-bordeaux-lac-2000-m2-rien-que-pour-vos-seminaires\/","url":"https:\/\/www.myallmeeting.com\/fr\/article\/au-pullman-bordeaux-lac-2000-m2-rien-que-pour-vos-seminaires\/","name":"Au Pullman Bordeaux Lac : 2000 m2 rien que pour vos s\u00e9minaires ! - Accor MyAllMeeting.com","isPartOf":{"@id":"https:\/\/www.myallmeeting.com\/fr\/#website"},"primaryImageOfPage":{"@id":"https:\/\/www.myallmeeting.com\/fr\/article\/au-pullman-bordeaux-lac-2000-m2-rien-que-pour-vos-seminaires\/#primaryimage"},"image":{"@id":"https:\/\/www.myallmeeting.com\/fr\/article\/au-pullman-bordeaux-lac-2000-m2-rien-que-pour-vos-seminaires\/#primaryimage"},"thumbnailUrl":"https:\/\/www.myallmeeting.com\/wp-content\/uploads\/2022\/10\/MAM-baner-1920x570-56.png","datePublished":"2022-10-26T14:24:00+00:00","dateModified":"2024-11-28T10:47:42+00:00","breadcrumb":{"@id":"https:\/\/www.myallmeeting.com\/fr\/article\/au-pullman-bordeaux-lac-2000-m2-rien-que-pour-vos-seminaires\/#breadcrumb"},"inLanguage":"fr-FR","potentialAction":[{"@type":"ReadAction","target":["https:\/\/www.myallmeeting.com\/fr\/article\/au-pullman-bordeaux-lac-2000-m2-rien-que-pour-vos-seminaires\/"]}]},{"@type":"ImageObject","inLanguage":"fr-FR","@id":"https:\/\/www.myallmeeting.com\/fr\/article\/au-pullman-bordeaux-lac-2000-m2-rien-que-pour-vos-seminaires\/#primaryimage","url":"https:\/\/www.myallmeeting.com\/wp-content\/uploads\/2022\/10\/MAM-baner-1920x570-56.png","contentUrl":"https:\/\/www.myallmeeting.com\/wp-content\/uploads\/2022\/10\/MAM-baner-1920x570-56.png","width":1920,"height":570},{"@type":"BreadcrumbList","@id":"https:\/\/www.myallmeeting.com\/fr\/article\/au-pullman-bordeaux-lac-2000-m2-rien-que-pour-vos-seminaires\/#breadcrumb","itemListElement":[{"@type":"ListItem","position":1,"name":"Accueil","item":"https:\/\/myallmeeting.com\/fr\/"},{"@type":"ListItem","position":2,"name":"Actualit\u00e9s","item":"https:\/\/www.myallmeeting.com\/fr\/actualite\/"},{"@type":"ListItem","position":3,"name":"Au Pullman Bordeaux Lac : 2000 m2 rien que pour vos s\u00e9minaires !"}]},{"@type":"WebSite","@id":"https:\/\/www.myallmeeting.com\/fr\/#website","url":"https:\/\/www.myallmeeting.com\/fr\/","name":"Accor MyAllMeeting.com","description":"Les Meilleurs lieux pour vos Ev\u00e9nements Professionnels","publisher":{"@id":"https:\/\/www.myallmeeting.com\/fr\/#organization"},"potentialAction":[{"@type":"SearchAction","target":{"@type":"EntryPoint","urlTemplate":"https:\/\/www.myallmeeting.com\/fr\/?s={search_term_string}"},"query-input":{"@type":"PropertyValueSpecification","valueRequired":true,"valueName":"search_term_string"}}],"inLanguage":"fr-FR"},{"@type":"Organization","@id":"https:\/\/www.myallmeeting.com\/fr\/#organization","name":"ACCOR","url":"https:\/\/www.myallmeeting.com\/fr\/","logo":{"@type":"ImageObject","inLanguage":"fr-FR","@id":"https:\/\/www.myallmeeting.com\/fr\/#\/schema\/logo\/image\/","url":"","contentUrl":"","caption":"ACCOR"},"image":{"@id":"https:\/\/www.myallmeeting.com\/fr\/#\/schema\/logo\/image\/"}}]}},"_links":{"self":[{"href":"https:\/\/www.myallmeeting.com\/fr\/wp-json\/wp\/v2\/article\/15226652","targetHints":{"allow":["GET"]}}],"collection":[{"href":"https:\/\/www.myallmeeting.com\/fr\/wp-json\/wp\/v2\/article"}],"about":[{"href":"https:\/\/www.myallmeeting.com\/fr\/wp-json\/wp\/v2\/types\/article"}],"wp:featuredmedia":[{"embeddable":true,"href":"https:\/\/www.myallmeeting.com\/fr\/wp-json\/wp\/v2\/media\/16758982"}],"wp:attachment":[{"href":"https:\/\/www.myallmeeting.com\/fr\/wp-json\/wp\/v2\/media?parent=15226652"}],"wp:term":[{"taxonomy":"periscope_categorie_tax","embeddable":true,"href":"https:\/\/www.myallmeeting.com\/fr\/wp-json\/wp\/v2\/periscope_categorie_tax?post=15226652"}],"curies":[{"name":"wp","href":"https:\/\/api.w.org\/{rel}","templated":true}]}}