{"id":15226650,"date":"2022-12-02T15:25:05","date_gmt":"2022-12-02T14:25:05","guid":{"rendered":"https:\/\/myallmeeting.com\/article\/lumiere-sur-le-novotel-lyon-bron-eurexpo\/"},"modified":"2024-11-13T16:31:56","modified_gmt":"2024-11-13T15:31:56","slug":"lumiere-sur-le-novotel-lyon-bron-eurexpo","status":"publish","type":"article","link":"https:\/\/www.myallmeeting.com\/fr\/article\/lumiere-sur-le-novotel-lyon-bron-eurexpo\/","title":{"rendered":"Lumi\u00e8re sur le Novotel Lyon Bron Eurexpo"},"content":{"rendered":"<!-- START OF : Composant : block-periscope-theme-section-composant-25-texte-cta-2-images.php -->\n<div class=\"tcta2ia bg-white fs-wysiwyg mb-lg-12\" data-component=\"25-texte-cta-2-images\">\n\t<div class=\"tcta2ia__top\">\n\t\t<div class=\"container-fluid\" style=\"--bs-gutter-x: 0\">\n\t\t\t<div class=\"row\" style=\"--bs-gutter-x: 0\">\n\t\t\t\t<div class=\"col-lg-8\">\n\t\t\t\t\t\t\t\t\t\t<div class=\"bloc-mise-en-avant__top__left\">\n\t\t\t\t\t\t<img decoding=\"async\" src=\"https:\/\/www.myallmeeting.com\/wp-content\/uploads\/2022\/12\/aja_p_7011-35__original-1268x846.jpeg\" class=\"pe-2 pe-lg-0\" width=\"1268\" height=\"846\" alt=\"\" loading=\"lazy\" \/>\n\t\t\t\t\t<\/div>\n\t\t\t\t\t\t\t\t\t\t<div class=\"tcta2ia__bottom d-none d-lg-block pb-12 pt-lg-9 pb-lg-0 pe-lg-10\">\n\t\t\t\t\t\t\t\t\t\t\t\t<h2 class=\"fs-20 fs-lg-32 fw-semibold\">Un \u00e9tablissement XXL <\/h2>\n\t\t\t\t\t\t\t\t\t\t\t\t\t\t\t\t\t\t<div class=\"fs-wysiwyg\"><p><span data-contrast=\"auto\">Nich\u00e9 aux abords d\u2019Eurexpo, le <\/span><a href=\"https:\/\/myallmeeting.com\/fr\/hotel\/0436-novotel-lyon-bron-eurexpo\/\"><span data-contrast=\"none\">Novotel Lyon Bron Eurexpo<\/span><\/a><span data-contrast=\"auto\"> est aussi \u00e0 proximit\u00e9 du Groupama Stadium. \u00c0 15 minutes en voiture du centre-ville et de l\u2019a\u00e9roport, il b\u00e9n\u00e9ficie d\u2019une situation g\u00e9ographique privil\u00e9gi\u00e9e, qui en fait une adresse incontournable pour les \u00e9v\u00e9nements MICE. D\u2019autant que cet h\u00f4tel 4 \u00e9toiles est un \u00e9tablissement XXL : 112 chambres, 350 places de parking gratuites et surtout 15 salles de r\u00e9union pouvant accueillir jusqu\u2019\u00e0 700 personnes.<\/span><span data-ccp-props=\"{}\">\u00a0<\/span><\/p>\n<p><span data-contrast=\"auto\">Gr\u00e2ce au complexe qu\u2019il forme avec l\u2019ibis Styles adjacent, le Novotel Lyon Bron Eurexpo peut h\u00e9berger les \u00e9v\u00e9nements les plus d\u00e9mesur\u00e9s, mais rassurez-vous vous pouvez aussi venir en petit comit\u00e9 !<\/span><span data-ccp-props=\"{}\">\u00a0<\/span><\/p>\n<\/div>\n\t\t\t\t\t\t\t\t\t\t\t\t<div class=\"d-flex flex-column flex-lg-row align-items-center gap-5 gap-lg-8 justify-content-between\">\n\t\t\t\t\t\t\t<div class=\"fs-20 fs-lg-26 fw-semibold lh-xs\"><\/div>\n\t\t\t\t\t\t\t\t\t\t\t\t\t<\/div>\n\t\t\t\t\t<\/div>\n\t\t\t\t<\/div>\n\t\t\t\t<div class=\"col-lg-4\">\n\t\t\t\t\t<div class=\"tcta2ia__top__right t-0 r-0 bg-primary text-white pt-4 pb-4 px-2 pt-lg-8 pb-lg-16 px-lg-11 pb-xl-30\">\n\t\t\t\t\t\t\t\t\t\t\t\t\t\t\t\t\t\t<h2 class=\"unna fs-36 fs-lg-51 fs-xl-75 fs-italic fw-normal text-secondary\">Lumi\u00e8re sur le Novotel Lyon Bron Eurexpo<\/h2>\n\t\t\t\t\t\t\t\t\t\t\t\t\t\t\t\t\t\t<h3 class=\"text-white fs-18 fs-lg-20 fs-xl-28 text-original-case\">Capitale des Gaules oui, mais aussi celle du business !\u00a0<\/h3>\n\t\t\t\t\t\t\t\t\t\t\t\t\t\t\t\t\t\t<div class=\"fs-wysiwyg mb-4 fs-lg-16 fs-xl-20\"><p><span data-contrast=\"auto\" xml:lang=\"FR-FR\" lang=\"FR-FR\" class=\"TextRun SCXW180316695 BCX8\"><span class=\"NormalTextRun SCXW180316695 BCX8\">Id\u00e9alement situ\u00e9e en Europe, <\/span><span class=\"NormalTextRun CommentStart CommentHighlightPipeRest CommentHighlightRest SCXW180316695 BCX8\">Lyon <\/span><span class=\"NormalTextRun CommentHighlightPipeRest SCXW180316695 BCX8\">attire les voyageurs d\u2019affaires autant pour ses installations professionnelles d\u2019exception que pour son charme indescriptible. Reportage.<\/span><\/span><span class=\"EOP SCXW180316695 BCX8\" data-ccp-props=\"{}\">\u00a0<\/span><\/p>\n<\/div>\n\t\t\t\t\t\t\t\t\t\t\t\t\t\t\t\t\t\t\t\t\t\t\t\t<p class=\"m-0\"><img decoding=\"async\" src=\"https:\/\/www.myallmeeting.com\/wp-content\/uploads\/2022\/12\/0436_de_00_p_2048x1536-633x398.jpg\" class=\"position-relative l-0\" width=\"633\" height=\"398\" alt=\"\" loading=\"lazy\" \/><\/p>\n\t\t\t\t\t\t\t\t\t\t\t<\/div>\n\t\t\t\t<\/div>\n\t\t\t<\/div>\n\t\t<\/div>\n\t<\/div>\n\t<div class=\"tcta2ia__bottom d-lg-none pb-12 py-lg-9 pe-lg-10\">\n\t\t\t\t<div class=\"h2 fs-20 fs-lg-32 fw-semibold\">Un \u00e9tablissement XXL <\/div>\n\t\t\t\t\t\t<div class=\"fs-wysiwyg\"><p><span data-contrast=\"auto\">Nich\u00e9 aux abords d\u2019Eurexpo, le <\/span><a href=\"https:\/\/myallmeeting.com\/fr\/hotel\/0436-novotel-lyon-bron-eurexpo\/\"><span data-contrast=\"none\">Novotel Lyon Bron Eurexpo<\/span><\/a><span data-contrast=\"auto\"> est aussi \u00e0 proximit\u00e9 du Groupama Stadium. \u00c0 15 minutes en voiture du centre-ville et de l\u2019a\u00e9roport, il b\u00e9n\u00e9ficie d\u2019une situation g\u00e9ographique privil\u00e9gi\u00e9e, qui en fait une adresse incontournable pour les \u00e9v\u00e9nements MICE. D\u2019autant que cet h\u00f4tel 4 \u00e9toiles est un \u00e9tablissement XXL : 112 chambres, 350 places de parking gratuites et surtout 15 salles de r\u00e9union pouvant accueillir jusqu\u2019\u00e0 700 personnes.<\/span><span data-ccp-props=\"{}\">\u00a0<\/span><\/p>\n<p><span data-contrast=\"auto\">Gr\u00e2ce au complexe qu\u2019il forme avec l\u2019ibis Styles adjacent, le Novotel Lyon Bron Eurexpo peut h\u00e9berger les \u00e9v\u00e9nements les plus d\u00e9mesur\u00e9s, mais rassurez-vous vous pouvez aussi venir en petit comit\u00e9 !<\/span><span data-ccp-props=\"{}\">\u00a0<\/span><\/p>\n<\/div>\n\t\t\t\t<div class=\"d-flex flex-column flex-lg-row align-items-center gap-5 gap-lg-8 justify-content-between\">\n\t\t\t<div class=\"fs-20 fs-lg-26 fw-semibold lh-xs\"><\/div>\n\t\t\t\t\t<\/div>\n\t<\/div>\n<\/div>\n<!-- END OF : Composant : block-periscope-theme-section-composant-25-texte-cta-2-images.php -->\n\n\n<!-- START OF : Composant : block-periscope-theme-section-composant-26-textes-slider-cta.php -->\n<div class=\"t3icta bg-white pb-12 mb-9 fs-wysiwyg\" data-component=\"26-textes-3-images-cta\">\n\t<div class=\"t3icta__top position-relative\">\n\t\t<div class=\"container-fluid\" style=\"--bs-gutter-x: 0\">\n\t\t\t<div class=\"row\" style=\"--bs-gutter-x: 0\">\n\t\t\t\t\t\t\t\t<div class=\"col-lg-6\">\n\t\t\t\t\t<div class=\"t3icta__slider\">\n\t\t\t\t\t\t<div class=\"splide\">\n\t\t\t\t\t\t\t<div class=\"splide__track\">\n\t\t\t\t\t\t\t\t<div class=\"splide__list\">\n\t\t\t\t\t\t\t\t\t\t\t\t\t\t\t\t\t\t\t<div class=\"splide__slide\">\n\t\t\t\t\t\t\t\t\t\t\t<img decoding=\"async\" src=\"https:\/\/www.myallmeeting.com\/wp-content\/uploads\/2022\/12\/0436_sm_03_p_2048x1536-953x600.jpg\" width=\"953\" height=\"600\" alt=\"\" loading=\"lazy\" \/>\n\t\t\t\t\t\t\t\t\t\t<\/div>\n\t\t\t\t\t\t\t\t\t\t\t\t\t\t\t\t\t\n\t\t\t\t\t\t\t\t<\/div>\n\t\t\t\t\t\t\t<\/div>\n\t\t\t\t\t\t\t<div class=\"splide__arrows d-none d-lg-block\">\n\t\t\t\t\t\t\t\t<button class=\"splide__arrow splide__arrow--prev px-lg-3 py-lg-4 px-xl-4 py-xl-5 px-xxl-5 py-xxl-7 position-absolute l-0 bg-white border-0\">\n\t\t\t\t\t\t\t\t\t<svg width=\"14\" height=\"27\" aria-hidden=\"true\">\n\t\t\t\t\t\t\t\t\t\t<use xlink:href=\"https:\/\/www.myallmeeting.com\/wp-content\/themes\/accor\/assets\/images\/sprite.svg#slider-prev\"><\/use>\n\t\t\t\t\t\t\t\t\t<\/svg>\n\t\t\t\t\t\t\t\t<\/button>\n\t\t\t\t\t\t\t\t<button class=\"splide__arrow splide__arrow--next px-lg-3 py-lg-4 px-xl-4 py-xl-5 px-xxl-5 py-xxl-7 position-absolute r-0 bg-white border-0\">\n\t\t\t\t\t\t\t\t\t<svg width=\"14\" height=\"27\" aria-hidden=\"true\">\n\t\t\t\t\t\t\t\t\t\t<use xlink:href=\"https:\/\/www.myallmeeting.com\/wp-content\/themes\/accor\/assets\/images\/sprite.svg#slider-prev\"><\/use>\n\t\t\t\t\t\t\t\t\t<\/svg>\n\t\t\t\t\t\t\t\t<\/button>\n\t\t\t\t\t\t\t<\/div>\n\t\t\t\t\t\t<\/div>\n\t\t\t\t\t<\/div>\n\t\t\t\t<\/div>\n\t\t\t\t\t\t\t\t<div class=\"col-lg-6\">\n\t\t\t\t\t<div class=\"t3icta__top_right mb-lg-14 px-2 py-9 px-lg-11 py-lg-0\">\n\t\t\t\t\t\t\t\n\t\t\t\t\t\t<h2 class=\"fs-20 fs-lg-23 fs-xl-27 fs-xxl-30 fw-semibold\">Une exp\u00e9rience client sur mesure<\/h2>\n\t\t\t\t\t\t\t\t\t\t\t\t\t\n\t\t\t\t\t\t<div class=\"fs-wysiwyg\">\n\t\t\t\t\t\t\t<p><span data-contrast=\"auto\">Ici, l\u2019\u00e9quipe de l\u2019h\u00f4tel est toujours aux petits soins. Elle vous accueille dans un lobby volontairement d\u00e9structur\u00e9. L\u2019id\u00e9e ? Cr\u00e9er un v\u00e9ritable cocon de convivialit\u00e9 dans lequel tout est fait pour rassembler !<\/span><span data-ccp-props=\"{}\">\u00a0<\/span><\/p>\n<p><span data-contrast=\"auto\">Entre une table de ping-pong ou un mini-terrain de p\u00e9tanques, vous trouverez ici et l\u00e0 des comptoirs pour manger, boire un verre ou travailler, selon les moments de la journ\u00e9e. \u00c0 l\u2019ext\u00e9rieur, une immense terrasse ensoleillera votre journ\u00e9e, surtout si vous voulez la privatiser pour un cocktail ou un d\u00e9jeuner.<\/span><\/p>\n\t\t\t\t\t\t<\/div>\n\t\t\t\t\t\t\t\t\t\t\t<\/div>\n\t\t\t\t<\/div>\n\t\t\t<\/div>\n\t\t<\/div>\n\t<\/div>\n\t<div class=\"t3icta__bottom bg-beige\">\n\t\t<div class=\"container-fluid\" style=\"--bs-gutter-x: 0\">\n\t\t\t<div class=\"row\" style=\"--bs-gutter-x: 0\">\n\t\t\t\t<div class=\"col-lg-5 offset-lg-1\">\n\t\t\t\t\t<div class=\"t3icta__bottom__left\">\n\t\t\t\t\t\t\t\t\t\t\t\t<img decoding=\"async\" src=\"https:\/\/www.myallmeeting.com\/wp-content\/uploads\/2022\/12\/0436_ho_06_p_2048x1536-633x398.jpg\" class=\"w-100 d-lg-none\" width=\"633\" height=\"398\" alt=\"\" loading=\"lazy\" \/> <!-- Ce sont les 2 m\u00eames images : ID 0 -->\n\t\t\t\t\t\t\t\t\t\t\t\t<div class=\"px-2 py-9 px-lg-0 py-lg-0\">\n\t\t\t\t\t\t\t\t\n\t\t\t\t\t\t\t<h2 class=\"fs-20 fs-lg-23 fs-xl-27 fs-xxl-30 fw-semibold\">Des salons d\u2019une grande diversit\u00e9<\/h2>\n\t\t\t\t\t\t\t\t\t\t\t\t\t\t\t\n\t\t\t\t\t\t\t<div class=\"fs-wysiwyg mb-lg-15\">\n\t\t\t\t\t\t\t\t<p><span data-contrast=\"auto\">Avec 1 000 m\u00b2 de superficie, l\u2019espace MICE n\u2019a pas d\u2019\u00e9quivalent dans le domaine h\u00f4telier lyonnais. S\u2019il est vaste, il est aussi tr\u00e8s complet.<\/span><span data-ccp-props=\"{}\">\u00a0<\/span><\/p>\n<p><span data-contrast=\"auto\">Des salons classiques, parfaitement adapt\u00e9s aux sous-commissions, viennent agr\u00e9menter la gigantesque salle pl\u00e9ni\u00e8re de 672 m\u00b2 destin\u00e9e \u00e0 abriter les \u00e9v\u00e8nements grande \u00e9chelle, comme des pr\u00e9sentations de produit ou des journ\u00e9es d\u2019\u00e9tudes. La salle est si grande que vous pourrez la diviser en quatre parties et leur attribuer des fonctions diff\u00e9rentes.<\/span><span data-ccp-props=\"{}\">\u00a0<\/span><\/p>\n<p><span data-contrast=\"auto\">\u00c0 noter, tous les salons sont \u00e9clair\u00e9s \u00e0 la lumi\u00e8re du jour et dot\u00e9s d\u2019\u00e9quipements dernier cri. \u00c0 l\u2019image de la \u00ab visio room \u00bb qui vous permettra de vous connecter au reste du monde dans des conditions optimales pour vos r\u00e9unions hybrides.<\/span><span data-ccp-props=\"{}\">\u00a0<\/span><\/p>\n<p><span data-contrast=\"auto\">Enfin, ne manquons pas de souligner la politique avant-gardiste de l\u2019h\u00f4tel en mati\u00e8re de RSE. En effet, cela fait bien longtemps que le Novotel Lyon Bron Eurexpo a banni les bouteilles en plastique de ses r\u00e9unions, mais aussi de ses chambres, et il tient \u00e0 progresser chaque ann\u00e9e pour r\u00e9duire son empreinte environnementale.<\/span><\/p>\n\t\t\t\t\t\t\t<\/div>\n\t\t\t\t\t\t\t\t\t\t\t\t\t<\/div>\n\t\t\t\t\t\t\t\t\t\t\t\t<div class=\"t3icta__bottom__img1 d-none d-lg-block text-end ms-lg-auto\">\n\t\t\t\t\t\t\t<img decoding=\"async\" src=\"https:\/\/www.myallmeeting.com\/wp-content\/uploads\/2022\/12\/0436_ho_06_p_2048x1536-633x398.jpg\" width=\"633\" height=\"398\" alt=\"\" loading=\"lazy\" \/> <!-- Ce sont les 2 m\u00eames images : ID 1 -->\n\t\t\t\t\t\t<\/div>\n\t\t\t\t\t\t\t\t\t\t\t<\/div>\n\t\t\t\t<\/div>\n\t\t\t\t<div class=\"col-lg-5\">\n\t\t\t\t\t<div class=\"ps-lg-10\">\n\t\t\t\t\t\t\t\t\t\t\t\t<img decoding=\"async\" src=\"https:\/\/www.myallmeeting.com\/wp-content\/uploads\/2022\/12\/0436_sm_00_p_2048x1536-633x398.jpg\" class=\"t3icta__bottom__img0 position-relative d-none d-lg-block mb-15\" width=\"633\" height=\"398\" alt=\"\" loading=\"lazy\" \/> <!-- Ce sont les 2 m\u00eames images : ID 0 -->\n\t\t\t\t\t\t\t\t\t\t\t\t<div class=\"px-2 px-lg-0 mb-9\">\n\t\t\t\t\t\t\t\t\n\t\t\t\t\t\t\t<h2 class=\"fs-20 fs-lg-23 fs-xl-27 fs-xxl-30 fw-semibold\">Un terroir riche en aventures<\/h2>\n\t\t\t\t\t\t\t\t\t\t\t\t\t\t\t\t\t\t\t\t\t<div class=\"fs-wysiwyg\">\n\t\t\t\t\t\t\t\t<p><span data-contrast=\"auto\">Si l\u2019on vient \u00e0 Lyon, c\u2019est aussi pour profiter de la formidable culture locale. N\u2019h\u00e9sitez pas \u00e0 jeter un \u0153il au calendrier, il n\u2019y a pas que la F\u00eate des Lumi\u00e8res qui illumine cette belle cit\u00e9. Parmi les atouts lyonnais, on retrouve bien \u00e9videmment sa gastronomie. D\u00e9guster un bon petit plat dans un fameux \u00ab bouchon \u00bb est un passage oblig\u00e9.<\/span><span data-ccp-props=\"{}\">\u00a0<\/span><\/p>\n<p><span data-contrast=\"auto\">\u00c0 ce propos, le Novotel Lyon Bron Eurexpo dispose de son propre restaurant, le Gourmet Bron, une succulente brasserie o\u00f9 vous pourrez d\u00e9couvrir une carte faite maison et constitu\u00e9e exclusivement de produits locaux. Les voisins ne s\u2019y trompent et se pressent tous les jours pour profiter de cette cuisine conviviale, confectionn\u00e9e sous vos yeux.<\/span><span data-ccp-props=\"{}\">\u00a0<\/span><\/p>\n<p><span data-contrast=\"auto\">Apr\u00e8s votre repas, vous aurez l\u2019occasion de vous d\u00e9tendre ou de vous d\u00e9penser. Salle de sport ou m\u00eame piscine ext\u00e9rieure (en saison), \u00e0 vous de choisir !<\/span><\/p>\n\t\t\t\t\t\t\t<\/div>\n\t\t\t\t\t\t\t\t\t\t\t\t\t<\/div>\n\t\t\t\t\t\t\t\t\t\t\t\t<div class=\"t3icta__bottom__img1 d-lg-none mx-auto\">\n\t\t\t\t\t\t\t<img decoding=\"async\" src=\"https:\/\/www.myallmeeting.com\/wp-content\/uploads\/2022\/12\/0436_sm_00_p_2048x1536-633x398.jpg\" width=\"633\" height=\"398\" alt=\"\" loading=\"lazy\" \/> <!-- Ce sont les 2 m\u00eames images : ID 1 -->\n\t\t\t\t\t\t<\/div>\n\t\t\t\t\t\t\t\t\t\t\t<\/div>\n\t\t\t\t<\/div>\n\t\t\t<\/div>\n\t\t<\/div>\n\t<\/div>\n\t<\/div>\n<!-- END OF : Composant : block-periscope-theme-section-composant-26-textes-slider-cta.php -->\n","protected":false},"excerpt":{"rendered":"<p>Venez d\u00e9couvrir le Novotel Lyon Bron Eurexpo pour vos \u00e9v\u00e8nements en petit comit\u00e9 ou XXL.<\/p>\n","protected":false},"featured_media":16556415,"menu_order":0,"template":"","periscope_categorie_tax":[1651],"class_list":["post-15226650","article","type-article","status-publish","has-post-thumbnail","hentry","periscope_categorie_tax-reportage-du-mois"],"acf":[],"yoast_head":"<title>Lumi\u00e8re sur le Novotel Lyon Bron Eurexpo - Accor MyAllMeeting.com<\/title>\n<meta name=\"robots\" content=\"index, follow, max-snippet:-1, max-image-preview:large, max-video-preview:-1\" \/>\n<link rel=\"canonical\" href=\"https:\/\/www.myallmeeting.com\/fr\/wp-json\/wp\/v2\/article\/15226650\" \/>\n<meta property=\"og:locale\" content=\"fr_FR\" \/>\n<meta property=\"og:type\" content=\"article\" \/>\n<meta property=\"og:title\" content=\"Lumi\u00e8re sur le Novotel Lyon Bron Eurexpo - Accor MyAllMeeting.com\" \/>\n<meta property=\"og:description\" content=\"Venez d\u00e9couvrir le Novotel Lyon Bron Eurexpo pour vos \u00e9v\u00e8nements en petit comit\u00e9 ou XXL.\" \/>\n<meta property=\"og:url\" content=\"https:\/\/www.myallmeeting.com\/fr\/article\/lumiere-sur-le-novotel-lyon-bron-eurexpo\/\" \/>\n<meta property=\"og:site_name\" content=\"Accor MyAllMeeting.com\" \/>\n<meta property=\"article:modified_time\" content=\"2024-11-13T15:31:56+00:00\" \/>\n<meta property=\"og:image\" content=\"http:\/\/myallmeeting.com\/wp-content\/uploads\/2022\/12\/MAM-baner-1920x570-17.png\" \/>\n\t<meta property=\"og:image:width\" content=\"1920\" \/>\n\t<meta property=\"og:image:height\" content=\"570\" \/>\n\t<meta property=\"og:image:type\" content=\"image\/png\" \/>\n<meta name=\"twitter:card\" content=\"summary_large_image\" \/>\n<meta name=\"twitter:label1\" content=\"Dur\u00e9e de lecture estim\u00e9e\" \/>\n\t<meta name=\"twitter:data1\" content=\"5 minutes\" \/>\n<script type=\"application\/ld+json\" class=\"yoast-schema-graph\">{\"@context\":\"https:\/\/schema.org\",\"@graph\":[{\"@type\":\"WebPage\",\"@id\":\"https:\/\/www.myallmeeting.com\/fr\/article\/lumiere-sur-le-novotel-lyon-bron-eurexpo\/\",\"url\":\"https:\/\/www.myallmeeting.com\/fr\/article\/lumiere-sur-le-novotel-lyon-bron-eurexpo\/\",\"name\":\"Lumi\u00e8re sur le Novotel Lyon Bron Eurexpo - Accor MyAllMeeting.com\",\"isPartOf\":{\"@id\":\"https:\/\/www.myallmeeting.com\/fr\/#website\"},\"primaryImageOfPage\":{\"@id\":\"https:\/\/www.myallmeeting.com\/fr\/article\/lumiere-sur-le-novotel-lyon-bron-eurexpo\/#primaryimage\"},\"image\":{\"@id\":\"https:\/\/www.myallmeeting.com\/fr\/article\/lumiere-sur-le-novotel-lyon-bron-eurexpo\/#primaryimage\"},\"thumbnailUrl\":\"https:\/\/www.myallmeeting.com\/wp-content\/uploads\/2022\/12\/MAM-baner-1920x570-17.png\",\"datePublished\":\"2022-12-02T14:25:05+00:00\",\"dateModified\":\"2024-11-13T15:31:56+00:00\",\"breadcrumb\":{\"@id\":\"https:\/\/www.myallmeeting.com\/fr\/article\/lumiere-sur-le-novotel-lyon-bron-eurexpo\/#breadcrumb\"},\"inLanguage\":\"fr-FR\",\"potentialAction\":[{\"@type\":\"ReadAction\",\"target\":[\"https:\/\/www.myallmeeting.com\/fr\/article\/lumiere-sur-le-novotel-lyon-bron-eurexpo\/\"]}]},{\"@type\":\"ImageObject\",\"inLanguage\":\"fr-FR\",\"@id\":\"https:\/\/www.myallmeeting.com\/fr\/article\/lumiere-sur-le-novotel-lyon-bron-eurexpo\/#primaryimage\",\"url\":\"https:\/\/www.myallmeeting.com\/wp-content\/uploads\/2022\/12\/MAM-baner-1920x570-17.png\",\"contentUrl\":\"https:\/\/www.myallmeeting.com\/wp-content\/uploads\/2022\/12\/MAM-baner-1920x570-17.png\",\"width\":1920,\"height\":570},{\"@type\":\"BreadcrumbList\",\"@id\":\"https:\/\/www.myallmeeting.com\/fr\/article\/lumiere-sur-le-novotel-lyon-bron-eurexpo\/#breadcrumb\",\"itemListElement\":[{\"@type\":\"ListItem\",\"position\":1,\"name\":\"Accueil\",\"item\":\"https:\/\/myallmeeting.com\/fr\/\"},{\"@type\":\"ListItem\",\"position\":2,\"name\":\"Actualit\u00e9s\",\"item\":\"https:\/\/www.myallmeeting.com\/fr\/actualite\/\"},{\"@type\":\"ListItem\",\"position\":3,\"name\":\"Lumi\u00e8re sur le Novotel Lyon Bron Eurexpo\"}]},{\"@type\":\"WebSite\",\"@id\":\"https:\/\/www.myallmeeting.com\/fr\/#website\",\"url\":\"https:\/\/www.myallmeeting.com\/fr\/\",\"name\":\"Accor MyAllMeeting.com\",\"description\":\"Les Meilleurs lieux pour vos Ev\u00e9nements Professionnels\",\"publisher\":{\"@id\":\"https:\/\/www.myallmeeting.com\/fr\/#organization\"},\"potentialAction\":[{\"@type\":\"SearchAction\",\"target\":{\"@type\":\"EntryPoint\",\"urlTemplate\":\"https:\/\/www.myallmeeting.com\/fr\/?s={search_term_string}\"},\"query-input\":{\"@type\":\"PropertyValueSpecification\",\"valueRequired\":true,\"valueName\":\"search_term_string\"}}],\"inLanguage\":\"fr-FR\"},{\"@type\":\"Organization\",\"@id\":\"https:\/\/www.myallmeeting.com\/fr\/#organization\",\"name\":\"ACCOR\",\"url\":\"https:\/\/www.myallmeeting.com\/fr\/\",\"logo\":{\"@type\":\"ImageObject\",\"inLanguage\":\"fr-FR\",\"@id\":\"https:\/\/www.myallmeeting.com\/fr\/#\/schema\/logo\/image\/\",\"url\":\"\",\"contentUrl\":\"\",\"caption\":\"ACCOR\"},\"image\":{\"@id\":\"https:\/\/www.myallmeeting.com\/fr\/#\/schema\/logo\/image\/\"}}]}<\/script>","yoast_head_json":{"title":"Lumi\u00e8re sur le Novotel Lyon Bron Eurexpo - Accor MyAllMeeting.com","robots":{"index":"index","follow":"follow","max-snippet":"max-snippet:-1","max-image-preview":"max-image-preview:large","max-video-preview":"max-video-preview:-1"},"canonical":"https:\/\/www.myallmeeting.com\/fr\/wp-json\/wp\/v2\/article\/15226650","og_locale":"fr_FR","og_type":"article","og_title":"Lumi\u00e8re sur le Novotel Lyon Bron Eurexpo - Accor MyAllMeeting.com","og_description":"Venez d\u00e9couvrir le Novotel Lyon Bron Eurexpo pour vos \u00e9v\u00e8nements en petit comit\u00e9 ou XXL.","og_url":"https:\/\/www.myallmeeting.com\/fr\/article\/lumiere-sur-le-novotel-lyon-bron-eurexpo\/","og_site_name":"Accor MyAllMeeting.com","article_modified_time":"2024-11-13T15:31:56+00:00","og_image":[{"width":1920,"height":570,"url":"http:\/\/myallmeeting.com\/wp-content\/uploads\/2022\/12\/MAM-baner-1920x570-17.png","type":"image\/png"}],"twitter_card":"summary_large_image","twitter_misc":{"Dur\u00e9e de lecture estim\u00e9e":"5 minutes"},"schema":{"@context":"https:\/\/schema.org","@graph":[{"@type":"WebPage","@id":"https:\/\/www.myallmeeting.com\/fr\/article\/lumiere-sur-le-novotel-lyon-bron-eurexpo\/","url":"https:\/\/www.myallmeeting.com\/fr\/article\/lumiere-sur-le-novotel-lyon-bron-eurexpo\/","name":"Lumi\u00e8re sur le Novotel Lyon Bron Eurexpo - Accor MyAllMeeting.com","isPartOf":{"@id":"https:\/\/www.myallmeeting.com\/fr\/#website"},"primaryImageOfPage":{"@id":"https:\/\/www.myallmeeting.com\/fr\/article\/lumiere-sur-le-novotel-lyon-bron-eurexpo\/#primaryimage"},"image":{"@id":"https:\/\/www.myallmeeting.com\/fr\/article\/lumiere-sur-le-novotel-lyon-bron-eurexpo\/#primaryimage"},"thumbnailUrl":"https:\/\/www.myallmeeting.com\/wp-content\/uploads\/2022\/12\/MAM-baner-1920x570-17.png","datePublished":"2022-12-02T14:25:05+00:00","dateModified":"2024-11-13T15:31:56+00:00","breadcrumb":{"@id":"https:\/\/www.myallmeeting.com\/fr\/article\/lumiere-sur-le-novotel-lyon-bron-eurexpo\/#breadcrumb"},"inLanguage":"fr-FR","potentialAction":[{"@type":"ReadAction","target":["https:\/\/www.myallmeeting.com\/fr\/article\/lumiere-sur-le-novotel-lyon-bron-eurexpo\/"]}]},{"@type":"ImageObject","inLanguage":"fr-FR","@id":"https:\/\/www.myallmeeting.com\/fr\/article\/lumiere-sur-le-novotel-lyon-bron-eurexpo\/#primaryimage","url":"https:\/\/www.myallmeeting.com\/wp-content\/uploads\/2022\/12\/MAM-baner-1920x570-17.png","contentUrl":"https:\/\/www.myallmeeting.com\/wp-content\/uploads\/2022\/12\/MAM-baner-1920x570-17.png","width":1920,"height":570},{"@type":"BreadcrumbList","@id":"https:\/\/www.myallmeeting.com\/fr\/article\/lumiere-sur-le-novotel-lyon-bron-eurexpo\/#breadcrumb","itemListElement":[{"@type":"ListItem","position":1,"name":"Accueil","item":"https:\/\/myallmeeting.com\/fr\/"},{"@type":"ListItem","position":2,"name":"Actualit\u00e9s","item":"https:\/\/www.myallmeeting.com\/fr\/actualite\/"},{"@type":"ListItem","position":3,"name":"Lumi\u00e8re sur le Novotel Lyon Bron Eurexpo"}]},{"@type":"WebSite","@id":"https:\/\/www.myallmeeting.com\/fr\/#website","url":"https:\/\/www.myallmeeting.com\/fr\/","name":"Accor MyAllMeeting.com","description":"Les Meilleurs lieux pour vos Ev\u00e9nements Professionnels","publisher":{"@id":"https:\/\/www.myallmeeting.com\/fr\/#organization"},"potentialAction":[{"@type":"SearchAction","target":{"@type":"EntryPoint","urlTemplate":"https:\/\/www.myallmeeting.com\/fr\/?s={search_term_string}"},"query-input":{"@type":"PropertyValueSpecification","valueRequired":true,"valueName":"search_term_string"}}],"inLanguage":"fr-FR"},{"@type":"Organization","@id":"https:\/\/www.myallmeeting.com\/fr\/#organization","name":"ACCOR","url":"https:\/\/www.myallmeeting.com\/fr\/","logo":{"@type":"ImageObject","inLanguage":"fr-FR","@id":"https:\/\/www.myallmeeting.com\/fr\/#\/schema\/logo\/image\/","url":"","contentUrl":"","caption":"ACCOR"},"image":{"@id":"https:\/\/www.myallmeeting.com\/fr\/#\/schema\/logo\/image\/"}}]}},"_links":{"self":[{"href":"https:\/\/www.myallmeeting.com\/fr\/wp-json\/wp\/v2\/article\/15226650","targetHints":{"allow":["GET"]}}],"collection":[{"href":"https:\/\/www.myallmeeting.com\/fr\/wp-json\/wp\/v2\/article"}],"about":[{"href":"https:\/\/www.myallmeeting.com\/fr\/wp-json\/wp\/v2\/types\/article"}],"wp:featuredmedia":[{"embeddable":true,"href":"https:\/\/www.myallmeeting.com\/fr\/wp-json\/wp\/v2\/media\/16556415"}],"wp:attachment":[{"href":"https:\/\/www.myallmeeting.com\/fr\/wp-json\/wp\/v2\/media?parent=15226650"}],"wp:term":[{"taxonomy":"periscope_categorie_tax","embeddable":true,"href":"https:\/\/www.myallmeeting.com\/fr\/wp-json\/wp\/v2\/periscope_categorie_tax?post=15226650"}],"curies":[{"name":"wp","href":"https:\/\/api.w.org\/{rel}","templated":true}]}}