{"id":15226649,"date":"2022-12-07T10:50:37","date_gmt":"2022-12-07T09:50:37","guid":{"rendered":"https:\/\/myallmeeting.com\/article\/novotel-madrid-city-las-ventas-neuf-salles-et-un-restaurant-avec-vue-panoramique-pour-vos-evenements\/"},"modified":"2024-11-28T11:33:23","modified_gmt":"2024-11-28T10:33:23","slug":"novotel-madrid-city-las-ventas-neuf-salles-et-un-restaurant-avec-vue-panoramique-pour-vos-evenements","status":"publish","type":"article","link":"https:\/\/www.myallmeeting.com\/fr\/article\/novotel-madrid-city-las-ventas-neuf-salles-et-un-restaurant-avec-vue-panoramique-pour-vos-evenements\/","title":{"rendered":"Novotel Madrid City Las Ventas : neuf salles et un restaurant avec vue panoramique pour vos \u00e9v\u00e9nements"},"content":{"rendered":"<!-- START OF : Composant : block-periscope-theme-section-composant-25-texte-cta-2-images.php -->\n<div class=\"tcta2ia bg-white fs-wysiwyg mb-lg-12\" data-component=\"25-texte-cta-2-images\">\n\t<div class=\"tcta2ia__top\">\n\t\t<div class=\"container-fluid\" style=\"--bs-gutter-x: 0\">\n\t\t\t<div class=\"row\" style=\"--bs-gutter-x: 0\">\n\t\t\t\t<div class=\"col-lg-8\">\n\t\t\t\t\t\t\t\t\t\t<div class=\"bloc-mise-en-avant__top__left\">\n\t\t\t\t\t\t<img decoding=\"async\" src=\"https:\/\/www.myallmeeting.com\/wp-content\/uploads\/2022\/12\/aja_p_5953-35__original-1268x846.jpeg\" class=\"pe-2 pe-lg-0\" width=\"1268\" height=\"846\" alt=\"\" loading=\"lazy\" \/>\n\t\t\t\t\t<\/div>\n\t\t\t\t\t\t\t\t\t\t<div class=\"tcta2ia__bottom d-none d-lg-block pb-12 pt-lg-9 pb-lg-0 pe-lg-10\">\n\t\t\t\t\t\t\t\t\t\t\t\t<h2 class=\"fs-20 fs-lg-32 fw-semibold\">Des salles pour tous<\/h2>\n\t\t\t\t\t\t\t\t\t\t\t\t\t\t\t\t\t\t<div class=\"fs-wysiwyg\"><p><span style=\"font-weight: 400;\">L\u2019h\u00f4tel dispose \u00e9galement de <\/span><b>neuf salles id\u00e9ales pour organiser tout type de r\u00e9union<\/b><span style=\"font-weight: 400;\">, <\/span><b>toutes b\u00e9n\u00e9ficiant d\u2019un \u00e9clairage naturel<\/b><span style=\"font-weight: 400;\"> ! Vous n\u2019avez pas encore d\u00e9couvert ses <\/span><i><span style=\"font-weight: 400;\">afterworks<\/span><\/i><span style=\"font-weight: 400;\"> ? Qu\u2019attendez-vous ? Un bus direct vous d\u00e9pose juste devant l\u2019h\u00f4tel, tr\u00e8s proche du centre-ville. Il se trouve \u00e0 seulement <\/span><b>10 minutes en voiture de l\u2019a\u00e9roport de Barajas et de l\u2019Ifema<\/b><span style=\"font-weight: 400;\">, le plus grand centre de congr\u00e8s et de conventions de Madrid.<\/span><\/p>\n<\/div>\n\t\t\t\t\t\t\t\t\t\t\t\t<div class=\"d-flex flex-column flex-lg-row align-items-center gap-5 gap-lg-8 justify-content-between\">\n\t\t\t\t\t\t\t<div class=\"fs-20 fs-lg-26 fw-semibold lh-xs\"><\/div>\n\t\t\t\t\t\t\t\t\t\t\t\t\t<\/div>\n\t\t\t\t\t<\/div>\n\t\t\t\t<\/div>\n\t\t\t\t<div class=\"col-lg-4\">\n\t\t\t\t\t<div class=\"tcta2ia__top__right t-0 r-0 bg-primary text-white pt-4 pb-4 px-2 pt-lg-8 pb-lg-16 px-lg-11 pb-xl-30\">\n\t\t\t\t\t\t\t\t\t\t\t\t\t\t\t\t\t\t<h2 class=\"unna fs-36 fs-lg-51 fs-xl-75 fs-italic fw-normal text-secondary\">Novotel Madrid City Las Ventas : neuf salles et un restaurant avec vue panoramique pour vos \u00e9v\u00e9nements<\/h2>\n\t\t\t\t\t\t\t\t\t\t\t\t\t\t\t\t\t\t<h3 class=\"text-white fs-18 fs-lg-20 fs-xl-28 text-original-case\">Le Groupe Accor vous propose le Novotel Madrid City Las Ventas, l\u2019\u00e9crin parfait pour accueillir vos \u00e9v\u00e9nements de petite ou grande ampleur et vos collaborateurs.<\/h3>\n\t\t\t\t\t\t\t\t\t\t\t\t\t\t\t\t\t\t<div class=\"fs-wysiwyg mb-4 fs-lg-16 fs-xl-20\"><p><span style=\"font-weight: 400;\">Des experts mixologistes se sont install\u00e9s dans le restaurant \u00ab\u00a0Ins\u00f3lito\u00a0\u00bb du <\/span><b>Novotel Madrid City Las Ventas<\/b><span style=\"font-weight: 400;\">. L\u00e0, ils vous concocteront des cocktails r\u00e9volutionnaires qui transformeront <\/span><b>votre \u00e9v\u00e9nement en une exp\u00e9rience inoubliable<\/b><span style=\"font-weight: 400;\">. Ne manquez sous aucun pr\u00e9texte l\u2019exquise cuisine fusion m\u00e9diterran\u00e9enne et orientale du restaurant. Il vous propose <\/span><b>trois terrasses avec vue panoramique sur Madrid, ainsi qu\u2019une piscine<\/b><span style=\"font-weight: 400;\">.<\/span><\/p>\n<\/div>\n\t\t\t\t\t\t\t\t\t\t\t\t\t\t\t\t\t\t\t\t\t\t\t\t<p class=\"m-0\"><img decoding=\"async\" src=\"https:\/\/www.myallmeeting.com\/wp-content\/uploads\/2022\/12\/aja_p_6640-27__original-633x398.jpeg\" class=\"position-relative l-0\" width=\"633\" height=\"398\" alt=\"\" loading=\"lazy\" \/><\/p>\n\t\t\t\t\t\t\t\t\t\t\t<\/div>\n\t\t\t\t<\/div>\n\t\t\t<\/div>\n\t\t<\/div>\n\t<\/div>\n\t<div class=\"tcta2ia__bottom d-lg-none pb-12 py-lg-9 pe-lg-10\">\n\t\t\t\t<div class=\"h2 fs-20 fs-lg-32 fw-semibold\">Des salles pour tous<\/div>\n\t\t\t\t\t\t<div class=\"fs-wysiwyg\"><p><span style=\"font-weight: 400;\">L\u2019h\u00f4tel dispose \u00e9galement de <\/span><b>neuf salles id\u00e9ales pour organiser tout type de r\u00e9union<\/b><span style=\"font-weight: 400;\">, <\/span><b>toutes b\u00e9n\u00e9ficiant d\u2019un \u00e9clairage naturel<\/b><span style=\"font-weight: 400;\"> ! Vous n\u2019avez pas encore d\u00e9couvert ses <\/span><i><span style=\"font-weight: 400;\">afterworks<\/span><\/i><span style=\"font-weight: 400;\"> ? Qu\u2019attendez-vous ? Un bus direct vous d\u00e9pose juste devant l\u2019h\u00f4tel, tr\u00e8s proche du centre-ville. Il se trouve \u00e0 seulement <\/span><b>10 minutes en voiture de l\u2019a\u00e9roport de Barajas et de l\u2019Ifema<\/b><span style=\"font-weight: 400;\">, le plus grand centre de congr\u00e8s et de conventions de Madrid.<\/span><\/p>\n<\/div>\n\t\t\t\t<div class=\"d-flex flex-column flex-lg-row align-items-center gap-5 gap-lg-8 justify-content-between\">\n\t\t\t<div class=\"fs-20 fs-lg-26 fw-semibold lh-xs\"><\/div>\n\t\t\t\t\t<\/div>\n\t<\/div>\n<\/div>\n<!-- END OF : Composant : block-periscope-theme-section-composant-25-texte-cta-2-images.php -->\n\n\n<!-- START OF : Composant : block-periscope-theme-section-composant-33-texte-image.php -->\n<div class=\"text-image fs-wysiwyg mb-8 mb-lg-12\" data-component=\"33-texte-image\">\n\t<div class=\"container-fluid\" style=\"--bs-gutter-x: 0\">\n\t\t<div class=\"row\" style=\"--bs-gutter-x: 0\">\n\t\t\t\t\t\t<div class=\"col-lg-6 mb-7 mb-lg-0\">\n\t\t\t\t<img decoding=\"async\" src=\"https:\/\/www.myallmeeting.com\/wp-content\/uploads\/2022\/12\/aja_p_5978-92__original-953x600.jpeg\" width=\"953\" height=\"600\" alt=\"\" loading=\"lazy\" class=\"w-100\" \/>\n\t\t\t<\/div>\n\t\t\t\t\t\t<div class=\"col-lg-6\">\n\t\t\t\t<div class=\"text-image__content\">\n\t\t\t\t\t\t\t\t\t\t<div class=\"fw-semibold lh-xs fs-20 fs-lg-32 ls--25 mb-5\">Des panoramas imparables sur la ville<\/div>\n\t\t\t\t\t\t\t\t\t\t\t\t\t\t\t<div class=\"fs-wysiwyg\">\n\t\t\t\t\t\t<p><span style=\"font-weight: 400;\">L\u2019h\u00f4tel est situ\u00e9 dans le quartier anim\u00e9 de Las Ventas, tout pr\u00e8s des ar\u00e8nes du m\u00eame nom, la troisi\u00e8me plus grande ar\u00e8ne de tauromachie au monde et lieu par excellence d\u2019organisation d\u2019\u00e9v\u00e9nements. Et m\u00eame si le quartier est plein de vie, l\u2019avantage est que <\/span><b>la rue de l\u2019h\u00f4tel est tr\u00e8s calme avec, \u00e0 chacun de ses 8 \u00e9tages, des panoramas de toute beaut\u00e9 sur Madrid<\/b><span style=\"font-weight: 400;\">.<\/span><\/p>\n<p><span style=\"font-weight: 400;\">Lorsque vous s\u00e9journez dans l\u2019une de ses 252 chambres ou de ses 8 suites, la premi\u00e8re chose \u00e0 faire est d\u2019ouvrir tout grand vos fen\u00eatres et de vous laisser \u00e9blouir par la vue magnifique sur la superbe ville de Madrid. Pas mal, comme prestation, non ?<\/span><\/p>\n<p><span style=\"font-weight: 400;\">Les panoramas du Novotel Madrid City Las Ventas sur la capitale espagnole sont difficilement \u00e9galables, mais les autres raisons d\u2019y organiser un \u00e9v\u00e9nement ou une r\u00e9union ne manquent pas : <\/span><b>proximit\u00e9 du centre-ville, de l\u2019a\u00e9roport, les transports<\/b><span style=\"font-weight: 400;\">\u2026<\/span> <span style=\"font-weight: 400;\">.<\/span><\/p>\n<p><span style=\"font-weight: 400;\">\u00c0 cela, s\u2019ajoutent un design et une d\u00e9coration \u00e0 la personnalit\u00e9 originale, agr\u00e9ment\u00e9s d\u2019un mobilier totalement diff\u00e9rent et esth\u00e9tique. Le stationnement ne pose par ailleurs aucun probl\u00e8me, <\/span><b>l\u2019h\u00f4tel disposant d\u2019un parking sur trois niveaux<\/b><span style=\"font-weight: 400;\">.<\/span><\/p>\n\t\t\t\t\t<\/div>\n\t\t\t\t\t\t\t\t\t<\/div>\n\t\t\t<\/div>        \n\t\t<\/div>\n\t<\/div>\n<\/div>\n<!-- END OF : Composant : block-periscope-theme-section-composant-33-texte-image.php -->\n\n\n<!-- START OF : Composant : block-periscope-theme-section-composant-33-texte-image.php -->\n<!-- INVERSE -->\n<div class=\"text-image fs-wysiwyg mb-8 mb-lg-12\" data-component=\"33-texte-image\" data-reverse=\"oui\">\n\t<div class=\"container-fluid\" style=\"--bs-gutter-x: 0\">\n\t\t<div class=\"row\" style=\"--bs-gutter-x: 0\">\n\t\t\t<div class=\"col-lg-6\">\n\t\t\t\t<div class=\"text-image__content\">\n\t\t\t\t\t\t\t\t\t\t<div class=\"fw-semibold lh-xs fs-20 fs-lg-32 ls--25 mb-5\">De nouvelles salles \u00e0 \u00e9clairage naturel, trois terrasses et une piscine<\/div>\n\t\t\t\t\t\t\t\t\t\t\t\t\t\t\t<div class=\"fs-wysiwyg\">\n\t\t\t\t\t\t<p><span style=\"font-weight: 400;\">Le Novotel Madrid City Las Ventas propose <\/span><b>jusqu\u2019\u00e0 neuf salles \u00e0 \u00e9clairage naturel<\/b><span style=\"font-weight: 400;\">, toutes situ\u00e9es au m\u00eame \u00e9tage et tr\u00e8s bien reli\u00e9es les unes aux autres, lumineuses et modulables, capables de s\u2019adapter \u00e0 la capacit\u00e9 dont vous avez besoin pour votre \u00e9v\u00e9nement ou votre r\u00e9union. Il est possible d\u2019organiser aussi bien <\/span><b>un \u00e9v\u00e9nement de grande ampleur<\/b><span style=\"font-weight: 400;\">, gr\u00e2ce \u00e0 la salle pl\u00e9ni\u00e8re d\u2019une capacit\u00e9 de 200 personnes, ou un <\/span><b>\u00e9v\u00e9nement en petit comit\u00e9<\/b><span style=\"font-weight: 400;\"> pour 15 personnes, avec une intimit\u00e9 maximale garantie.<\/span><\/p>\n<p><span style=\"font-weight: 400;\">C\u2019est d\u2019ailleurs une excellente solution pour les petits groupes qui, apr\u00e8s une journ\u00e9e en congr\u00e8s ont envie d\u2019un changement de d\u00e9cor et d\u2019une r\u00e9union dans l\u2019intimit\u00e9, ou de faire un peu de coworking ou de r\u00e9seautage. <\/span><b>Toutes les salles disposent de leur propre \u00e9quipement audiovisuel de base<\/b><span style=\"font-weight: 400;\">, avec la possibilit\u00e9 de louer les mat\u00e9riels n\u00e9cessaires pour des \u00e9v\u00e9nements hybrides ou des connexions en ligne.<\/span><\/p>\n<p><span style=\"font-weight: 400;\">Le <\/span><b>spacieux hall d\u2019entr\u00e9e<\/b><span style=\"font-weight: 400;\">, qui est adjacent aux <\/span><b>salles de r\u00e9union de l\u2019h\u00f4tel Novotel Madrid City Las Ventas<\/b><span style=\"font-weight: 400;\"> et au <\/span><b>restaurant \u00ab\u00a0Ins\u00f3lito\u00a0\u00bb<\/b><span style=\"font-weight: 400;\">, est parfait pour <\/span><b>une session de coworking, une pause-caf\u00e9 ou un cocktail<\/b><span style=\"font-weight: 400;\">. Le restaurant \u00ab\u00a0Ins\u00f3lito\u00a0\u00bb offre un environnement tr\u00e8s lumineux et agr\u00e9able pour les repas : il communique directement avec la terrasse couverte (avec de grandes baies vitr\u00e9es pour que les jours de mauvais temps ne vous emp\u00eachent pas de profiter de la vue) et les deux terrasses ext\u00e9rieures o\u00f9 vous pouvez \u00e9galement organiser des \u00e9v\u00e9nements !<\/span><\/p>\n<p><span style=\"font-weight: 400;\">\u00c0 l\u2019ext\u00e9rieur, une zone de <\/span><i><span style=\"font-weight: 400;\">photocall<\/span><\/i><span style=\"font-weight: 400;\"> est d\u00e9j\u00e0 install\u00e9e. Vous y trouverez aussi des canap\u00e9s formant un espace <\/span><i><span style=\"font-weight: 400;\">chill out<\/span><\/i><span style=\"font-weight: 400;\"> o\u00f9 vous pourrez confortablement vous installer le soir, \u00e0 l\u2019heure du coucher du soleil et de <\/span><i><span style=\"font-weight: 400;\">l\u2019afterwork<\/span><\/i><span style=\"font-weight: 400;\">. L\u2019h\u00f4tel est r\u00e9put\u00e9 \u00e0 Madrid pour ses <\/span><i><span style=\"font-weight: 400;\">afterworks<\/span><\/i><span style=\"font-weight: 400;\"> avec DJs et cocktails ! La touche finale \u00e9tant l\u2019impressionnante piscine ext\u00e9rieure !<\/span><\/p>\n\t\t\t\t\t<\/div>\n\t\t\t\t\t\t\t\t\t<\/div>\n\t\t\t<\/div>    \n\t\t\t    \n\t\t\t<div class=\"col-lg-6 order-first order-lg-last mb-7 mb-lg-0\">\n\t\t\t\t<img decoding=\"async\" src=\"https:\/\/www.myallmeeting.com\/wp-content\/uploads\/2022\/12\/aja_p_6640-29__original-953x600.jpeg\" width=\"953\" height=\"600\" alt=\"\" loading=\"lazy\" class=\"w-100\" \/>\n\t\t\t<\/div>\n\t\t\t\t\t<\/div>\n\t<\/div>\n<\/div>\n<!-- END OF : Composant : block-periscope-theme-section-composant-33-texte-image.php -->\n\n\n<!-- START OF : Composant : block-periscope-theme-section-composant-33-texte-image.php -->\n<div class=\"text-image fs-wysiwyg mb-8 mb-lg-12\" data-component=\"33-texte-image\">\n\t<div class=\"container-fluid\" style=\"--bs-gutter-x: 0\">\n\t\t<div class=\"row\" style=\"--bs-gutter-x: 0\">\n\t\t\t\t\t\t<div class=\"col-lg-6 mb-7 mb-lg-0\">\n\t\t\t\t<img decoding=\"async\" src=\"https:\/\/www.myallmeeting.com\/wp-content\/uploads\/2022\/12\/aja_p_5953-41__original-953x600.jpeg\" width=\"953\" height=\"600\" alt=\"\" loading=\"lazy\" class=\"w-100\" \/>\n\t\t\t<\/div>\n\t\t\t\t\t\t<div class=\"col-lg-6\">\n\t\t\t\t<div class=\"text-image__content\">\n\t\t\t\t\t\t\t\t\t\t<div class=\"fw-semibold lh-xs fs-20 fs-lg-32 ls--25 mb-5\">Les meilleurs cocktails au restaurant \u00ab Ins\u00f3lito \u00bb et la ville de Madrid \u00e0 vos pieds<\/div>\n\t\t\t\t\t\t\t\t\t\t\t\t\t\t\t<div class=\"fs-wysiwyg\">\n\t\t\t\t\t\t<p><span style=\"font-weight: 400;\">Repas, pause-caf\u00e9, cocktails ou m\u00eame petites r\u00e9unions plus informelles, <\/span><b>le lumineux restaurant \u00ab\u00a0Ins\u00f3lito\u00a0\u00bb a tous les atouts pour vous aider \u00e0 recharger vos batteries<\/b><span style=\"font-weight: 400;\"> ! Nous sommes pr\u00eats \u00e0 parier que vous n\u2019avez jamais vu un mobilier aussi audacieux et color\u00e9 que le sien.\u00a0<\/span><\/p>\n<p><span style=\"font-weight: 400;\">Et si l\u2019envie vous en prend, vous pouvez transf\u00e9rer ces meubles dans l\u2019une des neuf salles de r\u00e9union de l\u2019h\u00f4tel pour cr\u00e9er une mise en sc\u00e8ne r\u00e9ellement originale. Le restaurant propose une cuisine fusion exquise, \u00e0 base d\u2019ingr\u00e9dients frais et d\u2019\u00e9tonnants plats de grillades, le tout agr\u00e9ment\u00e9 de vues magnifiques. Et pour faire passer quelques exc\u00e8s culinaires, <\/span><b>l\u2019h\u00f4tel dispose d\u2019un centre de fitness ouvert 24 heures sur 24<\/b><span style=\"font-weight: 400;\">.<\/span><\/p>\n<p><span style=\"font-weight: 400;\">Un bon cocktail et un coucher de soleil avec une vue panoramique sur Madrid pour conclure votre \u00e9v\u00e9nement : autant d\u2019arguments pour vous d\u00e9cider sans attendre ! La star incontest\u00e9e de l\u2019h\u00f4tel est le grand bar circulaire de \u00ab\u00a0l&rsquo;Ins\u00f3lito\u00a0\u00bb, avec aux commandes de jeunes mixologistes. Ils sont tellement talentueux que l\u2019h\u00f4tel a d\u00e9j\u00e0 organis\u00e9 des <\/span><i><span style=\"font-weight: 400;\">teambuildings<\/span><\/i><span style=\"font-weight: 400;\"> sp\u00e9ciaux avec des s\u00e9ances d\u2019apprentissage de cocktails. Si vous \u00eates plut\u00f4t fan de sushis, vous trouverez aussi \u00e0 l\u2019h\u00f4tel un\u00a0<\/span><i><span style=\"font-weight: 400;\">chef sushi<\/span><\/i><span style=\"font-weight: 400;\">, ainsi qu\u2019un ma\u00eetre coupeur de jambon, toutes sortes d\u2019options v\u00e9g\u00e9taliennes et v\u00e9g\u00e9tariennes\u2026 <\/span><b>\u00c0 vous de choisir le parcours gastronomique et la restauration que vous souhaitez pour votre \u00e9v\u00e9nement<\/b><span style=\"font-weight: 400;\"> !<\/span><\/p>\n<p><span style=\"font-weight: 400;\">Et puisque nous parlons de parcours, pourquoi ne pas vous promener dans Madrid ? Un arr\u00eat de bus qui vous emm\u00e8nera directement jusqu\u2019au quartier Sol vous attend juste devant l\u2019h\u00f4tel. Une fois arriv\u00e9 au kilom\u00e8tre 0 de Madrid, marqu\u00e9 par une petite plaque sur la place de la Puerta del Sol, \u00e0 vous de jouer !\u00a0<\/span><\/p>\n<p><span style=\"font-weight: 400;\">Mille possibilit\u00e9s s\u2019offrent \u00e0 vous : visites et exp\u00e9riences priv\u00e9es dans des mus\u00e9es, com\u00e9dies musicales ou, si vous pr\u00e9f\u00e9rez les activit\u00e9s sportives, faites un tour en voiture de course ou pourquoi pas, montez \u00e0 bord d\u2019une montgolfi\u00e8re pour survoler la capitale et ses magnifiques environs\u2026<\/span><\/p>\n\t\t\t\t\t<\/div>\n\t\t\t\t\t\t\t\t\t<\/div>\n\t\t\t<\/div>        \n\t\t<\/div>\n\t<\/div>\n<\/div>\n<!-- END OF : Composant : block-periscope-theme-section-composant-33-texte-image.php -->\n","protected":false},"excerpt":{"rendered":"<p>Le Groupe Accor vous propose le Novotel Madrid City Las Ventas, l\u2019\u00e9crin parfait pour accueillir vos \u00e9v\u00e9nements de petite ou grande ampleur et vos collaborateurs.<\/p>\n","protected":false},"featured_media":16757957,"menu_order":0,"template":"","periscope_categorie_tax":[1651],"class_list":["post-15226649","article","type-article","status-publish","has-post-thumbnail","hentry","periscope_categorie_tax-reportage-du-mois"],"acf":[],"yoast_head":"<title>Novotel Madrid City Las Ventas : neuf salles et un restaurant avec vue panoramique pour vos \u00e9v\u00e9nements - Accor MyAllMeeting.com<\/title>\n<meta name=\"robots\" content=\"index, follow, max-snippet:-1, max-image-preview:large, max-video-preview:-1\" \/>\n<link rel=\"canonical\" href=\"https:\/\/www.myallmeeting.com\/fr\/wp-json\/wp\/v2\/article\/15226649\" \/>\n<meta property=\"og:locale\" content=\"fr_FR\" \/>\n<meta property=\"og:type\" content=\"article\" \/>\n<meta property=\"og:title\" content=\"Novotel Madrid City Las Ventas : neuf salles et un restaurant avec vue panoramique pour vos \u00e9v\u00e9nements - Accor MyAllMeeting.com\" \/>\n<meta property=\"og:description\" content=\"Le Groupe Accor vous propose le Novotel Madrid City Las Ventas, l\u2019\u00e9crin parfait pour accueillir vos \u00e9v\u00e9nements de petite ou grande ampleur et vos collaborateurs.\" \/>\n<meta property=\"og:url\" content=\"https:\/\/www.myallmeeting.com\/fr\/article\/novotel-madrid-city-las-ventas-neuf-salles-et-un-restaurant-avec-vue-panoramique-pour-vos-evenements\/\" \/>\n<meta property=\"og:site_name\" content=\"Accor MyAllMeeting.com\" \/>\n<meta property=\"article:modified_time\" content=\"2024-11-28T10:33:23+00:00\" \/>\n<meta property=\"og:image\" content=\"https:\/\/myallmeeting.com\/wp-content\/uploads\/2022\/12\/MAM-baner-1920x570-55-1024x304.png\" \/>\n\t<meta property=\"og:image:width\" content=\"1024\" \/>\n\t<meta property=\"og:image:height\" content=\"304\" \/>\n\t<meta property=\"og:image:type\" content=\"image\/png\" \/>\n<meta name=\"twitter:card\" content=\"summary_large_image\" \/>\n<meta name=\"twitter:label1\" content=\"Dur\u00e9e de lecture estim\u00e9e\" \/>\n\t<meta name=\"twitter:data1\" content=\"7 minutes\" \/>\n<script type=\"application\/ld+json\" class=\"yoast-schema-graph\">{\"@context\":\"https:\/\/schema.org\",\"@graph\":[{\"@type\":\"WebPage\",\"@id\":\"https:\/\/www.myallmeeting.com\/fr\/article\/novotel-madrid-city-las-ventas-neuf-salles-et-un-restaurant-avec-vue-panoramique-pour-vos-evenements\/\",\"url\":\"https:\/\/www.myallmeeting.com\/fr\/article\/novotel-madrid-city-las-ventas-neuf-salles-et-un-restaurant-avec-vue-panoramique-pour-vos-evenements\/\",\"name\":\"Novotel Madrid City Las Ventas : neuf salles et un restaurant avec vue panoramique pour vos \u00e9v\u00e9nements - Accor MyAllMeeting.com\",\"isPartOf\":{\"@id\":\"https:\/\/www.myallmeeting.com\/fr\/#website\"},\"primaryImageOfPage\":{\"@id\":\"https:\/\/www.myallmeeting.com\/fr\/article\/novotel-madrid-city-las-ventas-neuf-salles-et-un-restaurant-avec-vue-panoramique-pour-vos-evenements\/#primaryimage\"},\"image\":{\"@id\":\"https:\/\/www.myallmeeting.com\/fr\/article\/novotel-madrid-city-las-ventas-neuf-salles-et-un-restaurant-avec-vue-panoramique-pour-vos-evenements\/#primaryimage\"},\"thumbnailUrl\":\"https:\/\/www.myallmeeting.com\/wp-content\/uploads\/2022\/12\/MAM-baner-1920x570-55.png\",\"datePublished\":\"2022-12-07T09:50:37+00:00\",\"dateModified\":\"2024-11-28T10:33:23+00:00\",\"breadcrumb\":{\"@id\":\"https:\/\/www.myallmeeting.com\/fr\/article\/novotel-madrid-city-las-ventas-neuf-salles-et-un-restaurant-avec-vue-panoramique-pour-vos-evenements\/#breadcrumb\"},\"inLanguage\":\"fr-FR\",\"potentialAction\":[{\"@type\":\"ReadAction\",\"target\":[\"https:\/\/www.myallmeeting.com\/fr\/article\/novotel-madrid-city-las-ventas-neuf-salles-et-un-restaurant-avec-vue-panoramique-pour-vos-evenements\/\"]}]},{\"@type\":\"ImageObject\",\"inLanguage\":\"fr-FR\",\"@id\":\"https:\/\/www.myallmeeting.com\/fr\/article\/novotel-madrid-city-las-ventas-neuf-salles-et-un-restaurant-avec-vue-panoramique-pour-vos-evenements\/#primaryimage\",\"url\":\"https:\/\/www.myallmeeting.com\/wp-content\/uploads\/2022\/12\/MAM-baner-1920x570-55.png\",\"contentUrl\":\"https:\/\/www.myallmeeting.com\/wp-content\/uploads\/2022\/12\/MAM-baner-1920x570-55.png\",\"width\":1920,\"height\":570},{\"@type\":\"BreadcrumbList\",\"@id\":\"https:\/\/www.myallmeeting.com\/fr\/article\/novotel-madrid-city-las-ventas-neuf-salles-et-un-restaurant-avec-vue-panoramique-pour-vos-evenements\/#breadcrumb\",\"itemListElement\":[{\"@type\":\"ListItem\",\"position\":1,\"name\":\"Accueil\",\"item\":\"https:\/\/myallmeeting.com\/fr\/\"},{\"@type\":\"ListItem\",\"position\":2,\"name\":\"Actualit\u00e9s\",\"item\":\"https:\/\/www.myallmeeting.com\/fr\/actualite\/\"},{\"@type\":\"ListItem\",\"position\":3,\"name\":\"Novotel Madrid City Las Ventas : neuf salles et un restaurant avec vue panoramique pour vos \u00e9v\u00e9nements\"}]},{\"@type\":\"WebSite\",\"@id\":\"https:\/\/www.myallmeeting.com\/fr\/#website\",\"url\":\"https:\/\/www.myallmeeting.com\/fr\/\",\"name\":\"Accor MyAllMeeting.com\",\"description\":\"Les Meilleurs lieux pour vos Ev\u00e9nements Professionnels\",\"publisher\":{\"@id\":\"https:\/\/www.myallmeeting.com\/fr\/#organization\"},\"potentialAction\":[{\"@type\":\"SearchAction\",\"target\":{\"@type\":\"EntryPoint\",\"urlTemplate\":\"https:\/\/www.myallmeeting.com\/fr\/?s={search_term_string}\"},\"query-input\":{\"@type\":\"PropertyValueSpecification\",\"valueRequired\":true,\"valueName\":\"search_term_string\"}}],\"inLanguage\":\"fr-FR\"},{\"@type\":\"Organization\",\"@id\":\"https:\/\/www.myallmeeting.com\/fr\/#organization\",\"name\":\"ACCOR\",\"url\":\"https:\/\/www.myallmeeting.com\/fr\/\",\"logo\":{\"@type\":\"ImageObject\",\"inLanguage\":\"fr-FR\",\"@id\":\"https:\/\/www.myallmeeting.com\/fr\/#\/schema\/logo\/image\/\",\"url\":\"\",\"contentUrl\":\"\",\"caption\":\"ACCOR\"},\"image\":{\"@id\":\"https:\/\/www.myallmeeting.com\/fr\/#\/schema\/logo\/image\/\"}}]}<\/script>","yoast_head_json":{"title":"Novotel Madrid City Las Ventas : neuf salles et un restaurant avec vue panoramique pour vos \u00e9v\u00e9nements - Accor MyAllMeeting.com","robots":{"index":"index","follow":"follow","max-snippet":"max-snippet:-1","max-image-preview":"max-image-preview:large","max-video-preview":"max-video-preview:-1"},"canonical":"https:\/\/www.myallmeeting.com\/fr\/wp-json\/wp\/v2\/article\/15226649","og_locale":"fr_FR","og_type":"article","og_title":"Novotel Madrid City Las Ventas : neuf salles et un restaurant avec vue panoramique pour vos \u00e9v\u00e9nements - Accor MyAllMeeting.com","og_description":"Le Groupe Accor vous propose le Novotel Madrid City Las Ventas, l\u2019\u00e9crin parfait pour accueillir vos \u00e9v\u00e9nements de petite ou grande ampleur et vos collaborateurs.","og_url":"https:\/\/www.myallmeeting.com\/fr\/article\/novotel-madrid-city-las-ventas-neuf-salles-et-un-restaurant-avec-vue-panoramique-pour-vos-evenements\/","og_site_name":"Accor MyAllMeeting.com","article_modified_time":"2024-11-28T10:33:23+00:00","og_image":[{"width":1024,"height":304,"url":"https:\/\/myallmeeting.com\/wp-content\/uploads\/2022\/12\/MAM-baner-1920x570-55-1024x304.png","type":"image\/png"}],"twitter_card":"summary_large_image","twitter_misc":{"Dur\u00e9e de lecture estim\u00e9e":"7 minutes"},"schema":{"@context":"https:\/\/schema.org","@graph":[{"@type":"WebPage","@id":"https:\/\/www.myallmeeting.com\/fr\/article\/novotel-madrid-city-las-ventas-neuf-salles-et-un-restaurant-avec-vue-panoramique-pour-vos-evenements\/","url":"https:\/\/www.myallmeeting.com\/fr\/article\/novotel-madrid-city-las-ventas-neuf-salles-et-un-restaurant-avec-vue-panoramique-pour-vos-evenements\/","name":"Novotel Madrid City Las Ventas : neuf salles et un restaurant avec vue panoramique pour vos \u00e9v\u00e9nements - Accor MyAllMeeting.com","isPartOf":{"@id":"https:\/\/www.myallmeeting.com\/fr\/#website"},"primaryImageOfPage":{"@id":"https:\/\/www.myallmeeting.com\/fr\/article\/novotel-madrid-city-las-ventas-neuf-salles-et-un-restaurant-avec-vue-panoramique-pour-vos-evenements\/#primaryimage"},"image":{"@id":"https:\/\/www.myallmeeting.com\/fr\/article\/novotel-madrid-city-las-ventas-neuf-salles-et-un-restaurant-avec-vue-panoramique-pour-vos-evenements\/#primaryimage"},"thumbnailUrl":"https:\/\/www.myallmeeting.com\/wp-content\/uploads\/2022\/12\/MAM-baner-1920x570-55.png","datePublished":"2022-12-07T09:50:37+00:00","dateModified":"2024-11-28T10:33:23+00:00","breadcrumb":{"@id":"https:\/\/www.myallmeeting.com\/fr\/article\/novotel-madrid-city-las-ventas-neuf-salles-et-un-restaurant-avec-vue-panoramique-pour-vos-evenements\/#breadcrumb"},"inLanguage":"fr-FR","potentialAction":[{"@type":"ReadAction","target":["https:\/\/www.myallmeeting.com\/fr\/article\/novotel-madrid-city-las-ventas-neuf-salles-et-un-restaurant-avec-vue-panoramique-pour-vos-evenements\/"]}]},{"@type":"ImageObject","inLanguage":"fr-FR","@id":"https:\/\/www.myallmeeting.com\/fr\/article\/novotel-madrid-city-las-ventas-neuf-salles-et-un-restaurant-avec-vue-panoramique-pour-vos-evenements\/#primaryimage","url":"https:\/\/www.myallmeeting.com\/wp-content\/uploads\/2022\/12\/MAM-baner-1920x570-55.png","contentUrl":"https:\/\/www.myallmeeting.com\/wp-content\/uploads\/2022\/12\/MAM-baner-1920x570-55.png","width":1920,"height":570},{"@type":"BreadcrumbList","@id":"https:\/\/www.myallmeeting.com\/fr\/article\/novotel-madrid-city-las-ventas-neuf-salles-et-un-restaurant-avec-vue-panoramique-pour-vos-evenements\/#breadcrumb","itemListElement":[{"@type":"ListItem","position":1,"name":"Accueil","item":"https:\/\/myallmeeting.com\/fr\/"},{"@type":"ListItem","position":2,"name":"Actualit\u00e9s","item":"https:\/\/www.myallmeeting.com\/fr\/actualite\/"},{"@type":"ListItem","position":3,"name":"Novotel Madrid City Las Ventas : neuf salles et un restaurant avec vue panoramique pour vos \u00e9v\u00e9nements"}]},{"@type":"WebSite","@id":"https:\/\/www.myallmeeting.com\/fr\/#website","url":"https:\/\/www.myallmeeting.com\/fr\/","name":"Accor MyAllMeeting.com","description":"Les Meilleurs lieux pour vos Ev\u00e9nements Professionnels","publisher":{"@id":"https:\/\/www.myallmeeting.com\/fr\/#organization"},"potentialAction":[{"@type":"SearchAction","target":{"@type":"EntryPoint","urlTemplate":"https:\/\/www.myallmeeting.com\/fr\/?s={search_term_string}"},"query-input":{"@type":"PropertyValueSpecification","valueRequired":true,"valueName":"search_term_string"}}],"inLanguage":"fr-FR"},{"@type":"Organization","@id":"https:\/\/www.myallmeeting.com\/fr\/#organization","name":"ACCOR","url":"https:\/\/www.myallmeeting.com\/fr\/","logo":{"@type":"ImageObject","inLanguage":"fr-FR","@id":"https:\/\/www.myallmeeting.com\/fr\/#\/schema\/logo\/image\/","url":"","contentUrl":"","caption":"ACCOR"},"image":{"@id":"https:\/\/www.myallmeeting.com\/fr\/#\/schema\/logo\/image\/"}}]}},"_links":{"self":[{"href":"https:\/\/www.myallmeeting.com\/fr\/wp-json\/wp\/v2\/article\/15226649","targetHints":{"allow":["GET"]}}],"collection":[{"href":"https:\/\/www.myallmeeting.com\/fr\/wp-json\/wp\/v2\/article"}],"about":[{"href":"https:\/\/www.myallmeeting.com\/fr\/wp-json\/wp\/v2\/types\/article"}],"wp:featuredmedia":[{"embeddable":true,"href":"https:\/\/www.myallmeeting.com\/fr\/wp-json\/wp\/v2\/media\/16757957"}],"wp:attachment":[{"href":"https:\/\/www.myallmeeting.com\/fr\/wp-json\/wp\/v2\/media?parent=15226649"}],"wp:term":[{"taxonomy":"periscope_categorie_tax","embeddable":true,"href":"https:\/\/www.myallmeeting.com\/fr\/wp-json\/wp\/v2\/periscope_categorie_tax?post=15226649"}],"curies":[{"name":"wp","href":"https:\/\/api.w.org\/{rel}","templated":true}]}}