{"id":15226648,"date":"2023-01-16T11:21:35","date_gmt":"2023-01-16T10:21:35","guid":{"rendered":"https:\/\/myallmeeting.com\/article\/le-luxe-et-la-durabilite-pour-vos-evenements-au-sofitel-barcelona-skipper\/"},"modified":"2024-12-04T17:10:52","modified_gmt":"2024-12-04T16:10:52","slug":"le-luxe-et-la-durabilite-pour-vos-evenements-au-sofitel-barcelona-skipper","status":"publish","type":"article","link":"https:\/\/www.myallmeeting.com\/fr\/article\/le-luxe-et-la-durabilite-pour-vos-evenements-au-sofitel-barcelona-skipper\/","title":{"rendered":"Le luxe et la durabilit\u00e9 pour vos \u00e9v\u00e9nements au Sofitel Barcelona Skipper"},"content":{"rendered":"<!-- START OF : Composant : block-periscope-theme-section-composant-25-texte-cta-2-images.php -->\n<div class=\"tcta2ia bg-white fs-wysiwyg mb-lg-12\" data-component=\"25-texte-cta-2-images\">\n\t<div class=\"tcta2ia__top\">\n\t\t<div class=\"container-fluid\" style=\"--bs-gutter-x: 0\">\n\t\t\t<div class=\"row\" style=\"--bs-gutter-x: 0\">\n\t\t\t\t<div class=\"col-lg-8\">\n\t\t\t\t\t\t\t\t\t\t<div class=\"bloc-mise-en-avant__top__left\">\n\t\t\t\t\t\t<img decoding=\"async\" src=\"https:\/\/www.myallmeeting.com\/wp-content\/uploads\/2023\/01\/aja_p_6804-79__original-1268x846.jpeg\" class=\"pe-2 pe-lg-0\" width=\"1268\" height=\"846\" alt=\"\" loading=\"lazy\" \/>\n\t\t\t\t\t<\/div>\n\t\t\t\t\t\t\t\t\t\t<div class=\"tcta2ia__bottom d-none d-lg-block pb-12 pt-lg-9 pb-lg-0 pe-lg-10\">\n\t\t\t\t\t\t\t\t\t\t\t\t<h2 class=\"fs-20 fs-lg-32 fw-semibold\">Des services complets<\/h2>\n\t\t\t\t\t\t\t\t\t\t\t\t\t\t\t\t\t\t<div class=\"fs-wysiwyg\"><p>Pauses-caf\u00e9, cocktails&#8230; toutes les formules sont possibles. Dans cette nouvelle oasis urbaine, luxueuse, et qui fait la part belle \u00e0 l\u2019art, tout est pr\u00eat pour recevoir vos \u00e9v\u00e9nements : vous disposez de 12 salles de diff\u00e9rentes capacit\u00e9s, d\u2019un acc\u00e8s parking pour les v\u00e9hicules, d\u2019une offre gastronomique vari\u00e9e, de 225 chambres (dont 25 suites), de deux terrasses, de deux piscines (dont une sur le toit avec vue panoramique sur la mer) et d\u2019une atmosph\u00e8re si sophistiqu\u00e9e qu\u2019il sera difficile de l\u2019oublier.<\/p>\n<\/div>\n\t\t\t\t\t\t\t\t\t\t\t\t<div class=\"d-flex flex-column flex-lg-row align-items-center gap-5 gap-lg-8 justify-content-between\">\n\t\t\t\t\t\t\t<div class=\"fs-20 fs-lg-26 fw-semibold lh-xs\"><\/div>\n\t\t\t\t\t\t\t\t\t\t\t\t\t<\/div>\n\t\t\t\t\t<\/div>\n\t\t\t\t<\/div>\n\t\t\t\t<div class=\"col-lg-4\">\n\t\t\t\t\t<div class=\"tcta2ia__top__right t-0 r-0 bg-primary text-white pt-4 pb-4 px-2 pt-lg-8 pb-lg-16 px-lg-11 pb-xl-30\">\n\t\t\t\t\t\t\t\t\t\t\t\t\t\t\t\t\t\t<h2 class=\"unna fs-36 fs-lg-51 fs-xl-75 fs-italic fw-normal text-secondary\">Le luxe et la durabilit\u00e9 pour vos \u00e9v\u00e9nements au Sofitel Barcelona Skipper<\/h2>\n\t\t\t\t\t\t\t\t\t\t\t\t\t\t\t\t\t\t<h3 class=\"text-white fs-18 fs-lg-20 fs-xl-28 text-original-case\">Salles personnalisables, services complets, localisation en front de mer&#8230; Un h\u00f4tel qui r\u00e9pond \u00e0 de nombreux besoins<\/h3>\n\t\t\t\t\t\t\t\t\t\t\t\t\t\t\t\t\t\t<div class=\"fs-wysiwyg mb-4 fs-lg-16 fs-xl-20\"><p>Le cinq \u00e9toiles <a href=\"https:\/\/myallmeeting.com\/fr\/hotel\/7341-pullman-barcelona-skipper\/\" target=\"_blank\" rel=\"noopener\">Sofitel Barcelona Skipper<\/a>, situ\u00e9 directement sur le front de mer de Barcelone (Avenida Litoral, 10) surprend avec sa fa\u00e7ade principale, rev\u00eatue d\u2019un immense jardin vertical de 300 m\u00b2. Avec cette fa\u00e7ade v\u00e9g\u00e9talis\u00e9e, l\u2019h\u00f4tel revendique la durabilit\u00e9 et son statut d\u2019h\u00e9bergeur d\u2019\u00e9v\u00e9nements, deux aspects qui font partie int\u00e9grante de son offre. Un \u00e9tage entier, en sous-sol, est d\u00e9di\u00e9 aux \u00e9v\u00e9nements. Il est couronn\u00e9 par une embl\u00e9matique pyramide de verre qui \u00e9voque celle du Louvre et inonde le foyer et l\u2019atrium principal de lumi\u00e8re naturelle.<\/p>\n<\/div>\n\t\t\t\t\t\t\t\t\t\t\t\t\t\t\t\t\t\t\t\t\t\t\t\t<p class=\"m-0\"><img decoding=\"async\" src=\"https:\/\/www.myallmeeting.com\/wp-content\/uploads\/2023\/01\/aja_p_6804-83__original-3-633x398.jpeg\" class=\"position-relative l-0\" width=\"633\" height=\"398\" alt=\"\" loading=\"lazy\" \/><\/p>\n\t\t\t\t\t\t\t\t\t\t\t<\/div>\n\t\t\t\t<\/div>\n\t\t\t<\/div>\n\t\t<\/div>\n\t<\/div>\n\t<div class=\"tcta2ia__bottom d-lg-none pb-12 py-lg-9 pe-lg-10\">\n\t\t\t\t<div class=\"h2 fs-20 fs-lg-32 fw-semibold\">Des services complets<\/div>\n\t\t\t\t\t\t<div class=\"fs-wysiwyg\"><p>Pauses-caf\u00e9, cocktails&#8230; toutes les formules sont possibles. Dans cette nouvelle oasis urbaine, luxueuse, et qui fait la part belle \u00e0 l\u2019art, tout est pr\u00eat pour recevoir vos \u00e9v\u00e9nements : vous disposez de 12 salles de diff\u00e9rentes capacit\u00e9s, d\u2019un acc\u00e8s parking pour les v\u00e9hicules, d\u2019une offre gastronomique vari\u00e9e, de 225 chambres (dont 25 suites), de deux terrasses, de deux piscines (dont une sur le toit avec vue panoramique sur la mer) et d\u2019une atmosph\u00e8re si sophistiqu\u00e9e qu\u2019il sera difficile de l\u2019oublier.<\/p>\n<\/div>\n\t\t\t\t<div class=\"d-flex flex-column flex-lg-row align-items-center gap-5 gap-lg-8 justify-content-between\">\n\t\t\t<div class=\"fs-20 fs-lg-26 fw-semibold lh-xs\"><\/div>\n\t\t\t\t\t<\/div>\n\t<\/div>\n<\/div>\n<!-- END OF : Composant : block-periscope-theme-section-composant-25-texte-cta-2-images.php -->\n\n\n<!-- START OF : Composant : block-periscope-theme-section-composant-33-texte-image.php -->\n<div class=\"text-image fs-wysiwyg mb-8 mb-lg-12\" data-component=\"33-texte-image\">\n\t<div class=\"container-fluid\" style=\"--bs-gutter-x: 0\">\n\t\t<div class=\"row\" style=\"--bs-gutter-x: 0\">\n\t\t\t\t\t\t<div class=\"col-lg-6 mb-7 mb-lg-0\">\n\t\t\t\t<img decoding=\"async\" src=\"https:\/\/www.myallmeeting.com\/wp-content\/uploads\/2023\/01\/aja_p_6451-90__original-953x600.jpeg\" width=\"953\" height=\"600\" alt=\"\" loading=\"lazy\" class=\"w-100\" \/>\n\t\t\t<\/div>\n\t\t\t\t\t\t<div class=\"col-lg-6\">\n\t\t\t\t<div class=\"text-image__content\">\n\t\t\t\t\t\t\t\t\t\t<div class=\"fw-semibold lh-xs fs-20 fs-lg-32 ls--25 mb-5\">Sur le front de mer de Barcelone <\/div>\n\t\t\t\t\t\t\t\t\t\t\t\t\t\t\t<div class=\"fs-wysiwyg\">\n\t\t\t\t\t\t<p>Le Sofitel Barcelona Skipper a \u00e9t\u00e9 r\u00e9nov\u00e9 de fond en comble et s\u2019est transform\u00e9 en\u00a0<strong>une nouvelle oasis urbaine, luxueuse et faisant une part g\u00e9n\u00e9reuse \u00e0 l\u2019art,<\/strong>\u00a0tout pr\u00e8s de la Barceloneta, sur le front de mer de Barcelone. \u00c0 seulement un quart d\u2019heure \u00e0 pied, se trouve le Quartier gothique, l\u2019une des principales attractions touristiques de la ville. L\u2019h\u00f4tel est \u00e9galement bien reli\u00e9 \u00e0 la gare et \u00e0 l\u2019a\u00e9roport, situ\u00e9s \u00e0 20 minutes en voiture.<br \/>\nIl propose\u00a0<strong>225 chambres \u00e9l\u00e9gantes, dont 25 suites<\/strong>\u00a0d\u00e9clin\u00e9es en deux atmosph\u00e8res distinctes, avec de nombreuses \u0153uvres d\u2019artistes locaux tels que Yaya Tur et Mario Ruiz. Dans les suites, vous pouvez organiser une r\u00e9union informelle, une conf\u00e9rence de presse, une pr\u00e9sentation de produit\u2026 L\u2019h\u00f4tel dispose de chambres\u00a0<strong>avec terrasse et vue sur la mer ou la piscine,<\/strong>\u00a0ainsi que de chambres de cat\u00e9gorie sup\u00e9rieure dot\u00e9es de grandes fen\u00eatres insonoris\u00e9es d\u2019o\u00f9 vous pourrez observer le fascinant horizon de la ville. Les matelas Sofitel MyBedTM, cr\u00e9\u00e9s sp\u00e9cialement pour la marque, offrent un confort maximal. Vous vous reposerez comme sur un nuage, entour\u00e9 de couleurs m\u00e9diterran\u00e9ennes qui contrastent avec le parquet en ch\u00eane du plus pur style parisien.<br \/>\n<strong>L\u2019h\u00f4tel a fait le pari d\u2019une durabilit\u00e9 optimale<\/strong>\u00a0: panneaux solaires, politique du z\u00e9ro plastique, petits n\u00e9cessaires en carton et en bambou, pantoufles \u00e0 semelles en li\u00e8ge, cl\u00e9s en bois, brochures et lettres avec code QR, capteur de mouvement commandant les lumi\u00e8res, \u00e9lectrolyse saline dans les piscines, programme de lutte contre le gaspillage alimentaire\u2026<\/p>\n\t\t\t\t\t<\/div>\n\t\t\t\t\t\t\t\t\t<\/div>\n\t\t\t<\/div>        \n\t\t<\/div>\n\t<\/div>\n<\/div>\n<!-- END OF : Composant : block-periscope-theme-section-composant-33-texte-image.php -->\n\n\n<!-- START OF : Composant : block-periscope-theme-section-composant-33-texte-image.php -->\n<!-- INVERSE -->\n<div class=\"text-image fs-wysiwyg mb-8 mb-lg-12\" data-component=\"33-texte-image\" data-reverse=\"oui\">\n\t<div class=\"container-fluid\" style=\"--bs-gutter-x: 0\">\n\t\t<div class=\"row\" style=\"--bs-gutter-x: 0\">\n\t\t\t<div class=\"col-lg-6\">\n\t\t\t\t<div class=\"text-image__content\">\n\t\t\t\t\t\t\t\t\t\t<div class=\"fw-semibold lh-xs fs-20 fs-lg-32 ls--25 mb-5\">Un \u00e9tage entier d\u00e9di\u00e9 aux \u00e9v\u00e9nements avec 12 salles et un acc\u00e8s aux v\u00e9hicules<\/div>\n\t\t\t\t\t\t\t\t\t\t\t\t\t\t\t<div class=\"fs-wysiwyg\">\n\t\t\t\t\t\t<p><strong>L\u2019art et le luxe, omnipr\u00e9sents, vous charment continuellement.\u00a0<\/strong>\u00a0Une fois descendu au sous-sol, vous trouverez un espace d\u00e9di\u00e9 \u00e0 100 % aux \u00e9v\u00e9nements avec un\u00a0<em>bureau d\u2019accueil<\/em>\u00a0(sp\u00e9cialement pour les accr\u00e9ditations).<em>\u00a0<\/em>La responsable de l\u2019accueil\u00a0est toujours \u00e0 votre disposition.<br \/>\nLe foyer et l\u2019atrium apportent de l\u2019\u00e9nergie aux 12 salles de r\u00e9union attenantes, gr\u00e2ce aux plantes vertes et surtout \u00e0 la lumi\u00e8re naturelle, qui p\u00e9n\u00e8tre directement par une pyramide de verre couronnant le plafond.\u00a0<strong>\u00c9voquant celle du Louvre,<\/strong> elle est entour\u00e9e d\u2019une fresque murale de Barcelone r\u00e9alis\u00e9e par le street artist Albert Mir. Les d\u00e9tails de cette fresque et la lumi\u00e8re naturelle garantissent une d\u00e9connexion absolue lors d\u2019une pause-caf\u00e9 ou d\u2019un cocktail organis\u00e9 ici, \u00e0 l\u2019Atrium, avec un service de restauration optimale, des produits du kilom\u00e8tre 0 et des propositions pour tous les go\u00fbts.<\/p>\n\t\t\t\t\t<\/div>\n\t\t\t\t\t\t\t\t\t<\/div>\n\t\t\t<\/div>    \n\t\t\t    \n\t\t\t<div class=\"col-lg-6 order-first order-lg-last mb-7 mb-lg-0\">\n\t\t\t\t<img decoding=\"async\" src=\"https:\/\/www.myallmeeting.com\/wp-content\/uploads\/2023\/01\/aja_p_6800-93__original-953x600.jpeg\" width=\"953\" height=\"600\" alt=\"\" loading=\"lazy\" class=\"w-100\" \/>\n\t\t\t<\/div>\n\t\t\t\t\t<\/div>\n\t<\/div>\n<\/div>\n<!-- END OF : Composant : block-periscope-theme-section-composant-33-texte-image.php -->\n\n\n<!-- START OF : Composant : block-periscope-theme-section-composant-33-texte-image.php -->\n<div class=\"text-image fs-wysiwyg mb-8 mb-lg-12\" data-component=\"33-texte-image\">\n\t<div class=\"container-fluid\" style=\"--bs-gutter-x: 0\">\n\t\t<div class=\"row\" style=\"--bs-gutter-x: 0\">\n\t\t\t\t\t\t<div class=\"col-lg-6 mb-7 mb-lg-0\">\n\t\t\t\t<img decoding=\"async\" src=\"https:\/\/www.myallmeeting.com\/wp-content\/uploads\/2023\/01\/HCM_P_0000424__original-953x600.jpeg\" width=\"953\" height=\"600\" alt=\"\" loading=\"lazy\" class=\"w-100\" \/>\n\t\t\t<\/div>\n\t\t\t\t\t\t<div class=\"col-lg-6\">\n\t\t\t\t<div class=\"text-image__content\">\n\t\t\t\t\t\t\t\t\t\t<div class=\"fw-semibold lh-xs fs-20 fs-lg-32 ls--25 mb-5\">Vous recherchez des salles et des configurations diff\u00e9rentes ? <\/div>\n\t\t\t\t\t\t\t\t\t\t\t\t\t\t\t<div class=\"fs-wysiwyg\">\n\t\t\t\t\t\t<p>L\u2019h\u00f4tel met \u00e0 votre disposition\u00a0<strong>12 salles<\/strong>\u00a0dont les capacit\u00e9s varient en fonction de la configuration qui vous int\u00e9resse.\u00a0Vous pourrez tr\u00e8s facilement planifier l\u2019organisation d\u2019une salle pl\u00e9ni\u00e8re et de salles de sous-commission, gr\u00e2ce au grand nombre de salles et de leur proximit\u00e9 entre elles.<br \/>\nIl existe m\u00eame un acc\u00e8s pour les v\u00e9hicules,\u00a0<strong>ce qui est id\u00e9al pour les \u00e9v\u00e9nements du secteur automobile !<\/strong><br \/>\nSi vous recherchez un espace intime et priv\u00e9 pour une r\u00e9union, un cocktail ou un repas informel, jetez un coup d\u2019\u0153il aux cinq suites, aux deux terrasses avec piscine ou \u00e0 la Vinoth\u00e8que du restaurant Tendiez, avec sa grande table en bois pour 12 convives.<\/p>\n\t\t\t\t\t<\/div>\n\t\t\t\t\t\t\t\t\t<\/div>\n\t\t\t<\/div>        \n\t\t<\/div>\n\t<\/div>\n<\/div>\n<!-- END OF : Composant : block-periscope-theme-section-composant-33-texte-image.php -->\n\n\n<!-- START OF : Composant : block-periscope-theme-section-composant-33-texte-image.php -->\n<!-- INVERSE -->\n<div class=\"text-image fs-wysiwyg mb-8 mb-lg-12\" data-component=\"33-texte-image\" data-reverse=\"oui\">\n\t<div class=\"container-fluid\" style=\"--bs-gutter-x: 0\">\n\t\t<div class=\"row\" style=\"--bs-gutter-x: 0\">\n\t\t\t<div class=\"col-lg-6\">\n\t\t\t\t<div class=\"text-image__content\">\n\t\t\t\t\t\t\t\t\t\t<div class=\"fw-semibold lh-xs fs-20 fs-lg-32 ls--25 mb-5\">Le meilleur de Barcelone, \u00e0 l\u2019h\u00f4tel et dans ses environs<\/div>\n\t\t\t\t\t\t\t\t\t\t\t\t\t\t\t<div class=\"fs-wysiwyg\">\n\t\t\t\t\t\t<p>Et la plage ? Elle est \u00e0 seulement 50 m\u00e8tres ! Et sans quitter l\u2019h\u00f4tel, vous disposez de deux piscines : l\u2019une sur la terrasse\u00a0<em>El Cielo<\/em>, avec des vues panoramiques sur la mer et l\u2019autre, El Blue, autour de laquelle ont d\u00e9j\u00e0 \u00e9t\u00e9 organis\u00e9s des banquets pour 500 personnes.<br \/>\nPour les banquets, l\u2019h\u00f4tel propose \u00e9galement un espace buffet divisible en plusieurs zones, avec une terrasse ext\u00e9rieure, ainsi que son restaurant\u00a0<em>Tendiez.\u00a0<\/em>Vous y ferez un voyage gastronomique dans tout Barcelone, au gr\u00e9 d\u2019une carte de produits locaux \u00e9labor\u00e9e par le chef Jos\u00e9 S\u00e1nchez, sous la supervision\u00a0<strong>du jeune chef vedette \u00e9toil\u00e9 au Michelin, David Andr\u00e9s.<\/strong>\u00a0Gr\u00e2ce \u00e0 la cuisine ouverte, depuis le bar, vous pouvez appr\u00e9cier le travail des cuisiniers en d\u00e9gustant des plats tels que le poulpe en sucette ou les croquettes de homard.<br \/>\nLes grands \u00e9v\u00e9nements tels que le Mobile World Congress ou l\u2019IBTM choisissent Barcelone pour sa modernit\u00e9 et l\u2019infinie palette des exp\u00e9riences qu\u2019elle propose.<br \/>\n<strong>Depuis l\u2019h\u00f4tel, toute la ville de Barcelone est \u00e0 votre port\u00e9e.<\/strong>\u00a0Parmi les activit\u00e9s que nous vous recommandons, choisissez la visite guid\u00e9e des onze \u0153uvres de Gaud\u00ed, allez d\u00e9guster un ap\u00e9ritif avec un verre de cava \u00e0 bord d\u2019un catamaran de luxe, avec le coucher de soleil en toile de fond, ou fl\u00e2nez au march\u00e9 de la Boqueria, o\u00f9 vous attend une explosion de couleurs et de saveurs\u2026<\/p>\n\t\t\t\t\t<\/div>\n\t\t\t\t\t\t\t\t\t<\/div>\n\t\t\t<\/div>    \n\t\t\t    \n\t\t\t<div class=\"col-lg-6 order-first order-lg-last mb-7 mb-lg-0\">\n\t\t\t\t<img decoding=\"async\" src=\"https:\/\/www.myallmeeting.com\/wp-content\/uploads\/2023\/01\/aja_p_6804-81__original-953x600.jpeg\" width=\"953\" height=\"600\" alt=\"\" loading=\"lazy\" class=\"w-100\" \/>\n\t\t\t<\/div>\n\t\t\t\t\t<\/div>\n\t<\/div>\n<\/div>\n<!-- END OF : Composant : block-periscope-theme-section-composant-33-texte-image.php -->\n","protected":false},"excerpt":{"rendered":"<p>Venez d\u00e9couvrir les atouts du Sofitel Barcelona Skipper pour votre prochain \u00e9v\u00e8nement<\/p>\n","protected":false},"featured_media":16834999,"menu_order":0,"template":"","periscope_categorie_tax":[1651],"class_list":["post-15226648","article","type-article","status-publish","has-post-thumbnail","hentry","periscope_categorie_tax-reportage-du-mois"],"acf":[],"yoast_head":"<title>Le luxe et la durabilit\u00e9 pour vos \u00e9v\u00e9nements au Sofitel Barcelona Skipper - Accor MyAllMeeting.com<\/title>\n<meta name=\"robots\" content=\"index, follow, max-snippet:-1, max-image-preview:large, max-video-preview:-1\" \/>\n<link rel=\"canonical\" href=\"https:\/\/www.myallmeeting.com\/fr\/wp-json\/wp\/v2\/article\/15226648\" \/>\n<meta property=\"og:locale\" content=\"fr_FR\" \/>\n<meta property=\"og:type\" content=\"article\" \/>\n<meta property=\"og:title\" content=\"Le luxe et la durabilit\u00e9 pour vos \u00e9v\u00e9nements au Sofitel Barcelona Skipper - Accor MyAllMeeting.com\" \/>\n<meta property=\"og:description\" content=\"Venez d\u00e9couvrir les atouts du Sofitel Barcelona Skipper pour votre prochain \u00e9v\u00e8nement\" \/>\n<meta property=\"og:url\" content=\"https:\/\/www.myallmeeting.com\/fr\/article\/le-luxe-et-la-durabilite-pour-vos-evenements-au-sofitel-barcelona-skipper\/\" \/>\n<meta property=\"og:site_name\" content=\"Accor MyAllMeeting.com\" \/>\n<meta property=\"article:modified_time\" content=\"2024-12-04T16:10:52+00:00\" \/>\n<meta property=\"og:image\" content=\"https:\/\/www.myallmeeting.com\/wp-content\/uploads\/2023\/01\/MAM-baner-1920x570-66-1024x304.png\" \/>\n\t<meta property=\"og:image:width\" content=\"1024\" \/>\n\t<meta property=\"og:image:height\" content=\"304\" \/>\n\t<meta property=\"og:image:type\" content=\"image\/png\" \/>\n<meta name=\"twitter:card\" content=\"summary_large_image\" \/>\n<meta name=\"twitter:label1\" content=\"Dur\u00e9e de lecture estim\u00e9e\" \/>\n\t<meta name=\"twitter:data1\" content=\"7 minutes\" \/>\n<script type=\"application\/ld+json\" class=\"yoast-schema-graph\">{\"@context\":\"https:\/\/schema.org\",\"@graph\":[{\"@type\":\"WebPage\",\"@id\":\"https:\/\/www.myallmeeting.com\/fr\/article\/le-luxe-et-la-durabilite-pour-vos-evenements-au-sofitel-barcelona-skipper\/\",\"url\":\"https:\/\/www.myallmeeting.com\/fr\/article\/le-luxe-et-la-durabilite-pour-vos-evenements-au-sofitel-barcelona-skipper\/\",\"name\":\"Le luxe et la durabilit\u00e9 pour vos \u00e9v\u00e9nements au Sofitel Barcelona Skipper - Accor MyAllMeeting.com\",\"isPartOf\":{\"@id\":\"https:\/\/www.myallmeeting.com\/fr\/#website\"},\"primaryImageOfPage\":{\"@id\":\"https:\/\/www.myallmeeting.com\/fr\/article\/le-luxe-et-la-durabilite-pour-vos-evenements-au-sofitel-barcelona-skipper\/#primaryimage\"},\"image\":{\"@id\":\"https:\/\/www.myallmeeting.com\/fr\/article\/le-luxe-et-la-durabilite-pour-vos-evenements-au-sofitel-barcelona-skipper\/#primaryimage\"},\"thumbnailUrl\":\"https:\/\/www.myallmeeting.com\/wp-content\/uploads\/2023\/01\/MAM-baner-1920x570-66.png\",\"datePublished\":\"2023-01-16T10:21:35+00:00\",\"dateModified\":\"2024-12-04T16:10:52+00:00\",\"breadcrumb\":{\"@id\":\"https:\/\/www.myallmeeting.com\/fr\/article\/le-luxe-et-la-durabilite-pour-vos-evenements-au-sofitel-barcelona-skipper\/#breadcrumb\"},\"inLanguage\":\"fr-FR\",\"potentialAction\":[{\"@type\":\"ReadAction\",\"target\":[\"https:\/\/www.myallmeeting.com\/fr\/article\/le-luxe-et-la-durabilite-pour-vos-evenements-au-sofitel-barcelona-skipper\/\"]}]},{\"@type\":\"ImageObject\",\"inLanguage\":\"fr-FR\",\"@id\":\"https:\/\/www.myallmeeting.com\/fr\/article\/le-luxe-et-la-durabilite-pour-vos-evenements-au-sofitel-barcelona-skipper\/#primaryimage\",\"url\":\"https:\/\/www.myallmeeting.com\/wp-content\/uploads\/2023\/01\/MAM-baner-1920x570-66.png\",\"contentUrl\":\"https:\/\/www.myallmeeting.com\/wp-content\/uploads\/2023\/01\/MAM-baner-1920x570-66.png\",\"width\":1920,\"height\":570},{\"@type\":\"BreadcrumbList\",\"@id\":\"https:\/\/www.myallmeeting.com\/fr\/article\/le-luxe-et-la-durabilite-pour-vos-evenements-au-sofitel-barcelona-skipper\/#breadcrumb\",\"itemListElement\":[{\"@type\":\"ListItem\",\"position\":1,\"name\":\"Accueil\",\"item\":\"https:\/\/myallmeeting.com\/fr\/\"},{\"@type\":\"ListItem\",\"position\":2,\"name\":\"Actualit\u00e9s\",\"item\":\"https:\/\/www.myallmeeting.com\/fr\/actualite\/\"},{\"@type\":\"ListItem\",\"position\":3,\"name\":\"Le luxe et la durabilit\u00e9 pour vos \u00e9v\u00e9nements au Sofitel Barcelona Skipper\"}]},{\"@type\":\"WebSite\",\"@id\":\"https:\/\/www.myallmeeting.com\/fr\/#website\",\"url\":\"https:\/\/www.myallmeeting.com\/fr\/\",\"name\":\"Accor MyAllMeeting.com\",\"description\":\"Les Meilleurs lieux pour vos Ev\u00e9nements Professionnels\",\"publisher\":{\"@id\":\"https:\/\/www.myallmeeting.com\/fr\/#organization\"},\"potentialAction\":[{\"@type\":\"SearchAction\",\"target\":{\"@type\":\"EntryPoint\",\"urlTemplate\":\"https:\/\/www.myallmeeting.com\/fr\/?s={search_term_string}\"},\"query-input\":{\"@type\":\"PropertyValueSpecification\",\"valueRequired\":true,\"valueName\":\"search_term_string\"}}],\"inLanguage\":\"fr-FR\"},{\"@type\":\"Organization\",\"@id\":\"https:\/\/www.myallmeeting.com\/fr\/#organization\",\"name\":\"ACCOR\",\"url\":\"https:\/\/www.myallmeeting.com\/fr\/\",\"logo\":{\"@type\":\"ImageObject\",\"inLanguage\":\"fr-FR\",\"@id\":\"https:\/\/www.myallmeeting.com\/fr\/#\/schema\/logo\/image\/\",\"url\":\"\",\"contentUrl\":\"\",\"caption\":\"ACCOR\"},\"image\":{\"@id\":\"https:\/\/www.myallmeeting.com\/fr\/#\/schema\/logo\/image\/\"}}]}<\/script>","yoast_head_json":{"title":"Le luxe et la durabilit\u00e9 pour vos \u00e9v\u00e9nements au Sofitel Barcelona Skipper - Accor MyAllMeeting.com","robots":{"index":"index","follow":"follow","max-snippet":"max-snippet:-1","max-image-preview":"max-image-preview:large","max-video-preview":"max-video-preview:-1"},"canonical":"https:\/\/www.myallmeeting.com\/fr\/wp-json\/wp\/v2\/article\/15226648","og_locale":"fr_FR","og_type":"article","og_title":"Le luxe et la durabilit\u00e9 pour vos \u00e9v\u00e9nements au Sofitel Barcelona Skipper - Accor MyAllMeeting.com","og_description":"Venez d\u00e9couvrir les atouts du Sofitel Barcelona Skipper pour votre prochain \u00e9v\u00e8nement","og_url":"https:\/\/www.myallmeeting.com\/fr\/article\/le-luxe-et-la-durabilite-pour-vos-evenements-au-sofitel-barcelona-skipper\/","og_site_name":"Accor MyAllMeeting.com","article_modified_time":"2024-12-04T16:10:52+00:00","og_image":[{"width":1024,"height":304,"url":"https:\/\/www.myallmeeting.com\/wp-content\/uploads\/2023\/01\/MAM-baner-1920x570-66-1024x304.png","type":"image\/png"}],"twitter_card":"summary_large_image","twitter_misc":{"Dur\u00e9e de lecture estim\u00e9e":"7 minutes"},"schema":{"@context":"https:\/\/schema.org","@graph":[{"@type":"WebPage","@id":"https:\/\/www.myallmeeting.com\/fr\/article\/le-luxe-et-la-durabilite-pour-vos-evenements-au-sofitel-barcelona-skipper\/","url":"https:\/\/www.myallmeeting.com\/fr\/article\/le-luxe-et-la-durabilite-pour-vos-evenements-au-sofitel-barcelona-skipper\/","name":"Le luxe et la durabilit\u00e9 pour vos \u00e9v\u00e9nements au Sofitel Barcelona Skipper - Accor MyAllMeeting.com","isPartOf":{"@id":"https:\/\/www.myallmeeting.com\/fr\/#website"},"primaryImageOfPage":{"@id":"https:\/\/www.myallmeeting.com\/fr\/article\/le-luxe-et-la-durabilite-pour-vos-evenements-au-sofitel-barcelona-skipper\/#primaryimage"},"image":{"@id":"https:\/\/www.myallmeeting.com\/fr\/article\/le-luxe-et-la-durabilite-pour-vos-evenements-au-sofitel-barcelona-skipper\/#primaryimage"},"thumbnailUrl":"https:\/\/www.myallmeeting.com\/wp-content\/uploads\/2023\/01\/MAM-baner-1920x570-66.png","datePublished":"2023-01-16T10:21:35+00:00","dateModified":"2024-12-04T16:10:52+00:00","breadcrumb":{"@id":"https:\/\/www.myallmeeting.com\/fr\/article\/le-luxe-et-la-durabilite-pour-vos-evenements-au-sofitel-barcelona-skipper\/#breadcrumb"},"inLanguage":"fr-FR","potentialAction":[{"@type":"ReadAction","target":["https:\/\/www.myallmeeting.com\/fr\/article\/le-luxe-et-la-durabilite-pour-vos-evenements-au-sofitel-barcelona-skipper\/"]}]},{"@type":"ImageObject","inLanguage":"fr-FR","@id":"https:\/\/www.myallmeeting.com\/fr\/article\/le-luxe-et-la-durabilite-pour-vos-evenements-au-sofitel-barcelona-skipper\/#primaryimage","url":"https:\/\/www.myallmeeting.com\/wp-content\/uploads\/2023\/01\/MAM-baner-1920x570-66.png","contentUrl":"https:\/\/www.myallmeeting.com\/wp-content\/uploads\/2023\/01\/MAM-baner-1920x570-66.png","width":1920,"height":570},{"@type":"BreadcrumbList","@id":"https:\/\/www.myallmeeting.com\/fr\/article\/le-luxe-et-la-durabilite-pour-vos-evenements-au-sofitel-barcelona-skipper\/#breadcrumb","itemListElement":[{"@type":"ListItem","position":1,"name":"Accueil","item":"https:\/\/myallmeeting.com\/fr\/"},{"@type":"ListItem","position":2,"name":"Actualit\u00e9s","item":"https:\/\/www.myallmeeting.com\/fr\/actualite\/"},{"@type":"ListItem","position":3,"name":"Le luxe et la durabilit\u00e9 pour vos \u00e9v\u00e9nements au Sofitel Barcelona Skipper"}]},{"@type":"WebSite","@id":"https:\/\/www.myallmeeting.com\/fr\/#website","url":"https:\/\/www.myallmeeting.com\/fr\/","name":"Accor MyAllMeeting.com","description":"Les Meilleurs lieux pour vos Ev\u00e9nements Professionnels","publisher":{"@id":"https:\/\/www.myallmeeting.com\/fr\/#organization"},"potentialAction":[{"@type":"SearchAction","target":{"@type":"EntryPoint","urlTemplate":"https:\/\/www.myallmeeting.com\/fr\/?s={search_term_string}"},"query-input":{"@type":"PropertyValueSpecification","valueRequired":true,"valueName":"search_term_string"}}],"inLanguage":"fr-FR"},{"@type":"Organization","@id":"https:\/\/www.myallmeeting.com\/fr\/#organization","name":"ACCOR","url":"https:\/\/www.myallmeeting.com\/fr\/","logo":{"@type":"ImageObject","inLanguage":"fr-FR","@id":"https:\/\/www.myallmeeting.com\/fr\/#\/schema\/logo\/image\/","url":"","contentUrl":"","caption":"ACCOR"},"image":{"@id":"https:\/\/www.myallmeeting.com\/fr\/#\/schema\/logo\/image\/"}}]}},"_links":{"self":[{"href":"https:\/\/www.myallmeeting.com\/fr\/wp-json\/wp\/v2\/article\/15226648","targetHints":{"allow":["GET"]}}],"collection":[{"href":"https:\/\/www.myallmeeting.com\/fr\/wp-json\/wp\/v2\/article"}],"about":[{"href":"https:\/\/www.myallmeeting.com\/fr\/wp-json\/wp\/v2\/types\/article"}],"wp:featuredmedia":[{"embeddable":true,"href":"https:\/\/www.myallmeeting.com\/fr\/wp-json\/wp\/v2\/media\/16834999"}],"wp:attachment":[{"href":"https:\/\/www.myallmeeting.com\/fr\/wp-json\/wp\/v2\/media?parent=15226648"}],"wp:term":[{"taxonomy":"periscope_categorie_tax","embeddable":true,"href":"https:\/\/www.myallmeeting.com\/fr\/wp-json\/wp\/v2\/periscope_categorie_tax?post=15226648"}],"curies":[{"name":"wp","href":"https:\/\/api.w.org\/{rel}","templated":true}]}}