{"id":15226645,"date":"2023-02-08T16:31:52","date_gmt":"2023-02-08T15:31:52","guid":{"rendered":"https:\/\/myallmeeting.com\/article\/un-seminaire-en-montagne-visitez-le-top-8-de-nos-adresses-accor\/"},"modified":"2024-07-09T19:37:53","modified_gmt":"2024-07-09T17:37:53","slug":"un-seminaire-en-montagne-visitez-le-top-8-de-nos-adresses-accor","status":"publish","type":"article","link":"https:\/\/www.myallmeeting.com\/fr\/article\/un-seminaire-en-montagne-visitez-le-top-8-de-nos-adresses-accor\/","title":{"rendered":"Un s\u00e9minaire en montagne : visitez le top 8 de nos adresses Accor"},"content":{"rendered":"<!-- START OF : Composant : block-periscope-theme-section-composant-25-texte-cta-2-images.php -->\n<div class=\"tcta2ia bg-white fs-wysiwyg mb-lg-12\" data-component=\"25-texte-cta-2-images\">\n\t<div class=\"tcta2ia__top\">\n\t\t<div class=\"container-fluid\" style=\"--bs-gutter-x: 0\">\n\t\t\t<div class=\"row\" style=\"--bs-gutter-x: 0\">\n\t\t\t\t<div class=\"col-lg-8\">\n\t\t\t\t\t\t\t\t\t\t<div class=\"bloc-mise-en-avant__top__left\">\n\t\t\t\t\t\t<img decoding=\"async\" src=\"https:\/\/www.myallmeeting.com\/wp-content\/uploads\/2023\/02\/4429-04-1268x846.jpg\" class=\"pe-2 pe-lg-0\" width=\"1268\" height=\"846\" alt=\"\" loading=\"lazy\" \/>\n\t\t\t\t\t<\/div>\n\t\t\t\t\t\t\t\t\t\t<div class=\"tcta2ia__bottom d-none d-lg-block pb-12 pt-lg-9 pb-lg-0 pe-lg-10\">\n\t\t\t\t\t\t\t\t\t\t\t\t<h2 class=\"fs-20 fs-lg-32 fw-semibold\">Tarcin Forest Resort and Spa Sarajevo \u2013 MGallery<\/h2>\n\t\t\t\t\t\t\t\t\t\t\t\t\t\t\t\t\t\t<div class=\"fs-wysiwyg\"><p><i><span style=\"font-weight: 400;\">Les montagnes olympiques de Sarajevo \u00e0 proximit\u00e9<\/span><\/i><\/p>\n<p><span style=\"font-weight: 400;\">Montagnes, lacs et rivi\u00e8res se sont donn\u00e9s rendez-vous pour composer le d\u00e9cor du\u00a0<\/span><a href=\"https:\/\/myallmeeting.com\/fr\/hotel\/b0l6-tarcin-forest-resort-and-spa-sarajevo-mgallery\/\"><b>MGallery Tarcin Forest Resort and Spa<\/b><\/a><span style=\"font-weight: 400;\">\u00a0! Nich\u00e9 dans la\u00a0<\/span><b>vall\u00e9e du Tarcin,<\/b><span style=\"font-weight: 400;\">\u00a0au creux des montagnes qui ont accueilli les Jeux olympiques d\u2019hiver de 1984, cet h\u00f4tel 5 \u00e9toiles est \u00e0 25 km de\u00a0<\/span><b>Sarajevo<\/b><span style=\"font-weight: 400;\">\u00a0(et de son a\u00e9roport international), la capitale de la\u00a0<\/span><b>Bosnie-Herz\u00e9govine<\/b><span style=\"font-weight: 400;\">. Cette ville cosmopolite, \u00e0 l\u2019histoire bouscul\u00e9e, m\u00e9rite une visite\u00a0!<\/span><\/p>\n<p><span style=\"font-weight: 400;\">Avant de profiter de la\u00a0<\/span><b>piscine \u2013 avec vue sur les montagnes\u00a0!<\/b><span style=\"font-weight: 400;\">\u00a0\u2013 ou du\u00a0<\/span><b>centre de fitness<\/b><span style=\"font-weight: 400;\">\u00a0et du\u00a0<\/span><b>spa\u00a0<\/b><span style=\"font-weight: 400;\">de l\u2019h\u00f4tel<\/span><b>, 2 salles de r\u00e9union,\u00a0<\/b><span style=\"font-weight: 400;\">dont l\u2019une d\u2019une capacit\u00e9 de\u00a0<\/span><b>120 personnes<\/b><span style=\"font-weight: 400;\">, accueilleront vos meetings. Elles c\u00f4toient la terrasse, garantie de bouff\u00e9es d\u2019air frais et de vue relaxante, m\u00eame en pleine s\u00e9ance de travail\u00a0!<\/span><\/p>\n<\/div>\n\t\t\t\t\t\t\t\t\t\t\t\t<div class=\"d-flex flex-column flex-lg-row align-items-center gap-5 gap-lg-8 justify-content-between\">\n\t\t\t\t\t\t\t<div class=\"fs-20 fs-lg-26 fw-semibold lh-xs\"><\/div>\n\t\t\t\t\t\t\t\t\t\t\t\t\t<\/div>\n\t\t\t\t\t<\/div>\n\t\t\t\t<\/div>\n\t\t\t\t<div class=\"col-lg-4\">\n\t\t\t\t\t<div class=\"tcta2ia__top__right t-0 r-0 bg-primary text-white pt-4 pb-4 px-2 pt-lg-8 pb-lg-16 px-lg-11 pb-xl-30\">\n\t\t\t\t\t\t\t\t\t\t\t\t\t\t\t\t\t\t<h2 class=\"unna fs-36 fs-lg-51 fs-xl-75 fs-italic fw-normal text-secondary\">Un s\u00e9minaire en montagne : visitez le top 8 de nos adresses Accor<\/h2>\n\t\t\t\t\t\t\t\t\t\t\t\t\t\t\t\t\t\t<h3 class=\"text-white fs-18 fs-lg-20 fs-xl-28 text-original-case\">Pyr\u00e9n\u00e9es, Alpes bavaroises, Monts des G\u00e9ants polonais, volcans d\u2019Auvergne\u2026 L\u2019Europe ne manque pas de reliefs ! <\/h3>\n\t\t\t\t\t\t\t\t\t\t\t\t\t\t\t\t\t\t<div class=\"fs-wysiwyg mb-4 fs-lg-16 fs-xl-20\"><p><i><span style=\"font-weight: 400;\">Donnez \u00e0 vos conventions et events du souffle et des paysages enveloppants gr\u00e2ce \u00e0 ces 8 destinations de montagne.<\/span><\/i><\/p>\n<\/div>\n\t\t\t\t\t\t\t\t\t\t\t\t\t\t\t\t\t\t\t\t\t\t\t\t<p class=\"m-0\"><img decoding=\"async\" src=\"https:\/\/www.myallmeeting.com\/wp-content\/uploads\/2023\/02\/4639-27-633x398.jpg\" class=\"position-relative l-0\" width=\"633\" height=\"398\" alt=\"\" loading=\"lazy\" \/><\/p>\n\t\t\t\t\t\t\t\t\t\t\t<\/div>\n\t\t\t\t<\/div>\n\t\t\t<\/div>\n\t\t<\/div>\n\t<\/div>\n\t<div class=\"tcta2ia__bottom d-lg-none pb-12 py-lg-9 pe-lg-10\">\n\t\t\t\t<div class=\"h2 fs-20 fs-lg-32 fw-semibold\">Tarcin Forest Resort and Spa Sarajevo \u2013 MGallery<\/div>\n\t\t\t\t\t\t<div class=\"fs-wysiwyg\"><p><i><span style=\"font-weight: 400;\">Les montagnes olympiques de Sarajevo \u00e0 proximit\u00e9<\/span><\/i><\/p>\n<p><span style=\"font-weight: 400;\">Montagnes, lacs et rivi\u00e8res se sont donn\u00e9s rendez-vous pour composer le d\u00e9cor du\u00a0<\/span><a href=\"https:\/\/myallmeeting.com\/fr\/hotel\/b0l6-tarcin-forest-resort-and-spa-sarajevo-mgallery\/\"><b>MGallery Tarcin Forest Resort and Spa<\/b><\/a><span style=\"font-weight: 400;\">\u00a0! Nich\u00e9 dans la\u00a0<\/span><b>vall\u00e9e du Tarcin,<\/b><span style=\"font-weight: 400;\">\u00a0au creux des montagnes qui ont accueilli les Jeux olympiques d\u2019hiver de 1984, cet h\u00f4tel 5 \u00e9toiles est \u00e0 25 km de\u00a0<\/span><b>Sarajevo<\/b><span style=\"font-weight: 400;\">\u00a0(et de son a\u00e9roport international), la capitale de la\u00a0<\/span><b>Bosnie-Herz\u00e9govine<\/b><span style=\"font-weight: 400;\">. Cette ville cosmopolite, \u00e0 l\u2019histoire bouscul\u00e9e, m\u00e9rite une visite\u00a0!<\/span><\/p>\n<p><span style=\"font-weight: 400;\">Avant de profiter de la\u00a0<\/span><b>piscine \u2013 avec vue sur les montagnes\u00a0!<\/b><span style=\"font-weight: 400;\">\u00a0\u2013 ou du\u00a0<\/span><b>centre de fitness<\/b><span style=\"font-weight: 400;\">\u00a0et du\u00a0<\/span><b>spa\u00a0<\/b><span style=\"font-weight: 400;\">de l\u2019h\u00f4tel<\/span><b>, 2 salles de r\u00e9union,\u00a0<\/b><span style=\"font-weight: 400;\">dont l\u2019une d\u2019une capacit\u00e9 de\u00a0<\/span><b>120 personnes<\/b><span style=\"font-weight: 400;\">, accueilleront vos meetings. Elles c\u00f4toient la terrasse, garantie de bouff\u00e9es d\u2019air frais et de vue relaxante, m\u00eame en pleine s\u00e9ance de travail\u00a0!<\/span><\/p>\n<\/div>\n\t\t\t\t<div class=\"d-flex flex-column flex-lg-row align-items-center gap-5 gap-lg-8 justify-content-between\">\n\t\t\t<div class=\"fs-20 fs-lg-26 fw-semibold lh-xs\"><\/div>\n\t\t\t\t\t<\/div>\n\t<\/div>\n<\/div>\n<!-- END OF : Composant : block-periscope-theme-section-composant-25-texte-cta-2-images.php -->\n\n\n<!-- START OF : Composant : block-periscope-theme-section-composant-33-texte-image.php -->\n<div class=\"text-image fs-wysiwyg mb-8 mb-lg-12\" data-component=\"33-texte-image\">\n\t<div class=\"container-fluid\" style=\"--bs-gutter-x: 0\">\n\t\t<div class=\"row\" style=\"--bs-gutter-x: 0\">\n\t\t\t\t\t\t<div class=\"col-lg-6 mb-7 mb-lg-0\">\n\t\t\t\t<img decoding=\"async\" src=\"https:\/\/www.myallmeeting.com\/wp-content\/uploads\/2023\/02\/6870-19-953x600.jpg\" width=\"953\" height=\"600\" alt=\"\" loading=\"lazy\" class=\"w-100\" \/>\n\t\t\t<\/div>\n\t\t\t\t\t\t<div class=\"col-lg-6\">\n\t\t\t\t<div class=\"text-image__content\">\n\t\t\t\t\t\t\t\t\t\t<div class=\"fw-semibold lh-xs fs-20 fs-lg-32 ls--25 mb-5\">Fairmont Le Montreux Palace<\/div>\n\t\t\t\t\t\t\t\t\t\t\t\t\t\t\t<div class=\"fs-wysiwyg\">\n\t\t\t\t\t\t<p><span style=\"font-weight: 400;\">Luxe, calme\u2026 et jazz \u00e0 Montreux !<\/span><\/p>\n<p><span style=\"font-weight: 400;\">Le\u00a0<\/span><b>lac L\u00e9man<\/b><span style=\"font-weight: 400;\">, c\u00f4t\u00e9\u00a0<\/span><b>Suisse<\/b><span style=\"font-weight: 400;\">, s\u2019\u00e9tend aux pieds du\u00a0<\/span><b><a href=\"https:\/\/myallmeeting.com\/fr\/hotel\/a5a4-fairmont-le-montreux-palace\/\">Fairmont Le Montreux Palace<\/a>,<\/b><span style=\"font-weight: 400;\">\u00a0magnifique h\u00f4tel 5 \u00e9toiles dont la fa\u00e7ade\u00a0<\/span><b>Belle \u00c9poque<\/b><span style=\"font-weight: 400;\">\u00a0vous plonge sans transition dans cette atmosph\u00e8re distingu\u00e9e du d\u00e9but du si\u00e8cle (le XX<\/span><span style=\"font-weight: 400;\">e<\/span><span style=\"font-weight: 400;\">\u00a0!).<\/span><\/p>\n<p><span style=\"font-weight: 400;\">Situ\u00e9 \u00e0 une centaine de kilom\u00e8tres de l\u2019a\u00e9roport international de Gen\u00e8ve, ce\u00a0<\/span><b>palace<\/b><span style=\"font-weight: 400;\">\u00a0r\u00e9unit tous les \u00e9l\u00e9ments pour vous offrir une convention d\u2019exception\u00a0:\u00a0<\/span><b>20 salles de r\u00e9union<\/b><span style=\"font-weight: 400;\">, pour une surface totale de\u00a0<\/span><b>3800 m\u00b2<\/b><span style=\"font-weight: 400;\">,\u00a0<\/span><b>2 piscines,<\/b><span style=\"font-weight: 400;\">\u00a0un\u00a0<\/span><b>centre de fitness<\/b><span style=\"font-weight: 400;\">\u00a0avec\u00a0<\/span><b>spa<\/b><span style=\"font-weight: 400;\">, le tout avec vue \u00e9poustouflante sur les montagnes et le lac.<\/span><\/p>\n<p><span style=\"font-weight: 400;\">Entre ski en hiver et plage en \u00e9t\u00e9, l\u2019environnement est riche de sorties nature, mais pas seulement\u00a0! De vieux ch\u00e2teaux aux alentours se visitent et, chaque \u00e9t\u00e9, depuis 1967, la ville accueille un\u00a0<\/span><b>festival de jazz<\/b><span style=\"font-weight: 400;\">\u00a0devenu un incontournable.<\/span><\/p>\n\t\t\t\t\t<\/div>\n\t\t\t\t\t\t\t\t\t<\/div>\n\t\t\t<\/div>        \n\t\t<\/div>\n\t<\/div>\n<\/div>\n<!-- END OF : Composant : block-periscope-theme-section-composant-33-texte-image.php -->\n\n\n<!-- START OF : Composant : block-periscope-theme-section-composant-33-texte-image.php -->\n<!-- INVERSE -->\n<div class=\"text-image fs-wysiwyg mb-8 mb-lg-12\" data-component=\"33-texte-image\" data-reverse=\"oui\">\n\t<div class=\"container-fluid\" style=\"--bs-gutter-x: 0\">\n\t\t<div class=\"row\" style=\"--bs-gutter-x: 0\">\n\t\t\t<div class=\"col-lg-6\">\n\t\t\t\t<div class=\"text-image__content\">\n\t\t\t\t\t\t\t\t\t\t<div class=\"fw-semibold lh-xs fs-20 fs-lg-32 ls--25 mb-5\">Mercure Saint-Nectaire \u2013 Spa &amp; Bien-\u00catre<\/div>\n\t\t\t\t\t\t\t\t\t\t\t\t\t\t\t<div class=\"fs-wysiwyg\">\n\t\t\t\t\t\t<p><span style=\"font-weight: 400;\">Au c\u0153ur des volcans d\u2019Auvergne<\/span><\/p>\n<p><span style=\"font-weight: 400;\">C\u00e9l\u00e8bre pour son\u00a0<\/span><b>fromage<\/b><span style=\"font-weight: 400;\">,\u00a0<\/span><b>Saint-Nectaire<\/b><span style=\"font-weight: 400;\">\u00a0est un charmant petit village\u00a0<\/span><b>d\u2019Auvergne,\u00a0<\/b><span style=\"font-weight: 400;\">au centre de la<\/span><b>\u00a0France,<\/b><span style=\"font-weight: 400;\">\u00a0dont l\u2019\u00e9glise du XII<\/span><span style=\"font-weight: 400;\">e<\/span><span style=\"font-weight: 400;\">\u00a0si\u00e8cle est un joyau de\u00a0<\/span><b>l\u2019art roman<\/b><span style=\"font-weight: 400;\">. Avec sa belle b\u00e2tisse de la fin du XIX<\/span><span style=\"font-weight: 400;\">e<\/span><span style=\"font-weight: 400;\">\u00a0si\u00e8cle et son parc arbor\u00e9, le 4-\u00e9toiles\u00a0<\/span><a href=\"https:\/\/myallmeeting.com\/fr\/hotel\/1814-hotel-mercure-saint-nectaire-spa-bien-etre\/\"><b>Mercure Saint-Nectaire<\/b><\/a><span style=\"font-weight: 400;\">\u00a0s\u2019inscrit dans ce patrimoine pr\u00e9serv\u00e9, dans le d\u00e9cor magnifique du\u00a0<\/span><b>massif du Sancy<\/b><span style=\"font-weight: 400;\">.<\/span><\/p>\n<p><span style=\"font-weight: 400;\">\u00c0 40 km de\u00a0<\/span><b>Clermont-Ferrand<\/b><span style=\"font-weight: 400;\">\u00a0(gare et a\u00e9roport international), l\u2019h\u00f4tel met tout en \u0153uvre pour faire de votre s\u00e9minaire une parenth\u00e8se\u00a0<\/span><b>cocooning<\/b><span style=\"font-weight: 400;\">\u00a0autant que studieuse\u00a0:\u00a0<\/span><b>5 salles de r\u00e9union,<\/b><span style=\"font-weight: 400;\">\u00a0dont l\u2019une peut accueillir jusqu\u2019\u00e0\u00a0<\/span><b>50 personnes<\/b><span style=\"font-weight: 400;\">, sont \u00e0 votre disposition, ainsi que\u00a0<\/span><b>2 piscines<\/b><span style=\"font-weight: 400;\">\u00a0(int\u00e9rieur et ext\u00e9rieur), un spa avec\u00a0<\/span><b>hammam<\/b><span style=\"font-weight: 400;\">\u00a0et\u00a0<\/span><b>jacuzzi<\/b><span style=\"font-weight: 400;\">, un\u00a0<\/span><b>sauna<\/b><span style=\"font-weight: 400;\">\u2026<\/span><\/p>\n<p><span style=\"font-weight: 400;\">Si malgr\u00e9 cela, il vous prenait l\u2019envie de sortir\u00a0: la\u00a0<\/span><b>cha\u00eene des Puys<\/b><span style=\"font-weight: 400;\">\u00a0des volcans d\u2019Auvergne vous attend\u00a0!<\/span><\/p>\n\t\t\t\t\t<\/div>\n\t\t\t\t\t\t\t\t\t<\/div>\n\t\t\t<\/div>    \n\t\t\t    \n\t\t\t<div class=\"col-lg-6 order-first order-lg-last mb-7 mb-lg-0\">\n\t\t\t\t<img decoding=\"async\" src=\"https:\/\/www.myallmeeting.com\/wp-content\/uploads\/2023\/02\/3446-30-953x600.jpg\" width=\"953\" height=\"600\" alt=\"\" loading=\"lazy\" class=\"w-100\" \/>\n\t\t\t<\/div>\n\t\t\t\t\t<\/div>\n\t<\/div>\n<\/div>\n<!-- END OF : Composant : block-periscope-theme-section-composant-33-texte-image.php -->\n\n\n<!-- START OF : Composant : block-periscope-theme-section-composant-33-texte-image.php -->\n<div class=\"text-image fs-wysiwyg mb-8 mb-lg-12\" data-component=\"33-texte-image\">\n\t<div class=\"container-fluid\" style=\"--bs-gutter-x: 0\">\n\t\t<div class=\"row\" style=\"--bs-gutter-x: 0\">\n\t\t\t\t\t\t<div class=\"col-lg-6 mb-7 mb-lg-0\">\n\t\t\t\t<img decoding=\"async\" src=\"https:\/\/www.myallmeeting.com\/wp-content\/uploads\/2023\/02\/6488-50-953x600.jpg\" width=\"953\" height=\"600\" alt=\"\" loading=\"lazy\" class=\"w-100\" \/>\n\t\t\t<\/div>\n\t\t\t\t\t\t<div class=\"col-lg-6\">\n\t\t\t\t<div class=\"text-image__content\">\n\t\t\t\t\t\t\t\t\t\t<div class=\"fw-semibold lh-xs fs-20 fs-lg-32 ls--25 mb-5\">Le Saint Gervais Hotel &amp; Spa &#8211; Handwritten Collection<\/div>\n\t\t\t\t\t\t\t\t\t\t\t\t\t\t\t<div class=\"fs-wysiwyg\">\n\t\t\t\t\t\t<p><span style=\"font-weight: 400;\">Profitez d\u2019une bouff\u00e9e d\u2019air pur au pied du Mont-Blanc<\/span><\/p>\n<p><span style=\"font-weight: 400;\">Quoi de mieux que l\u2019air savoyard pour se ressourcer. Au menu, un <\/span><b>cadre typique, convivial, chaleureux, entre montagne et thermalisme, et situ\u00e9 dans l\u2019un des plus beaux villages de Haute-Savoie<\/b><span style=\"font-weight: 400;\">.\u00a0<\/span><\/p>\n<p><span style=\"font-weight: 400;\">Vous adorez la montagne ? Vous trouverez votre bonheur avec les nombreuses randonn\u00e9es aux alentours. Vous \u00eates amateur de bonne ch\u00e8re ? Le<\/span><b> bar Le Marie Paradis<\/b><span style=\"font-weight: 400;\"> et le <\/span><b>Restaurant Avanti<\/b><span style=\"font-weight: 400;\"> sont l\u00e0 pour r\u00e9galer vos papilles. Vous souhaitez booster votre bien-\u00eatre ? Les activit\u00e9s spa gonfleront votre moral et votre sant\u00e9.<\/span><\/p>\n<p><span style=\"font-weight: 400;\"><a href=\"https:\/\/myallmeeting.com\/fr\/hotel\/b9f3-le-saint-gervais-hotel-spa\/\">L\u2019\u00e9tablissement<\/a> propose <\/span><b>75 chambres et suites avec balcon et vue sur la montagne<\/b><span style=\"font-weight: 400;\">. Pour vos \u00e9v\u00e9nements professionnels, <\/span><b>des salles de r\u00e9union sont pr\u00e9vues<\/b><span style=\"font-weight: 400;\">. Un environnement id\u00e9al pour une r\u00e9union productive.\u00a0<\/span><\/p>\n<p><i><span style=\"font-weight: 400;\">Last but not least<\/span><\/i><span style=\"font-weight: 400;\"> ? <\/span><b>Pour toute chambre r\u00e9serv\u00e9e, vous disposez d\u2019un aller-retour au Tramway du Mont-Blanc<\/b><span style=\"font-weight: 400;\">.\u00a0<\/span><\/p>\n\t\t\t\t\t<\/div>\n\t\t\t\t\t\t\t\t\t<\/div>\n\t\t\t<\/div>        \n\t\t<\/div>\n\t<\/div>\n<\/div>\n<!-- END OF : Composant : block-periscope-theme-section-composant-33-texte-image.php -->\n\n\n<!-- START OF : Composant : block-periscope-theme-section-composant-33-texte-image.php -->\n<!-- INVERSE -->\n<div class=\"text-image fs-wysiwyg mb-8 mb-lg-12\" data-component=\"33-texte-image\" data-reverse=\"oui\">\n\t<div class=\"container-fluid\" style=\"--bs-gutter-x: 0\">\n\t\t<div class=\"row\" style=\"--bs-gutter-x: 0\">\n\t\t\t<div class=\"col-lg-6\">\n\t\t\t\t<div class=\"text-image__content\">\n\t\t\t\t\t\t\t\t\t\t<div class=\"fw-semibold lh-xs fs-20 fs-lg-32 ls--25 mb-5\">Novotel Meg\u00e8ve Mont-Blanc<\/div>\n\t\t\t\t\t\t\t\t\t\t\t\t\t\t\t<div class=\"fs-wysiwyg\">\n\t\t\t\t\t\t<p><span style=\"font-weight: 400;\">Au centre de toutes les activit\u00e9s montagnardes<\/span><\/p>\n<p><span style=\"font-weight: 400;\">L\u2019h\u00f4tel 4 \u00e9toiles <a href=\"https:\/\/myallmeeting.com\/fr\/hotel\/b5i0-novotel-megeve-mont-blanc\/\">Novotel Meg\u00e8ve Mont-Blanc<\/a> vous attend dans un \u00e9crin au-then-tique : un <\/span><b>chalet moderne au coeur des montagnes, dans l\u2019une des plus prestigieuses stations de Haute-Savoie<\/b><span style=\"font-weight: 400;\">.\u00a0<\/span><\/p>\n<p><span style=\"font-weight: 400;\">S\u00e9jour familial ou professionnel, grande chambre ou suite pour quatre personnes, vous trouverez votre bonheur.<\/span><b> L\u2019\u00e9tablissement est au centre de plusieurs activit\u00e9s. <\/b><span style=\"font-weight: 400;\">Il se situe dans le Domaine de Metziva &#8211; pr\u00e8s du Palais Meg\u00e8ve et des boutiques, bars et restaurants -: soit une salle multisports accueillant piscine olympique, bassin enfants, spa et espace de baln\u00e9oth\u00e9rapie. Vous pr\u00e9f\u00e9rez le ski ? Pas de probl\u00e8me, l\u2019acc\u00e8s aux pistes de ski est rapide : 7 min en voiture, 15 min \u00e0 pied. Une ski-room s\u00e9curis\u00e9e est bien entendu disponible \u00e0 l\u2019h\u00f4tel et vous b\u00e9n\u00e9ficiez de r\u00e9ductions sur vos mat\u00e9riels de ski gr\u00e2ce \u00e0 notre partenaire.\u00a0<\/span><\/p>\n<p><b>Ce cadre enchanteur est \u00e9galement propice au travail<\/b><span style=\"font-weight: 400;\">. Des salons sont disponibles en vue de l\u2019organisation d\u2019\u00e9v\u00e9nements professionnels, <\/span><b>favorisant le bien-\u00eatre et la productivit\u00e9 de vos collaborateurs<\/b><span style=\"font-weight: 400;\">.<\/span><\/p>\n\t\t\t\t\t<\/div>\n\t\t\t\t\t\t\t\t\t<\/div>\n\t\t\t<\/div>    \n\t\t\t    \n\t\t\t<div class=\"col-lg-6 order-first order-lg-last mb-7 mb-lg-0\">\n\t\t\t\t<img decoding=\"async\" src=\"https:\/\/www.myallmeeting.com\/wp-content\/uploads\/2023\/02\/5662-46-953x600.jpg\" width=\"953\" height=\"600\" alt=\"\" loading=\"lazy\" class=\"w-100\" \/>\n\t\t\t<\/div>\n\t\t\t\t\t<\/div>\n\t<\/div>\n<\/div>\n<!-- END OF : Composant : block-periscope-theme-section-composant-33-texte-image.php -->\n\n\n<!-- START OF : Composant : block-periscope-theme-section-composant-33-texte-image.php -->\n<div class=\"text-image fs-wysiwyg mb-8 mb-lg-12\" data-component=\"33-texte-image\">\n\t<div class=\"container-fluid\" style=\"--bs-gutter-x: 0\">\n\t\t<div class=\"row\" style=\"--bs-gutter-x: 0\">\n\t\t\t\t\t\t<div class=\"col-lg-6 mb-7 mb-lg-0\">\n\t\t\t\t<img decoding=\"async\" src=\"https:\/\/www.myallmeeting.com\/wp-content\/uploads\/2023\/02\/2927-02-953x600.jpg\" width=\"953\" height=\"600\" alt=\"\" loading=\"lazy\" class=\"w-100\" \/>\n\t\t\t<\/div>\n\t\t\t\t\t\t<div class=\"col-lg-6\">\n\t\t\t\t<div class=\"text-image__content\">\n\t\t\t\t\t\t\t\t\t\t<div class=\"fw-semibold lh-xs fs-20 fs-lg-32 ls--25 mb-5\">Mercure Garmisch-Parternkirchen<\/div>\n\t\t\t\t\t\t\t\t\t\t\t\t\t\t\t<div class=\"fs-wysiwyg\">\n\t\t\t\t\t\t<p><span style=\"font-weight: 400;\">Les Alpes bavaroises en panorama<\/span><\/p>\n<p><span style=\"font-weight: 400;\">Au sud-est de\u00a0<\/span><b>l\u2019Allemagne<\/b><span style=\"font-weight: 400;\">, la\u00a0<\/span><b>Bavi\u00e8re<\/b><span style=\"font-weight: 400;\">\u00a0vous attend avec ses paysages de carte postale, entre grands lacs et cimes enneig\u00e9es, et ses mets copieux, dont les fameux kn\u00f6dels\u00a0!<\/span><\/p>\n<p><span style=\"font-weight: 400;\">L\u2019h\u00f4tel 4-\u00e9toiles\u00a0<\/span><a href=\"https:\/\/myallmeeting.com\/fr\/hotel\/2940-mercure-hotel-garmisch-partenkirchen\/\"><b>Mercure Garmisch-Parternkirchen<\/b><\/a><span style=\"font-weight: 400;\">\u00a0se niche au c\u0153ur de cette r\u00e9gion g\u00e9n\u00e9reuse\u00a0: \u00e0 5\u00a0km du\u00a0<\/span><b>lac Eisbee\u00a0<\/b><span style=\"font-weight: 400;\">\u2013 certains disent qu\u2019il est le plus beau de Bavi\u00e8re \u2013 et au pied du\u00a0<\/span><b>Zugspitze,<\/b><span style=\"font-weight: 400;\">\u00a0point culminant d\u2019Allemagne (2 962 m), et de son domaine skiable.<\/span><\/p>\n<p><span style=\"font-weight: 400;\">Accessible par l\u2019a\u00e9roport international d\u2019Innsbruck (Autriche), \u00e0 60 km, il vous propose <\/span><b>9 salles de r\u00e9union\u00a0modulables <\/b><span style=\"font-weight: 400;\">\u00a0en vue de l\u2019organisation d\u2019\u00e9v\u00e9nements.<\/span><\/p>\n<p><span style=\"font-weight: 400;\">Une\u00a0<\/span><b>piscine<\/b><span style=\"font-weight: 400;\"> et un\u00a0<\/span><b>centre de fitness<\/b><span style=\"font-weight: 400;\">\u00a0compl\u00e8tent l\u2019offre de services de cet h\u00f4tel \u00e0 l\u2019ambiance authentique, id\u00e9al pour insuffler un ton chaleureux \u00e0 votre s\u00e9minaire.<\/span><\/p>\n\t\t\t\t\t<\/div>\n\t\t\t\t\t\t\t\t\t<\/div>\n\t\t\t<\/div>        \n\t\t<\/div>\n\t<\/div>\n<\/div>\n<!-- END OF : Composant : block-periscope-theme-section-composant-33-texte-image.php -->\n\n\n<!-- START OF : Composant : block-periscope-theme-section-composant-33-texte-image.php -->\n<!-- INVERSE -->\n<div class=\"text-image fs-wysiwyg mb-8 mb-lg-12\" data-component=\"33-texte-image\" data-reverse=\"oui\">\n\t<div class=\"container-fluid\" style=\"--bs-gutter-x: 0\">\n\t\t<div class=\"row\" style=\"--bs-gutter-x: 0\">\n\t\t\t<div class=\"col-lg-6\">\n\t\t\t\t<div class=\"text-image__content\">\n\t\t\t\t\t\t\t\t\t\t<div class=\"fw-semibold lh-xs fs-20 fs-lg-32 ls--25 mb-5\">Mercure Krynica Zdroj Resort &amp; Spa<\/div>\n\t\t\t\t\t\t\t\t\t\t\t\t\t\t\t<div class=\"fs-wysiwyg\">\n\t\t\t\t\t\t<p><span style=\"font-weight: 400;\">La plus grande station thermale de Pologne<\/span><\/p>\n<p><span style=\"font-weight: 400;\">\u00c0 deux pas de la fronti\u00e8re slovaque, au sud de la\u00a0<\/span><b>Pologne<\/b><span style=\"font-weight: 400;\">, la petite ville de\u00a0<\/span><b>Krynica Zdr\u00f3j<\/b><span style=\"font-weight: 400;\">\u00a0abrite la plus grande station thermale du pays. Une bonne raison d\u2019organiser un s\u00e9minaire au\u00a0<\/span><a href=\"https:\/\/myallmeeting.com\/fr\/hotel\/9076-hotel-mercure-krynica-zdroj-resort-spa\/\"><b>Mercure Krynica Zdroj Resort &amp; Spa<\/b><\/a><span style=\"font-weight: 400;\">\u00a0pour offrir \u00e0 vos \u00e9quipes une parenth\u00e8se respirante et relaxante.<\/span><\/p>\n<p><span style=\"font-weight: 400;\">Accessible via l\u2019a\u00e9roport international de Poprad-Tatry, \u00e0 une centaine de kilom\u00e8tres en Slovaquie, ou l\u2019a\u00e9roport de Cracovie (150 km), cet h\u00f4tel 4 \u00e9toiles vous propose\u00a0<\/span><b>5 salles de r\u00e9union<\/b><span style=\"font-weight: 400;\">, la plus grande de\u00a0<\/span><b>300 m\u00b2<\/b><span style=\"font-weight: 400;\">, mais aussi un\u00a0<\/span><b>spa<\/b><span style=\"font-weight: 400;\">\u00a0dernier cri, avec\u00a0<\/span><b>piscine<\/b><span style=\"font-weight: 400;\">\u00a0et\u00a0<\/span><b>saunas<\/b><span style=\"font-weight: 400;\">.<\/span><\/p>\n<p><span style=\"font-weight: 400;\">Dehors, de belles randonn\u00e9es \u2013 en fonction de la saison, \u00e0 ski ou \u00e0 pied \u2013 et un joli parc vous attendent pour agr\u00e9menter un <\/span><i><span style=\"font-weight: 400;\">event<\/span><\/i><span style=\"font-weight: 400;\"> o\u00f9 le bien-\u00eatre sera au c\u0153ur de votre programme\u00a0!<\/span><\/p>\n\t\t\t\t\t<\/div>\n\t\t\t\t\t\t\t\t\t<\/div>\n\t\t\t<\/div>    \n\t\t\t    \n\t\t\t<div class=\"col-lg-6 order-first order-lg-last mb-7 mb-lg-0\">\n\t\t\t\t<img decoding=\"async\" src=\"https:\/\/www.myallmeeting.com\/wp-content\/uploads\/2023\/02\/5493-09-953x600.jpg\" width=\"953\" height=\"600\" alt=\"\" loading=\"lazy\" class=\"w-100\" \/>\n\t\t\t<\/div>\n\t\t\t\t\t<\/div>\n\t<\/div>\n<\/div>\n<!-- END OF : Composant : block-periscope-theme-section-composant-33-texte-image.php -->\n\n\n<!-- START OF : Composant : block-periscope-theme-section-composant-33-texte-image.php -->\n<div class=\"text-image fs-wysiwyg mb-8 mb-lg-12\" data-component=\"33-texte-image\">\n\t<div class=\"container-fluid\" style=\"--bs-gutter-x: 0\">\n\t\t<div class=\"row\" style=\"--bs-gutter-x: 0\">\n\t\t\t\t\t\t<div class=\"col-lg-6 mb-7 mb-lg-0\">\n\t\t\t\t<img decoding=\"async\" src=\"https:\/\/www.myallmeeting.com\/wp-content\/uploads\/2023\/02\/1886-25-953x600.jpg\" width=\"953\" height=\"600\" alt=\"\" loading=\"lazy\" class=\"w-100\" \/>\n\t\t\t<\/div>\n\t\t\t\t\t\t<div class=\"col-lg-6\">\n\t\t\t\t<div class=\"text-image__content\">\n\t\t\t\t\t\t\t\t\t\t<div class=\"fw-semibold lh-xs fs-20 fs-lg-32 ls--25 mb-5\">Novotel Andorra<\/div>\n\t\t\t\t\t\t\t\t\t\t\t\t\t\t\t<div class=\"fs-wysiwyg\">\n\t\t\t\t\t\t<p><span style=\"font-weight: 400;\">Dans les Pyr\u00e9n\u00e9es, entre France et Espagne<\/span><\/p>\n<p><span style=\"font-weight: 400;\">Bienvenue \u00e0\u00a0<\/span><b>Andorre-la-Vieille,<\/b><span style=\"font-weight: 400;\">\u00a0capitale \u2013 la plus haute d\u2019Europe, 1 023 m d\u2019altitude\u00a0! \u2013 de la principaut\u00e9 d\u2019Andorre. L\u2019acc\u00e8s par l\u2019a\u00e9roport international de Barcelone et ses connexions en bus reste le plus facile.<\/span><\/p>\n<p><span style=\"font-weight: 400;\">Le\u00a0<\/span><b>4-\u00e9toiles<\/b><span style=\"font-weight: 400;\">\u00a0<\/span><a href=\"https:\/\/myallmeeting.com\/fr\/hotel\/1113-novotel-andorra\/\"><b>Novotel Andorra<\/b><\/a><span style=\"font-weight: 400;\">\u00a0est au centre de cette ville charmante,\u00a0<\/span><b>temple du shopping,<\/b><span style=\"font-weight: 400;\">\u00a0qui abrite aussi un joli patrimoine\u00a0<\/span><b>d\u2019\u00e9glises<\/b><span style=\"font-weight: 400;\">\u00a0<\/span><b>romanes<\/b><span style=\"font-weight: 400;\">\u00a0et de\u00a0<\/span><b>ponts m\u00e9di\u00e9vaux<\/b><span style=\"font-weight: 400;\">.<\/span><\/p>\n<p><b>Les\u00a0<\/b><span style=\"font-weight: 400;\">3 salles de r\u00e9union<\/span><b>\u00a0de l\u2019h\u00f4tel accueillent chacune jusqu\u2019\u00e0\u00a0<\/b><span style=\"font-weight: 400;\">30 personnes<\/span><b>, qui aiment se d\u00e9tendre en fin de journ\u00e9e \u00e0 la\u00a0piscine <\/b><span style=\"font-weight: 400;\">et au centre de fitness\/spa du Mercure voisin<\/span><b>.<\/b><\/p>\n<p><span style=\"font-weight: 400;\">Les plus sportifs appr\u00e9cieront la proximit\u00e9 du domaine skiable de Vallnord\u00a0(6 km) et de\u00a0<\/span><b>Grandvalira,<\/b><span style=\"font-weight: 400;\">\u00a0la plus grande station des Pyr\u00e9n\u00e9es, \u00e0 seulement 12 km\u00a0; les autres se laisseront s\u00e9duire par la beaut\u00e9 de l\u2019environnement.<\/span><\/p>\n\t\t\t\t\t<\/div>\n\t\t\t\t\t\t\t\t\t<\/div>\n\t\t\t<\/div>        \n\t\t<\/div>\n\t<\/div>\n<\/div>\n<!-- END OF : Composant : block-periscope-theme-section-composant-33-texte-image.php -->\n","protected":false},"excerpt":{"rendered":"<p>D\u00e9couvrez nos meilleures adresses au c\u0153ur de la montagne pour vos s\u00e9minaires.<\/p>\n","protected":false},"featured_media":16010670,"menu_order":0,"template":"","periscope_categorie_tax":[1648],"class_list":["post-15226645","article","type-article","status-publish","has-post-thumbnail","hentry","periscope_categorie_tax-tous-nos-tops-selections"],"acf":[],"yoast_head":"<title>Un s\u00e9minaire en montagne : visitez le top 8 de nos adresses Accor - Accor MyAllMeeting.com<\/title>\n<meta name=\"robots\" content=\"index, follow, max-snippet:-1, max-image-preview:large, max-video-preview:-1\" \/>\n<link rel=\"canonical\" href=\"https:\/\/www.myallmeeting.com\/fr\/wp-json\/wp\/v2\/article\/15226645\" \/>\n<meta property=\"og:locale\" content=\"fr_FR\" \/>\n<meta property=\"og:type\" content=\"article\" \/>\n<meta property=\"og:title\" content=\"Un s\u00e9minaire en montagne : visitez le top 8 de nos adresses Accor - Accor MyAllMeeting.com\" \/>\n<meta property=\"og:description\" content=\"D\u00e9couvrez nos meilleures adresses au c\u0153ur de la montagne pour vos s\u00e9minaires.\" \/>\n<meta property=\"og:url\" content=\"https:\/\/www.myallmeeting.com\/fr\/article\/un-seminaire-en-montagne-visitez-le-top-8-de-nos-adresses-accor\/\" \/>\n<meta property=\"og:site_name\" content=\"Accor MyAllMeeting.com\" \/>\n<meta property=\"article:modified_time\" content=\"2024-07-09T17:37:53+00:00\" \/>\n<meta property=\"og:image\" content=\"https:\/\/www.myallmeeting.com\/wp-content\/uploads\/2023\/02\/Montagne-1024x304.png\" \/>\n\t<meta property=\"og:image:width\" content=\"1024\" \/>\n\t<meta property=\"og:image:height\" content=\"304\" \/>\n\t<meta property=\"og:image:type\" content=\"image\/png\" \/>\n<meta name=\"twitter:card\" content=\"summary_large_image\" \/>\n<meta name=\"twitter:label1\" content=\"Dur\u00e9e de lecture estim\u00e9e\" \/>\n\t<meta name=\"twitter:data1\" content=\"9 minutes\" \/>\n<script type=\"application\/ld+json\" class=\"yoast-schema-graph\">{\"@context\":\"https:\/\/schema.org\",\"@graph\":[{\"@type\":\"WebPage\",\"@id\":\"https:\/\/www.myallmeeting.com\/fr\/article\/un-seminaire-en-montagne-visitez-le-top-8-de-nos-adresses-accor\/\",\"url\":\"https:\/\/www.myallmeeting.com\/fr\/article\/un-seminaire-en-montagne-visitez-le-top-8-de-nos-adresses-accor\/\",\"name\":\"Un s\u00e9minaire en montagne : visitez le top 8 de nos adresses Accor - Accor MyAllMeeting.com\",\"isPartOf\":{\"@id\":\"https:\/\/www.myallmeeting.com\/fr\/#website\"},\"primaryImageOfPage\":{\"@id\":\"https:\/\/www.myallmeeting.com\/fr\/article\/un-seminaire-en-montagne-visitez-le-top-8-de-nos-adresses-accor\/#primaryimage\"},\"image\":{\"@id\":\"https:\/\/www.myallmeeting.com\/fr\/article\/un-seminaire-en-montagne-visitez-le-top-8-de-nos-adresses-accor\/#primaryimage\"},\"thumbnailUrl\":\"https:\/\/www.myallmeeting.com\/wp-content\/uploads\/2023\/02\/Montagne.png\",\"datePublished\":\"2023-02-08T15:31:52+00:00\",\"dateModified\":\"2024-07-09T17:37:53+00:00\",\"breadcrumb\":{\"@id\":\"https:\/\/www.myallmeeting.com\/fr\/article\/un-seminaire-en-montagne-visitez-le-top-8-de-nos-adresses-accor\/#breadcrumb\"},\"inLanguage\":\"fr-FR\",\"potentialAction\":[{\"@type\":\"ReadAction\",\"target\":[\"https:\/\/www.myallmeeting.com\/fr\/article\/un-seminaire-en-montagne-visitez-le-top-8-de-nos-adresses-accor\/\"]}]},{\"@type\":\"ImageObject\",\"inLanguage\":\"fr-FR\",\"@id\":\"https:\/\/www.myallmeeting.com\/fr\/article\/un-seminaire-en-montagne-visitez-le-top-8-de-nos-adresses-accor\/#primaryimage\",\"url\":\"https:\/\/www.myallmeeting.com\/wp-content\/uploads\/2023\/02\/Montagne.png\",\"contentUrl\":\"https:\/\/www.myallmeeting.com\/wp-content\/uploads\/2023\/02\/Montagne.png\",\"width\":1920,\"height\":570},{\"@type\":\"BreadcrumbList\",\"@id\":\"https:\/\/www.myallmeeting.com\/fr\/article\/un-seminaire-en-montagne-visitez-le-top-8-de-nos-adresses-accor\/#breadcrumb\",\"itemListElement\":[{\"@type\":\"ListItem\",\"position\":1,\"name\":\"Accueil\",\"item\":\"https:\/\/myallmeeting.com\/fr\/\"},{\"@type\":\"ListItem\",\"position\":2,\"name\":\"Actualit\u00e9s\",\"item\":\"https:\/\/www.myallmeeting.com\/fr\/actualite\/\"},{\"@type\":\"ListItem\",\"position\":3,\"name\":\"Un s\u00e9minaire en montagne : visitez le top 8 de nos adresses Accor\"}]},{\"@type\":\"WebSite\",\"@id\":\"https:\/\/www.myallmeeting.com\/fr\/#website\",\"url\":\"https:\/\/www.myallmeeting.com\/fr\/\",\"name\":\"Accor MyAllMeeting.com\",\"description\":\"Les Meilleurs lieux pour vos Ev\u00e9nements Professionnels\",\"publisher\":{\"@id\":\"https:\/\/www.myallmeeting.com\/fr\/#organization\"},\"potentialAction\":[{\"@type\":\"SearchAction\",\"target\":{\"@type\":\"EntryPoint\",\"urlTemplate\":\"https:\/\/www.myallmeeting.com\/fr\/?s={search_term_string}\"},\"query-input\":{\"@type\":\"PropertyValueSpecification\",\"valueRequired\":true,\"valueName\":\"search_term_string\"}}],\"inLanguage\":\"fr-FR\"},{\"@type\":\"Organization\",\"@id\":\"https:\/\/www.myallmeeting.com\/fr\/#organization\",\"name\":\"ACCOR\",\"url\":\"https:\/\/www.myallmeeting.com\/fr\/\",\"logo\":{\"@type\":\"ImageObject\",\"inLanguage\":\"fr-FR\",\"@id\":\"https:\/\/www.myallmeeting.com\/fr\/#\/schema\/logo\/image\/\",\"url\":\"\",\"contentUrl\":\"\",\"caption\":\"ACCOR\"},\"image\":{\"@id\":\"https:\/\/www.myallmeeting.com\/fr\/#\/schema\/logo\/image\/\"}}]}<\/script>","yoast_head_json":{"title":"Un s\u00e9minaire en montagne : visitez le top 8 de nos adresses Accor - Accor MyAllMeeting.com","robots":{"index":"index","follow":"follow","max-snippet":"max-snippet:-1","max-image-preview":"max-image-preview:large","max-video-preview":"max-video-preview:-1"},"canonical":"https:\/\/www.myallmeeting.com\/fr\/wp-json\/wp\/v2\/article\/15226645","og_locale":"fr_FR","og_type":"article","og_title":"Un s\u00e9minaire en montagne : visitez le top 8 de nos adresses Accor - Accor MyAllMeeting.com","og_description":"D\u00e9couvrez nos meilleures adresses au c\u0153ur de la montagne pour vos s\u00e9minaires.","og_url":"https:\/\/www.myallmeeting.com\/fr\/article\/un-seminaire-en-montagne-visitez-le-top-8-de-nos-adresses-accor\/","og_site_name":"Accor MyAllMeeting.com","article_modified_time":"2024-07-09T17:37:53+00:00","og_image":[{"width":1024,"height":304,"url":"https:\/\/www.myallmeeting.com\/wp-content\/uploads\/2023\/02\/Montagne-1024x304.png","type":"image\/png"}],"twitter_card":"summary_large_image","twitter_misc":{"Dur\u00e9e de lecture estim\u00e9e":"9 minutes"},"schema":{"@context":"https:\/\/schema.org","@graph":[{"@type":"WebPage","@id":"https:\/\/www.myallmeeting.com\/fr\/article\/un-seminaire-en-montagne-visitez-le-top-8-de-nos-adresses-accor\/","url":"https:\/\/www.myallmeeting.com\/fr\/article\/un-seminaire-en-montagne-visitez-le-top-8-de-nos-adresses-accor\/","name":"Un s\u00e9minaire en montagne : visitez le top 8 de nos adresses Accor - Accor MyAllMeeting.com","isPartOf":{"@id":"https:\/\/www.myallmeeting.com\/fr\/#website"},"primaryImageOfPage":{"@id":"https:\/\/www.myallmeeting.com\/fr\/article\/un-seminaire-en-montagne-visitez-le-top-8-de-nos-adresses-accor\/#primaryimage"},"image":{"@id":"https:\/\/www.myallmeeting.com\/fr\/article\/un-seminaire-en-montagne-visitez-le-top-8-de-nos-adresses-accor\/#primaryimage"},"thumbnailUrl":"https:\/\/www.myallmeeting.com\/wp-content\/uploads\/2023\/02\/Montagne.png","datePublished":"2023-02-08T15:31:52+00:00","dateModified":"2024-07-09T17:37:53+00:00","breadcrumb":{"@id":"https:\/\/www.myallmeeting.com\/fr\/article\/un-seminaire-en-montagne-visitez-le-top-8-de-nos-adresses-accor\/#breadcrumb"},"inLanguage":"fr-FR","potentialAction":[{"@type":"ReadAction","target":["https:\/\/www.myallmeeting.com\/fr\/article\/un-seminaire-en-montagne-visitez-le-top-8-de-nos-adresses-accor\/"]}]},{"@type":"ImageObject","inLanguage":"fr-FR","@id":"https:\/\/www.myallmeeting.com\/fr\/article\/un-seminaire-en-montagne-visitez-le-top-8-de-nos-adresses-accor\/#primaryimage","url":"https:\/\/www.myallmeeting.com\/wp-content\/uploads\/2023\/02\/Montagne.png","contentUrl":"https:\/\/www.myallmeeting.com\/wp-content\/uploads\/2023\/02\/Montagne.png","width":1920,"height":570},{"@type":"BreadcrumbList","@id":"https:\/\/www.myallmeeting.com\/fr\/article\/un-seminaire-en-montagne-visitez-le-top-8-de-nos-adresses-accor\/#breadcrumb","itemListElement":[{"@type":"ListItem","position":1,"name":"Accueil","item":"https:\/\/myallmeeting.com\/fr\/"},{"@type":"ListItem","position":2,"name":"Actualit\u00e9s","item":"https:\/\/www.myallmeeting.com\/fr\/actualite\/"},{"@type":"ListItem","position":3,"name":"Un s\u00e9minaire en montagne : visitez le top 8 de nos adresses Accor"}]},{"@type":"WebSite","@id":"https:\/\/www.myallmeeting.com\/fr\/#website","url":"https:\/\/www.myallmeeting.com\/fr\/","name":"Accor MyAllMeeting.com","description":"Les Meilleurs lieux pour vos Ev\u00e9nements Professionnels","publisher":{"@id":"https:\/\/www.myallmeeting.com\/fr\/#organization"},"potentialAction":[{"@type":"SearchAction","target":{"@type":"EntryPoint","urlTemplate":"https:\/\/www.myallmeeting.com\/fr\/?s={search_term_string}"},"query-input":{"@type":"PropertyValueSpecification","valueRequired":true,"valueName":"search_term_string"}}],"inLanguage":"fr-FR"},{"@type":"Organization","@id":"https:\/\/www.myallmeeting.com\/fr\/#organization","name":"ACCOR","url":"https:\/\/www.myallmeeting.com\/fr\/","logo":{"@type":"ImageObject","inLanguage":"fr-FR","@id":"https:\/\/www.myallmeeting.com\/fr\/#\/schema\/logo\/image\/","url":"","contentUrl":"","caption":"ACCOR"},"image":{"@id":"https:\/\/www.myallmeeting.com\/fr\/#\/schema\/logo\/image\/"}}]}},"_links":{"self":[{"href":"https:\/\/www.myallmeeting.com\/fr\/wp-json\/wp\/v2\/article\/15226645","targetHints":{"allow":["GET"]}}],"collection":[{"href":"https:\/\/www.myallmeeting.com\/fr\/wp-json\/wp\/v2\/article"}],"about":[{"href":"https:\/\/www.myallmeeting.com\/fr\/wp-json\/wp\/v2\/types\/article"}],"wp:featuredmedia":[{"embeddable":true,"href":"https:\/\/www.myallmeeting.com\/fr\/wp-json\/wp\/v2\/media\/16010670"}],"wp:attachment":[{"href":"https:\/\/www.myallmeeting.com\/fr\/wp-json\/wp\/v2\/media?parent=15226645"}],"wp:term":[{"taxonomy":"periscope_categorie_tax","embeddable":true,"href":"https:\/\/www.myallmeeting.com\/fr\/wp-json\/wp\/v2\/periscope_categorie_tax?post=15226645"}],"curies":[{"name":"wp","href":"https:\/\/api.w.org\/{rel}","templated":true}]}}