{"id":15226643,"date":"2023-07-02T17:59:16","date_gmt":"2023-07-02T15:59:16","guid":{"rendered":"https:\/\/myallmeeting.com\/article\/les-8-hotels-en-europe-ou-organiser-votre-seminaire-en-bord-de-mer\/"},"modified":"2024-07-19T14:00:21","modified_gmt":"2024-07-19T12:00:21","slug":"les-8-hotels-en-europe-ou-organiser-votre-seminaire-en-bord-de-mer","status":"publish","type":"article","link":"https:\/\/www.myallmeeting.com\/fr\/article\/les-8-hotels-en-europe-ou-organiser-votre-seminaire-en-bord-de-mer\/","title":{"rendered":"Les 8 h\u00f4tels en Europe o\u00f9 organiser votre s\u00e9minaire en bord de mer&#8230;"},"content":{"rendered":"<!-- START OF : Composant : block-periscope-theme-section-composant-25-texte-cta-2-images.php -->\n<div class=\"tcta2ia bg-white fs-wysiwyg mb-lg-12\" data-component=\"25-texte-cta-2-images\">\n\t<div class=\"tcta2ia__top\">\n\t\t<div class=\"container-fluid\" style=\"--bs-gutter-x: 0\">\n\t\t\t<div class=\"row\" style=\"--bs-gutter-x: 0\">\n\t\t\t\t<div class=\"col-lg-8\">\n\t\t\t\t\t\t\t\t\t\t<div class=\"bloc-mise-en-avant__top__left\">\n\t\t\t\t\t\t<img decoding=\"async\" src=\"https:\/\/www.myallmeeting.com\/wp-content\/uploads\/2023\/07\/4886-64-1-1268x846.jpg\" class=\"pe-2 pe-lg-0\" width=\"1268\" height=\"846\" alt=\"\" loading=\"lazy\" \/>\n\t\t\t\t\t<\/div>\n\t\t\t\t\t\t\t\t\t\t<div class=\"tcta2ia__bottom d-none d-lg-block pb-12 pt-lg-9 pb-lg-0 pe-lg-10\">\n\t\t\t\t\t\t\t\t\t\t\t\t<h2 class=\"fs-20 fs-lg-32 fw-semibold\">Sofitel Grand Sopot<\/h2>\n\t\t\t\t\t\t\t\t\t\t\t\t\t\t\t\t\t\t<div class=\"fs-wysiwyg\"><h3><strong>La Belle-\u00c9poque en mer Baltique<\/strong><\/h3>\n<p>Les\u00a0<strong>126 chambres et suites\u00a0<\/strong>de cet h\u00f4tel 5-\u00e9toiles vous attendent au c\u0153ur d\u2019un magnifique b\u00e2timent de l\u2019entre-deux guerres. Luxe discret \u00e9mane du\u00a0<strong><a href=\"https:\/\/myallmeeting.com\/fr\/hotel\/3419-sofitel-grand-sopot\/\" target=\"_blank\" rel=\"noopener\">Sofitel Grand Sopot<\/a>,\u00a0<\/strong>o\u00f9 un centre de\u00a0<strong>fitness\/spa<\/strong>\u00a0attend vos \u00e9quipes. Sa plage priv\u00e9e jouxte la plus grande jet\u00e9e en bois d\u2019Europe\u00a0!<\/p>\n<p>Du sable doux et fin, baign\u00e9e par la\u00a0<strong>mer Baltique<\/strong>, au creux de la\u00a0<strong>baie de Gdansk<\/strong>. Entre deux sorties,\u00a0<strong>5 salles de r\u00e9union<\/strong>\u00a0accueilleront vos conventions, dont la\u00a0<strong>Ball Room,<\/strong>\u00a0magnifique salle de conf\u00e9rence au d\u00e9cor soign\u00e9, de 250 m2.<\/p>\n<\/div>\n\t\t\t\t\t\t\t\t\t\t\t\t<div class=\"d-flex flex-column flex-lg-row align-items-center gap-5 gap-lg-8 justify-content-between\">\n\t\t\t\t\t\t\t<div class=\"fs-20 fs-lg-26 fw-semibold lh-xs\"><\/div>\n\t\t\t\t\t\t\t\t\t\t\t\t\t<\/div>\n\t\t\t\t\t<\/div>\n\t\t\t\t<\/div>\n\t\t\t\t<div class=\"col-lg-4\">\n\t\t\t\t\t<div class=\"tcta2ia__top__right t-0 r-0 bg-primary text-white pt-4 pb-4 px-2 pt-lg-8 pb-lg-16 px-lg-11 pb-xl-30\">\n\t\t\t\t\t\t\t\t\t\t\t\t\t\t\t\t\t\t<h2 class=\"unna fs-36 fs-lg-51 fs-xl-75 fs-italic fw-normal text-secondary\">Les 8 h\u00f4tels en Europe o\u00f9 organiser votre s\u00e9minaire en bord de mer\u2026<\/h2>\n\t\t\t\t\t\t\t\t\t\t\t\t\t\t\t\t\t\t\t\t\t\t\t\t<div class=\"fs-wysiwyg mb-4 fs-lg-16 fs-xl-20\"><p>Vous \u00eates plut\u00f4t clapotis de la Baltique, fracas de l\u2019Atlantique ou bleu infini de la M\u00e9diterran\u00e9e\u00a0? Si vous h\u00e9sitez encore, Accor et ses nombreuses implantations vous permettent d\u2019explorer la vaste \u00e9tendue des littoraux europ\u00e9ens pour organiser vos incentives\u00a0! D\u00e9monstration dans 8 h\u00f4tels situ\u00e9s dans 8 spots de r\u00eave\u00a0!<\/p>\n<\/div>\n\t\t\t\t\t\t\t\t\t\t\t\t\t\t\t\t\t\t\t\t\t\t\t\t<p class=\"m-0\"><img decoding=\"async\" src=\"https:\/\/www.myallmeeting.com\/wp-content\/uploads\/2023\/07\/4071-37-633x398.jpg\" class=\"position-relative l-0\" width=\"633\" height=\"398\" alt=\"\" loading=\"lazy\" \/><\/p>\n\t\t\t\t\t\t\t\t\t\t\t<\/div>\n\t\t\t\t<\/div>\n\t\t\t<\/div>\n\t\t<\/div>\n\t<\/div>\n\t<div class=\"tcta2ia__bottom d-lg-none pb-12 py-lg-9 pe-lg-10\">\n\t\t\t\t<div class=\"h2 fs-20 fs-lg-32 fw-semibold\">Sofitel Grand Sopot<\/div>\n\t\t\t\t\t\t<div class=\"fs-wysiwyg\"><h3><strong>La Belle-\u00c9poque en mer Baltique<\/strong><\/h3>\n<p>Les\u00a0<strong>126 chambres et suites\u00a0<\/strong>de cet h\u00f4tel 5-\u00e9toiles vous attendent au c\u0153ur d\u2019un magnifique b\u00e2timent de l\u2019entre-deux guerres. Luxe discret \u00e9mane du\u00a0<strong><a href=\"https:\/\/myallmeeting.com\/fr\/hotel\/3419-sofitel-grand-sopot\/\" target=\"_blank\" rel=\"noopener\">Sofitel Grand Sopot<\/a>,\u00a0<\/strong>o\u00f9 un centre de\u00a0<strong>fitness\/spa<\/strong>\u00a0attend vos \u00e9quipes. Sa plage priv\u00e9e jouxte la plus grande jet\u00e9e en bois d\u2019Europe\u00a0!<\/p>\n<p>Du sable doux et fin, baign\u00e9e par la\u00a0<strong>mer Baltique<\/strong>, au creux de la\u00a0<strong>baie de Gdansk<\/strong>. Entre deux sorties,\u00a0<strong>5 salles de r\u00e9union<\/strong>\u00a0accueilleront vos conventions, dont la\u00a0<strong>Ball Room,<\/strong>\u00a0magnifique salle de conf\u00e9rence au d\u00e9cor soign\u00e9, de 250 m2.<\/p>\n<\/div>\n\t\t\t\t<div class=\"d-flex flex-column flex-lg-row align-items-center gap-5 gap-lg-8 justify-content-between\">\n\t\t\t<div class=\"fs-20 fs-lg-26 fw-semibold lh-xs\"><\/div>\n\t\t\t\t\t<\/div>\n\t<\/div>\n<\/div>\n<!-- END OF : Composant : block-periscope-theme-section-composant-25-texte-cta-2-images.php -->\n\n\n<!-- START OF : Composant : block-periscope-theme-section-composant-33-texte-image.php -->\n<div class=\"text-image fs-wysiwyg mb-8 mb-lg-12\" data-component=\"33-texte-image\">\n\t<div class=\"container-fluid\" style=\"--bs-gutter-x: 0\">\n\t\t<div class=\"row\" style=\"--bs-gutter-x: 0\">\n\t\t\t\t\t\t<div class=\"col-lg-6 mb-7 mb-lg-0\">\n\t\t\t\t<img decoding=\"async\" src=\"https:\/\/www.myallmeeting.com\/wp-content\/uploads\/2023\/07\/2567-03-953x600.jpg\" width=\"953\" height=\"600\" alt=\"\" loading=\"lazy\" class=\"w-100\" \/>\n\t\t\t<\/div>\n\t\t\t\t\t\t<div class=\"col-lg-6\">\n\t\t\t\t<div class=\"text-image__content\">\n\t\t\t\t\t\t\t\t\t\t<div class=\"fw-semibold lh-xs fs-20 fs-lg-32 ls--25 mb-5\">Mercure Brighton Seafront<\/div>\n\t\t\t\t\t\t\t\t\t\t\t\t\t\t\t<div class=\"fs-wysiwyg\">\n\t\t\t\t\t\t<h3><strong>La Manche \u00e0 vos pieds<\/strong><\/h3>\n<p>Les ruelles et les pubs traditionnels de\u00a0<strong>The Lanes,<\/strong>\u00a0vieux quartier de p\u00eacheurs de\u00a0<strong>Brighton<\/strong>, serpentent \u00e0 deux pas du 4-\u00e9toiles\u00a0<a href=\"https:\/\/myallmeeting.com\/fr\/hotel\/8335-mercure-brighton-seafront-hotel\/\" target=\"_blank\" rel=\"noopener\"><strong>Mercure Brighton Seafront<\/strong><\/a>. Une situation privil\u00e9gi\u00e9e, d\u2019autant que cet h\u00f4tel de\u00a0<strong>116 chambres,<\/strong>\u00a0\u00e0 la d\u00e9coration inspir\u00e9e de l\u2019\u00e9poque victorienne, vous accueille sur le\u00a0<strong>front de mer.<\/strong><\/p>\n<p>\u00c0 ses pieds, la jolie promenade qui borde\u00a0<strong>la Manche<\/strong>\u00a0est ponctu\u00e9e de jet\u00e9es ouvrag\u00e9es, en bois.\u00a0<strong>8 salles de r\u00e9unions,\u00a0<\/strong>accueillant jusqu\u2019\u00e0 150 personnes, faciliteront la r\u00e9flexion en\u00a0<strong>sous-commissions.<\/strong><\/p>\n\t\t\t\t\t<\/div>\n\t\t\t\t\t\t\t\t\t<\/div>\n\t\t\t<\/div>        \n\t\t<\/div>\n\t<\/div>\n<\/div>\n<!-- END OF : Composant : block-periscope-theme-section-composant-33-texte-image.php -->\n\n\n<!-- START OF : Composant : block-periscope-theme-section-composant-33-texte-image.php -->\n<!-- INVERSE -->\n<div class=\"text-image fs-wysiwyg mb-8 mb-lg-12\" data-component=\"33-texte-image\" data-reverse=\"oui\">\n\t<div class=\"container-fluid\" style=\"--bs-gutter-x: 0\">\n\t\t<div class=\"row\" style=\"--bs-gutter-x: 0\">\n\t\t\t<div class=\"col-lg-6\">\n\t\t\t\t<div class=\"text-image__content\">\n\t\t\t\t\t\t\t\t\t\t<div class=\"fw-semibold lh-xs fs-20 fs-lg-32 ls--25 mb-5\">Mercure Benidorm<\/div>\n\t\t\t\t\t\t\t\t\t\t\t\t\t\t\t<div class=\"fs-wysiwyg\">\n\t\t\t\t\t\t<h3><strong>Gastronomie sur la Costa Blanca<\/strong><\/h3>\n<p>\u00c0 vous pa\u00eblla, tapas et autres musts de la gastronomie espagnole\u00a0!\u00a0<strong>Malaspina,<\/strong>\u00a0le restaurant du\u00a0<a href=\"https:\/\/myallmeeting.com\/fr\/hotel\/b6i8-mercure-benidorm-ouverture-juin-2022\/\" target=\"_blank\" rel=\"noopener\"><strong>Mercure Benidorm,<\/strong><\/a>\u00a0les sublime\u00a0: une promesse de moments conviviaux, facteurs de coh\u00e9sion pour vos \u00e9quipes.<\/p>\n<p>De l\u2019h\u00f4tel (186 chambres), les plages de\u00a0<strong>Poniente<\/strong>\u00a0et de\u00a0<strong>Levante<\/strong>\u00a0de\u00a0<strong>Beniborm<\/strong>\u00a0se rejoignent \u00e0 pieds, ainsi que le\u00a0<strong>Balcon de Mediterraneo,<\/strong>\u00a0un joli balcon en mosa\u00efque qui domine la baie de cette station courue de la province\u00a0<strong>d\u2019Alicante<\/strong>.<\/p>\n<p>La salle de r\u00e9union de 50 m2 vous permettra d\u2019imaginer un team building chaleureux.<\/p>\n\t\t\t\t\t<\/div>\n\t\t\t\t\t\t\t\t\t<\/div>\n\t\t\t<\/div>    \n\t\t\t    \n\t\t\t<div class=\"col-lg-6 order-first order-lg-last mb-7 mb-lg-0\">\n\t\t\t\t<img decoding=\"async\" src=\"https:\/\/www.myallmeeting.com\/wp-content\/uploads\/2023\/07\/6306-58-953x600.jpg\" width=\"953\" height=\"600\" alt=\"\" loading=\"lazy\" class=\"w-100\" \/>\n\t\t\t<\/div>\n\t\t\t\t\t<\/div>\n\t<\/div>\n<\/div>\n<!-- END OF : Composant : block-periscope-theme-section-composant-33-texte-image.php -->\n\n\n<!-- START OF : Composant : block-periscope-theme-section-composant-33-texte-image.php -->\n<div class=\"text-image fs-wysiwyg mb-8 mb-lg-12\" data-component=\"33-texte-image\">\n\t<div class=\"container-fluid\" style=\"--bs-gutter-x: 0\">\n\t\t<div class=\"row\" style=\"--bs-gutter-x: 0\">\n\t\t\t\t\t\t<div class=\"col-lg-6 mb-7 mb-lg-0\">\n\t\t\t\t<img decoding=\"async\" src=\"https:\/\/www.myallmeeting.com\/wp-content\/uploads\/2023\/07\/4670-77-953x600.jpg\" width=\"953\" height=\"600\" alt=\"\" loading=\"lazy\" class=\"w-100\" \/>\n\t\t\t<\/div>\n\t\t\t\t\t\t<div class=\"col-lg-6\">\n\t\t\t\t<div class=\"text-image__content\">\n\t\t\t\t\t\t\t\t\t\t<div class=\"fw-semibold lh-xs fs-20 fs-lg-32 ls--25 mb-5\">Ibis Styles Nieuwpoort<\/div>\n\t\t\t\t\t\t\t\t\t\t\t\t\t\t\t<div class=\"fs-wysiwyg\">\n\t\t\t\t\t\t<h3><strong>Mer du Nord, dunes et sable blanc !<\/strong><\/h3>\n<p>De longues plages de sable fin et leurs petites dunes longent le littoral du \u00ab\u00a0plat pays\u00a0\u00bb. Un paysage qui s\u00e9duit, promesse d\u2019un s\u00e9minaire au grand air, que vous pourrez offrir \u00e0 vos collaborateurs dans la ville c\u00f4ti\u00e8re de Nieuwpoort (ou Nieuport).<\/p>\n<p>Rendez-vous \u00e0\u00a0<strong>l\u2019<a href=\"https:\/\/myallmeeting.com\/fr\/hotel\/9716-ibis-styles-nieuwpoort\/\" target=\"_blank\" rel=\"noopener\">ibis Styles Nieuwpoort<\/a>,<\/strong>\u00a0dans une ambiance moderne et design, o\u00f9\u00a0<strong>2 salles de r\u00e9union,<\/strong>\u00a0de 55 et 40 m2, abriteront votre convention.<\/p>\n<p>Ce 3-\u00e9toiles de 97 chambres dispose d\u2019une\u00a0<strong>piscine int\u00e9rieure<\/strong>\u00a0et d\u2019un\u00a0<strong>sauna<\/strong>, de quoi se r\u00e9chauffer apr\u00e8s une grande balade\u00a0!<\/p>\n\t\t\t\t\t<\/div>\n\t\t\t\t\t\t\t\t\t<\/div>\n\t\t\t<\/div>        \n\t\t<\/div>\n\t<\/div>\n<\/div>\n<!-- END OF : Composant : block-periscope-theme-section-composant-33-texte-image.php -->\n\n\n<!-- START OF : Composant : block-periscope-theme-section-composant-33-texte-image.php -->\n<!-- INVERSE -->\n<div class=\"text-image fs-wysiwyg mb-8 mb-lg-12\" data-component=\"33-texte-image\" data-reverse=\"oui\">\n\t<div class=\"container-fluid\" style=\"--bs-gutter-x: 0\">\n\t\t<div class=\"row\" style=\"--bs-gutter-x: 0\">\n\t\t\t<div class=\"col-lg-6\">\n\t\t\t\t<div class=\"text-image__content\">\n\t\t\t\t\t\t\t\t\t\t<div class=\"fw-semibold lh-xs fs-20 fs-lg-32 ls--25 mb-5\">Novotel Thalassa Le Touquet<\/div>\n\t\t\t\t\t\t\t\t\t\t\t\t\t\t\t<div class=\"fs-wysiwyg\">\n\t\t\t\t\t\t<h3><strong>Bien-\u00eatre sur la C\u00f4te d\u2019Opale<\/strong><\/h3>\n<p>D\u2019un c\u00f4t\u00e9, la mer \u00e0 perte de vue\u00a0; de l\u2019autre, la dune\u2026 C\u2019est dire si le\u00a0<a href=\"https:\/\/myallmeeting.com\/fr\/hotel\/0449-novotel-thalassa-le-touquet\/\" target=\"_blank\" rel=\"noopener\"><strong>Novotel Thalassa Le Touquet<\/strong><\/a>\u00a0est bien plac\u00e9\u00a0!<\/p>\n<p>Ce 4-\u00e9toiles de 145 chambres, enti\u00e8rement refait en 2019, n\u2019en oublie pas pour autant d\u2019\u00eatre proche du centre-ville de cette station baln\u00e9aire typique du XIXe si\u00e8cle, peupl\u00e9e de villas anglo-normandes.<\/p>\n<p>Entre la\u00a0<strong>piscine d\u2019eau de mer chauff\u00e9e<\/strong>, le centre de\u00a0<strong>fitness et spa<\/strong>\u00a0et la\u00a0<strong>thalasso<\/strong>\u00a0\u00e0 base de soins \u00e0 l\u2019eau de mer,\u00a0<strong>c\u2019est le bien-\u00eatre que vivront vos \u00e9quipes<\/strong><strong>,<\/strong>\u00a0une fois sortis de l\u2019une des\u00a0<strong>9\u00a0salles de r\u00e9union<\/strong>\u00a0dont dispose l\u2019h\u00f4tel<\/p>\n\t\t\t\t\t<\/div>\n\t\t\t\t\t\t\t\t\t<\/div>\n\t\t\t<\/div>    \n\t\t\t    \n\t\t\t<div class=\"col-lg-6 order-first order-lg-last mb-7 mb-lg-0\">\n\t\t\t\t<img decoding=\"async\" src=\"https:\/\/www.myallmeeting.com\/wp-content\/uploads\/2023\/07\/5155-03-953x600.jpg\" width=\"953\" height=\"600\" alt=\"\" loading=\"lazy\" class=\"w-100\" \/>\n\t\t\t<\/div>\n\t\t\t\t\t<\/div>\n\t<\/div>\n<\/div>\n<!-- END OF : Composant : block-periscope-theme-section-composant-33-texte-image.php -->\n\n\n<!-- START OF : Composant : block-periscope-theme-section-composant-33-texte-image.php -->\n<div class=\"text-image fs-wysiwyg mb-8 mb-lg-12\" data-component=\"33-texte-image\">\n\t<div class=\"container-fluid\" style=\"--bs-gutter-x: 0\">\n\t\t<div class=\"row\" style=\"--bs-gutter-x: 0\">\n\t\t\t\t\t\t<div class=\"col-lg-6 mb-7 mb-lg-0\">\n\t\t\t\t<img decoding=\"async\" src=\"https:\/\/www.myallmeeting.com\/wp-content\/uploads\/2023\/07\/timi-ama-953x600.jpg\" width=\"953\" height=\"600\" alt=\"\" loading=\"lazy\" class=\"w-100\" \/>\n\t\t\t<\/div>\n\t\t\t\t\t\t<div class=\"col-lg-6\">\n\t\t\t\t<div class=\"text-image__content\">\n\t\t\t\t\t\t\t\t\t\t<div class=\"fw-semibold lh-xs fs-20 fs-lg-32 ls--25 mb-5\">Pullman Almar Timi Ama Resort &amp; Spa<\/div>\n\t\t\t\t\t\t\t\t\t\t\t\t\t\t\t<div class=\"fs-wysiwyg\">\n\t\t\t\t\t\t<h3><strong>Parenth\u00e8se enchant\u00e9e en mer Thyrrh\u00e9nienne<\/strong><\/h3>\n<p>Direction le sud-est de la\u00a0<strong>Sardaigne<\/strong>, o\u00f9 luxe, calme et volupt\u00e9 vous attendent au\u00a0<strong><a href=\"https:\/\/myallmeeting.com\/fr\/hotel\/3040-pullman-timi-ama-sardegna\/\" target=\"_blank\" rel=\"noopener\">Pullman Almar Timi<\/a>\u2026<\/strong><\/p>\n<p>Ce 5-\u00e9toiles de 275 chambres est au c\u0153ur de la r\u00e9serve naturelle de\u00a0<strong>Capo Carbonara<\/strong>\u00a0et domine la\u00a0<strong>baie de Porto Giunco,<\/strong>\u00a0promesse d\u2019une vue \u00e9poustouflante\u00a0!<\/p>\n<p>Certes, les\u00a0<strong>4 tr\u00e8s belles salles de conf\u00e9rences,<\/strong>\u00a0la plus grande de 210 m2, faciliteront la r\u00e9flexion de vos \u00e9quipes, mais nul doute que vos collaborateurs se laisseront tent\u00e9s par la piscine, le centre de fitness, l\u2019un des\u00a0<strong>4 restaurants<\/strong>\u00a0de ce magnifique ensemble, ou encore le\u00a0<strong>parcours de golf<\/strong>\u00a0\u00e0 proximit\u00e9.<\/p>\n\t\t\t\t\t<\/div>\n\t\t\t\t\t\t\t\t\t<\/div>\n\t\t\t<\/div>        \n\t\t<\/div>\n\t<\/div>\n<\/div>\n<!-- END OF : Composant : block-periscope-theme-section-composant-33-texte-image.php -->\n\n\n<!-- START OF : Composant : block-periscope-theme-section-composant-33-texte-image.php -->\n<!-- INVERSE -->\n<div class=\"text-image fs-wysiwyg mb-8 mb-lg-12\" data-component=\"33-texte-image\" data-reverse=\"oui\">\n\t<div class=\"container-fluid\" style=\"--bs-gutter-x: 0\">\n\t\t<div class=\"row\" style=\"--bs-gutter-x: 0\">\n\t\t\t<div class=\"col-lg-6\">\n\t\t\t\t<div class=\"text-image__content\">\n\t\t\t\t\t\t\t\t\t\t<div class=\"fw-semibold lh-xs fs-20 fs-lg-32 ls--25 mb-5\">Rixos Premium Dubrovnik<\/div>\n\t\t\t\t\t\t\t\t\t\t\t\t\t\t\t<div class=\"fs-wysiwyg\">\n\t\t\t\t\t\t<h3><strong>Au c\u0153ur de la perle de l\u2019Adriatique<\/strong><\/h3>\n<p>Dubrovnik, class\u00e9e au patrimoine mondial de l\u2019Unesco et surnomm\u00e9e la \u00ab\u00a0perle de l\u2019Adriatique\u00a0\u00bb\u00a0! Des atouts \u00e0 m\u00eame de s\u00e9duire vos collaborateurs pour un s\u00e9minaire r\u00e9sidentiel au\u00a0<a href=\"https:\/\/myallmeeting.com\/fr\/hotel\/b1h9-rixos-premium-dubrovnik\/\" target=\"_blank\" rel=\"noopener\"><strong>Rixos Premium Dubrovnik<\/strong><\/a>.<\/p>\n<p>La plupart des 310 chambres de ce 5-\u00e9toiles plongent vers la mer, bleu profond.<\/p>\n<p>Apr\u00e8s les s\u00e9ances studieuses dans les\u00a0<strong>5 salles de r\u00e9union<\/strong>\u00a0(d\u2019une capacit\u00e9 totale de 900 personnes\u00a0!), cap sur la vieille ville m\u00e9di\u00e9vale, \u00e0 deux pas, o\u00f9 la c\u00e9l\u00e8bre s\u00e9rie\u00a0<em>Game of Thrones<\/em>\u00a0a \u00e9t\u00e9 tourn\u00e9e. Les lieux du tournage se visitent, une bonne id\u00e9e d\u2019incentive\u00a0!<\/p>\n\t\t\t\t\t<\/div>\n\t\t\t\t\t\t\t\t\t<\/div>\n\t\t\t<\/div>    \n\t\t\t    \n\t\t\t<div class=\"col-lg-6 order-first order-lg-last mb-7 mb-lg-0\">\n\t\t\t\t<img decoding=\"async\" src=\"https:\/\/www.myallmeeting.com\/wp-content\/uploads\/2023\/07\/rixos-953x600.jpg\" width=\"953\" height=\"600\" alt=\"\" loading=\"lazy\" class=\"w-100\" \/>\n\t\t\t<\/div>\n\t\t\t\t\t<\/div>\n\t<\/div>\n<\/div>\n<!-- END OF : Composant : block-periscope-theme-section-composant-33-texte-image.php -->\n\n\n<!-- START OF : Composant : block-periscope-theme-section-composant-33-texte-image.php -->\n<div class=\"text-image fs-wysiwyg mb-8 mb-lg-12\" data-component=\"33-texte-image\">\n\t<div class=\"container-fluid\" style=\"--bs-gutter-x: 0\">\n\t\t<div class=\"row\" style=\"--bs-gutter-x: 0\">\n\t\t\t\t\t\t<div class=\"col-lg-6 mb-7 mb-lg-0\">\n\t\t\t\t<img decoding=\"async\" src=\"https:\/\/www.myallmeeting.com\/wp-content\/uploads\/2023\/07\/monte-carlo-953x600.jpg\" width=\"953\" height=\"600\" alt=\"\" loading=\"lazy\" class=\"w-100\" \/>\n\t\t\t<\/div>\n\t\t\t\t\t\t<div class=\"col-lg-6\">\n\t\t\t\t<div class=\"text-image__content\">\n\t\t\t\t\t\t\t\t\t\t<div class=\"fw-semibold lh-xs fs-20 fs-lg-32 ls--25 mb-5\">Fairmont Monte Carlo<\/div>\n\t\t\t\t\t\t\t\t\t\t\t\t\t\t\t<div class=\"fs-wysiwyg\">\n\t\t\t\t\t\t<h3><strong>Un h\u00f4tel &lsquo;royal&rsquo;<\/strong><\/h3>\n<p><span>Le <a href=\"https:\/\/myallmeeting.com\/fr\/hotel\/a598-fairmont-monte-carlo\/\" target=\"_blank\" rel=\"noopener\"><strong>Fairmont Monte Carlo<\/strong><\/a>, \u00e9rig\u00e9 entre la mer M\u00e9diterran\u00e9e et le l\u00e9gendaire Casino de Monte-Carlo, se distingue comme un h\u00f4tel de luxe \u00e0 Monaco, un h\u00f4tel-resort embl\u00e9matique au c\u0153ur de la Principaut\u00e9 mon\u00e9gasque.<\/span><\/p>\n<p>Ce 4-\u00e9toiles de 596 chambres dispose de 17 salles de r\u00e9unions pour accueuillir vos \u00e9v\u00e8nements.<\/p>\n\t\t\t\t\t<\/div>\n\t\t\t\t\t\t\t\t\t<\/div>\n\t\t\t<\/div>        \n\t\t<\/div>\n\t<\/div>\n<\/div>\n<!-- END OF : Composant : block-periscope-theme-section-composant-33-texte-image.php -->\n","protected":false},"excerpt":{"rendered":"<p>D\u00e9couvrez les 8 h\u00f4tels d\u00e9paysants pour un s\u00e9minaire en bord de mer.<\/p>\n","protected":false},"featured_media":16223737,"menu_order":0,"template":"","periscope_categorie_tax":[1648],"class_list":["post-15226643","article","type-article","status-publish","has-post-thumbnail","hentry","periscope_categorie_tax-tous-nos-tops-selections"],"acf":[],"yoast_head":"<title>Les 8 h\u00f4tels en Europe o\u00f9 organiser votre s\u00e9minaire en bord de mer&#8230; - Accor MyAllMeeting.com<\/title>\n<meta name=\"robots\" content=\"index, follow, max-snippet:-1, max-image-preview:large, max-video-preview:-1\" \/>\n<link rel=\"canonical\" href=\"https:\/\/www.myallmeeting.com\/fr\/wp-json\/wp\/v2\/article\/15226643\" \/>\n<meta property=\"og:locale\" content=\"fr_FR\" \/>\n<meta property=\"og:type\" content=\"article\" \/>\n<meta property=\"og:title\" content=\"Les 8 h\u00f4tels en Europe o\u00f9 organiser votre s\u00e9minaire en bord de mer&#8230; - Accor MyAllMeeting.com\" \/>\n<meta property=\"og:description\" content=\"D\u00e9couvrez les 8 h\u00f4tels d\u00e9paysants pour un s\u00e9minaire en bord de mer.\" \/>\n<meta property=\"og:url\" content=\"https:\/\/www.myallmeeting.com\/fr\/article\/les-8-hotels-en-europe-ou-organiser-votre-seminaire-en-bord-de-mer\/\" \/>\n<meta property=\"og:site_name\" content=\"Accor MyAllMeeting.com\" \/>\n<meta property=\"article:modified_time\" content=\"2024-07-19T12:00:21+00:00\" \/>\n<meta property=\"og:image\" content=\"https:\/\/myallmeeting.com\/wp-content\/uploads\/2023\/07\/MAM-imagery-1920-x-570-px-Baniere-3-1024x304.png\" \/>\n\t<meta property=\"og:image:width\" content=\"1024\" \/>\n\t<meta property=\"og:image:height\" content=\"304\" \/>\n\t<meta property=\"og:image:type\" content=\"image\/png\" \/>\n<meta name=\"twitter:card\" content=\"summary_large_image\" \/>\n<meta name=\"twitter:label1\" content=\"Dur\u00e9e de lecture estim\u00e9e\" \/>\n\t<meta name=\"twitter:data1\" content=\"7 minutes\" \/>\n<script type=\"application\/ld+json\" class=\"yoast-schema-graph\">{\"@context\":\"https:\/\/schema.org\",\"@graph\":[{\"@type\":\"WebPage\",\"@id\":\"https:\/\/www.myallmeeting.com\/fr\/article\/les-8-hotels-en-europe-ou-organiser-votre-seminaire-en-bord-de-mer\/\",\"url\":\"https:\/\/www.myallmeeting.com\/fr\/article\/les-8-hotels-en-europe-ou-organiser-votre-seminaire-en-bord-de-mer\/\",\"name\":\"Les 8 h\u00f4tels en Europe o\u00f9 organiser votre s\u00e9minaire en bord de mer&#8230; - Accor MyAllMeeting.com\",\"isPartOf\":{\"@id\":\"https:\/\/www.myallmeeting.com\/fr\/#website\"},\"primaryImageOfPage\":{\"@id\":\"https:\/\/www.myallmeeting.com\/fr\/article\/les-8-hotels-en-europe-ou-organiser-votre-seminaire-en-bord-de-mer\/#primaryimage\"},\"image\":{\"@id\":\"https:\/\/www.myallmeeting.com\/fr\/article\/les-8-hotels-en-europe-ou-organiser-votre-seminaire-en-bord-de-mer\/#primaryimage\"},\"thumbnailUrl\":\"https:\/\/www.myallmeeting.com\/wp-content\/uploads\/2023\/07\/MAM-imagery-1920-x-570-px-Baniere-3.png\",\"datePublished\":\"2023-07-02T15:59:16+00:00\",\"dateModified\":\"2024-07-19T12:00:21+00:00\",\"breadcrumb\":{\"@id\":\"https:\/\/www.myallmeeting.com\/fr\/article\/les-8-hotels-en-europe-ou-organiser-votre-seminaire-en-bord-de-mer\/#breadcrumb\"},\"inLanguage\":\"fr-FR\",\"potentialAction\":[{\"@type\":\"ReadAction\",\"target\":[\"https:\/\/www.myallmeeting.com\/fr\/article\/les-8-hotels-en-europe-ou-organiser-votre-seminaire-en-bord-de-mer\/\"]}]},{\"@type\":\"ImageObject\",\"inLanguage\":\"fr-FR\",\"@id\":\"https:\/\/www.myallmeeting.com\/fr\/article\/les-8-hotels-en-europe-ou-organiser-votre-seminaire-en-bord-de-mer\/#primaryimage\",\"url\":\"https:\/\/www.myallmeeting.com\/wp-content\/uploads\/2023\/07\/MAM-imagery-1920-x-570-px-Baniere-3.png\",\"contentUrl\":\"https:\/\/www.myallmeeting.com\/wp-content\/uploads\/2023\/07\/MAM-imagery-1920-x-570-px-Baniere-3.png\",\"width\":1920,\"height\":570},{\"@type\":\"BreadcrumbList\",\"@id\":\"https:\/\/www.myallmeeting.com\/fr\/article\/les-8-hotels-en-europe-ou-organiser-votre-seminaire-en-bord-de-mer\/#breadcrumb\",\"itemListElement\":[{\"@type\":\"ListItem\",\"position\":1,\"name\":\"Accueil\",\"item\":\"https:\/\/myallmeeting.com\/fr\/\"},{\"@type\":\"ListItem\",\"position\":2,\"name\":\"Actualit\u00e9s\",\"item\":\"https:\/\/www.myallmeeting.com\/fr\/actualite\/\"},{\"@type\":\"ListItem\",\"position\":3,\"name\":\"Les 8 h\u00f4tels en Europe o\u00f9 organiser votre s\u00e9minaire en bord de mer&#8230;\"}]},{\"@type\":\"WebSite\",\"@id\":\"https:\/\/www.myallmeeting.com\/fr\/#website\",\"url\":\"https:\/\/www.myallmeeting.com\/fr\/\",\"name\":\"Accor MyAllMeeting.com\",\"description\":\"Les Meilleurs lieux pour vos Ev\u00e9nements Professionnels\",\"publisher\":{\"@id\":\"https:\/\/www.myallmeeting.com\/fr\/#organization\"},\"potentialAction\":[{\"@type\":\"SearchAction\",\"target\":{\"@type\":\"EntryPoint\",\"urlTemplate\":\"https:\/\/www.myallmeeting.com\/fr\/?s={search_term_string}\"},\"query-input\":{\"@type\":\"PropertyValueSpecification\",\"valueRequired\":true,\"valueName\":\"search_term_string\"}}],\"inLanguage\":\"fr-FR\"},{\"@type\":\"Organization\",\"@id\":\"https:\/\/www.myallmeeting.com\/fr\/#organization\",\"name\":\"ACCOR\",\"url\":\"https:\/\/www.myallmeeting.com\/fr\/\",\"logo\":{\"@type\":\"ImageObject\",\"inLanguage\":\"fr-FR\",\"@id\":\"https:\/\/www.myallmeeting.com\/fr\/#\/schema\/logo\/image\/\",\"url\":\"\",\"contentUrl\":\"\",\"caption\":\"ACCOR\"},\"image\":{\"@id\":\"https:\/\/www.myallmeeting.com\/fr\/#\/schema\/logo\/image\/\"}}]}<\/script>","yoast_head_json":{"title":"Les 8 h\u00f4tels en Europe o\u00f9 organiser votre s\u00e9minaire en bord de mer&#8230; - Accor MyAllMeeting.com","robots":{"index":"index","follow":"follow","max-snippet":"max-snippet:-1","max-image-preview":"max-image-preview:large","max-video-preview":"max-video-preview:-1"},"canonical":"https:\/\/www.myallmeeting.com\/fr\/wp-json\/wp\/v2\/article\/15226643","og_locale":"fr_FR","og_type":"article","og_title":"Les 8 h\u00f4tels en Europe o\u00f9 organiser votre s\u00e9minaire en bord de mer&#8230; - Accor MyAllMeeting.com","og_description":"D\u00e9couvrez les 8 h\u00f4tels d\u00e9paysants pour un s\u00e9minaire en bord de mer.","og_url":"https:\/\/www.myallmeeting.com\/fr\/article\/les-8-hotels-en-europe-ou-organiser-votre-seminaire-en-bord-de-mer\/","og_site_name":"Accor MyAllMeeting.com","article_modified_time":"2024-07-19T12:00:21+00:00","og_image":[{"width":1024,"height":304,"url":"https:\/\/myallmeeting.com\/wp-content\/uploads\/2023\/07\/MAM-imagery-1920-x-570-px-Baniere-3-1024x304.png","type":"image\/png"}],"twitter_card":"summary_large_image","twitter_misc":{"Dur\u00e9e de lecture estim\u00e9e":"7 minutes"},"schema":{"@context":"https:\/\/schema.org","@graph":[{"@type":"WebPage","@id":"https:\/\/www.myallmeeting.com\/fr\/article\/les-8-hotels-en-europe-ou-organiser-votre-seminaire-en-bord-de-mer\/","url":"https:\/\/www.myallmeeting.com\/fr\/article\/les-8-hotels-en-europe-ou-organiser-votre-seminaire-en-bord-de-mer\/","name":"Les 8 h\u00f4tels en Europe o\u00f9 organiser votre s\u00e9minaire en bord de mer&#8230; - Accor MyAllMeeting.com","isPartOf":{"@id":"https:\/\/www.myallmeeting.com\/fr\/#website"},"primaryImageOfPage":{"@id":"https:\/\/www.myallmeeting.com\/fr\/article\/les-8-hotels-en-europe-ou-organiser-votre-seminaire-en-bord-de-mer\/#primaryimage"},"image":{"@id":"https:\/\/www.myallmeeting.com\/fr\/article\/les-8-hotels-en-europe-ou-organiser-votre-seminaire-en-bord-de-mer\/#primaryimage"},"thumbnailUrl":"https:\/\/www.myallmeeting.com\/wp-content\/uploads\/2023\/07\/MAM-imagery-1920-x-570-px-Baniere-3.png","datePublished":"2023-07-02T15:59:16+00:00","dateModified":"2024-07-19T12:00:21+00:00","breadcrumb":{"@id":"https:\/\/www.myallmeeting.com\/fr\/article\/les-8-hotels-en-europe-ou-organiser-votre-seminaire-en-bord-de-mer\/#breadcrumb"},"inLanguage":"fr-FR","potentialAction":[{"@type":"ReadAction","target":["https:\/\/www.myallmeeting.com\/fr\/article\/les-8-hotels-en-europe-ou-organiser-votre-seminaire-en-bord-de-mer\/"]}]},{"@type":"ImageObject","inLanguage":"fr-FR","@id":"https:\/\/www.myallmeeting.com\/fr\/article\/les-8-hotels-en-europe-ou-organiser-votre-seminaire-en-bord-de-mer\/#primaryimage","url":"https:\/\/www.myallmeeting.com\/wp-content\/uploads\/2023\/07\/MAM-imagery-1920-x-570-px-Baniere-3.png","contentUrl":"https:\/\/www.myallmeeting.com\/wp-content\/uploads\/2023\/07\/MAM-imagery-1920-x-570-px-Baniere-3.png","width":1920,"height":570},{"@type":"BreadcrumbList","@id":"https:\/\/www.myallmeeting.com\/fr\/article\/les-8-hotels-en-europe-ou-organiser-votre-seminaire-en-bord-de-mer\/#breadcrumb","itemListElement":[{"@type":"ListItem","position":1,"name":"Accueil","item":"https:\/\/myallmeeting.com\/fr\/"},{"@type":"ListItem","position":2,"name":"Actualit\u00e9s","item":"https:\/\/www.myallmeeting.com\/fr\/actualite\/"},{"@type":"ListItem","position":3,"name":"Les 8 h\u00f4tels en Europe o\u00f9 organiser votre s\u00e9minaire en bord de mer&#8230;"}]},{"@type":"WebSite","@id":"https:\/\/www.myallmeeting.com\/fr\/#website","url":"https:\/\/www.myallmeeting.com\/fr\/","name":"Accor MyAllMeeting.com","description":"Les Meilleurs lieux pour vos Ev\u00e9nements Professionnels","publisher":{"@id":"https:\/\/www.myallmeeting.com\/fr\/#organization"},"potentialAction":[{"@type":"SearchAction","target":{"@type":"EntryPoint","urlTemplate":"https:\/\/www.myallmeeting.com\/fr\/?s={search_term_string}"},"query-input":{"@type":"PropertyValueSpecification","valueRequired":true,"valueName":"search_term_string"}}],"inLanguage":"fr-FR"},{"@type":"Organization","@id":"https:\/\/www.myallmeeting.com\/fr\/#organization","name":"ACCOR","url":"https:\/\/www.myallmeeting.com\/fr\/","logo":{"@type":"ImageObject","inLanguage":"fr-FR","@id":"https:\/\/www.myallmeeting.com\/fr\/#\/schema\/logo\/image\/","url":"","contentUrl":"","caption":"ACCOR"},"image":{"@id":"https:\/\/www.myallmeeting.com\/fr\/#\/schema\/logo\/image\/"}}]}},"_links":{"self":[{"href":"https:\/\/www.myallmeeting.com\/fr\/wp-json\/wp\/v2\/article\/15226643","targetHints":{"allow":["GET"]}}],"collection":[{"href":"https:\/\/www.myallmeeting.com\/fr\/wp-json\/wp\/v2\/article"}],"about":[{"href":"https:\/\/www.myallmeeting.com\/fr\/wp-json\/wp\/v2\/types\/article"}],"wp:featuredmedia":[{"embeddable":true,"href":"https:\/\/www.myallmeeting.com\/fr\/wp-json\/wp\/v2\/media\/16223737"}],"wp:attachment":[{"href":"https:\/\/www.myallmeeting.com\/fr\/wp-json\/wp\/v2\/media?parent=15226643"}],"wp:term":[{"taxonomy":"periscope_categorie_tax","embeddable":true,"href":"https:\/\/www.myallmeeting.com\/fr\/wp-json\/wp\/v2\/periscope_categorie_tax?post=15226643"}],"curies":[{"name":"wp","href":"https:\/\/api.w.org\/{rel}","templated":true}]}}