{"id":16223798,"date":"2023-07-02T17:59:16","date_gmt":"2023-07-02T15:59:16","guid":{"rendered":"https:\/\/myallmeeting.com\/article\/les-8-hotels-en-europe-ou-organiser-votre-seminaire-en-bord-de-mer\/"},"modified":"2024-07-31T17:08:20","modified_gmt":"2024-07-31T15:08:20","slug":"les-8-hotels-en-europe-ou-organiser-votre-seminaire-en-bord-de-mer","status":"publish","type":"article","link":"https:\/\/www.myallmeeting.com\/es\/article\/les-8-hotels-en-europe-ou-organiser-votre-seminaire-en-bord-de-mer\/","title":{"rendered":"Los 8 hoteles de Europa donde puede celebrar su seminario junto al mar\u2026"},"content":{"rendered":"<!-- START OF : Composant : block-periscope-theme-section-composant-25-texte-cta-2-images.php -->\n<div class=\"tcta2ia bg-white fs-wysiwyg mb-lg-12\" data-component=\"25-texte-cta-2-images\">\n\t<div class=\"tcta2ia__top\">\n\t\t<div class=\"container-fluid\" style=\"--bs-gutter-x: 0\">\n\t\t\t<div class=\"row\" style=\"--bs-gutter-x: 0\">\n\t\t\t\t<div class=\"col-lg-8\">\n\t\t\t\t\t\t\t\t\t\t<div class=\"bloc-mise-en-avant__top__left\">\n\t\t\t\t\t\t<img decoding=\"async\" src=\"https:\/\/www.myallmeeting.com\/wp-content\/uploads\/2023\/07\/4886-64-1-1268x846.jpg\" class=\"pe-2 pe-lg-0\" width=\"1268\" height=\"846\" alt=\"\" loading=\"lazy\" \/>\n\t\t\t\t\t<\/div>\n\t\t\t\t\t\t\t\t\t\t<div class=\"tcta2ia__bottom d-none d-lg-block pb-12 pt-lg-9 pb-lg-0 pe-lg-10\">\n\t\t\t\t\t\t\t\t\t\t\t\t<h2 class=\"fs-20 fs-lg-32 fw-semibold\">Sofitel Grand Sopot<\/h2>\n\t\t\t\t\t\t\t\t\t\t\t\t\t\t\t\t\t\t<div class=\"fs-wysiwyg\"><h3>La Belle-\u00c9poque a orillas del B\u00e1ltico<\/h3>\n<p>Las<strong> 126 habitaciones y suites<\/strong> de este hotel de 5 estrellas le esperan en el coraz\u00f3n de un magn\u00edfico edificio de entreguerras. El lujo discreto emana del <a href=\"https:\/\/myallmeeting.com\/es\/hotel\/3419-sofitel-grand-sopot\/\"><strong>Sofitel Grand Sopot<\/strong><\/a>, donde un centro de <strong>fitness\/spa<\/strong> espera a sus equipos. Su playa privada linda con el muelle de madera m\u00e1s grande de Europa.<\/p>\n<p>Arena fina y suave, ba\u00f1ada por el <strong>mar B\u00e1ltico<\/strong>, en la <strong>bah\u00eda de Gdansk<\/strong>. Entre dos salidas, <strong>5 salas de reuniones<\/strong> acoger\u00e1n sus convenciones, incluida la <strong>Ball Room,<\/strong> una magn\u00edfica sala de conferencias de 250 m2 decorada con gusto.<\/p>\n<\/div>\n\t\t\t\t\t\t\t\t\t\t\t\t<div class=\"d-flex flex-column flex-lg-row align-items-center gap-5 gap-lg-8 justify-content-between\">\n\t\t\t\t\t\t\t<div class=\"fs-20 fs-lg-26 fw-semibold lh-xs\"><\/div>\n\t\t\t\t\t\t\t\t\t\t\t\t\t<\/div>\n\t\t\t\t\t<\/div>\n\t\t\t\t<\/div>\n\t\t\t\t<div class=\"col-lg-4\">\n\t\t\t\t\t<div class=\"tcta2ia__top__right t-0 r-0 bg-primary text-white pt-4 pb-4 px-2 pt-lg-8 pb-lg-16 px-lg-11 pb-xl-30\">\n\t\t\t\t\t\t\t\t\t\t\t\t\t\t\t\t\t\t<h2 class=\"unna fs-36 fs-lg-51 fs-xl-75 fs-italic fw-normal text-secondary\">Los 8 hoteles de Europa donde puede celebrar su seminario junto al mar&#8230;<\/h2>\n\t\t\t\t\t\t\t\t\t\t\t\t\t\t\t\t\t\t\t\t\t\t\t\t<div class=\"fs-wysiwyg mb-4 fs-lg-16 fs-xl-20\"><p>\u00bfPrefiere el oleaje del B\u00e1ltico, el estruendo del Atl\u00e1ntico o el azul infinito del Mediterr\u00e1neo? Si a\u00fan no lo tiene claro, Accor y sus numerosos establecimientos le permitir\u00e1n explorar la inmensidad de las costas europeas para organizar sus incentivos. \u00a1Compru\u00e9belo usted mismo en 8 hoteles en 8 lugares de ensue\u00f1o!<\/p>\n<\/div>\n\t\t\t\t\t\t\t\t\t\t\t\t\t\t\t\t\t\t\t\t\t\t\t\t<p class=\"m-0\"><img decoding=\"async\" src=\"https:\/\/www.myallmeeting.com\/wp-content\/uploads\/2023\/07\/4071-37-633x398.jpg\" class=\"position-relative l-0\" width=\"633\" height=\"398\" alt=\"\" loading=\"lazy\" \/><\/p>\n\t\t\t\t\t\t\t\t\t\t\t<\/div>\n\t\t\t\t<\/div>\n\t\t\t<\/div>\n\t\t<\/div>\n\t<\/div>\n\t<div class=\"tcta2ia__bottom d-lg-none pb-12 py-lg-9 pe-lg-10\">\n\t\t\t\t<div class=\"h2 fs-20 fs-lg-32 fw-semibold\">Sofitel Grand Sopot<\/div>\n\t\t\t\t\t\t<div class=\"fs-wysiwyg\"><h3>La Belle-\u00c9poque a orillas del B\u00e1ltico<\/h3>\n<p>Las<strong> 126 habitaciones y suites<\/strong> de este hotel de 5 estrellas le esperan en el coraz\u00f3n de un magn\u00edfico edificio de entreguerras. El lujo discreto emana del <a href=\"https:\/\/myallmeeting.com\/es\/hotel\/3419-sofitel-grand-sopot\/\"><strong>Sofitel Grand Sopot<\/strong><\/a>, donde un centro de <strong>fitness\/spa<\/strong> espera a sus equipos. Su playa privada linda con el muelle de madera m\u00e1s grande de Europa.<\/p>\n<p>Arena fina y suave, ba\u00f1ada por el <strong>mar B\u00e1ltico<\/strong>, en la <strong>bah\u00eda de Gdansk<\/strong>. Entre dos salidas, <strong>5 salas de reuniones<\/strong> acoger\u00e1n sus convenciones, incluida la <strong>Ball Room,<\/strong> una magn\u00edfica sala de conferencias de 250 m2 decorada con gusto.<\/p>\n<\/div>\n\t\t\t\t<div class=\"d-flex flex-column flex-lg-row align-items-center gap-5 gap-lg-8 justify-content-between\">\n\t\t\t<div class=\"fs-20 fs-lg-26 fw-semibold lh-xs\"><\/div>\n\t\t\t\t\t<\/div>\n\t<\/div>\n<\/div>\n<!-- END OF : Composant : block-periscope-theme-section-composant-25-texte-cta-2-images.php -->\n\n\n<!-- START OF : Composant : block-periscope-theme-section-composant-33-texte-image.php -->\n<div class=\"text-image fs-wysiwyg mb-8 mb-lg-12\" data-component=\"33-texte-image\">\n\t<div class=\"container-fluid\" style=\"--bs-gutter-x: 0\">\n\t\t<div class=\"row\" style=\"--bs-gutter-x: 0\">\n\t\t\t\t\t\t<div class=\"col-lg-6 mb-7 mb-lg-0\">\n\t\t\t\t<img decoding=\"async\" src=\"https:\/\/www.myallmeeting.com\/wp-content\/uploads\/2023\/07\/2567-03-953x600.jpg\" width=\"953\" height=\"600\" alt=\"\" loading=\"lazy\" class=\"w-100\" \/>\n\t\t\t<\/div>\n\t\t\t\t\t\t<div class=\"col-lg-6\">\n\t\t\t\t<div class=\"text-image__content\">\n\t\t\t\t\t\t\t\t\t\t<div class=\"fw-semibold lh-xs fs-20 fs-lg-32 ls--25 mb-5\">Mercure Brighton Seafront<\/div>\n\t\t\t\t\t\t\t\t\t\t\t\t\t\t\t<div class=\"fs-wysiwyg\">\n\t\t\t\t\t\t<h3>El Canal de la Mancha a sus pies<\/h3>\n<p>Las callejuelas y los pubs tradicionales de <strong>The Lanes,<\/strong> el antiguo barrio pesquero de Brighton, serpentean a tiro de piedra del <a href=\"https:\/\/myallmeeting.com\/es\/hotel\/8335-mercure-brighton-seafront-hotel\/\"><strong>Mercure Brighton Seafront<\/strong><\/a> de 4 estrellas. Una ubicaci\u00f3n privilegiada, sobre todo porque este hotel de <strong>116 habitaciones<\/strong>, con su decoraci\u00f3n de inspiraci\u00f3n victoriana, le da la bienvenida en pleno <strong>paseo mar\u00edtimo.<\/strong><\/p>\n<p>A sus pies, el bonito paseo mar\u00edtimo que bordea el <strong>Canal de la Mancha<\/strong> est\u00e1 salpicado de elaborados muelles de madera. <strong>8 salas de reuniones,<\/strong> con capacidad para 150 personas, facilitan la lluvia de ideas en <strong>subcomit\u00e9s<\/strong>.<\/p>\n\t\t\t\t\t<\/div>\n\t\t\t\t\t\t\t\t\t<\/div>\n\t\t\t<\/div>        \n\t\t<\/div>\n\t<\/div>\n<\/div>\n<!-- END OF : Composant : block-periscope-theme-section-composant-33-texte-image.php -->\n\n\n<!-- START OF : Composant : block-periscope-theme-section-composant-33-texte-image.php -->\n<!-- INVERSE -->\n<div class=\"text-image fs-wysiwyg mb-8 mb-lg-12\" data-component=\"33-texte-image\" data-reverse=\"oui\">\n\t<div class=\"container-fluid\" style=\"--bs-gutter-x: 0\">\n\t\t<div class=\"row\" style=\"--bs-gutter-x: 0\">\n\t\t\t<div class=\"col-lg-6\">\n\t\t\t\t<div class=\"text-image__content\">\n\t\t\t\t\t\t\t\t\t\t<div class=\"fw-semibold lh-xs fs-20 fs-lg-32 ls--25 mb-5\">Mercure Benidorm<\/div>\n\t\t\t\t\t\t\t\t\t\t\t\t\t\t\t<div class=\"fs-wysiwyg\">\n\t\t\t\t\t\t<h3>Gastronom\u00eda en la Costa Blanca<\/h3>\n<p>Paella, tapas y otros imprescindibles de la gastronom\u00eda espa\u00f1ola. <strong>Malaspina<\/strong>, el restaurante del <a href=\"https:\/\/myallmeeting.com\/es\/hotel\/b6i8-mercure-benidorm-ouverture-juin-2022\/\"><strong>Mercure Benidorm<\/strong><\/a>, los convierte en sublimes: una promesa de momentos de convivencia, un factor de uni\u00f3n para sus equipos.<\/p>\n<p>El hotel (186 habitaciones) se encuentra a poca distancia de las playas de <strong>Poniente<\/strong> y <strong>Levante<\/strong> de <strong>Beniborm<\/strong>, as\u00ed como del <strong>Balc\u00f3n de Mediterr\u00e1neo<\/strong>, un bonito balc\u00f3n de mosaico con vistas a la bah\u00eda de esta popular localidad de la provincia de <strong>Alicante<\/strong>.<\/p>\n<p>La sala de reuniones de 50 m2 es el lugar perfecto para actividades de formaci\u00f3n de equipos.<\/p>\n\t\t\t\t\t<\/div>\n\t\t\t\t\t\t\t\t\t<\/div>\n\t\t\t<\/div>    \n\t\t\t    \n\t\t\t<div class=\"col-lg-6 order-first order-lg-last mb-7 mb-lg-0\">\n\t\t\t\t<img decoding=\"async\" src=\"https:\/\/www.myallmeeting.com\/wp-content\/uploads\/2023\/07\/6306-58-953x600.jpg\" width=\"953\" height=\"600\" alt=\"\" loading=\"lazy\" class=\"w-100\" \/>\n\t\t\t<\/div>\n\t\t\t\t\t<\/div>\n\t<\/div>\n<\/div>\n<!-- END OF : Composant : block-periscope-theme-section-composant-33-texte-image.php -->\n\n\n<!-- START OF : Composant : block-periscope-theme-section-composant-33-texte-image.php -->\n<div class=\"text-image fs-wysiwyg mb-8 mb-lg-12\" data-component=\"33-texte-image\">\n\t<div class=\"container-fluid\" style=\"--bs-gutter-x: 0\">\n\t\t<div class=\"row\" style=\"--bs-gutter-x: 0\">\n\t\t\t\t\t\t<div class=\"col-lg-6 mb-7 mb-lg-0\">\n\t\t\t\t<img decoding=\"async\" src=\"https:\/\/www.myallmeeting.com\/wp-content\/uploads\/2023\/07\/4670-77-953x600.jpg\" width=\"953\" height=\"600\" alt=\"\" loading=\"lazy\" class=\"w-100\" \/>\n\t\t\t<\/div>\n\t\t\t\t\t\t<div class=\"col-lg-6\">\n\t\t\t\t<div class=\"text-image__content\">\n\t\t\t\t\t\t\t\t\t\t<div class=\"fw-semibold lh-xs fs-20 fs-lg-32 ls--25 mb-5\">Ibis Styles Nieuwpoort<\/div>\n\t\t\t\t\t\t\t\t\t\t\t\t\t\t\t<div class=\"fs-wysiwyg\">\n\t\t\t\t\t\t<h3>Mar del Norte, dunas y arena blanca<\/h3>\n<p>Largas playas de arena y peque\u00f1as dunas bordean el litoral del \u00abpa\u00eds llano\u00bb. Un paisaje seductor, la promesa de un seminario al aire libre, que podr\u00e1 ofrecer a sus colegas en la ciudad costera de Nieuwpoort (o Nieuport).<\/p>\n<p>Re\u00fanase en el <a href=\"https:\/\/myallmeeting.com\/es\/hotel\/9716-ibis-styles-nieuwpoort\/\"><strong>ibis Styles Nieuwpoort,<\/strong><\/a> en un ambiente moderno y de dise\u00f1o, donde <strong>2 salas de reuniones,<\/strong> de 55 y 40 m2, acoger\u00e1n su convenci\u00f3n.<\/p>\n<p>Este hotel de 3 estrellas y 97 habitaciones cuenta con <strong>piscina cubierta y sauna<\/strong>, perfectas para entrar en calor tras una larga caminata.<\/p>\n<p>&nbsp;<\/p>\n\t\t\t\t\t<\/div>\n\t\t\t\t\t\t\t\t\t<\/div>\n\t\t\t<\/div>        \n\t\t<\/div>\n\t<\/div>\n<\/div>\n<!-- END OF : Composant : block-periscope-theme-section-composant-33-texte-image.php -->\n\n\n<!-- START OF : Composant : block-periscope-theme-section-composant-33-texte-image.php -->\n<!-- INVERSE -->\n<div class=\"text-image fs-wysiwyg mb-8 mb-lg-12\" data-component=\"33-texte-image\" data-reverse=\"oui\">\n\t<div class=\"container-fluid\" style=\"--bs-gutter-x: 0\">\n\t\t<div class=\"row\" style=\"--bs-gutter-x: 0\">\n\t\t\t<div class=\"col-lg-6\">\n\t\t\t\t<div class=\"text-image__content\">\n\t\t\t\t\t\t\t\t\t\t<div class=\"fw-semibold lh-xs fs-20 fs-lg-32 ls--25 mb-5\">Novotel Thalassa Le Touquet<\/div>\n\t\t\t\t\t\t\t\t\t\t\t\t\t\t\t<div class=\"fs-wysiwyg\">\n\t\t\t\t\t\t<h3>Bienestar en la Costa de \u00d3palo<\/h3>\n<p>A un lado, el mar hasta donde alcanza la vista; al otro, las dunas&#8230; \u00a1As\u00ed de bien situado est\u00e1 el <a href=\"https:\/\/myallmeeting.com\/es\/hotel\/0449-novotel-thalassa-le-touquet\/\"><strong>Novotel Thalassa Le Touquet!<\/strong><\/a><\/p>\n<p>Este hotel de 4 estrellas y 145 habitaciones, que se renovar\u00e1 por completo en 2019, tambi\u00e9n est\u00e1 cerca del centro urbano de esta t\u00edpica estaci\u00f3n balnearia del siglo XIX de villas anglonormandas.<\/p>\n<p>Con su <strong>piscina climatizada de agua de mar<\/strong>, su centro de<strong> fitness y spa<\/strong>, y sus tratamientos de <strong>talasoterapia<\/strong> a base de agua de mar, las <strong>9 salas de reuniones<\/strong> del hotel har\u00e1n que<strong> sus equipos se sientan como en casa.<\/strong><\/p>\n\t\t\t\t\t<\/div>\n\t\t\t\t\t\t\t\t\t<\/div>\n\t\t\t<\/div>    \n\t\t\t    \n\t\t\t<div class=\"col-lg-6 order-first order-lg-last mb-7 mb-lg-0\">\n\t\t\t\t<img decoding=\"async\" src=\"https:\/\/www.myallmeeting.com\/wp-content\/uploads\/2023\/07\/5155-03-953x600.jpg\" width=\"953\" height=\"600\" alt=\"\" loading=\"lazy\" class=\"w-100\" \/>\n\t\t\t<\/div>\n\t\t\t\t\t<\/div>\n\t<\/div>\n<\/div>\n<!-- END OF : Composant : block-periscope-theme-section-composant-33-texte-image.php -->\n\n\n<!-- START OF : Composant : block-periscope-theme-section-composant-33-texte-image.php -->\n<div class=\"text-image fs-wysiwyg mb-8 mb-lg-12\" data-component=\"33-texte-image\">\n\t<div class=\"container-fluid\" style=\"--bs-gutter-x: 0\">\n\t\t<div class=\"row\" style=\"--bs-gutter-x: 0\">\n\t\t\t\t\t\t<div class=\"col-lg-6 mb-7 mb-lg-0\">\n\t\t\t\t<img decoding=\"async\" src=\"https:\/\/www.myallmeeting.com\/wp-content\/uploads\/2023\/07\/timi-ama-953x600.jpg\" width=\"953\" height=\"600\" alt=\"\" loading=\"lazy\" class=\"w-100\" \/>\n\t\t\t<\/div>\n\t\t\t\t\t\t<div class=\"col-lg-6\">\n\t\t\t\t<div class=\"text-image__content\">\n\t\t\t\t\t\t\t\t\t\t<div class=\"fw-semibold lh-xs fs-20 fs-lg-32 ls--25 mb-5\">Pullman Almar Timi Ama Resort &amp; Spa<\/div>\n\t\t\t\t\t\t\t\t\t\t\t\t\t\t\t<div class=\"fs-wysiwyg\">\n\t\t\t\t\t\t<h3>Un interludio encantado en el Mar Tirreno<\/h3>\n<p>Dir\u00edjase al sureste de <strong>Cerde\u00f1a<\/strong>, donde el lujo, la calma y la voluptuosidad le esperan en el <a href=\"https:\/\/myallmeeting.com\/es\/hotel\/3040-pullman-timi-ama-sardegna\/\"><strong>Pullman Almar Timi<\/strong><\/a>&#8230;<\/p>\n<p>Este hotel de 5 estrellas y 275 habitaciones est\u00e1 situado en el coraz\u00f3n de la reserva natural de <strong>Capo Carbonara<\/strong> y domina la <strong>bah\u00eda de Porto Giunco<\/strong>, \u00a1una vista impresionante!<\/p>\n<p>Por supuesto, las <strong>4 magn\u00edficas salas de conferencias,<\/strong> la m\u00e1s grande de 210 m2, facilitar\u00e1n la reflexi\u00f3n de sus equipos, pero no cabe duda de que su personal se sentir\u00e1 tentado por la piscina, el gimnasio, uno de los <strong>4 restaurantes<\/strong> de este magn\u00edfico complejo o el cercano <strong>campo de golf.<\/strong><\/p>\n\t\t\t\t\t<\/div>\n\t\t\t\t\t\t\t\t\t<\/div>\n\t\t\t<\/div>        \n\t\t<\/div>\n\t<\/div>\n<\/div>\n<!-- END OF : Composant : block-periscope-theme-section-composant-33-texte-image.php -->\n\n\n<!-- START OF : Composant : block-periscope-theme-section-composant-33-texte-image.php -->\n<!-- INVERSE -->\n<div class=\"text-image fs-wysiwyg mb-8 mb-lg-12\" data-component=\"33-texte-image\" data-reverse=\"oui\">\n\t<div class=\"container-fluid\" style=\"--bs-gutter-x: 0\">\n\t\t<div class=\"row\" style=\"--bs-gutter-x: 0\">\n\t\t\t<div class=\"col-lg-6\">\n\t\t\t\t<div class=\"text-image__content\">\n\t\t\t\t\t\t\t\t\t\t<div class=\"fw-semibold lh-xs fs-20 fs-lg-32 ls--25 mb-5\">Rixos Premium Dubrovnik<\/div>\n\t\t\t\t\t\t\t\t\t\t\t\t\t\t\t<div class=\"fs-wysiwyg\">\n\t\t\t\t\t\t<h3>En el coraz\u00f3n de la perla del Adri\u00e1tico<\/h3>\n<p>Dubrovnik, Patrimonio Mundial de la UNESCO y apodada la \u00abPerla del Adri\u00e1tico\u00bb. Estos son s\u00f3lo algunos de los atractivos que seducir\u00e1n a su personal durante un seminario residencial en el <a href=\"https:\/\/myallmeeting.com\/es\/hotel\/b1h9-rixos-premium-dubrovnik\/\"><strong>Rixos Premium Dubrovnik.<\/strong><\/a><\/p>\n<p>La mayor\u00eda de las 310 habitaciones de este hotel de 5 estrellas tienen vistas al mar.<\/p>\n<p>Tras las sesiones de estudio en las <strong>5 salas de reuniones<\/strong> (\u00a1con capacidad total para 900 personas!), dir\u00edjase al casco antiguo medieval, a tiro de piedra, donde se rod\u00f3 la famosa serie Juego de Tronos. Los lugares de rodaje pueden visitarse: \u00a1una gran idea de incentivo!<\/p>\n\t\t\t\t\t<\/div>\n\t\t\t\t\t\t\t\t\t<\/div>\n\t\t\t<\/div>    \n\t\t\t    \n\t\t\t<div class=\"col-lg-6 order-first order-lg-last mb-7 mb-lg-0\">\n\t\t\t\t<img decoding=\"async\" src=\"https:\/\/www.myallmeeting.com\/wp-content\/uploads\/2023\/07\/rixos-953x600.jpg\" width=\"953\" height=\"600\" alt=\"\" loading=\"lazy\" class=\"w-100\" \/>\n\t\t\t<\/div>\n\t\t\t\t\t<\/div>\n\t<\/div>\n<\/div>\n<!-- END OF : Composant : block-periscope-theme-section-composant-33-texte-image.php -->\n\n\n<!-- START OF : Composant : block-periscope-theme-section-composant-33-texte-image.php -->\n<div class=\"text-image fs-wysiwyg mb-8 mb-lg-12\" data-component=\"33-texte-image\">\n\t<div class=\"container-fluid\" style=\"--bs-gutter-x: 0\">\n\t\t<div class=\"row\" style=\"--bs-gutter-x: 0\">\n\t\t\t\t\t\t<div class=\"col-lg-6 mb-7 mb-lg-0\">\n\t\t\t\t<img decoding=\"async\" src=\"https:\/\/www.myallmeeting.com\/wp-content\/uploads\/2023\/07\/monte-carlo-953x600.jpg\" width=\"953\" height=\"600\" alt=\"\" loading=\"lazy\" class=\"w-100\" \/>\n\t\t\t<\/div>\n\t\t\t\t\t\t<div class=\"col-lg-6\">\n\t\t\t\t<div class=\"text-image__content\">\n\t\t\t\t\t\t\t\t\t\t<div class=\"fw-semibold lh-xs fs-20 fs-lg-32 ls--25 mb-5\">Fairmont Monte Carlo<\/div>\n\t\t\t\t\t\t\t\t\t\t\t\t\t\t\t<div class=\"fs-wysiwyg\">\n\t\t\t\t\t\t<h3>Un hotel \u00abreal&#8221;<\/h3>\n<p>El <a href=\"https:\/\/myallmeeting.com\/es\/hotel\/a598-fairmont-monte-carlo\/\"><strong>Fairmont Monte Carlo,<\/strong><\/a> construido entre el mar Mediterr\u00e1neo y el legendario Casino de Monte-Carlo, destaca como hotel de lujo en M\u00f3naco, un emblem\u00e1tico hotel-resort en el coraz\u00f3n del Principado.<\/p>\n<p>Este hotel de 4 estrellas y 596 habitaciones dispone de 17 salas de reuniones para acoger sus eventos.<\/p>\n\t\t\t\t\t<\/div>\n\t\t\t\t\t\t\t\t\t<\/div>\n\t\t\t<\/div>        \n\t\t<\/div>\n\t<\/div>\n<\/div>\n<!-- END OF : Composant : block-periscope-theme-section-composant-33-texte-image.php -->\n","protected":false},"excerpt":{"rendered":"<p>Descubre los 8 hoteles ex\u00f3ticos para un seminario junto al mar.<\/p>\n","protected":false},"featured_media":16223742,"menu_order":0,"template":"","periscope_categorie_tax":[3552],"class_list":["post-16223798","article","type-article","status-publish","has-post-thumbnail","hentry","periscope_categorie_tax-tous-nos-tops-selections-es"],"acf":[],"yoast_head":"<title>Los 8 hoteles de Europa donde puede celebrar su seminario junto al mar\u2026 - Accor MyAllMeeting.com<\/title>\n<meta name=\"robots\" content=\"index, follow, max-snippet:-1, max-image-preview:large, max-video-preview:-1\" \/>\n<link rel=\"canonical\" href=\"https:\/\/www.myallmeeting.com\/es\/wp-json\/wp\/v2\/article\/16223798\" \/>\n<meta property=\"og:locale\" content=\"es_ES\" \/>\n<meta property=\"og:type\" content=\"article\" \/>\n<meta property=\"og:title\" content=\"Los 8 hoteles de Europa donde puede celebrar su seminario junto al mar\u2026 - Accor MyAllMeeting.com\" \/>\n<meta property=\"og:description\" content=\"Descubre los 8 hoteles ex\u00f3ticos para un seminario junto al mar.\" \/>\n<meta property=\"og:url\" content=\"https:\/\/www.myallmeeting.com\/es\/article\/les-8-hotels-en-europe-ou-organiser-votre-seminaire-en-bord-de-mer\/\" \/>\n<meta property=\"og:site_name\" content=\"Accor MyAllMeeting.com\" \/>\n<meta property=\"article:modified_time\" content=\"2024-07-31T15:08:20+00:00\" \/>\n<meta property=\"og:image\" content=\"http:\/\/myallmeeting.com\/wp-content\/uploads\/2023\/07\/MAM-imagery-1920-x-570-px-Baniere-3-1024x304.png\" \/>\n\t<meta property=\"og:image:width\" content=\"1024\" \/>\n\t<meta property=\"og:image:height\" content=\"304\" \/>\n\t<meta property=\"og:image:type\" content=\"image\/png\" \/>\n<meta name=\"twitter:card\" content=\"summary_large_image\" \/>\n<meta name=\"twitter:label1\" content=\"Est. reading time\" \/>\n\t<meta name=\"twitter:data1\" content=\"7 minutes\" \/>\n<script type=\"application\/ld+json\" class=\"yoast-schema-graph\">{\"@context\":\"https:\/\/schema.org\",\"@graph\":[{\"@type\":\"WebPage\",\"@id\":\"https:\/\/www.myallmeeting.com\/es\/article\/les-8-hotels-en-europe-ou-organiser-votre-seminaire-en-bord-de-mer\/\",\"url\":\"https:\/\/www.myallmeeting.com\/es\/article\/les-8-hotels-en-europe-ou-organiser-votre-seminaire-en-bord-de-mer\/\",\"name\":\"Los 8 hoteles de Europa donde puede celebrar su seminario junto al mar\u2026 - Accor MyAllMeeting.com\",\"isPartOf\":{\"@id\":\"https:\/\/www.myallmeeting.com\/es\/#website\"},\"primaryImageOfPage\":{\"@id\":\"https:\/\/www.myallmeeting.com\/es\/article\/les-8-hotels-en-europe-ou-organiser-votre-seminaire-en-bord-de-mer\/#primaryimage\"},\"image\":{\"@id\":\"https:\/\/www.myallmeeting.com\/es\/article\/les-8-hotels-en-europe-ou-organiser-votre-seminaire-en-bord-de-mer\/#primaryimage\"},\"thumbnailUrl\":\"https:\/\/www.myallmeeting.com\/wp-content\/uploads\/2023\/07\/MAM-imagery-1920-x-570-px-Baniere-3.png\",\"datePublished\":\"2023-07-02T15:59:16+00:00\",\"dateModified\":\"2024-07-31T15:08:20+00:00\",\"breadcrumb\":{\"@id\":\"https:\/\/www.myallmeeting.com\/es\/article\/les-8-hotels-en-europe-ou-organiser-votre-seminaire-en-bord-de-mer\/#breadcrumb\"},\"inLanguage\":\"es-ES\",\"potentialAction\":[{\"@type\":\"ReadAction\",\"target\":[\"https:\/\/www.myallmeeting.com\/es\/article\/les-8-hotels-en-europe-ou-organiser-votre-seminaire-en-bord-de-mer\/\"]}]},{\"@type\":\"ImageObject\",\"inLanguage\":\"es-ES\",\"@id\":\"https:\/\/www.myallmeeting.com\/es\/article\/les-8-hotels-en-europe-ou-organiser-votre-seminaire-en-bord-de-mer\/#primaryimage\",\"url\":\"https:\/\/www.myallmeeting.com\/wp-content\/uploads\/2023\/07\/MAM-imagery-1920-x-570-px-Baniere-3.png\",\"contentUrl\":\"https:\/\/www.myallmeeting.com\/wp-content\/uploads\/2023\/07\/MAM-imagery-1920-x-570-px-Baniere-3.png\",\"width\":1920,\"height\":570},{\"@type\":\"BreadcrumbList\",\"@id\":\"https:\/\/www.myallmeeting.com\/es\/article\/les-8-hotels-en-europe-ou-organiser-votre-seminaire-en-bord-de-mer\/#breadcrumb\",\"itemListElement\":[{\"@type\":\"ListItem\",\"position\":1,\"name\":\"P\u00e1gina principal\",\"item\":\"https:\/\/myallmeeting.com\/es\/\"},{\"@type\":\"ListItem\",\"position\":2,\"name\":\"Noticias\",\"item\":\"https:\/\/www.myallmeeting.com\/es\/noticias\/\"},{\"@type\":\"ListItem\",\"position\":3,\"name\":\"Los 8 hoteles de Europa donde puede celebrar su seminario junto al mar\u2026\"}]},{\"@type\":\"WebSite\",\"@id\":\"https:\/\/www.myallmeeting.com\/es\/#website\",\"url\":\"https:\/\/www.myallmeeting.com\/es\/\",\"name\":\"Accor MyAllMeeting.com\",\"description\":\"Les Meilleurs lieux pour vos Ev\u00e9nements Professionnels\",\"publisher\":{\"@id\":\"https:\/\/www.myallmeeting.com\/es\/#organization\"},\"potentialAction\":[{\"@type\":\"SearchAction\",\"target\":{\"@type\":\"EntryPoint\",\"urlTemplate\":\"https:\/\/www.myallmeeting.com\/es\/?s={search_term_string}\"},\"query-input\":{\"@type\":\"PropertyValueSpecification\",\"valueRequired\":true,\"valueName\":\"search_term_string\"}}],\"inLanguage\":\"es-ES\"},{\"@type\":\"Organization\",\"@id\":\"https:\/\/www.myallmeeting.com\/es\/#organization\",\"name\":\"ACCOR\",\"url\":\"https:\/\/www.myallmeeting.com\/es\/\",\"logo\":{\"@type\":\"ImageObject\",\"inLanguage\":\"es-ES\",\"@id\":\"https:\/\/www.myallmeeting.com\/es\/#\/schema\/logo\/image\/\",\"url\":\"\",\"contentUrl\":\"\",\"caption\":\"ACCOR\"},\"image\":{\"@id\":\"https:\/\/www.myallmeeting.com\/es\/#\/schema\/logo\/image\/\"}}]}<\/script>","yoast_head_json":{"title":"Los 8 hoteles de Europa donde puede celebrar su seminario junto al mar\u2026 - Accor MyAllMeeting.com","robots":{"index":"index","follow":"follow","max-snippet":"max-snippet:-1","max-image-preview":"max-image-preview:large","max-video-preview":"max-video-preview:-1"},"canonical":"https:\/\/www.myallmeeting.com\/es\/wp-json\/wp\/v2\/article\/16223798","og_locale":"es_ES","og_type":"article","og_title":"Los 8 hoteles de Europa donde puede celebrar su seminario junto al mar\u2026 - Accor MyAllMeeting.com","og_description":"Descubre los 8 hoteles ex\u00f3ticos para un seminario junto al mar.","og_url":"https:\/\/www.myallmeeting.com\/es\/article\/les-8-hotels-en-europe-ou-organiser-votre-seminaire-en-bord-de-mer\/","og_site_name":"Accor MyAllMeeting.com","article_modified_time":"2024-07-31T15:08:20+00:00","og_image":[{"width":1024,"height":304,"url":"http:\/\/myallmeeting.com\/wp-content\/uploads\/2023\/07\/MAM-imagery-1920-x-570-px-Baniere-3-1024x304.png","type":"image\/png"}],"twitter_card":"summary_large_image","twitter_misc":{"Est. reading time":"7 minutes"},"schema":{"@context":"https:\/\/schema.org","@graph":[{"@type":"WebPage","@id":"https:\/\/www.myallmeeting.com\/es\/article\/les-8-hotels-en-europe-ou-organiser-votre-seminaire-en-bord-de-mer\/","url":"https:\/\/www.myallmeeting.com\/es\/article\/les-8-hotels-en-europe-ou-organiser-votre-seminaire-en-bord-de-mer\/","name":"Los 8 hoteles de Europa donde puede celebrar su seminario junto al mar\u2026 - Accor MyAllMeeting.com","isPartOf":{"@id":"https:\/\/www.myallmeeting.com\/es\/#website"},"primaryImageOfPage":{"@id":"https:\/\/www.myallmeeting.com\/es\/article\/les-8-hotels-en-europe-ou-organiser-votre-seminaire-en-bord-de-mer\/#primaryimage"},"image":{"@id":"https:\/\/www.myallmeeting.com\/es\/article\/les-8-hotels-en-europe-ou-organiser-votre-seminaire-en-bord-de-mer\/#primaryimage"},"thumbnailUrl":"https:\/\/www.myallmeeting.com\/wp-content\/uploads\/2023\/07\/MAM-imagery-1920-x-570-px-Baniere-3.png","datePublished":"2023-07-02T15:59:16+00:00","dateModified":"2024-07-31T15:08:20+00:00","breadcrumb":{"@id":"https:\/\/www.myallmeeting.com\/es\/article\/les-8-hotels-en-europe-ou-organiser-votre-seminaire-en-bord-de-mer\/#breadcrumb"},"inLanguage":"es-ES","potentialAction":[{"@type":"ReadAction","target":["https:\/\/www.myallmeeting.com\/es\/article\/les-8-hotels-en-europe-ou-organiser-votre-seminaire-en-bord-de-mer\/"]}]},{"@type":"ImageObject","inLanguage":"es-ES","@id":"https:\/\/www.myallmeeting.com\/es\/article\/les-8-hotels-en-europe-ou-organiser-votre-seminaire-en-bord-de-mer\/#primaryimage","url":"https:\/\/www.myallmeeting.com\/wp-content\/uploads\/2023\/07\/MAM-imagery-1920-x-570-px-Baniere-3.png","contentUrl":"https:\/\/www.myallmeeting.com\/wp-content\/uploads\/2023\/07\/MAM-imagery-1920-x-570-px-Baniere-3.png","width":1920,"height":570},{"@type":"BreadcrumbList","@id":"https:\/\/www.myallmeeting.com\/es\/article\/les-8-hotels-en-europe-ou-organiser-votre-seminaire-en-bord-de-mer\/#breadcrumb","itemListElement":[{"@type":"ListItem","position":1,"name":"P\u00e1gina principal","item":"https:\/\/myallmeeting.com\/es\/"},{"@type":"ListItem","position":2,"name":"Noticias","item":"https:\/\/www.myallmeeting.com\/es\/noticias\/"},{"@type":"ListItem","position":3,"name":"Los 8 hoteles de Europa donde puede celebrar su seminario junto al mar\u2026"}]},{"@type":"WebSite","@id":"https:\/\/www.myallmeeting.com\/es\/#website","url":"https:\/\/www.myallmeeting.com\/es\/","name":"Accor MyAllMeeting.com","description":"Les Meilleurs lieux pour vos Ev\u00e9nements Professionnels","publisher":{"@id":"https:\/\/www.myallmeeting.com\/es\/#organization"},"potentialAction":[{"@type":"SearchAction","target":{"@type":"EntryPoint","urlTemplate":"https:\/\/www.myallmeeting.com\/es\/?s={search_term_string}"},"query-input":{"@type":"PropertyValueSpecification","valueRequired":true,"valueName":"search_term_string"}}],"inLanguage":"es-ES"},{"@type":"Organization","@id":"https:\/\/www.myallmeeting.com\/es\/#organization","name":"ACCOR","url":"https:\/\/www.myallmeeting.com\/es\/","logo":{"@type":"ImageObject","inLanguage":"es-ES","@id":"https:\/\/www.myallmeeting.com\/es\/#\/schema\/logo\/image\/","url":"","contentUrl":"","caption":"ACCOR"},"image":{"@id":"https:\/\/www.myallmeeting.com\/es\/#\/schema\/logo\/image\/"}}]}},"_links":{"self":[{"href":"https:\/\/www.myallmeeting.com\/es\/wp-json\/wp\/v2\/article\/16223798","targetHints":{"allow":["GET"]}}],"collection":[{"href":"https:\/\/www.myallmeeting.com\/es\/wp-json\/wp\/v2\/article"}],"about":[{"href":"https:\/\/www.myallmeeting.com\/es\/wp-json\/wp\/v2\/types\/article"}],"wp:featuredmedia":[{"embeddable":true,"href":"https:\/\/www.myallmeeting.com\/es\/wp-json\/wp\/v2\/media\/16223742"}],"wp:attachment":[{"href":"https:\/\/www.myallmeeting.com\/es\/wp-json\/wp\/v2\/media?parent=16223798"}],"wp:term":[{"taxonomy":"periscope_categorie_tax","embeddable":true,"href":"https:\/\/www.myallmeeting.com\/es\/wp-json\/wp\/v2\/periscope_categorie_tax?post=16223798"}],"curies":[{"name":"wp","href":"https:\/\/api.w.org\/{rel}","templated":true}]}}