{"id":16037527,"date":"2017-06-09T17:22:49","date_gmt":"2017-06-09T15:22:49","guid":{"rendered":"https:\/\/myallmeeting.com\/article\/une-vue-de-reve-pour-un-seminaire-haut-de-gamme-au-sofitel-marseille-vieux-port\/"},"modified":"2024-07-16T18:08:57","modified_gmt":"2024-07-16T16:08:57","slug":"una-vista-de-ensueno-para-un-seminario-de-gama-alta-en-el-sofitel-marseille-vieux-port","status":"publish","type":"article","link":"https:\/\/www.myallmeeting.com\/es\/article\/una-vista-de-ensueno-para-un-seminario-de-gama-alta-en-el-sofitel-marseille-vieux-port\/","title":{"rendered":"Una vista de ensue\u00f1o para un seminario de gama alta en el Sofitel Marseille Vieux-Port"},"content":{"rendered":"<!-- START OF : Composant : block-periscope-theme-section-composant-25-texte-cta-2-images.php -->\n<div class=\"tcta2ia bg-white fs-wysiwyg mb-lg-12\" data-component=\"25-texte-cta-2-images\">\n\t<div class=\"tcta2ia__top\">\n\t\t<div class=\"container-fluid\" style=\"--bs-gutter-x: 0\">\n\t\t\t<div class=\"row\" style=\"--bs-gutter-x: 0\">\n\t\t\t\t<div class=\"col-lg-8\">\n\t\t\t\t\t\t\t\t\t\t<div class=\"bloc-mise-en-avant__top__left\">\n\t\t\t\t\t\t<img decoding=\"async\" src=\"https:\/\/www.myallmeeting.com\/wp-content\/uploads\/2017\/06\/6829-91-1268x846.jpg\" class=\"pe-2 pe-lg-0\" width=\"1268\" height=\"846\" alt=\"s\u00e9minaire haut de gamme salle banquet vue\" loading=\"lazy\" \/>\n\t\t\t\t\t<\/div>\n\t\t\t\t\t\t\t\t\t\t<div class=\"tcta2ia__bottom d-none d-lg-block pb-12 pt-lg-9 pb-lg-0 pe-lg-10\">\n\t\t\t\t\t\t\t\t\t\t\t\t<h2 class=\"fs-20 fs-lg-32 fw-semibold\">El hotel ofrece siete salas de reuniones con capacidad para 130 personas para seminarios y 220 para c\u00f3cteles.<\/h2>\n\t\t\t\t\t\t\t\t\t\t\t\t\t\t\t\t\t\t<div class=\"fs-wysiwyg\"><p><span style=\"font-weight: 400;\">Se pueden privatizar salones modulares con vistas panor\u00e1micas y terrazas as\u00ed como una brasserie \u2013<\/span><b> Le Carr\u00e9<\/b><span style=\"font-weight: 400;\">\u2013 elegida<\/span><b> \u201cLa mejor terraza de hotel de Europa\u201d<\/b><span style=\"font-weight: 400;\"> por el Prix Villegiature.<\/span><\/p>\n<p><span style=\"font-weight: 400;\">Tambi\u00e9n puedes disfrutar del restaurante en el s\u00e9ptimo y \u00faltimo piso con una azotea de 100 m<\/span><span style=\"font-weight: 400;\">2<\/span><span style=\"font-weight: 400;\"> para un brunch para 250 personas o una velada para hasta 350 personas. Si deseas organizar un congreso, el lanzamiento de un producto emblem\u00e1tico o un seminario anual de varios d\u00edas de duraci\u00f3n, el hotel tambi\u00e9n es totalmente privatizable.<\/span><\/p>\n<\/div>\n\t\t\t\t\t\t\t\t\t\t\t\t<div class=\"d-flex flex-column flex-lg-row align-items-center gap-5 gap-lg-8 justify-content-between\">\n\t\t\t\t\t\t\t<div class=\"fs-20 fs-lg-26 fw-semibold lh-xs\"><\/div>\n\t\t\t\t\t\t\t\t\t\t\t\t\t<\/div>\n\t\t\t\t\t<\/div>\n\t\t\t\t<\/div>\n\t\t\t\t<div class=\"col-lg-4\">\n\t\t\t\t\t<div class=\"tcta2ia__top__right t-0 r-0 bg-primary text-white pt-4 pb-4 px-2 pt-lg-8 pb-lg-16 px-lg-11 pb-xl-30\">\n\t\t\t\t\t\t\t\t\t\t\t\t\t\t\t\t\t\t<h2 class=\"unna fs-36 fs-lg-51 fs-xl-75 fs-italic fw-normal text-secondary\">Una vista de ensue\u00f1o para un seminario de gama alta en el Sofitel Marseille Vieux-Port<\/h2>\n\t\t\t\t\t\t\t\t\t\t\t\t\t\t\t\t\t\t<h3 class=\"text-white fs-18 fs-lg-20 fs-xl-28 text-original-case\">Para un grupo excepcional un entorno excepcional. El Sofitel Marseille Vieux-Port te abre sus puertas para\u00a0todo tipo de eventos desde una junta directiva confidencial hasta la organizaci\u00f3n de tu conferencia anual.\u00a0Un hotel de cinco estrellas\u00a0con condiciones excepcionales en\u00a0un ambiente \u00fanico y aut\u00e9ntico.<\/h3>\n\t\t\t\t\t\t\t\t\t\t\t\t\t\t\t\t\t\t<div class=\"fs-wysiwyg mb-4 fs-lg-16 fs-xl-20\"><p><span style=\"font-weight: 400;\">Con vistas al Puerto Viejo y sus 3.000 barcos, el<\/span><b> Sofitel Marsella Vieux-Port<\/b><span style=\"font-weight: 400;\"> te ofrece la vista m\u00e1s hermosa de la ciudad de Marsella.<\/span><\/p>\n<p><span style=\"font-weight: 400;\">Anidado en la colina de Saint-Victor entre el Fort Saint-Jean \u2013 orientado hacia los marselleses para proteger los barcos de la poblaci\u00f3n bajo Luis XIV \u2013 y el Fort Saint-Nicolas, este panorama de 180 grados tambi\u00e9n tiene una vista sobre la catedral de La Mayor y el<\/span><b> Mucem<\/b><span style=\"font-weight: 400;\"> (Museo de las Civilizaciones de Europa y del Mediterr\u00e1neo), erigido para celebrar la nominaci\u00f3n de Marsella como<\/span><b> capital cultural<\/b><span style=\"font-weight: 400;\">.<\/span><\/p>\n<p><span style=\"font-weight: 400;\">Un lugar excepcional que ofrece a sus visitantes profesionales y de descanso un espect\u00e1culo de historia viva y una aut\u00e9ntica burbuja de ox\u00edgeno sobre Marsella.<\/span><\/p>\n<p><span style=\"font-weight: 400;\">Un entorno \u00fanico y confidencial para celebrar una reuni\u00f3n de alto nivel como un comit\u00e9 de direcci\u00f3n, un consejo de administraci\u00f3n o un c\u00f3ctel selecto en la magn\u00edfica terraza de 150 m<\/span><span style=\"font-weight: 400;\">2<\/span><span style=\"font-weight: 400;\"> desde la barra<\/span><b> Los Dant\u00e9s<\/b><span style=\"font-weight: 400;\">, una de las direcciones m\u00e1s populares de la ciudad.<\/span><\/p>\n<\/div>\n\t\t\t\t\t\t\t\t\t\t\t\t\t\t\t\t\t\t\t\t\t\t\t\t<p class=\"m-0\"><img decoding=\"async\" src=\"https:\/\/www.myallmeeting.com\/wp-content\/uploads\/2017\/06\/6829-81-633x398.jpg\" class=\"position-relative l-0\" width=\"633\" height=\"398\" alt=\"s\u00e9minaire haut de gamme salle r\u00e9union restaurant vue\" loading=\"lazy\" \/><\/p>\n\t\t\t\t\t\t\t\t\t\t\t<\/div>\n\t\t\t\t<\/div>\n\t\t\t<\/div>\n\t\t<\/div>\n\t<\/div>\n\t<div class=\"tcta2ia__bottom d-lg-none pb-12 py-lg-9 pe-lg-10\">\n\t\t\t\t<div class=\"h2 fs-20 fs-lg-32 fw-semibold\">El hotel ofrece siete salas de reuniones con capacidad para 130 personas para seminarios y 220 para c\u00f3cteles.<\/div>\n\t\t\t\t\t\t<div class=\"fs-wysiwyg\"><p><span style=\"font-weight: 400;\">Se pueden privatizar salones modulares con vistas panor\u00e1micas y terrazas as\u00ed como una brasserie \u2013<\/span><b> Le Carr\u00e9<\/b><span style=\"font-weight: 400;\">\u2013 elegida<\/span><b> \u201cLa mejor terraza de hotel de Europa\u201d<\/b><span style=\"font-weight: 400;\"> por el Prix Villegiature.<\/span><\/p>\n<p><span style=\"font-weight: 400;\">Tambi\u00e9n puedes disfrutar del restaurante en el s\u00e9ptimo y \u00faltimo piso con una azotea de 100 m<\/span><span style=\"font-weight: 400;\">2<\/span><span style=\"font-weight: 400;\"> para un brunch para 250 personas o una velada para hasta 350 personas. Si deseas organizar un congreso, el lanzamiento de un producto emblem\u00e1tico o un seminario anual de varios d\u00edas de duraci\u00f3n, el hotel tambi\u00e9n es totalmente privatizable.<\/span><\/p>\n<\/div>\n\t\t\t\t<div class=\"d-flex flex-column flex-lg-row align-items-center gap-5 gap-lg-8 justify-content-between\">\n\t\t\t<div class=\"fs-20 fs-lg-26 fw-semibold lh-xs\"><\/div>\n\t\t\t\t\t<\/div>\n\t<\/div>\n<\/div>\n<!-- END OF : Composant : block-periscope-theme-section-composant-25-texte-cta-2-images.php -->\n\n\n<!-- START OF : Composant : block-periscope-theme-section-composant-33-texte-image.php -->\n<!-- INVERSE -->\n<div class=\"text-image fs-wysiwyg mb-8 mb-lg-12\" data-component=\"33-texte-image\" data-reverse=\"oui\">\n\t<div class=\"container-fluid\" style=\"--bs-gutter-x: 0\">\n\t\t<div class=\"row\" style=\"--bs-gutter-x: 0\">\n\t\t\t<div class=\"col-lg-6\">\n\t\t\t\t<div class=\"text-image__content\">\n\t\t\t\t\t\t\t\t\t\t<div class=\"fw-semibold lh-xs fs-20 fs-lg-32 ls--25 mb-5\">El hotel tiene:<\/div>\n\t\t\t\t\t\t\t\t\t\t\t\t\t\t\t<div class=\"fs-wysiwyg\">\n\t\t\t\t\t\t<ul>\n<li><strong>134 habitaciones y suites<\/strong> decoradas con el esp\u00edritu de un camarote de yate de lujo con materiales tradicionales: madera, coral, n\u00e1car&#8230; <strong>restaurante gourmet, Les Trois Forts,<\/strong> celebrado durante 23 a\u00f1os por <strong>el Maestro chef de Francia<\/strong>,\u00a0 Dominique Fr\u00e9rard, que ofrece cocina mediterr\u00e1nea y provenzal con toques asi\u00e1ticos, adem\u00e1s de <em>shows de cocina<\/em> durante las cenas c\u00f3ctel de empresa;<\/li>\n<li>Un<strong> SoSpa de Sofitel<\/strong> ideal para relajarse o ponerse en forma en alguno de sus m\u00faltiples espacios: ba\u00f1o turco, sauna, ba\u00f1o de relajaci\u00f3n y sala de fitness abiertos 24 horas al d\u00eda, 7 d\u00edas a la semana;<\/li>\n<li>Y un <strong>centro de negocios<\/strong> Tambi\u00e9n accesible a cualquier hora del d\u00eda o de la noche<\/li>\n<\/ul>\n<p>Finalmente, el\u00a0<strong>Sofitel Marsella Vieux-Port\u00a0<\/strong>est\u00e1 idealmente ubicado para actividades <em>incentivo<\/em>. Con salidas en barco los 300 d\u00edas del a\u00f1o para recorrer las calas o regatas a Rioul, y el famoso Castillo de If del Conde de Montecristo.<\/p>\n<p>O algo m\u00e1s local, un relajado desaf\u00edo de petanca en la bolera frente al hotel, seguido de un c\u00f3ctel en el\u00a0<strong><em>sal\u00f3n del cielo<\/em>\u00a0<\/strong>para disfrutar del atardecer sobre el Mediterr\u00e1neo\u2026<\/p>\n\t\t\t\t\t<\/div>\n\t\t\t\t\t\t\t\t\t<\/div>\n\t\t\t<\/div>    \n\t\t\t    \n\t\t\t<div class=\"col-lg-6 order-first order-lg-last mb-7 mb-lg-0\">\n\t\t\t\t<img decoding=\"async\" src=\"https:\/\/www.myallmeeting.com\/wp-content\/uploads\/2017\/06\/6096-09-953x600.jpg\" width=\"953\" height=\"600\" alt=\"s\u00e9minaire haut de gamme restaurant rooftop\" loading=\"lazy\" class=\"w-100\" \/>\n\t\t\t<\/div>\n\t\t\t\t\t<\/div>\n\t<\/div>\n<\/div>\n<!-- END OF : Composant : block-periscope-theme-section-composant-33-texte-image.php -->\n","protected":false},"excerpt":{"rendered":"","protected":false},"featured_media":16034304,"menu_order":0,"template":"","periscope_categorie_tax":[3370],"class_list":["post-16037527","article","type-article","status-publish","has-post-thumbnail","hentry","periscope_categorie_tax-descubra-nuestras-direcciones"],"acf":[],"yoast_head":"<title>Una vista de ensue\u00f1o para un seminario de gama alta en el Sofitel Marseille Vieux-Port - Accor MyAllMeeting.com<\/title>\n<meta name=\"robots\" content=\"index, follow, max-snippet:-1, max-image-preview:large, max-video-preview:-1\" \/>\n<link rel=\"canonical\" href=\"https:\/\/www.myallmeeting.com\/es\/wp-json\/wp\/v2\/article\/16037527\" \/>\n<meta property=\"og:locale\" content=\"es_ES\" \/>\n<meta property=\"og:type\" content=\"article\" \/>\n<meta property=\"og:title\" content=\"Una vista de ensue\u00f1o para un seminario de gama alta en el Sofitel Marseille Vieux-Port - Accor MyAllMeeting.com\" \/>\n<meta property=\"og:url\" content=\"https:\/\/www.myallmeeting.com\/es\/article\/una-vista-de-ensueno-para-un-seminario-de-gama-alta-en-el-sofitel-marseille-vieux-port\/\" \/>\n<meta property=\"og:site_name\" content=\"Accor MyAllMeeting.com\" \/>\n<meta property=\"article:modified_time\" content=\"2024-07-16T16:08:57+00:00\" \/>\n<meta property=\"og:image\" content=\"http:\/\/myallmeeting.com\/wp-content\/uploads\/2017\/06\/Marseille.png\" \/>\n\t<meta property=\"og:image:width\" content=\"1920\" \/>\n\t<meta property=\"og:image:height\" content=\"570\" \/>\n\t<meta property=\"og:image:type\" content=\"image\/png\" \/>\n<meta name=\"twitter:card\" content=\"summary_large_image\" \/>\n<meta name=\"twitter:label1\" content=\"Est. reading time\" \/>\n\t<meta name=\"twitter:data1\" content=\"4 minutes\" \/>\n<script type=\"application\/ld+json\" class=\"yoast-schema-graph\">{\"@context\":\"https:\/\/schema.org\",\"@graph\":[{\"@type\":\"WebPage\",\"@id\":\"https:\/\/www.myallmeeting.com\/es\/article\/una-vista-de-ensueno-para-un-seminario-de-gama-alta-en-el-sofitel-marseille-vieux-port\/\",\"url\":\"https:\/\/www.myallmeeting.com\/es\/article\/una-vista-de-ensueno-para-un-seminario-de-gama-alta-en-el-sofitel-marseille-vieux-port\/\",\"name\":\"Una vista de ensue\u00f1o para un seminario de gama alta en el Sofitel Marseille Vieux-Port - Accor MyAllMeeting.com\",\"isPartOf\":{\"@id\":\"https:\/\/www.myallmeeting.com\/es\/#website\"},\"primaryImageOfPage\":{\"@id\":\"https:\/\/www.myallmeeting.com\/es\/article\/una-vista-de-ensueno-para-un-seminario-de-gama-alta-en-el-sofitel-marseille-vieux-port\/#primaryimage\"},\"image\":{\"@id\":\"https:\/\/www.myallmeeting.com\/es\/article\/una-vista-de-ensueno-para-un-seminario-de-gama-alta-en-el-sofitel-marseille-vieux-port\/#primaryimage\"},\"thumbnailUrl\":\"https:\/\/www.myallmeeting.com\/wp-content\/uploads\/2017\/06\/Marseille.png\",\"datePublished\":\"2017-06-09T15:22:49+00:00\",\"dateModified\":\"2024-07-16T16:08:57+00:00\",\"breadcrumb\":{\"@id\":\"https:\/\/www.myallmeeting.com\/es\/article\/una-vista-de-ensueno-para-un-seminario-de-gama-alta-en-el-sofitel-marseille-vieux-port\/#breadcrumb\"},\"inLanguage\":\"es-ES\",\"potentialAction\":[{\"@type\":\"ReadAction\",\"target\":[\"https:\/\/www.myallmeeting.com\/es\/article\/una-vista-de-ensueno-para-un-seminario-de-gama-alta-en-el-sofitel-marseille-vieux-port\/\"]}]},{\"@type\":\"ImageObject\",\"inLanguage\":\"es-ES\",\"@id\":\"https:\/\/www.myallmeeting.com\/es\/article\/una-vista-de-ensueno-para-un-seminario-de-gama-alta-en-el-sofitel-marseille-vieux-port\/#primaryimage\",\"url\":\"https:\/\/www.myallmeeting.com\/wp-content\/uploads\/2017\/06\/Marseille.png\",\"contentUrl\":\"https:\/\/www.myallmeeting.com\/wp-content\/uploads\/2017\/06\/Marseille.png\",\"width\":1920,\"height\":570},{\"@type\":\"BreadcrumbList\",\"@id\":\"https:\/\/www.myallmeeting.com\/es\/article\/una-vista-de-ensueno-para-un-seminario-de-gama-alta-en-el-sofitel-marseille-vieux-port\/#breadcrumb\",\"itemListElement\":[{\"@type\":\"ListItem\",\"position\":1,\"name\":\"P\u00e1gina principal\",\"item\":\"https:\/\/myallmeeting.com\/es\/\"},{\"@type\":\"ListItem\",\"position\":2,\"name\":\"Noticias\",\"item\":\"https:\/\/www.myallmeeting.com\/es\/noticias\/\"},{\"@type\":\"ListItem\",\"position\":3,\"name\":\"Una vista de ensue\u00f1o para un seminario de gama alta en el Sofitel Marseille Vieux-Port\"}]},{\"@type\":\"WebSite\",\"@id\":\"https:\/\/www.myallmeeting.com\/es\/#website\",\"url\":\"https:\/\/www.myallmeeting.com\/es\/\",\"name\":\"Accor MyAllMeeting.com\",\"description\":\"Les Meilleurs lieux pour vos Ev\u00e9nements Professionnels\",\"publisher\":{\"@id\":\"https:\/\/www.myallmeeting.com\/es\/#organization\"},\"potentialAction\":[{\"@type\":\"SearchAction\",\"target\":{\"@type\":\"EntryPoint\",\"urlTemplate\":\"https:\/\/www.myallmeeting.com\/es\/?s={search_term_string}\"},\"query-input\":{\"@type\":\"PropertyValueSpecification\",\"valueRequired\":true,\"valueName\":\"search_term_string\"}}],\"inLanguage\":\"es-ES\"},{\"@type\":\"Organization\",\"@id\":\"https:\/\/www.myallmeeting.com\/es\/#organization\",\"name\":\"ACCOR\",\"url\":\"https:\/\/www.myallmeeting.com\/es\/\",\"logo\":{\"@type\":\"ImageObject\",\"inLanguage\":\"es-ES\",\"@id\":\"https:\/\/www.myallmeeting.com\/es\/#\/schema\/logo\/image\/\",\"url\":\"\",\"contentUrl\":\"\",\"caption\":\"ACCOR\"},\"image\":{\"@id\":\"https:\/\/www.myallmeeting.com\/es\/#\/schema\/logo\/image\/\"}}]}<\/script>","yoast_head_json":{"title":"Una vista de ensue\u00f1o para un seminario de gama alta en el Sofitel Marseille Vieux-Port - Accor MyAllMeeting.com","robots":{"index":"index","follow":"follow","max-snippet":"max-snippet:-1","max-image-preview":"max-image-preview:large","max-video-preview":"max-video-preview:-1"},"canonical":"https:\/\/www.myallmeeting.com\/es\/wp-json\/wp\/v2\/article\/16037527","og_locale":"es_ES","og_type":"article","og_title":"Una vista de ensue\u00f1o para un seminario de gama alta en el Sofitel Marseille Vieux-Port - Accor MyAllMeeting.com","og_url":"https:\/\/www.myallmeeting.com\/es\/article\/una-vista-de-ensueno-para-un-seminario-de-gama-alta-en-el-sofitel-marseille-vieux-port\/","og_site_name":"Accor MyAllMeeting.com","article_modified_time":"2024-07-16T16:08:57+00:00","og_image":[{"width":1920,"height":570,"url":"http:\/\/myallmeeting.com\/wp-content\/uploads\/2017\/06\/Marseille.png","type":"image\/png"}],"twitter_card":"summary_large_image","twitter_misc":{"Est. reading time":"4 minutes"},"schema":{"@context":"https:\/\/schema.org","@graph":[{"@type":"WebPage","@id":"https:\/\/www.myallmeeting.com\/es\/article\/una-vista-de-ensueno-para-un-seminario-de-gama-alta-en-el-sofitel-marseille-vieux-port\/","url":"https:\/\/www.myallmeeting.com\/es\/article\/una-vista-de-ensueno-para-un-seminario-de-gama-alta-en-el-sofitel-marseille-vieux-port\/","name":"Una vista de ensue\u00f1o para un seminario de gama alta en el Sofitel Marseille Vieux-Port - Accor MyAllMeeting.com","isPartOf":{"@id":"https:\/\/www.myallmeeting.com\/es\/#website"},"primaryImageOfPage":{"@id":"https:\/\/www.myallmeeting.com\/es\/article\/una-vista-de-ensueno-para-un-seminario-de-gama-alta-en-el-sofitel-marseille-vieux-port\/#primaryimage"},"image":{"@id":"https:\/\/www.myallmeeting.com\/es\/article\/una-vista-de-ensueno-para-un-seminario-de-gama-alta-en-el-sofitel-marseille-vieux-port\/#primaryimage"},"thumbnailUrl":"https:\/\/www.myallmeeting.com\/wp-content\/uploads\/2017\/06\/Marseille.png","datePublished":"2017-06-09T15:22:49+00:00","dateModified":"2024-07-16T16:08:57+00:00","breadcrumb":{"@id":"https:\/\/www.myallmeeting.com\/es\/article\/una-vista-de-ensueno-para-un-seminario-de-gama-alta-en-el-sofitel-marseille-vieux-port\/#breadcrumb"},"inLanguage":"es-ES","potentialAction":[{"@type":"ReadAction","target":["https:\/\/www.myallmeeting.com\/es\/article\/una-vista-de-ensueno-para-un-seminario-de-gama-alta-en-el-sofitel-marseille-vieux-port\/"]}]},{"@type":"ImageObject","inLanguage":"es-ES","@id":"https:\/\/www.myallmeeting.com\/es\/article\/una-vista-de-ensueno-para-un-seminario-de-gama-alta-en-el-sofitel-marseille-vieux-port\/#primaryimage","url":"https:\/\/www.myallmeeting.com\/wp-content\/uploads\/2017\/06\/Marseille.png","contentUrl":"https:\/\/www.myallmeeting.com\/wp-content\/uploads\/2017\/06\/Marseille.png","width":1920,"height":570},{"@type":"BreadcrumbList","@id":"https:\/\/www.myallmeeting.com\/es\/article\/una-vista-de-ensueno-para-un-seminario-de-gama-alta-en-el-sofitel-marseille-vieux-port\/#breadcrumb","itemListElement":[{"@type":"ListItem","position":1,"name":"P\u00e1gina principal","item":"https:\/\/myallmeeting.com\/es\/"},{"@type":"ListItem","position":2,"name":"Noticias","item":"https:\/\/www.myallmeeting.com\/es\/noticias\/"},{"@type":"ListItem","position":3,"name":"Una vista de ensue\u00f1o para un seminario de gama alta en el Sofitel Marseille Vieux-Port"}]},{"@type":"WebSite","@id":"https:\/\/www.myallmeeting.com\/es\/#website","url":"https:\/\/www.myallmeeting.com\/es\/","name":"Accor MyAllMeeting.com","description":"Les Meilleurs lieux pour vos Ev\u00e9nements Professionnels","publisher":{"@id":"https:\/\/www.myallmeeting.com\/es\/#organization"},"potentialAction":[{"@type":"SearchAction","target":{"@type":"EntryPoint","urlTemplate":"https:\/\/www.myallmeeting.com\/es\/?s={search_term_string}"},"query-input":{"@type":"PropertyValueSpecification","valueRequired":true,"valueName":"search_term_string"}}],"inLanguage":"es-ES"},{"@type":"Organization","@id":"https:\/\/www.myallmeeting.com\/es\/#organization","name":"ACCOR","url":"https:\/\/www.myallmeeting.com\/es\/","logo":{"@type":"ImageObject","inLanguage":"es-ES","@id":"https:\/\/www.myallmeeting.com\/es\/#\/schema\/logo\/image\/","url":"","contentUrl":"","caption":"ACCOR"},"image":{"@id":"https:\/\/www.myallmeeting.com\/es\/#\/schema\/logo\/image\/"}}]}},"_links":{"self":[{"href":"https:\/\/www.myallmeeting.com\/es\/wp-json\/wp\/v2\/article\/16037527","targetHints":{"allow":["GET"]}}],"collection":[{"href":"https:\/\/www.myallmeeting.com\/es\/wp-json\/wp\/v2\/article"}],"about":[{"href":"https:\/\/www.myallmeeting.com\/es\/wp-json\/wp\/v2\/types\/article"}],"wp:featuredmedia":[{"embeddable":true,"href":"https:\/\/www.myallmeeting.com\/es\/wp-json\/wp\/v2\/media\/16034304"}],"wp:attachment":[{"href":"https:\/\/www.myallmeeting.com\/es\/wp-json\/wp\/v2\/media?parent=16037527"}],"wp:term":[{"taxonomy":"periscope_categorie_tax","embeddable":true,"href":"https:\/\/www.myallmeeting.com\/es\/wp-json\/wp\/v2\/periscope_categorie_tax?post=16037527"}],"curies":[{"name":"wp","href":"https:\/\/api.w.org\/{rel}","templated":true}]}}