{"id":16036951,"date":"2023-02-08T16:31:52","date_gmt":"2023-02-08T15:31:52","guid":{"rendered":"https:\/\/myallmeeting.com\/article\/un-seminaire-en-montagne-visitez-le-top-8-de-nos-adresses-accor\/"},"modified":"2024-07-16T17:49:25","modified_gmt":"2024-07-16T15:49:25","slug":"un-seminario-en-la-montana-visita-el-top-8-de-nuestras-direcciones-accor","status":"publish","type":"article","link":"https:\/\/www.myallmeeting.com\/es\/article\/un-seminario-en-la-montana-visita-el-top-8-de-nuestras-direcciones-accor\/","title":{"rendered":"Un seminario en la monta\u00f1a: visita el top 8 de nuestras direcciones Accor"},"content":{"rendered":"<!-- START OF : Composant : block-periscope-theme-section-composant-25-texte-cta-2-images.php -->\n<div class=\"tcta2ia bg-white fs-wysiwyg mb-lg-12\" data-component=\"25-texte-cta-2-images\">\n\t<div class=\"tcta2ia__top\">\n\t\t<div class=\"container-fluid\" style=\"--bs-gutter-x: 0\">\n\t\t\t<div class=\"row\" style=\"--bs-gutter-x: 0\">\n\t\t\t\t<div class=\"col-lg-8\">\n\t\t\t\t\t\t\t\t\t\t<div class=\"bloc-mise-en-avant__top__left\">\n\t\t\t\t\t\t<img decoding=\"async\" src=\"https:\/\/www.myallmeeting.com\/wp-content\/uploads\/2023\/02\/4429-04-1268x846.jpg\" class=\"pe-2 pe-lg-0\" width=\"1268\" height=\"846\" alt=\"\" loading=\"lazy\" \/>\n\t\t\t\t\t<\/div>\n\t\t\t\t\t\t\t\t\t\t<div class=\"tcta2ia__bottom d-none d-lg-block pb-12 pt-lg-9 pb-lg-0 pe-lg-10\">\n\t\t\t\t\t\t\t\t\t\t\t\t<h2 class=\"fs-20 fs-lg-32 fw-semibold\">Tarcin Forest Resort and Spa Sarajevo \u2013 MGallery<\/h2>\n\t\t\t\t\t\t\t\t\t\t\t\t\t\t\t\t\t\t<div class=\"fs-wysiwyg\"><p><i><span style=\"font-weight: 400;\">En la zona de Monta\u00f1as Ol\u00edmpicas de Sarajevo<\/span><\/i><\/p>\n<p><span style=\"font-weight: 400;\">\u00a1Monta\u00f1as, lagos y r\u00edos se dan cita para formar la decoraci\u00f3n del\u00a0<\/span><a href=\"https:\/\/myallmeeting.com\/es\/hotel\/b0l6-tarcin-forest-resort-and-spa-sarajevo-mgallery\/\"><b>MGallery Tarcin Forest Resort and Spa<\/b><\/a><span style=\"font-weight: 400;\">! Ubicado en el\u00a0<\/span><b>valle de Tarc\u00edn<\/b><span style=\"font-weight: 400;\">, en las monta\u00f1as que albergaron los Juegos Ol\u00edmpicos de Invierno de 1984, este hotel de cinco estrellas est\u00e1 a 25 km de\u00a0<\/span><b>Sarajevo<\/b><span style=\"font-weight: 400;\">\u00a0(y de su aeropuerto internacional), la capital de la\u00a0<\/span><b>Bosnia y Herzegovina<\/b><span style=\"font-weight: 400;\">. \u00a1Vale la pena visitar esta ciudad cosmopolita de interesante historia!<\/span><\/p>\n<p><span style=\"font-weight: 400;\">Adem\u00e1s de disfrutar de la\u00a0<\/span><b>piscina \u2013 \u00a1con vista a las monta\u00f1as!<\/b><span style=\"font-weight: 400;\">\u00a0\u2013 o al\u00a0<\/span><b>gimnasio<\/b><span style=\"font-weight: 400;\">\u00a0y el\u00a0<\/span><b>spa<\/b><span style=\"font-weight: 400;\">\u00a0del hotel, tendr\u00e1s\u00a0<b>dos salas de reuniones<\/b><span style=\"font-weight: 400;\">, una de ellas con capacidad para\u00a0<\/span><b>120 personas<\/b><span style=\"font-weight: 400;\"> que acoger\u00e1n a los participantes de tus reuniones. Se pueden sentar junto a la terraza lo que les garantizar\u00e1 bocanadas de aire fresco y una vista relajante \u00a1incluso en plena sesi\u00f3n de trabajo!<\/span><\/span><\/p>\n<\/div>\n\t\t\t\t\t\t\t\t\t\t\t\t<div class=\"d-flex flex-column flex-lg-row align-items-center gap-5 gap-lg-8 justify-content-between\">\n\t\t\t\t\t\t\t<div class=\"fs-20 fs-lg-26 fw-semibold lh-xs\"><\/div>\n\t\t\t\t\t\t\t\t\t\t\t\t\t<\/div>\n\t\t\t\t\t<\/div>\n\t\t\t\t<\/div>\n\t\t\t\t<div class=\"col-lg-4\">\n\t\t\t\t\t<div class=\"tcta2ia__top__right t-0 r-0 bg-primary text-white pt-4 pb-4 px-2 pt-lg-8 pb-lg-16 px-lg-11 pb-xl-30\">\n\t\t\t\t\t\t\t\t\t\t\t\t\t\t\t\t\t\t<h2 class=\"unna fs-36 fs-lg-51 fs-xl-75 fs-italic fw-normal text-secondary\">Un seminario en la monta\u00f1a: visita el top 8 de nuestras direcciones Accor<\/h2>\n\t\t\t\t\t\t\t\t\t\t\t\t\t\t\t\t\t\t<h3 class=\"text-white fs-18 fs-lg-20 fs-xl-28 text-original-case\">Pirineos, Alpes b\u00e1varos, Gigantes Polacos, Volcanes de Auvernia\u2026 \u00a1A Europa no le faltan relieves!<\/h3>\n\t\t\t\t\t\t\t\t\t\t\t\t\t\t\t\t\t\t<div class=\"fs-wysiwyg mb-4 fs-lg-16 fs-xl-20\"><p><i><span style=\"font-weight: 400;\">Dale un nuevo aire a tus convenciones y eventos con paisajes envolventes gracias a estos ocho destinos de monta\u00f1a.<\/span><\/i><\/p>\n<\/div>\n\t\t\t\t\t\t\t\t\t\t\t\t\t\t\t\t\t\t\t\t\t\t\t\t<p class=\"m-0\"><img decoding=\"async\" src=\"https:\/\/www.myallmeeting.com\/wp-content\/uploads\/2023\/02\/4639-27-633x398.jpg\" class=\"position-relative l-0\" width=\"633\" height=\"398\" alt=\"\" loading=\"lazy\" \/><\/p>\n\t\t\t\t\t\t\t\t\t\t\t<\/div>\n\t\t\t\t<\/div>\n\t\t\t<\/div>\n\t\t<\/div>\n\t<\/div>\n\t<div class=\"tcta2ia__bottom d-lg-none pb-12 py-lg-9 pe-lg-10\">\n\t\t\t\t<div class=\"h2 fs-20 fs-lg-32 fw-semibold\">Tarcin Forest Resort and Spa Sarajevo \u2013 MGallery<\/div>\n\t\t\t\t\t\t<div class=\"fs-wysiwyg\"><p><i><span style=\"font-weight: 400;\">En la zona de Monta\u00f1as Ol\u00edmpicas de Sarajevo<\/span><\/i><\/p>\n<p><span style=\"font-weight: 400;\">\u00a1Monta\u00f1as, lagos y r\u00edos se dan cita para formar la decoraci\u00f3n del\u00a0<\/span><a href=\"https:\/\/myallmeeting.com\/es\/hotel\/b0l6-tarcin-forest-resort-and-spa-sarajevo-mgallery\/\"><b>MGallery Tarcin Forest Resort and Spa<\/b><\/a><span style=\"font-weight: 400;\">! Ubicado en el\u00a0<\/span><b>valle de Tarc\u00edn<\/b><span style=\"font-weight: 400;\">, en las monta\u00f1as que albergaron los Juegos Ol\u00edmpicos de Invierno de 1984, este hotel de cinco estrellas est\u00e1 a 25 km de\u00a0<\/span><b>Sarajevo<\/b><span style=\"font-weight: 400;\">\u00a0(y de su aeropuerto internacional), la capital de la\u00a0<\/span><b>Bosnia y Herzegovina<\/b><span style=\"font-weight: 400;\">. \u00a1Vale la pena visitar esta ciudad cosmopolita de interesante historia!<\/span><\/p>\n<p><span style=\"font-weight: 400;\">Adem\u00e1s de disfrutar de la\u00a0<\/span><b>piscina \u2013 \u00a1con vista a las monta\u00f1as!<\/b><span style=\"font-weight: 400;\">\u00a0\u2013 o al\u00a0<\/span><b>gimnasio<\/b><span style=\"font-weight: 400;\">\u00a0y el\u00a0<\/span><b>spa<\/b><span style=\"font-weight: 400;\">\u00a0del hotel, tendr\u00e1s\u00a0<b>dos salas de reuniones<\/b><span style=\"font-weight: 400;\">, una de ellas con capacidad para\u00a0<\/span><b>120 personas<\/b><span style=\"font-weight: 400;\"> que acoger\u00e1n a los participantes de tus reuniones. Se pueden sentar junto a la terraza lo que les garantizar\u00e1 bocanadas de aire fresco y una vista relajante \u00a1incluso en plena sesi\u00f3n de trabajo!<\/span><\/span><\/p>\n<\/div>\n\t\t\t\t<div class=\"d-flex flex-column flex-lg-row align-items-center gap-5 gap-lg-8 justify-content-between\">\n\t\t\t<div class=\"fs-20 fs-lg-26 fw-semibold lh-xs\"><\/div>\n\t\t\t\t\t<\/div>\n\t<\/div>\n<\/div>\n<!-- END OF : Composant : block-periscope-theme-section-composant-25-texte-cta-2-images.php -->\n\n\n<!-- START OF : Composant : block-periscope-theme-section-composant-33-texte-image.php -->\n<div class=\"text-image fs-wysiwyg mb-8 mb-lg-12\" data-component=\"33-texte-image\">\n\t<div class=\"container-fluid\" style=\"--bs-gutter-x: 0\">\n\t\t<div class=\"row\" style=\"--bs-gutter-x: 0\">\n\t\t\t\t\t\t<div class=\"col-lg-6 mb-7 mb-lg-0\">\n\t\t\t\t<img decoding=\"async\" src=\"https:\/\/www.myallmeeting.com\/wp-content\/uploads\/2023\/02\/6870-19-953x600.jpg\" width=\"953\" height=\"600\" alt=\"\" loading=\"lazy\" class=\"w-100\" \/>\n\t\t\t<\/div>\n\t\t\t\t\t\t<div class=\"col-lg-6\">\n\t\t\t\t<div class=\"text-image__content\">\n\t\t\t\t\t\t\t\t\t\t<div class=\"fw-semibold lh-xs fs-20 fs-lg-32 ls--25 mb-5\">Fairmont Le Montreux Palace<\/div>\n\t\t\t\t\t\t\t\t\t\t\t\t\t\t\t<div class=\"fs-wysiwyg\">\n\t\t\t\t\t\t<p><span style=\"font-weight: 400;\">Lujo, calma\u2026 \u00a1y jazz en Montreux!<\/span><\/p>\n<p><span style=\"font-weight: 400;\">El\u00a0<\/span><b>lago Lem\u00e1n<\/b><span style=\"font-weight: 400;\">, del lado\u00a0<\/span><b>suizo<\/b><span style=\"font-weight: 400;\">, se extiende hasta los pies del\u00a0<\/span><b>Fairmont Le Montreux Palace<\/b><span style=\"font-weight: 400;\">, magn\u00edfico hotel de cinco estrellas cuya fachada\u00a0<\/b><b>Belle \u00c9poque<\/b><span style=\"font-weight: 400;\">\u00a0te sumerge a la perfecci\u00f3n en esta atm\u00f3sfera distinguida de principios del siglo XX.<\/span><\/p>\n<p><span style=\"font-weight: 400;\">Situado a unos cien kil\u00f3metros del aeropuerto internacional de Ginebra, este\u00a0<\/span><b>palacio<\/b><span style=\"font-weight: 400;\">\u00a0re\u00fane todos los elementos para ofrecerte una convenci\u00f3n excepcional:\u00a0<\/span><b>20 salas de reuniones<\/b><span style=\"font-weight: 400;\">, con una superficie total de\u00a0<\/span><b>3.800 m\u00b2<\/b><span style=\"font-weight: 400;\">,\u00a0<\/span><b>dos piscinas<\/b><span style=\"font-weight: 400;\">, un\u00a0<\/span><b>gimnasio<\/b><span style=\"font-weight: 400;\">\u00a0con\u00a0<\/span><b>spa<\/b><span style=\"font-weight: 400;\">, y todo esto con impresionantes vistas a las monta\u00f1as y al lago.<\/span><\/p>\n<p><span style=\"font-weight: 400;\">Entre el esqu\u00ed en invierno y la playa en verano, el ambiente es rico en excursiones a la naturaleza \u00a1pero no es solo esto! Se pueden visitar los antiguos castillos de los alrededores y, cada verano, desde 1967, la ciudad acoge un\u00a0<\/span><b>festival de jazz<\/b><span style=\"font-weight: 400;\">\u00a0que se ha convertido en una cita imperdible.<\/span><\/p>\n\t\t\t\t\t<\/div>\n\t\t\t\t\t\t\t\t\t<\/div>\n\t\t\t<\/div>        \n\t\t<\/div>\n\t<\/div>\n<\/div>\n<!-- END OF : Composant : block-periscope-theme-section-composant-33-texte-image.php -->\n\n\n<!-- START OF : Composant : block-periscope-theme-section-composant-33-texte-image.php -->\n<!-- INVERSE -->\n<div class=\"text-image fs-wysiwyg mb-8 mb-lg-12\" data-component=\"33-texte-image\" data-reverse=\"oui\">\n\t<div class=\"container-fluid\" style=\"--bs-gutter-x: 0\">\n\t\t<div class=\"row\" style=\"--bs-gutter-x: 0\">\n\t\t\t<div class=\"col-lg-6\">\n\t\t\t\t<div class=\"text-image__content\">\n\t\t\t\t\t\t\t\t\t\t<div class=\"fw-semibold lh-xs fs-20 fs-lg-32 ls--25 mb-5\">Mercure Saint-Nectaire \u2013 Spa &amp; Bien-\u00catre<\/div>\n\t\t\t\t\t\t\t\t\t\t\t\t\t\t\t<div class=\"fs-wysiwyg\">\n\t\t\t\t\t\t<p><span style=\"font-weight: 400;\">En el coraz\u00f3n de los volcanes de Auvernia<\/span><\/p>\n<p><span style=\"font-weight: 400;\">Famoso por su\u00a0<\/span><b>queso<\/b><span style=\"font-weight: 400;\">,\u00a0<\/span><b>Saint-Nectaire<\/b><span style=\"font-weight: 400;\">\u00a0es un peque\u00f1o y encantador\u00a0pueblo de Auvernia,\u00a0en el centro de Francia,\u00a0que te permitir\u00e1 visitar su iglesia del siglo XII que es una joya de\u00a0arte rom\u00e1nico. Con su hermoso edificio de finales del siglo XIX y su parque boscoso, el hotel de cuatro estrellas\u00a0<a href=\"https:\/\/myallmeeting.com\/es\/hotel\/1814-hotel-mercure-saint-nectaire-spa-bien-etre\/\"><b>Mercure Saint-Nectaire<\/b><\/a>\u00a0forma parte de este patrimonio preservado en el magn\u00edfico entorno del\u00a0macizo de Sancy.<\/span><\/p>\n<p><span style=\"font-weight: 400;\">A 40 kil\u00f3metros de\u00a0<\/span><b>Clermont-Ferrand<\/b><span style=\"font-weight: 400;\">\u00a0(estaci\u00f3n de tren y aeropuerto internacional), el hotel tiene lo que necesitas para que tu seminario sea un verdadero descanso tanto acogedor como c\u00f3modo:\u00a0con sus\u00a0<b>cinco salas de reuniones<\/b>\u00a0a tu disposici\u00f3n, una de ellas con capacidad para hasta\u00a0<b>50 personas<\/b>, adem\u00e1s de\u00a0<b>dos piscinas<\/b>\u00a0(interior y exterior), un spa con\u00a0<b>ba\u00f1o turco<\/b>\u00a0y\u00a0<b>jacuzzi<\/b>\u00a0y sauna\u2026<\/span><\/p>\n<p><span style=\"font-weight: 400;\">Si a pesar de todos estos atractivos deseas salir, \u00a1la\u00a0<\/span><b>cadena de Puys de los volcanes de Auvernia te espera!<\/b><\/p>\n\t\t\t\t\t<\/div>\n\t\t\t\t\t\t\t\t\t<\/div>\n\t\t\t<\/div>    \n\t\t\t    \n\t\t\t<div class=\"col-lg-6 order-first order-lg-last mb-7 mb-lg-0\">\n\t\t\t\t<img decoding=\"async\" src=\"https:\/\/www.myallmeeting.com\/wp-content\/uploads\/2023\/02\/3446-30-953x600.jpg\" width=\"953\" height=\"600\" alt=\"\" loading=\"lazy\" class=\"w-100\" \/>\n\t\t\t<\/div>\n\t\t\t\t\t<\/div>\n\t<\/div>\n<\/div>\n<!-- END OF : Composant : block-periscope-theme-section-composant-33-texte-image.php -->\n\n\n<!-- START OF : Composant : block-periscope-theme-section-composant-33-texte-image.php -->\n<div class=\"text-image fs-wysiwyg mb-8 mb-lg-12\" data-component=\"33-texte-image\">\n\t<div class=\"container-fluid\" style=\"--bs-gutter-x: 0\">\n\t\t<div class=\"row\" style=\"--bs-gutter-x: 0\">\n\t\t\t\t\t\t<div class=\"col-lg-6 mb-7 mb-lg-0\">\n\t\t\t\t<img decoding=\"async\" src=\"https:\/\/www.myallmeeting.com\/wp-content\/uploads\/2023\/02\/6488-50-953x600.jpg\" width=\"953\" height=\"600\" alt=\"\" loading=\"lazy\" class=\"w-100\" \/>\n\t\t\t<\/div>\n\t\t\t\t\t\t<div class=\"col-lg-6\">\n\t\t\t\t<div class=\"text-image__content\">\n\t\t\t\t\t\t\t\t\t\t<div class=\"fw-semibold lh-xs fs-20 fs-lg-32 ls--25 mb-5\">Le Saint Gervais Hotel &amp; Spa &#8211; Handwritten Collection<\/div>\n\t\t\t\t\t\t\t\t\t\t\t\t\t\t\t<div class=\"fs-wysiwyg\">\n\t\t\t\t\t\t<p><span style=\"font-weight: 400;\">Aprovecha disfrutar de una bocanada de aire fresco al pie del Mont Blanc<\/span><\/p>\n<p><span style=\"font-weight: 400;\">\u00a1Qu\u00e9 mejor que el aire de Saboya para recargar las pilas! En el men\u00fa, un <\/span><b>ambiente t\u00edpico, acogedor y c\u00e1lido, entre monta\u00f1as e hidroterapia, situado en uno de los pueblos m\u00e1s bellos de la Alta Saboya<\/b><span style=\"font-weight: 400;\">.\u00a0<\/span><\/p>\n<p><span style=\"font-weight: 400;\">\u00bfTe encantan las monta\u00f1as? Encontrar\u00e1s lo que buscas en las numerosas rutas de senderismo de los alrededores. \u00bfEres amante de la buena mesa? El<\/span><b> bar Le Marie Paradis<\/b><span style=\"font-weight: 400;\"> y el <\/span><b>Restaurante Avanti<\/b><span style=\"font-weight: 400;\"> est\u00e1n aqu\u00ed para deleitar tu paladar. \u00bfQuieres multiplicar tu bienestar? Las actividades del spa mejorar\u00e1n tu estado de \u00e1nimo y tu salud.<\/span><\/p>\n<p><span style=\"font-weight: 400;\"><a href=\"https:\/\/myallmeeting.com\/es\/hotel\/b9f3-le-saint-gervais-hotel-spa\/\">El establecimiento<\/a> te ofrece <\/span><b>75 habitaciones y suites con balcones y vistas a la monta\u00f1a<\/b><span style=\"font-weight: 400;\">. Para tus eventos profesionales, <\/span><b>tenemos salas de reuniones<\/b><span style=\"font-weight: 400;\">. Un ambiente ideal para una reuni\u00f3n productiva.\u00a0<\/span><\/p>\n<p><i><span style=\"font-weight: 400;\">Por \u00faltimo, pero no menos importante<\/span><\/i><span style=\"font-weight: 400;\">, con la reservaci\u00f3n de cualquier habitaci\u00f3n tendr\u00e1s derecho a un pasaje de ida y vuelta en el tranv\u00eda del Mont-Blanc.<\/span><\/p>\n\t\t\t\t\t<\/div>\n\t\t\t\t\t\t\t\t\t<\/div>\n\t\t\t<\/div>        \n\t\t<\/div>\n\t<\/div>\n<\/div>\n<!-- END OF : Composant : block-periscope-theme-section-composant-33-texte-image.php -->\n\n\n<!-- START OF : Composant : block-periscope-theme-section-composant-33-texte-image.php -->\n<!-- INVERSE -->\n<div class=\"text-image fs-wysiwyg mb-8 mb-lg-12\" data-component=\"33-texte-image\" data-reverse=\"oui\">\n\t<div class=\"container-fluid\" style=\"--bs-gutter-x: 0\">\n\t\t<div class=\"row\" style=\"--bs-gutter-x: 0\">\n\t\t\t<div class=\"col-lg-6\">\n\t\t\t\t<div class=\"text-image__content\">\n\t\t\t\t\t\t\t\t\t\t<div class=\"fw-semibold lh-xs fs-20 fs-lg-32 ls--25 mb-5\">Novotel Meg\u00e8ve Mont-Blanc<\/div>\n\t\t\t\t\t\t\t\t\t\t\t\t\t\t\t<div class=\"fs-wysiwyg\">\n\t\t\t\t\t\t<p><span style=\"font-weight: 400;\">En el centro de todas las actividades de monta\u00f1a<\/span><\/p>\n<p><span style=\"font-weight: 400;\">El hotel de cuatro estrellas <a href=\"https:\/\/myallmeeting.com\/es\/hotel\/b5i0-novotel-megeve-mont-blanc\/\">Novotel Meg\u00e8ve Mont-Blanc<\/a> te espera en un entorno aut\u00e9ntico: encontrar\u00e1s un <\/span><b>chalet moderno en el coraz\u00f3n de las monta\u00f1as, en uno de los complejos tur\u00edsticos m\u00e1s prestigiosos de la Alta Saboya<\/b><span style=\"font-weight: 400;\">.\u00a0<\/span><\/p>\n<p><span style=\"font-weight: 400;\">Para estancias familiares o profesionales, amplias habitaciones o suites para cuatro personas; siempre encontrar\u00e1s lo que buscas.<\/span><b> El establecimiento est\u00e1 en el centro de varias actividades.<\/b><span style=\"font-weight: 400;\"> Se encuentra en el Domaine de Metziva &#8211; cerca del Palacio Meg\u00e8ve y de tiendas, bares y restaurantes. Tiene una sala polideportiva con piscina ol\u00edmpica, piscina infantil, spa y zona de balneoterapia. \u00bfPrefieres esquiar? No hay problema, el acceso a las pistas de esqu\u00ed es r\u00e1pido: siete minutos en auto, 15 minutos a pie. Y por supuesto, el hotel dispone de una sala de esqu\u00ed donde, de parte de nuestro socio, recibir\u00e1s descuentos en el alquiler de tu equipo de esqu\u00ed.<\/span><\/p>\n<p><b>Este entorno encantador tambi\u00e9n favorece el trabajo<\/b><span style=\"font-weight: 400;\">. Nuestras salas est\u00e1n disponibles para la organizaci\u00f3n de eventos profesionales, <\/span><b>promoviendo el bienestar y la productividad de tus participantes<\/b><span style=\"font-weight: 400;\">.<\/span><\/p>\n\t\t\t\t\t<\/div>\n\t\t\t\t\t\t\t\t\t<\/div>\n\t\t\t<\/div>    \n\t\t\t    \n\t\t\t<div class=\"col-lg-6 order-first order-lg-last mb-7 mb-lg-0\">\n\t\t\t\t<img decoding=\"async\" src=\"https:\/\/www.myallmeeting.com\/wp-content\/uploads\/2023\/02\/5662-46-953x600.jpg\" width=\"953\" height=\"600\" alt=\"\" loading=\"lazy\" class=\"w-100\" \/>\n\t\t\t<\/div>\n\t\t\t\t\t<\/div>\n\t<\/div>\n<\/div>\n<!-- END OF : Composant : block-periscope-theme-section-composant-33-texte-image.php -->\n\n\n<!-- START OF : Composant : block-periscope-theme-section-composant-33-texte-image.php -->\n<div class=\"text-image fs-wysiwyg mb-8 mb-lg-12\" data-component=\"33-texte-image\">\n\t<div class=\"container-fluid\" style=\"--bs-gutter-x: 0\">\n\t\t<div class=\"row\" style=\"--bs-gutter-x: 0\">\n\t\t\t\t\t\t<div class=\"col-lg-6 mb-7 mb-lg-0\">\n\t\t\t\t<img decoding=\"async\" src=\"https:\/\/www.myallmeeting.com\/wp-content\/uploads\/2023\/02\/2927-02-953x600.jpg\" width=\"953\" height=\"600\" alt=\"\" loading=\"lazy\" class=\"w-100\" \/>\n\t\t\t<\/div>\n\t\t\t\t\t\t<div class=\"col-lg-6\">\n\t\t\t\t<div class=\"text-image__content\">\n\t\t\t\t\t\t\t\t\t\t<div class=\"fw-semibold lh-xs fs-20 fs-lg-32 ls--25 mb-5\">Mercure Garmisch-Parternkirchen<\/div>\n\t\t\t\t\t\t\t\t\t\t\t\t\t\t\t<div class=\"fs-wysiwyg\">\n\t\t\t\t\t\t<p><span style=\"font-weight: 400;\">El panorama de los Alpes b\u00e1varos<\/span><\/p>\n<p><span style=\"font-weight: 400;\">En el sureste de\u00a0<\/span><b>Alemania<\/b><span style=\"font-weight: 400;\">, te espera\u00a0<\/span><b>Baviera<\/b><span style=\"font-weight: 400;\">\u00a0con sus paisajes de postal, entre grandes lagos y picos nevados, y sus platos contundentes, \u00a1entre ellos los famosos kn\u00f6dels!<\/span><\/p>\n<p><span style=\"font-weight: 400;\">El hotel de cuatro estrellas\u00a0<\/span><a href=\"https:\/\/myallmeeting.com\/es\/hotel\/2940-mercure-hotel-garmisch-partenkirchen\/\"><b>Mercure Garmisch-Parternkirchen<\/b><\/a><span style=\"font-weight: 400;\">\u00a0se encuentra en el coraz\u00f3n de esta generosa regi\u00f3n: a cinco km del\u00a0<\/span><b>lago Eisbee<\/b><span style=\"font-weight: 400;\">\u00a0\u2013 que algunos dicen es el lago m\u00e1s bello de Baviera \u2013 y al pie del\u00a0<\/span><b>Zugspitze<\/b><span style=\"font-weight: 400;\">, el punto m\u00e1s alto de Alemania (2.962 m), y de sus pistas de esqu\u00ed.<\/span><\/p>\n<p><span style=\"font-weight: 400;\">Accesible por el aeropuerto internacional de Innsbruck (Austria), a 60 km, te ofrece <\/span><b>nueve salas de reuniones modulares<\/b><span style=\"font-weight: 400;\">\u00a0para la organizaci\u00f3n de eventos.<\/span><\/p>\n<p><span style=\"font-weight: 400;\">Una\u00a0<\/span><b>piscina<\/b><span style=\"font-weight: 400;\"> y un\u00a0<\/span><b>gimnasio<\/b><span style=\"font-weight: 400;\">\u00a0completan la gama de servicios que ofrece este hotel con su atm\u00f3sfera aut\u00e9ntica, ideal para inyectar un tono c\u00e1lido a tu seminario.<\/span><\/p>\n\t\t\t\t\t<\/div>\n\t\t\t\t\t\t\t\t\t<\/div>\n\t\t\t<\/div>        \n\t\t<\/div>\n\t<\/div>\n<\/div>\n<!-- END OF : Composant : block-periscope-theme-section-composant-33-texte-image.php -->\n\n\n<!-- START OF : Composant : block-periscope-theme-section-composant-33-texte-image.php -->\n<!-- INVERSE -->\n<div class=\"text-image fs-wysiwyg mb-8 mb-lg-12\" data-component=\"33-texte-image\" data-reverse=\"oui\">\n\t<div class=\"container-fluid\" style=\"--bs-gutter-x: 0\">\n\t\t<div class=\"row\" style=\"--bs-gutter-x: 0\">\n\t\t\t<div class=\"col-lg-6\">\n\t\t\t\t<div class=\"text-image__content\">\n\t\t\t\t\t\t\t\t\t\t<div class=\"fw-semibold lh-xs fs-20 fs-lg-32 ls--25 mb-5\">Mercure Krynica Zdroj Resort &amp; Spa<\/div>\n\t\t\t\t\t\t\t\t\t\t\t\t\t\t\t<div class=\"fs-wysiwyg\">\n\t\t\t\t\t\t<p><span style=\"font-weight: 400;\">El balneario termal m\u00e1s grande de Polonia<\/span><\/p>\n<p><span style=\"font-weight: 400;\">A un paso de la frontera con Eslovaquia, al sur de la\u00a0<\/span><b>Polonia<\/b><span style=\"font-weight: 400;\">, el peque\u00f1o pueblo de\u00a0<\/span><b>Krynica Zdr\u00f3j<\/b><span style=\"font-weight: 400;\">\u00a0es el hogar del spa m\u00e1s grande del pa\u00eds. Una buena raz\u00f3n para organizar un seminario en el\u00a0<\/span><a href=\"https:\/\/myallmeeting.com\/es\/hotel\/9076-hotel-mercure-krynica-zdroj-resort-spa\/\"><b>Mercure Krynica Zdroj Resort &amp; Spa<\/b><\/a><span style=\"font-weight: 400;\">\u00a0para ofrecerle a tus empleados un descanso respirable y relajante.<\/span><\/p>\n<p><span style=\"font-weight: 400;\">Accesible desde el aeropuerto internacional de Poprad-Tatry, a unos cien kil\u00f3metros en Eslovaquia, o del aeropuerto de Cracovia (a 150 km), este hotel de cuatro estrellas te ofrece\u00a0<b>cinco salas de reuniones<\/b><span style=\"font-weight: 400;\">, la m\u00e1s grande de\u00a0<b>300 m\u00b2<\/b><span style=\"font-weight: 400;\">, y tambi\u00e9n un\u00a0<b>spa<\/b><span style=\"font-weight: 400;\">\u00a0de \u00faltima generaci\u00f3n, con\u00a0<b>piscina<\/b><span style=\"font-weight: 400;\">\u00a0y\u00a0<b>saunas<\/b><span style=\"font-weight: 400;\">.<\/span><\/span><\/span><\/span><\/span><\/span><\/p>\n<p><span style=\"font-weight: 400;\">Afuera, te esperan hermosas rutas de senderismo (seg\u00fan la temporada, con esqu\u00eds o a pie) y un hermoso parque para mejorar tus eventos \u00a1donde el bienestar ser\u00e1 el centro de tu programa!<\/span><\/p>\n\t\t\t\t\t<\/div>\n\t\t\t\t\t\t\t\t\t<\/div>\n\t\t\t<\/div>    \n\t\t\t    \n\t\t\t<div class=\"col-lg-6 order-first order-lg-last mb-7 mb-lg-0\">\n\t\t\t\t<img decoding=\"async\" src=\"https:\/\/www.myallmeeting.com\/wp-content\/uploads\/2023\/02\/5493-09-953x600.jpg\" width=\"953\" height=\"600\" alt=\"\" loading=\"lazy\" class=\"w-100\" \/>\n\t\t\t<\/div>\n\t\t\t\t\t<\/div>\n\t<\/div>\n<\/div>\n<!-- END OF : Composant : block-periscope-theme-section-composant-33-texte-image.php -->\n\n\n<!-- START OF : Composant : block-periscope-theme-section-composant-33-texte-image.php -->\n<div class=\"text-image fs-wysiwyg mb-8 mb-lg-12\" data-component=\"33-texte-image\">\n\t<div class=\"container-fluid\" style=\"--bs-gutter-x: 0\">\n\t\t<div class=\"row\" style=\"--bs-gutter-x: 0\">\n\t\t\t\t\t\t<div class=\"col-lg-6 mb-7 mb-lg-0\">\n\t\t\t\t<img decoding=\"async\" src=\"https:\/\/www.myallmeeting.com\/wp-content\/uploads\/2023\/02\/1886-25-953x600.jpg\" width=\"953\" height=\"600\" alt=\"\" loading=\"lazy\" class=\"w-100\" \/>\n\t\t\t<\/div>\n\t\t\t\t\t\t<div class=\"col-lg-6\">\n\t\t\t\t<div class=\"text-image__content\">\n\t\t\t\t\t\t\t\t\t\t<div class=\"fw-semibold lh-xs fs-20 fs-lg-32 ls--25 mb-5\">Novotel Andorra<\/div>\n\t\t\t\t\t\t\t\t\t\t\t\t\t\t\t<div class=\"fs-wysiwyg\">\n\t\t\t\t\t\t<p><span style=\"font-weight: 400;\">En los Pirineos, entre Francia y Espa\u00f1a<\/span><\/p>\n<p><span style=\"font-weight: 400;\">Bienvenido a\u00a0<\/span><b>Andorra-la-Vieja<\/b><span style=\"font-weight: 400;\">, la capital \u2013 la m\u00e1s alta de Europa, \u00a11.023 m de altitud! \u2013 de la principado de Andorra. El acceso por el aeropuerto internacional de Barcelona y sus conexiones en bus es el m\u00e1s f\u00e1cil.<\/span><\/p>\n<p><span style=\"font-weight: 400;\">El\u00a0<\/span><b>cuatro estrellas<\/b><span style=\"font-weight: 400;\">\u00a0<\/span><a href=\"https:\/\/myallmeeting.com\/es\/hotel\/1113-novotel-andorra\/\"><b>Novotel Andorra<\/b><\/a><span style=\"font-weight: 400;\">\u00a0est\u00e1 en el centro de esta encantadora ciudad,\u00a0<\/span><b>templo del shopping<\/b><span style=\"font-weight: 400;\">, que tambi\u00e9n alberga un precioso patrimonio\u00a0<\/span><b>de iglesias rom\u00e1nicas<\/b><span style=\"font-weight: 400;\">\u00a0y de\u00a0<\/span><b>puentes medievales<\/b><span style=\"font-weight: 400;\">.<\/span><\/p>\n<p><b>Las<\/b><span style=\"font-weight: 400;\">\u00a0tres salas de reuniones<\/span><b>\u00a0del hotel, cada una con capacidad de hasta\u00a0<\/b><span style=\"font-weight: 400;\">30 personas<\/span><b>, acogen a quienes les guste relajarse al final del d\u00eda en la piscina y en el gimnasio\/spa del vecino Mercure.<\/b><\/p>\n<p><span style=\"font-weight: 400;\">Los m\u00e1s deportistas apreciar\u00e1n la proximidad del dominio esquiable de Vallnord\u00a0(6 km) y de\u00a0<\/span><b>Grandvalira<\/b><span style=\"font-weight: 400;\">, la m\u00e1s grande estaci\u00f3n de los Pirineos, a solo 12 km; los otros se dejar\u00e1n seducir por la belleza del entorno.<\/span><\/p>\n\t\t\t\t\t<\/div>\n\t\t\t\t\t\t\t\t\t<\/div>\n\t\t\t<\/div>        \n\t\t<\/div>\n\t<\/div>\n<\/div>\n<!-- END OF : Composant : block-periscope-theme-section-composant-33-texte-image.php -->\n","protected":false},"excerpt":{"rendered":"","protected":false},"featured_media":16010675,"menu_order":0,"template":"","periscope_categorie_tax":[3552],"class_list":["post-16036951","article","type-article","status-publish","has-post-thumbnail","hentry","periscope_categorie_tax-tous-nos-tops-selections-es"],"acf":[],"yoast_head":"<title>Un seminario en la monta\u00f1a: visita el top 8 de nuestras direcciones Accor - Accor MyAllMeeting.com<\/title>\n<meta name=\"robots\" content=\"index, follow, max-snippet:-1, max-image-preview:large, max-video-preview:-1\" \/>\n<link rel=\"canonical\" href=\"https:\/\/www.myallmeeting.com\/es\/wp-json\/wp\/v2\/article\/16036951\" \/>\n<meta property=\"og:locale\" content=\"es_ES\" \/>\n<meta property=\"og:type\" content=\"article\" \/>\n<meta property=\"og:title\" content=\"Un seminario en la monta\u00f1a: visita el top 8 de nuestras direcciones Accor - Accor MyAllMeeting.com\" \/>\n<meta property=\"og:url\" content=\"https:\/\/www.myallmeeting.com\/es\/article\/un-seminario-en-la-montana-visita-el-top-8-de-nuestras-direcciones-accor\/\" \/>\n<meta property=\"og:site_name\" content=\"Accor MyAllMeeting.com\" \/>\n<meta property=\"article:modified_time\" content=\"2024-07-16T15:49:25+00:00\" \/>\n<meta property=\"og:image\" content=\"http:\/\/myallmeeting.com\/wp-content\/uploads\/2023\/02\/Montagne-1024x304.png\" \/>\n\t<meta property=\"og:image:width\" content=\"1024\" \/>\n\t<meta property=\"og:image:height\" content=\"304\" \/>\n\t<meta property=\"og:image:type\" content=\"image\/png\" \/>\n<meta name=\"twitter:card\" content=\"summary_large_image\" \/>\n<meta name=\"twitter:label1\" content=\"Est. reading time\" \/>\n\t<meta name=\"twitter:data1\" content=\"9 minutes\" \/>\n<script type=\"application\/ld+json\" class=\"yoast-schema-graph\">{\"@context\":\"https:\/\/schema.org\",\"@graph\":[{\"@type\":\"WebPage\",\"@id\":\"https:\/\/www.myallmeeting.com\/es\/article\/un-seminario-en-la-montana-visita-el-top-8-de-nuestras-direcciones-accor\/\",\"url\":\"https:\/\/www.myallmeeting.com\/es\/article\/un-seminario-en-la-montana-visita-el-top-8-de-nuestras-direcciones-accor\/\",\"name\":\"Un seminario en la monta\u00f1a: visita el top 8 de nuestras direcciones Accor - Accor MyAllMeeting.com\",\"isPartOf\":{\"@id\":\"https:\/\/www.myallmeeting.com\/es\/#website\"},\"primaryImageOfPage\":{\"@id\":\"https:\/\/www.myallmeeting.com\/es\/article\/un-seminario-en-la-montana-visita-el-top-8-de-nuestras-direcciones-accor\/#primaryimage\"},\"image\":{\"@id\":\"https:\/\/www.myallmeeting.com\/es\/article\/un-seminario-en-la-montana-visita-el-top-8-de-nuestras-direcciones-accor\/#primaryimage\"},\"thumbnailUrl\":\"https:\/\/www.myallmeeting.com\/wp-content\/uploads\/2023\/02\/Montagne.png\",\"datePublished\":\"2023-02-08T15:31:52+00:00\",\"dateModified\":\"2024-07-16T15:49:25+00:00\",\"breadcrumb\":{\"@id\":\"https:\/\/www.myallmeeting.com\/es\/article\/un-seminario-en-la-montana-visita-el-top-8-de-nuestras-direcciones-accor\/#breadcrumb\"},\"inLanguage\":\"es-ES\",\"potentialAction\":[{\"@type\":\"ReadAction\",\"target\":[\"https:\/\/www.myallmeeting.com\/es\/article\/un-seminario-en-la-montana-visita-el-top-8-de-nuestras-direcciones-accor\/\"]}]},{\"@type\":\"ImageObject\",\"inLanguage\":\"es-ES\",\"@id\":\"https:\/\/www.myallmeeting.com\/es\/article\/un-seminario-en-la-montana-visita-el-top-8-de-nuestras-direcciones-accor\/#primaryimage\",\"url\":\"https:\/\/www.myallmeeting.com\/wp-content\/uploads\/2023\/02\/Montagne.png\",\"contentUrl\":\"https:\/\/www.myallmeeting.com\/wp-content\/uploads\/2023\/02\/Montagne.png\",\"width\":1920,\"height\":570},{\"@type\":\"BreadcrumbList\",\"@id\":\"https:\/\/www.myallmeeting.com\/es\/article\/un-seminario-en-la-montana-visita-el-top-8-de-nuestras-direcciones-accor\/#breadcrumb\",\"itemListElement\":[{\"@type\":\"ListItem\",\"position\":1,\"name\":\"P\u00e1gina principal\",\"item\":\"https:\/\/myallmeeting.com\/es\/\"},{\"@type\":\"ListItem\",\"position\":2,\"name\":\"Noticias\",\"item\":\"https:\/\/www.myallmeeting.com\/es\/noticias\/\"},{\"@type\":\"ListItem\",\"position\":3,\"name\":\"Un seminario en la monta\u00f1a: visita el top 8 de nuestras direcciones Accor\"}]},{\"@type\":\"WebSite\",\"@id\":\"https:\/\/www.myallmeeting.com\/es\/#website\",\"url\":\"https:\/\/www.myallmeeting.com\/es\/\",\"name\":\"Accor MyAllMeeting.com\",\"description\":\"Les Meilleurs lieux pour vos Ev\u00e9nements Professionnels\",\"publisher\":{\"@id\":\"https:\/\/www.myallmeeting.com\/es\/#organization\"},\"potentialAction\":[{\"@type\":\"SearchAction\",\"target\":{\"@type\":\"EntryPoint\",\"urlTemplate\":\"https:\/\/www.myallmeeting.com\/es\/?s={search_term_string}\"},\"query-input\":{\"@type\":\"PropertyValueSpecification\",\"valueRequired\":true,\"valueName\":\"search_term_string\"}}],\"inLanguage\":\"es-ES\"},{\"@type\":\"Organization\",\"@id\":\"https:\/\/www.myallmeeting.com\/es\/#organization\",\"name\":\"ACCOR\",\"url\":\"https:\/\/www.myallmeeting.com\/es\/\",\"logo\":{\"@type\":\"ImageObject\",\"inLanguage\":\"es-ES\",\"@id\":\"https:\/\/www.myallmeeting.com\/es\/#\/schema\/logo\/image\/\",\"url\":\"\",\"contentUrl\":\"\",\"caption\":\"ACCOR\"},\"image\":{\"@id\":\"https:\/\/www.myallmeeting.com\/es\/#\/schema\/logo\/image\/\"}}]}<\/script>","yoast_head_json":{"title":"Un seminario en la monta\u00f1a: visita el top 8 de nuestras direcciones Accor - Accor MyAllMeeting.com","robots":{"index":"index","follow":"follow","max-snippet":"max-snippet:-1","max-image-preview":"max-image-preview:large","max-video-preview":"max-video-preview:-1"},"canonical":"https:\/\/www.myallmeeting.com\/es\/wp-json\/wp\/v2\/article\/16036951","og_locale":"es_ES","og_type":"article","og_title":"Un seminario en la monta\u00f1a: visita el top 8 de nuestras direcciones Accor - Accor MyAllMeeting.com","og_url":"https:\/\/www.myallmeeting.com\/es\/article\/un-seminario-en-la-montana-visita-el-top-8-de-nuestras-direcciones-accor\/","og_site_name":"Accor MyAllMeeting.com","article_modified_time":"2024-07-16T15:49:25+00:00","og_image":[{"width":1024,"height":304,"url":"http:\/\/myallmeeting.com\/wp-content\/uploads\/2023\/02\/Montagne-1024x304.png","type":"image\/png"}],"twitter_card":"summary_large_image","twitter_misc":{"Est. reading time":"9 minutes"},"schema":{"@context":"https:\/\/schema.org","@graph":[{"@type":"WebPage","@id":"https:\/\/www.myallmeeting.com\/es\/article\/un-seminario-en-la-montana-visita-el-top-8-de-nuestras-direcciones-accor\/","url":"https:\/\/www.myallmeeting.com\/es\/article\/un-seminario-en-la-montana-visita-el-top-8-de-nuestras-direcciones-accor\/","name":"Un seminario en la monta\u00f1a: visita el top 8 de nuestras direcciones Accor - Accor MyAllMeeting.com","isPartOf":{"@id":"https:\/\/www.myallmeeting.com\/es\/#website"},"primaryImageOfPage":{"@id":"https:\/\/www.myallmeeting.com\/es\/article\/un-seminario-en-la-montana-visita-el-top-8-de-nuestras-direcciones-accor\/#primaryimage"},"image":{"@id":"https:\/\/www.myallmeeting.com\/es\/article\/un-seminario-en-la-montana-visita-el-top-8-de-nuestras-direcciones-accor\/#primaryimage"},"thumbnailUrl":"https:\/\/www.myallmeeting.com\/wp-content\/uploads\/2023\/02\/Montagne.png","datePublished":"2023-02-08T15:31:52+00:00","dateModified":"2024-07-16T15:49:25+00:00","breadcrumb":{"@id":"https:\/\/www.myallmeeting.com\/es\/article\/un-seminario-en-la-montana-visita-el-top-8-de-nuestras-direcciones-accor\/#breadcrumb"},"inLanguage":"es-ES","potentialAction":[{"@type":"ReadAction","target":["https:\/\/www.myallmeeting.com\/es\/article\/un-seminario-en-la-montana-visita-el-top-8-de-nuestras-direcciones-accor\/"]}]},{"@type":"ImageObject","inLanguage":"es-ES","@id":"https:\/\/www.myallmeeting.com\/es\/article\/un-seminario-en-la-montana-visita-el-top-8-de-nuestras-direcciones-accor\/#primaryimage","url":"https:\/\/www.myallmeeting.com\/wp-content\/uploads\/2023\/02\/Montagne.png","contentUrl":"https:\/\/www.myallmeeting.com\/wp-content\/uploads\/2023\/02\/Montagne.png","width":1920,"height":570},{"@type":"BreadcrumbList","@id":"https:\/\/www.myallmeeting.com\/es\/article\/un-seminario-en-la-montana-visita-el-top-8-de-nuestras-direcciones-accor\/#breadcrumb","itemListElement":[{"@type":"ListItem","position":1,"name":"P\u00e1gina principal","item":"https:\/\/myallmeeting.com\/es\/"},{"@type":"ListItem","position":2,"name":"Noticias","item":"https:\/\/www.myallmeeting.com\/es\/noticias\/"},{"@type":"ListItem","position":3,"name":"Un seminario en la monta\u00f1a: visita el top 8 de nuestras direcciones Accor"}]},{"@type":"WebSite","@id":"https:\/\/www.myallmeeting.com\/es\/#website","url":"https:\/\/www.myallmeeting.com\/es\/","name":"Accor MyAllMeeting.com","description":"Les Meilleurs lieux pour vos Ev\u00e9nements Professionnels","publisher":{"@id":"https:\/\/www.myallmeeting.com\/es\/#organization"},"potentialAction":[{"@type":"SearchAction","target":{"@type":"EntryPoint","urlTemplate":"https:\/\/www.myallmeeting.com\/es\/?s={search_term_string}"},"query-input":{"@type":"PropertyValueSpecification","valueRequired":true,"valueName":"search_term_string"}}],"inLanguage":"es-ES"},{"@type":"Organization","@id":"https:\/\/www.myallmeeting.com\/es\/#organization","name":"ACCOR","url":"https:\/\/www.myallmeeting.com\/es\/","logo":{"@type":"ImageObject","inLanguage":"es-ES","@id":"https:\/\/www.myallmeeting.com\/es\/#\/schema\/logo\/image\/","url":"","contentUrl":"","caption":"ACCOR"},"image":{"@id":"https:\/\/www.myallmeeting.com\/es\/#\/schema\/logo\/image\/"}}]}},"_links":{"self":[{"href":"https:\/\/www.myallmeeting.com\/es\/wp-json\/wp\/v2\/article\/16036951","targetHints":{"allow":["GET"]}}],"collection":[{"href":"https:\/\/www.myallmeeting.com\/es\/wp-json\/wp\/v2\/article"}],"about":[{"href":"https:\/\/www.myallmeeting.com\/es\/wp-json\/wp\/v2\/types\/article"}],"wp:featuredmedia":[{"embeddable":true,"href":"https:\/\/www.myallmeeting.com\/es\/wp-json\/wp\/v2\/media\/16010675"}],"wp:attachment":[{"href":"https:\/\/www.myallmeeting.com\/es\/wp-json\/wp\/v2\/media?parent=16036951"}],"wp:term":[{"taxonomy":"periscope_categorie_tax","embeddable":true,"href":"https:\/\/www.myallmeeting.com\/es\/wp-json\/wp\/v2\/periscope_categorie_tax?post=16036951"}],"curies":[{"name":"wp","href":"https:\/\/api.w.org\/{rel}","templated":true}]}}