{"id":16036947,"date":"2020-02-26T14:06:18","date_gmt":"2020-02-26T13:06:18","guid":{"rendered":"https:\/\/myallmeeting.com\/article\/un-seminaire-face-aux-embruns-au-pays-basque\/"},"modified":"2024-07-16T17:54:59","modified_gmt":"2024-07-16T15:54:59","slug":"un-seminario-frente-a-las-olas-en-el-pais-vasco","status":"publish","type":"article","link":"https:\/\/www.myallmeeting.com\/es\/article\/un-seminario-frente-a-las-olas-en-el-pais-vasco\/","title":{"rendered":"Un seminario frente a las olas, en el Pa\u00eds Vasco"},"content":{"rendered":"<!-- START OF : Composant : block-periscope-theme-section-composant-25-texte-cta-2-images.php -->\n<div class=\"tcta2ia bg-white fs-wysiwyg mb-lg-12\" data-component=\"25-texte-cta-2-images\">\n\t<div class=\"tcta2ia__top\">\n\t\t<div class=\"container-fluid\" style=\"--bs-gutter-x: 0\">\n\t\t\t<div class=\"row\" style=\"--bs-gutter-x: 0\">\n\t\t\t\t<div class=\"col-lg-8\">\n\t\t\t\t\t\t\t\t\t\t<div class=\"bloc-mise-en-avant__top__left\">\n\t\t\t\t\t\t<img decoding=\"async\" src=\"https:\/\/www.myallmeeting.com\/wp-content\/uploads\/2020\/02\/5541-34-1268x846.jpg\" class=\"pe-2 pe-lg-0\" width=\"1268\" height=\"846\" alt=\"\" loading=\"lazy\" \/>\n\t\t\t\t\t<\/div>\n\t\t\t\t\t\t\t\t\t\t<div class=\"tcta2ia__bottom d-none d-lg-block pb-12 pt-lg-9 pb-lg-0 pe-lg-10\">\n\t\t\t\t\t\t\t\t\t\t\t\t<h2 class=\"fs-20 fs-lg-32 fw-semibold\">Novotel Resort &amp; Spa Biarritz Anglet<\/h2>\n\t\t\t\t\t\t\t\t\t\t\t\t\t\t\t\t\t\t<div class=\"fs-wysiwyg\"><p><span style=\"font-weight: 400;\"><a href=\"https:\/\/myallmeeting.com\/fr\/hotel\/0994-novotel-resort-spa-biarritz-anglet\/\">Este hotel<\/a> de cuatro estrellas y <\/span><b>104 habitaciones<\/b><span style=\"font-weight: 400;\">, con restaurante, est\u00e1 situado en una peque\u00f1a y popular ciudad costera junto a Biarritz. Entre <\/span><b>sauna, gimnasio, cabinas para tratamientos y la piscina climatizada de abril a octubre<\/b><span style=\"font-weight: 400;\">, tendr\u00e1s la garant\u00eda de salpicar tus d\u00edas de trabajo con momentos de bienestar y relajaci\u00f3n \u00a1si antes no te has dejado llevar por el oc\u00e9ano Atl\u00e1ntico y sus lugares para surfear! <\/span><\/p>\n<p><span style=\"font-weight: 400;\">Sobre todo porque con <\/span><b>sus seis salas de reuniones<\/b><span style=\"font-weight: 400;\">, todas ba\u00f1adas por la luz del d\u00eda, tendr\u00e1s una superficie de hasta 250 m\u00b2 y capacidad para hasta 230 personas seg\u00fan la configuraci\u00f3n que elijas para cada una. Este hotel ser\u00e1 sin duda el lugar ideal para la organizaci\u00f3n de un seminario de gran envergadura.<\/span><\/p>\n<\/div>\n\t\t\t\t\t\t\t\t\t\t\t\t<div class=\"d-flex flex-column flex-lg-row align-items-center gap-5 gap-lg-8 justify-content-between\">\n\t\t\t\t\t\t\t<div class=\"fs-20 fs-lg-26 fw-semibold lh-xs\"><\/div>\n\t\t\t\t\t\t\t\t\t\t\t\t\t<\/div>\n\t\t\t\t\t<\/div>\n\t\t\t\t<\/div>\n\t\t\t\t<div class=\"col-lg-4\">\n\t\t\t\t\t<div class=\"tcta2ia__top__right t-0 r-0 bg-primary text-white pt-4 pb-4 px-2 pt-lg-8 pb-lg-16 px-lg-11 pb-xl-30\">\n\t\t\t\t\t\t\t\t\t\t\t\t\t\t\t\t\t\t<h2 class=\"unna fs-36 fs-lg-51 fs-xl-75 fs-italic fw-normal text-secondary\">Un seminario frente a las olas en el Pa\u00eds Vasco<\/h2>\n\t\t\t\t\t\t\t\t\t\t\t\t\t\t\t\t\t\t<h3 class=\"text-white fs-18 fs-lg-20 fs-xl-28 text-original-case\">Aqu\u00ed tienes nuestra selecci\u00f3n de hoteles donde tanto la acogida como los servicios que ofrecen facilitar\u00e1n enormemente tu organizaci\u00f3n.<\/h3>\n\t\t\t\t\t\t\t\t\t\t\t\t\t\t\t\t\t\t<div class=\"fs-wysiwyg mb-4 fs-lg-16 fs-xl-20\"><p>Con sus inmensas playas de arena fina \u00a1la costa atl\u00e1ntica es majestuosa! Poco antes de Espa\u00f1a termina en el Pa\u00eds Vasco una regi\u00f3n con car\u00e1cter fuerte orgullosa de su historia y de su belleza. De f\u00e1cil acceso desde el aeropuerto de Biarritz y de las estaciones de tren de Biarritz y de Bayona es el lugar ideal para disfrutar de seminarios din\u00e1micos. \u00a1Tan picantes como el pimiento de Espelette!<\/p>\n<\/div>\n\t\t\t\t\t\t\t\t\t\t\t\t\t\t\t\t\t\t\t\t\t\t\t\t<p class=\"m-0\"><img decoding=\"async\" src=\"https:\/\/www.myallmeeting.com\/wp-content\/uploads\/2020\/02\/4158-73-633x398.jpg\" class=\"position-relative l-0\" width=\"633\" height=\"398\" alt=\"\" loading=\"lazy\" \/><\/p>\n\t\t\t\t\t\t\t\t\t\t\t<\/div>\n\t\t\t\t<\/div>\n\t\t\t<\/div>\n\t\t<\/div>\n\t<\/div>\n\t<div class=\"tcta2ia__bottom d-lg-none pb-12 py-lg-9 pe-lg-10\">\n\t\t\t\t<div class=\"h2 fs-20 fs-lg-32 fw-semibold\">Novotel Resort &amp; Spa Biarritz Anglet<\/div>\n\t\t\t\t\t\t<div class=\"fs-wysiwyg\"><p><span style=\"font-weight: 400;\"><a href=\"https:\/\/myallmeeting.com\/fr\/hotel\/0994-novotel-resort-spa-biarritz-anglet\/\">Este hotel<\/a> de cuatro estrellas y <\/span><b>104 habitaciones<\/b><span style=\"font-weight: 400;\">, con restaurante, est\u00e1 situado en una peque\u00f1a y popular ciudad costera junto a Biarritz. Entre <\/span><b>sauna, gimnasio, cabinas para tratamientos y la piscina climatizada de abril a octubre<\/b><span style=\"font-weight: 400;\">, tendr\u00e1s la garant\u00eda de salpicar tus d\u00edas de trabajo con momentos de bienestar y relajaci\u00f3n \u00a1si antes no te has dejado llevar por el oc\u00e9ano Atl\u00e1ntico y sus lugares para surfear! <\/span><\/p>\n<p><span style=\"font-weight: 400;\">Sobre todo porque con <\/span><b>sus seis salas de reuniones<\/b><span style=\"font-weight: 400;\">, todas ba\u00f1adas por la luz del d\u00eda, tendr\u00e1s una superficie de hasta 250 m\u00b2 y capacidad para hasta 230 personas seg\u00fan la configuraci\u00f3n que elijas para cada una. Este hotel ser\u00e1 sin duda el lugar ideal para la organizaci\u00f3n de un seminario de gran envergadura.<\/span><\/p>\n<\/div>\n\t\t\t\t<div class=\"d-flex flex-column flex-lg-row align-items-center gap-5 gap-lg-8 justify-content-between\">\n\t\t\t<div class=\"fs-20 fs-lg-26 fw-semibold lh-xs\"><\/div>\n\t\t\t\t\t<\/div>\n\t<\/div>\n<\/div>\n<!-- END OF : Composant : block-periscope-theme-section-composant-25-texte-cta-2-images.php -->\n\n\n<!-- START OF : Composant : block-periscope-theme-section-composant-33-texte-image.php -->\n<div class=\"text-image fs-wysiwyg mb-8 mb-lg-12\" data-component=\"33-texte-image\">\n\t<div class=\"container-fluid\" style=\"--bs-gutter-x: 0\">\n\t\t<div class=\"row\" style=\"--bs-gutter-x: 0\">\n\t\t\t\t\t\t<div class=\"col-lg-6 mb-7 mb-lg-0\">\n\t\t\t\t<img decoding=\"async\" src=\"https:\/\/www.myallmeeting.com\/wp-content\/uploads\/2020\/02\/3118-22-953x600.jpg\" width=\"953\" height=\"600\" alt=\"\" loading=\"lazy\" class=\"w-100\" \/>\n\t\t\t<\/div>\n\t\t\t\t\t\t<div class=\"col-lg-6\">\n\t\t\t\t<div class=\"text-image__content\">\n\t\t\t\t\t\t\t\t\t\t<div class=\"fw-semibold lh-xs fs-20 fs-lg-32 ls--25 mb-5\">Ibis Bayonne Centre<\/div>\n\t\t\t\t\t\t\t\t\t\t\t\t\t\t\t<div class=\"fs-wysiwyg\">\n\t\t\t\t\t\t<p><span style=\"font-weight: 400;\">Bayona es una ciudad llena de historia en la que pasear es un placer para la vista: al recorrer las calles descubrir\u00e1s las murallas construidas por Vauban en el siglo XVII, una catedral del siglo XIV, las famosas arenas, el Adour&#8230; al borde de lo cual est\u00e1n las <\/span><b>87 habitaciones<\/b><span style=\"font-weight: 400;\"> del <a href=\"https:\/\/myallmeeting.com\/es\/hotel\/1639-ibis-bayonne-centre\/\">Ibis Bayonne Centre<\/a> d\u00e1ndote la bienvenida en pleno coraz\u00f3n de la ciudad. <\/span><\/p>\n<p><span style=\"font-weight: 400;\">Un marco de apoyo para organizar <\/span><b>un <\/b><b><i>sejour incentive<\/i><\/b><b> a escala humana<\/b><span style=\"font-weight: 400;\">, entre el trabajo y los descubrimientos. <\/span><b>Dos salas de reuniones de 55 m\u00b2 cada una<\/b><span style=\"font-weight: 400;\">, est\u00e1n a tu disposici\u00f3n y podr\u00e1s all\u00ed recargar pilas con un c\u00f3ctel en la mano, <\/span><b>en la terraza con jard\u00edn<\/b><span style=\"font-weight: 400;\">, o en el restaurante del hotel, antes de dirigirte a la ciudad.<\/span><\/p>\n\t\t\t\t\t<\/div>\n\t\t\t\t\t\t\t\t\t<\/div>\n\t\t\t<\/div>        \n\t\t<\/div>\n\t<\/div>\n<\/div>\n<!-- END OF : Composant : block-periscope-theme-section-composant-33-texte-image.php -->\n\n\n<!-- START OF : Composant : block-periscope-theme-section-composant-33-texte-image.php -->\n<!-- INVERSE -->\n<div class=\"text-image fs-wysiwyg mb-8 mb-lg-12\" data-component=\"33-texte-image\" data-reverse=\"oui\">\n\t<div class=\"container-fluid\" style=\"--bs-gutter-x: 0\">\n\t\t<div class=\"row\" style=\"--bs-gutter-x: 0\">\n\t\t\t<div class=\"col-lg-6\">\n\t\t\t\t<div class=\"text-image__content\">\n\t\t\t\t\t\t\t\t\t\t<div class=\"fw-semibold lh-xs fs-20 fs-lg-32 ls--25 mb-5\">Sofitel Biarritz Le Miramar Thalassa sea &amp; spa<\/div>\n\t\t\t\t\t\t\t\t\t\t\t\t\t\t\t<div class=\"fs-wysiwyg\">\n\t\t\t\t\t\t<p><span style=\"font-weight: 400;\">Vistas al mar, centro de Biarritz y casino a pocos pasos, terraza privada, piscina panor\u00e1mica exterior con agua de mar, instituto de talasoterapia, proximidad a San Sebasti\u00e1n y a los campos de golf de Biarritz Le Phare&#8230; Este cinco estrellas re\u00fane todas las condiciones para una estancia en la costa atl\u00e1ntica familiar o de negocios que quedar\u00e1 grabada en tu memoria. <\/span><\/p>\n<p><span style=\"font-weight: 400;\"><a href=\"https:\/\/myallmeeting.com\/es\/hotel\/2049-sofitel-biarritz-le-miramar-thalassa-sea-spa\/\">El Sofitel Biarritz<\/a> es el punto de partida ideal para <\/span><b>descubrir, disfrutar, empaparse del ambiente, la historia y la cultura vasca<\/b><span style=\"font-weight: 400;\">. \u00bfPor qu\u00e9 no empezar por el restaurante del hotel? Sus chefs estar\u00e1n encantados de ayudarte a degustar las especialidades locales.<\/span><\/p>\n\t\t\t\t\t<\/div>\n\t\t\t\t\t\t\t\t\t<\/div>\n\t\t\t<\/div>    \n\t\t\t    \n\t\t\t<div class=\"col-lg-6 order-first order-lg-last mb-7 mb-lg-0\">\n\t\t\t\t<img decoding=\"async\" src=\"https:\/\/www.myallmeeting.com\/wp-content\/uploads\/2020\/02\/1067-39-953x600.jpg\" width=\"953\" height=\"600\" alt=\"\" loading=\"lazy\" class=\"w-100\" \/>\n\t\t\t<\/div>\n\t\t\t\t\t<\/div>\n\t<\/div>\n<\/div>\n<!-- END OF : Composant : block-periscope-theme-section-composant-33-texte-image.php -->\n\n\n<!-- START OF : Composant : block-periscope-theme-section-composant-33-texte-image.php -->\n<div class=\"text-image fs-wysiwyg mb-8 mb-lg-12\" data-component=\"33-texte-image\">\n\t<div class=\"container-fluid\" style=\"--bs-gutter-x: 0\">\n\t\t<div class=\"row\" style=\"--bs-gutter-x: 0\">\n\t\t\t\t\t\t<div class=\"col-lg-6 mb-7 mb-lg-0\">\n\t\t\t\t<img decoding=\"async\" src=\"https:\/\/www.myallmeeting.com\/wp-content\/uploads\/2020\/02\/7194-77-953x600.jpg\" width=\"953\" height=\"600\" alt=\"\" loading=\"lazy\" class=\"w-100\" \/>\n\t\t\t<\/div>\n\t\t\t\t\t\t<div class=\"col-lg-6\">\n\t\t\t\t<div class=\"text-image__content\">\n\t\t\t\t\t\t\t\t\t\t<div class=\"fw-semibold lh-xs fs-20 fs-lg-32 ls--25 mb-5\">Jo &amp; Joe Hossegor<\/div>\n\t\t\t\t\t\t\t\t\t\t\t\t\t\t\t<div class=\"fs-wysiwyg\">\n\t\t\t\t\t\t<p><span style=\"font-weight: 400;\">Desde hace dos a\u00f1os los <\/span><span style=\"font-weight: 400;\">hoteles Jo &amp; Joe<\/span><span style=\"font-weight: 400;\"> proponen un concepto nuevo que <\/span><b>revoluciona el negocio hotelero<\/b><span style=\"font-weight: 400;\">. Se siente uno como en casa, y adem\u00e1s all\u00ed tambi\u00e9n puedes organizar seminarios \u201cen modo start-up\u201d para <\/span><b>intercambios efervescentes, burbujeantes y creativos<\/b><span style=\"font-weight: 400;\">&#8230; <\/span><\/p>\n<p><span style=\"font-weight: 400;\">All\u00ed podr\u00e1s vivir reuniones de trabajo constructivas o incluso sesiones de <\/span><i><span style=\"font-weight: 400;\">team building<\/span><\/i><span style=\"font-weight: 400;\">, \u00bfpor qu\u00e9 no? alrededor de <\/span><b>la cocina <\/b><span style=\"font-weight: 400;\">\u00a1lo que puede fomentar el ambiente de colaboraci\u00f3n entre los participantes! A <\/span><b>30 minutos al norte de Bayona<\/b><span style=\"font-weight: 400;\">, el <\/span><a href=\"https:\/\/myallmeeting.com\/es\/hotel\/b0r3-jojoe-hossegor\/\"><span style=\"font-weight: 400;\">Jo &amp; Joe Hossegor<\/span><\/a><span style=\"font-weight: 400;\">, un amplio conjunto de estilo vasco-land\u00e9s, pone a tu disposici\u00f3n <\/span><b>una sala de reuniones de 40 m\u00b2<\/b><span style=\"font-weight: 400;\">. Situado a un paso de la playa, tambi\u00e9n cuenta con un <\/span><b>jard\u00edn de 1.000 m\u00b2<\/b><span style=\"font-weight: 400;\"> donde puedes descansar lejos de las pujantes olas del Atl\u00e1ntico.<\/span><\/p>\n\t\t\t\t\t<\/div>\n\t\t\t\t\t\t\t\t\t<\/div>\n\t\t\t<\/div>        \n\t\t<\/div>\n\t<\/div>\n<\/div>\n<!-- END OF : Composant : block-periscope-theme-section-composant-33-texte-image.php -->\n","protected":false},"excerpt":{"rendered":"","protected":false},"featured_media":16034095,"menu_order":0,"template":"","periscope_categorie_tax":[3552],"class_list":["post-16036947","article","type-article","status-publish","has-post-thumbnail","hentry","periscope_categorie_tax-tous-nos-tops-selections-es"],"acf":[],"yoast_head":"<title>Un seminario frente a las olas, en el Pa\u00eds Vasco - Accor MyAllMeeting.com<\/title>\n<meta name=\"robots\" content=\"index, follow, max-snippet:-1, max-image-preview:large, max-video-preview:-1\" \/>\n<link rel=\"canonical\" href=\"https:\/\/www.myallmeeting.com\/es\/wp-json\/wp\/v2\/article\/16036947\" \/>\n<meta property=\"og:locale\" content=\"es_ES\" \/>\n<meta property=\"og:type\" content=\"article\" \/>\n<meta property=\"og:title\" content=\"Un seminario frente a las olas, en el Pa\u00eds Vasco - Accor MyAllMeeting.com\" \/>\n<meta property=\"og:url\" content=\"https:\/\/www.myallmeeting.com\/es\/article\/un-seminario-frente-a-las-olas-en-el-pais-vasco\/\" \/>\n<meta property=\"og:site_name\" content=\"Accor MyAllMeeting.com\" \/>\n<meta property=\"article:modified_time\" content=\"2024-07-16T15:54:59+00:00\" \/>\n<meta property=\"og:image\" content=\"http:\/\/myallmeeting.com\/wp-content\/uploads\/2020\/02\/Biarritz.png\" \/>\n\t<meta property=\"og:image:width\" content=\"1920\" \/>\n\t<meta property=\"og:image:height\" content=\"570\" \/>\n\t<meta property=\"og:image:type\" content=\"image\/png\" \/>\n<meta name=\"twitter:card\" content=\"summary_large_image\" \/>\n<meta name=\"twitter:label1\" content=\"Est. reading time\" \/>\n\t<meta name=\"twitter:data1\" content=\"5 minutes\" \/>\n<script type=\"application\/ld+json\" class=\"yoast-schema-graph\">{\"@context\":\"https:\/\/schema.org\",\"@graph\":[{\"@type\":\"WebPage\",\"@id\":\"https:\/\/www.myallmeeting.com\/es\/article\/un-seminario-frente-a-las-olas-en-el-pais-vasco\/\",\"url\":\"https:\/\/www.myallmeeting.com\/es\/article\/un-seminario-frente-a-las-olas-en-el-pais-vasco\/\",\"name\":\"Un seminario frente a las olas, en el Pa\u00eds Vasco - Accor MyAllMeeting.com\",\"isPartOf\":{\"@id\":\"https:\/\/www.myallmeeting.com\/es\/#website\"},\"primaryImageOfPage\":{\"@id\":\"https:\/\/www.myallmeeting.com\/es\/article\/un-seminario-frente-a-las-olas-en-el-pais-vasco\/#primaryimage\"},\"image\":{\"@id\":\"https:\/\/www.myallmeeting.com\/es\/article\/un-seminario-frente-a-las-olas-en-el-pais-vasco\/#primaryimage\"},\"thumbnailUrl\":\"https:\/\/www.myallmeeting.com\/wp-content\/uploads\/2020\/02\/Biarritz.png\",\"datePublished\":\"2020-02-26T13:06:18+00:00\",\"dateModified\":\"2024-07-16T15:54:59+00:00\",\"breadcrumb\":{\"@id\":\"https:\/\/www.myallmeeting.com\/es\/article\/un-seminario-frente-a-las-olas-en-el-pais-vasco\/#breadcrumb\"},\"inLanguage\":\"es-ES\",\"potentialAction\":[{\"@type\":\"ReadAction\",\"target\":[\"https:\/\/www.myallmeeting.com\/es\/article\/un-seminario-frente-a-las-olas-en-el-pais-vasco\/\"]}]},{\"@type\":\"ImageObject\",\"inLanguage\":\"es-ES\",\"@id\":\"https:\/\/www.myallmeeting.com\/es\/article\/un-seminario-frente-a-las-olas-en-el-pais-vasco\/#primaryimage\",\"url\":\"https:\/\/www.myallmeeting.com\/wp-content\/uploads\/2020\/02\/Biarritz.png\",\"contentUrl\":\"https:\/\/www.myallmeeting.com\/wp-content\/uploads\/2020\/02\/Biarritz.png\",\"width\":1920,\"height\":570},{\"@type\":\"BreadcrumbList\",\"@id\":\"https:\/\/www.myallmeeting.com\/es\/article\/un-seminario-frente-a-las-olas-en-el-pais-vasco\/#breadcrumb\",\"itemListElement\":[{\"@type\":\"ListItem\",\"position\":1,\"name\":\"P\u00e1gina principal\",\"item\":\"https:\/\/myallmeeting.com\/es\/\"},{\"@type\":\"ListItem\",\"position\":2,\"name\":\"Noticias\",\"item\":\"https:\/\/www.myallmeeting.com\/es\/noticias\/\"},{\"@type\":\"ListItem\",\"position\":3,\"name\":\"Un seminario frente a las olas, en el Pa\u00eds Vasco\"}]},{\"@type\":\"WebSite\",\"@id\":\"https:\/\/www.myallmeeting.com\/es\/#website\",\"url\":\"https:\/\/www.myallmeeting.com\/es\/\",\"name\":\"Accor MyAllMeeting.com\",\"description\":\"Les Meilleurs lieux pour vos Ev\u00e9nements Professionnels\",\"publisher\":{\"@id\":\"https:\/\/www.myallmeeting.com\/es\/#organization\"},\"potentialAction\":[{\"@type\":\"SearchAction\",\"target\":{\"@type\":\"EntryPoint\",\"urlTemplate\":\"https:\/\/www.myallmeeting.com\/es\/?s={search_term_string}\"},\"query-input\":{\"@type\":\"PropertyValueSpecification\",\"valueRequired\":true,\"valueName\":\"search_term_string\"}}],\"inLanguage\":\"es-ES\"},{\"@type\":\"Organization\",\"@id\":\"https:\/\/www.myallmeeting.com\/es\/#organization\",\"name\":\"ACCOR\",\"url\":\"https:\/\/www.myallmeeting.com\/es\/\",\"logo\":{\"@type\":\"ImageObject\",\"inLanguage\":\"es-ES\",\"@id\":\"https:\/\/www.myallmeeting.com\/es\/#\/schema\/logo\/image\/\",\"url\":\"\",\"contentUrl\":\"\",\"caption\":\"ACCOR\"},\"image\":{\"@id\":\"https:\/\/www.myallmeeting.com\/es\/#\/schema\/logo\/image\/\"}}]}<\/script>","yoast_head_json":{"title":"Un seminario frente a las olas, en el Pa\u00eds Vasco - Accor MyAllMeeting.com","robots":{"index":"index","follow":"follow","max-snippet":"max-snippet:-1","max-image-preview":"max-image-preview:large","max-video-preview":"max-video-preview:-1"},"canonical":"https:\/\/www.myallmeeting.com\/es\/wp-json\/wp\/v2\/article\/16036947","og_locale":"es_ES","og_type":"article","og_title":"Un seminario frente a las olas, en el Pa\u00eds Vasco - Accor MyAllMeeting.com","og_url":"https:\/\/www.myallmeeting.com\/es\/article\/un-seminario-frente-a-las-olas-en-el-pais-vasco\/","og_site_name":"Accor MyAllMeeting.com","article_modified_time":"2024-07-16T15:54:59+00:00","og_image":[{"width":1920,"height":570,"url":"http:\/\/myallmeeting.com\/wp-content\/uploads\/2020\/02\/Biarritz.png","type":"image\/png"}],"twitter_card":"summary_large_image","twitter_misc":{"Est. reading time":"5 minutes"},"schema":{"@context":"https:\/\/schema.org","@graph":[{"@type":"WebPage","@id":"https:\/\/www.myallmeeting.com\/es\/article\/un-seminario-frente-a-las-olas-en-el-pais-vasco\/","url":"https:\/\/www.myallmeeting.com\/es\/article\/un-seminario-frente-a-las-olas-en-el-pais-vasco\/","name":"Un seminario frente a las olas, en el Pa\u00eds Vasco - Accor MyAllMeeting.com","isPartOf":{"@id":"https:\/\/www.myallmeeting.com\/es\/#website"},"primaryImageOfPage":{"@id":"https:\/\/www.myallmeeting.com\/es\/article\/un-seminario-frente-a-las-olas-en-el-pais-vasco\/#primaryimage"},"image":{"@id":"https:\/\/www.myallmeeting.com\/es\/article\/un-seminario-frente-a-las-olas-en-el-pais-vasco\/#primaryimage"},"thumbnailUrl":"https:\/\/www.myallmeeting.com\/wp-content\/uploads\/2020\/02\/Biarritz.png","datePublished":"2020-02-26T13:06:18+00:00","dateModified":"2024-07-16T15:54:59+00:00","breadcrumb":{"@id":"https:\/\/www.myallmeeting.com\/es\/article\/un-seminario-frente-a-las-olas-en-el-pais-vasco\/#breadcrumb"},"inLanguage":"es-ES","potentialAction":[{"@type":"ReadAction","target":["https:\/\/www.myallmeeting.com\/es\/article\/un-seminario-frente-a-las-olas-en-el-pais-vasco\/"]}]},{"@type":"ImageObject","inLanguage":"es-ES","@id":"https:\/\/www.myallmeeting.com\/es\/article\/un-seminario-frente-a-las-olas-en-el-pais-vasco\/#primaryimage","url":"https:\/\/www.myallmeeting.com\/wp-content\/uploads\/2020\/02\/Biarritz.png","contentUrl":"https:\/\/www.myallmeeting.com\/wp-content\/uploads\/2020\/02\/Biarritz.png","width":1920,"height":570},{"@type":"BreadcrumbList","@id":"https:\/\/www.myallmeeting.com\/es\/article\/un-seminario-frente-a-las-olas-en-el-pais-vasco\/#breadcrumb","itemListElement":[{"@type":"ListItem","position":1,"name":"P\u00e1gina principal","item":"https:\/\/myallmeeting.com\/es\/"},{"@type":"ListItem","position":2,"name":"Noticias","item":"https:\/\/www.myallmeeting.com\/es\/noticias\/"},{"@type":"ListItem","position":3,"name":"Un seminario frente a las olas, en el Pa\u00eds Vasco"}]},{"@type":"WebSite","@id":"https:\/\/www.myallmeeting.com\/es\/#website","url":"https:\/\/www.myallmeeting.com\/es\/","name":"Accor MyAllMeeting.com","description":"Les Meilleurs lieux pour vos Ev\u00e9nements Professionnels","publisher":{"@id":"https:\/\/www.myallmeeting.com\/es\/#organization"},"potentialAction":[{"@type":"SearchAction","target":{"@type":"EntryPoint","urlTemplate":"https:\/\/www.myallmeeting.com\/es\/?s={search_term_string}"},"query-input":{"@type":"PropertyValueSpecification","valueRequired":true,"valueName":"search_term_string"}}],"inLanguage":"es-ES"},{"@type":"Organization","@id":"https:\/\/www.myallmeeting.com\/es\/#organization","name":"ACCOR","url":"https:\/\/www.myallmeeting.com\/es\/","logo":{"@type":"ImageObject","inLanguage":"es-ES","@id":"https:\/\/www.myallmeeting.com\/es\/#\/schema\/logo\/image\/","url":"","contentUrl":"","caption":"ACCOR"},"image":{"@id":"https:\/\/www.myallmeeting.com\/es\/#\/schema\/logo\/image\/"}}]}},"_links":{"self":[{"href":"https:\/\/www.myallmeeting.com\/es\/wp-json\/wp\/v2\/article\/16036947","targetHints":{"allow":["GET"]}}],"collection":[{"href":"https:\/\/www.myallmeeting.com\/es\/wp-json\/wp\/v2\/article"}],"about":[{"href":"https:\/\/www.myallmeeting.com\/es\/wp-json\/wp\/v2\/types\/article"}],"wp:featuredmedia":[{"embeddable":true,"href":"https:\/\/www.myallmeeting.com\/es\/wp-json\/wp\/v2\/media\/16034095"}],"wp:attachment":[{"href":"https:\/\/www.myallmeeting.com\/es\/wp-json\/wp\/v2\/media?parent=16036947"}],"wp:term":[{"taxonomy":"periscope_categorie_tax","embeddable":true,"href":"https:\/\/www.myallmeeting.com\/es\/wp-json\/wp\/v2\/periscope_categorie_tax?post=16036947"}],"curies":[{"name":"wp","href":"https:\/\/api.w.org\/{rel}","templated":true}]}}