{"id":16036945,"date":"2020-02-13T15:39:37","date_gmt":"2020-02-13T14:39:37","guid":{"rendered":"https:\/\/myallmeeting.com\/article\/un-seminaire-avec-vue-sur-la-mediterranee\/"},"modified":"2024-07-22T16:42:38","modified_gmt":"2024-07-22T14:42:38","slug":"un-seminario-con-vistas-al-mediterraneo","status":"publish","type":"article","link":"https:\/\/www.myallmeeting.com\/es\/article\/un-seminario-con-vistas-al-mediterraneo\/","title":{"rendered":"Un seminario con vistas al Mediterr\u00e1neo"},"content":{"rendered":"<!-- START OF : Composant : block-periscope-theme-section-composant-25-texte-cta-2-images.php -->\n<div class=\"tcta2ia bg-white fs-wysiwyg mb-lg-12\" data-component=\"25-texte-cta-2-images\">\n\t<div class=\"tcta2ia__top\">\n\t\t<div class=\"container-fluid\" style=\"--bs-gutter-x: 0\">\n\t\t\t<div class=\"row\" style=\"--bs-gutter-x: 0\">\n\t\t\t\t<div class=\"col-lg-8\">\n\t\t\t\t\t\t\t\t\t\t<div class=\"bloc-mise-en-avant__top__left\">\n\t\t\t\t\t\t<img decoding=\"async\" src=\"https:\/\/www.myallmeeting.com\/wp-content\/uploads\/2020\/02\/6901-16-1-1268x846.jpg\" class=\"pe-2 pe-lg-0\" width=\"1268\" height=\"846\" alt=\"\" loading=\"lazy\" \/>\n\t\t\t\t\t<\/div>\n\t\t\t\t\t\t\t\t\t\t<div class=\"tcta2ia__bottom d-none d-lg-block pb-12 pt-lg-9 pb-lg-0 pe-lg-10\">\n\t\t\t\t\t\t\t\t\t\t\t\t<h2 class=\"fs-20 fs-lg-32 fw-semibold\">Mercure Toulon La Seyne-sur-Mer<\/h2>\n\t\t\t\t\t\t\t\t\t\t\t\t\t\t\t\t\t\t<div class=\"fs-wysiwyg\"><p><span style=\"font-weight: 400;\">\u00a1Nada como el suave balanceo de los barcos meci\u00e9ndose en el muelle para que te sientas como si estuvieras navegando! Esto es lo que obtendr\u00e1s en <\/span><a href=\"https:\/\/myallmeeting.com\/es\/hotel\/b3f9-hotel-mercure-toulon-la-seyne-sur-mer-opening-juillet-2019\/\"><b>este hotel de cuatro estrellas<\/b><\/a><span style=\"font-weight: 400;\"> situado en el puerto deportivo de Seyne-sur-Mer.\u00a0<\/span><\/p>\n<p><span style=\"font-weight: 400;\">\u00a1Cada una de sus <\/span><b>96 habitaciones con una decoraci\u00f3n refinada<\/b><span style=\"font-weight: 400;\"> tiene vista al mar! Despu\u00e9s de un d\u00eda de trabajo (sus tres salas de reuniones tienen capacidad para 70 personas) el tiempo para el relax est\u00e1 garantizado entre la piscina exterior climatizada, la zona de bienestar y el restaurante de \u00ab\u00a0bistronom\u00eda\u00a0\u00bb italiana. Un destino de f\u00e1cil acceso ya que la estaci\u00f3n del TGV de Toulon se encuentra a pocos kil\u00f3metros de distancia.<\/span><\/p>\n<\/div>\n\t\t\t\t\t\t\t\t\t\t\t\t<div class=\"d-flex flex-column flex-lg-row align-items-center gap-5 gap-lg-8 justify-content-between\">\n\t\t\t\t\t\t\t<div class=\"fs-20 fs-lg-26 fw-semibold lh-xs\"><\/div>\n\t\t\t\t\t\t\t\t\t\t\t\t\t<\/div>\n\t\t\t\t\t<\/div>\n\t\t\t\t<\/div>\n\t\t\t\t<div class=\"col-lg-4\">\n\t\t\t\t\t<div class=\"tcta2ia__top__right t-0 r-0 bg-primary text-white pt-4 pb-4 px-2 pt-lg-8 pb-lg-16 px-lg-11 pb-xl-30\">\n\t\t\t\t\t\t\t\t\t\t\t\t\t\t\t\t\t\t<h2 class=\"unna fs-36 fs-lg-51 fs-xl-75 fs-italic fw-normal text-secondary\">Un seminario con vistas al Mediterr\u00e1neo<\/h2>\n\t\t\t\t\t\t\t\t\t\t\t\t\t\t\t\t\t\t<h3 class=\"text-white fs-18 fs-lg-20 fs-xl-28 text-original-case\">\u00bfQuieres ofrecerle a tus empleados\u00a0una pausa entre trabajo y glamour en lugares impresionantes?<\/h3>\n\t\t\t\t\t\t\t\t\t\t\t\t\t\t\t\t\t\t<div class=\"fs-wysiwyg mb-4 fs-lg-16 fs-xl-20\"><p><span style=\"font-weight: 400;\">Para realzar su estancia con grandes bocanadas de aire soleado y tambi\u00e9n yodado dir\u00edjanse a la <\/span><i><span style=\"font-weight: 400;\">Riviera Francesa<\/span><\/i><span style=\"font-weight: 400;\"> con su escarpada costa del Gran Mar Azul y su arom\u00e1tica cocina. Bien sea para\u00a0<\/span><b>una reuni\u00f3n \u00edntima o para un <\/b><b><i>seminario corporativo<\/i><\/b><span style=\"font-weight: 400;\"> all\u00ed encontrar\u00e1s <\/span><b>una soluci\u00f3n a la medida<\/b><span style=\"font-weight: 400;\">. Aqu\u00ed ver\u00e1s cuatro buenas razones para elegirla.<\/span><\/p>\n<\/div>\n\t\t\t\t\t\t\t\t\t\t\t\t\t\t\t\t\t\t\t\t\t\t\t\t<p class=\"m-0\"><img decoding=\"async\" src=\"https:\/\/www.myallmeeting.com\/wp-content\/uploads\/2020\/02\/5064-24-633x398.jpg\" class=\"position-relative l-0\" width=\"633\" height=\"398\" alt=\"\" loading=\"lazy\" \/><\/p>\n\t\t\t\t\t\t\t\t\t\t\t<\/div>\n\t\t\t\t<\/div>\n\t\t\t<\/div>\n\t\t<\/div>\n\t<\/div>\n\t<div class=\"tcta2ia__bottom d-lg-none pb-12 py-lg-9 pe-lg-10\">\n\t\t\t\t<div class=\"h2 fs-20 fs-lg-32 fw-semibold\">Mercure Toulon La Seyne-sur-Mer<\/div>\n\t\t\t\t\t\t<div class=\"fs-wysiwyg\"><p><span style=\"font-weight: 400;\">\u00a1Nada como el suave balanceo de los barcos meci\u00e9ndose en el muelle para que te sientas como si estuvieras navegando! Esto es lo que obtendr\u00e1s en <\/span><a href=\"https:\/\/myallmeeting.com\/es\/hotel\/b3f9-hotel-mercure-toulon-la-seyne-sur-mer-opening-juillet-2019\/\"><b>este hotel de cuatro estrellas<\/b><\/a><span style=\"font-weight: 400;\"> situado en el puerto deportivo de Seyne-sur-Mer.\u00a0<\/span><\/p>\n<p><span style=\"font-weight: 400;\">\u00a1Cada una de sus <\/span><b>96 habitaciones con una decoraci\u00f3n refinada<\/b><span style=\"font-weight: 400;\"> tiene vista al mar! Despu\u00e9s de un d\u00eda de trabajo (sus tres salas de reuniones tienen capacidad para 70 personas) el tiempo para el relax est\u00e1 garantizado entre la piscina exterior climatizada, la zona de bienestar y el restaurante de \u00ab\u00a0bistronom\u00eda\u00a0\u00bb italiana. Un destino de f\u00e1cil acceso ya que la estaci\u00f3n del TGV de Toulon se encuentra a pocos kil\u00f3metros de distancia.<\/span><\/p>\n<\/div>\n\t\t\t\t<div class=\"d-flex flex-column flex-lg-row align-items-center gap-5 gap-lg-8 justify-content-between\">\n\t\t\t<div class=\"fs-20 fs-lg-26 fw-semibold lh-xs\"><\/div>\n\t\t\t\t\t<\/div>\n\t<\/div>\n<\/div>\n<!-- END OF : Composant : block-periscope-theme-section-composant-25-texte-cta-2-images.php -->\n\n\n<!-- START OF : Composant : block-periscope-theme-section-composant-33-texte-image.php -->\n<div class=\"text-image fs-wysiwyg mb-8 mb-lg-12\" data-component=\"33-texte-image\">\n\t<div class=\"container-fluid\" style=\"--bs-gutter-x: 0\">\n\t\t<div class=\"row\" style=\"--bs-gutter-x: 0\">\n\t\t\t\t\t\t<div class=\"col-lg-6 mb-7 mb-lg-0\">\n\t\t\t\t<img decoding=\"async\" src=\"https:\/\/www.myallmeeting.com\/wp-content\/uploads\/2020\/02\/3911-10-953x600.jpg\" width=\"953\" height=\"600\" alt=\"\" loading=\"lazy\" class=\"w-100\" \/>\n\t\t\t<\/div>\n\t\t\t\t\t\t<div class=\"col-lg-6\">\n\t\t\t\t<div class=\"text-image__content\">\n\t\t\t\t\t\t\t\t\t\t<div class=\"fw-semibold lh-xs fs-20 fs-lg-32 ls--25 mb-5\">Ibis Styles Hy\u00e8res Rooftop &amp; Spa<\/div>\n\t\t\t\t\t\t\t\t\t\t\t\t\t\t\t<div class=\"fs-wysiwyg\">\n\t\t\t\t\t\t<p><span style=\"font-weight: 400;\">Cerca de la estaci\u00f3n (a unos cincuenta metros), <\/span><b><a href=\"https:\/\/myallmeeting.com\/es\/hotel\/a0a9-ibis-styles-hyeres-rooftop-spa\/\">este Ibis Styles<\/a> es el lugar ideal si te alojas en Hy\u00e8res<\/b><span style=\"font-weight: 400;\">. Tranquilo y c\u00f3modo el establecimiento cuenta con<\/span><b> 41 habitaciones con aire acondicionado<\/b><span style=\"font-weight: 400;\">, <\/span><b>con un dise\u00f1o tem\u00e1tico de viajes<\/b><span style=\"font-weight: 400;\">. Su bar, su terraza panor\u00e1mica, su sala de reuniones, su spa con jacuzzi y sauna son activos que har\u00e1n que tu estancia sea inolvidable.\u00a0<\/span><\/p>\n<p><span style=\"font-weight: 400;\">\u00bfPrefieres paseos? No dudes en disfrutar del mar, las palmeras y de los 300 d\u00edas de sol al a\u00f1o. \u00bfPor qu\u00e9 no visitar tambi\u00e9n el Museo de la Banca? \u00bfO ir a la playa de Almanarre, un para\u00edso para los aficionados a los deportes de vela? En cualquier caso, \u00a1relajaci\u00f3n garantizada! <\/span><\/p>\n\t\t\t\t\t<\/div>\n\t\t\t\t\t\t\t\t\t<\/div>\n\t\t\t<\/div>        \n\t\t<\/div>\n\t<\/div>\n<\/div>\n<!-- END OF : Composant : block-periscope-theme-section-composant-33-texte-image.php -->\n\n\n<!-- START OF : Composant : block-periscope-theme-section-composant-33-texte-image.php -->\n<!-- INVERSE -->\n<div class=\"text-image fs-wysiwyg mb-8 mb-lg-12\" data-component=\"33-texte-image\" data-reverse=\"oui\">\n\t<div class=\"container-fluid\" style=\"--bs-gutter-x: 0\">\n\t\t<div class=\"row\" style=\"--bs-gutter-x: 0\">\n\t\t\t<div class=\"col-lg-6\">\n\t\t\t\t<div class=\"text-image__content\">\n\t\t\t\t\t\t\t\t\t\t<div class=\"fw-semibold lh-xs fs-20 fs-lg-32 ls--25 mb-5\">Pullman Cannes Mandelieu Royal Casino<\/div>\n\t\t\t\t\t\t\t\t\t\t\t\t\t\t\t<div class=\"fs-wysiwyg\">\n\t\t\t\t\t\t<p><span style=\"font-weight: 400;\">Paseo de la Croisette y lentejuelas, deportes y cocina refinada. Estas son las promesas que te ofrece <a href=\"https:\/\/myallmeeting.com\/es\/hotel\/1168-pullman-cannes-mandelieu-royal-casino\/\">este hotel de cuatro estrellas<\/a>, a solo 20 km del aeropuerto de Niza-Costa Azul. Frente a la bah\u00eda de\u00a0<\/span><b>Cannes<\/b><span style=\"font-weight: 400;\">, <\/span><b>las 213 habitaciones disfrutan todas de una magn\u00edfica vista al mar<\/b><span style=\"font-weight: 400;\">, <\/span><b>al campo de golf o a otras \u00e1reas pintorescas del entorno<\/b><span style=\"font-weight: 400;\">.\u00a0<\/span><\/p>\n<p><span style=\"font-weight: 400;\">Piscina exterior, cancha de tenis, restaurante, bares, casino, discoteca, terraza con vistas al mar\u2026 Sin olvidar sus 19 salas de reuniones con capacidad para m\u00e1s de 600 personas y cuyo uso se facilita gracias a un <\/span><i><span style=\"font-weight: 400;\">administrador de eventos<\/span><\/i><span style=\"font-weight: 400;\"> y un <\/span><i><span style=\"font-weight: 400;\">gerente de soluciones TI<\/span><\/i><span style=\"font-weight: 400;\">\u00a0: el lugar ideal para un <\/span><b>gran evento<\/b><span style=\"font-weight: 400;\">.<\/span><\/p>\n\t\t\t\t\t<\/div>\n\t\t\t\t\t\t\t\t\t<\/div>\n\t\t\t<\/div>    \n\t\t\t    \n\t\t\t<div class=\"col-lg-6 order-first order-lg-last mb-7 mb-lg-0\">\n\t\t\t\t<img decoding=\"async\" src=\"https:\/\/www.myallmeeting.com\/wp-content\/uploads\/2020\/02\/6883-48-953x600.jpg\" width=\"953\" height=\"600\" alt=\"\" loading=\"lazy\" class=\"w-100\" \/>\n\t\t\t<\/div>\n\t\t\t\t\t<\/div>\n\t<\/div>\n<\/div>\n<!-- END OF : Composant : block-periscope-theme-section-composant-33-texte-image.php -->\n\n\n<!-- START OF : Composant : block-periscope-theme-section-composant-33-texte-image.php -->\n<div class=\"text-image fs-wysiwyg mb-8 mb-lg-12\" data-component=\"33-texte-image\">\n\t<div class=\"container-fluid\" style=\"--bs-gutter-x: 0\">\n\t\t<div class=\"row\" style=\"--bs-gutter-x: 0\">\n\t\t\t\t\t\t<div class=\"col-lg-6 mb-7 mb-lg-0\">\n\t\t\t\t<img decoding=\"async\" src=\"https:\/\/www.myallmeeting.com\/wp-content\/uploads\/2020\/02\/6751-33-953x600.jpg\" width=\"953\" height=\"600\" alt=\"\" loading=\"lazy\" class=\"w-100\" \/>\n\t\t\t<\/div>\n\t\t\t\t\t\t<div class=\"col-lg-6\">\n\t\t\t\t<div class=\"text-image__content\">\n\t\t\t\t\t\t\t\t\t\t<div class=\"fw-semibold lh-xs fs-20 fs-lg-32 ls--25 mb-5\">Novotel Antibes Sophia Antipolis<\/div>\n\t\t\t\t\t\t\t\t\t\t\t\t\t\t\t<div class=\"fs-wysiwyg\">\n\t\t\t\t\t\t<p><span style=\"font-weight: 400;\">En <a href=\"https:\/\/myallmeeting.com\/es\/hotel\/0398-novotel-antibes-sophia-antipolis\/\">este hotel de cuatro estrellas<\/a>, podr\u00e1s reunir <\/span><b>hasta 230 personas<\/b><span style=\"font-weight: 400;\">, aprovechando las m\u00faltiples configuraciones que te ofrecemos en <\/span><b>las nueve salas de reuniones<\/b><span style=\"font-weight: 400;\">, todo ello ba\u00f1ado por la luz del d\u00eda. Tanto m\u00e1s atractivo cuanto que estar\u00e1s en la calma de un oc\u00e9ano de verdor, <\/span><b>en el coraz\u00f3n del parque tecnol\u00f3gico Sophia Antipolis<\/b><span style=\"font-weight: 400;\">, a solo 20 km del aeropuerto de Niza-Costa Azul.\u00a0<\/span><\/p>\n<p><span style=\"font-weight: 400;\">Amplias y decoradas con un esp\u00edritu contempor\u00e1neo sobrio y chic, <\/span><b>las 97 habitaciones forman un ambiente discreto y refinado<\/b><span style=\"font-weight: 400;\">, complementado con una piscina exterior y por supuesto con restaurante y bar.<\/span><\/p>\n\t\t\t\t\t<\/div>\n\t\t\t\t\t\t\t\t\t<\/div>\n\t\t\t<\/div>        \n\t\t<\/div>\n\t<\/div>\n<\/div>\n<!-- END OF : Composant : block-periscope-theme-section-composant-33-texte-image.php -->\n","protected":false},"excerpt":{"rendered":"","protected":false},"featured_media":16004695,"menu_order":0,"template":"","periscope_categorie_tax":[3552],"class_list":["post-16036945","article","type-article","status-publish","has-post-thumbnail","hentry","periscope_categorie_tax-tous-nos-tops-selections-es"],"acf":[],"yoast_head":"<title>Un seminario con vistas al Mediterr\u00e1neo - Accor MyAllMeeting.com<\/title>\n<meta name=\"robots\" content=\"index, follow, max-snippet:-1, max-image-preview:large, max-video-preview:-1\" \/>\n<link rel=\"canonical\" href=\"https:\/\/www.myallmeeting.com\/es\/wp-json\/wp\/v2\/article\/16036945\" \/>\n<meta property=\"og:locale\" content=\"es_ES\" \/>\n<meta property=\"og:type\" content=\"article\" \/>\n<meta property=\"og:title\" content=\"Un seminario con vistas al Mediterr\u00e1neo - Accor MyAllMeeting.com\" \/>\n<meta property=\"og:url\" content=\"https:\/\/www.myallmeeting.com\/es\/article\/un-seminario-con-vistas-al-mediterraneo\/\" \/>\n<meta property=\"og:site_name\" content=\"Accor MyAllMeeting.com\" \/>\n<meta property=\"article:modified_time\" content=\"2024-07-22T14:42:38+00:00\" \/>\n<meta property=\"og:image\" content=\"http:\/\/myallmeeting.com\/wp-content\/uploads\/2020\/02\/Antibes-1024x304.png\" \/>\n\t<meta property=\"og:image:width\" content=\"1024\" \/>\n\t<meta property=\"og:image:height\" content=\"304\" \/>\n\t<meta property=\"og:image:type\" content=\"image\/png\" \/>\n<meta name=\"twitter:card\" content=\"summary_large_image\" \/>\n<meta name=\"twitter:label1\" content=\"Est. reading time\" \/>\n\t<meta name=\"twitter:data1\" content=\"5 minutes\" \/>\n<script type=\"application\/ld+json\" class=\"yoast-schema-graph\">{\"@context\":\"https:\/\/schema.org\",\"@graph\":[{\"@type\":\"WebPage\",\"@id\":\"https:\/\/www.myallmeeting.com\/es\/article\/un-seminario-con-vistas-al-mediterraneo\/\",\"url\":\"https:\/\/www.myallmeeting.com\/es\/article\/un-seminario-con-vistas-al-mediterraneo\/\",\"name\":\"Un seminario con vistas al Mediterr\u00e1neo - Accor MyAllMeeting.com\",\"isPartOf\":{\"@id\":\"https:\/\/www.myallmeeting.com\/es\/#website\"},\"primaryImageOfPage\":{\"@id\":\"https:\/\/www.myallmeeting.com\/es\/article\/un-seminario-con-vistas-al-mediterraneo\/#primaryimage\"},\"image\":{\"@id\":\"https:\/\/www.myallmeeting.com\/es\/article\/un-seminario-con-vistas-al-mediterraneo\/#primaryimage\"},\"thumbnailUrl\":\"https:\/\/www.myallmeeting.com\/wp-content\/uploads\/2020\/02\/Antibes.png\",\"datePublished\":\"2020-02-13T14:39:37+00:00\",\"dateModified\":\"2024-07-22T14:42:38+00:00\",\"breadcrumb\":{\"@id\":\"https:\/\/www.myallmeeting.com\/es\/article\/un-seminario-con-vistas-al-mediterraneo\/#breadcrumb\"},\"inLanguage\":\"es-ES\",\"potentialAction\":[{\"@type\":\"ReadAction\",\"target\":[\"https:\/\/www.myallmeeting.com\/es\/article\/un-seminario-con-vistas-al-mediterraneo\/\"]}]},{\"@type\":\"ImageObject\",\"inLanguage\":\"es-ES\",\"@id\":\"https:\/\/www.myallmeeting.com\/es\/article\/un-seminario-con-vistas-al-mediterraneo\/#primaryimage\",\"url\":\"https:\/\/www.myallmeeting.com\/wp-content\/uploads\/2020\/02\/Antibes.png\",\"contentUrl\":\"https:\/\/www.myallmeeting.com\/wp-content\/uploads\/2020\/02\/Antibes.png\",\"width\":1920,\"height\":570},{\"@type\":\"BreadcrumbList\",\"@id\":\"https:\/\/www.myallmeeting.com\/es\/article\/un-seminario-con-vistas-al-mediterraneo\/#breadcrumb\",\"itemListElement\":[{\"@type\":\"ListItem\",\"position\":1,\"name\":\"P\u00e1gina principal\",\"item\":\"https:\/\/myallmeeting.com\/es\/\"},{\"@type\":\"ListItem\",\"position\":2,\"name\":\"Noticias\",\"item\":\"https:\/\/www.myallmeeting.com\/es\/noticias\/\"},{\"@type\":\"ListItem\",\"position\":3,\"name\":\"Un seminario con vistas al Mediterr\u00e1neo\"}]},{\"@type\":\"WebSite\",\"@id\":\"https:\/\/www.myallmeeting.com\/es\/#website\",\"url\":\"https:\/\/www.myallmeeting.com\/es\/\",\"name\":\"Accor MyAllMeeting.com\",\"description\":\"Les Meilleurs lieux pour vos Ev\u00e9nements Professionnels\",\"publisher\":{\"@id\":\"https:\/\/www.myallmeeting.com\/es\/#organization\"},\"potentialAction\":[{\"@type\":\"SearchAction\",\"target\":{\"@type\":\"EntryPoint\",\"urlTemplate\":\"https:\/\/www.myallmeeting.com\/es\/?s={search_term_string}\"},\"query-input\":{\"@type\":\"PropertyValueSpecification\",\"valueRequired\":true,\"valueName\":\"search_term_string\"}}],\"inLanguage\":\"es-ES\"},{\"@type\":\"Organization\",\"@id\":\"https:\/\/www.myallmeeting.com\/es\/#organization\",\"name\":\"ACCOR\",\"url\":\"https:\/\/www.myallmeeting.com\/es\/\",\"logo\":{\"@type\":\"ImageObject\",\"inLanguage\":\"es-ES\",\"@id\":\"https:\/\/www.myallmeeting.com\/es\/#\/schema\/logo\/image\/\",\"url\":\"\",\"contentUrl\":\"\",\"caption\":\"ACCOR\"},\"image\":{\"@id\":\"https:\/\/www.myallmeeting.com\/es\/#\/schema\/logo\/image\/\"}}]}<\/script>","yoast_head_json":{"title":"Un seminario con vistas al Mediterr\u00e1neo - Accor MyAllMeeting.com","robots":{"index":"index","follow":"follow","max-snippet":"max-snippet:-1","max-image-preview":"max-image-preview:large","max-video-preview":"max-video-preview:-1"},"canonical":"https:\/\/www.myallmeeting.com\/es\/wp-json\/wp\/v2\/article\/16036945","og_locale":"es_ES","og_type":"article","og_title":"Un seminario con vistas al Mediterr\u00e1neo - Accor MyAllMeeting.com","og_url":"https:\/\/www.myallmeeting.com\/es\/article\/un-seminario-con-vistas-al-mediterraneo\/","og_site_name":"Accor MyAllMeeting.com","article_modified_time":"2024-07-22T14:42:38+00:00","og_image":[{"width":1024,"height":304,"url":"http:\/\/myallmeeting.com\/wp-content\/uploads\/2020\/02\/Antibes-1024x304.png","type":"image\/png"}],"twitter_card":"summary_large_image","twitter_misc":{"Est. reading time":"5 minutes"},"schema":{"@context":"https:\/\/schema.org","@graph":[{"@type":"WebPage","@id":"https:\/\/www.myallmeeting.com\/es\/article\/un-seminario-con-vistas-al-mediterraneo\/","url":"https:\/\/www.myallmeeting.com\/es\/article\/un-seminario-con-vistas-al-mediterraneo\/","name":"Un seminario con vistas al Mediterr\u00e1neo - Accor MyAllMeeting.com","isPartOf":{"@id":"https:\/\/www.myallmeeting.com\/es\/#website"},"primaryImageOfPage":{"@id":"https:\/\/www.myallmeeting.com\/es\/article\/un-seminario-con-vistas-al-mediterraneo\/#primaryimage"},"image":{"@id":"https:\/\/www.myallmeeting.com\/es\/article\/un-seminario-con-vistas-al-mediterraneo\/#primaryimage"},"thumbnailUrl":"https:\/\/www.myallmeeting.com\/wp-content\/uploads\/2020\/02\/Antibes.png","datePublished":"2020-02-13T14:39:37+00:00","dateModified":"2024-07-22T14:42:38+00:00","breadcrumb":{"@id":"https:\/\/www.myallmeeting.com\/es\/article\/un-seminario-con-vistas-al-mediterraneo\/#breadcrumb"},"inLanguage":"es-ES","potentialAction":[{"@type":"ReadAction","target":["https:\/\/www.myallmeeting.com\/es\/article\/un-seminario-con-vistas-al-mediterraneo\/"]}]},{"@type":"ImageObject","inLanguage":"es-ES","@id":"https:\/\/www.myallmeeting.com\/es\/article\/un-seminario-con-vistas-al-mediterraneo\/#primaryimage","url":"https:\/\/www.myallmeeting.com\/wp-content\/uploads\/2020\/02\/Antibes.png","contentUrl":"https:\/\/www.myallmeeting.com\/wp-content\/uploads\/2020\/02\/Antibes.png","width":1920,"height":570},{"@type":"BreadcrumbList","@id":"https:\/\/www.myallmeeting.com\/es\/article\/un-seminario-con-vistas-al-mediterraneo\/#breadcrumb","itemListElement":[{"@type":"ListItem","position":1,"name":"P\u00e1gina principal","item":"https:\/\/myallmeeting.com\/es\/"},{"@type":"ListItem","position":2,"name":"Noticias","item":"https:\/\/www.myallmeeting.com\/es\/noticias\/"},{"@type":"ListItem","position":3,"name":"Un seminario con vistas al Mediterr\u00e1neo"}]},{"@type":"WebSite","@id":"https:\/\/www.myallmeeting.com\/es\/#website","url":"https:\/\/www.myallmeeting.com\/es\/","name":"Accor MyAllMeeting.com","description":"Les Meilleurs lieux pour vos Ev\u00e9nements Professionnels","publisher":{"@id":"https:\/\/www.myallmeeting.com\/es\/#organization"},"potentialAction":[{"@type":"SearchAction","target":{"@type":"EntryPoint","urlTemplate":"https:\/\/www.myallmeeting.com\/es\/?s={search_term_string}"},"query-input":{"@type":"PropertyValueSpecification","valueRequired":true,"valueName":"search_term_string"}}],"inLanguage":"es-ES"},{"@type":"Organization","@id":"https:\/\/www.myallmeeting.com\/es\/#organization","name":"ACCOR","url":"https:\/\/www.myallmeeting.com\/es\/","logo":{"@type":"ImageObject","inLanguage":"es-ES","@id":"https:\/\/www.myallmeeting.com\/es\/#\/schema\/logo\/image\/","url":"","contentUrl":"","caption":"ACCOR"},"image":{"@id":"https:\/\/www.myallmeeting.com\/es\/#\/schema\/logo\/image\/"}}]}},"_links":{"self":[{"href":"https:\/\/www.myallmeeting.com\/es\/wp-json\/wp\/v2\/article\/16036945","targetHints":{"allow":["GET"]}}],"collection":[{"href":"https:\/\/www.myallmeeting.com\/es\/wp-json\/wp\/v2\/article"}],"about":[{"href":"https:\/\/www.myallmeeting.com\/es\/wp-json\/wp\/v2\/types\/article"}],"wp:featuredmedia":[{"embeddable":true,"href":"https:\/\/www.myallmeeting.com\/es\/wp-json\/wp\/v2\/media\/16004695"}],"wp:attachment":[{"href":"https:\/\/www.myallmeeting.com\/es\/wp-json\/wp\/v2\/media?parent=16036945"}],"wp:term":[{"taxonomy":"periscope_categorie_tax","embeddable":true,"href":"https:\/\/www.myallmeeting.com\/es\/wp-json\/wp\/v2\/periscope_categorie_tax?post=16036945"}],"curies":[{"name":"wp","href":"https:\/\/api.w.org\/{rel}","templated":true}]}}