{"id":16036921,"date":"2018-10-30T15:51:57","date_gmt":"2018-10-30T14:51:57","guid":{"rendered":"https:\/\/myallmeeting.com\/article\/top-10-de-nos-adresses-accor-au-coeur-des-plus-belles-montagnes-francaises\/"},"modified":"2024-07-16T16:58:53","modified_gmt":"2024-07-16T14:58:53","slug":"las-10-mejores-direcciones-accor-en-el-corazon-de-las-montanas-mas-bellas-de-francia","status":"publish","type":"article","link":"https:\/\/www.myallmeeting.com\/es\/article\/las-10-mejores-direcciones-accor-en-el-corazon-de-las-montanas-mas-bellas-de-francia\/","title":{"rendered":"Las 10 mejores direcciones Accor en el coraz\u00f3n de las monta\u00f1as m\u00e1s bellas de Francia"},"content":{"rendered":"<!-- START OF : Composant : block-periscope-theme-section-composant-25-texte-cta-2-images.php -->\n<div class=\"tcta2ia bg-white fs-wysiwyg mb-lg-12\" data-component=\"25-texte-cta-2-images\">\n\t<div class=\"tcta2ia__top\">\n\t\t<div class=\"container-fluid\" style=\"--bs-gutter-x: 0\">\n\t\t\t<div class=\"row\" style=\"--bs-gutter-x: 0\">\n\t\t\t\t<div class=\"col-lg-8\">\n\t\t\t\t\t\t\t\t\t\t<div class=\"bloc-mise-en-avant__top__left\">\n\t\t\t\t\t\t<img decoding=\"async\" src=\"https:\/\/www.myallmeeting.com\/wp-content\/uploads\/2018\/10\/6488-50-1268x846.jpg\" class=\"pe-2 pe-lg-0\" width=\"1268\" height=\"846\" alt=\"s\u00e9minaire original\" loading=\"lazy\" \/>\n\t\t\t\t\t<\/div>\n\t\t\t\t\t\t\t\t\t\t<div class=\"tcta2ia__bottom d-none d-lg-block pb-12 pt-lg-9 pb-lg-0 pe-lg-10\">\n\t\t\t\t\t\t\t\t\t\t\t\t<h2 class=\"fs-20 fs-lg-32 fw-semibold\">Mercure Saint-Lary Sensoria<\/h2>\n\t\t\t\t\t\t\t\t\t\t\t\t\t\t\t\t\t\t<div class=\"fs-wysiwyg\"><p style=\"text-align: center;\"><i><span style=\"font-weight: 400;\">Un pueblo de los Pirineos abierto al suroeste franc\u00e9s y a Espa\u00f1a<\/span><\/i><\/p>\n<p><span style=\"font-weight: 400;\">En el <b>coraz\u00f3n de los Pirineos<\/b>, no lejos de Lourdes y accesible desde la estaci\u00f3n de Lannemezan y desde los aeropuertos de Tarbes, Toulouse y Pau, Saint-Lary est\u00e1 tambi\u00e9n cerca de Espa\u00f1a a trav\u00e9s del t\u00fanel de Bielsa.<\/span><\/p>\n<p><span style=\"font-weight: 400;\"><a href=\"https:\/\/myallmeeting.com\/es\/hotel\/2904-hotel-mercure-de-saint-lary\/\">Este hotel<\/a> de <b>65 habitaciones con balc\u00f3n<\/b> situar\u00e1 tus <b>eventos profesionales<\/b> en un entorno excepcional frente a los majestuosos <b>macizos pirenaicos<\/b>. Sus <b>cinco salas de reuniones<\/b> con capacidad desde <b>7 hasta 120 personas<\/b> son modulares y gozan de una <b>vista panor\u00e1mica<\/b> de las monta\u00f1as. Un escenario ideal para un <b>original seminario Accor<\/b>.<\/span><\/p>\n<p><span style=\"font-weight: 400;\">Para ampliar la experiencia profesional con verdaderos momentos de <b>relax<\/b>, el hotel cuenta con un <b>\u00e1rea termal y un Spa Nuxe<\/b>. Y en el exterior tienes a tu disposici\u00f3n una amplia oferta de actividades: esqu\u00ed de fondo o alpino (hay un telef\u00e9rico a solo 50 metros del hotel), aquagym y fitness. \u00a1Tambi\u00e9n cerca encontrar\u00e1s minigolf, rafting e incluso una pista de patinaje sobre hielo!<\/span><\/p>\n<\/div>\n\t\t\t\t\t\t\t\t\t\t\t\t<div class=\"d-flex flex-column flex-lg-row align-items-center gap-5 gap-lg-8 justify-content-between\">\n\t\t\t\t\t\t\t<div class=\"fs-20 fs-lg-26 fw-semibold lh-xs\"><\/div>\n\t\t\t\t\t\t\t\t\t\t\t\t\t<\/div>\n\t\t\t\t\t<\/div>\n\t\t\t\t<\/div>\n\t\t\t\t<div class=\"col-lg-4\">\n\t\t\t\t\t<div class=\"tcta2ia__top__right t-0 r-0 bg-primary text-white pt-4 pb-4 px-2 pt-lg-8 pb-lg-16 px-lg-11 pb-xl-30\">\n\t\t\t\t\t\t\t\t\t\t\t\t\t\t\t\t\t\t<h2 class=\"unna fs-36 fs-lg-51 fs-xl-75 fs-italic fw-normal text-secondary\">Top 10 de nos adresses Accor au c\u0153ur des plus belles montagnes fran\u00e7aises<\/h2>\n\t\t\t\t\t\t\t\t\t\t\t\t\t\t\t\t\t\t\t\t\t\t\t\t<div class=\"fs-wysiwyg mb-4 fs-lg-16 fs-xl-20\"><p>En los Alpes o en los Pirineos, Accor te abre las puertas de diez sitios excepcionales para organizar tus seminarios, reuniones o convenciones en un ambiente impresionante.<\/p>\n<\/div>\n\t\t\t\t\t\t\t\t\t\t\t\t\t\t\t\t\t\t\t\t\t\t\t\t<p class=\"m-0\"><img decoding=\"async\" src=\"https:\/\/www.myallmeeting.com\/wp-content\/uploads\/2018\/10\/2167-38-633x398.jpg\" class=\"position-relative l-0\" width=\"633\" height=\"398\" alt=\"s\u00e9minaire original salle\" loading=\"lazy\" \/><\/p>\n\t\t\t\t\t\t\t\t\t\t\t<\/div>\n\t\t\t\t<\/div>\n\t\t\t<\/div>\n\t\t<\/div>\n\t<\/div>\n\t<div class=\"tcta2ia__bottom d-lg-none pb-12 py-lg-9 pe-lg-10\">\n\t\t\t\t<div class=\"h2 fs-20 fs-lg-32 fw-semibold\">Mercure Saint-Lary Sensoria<\/div>\n\t\t\t\t\t\t<div class=\"fs-wysiwyg\"><p style=\"text-align: center;\"><i><span style=\"font-weight: 400;\">Un pueblo de los Pirineos abierto al suroeste franc\u00e9s y a Espa\u00f1a<\/span><\/i><\/p>\n<p><span style=\"font-weight: 400;\">En el <b>coraz\u00f3n de los Pirineos<\/b>, no lejos de Lourdes y accesible desde la estaci\u00f3n de Lannemezan y desde los aeropuertos de Tarbes, Toulouse y Pau, Saint-Lary est\u00e1 tambi\u00e9n cerca de Espa\u00f1a a trav\u00e9s del t\u00fanel de Bielsa.<\/span><\/p>\n<p><span style=\"font-weight: 400;\"><a href=\"https:\/\/myallmeeting.com\/es\/hotel\/2904-hotel-mercure-de-saint-lary\/\">Este hotel<\/a> de <b>65 habitaciones con balc\u00f3n<\/b> situar\u00e1 tus <b>eventos profesionales<\/b> en un entorno excepcional frente a los majestuosos <b>macizos pirenaicos<\/b>. Sus <b>cinco salas de reuniones<\/b> con capacidad desde <b>7 hasta 120 personas<\/b> son modulares y gozan de una <b>vista panor\u00e1mica<\/b> de las monta\u00f1as. Un escenario ideal para un <b>original seminario Accor<\/b>.<\/span><\/p>\n<p><span style=\"font-weight: 400;\">Para ampliar la experiencia profesional con verdaderos momentos de <b>relax<\/b>, el hotel cuenta con un <b>\u00e1rea termal y un Spa Nuxe<\/b>. Y en el exterior tienes a tu disposici\u00f3n una amplia oferta de actividades: esqu\u00ed de fondo o alpino (hay un telef\u00e9rico a solo 50 metros del hotel), aquagym y fitness. \u00a1Tambi\u00e9n cerca encontrar\u00e1s minigolf, rafting e incluso una pista de patinaje sobre hielo!<\/span><\/p>\n<\/div>\n\t\t\t\t<div class=\"d-flex flex-column flex-lg-row align-items-center gap-5 gap-lg-8 justify-content-between\">\n\t\t\t<div class=\"fs-20 fs-lg-26 fw-semibold lh-xs\"><\/div>\n\t\t\t\t\t<\/div>\n\t<\/div>\n<\/div>\n<!-- END OF : Composant : block-periscope-theme-section-composant-25-texte-cta-2-images.php -->\n\n\n<!-- START OF : Composant : block-periscope-theme-section-composant-33-texte-image.php -->\n<div class=\"text-image fs-wysiwyg mb-8 mb-lg-12\" data-component=\"33-texte-image\">\n\t<div class=\"container-fluid\" style=\"--bs-gutter-x: 0\">\n\t\t<div class=\"row\" style=\"--bs-gutter-x: 0\">\n\t\t\t\t\t\t<div class=\"col-lg-6 mb-7 mb-lg-0\">\n\t\t\t\t<img decoding=\"async\" src=\"https:\/\/www.myallmeeting.com\/wp-content\/uploads\/2018\/10\/Mercure-Loudenvielle-Pyrenees-Peyragudes-4-953x600.jpg\" width=\"953\" height=\"600\" alt=\"s\u00e9minaire original\" loading=\"lazy\" class=\"w-100\" \/>\n\t\t\t<\/div>\n\t\t\t\t\t\t<div class=\"col-lg-6\">\n\t\t\t\t<div class=\"text-image__content\">\n\t\t\t\t\t\t\t\t\t\t<div class=\"fw-semibold lh-xs fs-20 fs-lg-32 ls--25 mb-5\">Mercure Peyragudes Loudenvielle Pyr\u00e9n\u00e9es <\/div>\n\t\t\t\t\t\t\t\t\t\t\t\t\t\t\t<div class=\"fs-wysiwyg\">\n\t\t\t\t\t\t<p style=\"text-align: center;\"><em>El encanto de los lagos y monta\u00f1as de los Pirineos<\/em><\/p>\n<p><span style=\"font-weight: 400;\">El bonito pueblo de Loudenvielle se encuentra a 900 m del hotel en el coraz\u00f3n del valle del Louron. Se llega a trav\u00e9s de los aeropuertos de Pau (1 hora) o Toulouse (1 hora 30 minutos).<\/span><\/p>\n<p><span style=\"font-weight: 400;\">La estructura del <a href=\"https:\/\/myallmeeting.com\/es\/hotel\/b803-mercure-peyragudes-loudenvielle-pyrenees\/\">hotel<\/a> dispone de <b>62 habitaciones<\/b> ubicadas en un hermoso edificio que ofrece una mezcla de piedras locales, madera y pizarra, en el esp\u00edritu de los <b>chalets de los Pirineos<\/b>. Es la base ideal para un <b>original seminario<\/b> con <b>cuatro salas de reuniones<\/b> capaces de acomodar <b>hasta 85 participantes<\/b> y el cercano Centro de Convenciones <b>Valgora<\/b> con capacidad para 500 personas.<\/span><\/p>\n<p><span style=\"font-weight: 400;\">El Spa Nuxe del hotel o el espacio de balneoterapia (sauna, ba\u00f1os de burbujas) proporcionar\u00e1n a tus participantes total bienestar y relajaci\u00f3n especialmente despu\u00e9s de que hayan descendido por las pistas de esqu\u00ed de la estaci\u00f3n de Peyragudes accesibles desde el telef\u00e9rico Skyvall que est\u00e1 situado frente al hotel.<\/span><\/p>\n\t\t\t\t\t<\/div>\n\t\t\t\t\t\t\t\t\t<\/div>\n\t\t\t<\/div>        \n\t\t<\/div>\n\t<\/div>\n<\/div>\n<!-- END OF : Composant : block-periscope-theme-section-composant-33-texte-image.php -->\n\n\n<!-- START OF : Composant : block-periscope-theme-section-composant-33-texte-image.php -->\n<!-- INVERSE -->\n<div class=\"text-image fs-wysiwyg mb-8 mb-lg-12\" data-component=\"33-texte-image\" data-reverse=\"oui\">\n\t<div class=\"container-fluid\" style=\"--bs-gutter-x: 0\">\n\t\t<div class=\"row\" style=\"--bs-gutter-x: 0\">\n\t\t\t<div class=\"col-lg-6\">\n\t\t\t\t<div class=\"text-image__content\">\n\t\t\t\t\t\t\t\t\t\t<div class=\"fw-semibold lh-xs fs-20 fs-lg-32 ls--25 mb-5\">Novotel Meg\u00e8ve Mont-Blanc <\/div>\n\t\t\t\t\t\t\t\t\t\t\t\t\t\t\t<div class=\"fs-wysiwyg\">\n\t\t\t\t\t\t<p style=\"text-align: center;\"><em>Saborea el grandioso entorno del Mer de Glace y la Aiguille du Midi<\/em><\/p>\n<p><span style=\"font-weight: 400;\"><a href=\"https:\/\/myallmeeting.com\/es\/hotel\/b5i0-novotel-megeve-mont-blanc\/\">Precioso <b>chalet<\/b><\/a> en el coraz\u00f3n del muy elegante Meg\u00e8ve, uno de los complejos tur\u00edsticos m\u00e1s prestigiosos <b>de la Alta Saboya<\/b>, al pie del <b>Mont Blanc<\/b>: El hotel con <b>92 habitaciones<\/b> es accesible desde los aeropuertos de Ginebra y de Lyon-Saint-Exup\u00e9ry o desde la estaci\u00f3n de tren de Sallanches.<\/span><\/p>\n<p><span style=\"font-weight: 400;\">Sus <b>cuatro salas de reuniones<\/b>, la m\u00e1s grande de <b>200 m\u00b2<\/b>, cuentan con luz natural y acceso a una hermosa terraza desde donde podr\u00e1n contemplar el magn\u00edfico entorno circundante.<\/span><\/p>\n<p><span style=\"font-weight: 400;\">Entre sesiones de trabajo, <b>el servicio de transporte gratuito<\/b>, para los hu\u00e9spedes del hotel, los podr\u00e1 llevar en menos de tres minutos a disfrutar de <b>la zona de esqu\u00ed (\u00a1400 km de pistas!)<\/b>. Y para recuperarte de d\u00edas tan ajetreados, visita el Palacio Meg\u00e8ve (acceso gratuito para los hu\u00e9spedes del hotel) situado muy cerca donde te est\u00e1n esperando con <b>balneoterapia, sauna, ba\u00f1o turco, fitness<\/b>\u2026 y otros momentos de bienestar.<\/span><\/p>\n\t\t\t\t\t<\/div>\n\t\t\t\t\t\t\t\t\t<\/div>\n\t\t\t<\/div>    \n\t\t\t    \n\t\t\t<div class=\"col-lg-6 order-first order-lg-last mb-7 mb-lg-0\">\n\t\t\t\t<img decoding=\"async\" src=\"https:\/\/www.myallmeeting.com\/wp-content\/uploads\/2018\/10\/Novotel-Megeve-Mont-Blanc-2-953x600.jpg\" width=\"953\" height=\"600\" alt=\"s\u00e9minaire original\" loading=\"lazy\" class=\"w-100\" \/>\n\t\t\t<\/div>\n\t\t\t\t\t<\/div>\n\t<\/div>\n<\/div>\n<!-- END OF : Composant : block-periscope-theme-section-composant-33-texte-image.php -->\n\n\n<!-- START OF : Composant : block-periscope-theme-section-composant-33-texte-image.php -->\n<div class=\"text-image fs-wysiwyg mb-8 mb-lg-12\" data-component=\"33-texte-image\">\n\t<div class=\"container-fluid\" style=\"--bs-gutter-x: 0\">\n\t\t<div class=\"row\" style=\"--bs-gutter-x: 0\">\n\t\t\t\t\t\t<div class=\"col-lg-6 mb-7 mb-lg-0\">\n\t\t\t\t<img decoding=\"async\" src=\"https:\/\/www.myallmeeting.com\/wp-content\/uploads\/2018\/10\/Ibis-Styles-Les-Houches-Chamonix-1-953x600.jpg\" width=\"953\" height=\"600\" alt=\"s\u00e9minaire original\" loading=\"lazy\" class=\"w-100\" \/>\n\t\t\t<\/div>\n\t\t\t\t\t\t<div class=\"col-lg-6\">\n\t\t\t\t<div class=\"text-image__content\">\n\t\t\t\t\t\t\t\t\t\t<div class=\"fw-semibold lh-xs fs-20 fs-lg-32 ls--25 mb-5\">Ibis styles Les Houches Chamonix<\/div>\n\t\t\t\t\t\t\t\t\t\t\t\t\t\t\t<div class=\"fs-wysiwyg\">\n\t\t\t\t\t\t<p style=\"text-align: center;\"><em>Amabilidad en el coraz\u00f3n del valle del Mont-Blanc<\/em><\/p>\n<p><span style=\"font-weight: 400;\">A un paso de <b>Chamonix<\/b> y de <b>la Aiguille du Midi<\/b>, puedes llegar a este hotel de <b>48 habitaciones<\/b> desde el aeropuerto de Ginebra o desde la estaci\u00f3n Saint-Gervais-les-Bains\u2013Le Fayet.<\/span><\/p>\n<p><span style=\"font-weight: 400;\">Con una decoraci\u00f3n c\u00e1lida y de dise\u00f1ador, <a href=\"https:\/\/myallmeeting.com\/fr\/hotel\/b9p8-ibis-styles-les-houches-chamonix\/\">el hotel<\/a> te ofrece una <b>sala de reuniones de 40 m\u00b2<\/b> para seminarios o team building en grupos peque\u00f1os, por un presupuesto econ\u00f3mico.<\/span><\/p>\n<p><span style=\"font-weight: 400;\">Y no podemos olvidar el atractivo de una bocanada de aire fresco de parte de las dem\u00e1s posibilidades que rodean a este hotel: el esqu\u00ed en invierno, gracias a la proximidad del <b>Telef\u00e9rico Bellevue (300 m)<\/b> para llegar a las pistas de Les Houches y, en verano, los numerosos atractivos de monta\u00f1a como el senderismo, rafting&#8230; o incluso <b>el tranv\u00eda del Mont Blanc<\/b>, este peque\u00f1o tren de cremallera, el m\u00e1s alto de Francia, que conecta Saint-Gervais con el glaciar de Bionnassay: es un paseo en un entorno impresionante.<\/span><\/p>\n\t\t\t\t\t<\/div>\n\t\t\t\t\t\t\t\t\t<\/div>\n\t\t\t<\/div>        \n\t\t<\/div>\n\t<\/div>\n<\/div>\n<!-- END OF : Composant : block-periscope-theme-section-composant-33-texte-image.php -->\n\n\n<!-- START OF : Composant : block-periscope-theme-section-composant-33-texte-image.php -->\n<!-- INVERSE -->\n<div class=\"text-image fs-wysiwyg mb-8 mb-lg-12\" data-component=\"33-texte-image\" data-reverse=\"oui\">\n\t<div class=\"container-fluid\" style=\"--bs-gutter-x: 0\">\n\t\t<div class=\"row\" style=\"--bs-gutter-x: 0\">\n\t\t\t<div class=\"col-lg-6\">\n\t\t\t\t<div class=\"text-image__content\">\n\t\t\t\t\t\t\t\t\t\t<div class=\"fw-semibold lh-xs fs-20 fs-lg-32 ls--25 mb-5\">Le Saint-Gervais H\u00f4tel &amp; Spa \u2013 Handwritten Collection<\/div>\n\t\t\t\t\t\t\t\t\t\t\t\t\t\t\t<div class=\"fs-wysiwyg\">\n\t\t\t\t\t\t<p style=\"text-align: center;\"><em>Elegancia a los pies del Mont-Blanc<\/em><\/p>\n<p><span style=\"font-weight: 400;\">En Saint-Gervais-les-Bains, <b>pueblo termal<\/b>, tienes una cita con el <b>Mont Blanc<\/b>, la monta\u00f1a m\u00e1s alta de Europa, tras llegar en tren a la estaci\u00f3n Saint-Gervais-les-Bains\u2013Le Fayet o desde el aeropuerto de Ginebra (una hora).<\/span><\/p>\n<p><span style=\"font-weight: 400;\"><a href=\"https:\/\/myallmeeting.com\/es\/hotel\/b9f3-le-saint-gervais-hotel-spa\/\">El primer hotel de la colecci\u00f3n Handwritten<\/a> te espera en un entorno de principios del siglo XX. Este hotel de <b>75 habitaciones y suites<\/b>, con balc\u00f3n, desprende una personalidad \u00fanica. Alberga <b>dos piscinas (interior y exterior)<\/b> y una <b>zona de bienestar<\/b> (sauna, jacuzzi). Tu seminario se puede realizar en las <b>cinco salas de reuniones modulares<\/b> donde podr\u00e1s acomodar <b>hasta 110 personas<\/b>.<\/span><\/p>\n<p><span style=\"font-weight: 400;\">Tanto en verano como en invierno, el lugar rebosa de actividades, desde senderismo (\u00a1con esqu\u00eds o a pie!) hasta todos los deportes en <i><span style=\"font-weight: 400;\">exteriores<\/span><\/i>, incluyendo paseos en trineos tirados por perros\u2026 \u00a1Todo esto en un ambiente excepcional!<\/span><\/p>\n\t\t\t\t\t<\/div>\n\t\t\t\t\t\t\t\t\t<\/div>\n\t\t\t<\/div>    \n\t\t\t    \n\t\t\t<div class=\"col-lg-6 order-first order-lg-last mb-7 mb-lg-0\">\n\t\t\t\t<img decoding=\"async\" src=\"https:\/\/www.myallmeeting.com\/wp-content\/uploads\/2018\/10\/Saint-Gervais-Hotel-Spa-Handwritten-Collection-3-953x600.jpg\" width=\"953\" height=\"600\" alt=\"s\u00e9minaire original\" loading=\"lazy\" class=\"w-100\" \/>\n\t\t\t<\/div>\n\t\t\t\t\t<\/div>\n\t<\/div>\n<\/div>\n<!-- END OF : Composant : block-periscope-theme-section-composant-33-texte-image.php -->\n\n\n<!-- START OF : Composant : block-periscope-theme-section-composant-33-texte-image.php -->\n<div class=\"text-image fs-wysiwyg mb-8 mb-lg-12\" data-component=\"33-texte-image\">\n\t<div class=\"container-fluid\" style=\"--bs-gutter-x: 0\">\n\t\t<div class=\"row\" style=\"--bs-gutter-x: 0\">\n\t\t\t\t\t\t<div class=\"col-lg-6 mb-7 mb-lg-0\">\n\t\t\t\t<img decoding=\"async\" src=\"https:\/\/www.myallmeeting.com\/wp-content\/uploads\/2018\/10\/6641-08-953x600.jpg\" width=\"953\" height=\"600\" alt=\"s\u00e9minaire original\" loading=\"lazy\" class=\"w-100\" \/>\n\t\t\t<\/div>\n\t\t\t\t\t\t<div class=\"col-lg-6\">\n\t\t\t\t<div class=\"text-image__content\">\n\t\t\t\t\t\t\t\t\t\t<div class=\"fw-semibold lh-xs fs-20 fs-lg-32 ls--25 mb-5\">Ibis Styles Albertville<\/div>\n\t\t\t\t\t\t\t\t\t\t\t\t\t\t\t<div class=\"fs-wysiwyg\">\n\t\t\t\t\t\t<p style=\"text-align: center;\"><em>En el cruce de dos valles alpinos<\/em><\/p>\n<p><span style=\"font-weight: 400;\"><a href=\"https:\/\/myallmeeting.com\/es\/hotel\/b808-ibis-styles-albertville-opening-july-2021\/\">Este hotel<\/a> de <b>68 habitaciones<\/b> se encuentra en la encrucijada de los valles de Tarentaise y Beaufortain, a menos de 2 km de la estaci\u00f3n de Albertville y cerca del punto de partida de numerosos centros tur\u00edsticos alpinos.<\/span><\/p>\n<p><span style=\"font-weight: 400;\">Una <b>sala de reuniones de 47 m\u00b2<\/b>, perfectamente equipada, con capacidad para hasta 20 personas, estimular\u00e1 las reuniones de estudio de tu grupo.<\/span><\/p>\n<p><span style=\"font-weight: 400;\">Para relajarse, disfrutar\u00e1n de las actividades culturales programadas en <b>la Halle Olympique de Albertville<\/b>. Cerca se organiza una degustaci\u00f3n de <b>Beaufort<\/b>, el delicioso queso local, o pueden explorar las numerosas actividades que ofrecen las monta\u00f1as circundantes. \u00bfEsqu\u00ed? (\u00a1en todas sus formas!) \u00bfPista de patinaje sobre hielo? \u00bfSenderismo? \u00bfVisita de <b>la ciudad medieval de Conflans<\/b>? Tienes much\u00edsimas opciones para elegir&#8230;<\/span><\/p>\n\t\t\t\t\t<\/div>\n\t\t\t\t\t\t\t\t\t<\/div>\n\t\t\t<\/div>        \n\t\t<\/div>\n\t<\/div>\n<\/div>\n<!-- END OF : Composant : block-periscope-theme-section-composant-33-texte-image.php -->\n\n\n<!-- START OF : Composant : block-periscope-theme-section-composant-33-texte-image.php -->\n<!-- INVERSE -->\n<div class=\"text-image fs-wysiwyg mb-8 mb-lg-12\" data-component=\"33-texte-image\" data-reverse=\"oui\">\n\t<div class=\"container-fluid\" style=\"--bs-gutter-x: 0\">\n\t\t<div class=\"row\" style=\"--bs-gutter-x: 0\">\n\t\t\t<div class=\"col-lg-6\">\n\t\t\t\t<div class=\"text-image__content\">\n\t\t\t\t\t\t\t\t\t\t<div class=\"fw-semibold lh-xs fs-20 fs-lg-32 ls--25 mb-5\">Mercure Domaine de Marlioz-Aix-les-Bains &#8211; h\u00f4tel &amp; spa<\/div>\n\t\t\t\t\t\t\t\t\t\t\t\t\t\t\t<div class=\"fs-wysiwyg\">\n\t\t\t\t\t\t<p style=\"text-align: center;\"><em>Entre cultura y naturaleza<\/em><\/p>\n<p><span style=\"font-weight: 400;\">Entre lagos, verdor y monta\u00f1as, <b>\u00bfQu\u00e9 podr\u00eda ser mejor que la propia naturaleza para animar y estimular una abundante cosecha de ideas?<\/b> <a href=\"https:\/\/myallmeeting.com\/es\/hotel\/2945-mercure-aix-les-bains-domaine-de-marlioz-hotel-spa\/\">Este establecimiento<\/a> te ofrecer\u00e1 un magn\u00edfico entorno, ideal para tus eventos profesionales tipo seminario. Tendr\u00e1s para escoger entre nada menos que <b>15 salones de diferentes tama\u00f1os<\/b>. Desde un espacio de 330 m\u00b2 con capacidad para 320 personas (que puede adaptarse a seis salones de 32 m\u00b2 a 65 m\u00b2) hasta otros m\u00e1s peque\u00f1os (con capacidad para hasta 16, 20 o 25 personas). De cualquier forma, <b>encontrar\u00e1s una sala adaptada a tus necesidades<\/b>.<\/span><\/p>\n<p><span style=\"font-weight: 400;\">Este hotel &amp; spa es tambi\u00e9n el lugar perfecto para una estancia rejuvenecedora y relajante. Todo el a\u00f1o tendr\u00e1s a tu disposici\u00f3n desde actividades tur\u00edsticas culturales (la abad\u00eda de Hautecombe, el casino de Aix-les-Bains, etc.) como deportivas (el gran parque del hotel, actividades acu\u00e1ticas en el lago Bourget, las estaciones de esqu\u00ed de Grand Revard, etc.).<\/span><\/p>\n\t\t\t\t\t<\/div>\n\t\t\t\t\t\t\t\t\t<\/div>\n\t\t\t<\/div>    \n\t\t\t    \n\t\t\t<div class=\"col-lg-6 order-first order-lg-last mb-7 mb-lg-0\">\n\t\t\t\t<img decoding=\"async\" src=\"https:\/\/www.myallmeeting.com\/wp-content\/uploads\/2018\/10\/Mercure-Aix-les-Bains-Domaine-de-Marlioz-1-953x600.jpg\" width=\"953\" height=\"600\" alt=\"s\u00e9minaire original\" loading=\"lazy\" class=\"w-100\" \/>\n\t\t\t<\/div>\n\t\t\t\t\t<\/div>\n\t<\/div>\n<\/div>\n<!-- END OF : Composant : block-periscope-theme-section-composant-33-texte-image.php -->\n\n\n<!-- START OF : Composant : block-periscope-theme-section-composant-33-texte-image.php -->\n<div class=\"text-image fs-wysiwyg mb-8 mb-lg-12\" data-component=\"33-texte-image\">\n\t<div class=\"container-fluid\" style=\"--bs-gutter-x: 0\">\n\t\t<div class=\"row\" style=\"--bs-gutter-x: 0\">\n\t\t\t\t\t\t<div class=\"col-lg-6 mb-7 mb-lg-0\">\n\t\t\t\t<img decoding=\"async\" src=\"https:\/\/www.myallmeeting.com\/wp-content\/uploads\/2018\/10\/Mercure-Annemasse-Porte-de-Geneve-2-953x600.jpg\" width=\"953\" height=\"600\" alt=\"s\u00e9minaire original\" loading=\"lazy\" class=\"w-100\" \/>\n\t\t\t<\/div>\n\t\t\t\t\t\t<div class=\"col-lg-6\">\n\t\t\t\t<div class=\"text-image__content\">\n\t\t\t\t\t\t\t\t\t\t<div class=\"fw-semibold lh-xs fs-20 fs-lg-32 ls--25 mb-5\"> H\u00f4tel Mercure Annemasse Porte de Gen\u00e8ve <\/div>\n\t\t\t\t\t\t\t\t\t\t\t\t\t\t\t<div class=\"fs-wysiwyg\">\n\t\t\t\t\t\t<p style=\"text-align: center;\"><em>Recarga tus pilas cerca del lago Lem\u00e1n<\/em><\/p>\n<p><span style=\"font-weight: 400;\">En un ambiente rodeado de naturaleza, <b><a href=\"https:\/\/myallmeeting.com\/es\/hotel\/0343-hotel-mercure-annemasse-porte-de-geneve\/\">el hotel<\/a> y sus 79 habitaciones<\/b> te dar\u00e1n la bienvenida con su estilo escandinavo. \u00bfEst\u00e1s organizando un seminario profesional? <b>Este hotel te ofrece cuatro salas de reuniones y un amplio aparcamiento<\/b>.<\/span><\/p>\n<p><span style=\"font-weight: 400;\">Y en cuanto a momentos para el relax, este hotel Mercure no se queda atr\u00e1s: piscina al aire libre, terraza, brasserie de la casa que ofrece vinos locales&#8230; Otras actividades son posibles, cerca del lago Lem\u00e1n y de las ciudades de Chamonix, Annecy o de lugares termales como Thonon o \u00c9vian.<\/span><\/p>\n\t\t\t\t\t<\/div>\n\t\t\t\t\t\t\t\t\t<\/div>\n\t\t\t<\/div>        \n\t\t<\/div>\n\t<\/div>\n<\/div>\n<!-- END OF : Composant : block-periscope-theme-section-composant-33-texte-image.php -->\n\n\n<!-- START OF : Composant : block-periscope-theme-section-composant-33-texte-image.php -->\n<!-- INVERSE -->\n<div class=\"text-image fs-wysiwyg mb-8 mb-lg-12\" data-component=\"33-texte-image\" data-reverse=\"oui\">\n\t<div class=\"container-fluid\" style=\"--bs-gutter-x: 0\">\n\t\t<div class=\"row\" style=\"--bs-gutter-x: 0\">\n\t\t\t<div class=\"col-lg-6\">\n\t\t\t\t<div class=\"text-image__content\">\n\t\t\t\t\t\t\t\t\t\t<div class=\"fw-semibold lh-xs fs-20 fs-lg-32 ls--25 mb-5\">H\u00f4tel Mercure Grenoble Centre Alpotel <\/div>\n\t\t\t\t\t\t\t\t\t\t\t\t\t\t\t<div class=\"fs-wysiwyg\">\n\t\t\t\t\t\t<p style=\"text-align: center;\"><em>En el coraz\u00f3n de la capital de los Alpes<\/em><\/p>\n<p><span style=\"font-weight: 400;\">Con su estilo elegante y art-d\u00e9co, <b><a href=\"https:\/\/myallmeeting.com\/es\/hotel\/0652-hotel-mercure-grenoble-centre-alpotel\/\">este hotel<\/a> y sus instalaciones<\/b> te ofrecen <b>tres salas de reuniones<\/b> y un apoyo a la medida para la organizaci\u00f3n de tus eventos profesionales: seminarios, comit\u00e9s ejecutivos, capacitaciones, etc. Se ofrecen otros servicios: biblioteca, sala de cine, aparcamiento privado, etc.<\/span><\/p>\n<p><span style=\"font-weight: 400;\">Un ambiente ideal en la \u201cCapital de los Alpes\u201d para compartir y producir ideas, situado en el centro de la ciudad, a pocos metros del ayuntamiento de Grenoble, del Palacio de Deportes, del Estadio de los Alpes, del centro de convenciones y de las estaciones de esqu\u00ed.<\/span><\/p>\n<p>&nbsp;<\/p>\n\t\t\t\t\t<\/div>\n\t\t\t\t\t\t\t\t\t<\/div>\n\t\t\t<\/div>    \n\t\t\t    \n\t\t\t<div class=\"col-lg-6 order-first order-lg-last mb-7 mb-lg-0\">\n\t\t\t\t<img decoding=\"async\" src=\"https:\/\/www.myallmeeting.com\/wp-content\/uploads\/2018\/10\/Mercure-Grenoble-Centre-Alpotel-953x600.jpg\" width=\"953\" height=\"600\" alt=\"s\u00e9minaire original\" loading=\"lazy\" class=\"w-100\" \/>\n\t\t\t<\/div>\n\t\t\t\t\t<\/div>\n\t<\/div>\n<\/div>\n<!-- END OF : Composant : block-periscope-theme-section-composant-33-texte-image.php -->\n\n\n<!-- START OF : Composant : block-periscope-theme-section-composant-33-texte-image.php -->\n<div class=\"text-image fs-wysiwyg mb-8 mb-lg-12\" data-component=\"33-texte-image\">\n\t<div class=\"container-fluid\" style=\"--bs-gutter-x: 0\">\n\t\t<div class=\"row\" style=\"--bs-gutter-x: 0\">\n\t\t\t\t\t\t<div class=\"col-lg-6 mb-7 mb-lg-0\">\n\t\t\t\t<img decoding=\"async\" src=\"https:\/\/www.myallmeeting.com\/wp-content\/uploads\/2018\/10\/2047-28-953x600.jpg\" width=\"953\" height=\"600\" alt=\"s\u00e9minaire original\" loading=\"lazy\" class=\"w-100\" \/>\n\t\t\t<\/div>\n\t\t\t\t\t\t<div class=\"col-lg-6\">\n\t\t\t\t<div class=\"text-image__content\">\n\t\t\t\t\t\t\t\t\t\t<div class=\"fw-semibold lh-xs fs-20 fs-lg-32 ls--25 mb-5\">Novotel Grenoble Nord Voreppe<\/div>\n\t\t\t\t\t\t\t\t\t\t\t\t\t\t\t<div class=\"fs-wysiwyg\">\n\t\t\t\t\t\t<p style=\"text-align: center;\"><em>Respirar un gran bol de aire fresco<\/em><\/p>\n<p><span style=\"font-weight: 400;\"><a href=\"https:\/\/myallmeeting.com\/es\/hotel\/0423-novotel-grenoble-nord-voreppe\/\">Este 4 estrellas<\/a> etiquetado con Llave Verde, por su compromiso con la responsabilidad social (RSE), es el lugar perfecto para una estimulante estancia familiar o de negocios. Situado en una amplia zona verde cerca de las monta\u00f1as, este Novotel te ofrece <b>siete salas de reuniones<\/b> para organizar tus seminarios, capacitaciones y otros eventos profesionales.<\/span><\/p>\n<p><span style=\"font-weight: 400;\">\u00bfNecesitan relajarse entre dos reuniones o despu\u00e9s de un d\u00eda de seminario? D\u00e9jense tentar por las numerosas actividades que se les ofrecen (piscina exterior, cancha de petanca, ping-pong, etc.) o por un paseo por la monta\u00f1a.<\/span><\/p>\n\t\t\t\t\t<\/div>\n\t\t\t\t\t\t\t\t\t<\/div>\n\t\t\t<\/div>        \n\t\t<\/div>\n\t<\/div>\n<\/div>\n<!-- END OF : Composant : block-periscope-theme-section-composant-33-texte-image.php -->\n","protected":false},"excerpt":{"rendered":"","protected":false},"featured_media":16021655,"menu_order":0,"template":"","periscope_categorie_tax":[3552],"class_list":["post-16036921","article","type-article","status-publish","has-post-thumbnail","hentry","periscope_categorie_tax-tous-nos-tops-selections-es"],"acf":[],"yoast_head":"<title>Las 10 mejores direcciones Accor en el coraz\u00f3n de las monta\u00f1as m\u00e1s bellas de Francia - Accor MyAllMeeting.com<\/title>\n<meta name=\"robots\" content=\"index, follow, max-snippet:-1, max-image-preview:large, max-video-preview:-1\" \/>\n<link rel=\"canonical\" href=\"https:\/\/www.myallmeeting.com\/es\/wp-json\/wp\/v2\/article\/16036921\" \/>\n<meta property=\"og:locale\" content=\"es_ES\" \/>\n<meta property=\"og:type\" content=\"article\" \/>\n<meta property=\"og:title\" content=\"Las 10 mejores direcciones Accor en el coraz\u00f3n de las monta\u00f1as m\u00e1s bellas de Francia - Accor MyAllMeeting.com\" \/>\n<meta property=\"og:url\" content=\"https:\/\/www.myallmeeting.com\/es\/article\/las-10-mejores-direcciones-accor-en-el-corazon-de-las-montanas-mas-bellas-de-francia\/\" \/>\n<meta property=\"og:site_name\" content=\"Accor MyAllMeeting.com\" \/>\n<meta property=\"article:modified_time\" content=\"2024-07-16T14:58:53+00:00\" \/>\n<meta property=\"og:image\" content=\"http:\/\/myallmeeting.com\/wp-content\/uploads\/2018\/10\/Destination-montagne-1024x304.png\" \/>\n\t<meta property=\"og:image:width\" content=\"1024\" \/>\n\t<meta property=\"og:image:height\" content=\"304\" \/>\n\t<meta property=\"og:image:type\" content=\"image\/png\" \/>\n<meta name=\"twitter:card\" content=\"summary_large_image\" \/>\n<meta name=\"twitter:label1\" content=\"Est. reading time\" \/>\n\t<meta name=\"twitter:data1\" content=\"10 minutes\" \/>\n<script type=\"application\/ld+json\" class=\"yoast-schema-graph\">{\"@context\":\"https:\/\/schema.org\",\"@graph\":[{\"@type\":\"WebPage\",\"@id\":\"https:\/\/www.myallmeeting.com\/es\/article\/las-10-mejores-direcciones-accor-en-el-corazon-de-las-montanas-mas-bellas-de-francia\/\",\"url\":\"https:\/\/www.myallmeeting.com\/es\/article\/las-10-mejores-direcciones-accor-en-el-corazon-de-las-montanas-mas-bellas-de-francia\/\",\"name\":\"Las 10 mejores direcciones Accor en el coraz\u00f3n de las monta\u00f1as m\u00e1s bellas de Francia - Accor MyAllMeeting.com\",\"isPartOf\":{\"@id\":\"https:\/\/www.myallmeeting.com\/es\/#website\"},\"primaryImageOfPage\":{\"@id\":\"https:\/\/www.myallmeeting.com\/es\/article\/las-10-mejores-direcciones-accor-en-el-corazon-de-las-montanas-mas-bellas-de-francia\/#primaryimage\"},\"image\":{\"@id\":\"https:\/\/www.myallmeeting.com\/es\/article\/las-10-mejores-direcciones-accor-en-el-corazon-de-las-montanas-mas-bellas-de-francia\/#primaryimage\"},\"thumbnailUrl\":\"https:\/\/www.myallmeeting.com\/wp-content\/uploads\/2018\/10\/Destination-montagne.png\",\"datePublished\":\"2018-10-30T14:51:57+00:00\",\"dateModified\":\"2024-07-16T14:58:53+00:00\",\"breadcrumb\":{\"@id\":\"https:\/\/www.myallmeeting.com\/es\/article\/las-10-mejores-direcciones-accor-en-el-corazon-de-las-montanas-mas-bellas-de-francia\/#breadcrumb\"},\"inLanguage\":\"es-ES\",\"potentialAction\":[{\"@type\":\"ReadAction\",\"target\":[\"https:\/\/www.myallmeeting.com\/es\/article\/las-10-mejores-direcciones-accor-en-el-corazon-de-las-montanas-mas-bellas-de-francia\/\"]}]},{\"@type\":\"ImageObject\",\"inLanguage\":\"es-ES\",\"@id\":\"https:\/\/www.myallmeeting.com\/es\/article\/las-10-mejores-direcciones-accor-en-el-corazon-de-las-montanas-mas-bellas-de-francia\/#primaryimage\",\"url\":\"https:\/\/www.myallmeeting.com\/wp-content\/uploads\/2018\/10\/Destination-montagne.png\",\"contentUrl\":\"https:\/\/www.myallmeeting.com\/wp-content\/uploads\/2018\/10\/Destination-montagne.png\",\"width\":1920,\"height\":570},{\"@type\":\"BreadcrumbList\",\"@id\":\"https:\/\/www.myallmeeting.com\/es\/article\/las-10-mejores-direcciones-accor-en-el-corazon-de-las-montanas-mas-bellas-de-francia\/#breadcrumb\",\"itemListElement\":[{\"@type\":\"ListItem\",\"position\":1,\"name\":\"P\u00e1gina principal\",\"item\":\"https:\/\/myallmeeting.com\/es\/\"},{\"@type\":\"ListItem\",\"position\":2,\"name\":\"Noticias\",\"item\":\"https:\/\/www.myallmeeting.com\/es\/noticias\/\"},{\"@type\":\"ListItem\",\"position\":3,\"name\":\"Las 10 mejores direcciones Accor en el coraz\u00f3n de las monta\u00f1as m\u00e1s bellas de Francia\"}]},{\"@type\":\"WebSite\",\"@id\":\"https:\/\/www.myallmeeting.com\/es\/#website\",\"url\":\"https:\/\/www.myallmeeting.com\/es\/\",\"name\":\"Accor MyAllMeeting.com\",\"description\":\"Les Meilleurs lieux pour vos Ev\u00e9nements Professionnels\",\"publisher\":{\"@id\":\"https:\/\/www.myallmeeting.com\/es\/#organization\"},\"potentialAction\":[{\"@type\":\"SearchAction\",\"target\":{\"@type\":\"EntryPoint\",\"urlTemplate\":\"https:\/\/www.myallmeeting.com\/es\/?s={search_term_string}\"},\"query-input\":{\"@type\":\"PropertyValueSpecification\",\"valueRequired\":true,\"valueName\":\"search_term_string\"}}],\"inLanguage\":\"es-ES\"},{\"@type\":\"Organization\",\"@id\":\"https:\/\/www.myallmeeting.com\/es\/#organization\",\"name\":\"ACCOR\",\"url\":\"https:\/\/www.myallmeeting.com\/es\/\",\"logo\":{\"@type\":\"ImageObject\",\"inLanguage\":\"es-ES\",\"@id\":\"https:\/\/www.myallmeeting.com\/es\/#\/schema\/logo\/image\/\",\"url\":\"\",\"contentUrl\":\"\",\"caption\":\"ACCOR\"},\"image\":{\"@id\":\"https:\/\/www.myallmeeting.com\/es\/#\/schema\/logo\/image\/\"}}]}<\/script>","yoast_head_json":{"title":"Las 10 mejores direcciones Accor en el coraz\u00f3n de las monta\u00f1as m\u00e1s bellas de Francia - Accor MyAllMeeting.com","robots":{"index":"index","follow":"follow","max-snippet":"max-snippet:-1","max-image-preview":"max-image-preview:large","max-video-preview":"max-video-preview:-1"},"canonical":"https:\/\/www.myallmeeting.com\/es\/wp-json\/wp\/v2\/article\/16036921","og_locale":"es_ES","og_type":"article","og_title":"Las 10 mejores direcciones Accor en el coraz\u00f3n de las monta\u00f1as m\u00e1s bellas de Francia - Accor MyAllMeeting.com","og_url":"https:\/\/www.myallmeeting.com\/es\/article\/las-10-mejores-direcciones-accor-en-el-corazon-de-las-montanas-mas-bellas-de-francia\/","og_site_name":"Accor MyAllMeeting.com","article_modified_time":"2024-07-16T14:58:53+00:00","og_image":[{"width":1024,"height":304,"url":"http:\/\/myallmeeting.com\/wp-content\/uploads\/2018\/10\/Destination-montagne-1024x304.png","type":"image\/png"}],"twitter_card":"summary_large_image","twitter_misc":{"Est. reading time":"10 minutes"},"schema":{"@context":"https:\/\/schema.org","@graph":[{"@type":"WebPage","@id":"https:\/\/www.myallmeeting.com\/es\/article\/las-10-mejores-direcciones-accor-en-el-corazon-de-las-montanas-mas-bellas-de-francia\/","url":"https:\/\/www.myallmeeting.com\/es\/article\/las-10-mejores-direcciones-accor-en-el-corazon-de-las-montanas-mas-bellas-de-francia\/","name":"Las 10 mejores direcciones Accor en el coraz\u00f3n de las monta\u00f1as m\u00e1s bellas de Francia - Accor MyAllMeeting.com","isPartOf":{"@id":"https:\/\/www.myallmeeting.com\/es\/#website"},"primaryImageOfPage":{"@id":"https:\/\/www.myallmeeting.com\/es\/article\/las-10-mejores-direcciones-accor-en-el-corazon-de-las-montanas-mas-bellas-de-francia\/#primaryimage"},"image":{"@id":"https:\/\/www.myallmeeting.com\/es\/article\/las-10-mejores-direcciones-accor-en-el-corazon-de-las-montanas-mas-bellas-de-francia\/#primaryimage"},"thumbnailUrl":"https:\/\/www.myallmeeting.com\/wp-content\/uploads\/2018\/10\/Destination-montagne.png","datePublished":"2018-10-30T14:51:57+00:00","dateModified":"2024-07-16T14:58:53+00:00","breadcrumb":{"@id":"https:\/\/www.myallmeeting.com\/es\/article\/las-10-mejores-direcciones-accor-en-el-corazon-de-las-montanas-mas-bellas-de-francia\/#breadcrumb"},"inLanguage":"es-ES","potentialAction":[{"@type":"ReadAction","target":["https:\/\/www.myallmeeting.com\/es\/article\/las-10-mejores-direcciones-accor-en-el-corazon-de-las-montanas-mas-bellas-de-francia\/"]}]},{"@type":"ImageObject","inLanguage":"es-ES","@id":"https:\/\/www.myallmeeting.com\/es\/article\/las-10-mejores-direcciones-accor-en-el-corazon-de-las-montanas-mas-bellas-de-francia\/#primaryimage","url":"https:\/\/www.myallmeeting.com\/wp-content\/uploads\/2018\/10\/Destination-montagne.png","contentUrl":"https:\/\/www.myallmeeting.com\/wp-content\/uploads\/2018\/10\/Destination-montagne.png","width":1920,"height":570},{"@type":"BreadcrumbList","@id":"https:\/\/www.myallmeeting.com\/es\/article\/las-10-mejores-direcciones-accor-en-el-corazon-de-las-montanas-mas-bellas-de-francia\/#breadcrumb","itemListElement":[{"@type":"ListItem","position":1,"name":"P\u00e1gina principal","item":"https:\/\/myallmeeting.com\/es\/"},{"@type":"ListItem","position":2,"name":"Noticias","item":"https:\/\/www.myallmeeting.com\/es\/noticias\/"},{"@type":"ListItem","position":3,"name":"Las 10 mejores direcciones Accor en el coraz\u00f3n de las monta\u00f1as m\u00e1s bellas de Francia"}]},{"@type":"WebSite","@id":"https:\/\/www.myallmeeting.com\/es\/#website","url":"https:\/\/www.myallmeeting.com\/es\/","name":"Accor MyAllMeeting.com","description":"Les Meilleurs lieux pour vos Ev\u00e9nements Professionnels","publisher":{"@id":"https:\/\/www.myallmeeting.com\/es\/#organization"},"potentialAction":[{"@type":"SearchAction","target":{"@type":"EntryPoint","urlTemplate":"https:\/\/www.myallmeeting.com\/es\/?s={search_term_string}"},"query-input":{"@type":"PropertyValueSpecification","valueRequired":true,"valueName":"search_term_string"}}],"inLanguage":"es-ES"},{"@type":"Organization","@id":"https:\/\/www.myallmeeting.com\/es\/#organization","name":"ACCOR","url":"https:\/\/www.myallmeeting.com\/es\/","logo":{"@type":"ImageObject","inLanguage":"es-ES","@id":"https:\/\/www.myallmeeting.com\/es\/#\/schema\/logo\/image\/","url":"","contentUrl":"","caption":"ACCOR"},"image":{"@id":"https:\/\/www.myallmeeting.com\/es\/#\/schema\/logo\/image\/"}}]}},"_links":{"self":[{"href":"https:\/\/www.myallmeeting.com\/es\/wp-json\/wp\/v2\/article\/16036921","targetHints":{"allow":["GET"]}}],"collection":[{"href":"https:\/\/www.myallmeeting.com\/es\/wp-json\/wp\/v2\/article"}],"about":[{"href":"https:\/\/www.myallmeeting.com\/es\/wp-json\/wp\/v2\/types\/article"}],"wp:featuredmedia":[{"embeddable":true,"href":"https:\/\/www.myallmeeting.com\/es\/wp-json\/wp\/v2\/media\/16021655"}],"wp:attachment":[{"href":"https:\/\/www.myallmeeting.com\/es\/wp-json\/wp\/v2\/media?parent=16036921"}],"wp:term":[{"taxonomy":"periscope_categorie_tax","embeddable":true,"href":"https:\/\/www.myallmeeting.com\/es\/wp-json\/wp\/v2\/periscope_categorie_tax?post=16036921"}],"curies":[{"name":"wp","href":"https:\/\/api.w.org\/{rel}","templated":true}]}}