{"id":16036908,"date":"2019-11-25T12:11:02","date_gmt":"2019-11-25T11:11:02","guid":{"rendered":"https:\/\/myallmeeting.com\/article\/prenez-un-bol-dair-frais-lors-de-votre-seminaire-en-charente-maritime\/"},"modified":"2024-07-16T15:58:58","modified_gmt":"2024-07-16T13:58:58","slug":"preparate-a-respirar-aire-fresco-durante-tu-seminario-en-charente-maritime","status":"publish","type":"article","link":"https:\/\/www.myallmeeting.com\/es\/article\/preparate-a-respirar-aire-fresco-durante-tu-seminario-en-charente-maritime\/","title":{"rendered":"\u00a1Prep\u00e1rate a respirar aire fresco durante tu seminario en Charente-Maritime!"},"content":{"rendered":"<!-- START OF : Composant : block-periscope-theme-section-composant-25-texte-cta-2-images.php -->\n<div class=\"tcta2ia bg-white fs-wysiwyg mb-lg-12\" data-component=\"25-texte-cta-2-images\">\n\t<div class=\"tcta2ia__top\">\n\t\t<div class=\"container-fluid\" style=\"--bs-gutter-x: 0\">\n\t\t\t<div class=\"row\" style=\"--bs-gutter-x: 0\">\n\t\t\t\t<div class=\"col-lg-8\">\n\t\t\t\t\t\t\t\t\t\t<div class=\"bloc-mise-en-avant__top__left\">\n\t\t\t\t\t\t<img decoding=\"async\" src=\"https:\/\/www.myallmeeting.com\/wp-content\/uploads\/2019\/11\/4677-41-2-1268x846.jpg\" class=\"pe-2 pe-lg-0\" width=\"1268\" height=\"846\" alt=\"\" loading=\"lazy\" \/>\n\t\t\t\t\t<\/div>\n\t\t\t\t\t\t\t\t\t\t<div class=\"tcta2ia__bottom d-none d-lg-block pb-12 pt-lg-9 pb-lg-0 pe-lg-10\">\n\t\t\t\t\t\t\t\t\t\t\t\t<h2 class=\"fs-20 fs-lg-32 fw-semibold\">La Grande Terrasse Hotel &amp; Spa La Rochelle \u2013 MGallery<\/h2>\n\t\t\t\t\t\t\t\t\t\t\t\t\t\t\t\t\t\t<div class=\"fs-wysiwyg\"><p><span style=\"font-weight: 400;\">Si prefieres la majestuosidad del mar al bullicio de la ciudad dir\u00edgete al <\/span><a href=\"https:\/\/myallmeeting.com\/es\/hotel\/7479-la-grande-terrasse-hotel-spa-la-rochelle-mgallery\/\"><b>MGallery La Terrasse La Rochelle<\/b><\/a><span style=\"font-weight: 400;\">. Tendr\u00e1s all\u00ed un spa de \u00faltima generaci\u00f3n una terraza natural e incluso una sabrosa gastronom\u00eda\u2026 <\/span><b>\u00a1En este hotel boutique encontrar\u00e1s un oc\u00e9ano de tranquilidad y bienestar!<\/b><span style=\"font-weight: 400;\"><\/span><\/p>\n<p><span style=\"font-weight: 400;\">Una experiencia relajante que podr\u00e1s prolongar durante tus sesiones de trabajo. Con capacidad de hasta <\/span><b>120 personas<\/b><span style=\"font-weight: 400;\">, las seis salas modulares se benefician de luz natural y algunas incluso ofrecen una vista impresionante de las islas de Aix y Ol\u00e9ron.<\/span><\/p>\n<p><span style=\"font-weight: 400;\">Y a prop\u00f3sito bajo ning\u00fan concepto dejes pasar la oportunidad de ver qu\u00e9 hay m\u00e1s all\u00e1 del hotel. En funci\u00f3n de tus gustos y preferencias puedes realizar excursiones a pie en bicicleta o pasear en barco.<\/span><\/p>\n<\/div>\n\t\t\t\t\t\t\t\t\t\t\t\t<div class=\"d-flex flex-column flex-lg-row align-items-center gap-5 gap-lg-8 justify-content-between\">\n\t\t\t\t\t\t\t<div class=\"fs-20 fs-lg-26 fw-semibold lh-xs\"><\/div>\n\t\t\t\t\t\t\t\t\t\t\t\t\t<\/div>\n\t\t\t\t\t<\/div>\n\t\t\t\t<\/div>\n\t\t\t\t<div class=\"col-lg-4\">\n\t\t\t\t\t<div class=\"tcta2ia__top__right t-0 r-0 bg-primary text-white pt-4 pb-4 px-2 pt-lg-8 pb-lg-16 px-lg-11 pb-xl-30\">\n\t\t\t\t\t\t\t\t\t\t\t\t\t\t\t\t\t\t<h2 class=\"unna fs-36 fs-lg-51 fs-xl-75 fs-italic fw-normal text-secondary\">\u00a1Prep\u00e1rate a respirar aire fresco durante tu seminario en Charente-Maritime!<\/h2>\n\t\t\t\t\t\t\t\t\t\t\t\t\t\t\t\t\t\t<h3 class=\"text-white fs-18 fs-lg-20 fs-xl-28 text-original-case\">\u00a1Aqu\u00ed te presentamos cuatro destinos excepcionales en los que tendr\u00e1s un asiento en primera fila!<\/h3>\n\t\t\t\t\t\t\t\t\t\t\t\t\t\t\t\t\t\t<div class=\"fs-wysiwyg mb-4 fs-lg-16 fs-xl-20\"><p>Para tu pr\u00f3xima estancia profesional te sugerimos instalarte en una de nuestras regiones m\u00e1s bonitas\u2026 Con sus islas emblem\u00e1ticas sus pintorescas \u201ccarrelets\u201d de madera construidas sobre pilotes y sus impresionantes marismas Charente-Maritime ofrece a sus visitantes un espect\u00e1culo inolvidable.<\/p>\n<\/div>\n\t\t\t\t\t\t\t\t\t\t\t\t\t\t\t\t\t\t\t\t\t\t\t\t<p class=\"m-0\"><img decoding=\"async\" src=\"https:\/\/www.myallmeeting.com\/wp-content\/uploads\/2019\/11\/4576-44-633x398.jpg\" class=\"position-relative l-0\" width=\"633\" height=\"398\" alt=\"\" loading=\"lazy\" \/><\/p>\n\t\t\t\t\t\t\t\t\t\t\t<\/div>\n\t\t\t\t<\/div>\n\t\t\t<\/div>\n\t\t<\/div>\n\t<\/div>\n\t<div class=\"tcta2ia__bottom d-lg-none pb-12 py-lg-9 pe-lg-10\">\n\t\t\t\t<div class=\"h2 fs-20 fs-lg-32 fw-semibold\">La Grande Terrasse Hotel &amp; Spa La Rochelle \u2013 MGallery<\/div>\n\t\t\t\t\t\t<div class=\"fs-wysiwyg\"><p><span style=\"font-weight: 400;\">Si prefieres la majestuosidad del mar al bullicio de la ciudad dir\u00edgete al <\/span><a href=\"https:\/\/myallmeeting.com\/es\/hotel\/7479-la-grande-terrasse-hotel-spa-la-rochelle-mgallery\/\"><b>MGallery La Terrasse La Rochelle<\/b><\/a><span style=\"font-weight: 400;\">. Tendr\u00e1s all\u00ed un spa de \u00faltima generaci\u00f3n una terraza natural e incluso una sabrosa gastronom\u00eda\u2026 <\/span><b>\u00a1En este hotel boutique encontrar\u00e1s un oc\u00e9ano de tranquilidad y bienestar!<\/b><span style=\"font-weight: 400;\"><\/span><\/p>\n<p><span style=\"font-weight: 400;\">Una experiencia relajante que podr\u00e1s prolongar durante tus sesiones de trabajo. Con capacidad de hasta <\/span><b>120 personas<\/b><span style=\"font-weight: 400;\">, las seis salas modulares se benefician de luz natural y algunas incluso ofrecen una vista impresionante de las islas de Aix y Ol\u00e9ron.<\/span><\/p>\n<p><span style=\"font-weight: 400;\">Y a prop\u00f3sito bajo ning\u00fan concepto dejes pasar la oportunidad de ver qu\u00e9 hay m\u00e1s all\u00e1 del hotel. En funci\u00f3n de tus gustos y preferencias puedes realizar excursiones a pie en bicicleta o pasear en barco.<\/span><\/p>\n<\/div>\n\t\t\t\t<div class=\"d-flex flex-column flex-lg-row align-items-center gap-5 gap-lg-8 justify-content-between\">\n\t\t\t<div class=\"fs-20 fs-lg-26 fw-semibold lh-xs\"><\/div>\n\t\t\t\t\t<\/div>\n\t<\/div>\n<\/div>\n<!-- END OF : Composant : block-periscope-theme-section-composant-25-texte-cta-2-images.php -->\n\n\n<!-- START OF : Composant : block-periscope-theme-section-composant-33-texte-image.php -->\n<div class=\"text-image fs-wysiwyg mb-8 mb-lg-12\" data-component=\"33-texte-image\">\n\t<div class=\"container-fluid\" style=\"--bs-gutter-x: 0\">\n\t\t<div class=\"row\" style=\"--bs-gutter-x: 0\">\n\t\t\t\t\t\t<div class=\"col-lg-6 mb-7 mb-lg-0\">\n\t\t\t\t<img decoding=\"async\" src=\"https:\/\/www.myallmeeting.com\/wp-content\/uploads\/2019\/11\/4686-37-953x600.jpg\" width=\"953\" height=\"600\" alt=\"\" loading=\"lazy\" class=\"w-100\" \/>\n\t\t\t<\/div>\n\t\t\t\t\t\t<div class=\"col-lg-6\">\n\t\t\t\t<div class=\"text-image__content\">\n\t\t\t\t\t\t\t\t\t\t<div class=\"fw-semibold lh-xs fs-20 fs-lg-32 ls--25 mb-5\">Novotel Thalassa Ol\u00e9ron Saint-Trojan<\/div>\n\t\t\t\t\t\t\t\t\t\t\t\t\t\t\t<div class=\"fs-wysiwyg\">\n\t\t\t\t\t\t<p><span style=\"font-weight: 400;\">Para recargar pilas en la magn\u00edfica isla de Ol\u00e9ron dir\u00edgete a <\/span><a href=\"https:\/\/myallmeeting.com\/es\/hotel\/0417-novotel-thalassa-oleron-saint-trojan\/\"><b>Novotel Thalassa Ol\u00e9ron Saint-Trojan<\/b><\/a><span style=\"font-weight: 400;\">. <\/span><b>\u00a1Aqu\u00ed la prioridad es tu relax!<\/b><\/p>\n<p><span style=\"font-weight: 400;\">Este hotel de 4 estrellas tiene acceso directo a la playa una piscina cubierta con vistas al oc\u00e9ano un restaurante especializado en mariscos y sobre todo un excepcional instituto de talasoterapia. <\/span><b>Sus tres salas de reuniones de aproximadamente 50 m\u00b2<\/b><span style=\"font-weight: 400;\"> te permiten trabajar con total tranquilidad. Perfectamente equipadas contribuir\u00e1n al \u00e9xito de tu evento y al bienestar de tus participantes.<\/span><\/p>\n<p><span style=\"font-weight: 400;\">As\u00ed que si te tientan la isla de Ol\u00e9ron su ruta de las ostras sus casas coloridas y su magn\u00edfico castillo <\/span><span style=\"font-weight: 400;\">\u00a1no lo dudes por un momento! Ya sabes d\u00f3nde alojarte. \u00a1Te estamos esperando!<\/span><\/p>\n\t\t\t\t\t<\/div>\n\t\t\t\t\t\t\t\t\t<\/div>\n\t\t\t<\/div>        \n\t\t<\/div>\n\t<\/div>\n<\/div>\n<!-- END OF : Composant : block-periscope-theme-section-composant-33-texte-image.php -->\n\n\n<!-- START OF : Composant : block-periscope-theme-section-composant-33-texte-image.php -->\n<!-- INVERSE -->\n<div class=\"text-image fs-wysiwyg mb-8 mb-lg-12\" data-component=\"33-texte-image\" data-reverse=\"oui\">\n\t<div class=\"container-fluid\" style=\"--bs-gutter-x: 0\">\n\t\t<div class=\"row\" style=\"--bs-gutter-x: 0\">\n\t\t\t<div class=\"col-lg-6\">\n\t\t\t\t<div class=\"text-image__content\">\n\t\t\t\t\t\t\t\t\t\t<div class=\"fw-semibold lh-xs fs-20 fs-lg-32 ls--25 mb-5\">Mercure Rochefort La Corderie Royale<\/div>\n\t\t\t\t\t\t\t\t\t\t\t\t\t\t\t<div class=\"fs-wysiwyg\">\n\t\t\t\t\t\t<p><span style=\"font-weight: 400;\">Testigo de una \u00e9poca dorada de Charente-Maritime <a href=\"https:\/\/myallmeeting.com\/es\/hotel\/b2q7-hotel-mercure-rochefort-la-corderie-royale-opening-april-2018\/\">Corderie Royale<\/a> en Rochefort es toda una instituci\u00f3n. Hasta el Siglo XIX se fabricaban all\u00ed los cabos para la marina de guerra. Hoy esta gran f\u00e1brica se ha convertido en un museo. <\/span><b>\u00a1Pero tambi\u00e9n es posible alojarse all\u00ed!<\/b><\/p>\n<p><span style=\"font-weight: 400;\">El hotel respeta el esp\u00edritu del lugar. Con 370 m\u00b2 de superficie cinco luminosas salas jard\u00edn interior con \u00e1rboles sin olvidar sus modernas y amplias habitaciones es muy agradable trabajar en este prestigioso ambiente especialmente durante convenciones y otros eventos importantes.<\/span><\/p>\n\t\t\t\t\t<\/div>\n\t\t\t\t\t\t\t\t\t<\/div>\n\t\t\t<\/div>    \n\t\t\t    \n\t\t\t<div class=\"col-lg-6 order-first order-lg-last mb-7 mb-lg-0\">\n\t\t\t\t<img decoding=\"async\" src=\"https:\/\/www.myallmeeting.com\/wp-content\/uploads\/2019\/11\/5332-93-953x600.jpg\" width=\"953\" height=\"600\" alt=\"\" loading=\"lazy\" class=\"w-100\" \/>\n\t\t\t<\/div>\n\t\t\t\t\t<\/div>\n\t<\/div>\n<\/div>\n<!-- END OF : Composant : block-periscope-theme-section-composant-33-texte-image.php -->\n\n\n<!-- START OF : Composant : block-periscope-theme-section-composant-33-texte-image.php -->\n<div class=\"text-image fs-wysiwyg mb-8 mb-lg-12\" data-component=\"33-texte-image\">\n\t<div class=\"container-fluid\" style=\"--bs-gutter-x: 0\">\n\t\t<div class=\"row\" style=\"--bs-gutter-x: 0\">\n\t\t\t\t\t\t<div class=\"col-lg-6 mb-7 mb-lg-0\">\n\t\t\t\t<img decoding=\"async\" src=\"https:\/\/www.myallmeeting.com\/wp-content\/uploads\/2019\/11\/3598-69-953x600.jpg\" width=\"953\" height=\"600\" alt=\"\" loading=\"lazy\" class=\"w-100\" \/>\n\t\t\t<\/div>\n\t\t\t\t\t\t<div class=\"col-lg-6\">\n\t\t\t\t<div class=\"text-image__content\">\n\t\t\t\t\t\t\t\t\t\t<div class=\"fw-semibold lh-xs fs-20 fs-lg-32 ls--25 mb-5\">Ibis Styles La Rochelle Centre<\/div>\n\t\t\t\t\t\t\t\t\t\t\t\t\t\t\t<div class=\"fs-wysiwyg\">\n\t\t\t\t\t\t<p><span style=\"font-weight: 400;\">A un paso de la suntuosa Torre del Reloj y de los muelles el <a href=\"https:\/\/myallmeeting.com\/es\/hotel\/0914-ibis-styles-la-rochelle-centre\/\">Ibis Styles La Rochelle<\/a> no podr\u00eda estar mejor situado. Podr\u00e1s pasear como desees por la encantadora marina deportiva y disfrutar del arte de vivir al estilo Charentais.<\/span><\/p>\n<p><span style=\"font-weight: 400;\">Cuando se trata de trabajo este tranquilo y c\u00e1lido hotel no te decepcionar\u00e1. Pone a tu disposici\u00f3n <\/span><b>una sala MICE de 30 m\u00b2 con capacidad para 25 personas sentadas en mesas o 40 en disposici\u00f3n tipo teatro.<\/b><span style=\"font-weight: 400;\"> Con su futbol\u00edn y su zona de relajaci\u00f3n integrada este sal\u00f3n elegantemente decorado es una invitaci\u00f3n a jugar. Porque est\u00e1 demostrado\u2026 <\/span><b>\u00a1Para que algo funcione bien necesitas estimular la creatividad!<\/b><\/p>\n\t\t\t\t\t<\/div>\n\t\t\t\t\t\t\t\t\t<\/div>\n\t\t\t<\/div>        \n\t\t<\/div>\n\t<\/div>\n<\/div>\n<!-- END OF : Composant : block-periscope-theme-section-composant-33-texte-image.php -->\n","protected":false},"excerpt":{"rendered":"","protected":false},"featured_media":16036909,"menu_order":0,"template":"","periscope_categorie_tax":[3552],"class_list":["post-16036908","article","type-article","status-publish","has-post-thumbnail","hentry","periscope_categorie_tax-tous-nos-tops-selections-es"],"acf":[],"yoast_head":"<title>\u00a1Prep\u00e1rate a respirar aire fresco durante tu seminario en Charente-Maritime! - Accor MyAllMeeting.com<\/title>\n<meta name=\"robots\" content=\"index, follow, max-snippet:-1, max-image-preview:large, max-video-preview:-1\" \/>\n<link rel=\"canonical\" href=\"https:\/\/www.myallmeeting.com\/es\/wp-json\/wp\/v2\/article\/16036908\" \/>\n<meta property=\"og:locale\" content=\"es_ES\" \/>\n<meta property=\"og:type\" content=\"article\" \/>\n<meta property=\"og:title\" content=\"\u00a1Prep\u00e1rate a respirar aire fresco durante tu seminario en Charente-Maritime! - Accor MyAllMeeting.com\" \/>\n<meta property=\"og:url\" content=\"https:\/\/www.myallmeeting.com\/es\/article\/preparate-a-respirar-aire-fresco-durante-tu-seminario-en-charente-maritime\/\" \/>\n<meta property=\"og:site_name\" content=\"Accor MyAllMeeting.com\" \/>\n<meta property=\"article:modified_time\" content=\"2024-07-16T13:58:58+00:00\" \/>\n<meta property=\"og:image\" content=\"http:\/\/myallmeeting.com\/wp-content\/uploads\/2019\/11\/4671-26.jpg\" \/>\n\t<meta property=\"og:image:width\" content=\"1024\" \/>\n\t<meta property=\"og:image:height\" content=\"683\" \/>\n\t<meta property=\"og:image:type\" content=\"image\/jpeg\" \/>\n<meta name=\"twitter:card\" content=\"summary_large_image\" \/>\n<meta name=\"twitter:label1\" content=\"Est. reading time\" \/>\n\t<meta name=\"twitter:data1\" content=\"5 minutes\" \/>\n<script type=\"application\/ld+json\" class=\"yoast-schema-graph\">{\"@context\":\"https:\/\/schema.org\",\"@graph\":[{\"@type\":\"WebPage\",\"@id\":\"https:\/\/www.myallmeeting.com\/es\/article\/preparate-a-respirar-aire-fresco-durante-tu-seminario-en-charente-maritime\/\",\"url\":\"https:\/\/www.myallmeeting.com\/es\/article\/preparate-a-respirar-aire-fresco-durante-tu-seminario-en-charente-maritime\/\",\"name\":\"\u00a1Prep\u00e1rate a respirar aire fresco durante tu seminario en Charente-Maritime! - Accor MyAllMeeting.com\",\"isPartOf\":{\"@id\":\"https:\/\/www.myallmeeting.com\/es\/#website\"},\"primaryImageOfPage\":{\"@id\":\"https:\/\/www.myallmeeting.com\/es\/article\/preparate-a-respirar-aire-fresco-durante-tu-seminario-en-charente-maritime\/#primaryimage\"},\"image\":{\"@id\":\"https:\/\/www.myallmeeting.com\/es\/article\/preparate-a-respirar-aire-fresco-durante-tu-seminario-en-charente-maritime\/#primaryimage\"},\"thumbnailUrl\":\"https:\/\/www.myallmeeting.com\/wp-content\/uploads\/2019\/11\/4671-26.jpg\",\"datePublished\":\"2019-11-25T11:11:02+00:00\",\"dateModified\":\"2024-07-16T13:58:58+00:00\",\"breadcrumb\":{\"@id\":\"https:\/\/www.myallmeeting.com\/es\/article\/preparate-a-respirar-aire-fresco-durante-tu-seminario-en-charente-maritime\/#breadcrumb\"},\"inLanguage\":\"es-ES\",\"potentialAction\":[{\"@type\":\"ReadAction\",\"target\":[\"https:\/\/www.myallmeeting.com\/es\/article\/preparate-a-respirar-aire-fresco-durante-tu-seminario-en-charente-maritime\/\"]}]},{\"@type\":\"ImageObject\",\"inLanguage\":\"es-ES\",\"@id\":\"https:\/\/www.myallmeeting.com\/es\/article\/preparate-a-respirar-aire-fresco-durante-tu-seminario-en-charente-maritime\/#primaryimage\",\"url\":\"https:\/\/www.myallmeeting.com\/wp-content\/uploads\/2019\/11\/4671-26.jpg\",\"contentUrl\":\"https:\/\/www.myallmeeting.com\/wp-content\/uploads\/2019\/11\/4671-26.jpg\",\"width\":1024,\"height\":683,\"caption\":\"Longe-c\u00f4te\"},{\"@type\":\"BreadcrumbList\",\"@id\":\"https:\/\/www.myallmeeting.com\/es\/article\/preparate-a-respirar-aire-fresco-durante-tu-seminario-en-charente-maritime\/#breadcrumb\",\"itemListElement\":[{\"@type\":\"ListItem\",\"position\":1,\"name\":\"P\u00e1gina principal\",\"item\":\"https:\/\/myallmeeting.com\/es\/\"},{\"@type\":\"ListItem\",\"position\":2,\"name\":\"Noticias\",\"item\":\"https:\/\/www.myallmeeting.com\/es\/noticias\/\"},{\"@type\":\"ListItem\",\"position\":3,\"name\":\"\u00a1Prep\u00e1rate a respirar aire fresco durante tu seminario en Charente-Maritime!\"}]},{\"@type\":\"WebSite\",\"@id\":\"https:\/\/www.myallmeeting.com\/es\/#website\",\"url\":\"https:\/\/www.myallmeeting.com\/es\/\",\"name\":\"Accor MyAllMeeting.com\",\"description\":\"Les Meilleurs lieux pour vos Ev\u00e9nements Professionnels\",\"publisher\":{\"@id\":\"https:\/\/www.myallmeeting.com\/es\/#organization\"},\"potentialAction\":[{\"@type\":\"SearchAction\",\"target\":{\"@type\":\"EntryPoint\",\"urlTemplate\":\"https:\/\/www.myallmeeting.com\/es\/?s={search_term_string}\"},\"query-input\":{\"@type\":\"PropertyValueSpecification\",\"valueRequired\":true,\"valueName\":\"search_term_string\"}}],\"inLanguage\":\"es-ES\"},{\"@type\":\"Organization\",\"@id\":\"https:\/\/www.myallmeeting.com\/es\/#organization\",\"name\":\"ACCOR\",\"url\":\"https:\/\/www.myallmeeting.com\/es\/\",\"logo\":{\"@type\":\"ImageObject\",\"inLanguage\":\"es-ES\",\"@id\":\"https:\/\/www.myallmeeting.com\/es\/#\/schema\/logo\/image\/\",\"url\":\"\",\"contentUrl\":\"\",\"caption\":\"ACCOR\"},\"image\":{\"@id\":\"https:\/\/www.myallmeeting.com\/es\/#\/schema\/logo\/image\/\"}}]}<\/script>","yoast_head_json":{"title":"\u00a1Prep\u00e1rate a respirar aire fresco durante tu seminario en Charente-Maritime! - Accor MyAllMeeting.com","robots":{"index":"index","follow":"follow","max-snippet":"max-snippet:-1","max-image-preview":"max-image-preview:large","max-video-preview":"max-video-preview:-1"},"canonical":"https:\/\/www.myallmeeting.com\/es\/wp-json\/wp\/v2\/article\/16036908","og_locale":"es_ES","og_type":"article","og_title":"\u00a1Prep\u00e1rate a respirar aire fresco durante tu seminario en Charente-Maritime! - Accor MyAllMeeting.com","og_url":"https:\/\/www.myallmeeting.com\/es\/article\/preparate-a-respirar-aire-fresco-durante-tu-seminario-en-charente-maritime\/","og_site_name":"Accor MyAllMeeting.com","article_modified_time":"2024-07-16T13:58:58+00:00","og_image":[{"width":1024,"height":683,"url":"http:\/\/myallmeeting.com\/wp-content\/uploads\/2019\/11\/4671-26.jpg","type":"image\/jpeg"}],"twitter_card":"summary_large_image","twitter_misc":{"Est. reading time":"5 minutes"},"schema":{"@context":"https:\/\/schema.org","@graph":[{"@type":"WebPage","@id":"https:\/\/www.myallmeeting.com\/es\/article\/preparate-a-respirar-aire-fresco-durante-tu-seminario-en-charente-maritime\/","url":"https:\/\/www.myallmeeting.com\/es\/article\/preparate-a-respirar-aire-fresco-durante-tu-seminario-en-charente-maritime\/","name":"\u00a1Prep\u00e1rate a respirar aire fresco durante tu seminario en Charente-Maritime! - Accor MyAllMeeting.com","isPartOf":{"@id":"https:\/\/www.myallmeeting.com\/es\/#website"},"primaryImageOfPage":{"@id":"https:\/\/www.myallmeeting.com\/es\/article\/preparate-a-respirar-aire-fresco-durante-tu-seminario-en-charente-maritime\/#primaryimage"},"image":{"@id":"https:\/\/www.myallmeeting.com\/es\/article\/preparate-a-respirar-aire-fresco-durante-tu-seminario-en-charente-maritime\/#primaryimage"},"thumbnailUrl":"https:\/\/www.myallmeeting.com\/wp-content\/uploads\/2019\/11\/4671-26.jpg","datePublished":"2019-11-25T11:11:02+00:00","dateModified":"2024-07-16T13:58:58+00:00","breadcrumb":{"@id":"https:\/\/www.myallmeeting.com\/es\/article\/preparate-a-respirar-aire-fresco-durante-tu-seminario-en-charente-maritime\/#breadcrumb"},"inLanguage":"es-ES","potentialAction":[{"@type":"ReadAction","target":["https:\/\/www.myallmeeting.com\/es\/article\/preparate-a-respirar-aire-fresco-durante-tu-seminario-en-charente-maritime\/"]}]},{"@type":"ImageObject","inLanguage":"es-ES","@id":"https:\/\/www.myallmeeting.com\/es\/article\/preparate-a-respirar-aire-fresco-durante-tu-seminario-en-charente-maritime\/#primaryimage","url":"https:\/\/www.myallmeeting.com\/wp-content\/uploads\/2019\/11\/4671-26.jpg","contentUrl":"https:\/\/www.myallmeeting.com\/wp-content\/uploads\/2019\/11\/4671-26.jpg","width":1024,"height":683,"caption":"Longe-c\u00f4te"},{"@type":"BreadcrumbList","@id":"https:\/\/www.myallmeeting.com\/es\/article\/preparate-a-respirar-aire-fresco-durante-tu-seminario-en-charente-maritime\/#breadcrumb","itemListElement":[{"@type":"ListItem","position":1,"name":"P\u00e1gina principal","item":"https:\/\/myallmeeting.com\/es\/"},{"@type":"ListItem","position":2,"name":"Noticias","item":"https:\/\/www.myallmeeting.com\/es\/noticias\/"},{"@type":"ListItem","position":3,"name":"\u00a1Prep\u00e1rate a respirar aire fresco durante tu seminario en Charente-Maritime!"}]},{"@type":"WebSite","@id":"https:\/\/www.myallmeeting.com\/es\/#website","url":"https:\/\/www.myallmeeting.com\/es\/","name":"Accor MyAllMeeting.com","description":"Les Meilleurs lieux pour vos Ev\u00e9nements Professionnels","publisher":{"@id":"https:\/\/www.myallmeeting.com\/es\/#organization"},"potentialAction":[{"@type":"SearchAction","target":{"@type":"EntryPoint","urlTemplate":"https:\/\/www.myallmeeting.com\/es\/?s={search_term_string}"},"query-input":{"@type":"PropertyValueSpecification","valueRequired":true,"valueName":"search_term_string"}}],"inLanguage":"es-ES"},{"@type":"Organization","@id":"https:\/\/www.myallmeeting.com\/es\/#organization","name":"ACCOR","url":"https:\/\/www.myallmeeting.com\/es\/","logo":{"@type":"ImageObject","inLanguage":"es-ES","@id":"https:\/\/www.myallmeeting.com\/es\/#\/schema\/logo\/image\/","url":"","contentUrl":"","caption":"ACCOR"},"image":{"@id":"https:\/\/www.myallmeeting.com\/es\/#\/schema\/logo\/image\/"}}]}},"_links":{"self":[{"href":"https:\/\/www.myallmeeting.com\/es\/wp-json\/wp\/v2\/article\/16036908","targetHints":{"allow":["GET"]}}],"collection":[{"href":"https:\/\/www.myallmeeting.com\/es\/wp-json\/wp\/v2\/article"}],"about":[{"href":"https:\/\/www.myallmeeting.com\/es\/wp-json\/wp\/v2\/types\/article"}],"wp:featuredmedia":[{"embeddable":true,"href":"https:\/\/www.myallmeeting.com\/es\/wp-json\/wp\/v2\/media\/16036909"}],"wp:attachment":[{"href":"https:\/\/www.myallmeeting.com\/es\/wp-json\/wp\/v2\/media?parent=16036908"}],"wp:term":[{"taxonomy":"periscope_categorie_tax","embeddable":true,"href":"https:\/\/www.myallmeeting.com\/es\/wp-json\/wp\/v2\/periscope_categorie_tax?post=16036908"}],"curies":[{"name":"wp","href":"https:\/\/api.w.org\/{rel}","templated":true}]}}