{"id":16036640,"date":"2019-06-20T18:07:17","date_gmt":"2019-06-20T16:07:17","guid":{"rendered":"https:\/\/myallmeeting.com\/article\/notre-selection-de-rooftops-accor-pour-vos-soirees-estivales\/"},"modified":"2024-07-12T09:25:25","modified_gmt":"2024-07-12T07:25:25","slug":"nuestra-seleccion-de-azoteas-accor-para-tus-veladas-de-verano","status":"publish","type":"article","link":"https:\/\/www.myallmeeting.com\/es\/article\/nuestra-seleccion-de-azoteas-accor-para-tus-veladas-de-verano\/","title":{"rendered":"Nuestra selecci\u00f3n de azoteas Accor para tus veladas de verano"},"content":{"rendered":"<!-- START OF : Composant : block-periscope-theme-section-composant-25-texte-cta-2-images.php -->\n<div class=\"tcta2ia bg-white fs-wysiwyg mb-lg-12\" data-component=\"25-texte-cta-2-images\">\n\t<div class=\"tcta2ia__top\">\n\t\t<div class=\"container-fluid\" style=\"--bs-gutter-x: 0\">\n\t\t\t<div class=\"row\" style=\"--bs-gutter-x: 0\">\n\t\t\t\t<div class=\"col-lg-8\">\n\t\t\t\t\t\t\t\t\t\t<div class=\"bloc-mise-en-avant__top__left\">\n\t\t\t\t\t\t<img decoding=\"async\" src=\"https:\/\/www.myallmeeting.com\/wp-content\/uploads\/2019\/06\/Mercure-Villeneuve-Loubet-Plage-4-1268x846.jpg\" class=\"pe-2 pe-lg-0\" width=\"1268\" height=\"846\" alt=\"\" loading=\"lazy\" \/>\n\t\t\t\t\t<\/div>\n\t\t\t\t\t\t\t\t\t\t<div class=\"tcta2ia__bottom d-none d-lg-block pb-12 pt-lg-9 pb-lg-0 pe-lg-10\">\n\t\t\t\t\t\t\t\t\t\t\t\t<h2 class=\"fs-20 fs-lg-32 fw-semibold\">Sainte-Barbe Hotel &amp; Spa Le Conquet \u2013 MGallery ****<\/h2>\n\t\t\t\t\t\t\t\t\t\t\t\t\t\t\t\t\t\t<div class=\"fs-wysiwyg\"><p><span style=\"font-weight: 400;\">A treinta minutos del aeropuerto de Brest, la azotea suspendida entre el cielo y el mar de este <\/span><a href=\"https:\/\/myallmeeting.com\/es\/hotel\/b1k8-sainte-barbe-hotel-spa-le-conquet-mgalleryopening-may-2019\/\"><b>MGallery de cuatro estrellas<\/b><\/a><span style=\"font-weight: 400;\"> te ofrece una incomparable selecci\u00f3n de c\u00f3cteles en <\/span><b>un lugar m\u00e1gico con puestas de sol excepcionales<\/b><span style=\"font-weight: 400;\">.\u00a0<\/span><\/p>\n<p><span style=\"font-weight: 400;\">En cuanto a su restaurante especializado en mariscos y con vistas espectaculares, es dirigido por un chef formado en la mejor gastronom\u00eda francesa. All\u00ed se celebra a diario la riqueza de las costas bretonas en un ambiente acogedor y de alta gama.<\/span><\/p>\n<\/div>\n\t\t\t\t\t\t\t\t\t\t\t\t<div class=\"d-flex flex-column flex-lg-row align-items-center gap-5 gap-lg-8 justify-content-between\">\n\t\t\t\t\t\t\t<div class=\"fs-20 fs-lg-26 fw-semibold lh-xs\"><\/div>\n\t\t\t\t\t\t\t\t\t\t\t\t\t<\/div>\n\t\t\t\t\t<\/div>\n\t\t\t\t<\/div>\n\t\t\t\t<div class=\"col-lg-4\">\n\t\t\t\t\t<div class=\"tcta2ia__top__right t-0 r-0 bg-primary text-white pt-4 pb-4 px-2 pt-lg-8 pb-lg-16 px-lg-11 pb-xl-30\">\n\t\t\t\t\t\t\t\t\t\t\t\t\t\t\t\t\t\t<h2 class=\"unna fs-36 fs-lg-51 fs-xl-75 fs-italic fw-normal text-secondary\">Nuestra selecci\u00f3n de azoteas Accor para tus veladas de verano<\/h2>\n\t\t\t\t\t\t\t\t\t\t\t\t\t\t\t\t\t\t<h3 class=\"text-white fs-18 fs-lg-20 fs-xl-28 text-original-case\">Mercure Villeneuve-Loubet Plage ****<\/h3>\n\t\t\t\t\t\t\t\t\t\t\t\t\t\t\t\t\t\t<div class=\"fs-wysiwyg mb-4 fs-lg-16 fs-xl-20\"><p><span style=\"font-weight: 400;\">En el coraz\u00f3n de la prestigiosa Baie des Anges entre Niza y Antibes, <a href=\"https:\/\/myallmeeting.com\/es\/hotel\/mercure-villeneuve-loubet-plage\/\">este hotel<\/a> de cuatro estrellas de estilo californiano te ofrece una terraza en la azotea con piscina que brinda una vista panor\u00e1mica excepcional del Mediterr\u00e1neo.<\/span><\/p>\n<p><span style=\"font-weight: 400;\">Su restaurante al aire libre, <\/span><b>Les Terrasses de Syracuse<\/b><span style=\"font-weight: 400;\">, te ofrece platos con sabores mediterr\u00e1neos para una cena o c\u00f3ctel con una vista inolvidable.\u00a0Disfruta de una vista privilegiada en la terraza alrededor de la piscina desde donde podr\u00e1s admirar una vista excepcional del mar.<\/span><\/p>\n<\/div>\n\t\t\t\t\t\t\t\t\t\t\t\t\t\t\t\t\t\t\t\t\t\t\t\t<p class=\"m-0\"><img decoding=\"async\" src=\"https:\/\/www.myallmeeting.com\/wp-content\/uploads\/2019\/06\/5117-03-633x398.jpg\" class=\"position-relative l-0\" width=\"633\" height=\"398\" alt=\"\" loading=\"lazy\" \/><\/p>\n\t\t\t\t\t\t\t\t\t\t\t<\/div>\n\t\t\t\t<\/div>\n\t\t\t<\/div>\n\t\t<\/div>\n\t<\/div>\n\t<div class=\"tcta2ia__bottom d-lg-none pb-12 py-lg-9 pe-lg-10\">\n\t\t\t\t<div class=\"h2 fs-20 fs-lg-32 fw-semibold\">Sainte-Barbe Hotel &amp; Spa Le Conquet \u2013 MGallery ****<\/div>\n\t\t\t\t\t\t<div class=\"fs-wysiwyg\"><p><span style=\"font-weight: 400;\">A treinta minutos del aeropuerto de Brest, la azotea suspendida entre el cielo y el mar de este <\/span><a href=\"https:\/\/myallmeeting.com\/es\/hotel\/b1k8-sainte-barbe-hotel-spa-le-conquet-mgalleryopening-may-2019\/\"><b>MGallery de cuatro estrellas<\/b><\/a><span style=\"font-weight: 400;\"> te ofrece una incomparable selecci\u00f3n de c\u00f3cteles en <\/span><b>un lugar m\u00e1gico con puestas de sol excepcionales<\/b><span style=\"font-weight: 400;\">.\u00a0<\/span><\/p>\n<p><span style=\"font-weight: 400;\">En cuanto a su restaurante especializado en mariscos y con vistas espectaculares, es dirigido por un chef formado en la mejor gastronom\u00eda francesa. All\u00ed se celebra a diario la riqueza de las costas bretonas en un ambiente acogedor y de alta gama.<\/span><\/p>\n<\/div>\n\t\t\t\t<div class=\"d-flex flex-column flex-lg-row align-items-center gap-5 gap-lg-8 justify-content-between\">\n\t\t\t<div class=\"fs-20 fs-lg-26 fw-semibold lh-xs\"><\/div>\n\t\t\t\t\t<\/div>\n\t<\/div>\n<\/div>\n<!-- END OF : Composant : block-periscope-theme-section-composant-25-texte-cta-2-images.php -->\n\n\n<!-- START OF : Composant : block-periscope-theme-section-composant-33-texte-image.php -->\n<div class=\"text-image fs-wysiwyg mb-8 mb-lg-12\" data-component=\"33-texte-image\">\n\t<div class=\"container-fluid\" style=\"--bs-gutter-x: 0\">\n\t\t<div class=\"row\" style=\"--bs-gutter-x: 0\">\n\t\t\t\t\t\t<div class=\"col-lg-6 mb-7 mb-lg-0\">\n\t\t\t\t<img decoding=\"async\" src=\"https:\/\/www.myallmeeting.com\/wp-content\/uploads\/2019\/06\/Novotel-Nice-Centre-Vieux-Nice-1-953x600.jpg\" width=\"953\" height=\"600\" alt=\"\" loading=\"lazy\" class=\"w-100\" \/>\n\t\t\t<\/div>\n\t\t\t\t\t\t<div class=\"col-lg-6\">\n\t\t\t\t<div class=\"text-image__content\">\n\t\t\t\t\t\t\t\t\t\t<div class=\"fw-semibold lh-xs fs-20 fs-lg-32 ls--25 mb-5\">Novotel Nice Centre Vieux-Nice ****<\/div>\n\t\t\t\t\t\t\t\t\t\t\t\t\t\t\t<div class=\"fs-wysiwyg\">\n\t\t\t\t\t\t<p><span style=\"font-weight: 400;\">A cinco minutos del centro de la ciudad y del Promenade des Anglais, <a href=\"https:\/\/myallmeeting.com\/es\/hotel\/1103-novotel-nice-centre-vieux-nice\/\"><span style=\"font-weight: 400;\">el Novotel Nice Centre Vieux-Nice<\/span><\/a><span style=\"font-weight: 400;\"> te ofrece una <\/span><b>vista panor\u00e1mica de Niza desde su azotea<\/b><span style=\"font-weight: 400;\">. Un espacio con piscina y bar, ideal para organizar una velada de c\u00f3cteles de verano.\u00a0<\/span><\/span><\/p>\n<p><span style=\"font-weight: 400;\">En cuanto al restaurante, Le Pois Chiche te ofrece una sabrosa cocina de Niza llamada <\/span><b>\u201cCocina Nissarde\u201d<\/b><span style=\"font-weight: 400;\"> por su compromiso con la cocina local y el uso de productos locales.<\/span><\/p>\n\t\t\t\t\t<\/div>\n\t\t\t\t\t\t\t\t\t<\/div>\n\t\t\t<\/div>        \n\t\t<\/div>\n\t<\/div>\n<\/div>\n<!-- END OF : Composant : block-periscope-theme-section-composant-33-texte-image.php -->\n\n\n<!-- START OF : Composant : block-periscope-theme-section-composant-33-texte-image.php -->\n<!-- INVERSE -->\n<div class=\"text-image fs-wysiwyg mb-8 mb-lg-12\" data-component=\"33-texte-image\" data-reverse=\"oui\">\n\t<div class=\"container-fluid\" style=\"--bs-gutter-x: 0\">\n\t\t<div class=\"row\" style=\"--bs-gutter-x: 0\">\n\t\t\t<div class=\"col-lg-6\">\n\t\t\t\t<div class=\"text-image__content\">\n\t\t\t\t\t\t\t\t\t\t<div class=\"fw-semibold lh-xs fs-20 fs-lg-32 ls--25 mb-5\">Pullman Montpellier Centre ****<\/div>\n\t\t\t\t\t\t\t\t\t\t\t\t\t\t\t<div class=\"fs-wysiwyg\">\n\t\t\t\t\t\t<p><span style=\"font-weight: 400;\">Situado en el coraz\u00f3n del centro hist\u00f3rico de Montpellier, cerca de la Place de la Com\u00e9die y de los distritos comerciales del &#8220;Polygone&#8221;, <a href=\"https:\/\/myallmeeting.com\/es\/hotel\/1294-pullman-la-pleiade-montpellier-centre\/\">el hotel<\/a> domina la ciudad desde su terraza en la azotea.\u00a0<\/span><\/p>\n<p><span style=\"font-weight: 400;\">Con un <\/span><b>estilo chic y contempor\u00e1neo<\/b><span style=\"font-weight: 400;\">, cuenta con una piscina y un restaurante con vistas panor\u00e1micas, el <\/span><b>Vertigo<\/b><span style=\"font-weight: 400;\">. All\u00ed podr\u00e1s disfrutar de una refinada cocina con sabores mediterr\u00e1neos o saborear deliciosos c\u00f3cteles.<\/span><\/p>\n\t\t\t\t\t<\/div>\n\t\t\t\t\t\t\t\t\t<\/div>\n\t\t\t<\/div>    \n\t\t\t    \n\t\t\t<div class=\"col-lg-6 order-first order-lg-last mb-7 mb-lg-0\">\n\t\t\t\t<img decoding=\"async\" src=\"https:\/\/www.myallmeeting.com\/wp-content\/uploads\/2019\/06\/6757-44-953x600.jpg\" width=\"953\" height=\"600\" alt=\"\" loading=\"lazy\" class=\"w-100\" \/>\n\t\t\t<\/div>\n\t\t\t\t\t<\/div>\n\t<\/div>\n<\/div>\n<!-- END OF : Composant : block-periscope-theme-section-composant-33-texte-image.php -->\n\n\n<!-- START OF : Composant : block-periscope-theme-section-composant-33-texte-image.php -->\n<div class=\"text-image fs-wysiwyg mb-8 mb-lg-12\" data-component=\"33-texte-image\">\n\t<div class=\"container-fluid\" style=\"--bs-gutter-x: 0\">\n\t\t<div class=\"row\" style=\"--bs-gutter-x: 0\">\n\t\t\t\t\t\t<div class=\"col-lg-6 mb-7 mb-lg-0\">\n\t\t\t\t<img decoding=\"async\" src=\"https:\/\/www.myallmeeting.com\/wp-content\/uploads\/2019\/06\/Mama-Shelter-Toulouse-1-953x600.jpg\" width=\"953\" height=\"600\" alt=\"\" loading=\"lazy\" class=\"w-100\" \/>\n\t\t\t<\/div>\n\t\t\t\t\t\t<div class=\"col-lg-6\">\n\t\t\t\t<div class=\"text-image__content\">\n\t\t\t\t\t\t\t\t\t\t<div class=\"fw-semibold lh-xs fs-20 fs-lg-32 ls--25 mb-5\">Mama Shelter Toulouse<\/div>\n\t\t\t\t\t\t\t\t\t\t\t\t\t\t\t<div class=\"fs-wysiwyg\">\n\t\t\t\t\t\t<p><span style=\"font-weight: 400;\">En pleno centro de la Ciudad Rosa, al abrigo de la fachada de una antigua sala de cine en el <\/span><b>bulevar Lazare-Carnot<\/b><span style=\"font-weight: 400;\">, se esconde el <a href=\"https:\/\/myallmeeting.com\/es\/hotel\/b395-mama-shelter-toulouse-opening-october-2018\/\">Mama Shelter<\/a>. Desde su famosa <\/span><b>azotea<\/b><span style=\"font-weight: 400;\"> de estilo &#8220;tropicool&#8221;, podr\u00e1s admirar el panorama mientras degustas un vino local o una pizza reci\u00e9n salida del horno.<\/span><\/p>\n\t\t\t\t\t<\/div>\n\t\t\t\t\t\t\t\t\t<\/div>\n\t\t\t<\/div>        \n\t\t<\/div>\n\t<\/div>\n<\/div>\n<!-- END OF : Composant : block-periscope-theme-section-composant-33-texte-image.php -->\n\n\n<!-- START OF : Composant : block-periscope-theme-section-composant-33-texte-image.php -->\n<!-- INVERSE -->\n<div class=\"text-image fs-wysiwyg mb-8 mb-lg-12\" data-component=\"33-texte-image\" data-reverse=\"oui\">\n\t<div class=\"container-fluid\" style=\"--bs-gutter-x: 0\">\n\t\t<div class=\"row\" style=\"--bs-gutter-x: 0\">\n\t\t\t<div class=\"col-lg-6\">\n\t\t\t\t<div class=\"text-image__content\">\n\t\t\t\t\t\t\t\t\t\t<div class=\"fw-semibold lh-xs fs-20 fs-lg-32 ls--25 mb-5\">Sofitel Marseille Vieux Port *****<\/div>\n\t\t\t\t\t\t\t\t\t\t\t\t\t\t\t<div class=\"fs-wysiwyg\">\n\t\t\t\t\t\t<p><span style=\"font-weight: 400;\">Desde el bar <\/span><i><span style=\"font-weight: 400;\">skylounge <\/span><\/i><span style=\"font-weight: 400;\">Dant\u00e8s, el <a href=\"https:\/\/myallmeeting.com\/es\/hotel\/0542-sofitel-marseille-vieux-port\/\"><span style=\"font-weight: 400;\">Sofitel Marseille Vieux-Port<\/span><\/a> te ofrece el m\u00e1s hermoso panorama de la ciudad, con los veleros en el mar y el Mucem. <\/span><b>Una azotea donde disfrutar de la suavidad del aire marino<\/b><span style=\"font-weight: 400;\">, sentado c\u00f3modamente en acogedores sillones mientras saboreas un delicioso c\u00f3ctel.<\/span><\/p>\n<p>&nbsp;<\/p>\n<p><span style=\"font-weight: 400;\">Entre todas estas azoteas, lo m\u00e1s dif\u00edcil ciertamente no ser\u00e1 reservar una en MonMeeting.com sino elegir cu\u00e1l de ellas ser\u00e1 la que acoger\u00e1 tu pr\u00f3xima fiesta de verano al aire libre.<\/span><\/p>\n\t\t\t\t\t<\/div>\n\t\t\t\t\t\t\t\t\t<\/div>\n\t\t\t<\/div>    \n\t\t\t    \n\t\t\t<div class=\"col-lg-6 order-first order-lg-last mb-7 mb-lg-0\">\n\t\t\t\t<img decoding=\"async\" src=\"https:\/\/www.myallmeeting.com\/wp-content\/uploads\/2019\/06\/Sofitel-Marseille-Vieux-Port-6-953x600.jpg\" width=\"953\" height=\"600\" alt=\"\" loading=\"lazy\" class=\"w-100\" \/>\n\t\t\t<\/div>\n\t\t\t\t\t<\/div>\n\t<\/div>\n<\/div>\n<!-- END OF : Composant : block-periscope-theme-section-composant-33-texte-image.php -->\n","protected":false},"excerpt":{"rendered":"","protected":false},"featured_media":15964883,"menu_order":0,"template":"","periscope_categorie_tax":[3552],"class_list":["post-16036640","article","type-article","status-publish","has-post-thumbnail","hentry","periscope_categorie_tax-tous-nos-tops-selections-es"],"acf":[],"yoast_head":"<title>Nuestra selecci\u00f3n de azoteas Accor para tus veladas de verano - Accor MyAllMeeting.com<\/title>\n<meta name=\"robots\" content=\"index, follow, max-snippet:-1, max-image-preview:large, max-video-preview:-1\" \/>\n<link rel=\"canonical\" href=\"https:\/\/www.myallmeeting.com\/es\/wp-json\/wp\/v2\/article\/16036640\" \/>\n<meta property=\"og:locale\" content=\"es_ES\" \/>\n<meta property=\"og:type\" content=\"article\" \/>\n<meta property=\"og:title\" content=\"Nuestra selecci\u00f3n de azoteas Accor para tus veladas de verano - Accor MyAllMeeting.com\" \/>\n<meta property=\"og:url\" content=\"https:\/\/www.myallmeeting.com\/es\/article\/nuestra-seleccion-de-azoteas-accor-para-tus-veladas-de-verano\/\" \/>\n<meta property=\"og:site_name\" content=\"Accor MyAllMeeting.com\" \/>\n<meta property=\"article:modified_time\" content=\"2024-07-12T07:25:25+00:00\" \/>\n<meta property=\"og:image\" content=\"https:\/\/myallmeeting.com\/wp-content\/uploads\/2019\/06\/Sofitel-Marseille-Vieux-Port-1024x304.png\" \/>\n\t<meta property=\"og:image:width\" content=\"1024\" \/>\n\t<meta property=\"og:image:height\" content=\"304\" \/>\n\t<meta property=\"og:image:type\" content=\"image\/png\" \/>\n<meta name=\"twitter:card\" content=\"summary_large_image\" \/>\n<meta name=\"twitter:label1\" content=\"Est. reading time\" \/>\n\t<meta name=\"twitter:data1\" content=\"3 minutes\" \/>\n<script type=\"application\/ld+json\" class=\"yoast-schema-graph\">{\"@context\":\"https:\/\/schema.org\",\"@graph\":[{\"@type\":\"WebPage\",\"@id\":\"https:\/\/www.myallmeeting.com\/es\/article\/nuestra-seleccion-de-azoteas-accor-para-tus-veladas-de-verano\/\",\"url\":\"https:\/\/www.myallmeeting.com\/es\/article\/nuestra-seleccion-de-azoteas-accor-para-tus-veladas-de-verano\/\",\"name\":\"Nuestra selecci\u00f3n de azoteas Accor para tus veladas de verano - Accor MyAllMeeting.com\",\"isPartOf\":{\"@id\":\"https:\/\/www.myallmeeting.com\/es\/#website\"},\"primaryImageOfPage\":{\"@id\":\"https:\/\/www.myallmeeting.com\/es\/article\/nuestra-seleccion-de-azoteas-accor-para-tus-veladas-de-verano\/#primaryimage\"},\"image\":{\"@id\":\"https:\/\/www.myallmeeting.com\/es\/article\/nuestra-seleccion-de-azoteas-accor-para-tus-veladas-de-verano\/#primaryimage\"},\"thumbnailUrl\":\"https:\/\/www.myallmeeting.com\/wp-content\/uploads\/2019\/06\/Sofitel-Marseille-Vieux-Port.png\",\"datePublished\":\"2019-06-20T16:07:17+00:00\",\"dateModified\":\"2024-07-12T07:25:25+00:00\",\"breadcrumb\":{\"@id\":\"https:\/\/www.myallmeeting.com\/es\/article\/nuestra-seleccion-de-azoteas-accor-para-tus-veladas-de-verano\/#breadcrumb\"},\"inLanguage\":\"es-ES\",\"potentialAction\":[{\"@type\":\"ReadAction\",\"target\":[\"https:\/\/www.myallmeeting.com\/es\/article\/nuestra-seleccion-de-azoteas-accor-para-tus-veladas-de-verano\/\"]}]},{\"@type\":\"ImageObject\",\"inLanguage\":\"es-ES\",\"@id\":\"https:\/\/www.myallmeeting.com\/es\/article\/nuestra-seleccion-de-azoteas-accor-para-tus-veladas-de-verano\/#primaryimage\",\"url\":\"https:\/\/www.myallmeeting.com\/wp-content\/uploads\/2019\/06\/Sofitel-Marseille-Vieux-Port.png\",\"contentUrl\":\"https:\/\/www.myallmeeting.com\/wp-content\/uploads\/2019\/06\/Sofitel-Marseille-Vieux-Port.png\",\"width\":1920,\"height\":570},{\"@type\":\"BreadcrumbList\",\"@id\":\"https:\/\/www.myallmeeting.com\/es\/article\/nuestra-seleccion-de-azoteas-accor-para-tus-veladas-de-verano\/#breadcrumb\",\"itemListElement\":[{\"@type\":\"ListItem\",\"position\":1,\"name\":\"P\u00e1gina principal\",\"item\":\"https:\/\/myallmeeting.com\/es\/\"},{\"@type\":\"ListItem\",\"position\":2,\"name\":\"Noticias\",\"item\":\"https:\/\/www.myallmeeting.com\/es\/noticias\/\"},{\"@type\":\"ListItem\",\"position\":3,\"name\":\"Nuestra selecci\u00f3n de azoteas Accor para tus veladas de verano\"}]},{\"@type\":\"WebSite\",\"@id\":\"https:\/\/www.myallmeeting.com\/es\/#website\",\"url\":\"https:\/\/www.myallmeeting.com\/es\/\",\"name\":\"Accor MyAllMeeting.com\",\"description\":\"Les Meilleurs lieux pour vos Ev\u00e9nements Professionnels\",\"publisher\":{\"@id\":\"https:\/\/www.myallmeeting.com\/es\/#organization\"},\"potentialAction\":[{\"@type\":\"SearchAction\",\"target\":{\"@type\":\"EntryPoint\",\"urlTemplate\":\"https:\/\/www.myallmeeting.com\/es\/?s={search_term_string}\"},\"query-input\":{\"@type\":\"PropertyValueSpecification\",\"valueRequired\":true,\"valueName\":\"search_term_string\"}}],\"inLanguage\":\"es-ES\"},{\"@type\":\"Organization\",\"@id\":\"https:\/\/www.myallmeeting.com\/es\/#organization\",\"name\":\"ACCOR\",\"url\":\"https:\/\/www.myallmeeting.com\/es\/\",\"logo\":{\"@type\":\"ImageObject\",\"inLanguage\":\"es-ES\",\"@id\":\"https:\/\/www.myallmeeting.com\/es\/#\/schema\/logo\/image\/\",\"url\":\"\",\"contentUrl\":\"\",\"caption\":\"ACCOR\"},\"image\":{\"@id\":\"https:\/\/www.myallmeeting.com\/es\/#\/schema\/logo\/image\/\"}}]}<\/script>","yoast_head_json":{"title":"Nuestra selecci\u00f3n de azoteas Accor para tus veladas de verano - Accor MyAllMeeting.com","robots":{"index":"index","follow":"follow","max-snippet":"max-snippet:-1","max-image-preview":"max-image-preview:large","max-video-preview":"max-video-preview:-1"},"canonical":"https:\/\/www.myallmeeting.com\/es\/wp-json\/wp\/v2\/article\/16036640","og_locale":"es_ES","og_type":"article","og_title":"Nuestra selecci\u00f3n de azoteas Accor para tus veladas de verano - Accor MyAllMeeting.com","og_url":"https:\/\/www.myallmeeting.com\/es\/article\/nuestra-seleccion-de-azoteas-accor-para-tus-veladas-de-verano\/","og_site_name":"Accor MyAllMeeting.com","article_modified_time":"2024-07-12T07:25:25+00:00","og_image":[{"width":1024,"height":304,"url":"https:\/\/myallmeeting.com\/wp-content\/uploads\/2019\/06\/Sofitel-Marseille-Vieux-Port-1024x304.png","type":"image\/png"}],"twitter_card":"summary_large_image","twitter_misc":{"Est. reading time":"3 minutes"},"schema":{"@context":"https:\/\/schema.org","@graph":[{"@type":"WebPage","@id":"https:\/\/www.myallmeeting.com\/es\/article\/nuestra-seleccion-de-azoteas-accor-para-tus-veladas-de-verano\/","url":"https:\/\/www.myallmeeting.com\/es\/article\/nuestra-seleccion-de-azoteas-accor-para-tus-veladas-de-verano\/","name":"Nuestra selecci\u00f3n de azoteas Accor para tus veladas de verano - Accor MyAllMeeting.com","isPartOf":{"@id":"https:\/\/www.myallmeeting.com\/es\/#website"},"primaryImageOfPage":{"@id":"https:\/\/www.myallmeeting.com\/es\/article\/nuestra-seleccion-de-azoteas-accor-para-tus-veladas-de-verano\/#primaryimage"},"image":{"@id":"https:\/\/www.myallmeeting.com\/es\/article\/nuestra-seleccion-de-azoteas-accor-para-tus-veladas-de-verano\/#primaryimage"},"thumbnailUrl":"https:\/\/www.myallmeeting.com\/wp-content\/uploads\/2019\/06\/Sofitel-Marseille-Vieux-Port.png","datePublished":"2019-06-20T16:07:17+00:00","dateModified":"2024-07-12T07:25:25+00:00","breadcrumb":{"@id":"https:\/\/www.myallmeeting.com\/es\/article\/nuestra-seleccion-de-azoteas-accor-para-tus-veladas-de-verano\/#breadcrumb"},"inLanguage":"es-ES","potentialAction":[{"@type":"ReadAction","target":["https:\/\/www.myallmeeting.com\/es\/article\/nuestra-seleccion-de-azoteas-accor-para-tus-veladas-de-verano\/"]}]},{"@type":"ImageObject","inLanguage":"es-ES","@id":"https:\/\/www.myallmeeting.com\/es\/article\/nuestra-seleccion-de-azoteas-accor-para-tus-veladas-de-verano\/#primaryimage","url":"https:\/\/www.myallmeeting.com\/wp-content\/uploads\/2019\/06\/Sofitel-Marseille-Vieux-Port.png","contentUrl":"https:\/\/www.myallmeeting.com\/wp-content\/uploads\/2019\/06\/Sofitel-Marseille-Vieux-Port.png","width":1920,"height":570},{"@type":"BreadcrumbList","@id":"https:\/\/www.myallmeeting.com\/es\/article\/nuestra-seleccion-de-azoteas-accor-para-tus-veladas-de-verano\/#breadcrumb","itemListElement":[{"@type":"ListItem","position":1,"name":"P\u00e1gina principal","item":"https:\/\/myallmeeting.com\/es\/"},{"@type":"ListItem","position":2,"name":"Noticias","item":"https:\/\/www.myallmeeting.com\/es\/noticias\/"},{"@type":"ListItem","position":3,"name":"Nuestra selecci\u00f3n de azoteas Accor para tus veladas de verano"}]},{"@type":"WebSite","@id":"https:\/\/www.myallmeeting.com\/es\/#website","url":"https:\/\/www.myallmeeting.com\/es\/","name":"Accor MyAllMeeting.com","description":"Les Meilleurs lieux pour vos Ev\u00e9nements Professionnels","publisher":{"@id":"https:\/\/www.myallmeeting.com\/es\/#organization"},"potentialAction":[{"@type":"SearchAction","target":{"@type":"EntryPoint","urlTemplate":"https:\/\/www.myallmeeting.com\/es\/?s={search_term_string}"},"query-input":{"@type":"PropertyValueSpecification","valueRequired":true,"valueName":"search_term_string"}}],"inLanguage":"es-ES"},{"@type":"Organization","@id":"https:\/\/www.myallmeeting.com\/es\/#organization","name":"ACCOR","url":"https:\/\/www.myallmeeting.com\/es\/","logo":{"@type":"ImageObject","inLanguage":"es-ES","@id":"https:\/\/www.myallmeeting.com\/es\/#\/schema\/logo\/image\/","url":"","contentUrl":"","caption":"ACCOR"},"image":{"@id":"https:\/\/www.myallmeeting.com\/es\/#\/schema\/logo\/image\/"}}]}},"_links":{"self":[{"href":"https:\/\/www.myallmeeting.com\/es\/wp-json\/wp\/v2\/article\/16036640","targetHints":{"allow":["GET"]}}],"collection":[{"href":"https:\/\/www.myallmeeting.com\/es\/wp-json\/wp\/v2\/article"}],"about":[{"href":"https:\/\/www.myallmeeting.com\/es\/wp-json\/wp\/v2\/types\/article"}],"wp:featuredmedia":[{"embeddable":true,"href":"https:\/\/www.myallmeeting.com\/es\/wp-json\/wp\/v2\/media\/15964883"}],"wp:attachment":[{"href":"https:\/\/www.myallmeeting.com\/es\/wp-json\/wp\/v2\/media?parent=16036640"}],"wp:term":[{"taxonomy":"periscope_categorie_tax","embeddable":true,"href":"https:\/\/www.myallmeeting.com\/es\/wp-json\/wp\/v2\/periscope_categorie_tax?post=16036640"}],"curies":[{"name":"wp","href":"https:\/\/api.w.org\/{rel}","templated":true}]}}