{"id":16036459,"date":"2021-05-18T11:23:22","date_gmt":"2021-05-18T09:23:22","guid":{"rendered":"https:\/\/myallmeeting.com\/article\/nos-adresses-avec-rooftop-a-paris\/"},"modified":"2024-07-22T16:36:23","modified_gmt":"2024-07-22T14:36:23","slug":"nuestras-instalaciones-con-azotea-en-paris","status":"publish","type":"article","link":"https:\/\/www.myallmeeting.com\/es\/article\/nuestras-instalaciones-con-azotea-en-paris\/","title":{"rendered":"\u00a1Nuestras instalaciones con azotea en Par\u00eds!"},"content":{"rendered":"<!-- START OF : Composant : block-periscope-theme-section-composant-25-texte-cta-2-images.php -->\n<div class=\"tcta2ia bg-white fs-wysiwyg mb-lg-12\" data-component=\"25-texte-cta-2-images\">\n\t<div class=\"tcta2ia__top\">\n\t\t<div class=\"container-fluid\" style=\"--bs-gutter-x: 0\">\n\t\t\t<div class=\"row\" style=\"--bs-gutter-x: 0\">\n\t\t\t\t<div class=\"col-lg-8\">\n\t\t\t\t\t\t\t\t\t\t<div class=\"bloc-mise-en-avant__top__left\">\n\t\t\t\t\t\t<img decoding=\"async\" src=\"https:\/\/www.myallmeeting.com\/wp-content\/uploads\/2021\/05\/5806-50-1268x846.jpg\" class=\"pe-2 pe-lg-0\" width=\"1268\" height=\"846\" alt=\"rooftop privatisable paris\" loading=\"lazy\" \/>\n\t\t\t\t\t<\/div>\n\t\t\t\t\t\t\t\t\t\t<div class=\"tcta2ia__bottom d-none d-lg-block pb-12 pt-lg-9 pb-lg-0 pe-lg-10\">\n\t\t\t\t\t\t\t\t\t\t\t\t<h2 class=\"fs-20 fs-lg-32 fw-semibold\">Novotel Par\u00eds Porte de Versailles<\/h2>\n\t\t\t\t\t\t\t\t\t\t\t\t\t\t\t\t\t\t<div class=\"fs-wysiwyg\"><p><b>Para una vista completa de la Torre Eiffel<\/b><\/p>\n<p><span style=\"font-weight: 400;\">El <a href=\"https:\/\/myallmeeting.com\/fr\/hotel\/a7l6-novotel-paris-porte-de-versailles-opening-in-january-2020\/\">Novotel Paris Porte de Versailles<\/a> tiene una ubicaci\u00f3n imprescindible en el barrio Porte de Versailles. Situado a la entrada del parque Paris Expo, al pie de la entrada B, tiene entrada desde el Pabell\u00f3n 6.\u00a0Con una arquitectura contempor\u00e1nea y refinada, este hotel tambi\u00e9n tiene algo muy seductor y sorprendente: espacios inusuales, salas de reuniones de \u00faltima generaci\u00f3n y una restauraci\u00f3n original con los colores de Provenza.\u00a0<\/span><b>Y lo m\u00e1s top: su Restaurante Pedzouille con su azotea de estilo r\u00fastico&#8230;<\/b><span style=\"font-weight: 400;\"> \u00a1La mejor opci\u00f3n para una comida acogedora y aut\u00e9ntica este verano frente a la Torre Eiffel!<\/span><\/p>\n<\/div>\n\t\t\t\t\t\t\t\t\t\t\t\t<div class=\"d-flex flex-column flex-lg-row align-items-center gap-5 gap-lg-8 justify-content-between\">\n\t\t\t\t\t\t\t<div class=\"fs-20 fs-lg-26 fw-semibold lh-xs\"><\/div>\n\t\t\t\t\t\t\t\t\t\t\t\t\t<\/div>\n\t\t\t\t\t<\/div>\n\t\t\t\t<\/div>\n\t\t\t\t<div class=\"col-lg-4\">\n\t\t\t\t\t<div class=\"tcta2ia__top__right t-0 r-0 bg-primary text-white pt-4 pb-4 px-2 pt-lg-8 pb-lg-16 px-lg-11 pb-xl-30\">\n\t\t\t\t\t\t\t\t\t\t\t\t\t\t\t\t\t\t<h2 class=\"unna fs-36 fs-lg-51 fs-xl-75 fs-italic fw-normal text-secondary\">\u00a1Nuestras instalaciones con azotea en Par\u00eds!<\/h2>\n\t\t\t\t\t\t\t\t\t\t\t\t\t\t\t\t\t\t<h3 class=\"text-white fs-18 fs-lg-20 fs-xl-28 text-original-case\">Imprescindibles para compartir un momento de relajaci\u00f3n y camarader\u00eda entre colegas, las azoteas permiten combinar negocios con placer.<\/h3>\n\t\t\t\t\t\t\t\t\t\t\t\t\t\t\t\t\t\t<div class=\"fs-wysiwyg mb-4 fs-lg-16 fs-xl-20\"><p><b><i>Accor puede ofrecerte una selecci\u00f3n de seis azoteas inspiradoras donde podr\u00e1s disfrutar de un caf\u00e9, un c\u00f3ctel o incluso un almuerzo al aire libre \u00a1y con todo Par\u00eds a sus pies! Para tus eventos, puedes reservar las siguientes azoteas de Par\u00eds para tus eventos privados.<\/i><\/b><\/p>\n<\/div>\n\t\t\t\t\t\t\t\t\t\t\t\t\t\t\t\t\t\t\t\t\t\t\t\t<p class=\"m-0\"><img decoding=\"async\" src=\"https:\/\/www.myallmeeting.com\/wp-content\/uploads\/2021\/05\/5806-51-633x398.jpg\" class=\"position-relative l-0\" width=\"633\" height=\"398\" alt=\"rooftop privatisable paris\" loading=\"lazy\" \/><\/p>\n\t\t\t\t\t\t\t\t\t\t\t<\/div>\n\t\t\t\t<\/div>\n\t\t\t<\/div>\n\t\t<\/div>\n\t<\/div>\n\t<div class=\"tcta2ia__bottom d-lg-none pb-12 py-lg-9 pe-lg-10\">\n\t\t\t\t<div class=\"h2 fs-20 fs-lg-32 fw-semibold\">Novotel Par\u00eds Porte de Versailles<\/div>\n\t\t\t\t\t\t<div class=\"fs-wysiwyg\"><p><b>Para una vista completa de la Torre Eiffel<\/b><\/p>\n<p><span style=\"font-weight: 400;\">El <a href=\"https:\/\/myallmeeting.com\/fr\/hotel\/a7l6-novotel-paris-porte-de-versailles-opening-in-january-2020\/\">Novotel Paris Porte de Versailles<\/a> tiene una ubicaci\u00f3n imprescindible en el barrio Porte de Versailles. Situado a la entrada del parque Paris Expo, al pie de la entrada B, tiene entrada desde el Pabell\u00f3n 6.\u00a0Con una arquitectura contempor\u00e1nea y refinada, este hotel tambi\u00e9n tiene algo muy seductor y sorprendente: espacios inusuales, salas de reuniones de \u00faltima generaci\u00f3n y una restauraci\u00f3n original con los colores de Provenza.\u00a0<\/span><b>Y lo m\u00e1s top: su Restaurante Pedzouille con su azotea de estilo r\u00fastico&#8230;<\/b><span style=\"font-weight: 400;\"> \u00a1La mejor opci\u00f3n para una comida acogedora y aut\u00e9ntica este verano frente a la Torre Eiffel!<\/span><\/p>\n<\/div>\n\t\t\t\t<div class=\"d-flex flex-column flex-lg-row align-items-center gap-5 gap-lg-8 justify-content-between\">\n\t\t\t<div class=\"fs-20 fs-lg-26 fw-semibold lh-xs\"><\/div>\n\t\t\t\t\t<\/div>\n\t<\/div>\n<\/div>\n<!-- END OF : Composant : block-periscope-theme-section-composant-25-texte-cta-2-images.php -->\n\n\n<!-- START OF : Composant : block-periscope-theme-section-composant-33-texte-image.php -->\n<div class=\"text-image fs-wysiwyg mb-8 mb-lg-12\" data-component=\"33-texte-image\">\n\t<div class=\"container-fluid\" style=\"--bs-gutter-x: 0\">\n\t\t<div class=\"row\" style=\"--bs-gutter-x: 0\">\n\t\t\t\t\t\t<div class=\"col-lg-6 mb-7 mb-lg-0\">\n\t\t\t\t<img decoding=\"async\" src=\"https:\/\/www.myallmeeting.com\/wp-content\/uploads\/2021\/05\/Ibis-Styles-Paris-Bercy-3-953x600.jpg\" width=\"953\" height=\"600\" alt=\"rooftop privatisable paris\" loading=\"lazy\" class=\"w-100\" \/>\n\t\t\t<\/div>\n\t\t\t\t\t\t<div class=\"col-lg-6\">\n\t\t\t\t<div class=\"text-image__content\">\n\t\t\t\t\t\t\t\t\t\t<div class=\"fw-semibold lh-xs fs-20 fs-lg-32 ls--25 mb-5\">Ibis Styles Paris Bercy<\/div>\n\t\t\t\t\t\t\t\t\t\t\t\t\t\t\t<div class=\"fs-wysiwyg\">\n\t\t\t\t\t\t<p><b>Una azotea al viento<\/b><\/p>\n<p><span style=\"font-weight: 400;\">El hotel <a href=\"https:\/\/myallmeeting.com\/fr\/hotel\/0941-ibis-styles-paris-bercy\/\">Ibis Styles Paris Bercy<\/a> tiene dos palabras clave que lo describen: <\/span><b>amabilidad y sencillez.<\/b><span style=\"font-weight: 400;\"> En el coraz\u00f3n de Bercy Village, a dos pasos del Accor Arena y de la Gare de Lyon, a diez minutos en metro del centro de la capital, <\/span><b>su ubicaci\u00f3n es ideal.<\/b><span style=\"font-weight: 400;\"> Menci\u00f3n especial merece su dise\u00f1o, obra de varios artistas de <\/span><i><span style=\"font-weight: 400;\">arte callejero<\/span><\/i><span style=\"font-weight: 400;\"> europeos que estimula la creatividad y contagia el buen humor!<\/span><\/p>\n<p><span style=\"font-weight: 400;\">En t\u00e9rminos de relax, la azotea del hotel es \u00fanica: son 1.000 m<\/span><span style=\"font-weight: 400;\">2<\/span><span style=\"font-weight: 400;\"> para trabajar o relajarse que miran al parque Bercy. En el programa puede haber c\u00f3cteles, comida de food truck o algo ligero despu\u00e9s de las reuniones. \u00a1El ambiente de la azotea es amigable, fresco y moderno!<\/span><\/p>\n\t\t\t\t\t<\/div>\n\t\t\t\t\t\t\t\t\t<\/div>\n\t\t\t<\/div>        \n\t\t<\/div>\n\t<\/div>\n<\/div>\n<!-- END OF : Composant : block-periscope-theme-section-composant-33-texte-image.php -->\n\n\n<!-- START OF : Composant : block-periscope-theme-section-composant-33-texte-image.php -->\n<!-- INVERSE -->\n<div class=\"text-image fs-wysiwyg mb-8 mb-lg-12\" data-component=\"33-texte-image\" data-reverse=\"oui\">\n\t<div class=\"container-fluid\" style=\"--bs-gutter-x: 0\">\n\t\t<div class=\"row\" style=\"--bs-gutter-x: 0\">\n\t\t\t<div class=\"col-lg-6\">\n\t\t\t\t<div class=\"text-image__content\">\n\t\t\t\t\t\t\t\t\t\t<div class=\"fw-semibold lh-xs fs-20 fs-lg-32 ls--25 mb-5\">Mercure Paris Montmartre Sacr\u00e9-C\u0153ur<\/div>\n\t\t\t\t\t\t\t\t\t\t\t\t\t\t\t<div class=\"fs-wysiwyg\">\n\t\t\t\t\t\t<p><b>Un peque\u00f1o rinc\u00f3n del para\u00edso<\/b><\/p>\n<p><b>Situado en el coraz\u00f3n de la vida parisina m\u00e1s intensa<\/b><span style=\"font-weight: 400;\"> (al lado del Sacr\u00e9-Coeur, muy cerca de los Grandes Almacenes, de Pigalle y del Moulin Rouge) el hotel de cuatro estrellas <a href=\"https:\/\/myallmeeting.com\/fr\/hotel\/0373-hotel-mercure-paris-montmartre-sacre-coeur\/\">Mercure Paris Montmartre Sacr\u00e9-C\u0153ur<\/a> ofrece desde sus habitaciones <\/span><b>\u00a1una vista impresionante de la bas\u00edlica y de la Torre Eiffel!<\/b><\/p>\n<p><span style=\"font-weight: 400;\">Pero su m\u00e1s secreto encanto es su <\/span><b>terraza en la azotea en Par\u00eds<\/b><span style=\"font-weight: 400;\">: <\/span><b>un lugar privilegiado de relax<\/b><span style=\"font-weight: 400;\"> para disfrutar de d\u00eda y de noche de la calma y el frescor en medio del tumulto urbano. Ya sea tomando una copa con los dem\u00e1s participantes o recargando pilas, <\/span><b>\u00a1el aut\u00e9ntico lujo de un momento de relax!<\/b><\/p>\n\t\t\t\t\t<\/div>\n\t\t\t\t\t\t\t\t\t<\/div>\n\t\t\t<\/div>    \n\t\t\t    \n\t\t\t<div class=\"col-lg-6 order-first order-lg-last mb-7 mb-lg-0\">\n\t\t\t\t<img decoding=\"async\" src=\"https:\/\/www.myallmeeting.com\/wp-content\/uploads\/2021\/05\/Mercure-Paris-Montmartre-Sacre-Coeur-3-953x600.jpg\" width=\"953\" height=\"600\" alt=\"rooftop privatisable paris\" loading=\"lazy\" class=\"w-100\" \/>\n\t\t\t<\/div>\n\t\t\t\t\t<\/div>\n\t<\/div>\n<\/div>\n<!-- END OF : Composant : block-periscope-theme-section-composant-33-texte-image.php -->\n\n\n<!-- START OF : Composant : block-periscope-theme-section-composant-33-texte-image.php -->\n<div class=\"text-image fs-wysiwyg mb-8 mb-lg-12\" data-component=\"33-texte-image\">\n\t<div class=\"container-fluid\" style=\"--bs-gutter-x: 0\">\n\t\t<div class=\"row\" style=\"--bs-gutter-x: 0\">\n\t\t\t\t\t\t<div class=\"col-lg-6 mb-7 mb-lg-0\">\n\t\t\t\t<img decoding=\"async\" src=\"https:\/\/www.myallmeeting.com\/wp-content\/uploads\/2021\/05\/Mama-paris-West-953x600.jpg\" width=\"953\" height=\"600\" alt=\"rooftop privatisable paris\" loading=\"lazy\" class=\"w-100\" \/>\n\t\t\t<\/div>\n\t\t\t\t\t\t<div class=\"col-lg-6\">\n\t\t\t\t<div class=\"text-image__content\">\n\t\t\t\t\t\t\t\t\t\t<div class=\"fw-semibold lh-xs fs-20 fs-lg-32 ls--25 mb-5\">Mama Shelter Paris West<\/div>\n\t\t\t\t\t\t\t\t\t\t\t\t\t\t\t<div class=\"fs-wysiwyg\">\n\t\t\t\t\t\t<p><b>Un nido en los tejados<\/b><\/p>\n<p><span style=\"font-weight: 400;\">Estamos en casa, en casa de mam\u00e1.<\/span><b><a href=\"https:\/\/myallmeeting.com\/es\/hotel\/b1c3-mama-shelter-paris-west-ouverture-decembre-2019\/\"> En este hotel en la Porte de Versailles<\/a>,<\/b><span style=\"font-weight: 400;\"> habitaciones contempor\u00e1neas y ultrac\u00f3modas dise\u00f1adas por Dion &amp; Arles (los famosos dise\u00f1adores de interiores), ropa de cama de cinco estrellas, productos org\u00e1nicos para el cuidado de la piel, <\/span><b>catering casero y personal s\u00faper atento.<\/b><\/p>\n<p><span style=\"font-weight: 400;\">Y la guinda sobre el pastel de <\/span><b>este capullo urbano<\/b><span style=\"font-weight: 400;\">. Cuenta adem\u00e1s con una azotea con vistas panor\u00e1micas a los tejados de la capital. Se han previsto varios espacios tanto exteriores como techados para disfrutar del momento sea cual sea el tiempo que haga. <\/span><b>En el men\u00fa: pizza, desayuno, c\u00f3cteles y si te apetece, \u00a1ping-pong!<\/b><\/p>\n\t\t\t\t\t<\/div>\n\t\t\t\t\t\t\t\t\t<\/div>\n\t\t\t<\/div>        \n\t\t<\/div>\n\t<\/div>\n<\/div>\n<!-- END OF : Composant : block-periscope-theme-section-composant-33-texte-image.php -->\n\n\n<!-- START OF : Composant : block-periscope-theme-section-composant-33-texte-image.php -->\n<!-- INVERSE -->\n<div class=\"text-image fs-wysiwyg mb-8 mb-lg-12\" data-component=\"33-texte-image\" data-reverse=\"oui\">\n\t<div class=\"container-fluid\" style=\"--bs-gutter-x: 0\">\n\t\t<div class=\"row\" style=\"--bs-gutter-x: 0\">\n\t\t\t<div class=\"col-lg-6\">\n\t\t\t\t<div class=\"text-image__content\">\n\t\t\t\t\t\t\t\t\t\t<div class=\"fw-semibold lh-xs fs-20 fs-lg-32 ls--25 mb-5\">Pullman Paris Montparnasse<\/div>\n\t\t\t\t\t\t\t\t\t\t\t\t\t\t\t<div class=\"fs-wysiwyg\">\n\t\t\t\t\t\t<p><b>Una experiencia panor\u00e1mica<\/b><\/p>\n<p><span style=\"font-weight: 400;\">En el coraz\u00f3n de un distrito en plena modernizaci\u00f3n,<\/span><b><a href=\"https:\/\/myallmeeting.com\/es\/hotel\/8189-pullman-paris-montparnasse\/\"> este famoso hotel<\/a> de negocios ofrece tras su fachada de cristal 957 lujosas habitaciones recientemente renovadas. <\/b><span style=\"font-weight: 400;\">Encontrar\u00e1s 5.000 m\u00b2 de espacios dedicados a eventos y reuniones, algunos de ellos de gran capacidad (hay una sala para plenarias de <\/span><b>742 m\u00b2 <\/b><span style=\"font-weight: 400;\">con una altura de techo de siete metros).<\/span><\/p>\n<p><b>Su azotea, que domina Par\u00eds desde lo alto de su piso m\u00e1s alto, el 32, <\/b><span style=\"font-weight: 400;\"> est\u00e1 hecha a la medida de este grandioso hotel: \u00a1vistas espectaculares de toda la Ciudad de la Luz! Para inspiradores almuerzos o cenas de negocios\u2026<\/span><\/p>\n\t\t\t\t\t<\/div>\n\t\t\t\t\t\t\t\t\t<\/div>\n\t\t\t<\/div>    \n\t\t\t    \n\t\t\t<div class=\"col-lg-6 order-first order-lg-last mb-7 mb-lg-0\">\n\t\t\t\t<img decoding=\"async\" src=\"https:\/\/www.myallmeeting.com\/wp-content\/uploads\/2021\/05\/6409-72-953x600.jpg\" width=\"953\" height=\"600\" alt=\"rooftop privatisable paris\" loading=\"lazy\" class=\"w-100\" \/>\n\t\t\t<\/div>\n\t\t\t\t\t<\/div>\n\t<\/div>\n<\/div>\n<!-- END OF : Composant : block-periscope-theme-section-composant-33-texte-image.php -->\n\n\n<!-- START OF : Composant : block-periscope-theme-section-composant-33-texte-image.php -->\n<div class=\"text-image fs-wysiwyg mb-8 mb-lg-12\" data-component=\"33-texte-image\">\n\t<div class=\"container-fluid\" style=\"--bs-gutter-x: 0\">\n\t\t<div class=\"row\" style=\"--bs-gutter-x: 0\">\n\t\t\t\t\t\t<div class=\"col-lg-6 mb-7 mb-lg-0\">\n\t\t\t\t<img decoding=\"async\" src=\"https:\/\/www.myallmeeting.com\/wp-content\/uploads\/2021\/05\/Hotel-Molitor-Paris-MGallery-8-953x600.jpg\" width=\"953\" height=\"600\" alt=\"rooftop privatisable paris\" loading=\"lazy\" class=\"w-100\" \/>\n\t\t\t<\/div>\n\t\t\t\t\t\t<div class=\"col-lg-6\">\n\t\t\t\t<div class=\"text-image__content\">\n\t\t\t\t\t\t\t\t\t\t<div class=\"fw-semibold lh-xs fs-20 fs-lg-32 ls--25 mb-5\">Hotel Molitor Paris MGallery<\/div>\n\t\t\t\t\t\t\t\t\t\t\t\t\t\t\t<div class=\"fs-wysiwyg\">\n\t\t\t\t\t\t<p><b>Un excepcional punto de vista<\/b><\/p>\n<p><span style=\"font-weight: 400;\">Hotel cinco estrellas en el distrito 16 de Par\u00eds, el <a href=\"https:\/\/myallmeeting.com\/fr\/hotel\/7326-molitor-hotel-spa-paris-mgallery-collection\/\">Molitor MGallery<\/a> es ante todo <\/span><b>un sitio parisino excepcional,<\/b><span style=\"font-weight: 400;\"> con su famosa piscina de los a\u00f1os 20, clasificada como Monumento Hist\u00f3rico. <\/span><b>Tambi\u00e9n es el sitio del refinamiento y el lujo a la francesa.<\/b><span style=\"font-weight: 400;\"> Este establecimiento situado alrededor de sus dos piscinas ofrece 117 habitaciones y siete suites con un dise\u00f1o sobrio y refinado, acceso a dos piscinas climatizadas a 28\u00b0 durante todo el a\u00f1o, un spa y dos restaurantes.<\/span><\/p>\n<p><span style=\"font-weight: 400;\">Y si quieres tomar un poco de aire fresco, un poco de sol\u2026 y algo de altura, <\/span><b>dir\u00edgete a la azotea privada, <\/b><span style=\"font-weight: 400;\"> que puede albergar hasta 120 personas. <\/span><b>\u00a1La vista de las piscinas, la Torre Eiffel y de los tejados de Par\u00eds es m\u00e1gica!<\/b><\/p>\n<p><span style=\"font-weight: 400;\">Descubre tambi\u00e9n tejados incre\u00edbles y \u00fanicos en provincia <\/span><a href=\"https:\/\/myallmeeting.com\/fr\/non-classifiee\/selection-rooftops-accor-soirees-estivales\/\"><b>en este informe especializado.<\/b><\/a><\/p>\n\t\t\t\t\t<\/div>\n\t\t\t\t\t\t\t\t\t<\/div>\n\t\t\t<\/div>        \n\t\t<\/div>\n\t<\/div>\n<\/div>\n<!-- END OF : Composant : block-periscope-theme-section-composant-33-texte-image.php -->\n\n\n<!-- START OF : Composant : block-periscope-theme-section-composant-33-texte-image.php -->\n<div class=\"text-image fs-wysiwyg mb-8 mb-lg-12\" data-component=\"33-texte-image\">\n\t<div class=\"container-fluid\" style=\"--bs-gutter-x: 0\">\n\t\t<div class=\"row\" style=\"--bs-gutter-x: 0\">\n\t\t\t\t\t\t<div class=\"col-lg-6 mb-7 mb-lg-0\">\n\t\t\t\t<img decoding=\"async\" src=\"https:\/\/www.myallmeeting.com\/wp-content\/uploads\/2021\/05\/Ibis-Styles-Paris-Bercy-3-953x600.jpg\" width=\"953\" height=\"600\" alt=\"rooftop privatisable paris\" loading=\"lazy\" class=\"w-100\" \/>\n\t\t\t<\/div>\n\t\t\t\t\t\t<div class=\"col-lg-6\">\n\t\t\t\t<div class=\"text-image__content\">\n\t\t\t\t\t\t\t\t\t\t<div class=\"fw-semibold lh-xs fs-20 fs-lg-32 ls--25 mb-5\">Ibis Styles Paris Bercy<\/div>\n\t\t\t\t\t\t\t\t\t\t\t\t\t\t\t<div class=\"fs-wysiwyg\">\n\t\t\t\t\t\t<p><b>Un rooftop dans le vent<\/b><\/p>\n<p><span style=\"font-weight: 400;\">\u00c0 l\u2019h\u00f4tel <a href=\"https:\/\/myallmeeting.com\/fr\/hotel\/0941-ibis-styles-paris-bercy\/\">Ibis Styles Paris Bercy<\/a>, les ma\u00eetres-mots sont les suivants\u00a0:\u00a0<\/span><b>convivialit\u00e9 et simplicit\u00e9.<\/b><span style=\"font-weight: 400;\">\u00a0Au c\u0153ur de Bercy Village, \u00e0 deux pas de l\u2019Accor Arena et de la gare de Lyon, \u00e0 10 min en m\u00e9tro du centre de la capitale,\u00a0<\/span><b>sa situation est id\u00e9ale.<\/b><span style=\"font-weight: 400;\">\u00a0Mention sp\u00e9ciale pour son design, l\u2019\u0153uvre de plusieurs artistes de <\/span><i><span style=\"font-weight: 400;\">street art<\/span><\/i><span style=\"font-weight: 400;\"> europ\u00e9ens qui booste la cr\u00e9ativit\u00e9 et inspire la bonne humeur !\u00a0<\/span><\/p>\n<p><span style=\"font-weight: 400;\">C\u00f4t\u00e9 d\u00e9tente, le rooftop de l\u2019\u00e9tablissement est unique : un espace de travail et de d\u00e9tente \u00e0 part enti\u00e8re de 1 000 m<\/span><span style=\"font-weight: 400;\">2<\/span><span style=\"font-weight: 400;\">\u00a0qui donne sur le parc de Bercy. Au programme, c<\/span><b>ocktail, d\u00eener \u00ab\u00a0food truck\u00a0\u00bb, afterwork.<\/b><span style=\"font-weight: 400;\">\u00a0L\u2019ambiance est conviviale, cool et branch\u00e9e\u00a0!<\/span><\/p>\n\t\t\t\t\t<\/div>\n\t\t\t\t\t\t\t\t\t<\/div>\n\t\t\t<\/div>        \n\t\t<\/div>\n\t<\/div>\n<\/div>\n<!-- END OF : Composant : block-periscope-theme-section-composant-33-texte-image.php -->\n\n\n<!-- START OF : Composant : block-periscope-theme-section-composant-33-texte-image.php -->\n<!-- INVERSE -->\n<div class=\"text-image fs-wysiwyg mb-8 mb-lg-12\" data-component=\"33-texte-image\" data-reverse=\"oui\">\n\t<div class=\"container-fluid\" style=\"--bs-gutter-x: 0\">\n\t\t<div class=\"row\" style=\"--bs-gutter-x: 0\">\n\t\t\t<div class=\"col-lg-6\">\n\t\t\t\t<div class=\"text-image__content\">\n\t\t\t\t\t\t\t\t\t\t<div class=\"fw-semibold lh-xs fs-20 fs-lg-32 ls--25 mb-5\">Mercure Paris Montmartre Sacr\u00e9-C\u0153ur<\/div>\n\t\t\t\t\t\t\t\t\t\t\t\t\t\t\t<div class=\"fs-wysiwyg\">\n\t\t\t\t\t\t<p><b>Un petit coin de paradis<\/b><\/p>\n<p><b>Situ\u00e9 au c\u0153ur de la vie parisienne la plus intense\u00a0<\/b><span style=\"font-weight: 400;\">(\u00e0 c\u00f4t\u00e9 du Sacr\u00e9-C\u0153ur, tout proche des Grands Magasins, de Pigalle et du Moulin Rouge), l\u2019h\u00f4tel 4 \u00e9toiles <a href=\"https:\/\/myallmeeting.com\/fr\/hotel\/0373-hotel-mercure-paris-montmartre-sacre-coeur\/\">Mercure Paris Montmartre Sacr\u00e9-C\u0153ur<\/a> offre depuis ses chambres\u00a0<\/span><b>une vue imprenable sur la basilique et la Tour Eiffel !<\/b><\/p>\n<p><span style=\"font-weight: 400;\">Mais son charme secret, c\u2019est sa <\/span><b>terrasse en rooftop<\/b> <b>\u00e0 Paris<\/b><span style=\"font-weight: 400;\">\u00a0:\u00a0<\/span><b>un lieu de d\u00e9tente privil\u00e9gi\u00e9<\/b><span style=\"font-weight: 400;\">\u00a0pour profiter, de jour comme de nuit, du calme et de la fra\u00eecheur au milieu du tumulte urbain. Qu\u2019il s\u2019agisse de boire un verre entre coll\u00e8gues ou de se ressourcer,\u00a0<\/span><b>le vrai luxe d\u2019un moment de bien-\u00eatre !<\/b><\/p>\n\t\t\t\t\t<\/div>\n\t\t\t\t\t\t\t\t\t<\/div>\n\t\t\t<\/div>    \n\t\t\t    \n\t\t\t<div class=\"col-lg-6 order-first order-lg-last mb-7 mb-lg-0\">\n\t\t\t\t<img decoding=\"async\" src=\"https:\/\/www.myallmeeting.com\/wp-content\/uploads\/2021\/05\/Mercure-Paris-Montmartre-Sacre-Coeur-3-953x600.jpg\" width=\"953\" height=\"600\" alt=\"rooftop privatisable paris\" loading=\"lazy\" class=\"w-100\" \/>\n\t\t\t<\/div>\n\t\t\t\t\t<\/div>\n\t<\/div>\n<\/div>\n<!-- END OF : Composant : block-periscope-theme-section-composant-33-texte-image.php -->\n\n\n<!-- START OF : Composant : block-periscope-theme-section-composant-33-texte-image.php -->\n<div class=\"text-image fs-wysiwyg mb-8 mb-lg-12\" data-component=\"33-texte-image\">\n\t<div class=\"container-fluid\" style=\"--bs-gutter-x: 0\">\n\t\t<div class=\"row\" style=\"--bs-gutter-x: 0\">\n\t\t\t\t\t\t<div class=\"col-lg-6 mb-7 mb-lg-0\">\n\t\t\t\t<img decoding=\"async\" src=\"https:\/\/www.myallmeeting.com\/wp-content\/uploads\/2021\/05\/Mama-paris-West-953x600.jpg\" width=\"953\" height=\"600\" alt=\"rooftop privatisable paris\" loading=\"lazy\" class=\"w-100\" \/>\n\t\t\t<\/div>\n\t\t\t\t\t\t<div class=\"col-lg-6\">\n\t\t\t\t<div class=\"text-image__content\">\n\t\t\t\t\t\t\t\t\t\t<div class=\"fw-semibold lh-xs fs-20 fs-lg-32 ls--25 mb-5\">Mama Shelter Paris West <\/div>\n\t\t\t\t\t\t\t\t\t\t\t\t\t\t\t<div class=\"fs-wysiwyg\">\n\t\t\t\t\t\t<p><b>Un nid par-dessus les toits<\/b><\/p>\n<p><span style=\"font-weight: 400;\">V<\/span><b>ous \u00eates chez vous, chez Mama.<\/b><span style=\"font-weight: 400;\">\u00a0Dans <a href=\"https:\/\/myallmeeting.com\/es\/hotel\/b1c3-mama-shelter-paris-west-ouverture-decembre-2019\/\">son h\u00f4tel de la Porte de Versailles<\/a>, des chambres contemporaines et ultraconfortables sign\u00e9es Dion &amp; Arles (les c\u00e9l\u00e8bres d\u00e9corateurs d\u2019int\u00e9rieur), une literie 5 \u00e9toiles, des produits de soin bio,\u00a0<\/span><b>une restauration faite maison et un personnel aux petits soins.<\/b><\/p>\n<p><span style=\"font-weight: 400;\">Cerise sur le g\u00e2teau,\u00a0<\/span><b>ce cocon urbain<\/b><span style=\"font-weight: 400;\">\u00a0comporte aussi un rooftop avec vue panoramique sur les toits de la capitale. Plusieurs espaces ext\u00e9rieurs et int\u00e9rieurs ont \u00e9t\u00e9 pr\u00e9vus pour profiter du moment quelle que soit la m\u00e9t\u00e9o.\u00a0<\/span><b>Au menu\u00a0: pizza, petit-d\u00e9jeuner, cocktail et si le c\u0153ur vous en dit, ping-pong\u00a0!<\/b><\/p>\n\t\t\t\t\t<\/div>\n\t\t\t\t\t\t\t\t\t<\/div>\n\t\t\t<\/div>        \n\t\t<\/div>\n\t<\/div>\n<\/div>\n<!-- END OF : Composant : block-periscope-theme-section-composant-33-texte-image.php -->\n\n\n<!-- START OF : Composant : block-periscope-theme-section-composant-33-texte-image.php -->\n<!-- INVERSE -->\n<div class=\"text-image fs-wysiwyg mb-8 mb-lg-12\" data-component=\"33-texte-image\" data-reverse=\"oui\">\n\t<div class=\"container-fluid\" style=\"--bs-gutter-x: 0\">\n\t\t<div class=\"row\" style=\"--bs-gutter-x: 0\">\n\t\t\t<div class=\"col-lg-6\">\n\t\t\t\t<div class=\"text-image__content\">\n\t\t\t\t\t\t\t\t\t\t<div class=\"fw-semibold lh-xs fs-20 fs-lg-32 ls--25 mb-5\">Pullman Paris Montparnasse<\/div>\n\t\t\t\t\t\t\t\t\t\t\t\t\t\t\t<div class=\"fs-wysiwyg\">\n\t\t\t\t\t\t<p><b>Une exp\u00e9rience panoramique<\/b><\/p>\n<p><span style=\"font-weight: 400;\">A<\/span><b>u c\u0153ur d\u2019un quartier lui-m\u00eame en compl\u00e8te modernisation,<\/b><span style=\"font-weight: 400;\">\u00a0<a href=\"https:\/\/myallmeeting.com\/fr\/hotel\/8189-pullman-paris-montparnasse\/\">ce c\u00e9l\u00e8bre h\u00f4tel<\/a> d\u2019affaires propose derri\u00e8re sa fa\u00e7ade vitr\u00e9e le luxe de 957 chambres r\u00e9nov\u00e9es.\u00a0<\/span><b>5 000 m\u00b2\u00a0d\u2019espaces sont d\u00e9di\u00e9s aux \u00e9v\u00e9nements et aux r\u00e9unions<\/b><span style=\"font-weight: 400;\">\u00a0dont plusieurs de tr\u00e8s grande capacit\u00e9 (une salle pl\u00e9ni\u00e8re de\u00a0<\/span><b>742 m\u00b2,<\/b><span style=\"font-weight: 400;\">\u00a0avec une hauteur sous plafond de 7 m\u00e8tres).<\/span><\/p>\n<p><b>Le rooftop, qui domine Paris du haut de son 32<\/b><b>e<\/b><b>\u00a0et dernier \u00e9tage,<\/b><span style=\"font-weight: 400;\">\u00a0est \u00e0 la mesure de cet immense h\u00f4tel : des vues spectaculaires sur toute la Ville-Lumi\u00e8re ! Pour des d\u00e9jeuners ou d\u00eeners business inspirants\u2026<\/span><\/p>\n\t\t\t\t\t<\/div>\n\t\t\t\t\t\t\t\t\t<\/div>\n\t\t\t<\/div>    \n\t\t\t    \n\t\t\t<div class=\"col-lg-6 order-first order-lg-last mb-7 mb-lg-0\">\n\t\t\t\t<img decoding=\"async\" src=\"https:\/\/www.myallmeeting.com\/wp-content\/uploads\/2021\/05\/6409-72-953x600.jpg\" width=\"953\" height=\"600\" alt=\"rooftop privatisable paris\" loading=\"lazy\" class=\"w-100\" \/>\n\t\t\t<\/div>\n\t\t\t\t\t<\/div>\n\t<\/div>\n<\/div>\n<!-- END OF : Composant : block-periscope-theme-section-composant-33-texte-image.php -->\n\n\n<!-- START OF : Composant : block-periscope-theme-section-composant-33-texte-image.php -->\n<div class=\"text-image fs-wysiwyg mb-8 mb-lg-12\" data-component=\"33-texte-image\">\n\t<div class=\"container-fluid\" style=\"--bs-gutter-x: 0\">\n\t\t<div class=\"row\" style=\"--bs-gutter-x: 0\">\n\t\t\t\t\t\t<div class=\"col-lg-6 mb-7 mb-lg-0\">\n\t\t\t\t<img decoding=\"async\" src=\"https:\/\/www.myallmeeting.com\/wp-content\/uploads\/2021\/05\/Hotel-Molitor-Paris-MGallery-8-953x600.jpg\" width=\"953\" height=\"600\" alt=\"rooftop privatisable paris\" loading=\"lazy\" class=\"w-100\" \/>\n\t\t\t<\/div>\n\t\t\t\t\t\t<div class=\"col-lg-6\">\n\t\t\t\t<div class=\"text-image__content\">\n\t\t\t\t\t\t\t\t\t\t<div class=\"fw-semibold lh-xs fs-20 fs-lg-32 ls--25 mb-5\">H\u00f4tel Molitor Paris MGallery<\/div>\n\t\t\t\t\t\t\t\t\t\t\t\t\t\t\t<div class=\"fs-wysiwyg\">\n\t\t\t\t\t\t<p><b>Point de vue d\u2019exception<\/b><\/p>\n<p><span style=\"font-weight: 400;\">H\u00f4tel 5 \u00e9toiles du 16<\/span><span style=\"font-weight: 400;\">e<\/span><span style=\"font-weight: 400;\">\u00a0arrondissement de Paris, le <a href=\"https:\/\/myallmeeting.com\/fr\/hotel\/7326-molitor-hotel-spa-paris-mgallery-collection\/\">Molitor MGallery<\/a>, c\u2019est d\u2019abord\u00a0<\/span><b>un site parisien exceptionnel<\/b><span style=\"font-weight: 400;\">, celui de la c\u00e9l\u00e8bre piscine des ann\u00e9es 1920, class\u00e9e aux Monuments Historiques.\u00a0<\/span><b>C\u2019est aussi tout le raffinement et le luxe \u00e0 la fran\u00e7aise.<\/b><span style=\"font-weight: 400;\">\u00a0L\u2019\u00e9tablissement, implant\u00e9 autour des deux bassins, propose 117 chambres et 7 suites au design sobre et \u00e9pur\u00e9, l\u2019acc\u00e8s aux deux piscines chauff\u00e9es \u00e0 28\u00b0 tout au long de l\u2019ann\u00e9e, un spa, deux restaurants.<\/span><\/p>\n<p><span style=\"font-weight: 400;\">Si l\u2019on souhaite prendre l\u2019air, le soleil\u2026 et de la hauteur,\u00a0<\/span><b>direction le rooftop privatisable,<\/b><span style=\"font-weight: 400;\">\u00a0qui peut accueillir jusqu\u2019\u00e0 120 personnes.\u00a0<\/span><b>La vue sur les piscines, la Tour Eiffel et les toits de Paris est magique !<\/b><\/p>\n<p>&nbsp;<\/p>\n<p><span style=\"font-weight: 400;\">D\u00e9couvrez \u00e9galement d\u2019incroyables et uniques rooftops en province\u00a0<\/span><a href=\"https:\/\/myallmeeting.com\/es\/non-classifiee\/selection-rooftops-accor-soirees-estivales\/\"><b>dans ce reportage d\u00e9di\u00e9 !<\/b><\/a><\/p>\n\t\t\t\t\t<\/div>\n\t\t\t\t\t\t\t\t\t<\/div>\n\t\t\t<\/div>        \n\t\t<\/div>\n\t<\/div>\n<\/div>\n<!-- END OF : Composant : block-periscope-theme-section-composant-33-texte-image.php -->\n","protected":false},"excerpt":{"rendered":"","protected":false},"featured_media":15964834,"menu_order":0,"template":"","periscope_categorie_tax":[3552],"class_list":["post-16036459","article","type-article","status-publish","has-post-thumbnail","hentry","periscope_categorie_tax-tous-nos-tops-selections-es"],"acf":[],"yoast_head":"<title>\u00a1Nuestras instalaciones con azotea en Par\u00eds! - Accor MyAllMeeting.com<\/title>\n<meta name=\"robots\" content=\"index, follow, max-snippet:-1, max-image-preview:large, max-video-preview:-1\" \/>\n<link rel=\"canonical\" href=\"https:\/\/www.myallmeeting.com\/es\/wp-json\/wp\/v2\/article\/16036459\" \/>\n<meta property=\"og:locale\" content=\"es_ES\" \/>\n<meta property=\"og:type\" content=\"article\" \/>\n<meta property=\"og:title\" content=\"\u00a1Nuestras instalaciones con azotea en Par\u00eds! - Accor MyAllMeeting.com\" \/>\n<meta property=\"og:url\" content=\"https:\/\/www.myallmeeting.com\/es\/article\/nuestras-instalaciones-con-azotea-en-paris\/\" \/>\n<meta property=\"og:site_name\" content=\"Accor MyAllMeeting.com\" \/>\n<meta property=\"article:modified_time\" content=\"2024-07-22T14:36:23+00:00\" \/>\n<meta property=\"og:image\" content=\"http:\/\/myallmeeting.com\/wp-content\/uploads\/2021\/05\/Paris-aerial-view.png\" \/>\n\t<meta property=\"og:image:width\" content=\"1920\" \/>\n\t<meta property=\"og:image:height\" content=\"570\" \/>\n\t<meta property=\"og:image:type\" content=\"image\/png\" \/>\n<meta name=\"twitter:card\" content=\"summary_large_image\" \/>\n<meta name=\"twitter:label1\" content=\"Est. reading time\" \/>\n\t<meta name=\"twitter:data1\" content=\"10 minutes\" \/>\n<script type=\"application\/ld+json\" class=\"yoast-schema-graph\">{\"@context\":\"https:\/\/schema.org\",\"@graph\":[{\"@type\":\"WebPage\",\"@id\":\"https:\/\/www.myallmeeting.com\/es\/article\/nuestras-instalaciones-con-azotea-en-paris\/\",\"url\":\"https:\/\/www.myallmeeting.com\/es\/article\/nuestras-instalaciones-con-azotea-en-paris\/\",\"name\":\"\u00a1Nuestras instalaciones con azotea en Par\u00eds! - Accor MyAllMeeting.com\",\"isPartOf\":{\"@id\":\"https:\/\/www.myallmeeting.com\/es\/#website\"},\"primaryImageOfPage\":{\"@id\":\"https:\/\/www.myallmeeting.com\/es\/article\/nuestras-instalaciones-con-azotea-en-paris\/#primaryimage\"},\"image\":{\"@id\":\"https:\/\/www.myallmeeting.com\/es\/article\/nuestras-instalaciones-con-azotea-en-paris\/#primaryimage\"},\"thumbnailUrl\":\"https:\/\/www.myallmeeting.com\/wp-content\/uploads\/2021\/05\/Paris-aerial-view.png\",\"datePublished\":\"2021-05-18T09:23:22+00:00\",\"dateModified\":\"2024-07-22T14:36:23+00:00\",\"breadcrumb\":{\"@id\":\"https:\/\/www.myallmeeting.com\/es\/article\/nuestras-instalaciones-con-azotea-en-paris\/#breadcrumb\"},\"inLanguage\":\"es-ES\",\"potentialAction\":[{\"@type\":\"ReadAction\",\"target\":[\"https:\/\/www.myallmeeting.com\/es\/article\/nuestras-instalaciones-con-azotea-en-paris\/\"]}]},{\"@type\":\"ImageObject\",\"inLanguage\":\"es-ES\",\"@id\":\"https:\/\/www.myallmeeting.com\/es\/article\/nuestras-instalaciones-con-azotea-en-paris\/#primaryimage\",\"url\":\"https:\/\/www.myallmeeting.com\/wp-content\/uploads\/2021\/05\/Paris-aerial-view.png\",\"contentUrl\":\"https:\/\/www.myallmeeting.com\/wp-content\/uploads\/2021\/05\/Paris-aerial-view.png\",\"width\":1920,\"height\":570},{\"@type\":\"BreadcrumbList\",\"@id\":\"https:\/\/www.myallmeeting.com\/es\/article\/nuestras-instalaciones-con-azotea-en-paris\/#breadcrumb\",\"itemListElement\":[{\"@type\":\"ListItem\",\"position\":1,\"name\":\"P\u00e1gina principal\",\"item\":\"https:\/\/myallmeeting.com\/es\/\"},{\"@type\":\"ListItem\",\"position\":2,\"name\":\"Noticias\",\"item\":\"https:\/\/www.myallmeeting.com\/es\/noticias\/\"},{\"@type\":\"ListItem\",\"position\":3,\"name\":\"\u00a1Nuestras instalaciones con azotea en Par\u00eds!\"}]},{\"@type\":\"WebSite\",\"@id\":\"https:\/\/www.myallmeeting.com\/es\/#website\",\"url\":\"https:\/\/www.myallmeeting.com\/es\/\",\"name\":\"Accor MyAllMeeting.com\",\"description\":\"Les Meilleurs lieux pour vos Ev\u00e9nements Professionnels\",\"publisher\":{\"@id\":\"https:\/\/www.myallmeeting.com\/es\/#organization\"},\"potentialAction\":[{\"@type\":\"SearchAction\",\"target\":{\"@type\":\"EntryPoint\",\"urlTemplate\":\"https:\/\/www.myallmeeting.com\/es\/?s={search_term_string}\"},\"query-input\":{\"@type\":\"PropertyValueSpecification\",\"valueRequired\":true,\"valueName\":\"search_term_string\"}}],\"inLanguage\":\"es-ES\"},{\"@type\":\"Organization\",\"@id\":\"https:\/\/www.myallmeeting.com\/es\/#organization\",\"name\":\"ACCOR\",\"url\":\"https:\/\/www.myallmeeting.com\/es\/\",\"logo\":{\"@type\":\"ImageObject\",\"inLanguage\":\"es-ES\",\"@id\":\"https:\/\/www.myallmeeting.com\/es\/#\/schema\/logo\/image\/\",\"url\":\"\",\"contentUrl\":\"\",\"caption\":\"ACCOR\"},\"image\":{\"@id\":\"https:\/\/www.myallmeeting.com\/es\/#\/schema\/logo\/image\/\"}}]}<\/script>","yoast_head_json":{"title":"\u00a1Nuestras instalaciones con azotea en Par\u00eds! - Accor MyAllMeeting.com","robots":{"index":"index","follow":"follow","max-snippet":"max-snippet:-1","max-image-preview":"max-image-preview:large","max-video-preview":"max-video-preview:-1"},"canonical":"https:\/\/www.myallmeeting.com\/es\/wp-json\/wp\/v2\/article\/16036459","og_locale":"es_ES","og_type":"article","og_title":"\u00a1Nuestras instalaciones con azotea en Par\u00eds! - Accor MyAllMeeting.com","og_url":"https:\/\/www.myallmeeting.com\/es\/article\/nuestras-instalaciones-con-azotea-en-paris\/","og_site_name":"Accor MyAllMeeting.com","article_modified_time":"2024-07-22T14:36:23+00:00","og_image":[{"width":1920,"height":570,"url":"http:\/\/myallmeeting.com\/wp-content\/uploads\/2021\/05\/Paris-aerial-view.png","type":"image\/png"}],"twitter_card":"summary_large_image","twitter_misc":{"Est. reading time":"10 minutes"},"schema":{"@context":"https:\/\/schema.org","@graph":[{"@type":"WebPage","@id":"https:\/\/www.myallmeeting.com\/es\/article\/nuestras-instalaciones-con-azotea-en-paris\/","url":"https:\/\/www.myallmeeting.com\/es\/article\/nuestras-instalaciones-con-azotea-en-paris\/","name":"\u00a1Nuestras instalaciones con azotea en Par\u00eds! - Accor MyAllMeeting.com","isPartOf":{"@id":"https:\/\/www.myallmeeting.com\/es\/#website"},"primaryImageOfPage":{"@id":"https:\/\/www.myallmeeting.com\/es\/article\/nuestras-instalaciones-con-azotea-en-paris\/#primaryimage"},"image":{"@id":"https:\/\/www.myallmeeting.com\/es\/article\/nuestras-instalaciones-con-azotea-en-paris\/#primaryimage"},"thumbnailUrl":"https:\/\/www.myallmeeting.com\/wp-content\/uploads\/2021\/05\/Paris-aerial-view.png","datePublished":"2021-05-18T09:23:22+00:00","dateModified":"2024-07-22T14:36:23+00:00","breadcrumb":{"@id":"https:\/\/www.myallmeeting.com\/es\/article\/nuestras-instalaciones-con-azotea-en-paris\/#breadcrumb"},"inLanguage":"es-ES","potentialAction":[{"@type":"ReadAction","target":["https:\/\/www.myallmeeting.com\/es\/article\/nuestras-instalaciones-con-azotea-en-paris\/"]}]},{"@type":"ImageObject","inLanguage":"es-ES","@id":"https:\/\/www.myallmeeting.com\/es\/article\/nuestras-instalaciones-con-azotea-en-paris\/#primaryimage","url":"https:\/\/www.myallmeeting.com\/wp-content\/uploads\/2021\/05\/Paris-aerial-view.png","contentUrl":"https:\/\/www.myallmeeting.com\/wp-content\/uploads\/2021\/05\/Paris-aerial-view.png","width":1920,"height":570},{"@type":"BreadcrumbList","@id":"https:\/\/www.myallmeeting.com\/es\/article\/nuestras-instalaciones-con-azotea-en-paris\/#breadcrumb","itemListElement":[{"@type":"ListItem","position":1,"name":"P\u00e1gina principal","item":"https:\/\/myallmeeting.com\/es\/"},{"@type":"ListItem","position":2,"name":"Noticias","item":"https:\/\/www.myallmeeting.com\/es\/noticias\/"},{"@type":"ListItem","position":3,"name":"\u00a1Nuestras instalaciones con azotea en Par\u00eds!"}]},{"@type":"WebSite","@id":"https:\/\/www.myallmeeting.com\/es\/#website","url":"https:\/\/www.myallmeeting.com\/es\/","name":"Accor MyAllMeeting.com","description":"Les Meilleurs lieux pour vos Ev\u00e9nements Professionnels","publisher":{"@id":"https:\/\/www.myallmeeting.com\/es\/#organization"},"potentialAction":[{"@type":"SearchAction","target":{"@type":"EntryPoint","urlTemplate":"https:\/\/www.myallmeeting.com\/es\/?s={search_term_string}"},"query-input":{"@type":"PropertyValueSpecification","valueRequired":true,"valueName":"search_term_string"}}],"inLanguage":"es-ES"},{"@type":"Organization","@id":"https:\/\/www.myallmeeting.com\/es\/#organization","name":"ACCOR","url":"https:\/\/www.myallmeeting.com\/es\/","logo":{"@type":"ImageObject","inLanguage":"es-ES","@id":"https:\/\/www.myallmeeting.com\/es\/#\/schema\/logo\/image\/","url":"","contentUrl":"","caption":"ACCOR"},"image":{"@id":"https:\/\/www.myallmeeting.com\/es\/#\/schema\/logo\/image\/"}}]}},"_links":{"self":[{"href":"https:\/\/www.myallmeeting.com\/es\/wp-json\/wp\/v2\/article\/16036459","targetHints":{"allow":["GET"]}}],"collection":[{"href":"https:\/\/www.myallmeeting.com\/es\/wp-json\/wp\/v2\/article"}],"about":[{"href":"https:\/\/www.myallmeeting.com\/es\/wp-json\/wp\/v2\/types\/article"}],"wp:featuredmedia":[{"embeddable":true,"href":"https:\/\/www.myallmeeting.com\/es\/wp-json\/wp\/v2\/media\/15964834"}],"wp:attachment":[{"href":"https:\/\/www.myallmeeting.com\/es\/wp-json\/wp\/v2\/media?parent=16036459"}],"wp:term":[{"taxonomy":"periscope_categorie_tax","embeddable":true,"href":"https:\/\/www.myallmeeting.com\/es\/wp-json\/wp\/v2\/periscope_categorie_tax?post=16036459"}],"curies":[{"name":"wp","href":"https:\/\/api.w.org\/{rel}","templated":true}]}}